{"id":400545,"date":"2017-04-27T08:31:27","date_gmt":"2017-04-27T06:31:27","guid":{"rendered":"http:\/\/vincentians.com\/es\/?p=400545"},"modified":"2017-01-08T11:32:48","modified_gmt":"2017-01-08T10:32:48","slug":"teologia-la-caridad-segun-san-vicente-iii","status":"publish","type":"post","link":"https:\/\/vincentians.com\/es\/teologia-la-caridad-segun-san-vicente-iii\/","title":{"rendered":"Teolog\u00eda de la Caridad seg\u00fan san Vicente (III)"},"content":{"rendered":"<p><img data-recalc-dims=\"1\" loading=\"lazy\" decoding=\"async\" data-attachment-id=\"399998\" data-permalink=\"https:\/\/vincentians.com\/es\/carisma-vicenciano-la-nueva-evangelizacion-algunas-claves-vicencianas-la-evangelizacion-actual\/enviados-evangelizar-pobres\/\" data-orig-file=\"https:\/\/i0.wp.com\/vincentians.com\/es\/wp-content\/uploads\/sites\/11\/2016\/09\/enviados-evangelizar-pobres.jpg?fit=1200%2C630&amp;ssl=1\" data-orig-size=\"1200,630\" data-comments-opened=\"1\" data-image-meta=\"{&quot;aperture&quot;:&quot;0&quot;,&quot;credit&quot;:&quot;&quot;,&quot;camera&quot;:&quot;&quot;,&quot;caption&quot;:&quot;&quot;,&quot;created_timestamp&quot;:&quot;0&quot;,&quot;copyright&quot;:&quot;&quot;,&quot;focal_length&quot;:&quot;0&quot;,&quot;iso&quot;:&quot;0&quot;,&quot;shutter_speed&quot;:&quot;0&quot;,&quot;title&quot;:&quot;&quot;,&quot;orientation&quot;:&quot;1&quot;}\" data-image-title=\"enviados-evangelizar-pobres\" data-image-description=\"\" data-image-caption=\"\" data-large-file=\"https:\/\/i0.wp.com\/vincentians.com\/es\/wp-content\/uploads\/sites\/11\/2016\/09\/enviados-evangelizar-pobres.jpg?fit=846%2C444&amp;ssl=1\" class=\"alignnone size-medium wp-image-399998 alignleft\" src=\"https:\/\/i0.wp.com\/vincentians.com\/es\/wp-content\/uploads\/sites\/11\/2016\/09\/enviados-evangelizar-pobres.jpg?resize=300%2C158\" alt=\"\" width=\"300\" height=\"158\" srcset=\"https:\/\/i0.wp.com\/vincentians.com\/es\/wp-content\/uploads\/sites\/11\/2016\/09\/enviados-evangelizar-pobres.jpg?resize=300%2C158&amp;ssl=1 300w, https:\/\/i0.wp.com\/vincentians.com\/es\/wp-content\/uploads\/sites\/11\/2016\/09\/enviados-evangelizar-pobres.jpg?resize=768%2C403&amp;ssl=1 768w, https:\/\/i0.wp.com\/vincentians.com\/es\/wp-content\/uploads\/sites\/11\/2016\/09\/enviados-evangelizar-pobres.jpg?resize=1024%2C538&amp;ssl=1 1024w, https:\/\/i0.wp.com\/vincentians.com\/es\/wp-content\/uploads\/sites\/11\/2016\/09\/enviados-evangelizar-pobres.jpg?resize=100%2C53&amp;ssl=1 100w, https:\/\/i0.wp.com\/vincentians.com\/es\/wp-content\/uploads\/sites\/11\/2016\/09\/enviados-evangelizar-pobres.jpg?resize=846%2C444&amp;ssl=1 846w, https:\/\/i0.wp.com\/vincentians.com\/es\/wp-content\/uploads\/sites\/11\/2016\/09\/enviados-evangelizar-pobres.jpg?resize=1004%2C527&amp;ssl=1 1004w, https:\/\/i0.wp.com\/vincentians.com\/es\/wp-content\/uploads\/sites\/11\/2016\/09\/enviados-evangelizar-pobres.jpg?w=1200&amp;ssl=1 1200w\" sizes=\"auto, (max-width: 300px) 100vw, 300px\" \/>ESTRUCTURA FUNDAMENTAL DE LA CARIDAD EVANGELICA<\/p>\n<p>Aunque no existe, en sentido estricto, una teolog\u00eda y una filosof\u00eda de la caridad, sin embargo, es evidente que ciertas fi\u00adlosof\u00edas, como el materialismo, excluyen el ejercicio de la ca\u00adridad y que algunas teolog\u00edas desconocen el car\u00e1cter primordial de la caridad, su aspecto divino, confin\u00e1ndola a funciones su\u00adbalternas. Sean cuales fueren los esfuerzos de estas teolog\u00edas ali\u00admentadas de kantismo, de aristotelismo, de marxismo, de exis\u00adtencialismo, o de estructuralismo, su poder se reducir\u00e1 a la eclosi\u00f3n de un altruismo sentimental, impregnado de cordialidad, pero h\u00famedo, poroso y an\u00e9mico.<\/p>\n<p>\u00bfCu\u00e1les son, pues, las estructuras o las subestructuras filos\u00f3\u00adficas y teol\u00f3gicas que condicionan m\u00e1s favorablemente la exis\u00adtencia, la expresi\u00f3n, el desarrollo de la caridad de Jes\u00fas a tra\u00adv\u00e9s de los hombres? Como lo proclamaba Bossuet a prop\u00f3sito del quietismo, vemos ahora que, en esta cuesti\u00f3n, est\u00e1 en juego toda la religi\u00f3n.<\/p>\n<p>Por mor de la claridad y de la brevedad, reducir\u00e9 estas bases, que encontraremos de nuevo en la ense\u00f1anza vicenciana, a tres grandes polos.<\/p>\n<p><em>\u00abOntolog\u00eda de Dios\u00bb<\/em><\/p>\n<p>Nos es necesario partir de San Juan. Dios no <em>es <\/em>una abstracci\u00f3n, un arquetipo, ni un amor, sino el amor mismo. El Antiguo Testamento pudo presentir que el amor, sien\u00addo el gran mandamiento, deb\u00eda ser la \u00abdefinici\u00f3n\u00bb m\u00e1s exacta de Dios. Pero no se trataba m\u00e1s que de un lenguaje creado para el hombre, de la transposici\u00f3n de una cierta categor\u00eda de im\u00e1genes&#8230; con algunos peligros. En Jesucristo, en el Nuevo Testamento,&#8230; Dios nos ha dado la prueba decisiva, exenta de todo equ\u00edvoco. El acontecimiento del que depende toda la historia del mundo es una acci\u00f3n de amor. Entregando a la muerte a su hijo que\u00adrido por nosotros, Dios nos ha probado que era AMOR para nosotros.<\/p>\n<ul>\n<li>Nos ama con el amor con el que ama a su hijo<\/li>\n<li>Nos hace capaces de amar con el amor con el que su hijo le ama.<\/li>\n<li>Nos hace part\u00edcipes del amor que une el Padre y el Hijo y que es el Esp\u00edritu Santo.<\/li>\n<li>En resumen, Dios no se define, es un misterio que se revela y en el que nos unimos progresivamente a \u00e9l.<\/li>\n<\/ul>\n<p><em>El hombre-ontolog\u00eda o antropolog\u00eda b\u00edblica<\/em><\/p>\n<p>Debemos declararlo con toda nitidez; no existe m\u00e1s que una antropolog\u00eda, la de la Revelaci\u00f3n y fuera de esta antropolog\u00eda no hay lugar m\u00e1s que para una caricatura de la caridad evan\u00adg\u00e9lica.<\/p>\n<p>La antropolog\u00eda b\u00edblica difiere radicalmente, en dos puntos, de la filosof\u00eda com\u00fan, la de ayer presentada con etiquetas aris\u00adtot\u00e9licas, la de hoy ofrecida bajo el pabell\u00f3n marxista o exis\u00adtencialista, la de ma\u00f1ana que se apoyar\u00e1 \u00fanicamente en datos perceptibles por los sentidos o la inteligencia.<\/p>\n<p>Mientras que la Psicolog\u00eda ve en el cuerpo y &#8216;en el alma los dos componentes del ser humano, la revelaci\u00f3n nos indica que el hombre es principalmente alma, en tanto que animado por el Esp\u00edritu de vida: el esp\u00edritu significa abertura a Dios, el cuerpo, el aspecto perecedero.<\/p>\n<p>Mientras que para la filosof\u00eda griega, el hombre es un microcosmo que une lo espiritual y lo material, la revelaci\u00f3n mira \u00fanicamente al hombre cara a Dios, del que es imagen. En lugar de encerrarse en un mundo natural y clausurado, ano\u00adta el P. Xavier L\u00e9on Dufour, abre la escena a dimensiones de historia cuyo principal actor es Dios, Dios que ha creado el hombre y que, para redimirlo, se ha hecho \u00e9l mismo hombre. La antropolog\u00eda, que ya est\u00e1 vinculada a una teolog\u00eda, llega a ser inseparable de una cristolog\u00eda&#8230; Un hombre nuevo ha sido revelado; primeramente Cristo en persona, pero tambi\u00e9n todo creyente en el Se\u00f1or Jes\u00fas.<\/p>\n<p>Su existencia no est\u00e1 nunca m\u00e1s esclavizada por la carne. Su entendimiento ha sido re\u00adnovado. Debe morir incesantemente al hombre viejo, sin cesar debe progresar dej\u00e1ndose invadir por la imagen \u00fanica que es Cristo.<\/p>\n<ol start=\"3\">\n<li><em>Metaf\u00edsica del amor<\/em><\/li>\n<\/ol>\n<p>Sobre este punto, no s\u00f3lo existe una diferencia de nivel, de pureza, sino tambi\u00e9n una diferencia radical y esencial entre el amor humano presentado por la filosof\u00eda griega y el amor presentado por la Revelaci\u00f3n.<\/p>\n<p>Humanamente el amor es posesi\u00f3n, captaci\u00f3n, por decirlo en t\u00e9rminos corrientes, es cazador y alcahuete. El amor seg\u00fan la revelaci\u00f3n es don incondicional al otro, es fidelidad y desin\u00adter\u00e9s. El amor, escribe Charles Wiener, revela en la cruz, de manera decisiva, su intensidad y su drama. Fue necesario que Jes\u00fas sufriese para que fuese revelada plenamente su obediencia al Padre y su amor a los suyos. Por la cruz, Dios es plenamente glorificado, el hombre Jes\u00fas y con \u00e9l la huma\u00adnidad entera merece ser amada por Dios sin reservas. Dios y el hombre participan en la unidad seg\u00fan la \u00faltima plegaria de Jes\u00fas.<\/p>\n<p>El amor inserto en el hombre le impele sin cesar a expan\u00addirse, a acrecentarse, a purificarse para universalizarse. Este amor, del que nadie puede separarse, nos urge y nos prepara al encuentro definitivo, desde el momento en que nos conozcamos como somos cono\u00adcidos.<\/p>\n<p>Estos tres polos, estos tres fundamentos: ontolog\u00eda de Dios, antropolog\u00eda y metaf\u00edsica del amor impiden que la revelaci\u00f3n se degrade en una filosof\u00eda, en una teolog\u00eda o en un sistema. Ellos le prescriben al hombre a asociarse al dinamismo creador y recreador, a la avanzadilla de Dios en el mundo. Ellos reclaman que la existencia cristiana sea epifan\u00eda de la gracia creadora y transformadora de Dios.<\/p>\n<p>ANDRE DODIN<\/p>\n","protected":false},"excerpt":{"rendered":"<p>ESTRUCTURA FUNDAMENTAL DE LA CARIDAD EVANGELICA Aunque no existe, en sentido estricto, una teolog\u00eda y una filosof\u00eda de la caridad, sin embargo, es evidente que ciertas fi\u00adlosof\u00edas, como el materialismo, excluyen el ejercicio de la &#8230; <a href=\"https:\/\/vincentians.com\/es\/teologia-la-caridad-segun-san-vicente-iii\/\" class=\"more-link\">Read More<\/a><\/p>\n","protected":false},"author":5,"featured_media":0,"comment_status":"open","ping_status":"open","sticky":false,"template":"","format":"standard","meta":{"rs_blank_template":"","rs_page_bg_color":"","slide_template_v7":"","_jetpack_newsletter_access":"","_jetpack_dont_email_post_to_subs":false,"_jetpack_newsletter_tier_id":0,"_jetpack_memberships_contains_paywalled_content":false,"_jetpack_feature_clip_id":0,"_jetpack_memberships_contains_paid_content":false,"footnotes":"","jetpack_publicize_message":"","jetpack_publicize_feature_enabled":true,"jetpack_social_post_already_shared":true,"jetpack_social_options":{"image_generator_settings":{"template":"highway","default_image_id":0,"font":"","enabled":false},"version":2},"jetpack_post_was_ever_published":false},"categories":[226],"tags":[],"class_list":["post-400545","post","type-post","status-publish","format-standard","hentry","category-espiritualidad-vicenciana","no-post-thumbnail"],"yoast_head":"<!-- This site is optimized with the Yoast SEO plugin v27.9 - https:\/\/yoast.com\/product\/yoast-seo-wordpress\/ -->\n<title>Teolog\u00eda de la Caridad seg\u00fan san Vicente (III) - Somos Vicencianos<\/title>\n<meta name=\"robots\" content=\"index, follow, max-snippet:-1, max-image-preview:large, max-video-preview:-1\" \/>\n<link rel=\"canonical\" href=\"https:\/\/vincentians.com\/es\/teologia-la-caridad-segun-san-vicente-iii\/\" \/>\n<meta property=\"og:locale\" content=\"es_ES\" \/>\n<meta property=\"og:type\" content=\"article\" \/>\n<meta property=\"og:title\" content=\"Teolog\u00eda de la Caridad seg\u00fan san Vicente (III) - Somos Vicencianos\" \/>\n<meta property=\"og:description\" content=\"ESTRUCTURA FUNDAMENTAL DE LA CARIDAD EVANGELICA Aunque no existe, en sentido estricto, una teolog\u00eda y una filosof\u00eda de la caridad, sin embargo, es evidente que ciertas fi\u00adlosof\u00edas, como el materialismo, excluyen el ejercicio de la ... Read More\" \/>\n<meta property=\"og:url\" content=\"https:\/\/vincentians.com\/es\/teologia-la-caridad-segun-san-vicente-iii\/\" \/>\n<meta property=\"og:site_name\" content=\"Somos Vicencianos\" \/>\n<meta property=\"article:publisher\" content=\"https:\/\/www.facebook.com\/WeAreVincentians\/\" \/>\n<meta property=\"article:published_time\" content=\"2017-04-27T06:31:27+00:00\" \/>\n<meta property=\"og:image\" content=\"http:\/\/vincentians.com\/es\/wp-content\/uploads\/sites\/11\/2016\/09\/enviados-evangelizar-pobres-300x158.jpg\" \/>\n<meta name=\"author\" content=\"Mitxel Olabu\u00e9naga\" \/>\n<meta name=\"twitter:card\" content=\"summary_large_image\" \/>\n<meta name=\"twitter:creator\" content=\"@WeVincentians\" \/>\n<meta name=\"twitter:site\" content=\"@WeVincentians\" \/>\n<meta name=\"twitter:label1\" content=\"Escrito por\" \/>\n\t<meta name=\"twitter:data1\" content=\"Mitxel Olabu\u00e9naga\" \/>\n\t<meta name=\"twitter:label2\" content=\"Tiempo de lectura\" \/>\n\t<meta name=\"twitter:data2\" content=\"5 minutos\" \/>\n<script type=\"application\/ld+json\" class=\"yoast-schema-graph\">{\"@context\":\"https:\\\/\\\/schema.org\",\"@graph\":[{\"@type\":\"Article\",\"@id\":\"https:\\\/\\\/vincentians.com\\\/es\\\/teologia-la-caridad-segun-san-vicente-iii\\\/#article\",\"isPartOf\":{\"@id\":\"https:\\\/\\\/vincentians.com\\\/es\\\/teologia-la-caridad-segun-san-vicente-iii\\\/\"},\"author\":{\"name\":\"Mitxel Olabu\u00e9naga\",\"@id\":\"https:\\\/\\\/vincentians.com\\\/es\\\/#\\\/schema\\\/person\\\/7c2670b4445a7ca9d164ea6acdb31859\"},\"headline\":\"Teolog\u00eda de la Caridad seg\u00fan san Vicente (III)\",\"datePublished\":\"2017-04-27T06:31:27+00:00\",\"mainEntityOfPage\":{\"@id\":\"https:\\\/\\\/vincentians.com\\\/es\\\/teologia-la-caridad-segun-san-vicente-iii\\\/\"},\"wordCount\":994,\"commentCount\":0,\"publisher\":{\"@id\":\"https:\\\/\\\/vincentians.com\\\/es\\\/#organization\"},\"image\":{\"@id\":\"https:\\\/\\\/vincentians.com\\\/es\\\/teologia-la-caridad-segun-san-vicente-iii\\\/#primaryimage\"},\"thumbnailUrl\":\"http:\\\/\\\/vincentians.com\\\/es\\\/wp-content\\\/uploads\\\/sites\\\/11\\\/2016\\\/09\\\/enviados-evangelizar-pobres-300x158.jpg\",\"articleSection\":[\"Espiritualidad vicenciana\"],\"inLanguage\":\"es\",\"potentialAction\":[{\"@type\":\"CommentAction\",\"name\":\"Comment\",\"target\":[\"https:\\\/\\\/vincentians.com\\\/es\\\/teologia-la-caridad-segun-san-vicente-iii\\\/#respond\"]}]},{\"@type\":\"WebPage\",\"@id\":\"https:\\\/\\\/vincentians.com\\\/es\\\/teologia-la-caridad-segun-san-vicente-iii\\\/\",\"url\":\"https:\\\/\\\/vincentians.com\\\/es\\\/teologia-la-caridad-segun-san-vicente-iii\\\/\",\"name\":\"Teolog\u00eda de la Caridad seg\u00fan san Vicente (III) - Somos Vicencianos\",\"isPartOf\":{\"@id\":\"https:\\\/\\\/vincentians.com\\\/es\\\/#website\"},\"primaryImageOfPage\":{\"@id\":\"https:\\\/\\\/vincentians.com\\\/es\\\/teologia-la-caridad-segun-san-vicente-iii\\\/#primaryimage\"},\"image\":{\"@id\":\"https:\\\/\\\/vincentians.com\\\/es\\\/teologia-la-caridad-segun-san-vicente-iii\\\/#primaryimage\"},\"thumbnailUrl\":\"http:\\\/\\\/vincentians.com\\\/es\\\/wp-content\\\/uploads\\\/sites\\\/11\\\/2016\\\/09\\\/enviados-evangelizar-pobres-300x158.jpg\",\"datePublished\":\"2017-04-27T06:31:27+00:00\",\"breadcrumb\":{\"@id\":\"https:\\\/\\\/vincentians.com\\\/es\\\/teologia-la-caridad-segun-san-vicente-iii\\\/#breadcrumb\"},\"inLanguage\":\"es\",\"potentialAction\":[{\"@type\":\"ReadAction\",\"target\":[\"https:\\\/\\\/vincentians.com\\\/es\\\/teologia-la-caridad-segun-san-vicente-iii\\\/\"]}]},{\"@type\":\"ImageObject\",\"inLanguage\":\"es\",\"@id\":\"https:\\\/\\\/vincentians.com\\\/es\\\/teologia-la-caridad-segun-san-vicente-iii\\\/#primaryimage\",\"url\":\"https:\\\/\\\/i0.wp.com\\\/vincentians.com\\\/es\\\/wp-content\\\/uploads\\\/sites\\\/11\\\/2016\\\/09\\\/enviados-evangelizar-pobres.jpg?fit=1200%2C630&ssl=1\",\"contentUrl\":\"https:\\\/\\\/i0.wp.com\\\/vincentians.com\\\/es\\\/wp-content\\\/uploads\\\/sites\\\/11\\\/2016\\\/09\\\/enviados-evangelizar-pobres.jpg?fit=1200%2C630&ssl=1\",\"width\":1200,\"height\":630},{\"@type\":\"BreadcrumbList\",\"@id\":\"https:\\\/\\\/vincentians.com\\\/es\\\/teologia-la-caridad-segun-san-vicente-iii\\\/#breadcrumb\",\"itemListElement\":[{\"@type\":\"ListItem\",\"position\":1,\"name\":\"Portada\",\"item\":\"https:\\\/\\\/vincentians.com\\\/es\\\/\"},{\"@type\":\"ListItem\",\"position\":2,\"name\":\"Teolog\u00eda de la Caridad seg\u00fan san Vicente (III)\"}]},{\"@type\":\"WebSite\",\"@id\":\"https:\\\/\\\/vincentians.com\\\/es\\\/#website\",\"url\":\"https:\\\/\\\/vincentians.com\\\/es\\\/\",\"name\":\"Somos Vicencianos\",\"description\":\"Know more to serve more\",\"publisher\":{\"@id\":\"https:\\\/\\\/vincentians.com\\\/es\\\/#organization\"},\"potentialAction\":[{\"@type\":\"SearchAction\",\"target\":{\"@type\":\"EntryPoint\",\"urlTemplate\":\"https:\\\/\\\/vincentians.com\\\/es\\\/?s={search_term_string}\"},\"query-input\":{\"@type\":\"PropertyValueSpecification\",\"valueRequired\":true,\"valueName\":\"search_term_string\"}}],\"inLanguage\":\"es\"},{\"@type\":\"Organization\",\"@id\":\"https:\\\/\\\/vincentians.com\\\/es\\\/#organization\",\"name\":\"The Vincentian Network\",\"url\":\"https:\\\/\\\/vincentians.com\\\/es\\\/\",\"logo\":{\"@type\":\"ImageObject\",\"inLanguage\":\"es\",\"@id\":\"https:\\\/\\\/vincentians.com\\\/es\\\/#\\\/schema\\\/logo\\\/image\\\/\",\"url\":\"https:\\\/\\\/i1.wp.com\\\/vincentians.com\\\/es\\\/wp-content\\\/uploads\\\/sites\\\/11\\\/2016\\\/06\\\/Vincentian-Network-logo-big.png?fit=778%2C778\",\"contentUrl\":\"https:\\\/\\\/i1.wp.com\\\/vincentians.com\\\/es\\\/wp-content\\\/uploads\\\/sites\\\/11\\\/2016\\\/06\\\/Vincentian-Network-logo-big.png?fit=778%2C778\",\"width\":778,\"height\":778,\"caption\":\"The Vincentian Network\"},\"image\":{\"@id\":\"https:\\\/\\\/vincentians.com\\\/es\\\/#\\\/schema\\\/logo\\\/image\\\/\"},\"sameAs\":[\"https:\\\/\\\/www.facebook.com\\\/WeAreVincentians\\\/\",\"https:\\\/\\\/x.com\\\/WeVincentians\"]},{\"@type\":\"Person\",\"@id\":\"https:\\\/\\\/vincentians.com\\\/es\\\/#\\\/schema\\\/person\\\/7c2670b4445a7ca9d164ea6acdb31859\",\"name\":\"Mitxel Olabu\u00e9naga\",\"image\":{\"@type\":\"ImageObject\",\"inLanguage\":\"es\",\"@id\":\"https:\\\/\\\/secure.gravatar.com\\\/avatar\\\/34137ec2e2b8939cbbed975731e71f3f4f1defc7266ded337a5ce0f925426877?s=96&d=mm&r=g\",\"url\":\"https:\\\/\\\/secure.gravatar.com\\\/avatar\\\/34137ec2e2b8939cbbed975731e71f3f4f1defc7266ded337a5ce0f925426877?s=96&d=mm&r=g\",\"contentUrl\":\"https:\\\/\\\/secure.gravatar.com\\\/avatar\\\/34137ec2e2b8939cbbed975731e71f3f4f1defc7266ded337a5ce0f925426877?s=96&d=mm&r=g\",\"caption\":\"Mitxel Olabu\u00e9naga\"},\"url\":\"https:\\\/\\\/vincentians.com\\\/es\\\/author\\\/mitxel\\\/\"}]}<\/script>\n<!-- \/ Yoast SEO plugin. -->","yoast_head_json":{"title":"Teolog\u00eda de la Caridad seg\u00fan san Vicente (III) - Somos Vicencianos","robots":{"index":"index","follow":"follow","max-snippet":"max-snippet:-1","max-image-preview":"max-image-preview:large","max-video-preview":"max-video-preview:-1"},"canonical":"https:\/\/vincentians.com\/es\/teologia-la-caridad-segun-san-vicente-iii\/","og_locale":"es_ES","og_type":"article","og_title":"Teolog\u00eda de la Caridad seg\u00fan san Vicente (III) - Somos Vicencianos","og_description":"ESTRUCTURA FUNDAMENTAL DE LA CARIDAD EVANGELICA Aunque no existe, en sentido estricto, una teolog\u00eda y una filosof\u00eda de la caridad, sin embargo, es evidente que ciertas fi\u00adlosof\u00edas, como el materialismo, excluyen el ejercicio de la ... Read More","og_url":"https:\/\/vincentians.com\/es\/teologia-la-caridad-segun-san-vicente-iii\/","og_site_name":"Somos Vicencianos","article_publisher":"https:\/\/www.facebook.com\/WeAreVincentians\/","article_published_time":"2017-04-27T06:31:27+00:00","og_image":[{"url":"http:\/\/vincentians.com\/es\/wp-content\/uploads\/sites\/11\/2016\/09\/enviados-evangelizar-pobres-300x158.jpg","type":"","width":"","height":""}],"author":"Mitxel Olabu\u00e9naga","twitter_card":"summary_large_image","twitter_creator":"@WeVincentians","twitter_site":"@WeVincentians","twitter_misc":{"Escrito por":"Mitxel Olabu\u00e9naga","Tiempo de lectura":"5 minutos"},"schema":{"@context":"https:\/\/schema.org","@graph":[{"@type":"Article","@id":"https:\/\/vincentians.com\/es\/teologia-la-caridad-segun-san-vicente-iii\/#article","isPartOf":{"@id":"https:\/\/vincentians.com\/es\/teologia-la-caridad-segun-san-vicente-iii\/"},"author":{"name":"Mitxel Olabu\u00e9naga","@id":"https:\/\/vincentians.com\/es\/#\/schema\/person\/7c2670b4445a7ca9d164ea6acdb31859"},"headline":"Teolog\u00eda de la Caridad seg\u00fan san Vicente (III)","datePublished":"2017-04-27T06:31:27+00:00","mainEntityOfPage":{"@id":"https:\/\/vincentians.com\/es\/teologia-la-caridad-segun-san-vicente-iii\/"},"wordCount":994,"commentCount":0,"publisher":{"@id":"https:\/\/vincentians.com\/es\/#organization"},"image":{"@id":"https:\/\/vincentians.com\/es\/teologia-la-caridad-segun-san-vicente-iii\/#primaryimage"},"thumbnailUrl":"http:\/\/vincentians.com\/es\/wp-content\/uploads\/sites\/11\/2016\/09\/enviados-evangelizar-pobres-300x158.jpg","articleSection":["Espiritualidad vicenciana"],"inLanguage":"es","potentialAction":[{"@type":"CommentAction","name":"Comment","target":["https:\/\/vincentians.com\/es\/teologia-la-caridad-segun-san-vicente-iii\/#respond"]}]},{"@type":"WebPage","@id":"https:\/\/vincentians.com\/es\/teologia-la-caridad-segun-san-vicente-iii\/","url":"https:\/\/vincentians.com\/es\/teologia-la-caridad-segun-san-vicente-iii\/","name":"Teolog\u00eda de la Caridad seg\u00fan san Vicente (III) - Somos Vicencianos","isPartOf":{"@id":"https:\/\/vincentians.com\/es\/#website"},"primaryImageOfPage":{"@id":"https:\/\/vincentians.com\/es\/teologia-la-caridad-segun-san-vicente-iii\/#primaryimage"},"image":{"@id":"https:\/\/vincentians.com\/es\/teologia-la-caridad-segun-san-vicente-iii\/#primaryimage"},"thumbnailUrl":"http:\/\/vincentians.com\/es\/wp-content\/uploads\/sites\/11\/2016\/09\/enviados-evangelizar-pobres-300x158.jpg","datePublished":"2017-04-27T06:31:27+00:00","breadcrumb":{"@id":"https:\/\/vincentians.com\/es\/teologia-la-caridad-segun-san-vicente-iii\/#breadcrumb"},"inLanguage":"es","potentialAction":[{"@type":"ReadAction","target":["https:\/\/vincentians.com\/es\/teologia-la-caridad-segun-san-vicente-iii\/"]}]},{"@type":"ImageObject","inLanguage":"es","@id":"https:\/\/vincentians.com\/es\/teologia-la-caridad-segun-san-vicente-iii\/#primaryimage","url":"https:\/\/i0.wp.com\/vincentians.com\/es\/wp-content\/uploads\/sites\/11\/2016\/09\/enviados-evangelizar-pobres.jpg?fit=1200%2C630&ssl=1","contentUrl":"https:\/\/i0.wp.com\/vincentians.com\/es\/wp-content\/uploads\/sites\/11\/2016\/09\/enviados-evangelizar-pobres.jpg?fit=1200%2C630&ssl=1","width":1200,"height":630},{"@type":"BreadcrumbList","@id":"https:\/\/vincentians.com\/es\/teologia-la-caridad-segun-san-vicente-iii\/#breadcrumb","itemListElement":[{"@type":"ListItem","position":1,"name":"Portada","item":"https:\/\/vincentians.com\/es\/"},{"@type":"ListItem","position":2,"name":"Teolog\u00eda de la Caridad seg\u00fan san Vicente (III)"}]},{"@type":"WebSite","@id":"https:\/\/vincentians.com\/es\/#website","url":"https:\/\/vincentians.com\/es\/","name":"Somos Vicencianos","description":"Know more to serve more","publisher":{"@id":"https:\/\/vincentians.com\/es\/#organization"},"potentialAction":[{"@type":"SearchAction","target":{"@type":"EntryPoint","urlTemplate":"https:\/\/vincentians.com\/es\/?s={search_term_string}"},"query-input":{"@type":"PropertyValueSpecification","valueRequired":true,"valueName":"search_term_string"}}],"inLanguage":"es"},{"@type":"Organization","@id":"https:\/\/vincentians.com\/es\/#organization","name":"The Vincentian Network","url":"https:\/\/vincentians.com\/es\/","logo":{"@type":"ImageObject","inLanguage":"es","@id":"https:\/\/vincentians.com\/es\/#\/schema\/logo\/image\/","url":"https:\/\/i1.wp.com\/vincentians.com\/es\/wp-content\/uploads\/sites\/11\/2016\/06\/Vincentian-Network-logo-big.png?fit=778%2C778","contentUrl":"https:\/\/i1.wp.com\/vincentians.com\/es\/wp-content\/uploads\/sites\/11\/2016\/06\/Vincentian-Network-logo-big.png?fit=778%2C778","width":778,"height":778,"caption":"The Vincentian Network"},"image":{"@id":"https:\/\/vincentians.com\/es\/#\/schema\/logo\/image\/"},"sameAs":["https:\/\/www.facebook.com\/WeAreVincentians\/","https:\/\/x.com\/WeVincentians"]},{"@type":"Person","@id":"https:\/\/vincentians.com\/es\/#\/schema\/person\/7c2670b4445a7ca9d164ea6acdb31859","name":"Mitxel Olabu\u00e9naga","image":{"@type":"ImageObject","inLanguage":"es","@id":"https:\/\/secure.gravatar.com\/avatar\/34137ec2e2b8939cbbed975731e71f3f4f1defc7266ded337a5ce0f925426877?s=96&d=mm&r=g","url":"https:\/\/secure.gravatar.com\/avatar\/34137ec2e2b8939cbbed975731e71f3f4f1defc7266ded337a5ce0f925426877?s=96&d=mm&r=g","contentUrl":"https:\/\/secure.gravatar.com\/avatar\/34137ec2e2b8939cbbed975731e71f3f4f1defc7266ded337a5ce0f925426877?s=96&d=mm&r=g","caption":"Mitxel Olabu\u00e9naga"},"url":"https:\/\/vincentians.com\/es\/author\/mitxel\/"}]}},"jetpack_publicize_connections":[],"jetpack_featured_media_url":"","jetpack_sharing_enabled":true,"jetpack_shortlink":"https:\/\/wp.me\/p7ETMF-1Gcp","jetpack-related-posts":[{"id":119113,"url":"https:\/\/vincentians.com\/es\/p-buenaventura-codina\/","url_meta":{"origin":400545,"position":0},"title":"P. Buenaventura Codina","author":"Mitxel Olabu\u00e9naga","date":"06\/04\/2013","format":false,"excerpt":"Vino al mundo el 3 de junio de 1785 en la heroica villa de Hostalrich (Gerona). Despu\u00e9s de estudiar con notable aprovechamiento algunos a\u00f1os en la Universidad de Cervera, entr\u00f3 en la Congregaci\u00f3n el 23 de mayo de 1804, haciendo los votos el 24 -de mayo de 1806. Concluidos sus\u2026","rel":"","context":"En \u00abBiograf\u00edas de Misioneros Pa\u00fales\u00bb","block_context":{"text":"Biograf\u00edas de Misioneros Pa\u00fales","link":"https:\/\/vincentians.com\/es\/category\/la-familia-vicenciana\/biografias-vicencianas\/biografias-de-misioneros-paules\/"},"img":{"alt_text":"","src":"https:\/\/i0.wp.com\/vincentians.com\/es\/wp-content\/uploads\/sites\/11\/2016\/07\/bio-cm.jpg?fit=1200%2C630&ssl=1&resize=350%2C200","width":350,"height":200,"srcset":"https:\/\/i0.wp.com\/vincentians.com\/es\/wp-content\/uploads\/sites\/11\/2016\/07\/bio-cm.jpg?fit=1200%2C630&ssl=1&resize=350%2C200 1x, https:\/\/i0.wp.com\/vincentians.com\/es\/wp-content\/uploads\/sites\/11\/2016\/07\/bio-cm.jpg?fit=1200%2C630&ssl=1&resize=525%2C300 1.5x, https:\/\/i0.wp.com\/vincentians.com\/es\/wp-content\/uploads\/sites\/11\/2016\/07\/bio-cm.jpg?fit=1200%2C630&ssl=1&resize=700%2C400 2x, https:\/\/i0.wp.com\/vincentians.com\/es\/wp-content\/uploads\/sites\/11\/2016\/07\/bio-cm.jpg?fit=1200%2C630&ssl=1&resize=1050%2C600 3x"},"classes":[]},{"id":118752,"url":"https:\/\/vincentians.com\/es\/teologia-de-la-caridad-perspectivas-tomistas\/","url_meta":{"origin":400545,"position":1},"title":"Teolog\u00eda de la Caridad. Perspectivas Tomistas","author":"Francisco Javier Fern\u00e1ndez Chento","date":"13\/10\/2021","format":false,"excerpt":"Introducci\u00f3n Por la fe conoce el hombre a Dios, verdad primera y fin \u00faltimo de su vida, con esperanza tiende a poseerlo como objeto de su felicidad, en la caridad se une afectivamente a \u00e9l como amigo; se transforma de alguna manera en \u00e9l y comienza a amar como es\u2026","rel":"","context":"En \u00abFormaci\u00f3n Cristiana\u00bb","block_context":{"text":"Formaci\u00f3n Cristiana","link":"https:\/\/vincentians.com\/es\/category\/formacion-cristiana\/"},"img":{"alt_text":"","src":"https:\/\/i0.wp.com\/vincentians.com\/es\/wp-content\/uploads\/sites\/11\/2016\/09\/enviados-evangelizar-pobres.jpg?fit=1200%2C630&ssl=1&resize=350%2C200","width":350,"height":200,"srcset":"https:\/\/i0.wp.com\/vincentians.com\/es\/wp-content\/uploads\/sites\/11\/2016\/09\/enviados-evangelizar-pobres.jpg?fit=1200%2C630&ssl=1&resize=350%2C200 1x, https:\/\/i0.wp.com\/vincentians.com\/es\/wp-content\/uploads\/sites\/11\/2016\/09\/enviados-evangelizar-pobres.jpg?fit=1200%2C630&ssl=1&resize=525%2C300 1.5x, https:\/\/i0.wp.com\/vincentians.com\/es\/wp-content\/uploads\/sites\/11\/2016\/09\/enviados-evangelizar-pobres.jpg?fit=1200%2C630&ssl=1&resize=700%2C400 2x, https:\/\/i0.wp.com\/vincentians.com\/es\/wp-content\/uploads\/sites\/11\/2016\/09\/enviados-evangelizar-pobres.jpg?fit=1200%2C630&ssl=1&resize=1050%2C600 3x"},"classes":[]},{"id":122048,"url":"https:\/\/vincentians.com\/es\/el-signo-de-estos-tiempos-tesis-8a-liberacion-de-los-pobres-y-arquitectura-de-la-iglesia\/","url_meta":{"origin":400545,"position":2},"title":"El signo de estos tiempos. Tesis 8\u00aa: Liberaci\u00f3n de los pobres y \u00abarquitectura\u00bb de la Iglesia","author":"Francisco Javier Fern\u00e1ndez Chento","date":"05\/07\/2015","format":false,"excerpt":"Tesis 8\u00aa: Liberaci\u00f3n de los pobres y \"arquitectura\" de la Iglesia La verdadera opci\u00f3n por los pobres como manifestaci\u00f3n preferencial de la misi\u00f3n universal de la Iglesia afectar\u00e1 profundamente a la visi\u00f3n tradicional de sus estructuras y de sus instituciones fundamentales: teolog\u00eda, ministerio, vida religiosa, vida laical. La expresi\u00f3n \"arquitectura\u2026","rel":"","context":"En \u00abFormaci\u00f3n Vicenciana\u00bb","block_context":{"text":"Formaci\u00f3n Vicenciana","link":"https:\/\/vincentians.com\/es\/category\/formacion-vicenciana\/"},"img":{"alt_text":"","src":"","width":0,"height":0},"classes":[]},{"id":400539,"url":"https:\/\/vincentians.com\/es\/teologia-la-caridad-segun-san-vicente-i\/","url_meta":{"origin":400545,"position":3},"title":"Teolog\u00eda de la Caridad seg\u00fan san Vicente (I)","author":"Mitxel Olabu\u00e9naga","date":"23\/04\/2017","format":false,"excerpt":"INTRODUCCI\u00d3N: \"\u00a1EST\u00c1BAMOS MUY EQUIVOCADOS!\" \u00a1\"Est\u00e1bamos muy equivocados!\" \u00a1\"Solo ayer dej\u00e9 de estar\u00adlo\"! Os presento mis disculpas, queridos amigos, por haber hurtado a Blas Pascal el comienzo de su primera carta provin\u00adcial, Par\u00eds, 23 de enero de 1656 e incluso por haberle plagiado una pincelada de iron\u00eda para explicar el tema\u2026","rel":"","context":"En \u00abEspiritualidad vicenciana\u00bb","block_context":{"text":"Espiritualidad vicenciana","link":"https:\/\/vincentians.com\/es\/category\/espiritualidad\/espiritualidad-vicenciana\/"},"img":{"alt_text":"","src":"https:\/\/i0.wp.com\/vincentians.com\/es\/wp-content\/uploads\/sites\/11\/2016\/09\/enviados-evangelizar-pobres.jpg?fit=1200%2C630&ssl=1&resize=350%2C200","width":350,"height":200,"srcset":"https:\/\/i0.wp.com\/vincentians.com\/es\/wp-content\/uploads\/sites\/11\/2016\/09\/enviados-evangelizar-pobres.jpg?fit=1200%2C630&ssl=1&resize=350%2C200 1x, https:\/\/i0.wp.com\/vincentians.com\/es\/wp-content\/uploads\/sites\/11\/2016\/09\/enviados-evangelizar-pobres.jpg?fit=1200%2C630&ssl=1&resize=525%2C300 1.5x, https:\/\/i0.wp.com\/vincentians.com\/es\/wp-content\/uploads\/sites\/11\/2016\/09\/enviados-evangelizar-pobres.jpg?fit=1200%2C630&ssl=1&resize=700%2C400 2x, https:\/\/i0.wp.com\/vincentians.com\/es\/wp-content\/uploads\/sites\/11\/2016\/09\/enviados-evangelizar-pobres.jpg?fit=1200%2C630&ssl=1&resize=1050%2C600 3x"},"classes":[]},{"id":400541,"url":"https:\/\/vincentians.com\/es\/teologia-la-caridad-segun-san-vicente-ii\/","url_meta":{"origin":400545,"position":4},"title":"Teolog\u00eda de la Caridad seg\u00fan san Vicente (II)","author":"Mitxel Olabu\u00e9naga","date":"25\/04\/2017","format":false,"excerpt":"Dos RESPUESTAS A DOS CUESTIONES PREVIAS Dig\u00e1moslo en seguida, lo que se debate aqu\u00ed no es la exis\u00adtencia de una o varias teolog\u00edas de la caridad, sino simplemente el valor y, por tanto, la eficacia sobrenatural de estas teolog\u00edas. Disculpadme esta sospecha y esta desconfianza, ya que una y otra\u2026","rel":"","context":"En \u00abEspiritualidad vicenciana\u00bb","block_context":{"text":"Espiritualidad vicenciana","link":"https:\/\/vincentians.com\/es\/category\/espiritualidad\/espiritualidad-vicenciana\/"},"img":{"alt_text":"","src":"https:\/\/i0.wp.com\/vincentians.com\/es\/wp-content\/uploads\/sites\/11\/2016\/09\/enviados-evangelizar-pobres.jpg?fit=1200%2C630&ssl=1&resize=350%2C200","width":350,"height":200,"srcset":"https:\/\/i0.wp.com\/vincentians.com\/es\/wp-content\/uploads\/sites\/11\/2016\/09\/enviados-evangelizar-pobres.jpg?fit=1200%2C630&ssl=1&resize=350%2C200 1x, https:\/\/i0.wp.com\/vincentians.com\/es\/wp-content\/uploads\/sites\/11\/2016\/09\/enviados-evangelizar-pobres.jpg?fit=1200%2C630&ssl=1&resize=525%2C300 1.5x, https:\/\/i0.wp.com\/vincentians.com\/es\/wp-content\/uploads\/sites\/11\/2016\/09\/enviados-evangelizar-pobres.jpg?fit=1200%2C630&ssl=1&resize=700%2C400 2x, https:\/\/i0.wp.com\/vincentians.com\/es\/wp-content\/uploads\/sites\/11\/2016\/09\/enviados-evangelizar-pobres.jpg?fit=1200%2C630&ssl=1&resize=1050%2C600 3x"},"classes":[]},{"id":121308,"url":"https:\/\/vincentians.com\/es\/el-signo-de-estos-tiempos-tesis-4a-la-base-teologica-la-necesidad-de-la-accion-reflexiva\/","url_meta":{"origin":400545,"position":5},"title":"El signo de estos tiempos. Tesis 4\u00aa: La base teol\u00f3gica: la necesidad de la acci\u00f3n reflexiva","author":"Francisco Javier Fern\u00e1ndez Chento","date":"30\/08\/2019","format":false,"excerpt":"Tesis 4\u00aa: La base teol\u00f3gica: la necesidad de la acci\u00f3n reflexiva La indeterminaci\u00f3n de contenidos concretos hist\u00f3ricos propia de la revelaci\u00f3n obliga a los creyentes a animar su acci\u00f3n liberadora con el pensar reflexivo-teol\u00f3gico. Sin \u00e9ste la acci\u00f3n liberadora correr\u00eda el riesgo de transcurrir fuera de los l\u00edmites se\u00f1alados por\u2026","rel":"","context":"En \u00abFormaci\u00f3n Vicenciana\u00bb","block_context":{"text":"Formaci\u00f3n Vicenciana","link":"https:\/\/vincentians.com\/es\/category\/formacion-vicenciana\/"},"img":{"alt_text":"","src":"https:\/\/i0.wp.com\/vincentians.com\/es\/wp-content\/uploads\/sites\/11\/2016\/09\/enviados-evangelizar-pobres.jpg?fit=1200%2C630&ssl=1&resize=350%2C200","width":350,"height":200,"srcset":"https:\/\/i0.wp.com\/vincentians.com\/es\/wp-content\/uploads\/sites\/11\/2016\/09\/enviados-evangelizar-pobres.jpg?fit=1200%2C630&ssl=1&resize=350%2C200 1x, https:\/\/i0.wp.com\/vincentians.com\/es\/wp-content\/uploads\/sites\/11\/2016\/09\/enviados-evangelizar-pobres.jpg?fit=1200%2C630&ssl=1&resize=525%2C300 1.5x, https:\/\/i0.wp.com\/vincentians.com\/es\/wp-content\/uploads\/sites\/11\/2016\/09\/enviados-evangelizar-pobres.jpg?fit=1200%2C630&ssl=1&resize=700%2C400 2x, https:\/\/i0.wp.com\/vincentians.com\/es\/wp-content\/uploads\/sites\/11\/2016\/09\/enviados-evangelizar-pobres.jpg?fit=1200%2C630&ssl=1&resize=1050%2C600 3x"},"classes":[]}],"_links":{"self":[{"href":"https:\/\/vincentians.com\/es\/wp-json\/wp\/v2\/posts\/400545","targetHints":{"allow":["GET"]}}],"collection":[{"href":"https:\/\/vincentians.com\/es\/wp-json\/wp\/v2\/posts"}],"about":[{"href":"https:\/\/vincentians.com\/es\/wp-json\/wp\/v2\/types\/post"}],"author":[{"embeddable":true,"href":"https:\/\/vincentians.com\/es\/wp-json\/wp\/v2\/users\/5"}],"replies":[{"embeddable":true,"href":"https:\/\/vincentians.com\/es\/wp-json\/wp\/v2\/comments?post=400545"}],"version-history":[{"count":2,"href":"https:\/\/vincentians.com\/es\/wp-json\/wp\/v2\/posts\/400545\/revisions"}],"predecessor-version":[{"id":400547,"href":"https:\/\/vincentians.com\/es\/wp-json\/wp\/v2\/posts\/400545\/revisions\/400547"}],"wp:attachment":[{"href":"https:\/\/vincentians.com\/es\/wp-json\/wp\/v2\/media?parent=400545"}],"wp:term":[{"taxonomy":"category","embeddable":true,"href":"https:\/\/vincentians.com\/es\/wp-json\/wp\/v2\/categories?post=400545"},{"taxonomy":"post_tag","embeddable":true,"href":"https:\/\/vincentians.com\/es\/wp-json\/wp\/v2\/tags?post=400545"}],"curies":[{"name":"wp","href":"https:\/\/api.w.org\/{rel}","templated":true}]}}