{"id":399400,"date":"2016-08-16T20:00:41","date_gmt":"2016-08-16T18:00:41","guid":{"rendered":"http:\/\/vincentians.com\/es\/?p=399400"},"modified":"2016-08-20T20:45:45","modified_gmt":"2016-08-20T18:45:45","slug":"21o-domingo-t-rosalino-dizon-reyes-salvacion-judios-gentiles-toda-lengua","status":"publish","type":"post","link":"https:\/\/vincentians.com\/es\/21o-domingo-t-rosalino-dizon-reyes-salvacion-judios-gentiles-toda-lengua\/","title":{"rendered":"21\u00ba Domingo de T.O. (Rosalino Dizon Reyes): Salvaci\u00f3n para jud\u00edos y para gentiles de toda lengua"},"content":{"rendered":"<h3>Por la entra\u00f1able misericordia de Dios, nos visita Jes\u00fas para guiar nuestros pasos por el camino de la salvaci\u00f3n.<\/h3>\n<p>Alguien le pregunta a Jes\u00fas:\u00a0 \u00abSe\u00f1or, \u00bfser\u00e1n pocos los que se salven?\u00bb.\u00a0 La pregunta sugiere que al que la hace le preocupa la salvaci\u00f3n.<\/p>\n<p>Es posible, sin embargo, que el preguntador se tenga por justo y se sienta seguro de s\u00ed mismo.\u00a0 Quiz\u00e1s desde su desd\u00e9n por los dem\u00e1s, plantea la pregunta que delata que para \u00e9l ser\u00e1n pocos los que se salven.\u00a0 Tal vez se toma por uno de elllos.<\/p>\n<p>Pero poco importa realmente si la pregunta se hace con sencillez o con doblez.\u00a0 Se le ofrece en cualquier caso al preguntador la oportunidad de aprender una lecci\u00f3n decisiva.\u00a0 Y la dirige Jes\u00fas a todos.\u00a0 Ense\u00f1a a todos el camino de la salvaci\u00f3n.<\/p>\n<p>As\u00ed que no responde directamente Jes\u00fas a la pregunta desacertada.\u00a0 Solo se sirve de ella para indicar que la acertada no es la te\u00f3rica que surge de la curiosidad in\u00fatil y la vana autocomplacencia:\u00a0 \u00ab\u00bfCu\u00e1ntos se salvar\u00e1n?\u00bb.\u00a0 Es, m\u00e1s bien la pr\u00e1ctica que nos impulsa a la conversi\u00f3n:\u00a0 \u00ab\u00bfC\u00f3mo hemos de comportarnos para que no se nos cierre la puerta de la salvaci\u00f3n?\u00bb.<\/p>\n<p>Para que no nos hallemos excluidos del Reino de Dios, tenemos que guardar la ense\u00f1anza:<\/p>\n<blockquote><p>Esforzaos en entrar por la puerta estrecha.<\/p><\/blockquote>\n<p>Por supuesto, no faltan quienes utilizan esta ense\u00f1anza para infundir miedo en los corazones, como si el miedo pudiese promover la verdadera observancia religiosa.\u00a0 En cambio, Jes\u00fas nos exhorta a no tener miedo.\u00a0 Al declarar \u00e9l que \u00abhay \u00faltimos que ser\u00e1n primeros y primeros que ser\u00e1n \u00faltimos\u00bb, despierta esperanza seguramente en los despreciados por aquellos que se creen justos.<\/p>\n<h4>S\u00ed, estamos todos convidados a la mesa en el Reino de Dios, lo que resalta que la salvaci\u00f3n es un don.<\/h4>\n<p>Nadie tiene derecho a ella ni por nacimiento ni sangre ni herencia.\u00a0 Ser del Reino se debe a la gracia y no a nuestras obras.\u00a0 No solo no podemos presumir, sino que tenemos que reconocer que somos obra de Dios.\u00a0 Y lo seremos\u00a0 de manera cristiana aut\u00e9ntica si caminamos con Jes\u00fas hacia Jerusal\u00e9n.<\/p>\n<p>Jes\u00fas, el Siervo Sufriente, personifica la puerta estrecha.\u00a0 Su ejemplo nos da motivo y valent\u00eda para procurar que \u00absus pasos sean la regla de los nuestros en el camino de la perfecci\u00f3n\u00bb (<a href=\"http:\/\/via.library.depaul.edu\/cgi\/viewcontent.cgi?article=1012&amp;context=coste_sp\">SV.ES XI:524<\/a>), de la salvaci\u00f3n.\u00a0 Y es \u00e9l quien nos fortalece las manos d\u00e9biles y las rodillas vacilantes.\u00a0 Les garantiza \u00e9l adem\u00e1s la salvaci\u00f3n a quienes le siguen hasta el fin, hasta la entrega del cuerpo y el derramamiento de la sangre.<\/p>\n<p><em>Se\u00f1or Jes\u00fas, conozca la tierra tu camino, y todos los pueblos tu salvaci\u00f3n.<\/em><\/p>\n<p>21 de agosto de 2016<br \/>\n21\u00ba Domingo de T.O. (C)<br \/>\nIs 66, 18-21; Heb 12, 5-7. 11-13; Lc 13, 22-30<\/p>\n","protected":false},"excerpt":{"rendered":"<p>Por la entra\u00f1able misericordia de Dios, nos visita Jes\u00fas para guiar nuestros pasos por el camino de la salvaci\u00f3n. Alguien le pregunta a Jes\u00fas:\u00a0 \u00abSe\u00f1or, \u00bfser\u00e1n pocos los que se salven?\u00bb.\u00a0 La pregunta sugiere que &#8230; <a href=\"https:\/\/vincentians.com\/es\/21o-domingo-t-rosalino-dizon-reyes-salvacion-judios-gentiles-toda-lengua\/\" class=\"more-link\">Read More<\/a><\/p>\n","protected":false},"author":3,"featured_media":388397,"comment_status":"open","ping_status":"open","sticky":false,"template":"","format":"standard","meta":{"jetpack_post_was_ever_published":false,"_jetpack_newsletter_access":"","_jetpack_dont_email_post_to_subs":false,"_jetpack_newsletter_tier_id":0,"_jetpack_memberships_contains_paywalled_content":false,"_jetpack_memberships_contains_paid_content":false,"footnotes":"","jetpack_publicize_message":"","jetpack_publicize_feature_enabled":true,"jetpack_social_post_already_shared":true,"jetpack_social_options":{"image_generator_settings":{"template":"highway","default_image_id":0,"font":"","enabled":false},"version":2}},"categories":[94],"tags":[],"class_list":["post-399400","post","type-post","status-publish","format-standard","has-post-thumbnail","hentry","category-homilias-y-reflexiones-ano-c"],"yoast_head":"<!-- This site is optimized with the Yoast SEO plugin v26.3 - https:\/\/yoast.com\/wordpress\/plugins\/seo\/ -->\n<title>21\u00ba Domingo de T.O. (Rosalino Dizon Reyes): Salvaci\u00f3n para jud\u00edos y para gentiles de toda lengua - Somos Vicencianos<\/title>\n<meta name=\"description\" content=\"Por la entra\u00f1able misericordia de nuestro Dios, viene a visitarnos Jes\u00fas para guiar nuestros pasos por el camino de la salvaci\u00f3n.\" \/>\n<meta name=\"robots\" content=\"index, follow, max-snippet:-1, max-image-preview:large, max-video-preview:-1\" \/>\n<link rel=\"canonical\" href=\"https:\/\/vincentians.com\/es\/21o-domingo-t-rosalino-dizon-reyes-salvacion-judios-gentiles-toda-lengua\/\" \/>\n<meta property=\"og:locale\" content=\"es_ES\" \/>\n<meta property=\"og:type\" content=\"article\" \/>\n<meta property=\"og:title\" content=\"21\u00ba Domingo de T.O. (Rosalino Dizon Reyes): Salvaci\u00f3n para jud\u00edos y para gentiles de toda lengua - Somos Vicencianos\" \/>\n<meta property=\"og:description\" content=\"Por la entra\u00f1able misericordia de nuestro Dios, viene a visitarnos Jes\u00fas para guiar nuestros pasos por el camino de la salvaci\u00f3n.\" \/>\n<meta property=\"og:url\" content=\"https:\/\/vincentians.com\/es\/21o-domingo-t-rosalino-dizon-reyes-salvacion-judios-gentiles-toda-lengua\/\" \/>\n<meta property=\"og:site_name\" content=\"Somos Vicencianos\" \/>\n<meta property=\"article:publisher\" content=\"https:\/\/www.facebook.com\/WeAreVincentians\/\" \/>\n<meta property=\"article:published_time\" content=\"2016-08-16T18:00:41+00:00\" \/>\n<meta property=\"article:modified_time\" content=\"2016-08-20T18:45:45+00:00\" \/>\n<meta property=\"og:image\" content=\"https:\/\/i0.wp.com\/vincentians.com\/es\/wp-content\/uploads\/sites\/11\/2016\/07\/reflexiones-ross.jpg?fit=1200%2C630&ssl=1\" \/>\n\t<meta property=\"og:image:width\" content=\"1200\" \/>\n\t<meta property=\"og:image:height\" content=\"630\" \/>\n\t<meta property=\"og:image:type\" content=\"image\/jpeg\" \/>\n<meta name=\"author\" content=\"Ross Reyes Dizon\" \/>\n<meta name=\"twitter:card\" content=\"summary_large_image\" \/>\n<meta name=\"twitter:creator\" content=\"@WeVincentians\" \/>\n<meta name=\"twitter:site\" content=\"@WeVincentians\" \/>\n<meta name=\"twitter:label1\" content=\"Escrito por\" \/>\n\t<meta name=\"twitter:data1\" content=\"Ross Reyes Dizon\" \/>\n\t<meta name=\"twitter:label2\" content=\"Tiempo de lectura\" \/>\n\t<meta name=\"twitter:data2\" content=\"2 minutos\" \/>\n<script type=\"application\/ld+json\" class=\"yoast-schema-graph\">{\"@context\":\"https:\/\/schema.org\",\"@graph\":[{\"@type\":\"Article\",\"@id\":\"https:\/\/vincentians.com\/es\/21o-domingo-t-rosalino-dizon-reyes-salvacion-judios-gentiles-toda-lengua\/#article\",\"isPartOf\":{\"@id\":\"https:\/\/vincentians.com\/es\/21o-domingo-t-rosalino-dizon-reyes-salvacion-judios-gentiles-toda-lengua\/\"},\"author\":{\"name\":\"Ross Reyes Dizon\",\"@id\":\"http:\/\/vincentians.com\/es\/#\/schema\/person\/6b250b52a52e7af2128e08c36145865d\"},\"headline\":\"21\u00ba Domingo de T.O. (Rosalino Dizon Reyes): Salvaci\u00f3n para jud\u00edos y para gentiles de toda lengua\",\"datePublished\":\"2016-08-16T18:00:41+00:00\",\"dateModified\":\"2016-08-20T18:45:45+00:00\",\"mainEntityOfPage\":{\"@id\":\"https:\/\/vincentians.com\/es\/21o-domingo-t-rosalino-dizon-reyes-salvacion-judios-gentiles-toda-lengua\/\"},\"wordCount\":516,\"commentCount\":0,\"publisher\":{\"@id\":\"http:\/\/vincentians.com\/es\/#organization\"},\"image\":{\"@id\":\"https:\/\/vincentians.com\/es\/21o-domingo-t-rosalino-dizon-reyes-salvacion-judios-gentiles-toda-lengua\/#primaryimage\"},\"thumbnailUrl\":\"https:\/\/i0.wp.com\/vincentians.com\/es\/wp-content\/uploads\/sites\/11\/2016\/07\/reflexiones-ross.jpg?fit=1200%2C630&ssl=1\",\"articleSection\":[\"Homil\u00edas y reflexiones, A\u00f1o C\"],\"inLanguage\":\"es\",\"potentialAction\":[{\"@type\":\"CommentAction\",\"name\":\"Comment\",\"target\":[\"https:\/\/vincentians.com\/es\/21o-domingo-t-rosalino-dizon-reyes-salvacion-judios-gentiles-toda-lengua\/#respond\"]}]},{\"@type\":\"WebPage\",\"@id\":\"https:\/\/vincentians.com\/es\/21o-domingo-t-rosalino-dizon-reyes-salvacion-judios-gentiles-toda-lengua\/\",\"url\":\"https:\/\/vincentians.com\/es\/21o-domingo-t-rosalino-dizon-reyes-salvacion-judios-gentiles-toda-lengua\/\",\"name\":\"21\u00ba Domingo de T.O. (Rosalino Dizon Reyes): Salvaci\u00f3n para jud\u00edos y para gentiles de toda lengua - Somos Vicencianos\",\"isPartOf\":{\"@id\":\"http:\/\/vincentians.com\/es\/#website\"},\"primaryImageOfPage\":{\"@id\":\"https:\/\/vincentians.com\/es\/21o-domingo-t-rosalino-dizon-reyes-salvacion-judios-gentiles-toda-lengua\/#primaryimage\"},\"image\":{\"@id\":\"https:\/\/vincentians.com\/es\/21o-domingo-t-rosalino-dizon-reyes-salvacion-judios-gentiles-toda-lengua\/#primaryimage\"},\"thumbnailUrl\":\"https:\/\/i0.wp.com\/vincentians.com\/es\/wp-content\/uploads\/sites\/11\/2016\/07\/reflexiones-ross.jpg?fit=1200%2C630&ssl=1\",\"datePublished\":\"2016-08-16T18:00:41+00:00\",\"dateModified\":\"2016-08-20T18:45:45+00:00\",\"description\":\"Por la entra\u00f1able misericordia de nuestro Dios, viene a visitarnos Jes\u00fas para guiar nuestros pasos por el camino de la salvaci\u00f3n.\",\"breadcrumb\":{\"@id\":\"https:\/\/vincentians.com\/es\/21o-domingo-t-rosalino-dizon-reyes-salvacion-judios-gentiles-toda-lengua\/#breadcrumb\"},\"inLanguage\":\"es\",\"potentialAction\":[{\"@type\":\"ReadAction\",\"target\":[\"https:\/\/vincentians.com\/es\/21o-domingo-t-rosalino-dizon-reyes-salvacion-judios-gentiles-toda-lengua\/\"]}]},{\"@type\":\"ImageObject\",\"inLanguage\":\"es\",\"@id\":\"https:\/\/vincentians.com\/es\/21o-domingo-t-rosalino-dizon-reyes-salvacion-judios-gentiles-toda-lengua\/#primaryimage\",\"url\":\"https:\/\/i0.wp.com\/vincentians.com\/es\/wp-content\/uploads\/sites\/11\/2016\/07\/reflexiones-ross.jpg?fit=1200%2C630&ssl=1\",\"contentUrl\":\"https:\/\/i0.wp.com\/vincentians.com\/es\/wp-content\/uploads\/sites\/11\/2016\/07\/reflexiones-ross.jpg?fit=1200%2C630&ssl=1\",\"width\":1200,\"height\":630},{\"@type\":\"BreadcrumbList\",\"@id\":\"https:\/\/vincentians.com\/es\/21o-domingo-t-rosalino-dizon-reyes-salvacion-judios-gentiles-toda-lengua\/#breadcrumb\",\"itemListElement\":[{\"@type\":\"ListItem\",\"position\":1,\"name\":\"Portada\",\"item\":\"http:\/\/vincentians.com\/es\/\"},{\"@type\":\"ListItem\",\"position\":2,\"name\":\"21\u00ba Domingo de T.O. (Rosalino Dizon Reyes): Salvaci\u00f3n para jud\u00edos y para gentiles de toda lengua\"}]},{\"@type\":\"WebSite\",\"@id\":\"http:\/\/vincentians.com\/es\/#website\",\"url\":\"http:\/\/vincentians.com\/es\/\",\"name\":\"Somos Vicencianos\",\"description\":\"Know more to serve more\",\"publisher\":{\"@id\":\"http:\/\/vincentians.com\/es\/#organization\"},\"potentialAction\":[{\"@type\":\"SearchAction\",\"target\":{\"@type\":\"EntryPoint\",\"urlTemplate\":\"http:\/\/vincentians.com\/es\/?s={search_term_string}\"},\"query-input\":{\"@type\":\"PropertyValueSpecification\",\"valueRequired\":true,\"valueName\":\"search_term_string\"}}],\"inLanguage\":\"es\"},{\"@type\":\"Organization\",\"@id\":\"http:\/\/vincentians.com\/es\/#organization\",\"name\":\"The Vincentian Network\",\"url\":\"http:\/\/vincentians.com\/es\/\",\"logo\":{\"@type\":\"ImageObject\",\"inLanguage\":\"es\",\"@id\":\"http:\/\/vincentians.com\/es\/#\/schema\/logo\/image\/\",\"url\":\"https:\/\/i1.wp.com\/vincentians.com\/es\/wp-content\/uploads\/sites\/11\/2016\/06\/Vincentian-Network-logo-big.png?fit=778%2C778\",\"contentUrl\":\"https:\/\/i1.wp.com\/vincentians.com\/es\/wp-content\/uploads\/sites\/11\/2016\/06\/Vincentian-Network-logo-big.png?fit=778%2C778\",\"width\":778,\"height\":778,\"caption\":\"The Vincentian Network\"},\"image\":{\"@id\":\"http:\/\/vincentians.com\/es\/#\/schema\/logo\/image\/\"},\"sameAs\":[\"https:\/\/www.facebook.com\/WeAreVincentians\/\",\"https:\/\/x.com\/WeVincentians\"]},{\"@type\":\"Person\",\"@id\":\"http:\/\/vincentians.com\/es\/#\/schema\/person\/6b250b52a52e7af2128e08c36145865d\",\"name\":\"Ross Reyes Dizon\",\"image\":{\"@type\":\"ImageObject\",\"inLanguage\":\"es\",\"@id\":\"http:\/\/vincentians.com\/es\/#\/schema\/person\/image\/\",\"url\":\"https:\/\/secure.gravatar.com\/avatar\/84437f3208f798bde5b9b066b0f340b70134675aa8c7b7ec4464b9808a05c195?s=96&d=mm&r=g\",\"contentUrl\":\"https:\/\/secure.gravatar.com\/avatar\/84437f3208f798bde5b9b066b0f340b70134675aa8c7b7ec4464b9808a05c195?s=96&d=mm&r=g\",\"caption\":\"Ross Reyes Dizon\"},\"description\":\"Ross owes his formation to Filipino, Spanish and U.S. Vincentian missionaries. A native of the Philippines, he now lives in Vallejo, California, with his wife Melody. They have two grown-up sons, Vincent and Justin, and are full-time babysitters to grandchildren, Maximilian Fr\u00e9d\u00e9ric and Vivianna Louise. Ross volunteers at Margaret Todd Senior Center, Novato, California, teaching a free weekly citizenship class for mostly Spanish-speakers.\",\"url\":\"https:\/\/vincentians.com\/es\/author\/rosalino\/\"}]}<\/script>\n<!-- \/ Yoast SEO plugin. -->","yoast_head_json":{"title":"21\u00ba Domingo de T.O. (Rosalino Dizon Reyes): Salvaci\u00f3n para jud\u00edos y para gentiles de toda lengua - Somos Vicencianos","description":"Por la entra\u00f1able misericordia de nuestro Dios, viene a visitarnos Jes\u00fas para guiar nuestros pasos por el camino de la salvaci\u00f3n.","robots":{"index":"index","follow":"follow","max-snippet":"max-snippet:-1","max-image-preview":"max-image-preview:large","max-video-preview":"max-video-preview:-1"},"canonical":"https:\/\/vincentians.com\/es\/21o-domingo-t-rosalino-dizon-reyes-salvacion-judios-gentiles-toda-lengua\/","og_locale":"es_ES","og_type":"article","og_title":"21\u00ba Domingo de T.O. (Rosalino Dizon Reyes): Salvaci\u00f3n para jud\u00edos y para gentiles de toda lengua - Somos Vicencianos","og_description":"Por la entra\u00f1able misericordia de nuestro Dios, viene a visitarnos Jes\u00fas para guiar nuestros pasos por el camino de la salvaci\u00f3n.","og_url":"https:\/\/vincentians.com\/es\/21o-domingo-t-rosalino-dizon-reyes-salvacion-judios-gentiles-toda-lengua\/","og_site_name":"Somos Vicencianos","article_publisher":"https:\/\/www.facebook.com\/WeAreVincentians\/","article_published_time":"2016-08-16T18:00:41+00:00","article_modified_time":"2016-08-20T18:45:45+00:00","og_image":[{"width":1200,"height":630,"url":"https:\/\/i0.wp.com\/vincentians.com\/es\/wp-content\/uploads\/sites\/11\/2016\/07\/reflexiones-ross.jpg?fit=1200%2C630&ssl=1","type":"image\/jpeg"}],"author":"Ross Reyes Dizon","twitter_card":"summary_large_image","twitter_creator":"@WeVincentians","twitter_site":"@WeVincentians","twitter_misc":{"Escrito por":"Ross Reyes Dizon","Tiempo de lectura":"2 minutos"},"schema":{"@context":"https:\/\/schema.org","@graph":[{"@type":"Article","@id":"https:\/\/vincentians.com\/es\/21o-domingo-t-rosalino-dizon-reyes-salvacion-judios-gentiles-toda-lengua\/#article","isPartOf":{"@id":"https:\/\/vincentians.com\/es\/21o-domingo-t-rosalino-dizon-reyes-salvacion-judios-gentiles-toda-lengua\/"},"author":{"name":"Ross Reyes Dizon","@id":"http:\/\/vincentians.com\/es\/#\/schema\/person\/6b250b52a52e7af2128e08c36145865d"},"headline":"21\u00ba Domingo de T.O. (Rosalino Dizon Reyes): Salvaci\u00f3n para jud\u00edos y para gentiles de toda lengua","datePublished":"2016-08-16T18:00:41+00:00","dateModified":"2016-08-20T18:45:45+00:00","mainEntityOfPage":{"@id":"https:\/\/vincentians.com\/es\/21o-domingo-t-rosalino-dizon-reyes-salvacion-judios-gentiles-toda-lengua\/"},"wordCount":516,"commentCount":0,"publisher":{"@id":"http:\/\/vincentians.com\/es\/#organization"},"image":{"@id":"https:\/\/vincentians.com\/es\/21o-domingo-t-rosalino-dizon-reyes-salvacion-judios-gentiles-toda-lengua\/#primaryimage"},"thumbnailUrl":"https:\/\/i0.wp.com\/vincentians.com\/es\/wp-content\/uploads\/sites\/11\/2016\/07\/reflexiones-ross.jpg?fit=1200%2C630&ssl=1","articleSection":["Homil\u00edas y reflexiones, A\u00f1o C"],"inLanguage":"es","potentialAction":[{"@type":"CommentAction","name":"Comment","target":["https:\/\/vincentians.com\/es\/21o-domingo-t-rosalino-dizon-reyes-salvacion-judios-gentiles-toda-lengua\/#respond"]}]},{"@type":"WebPage","@id":"https:\/\/vincentians.com\/es\/21o-domingo-t-rosalino-dizon-reyes-salvacion-judios-gentiles-toda-lengua\/","url":"https:\/\/vincentians.com\/es\/21o-domingo-t-rosalino-dizon-reyes-salvacion-judios-gentiles-toda-lengua\/","name":"21\u00ba Domingo de T.O. (Rosalino Dizon Reyes): Salvaci\u00f3n para jud\u00edos y para gentiles de toda lengua - Somos Vicencianos","isPartOf":{"@id":"http:\/\/vincentians.com\/es\/#website"},"primaryImageOfPage":{"@id":"https:\/\/vincentians.com\/es\/21o-domingo-t-rosalino-dizon-reyes-salvacion-judios-gentiles-toda-lengua\/#primaryimage"},"image":{"@id":"https:\/\/vincentians.com\/es\/21o-domingo-t-rosalino-dizon-reyes-salvacion-judios-gentiles-toda-lengua\/#primaryimage"},"thumbnailUrl":"https:\/\/i0.wp.com\/vincentians.com\/es\/wp-content\/uploads\/sites\/11\/2016\/07\/reflexiones-ross.jpg?fit=1200%2C630&ssl=1","datePublished":"2016-08-16T18:00:41+00:00","dateModified":"2016-08-20T18:45:45+00:00","description":"Por la entra\u00f1able misericordia de nuestro Dios, viene a visitarnos Jes\u00fas para guiar nuestros pasos por el camino de la salvaci\u00f3n.","breadcrumb":{"@id":"https:\/\/vincentians.com\/es\/21o-domingo-t-rosalino-dizon-reyes-salvacion-judios-gentiles-toda-lengua\/#breadcrumb"},"inLanguage":"es","potentialAction":[{"@type":"ReadAction","target":["https:\/\/vincentians.com\/es\/21o-domingo-t-rosalino-dizon-reyes-salvacion-judios-gentiles-toda-lengua\/"]}]},{"@type":"ImageObject","inLanguage":"es","@id":"https:\/\/vincentians.com\/es\/21o-domingo-t-rosalino-dizon-reyes-salvacion-judios-gentiles-toda-lengua\/#primaryimage","url":"https:\/\/i0.wp.com\/vincentians.com\/es\/wp-content\/uploads\/sites\/11\/2016\/07\/reflexiones-ross.jpg?fit=1200%2C630&ssl=1","contentUrl":"https:\/\/i0.wp.com\/vincentians.com\/es\/wp-content\/uploads\/sites\/11\/2016\/07\/reflexiones-ross.jpg?fit=1200%2C630&ssl=1","width":1200,"height":630},{"@type":"BreadcrumbList","@id":"https:\/\/vincentians.com\/es\/21o-domingo-t-rosalino-dizon-reyes-salvacion-judios-gentiles-toda-lengua\/#breadcrumb","itemListElement":[{"@type":"ListItem","position":1,"name":"Portada","item":"http:\/\/vincentians.com\/es\/"},{"@type":"ListItem","position":2,"name":"21\u00ba Domingo de T.O. (Rosalino Dizon Reyes): Salvaci\u00f3n para jud\u00edos y para gentiles de toda lengua"}]},{"@type":"WebSite","@id":"http:\/\/vincentians.com\/es\/#website","url":"http:\/\/vincentians.com\/es\/","name":"Somos Vicencianos","description":"Know more to serve more","publisher":{"@id":"http:\/\/vincentians.com\/es\/#organization"},"potentialAction":[{"@type":"SearchAction","target":{"@type":"EntryPoint","urlTemplate":"http:\/\/vincentians.com\/es\/?s={search_term_string}"},"query-input":{"@type":"PropertyValueSpecification","valueRequired":true,"valueName":"search_term_string"}}],"inLanguage":"es"},{"@type":"Organization","@id":"http:\/\/vincentians.com\/es\/#organization","name":"The Vincentian Network","url":"http:\/\/vincentians.com\/es\/","logo":{"@type":"ImageObject","inLanguage":"es","@id":"http:\/\/vincentians.com\/es\/#\/schema\/logo\/image\/","url":"https:\/\/i1.wp.com\/vincentians.com\/es\/wp-content\/uploads\/sites\/11\/2016\/06\/Vincentian-Network-logo-big.png?fit=778%2C778","contentUrl":"https:\/\/i1.wp.com\/vincentians.com\/es\/wp-content\/uploads\/sites\/11\/2016\/06\/Vincentian-Network-logo-big.png?fit=778%2C778","width":778,"height":778,"caption":"The Vincentian Network"},"image":{"@id":"http:\/\/vincentians.com\/es\/#\/schema\/logo\/image\/"},"sameAs":["https:\/\/www.facebook.com\/WeAreVincentians\/","https:\/\/x.com\/WeVincentians"]},{"@type":"Person","@id":"http:\/\/vincentians.com\/es\/#\/schema\/person\/6b250b52a52e7af2128e08c36145865d","name":"Ross Reyes Dizon","image":{"@type":"ImageObject","inLanguage":"es","@id":"http:\/\/vincentians.com\/es\/#\/schema\/person\/image\/","url":"https:\/\/secure.gravatar.com\/avatar\/84437f3208f798bde5b9b066b0f340b70134675aa8c7b7ec4464b9808a05c195?s=96&d=mm&r=g","contentUrl":"https:\/\/secure.gravatar.com\/avatar\/84437f3208f798bde5b9b066b0f340b70134675aa8c7b7ec4464b9808a05c195?s=96&d=mm&r=g","caption":"Ross Reyes Dizon"},"description":"Ross owes his formation to Filipino, Spanish and U.S. Vincentian missionaries. A native of the Philippines, he now lives in Vallejo, California, with his wife Melody. They have two grown-up sons, Vincent and Justin, and are full-time babysitters to grandchildren, Maximilian Fr\u00e9d\u00e9ric and Vivianna Louise. Ross volunteers at Margaret Todd Senior Center, Novato, California, teaching a free weekly citizenship class for mostly Spanish-speakers.","url":"https:\/\/vincentians.com\/es\/author\/rosalino\/"}]}},"jetpack_publicize_connections":[],"jetpack_featured_media_url":"https:\/\/i0.wp.com\/vincentians.com\/es\/wp-content\/uploads\/sites\/11\/2016\/07\/reflexiones-ross.jpg?fit=1200%2C630&ssl=1","jetpack_sharing_enabled":true,"jetpack_shortlink":"https:\/\/wp.me\/p7ETMF-1FTW","jetpack-related-posts":[{"id":399644,"url":"https:\/\/vincentians.com\/es\/21o-domingo-t-antonio-elduayen\/","url_meta":{"origin":399400,"position":0},"title":"21\u00ba Domingo de T.O. (Antonio Elduayen)","author":"Francisco Javier Fern\u00e1ndez Chento","date":"19\/08\/2016","format":false,"excerpt":"\u00bfMe salvar\u00e9 yo?, es el interrogante que va impl\u00edcito en la pregunta que aquel hombre del evangelio le hizo a Jes\u00fas (Lc 13,22-30). \u00bfNos salvaremos nosotros?, es la tremenda pregunta, existencial y escatol\u00f3gica, que alguna vez nos habremos hecho y le habremos hecho al Se\u00f1or. Porque si se salvan muchos,\u2026","rel":"","context":"En \u00abHomil\u00edas y reflexiones, A\u00f1o C\u00bb","block_context":{"text":"Homil\u00edas y reflexiones, A\u00f1o C","link":"https:\/\/vincentians.com\/es\/category\/homilias-y-reflexiones-a-la-palabra-de-dios\/homilias-y-reflexiones-ano-c\/"},"img":{"alt_text":"","src":"https:\/\/i0.wp.com\/vincentians.com\/es\/wp-content\/uploads\/sites\/11\/2016\/07\/reflexiones-antonio-elduayen.jpg?fit=1200%2C630&ssl=1&resize=350%2C200","width":350,"height":200,"srcset":"https:\/\/i0.wp.com\/vincentians.com\/es\/wp-content\/uploads\/sites\/11\/2016\/07\/reflexiones-antonio-elduayen.jpg?fit=1200%2C630&ssl=1&resize=350%2C200 1x, https:\/\/i0.wp.com\/vincentians.com\/es\/wp-content\/uploads\/sites\/11\/2016\/07\/reflexiones-antonio-elduayen.jpg?fit=1200%2C630&ssl=1&resize=525%2C300 1.5x, https:\/\/i0.wp.com\/vincentians.com\/es\/wp-content\/uploads\/sites\/11\/2016\/07\/reflexiones-antonio-elduayen.jpg?fit=1200%2C630&ssl=1&resize=700%2C400 2x, https:\/\/i0.wp.com\/vincentians.com\/es\/wp-content\/uploads\/sites\/11\/2016\/07\/reflexiones-antonio-elduayen.jpg?fit=1200%2C630&ssl=1&resize=1050%2C600 3x"},"classes":[]},{"id":399656,"url":"https:\/\/vincentians.com\/es\/21o-domingo-t-tito-romero\/","url_meta":{"origin":399400,"position":1},"title":"21\u00ba Domingo de T.O. (Tito Romero)","author":"Francisco Javier Fern\u00e1ndez Chento","date":"20\/08\/2016","format":false,"excerpt":"El cielo no es para gorditos El tema de la salvaci\u00f3n siempre ser\u00e1 recurrente en el cristianismo. De hecho, la vida de todo cristiano podr\u00eda definirse como una continua carrera hacia la gran meta que es el cielo. Es extra\u00f1o que exista un cristiano que no quiera llegar all\u00ed, por\u2026","rel":"","context":"En \u00abHomil\u00edas y reflexiones, A\u00f1o C\u00bb","block_context":{"text":"Homil\u00edas y reflexiones, A\u00f1o C","link":"https:\/\/vincentians.com\/es\/category\/homilias-y-reflexiones-a-la-palabra-de-dios\/homilias-y-reflexiones-ano-c\/"},"img":{"alt_text":"","src":"https:\/\/i0.wp.com\/vincentians.com\/es\/wp-content\/uploads\/sites\/11\/2016\/07\/reflexiones-palabra-de-dios.jpg?fit=1200%2C630&ssl=1&resize=350%2C200","width":350,"height":200,"srcset":"https:\/\/i0.wp.com\/vincentians.com\/es\/wp-content\/uploads\/sites\/11\/2016\/07\/reflexiones-palabra-de-dios.jpg?fit=1200%2C630&ssl=1&resize=350%2C200 1x, https:\/\/i0.wp.com\/vincentians.com\/es\/wp-content\/uploads\/sites\/11\/2016\/07\/reflexiones-palabra-de-dios.jpg?fit=1200%2C630&ssl=1&resize=525%2C300 1.5x, https:\/\/i0.wp.com\/vincentians.com\/es\/wp-content\/uploads\/sites\/11\/2016\/07\/reflexiones-palabra-de-dios.jpg?fit=1200%2C630&ssl=1&resize=700%2C400 2x, https:\/\/i0.wp.com\/vincentians.com\/es\/wp-content\/uploads\/sites\/11\/2016\/07\/reflexiones-palabra-de-dios.jpg?fit=1200%2C630&ssl=1&resize=1050%2C600 3x"},"classes":[]},{"id":399402,"url":"https:\/\/vincentians.com\/es\/21o-domingo-t-jose-antonio-pagola-no-vale\/","url_meta":{"origin":399400,"position":2},"title":"21\u00ba Domingo de T.O. (Jos\u00e9 Antonio Pagola): No todo vale","author":"Ross Reyes Dizon","date":"17\/08\/2016","format":false,"excerpt":"Jes\u00fas va caminando hacia Jerusal\u00e9n. Su marcha no es la de un peregrino que sube al templo para cumplir sus deberes religiosos. Seg\u00fan Lucas, Jes\u00fas recorre ciudades y aldeas \u00abense\u00f1ando\u00bb. Hay algo que necesita comunicar a aquellas gentes: Dios es un Padre bueno que ofrece a todos su salvaci\u00f3n. Todos\u2026","rel":"","context":"En \u00abHomil\u00edas y reflexiones, A\u00f1o C\u00bb","block_context":{"text":"Homil\u00edas y reflexiones, A\u00f1o C","link":"https:\/\/vincentians.com\/es\/category\/homilias-y-reflexiones-a-la-palabra-de-dios\/homilias-y-reflexiones-ano-c\/"},"img":{"alt_text":"","src":"https:\/\/i0.wp.com\/vincentians.com\/es\/wp-content\/uploads\/sites\/11\/2016\/07\/reflexiones-pagola.jpg?fit=1200%2C630&ssl=1&resize=350%2C200","width":350,"height":200,"srcset":"https:\/\/i0.wp.com\/vincentians.com\/es\/wp-content\/uploads\/sites\/11\/2016\/07\/reflexiones-pagola.jpg?fit=1200%2C630&ssl=1&resize=350%2C200 1x, https:\/\/i0.wp.com\/vincentians.com\/es\/wp-content\/uploads\/sites\/11\/2016\/07\/reflexiones-pagola.jpg?fit=1200%2C630&ssl=1&resize=525%2C300 1.5x, https:\/\/i0.wp.com\/vincentians.com\/es\/wp-content\/uploads\/sites\/11\/2016\/07\/reflexiones-pagola.jpg?fit=1200%2C630&ssl=1&resize=700%2C400 2x, https:\/\/i0.wp.com\/vincentians.com\/es\/wp-content\/uploads\/sites\/11\/2016\/07\/reflexiones-pagola.jpg?fit=1200%2C630&ssl=1&resize=1050%2C600 3x"},"classes":[]},{"id":399657,"url":"https:\/\/vincentians.com\/es\/21o-domingo-t-pedro-guillen\/","url_meta":{"origin":399400,"position":3},"title":"21\u00ba Domingo de T.O. (Pedro Guill\u00e9n)","author":"Francisco Javier Fern\u00e1ndez Chento","date":"20\/08\/2016","format":false,"excerpt":"El evangelio de hoy nos propone, desde su inicio, una pregunta que la mayor parte de los cristianos nos la hacemos alguna vez, \u00bfqui\u00e9nes son los que se salvan? El Se\u00f1or no nos dice si son muchos o pocos sino que la salvaci\u00f3n est\u00e1 al alcance de todos. Lo esencial\u2026","rel":"","context":"En \u00abHomil\u00edas y reflexiones, A\u00f1o C\u00bb","block_context":{"text":"Homil\u00edas y reflexiones, A\u00f1o C","link":"https:\/\/vincentians.com\/es\/category\/homilias-y-reflexiones-a-la-palabra-de-dios\/homilias-y-reflexiones-ano-c\/"},"img":{"alt_text":"","src":"","width":0,"height":0},"classes":[]},{"id":399655,"url":"https:\/\/vincentians.com\/es\/21o-domingo-t-jose-emilio-torres\/","url_meta":{"origin":399400,"position":4},"title":"21\u00ba Domingo de T.O. (Jos\u00e9 Emilio Torres)","author":"Francisco Javier Fern\u00e1ndez Chento","date":"20\/08\/2016","format":false,"excerpt":"El profeta Isa\u00edas habla en nombre de Dios anunciando que reunir\u00e1 no solo a los miembros de su Pueblo disperso entre las naciones sino que tambi\u00e9n a las naciones que nunca oyeron su fama, les mostrar\u00e1 su Gloria all\u00e1 en su Monte Santo de Jerusal\u00e9n. Los que vuelvan ser\u00e1n tra\u00eddos\u2026","rel":"","context":"En \u00abHomil\u00edas y reflexiones, A\u00f1o C\u00bb","block_context":{"text":"Homil\u00edas y reflexiones, A\u00f1o C","link":"https:\/\/vincentians.com\/es\/category\/homilias-y-reflexiones-a-la-palabra-de-dios\/homilias-y-reflexiones-ano-c\/"},"img":{"alt_text":"","src":"https:\/\/i0.wp.com\/vincentians.com\/es\/wp-content\/uploads\/sites\/11\/2016\/07\/reflexiones-palabra-de-dios.jpg?fit=1200%2C630&ssl=1&resize=350%2C200","width":350,"height":200,"srcset":"https:\/\/i0.wp.com\/vincentians.com\/es\/wp-content\/uploads\/sites\/11\/2016\/07\/reflexiones-palabra-de-dios.jpg?fit=1200%2C630&ssl=1&resize=350%2C200 1x, https:\/\/i0.wp.com\/vincentians.com\/es\/wp-content\/uploads\/sites\/11\/2016\/07\/reflexiones-palabra-de-dios.jpg?fit=1200%2C630&ssl=1&resize=525%2C300 1.5x, https:\/\/i0.wp.com\/vincentians.com\/es\/wp-content\/uploads\/sites\/11\/2016\/07\/reflexiones-palabra-de-dios.jpg?fit=1200%2C630&ssl=1&resize=700%2C400 2x, https:\/\/i0.wp.com\/vincentians.com\/es\/wp-content\/uploads\/sites\/11\/2016\/07\/reflexiones-palabra-de-dios.jpg?fit=1200%2C630&ssl=1&resize=1050%2C600 3x"},"classes":[]},{"id":401222,"url":"https:\/\/vincentians.com\/es\/23-to-reyesdizon-nombre\/","url_meta":{"origin":399400,"position":5},"title":"23\u00ba Domingo de T.O. (reflexi\u00f3n de Rosalino Dizon Reyes)","author":"Ross Reyes Dizon","date":"05\/09\/2017","format":false,"excerpt":"Nombre sobre todo nombre Cristo es la raz\u00f3n por la que llevan sus seguidores el nombre de cristianos.\u00a0 Otros Cristos son ellos, ungidos para anunciar la conversi\u00f3n y el reino de Dios. Asegura Jes\u00fas que los reunidos en su nombre y concordes en la oraci\u00f3n recibir\u00e1n lo que pidan.\u00a0 Y\u2026","rel":"","context":"En \u00abHomil\u00edas y reflexiones, A\u00f1o A\u00bb","block_context":{"text":"Homil\u00edas y reflexiones, A\u00f1o A","link":"https:\/\/vincentians.com\/es\/category\/homilias-y-reflexiones-a-la-palabra-de-dios\/homilias-y-reflexiones-ano-a\/"},"img":{"alt_text":"","src":"https:\/\/i0.wp.com\/vincentians.com\/es\/wp-content\/uploads\/sites\/11\/2016\/07\/reflexiones-ross.jpg?fit=1200%2C630&ssl=1&resize=350%2C200","width":350,"height":200,"srcset":"https:\/\/i0.wp.com\/vincentians.com\/es\/wp-content\/uploads\/sites\/11\/2016\/07\/reflexiones-ross.jpg?fit=1200%2C630&ssl=1&resize=350%2C200 1x, https:\/\/i0.wp.com\/vincentians.com\/es\/wp-content\/uploads\/sites\/11\/2016\/07\/reflexiones-ross.jpg?fit=1200%2C630&ssl=1&resize=525%2C300 1.5x, https:\/\/i0.wp.com\/vincentians.com\/es\/wp-content\/uploads\/sites\/11\/2016\/07\/reflexiones-ross.jpg?fit=1200%2C630&ssl=1&resize=700%2C400 2x, https:\/\/i0.wp.com\/vincentians.com\/es\/wp-content\/uploads\/sites\/11\/2016\/07\/reflexiones-ross.jpg?fit=1200%2C630&ssl=1&resize=1050%2C600 3x"},"classes":[]}],"_links":{"self":[{"href":"https:\/\/vincentians.com\/es\/wp-json\/wp\/v2\/posts\/399400","targetHints":{"allow":["GET"]}}],"collection":[{"href":"https:\/\/vincentians.com\/es\/wp-json\/wp\/v2\/posts"}],"about":[{"href":"https:\/\/vincentians.com\/es\/wp-json\/wp\/v2\/types\/post"}],"author":[{"embeddable":true,"href":"https:\/\/vincentians.com\/es\/wp-json\/wp\/v2\/users\/3"}],"replies":[{"embeddable":true,"href":"https:\/\/vincentians.com\/es\/wp-json\/wp\/v2\/comments?post=399400"}],"version-history":[{"count":0,"href":"https:\/\/vincentians.com\/es\/wp-json\/wp\/v2\/posts\/399400\/revisions"}],"wp:featuredmedia":[{"embeddable":true,"href":"https:\/\/vincentians.com\/es\/wp-json\/wp\/v2\/media\/388397"}],"wp:attachment":[{"href":"https:\/\/vincentians.com\/es\/wp-json\/wp\/v2\/media?parent=399400"}],"wp:term":[{"taxonomy":"category","embeddable":true,"href":"https:\/\/vincentians.com\/es\/wp-json\/wp\/v2\/categories?post=399400"},{"taxonomy":"post_tag","embeddable":true,"href":"https:\/\/vincentians.com\/es\/wp-json\/wp\/v2\/tags?post=399400"}],"curies":[{"name":"wp","href":"https:\/\/api.w.org\/{rel}","templated":true}]}}