{"id":39747,"date":"2019-08-28T08:50:42","date_gmt":"2019-08-28T06:50:42","guid":{"rendered":"http:\/\/somos.vicencianos.org\/blog\/2011\/05\/el-sentido-mariano-en-la-experiencia-espiritual-de-san-vicente\/"},"modified":"2019-06-08T13:41:05","modified_gmt":"2019-06-08T11:41:05","slug":"el-sentido-mariano-en-la-experiencia-espiritual-de-san-vicente","status":"publish","type":"post","link":"https:\/\/vincentians.com\/es\/el-sentido-mariano-en-la-experiencia-espiritual-de-san-vicente\/","title":{"rendered":"El sentido mariano en la experiencia espiritual de San Vicente"},"content":{"rendered":"<h2>Introducci\u00f3n<\/h2>\n<p>Ante todo, entend\u00e1monos bien: De mariolog\u00eda no se pue\u00adde hablar en san Vicente m\u00e1s que de espiritualidad. No hay en \u00e9l un pensamiento, primero anal\u00edtico, y luego sint\u00e9tico, ni doctrina alguna&#8230; Est\u00e1 muy alejado de cualquier sistematiza\u00adci\u00f3n, y no nos brinda escritos con un pensamiento organiza\u00addo sobre tal o cual sujeto.<\/p>\n<p>Monsieur Vincent es el hombre de la vida, de la acci\u00f3n, y por ello es preciso que, al abordarle, atendamos a lo que vi\u00advi\u00f3 y experiment\u00f3. La experiencia es en \u00e9l reflejo exacto de lo que fue y sigue siendo.<\/p>\n<p>Nos corresponde descubrir el modo concreto en que san Vicente sigui\u00f3 a Cristo y encontr\u00f3 su itinerario espiritual. Se ver\u00e1 entonces inscribirse perfectamente, en el conjunto de su trayectoria, de su experiencia religiosa, la devoci\u00f3n a la Vir\u00adgen.<\/p>\n<p>Bajo ese aspecto, nuestro plan se muestra ya trazado. Nos es preciso :<\/p>\n<ol>\n<li>Reencontrar lo esencial de la experiencia espiritual de Monsieur Vincent.<\/li>\n<li>Captar la sensibilidad mariana t\u00edpica de \u00e9l, y que est\u00e1 en el centro mismo de esa experiencia.<\/li>\n<\/ol>\n<p>He ah\u00ed un esquema que estimo nos ayudar\u00e1 a entender mejor la especificidad vicenciana de nuestra piedad mariana hoy d\u00eda.<\/p>\n<h2>I. La experiencia espiritual de san Vicente<\/h2>\n<h3>A) <em>Etapas<\/em><\/h3>\n<p>Fieles a nuestra observaci\u00f3n introductoria, estaremos aten\u00adtos a los sucesos, a las circunstancias que condujeron a que san Vicente orientase su vida y optase de manera exclusiva. Eso nos dar\u00e1 la clave de su din\u00e1mica espiritual. Cierto, el repaso ser\u00e1 r\u00e1pido y deliberadamente sucinto, mas resumir\u00e1 lo esencial de lo que anim\u00f3 a san Vicente, sin por ello agotarlo ni reducirlo a una caricatura pseudoespiritual.<\/p>\n<p>\u2014\u00bbNinguna elegancia, poca comodidad, pero tampoco miseria\u00bb,<span id='easy-footnote-1-39747' class='easy-footnote-margin-adjust'><\/span><span class='easy-footnote'><a href='https:\/\/vincentians.com\/es\/el-sentido-mariano-en-la-experiencia-espiritual-de-san-vicente\/#easy-footnote-bottom-1-39747' title='DODIN, A., c. m., &lt;em&gt;Saint Vincent de Paul et la Charit\u00e9,p. &lt;\/em&gt;11 (Le Seuil, Coll. Ma\u00edtres Spirituels, trad. cast. Ed. CEME).'><sup>1<\/sup><\/a><\/span> es la descripci\u00f3n del hogar en que san Vicente ve la luz del d\u00eda en abril de 1581; all\u00ed crece. Porquero, pastor, co\u00admienza por no asumir de grado sus or\u00edgenes (XII, 432). Se averg\u00fcenza de su padre, \u00abmal vestido y algo vergonzante\u00bb. Esos humildes or\u00edgenes le marcar\u00e1n de por vida. El mundo modesto de su adolescencia encierra el germen de lo que lle\u00adgar\u00e1 a ser Monsieur Vincent.<\/p>\n<p>\u2014Tras un ascenso cl\u00e1sico hacia el sacerdocio, y algunos a\u00f1os oscuros, por 1608 Monsieur Vincent est\u00e1 en Par\u00eds. Sabemos en qu\u00e9 circunstancia es acusado de robo. Sufre la injusticia de que a menudo son v\u00edctima los pobres, indefensos y explotados por la sociedad.<\/p>\n<p>\u2014Como capell\u00e1n de los Gondi, conoce \u2014lo sabemos tam\u00adbi\u00e9n\u2014 un verdadero drama interior: una crisis de fe que le conduce al descostre del alma. Y sabemos el resultado pro\u00advidencial: se libera de s\u00ed mismo dedic\u00e1ndose de por vida al servicio de los pobres.<\/p>\n<p>\u00abEstos dos hechos \u2014sufrir la acusaci\u00f3n de robo y cargar con el dolor ajeno \u2014 cambian su ser, sus ansias, su visi\u00f3n de cosas y hombres. En adelante no <em>mirar\u00e1 <\/em>a pobres y desgracia\u00addos, sino que los <em>ver\u00e1. <\/em>Tampoco observar\u00e1 la miseria como un objeto, un defecto, una deformidad: cesar\u00e1 de ser expectador indiferente para entrar en comuni\u00f3n e identificarse con los que sufren; a ello le induce el movimiento mismo de su vi\u00adda&#8230;\u00bb.<span id='easy-footnote-2-39747' class='easy-footnote-margin-adjust'><\/span><span class='easy-footnote'><a href='https:\/\/vincentians.com\/es\/el-sentido-mariano-en-la-experiencia-espiritual-de-san-vicente\/#easy-footnote-bottom-2-39747' title='Id., &lt;em&gt;La mis\u00e9re vue par M. Vincent, &lt;\/em&gt;\u00abMissi\u00f3n et Charlie\u00bb, n.\u00b0 4, p. 412.'><sup>2<\/sup><\/a><\/span>\n<p>\u2014Eficaz p\u00e1rroco de Clichy, parece reflexionar a\u00fan sobre su vocaci\u00f3n, cuando retorna a los Gondi. En realidad tiene una cita con la Providencia, que adopta rasgos compasivos en Gannes. En 1617, Folleville se convierte en principio fun\u00addacional de su obra misionera (XI, 4 y XI, 169). El Se\u00f1or Vi\u00adcente parte de una mirada concreta a la vida, y no de una teor\u00eda sobre la Misi\u00f3n. La incredulidad del pobre pide su in\u00adtervenci\u00f3n. Nace ya una constante de su esp\u00edritu: cuando cap\u00adta a fondo el acontecimiento y comprende su coincidencia con la voluntad de Dios, pasa a la acci\u00f3n sin m\u00e1s tardanza.<\/p>\n<p>\u2014El mismo a\u00f1o se encuentra en Ch\u00e1tillon. Le basta un d\u00eda para socorrer una urgencia que de pronto se declara, y cinco meses para poner en pie las primeras caridades. Sabe ahora que no puede desinteresarse de la miseria: se ha comprometido con ella, se ha hecho solidario del pobre; el cuerpo no puede separarse del alma&#8230; Es preciso que se forme entre muchos un frente unido&#8230; Desde ese momento todo va a encadenarse y pasar al estadio de experimentaci\u00f3n institucional.<\/p>\n<p>\u2014Celoso de que la Misi\u00f3n dure, funda la Congregaci\u00f3n (1625); trabaja en la obra de los ordenados (1628) \u2014para asegurar la conversi\u00f3n espiritual de los pobres con verdaderos sacerdotes\u2014 ; inaugura las conferencias de los Martes (1633) \u2014para alimentar la piedad y el celo de obispos y sacerdotes, a quienes permanentemente incumbe la evangelizaci\u00f3n de los pobres\u2014 ; acepta, en fin, entrar en el Consejo de Conciencia (1643) \u2014para vigilar de cerca el nombramiento de obispos celosos de un clero que se vuelva hacia los pobres.<\/p>\n<p>\u2014Con id\u00e9ntico celo por la <em>prolongaci\u00f3n <\/em>de las Caridades, el Se\u00f1or Vicente consolida las Damas de la Caridad (1617) y funda las Hijas de la Caridad (1633). Seg\u00fan esa misma \u00f3ptica se lanza al socorro de las provincias devastadas (1639), como respuesta a necesidades urgentes, flexibilizando personas y estructuras; instituye la obra de los exp\u00f3sitos (1638), cuando cunde el abandono de las criaturas.<\/p>\n<p>\u2014Hacia el final de su vida, la mirada del Se\u00f1or Vicente se <em>universaliza, <\/em>y env\u00eda misioneros a tierras lejanas. Todo est\u00e1 en la l\u00f3gica de Gannes y de Ch\u00e1tillon. En seguimiento de Cris\u00adto, precisa anunciar la Buena Nueva a los pobres, \u00aba las perso\u00adnas m\u00e1s abandonadas\u00bb. Va todav\u00eda m\u00e1s lejos y establece como criterio de autenticidad para una vocaci\u00f3n misionera la <em>dis\u00ad<\/em><em>ponibilidad, <\/em>disposici\u00f3n a \u00abpartir\u00bb.<\/p>\n<h3>B) <em>Relieves de este itinerario<\/em><\/h3>\n<p>Concluida esta r\u00e1pida rese\u00f1a del itinerario de san Vicente, nos es posible indicar algunas constantes de su esp\u00edritu:<\/p>\n<p>\u2014Para \u00e9l, el <em>acontecimiento <\/em>es lugar de revelaci\u00f3n y com\u00adpromiso. Los dos choques con el mundo de 1617 mover\u00e1n verdaderamente su vida. En adelante todos los acontecimien\u00adtos, particularmente los que conciernen al mundo de los po\u00adbres, ser\u00e1n lugares \u00aben los que se manifiesta la gu\u00eda del Esp\u00ed\u00adritu Santo\u00bb (XI, 37).<\/p>\n<p>\u2014San Vicente cuida mucho de conformarse a la <em>voluntad <\/em><em>de Dios. <\/em>Esta es fuente de perfecci\u00f3n, de santidad. Es Provi\u00addencia: \u00abSoy particularmente devoto de seguir en todo la ado\u00adrable Providencia de Dios\u00bb. Y esa voluntad se ostenta a tal punto en la existencia concreta de nuestro santo, que estrecha vitalmente entre s\u00ed Fe y Acci\u00f3n. El \u00abhacer\u00bb (humano) sigue en \u00e9l espont\u00e1neamente al \u00abquerer\u00bb (divino): \u00abEl Buen Dios rea\u00adliza siempre nuestros quehaceres cuando nosotros realizamos los suyos\u00bb (VII, 348).<\/p>\n<p>\u2014San Vicente hace efectivo el Evangelio: \u00abSe anuncia la Buena Nueva a los pobres\u00bb (Lc 4, 16-21). El pobre es para \u00e9l imagen viva de Jes\u00fas : es el centro que polariza todas las ener\u00adg\u00edas, todos los esfuerzos misioneros. Total: el Se\u00f1or Vicente es un apasionado del pobre. Lo ve, lo conoce por dentro. Es pobre \u00e9l mismo, y hace en ello un esfuerzo de asimilaci\u00f3n.<\/p>\n<p>\u2014 A trav\u00e9s del pobre san Vicente reconoce a <em>Jesucristo. <\/em>Dice a los misioneros: \u00abNuestra vocaci\u00f3n es una continuaci\u00f3n de la de El, o al menos se parece a ella en las circunstancias\u00bb (XII, 80). Asegura a las Hijas de la Caridad : \u00abLos pobres re\u00adpresentan para vosotras la persona de Nuestro Se\u00f1or&#8230;\u00bb. Y es sabida la c\u00e9lebre expresi\u00f3n: \u00abJesucrisio es la Regla de la Mi\u00adsi\u00f3n\u00bb (XII, 130). Todo \u00e9l est\u00e1 polarizado por un Cristo mi\u00adsionero, manso y humilde.<\/p>\n<p>\u2014 En fin, \u00abpara continuar la misi\u00f3n de Jesucristo, hay que <em>revestirse de su esp\u00edritu\u00bb <\/em>(XII, 107). Y aqu\u00ed san Vicente se inspira directamente en san Pablo. Para \u00e9l es cuesti\u00f3n de vivir el propio Bautismo, en docilidad al Esp\u00edritu Santo. Hay que morir a s\u00ed mismo, para dejarse llenar por Dios. En este sentido se muestra afecto a las tres virtudes de los votos (pobreza-cas\u00adtidad-obediencia), y sobre todo a la sencillez y a la humildad. De \u00e9sta \u00faltima dir\u00e1: \u00abLa humildad es el origen de todo el bien que hacemos\u00bb (XI, 674), o bien : \u00abEs el fundamento de la perfecci\u00f3n evang\u00e9lica y el nudo de toda la vida espiritual\u00bb (VII, 363).<\/p>\n<h2>II. Mar\u00eda en la experiencia espiritual de <em>Monsieur Vincent<\/em><\/h2>\n<p>El Se\u00f1or Vicente vive y respira el aire de su tiempo, mar\u00adcado por \u00abla reacci\u00f3n\u00bb de los cat\u00f3licos, frente a los juicios de los reformados, sobre la Virgen Mar\u00eda y su culto. Eso redun\u00addar\u00e1 en un desarrollo mayor de la vida mariana.<\/p>\n<p>A nivel gubernativo y nacional, tenemos el voto de Luis XIII. Se erige a la Virgen Mar\u00eda en \u00abProtectora del Reino\u00bb, que es consagrado a ella.<\/p>\n<p>A nivel teol\u00f3gico, se advierten las tomas de posici\u00f3n en favor de la Inmaculada Concepci\u00f3n (Tom\u00e1s de Villanueva, Carlos Borromeo y Francisco de Sales).<\/p>\n<p>A nivel espiritual, la Escuela del Padre B\u00e9rulle forma hom\u00adbres que se se\u00f1alan por su culto particular al coraz\u00f3n Inmacu\u00adlado de Mar\u00eda : el Padre Gibief, Jean-Jacques Olier, san Juan Eudes&#8230;<\/p>\n<p>Por \u00faltimo a nivel popular, las cofrad\u00edas de la Virgen del Rosario son incontables.<\/p>\n<p>En este contexto, \u00bfqu\u00e9 hace el Se\u00f1or Vicente ?<\/p>\n<h3>A) <em>Algunos hechos<\/em><\/h3>\n<p>Ante todo, el Se\u00f1or Vicente no descuida las peregrina\u00adciones :<\/p>\n<p>\u2014al comienzo de su sacerdocio, en 1600, celebra la pri\u00admera misa en Nuestra Se\u00f1ora de Remouille, Parroquia de Mezens, cuyo altar se traslad\u00f3 a Nuestra Se\u00f1ora de Gr\u00e1ce (Buzet) despu\u00e9s de la Revoluci\u00f3n (cf. Coste, <em>Vie <\/em>I, 40 n.\u00b0 3).<\/p>\n<p>\u2014en 1623 hace una peregrinaci\u00f3n a Nuestra Se\u00f1ora de Buglose, descalzo (Collet 1748 I, 109 o VII 219).<\/p>\n<p>\u2014en 1633 delega sobre Luisa de Marillac, en Chartres, para que ofrezca la Compa\u00f1\u00eda de las Hijas de la Cari\u00addad a Nuestra Se\u00f1ora (I, 213).<span id='easy-footnote-3-39747' class='easy-footnote-margin-adjust'><\/span><span class='easy-footnote'><a href='https:\/\/vincentians.com\/es\/el-sentido-mariano-en-la-experiencia-espiritual-de-san-vicente\/#easy-footnote-bottom-3-39747' title='En 1636, M. BOUDET es enviado a Chartres para que la Virgen proteja a las Hijas de la Caridad contra la peste (I, 360).'><sup>3<\/sup><\/a><\/span>\n<p>\u2014en 1639 va \u00e9l mismo a Chartres : acompa\u00f1a a Nicol\u00e1s Pavill\u00f3n y le asiste en la aceptaci\u00f3n de la sede episcopal de Alet.<\/p>\n<p>No se contenta el Se\u00f1or Vicente con estos desplazamientos devotos:<\/p>\n<p>\u2014el 23 de agosto de 1617, cuando erige la Caridad de Ch\u00e1tillon-les-Dombes, invoca a la Virgen como a pa\u00adtrona de ella :<\/p>\n<p>\u00abY como invocando y erigiendo en patrona a la Madre de Dios en materias importantes, no puede menos de ir todo bien y redundar en gloria del buen Jes\u00fas, su Hijo, dichas se\u00f1oras la toman por patrona y protectora de la obra, e imploran de ella con toda humildad, que vele especial\u00admente por ellas; y otro tanto hacen con san Mart\u00edn y san Andr\u00e9s, verdaderos ejemplos de caridad, patronos del dicho Ch\u00e1tillon&#8230;\u00bb (XIV, 126, n.\u00b0 1).<\/p>\n<p>\u2014la misma menci\u00f3n encabeza todos los reglamentos (cf. XIII, 419-446-454-480-484-487, etc&#8230;), y de las cofrades pide reciten varias veces el Ave Mar\u00eda.<\/p>\n<p>\u2014pone asimismo a la Virgen por patrona de las Hijas de la Caridad. En la conferencia del 8 de diciembre de 1658, cuando habla de las virtudes de Cristo, sugiere:<\/p>\n<p style=\"padding-left: 30px\">\u00ab&#8230; Recurramos a la Madre de las Misericordias, la Vir\u00adgen Santa, vuestra gran Patrona. Decidle : \u00abYa que la Compa\u00f1\u00eda de la Caridad se establece bajo el estandarte de vuestra protecci\u00f3n, si antes os llam\u00e1bamos Madre nuestra, os suplicamos ahora acept\u00e9is la ofrenda que os hacemos de esta Compa\u00f1\u00eda en general, y de cada una de nosotras en particular&#8230;\u00bb\u00bb (X, 623).<\/p>\n<p>\u2014a sus misioneros recomienda, en el segundo cap\u00edtulo de las Reglas Comunes, una devoci\u00f3n especial a la Virgen Santa (R.C. X prf. 4).<\/p>\n<p>\u2014exhorta a que se lleve y recite el rosario (IX, 37, IX 220, X, 621-622), hace que se recite el Angelus (X, 570), se se ayune las v\u00edsperas de las fiestas de la Virgen, oficia \u00e9l mismo en sus solemnidades, emplea como plegarias las ant\u00edfonas de sus oficios.<\/p>\n<p>Detengamos aqu\u00ed la rese\u00f1a de hechos, pues henos en com\u00adpa\u00f1\u00eda de Louis Abelly, de quien se nos dice \u00ablleg\u00f3 a ser el protector de los m\u00e1s extremados pensamientos marianos\u00bb (cf. <em>Vincentiana, <\/em>n.\u00b0 4, 1975, p. 208, n.\u00b0 1). Ante tales riesgos de inflaci\u00f3n, expongamos sin m\u00e1s dilaciones los relieves del pen\u00adsamiento de san Vicente sobre la Virgen Mar\u00eda, relieves del todo id\u00e9nticos a los de la expresi\u00f3n religiosa del Se\u00f1or Vicente en general.<\/p>\n<h3>B) <em>Puntos salientes sobre la Virgen en san Vicente<\/em><\/h3>\n<p><em>La Virgen Mar\u00eda es un modelo se sumisi\u00f3n a la voluntad de Dios.. <\/em>Mar\u00eda es la que supo decir \u00abs\u00ed\u00bb a Dios, y la que siempre quiso, a\u00fan en situaciones dram\u00e1ticas, someterse \u00abal benepl\u00e1\u00adcito divino\u00bb (cf. I, 337 y X, 520):<\/p>\n<p style=\"padding-left: 30px\">\u00abHonremos, pues, la aquiescencia de la Virgen Santa al benepl\u00e1cito de Dios en la muerte de su Hijo\u00bb (VII, 419).<\/p>\n<p><em>La Virgen Mar\u00eda se presenta, en el plan divino, con un alma <\/em><em>de pobre. <\/em>Sea por ejemplo la Virgen \u00abmodesta\u00bb (IX, 87) \u00aby si\u00adlenciosa\u00bb (IX, 340). Mar\u00eda es sierva de Dios. Es un modelo de caridad para las hijas de san Vicente. Puede llamarse primera sierva de los pobres:<\/p>\n<p style=\"padding-left: 30px\">\u00ab\u00a1C\u00f3mo, ser fundadas para honrar la gran caridad de Jesucristo, tener a \u00e9ste por modelo y ejemplo, con la Vir\u00adgen Santa en todo cuanto hac\u00e9is, oh Dios m\u00edo, qu\u00e9 dicha!\u00bb (X, 113).<\/p>\n<p>Se ve a san Vicente fascinado por la Virgen de coraz\u00f3n bien dispuesto. Cuando pone a las Caridades o a las Hijas de la Caridad bajo su protecci\u00f3n, da a ella la precedencia sobre los grandes santos caritativos (cf. XIV, 126-XIII, 546 y IX, 20). De ah\u00ed tal vez su gusto por decir con humor gasc\u00f3n a las pri\u00admeras Hermanas : \u00abAunque he visto Reglas, ninguna honra m\u00e1s a Dios que la vuestra; no, nunca vi una Compa\u00f1\u00eda dar m\u00e1s honra a Dios que la vuestra&#8230;\u00bb (X, 113).<\/p>\n<p>Esta visi\u00f3n de la Virgen Mar\u00eda, \u00absierva del pobre\u00bb, se sit\u00faa en la l\u00f3gica misma del lazo que une a la Virgen con Cristo. <em>Mar\u00eda es la que ama a Cristo. <\/em>Est\u00e1 \u00edntimamente unida a \u00e9l por la maternidad divina (VII, 187 y XII, 216). Fue fiel en recoger sus palabras (IX, 5), y san Vicente exhorta a las Hijas de la Caridad para que hagan como ella:<\/p>\n<p style=\"padding-left: 30px\">\u00ab&#8230; Veis, pues, mis queridas hermanas, si la Virgen Santa, que tal contacto y comunicaci\u00f3n ten\u00eda con Dios y a la que se descubr\u00edan los sagrados misterios, que en ning\u00fan mo\u00admento perd\u00eda la presencia de Dios, bien digo, con todas las luces naturales y sobrenaturales por las que aventa\u00adjaba sobrenaturalmente a todas las criaturas, no dejaba de recoger preciosamente las santas palabras de su Hijo, \u00bfqu\u00e9 no deberemos hacer nosotros a fin de conservar tan santa palabra ?&#8230;\u00bb (IX, 404-405).<\/p>\n<p>Ella recibi\u00f3 la obediencia del Hijo de Dios (IX, 15, X, 283, 574 y XII, 426) y por eso \u2014en El y por El\u2014 el sentido de la sujeci\u00f3n a la voluntad divina de que hemos hablado.<\/p>\n<p>Finalmente, la Virgen Mar\u00eda, revestida del Esp\u00edritu de Cris\u00adto, supo comprender las exigencias de la fe. <em>Su humildad <\/em>prob\u00f3 la acci\u00f3n del Esp\u00edritu Santo en ella, y la Virgen Madre se aco\u00admoda en todo a Jesucristo, porque participa de su Esp\u00edritu, que es amor del Padre, estima, reverencia y humildad.<span id='easy-footnote-4-39747' class='easy-footnote-margin-adjust'><\/span><span class='easy-footnote'><a href='https:\/\/vincentians.com\/es\/el-sentido-mariano-en-la-experiencia-espiritual-de-san-vicente\/#easy-footnote-bottom-4-39747' title='DODIN, en &lt;em&gt;Vincentiana, &lt;\/em&gt;p. 221.'><sup>4<\/sup><\/a><\/span>\n<p style=\"padding-left: 30px\">\u00abSi quer\u00e9is que [Dios] os llame a esperar esta gracia [de la humildad], no endurezc\u00e1is vuestro coraz\u00f3n, acudid a la Virgen Santa, rogando que os obtenga de su Hijo la gracia de participar en su Humildad, por la que ella se llam\u00f3 esclava del Se\u00f1or, cuando fue elegida para ser su Madre. \u00bfQu\u00e9 hubo en la Virgen para que Dios la mirase? Ella misma lo dice: \u00abMi humildad&#8230;\u00bb (X, 536-537).<\/p>\n<p>Y obtiene esa humildad tambi\u00e9n a otros. De ah\u00ed las dos hermosas oraciones de san Vicente a la Virgen para obtener la humildad (X, 395 y X, 538).<\/p>\n<h3>C) <em>Los tres misterios \u00abque hicieron \u00e9poca\u00bb<\/em><\/h3>\n<p>En la Inmaculada Concepci\u00f3n, la Anunciaci\u00f3n y la Visita\u00adci\u00f3n ve san Vicente tres jalones de la vida de la Virgen y de cada Hija de la Caridad. Son por s\u00ed mismos los acontecimien\u00adtos que marcan toda la vida de la Virgen. Estos tres misterios afloran constantemente en su pensamiento meditativo. Ha\u00adblando de ellos, el Padre Dodin afirma: \u00abEs muy notable que estos tres misterios sean el punto de apoyo, la letra y el esp\u00edritu de 1 os pasos fundamentales de su avance hacia Cristo y su vi\u00adda con Dios\u00bb.<span id='easy-footnote-5-39747' class='easy-footnote-margin-adjust'><\/span><span class='easy-footnote'><a href='https:\/\/vincentians.com\/es\/el-sentido-mariano-en-la-experiencia-espiritual-de-san-vicente\/#easy-footnote-bottom-5-39747' title='Ib., p. 219.'><sup>5<\/sup><\/a><\/span>\n<p><em>\u2014La Inmaculada Concepci\u00f3n de la Virgen Mar\u00eda <\/em>es afirma\u00adda sin vacilaci\u00f3n por san Vicente de Pa\u00fal. No olvidemos que, en su tiempo, la Iglesia ha aceptado ya formalmente la fiesta de la Inmaculada, y que Luis XIII llega todav\u00eda a pedir sea obligatoria para la Iglesia universal.<\/p>\n<p>Para san Vicente, \u00abla Inmaculada Concepci\u00f3n establece en Mar\u00eda la creaci\u00f3n antes del pecado, la criatura vac\u00eda de s\u00ed mis\u00adma, en la que Dios puede poner su morada y donde la gracia puede obrar plenamente. Dios mira complacido su humildad, su transparencia perfecta\u00bb.<span id='easy-footnote-6-39747' class='easy-footnote-margin-adjust'><\/span><span class='easy-footnote'><a href='https:\/\/vincentians.com\/es\/el-sentido-mariano-en-la-experiencia-espiritual-de-san-vicente\/#easy-footnote-bottom-6-39747' title='JANIET, J., c. m., en &lt;em&gt;Echo de la Maison-M\u00e9re, &lt;\/em&gt;sep-oct. 1971, n.\u00b0 8, p. 376.'><sup>6<\/sup><\/a><\/span>\n<p>En suma, este misterio \u2014acontecimiento, en el sentido vicenciano de \u00ablugar de revelaci\u00f3n\u00bb\u2014 impregna, en la idea de san Vicente, la necesidad de un <em>Primer paso: el anonadamiento. <\/em>Afirma \u00e9l ser indispensable esta actitud interior: ante Dios, el hombre no es sino miseria y pecado. Sin cesar debe vaciarse de s\u00ed mismo para llenarse de Dios. Ah\u00ed se alcanza el movimiento de conversi\u00f3n acabado de describir (cf. XIII, 35- XIII, 31 y 793-794).<\/p>\n<p><em>\u2014La Anunciaci\u00f3n, <\/em>segundo acontecimiento, indica un <em>se\u00ad<\/em><em>gundo paso <\/em>de la vida espiritual: es cosa de que uno sepa <em>ofre\u00ad<\/em><em>cerse a Dios. <\/em>Es el privilegio de los pobres, en quienes, seg\u00fan san Vicente, se conserva \u00abla verdadera religi\u00f3n\u00bb (IX, 200).<\/p>\n<p>Mar\u00eda se da a Dios sin reservas, sin reticencia, porque tiene un alma pobre. Dios puede regalarla \u00abcon el presente de la Segunda Persona Divina\u00bb (XII, 327).<\/p>\n<p>Tambi\u00e9n nosotros debemos ofrecernos a Dios Padre en seguimiento de Cristo y de su Madre. Es conocida la insisten\u00adcia de san Vicente: \u00abD\u00e9monos a Dios para realizar su obra\u00bb (II, 64). Su conferencia <em>sobre la b\u00fasqueda del Reino de Dios, <\/em>del 21 de febrero, 1659, choca de modo particular bajo este as\u00adpecto :<\/p>\n<p style=\"padding-left: 30px\">\u00abD\u00edcese, pues, que busquemos el Reino de Dios. Buscar es s\u00f3lo una palabra, pero me parece que dice mucho; quiere decir que nos pongamos en condiciones de aspirar siempre a lo que se nos recomienda, trabajar incesante\u00admente por el Reino de Dios y no caer en la relajaci\u00f3n y el estancamiento; atender mucho al propio interior para regularlo, y no a las distracciones del exterior. Buscad, buscad, significa solicitud, acci\u00f3n\u00bb (XII, 131).<\/p>\n<p><em>\u2014La Visitaci\u00f3n, <\/em>por fin, tercer acontecimiento, sugiere un <em>tercer paso, <\/em>salir fuera. Despu\u00e9s del anonadamiento, el ofre\u00adcimiento de la propia vida a Dios, resta darse al <em>servicio de los <\/em><em>dem\u00e1s. <\/em>Mar\u00eda se dio a Dios, y ahora corre a casa de Isabel. Va all\u00e1 \u00abcon toda mansedumbre, amor, caridad\u00bb (IX, 258). Las Hijas de la Caridad prolongan este servicio de Mar\u00eda:<\/p>\n<p style=\"padding-left: 30px\">\u00abSois pobres Hijas de la Caridad que os disteis a Dios <em>para <\/em>el servicio de los pobres (IX, 534).<\/p>\n<p>Estas palabras son eco de las primeras Reglas, que dec\u00edan como primicias de vida que se ofrece:<\/p>\n<p style=\"padding-left: 30px\">\u00abLa Compa\u00f1\u00eda de las Hijas de la Caridad se establece para amar a Dios, servir y honrar a Nuestro Se\u00f1or, su patr\u00f3n, y a la Virgen Santa&#8230; para servir a los pobres en\u00adfermos corporalmente, suministr\u00e1ndoles cuanto necesitan, y espiritualmente, procurando que vivan y mueran en buen estado&#8230;\u00bb (IX, 20).<\/p>\n<h2>Conclusi\u00f3n<\/h2>\n<p>Invariablemente, el Se\u00f1or Vicente nos devuelve a los po\u00adbres. Bien partamos de su vida, de las etapas que la jalonan, o bien de las pl\u00e1ticas espirituales, nos se\u00f1ala una \u00fanica finalidad: el servicio de Cristo en los pobres. Su actitud personal para con la Virgen Mar\u00eda se inscribe en el sentido mismo de su actitud personal para con Dios.<\/p>\n<p>Alejado de la sistematizaci\u00f3n, el pensamiento mariano del Se\u00f1or Vicente no deja por eso de organizarse en torno a lo esencial :<\/p>\n<p style=\"padding-left: 30px\">\u00abCristo adorador del Padre, al servicio de su designio amoroso, evangelizador de los pobres\u00bb (C. I, p. 15).<\/p>\n","protected":false},"excerpt":{"rendered":"<p>Introducci\u00f3n Ante todo, entend\u00e1monos bien: De mariolog\u00eda no se pue\u00adde hablar en san Vicente m\u00e1s que de espiritualidad. No hay en \u00e9l un pensamiento, primero anal\u00edtico, y luego sint\u00e9tico, ni doctrina alguna&#8230; Est\u00e1 muy alejado &#8230; <a href=\"https:\/\/vincentians.com\/es\/el-sentido-mariano-en-la-experiencia-espiritual-de-san-vicente\/\" class=\"more-link\">Read More<\/a><\/p>\n","protected":false},"author":4,"featured_media":400152,"comment_status":"open","ping_status":"open","sticky":false,"template":"","format":"standard","meta":{"jetpack_post_was_ever_published":false,"_jetpack_newsletter_access":"","_jetpack_dont_email_post_to_subs":false,"_jetpack_newsletter_tier_id":0,"_jetpack_memberships_contains_paywalled_content":false,"_jetpack_memberships_contains_paid_content":false,"footnotes":"","jetpack_publicize_message":"","jetpack_publicize_feature_enabled":true,"jetpack_social_post_already_shared":true,"jetpack_social_options":{"image_generator_settings":{"template":"highway","default_image_id":0,"font":"","enabled":false},"version":2}},"categories":[29],"tags":[218,224,173,148,142,175,145,119,172],"class_list":["post-39747","post","type-post","status-publish","format-standard","has-post-thumbnail","hentry","category-formacion-cristiana","tag-abelly","tag-berulle","tag-chatillon-les-dombes","tag-clichy","tag-collet","tag-folleville","tag-gannes","tag-gondi","tag-pobreza"],"yoast_head":"<!-- This site is optimized with the Yoast SEO plugin v26.3 - https:\/\/yoast.com\/wordpress\/plugins\/seo\/ -->\n<title>El sentido mariano en la experiencia espiritual de San Vicente - Somos Vicencianos<\/title>\n<meta name=\"robots\" content=\"index, follow, max-snippet:-1, max-image-preview:large, max-video-preview:-1\" \/>\n<link rel=\"canonical\" href=\"http:\/\/vincentians.com\/es\/el-sentido-mariano-en-la-experiencia-espiritual-de-san-vicente\/\" \/>\n<meta property=\"og:locale\" content=\"es_ES\" \/>\n<meta property=\"og:type\" content=\"article\" \/>\n<meta property=\"og:title\" content=\"El sentido mariano en la experiencia espiritual de San Vicente - Somos Vicencianos\" \/>\n<meta property=\"og:description\" content=\"Introducci\u00f3n Ante todo, entend\u00e1monos bien: De mariolog\u00eda no se pue\u00adde hablar en san Vicente m\u00e1s que de espiritualidad. No hay en \u00e9l un pensamiento, primero anal\u00edtico, y luego sint\u00e9tico, ni doctrina alguna&#8230; Est\u00e1 muy alejado ... Read More\" \/>\n<meta property=\"og:url\" content=\"http:\/\/vincentians.com\/es\/el-sentido-mariano-en-la-experiencia-espiritual-de-san-vicente\/\" \/>\n<meta property=\"og:site_name\" content=\"Somos Vicencianos\" \/>\n<meta property=\"article:publisher\" content=\"https:\/\/www.facebook.com\/WeAreVincentians\/\" \/>\n<meta property=\"article:author\" content=\"https:\/\/www.facebook.com\/JavierChento\" \/>\n<meta property=\"article:published_time\" content=\"2019-08-28T06:50:42+00:00\" \/>\n<meta property=\"og:image\" content=\"https:\/\/i0.wp.com\/vincentians.com\/es\/wp-content\/uploads\/sites\/11\/2016\/10\/ranquines.jpg?fit=1200%2C630\" \/>\n\t<meta property=\"og:image:width\" content=\"1200\" \/>\n\t<meta property=\"og:image:height\" content=\"630\" \/>\n\t<meta property=\"og:image:type\" content=\"image\/jpeg\" \/>\n<meta name=\"author\" content=\"Francisco Javier Fern\u00e1ndez Chento\" \/>\n<meta name=\"twitter:card\" content=\"summary_large_image\" \/>\n<meta name=\"twitter:creator\" content=\"@https:\/\/twitter.com\/javierchento\" \/>\n<meta name=\"twitter:site\" content=\"@WeVincentians\" \/>\n<meta name=\"twitter:label1\" content=\"Escrito por\" \/>\n\t<meta name=\"twitter:data1\" content=\"Francisco Javier Fern\u00e1ndez Chento\" \/>\n\t<meta name=\"twitter:label2\" content=\"Tiempo de lectura\" \/>\n\t<meta name=\"twitter:data2\" content=\"17 minutos\" \/>\n<script type=\"application\/ld+json\" class=\"yoast-schema-graph\">{\"@context\":\"https:\/\/schema.org\",\"@graph\":[{\"@type\":\"Article\",\"@id\":\"http:\/\/vincentians.com\/es\/el-sentido-mariano-en-la-experiencia-espiritual-de-san-vicente\/#article\",\"isPartOf\":{\"@id\":\"http:\/\/vincentians.com\/es\/el-sentido-mariano-en-la-experiencia-espiritual-de-san-vicente\/\"},\"author\":{\"name\":\"Francisco Javier Fern\u00e1ndez Chento\",\"@id\":\"http:\/\/vincentians.com\/es\/#\/schema\/person\/9623ef4d9aa3b2dfb8c061f1499288f2\"},\"headline\":\"El sentido mariano en la experiencia espiritual de San Vicente\",\"datePublished\":\"2019-08-28T06:50:42+00:00\",\"mainEntityOfPage\":{\"@id\":\"http:\/\/vincentians.com\/es\/el-sentido-mariano-en-la-experiencia-espiritual-de-san-vicente\/\"},\"wordCount\":3509,\"commentCount\":1,\"publisher\":{\"@id\":\"http:\/\/vincentians.com\/es\/#organization\"},\"image\":{\"@id\":\"http:\/\/vincentians.com\/es\/el-sentido-mariano-en-la-experiencia-espiritual-de-san-vicente\/#primaryimage\"},\"thumbnailUrl\":\"https:\/\/i0.wp.com\/vincentians.com\/es\/wp-content\/uploads\/sites\/11\/2016\/10\/ranquines.jpg?fit=1200%2C630&ssl=1\",\"keywords\":[\"Abelly\",\"Berulle\",\"Chatillon\",\"Clichy\",\"Collet\",\"Folleville\",\"Gannes\",\"Gondi\",\"Pobreza\"],\"articleSection\":[\"Formaci\u00f3n Cristiana\"],\"inLanguage\":\"es\",\"potentialAction\":[{\"@type\":\"CommentAction\",\"name\":\"Comment\",\"target\":[\"http:\/\/vincentians.com\/es\/el-sentido-mariano-en-la-experiencia-espiritual-de-san-vicente\/#respond\"]}]},{\"@type\":\"WebPage\",\"@id\":\"http:\/\/vincentians.com\/es\/el-sentido-mariano-en-la-experiencia-espiritual-de-san-vicente\/\",\"url\":\"http:\/\/vincentians.com\/es\/el-sentido-mariano-en-la-experiencia-espiritual-de-san-vicente\/\",\"name\":\"El sentido mariano en la experiencia espiritual de San Vicente - Somos Vicencianos\",\"isPartOf\":{\"@id\":\"http:\/\/vincentians.com\/es\/#website\"},\"primaryImageOfPage\":{\"@id\":\"http:\/\/vincentians.com\/es\/el-sentido-mariano-en-la-experiencia-espiritual-de-san-vicente\/#primaryimage\"},\"image\":{\"@id\":\"http:\/\/vincentians.com\/es\/el-sentido-mariano-en-la-experiencia-espiritual-de-san-vicente\/#primaryimage\"},\"thumbnailUrl\":\"https:\/\/i0.wp.com\/vincentians.com\/es\/wp-content\/uploads\/sites\/11\/2016\/10\/ranquines.jpg?fit=1200%2C630&ssl=1\",\"datePublished\":\"2019-08-28T06:50:42+00:00\",\"breadcrumb\":{\"@id\":\"http:\/\/vincentians.com\/es\/el-sentido-mariano-en-la-experiencia-espiritual-de-san-vicente\/#breadcrumb\"},\"inLanguage\":\"es\",\"potentialAction\":[{\"@type\":\"ReadAction\",\"target\":[\"http:\/\/vincentians.com\/es\/el-sentido-mariano-en-la-experiencia-espiritual-de-san-vicente\/\"]}]},{\"@type\":\"ImageObject\",\"inLanguage\":\"es\",\"@id\":\"http:\/\/vincentians.com\/es\/el-sentido-mariano-en-la-experiencia-espiritual-de-san-vicente\/#primaryimage\",\"url\":\"https:\/\/i0.wp.com\/vincentians.com\/es\/wp-content\/uploads\/sites\/11\/2016\/10\/ranquines.jpg?fit=1200%2C630&ssl=1\",\"contentUrl\":\"https:\/\/i0.wp.com\/vincentians.com\/es\/wp-content\/uploads\/sites\/11\/2016\/10\/ranquines.jpg?fit=1200%2C630&ssl=1\",\"width\":1200,\"height\":630},{\"@type\":\"BreadcrumbList\",\"@id\":\"http:\/\/vincentians.com\/es\/el-sentido-mariano-en-la-experiencia-espiritual-de-san-vicente\/#breadcrumb\",\"itemListElement\":[{\"@type\":\"ListItem\",\"position\":1,\"name\":\"Portada\",\"item\":\"http:\/\/vincentians.com\/es\/\"},{\"@type\":\"ListItem\",\"position\":2,\"name\":\"El sentido mariano en la experiencia espiritual de San Vicente\"}]},{\"@type\":\"WebSite\",\"@id\":\"http:\/\/vincentians.com\/es\/#website\",\"url\":\"http:\/\/vincentians.com\/es\/\",\"name\":\"Somos Vicencianos\",\"description\":\"Know more to serve more\",\"publisher\":{\"@id\":\"http:\/\/vincentians.com\/es\/#organization\"},\"potentialAction\":[{\"@type\":\"SearchAction\",\"target\":{\"@type\":\"EntryPoint\",\"urlTemplate\":\"http:\/\/vincentians.com\/es\/?s={search_term_string}\"},\"query-input\":{\"@type\":\"PropertyValueSpecification\",\"valueRequired\":true,\"valueName\":\"search_term_string\"}}],\"inLanguage\":\"es\"},{\"@type\":\"Organization\",\"@id\":\"http:\/\/vincentians.com\/es\/#organization\",\"name\":\"The Vincentian Network\",\"url\":\"http:\/\/vincentians.com\/es\/\",\"logo\":{\"@type\":\"ImageObject\",\"inLanguage\":\"es\",\"@id\":\"http:\/\/vincentians.com\/es\/#\/schema\/logo\/image\/\",\"url\":\"https:\/\/i1.wp.com\/vincentians.com\/es\/wp-content\/uploads\/sites\/11\/2016\/06\/Vincentian-Network-logo-big.png?fit=778%2C778\",\"contentUrl\":\"https:\/\/i1.wp.com\/vincentians.com\/es\/wp-content\/uploads\/sites\/11\/2016\/06\/Vincentian-Network-logo-big.png?fit=778%2C778\",\"width\":778,\"height\":778,\"caption\":\"The Vincentian Network\"},\"image\":{\"@id\":\"http:\/\/vincentians.com\/es\/#\/schema\/logo\/image\/\"},\"sameAs\":[\"https:\/\/www.facebook.com\/WeAreVincentians\/\",\"https:\/\/x.com\/WeVincentians\"]},{\"@type\":\"Person\",\"@id\":\"http:\/\/vincentians.com\/es\/#\/schema\/person\/9623ef4d9aa3b2dfb8c061f1499288f2\",\"name\":\"Francisco Javier Fern\u00e1ndez Chento\",\"image\":{\"@type\":\"ImageObject\",\"inLanguage\":\"es\",\"@id\":\"http:\/\/vincentians.com\/es\/#\/schema\/person\/image\/\",\"url\":\"https:\/\/secure.gravatar.com\/avatar\/497d5cde87b4c3d097d0315953521681ba2cd523ee66e5077c3711f7021e65de?s=96&d=mm&r=g\",\"contentUrl\":\"https:\/\/secure.gravatar.com\/avatar\/497d5cde87b4c3d097d0315953521681ba2cd523ee66e5077c3711f7021e65de?s=96&d=mm&r=g\",\"caption\":\"Francisco Javier Fern\u00e1ndez Chento\"},\"description\":\"Director General y cofundador de La Red de Formaci\u00f3n Vicenciana. Javier es laico vicenciano, afiliado a la Congregaci\u00f3n de la Misi\u00f3n y miembro del Equipo de Misiones Populares de la provincia can\u00f3nica de Zaragoza (Espa\u00f1a) de la Congregaci\u00f3n de la Misi\u00f3n. Graduado en la Universidad Oberta de Catalunya con cuatro grados (Asistente de direcci\u00f3n, Gesti\u00f3n Administrativa, Recursos Humanos y Contabilidad Avanzada). Bil\u00edng\u00fce Espa\u00f1ol\/Ingl\u00e9s. gestiona y mantiene varias p\u00e1ginas web cristianas y vicencianas, incluida including La Red de Formaci\u00f3n Vicenciana, de la que es cofundador. Actualmente es responsable del \u00e1rea de Espa\u00f1ol de .famvin, la Red de Noticias de la Familia Vicenciana. Tambi\u00e9n es m\u00fasico cat\u00f3lico y ha editado varios discos. Es Director General y cofundador de Trovador, una reconocida compa\u00f1\u00eda discogr\u00e1fica critiana de Espa\u00f1a. Trabaja en las Tecnolog\u00edas de la Informaci\u00f3n, ofreciendo servicios de alojamiento, dise\u00f1o y mantenimiento Web, as\u00ed como asesoramiento, formaci\u00f3n y soluciones inform\u00e1ticas, gesti\u00f3n documental y digitalizaci\u00f3n de textos, edici\u00f3n y maquetaci\u00f3n de libros, revistas, flyers, etc.\",\"sameAs\":[\"http:\/\/chento.org\",\"https:\/\/www.facebook.com\/JavierChento\",\"https:\/\/x.com\/https:\/\/twitter.com\/javierchento\"],\"url\":\"https:\/\/vincentians.com\/es\/author\/chento\/\"}]}<\/script>\n<!-- \/ Yoast SEO plugin. -->","yoast_head_json":{"title":"El sentido mariano en la experiencia espiritual de San Vicente - Somos Vicencianos","robots":{"index":"index","follow":"follow","max-snippet":"max-snippet:-1","max-image-preview":"max-image-preview:large","max-video-preview":"max-video-preview:-1"},"canonical":"http:\/\/vincentians.com\/es\/el-sentido-mariano-en-la-experiencia-espiritual-de-san-vicente\/","og_locale":"es_ES","og_type":"article","og_title":"El sentido mariano en la experiencia espiritual de San Vicente - Somos Vicencianos","og_description":"Introducci\u00f3n Ante todo, entend\u00e1monos bien: De mariolog\u00eda no se pue\u00adde hablar en san Vicente m\u00e1s que de espiritualidad. No hay en \u00e9l un pensamiento, primero anal\u00edtico, y luego sint\u00e9tico, ni doctrina alguna&#8230; Est\u00e1 muy alejado ... Read More","og_url":"http:\/\/vincentians.com\/es\/el-sentido-mariano-en-la-experiencia-espiritual-de-san-vicente\/","og_site_name":"Somos Vicencianos","article_publisher":"https:\/\/www.facebook.com\/WeAreVincentians\/","article_author":"https:\/\/www.facebook.com\/JavierChento","article_published_time":"2019-08-28T06:50:42+00:00","og_image":[{"width":1200,"height":630,"url":"https:\/\/i0.wp.com\/vincentians.com\/es\/wp-content\/uploads\/sites\/11\/2016\/10\/ranquines.jpg?fit=1200%2C630","type":"image\/jpeg"}],"author":"Francisco Javier Fern\u00e1ndez Chento","twitter_card":"summary_large_image","twitter_creator":"@https:\/\/twitter.com\/javierchento","twitter_site":"@WeVincentians","twitter_misc":{"Escrito por":"Francisco Javier Fern\u00e1ndez Chento","Tiempo de lectura":"17 minutos"},"schema":{"@context":"https:\/\/schema.org","@graph":[{"@type":"Article","@id":"http:\/\/vincentians.com\/es\/el-sentido-mariano-en-la-experiencia-espiritual-de-san-vicente\/#article","isPartOf":{"@id":"http:\/\/vincentians.com\/es\/el-sentido-mariano-en-la-experiencia-espiritual-de-san-vicente\/"},"author":{"name":"Francisco Javier Fern\u00e1ndez Chento","@id":"http:\/\/vincentians.com\/es\/#\/schema\/person\/9623ef4d9aa3b2dfb8c061f1499288f2"},"headline":"El sentido mariano en la experiencia espiritual de San Vicente","datePublished":"2019-08-28T06:50:42+00:00","mainEntityOfPage":{"@id":"http:\/\/vincentians.com\/es\/el-sentido-mariano-en-la-experiencia-espiritual-de-san-vicente\/"},"wordCount":3509,"commentCount":1,"publisher":{"@id":"http:\/\/vincentians.com\/es\/#organization"},"image":{"@id":"http:\/\/vincentians.com\/es\/el-sentido-mariano-en-la-experiencia-espiritual-de-san-vicente\/#primaryimage"},"thumbnailUrl":"https:\/\/i0.wp.com\/vincentians.com\/es\/wp-content\/uploads\/sites\/11\/2016\/10\/ranquines.jpg?fit=1200%2C630&ssl=1","keywords":["Abelly","Berulle","Chatillon","Clichy","Collet","Folleville","Gannes","Gondi","Pobreza"],"articleSection":["Formaci\u00f3n Cristiana"],"inLanguage":"es","potentialAction":[{"@type":"CommentAction","name":"Comment","target":["http:\/\/vincentians.com\/es\/el-sentido-mariano-en-la-experiencia-espiritual-de-san-vicente\/#respond"]}]},{"@type":"WebPage","@id":"http:\/\/vincentians.com\/es\/el-sentido-mariano-en-la-experiencia-espiritual-de-san-vicente\/","url":"http:\/\/vincentians.com\/es\/el-sentido-mariano-en-la-experiencia-espiritual-de-san-vicente\/","name":"El sentido mariano en la experiencia espiritual de San Vicente - Somos Vicencianos","isPartOf":{"@id":"http:\/\/vincentians.com\/es\/#website"},"primaryImageOfPage":{"@id":"http:\/\/vincentians.com\/es\/el-sentido-mariano-en-la-experiencia-espiritual-de-san-vicente\/#primaryimage"},"image":{"@id":"http:\/\/vincentians.com\/es\/el-sentido-mariano-en-la-experiencia-espiritual-de-san-vicente\/#primaryimage"},"thumbnailUrl":"https:\/\/i0.wp.com\/vincentians.com\/es\/wp-content\/uploads\/sites\/11\/2016\/10\/ranquines.jpg?fit=1200%2C630&ssl=1","datePublished":"2019-08-28T06:50:42+00:00","breadcrumb":{"@id":"http:\/\/vincentians.com\/es\/el-sentido-mariano-en-la-experiencia-espiritual-de-san-vicente\/#breadcrumb"},"inLanguage":"es","potentialAction":[{"@type":"ReadAction","target":["http:\/\/vincentians.com\/es\/el-sentido-mariano-en-la-experiencia-espiritual-de-san-vicente\/"]}]},{"@type":"ImageObject","inLanguage":"es","@id":"http:\/\/vincentians.com\/es\/el-sentido-mariano-en-la-experiencia-espiritual-de-san-vicente\/#primaryimage","url":"https:\/\/i0.wp.com\/vincentians.com\/es\/wp-content\/uploads\/sites\/11\/2016\/10\/ranquines.jpg?fit=1200%2C630&ssl=1","contentUrl":"https:\/\/i0.wp.com\/vincentians.com\/es\/wp-content\/uploads\/sites\/11\/2016\/10\/ranquines.jpg?fit=1200%2C630&ssl=1","width":1200,"height":630},{"@type":"BreadcrumbList","@id":"http:\/\/vincentians.com\/es\/el-sentido-mariano-en-la-experiencia-espiritual-de-san-vicente\/#breadcrumb","itemListElement":[{"@type":"ListItem","position":1,"name":"Portada","item":"http:\/\/vincentians.com\/es\/"},{"@type":"ListItem","position":2,"name":"El sentido mariano en la experiencia espiritual de San Vicente"}]},{"@type":"WebSite","@id":"http:\/\/vincentians.com\/es\/#website","url":"http:\/\/vincentians.com\/es\/","name":"Somos Vicencianos","description":"Know more to serve more","publisher":{"@id":"http:\/\/vincentians.com\/es\/#organization"},"potentialAction":[{"@type":"SearchAction","target":{"@type":"EntryPoint","urlTemplate":"http:\/\/vincentians.com\/es\/?s={search_term_string}"},"query-input":{"@type":"PropertyValueSpecification","valueRequired":true,"valueName":"search_term_string"}}],"inLanguage":"es"},{"@type":"Organization","@id":"http:\/\/vincentians.com\/es\/#organization","name":"The Vincentian Network","url":"http:\/\/vincentians.com\/es\/","logo":{"@type":"ImageObject","inLanguage":"es","@id":"http:\/\/vincentians.com\/es\/#\/schema\/logo\/image\/","url":"https:\/\/i1.wp.com\/vincentians.com\/es\/wp-content\/uploads\/sites\/11\/2016\/06\/Vincentian-Network-logo-big.png?fit=778%2C778","contentUrl":"https:\/\/i1.wp.com\/vincentians.com\/es\/wp-content\/uploads\/sites\/11\/2016\/06\/Vincentian-Network-logo-big.png?fit=778%2C778","width":778,"height":778,"caption":"The Vincentian Network"},"image":{"@id":"http:\/\/vincentians.com\/es\/#\/schema\/logo\/image\/"},"sameAs":["https:\/\/www.facebook.com\/WeAreVincentians\/","https:\/\/x.com\/WeVincentians"]},{"@type":"Person","@id":"http:\/\/vincentians.com\/es\/#\/schema\/person\/9623ef4d9aa3b2dfb8c061f1499288f2","name":"Francisco Javier Fern\u00e1ndez Chento","image":{"@type":"ImageObject","inLanguage":"es","@id":"http:\/\/vincentians.com\/es\/#\/schema\/person\/image\/","url":"https:\/\/secure.gravatar.com\/avatar\/497d5cde87b4c3d097d0315953521681ba2cd523ee66e5077c3711f7021e65de?s=96&d=mm&r=g","contentUrl":"https:\/\/secure.gravatar.com\/avatar\/497d5cde87b4c3d097d0315953521681ba2cd523ee66e5077c3711f7021e65de?s=96&d=mm&r=g","caption":"Francisco Javier Fern\u00e1ndez Chento"},"description":"Director General y cofundador de La Red de Formaci\u00f3n Vicenciana. Javier es laico vicenciano, afiliado a la Congregaci\u00f3n de la Misi\u00f3n y miembro del Equipo de Misiones Populares de la provincia can\u00f3nica de Zaragoza (Espa\u00f1a) de la Congregaci\u00f3n de la Misi\u00f3n. Graduado en la Universidad Oberta de Catalunya con cuatro grados (Asistente de direcci\u00f3n, Gesti\u00f3n Administrativa, Recursos Humanos y Contabilidad Avanzada). Bil\u00edng\u00fce Espa\u00f1ol\/Ingl\u00e9s. gestiona y mantiene varias p\u00e1ginas web cristianas y vicencianas, incluida including La Red de Formaci\u00f3n Vicenciana, de la que es cofundador. Actualmente es responsable del \u00e1rea de Espa\u00f1ol de .famvin, la Red de Noticias de la Familia Vicenciana. Tambi\u00e9n es m\u00fasico cat\u00f3lico y ha editado varios discos. Es Director General y cofundador de Trovador, una reconocida compa\u00f1\u00eda discogr\u00e1fica critiana de Espa\u00f1a. Trabaja en las Tecnolog\u00edas de la Informaci\u00f3n, ofreciendo servicios de alojamiento, dise\u00f1o y mantenimiento Web, as\u00ed como asesoramiento, formaci\u00f3n y soluciones inform\u00e1ticas, gesti\u00f3n documental y digitalizaci\u00f3n de textos, edici\u00f3n y maquetaci\u00f3n de libros, revistas, flyers, etc.","sameAs":["http:\/\/chento.org","https:\/\/www.facebook.com\/JavierChento","https:\/\/x.com\/https:\/\/twitter.com\/javierchento"],"url":"https:\/\/vincentians.com\/es\/author\/chento\/"}]}},"jetpack_publicize_connections":[],"jetpack_featured_media_url":"https:\/\/i0.wp.com\/vincentians.com\/es\/wp-content\/uploads\/sites\/11\/2016\/10\/ranquines.jpg?fit=1200%2C630&ssl=1","jetpack_sharing_enabled":true,"jetpack_shortlink":"https:\/\/wp.me\/p7ETMF-al5","jetpack-related-posts":[{"id":118009,"url":"https:\/\/vincentians.com\/es\/el-p-andre-dodin-habla-sobre-actualidad-de-los-estudios-vicencianos-1965\/","url_meta":{"origin":39747,"position":0},"title":"El P. Andr\u00e9 Dodin habla sobre \u00abactualidad de los estudios vicencianos\u00bb (1965)","author":"Francisco Javier Fern\u00e1ndez Chento","date":"23\/08\/2021","format":false,"excerpt":"Del 10 al 13 de marzo el P. A. Dodin, de nuestra Casa de Pa\u00adr\u00eds, acompa\u00f1ado del P. Buhigas, de nuestra Casa de Dax, dio en nuestro Seminario de Salamanca un cursillo de cinco conferen\u00adcias sobre la persona, obra y espiritualidad de San Vicente y so\u00adbre la imagen que de\u2026","rel":"","context":"En \u00abFormaci\u00f3n Vicenciana\u00bb","block_context":{"text":"Formaci\u00f3n Vicenciana","link":"https:\/\/vincentians.com\/es\/category\/formacion-vicenciana\/"},"img":{"alt_text":"","src":"https:\/\/i0.wp.com\/vincentians.com\/es\/wp-content\/uploads\/sites\/11\/2019\/11\/hijas-caridaqd.jpg?fit=1200%2C675&ssl=1&resize=350%2C200","width":350,"height":200,"srcset":"https:\/\/i0.wp.com\/vincentians.com\/es\/wp-content\/uploads\/sites\/11\/2019\/11\/hijas-caridaqd.jpg?fit=1200%2C675&ssl=1&resize=350%2C200 1x, https:\/\/i0.wp.com\/vincentians.com\/es\/wp-content\/uploads\/sites\/11\/2019\/11\/hijas-caridaqd.jpg?fit=1200%2C675&ssl=1&resize=525%2C300 1.5x, https:\/\/i0.wp.com\/vincentians.com\/es\/wp-content\/uploads\/sites\/11\/2019\/11\/hijas-caridaqd.jpg?fit=1200%2C675&ssl=1&resize=700%2C400 2x, https:\/\/i0.wp.com\/vincentians.com\/es\/wp-content\/uploads\/sites\/11\/2019\/11\/hijas-caridaqd.jpg?fit=1200%2C675&ssl=1&resize=1050%2C600 3x"},"classes":[]},{"id":126866,"url":"https:\/\/vincentians.com\/es\/vicente-de-paul-carta-1204-esteban-blatiron-superior-de-genova-a-san-vicente\/","url_meta":{"origin":39747,"position":1},"title":"Vicente de Pa\u00fal, Carta 1204: Esteban Blatiron, Superior De Genova, A San Vicente","author":"Francisco Javier Fern\u00e1ndez Chento","date":"14\/01\/2014","format":false,"excerpt":"G\u00e9nova, noviembre 1649. El se\u00f1or cardenal ha pasado ocho d\u00edas con nosotros haciendo los ejercicios espirituales con los misioneros, en n\u00famero de diez. Es un gran siervo de Dios. Es imposible creer con cu\u00e1nta exactitud y puntualidad ha observado el orden de los ejercicios, a pesar de ser de una\u2026","rel":"","context":"En \u00abEscritos de Vicente de Pa\u00fal\u00bb","block_context":{"text":"Escritos de Vicente de Pa\u00fal","link":"https:\/\/vincentians.com\/es\/category\/escritos\/escritos-de-vicente-de-paul\/"},"img":{"alt_text":"","src":"https:\/\/i0.wp.com\/vincentians.com\/es\/wp-content\/uploads\/sites\/11\/2016\/07\/escritos-vicente-de-paul.jpg?fit=1200%2C630&ssl=1&resize=350%2C200","width":350,"height":200,"srcset":"https:\/\/i0.wp.com\/vincentians.com\/es\/wp-content\/uploads\/sites\/11\/2016\/07\/escritos-vicente-de-paul.jpg?fit=1200%2C630&ssl=1&resize=350%2C200 1x, https:\/\/i0.wp.com\/vincentians.com\/es\/wp-content\/uploads\/sites\/11\/2016\/07\/escritos-vicente-de-paul.jpg?fit=1200%2C630&ssl=1&resize=525%2C300 1.5x, https:\/\/i0.wp.com\/vincentians.com\/es\/wp-content\/uploads\/sites\/11\/2016\/07\/escritos-vicente-de-paul.jpg?fit=1200%2C630&ssl=1&resize=700%2C400 2x, https:\/\/i0.wp.com\/vincentians.com\/es\/wp-content\/uploads\/sites\/11\/2016\/07\/escritos-vicente-de-paul.jpg?fit=1200%2C630&ssl=1&resize=1050%2C600 3x"},"classes":[]},{"id":129046,"url":"https:\/\/vincentians.com\/es\/las-fuentes-de-la-oracion-vicenciana\/","url_meta":{"origin":39747,"position":2},"title":"Las fuentes de la oraci\u00f3n vicenciana","author":"Francisco Javier Fern\u00e1ndez Chento","date":"09\/07\/2016","format":false,"excerpt":"1. Panor\u00e1mica sobre los estudios vicencianos Si confrontamos la bibliograf\u00eda vicenciana con la de otros fundadores, nos damos cuenta que nuestro fundador ha sido estudiado muy poco, y que las aportaciones sobre su pensa\u00admiento son escasas. Somos una comunidad m\u00e1s bien grande. Sin embargo, no tenemos una revista de car\u00e1cter\u2026","rel":"","context":"En \u00abEspiritualidad vicenciana\u00bb","block_context":{"text":"Espiritualidad vicenciana","link":"https:\/\/vincentians.com\/es\/category\/espiritualidad\/espiritualidad-vicenciana\/"},"img":{"alt_text":"orando","src":"https:\/\/i0.wp.com\/vicencianos.org\/wp-content\/uploads\/2016\/01\/orando.jpg?resize=350%2C200","width":350,"height":200},"classes":[]},{"id":124719,"url":"https:\/\/vincentians.com\/es\/imitadores-de-cristo-en-su-amor-universal-iii\/","url_meta":{"origin":39747,"position":3},"title":"Imitadores de Cristo en su amor universal (III)","author":"Francisco Javier Fern\u00e1ndez Chento","date":"07\/10\/2023","format":false,"excerpt":"RAZONES PARA VIVIR CASTAMENTE Nuestro Se\u00f1or nos hizo ver claramente cu\u00e1nto estimaba la castidad (RC, IV, 1) 42.- Los motivos que san Vicente ofreci\u00f3 para estimar y practicar la castidad est\u00e1n inspirados en la conducta de Jes\u00fas. 1\u00ba Nuestro Salvador nos hizo ver claramente cu\u00e1nto estimaba la castidad, y cu\u00e1n\u2026","rel":"","context":"En \u00abFormaci\u00f3n Vicenciana\u00bb","block_context":{"text":"Formaci\u00f3n Vicenciana","link":"https:\/\/vincentians.com\/es\/category\/formacion-vicenciana\/"},"img":{"alt_text":"","src":"https:\/\/i0.wp.com\/vincentians.com\/es\/wp-content\/uploads\/sites\/11\/2013\/04\/formacion_permanente-1.jpg?fit=303%2C303&ssl=1&resize=350%2C200","width":350,"height":200},"classes":[]},{"id":387156,"url":"https:\/\/vincentians.com\/es\/en-comunidad-fraterna-y-espiritual\/","url_meta":{"origin":39747,"position":4},"title":"En comunidad fraterna y espiritual","author":"Mitxel Olabu\u00e9naga","date":"07\/03\/2016","format":false,"excerpt":"\u00abOs lo digo otra vez: Si aqu\u00ed en la tierra dos de vos\u00adotros se ponen de acuerdo, cualquier asunto por el que pidan les resultar\u00e1, por obra de mi Padre del cielo, pues donde est\u00e1n dos o tres re\u00adunidos apelando a m\u00ed, all\u00ed, en medio de ellos, estoy yo\u00bb. (Mt\u2026","rel":"","context":"En \u00abEspiritualidad\u00bb","block_context":{"text":"Espiritualidad","link":"https:\/\/vincentians.com\/es\/category\/espiritualidad\/"},"img":{"alt_text":"asd","src":"https:\/\/i0.wp.com\/vicencianos.org\/wp-content\/uploads\/2016\/03\/asd-300x227.jpg?resize=350%2C200","width":350,"height":200},"classes":[]},{"id":118520,"url":"https:\/\/vincentians.com\/es\/bibliografia-basica-sobre-san-vicente-de-paul\/","url_meta":{"origin":39747,"position":5},"title":"Bibliograf\u00eda b\u00e1sica sobre san Vicente de Pa\u00fal","author":"Francisco Javier Fern\u00e1ndez Chento","date":"14\/03\/2015","format":false,"excerpt":"ABELLY Louis: Vida del Venerable Siervo de Dios Vicente de Pa\u00fal, Fundador y primer Superior General de la Congregaci\u00f3n de la Misi\u00f3n. Salamanca: CEME. 1994. 814p 25cm. Abelly public\u00f3 esta obra s\u00f3lo cuatro a\u00f1os despu\u00e9s de la muerte de San Vicente, a quien conoci\u00f3 durante m\u00e1s de veinte a\u00f1os. Ha\u2026","rel":"","context":"En \u00abVicente de Pa\u00fal\u00bb","block_context":{"text":"Vicente de Pa\u00fal","link":"https:\/\/vincentians.com\/es\/category\/la-familia-vicenciana\/fundadores\/vicente-de-paul\/"},"img":{"alt_text":"vicentepaul","src":"https:\/\/i0.wp.com\/vicencianos.org\/wp-content\/2012\/12\/vicentepaul-235x300.jpg?resize=350%2C200","width":350,"height":200},"classes":[]}],"_links":{"self":[{"href":"https:\/\/vincentians.com\/es\/wp-json\/wp\/v2\/posts\/39747","targetHints":{"allow":["GET"]}}],"collection":[{"href":"https:\/\/vincentians.com\/es\/wp-json\/wp\/v2\/posts"}],"about":[{"href":"https:\/\/vincentians.com\/es\/wp-json\/wp\/v2\/types\/post"}],"author":[{"embeddable":true,"href":"https:\/\/vincentians.com\/es\/wp-json\/wp\/v2\/users\/4"}],"replies":[{"embeddable":true,"href":"https:\/\/vincentians.com\/es\/wp-json\/wp\/v2\/comments?post=39747"}],"version-history":[{"count":1,"href":"https:\/\/vincentians.com\/es\/wp-json\/wp\/v2\/posts\/39747\/revisions"}],"predecessor-version":[{"id":402433,"href":"https:\/\/vincentians.com\/es\/wp-json\/wp\/v2\/posts\/39747\/revisions\/402433"}],"wp:featuredmedia":[{"embeddable":true,"href":"https:\/\/vincentians.com\/es\/wp-json\/wp\/v2\/media\/400152"}],"wp:attachment":[{"href":"https:\/\/vincentians.com\/es\/wp-json\/wp\/v2\/media?parent=39747"}],"wp:term":[{"taxonomy":"category","embeddable":true,"href":"https:\/\/vincentians.com\/es\/wp-json\/wp\/v2\/categories?post=39747"},{"taxonomy":"post_tag","embeddable":true,"href":"https:\/\/vincentians.com\/es\/wp-json\/wp\/v2\/tags?post=39747"}],"curies":[{"name":"wp","href":"https:\/\/api.w.org\/{rel}","templated":true}]}}