{"id":39737,"date":"2014-03-10T02:37:37","date_gmt":"2014-03-10T01:37:37","guid":{"rendered":"http:\/\/somos.vicencianos.org\/blog\/2011\/05\/el-senor-vicente-visto-por-su-secretario-luis-robineau-articulos-196-al-200\/"},"modified":"2014-03-10T02:37:37","modified_gmt":"2014-03-10T01:37:37","slug":"el-senor-vicente-visto-por-su-secretario-luis-robineau-articulos-196-al-200","status":"publish","type":"post","link":"https:\/\/vincentians.com\/es\/el-senor-vicente-visto-por-su-secretario-luis-robineau-articulos-196-al-200\/","title":{"rendered":"El se\u00f1or Vicente visto por su secretario, Luis Robineau. Art\u00edculos 196 al 200"},"content":{"rendered":"<h2><em>196.<\/em><strong><em>Es opuesto a usar guantes.<\/em><\/strong><\/h2>\n<p>Nos dijo un d\u00eda que la costumbre de la Compa\u00f1\u00eda siempre hab\u00eda sido la de no llevar guantes, incluso en invierno, excepto algunas ve\u00adces, cuando se va al campo para defenderse del fr\u00edo.<\/p>\n<p>&nbsp;<\/p>\n<blockquote>\n<h3>Notas del P. Dodin:<\/h3>\n<p>No hay ninguna prohibici\u00f3n escrita sobre llevar guantes.<\/p><\/blockquote>\n<h2><em><strong>197. <\/strong><\/em><strong><em>El Se\u00f1or Vicente se disciplina por la ma\u00f1ana.<\/em><\/strong><\/h2>\n<p>Le he o\u00eddo una o dos veces darse la disciplina por la ma\u00f1ana, al levantarse, cuando viv\u00eda en su peque\u00f1a habitaci\u00f3n sin chimenea, que est\u00e1 en el dormitorio de los ancianos, y lo hac\u00eda durante bastante tiempo. Ahora bien, es de notar que esos d\u00edas, por la ma\u00f1ana hab\u00eda descansado. Y los otros d\u00edas, que no descansaba por la ma\u00f1ana, como no le o\u00eda levantarse, porque yo no dorm\u00eda en la habitaci\u00f3n contigua a la suya; como yo iba a trabajar despu\u00e9s de la oraci\u00f3n de la Santa Misa, precisamente por esto no pod\u00eda o\u00edrle darse esos d\u00edas la discipli\u00adna, aunque sea muy probable que la usara, y si no era as\u00ed todos los d\u00edas, cuando menos lo hac\u00eda muy frecuentemente.<\/p>\n<blockquote>\n<h3>Notas del P. Dodin:<\/h3>\n<p>&nbsp;<\/p>\n<p>Vicente se da disciplina.<\/p>\n<p>Abelly (III.301) utiliza el texto de L. Robineau.<\/p>\n<p>Por lo que toca a las austeridades externas que \u00e9l usaba, las ocult\u00f3 en cuanto pudo; sin embargo, se dio cuenta de que las practicaba muy duras para su tiempo:<\/p>\n<p>\u2014El Hermano que le atend\u00eda durante su enfermedad, a veces se encontr\u00f3 en su habitaci\u00f3n con cilicios, cadenetas, brazaletes y cintu\u00adrones de cobre con puntas, que ten\u00eda escondidos y de los que se serv\u00eda a menudo; y adem\u00e1s de eso tomaba diariamente una dura dis\u00adciplina al levantarse; eso lo observ\u00f3 uno de la Compa\u00f1\u00eda, que ten\u00eda en su habitaci\u00f3n junto a la de \u00e9l, y de la que estaba separado por tablas de sabina; es \u00e9l quien ha manifestado que lo hab\u00eda o\u00eddo diariamente a lo largo de doce a\u00f1os m\u00e1s o menos..<\/p>\n<p>Pero no contento con esta disciplina ordinaria y regular, a\u00f1ad\u00eda a menudo otras extraordinarias por diversas ocasiones, como una vez entre otras que le pusieron al corriente de alguna especie de desor\u00adden ocurrido en una casa de la Congregaci\u00f3n. Por ese motivo se disciplin\u00f3 durante ocho d\u00edas dos veces cada noche, e inmediatamen\u00adte, habi\u00e9ndose puesto a remediarlo, lo consigui\u00f3 felizmente, cosa que \u00e9l mismo manifest\u00f3 m\u00e1s tarde a una persona de confianza, d\u00e1ndole como raz\u00f3n, que sus pecados hab\u00edan sido la causa del mal que hab\u00eda sucedido, y que era justo que hiciera penitencia.<\/p>\n<p>\u2014El Sr. Vicente a Luisa de Marillac hacia 1630 (1.86\/14(9. \u00abLe aconseja y todo lo que el fervor de usted le propone, salvo la disciplina, que no debe pasar de tres veces por semana\u00bb. (1.86\/148).<\/p>\n<p>\u2014(Antes de 1634- a Luisa de Marillac).<\/p>\n<p>\u00abY si usted no puede tomar la disciplina, pero tiene un cintur\u00f3n de botoncitos de plata que la Se\u00f1orita du Fay me ha hecho ver otras veces, \u00faselo en vez de la disciplina y en lugar del de pelo de caballo, ya que \u00e9stos calientan demasiado. (1.101\/163).<\/p>\n<p>El reglamento de Luisa de Marillac dice: \u00abTomar\u00e9, en esp\u00edritu de penitencia, la disciplina, (dir\u00e9) un \u00abPadrenuestro\u00bb para honrar a Jesu\u00adcristo, un \u00abAvemar\u00eda\u00bb para honrar a la Sant\u00edsima Virgen, y el \u00abDe Profundis\u00bb por las almas del Purgatorio; y todos los d\u00edas en que reci\u00adba la Sagrada Comuni\u00f3n llevar\u00e9 por la ma\u00f1ana el cintur\u00f3n de peniten\u00adcia y el viernes lo llevar\u00e9 durante todo el d\u00eda\u00bb.<\/p>\n<p>Sainte Louise de Marillac, <strong>\u00c9crits Spirituels, <\/strong>Par\u00eds, 1983, p.689. Luisa de Marillac al abad de Vaux \u2014Julio de 1641\u2014.<\/p>\n<p>\u00abEs usted, Se\u00f1or, si le place, quien debe regul\u00e1rselas seg\u00fan sus necesidades, porque de ordinario no se les permite con facilidad m\u00e1s que la disciplina que sirve, como dice nuestro Bienaventurado Padre, para despertar la devoci\u00f3n. Le env\u00edo dos cilicios y seis cinturones; creo que algunas ya los tienen. Su caridad ver\u00e1 de qu\u00e9 manera pue\u00adden usarlos, cuando lo juzgue oportuno, porque hay tantas cosas que considerar, que no se puede dar desde aqu\u00ed ninguna norma\u00bb.<\/p>\n<p>Louise de Marillac, <strong>\u00c9crits spirituels, <\/strong>pp. 55\/63 (en espa\u00f1ol).<\/p>\n<p>Luisa de Marillac al abad de Vaux, 7 de agosto de 1641.<\/p>\n<p>\u00abA \u00e9l le parece, Se\u00f1or, que, mientras puedan, no falten a los ayunos de la Iglesia ni a la abstinencia los viernes, y que, cuando su salud lo permita, lleven el cilicio de cintura los lunes por la ma\u00f1ana solamente, y tomen la disciplina los viernes\u00bb.<\/p>\n<p>Louise de Marillac, <strong>\u00c9crits spirituels, <\/strong>pp. 57\/65 (en espa\u00f1ol).<\/p>\n<p>Luisa de Marillac al abad de Vaux, 3 de enero de 1642.<\/p>\n<p>\u00abMe encuentro sin saber qu\u00e9 decirle por lo que se refiere a la que pide cilicio de cintura. \u00bfNo le parece a usted, Se\u00f1or, si cree verdade\u00adramente lo necesita, que podr\u00eda contentarse dos o tres horas al d\u00eda? No s\u00e9 si hace uso de la disciplina. Ya sabe usted que nuestro Bien\u00adaventurado Padre la aconsejaba\u00bb.<\/p>\n<p>Louise de Marillac, <strong>\u00c9crits spirituels, <\/strong>pp. 66\/73 (en espa\u00f1ol). <strong>198-199. <\/strong>Lleva cadenetas y aconseja la disciplina (Cf. Nota precedente).<\/p><\/blockquote>\n<h2><em>198.<strong> <\/strong><\/em><em><strong>Lleva cadenetas.<\/strong><\/em><\/h2>\n<p>Hay se\u00f1ales muy seguras de que se serv\u00eda de brazaletes, porque yo le he visto hasta dos, uno de ellos ya muy usado; alg\u00fan tiempo m\u00e1s adelante descubr\u00ed que ten\u00eda otro nuevo, cuando se le cay\u00f3 por descui\u00addo en una sala donde yo estaba.<\/p>\n<blockquote>\n<h3>Notas del P. Dodin:<\/h3>\n<p>Ver nota 197.<\/p><\/blockquote>\n<h2><em>199. <\/em><em><strong>Aconseja disciplina.<\/strong><\/em><\/h2>\n<p>Aconsejaba mucho que se usara la disciplina, pero con discreci\u00f3n y el permiso que se exige para eso en la Compa\u00f1\u00eda.<\/p>\n<blockquote>\n<h3>Notas del P. Dodin:<\/h3>\n<p>Ver nota 197.<\/p><\/blockquote>\n<h2><em>200.<strong> <\/strong><\/em><strong><em>Su comida es la misma que la de la Comunidad.<\/em><\/strong><\/h2>\n<p>En la mesa no quer\u00eda que le sirvieran otros platos, ni en mayor cantidad ni mejor que a la Comunidad.<\/p>\n<blockquote>\n<h3>Notas del P. Dodin:<\/h3>\n<p>Anotaci\u00f3n propia de L. Robineau.<\/p><\/blockquote>\n","protected":false},"excerpt":{"rendered":"<p>196.Es opuesto a usar guantes. Nos dijo un d\u00eda que la costumbre de la Compa\u00f1\u00eda siempre hab\u00eda sido la de no llevar guantes, incluso en invierno, excepto algunas ve\u00adces, cuando se va al campo para &#8230; <a href=\"https:\/\/vincentians.com\/es\/el-senor-vicente-visto-por-su-secretario-luis-robineau-articulos-196-al-200\/\" class=\"more-link\">Read More<\/a><\/p>\n","protected":false},"author":4,"featured_media":27211,"comment_status":"open","ping_status":"open","sticky":false,"template":"","format":"standard","meta":{"jetpack_post_was_ever_published":false,"_jetpack_newsletter_access":"","_jetpack_dont_email_post_to_subs":false,"_jetpack_newsletter_tier_id":0,"_jetpack_memberships_contains_paywalled_content":false,"_jetpack_memberships_contains_paid_content":false,"footnotes":"","jetpack_publicize_message":"","jetpack_publicize_feature_enabled":true,"jetpack_social_post_already_shared":true,"jetpack_social_options":{"image_generator_settings":{"template":"highway","default_image_id":0,"font":"","enabled":false},"version":2}},"categories":[311],"tags":[157,218,123,166],"class_list":["post-39737","post","type-post","status-publish","format-standard","has-post-thumbnail","hentry","category-escritos-de-luis-robineau","tag-abad-de-vaux","tag-abelly","tag-du-fay","tag-robineau"],"yoast_head":"<!-- This site is optimized with the Yoast SEO plugin v26.3 - https:\/\/yoast.com\/wordpress\/plugins\/seo\/ -->\n<title>El se\u00f1or Vicente visto por su secretario, Luis Robineau. Art\u00edculos 196 al 200 - Somos Vicencianos<\/title>\n<meta name=\"robots\" content=\"index, follow, max-snippet:-1, max-image-preview:large, max-video-preview:-1\" \/>\n<link rel=\"canonical\" href=\"https:\/\/vincentians.com\/es\/el-senor-vicente-visto-por-su-secretario-luis-robineau-articulos-196-al-200\/\" \/>\n<meta property=\"og:locale\" content=\"es_ES\" \/>\n<meta property=\"og:type\" content=\"article\" \/>\n<meta property=\"og:title\" content=\"El se\u00f1or Vicente visto por su secretario, Luis Robineau. Art\u00edculos 196 al 200 - Somos Vicencianos\" \/>\n<meta property=\"og:description\" content=\"196.Es opuesto a usar guantes. Nos dijo un d\u00eda que la costumbre de la Compa\u00f1\u00eda siempre hab\u00eda sido la de no llevar guantes, incluso en invierno, excepto algunas ve\u00adces, cuando se va al campo para ... Read More\" \/>\n<meta property=\"og:url\" content=\"https:\/\/vincentians.com\/es\/el-senor-vicente-visto-por-su-secretario-luis-robineau-articulos-196-al-200\/\" \/>\n<meta property=\"og:site_name\" content=\"Somos Vicencianos\" \/>\n<meta property=\"article:publisher\" content=\"https:\/\/www.facebook.com\/WeAreVincentians\/\" \/>\n<meta property=\"article:author\" content=\"https:\/\/www.facebook.com\/JavierChento\" \/>\n<meta property=\"article:published_time\" content=\"2014-03-10T01:37:37+00:00\" \/>\n<meta name=\"author\" content=\"Francisco Javier Fern\u00e1ndez Chento\" \/>\n<meta name=\"twitter:card\" content=\"summary_large_image\" \/>\n<meta name=\"twitter:creator\" content=\"@https:\/\/twitter.com\/javierchento\" \/>\n<meta name=\"twitter:site\" content=\"@WeVincentians\" \/>\n<meta name=\"twitter:label1\" content=\"Escrito por\" \/>\n\t<meta name=\"twitter:data1\" content=\"Francisco Javier Fern\u00e1ndez Chento\" \/>\n\t<meta name=\"twitter:label2\" content=\"Tiempo de lectura\" \/>\n\t<meta name=\"twitter:data2\" content=\"5 minutos\" \/>\n<script type=\"application\/ld+json\" class=\"yoast-schema-graph\">{\"@context\":\"https:\/\/schema.org\",\"@graph\":[{\"@type\":\"Article\",\"@id\":\"https:\/\/vincentians.com\/es\/el-senor-vicente-visto-por-su-secretario-luis-robineau-articulos-196-al-200\/#article\",\"isPartOf\":{\"@id\":\"https:\/\/vincentians.com\/es\/el-senor-vicente-visto-por-su-secretario-luis-robineau-articulos-196-al-200\/\"},\"author\":{\"name\":\"Francisco Javier Fern\u00e1ndez Chento\",\"@id\":\"http:\/\/vincentians.com\/es\/#\/schema\/person\/9623ef4d9aa3b2dfb8c061f1499288f2\"},\"headline\":\"El se\u00f1or Vicente visto por su secretario, Luis Robineau. Art\u00edculos 196 al 200\",\"datePublished\":\"2014-03-10T01:37:37+00:00\",\"mainEntityOfPage\":{\"@id\":\"https:\/\/vincentians.com\/es\/el-senor-vicente-visto-por-su-secretario-luis-robineau-articulos-196-al-200\/\"},\"wordCount\":1042,\"commentCount\":0,\"publisher\":{\"@id\":\"http:\/\/vincentians.com\/es\/#organization\"},\"image\":{\"@id\":\"https:\/\/vincentians.com\/es\/el-senor-vicente-visto-por-su-secretario-luis-robineau-articulos-196-al-200\/#primaryimage\"},\"thumbnailUrl\":\"\",\"keywords\":[\"Abad de Vaux\",\"Abelly\",\"Du Fay\",\"Robineau\"],\"articleSection\":[\"Escritos de Luis Robineau\"],\"inLanguage\":\"es\",\"potentialAction\":[{\"@type\":\"CommentAction\",\"name\":\"Comment\",\"target\":[\"https:\/\/vincentians.com\/es\/el-senor-vicente-visto-por-su-secretario-luis-robineau-articulos-196-al-200\/#respond\"]}]},{\"@type\":\"WebPage\",\"@id\":\"https:\/\/vincentians.com\/es\/el-senor-vicente-visto-por-su-secretario-luis-robineau-articulos-196-al-200\/\",\"url\":\"https:\/\/vincentians.com\/es\/el-senor-vicente-visto-por-su-secretario-luis-robineau-articulos-196-al-200\/\",\"name\":\"El se\u00f1or Vicente visto por su secretario, Luis Robineau. Art\u00edculos 196 al 200 - Somos Vicencianos\",\"isPartOf\":{\"@id\":\"http:\/\/vincentians.com\/es\/#website\"},\"primaryImageOfPage\":{\"@id\":\"https:\/\/vincentians.com\/es\/el-senor-vicente-visto-por-su-secretario-luis-robineau-articulos-196-al-200\/#primaryimage\"},\"image\":{\"@id\":\"https:\/\/vincentians.com\/es\/el-senor-vicente-visto-por-su-secretario-luis-robineau-articulos-196-al-200\/#primaryimage\"},\"thumbnailUrl\":\"\",\"datePublished\":\"2014-03-10T01:37:37+00:00\",\"breadcrumb\":{\"@id\":\"https:\/\/vincentians.com\/es\/el-senor-vicente-visto-por-su-secretario-luis-robineau-articulos-196-al-200\/#breadcrumb\"},\"inLanguage\":\"es\",\"potentialAction\":[{\"@type\":\"ReadAction\",\"target\":[\"https:\/\/vincentians.com\/es\/el-senor-vicente-visto-por-su-secretario-luis-robineau-articulos-196-al-200\/\"]}]},{\"@type\":\"ImageObject\",\"inLanguage\":\"es\",\"@id\":\"https:\/\/vincentians.com\/es\/el-senor-vicente-visto-por-su-secretario-luis-robineau-articulos-196-al-200\/#primaryimage\",\"url\":\"\",\"contentUrl\":\"\"},{\"@type\":\"BreadcrumbList\",\"@id\":\"https:\/\/vincentians.com\/es\/el-senor-vicente-visto-por-su-secretario-luis-robineau-articulos-196-al-200\/#breadcrumb\",\"itemListElement\":[{\"@type\":\"ListItem\",\"position\":1,\"name\":\"Portada\",\"item\":\"http:\/\/vincentians.com\/es\/\"},{\"@type\":\"ListItem\",\"position\":2,\"name\":\"El se\u00f1or Vicente visto por su secretario, Luis Robineau. Art\u00edculos 196 al 200\"}]},{\"@type\":\"WebSite\",\"@id\":\"http:\/\/vincentians.com\/es\/#website\",\"url\":\"http:\/\/vincentians.com\/es\/\",\"name\":\"Somos Vicencianos\",\"description\":\"Know more to serve more\",\"publisher\":{\"@id\":\"http:\/\/vincentians.com\/es\/#organization\"},\"potentialAction\":[{\"@type\":\"SearchAction\",\"target\":{\"@type\":\"EntryPoint\",\"urlTemplate\":\"http:\/\/vincentians.com\/es\/?s={search_term_string}\"},\"query-input\":{\"@type\":\"PropertyValueSpecification\",\"valueRequired\":true,\"valueName\":\"search_term_string\"}}],\"inLanguage\":\"es\"},{\"@type\":\"Organization\",\"@id\":\"http:\/\/vincentians.com\/es\/#organization\",\"name\":\"The Vincentian Network\",\"url\":\"http:\/\/vincentians.com\/es\/\",\"logo\":{\"@type\":\"ImageObject\",\"inLanguage\":\"es\",\"@id\":\"http:\/\/vincentians.com\/es\/#\/schema\/logo\/image\/\",\"url\":\"https:\/\/i1.wp.com\/vincentians.com\/es\/wp-content\/uploads\/sites\/11\/2016\/06\/Vincentian-Network-logo-big.png?fit=778%2C778\",\"contentUrl\":\"https:\/\/i1.wp.com\/vincentians.com\/es\/wp-content\/uploads\/sites\/11\/2016\/06\/Vincentian-Network-logo-big.png?fit=778%2C778\",\"width\":778,\"height\":778,\"caption\":\"The Vincentian Network\"},\"image\":{\"@id\":\"http:\/\/vincentians.com\/es\/#\/schema\/logo\/image\/\"},\"sameAs\":[\"https:\/\/www.facebook.com\/WeAreVincentians\/\",\"https:\/\/x.com\/WeVincentians\"]},{\"@type\":\"Person\",\"@id\":\"http:\/\/vincentians.com\/es\/#\/schema\/person\/9623ef4d9aa3b2dfb8c061f1499288f2\",\"name\":\"Francisco Javier Fern\u00e1ndez Chento\",\"image\":{\"@type\":\"ImageObject\",\"inLanguage\":\"es\",\"@id\":\"http:\/\/vincentians.com\/es\/#\/schema\/person\/image\/\",\"url\":\"https:\/\/secure.gravatar.com\/avatar\/497d5cde87b4c3d097d0315953521681ba2cd523ee66e5077c3711f7021e65de?s=96&d=mm&r=g\",\"contentUrl\":\"https:\/\/secure.gravatar.com\/avatar\/497d5cde87b4c3d097d0315953521681ba2cd523ee66e5077c3711f7021e65de?s=96&d=mm&r=g\",\"caption\":\"Francisco Javier Fern\u00e1ndez Chento\"},\"description\":\"Director General y cofundador de La Red de Formaci\u00f3n Vicenciana. Javier es laico vicenciano, afiliado a la Congregaci\u00f3n de la Misi\u00f3n y miembro del Equipo de Misiones Populares de la provincia can\u00f3nica de Zaragoza (Espa\u00f1a) de la Congregaci\u00f3n de la Misi\u00f3n. Graduado en la Universidad Oberta de Catalunya con cuatro grados (Asistente de direcci\u00f3n, Gesti\u00f3n Administrativa, Recursos Humanos y Contabilidad Avanzada). Bil\u00edng\u00fce Espa\u00f1ol\/Ingl\u00e9s. gestiona y mantiene varias p\u00e1ginas web cristianas y vicencianas, incluida including La Red de Formaci\u00f3n Vicenciana, de la que es cofundador. Actualmente es responsable del \u00e1rea de Espa\u00f1ol de .famvin, la Red de Noticias de la Familia Vicenciana. Tambi\u00e9n es m\u00fasico cat\u00f3lico y ha editado varios discos. Es Director General y cofundador de Trovador, una reconocida compa\u00f1\u00eda discogr\u00e1fica critiana de Espa\u00f1a. Trabaja en las Tecnolog\u00edas de la Informaci\u00f3n, ofreciendo servicios de alojamiento, dise\u00f1o y mantenimiento Web, as\u00ed como asesoramiento, formaci\u00f3n y soluciones inform\u00e1ticas, gesti\u00f3n documental y digitalizaci\u00f3n de textos, edici\u00f3n y maquetaci\u00f3n de libros, revistas, flyers, etc.\",\"sameAs\":[\"http:\/\/chento.org\",\"https:\/\/www.facebook.com\/JavierChento\",\"https:\/\/x.com\/https:\/\/twitter.com\/javierchento\"],\"url\":\"https:\/\/vincentians.com\/es\/author\/chento\/\"}]}<\/script>\n<!-- \/ Yoast SEO plugin. -->","yoast_head_json":{"title":"El se\u00f1or Vicente visto por su secretario, Luis Robineau. Art\u00edculos 196 al 200 - Somos Vicencianos","robots":{"index":"index","follow":"follow","max-snippet":"max-snippet:-1","max-image-preview":"max-image-preview:large","max-video-preview":"max-video-preview:-1"},"canonical":"https:\/\/vincentians.com\/es\/el-senor-vicente-visto-por-su-secretario-luis-robineau-articulos-196-al-200\/","og_locale":"es_ES","og_type":"article","og_title":"El se\u00f1or Vicente visto por su secretario, Luis Robineau. Art\u00edculos 196 al 200 - Somos Vicencianos","og_description":"196.Es opuesto a usar guantes. Nos dijo un d\u00eda que la costumbre de la Compa\u00f1\u00eda siempre hab\u00eda sido la de no llevar guantes, incluso en invierno, excepto algunas ve\u00adces, cuando se va al campo para ... Read More","og_url":"https:\/\/vincentians.com\/es\/el-senor-vicente-visto-por-su-secretario-luis-robineau-articulos-196-al-200\/","og_site_name":"Somos Vicencianos","article_publisher":"https:\/\/www.facebook.com\/WeAreVincentians\/","article_author":"https:\/\/www.facebook.com\/JavierChento","article_published_time":"2014-03-10T01:37:37+00:00","author":"Francisco Javier Fern\u00e1ndez Chento","twitter_card":"summary_large_image","twitter_creator":"@https:\/\/twitter.com\/javierchento","twitter_site":"@WeVincentians","twitter_misc":{"Escrito por":"Francisco Javier Fern\u00e1ndez Chento","Tiempo de lectura":"5 minutos"},"schema":{"@context":"https:\/\/schema.org","@graph":[{"@type":"Article","@id":"https:\/\/vincentians.com\/es\/el-senor-vicente-visto-por-su-secretario-luis-robineau-articulos-196-al-200\/#article","isPartOf":{"@id":"https:\/\/vincentians.com\/es\/el-senor-vicente-visto-por-su-secretario-luis-robineau-articulos-196-al-200\/"},"author":{"name":"Francisco Javier Fern\u00e1ndez Chento","@id":"http:\/\/vincentians.com\/es\/#\/schema\/person\/9623ef4d9aa3b2dfb8c061f1499288f2"},"headline":"El se\u00f1or Vicente visto por su secretario, Luis Robineau. Art\u00edculos 196 al 200","datePublished":"2014-03-10T01:37:37+00:00","mainEntityOfPage":{"@id":"https:\/\/vincentians.com\/es\/el-senor-vicente-visto-por-su-secretario-luis-robineau-articulos-196-al-200\/"},"wordCount":1042,"commentCount":0,"publisher":{"@id":"http:\/\/vincentians.com\/es\/#organization"},"image":{"@id":"https:\/\/vincentians.com\/es\/el-senor-vicente-visto-por-su-secretario-luis-robineau-articulos-196-al-200\/#primaryimage"},"thumbnailUrl":"","keywords":["Abad de Vaux","Abelly","Du Fay","Robineau"],"articleSection":["Escritos de Luis Robineau"],"inLanguage":"es","potentialAction":[{"@type":"CommentAction","name":"Comment","target":["https:\/\/vincentians.com\/es\/el-senor-vicente-visto-por-su-secretario-luis-robineau-articulos-196-al-200\/#respond"]}]},{"@type":"WebPage","@id":"https:\/\/vincentians.com\/es\/el-senor-vicente-visto-por-su-secretario-luis-robineau-articulos-196-al-200\/","url":"https:\/\/vincentians.com\/es\/el-senor-vicente-visto-por-su-secretario-luis-robineau-articulos-196-al-200\/","name":"El se\u00f1or Vicente visto por su secretario, Luis Robineau. Art\u00edculos 196 al 200 - Somos Vicencianos","isPartOf":{"@id":"http:\/\/vincentians.com\/es\/#website"},"primaryImageOfPage":{"@id":"https:\/\/vincentians.com\/es\/el-senor-vicente-visto-por-su-secretario-luis-robineau-articulos-196-al-200\/#primaryimage"},"image":{"@id":"https:\/\/vincentians.com\/es\/el-senor-vicente-visto-por-su-secretario-luis-robineau-articulos-196-al-200\/#primaryimage"},"thumbnailUrl":"","datePublished":"2014-03-10T01:37:37+00:00","breadcrumb":{"@id":"https:\/\/vincentians.com\/es\/el-senor-vicente-visto-por-su-secretario-luis-robineau-articulos-196-al-200\/#breadcrumb"},"inLanguage":"es","potentialAction":[{"@type":"ReadAction","target":["https:\/\/vincentians.com\/es\/el-senor-vicente-visto-por-su-secretario-luis-robineau-articulos-196-al-200\/"]}]},{"@type":"ImageObject","inLanguage":"es","@id":"https:\/\/vincentians.com\/es\/el-senor-vicente-visto-por-su-secretario-luis-robineau-articulos-196-al-200\/#primaryimage","url":"","contentUrl":""},{"@type":"BreadcrumbList","@id":"https:\/\/vincentians.com\/es\/el-senor-vicente-visto-por-su-secretario-luis-robineau-articulos-196-al-200\/#breadcrumb","itemListElement":[{"@type":"ListItem","position":1,"name":"Portada","item":"http:\/\/vincentians.com\/es\/"},{"@type":"ListItem","position":2,"name":"El se\u00f1or Vicente visto por su secretario, Luis Robineau. Art\u00edculos 196 al 200"}]},{"@type":"WebSite","@id":"http:\/\/vincentians.com\/es\/#website","url":"http:\/\/vincentians.com\/es\/","name":"Somos Vicencianos","description":"Know more to serve more","publisher":{"@id":"http:\/\/vincentians.com\/es\/#organization"},"potentialAction":[{"@type":"SearchAction","target":{"@type":"EntryPoint","urlTemplate":"http:\/\/vincentians.com\/es\/?s={search_term_string}"},"query-input":{"@type":"PropertyValueSpecification","valueRequired":true,"valueName":"search_term_string"}}],"inLanguage":"es"},{"@type":"Organization","@id":"http:\/\/vincentians.com\/es\/#organization","name":"The Vincentian Network","url":"http:\/\/vincentians.com\/es\/","logo":{"@type":"ImageObject","inLanguage":"es","@id":"http:\/\/vincentians.com\/es\/#\/schema\/logo\/image\/","url":"https:\/\/i1.wp.com\/vincentians.com\/es\/wp-content\/uploads\/sites\/11\/2016\/06\/Vincentian-Network-logo-big.png?fit=778%2C778","contentUrl":"https:\/\/i1.wp.com\/vincentians.com\/es\/wp-content\/uploads\/sites\/11\/2016\/06\/Vincentian-Network-logo-big.png?fit=778%2C778","width":778,"height":778,"caption":"The Vincentian Network"},"image":{"@id":"http:\/\/vincentians.com\/es\/#\/schema\/logo\/image\/"},"sameAs":["https:\/\/www.facebook.com\/WeAreVincentians\/","https:\/\/x.com\/WeVincentians"]},{"@type":"Person","@id":"http:\/\/vincentians.com\/es\/#\/schema\/person\/9623ef4d9aa3b2dfb8c061f1499288f2","name":"Francisco Javier Fern\u00e1ndez Chento","image":{"@type":"ImageObject","inLanguage":"es","@id":"http:\/\/vincentians.com\/es\/#\/schema\/person\/image\/","url":"https:\/\/secure.gravatar.com\/avatar\/497d5cde87b4c3d097d0315953521681ba2cd523ee66e5077c3711f7021e65de?s=96&d=mm&r=g","contentUrl":"https:\/\/secure.gravatar.com\/avatar\/497d5cde87b4c3d097d0315953521681ba2cd523ee66e5077c3711f7021e65de?s=96&d=mm&r=g","caption":"Francisco Javier Fern\u00e1ndez Chento"},"description":"Director General y cofundador de La Red de Formaci\u00f3n Vicenciana. Javier es laico vicenciano, afiliado a la Congregaci\u00f3n de la Misi\u00f3n y miembro del Equipo de Misiones Populares de la provincia can\u00f3nica de Zaragoza (Espa\u00f1a) de la Congregaci\u00f3n de la Misi\u00f3n. Graduado en la Universidad Oberta de Catalunya con cuatro grados (Asistente de direcci\u00f3n, Gesti\u00f3n Administrativa, Recursos Humanos y Contabilidad Avanzada). Bil\u00edng\u00fce Espa\u00f1ol\/Ingl\u00e9s. gestiona y mantiene varias p\u00e1ginas web cristianas y vicencianas, incluida including La Red de Formaci\u00f3n Vicenciana, de la que es cofundador. Actualmente es responsable del \u00e1rea de Espa\u00f1ol de .famvin, la Red de Noticias de la Familia Vicenciana. Tambi\u00e9n es m\u00fasico cat\u00f3lico y ha editado varios discos. Es Director General y cofundador de Trovador, una reconocida compa\u00f1\u00eda discogr\u00e1fica critiana de Espa\u00f1a. Trabaja en las Tecnolog\u00edas de la Informaci\u00f3n, ofreciendo servicios de alojamiento, dise\u00f1o y mantenimiento Web, as\u00ed como asesoramiento, formaci\u00f3n y soluciones inform\u00e1ticas, gesti\u00f3n documental y digitalizaci\u00f3n de textos, edici\u00f3n y maquetaci\u00f3n de libros, revistas, flyers, etc.","sameAs":["http:\/\/chento.org","https:\/\/www.facebook.com\/JavierChento","https:\/\/x.com\/https:\/\/twitter.com\/javierchento"],"url":"https:\/\/vincentians.com\/es\/author\/chento\/"}]}},"jetpack_publicize_connections":[],"jetpack_featured_media_url":"","jetpack_sharing_enabled":true,"jetpack_shortlink":"https:\/\/wp.me\/p7ETMF-akV","jetpack-related-posts":[{"id":39461,"url":"https:\/\/vincentians.com\/es\/el-senor-vicente-visto-por-su-secretario-luis-robineau-articulos-191-al-195\/","url_meta":{"origin":39737,"position":0},"title":"El se\u00f1or Vicente visto por su secretario, Luis Robineau. Art\u00edculos 191 al 195","author":"Francisco Javier Fern\u00e1ndez Chento","date":"09\/03\/2014","format":false,"excerpt":"191. Ruega secreto para los actos honrosos. Una vez me rog\u00f3 expresamente que no hablara de cierta cosa, que me hab\u00eda comunicado, y hasta me lo hizo prometer, antes de que me lo dijera, de no decir nada a nadie. Pues bien, no conozco ninguna otra raz\u00f3n para exigirme tal\u2026","rel":"","context":"En \u00abEscritos de Luis Robineau\u00bb","block_context":{"text":"Escritos de Luis Robineau","link":"https:\/\/vincentians.com\/es\/category\/escritos\/escritos-de-luis-robineau\/"},"img":{"alt_text":"","src":"","width":0,"height":0},"classes":[]},{"id":36977,"url":"https:\/\/vincentians.com\/es\/el-senor-vicente-visto-por-su-secretario-luis-robineau-articulos-141-al-145\/","url_meta":{"origin":39737,"position":1},"title":"El se\u00f1or Vicente visto por su secretario, Luis Robineau. Art\u00edculos 141 al 145","author":"Francisco Javier Fern\u00e1ndez Chento","date":"07\/06\/2025","format":false,"excerpt":"141. Primac\u00eda de la Oraci\u00f3n. Si ten\u00eda que emprender alguna cosa importante, precisaba dedicar\u00adse en primer lugar y antes que a ninguna otra cosa, a su devoci\u00f3n y a las oraciones de su Compa\u00f1\u00eda, acudiendo a Dios para saber lo que hab\u00eda que hacer. 142. Caracter\u00edsticas de la predicaci\u00f3n. Su\u2026","rel":"","context":"En \u00abEscritos de Luis Robineau\u00bb","block_context":{"text":"Escritos de Luis Robineau","link":"https:\/\/vincentians.com\/es\/category\/escritos\/escritos-de-luis-robineau\/"},"img":{"alt_text":"","src":"https:\/\/i0.wp.com\/vincentians.com\/es\/wp-content\/uploads\/sites\/11\/2013\/04\/g-5.jpg?fit=1170%2C692&ssl=1&resize=350%2C200","width":350,"height":200,"srcset":"https:\/\/i0.wp.com\/vincentians.com\/es\/wp-content\/uploads\/sites\/11\/2013\/04\/g-5.jpg?fit=1170%2C692&ssl=1&resize=350%2C200 1x, https:\/\/i0.wp.com\/vincentians.com\/es\/wp-content\/uploads\/sites\/11\/2013\/04\/g-5.jpg?fit=1170%2C692&ssl=1&resize=525%2C300 1.5x, https:\/\/i0.wp.com\/vincentians.com\/es\/wp-content\/uploads\/sites\/11\/2013\/04\/g-5.jpg?fit=1170%2C692&ssl=1&resize=700%2C400 2x, https:\/\/i0.wp.com\/vincentians.com\/es\/wp-content\/uploads\/sites\/11\/2013\/04\/g-5.jpg?fit=1170%2C692&ssl=1&resize=1050%2C600 3x"},"classes":[]},{"id":34576,"url":"https:\/\/vincentians.com\/es\/el-senor-vicente-visto-por-su-secretario-luis-robineau-articulos-131-al-135\/","url_meta":{"origin":39737,"position":2},"title":"El se\u00f1or Vicente visto por su secretario, Luis Robineau. Art\u00edculos 131 al 135","author":"Francisco Javier Fern\u00e1ndez Chento","date":"27\/05\/2025","format":false,"excerpt":"131. Levantarse por la ma\u00f1ana a pesar de la inclemencia del tiempo y de sus enfermedades. La puntualidad, al levantarse todas las ma\u00f1anas, a las cuatro, mien\u00adtras fue capaz de hacerlo sin miramientos a los rigores del invierno y a los insomnios de su cuerpo, hasta a veces con fiebre,\u2026","rel":"","context":"En \u00abEscritos de Luis Robineau\u00bb","block_context":{"text":"Escritos de Luis Robineau","link":"https:\/\/vincentians.com\/es\/category\/escritos\/escritos-de-luis-robineau\/"},"img":{"alt_text":"","src":"https:\/\/i0.wp.com\/vincentians.com\/es\/wp-content\/uploads\/sites\/11\/2023\/08\/aaaf.jpg?fit=1200%2C827&ssl=1&resize=350%2C200","width":350,"height":200,"srcset":"https:\/\/i0.wp.com\/vincentians.com\/es\/wp-content\/uploads\/sites\/11\/2023\/08\/aaaf.jpg?fit=1200%2C827&ssl=1&resize=350%2C200 1x, https:\/\/i0.wp.com\/vincentians.com\/es\/wp-content\/uploads\/sites\/11\/2023\/08\/aaaf.jpg?fit=1200%2C827&ssl=1&resize=525%2C300 1.5x, https:\/\/i0.wp.com\/vincentians.com\/es\/wp-content\/uploads\/sites\/11\/2023\/08\/aaaf.jpg?fit=1200%2C827&ssl=1&resize=700%2C400 2x, https:\/\/i0.wp.com\/vincentians.com\/es\/wp-content\/uploads\/sites\/11\/2023\/08\/aaaf.jpg?fit=1200%2C827&ssl=1&resize=1050%2C600 3x"},"classes":[]},{"id":38062,"url":"https:\/\/vincentians.com\/es\/el-senor-vicente-visto-por-su-secretario-luis-robineau-articulos-166-al-170\/","url_meta":{"origin":39737,"position":3},"title":"El se\u00f1or Vicente visto por su secretario, Luis Robineau. Art\u00edculos 166 al 170","author":"Francisco Javier Fern\u00e1ndez Chento","date":"04\/03\/2014","format":false,"excerpt":"166. Aguanta unos insultos en un pleito. Un d\u00eda sufri\u00f3 con tanta humildad y paciencia los insultos, palabras injuriosas y ofensivas, que le dijo la parte contraria en presencia, ade\u00adm\u00e1s, de algunos externos, que uno de dichos abogados me ha dicho, que era admirable ver con qu\u00e9 paciencia toleraba el\u2026","rel":"","context":"En \u00abEscritos de Luis Robineau\u00bb","block_context":{"text":"Escritos de Luis Robineau","link":"https:\/\/vincentians.com\/es\/category\/escritos\/escritos-de-luis-robineau\/"},"img":{"alt_text":"","src":"","width":0,"height":0},"classes":[]},{"id":41987,"url":"https:\/\/vincentians.com\/es\/el-senor-vicente-visto-por-su-secretario-luis-robineau-articulos-246-al-250\/","url_meta":{"origin":39737,"position":4},"title":"El se\u00f1or Vicente visto por su secretario, Luis Robineau. Art\u00edculos 246 al 250","author":"Francisco Javier Fern\u00e1ndez Chento","date":"20\/03\/2014","format":false,"excerpt":"246. El verdadero misionero debe arriesgarse. Eso es tambi\u00e9n lo que le hac\u00eda decir que no seremos verdaderos cristianos hasta que no estemos dispuestos a perder todo por el amor de Dios, y a dar nuestras vidas por Jesucristo. Notas del P. Dodin: Sentencia omitida por L. Abelly. 247. El\u2026","rel":"","context":"En \u00abEscritos de Luis Robineau\u00bb","block_context":{"text":"Escritos de Luis Robineau","link":"https:\/\/vincentians.com\/es\/category\/escritos\/escritos-de-luis-robineau\/"},"img":{"alt_text":"","src":"","width":0,"height":0},"classes":[]},{"id":31698,"url":"https:\/\/vincentians.com\/es\/el-senor-vicente-visto-por-su-secretario-luis-robineau-articulos-051-al-055\/","url_meta":{"origin":39737,"position":5},"title":"El se\u00f1or Vicente visto por su secretario, Luis Robineau. Art\u00edculos 051 al 055","author":"Francisco Javier Fern\u00e1ndez Chento","date":"17\/01\/2025","format":false,"excerpt":"051. Humildad, porque su mortificaci\u00f3n es conocida. Una ma\u00f1ana, al entrar en la salita de San Jos\u00e9 se le cay\u00f3 al suelo un cintur\u00f3n peque\u00f1o, o brazalete con pinchos; y al inclinarse para reco\u00adgerlo, le dije, al tiempo que se lo pon\u00eda en las manos: \"Mire, Se\u00f1or, un instrumento de\u2026","rel":"","context":"En \u00abEscritos de Luis Robineau\u00bb","block_context":{"text":"Escritos de Luis Robineau","link":"https:\/\/vincentians.com\/es\/category\/escritos\/escritos-de-luis-robineau\/"},"img":{"alt_text":"","src":"https:\/\/i0.wp.com\/vincentians.com\/es\/wp-content\/uploads\/sites\/11\/2013\/04\/f-8-scaled.jpg?fit=1200%2C570&ssl=1&resize=350%2C200","width":350,"height":200,"srcset":"https:\/\/i0.wp.com\/vincentians.com\/es\/wp-content\/uploads\/sites\/11\/2013\/04\/f-8-scaled.jpg?fit=1200%2C570&ssl=1&resize=350%2C200 1x, https:\/\/i0.wp.com\/vincentians.com\/es\/wp-content\/uploads\/sites\/11\/2013\/04\/f-8-scaled.jpg?fit=1200%2C570&ssl=1&resize=525%2C300 1.5x, https:\/\/i0.wp.com\/vincentians.com\/es\/wp-content\/uploads\/sites\/11\/2013\/04\/f-8-scaled.jpg?fit=1200%2C570&ssl=1&resize=700%2C400 2x, https:\/\/i0.wp.com\/vincentians.com\/es\/wp-content\/uploads\/sites\/11\/2013\/04\/f-8-scaled.jpg?fit=1200%2C570&ssl=1&resize=1050%2C600 3x"},"classes":[]}],"_links":{"self":[{"href":"https:\/\/vincentians.com\/es\/wp-json\/wp\/v2\/posts\/39737","targetHints":{"allow":["GET"]}}],"collection":[{"href":"https:\/\/vincentians.com\/es\/wp-json\/wp\/v2\/posts"}],"about":[{"href":"https:\/\/vincentians.com\/es\/wp-json\/wp\/v2\/types\/post"}],"author":[{"embeddable":true,"href":"https:\/\/vincentians.com\/es\/wp-json\/wp\/v2\/users\/4"}],"replies":[{"embeddable":true,"href":"https:\/\/vincentians.com\/es\/wp-json\/wp\/v2\/comments?post=39737"}],"version-history":[{"count":0,"href":"https:\/\/vincentians.com\/es\/wp-json\/wp\/v2\/posts\/39737\/revisions"}],"wp:featuredmedia":[{"embeddable":true,"href":"https:\/\/vincentians.com\/es\/wp-json\/"}],"wp:attachment":[{"href":"https:\/\/vincentians.com\/es\/wp-json\/wp\/v2\/media?parent=39737"}],"wp:term":[{"taxonomy":"category","embeddable":true,"href":"https:\/\/vincentians.com\/es\/wp-json\/wp\/v2\/categories?post=39737"},{"taxonomy":"post_tag","embeddable":true,"href":"https:\/\/vincentians.com\/es\/wp-json\/wp\/v2\/tags?post=39737"}],"curies":[{"name":"wp","href":"https:\/\/api.w.org\/{rel}","templated":true}]}}