{"id":39671,"date":"2014-11-13T08:29:46","date_gmt":"2014-11-13T07:29:46","guid":{"rendered":"http:\/\/somos.vicencianos.org\/blog\/2011\/06\/misiones-populares-en-espana-1975-2000-1991\/"},"modified":"2014-11-13T08:29:46","modified_gmt":"2014-11-13T07:29:46","slug":"misiones-populares-en-espana-1975-2000-1991","status":"publish","type":"post","link":"https:\/\/vincentians.com\/es\/misiones-populares-en-espana-1975-2000-1991\/","title":{"rendered":"Misiones populares en Espa\u00f1a, 1975-2000: 1991"},"content":{"rendered":"<h2><strong>1991<\/strong><\/h2>\n<p><strong>1.- TRES PARROQUIAS<\/strong> (Huelva): 10-26 enero. PP. Julio Herrero, Jes\u00fas Rdez. Rico, Te\u00f3filo Ordo\u00f1ez, Eutiquio Garc\u00eda, Jos\u00e9 Gonzalo, Manuel Freire, Fabriciano Prado, Andr\u00e9s Pato, Rafael Carracedo, Jos\u00e9 Capitas, Pedro Pascual, Juan Velasco, \u00c1ngel Oyanguren, \u00c1ngel Aoiz y Baltasar Indurain. (An. 1991, BPZ,\u00a0 BPM y BPS).<\/p>\n<p style=\"padding-left: 30px\"><em>Junto con varias HH. de la C.<\/em><\/p>\n<p style=\"padding-left: 30px\"><em>Primera semana (Asambleas familiares); segunda semana (semana de predicaci\u00f3n).<\/em><\/p>\n<p style=\"padding-left: 30px\"><em>Se misiona el resto de la ciudad por misioneros de otras Congregaciones.<\/em><\/p>\n<p>&nbsp;<\/p>\n<p><strong>2.- PARROQUIA DE MONTEOLIVETE<\/strong> (Valencia): 13 de enero- 10 febrero. PP. Pablo Dom\u00ednguez, Jose Mulet, Ander Arregui,\u00a0 Javier Mnez San Juan y Jes\u00fas M\u00aa Egues. (An. 1991 y BPB).<\/p>\n<p style=\"padding-left: 30px\"><em>Junto con varias HH. de la C. y seglares<\/em><\/p>\n<p>&nbsp;<\/p>\n<p>&nbsp;<\/p>\n<div id=\"attachment_39711\" style=\"width: 310px\" class=\"wp-caption alignright\"><a href=\"https:\/\/i0.wp.com\/vicencianos.org\/wp-content\/2011\/05\/Horche.jpg\"><img data-recalc-dims=\"1\" loading=\"lazy\" decoding=\"async\" aria-describedby=\"caption-attachment-39711\" class=\"size-medium wp-image-39711\" title=\"Horche\" src=\"https:\/\/i0.wp.com\/vicencianos.org\/wp-content\/2011\/05\/Horche-300x204.jpg?resize=300%2C204\" alt=\"Horche\" width=\"300\" height=\"204\" \/><\/a><p id=\"caption-attachment-39711\" class=\"wp-caption-text\">Horche<\/p><\/div>\n<p>3.- ARCIPRESTAZGO DE HORCHE (Guadalajara): 7-24 febrero. Horche, Yebes, Chiloeches, Pozo Guadalajara, Pioz, Iriepal, Valdenoches, Taracena, Valfermoso de Taju\u00f1a, Tomellosa de Taju\u00f1a, Lupiana, Valdeavellano, Romanones, Tendilla, Fuenelviejo y Armu\u00f1a de Taju\u00f1a. PP. Eutiquio Garc\u00eda, Jos\u00e9 M\u00aa Nieto, Florentino Villanueva, Fernando Casado, Enrique Velayos, F\u00e9lix \u00c1lvarez, Teodoro Barqu\u00edn, Pedro Pascual y Manuel Freire. (An. 1991, BPM y BPS).<\/p>\n<p style=\"padding-left: 30px\"><em>Junto con varias HH. de la C. y seglares<\/em><\/p>\n<p>&nbsp;<\/p>\n<p>&nbsp;<\/p>\n<p>&nbsp;<\/p>\n<p><strong>4.- VILLANUEVA DE JILOCA, VALDEHORNA y VAL DE SAN MARTIN<\/strong> (Zaragoza-Teruel): 7-17 febrero. PP. \u00c1ngel Oyanguren, Baltasar Indurain, F\u00e9lix Villafranca y Javier Artaso. (An. 1991 y BPZ).<\/p>\n<p><strong>5.- BARRIO DE\u00a0 SAN PABLO<\/strong> (Albacete): 1-10 marzo. PP. Ander Arregui y Pablo Dom\u00ednguez. (An. 1991 y BPZ).<\/p>\n<p><strong>6.- PARROQUIA DE LA INMACULADA <\/strong>(Reus-Tarragona) 2-16 marzo. PP. Miguel Garc\u00eda, Angel Sol\u00e1 y Jos\u00e9 M\u00aa Biosca. (An. 1991 y BPB).<\/p>\n<p style=\"padding-left: 30px\"><em>Junto con varias HH. de la C. y seglares.<\/em><\/p>\n<p style=\"padding-left: 30px\"><em>Tambi\u00e9n colaboran dos Seminaristas y un di\u00e1cono.<\/em><\/p>\n<p>&nbsp;<\/p>\n<p><strong>7.- ARCIPRESTAZGO DE MORA<\/strong> (Toledo): 1-17 marzo. Mora, Nambroca, Almonacid de Toledo, Manzaneque, Villaminaya, Mascaraque, Villanueva de Bogas, Villamuelas.\u00a0 PP. Florentino Villanueva, Jos\u00e9 Gonzalo, Jes\u00fas Lusarreta, Fernando Casado, F\u00e9lix \u00c1lvarez, Jos\u00e9 Mazuelas, Javier \u00c1lvarez, Eutiquio Garc\u00eda, Hilario S\u00e1iz, Jos\u00e9 Luis Cortazar y Jos\u00e9 M\u00aa Nieto. (An. 1991 y BPM).<\/p>\n<p style=\"padding-left: 30px\"><em>Junto con quince HH. de la C.<\/em><\/p>\n<p>&nbsp;<\/p>\n<p><strong>8.- LOS LLANOS y EL ALQUI\u00c1N<\/strong> (Almer\u00eda): 11-27 abril. PP. Jes\u00fas Lusarreta, Fernando Casado, Teodoro Mart\u00edn, Victoriano Tobar y Miguel \u00c1ngel Renes. (An. 1992).<\/p>\n<p>&nbsp;<\/p>\n<p><strong>9.- PARROQUIA SANTOS PATRONOS<\/strong> (Alzira-Valencia). 7 Abril- 5 mayo. PP. Luis M\u00aa San Juan, Javier Mnez, San Juan, Jes\u00fas M\u00aa Eg\u00fc\u00e9s, Javier Artaso y \u00c1ngel Oyanguren. (An. 1991 y BPZ).<\/p>\n<p style=\"padding-left: 30px\"><em>Junto con varias HH. de la C. y seglares.<\/em><\/p>\n<p>&nbsp;<\/p>\n<p><strong>10.- ZONA DE ASTURIAS<\/strong>: Villarpedre, Mesa, El Salvador, Berducedo, Lago, Santa Coloma, Valledor y San Emiliano (estas Parroquias abarcan un total de 55 pueblines). 28 de septiembre- 6 de octubre. PP. Pedro Pascual y otros dos. (BPS)<\/p>\n<p style=\"padding-left: 30px\"><em>Junto con dos HH. de la C. y dos Estudiantes.<\/em><\/p>\n<p>&nbsp;<\/p>\n<p><strong>11.- LLIRIA<\/strong> (Valencia): 7 Octubre-3 Noviembre. PP. Javier Artaso, Generoso Guembe, Jes\u00fas M\u00aa Eg\u00fc\u00e9s, Jos\u00e9 Vicente Nacher (ordenado durante la misi\u00f3n) y Luis M\u00aa Mnez. San Juan. (An. 1991, BPZ y BPB).<\/p>\n<p style=\"padding-left: 30px\"><em>Junto con varias HH. de la C. y seglares<\/em><\/p>\n<p>&nbsp;<\/p>\n<p><strong>12.- BENEJAMA<\/strong> (Alicante): 20 Octubre-10 Noviembre. PP. Juli\u00e1n Arana, Ander Arregui y Pablo Dom\u00ednguez. (An. 1991, BPZ y BPB).<\/p>\n<p style=\"padding-left: 30px\"><em>Junto con varias HH. de la C. y seglares<\/em><\/p>\n<p>&nbsp;<\/p>\n<p><strong>13.- ALCOLEA LA REAL<\/strong> (C\u00f3rdoba): 1-17 noviembre. PP. Manuel Freire, Fabriciano Prado y Jos\u00e9 Capitas.<\/p>\n<p style=\"padding-left: 30px\"><em>Junto con dos HH. de la C.<\/em><\/p>\n<p>&nbsp;<\/p>\n<p><strong>14.- ARCIPRESTAZGO DE LA JARA<\/strong> (Toledo): Campillo de la Jara, Mohedas de la Jara, Puerto de San Vicente, Aldeanueva de San Bartolom\u00e9 y La Estrella. 29 noviembre-15 diciembre. PP. Eutiquio Garc\u00eda, Fernando Casado, Quint\u00edn Pe\u00f1a, Jes\u00fas Lusarreta y Jose M\u00aa Nieto.(An. 1991).<\/p>\n<p style=\"padding-left: 30px\"><em>Junto con varias HH. de la C. y seglares<\/em><\/p>\n<p><strong>15.- LOS ARCOS<\/strong> (Navarra): 1-16 diciembre. PP. Luis M\u00aa Mnez. San Juan, F\u00e9lix Villafranca y Jes\u00fas M\u00aa Eg\u00fc\u00e9s. (An. 1991 y BPZ).<\/p>\n<p><strong>16.- COSUENDA<\/strong> (Zaragoza): 17 diciembre-\u00bf. PP. \u00c1ngel Oyanguren y F\u00e9lix Villafranca. (BPZ) HHCC (An. 1991 y BPZ).<\/p>\n<p style=\"padding-left: 30px\"><em>Junto con quince HH. de la C.<\/em><\/p>\n<p><strong>17.- ALMONACID DE LA SIERRA<\/strong> (Zaragoza). Diciembre. PP. Corpus Delgado y Jes\u00fas M\u00aa Eg\u00fc\u00e9s. (An. 1991 y BPZ).<\/p>\n<p style=\"padding-left: 30px\"><em>Junto con varias HH. de la C.<\/em><\/p>\n<p><strong>18.- VILLALGORDO DE J\u00daCAR<\/strong> (Albacete). Diciembre. PP. Javier Artaso, Juli\u00e1n Soriano y Ander Arregui.. (An. 1991 y BPZ).<\/p>\n","protected":false},"excerpt":{"rendered":"<p>1991 1.- TRES PARROQUIAS (Huelva): 10-26 enero. PP. Julio Herrero, Jes\u00fas Rdez. Rico, Te\u00f3filo Ordo\u00f1ez, Eutiquio Garc\u00eda, Jos\u00e9 Gonzalo, Manuel Freire, Fabriciano Prado, Andr\u00e9s Pato, Rafael Carracedo, Jos\u00e9 Capitas, Pedro Pascual, Juan Velasco, \u00c1ngel Oyanguren, &#8230; <a href=\"https:\/\/vincentians.com\/es\/misiones-populares-en-espana-1975-2000-1991\/\" class=\"more-link\">Read More<\/a><\/p>\n","protected":false},"author":4,"featured_media":39438,"comment_status":"open","ping_status":"open","sticky":false,"template":"","format":"standard","meta":{"jetpack_post_was_ever_published":false,"_jetpack_newsletter_access":"","_jetpack_dont_email_post_to_subs":false,"_jetpack_newsletter_tier_id":0,"_jetpack_memberships_contains_paywalled_content":false,"_jetpack_memberships_contains_paid_content":false,"footnotes":"","jetpack_publicize_message":"","jetpack_publicize_feature_enabled":true,"jetpack_social_post_already_shared":true,"jetpack_social_options":{"image_generator_settings":{"template":"highway","default_image_id":0,"font":"","enabled":false},"version":2}},"categories":[201],"tags":[176],"class_list":["post-39671","post","type-post","status-publish","format-standard","has-post-thumbnail","hentry","category-misiones-ad-gentes","tag-misiones-populares"],"yoast_head":"<!-- This site is optimized with the Yoast SEO plugin v26.3 - https:\/\/yoast.com\/wordpress\/plugins\/seo\/ -->\n<title>Misiones populares en Espa\u00f1a, 1975-2000: 1991 - Somos Vicencianos<\/title>\n<meta name=\"robots\" content=\"index, follow, max-snippet:-1, max-image-preview:large, max-video-preview:-1\" \/>\n<link rel=\"canonical\" href=\"https:\/\/vincentians.com\/es\/misiones-populares-en-espana-1975-2000-1991\/\" \/>\n<meta property=\"og:locale\" content=\"es_ES\" \/>\n<meta property=\"og:type\" content=\"article\" \/>\n<meta property=\"og:title\" content=\"Misiones populares en Espa\u00f1a, 1975-2000: 1991 - Somos Vicencianos\" \/>\n<meta property=\"og:description\" content=\"1991 1.- TRES PARROQUIAS (Huelva): 10-26 enero. PP. Julio Herrero, Jes\u00fas Rdez. Rico, Te\u00f3filo Ordo\u00f1ez, Eutiquio Garc\u00eda, Jos\u00e9 Gonzalo, Manuel Freire, Fabriciano Prado, Andr\u00e9s Pato, Rafael Carracedo, Jos\u00e9 Capitas, Pedro Pascual, Juan Velasco, \u00c1ngel Oyanguren, ... Read More\" \/>\n<meta property=\"og:url\" content=\"https:\/\/vincentians.com\/es\/misiones-populares-en-espana-1975-2000-1991\/\" \/>\n<meta property=\"og:site_name\" content=\"Somos Vicencianos\" \/>\n<meta property=\"article:publisher\" content=\"https:\/\/www.facebook.com\/WeAreVincentians\/\" \/>\n<meta property=\"article:author\" content=\"https:\/\/www.facebook.com\/JavierChento\" \/>\n<meta property=\"article:published_time\" content=\"2014-11-13T07:29:46+00:00\" \/>\n<meta name=\"author\" content=\"Francisco Javier Fern\u00e1ndez Chento\" \/>\n<meta name=\"twitter:card\" content=\"summary_large_image\" \/>\n<meta name=\"twitter:creator\" content=\"@https:\/\/twitter.com\/javierchento\" \/>\n<meta name=\"twitter:site\" content=\"@WeVincentians\" \/>\n<meta name=\"twitter:label1\" content=\"Escrito por\" \/>\n\t<meta name=\"twitter:data1\" content=\"Francisco Javier Fern\u00e1ndez Chento\" \/>\n\t<meta name=\"twitter:label2\" content=\"Tiempo de lectura\" \/>\n\t<meta name=\"twitter:data2\" content=\"4 minutos\" \/>\n<script type=\"application\/ld+json\" class=\"yoast-schema-graph\">{\"@context\":\"https:\/\/schema.org\",\"@graph\":[{\"@type\":\"Article\",\"@id\":\"https:\/\/vincentians.com\/es\/misiones-populares-en-espana-1975-2000-1991\/#article\",\"isPartOf\":{\"@id\":\"https:\/\/vincentians.com\/es\/misiones-populares-en-espana-1975-2000-1991\/\"},\"author\":{\"name\":\"Francisco Javier Fern\u00e1ndez Chento\",\"@id\":\"http:\/\/vincentians.com\/es\/#\/schema\/person\/9623ef4d9aa3b2dfb8c061f1499288f2\"},\"headline\":\"Misiones populares en Espa\u00f1a, 1975-2000: 1991\",\"datePublished\":\"2014-11-13T07:29:46+00:00\",\"mainEntityOfPage\":{\"@id\":\"https:\/\/vincentians.com\/es\/misiones-populares-en-espana-1975-2000-1991\/\"},\"wordCount\":706,\"commentCount\":0,\"publisher\":{\"@id\":\"http:\/\/vincentians.com\/es\/#organization\"},\"image\":{\"@id\":\"https:\/\/vincentians.com\/es\/misiones-populares-en-espana-1975-2000-1991\/#primaryimage\"},\"thumbnailUrl\":\"\",\"keywords\":[\"Misiones Populares\"],\"articleSection\":[\"Misiones \u00abAd gentes\u00bb\"],\"inLanguage\":\"es\",\"potentialAction\":[{\"@type\":\"CommentAction\",\"name\":\"Comment\",\"target\":[\"https:\/\/vincentians.com\/es\/misiones-populares-en-espana-1975-2000-1991\/#respond\"]}]},{\"@type\":\"WebPage\",\"@id\":\"https:\/\/vincentians.com\/es\/misiones-populares-en-espana-1975-2000-1991\/\",\"url\":\"https:\/\/vincentians.com\/es\/misiones-populares-en-espana-1975-2000-1991\/\",\"name\":\"Misiones populares en Espa\u00f1a, 1975-2000: 1991 - Somos Vicencianos\",\"isPartOf\":{\"@id\":\"http:\/\/vincentians.com\/es\/#website\"},\"primaryImageOfPage\":{\"@id\":\"https:\/\/vincentians.com\/es\/misiones-populares-en-espana-1975-2000-1991\/#primaryimage\"},\"image\":{\"@id\":\"https:\/\/vincentians.com\/es\/misiones-populares-en-espana-1975-2000-1991\/#primaryimage\"},\"thumbnailUrl\":\"\",\"datePublished\":\"2014-11-13T07:29:46+00:00\",\"breadcrumb\":{\"@id\":\"https:\/\/vincentians.com\/es\/misiones-populares-en-espana-1975-2000-1991\/#breadcrumb\"},\"inLanguage\":\"es\",\"potentialAction\":[{\"@type\":\"ReadAction\",\"target\":[\"https:\/\/vincentians.com\/es\/misiones-populares-en-espana-1975-2000-1991\/\"]}]},{\"@type\":\"ImageObject\",\"inLanguage\":\"es\",\"@id\":\"https:\/\/vincentians.com\/es\/misiones-populares-en-espana-1975-2000-1991\/#primaryimage\",\"url\":\"\",\"contentUrl\":\"\"},{\"@type\":\"BreadcrumbList\",\"@id\":\"https:\/\/vincentians.com\/es\/misiones-populares-en-espana-1975-2000-1991\/#breadcrumb\",\"itemListElement\":[{\"@type\":\"ListItem\",\"position\":1,\"name\":\"Portada\",\"item\":\"http:\/\/vincentians.com\/es\/\"},{\"@type\":\"ListItem\",\"position\":2,\"name\":\"Misiones populares en Espa\u00f1a, 1975-2000: 1991\"}]},{\"@type\":\"WebSite\",\"@id\":\"http:\/\/vincentians.com\/es\/#website\",\"url\":\"http:\/\/vincentians.com\/es\/\",\"name\":\"Somos Vicencianos\",\"description\":\"Know more to serve more\",\"publisher\":{\"@id\":\"http:\/\/vincentians.com\/es\/#organization\"},\"potentialAction\":[{\"@type\":\"SearchAction\",\"target\":{\"@type\":\"EntryPoint\",\"urlTemplate\":\"http:\/\/vincentians.com\/es\/?s={search_term_string}\"},\"query-input\":{\"@type\":\"PropertyValueSpecification\",\"valueRequired\":true,\"valueName\":\"search_term_string\"}}],\"inLanguage\":\"es\"},{\"@type\":\"Organization\",\"@id\":\"http:\/\/vincentians.com\/es\/#organization\",\"name\":\"The Vincentian Network\",\"url\":\"http:\/\/vincentians.com\/es\/\",\"logo\":{\"@type\":\"ImageObject\",\"inLanguage\":\"es\",\"@id\":\"http:\/\/vincentians.com\/es\/#\/schema\/logo\/image\/\",\"url\":\"https:\/\/i1.wp.com\/vincentians.com\/es\/wp-content\/uploads\/sites\/11\/2016\/06\/Vincentian-Network-logo-big.png?fit=778%2C778\",\"contentUrl\":\"https:\/\/i1.wp.com\/vincentians.com\/es\/wp-content\/uploads\/sites\/11\/2016\/06\/Vincentian-Network-logo-big.png?fit=778%2C778\",\"width\":778,\"height\":778,\"caption\":\"The Vincentian Network\"},\"image\":{\"@id\":\"http:\/\/vincentians.com\/es\/#\/schema\/logo\/image\/\"},\"sameAs\":[\"https:\/\/www.facebook.com\/WeAreVincentians\/\",\"https:\/\/x.com\/WeVincentians\"]},{\"@type\":\"Person\",\"@id\":\"http:\/\/vincentians.com\/es\/#\/schema\/person\/9623ef4d9aa3b2dfb8c061f1499288f2\",\"name\":\"Francisco Javier Fern\u00e1ndez Chento\",\"image\":{\"@type\":\"ImageObject\",\"inLanguage\":\"es\",\"@id\":\"http:\/\/vincentians.com\/es\/#\/schema\/person\/image\/\",\"url\":\"https:\/\/secure.gravatar.com\/avatar\/497d5cde87b4c3d097d0315953521681ba2cd523ee66e5077c3711f7021e65de?s=96&d=mm&r=g\",\"contentUrl\":\"https:\/\/secure.gravatar.com\/avatar\/497d5cde87b4c3d097d0315953521681ba2cd523ee66e5077c3711f7021e65de?s=96&d=mm&r=g\",\"caption\":\"Francisco Javier Fern\u00e1ndez Chento\"},\"description\":\"Director General y cofundador de La Red de Formaci\u00f3n Vicenciana. Javier es laico vicenciano, afiliado a la Congregaci\u00f3n de la Misi\u00f3n y miembro del Equipo de Misiones Populares de la provincia can\u00f3nica de Zaragoza (Espa\u00f1a) de la Congregaci\u00f3n de la Misi\u00f3n. Graduado en la Universidad Oberta de Catalunya con cuatro grados (Asistente de direcci\u00f3n, Gesti\u00f3n Administrativa, Recursos Humanos y Contabilidad Avanzada). Bil\u00edng\u00fce Espa\u00f1ol\/Ingl\u00e9s. gestiona y mantiene varias p\u00e1ginas web cristianas y vicencianas, incluida including La Red de Formaci\u00f3n Vicenciana, de la que es cofundador. Actualmente es responsable del \u00e1rea de Espa\u00f1ol de .famvin, la Red de Noticias de la Familia Vicenciana. Tambi\u00e9n es m\u00fasico cat\u00f3lico y ha editado varios discos. Es Director General y cofundador de Trovador, una reconocida compa\u00f1\u00eda discogr\u00e1fica critiana de Espa\u00f1a. Trabaja en las Tecnolog\u00edas de la Informaci\u00f3n, ofreciendo servicios de alojamiento, dise\u00f1o y mantenimiento Web, as\u00ed como asesoramiento, formaci\u00f3n y soluciones inform\u00e1ticas, gesti\u00f3n documental y digitalizaci\u00f3n de textos, edici\u00f3n y maquetaci\u00f3n de libros, revistas, flyers, etc.\",\"sameAs\":[\"http:\/\/chento.org\",\"https:\/\/www.facebook.com\/JavierChento\",\"https:\/\/x.com\/https:\/\/twitter.com\/javierchento\"],\"url\":\"https:\/\/vincentians.com\/es\/author\/chento\/\"}]}<\/script>\n<!-- \/ Yoast SEO plugin. -->","yoast_head_json":{"title":"Misiones populares en Espa\u00f1a, 1975-2000: 1991 - Somos Vicencianos","robots":{"index":"index","follow":"follow","max-snippet":"max-snippet:-1","max-image-preview":"max-image-preview:large","max-video-preview":"max-video-preview:-1"},"canonical":"https:\/\/vincentians.com\/es\/misiones-populares-en-espana-1975-2000-1991\/","og_locale":"es_ES","og_type":"article","og_title":"Misiones populares en Espa\u00f1a, 1975-2000: 1991 - Somos Vicencianos","og_description":"1991 1.- TRES PARROQUIAS (Huelva): 10-26 enero. PP. Julio Herrero, Jes\u00fas Rdez. Rico, Te\u00f3filo Ordo\u00f1ez, Eutiquio Garc\u00eda, Jos\u00e9 Gonzalo, Manuel Freire, Fabriciano Prado, Andr\u00e9s Pato, Rafael Carracedo, Jos\u00e9 Capitas, Pedro Pascual, Juan Velasco, \u00c1ngel Oyanguren, ... Read More","og_url":"https:\/\/vincentians.com\/es\/misiones-populares-en-espana-1975-2000-1991\/","og_site_name":"Somos Vicencianos","article_publisher":"https:\/\/www.facebook.com\/WeAreVincentians\/","article_author":"https:\/\/www.facebook.com\/JavierChento","article_published_time":"2014-11-13T07:29:46+00:00","author":"Francisco Javier Fern\u00e1ndez Chento","twitter_card":"summary_large_image","twitter_creator":"@https:\/\/twitter.com\/javierchento","twitter_site":"@WeVincentians","twitter_misc":{"Escrito por":"Francisco Javier Fern\u00e1ndez Chento","Tiempo de lectura":"4 minutos"},"schema":{"@context":"https:\/\/schema.org","@graph":[{"@type":"Article","@id":"https:\/\/vincentians.com\/es\/misiones-populares-en-espana-1975-2000-1991\/#article","isPartOf":{"@id":"https:\/\/vincentians.com\/es\/misiones-populares-en-espana-1975-2000-1991\/"},"author":{"name":"Francisco Javier Fern\u00e1ndez Chento","@id":"http:\/\/vincentians.com\/es\/#\/schema\/person\/9623ef4d9aa3b2dfb8c061f1499288f2"},"headline":"Misiones populares en Espa\u00f1a, 1975-2000: 1991","datePublished":"2014-11-13T07:29:46+00:00","mainEntityOfPage":{"@id":"https:\/\/vincentians.com\/es\/misiones-populares-en-espana-1975-2000-1991\/"},"wordCount":706,"commentCount":0,"publisher":{"@id":"http:\/\/vincentians.com\/es\/#organization"},"image":{"@id":"https:\/\/vincentians.com\/es\/misiones-populares-en-espana-1975-2000-1991\/#primaryimage"},"thumbnailUrl":"","keywords":["Misiones Populares"],"articleSection":["Misiones \u00abAd gentes\u00bb"],"inLanguage":"es","potentialAction":[{"@type":"CommentAction","name":"Comment","target":["https:\/\/vincentians.com\/es\/misiones-populares-en-espana-1975-2000-1991\/#respond"]}]},{"@type":"WebPage","@id":"https:\/\/vincentians.com\/es\/misiones-populares-en-espana-1975-2000-1991\/","url":"https:\/\/vincentians.com\/es\/misiones-populares-en-espana-1975-2000-1991\/","name":"Misiones populares en Espa\u00f1a, 1975-2000: 1991 - Somos Vicencianos","isPartOf":{"@id":"http:\/\/vincentians.com\/es\/#website"},"primaryImageOfPage":{"@id":"https:\/\/vincentians.com\/es\/misiones-populares-en-espana-1975-2000-1991\/#primaryimage"},"image":{"@id":"https:\/\/vincentians.com\/es\/misiones-populares-en-espana-1975-2000-1991\/#primaryimage"},"thumbnailUrl":"","datePublished":"2014-11-13T07:29:46+00:00","breadcrumb":{"@id":"https:\/\/vincentians.com\/es\/misiones-populares-en-espana-1975-2000-1991\/#breadcrumb"},"inLanguage":"es","potentialAction":[{"@type":"ReadAction","target":["https:\/\/vincentians.com\/es\/misiones-populares-en-espana-1975-2000-1991\/"]}]},{"@type":"ImageObject","inLanguage":"es","@id":"https:\/\/vincentians.com\/es\/misiones-populares-en-espana-1975-2000-1991\/#primaryimage","url":"","contentUrl":""},{"@type":"BreadcrumbList","@id":"https:\/\/vincentians.com\/es\/misiones-populares-en-espana-1975-2000-1991\/#breadcrumb","itemListElement":[{"@type":"ListItem","position":1,"name":"Portada","item":"http:\/\/vincentians.com\/es\/"},{"@type":"ListItem","position":2,"name":"Misiones populares en Espa\u00f1a, 1975-2000: 1991"}]},{"@type":"WebSite","@id":"http:\/\/vincentians.com\/es\/#website","url":"http:\/\/vincentians.com\/es\/","name":"Somos Vicencianos","description":"Know more to serve more","publisher":{"@id":"http:\/\/vincentians.com\/es\/#organization"},"potentialAction":[{"@type":"SearchAction","target":{"@type":"EntryPoint","urlTemplate":"http:\/\/vincentians.com\/es\/?s={search_term_string}"},"query-input":{"@type":"PropertyValueSpecification","valueRequired":true,"valueName":"search_term_string"}}],"inLanguage":"es"},{"@type":"Organization","@id":"http:\/\/vincentians.com\/es\/#organization","name":"The Vincentian Network","url":"http:\/\/vincentians.com\/es\/","logo":{"@type":"ImageObject","inLanguage":"es","@id":"http:\/\/vincentians.com\/es\/#\/schema\/logo\/image\/","url":"https:\/\/i1.wp.com\/vincentians.com\/es\/wp-content\/uploads\/sites\/11\/2016\/06\/Vincentian-Network-logo-big.png?fit=778%2C778","contentUrl":"https:\/\/i1.wp.com\/vincentians.com\/es\/wp-content\/uploads\/sites\/11\/2016\/06\/Vincentian-Network-logo-big.png?fit=778%2C778","width":778,"height":778,"caption":"The Vincentian Network"},"image":{"@id":"http:\/\/vincentians.com\/es\/#\/schema\/logo\/image\/"},"sameAs":["https:\/\/www.facebook.com\/WeAreVincentians\/","https:\/\/x.com\/WeVincentians"]},{"@type":"Person","@id":"http:\/\/vincentians.com\/es\/#\/schema\/person\/9623ef4d9aa3b2dfb8c061f1499288f2","name":"Francisco Javier Fern\u00e1ndez Chento","image":{"@type":"ImageObject","inLanguage":"es","@id":"http:\/\/vincentians.com\/es\/#\/schema\/person\/image\/","url":"https:\/\/secure.gravatar.com\/avatar\/497d5cde87b4c3d097d0315953521681ba2cd523ee66e5077c3711f7021e65de?s=96&d=mm&r=g","contentUrl":"https:\/\/secure.gravatar.com\/avatar\/497d5cde87b4c3d097d0315953521681ba2cd523ee66e5077c3711f7021e65de?s=96&d=mm&r=g","caption":"Francisco Javier Fern\u00e1ndez Chento"},"description":"Director General y cofundador de La Red de Formaci\u00f3n Vicenciana. Javier es laico vicenciano, afiliado a la Congregaci\u00f3n de la Misi\u00f3n y miembro del Equipo de Misiones Populares de la provincia can\u00f3nica de Zaragoza (Espa\u00f1a) de la Congregaci\u00f3n de la Misi\u00f3n. Graduado en la Universidad Oberta de Catalunya con cuatro grados (Asistente de direcci\u00f3n, Gesti\u00f3n Administrativa, Recursos Humanos y Contabilidad Avanzada). Bil\u00edng\u00fce Espa\u00f1ol\/Ingl\u00e9s. gestiona y mantiene varias p\u00e1ginas web cristianas y vicencianas, incluida including La Red de Formaci\u00f3n Vicenciana, de la que es cofundador. Actualmente es responsable del \u00e1rea de Espa\u00f1ol de .famvin, la Red de Noticias de la Familia Vicenciana. Tambi\u00e9n es m\u00fasico cat\u00f3lico y ha editado varios discos. Es Director General y cofundador de Trovador, una reconocida compa\u00f1\u00eda discogr\u00e1fica critiana de Espa\u00f1a. Trabaja en las Tecnolog\u00edas de la Informaci\u00f3n, ofreciendo servicios de alojamiento, dise\u00f1o y mantenimiento Web, as\u00ed como asesoramiento, formaci\u00f3n y soluciones inform\u00e1ticas, gesti\u00f3n documental y digitalizaci\u00f3n de textos, edici\u00f3n y maquetaci\u00f3n de libros, revistas, flyers, etc.","sameAs":["http:\/\/chento.org","https:\/\/www.facebook.com\/JavierChento","https:\/\/x.com\/https:\/\/twitter.com\/javierchento"],"url":"https:\/\/vincentians.com\/es\/author\/chento\/"}]}},"jetpack_publicize_connections":[],"jetpack_featured_media_url":"","jetpack_sharing_enabled":true,"jetpack_shortlink":"https:\/\/wp.me\/p7ETMF-ajR","jetpack-related-posts":[{"id":39670,"url":"https:\/\/vincentians.com\/es\/misiones-populares-en-espana-1975-2000-1990\/","url_meta":{"origin":39671,"position":0},"title":"Misiones populares en Espa\u00f1a, 1975-2000: 1990","author":"Francisco Javier Fern\u00e1ndez Chento","date":"10\/11\/2014","format":false,"excerpt":"1990 \u00a0 1.- ZONA DEL CONDADO (Huelva): 11-28 enero. Moguer, Bonares, Niebla, Rociana, San Juan Del Puerto, Lucena. PP. Manuel Canal, Juan Velasco, \u00c1ngel Oyanguren, Baltasar Indurain, Manuel Freire, Andr\u00e9s Pato, Pedro Pascual, Jos\u00e9 Capitas, Florentino Villanueva, Miguel Sanchez, Angel Sol\u00e1, Eutiquio Garc\u00eda, Javier Alvarez, Antonino Orcajo y Jos\u00e9 M\u00aa.\u2026","rel":"","context":"En \u00abMisiones \u00abAd gentes\u00bb\u00bb","block_context":{"text":"Misiones \u00abAd gentes\u00bb","link":"https:\/\/vincentians.com\/es\/category\/servicios-y-ministerios\/misiones-ad-gentes\/"},"img":{"alt_text":"Colegiata de Daroca","src":"https:\/\/i0.wp.com\/vicencianos.org\/wp-content\/2011\/05\/daroca-300x194.jpg?resize=350%2C200","width":350,"height":200},"classes":[]},{"id":39666,"url":"https:\/\/vincentians.com\/es\/misiones-populares-en-espana-1975-2000-1986\/","url_meta":{"origin":39671,"position":1},"title":"Misiones populares en Espa\u00f1a, 1975-2000: 1986","author":"Francisco Javier Fern\u00e1ndez Chento","date":"25\/10\/2014","format":false,"excerpt":"1986 1.- BERDILLO (La Coru\u00f1a): 26 enero-2 febrero. PP. \u00c1ngel Aller y Pedro Pascual. (An. 1986). \u00a0 2.- LODOSA (Navarra): 23 febrero-16 marzo. PP. Generoso Guembe, Luis Mnez. Sanju\u00e1n, F\u00e9lix Villafranca y Pablo Dom\u00ednguez. (An. 1986 y BPZ). Varias HH. de la C. y j\u00f3venes seglares \u00a0 3.- CIUDAD RODRIGO:\u2026","rel":"","context":"En \u00abMisiones \u00abAd gentes\u00bb\u00bb","block_context":{"text":"Misiones \u00abAd gentes\u00bb","link":"https:\/\/vincentians.com\/es\/category\/servicios-y-ministerios\/misiones-ad-gentes\/"},"img":{"alt_text":"Granadella","src":"https:\/\/i0.wp.com\/vicencianos.org\/wp-content\/2011\/05\/Granadella-300x300.jpg?resize=350%2C200","width":350,"height":200},"classes":[]},{"id":39667,"url":"https:\/\/vincentians.com\/es\/misiones-populares-en-espana-1975-2000-1987\/","url_meta":{"origin":39671,"position":2},"title":"Misiones populares en Espa\u00f1a, 1975-2000: 1987","author":"Francisco Javier Fern\u00e1ndez Chento","date":"29\/10\/2014","format":false,"excerpt":"1987 \u00a0 1.- COLINDRES y LIMPIAS (Cantabria): 18 enero-1 febrero. PP. Jos\u00e9 Luis Cort\u00e1zar, Celestino Fern\u00e1ndez, Florentino Villanueva y Eugenio G. Espinosa. (An. 1987 y BPM). Junto con varias HH. de la C. 2.- RIBAFORADA (Navarra): Febrero: PP. Generoso Guembe, Ander Arregui, Pablo Dom\u00ednguez y Luis M\u00aa Mnez. San Juan.\u2026","rel":"","context":"En \u00abMisiones \u00abAd gentes\u00bb\u00bb","block_context":{"text":"Misiones \u00abAd gentes\u00bb","link":"https:\/\/vincentians.com\/es\/category\/servicios-y-ministerios\/misiones-ad-gentes\/"},"img":{"alt_text":"","src":"","width":0,"height":0},"classes":[]},{"id":39673,"url":"https:\/\/vincentians.com\/es\/misiones-populares-en-espana-1975-2000-1993\/","url_meta":{"origin":39671,"position":3},"title":"Misiones populares en Espa\u00f1a, 1975-2000: 1993","author":"Francisco Javier Fern\u00e1ndez Chento","date":"29\/11\/2014","format":false,"excerpt":"1993 \u00a0 \u00a0 1.- ZONA DEL CAMPO DE GIBRALTAR (C\u00e1diz): 14-30 enero: Tahivilla, Facinas y Bolonia. PP. Juan Juan Velasco, Jes\u00fas Lusarreta, Miguel \u00c1ngel Renes, Tom\u00e1s Garc\u00eda Cano y Teodoro Mart\u00edn. (An. 1993, BPM y BPS). Junto con varias HH. de la C. y seglares. Objetivos (marcados por el propio\u2026","rel":"","context":"En \u00abMisiones \u00abAd gentes\u00bb\u00bb","block_context":{"text":"Misiones \u00abAd gentes\u00bb","link":"https:\/\/vincentians.com\/es\/category\/servicios-y-ministerios\/misiones-ad-gentes\/"},"img":{"alt_text":"Iglesia de Landete","src":"https:\/\/i0.wp.com\/vicencianos.org\/wp-content\/2011\/05\/Landete-253x300.jpg?resize=350%2C200","width":350,"height":200},"classes":[]},{"id":39668,"url":"https:\/\/vincentians.com\/es\/misiones-populares-en-espana-1975-2000-1988\/","url_meta":{"origin":39671,"position":4},"title":"Misiones populares en Espa\u00f1a, 1975-2000: 1988","author":"Francisco Javier Fern\u00e1ndez Chento","date":"02\/11\/2014","format":false,"excerpt":"1988 1.- MASPALOMAS (Las Palmas): enero (An.1988). 2.- ZONA DEL AND\u00c9VALO (Huelva): Las Minas de Tharsis, El Granado, Valverde del Camino, Perrunal y La Zarza. 14-31 enero. PP. Rafael Carracedo, Fabriciano Prado, Pedro Pascual, Manuel Freire, Juan Velasco, \u00c1ngel Aoiz, Jes\u00fas Arellano, Jes\u00fas Lusarreta, Florentino Villanueva, Amador S\u00e1ez, Javier del\u2026","rel":"","context":"En \u00abMisiones \u00abAd gentes\u00bb\u00bb","block_context":{"text":"Misiones \u00abAd gentes\u00bb","link":"https:\/\/vincentians.com\/es\/category\/servicios-y-ministerios\/misiones-ad-gentes\/"},"img":{"alt_text":"Ribaforada","src":"https:\/\/i0.wp.com\/vicencianos.org\/wp-content\/2011\/05\/ribaforada-300x144.jpg?resize=350%2C200","width":350,"height":200},"classes":[]},{"id":39680,"url":"https:\/\/vincentians.com\/es\/misiones-populares-en-espana-1975-2000-2000\/","url_meta":{"origin":39671,"position":5},"title":"Misiones populares en Espa\u00f1a, 1975-2000: 2000","author":"Francisco Javier Fern\u00e1ndez Chento","date":"16\/12\/2014","format":false,"excerpt":"2000 1.- PARROQUIAS DE SAN BARTOLOM\u00c9, SANTA MAR\u00cdA y SAN PEDRO (Benicarl\u00f3, Tarragona): 15 enero-5 febrero. PP. Jos\u00e9 Vicente Nacher, Jos\u00e9 Mulet, Amador \u00a0Bauza, Pedro G\u00f3mez, Miguel Garc\u00eda, Jos\u00e9 Luis L\u00f3pez, Jos\u00e9 Miguel S\u00e1nchez y \u00c1ngel Sola. (An.2000 y BPB). Junto a HH. de la C. y j\u00f3venes de JMV\u2026","rel":"","context":"En \u00abMisiones \u00abAd gentes\u00bb\u00bb","block_context":{"text":"Misiones \u00abAd gentes\u00bb","link":"https:\/\/vincentians.com\/es\/category\/servicios-y-ministerios\/misiones-ad-gentes\/"},"img":{"alt_text":"","src":"","width":0,"height":0},"classes":[]}],"_links":{"self":[{"href":"https:\/\/vincentians.com\/es\/wp-json\/wp\/v2\/posts\/39671","targetHints":{"allow":["GET"]}}],"collection":[{"href":"https:\/\/vincentians.com\/es\/wp-json\/wp\/v2\/posts"}],"about":[{"href":"https:\/\/vincentians.com\/es\/wp-json\/wp\/v2\/types\/post"}],"author":[{"embeddable":true,"href":"https:\/\/vincentians.com\/es\/wp-json\/wp\/v2\/users\/4"}],"replies":[{"embeddable":true,"href":"https:\/\/vincentians.com\/es\/wp-json\/wp\/v2\/comments?post=39671"}],"version-history":[{"count":0,"href":"https:\/\/vincentians.com\/es\/wp-json\/wp\/v2\/posts\/39671\/revisions"}],"wp:featuredmedia":[{"embeddable":true,"href":"https:\/\/vincentians.com\/es\/wp-json\/"}],"wp:attachment":[{"href":"https:\/\/vincentians.com\/es\/wp-json\/wp\/v2\/media?parent=39671"}],"wp:term":[{"taxonomy":"category","embeddable":true,"href":"https:\/\/vincentians.com\/es\/wp-json\/wp\/v2\/categories?post=39671"},{"taxonomy":"post_tag","embeddable":true,"href":"https:\/\/vincentians.com\/es\/wp-json\/wp\/v2\/tags?post=39671"}],"curies":[{"name":"wp","href":"https:\/\/api.w.org\/{rel}","templated":true}]}}