{"id":39670,"date":"2014-11-10T08:29:46","date_gmt":"2014-11-10T07:29:46","guid":{"rendered":"http:\/\/somos.vicencianos.org\/blog\/2011\/06\/misiones-populares-en-espana-1975-2000-1990\/"},"modified":"2014-11-10T08:29:46","modified_gmt":"2014-11-10T07:29:46","slug":"misiones-populares-en-espana-1975-2000-1990","status":"publish","type":"post","link":"https:\/\/vincentians.com\/es\/misiones-populares-en-espana-1975-2000-1990\/","title":{"rendered":"Misiones populares en Espa\u00f1a, 1975-2000: 1990"},"content":{"rendered":"<h2><strong>1990<\/strong><\/h2>\n<p>&nbsp;<\/p>\n<p><strong>1.- ZONA DEL CONDADO<\/strong> (Huelva): 11-28 enero. Moguer, Bonares, Niebla, Rociana, San Juan Del Puerto, Lucena. PP. Manuel Canal, Juan Velasco, \u00c1ngel Oyanguren, Baltasar Indurain, Manuel Freire, Andr\u00e9s Pato, Pedro Pascual, Jos\u00e9 Capitas, Florentino Villanueva, Miguel Sanchez, Angel Sol\u00e1, Eutiquio Garc\u00eda, Javier Alvarez, Antonino Orcajo y Jos\u00e9 M\u00aa. Nieto. (An. 1990, BPM, BPZ y BPB).<\/p>\n<p style=\"padding-left: 30px\"><em>Junto con misioneros de otras Congregaciones.<\/em><\/p>\n<p>&nbsp;<\/p>\n<p>&nbsp;<\/p>\n<div id=\"attachment_39709\" style=\"width: 310px\" class=\"wp-caption alignright\"><a href=\"https:\/\/i0.wp.com\/vicencianos.org\/wp-content\/2011\/05\/daroca.jpg\"><img data-recalc-dims=\"1\" loading=\"lazy\" decoding=\"async\" aria-describedby=\"caption-attachment-39709\" class=\"size-medium wp-image-39709\" title=\"Colegiata de Daroca\" src=\"https:\/\/i0.wp.com\/vicencianos.org\/wp-content\/2011\/05\/daroca-300x194.jpg?resize=300%2C194\" alt=\"Colegiata de Daroca\" width=\"300\" height=\"194\" \/><\/a><p id=\"caption-attachment-39709\" class=\"wp-caption-text\">Colegiata de Daroca<\/p><\/div>\n<p>2.- DAROCA (Teruel): 9 enero-4 febrero. PP. Javier Artaso, Jes\u00fas M\u00aa Eg\u00fc\u00e9s, y Luis M\u00aa Mnez. San Juan. (An. 1990 y BPZ[\/note].<\/p>\n<p style=\"padding-left: 30px\"><em>Junto con varias HH. de la C. y seglares<\/em><\/p>\n<p>&nbsp;<\/p>\n<p>&nbsp;<\/p>\n<p>&nbsp;<\/p>\n<p><strong>3.- ARCIPRESTAZGO DE GUADALUPE<\/strong> (C\u00e1ceres[\/note]: Febrero: Al\u00eda, La Calera, Valdelacasa, Villar del Pedroso, Navatrasierra, Carrascalejo, Guadalupe, Garv\u00edn, Peraleda de San Roman; Navalvillar, Casta\u00f1ar de Ibor; Bohonal de Ibor. PP. Eutiquio Garc\u00eda, F\u00e9lix \u00c1lvarez, Jes\u00fas Rdez. Rico, Antonino Orcajo, Amador S\u00e1ez, Florentino Villanueva, Jos\u00e9 Gonzalo, Teodoro Mart\u00edn, Jos\u00e9 M\u00aa Nieto, Javier del Olmo y Jos\u00e9 Mazuelas. (An. 1990 y BPM).<\/p>\n<p>&nbsp;<\/p>\n<p><strong>4.- LA CUESTA<\/strong> (Tenerife): 11 marzo-8 abril. PP. Ander Arregui, Pablo Dom\u00ednguez y Luis M\u00aa Laborda. (An. 1990 y BPZ).<\/p>\n<p style=\"padding-left: 30px\"><em>Junto con varias HH. de la C. y seglares<\/em><\/p>\n<p><strong>5.- ARCIPRESTAZGO DE SACED\u00d3N (<\/strong>Guadalajara): Y\u00e9lamos de Arriba, Y\u00e9lamos de Abajo, San Andr\u00e9s del Rey, Irueste, Saced\u00f3n, Alh\u00f3ndiga&#8230; 22 de marzo-8 de abril. PP. Juli\u00e1n Tobar, Eutiquio Garc\u00eda, Enrique Velayos, Miguel S\u00e1nche, Florentino Villanueva\u2026 (An. 1990 y BPM).<\/p>\n<p style=\"padding-left: 30px\"><em>Junto con varias HH. de la C.<\/em><\/p>\n<p>&nbsp;<\/p>\n<p><strong>6.- PARROQUIA DE SAN CRIST\u00d3BAL<\/strong> (Ronda, M\u00e1laga), 11-28 octubre. (BPM).<\/p>\n<p>&nbsp;<\/p>\n<p><strong>7.- VIVERO<\/strong> (Lugo): 13-28 Octubre: Fabriciano Prado, Rafael Carracedo, Juan Velasco, Pedro Pascual\u00a0 y Manuel Freire. (An. 1990 y BPS).<\/p>\n<p>&nbsp;<\/p>\n<p><strong>8.- ASTRABUD\u00daA<\/strong> (Bizkaia) 21 octubre-18 noviembre. PP. Ander Arregui. Jes\u00fas M\u00aa Eg\u00fc\u00e9s, Pablo Dom\u00ednguez y Luis M\u00aa Mnez. San Juan. (An. 1990).<\/p>\n<p style=\"padding-left: 30px\"><em>Junto con varias HH. de la C. y seglares<\/em><\/p>\n<p>&nbsp;<\/p>\n<p><strong>9.- ZONA DEL ALTO NACIMIENTO<\/strong> (Almer\u00eda): 3-17 noviembre. Abla, Abrucena, Alcubillas, Aulago, Do\u00f1a Mar\u00eda, Esc\u00fallar, Fi\u00f1ana, Oca\u00f1a. PP. Florentino Meneses, Melchor S\u00e1nchez, Victorino Tobar, Jes\u00fas Rdez. Rico, Teodoro Mart\u00edn, Florentino Villanueva, Jos\u00e9 Ignacio Manzano, Jos\u00e9 M\u00aa Nieto, Antonino Orcajo, Eugenio Garc\u00eda Espinosa, Fernando Casado y Javier del Olmo. (An. 1990 y BPM.<\/p>\n<p style=\"padding-left: 30px\"><em>Junto con varias HH. de la C.<\/em><\/p>\n<p>&nbsp;<\/p>\n<p><strong>10.- PARROQUIA DE SAN GONZALO<\/strong> (Sevilla): 4-18 noviembre de 1990. PP. Manuel Freire, Pedro Pascual y Juan Velasco. (An. 1991 y BPS).<\/p>\n<p style=\"padding-left: 30px\"><em>Junto con HH. de la C. y los misioneros de la propia parroquia.<\/em><\/p>\n<p>&nbsp;<\/p>\n<p><strong>11.- ARCIPRESTAZGO PUENTE DEL ARZOBISPO<\/strong> (Toledo): Campillo de la Jara, Puerto de San Vicente, Mohedas de la Jara y Aldeanueva de San Bartolom\u00e9. 29 noviembre-16 diciembre. PP. Jes\u00fas Lusarreta, Quint\u00edn Pe\u00f1a, Fernando Casado y Eutiquio Garc\u00eda. (BPM).<\/p>\n<p style=\"padding-left: 30px\"><em>Junto con varias HH. de la C.<\/em><\/p>\n<p>&nbsp;<\/p>\n<p><strong>12.- MORELLA<\/strong> (Castell\u00f3n): 19 noviembre-3 diciembre. Jos\u00e9 M\u00aa Biosca, Jos\u00e9 Mulet, Miguel Garcia y Balduino Mart\u00ednez (Di\u00e1cono). (An. 1990 y BPB).<\/p>\n<p style=\"padding-left: 30px\"><em>Junto con varias HH. de la C.<\/em><\/p>\n<p><strong>13.- VILLAGARCIA DEL LLANO<\/strong> (Cuenca): 2-23 diciembre. PP. Javier Artaso y Javier Mnez. San Juan. (An. 1990 y BPZ).<\/p>\n","protected":false},"excerpt":{"rendered":"<p>1990 &nbsp; 1.- ZONA DEL CONDADO (Huelva): 11-28 enero. Moguer, Bonares, Niebla, Rociana, San Juan Del Puerto, Lucena. PP. Manuel Canal, Juan Velasco, \u00c1ngel Oyanguren, Baltasar Indurain, Manuel Freire, Andr\u00e9s Pato, Pedro Pascual, Jos\u00e9 Capitas, &#8230; <a href=\"https:\/\/vincentians.com\/es\/misiones-populares-en-espana-1975-2000-1990\/\" class=\"more-link\">Read More<\/a><\/p>\n","protected":false},"author":4,"featured_media":39438,"comment_status":"open","ping_status":"open","sticky":false,"template":"","format":"standard","meta":{"jetpack_post_was_ever_published":false,"_jetpack_newsletter_access":"","_jetpack_dont_email_post_to_subs":false,"_jetpack_newsletter_tier_id":0,"_jetpack_memberships_contains_paywalled_content":false,"_jetpack_memberships_contains_paid_content":false,"footnotes":"","jetpack_publicize_message":"","jetpack_publicize_feature_enabled":true,"jetpack_social_post_already_shared":true,"jetpack_social_options":{"image_generator_settings":{"template":"highway","default_image_id":0,"font":"","enabled":false},"version":2}},"categories":[201],"tags":[176],"class_list":["post-39670","post","type-post","status-publish","format-standard","has-post-thumbnail","hentry","category-misiones-ad-gentes","tag-misiones-populares"],"yoast_head":"<!-- This site is optimized with the Yoast SEO plugin v26.3 - https:\/\/yoast.com\/wordpress\/plugins\/seo\/ -->\n<title>Misiones populares en Espa\u00f1a, 1975-2000: 1990 - Somos Vicencianos<\/title>\n<meta name=\"robots\" content=\"index, follow, max-snippet:-1, max-image-preview:large, max-video-preview:-1\" \/>\n<link rel=\"canonical\" href=\"https:\/\/vincentians.com\/es\/misiones-populares-en-espana-1975-2000-1990\/\" \/>\n<meta property=\"og:locale\" content=\"es_ES\" \/>\n<meta property=\"og:type\" content=\"article\" \/>\n<meta property=\"og:title\" content=\"Misiones populares en Espa\u00f1a, 1975-2000: 1990 - Somos Vicencianos\" \/>\n<meta property=\"og:description\" content=\"1990 &nbsp; 1.- ZONA DEL CONDADO (Huelva): 11-28 enero. Moguer, Bonares, Niebla, Rociana, San Juan Del Puerto, Lucena. PP. Manuel Canal, Juan Velasco, \u00c1ngel Oyanguren, Baltasar Indurain, Manuel Freire, Andr\u00e9s Pato, Pedro Pascual, Jos\u00e9 Capitas, ... Read More\" \/>\n<meta property=\"og:url\" content=\"https:\/\/vincentians.com\/es\/misiones-populares-en-espana-1975-2000-1990\/\" \/>\n<meta property=\"og:site_name\" content=\"Somos Vicencianos\" \/>\n<meta property=\"article:publisher\" content=\"https:\/\/www.facebook.com\/WeAreVincentians\/\" \/>\n<meta property=\"article:author\" content=\"https:\/\/www.facebook.com\/JavierChento\" \/>\n<meta property=\"article:published_time\" content=\"2014-11-10T07:29:46+00:00\" \/>\n<meta name=\"author\" content=\"Francisco Javier Fern\u00e1ndez Chento\" \/>\n<meta name=\"twitter:card\" content=\"summary_large_image\" \/>\n<meta name=\"twitter:creator\" content=\"@https:\/\/twitter.com\/javierchento\" \/>\n<meta name=\"twitter:site\" content=\"@WeVincentians\" \/>\n<meta name=\"twitter:label1\" content=\"Escrito por\" \/>\n\t<meta name=\"twitter:data1\" content=\"Francisco Javier Fern\u00e1ndez Chento\" \/>\n\t<meta name=\"twitter:label2\" content=\"Tiempo de lectura\" \/>\n\t<meta name=\"twitter:data2\" content=\"3 minutos\" \/>\n<script type=\"application\/ld+json\" class=\"yoast-schema-graph\">{\"@context\":\"https:\/\/schema.org\",\"@graph\":[{\"@type\":\"Article\",\"@id\":\"https:\/\/vincentians.com\/es\/misiones-populares-en-espana-1975-2000-1990\/#article\",\"isPartOf\":{\"@id\":\"https:\/\/vincentians.com\/es\/misiones-populares-en-espana-1975-2000-1990\/\"},\"author\":{\"name\":\"Francisco Javier Fern\u00e1ndez Chento\",\"@id\":\"http:\/\/vincentians.com\/es\/#\/schema\/person\/9623ef4d9aa3b2dfb8c061f1499288f2\"},\"headline\":\"Misiones populares en Espa\u00f1a, 1975-2000: 1990\",\"datePublished\":\"2014-11-10T07:29:46+00:00\",\"mainEntityOfPage\":{\"@id\":\"https:\/\/vincentians.com\/es\/misiones-populares-en-espana-1975-2000-1990\/\"},\"wordCount\":531,\"commentCount\":0,\"publisher\":{\"@id\":\"http:\/\/vincentians.com\/es\/#organization\"},\"image\":{\"@id\":\"https:\/\/vincentians.com\/es\/misiones-populares-en-espana-1975-2000-1990\/#primaryimage\"},\"thumbnailUrl\":\"\",\"keywords\":[\"Misiones Populares\"],\"articleSection\":[\"Misiones \u00abAd gentes\u00bb\"],\"inLanguage\":\"es\",\"potentialAction\":[{\"@type\":\"CommentAction\",\"name\":\"Comment\",\"target\":[\"https:\/\/vincentians.com\/es\/misiones-populares-en-espana-1975-2000-1990\/#respond\"]}]},{\"@type\":\"WebPage\",\"@id\":\"https:\/\/vincentians.com\/es\/misiones-populares-en-espana-1975-2000-1990\/\",\"url\":\"https:\/\/vincentians.com\/es\/misiones-populares-en-espana-1975-2000-1990\/\",\"name\":\"Misiones populares en Espa\u00f1a, 1975-2000: 1990 - Somos Vicencianos\",\"isPartOf\":{\"@id\":\"http:\/\/vincentians.com\/es\/#website\"},\"primaryImageOfPage\":{\"@id\":\"https:\/\/vincentians.com\/es\/misiones-populares-en-espana-1975-2000-1990\/#primaryimage\"},\"image\":{\"@id\":\"https:\/\/vincentians.com\/es\/misiones-populares-en-espana-1975-2000-1990\/#primaryimage\"},\"thumbnailUrl\":\"\",\"datePublished\":\"2014-11-10T07:29:46+00:00\",\"breadcrumb\":{\"@id\":\"https:\/\/vincentians.com\/es\/misiones-populares-en-espana-1975-2000-1990\/#breadcrumb\"},\"inLanguage\":\"es\",\"potentialAction\":[{\"@type\":\"ReadAction\",\"target\":[\"https:\/\/vincentians.com\/es\/misiones-populares-en-espana-1975-2000-1990\/\"]}]},{\"@type\":\"ImageObject\",\"inLanguage\":\"es\",\"@id\":\"https:\/\/vincentians.com\/es\/misiones-populares-en-espana-1975-2000-1990\/#primaryimage\",\"url\":\"\",\"contentUrl\":\"\"},{\"@type\":\"BreadcrumbList\",\"@id\":\"https:\/\/vincentians.com\/es\/misiones-populares-en-espana-1975-2000-1990\/#breadcrumb\",\"itemListElement\":[{\"@type\":\"ListItem\",\"position\":1,\"name\":\"Portada\",\"item\":\"http:\/\/vincentians.com\/es\/\"},{\"@type\":\"ListItem\",\"position\":2,\"name\":\"Misiones populares en Espa\u00f1a, 1975-2000: 1990\"}]},{\"@type\":\"WebSite\",\"@id\":\"http:\/\/vincentians.com\/es\/#website\",\"url\":\"http:\/\/vincentians.com\/es\/\",\"name\":\"Somos Vicencianos\",\"description\":\"Know more to serve more\",\"publisher\":{\"@id\":\"http:\/\/vincentians.com\/es\/#organization\"},\"potentialAction\":[{\"@type\":\"SearchAction\",\"target\":{\"@type\":\"EntryPoint\",\"urlTemplate\":\"http:\/\/vincentians.com\/es\/?s={search_term_string}\"},\"query-input\":{\"@type\":\"PropertyValueSpecification\",\"valueRequired\":true,\"valueName\":\"search_term_string\"}}],\"inLanguage\":\"es\"},{\"@type\":\"Organization\",\"@id\":\"http:\/\/vincentians.com\/es\/#organization\",\"name\":\"The Vincentian Network\",\"url\":\"http:\/\/vincentians.com\/es\/\",\"logo\":{\"@type\":\"ImageObject\",\"inLanguage\":\"es\",\"@id\":\"http:\/\/vincentians.com\/es\/#\/schema\/logo\/image\/\",\"url\":\"https:\/\/i1.wp.com\/vincentians.com\/es\/wp-content\/uploads\/sites\/11\/2016\/06\/Vincentian-Network-logo-big.png?fit=778%2C778\",\"contentUrl\":\"https:\/\/i1.wp.com\/vincentians.com\/es\/wp-content\/uploads\/sites\/11\/2016\/06\/Vincentian-Network-logo-big.png?fit=778%2C778\",\"width\":778,\"height\":778,\"caption\":\"The Vincentian Network\"},\"image\":{\"@id\":\"http:\/\/vincentians.com\/es\/#\/schema\/logo\/image\/\"},\"sameAs\":[\"https:\/\/www.facebook.com\/WeAreVincentians\/\",\"https:\/\/x.com\/WeVincentians\"]},{\"@type\":\"Person\",\"@id\":\"http:\/\/vincentians.com\/es\/#\/schema\/person\/9623ef4d9aa3b2dfb8c061f1499288f2\",\"name\":\"Francisco Javier Fern\u00e1ndez Chento\",\"image\":{\"@type\":\"ImageObject\",\"inLanguage\":\"es\",\"@id\":\"http:\/\/vincentians.com\/es\/#\/schema\/person\/image\/\",\"url\":\"https:\/\/secure.gravatar.com\/avatar\/497d5cde87b4c3d097d0315953521681ba2cd523ee66e5077c3711f7021e65de?s=96&d=mm&r=g\",\"contentUrl\":\"https:\/\/secure.gravatar.com\/avatar\/497d5cde87b4c3d097d0315953521681ba2cd523ee66e5077c3711f7021e65de?s=96&d=mm&r=g\",\"caption\":\"Francisco Javier Fern\u00e1ndez Chento\"},\"description\":\"Director General y cofundador de La Red de Formaci\u00f3n Vicenciana. Javier es laico vicenciano, afiliado a la Congregaci\u00f3n de la Misi\u00f3n y miembro del Equipo de Misiones Populares de la provincia can\u00f3nica de Zaragoza (Espa\u00f1a) de la Congregaci\u00f3n de la Misi\u00f3n. Graduado en la Universidad Oberta de Catalunya con cuatro grados (Asistente de direcci\u00f3n, Gesti\u00f3n Administrativa, Recursos Humanos y Contabilidad Avanzada). Bil\u00edng\u00fce Espa\u00f1ol\/Ingl\u00e9s. gestiona y mantiene varias p\u00e1ginas web cristianas y vicencianas, incluida including La Red de Formaci\u00f3n Vicenciana, de la que es cofundador. Actualmente es responsable del \u00e1rea de Espa\u00f1ol de .famvin, la Red de Noticias de la Familia Vicenciana. Tambi\u00e9n es m\u00fasico cat\u00f3lico y ha editado varios discos. Es Director General y cofundador de Trovador, una reconocida compa\u00f1\u00eda discogr\u00e1fica critiana de Espa\u00f1a. Trabaja en las Tecnolog\u00edas de la Informaci\u00f3n, ofreciendo servicios de alojamiento, dise\u00f1o y mantenimiento Web, as\u00ed como asesoramiento, formaci\u00f3n y soluciones inform\u00e1ticas, gesti\u00f3n documental y digitalizaci\u00f3n de textos, edici\u00f3n y maquetaci\u00f3n de libros, revistas, flyers, etc.\",\"sameAs\":[\"http:\/\/chento.org\",\"https:\/\/www.facebook.com\/JavierChento\",\"https:\/\/x.com\/https:\/\/twitter.com\/javierchento\"],\"url\":\"https:\/\/vincentians.com\/es\/author\/chento\/\"}]}<\/script>\n<!-- \/ Yoast SEO plugin. -->","yoast_head_json":{"title":"Misiones populares en Espa\u00f1a, 1975-2000: 1990 - Somos Vicencianos","robots":{"index":"index","follow":"follow","max-snippet":"max-snippet:-1","max-image-preview":"max-image-preview:large","max-video-preview":"max-video-preview:-1"},"canonical":"https:\/\/vincentians.com\/es\/misiones-populares-en-espana-1975-2000-1990\/","og_locale":"es_ES","og_type":"article","og_title":"Misiones populares en Espa\u00f1a, 1975-2000: 1990 - Somos Vicencianos","og_description":"1990 &nbsp; 1.- ZONA DEL CONDADO (Huelva): 11-28 enero. Moguer, Bonares, Niebla, Rociana, San Juan Del Puerto, Lucena. PP. Manuel Canal, Juan Velasco, \u00c1ngel Oyanguren, Baltasar Indurain, Manuel Freire, Andr\u00e9s Pato, Pedro Pascual, Jos\u00e9 Capitas, ... Read More","og_url":"https:\/\/vincentians.com\/es\/misiones-populares-en-espana-1975-2000-1990\/","og_site_name":"Somos Vicencianos","article_publisher":"https:\/\/www.facebook.com\/WeAreVincentians\/","article_author":"https:\/\/www.facebook.com\/JavierChento","article_published_time":"2014-11-10T07:29:46+00:00","author":"Francisco Javier Fern\u00e1ndez Chento","twitter_card":"summary_large_image","twitter_creator":"@https:\/\/twitter.com\/javierchento","twitter_site":"@WeVincentians","twitter_misc":{"Escrito por":"Francisco Javier Fern\u00e1ndez Chento","Tiempo de lectura":"3 minutos"},"schema":{"@context":"https:\/\/schema.org","@graph":[{"@type":"Article","@id":"https:\/\/vincentians.com\/es\/misiones-populares-en-espana-1975-2000-1990\/#article","isPartOf":{"@id":"https:\/\/vincentians.com\/es\/misiones-populares-en-espana-1975-2000-1990\/"},"author":{"name":"Francisco Javier Fern\u00e1ndez Chento","@id":"http:\/\/vincentians.com\/es\/#\/schema\/person\/9623ef4d9aa3b2dfb8c061f1499288f2"},"headline":"Misiones populares en Espa\u00f1a, 1975-2000: 1990","datePublished":"2014-11-10T07:29:46+00:00","mainEntityOfPage":{"@id":"https:\/\/vincentians.com\/es\/misiones-populares-en-espana-1975-2000-1990\/"},"wordCount":531,"commentCount":0,"publisher":{"@id":"http:\/\/vincentians.com\/es\/#organization"},"image":{"@id":"https:\/\/vincentians.com\/es\/misiones-populares-en-espana-1975-2000-1990\/#primaryimage"},"thumbnailUrl":"","keywords":["Misiones Populares"],"articleSection":["Misiones \u00abAd gentes\u00bb"],"inLanguage":"es","potentialAction":[{"@type":"CommentAction","name":"Comment","target":["https:\/\/vincentians.com\/es\/misiones-populares-en-espana-1975-2000-1990\/#respond"]}]},{"@type":"WebPage","@id":"https:\/\/vincentians.com\/es\/misiones-populares-en-espana-1975-2000-1990\/","url":"https:\/\/vincentians.com\/es\/misiones-populares-en-espana-1975-2000-1990\/","name":"Misiones populares en Espa\u00f1a, 1975-2000: 1990 - Somos Vicencianos","isPartOf":{"@id":"http:\/\/vincentians.com\/es\/#website"},"primaryImageOfPage":{"@id":"https:\/\/vincentians.com\/es\/misiones-populares-en-espana-1975-2000-1990\/#primaryimage"},"image":{"@id":"https:\/\/vincentians.com\/es\/misiones-populares-en-espana-1975-2000-1990\/#primaryimage"},"thumbnailUrl":"","datePublished":"2014-11-10T07:29:46+00:00","breadcrumb":{"@id":"https:\/\/vincentians.com\/es\/misiones-populares-en-espana-1975-2000-1990\/#breadcrumb"},"inLanguage":"es","potentialAction":[{"@type":"ReadAction","target":["https:\/\/vincentians.com\/es\/misiones-populares-en-espana-1975-2000-1990\/"]}]},{"@type":"ImageObject","inLanguage":"es","@id":"https:\/\/vincentians.com\/es\/misiones-populares-en-espana-1975-2000-1990\/#primaryimage","url":"","contentUrl":""},{"@type":"BreadcrumbList","@id":"https:\/\/vincentians.com\/es\/misiones-populares-en-espana-1975-2000-1990\/#breadcrumb","itemListElement":[{"@type":"ListItem","position":1,"name":"Portada","item":"http:\/\/vincentians.com\/es\/"},{"@type":"ListItem","position":2,"name":"Misiones populares en Espa\u00f1a, 1975-2000: 1990"}]},{"@type":"WebSite","@id":"http:\/\/vincentians.com\/es\/#website","url":"http:\/\/vincentians.com\/es\/","name":"Somos Vicencianos","description":"Know more to serve more","publisher":{"@id":"http:\/\/vincentians.com\/es\/#organization"},"potentialAction":[{"@type":"SearchAction","target":{"@type":"EntryPoint","urlTemplate":"http:\/\/vincentians.com\/es\/?s={search_term_string}"},"query-input":{"@type":"PropertyValueSpecification","valueRequired":true,"valueName":"search_term_string"}}],"inLanguage":"es"},{"@type":"Organization","@id":"http:\/\/vincentians.com\/es\/#organization","name":"The Vincentian Network","url":"http:\/\/vincentians.com\/es\/","logo":{"@type":"ImageObject","inLanguage":"es","@id":"http:\/\/vincentians.com\/es\/#\/schema\/logo\/image\/","url":"https:\/\/i1.wp.com\/vincentians.com\/es\/wp-content\/uploads\/sites\/11\/2016\/06\/Vincentian-Network-logo-big.png?fit=778%2C778","contentUrl":"https:\/\/i1.wp.com\/vincentians.com\/es\/wp-content\/uploads\/sites\/11\/2016\/06\/Vincentian-Network-logo-big.png?fit=778%2C778","width":778,"height":778,"caption":"The Vincentian Network"},"image":{"@id":"http:\/\/vincentians.com\/es\/#\/schema\/logo\/image\/"},"sameAs":["https:\/\/www.facebook.com\/WeAreVincentians\/","https:\/\/x.com\/WeVincentians"]},{"@type":"Person","@id":"http:\/\/vincentians.com\/es\/#\/schema\/person\/9623ef4d9aa3b2dfb8c061f1499288f2","name":"Francisco Javier Fern\u00e1ndez Chento","image":{"@type":"ImageObject","inLanguage":"es","@id":"http:\/\/vincentians.com\/es\/#\/schema\/person\/image\/","url":"https:\/\/secure.gravatar.com\/avatar\/497d5cde87b4c3d097d0315953521681ba2cd523ee66e5077c3711f7021e65de?s=96&d=mm&r=g","contentUrl":"https:\/\/secure.gravatar.com\/avatar\/497d5cde87b4c3d097d0315953521681ba2cd523ee66e5077c3711f7021e65de?s=96&d=mm&r=g","caption":"Francisco Javier Fern\u00e1ndez Chento"},"description":"Director General y cofundador de La Red de Formaci\u00f3n Vicenciana. Javier es laico vicenciano, afiliado a la Congregaci\u00f3n de la Misi\u00f3n y miembro del Equipo de Misiones Populares de la provincia can\u00f3nica de Zaragoza (Espa\u00f1a) de la Congregaci\u00f3n de la Misi\u00f3n. Graduado en la Universidad Oberta de Catalunya con cuatro grados (Asistente de direcci\u00f3n, Gesti\u00f3n Administrativa, Recursos Humanos y Contabilidad Avanzada). Bil\u00edng\u00fce Espa\u00f1ol\/Ingl\u00e9s. gestiona y mantiene varias p\u00e1ginas web cristianas y vicencianas, incluida including La Red de Formaci\u00f3n Vicenciana, de la que es cofundador. Actualmente es responsable del \u00e1rea de Espa\u00f1ol de .famvin, la Red de Noticias de la Familia Vicenciana. Tambi\u00e9n es m\u00fasico cat\u00f3lico y ha editado varios discos. Es Director General y cofundador de Trovador, una reconocida compa\u00f1\u00eda discogr\u00e1fica critiana de Espa\u00f1a. Trabaja en las Tecnolog\u00edas de la Informaci\u00f3n, ofreciendo servicios de alojamiento, dise\u00f1o y mantenimiento Web, as\u00ed como asesoramiento, formaci\u00f3n y soluciones inform\u00e1ticas, gesti\u00f3n documental y digitalizaci\u00f3n de textos, edici\u00f3n y maquetaci\u00f3n de libros, revistas, flyers, etc.","sameAs":["http:\/\/chento.org","https:\/\/www.facebook.com\/JavierChento","https:\/\/x.com\/https:\/\/twitter.com\/javierchento"],"url":"https:\/\/vincentians.com\/es\/author\/chento\/"}]}},"jetpack_publicize_connections":[],"jetpack_featured_media_url":"","jetpack_sharing_enabled":true,"jetpack_shortlink":"https:\/\/wp.me\/p7ETMF-ajQ","jetpack-related-posts":[{"id":39671,"url":"https:\/\/vincentians.com\/es\/misiones-populares-en-espana-1975-2000-1991\/","url_meta":{"origin":39670,"position":0},"title":"Misiones populares en Espa\u00f1a, 1975-2000: 1991","author":"Francisco Javier Fern\u00e1ndez Chento","date":"13\/11\/2014","format":false,"excerpt":"1991 1.- TRES PARROQUIAS (Huelva): 10-26 enero. PP. Julio Herrero, Jes\u00fas Rdez. Rico, Te\u00f3filo Ordo\u00f1ez, Eutiquio Garc\u00eda, Jos\u00e9 Gonzalo, Manuel Freire, Fabriciano Prado, Andr\u00e9s Pato, Rafael Carracedo, Jos\u00e9 Capitas, Pedro Pascual, Juan Velasco, \u00c1ngel Oyanguren, \u00c1ngel Aoiz y Baltasar Indurain. (An. 1991, BPZ,\u00a0 BPM y BPS). Junto con varias HH.\u2026","rel":"","context":"En \u00abMisiones \u00abAd gentes\u00bb\u00bb","block_context":{"text":"Misiones \u00abAd gentes\u00bb","link":"https:\/\/vincentians.com\/es\/category\/servicios-y-ministerios\/misiones-ad-gentes\/"},"img":{"alt_text":"Horche","src":"https:\/\/i0.wp.com\/vicencianos.org\/wp-content\/2011\/05\/Horche-300x204.jpg?resize=350%2C200","width":350,"height":200},"classes":[]},{"id":39673,"url":"https:\/\/vincentians.com\/es\/misiones-populares-en-espana-1975-2000-1993\/","url_meta":{"origin":39670,"position":1},"title":"Misiones populares en Espa\u00f1a, 1975-2000: 1993","author":"Francisco Javier Fern\u00e1ndez Chento","date":"29\/11\/2014","format":false,"excerpt":"1993 \u00a0 \u00a0 1.- ZONA DEL CAMPO DE GIBRALTAR (C\u00e1diz): 14-30 enero: Tahivilla, Facinas y Bolonia. PP. Juan Juan Velasco, Jes\u00fas Lusarreta, Miguel \u00c1ngel Renes, Tom\u00e1s Garc\u00eda Cano y Teodoro Mart\u00edn. (An. 1993, BPM y BPS). Junto con varias HH. de la C. y seglares. Objetivos (marcados por el propio\u2026","rel":"","context":"En \u00abMisiones \u00abAd gentes\u00bb\u00bb","block_context":{"text":"Misiones \u00abAd gentes\u00bb","link":"https:\/\/vincentians.com\/es\/category\/servicios-y-ministerios\/misiones-ad-gentes\/"},"img":{"alt_text":"Iglesia de Landete","src":"https:\/\/i0.wp.com\/vicencianos.org\/wp-content\/2011\/05\/Landete-253x300.jpg?resize=350%2C200","width":350,"height":200},"classes":[]},{"id":39674,"url":"https:\/\/vincentians.com\/es\/misiones-populares-en-espana-1975-2000-1994\/","url_meta":{"origin":39670,"position":2},"title":"Misiones populares en Espa\u00f1a, 1975-2000: 1994","author":"Francisco Javier Fern\u00e1ndez Chento","date":"01\/12\/2014","format":false,"excerpt":"1994 1.- CINTRUENIGO (Navarra): 9 Enero-6 Febrero. PP. Ander Arregui, Javier Artaso, Jes\u00fas M\u00aa Egues, Luis M\u00aa Mnez. San Juan y Pablo Dom\u00ednguez. (An. 1994 y BPZ). Junto con varias HH. de la C. y seglares. 2.- PARROQUIA DE SAN ANTONIO ABAD (Burgos): 20 enero-5 febrero. PP. Florentino Villanueva, Jos\u00e9\u2026","rel":"","context":"En \u00abMisiones \u00abAd gentes\u00bb\u00bb","block_context":{"text":"Misiones \u00abAd gentes\u00bb","link":"https:\/\/vincentians.com\/es\/category\/servicios-y-ministerios\/misiones-ad-gentes\/"},"img":{"alt_text":"","src":"","width":0,"height":0},"classes":[]},{"id":39669,"url":"https:\/\/vincentians.com\/es\/misiones-populares-en-espana-1975-2000-1989\/","url_meta":{"origin":39670,"position":3},"title":"Misiones populares en Espa\u00f1a, 1975-2000: 1989","author":"Francisco Javier Fern\u00e1ndez Chento","date":"03\/11\/2014","format":false,"excerpt":"1989 \u00a0 1.- AYAMONTE, ISLA CANELA y PUNTA DEL MORAL (Huelva): 7 de Enero. PP. Pedro Pascual, Andr\u00e9s Pato, Manuel Canal, Manuel Freire, Francisco Salinero, Rafael Carracedo, Juan Velasco, Jes\u00fas Arellano y Baltasar Indurain. (An.1989 y BPS). Junto con varias HH. de la C. y seminaristas. \u00a0 2.- PUNTA UMBR\u00cdA\u2026","rel":"","context":"En \u00abMisiones \u00abAd gentes\u00bb\u00bb","block_context":{"text":"Misiones \u00abAd gentes\u00bb","link":"https:\/\/vincentians.com\/es\/category\/servicios-y-ministerios\/misiones-ad-gentes\/"},"img":{"alt_text":"Catedral de Sig\u00fcenza","src":"https:\/\/i0.wp.com\/vicencianos.org\/wp-content\/2011\/05\/siguenza-300x195.jpg?resize=350%2C200","width":350,"height":200},"classes":[]},{"id":39680,"url":"https:\/\/vincentians.com\/es\/misiones-populares-en-espana-1975-2000-2000\/","url_meta":{"origin":39670,"position":4},"title":"Misiones populares en Espa\u00f1a, 1975-2000: 2000","author":"Francisco Javier Fern\u00e1ndez Chento","date":"16\/12\/2014","format":false,"excerpt":"2000 1.- PARROQUIAS DE SAN BARTOLOM\u00c9, SANTA MAR\u00cdA y SAN PEDRO (Benicarl\u00f3, Tarragona): 15 enero-5 febrero. PP. Jos\u00e9 Vicente Nacher, Jos\u00e9 Mulet, Amador \u00a0Bauza, Pedro G\u00f3mez, Miguel Garc\u00eda, Jos\u00e9 Luis L\u00f3pez, Jos\u00e9 Miguel S\u00e1nchez y \u00c1ngel Sola. (An.2000 y BPB). Junto a HH. de la C. y j\u00f3venes de JMV\u2026","rel":"","context":"En \u00abMisiones \u00abAd gentes\u00bb\u00bb","block_context":{"text":"Misiones \u00abAd gentes\u00bb","link":"https:\/\/vincentians.com\/es\/category\/servicios-y-ministerios\/misiones-ad-gentes\/"},"img":{"alt_text":"","src":"","width":0,"height":0},"classes":[]},{"id":39666,"url":"https:\/\/vincentians.com\/es\/misiones-populares-en-espana-1975-2000-1986\/","url_meta":{"origin":39670,"position":5},"title":"Misiones populares en Espa\u00f1a, 1975-2000: 1986","author":"Francisco Javier Fern\u00e1ndez Chento","date":"25\/10\/2014","format":false,"excerpt":"1986 1.- BERDILLO (La Coru\u00f1a): 26 enero-2 febrero. PP. \u00c1ngel Aller y Pedro Pascual. (An. 1986). \u00a0 2.- LODOSA (Navarra): 23 febrero-16 marzo. PP. Generoso Guembe, Luis Mnez. Sanju\u00e1n, F\u00e9lix Villafranca y Pablo Dom\u00ednguez. (An. 1986 y BPZ). Varias HH. de la C. y j\u00f3venes seglares \u00a0 3.- CIUDAD RODRIGO:\u2026","rel":"","context":"En \u00abMisiones \u00abAd gentes\u00bb\u00bb","block_context":{"text":"Misiones \u00abAd gentes\u00bb","link":"https:\/\/vincentians.com\/es\/category\/servicios-y-ministerios\/misiones-ad-gentes\/"},"img":{"alt_text":"Granadella","src":"https:\/\/i0.wp.com\/vicencianos.org\/wp-content\/2011\/05\/Granadella-300x300.jpg?resize=350%2C200","width":350,"height":200},"classes":[]}],"_links":{"self":[{"href":"https:\/\/vincentians.com\/es\/wp-json\/wp\/v2\/posts\/39670","targetHints":{"allow":["GET"]}}],"collection":[{"href":"https:\/\/vincentians.com\/es\/wp-json\/wp\/v2\/posts"}],"about":[{"href":"https:\/\/vincentians.com\/es\/wp-json\/wp\/v2\/types\/post"}],"author":[{"embeddable":true,"href":"https:\/\/vincentians.com\/es\/wp-json\/wp\/v2\/users\/4"}],"replies":[{"embeddable":true,"href":"https:\/\/vincentians.com\/es\/wp-json\/wp\/v2\/comments?post=39670"}],"version-history":[{"count":0,"href":"https:\/\/vincentians.com\/es\/wp-json\/wp\/v2\/posts\/39670\/revisions"}],"wp:featuredmedia":[{"embeddable":true,"href":"https:\/\/vincentians.com\/es\/wp-json\/"}],"wp:attachment":[{"href":"https:\/\/vincentians.com\/es\/wp-json\/wp\/v2\/media?parent=39670"}],"wp:term":[{"taxonomy":"category","embeddable":true,"href":"https:\/\/vincentians.com\/es\/wp-json\/wp\/v2\/categories?post=39670"},{"taxonomy":"post_tag","embeddable":true,"href":"https:\/\/vincentians.com\/es\/wp-json\/wp\/v2\/tags?post=39670"}],"curies":[{"name":"wp","href":"https:\/\/api.w.org\/{rel}","templated":true}]}}