{"id":39664,"date":"2014-10-17T03:29:46","date_gmt":"2014-10-17T01:29:46","guid":{"rendered":"http:\/\/somos.vicencianos.org\/blog\/2011\/05\/misiones-populares-en-espana-1975-2000-1984\/"},"modified":"2014-10-17T03:29:46","modified_gmt":"2014-10-17T01:29:46","slug":"misiones-populares-en-espana-1975-2000-1984","status":"publish","type":"post","link":"https:\/\/vincentians.com\/es\/misiones-populares-en-espana-1975-2000-1984\/","title":{"rendered":"Misiones populares en Espa\u00f1a, 1975-2000: 1984"},"content":{"rendered":"<h2><strong>1984<\/strong><\/h2>\n<p><strong> <\/strong><\/p>\n<p><strong> <\/strong><\/p>\n<p><strong>1.- LA PINILLA y LOS CAMPILLOS<\/strong> (Murcia): 8-22 enero. PP. Luis Mnez. San Juan y \u00c1ngel Aoiz. (An.1984 y BPZ).<\/p>\n<p style=\"padding-left: 30px\"><em>Utilizamos el temario que hizo el P. Jaime Corera hace unos a\u00f1os. HHCC. <\/em><\/p>\n<p style=\"padding-left: 30px\"><em>Junto a tres HH. de la C.<\/em><\/p>\n<p><em> <\/em><\/p>\n<p><strong>2.- ZONA DE GRANADA:<\/strong> 22 enero-5 febrero. La R\u00e1bita, Los Galvez, El Pozuelo, La Guarea, Los Castilla, El Cortijo Bajo, La Tejera, Albondon y\u00a0 Albu\u00f1ol. PP. Jaime Corera, Florentino Meneses, \u00c1ngel Aoiz, Luis M\u00aa Mnez. San Juan \u2013hasta diez-(An.1984 y BPM).<\/p>\n<p style=\"padding-left: 30px\"><em>Junto a cuatro HH. de la C, y varios postulantes.<\/em><\/p>\n<p style=\"padding-left: 30px\"><em>La primera semana estuvo centrada en la evangelizaci\u00f3n\u00a0 por \u00abcomunidades de caridad\u00bb. Se llaman as\u00ed porque se trata de peque\u00f1os grupos cristianos en los que se reflexiona sencillamente, d\u00eda a d\u00eda, sobre la base de un temario elemental. Otra caracter\u00edstica de esta semana fue la preparaci\u00f3n de catequistas<\/em>.<\/p>\n<p><strong> <\/strong><\/p>\n<p><strong>3.- CUATRO HIGUERAS, VENTA NUEVA y CUATRO CORRALES<\/strong> (Almer\u00eda): 12-26 Febrero. P. Florentino Meneses. (An.1984).<\/p>\n<p style=\"padding-left: 30px\"><em>Junto con cuatro HH. de la C<\/em>.<\/p>\n<p><strong>4.- LA CURVA<\/strong> (Almer\u00eda). Febrero?. P. \u00c1ngel Aoiz (An.1984).<\/p>\n<p><strong><\/p>\n<div id=\"attachment_39695\" style=\"width: 310px\" class=\"wp-caption alignright\"><a href=\"https:\/\/i0.wp.com\/vicencianos.org\/wp-content\/2011\/05\/Quintanillas.jpg\"><img data-recalc-dims=\"1\" loading=\"lazy\" decoding=\"async\" aria-describedby=\"caption-attachment-39695\" class=\"size-medium wp-image-39695\" title=\"Las Quintanillas\" src=\"https:\/\/i0.wp.com\/vicencianos.org\/wp-content\/2011\/05\/Quintanillas-300x201.jpg?resize=300%2C201\" alt=\"Las Quintanillas\" width=\"300\" height=\"201\" \/><\/a><p id=\"caption-attachment-39695\" class=\"wp-caption-text\">Las Quintanillas<\/p><\/div>\n<p>5.- TARDAJOS, RAB\u00c9, VILLARMENTERO y LAS QUINTANILLAS<\/strong> (Burgos): 3-12 marzo. PP. Veremundo Pardo, Florentino Meneses, Roberto Calero, Luis Tobar y Juli\u00e1n Tobar. (An.1984 y BPM).<\/p>\n<p><strong> <\/strong><\/p>\n<p><strong>6.- ZONA DE SALAMANCA<\/strong>: 11-18 marzo. Hinojosa, San Felices, Fuente Liante,\u00a0 Bogajo, Villavieja de Yeltes, Millares, Ba\u00f1o-B\u00e1rez.\u00a0\u00a0 Jos\u00e9 Alonso, Arturo Conde, Pedro Pascual, Juan Velasco, Ismael Barrio, Rafael Carracedo, Andr\u00e9s Pato, Urbano Rodr\u00edguez, Jos\u00e9 Parente, Marino Dom\u00ednguez y Eladio G\u00f3mez. (An.1984 y BPS).<\/p>\n<p style=\"padding-left: 30px\"><em>Junto con varias HH. de la C.<\/em><\/p>\n<p><strong>7.- SEGOVIA<\/strong> (25 marzo-8 abril). 25 misioneros pa\u00fales (Javier Mnez. Sanju\u00e1n, Luis Mnez. Sanju\u00e1n, \u00c1ngel Aoiz, F\u00e9lix Villafranca, Veremundo Pardo, Rafael Carracedo, Pedro Pascual, Manuel Freire, Arturo Conde, Juan Velasco, Jaime Pratdesaba, \u00c1ngel Sol\u00e1, Francisco Guti\u00e9rrez, Juan Amengual\u2026). (An.1984, BPS, BPM y BPB).<\/p>\n<p><strong>8.- ABADES<\/strong> (Segovia): abril. PP. Veremundo Pardo y Amador S\u00e1ez. (An.1984).<\/p>\n<p><strong>9.- ORDENES<\/strong> (La Coru\u00f1a): 10-20 mayo. PP. Pedro Pascual y Rafael Carracedo. (An.1984 y BPS).<\/p>\n<p style=\"padding-left: 30px\"><em>Junto con varias HH. de la C.<\/em><\/p>\n<p><em> <\/em><\/p>\n<p><strong>10.- ZONA DE LAS GARRIGUES <\/strong>(L\u00e9rida): Granadella,\u00a0 Bobera y Bellaguarda: 4-19 Agosto. PP. Juan Amengual y Miguel Garc\u00eda. (BPB).<\/p>\n<p style=\"padding-left: 30px\"><em>Junto con varias HH. de la C. y j\u00f3venes de JMV<\/em><\/p>\n<p style=\"padding-left: 30px\"><em>Objetivo: vivir la experiencia de ser comunidad de oraci\u00f3n, de Fe y Vida, de evangelizaci\u00f3n-servicio a los hermanos del lugar desde el carisma vicenciano.<\/em><\/p>\n<p><strong> <\/strong><\/p>\n<p><strong>11.- PUENTE DEL R\u00cdO<\/strong> (Almer\u00eda): (\u00bf??). PP. Jes\u00fas Lusarreta y Juan Amengual. \u00a0(An.1984 y BPB).<\/p>\n<p><strong>12.- LO CAMPANO<\/strong> (Cartagena): 26 Noviembre. PP. Pablo Dom\u00ednguez y Luis M\u00aa Mnez. San Juan. (An.1985)<\/p>\n<p style=\"padding-left: 30px\"><em>Junto con HH. de la C. y seglares.<\/em><\/p>\n<p><em> <\/em><\/p>\n<p><strong>13.- TAZONA, LOS OLMOS y CA\u00d1ADA<\/strong> (Albacete): 2-23 diciembre. PP. Jos\u00e9 Luis Crespo y \u00a0Luis Mnez San Jua\u00e1n. (An.1984 y BPZ).<\/p>\n<p style=\"padding-left: 30px\"><em>Junto con HH. de la C. y seglares.<\/em><\/p>\n<p style=\"padding-left: 30px\"><em>Aqu\u00ed aplicamos la 1\u00aa fase de una misi\u00f3n larga. N\u00facleo tem\u00e1tico: la evangelizaci\u00f3n de la familia y de la realidad del pueblo. 1\u00aa semana: visita a las familias. 2\u00aa semana: visita a las familias. 3\u00aa semana: grupos familiares. <\/em><\/p>\n","protected":false},"excerpt":{"rendered":"<p>1984 1.- LA PINILLA y LOS CAMPILLOS (Murcia): 8-22 enero. PP. Luis Mnez. San Juan y \u00c1ngel Aoiz. (An.1984 y BPZ). Utilizamos el temario que hizo el P. Jaime Corera hace unos a\u00f1os. HHCC. Junto &#8230; <a href=\"https:\/\/vincentians.com\/es\/misiones-populares-en-espana-1975-2000-1984\/\" class=\"more-link\">Read More<\/a><\/p>\n","protected":false},"author":4,"featured_media":39438,"comment_status":"open","ping_status":"open","sticky":false,"template":"","format":"standard","meta":{"jetpack_post_was_ever_published":false,"_jetpack_newsletter_access":"","_jetpack_dont_email_post_to_subs":false,"_jetpack_newsletter_tier_id":0,"_jetpack_memberships_contains_paywalled_content":false,"_jetpack_memberships_contains_paid_content":false,"footnotes":"","jetpack_publicize_message":"","jetpack_publicize_feature_enabled":true,"jetpack_social_post_already_shared":true,"jetpack_social_options":{"image_generator_settings":{"template":"highway","default_image_id":0,"font":"","enabled":false},"version":2}},"categories":[201],"tags":[176],"class_list":["post-39664","post","type-post","status-publish","format-standard","has-post-thumbnail","hentry","category-misiones-ad-gentes","tag-misiones-populares"],"yoast_head":"<!-- This site is optimized with the Yoast SEO plugin v26.3 - https:\/\/yoast.com\/wordpress\/plugins\/seo\/ -->\n<title>Misiones populares en Espa\u00f1a, 1975-2000: 1984 - Somos Vicencianos<\/title>\n<meta name=\"robots\" content=\"index, follow, max-snippet:-1, max-image-preview:large, max-video-preview:-1\" \/>\n<link rel=\"canonical\" href=\"https:\/\/vincentians.com\/es\/misiones-populares-en-espana-1975-2000-1984\/\" \/>\n<meta property=\"og:locale\" content=\"es_ES\" \/>\n<meta property=\"og:type\" content=\"article\" \/>\n<meta property=\"og:title\" content=\"Misiones populares en Espa\u00f1a, 1975-2000: 1984 - Somos Vicencianos\" \/>\n<meta property=\"og:description\" content=\"1984 1.- LA PINILLA y LOS CAMPILLOS (Murcia): 8-22 enero. PP. Luis Mnez. San Juan y \u00c1ngel Aoiz. (An.1984 y BPZ). Utilizamos el temario que hizo el P. Jaime Corera hace unos a\u00f1os. HHCC. Junto ... Read More\" \/>\n<meta property=\"og:url\" content=\"https:\/\/vincentians.com\/es\/misiones-populares-en-espana-1975-2000-1984\/\" \/>\n<meta property=\"og:site_name\" content=\"Somos Vicencianos\" \/>\n<meta property=\"article:publisher\" content=\"https:\/\/www.facebook.com\/WeAreVincentians\/\" \/>\n<meta property=\"article:author\" content=\"https:\/\/www.facebook.com\/JavierChento\" \/>\n<meta property=\"article:published_time\" content=\"2014-10-17T01:29:46+00:00\" \/>\n<meta name=\"author\" content=\"Francisco Javier Fern\u00e1ndez Chento\" \/>\n<meta name=\"twitter:card\" content=\"summary_large_image\" \/>\n<meta name=\"twitter:creator\" content=\"@https:\/\/twitter.com\/javierchento\" \/>\n<meta name=\"twitter:site\" content=\"@WeVincentians\" \/>\n<meta name=\"twitter:label1\" content=\"Escrito por\" \/>\n\t<meta name=\"twitter:data1\" content=\"Francisco Javier Fern\u00e1ndez Chento\" \/>\n\t<meta name=\"twitter:label2\" content=\"Tiempo de lectura\" \/>\n\t<meta name=\"twitter:data2\" content=\"3 minutos\" \/>\n<script type=\"application\/ld+json\" class=\"yoast-schema-graph\">{\"@context\":\"https:\/\/schema.org\",\"@graph\":[{\"@type\":\"Article\",\"@id\":\"https:\/\/vincentians.com\/es\/misiones-populares-en-espana-1975-2000-1984\/#article\",\"isPartOf\":{\"@id\":\"https:\/\/vincentians.com\/es\/misiones-populares-en-espana-1975-2000-1984\/\"},\"author\":{\"name\":\"Francisco Javier Fern\u00e1ndez Chento\",\"@id\":\"http:\/\/vincentians.com\/es\/#\/schema\/person\/9623ef4d9aa3b2dfb8c061f1499288f2\"},\"headline\":\"Misiones populares en Espa\u00f1a, 1975-2000: 1984\",\"datePublished\":\"2014-10-17T01:29:46+00:00\",\"mainEntityOfPage\":{\"@id\":\"https:\/\/vincentians.com\/es\/misiones-populares-en-espana-1975-2000-1984\/\"},\"wordCount\":529,\"commentCount\":0,\"publisher\":{\"@id\":\"http:\/\/vincentians.com\/es\/#organization\"},\"image\":{\"@id\":\"https:\/\/vincentians.com\/es\/misiones-populares-en-espana-1975-2000-1984\/#primaryimage\"},\"thumbnailUrl\":\"\",\"keywords\":[\"Misiones Populares\"],\"articleSection\":[\"Misiones \u00abAd gentes\u00bb\"],\"inLanguage\":\"es\",\"potentialAction\":[{\"@type\":\"CommentAction\",\"name\":\"Comment\",\"target\":[\"https:\/\/vincentians.com\/es\/misiones-populares-en-espana-1975-2000-1984\/#respond\"]}]},{\"@type\":\"WebPage\",\"@id\":\"https:\/\/vincentians.com\/es\/misiones-populares-en-espana-1975-2000-1984\/\",\"url\":\"https:\/\/vincentians.com\/es\/misiones-populares-en-espana-1975-2000-1984\/\",\"name\":\"Misiones populares en Espa\u00f1a, 1975-2000: 1984 - Somos Vicencianos\",\"isPartOf\":{\"@id\":\"http:\/\/vincentians.com\/es\/#website\"},\"primaryImageOfPage\":{\"@id\":\"https:\/\/vincentians.com\/es\/misiones-populares-en-espana-1975-2000-1984\/#primaryimage\"},\"image\":{\"@id\":\"https:\/\/vincentians.com\/es\/misiones-populares-en-espana-1975-2000-1984\/#primaryimage\"},\"thumbnailUrl\":\"\",\"datePublished\":\"2014-10-17T01:29:46+00:00\",\"breadcrumb\":{\"@id\":\"https:\/\/vincentians.com\/es\/misiones-populares-en-espana-1975-2000-1984\/#breadcrumb\"},\"inLanguage\":\"es\",\"potentialAction\":[{\"@type\":\"ReadAction\",\"target\":[\"https:\/\/vincentians.com\/es\/misiones-populares-en-espana-1975-2000-1984\/\"]}]},{\"@type\":\"ImageObject\",\"inLanguage\":\"es\",\"@id\":\"https:\/\/vincentians.com\/es\/misiones-populares-en-espana-1975-2000-1984\/#primaryimage\",\"url\":\"\",\"contentUrl\":\"\"},{\"@type\":\"BreadcrumbList\",\"@id\":\"https:\/\/vincentians.com\/es\/misiones-populares-en-espana-1975-2000-1984\/#breadcrumb\",\"itemListElement\":[{\"@type\":\"ListItem\",\"position\":1,\"name\":\"Portada\",\"item\":\"http:\/\/vincentians.com\/es\/\"},{\"@type\":\"ListItem\",\"position\":2,\"name\":\"Misiones populares en Espa\u00f1a, 1975-2000: 1984\"}]},{\"@type\":\"WebSite\",\"@id\":\"http:\/\/vincentians.com\/es\/#website\",\"url\":\"http:\/\/vincentians.com\/es\/\",\"name\":\"Somos Vicencianos\",\"description\":\"Know more to serve more\",\"publisher\":{\"@id\":\"http:\/\/vincentians.com\/es\/#organization\"},\"potentialAction\":[{\"@type\":\"SearchAction\",\"target\":{\"@type\":\"EntryPoint\",\"urlTemplate\":\"http:\/\/vincentians.com\/es\/?s={search_term_string}\"},\"query-input\":{\"@type\":\"PropertyValueSpecification\",\"valueRequired\":true,\"valueName\":\"search_term_string\"}}],\"inLanguage\":\"es\"},{\"@type\":\"Organization\",\"@id\":\"http:\/\/vincentians.com\/es\/#organization\",\"name\":\"The Vincentian Network\",\"url\":\"http:\/\/vincentians.com\/es\/\",\"logo\":{\"@type\":\"ImageObject\",\"inLanguage\":\"es\",\"@id\":\"http:\/\/vincentians.com\/es\/#\/schema\/logo\/image\/\",\"url\":\"https:\/\/i1.wp.com\/vincentians.com\/es\/wp-content\/uploads\/sites\/11\/2016\/06\/Vincentian-Network-logo-big.png?fit=778%2C778\",\"contentUrl\":\"https:\/\/i1.wp.com\/vincentians.com\/es\/wp-content\/uploads\/sites\/11\/2016\/06\/Vincentian-Network-logo-big.png?fit=778%2C778\",\"width\":778,\"height\":778,\"caption\":\"The Vincentian Network\"},\"image\":{\"@id\":\"http:\/\/vincentians.com\/es\/#\/schema\/logo\/image\/\"},\"sameAs\":[\"https:\/\/www.facebook.com\/WeAreVincentians\/\",\"https:\/\/x.com\/WeVincentians\"]},{\"@type\":\"Person\",\"@id\":\"http:\/\/vincentians.com\/es\/#\/schema\/person\/9623ef4d9aa3b2dfb8c061f1499288f2\",\"name\":\"Francisco Javier Fern\u00e1ndez Chento\",\"image\":{\"@type\":\"ImageObject\",\"inLanguage\":\"es\",\"@id\":\"http:\/\/vincentians.com\/es\/#\/schema\/person\/image\/\",\"url\":\"https:\/\/secure.gravatar.com\/avatar\/497d5cde87b4c3d097d0315953521681ba2cd523ee66e5077c3711f7021e65de?s=96&d=mm&r=g\",\"contentUrl\":\"https:\/\/secure.gravatar.com\/avatar\/497d5cde87b4c3d097d0315953521681ba2cd523ee66e5077c3711f7021e65de?s=96&d=mm&r=g\",\"caption\":\"Francisco Javier Fern\u00e1ndez Chento\"},\"description\":\"Director General y cofundador de La Red de Formaci\u00f3n Vicenciana. Javier es laico vicenciano, afiliado a la Congregaci\u00f3n de la Misi\u00f3n y miembro del Equipo de Misiones Populares de la provincia can\u00f3nica de Zaragoza (Espa\u00f1a) de la Congregaci\u00f3n de la Misi\u00f3n. Graduado en la Universidad Oberta de Catalunya con cuatro grados (Asistente de direcci\u00f3n, Gesti\u00f3n Administrativa, Recursos Humanos y Contabilidad Avanzada). Bil\u00edng\u00fce Espa\u00f1ol\/Ingl\u00e9s. gestiona y mantiene varias p\u00e1ginas web cristianas y vicencianas, incluida including La Red de Formaci\u00f3n Vicenciana, de la que es cofundador. Actualmente es responsable del \u00e1rea de Espa\u00f1ol de .famvin, la Red de Noticias de la Familia Vicenciana. Tambi\u00e9n es m\u00fasico cat\u00f3lico y ha editado varios discos. Es Director General y cofundador de Trovador, una reconocida compa\u00f1\u00eda discogr\u00e1fica critiana de Espa\u00f1a. Trabaja en las Tecnolog\u00edas de la Informaci\u00f3n, ofreciendo servicios de alojamiento, dise\u00f1o y mantenimiento Web, as\u00ed como asesoramiento, formaci\u00f3n y soluciones inform\u00e1ticas, gesti\u00f3n documental y digitalizaci\u00f3n de textos, edici\u00f3n y maquetaci\u00f3n de libros, revistas, flyers, etc.\",\"sameAs\":[\"http:\/\/chento.org\",\"https:\/\/www.facebook.com\/JavierChento\",\"https:\/\/x.com\/https:\/\/twitter.com\/javierchento\"],\"url\":\"https:\/\/vincentians.com\/es\/author\/chento\/\"}]}<\/script>\n<!-- \/ Yoast SEO plugin. -->","yoast_head_json":{"title":"Misiones populares en Espa\u00f1a, 1975-2000: 1984 - Somos Vicencianos","robots":{"index":"index","follow":"follow","max-snippet":"max-snippet:-1","max-image-preview":"max-image-preview:large","max-video-preview":"max-video-preview:-1"},"canonical":"https:\/\/vincentians.com\/es\/misiones-populares-en-espana-1975-2000-1984\/","og_locale":"es_ES","og_type":"article","og_title":"Misiones populares en Espa\u00f1a, 1975-2000: 1984 - Somos Vicencianos","og_description":"1984 1.- LA PINILLA y LOS CAMPILLOS (Murcia): 8-22 enero. PP. Luis Mnez. San Juan y \u00c1ngel Aoiz. (An.1984 y BPZ). Utilizamos el temario que hizo el P. Jaime Corera hace unos a\u00f1os. HHCC. Junto ... Read More","og_url":"https:\/\/vincentians.com\/es\/misiones-populares-en-espana-1975-2000-1984\/","og_site_name":"Somos Vicencianos","article_publisher":"https:\/\/www.facebook.com\/WeAreVincentians\/","article_author":"https:\/\/www.facebook.com\/JavierChento","article_published_time":"2014-10-17T01:29:46+00:00","author":"Francisco Javier Fern\u00e1ndez Chento","twitter_card":"summary_large_image","twitter_creator":"@https:\/\/twitter.com\/javierchento","twitter_site":"@WeVincentians","twitter_misc":{"Escrito por":"Francisco Javier Fern\u00e1ndez Chento","Tiempo de lectura":"3 minutos"},"schema":{"@context":"https:\/\/schema.org","@graph":[{"@type":"Article","@id":"https:\/\/vincentians.com\/es\/misiones-populares-en-espana-1975-2000-1984\/#article","isPartOf":{"@id":"https:\/\/vincentians.com\/es\/misiones-populares-en-espana-1975-2000-1984\/"},"author":{"name":"Francisco Javier Fern\u00e1ndez Chento","@id":"http:\/\/vincentians.com\/es\/#\/schema\/person\/9623ef4d9aa3b2dfb8c061f1499288f2"},"headline":"Misiones populares en Espa\u00f1a, 1975-2000: 1984","datePublished":"2014-10-17T01:29:46+00:00","mainEntityOfPage":{"@id":"https:\/\/vincentians.com\/es\/misiones-populares-en-espana-1975-2000-1984\/"},"wordCount":529,"commentCount":0,"publisher":{"@id":"http:\/\/vincentians.com\/es\/#organization"},"image":{"@id":"https:\/\/vincentians.com\/es\/misiones-populares-en-espana-1975-2000-1984\/#primaryimage"},"thumbnailUrl":"","keywords":["Misiones Populares"],"articleSection":["Misiones \u00abAd gentes\u00bb"],"inLanguage":"es","potentialAction":[{"@type":"CommentAction","name":"Comment","target":["https:\/\/vincentians.com\/es\/misiones-populares-en-espana-1975-2000-1984\/#respond"]}]},{"@type":"WebPage","@id":"https:\/\/vincentians.com\/es\/misiones-populares-en-espana-1975-2000-1984\/","url":"https:\/\/vincentians.com\/es\/misiones-populares-en-espana-1975-2000-1984\/","name":"Misiones populares en Espa\u00f1a, 1975-2000: 1984 - Somos Vicencianos","isPartOf":{"@id":"http:\/\/vincentians.com\/es\/#website"},"primaryImageOfPage":{"@id":"https:\/\/vincentians.com\/es\/misiones-populares-en-espana-1975-2000-1984\/#primaryimage"},"image":{"@id":"https:\/\/vincentians.com\/es\/misiones-populares-en-espana-1975-2000-1984\/#primaryimage"},"thumbnailUrl":"","datePublished":"2014-10-17T01:29:46+00:00","breadcrumb":{"@id":"https:\/\/vincentians.com\/es\/misiones-populares-en-espana-1975-2000-1984\/#breadcrumb"},"inLanguage":"es","potentialAction":[{"@type":"ReadAction","target":["https:\/\/vincentians.com\/es\/misiones-populares-en-espana-1975-2000-1984\/"]}]},{"@type":"ImageObject","inLanguage":"es","@id":"https:\/\/vincentians.com\/es\/misiones-populares-en-espana-1975-2000-1984\/#primaryimage","url":"","contentUrl":""},{"@type":"BreadcrumbList","@id":"https:\/\/vincentians.com\/es\/misiones-populares-en-espana-1975-2000-1984\/#breadcrumb","itemListElement":[{"@type":"ListItem","position":1,"name":"Portada","item":"http:\/\/vincentians.com\/es\/"},{"@type":"ListItem","position":2,"name":"Misiones populares en Espa\u00f1a, 1975-2000: 1984"}]},{"@type":"WebSite","@id":"http:\/\/vincentians.com\/es\/#website","url":"http:\/\/vincentians.com\/es\/","name":"Somos Vicencianos","description":"Know more to serve more","publisher":{"@id":"http:\/\/vincentians.com\/es\/#organization"},"potentialAction":[{"@type":"SearchAction","target":{"@type":"EntryPoint","urlTemplate":"http:\/\/vincentians.com\/es\/?s={search_term_string}"},"query-input":{"@type":"PropertyValueSpecification","valueRequired":true,"valueName":"search_term_string"}}],"inLanguage":"es"},{"@type":"Organization","@id":"http:\/\/vincentians.com\/es\/#organization","name":"The Vincentian Network","url":"http:\/\/vincentians.com\/es\/","logo":{"@type":"ImageObject","inLanguage":"es","@id":"http:\/\/vincentians.com\/es\/#\/schema\/logo\/image\/","url":"https:\/\/i1.wp.com\/vincentians.com\/es\/wp-content\/uploads\/sites\/11\/2016\/06\/Vincentian-Network-logo-big.png?fit=778%2C778","contentUrl":"https:\/\/i1.wp.com\/vincentians.com\/es\/wp-content\/uploads\/sites\/11\/2016\/06\/Vincentian-Network-logo-big.png?fit=778%2C778","width":778,"height":778,"caption":"The Vincentian Network"},"image":{"@id":"http:\/\/vincentians.com\/es\/#\/schema\/logo\/image\/"},"sameAs":["https:\/\/www.facebook.com\/WeAreVincentians\/","https:\/\/x.com\/WeVincentians"]},{"@type":"Person","@id":"http:\/\/vincentians.com\/es\/#\/schema\/person\/9623ef4d9aa3b2dfb8c061f1499288f2","name":"Francisco Javier Fern\u00e1ndez Chento","image":{"@type":"ImageObject","inLanguage":"es","@id":"http:\/\/vincentians.com\/es\/#\/schema\/person\/image\/","url":"https:\/\/secure.gravatar.com\/avatar\/497d5cde87b4c3d097d0315953521681ba2cd523ee66e5077c3711f7021e65de?s=96&d=mm&r=g","contentUrl":"https:\/\/secure.gravatar.com\/avatar\/497d5cde87b4c3d097d0315953521681ba2cd523ee66e5077c3711f7021e65de?s=96&d=mm&r=g","caption":"Francisco Javier Fern\u00e1ndez Chento"},"description":"Director General y cofundador de La Red de Formaci\u00f3n Vicenciana. Javier es laico vicenciano, afiliado a la Congregaci\u00f3n de la Misi\u00f3n y miembro del Equipo de Misiones Populares de la provincia can\u00f3nica de Zaragoza (Espa\u00f1a) de la Congregaci\u00f3n de la Misi\u00f3n. Graduado en la Universidad Oberta de Catalunya con cuatro grados (Asistente de direcci\u00f3n, Gesti\u00f3n Administrativa, Recursos Humanos y Contabilidad Avanzada). Bil\u00edng\u00fce Espa\u00f1ol\/Ingl\u00e9s. gestiona y mantiene varias p\u00e1ginas web cristianas y vicencianas, incluida including La Red de Formaci\u00f3n Vicenciana, de la que es cofundador. Actualmente es responsable del \u00e1rea de Espa\u00f1ol de .famvin, la Red de Noticias de la Familia Vicenciana. Tambi\u00e9n es m\u00fasico cat\u00f3lico y ha editado varios discos. Es Director General y cofundador de Trovador, una reconocida compa\u00f1\u00eda discogr\u00e1fica critiana de Espa\u00f1a. Trabaja en las Tecnolog\u00edas de la Informaci\u00f3n, ofreciendo servicios de alojamiento, dise\u00f1o y mantenimiento Web, as\u00ed como asesoramiento, formaci\u00f3n y soluciones inform\u00e1ticas, gesti\u00f3n documental y digitalizaci\u00f3n de textos, edici\u00f3n y maquetaci\u00f3n de libros, revistas, flyers, etc.","sameAs":["http:\/\/chento.org","https:\/\/www.facebook.com\/JavierChento","https:\/\/x.com\/https:\/\/twitter.com\/javierchento"],"url":"https:\/\/vincentians.com\/es\/author\/chento\/"}]}},"jetpack_publicize_connections":[],"jetpack_featured_media_url":"","jetpack_sharing_enabled":true,"jetpack_shortlink":"https:\/\/wp.me\/p7ETMF-ajK","jetpack-related-posts":[{"id":39667,"url":"https:\/\/vincentians.com\/es\/misiones-populares-en-espana-1975-2000-1987\/","url_meta":{"origin":39664,"position":0},"title":"Misiones populares en Espa\u00f1a, 1975-2000: 1987","author":"Francisco Javier Fern\u00e1ndez Chento","date":"29\/10\/2014","format":false,"excerpt":"1987 \u00a0 1.- COLINDRES y LIMPIAS (Cantabria): 18 enero-1 febrero. PP. Jos\u00e9 Luis Cort\u00e1zar, Celestino Fern\u00e1ndez, Florentino Villanueva y Eugenio G. Espinosa. (An. 1987 y BPM). Junto con varias HH. de la C. 2.- RIBAFORADA (Navarra): Febrero: PP. Generoso Guembe, Ander Arregui, Pablo Dom\u00ednguez y Luis M\u00aa Mnez. San Juan.\u2026","rel":"","context":"En \u00abMisiones \u00abAd gentes\u00bb\u00bb","block_context":{"text":"Misiones \u00abAd gentes\u00bb","link":"https:\/\/vincentians.com\/es\/category\/servicios-y-ministerios\/misiones-ad-gentes\/"},"img":{"alt_text":"","src":"","width":0,"height":0},"classes":[]},{"id":39663,"url":"https:\/\/vincentians.com\/es\/misiones-populares-en-espana-1975-2000-1983\/","url_meta":{"origin":39664,"position":1},"title":"Misiones populares en Espa\u00f1a, 1975-2000: 1983","author":"Francisco Javier Fern\u00e1ndez Chento","date":"15\/10\/2014","format":false,"excerpt":"1983 1.- ESGOS (Orense): 26 enero-2 febrero. P. Andr\u00e9s Pato. (PBS). \u00a0 2.- FENAZAR (Murcia): Enero?. PP. \u00c1ngel Aoiz y Eugenio Garc\u00eda Espinosa. (An.1983 y BPZ). 3.- LOS OLMOS y TAZONA (Albacete): Febrero?. PP. Jos\u00e9 Luis Crespo y \u00c1ngel Aoiz. (An.1983 y BPZ). 4.-GANADE (Orense): 20-27 febrero. P. Andr\u00e9s Pato.\u2026","rel":"","context":"En \u00abMisiones \u00abAd gentes\u00bb\u00bb","block_context":{"text":"Misiones \u00abAd gentes\u00bb","link":"https:\/\/vincentians.com\/es\/category\/servicios-y-ministerios\/misiones-ad-gentes\/"},"img":{"alt_text":"","src":"","width":0,"height":0},"classes":[]},{"id":39680,"url":"https:\/\/vincentians.com\/es\/misiones-populares-en-espana-1975-2000-2000\/","url_meta":{"origin":39664,"position":2},"title":"Misiones populares en Espa\u00f1a, 1975-2000: 2000","author":"Francisco Javier Fern\u00e1ndez Chento","date":"16\/12\/2014","format":false,"excerpt":"2000 1.- PARROQUIAS DE SAN BARTOLOM\u00c9, SANTA MAR\u00cdA y SAN PEDRO (Benicarl\u00f3, Tarragona): 15 enero-5 febrero. PP. Jos\u00e9 Vicente Nacher, Jos\u00e9 Mulet, Amador \u00a0Bauza, Pedro G\u00f3mez, Miguel Garc\u00eda, Jos\u00e9 Luis L\u00f3pez, Jos\u00e9 Miguel S\u00e1nchez y \u00c1ngel Sola. (An.2000 y BPB). Junto a HH. de la C. y j\u00f3venes de JMV\u2026","rel":"","context":"En \u00abMisiones \u00abAd gentes\u00bb\u00bb","block_context":{"text":"Misiones \u00abAd gentes\u00bb","link":"https:\/\/vincentians.com\/es\/category\/servicios-y-ministerios\/misiones-ad-gentes\/"},"img":{"alt_text":"","src":"","width":0,"height":0},"classes":[]},{"id":39668,"url":"https:\/\/vincentians.com\/es\/misiones-populares-en-espana-1975-2000-1988\/","url_meta":{"origin":39664,"position":3},"title":"Misiones populares en Espa\u00f1a, 1975-2000: 1988","author":"Francisco Javier Fern\u00e1ndez Chento","date":"02\/11\/2014","format":false,"excerpt":"1988 1.- MASPALOMAS (Las Palmas): enero (An.1988). 2.- ZONA DEL AND\u00c9VALO (Huelva): Las Minas de Tharsis, El Granado, Valverde del Camino, Perrunal y La Zarza. 14-31 enero. PP. Rafael Carracedo, Fabriciano Prado, Pedro Pascual, Manuel Freire, Juan Velasco, \u00c1ngel Aoiz, Jes\u00fas Arellano, Jes\u00fas Lusarreta, Florentino Villanueva, Amador S\u00e1ez, Javier del\u2026","rel":"","context":"En \u00abMisiones \u00abAd gentes\u00bb\u00bb","block_context":{"text":"Misiones \u00abAd gentes\u00bb","link":"https:\/\/vincentians.com\/es\/category\/servicios-y-ministerios\/misiones-ad-gentes\/"},"img":{"alt_text":"Ribaforada","src":"https:\/\/i0.wp.com\/vicencianos.org\/wp-content\/2011\/05\/ribaforada-300x144.jpg?resize=350%2C200","width":350,"height":200},"classes":[]},{"id":39669,"url":"https:\/\/vincentians.com\/es\/misiones-populares-en-espana-1975-2000-1989\/","url_meta":{"origin":39664,"position":4},"title":"Misiones populares en Espa\u00f1a, 1975-2000: 1989","author":"Francisco Javier Fern\u00e1ndez Chento","date":"03\/11\/2014","format":false,"excerpt":"1989 \u00a0 1.- AYAMONTE, ISLA CANELA y PUNTA DEL MORAL (Huelva): 7 de Enero. PP. Pedro Pascual, Andr\u00e9s Pato, Manuel Canal, Manuel Freire, Francisco Salinero, Rafael Carracedo, Juan Velasco, Jes\u00fas Arellano y Baltasar Indurain. (An.1989 y BPS). Junto con varias HH. de la C. y seminaristas. \u00a0 2.- PUNTA UMBR\u00cdA\u2026","rel":"","context":"En \u00abMisiones \u00abAd gentes\u00bb\u00bb","block_context":{"text":"Misiones \u00abAd gentes\u00bb","link":"https:\/\/vincentians.com\/es\/category\/servicios-y-ministerios\/misiones-ad-gentes\/"},"img":{"alt_text":"Catedral de Sig\u00fcenza","src":"https:\/\/i0.wp.com\/vicencianos.org\/wp-content\/2011\/05\/siguenza-300x195.jpg?resize=350%2C200","width":350,"height":200},"classes":[]},{"id":39662,"url":"https:\/\/vincentians.com\/es\/misiones-populares-en-espana-1975-2000-1982\/","url_meta":{"origin":39664,"position":5},"title":"Misiones populares en Espa\u00f1a, 1975-2000: 1982","author":"Francisco Javier Fern\u00e1ndez Chento","date":"11\/10\/2014","format":false,"excerpt":"1982 1.- LA BALSILLA, SAN EL\u00cdAS Y SALTADERO (Granada): 29 marzo-5 abril. P. Florentino Meneses. (An.1982). 2.- LA DEHESA (Teruel): 1-15 marzo?. PP.Luis Mnez San Juan y Generoso Guembe. (An.1982). 3.- PARROQUIA DE SAN JOS\u00c9 OBRERO (Segovia): 27 febrero-7 marzo. PP. Amador S\u00e1ez y Veremundo Pardo. (An.1982 y BPM). 4.-\u2026","rel":"","context":"En \u00abMisiones \u00abAd gentes\u00bb\u00bb","block_context":{"text":"Misiones \u00abAd gentes\u00bb","link":"https:\/\/vincentians.com\/es\/category\/servicios-y-ministerios\/misiones-ad-gentes\/"},"img":{"alt_text":"","src":"","width":0,"height":0},"classes":[]}],"_links":{"self":[{"href":"https:\/\/vincentians.com\/es\/wp-json\/wp\/v2\/posts\/39664","targetHints":{"allow":["GET"]}}],"collection":[{"href":"https:\/\/vincentians.com\/es\/wp-json\/wp\/v2\/posts"}],"about":[{"href":"https:\/\/vincentians.com\/es\/wp-json\/wp\/v2\/types\/post"}],"author":[{"embeddable":true,"href":"https:\/\/vincentians.com\/es\/wp-json\/wp\/v2\/users\/4"}],"replies":[{"embeddable":true,"href":"https:\/\/vincentians.com\/es\/wp-json\/wp\/v2\/comments?post=39664"}],"version-history":[{"count":0,"href":"https:\/\/vincentians.com\/es\/wp-json\/wp\/v2\/posts\/39664\/revisions"}],"wp:featuredmedia":[{"embeddable":true,"href":"https:\/\/vincentians.com\/es\/wp-json\/"}],"wp:attachment":[{"href":"https:\/\/vincentians.com\/es\/wp-json\/wp\/v2\/media?parent=39664"}],"wp:term":[{"taxonomy":"category","embeddable":true,"href":"https:\/\/vincentians.com\/es\/wp-json\/wp\/v2\/categories?post=39664"},{"taxonomy":"post_tag","embeddable":true,"href":"https:\/\/vincentians.com\/es\/wp-json\/wp\/v2\/tags?post=39664"}],"curies":[{"name":"wp","href":"https:\/\/api.w.org\/{rel}","templated":true}]}}