{"id":39663,"date":"2014-10-15T08:29:46","date_gmt":"2014-10-15T06:29:46","guid":{"rendered":"http:\/\/somos.vicencianos.org\/blog\/2011\/05\/misiones-populares-en-espana-1975-2000-1983\/"},"modified":"2014-10-15T08:29:46","modified_gmt":"2014-10-15T06:29:46","slug":"misiones-populares-en-espana-1975-2000-1983","status":"publish","type":"post","link":"https:\/\/vincentians.com\/es\/misiones-populares-en-espana-1975-2000-1983\/","title":{"rendered":"Misiones populares en Espa\u00f1a, 1975-2000: 1983"},"content":{"rendered":"<h2><strong>1983<\/strong><\/h2>\n<p><strong>1.- ESGOS <\/strong>(Orense): 26 enero-2 febrero. P. Andr\u00e9s Pato. (PBS).<\/p>\n<p>&nbsp;<\/p>\n<p><strong>2.- FENAZAR<\/strong> (Murcia): Enero?. PP. \u00c1ngel Aoiz y Eugenio Garc\u00eda Espinosa. (An.1983 y BPZ).<\/p>\n<p><strong>3.- LOS OLMOS y TAZONA<\/strong> (Albacete): Febrero?. PP. Jos\u00e9 Luis Crespo y \u00c1ngel Aoiz. (An.1983 y BPZ).<\/p>\n<p><strong>4.-GANADE<\/strong> (Orense): 20-27 febrero. P. Andr\u00e9s Pato.<\/p>\n<p style=\"padding-left: 30px\"><em>Junto con varias HH. de la C.<\/em><\/p>\n<p><strong>5.- ZONA DE SALAMANCA:<\/strong> 27 febrero-6 marzo. La Encina, Pastores, Martiago, Sahugo, Cespedosa, Herguijuela, Robleda, Agallas y Vegas. PP. Andr\u00e9s Pato, Fabriciano Prado, Jos\u00e9 Parente, Pedro Pascual, Jos\u00e9 Dom\u00ednguez, Arturo Conde y Rafael Carracedo. (An.1983 y BPS).<\/p>\n<p style=\"padding-left: 30px\"><em>Junto con varias HH. de la C.<\/em><\/p>\n<p>&nbsp;<\/p>\n<p><strong>6.- MUCHAMIEL<\/strong> (Alicante): 1-11 de marzo. PP. Florentino Meneses, Amador S\u00e1ez, Bernardino \u00c1lvaro, Miguel Rom\u00f3n y Miguel \u00c1ngel Renes. (Anales 1983 y BPM).<\/p>\n<p style=\"padding-left: 30px\"><em>Se aplica el contenido de Ortega.<\/em><\/p>\n<p><strong>7.- LA DEHESA<\/strong> (Albacete): Marzo?. Crespo y Garc\u00eda Espinosa. Marzo?. (An.1983 y BPZ).<\/p>\n<p><strong>8.- COLINDRES y RASINES<\/strong> (Cantabria): (\u00bf?). P. Veremundo Pardo. (An.1983).<\/p>\n<p><strong>9.- ZONA DE SALAMANCA<\/strong>: 6-12 marzo. El Bod\u00f3n, Morasverdes, Tenebr\u00f3n, Guadapero, Bocacara, Puebla de Yeltes y Aldehuela de Yeltes. PP. Andr\u00e9s Pato, Jos\u00e9 Dom\u00ednguez, Arturo Conde, Fabriciano Prado, Rafael Carracedo y Jos\u00e9 Parente. (An.1983 y BPS).<\/p>\n<p style=\"padding-left: 30px\"><em>Junto con varias HH. de la C.<\/em><\/p>\n<p>&nbsp;<\/p>\n<p><strong>10.- CASTELLO DE FARFANYA<\/strong> (L\u00e9rida): 7-13 marzo. P. \u00c1ngel Sol\u00e1. (BPB).<\/p>\n<p style=\"padding-left: 30px\"><em>Junto con varias HH. de la C.<\/em><\/p>\n<p><strong>11.- DONFRANQUE y aleda\u00f1os<\/strong> (Orense): 13-20 marzo. P. Andr\u00e9s Pato. (BPS).<\/p>\n<p style=\"padding-left: 30px\"><em>Junto con una Hija de la Caridad<\/em><\/p>\n<p>&nbsp;<\/p>\n<p><strong>12.- CHAYOSO y FRANCOS DE MACEDA<\/strong> (Orense): 13-20 marzo. P. Rafael Carracedo. (BPS)<\/p>\n<p style=\"padding-left: 30px\"><em>Junto con una Hija de la Caridad.<\/em><\/p>\n<p>&nbsp;<\/p>\n<p><strong>13.- ALGERRI<\/strong> (L\u00e9rida): 21-27 marzo. P. \u00c1ngel Sol\u00e1. (BPB).<\/p>\n<p style=\"padding-left: 30px\"><em>Junto con varias HH. de la C.<\/em><\/p>\n<p><strong>14.- IVARS DE NOGUERA<\/strong> (L\u00e9rida): 28 marzo-3 abril. P.\u00c1ngel Sol\u00e1. (BPB).<\/p>\n<p style=\"padding-left: 30px\"><em> Junto con varias HH. de la C.<\/em><\/p>\n<p>&nbsp;<\/p>\n<p><strong>15.- AGOST<\/strong> (Alicante). 11-27 abril. PP. Amador D\u00edaz, Miguel P\u00e9rez de Gracia, Juan Amengual y \u00c1ngel Sola. (An.1983 y BPB).<\/p>\n<p style=\"padding-left: 30px\"><em>Junto a tres HH. de la C<\/em><\/p>\n<p style=\"padding-left: 30px\"><em>Objetivo: formar comunidades tan diversas como pueden ser las mentalidades de la gente..<\/em><\/p>\n<p>&nbsp;<\/p>\n<p><strong>16.- SAN RAFAEL<\/strong> (Segovia): 12-16 abril. PP. Veremundo Pardo y Luis Tobar. (An.1983).<\/p>\n<p><strong>17.- PUNTA UMBR\u00cdA<\/strong> (Huelva): 10-24 abril. PP. Jes\u00fas Lusarreta, Te\u00f3filo Ord\u00f3\u00f1ez y Juan Velasco.\u00a0 (An.1983y BPS).<\/p>\n<p style=\"padding-left: 30px\"><em>Junto a ocho HH. de la C.<\/em><\/p>\n<p><strong>18.- MACEDA, FONCUBERTA y VIJUESES<\/strong> (Orense): 1-13 de mayo. PP. Andr\u00e9s Pato, Rafael Carracedo y Florentino Meneses. (An.1983 y BPS).<\/p>\n<p style=\"padding-left: 30px\"><em>Junto con tres HH. de la C.<\/em><\/p>\n<p>&nbsp;<\/p>\n<p><strong>19.- CUBEL<\/strong> (Zaragoza): 2-12 diciembre. PP. \u00c1ngel Aoiz y Luis M\u00aa Mnez. San Juan. (An.1984 y BPZ)<\/p>\n<p style=\"padding-left: 30px\"><em>Junto a dos HH. de la C.<\/em><\/p>\n","protected":false},"excerpt":{"rendered":"<p>1983 1.- ESGOS (Orense): 26 enero-2 febrero. P. Andr\u00e9s Pato. (PBS). &nbsp; 2.- FENAZAR (Murcia): Enero?. PP. \u00c1ngel Aoiz y Eugenio Garc\u00eda Espinosa. (An.1983 y BPZ). 3.- LOS OLMOS y TAZONA (Albacete): Febrero?. PP. Jos\u00e9 &#8230; <a href=\"https:\/\/vincentians.com\/es\/misiones-populares-en-espana-1975-2000-1983\/\" class=\"more-link\">Read More<\/a><\/p>\n","protected":false},"author":4,"featured_media":39438,"comment_status":"open","ping_status":"open","sticky":false,"template":"","format":"standard","meta":{"jetpack_post_was_ever_published":false,"_jetpack_newsletter_access":"","_jetpack_dont_email_post_to_subs":false,"_jetpack_newsletter_tier_id":0,"_jetpack_memberships_contains_paywalled_content":false,"_jetpack_memberships_contains_paid_content":false,"footnotes":"","jetpack_publicize_message":"","jetpack_publicize_feature_enabled":true,"jetpack_social_post_already_shared":true,"jetpack_social_options":{"image_generator_settings":{"template":"highway","default_image_id":0,"font":"","enabled":false},"version":2}},"categories":[201],"tags":[176],"class_list":["post-39663","post","type-post","status-publish","format-standard","has-post-thumbnail","hentry","category-misiones-ad-gentes","tag-misiones-populares"],"yoast_head":"<!-- This site is optimized with the Yoast SEO plugin v26.3 - https:\/\/yoast.com\/wordpress\/plugins\/seo\/ -->\n<title>Misiones populares en Espa\u00f1a, 1975-2000: 1983 - Somos Vicencianos<\/title>\n<meta name=\"robots\" content=\"index, follow, max-snippet:-1, max-image-preview:large, max-video-preview:-1\" \/>\n<link rel=\"canonical\" href=\"https:\/\/vincentians.com\/es\/misiones-populares-en-espana-1975-2000-1983\/\" \/>\n<meta property=\"og:locale\" content=\"es_ES\" \/>\n<meta property=\"og:type\" content=\"article\" \/>\n<meta property=\"og:title\" content=\"Misiones populares en Espa\u00f1a, 1975-2000: 1983 - Somos Vicencianos\" \/>\n<meta property=\"og:description\" content=\"1983 1.- ESGOS (Orense): 26 enero-2 febrero. P. Andr\u00e9s Pato. (PBS). &nbsp; 2.- FENAZAR (Murcia): Enero?. PP. \u00c1ngel Aoiz y Eugenio Garc\u00eda Espinosa. (An.1983 y BPZ). 3.- LOS OLMOS y TAZONA (Albacete): Febrero?. PP. Jos\u00e9 ... Read More\" \/>\n<meta property=\"og:url\" content=\"https:\/\/vincentians.com\/es\/misiones-populares-en-espana-1975-2000-1983\/\" \/>\n<meta property=\"og:site_name\" content=\"Somos Vicencianos\" \/>\n<meta property=\"article:publisher\" content=\"https:\/\/www.facebook.com\/WeAreVincentians\/\" \/>\n<meta property=\"article:author\" content=\"https:\/\/www.facebook.com\/JavierChento\" \/>\n<meta property=\"article:published_time\" content=\"2014-10-15T06:29:46+00:00\" \/>\n<meta name=\"author\" content=\"Francisco Javier Fern\u00e1ndez Chento\" \/>\n<meta name=\"twitter:card\" content=\"summary_large_image\" \/>\n<meta name=\"twitter:creator\" content=\"@https:\/\/twitter.com\/javierchento\" \/>\n<meta name=\"twitter:site\" content=\"@WeVincentians\" \/>\n<meta name=\"twitter:label1\" content=\"Escrito por\" \/>\n\t<meta name=\"twitter:data1\" content=\"Francisco Javier Fern\u00e1ndez Chento\" \/>\n\t<meta name=\"twitter:label2\" content=\"Tiempo de lectura\" \/>\n\t<meta name=\"twitter:data2\" content=\"2 minutos\" \/>\n<script type=\"application\/ld+json\" class=\"yoast-schema-graph\">{\"@context\":\"https:\/\/schema.org\",\"@graph\":[{\"@type\":\"Article\",\"@id\":\"https:\/\/vincentians.com\/es\/misiones-populares-en-espana-1975-2000-1983\/#article\",\"isPartOf\":{\"@id\":\"https:\/\/vincentians.com\/es\/misiones-populares-en-espana-1975-2000-1983\/\"},\"author\":{\"name\":\"Francisco Javier Fern\u00e1ndez Chento\",\"@id\":\"http:\/\/vincentians.com\/es\/#\/schema\/person\/9623ef4d9aa3b2dfb8c061f1499288f2\"},\"headline\":\"Misiones populares en Espa\u00f1a, 1975-2000: 1983\",\"datePublished\":\"2014-10-15T06:29:46+00:00\",\"mainEntityOfPage\":{\"@id\":\"https:\/\/vincentians.com\/es\/misiones-populares-en-espana-1975-2000-1983\/\"},\"wordCount\":446,\"commentCount\":0,\"publisher\":{\"@id\":\"http:\/\/vincentians.com\/es\/#organization\"},\"image\":{\"@id\":\"https:\/\/vincentians.com\/es\/misiones-populares-en-espana-1975-2000-1983\/#primaryimage\"},\"thumbnailUrl\":\"\",\"keywords\":[\"Misiones Populares\"],\"articleSection\":[\"Misiones \u00abAd gentes\u00bb\"],\"inLanguage\":\"es\",\"potentialAction\":[{\"@type\":\"CommentAction\",\"name\":\"Comment\",\"target\":[\"https:\/\/vincentians.com\/es\/misiones-populares-en-espana-1975-2000-1983\/#respond\"]}]},{\"@type\":\"WebPage\",\"@id\":\"https:\/\/vincentians.com\/es\/misiones-populares-en-espana-1975-2000-1983\/\",\"url\":\"https:\/\/vincentians.com\/es\/misiones-populares-en-espana-1975-2000-1983\/\",\"name\":\"Misiones populares en Espa\u00f1a, 1975-2000: 1983 - Somos Vicencianos\",\"isPartOf\":{\"@id\":\"http:\/\/vincentians.com\/es\/#website\"},\"primaryImageOfPage\":{\"@id\":\"https:\/\/vincentians.com\/es\/misiones-populares-en-espana-1975-2000-1983\/#primaryimage\"},\"image\":{\"@id\":\"https:\/\/vincentians.com\/es\/misiones-populares-en-espana-1975-2000-1983\/#primaryimage\"},\"thumbnailUrl\":\"\",\"datePublished\":\"2014-10-15T06:29:46+00:00\",\"breadcrumb\":{\"@id\":\"https:\/\/vincentians.com\/es\/misiones-populares-en-espana-1975-2000-1983\/#breadcrumb\"},\"inLanguage\":\"es\",\"potentialAction\":[{\"@type\":\"ReadAction\",\"target\":[\"https:\/\/vincentians.com\/es\/misiones-populares-en-espana-1975-2000-1983\/\"]}]},{\"@type\":\"ImageObject\",\"inLanguage\":\"es\",\"@id\":\"https:\/\/vincentians.com\/es\/misiones-populares-en-espana-1975-2000-1983\/#primaryimage\",\"url\":\"\",\"contentUrl\":\"\"},{\"@type\":\"BreadcrumbList\",\"@id\":\"https:\/\/vincentians.com\/es\/misiones-populares-en-espana-1975-2000-1983\/#breadcrumb\",\"itemListElement\":[{\"@type\":\"ListItem\",\"position\":1,\"name\":\"Portada\",\"item\":\"http:\/\/vincentians.com\/es\/\"},{\"@type\":\"ListItem\",\"position\":2,\"name\":\"Misiones populares en Espa\u00f1a, 1975-2000: 1983\"}]},{\"@type\":\"WebSite\",\"@id\":\"http:\/\/vincentians.com\/es\/#website\",\"url\":\"http:\/\/vincentians.com\/es\/\",\"name\":\"Somos Vicencianos\",\"description\":\"Know more to serve more\",\"publisher\":{\"@id\":\"http:\/\/vincentians.com\/es\/#organization\"},\"potentialAction\":[{\"@type\":\"SearchAction\",\"target\":{\"@type\":\"EntryPoint\",\"urlTemplate\":\"http:\/\/vincentians.com\/es\/?s={search_term_string}\"},\"query-input\":{\"@type\":\"PropertyValueSpecification\",\"valueRequired\":true,\"valueName\":\"search_term_string\"}}],\"inLanguage\":\"es\"},{\"@type\":\"Organization\",\"@id\":\"http:\/\/vincentians.com\/es\/#organization\",\"name\":\"The Vincentian Network\",\"url\":\"http:\/\/vincentians.com\/es\/\",\"logo\":{\"@type\":\"ImageObject\",\"inLanguage\":\"es\",\"@id\":\"http:\/\/vincentians.com\/es\/#\/schema\/logo\/image\/\",\"url\":\"https:\/\/i1.wp.com\/vincentians.com\/es\/wp-content\/uploads\/sites\/11\/2016\/06\/Vincentian-Network-logo-big.png?fit=778%2C778\",\"contentUrl\":\"https:\/\/i1.wp.com\/vincentians.com\/es\/wp-content\/uploads\/sites\/11\/2016\/06\/Vincentian-Network-logo-big.png?fit=778%2C778\",\"width\":778,\"height\":778,\"caption\":\"The Vincentian Network\"},\"image\":{\"@id\":\"http:\/\/vincentians.com\/es\/#\/schema\/logo\/image\/\"},\"sameAs\":[\"https:\/\/www.facebook.com\/WeAreVincentians\/\",\"https:\/\/x.com\/WeVincentians\"]},{\"@type\":\"Person\",\"@id\":\"http:\/\/vincentians.com\/es\/#\/schema\/person\/9623ef4d9aa3b2dfb8c061f1499288f2\",\"name\":\"Francisco Javier Fern\u00e1ndez Chento\",\"image\":{\"@type\":\"ImageObject\",\"inLanguage\":\"es\",\"@id\":\"http:\/\/vincentians.com\/es\/#\/schema\/person\/image\/\",\"url\":\"https:\/\/secure.gravatar.com\/avatar\/497d5cde87b4c3d097d0315953521681ba2cd523ee66e5077c3711f7021e65de?s=96&d=mm&r=g\",\"contentUrl\":\"https:\/\/secure.gravatar.com\/avatar\/497d5cde87b4c3d097d0315953521681ba2cd523ee66e5077c3711f7021e65de?s=96&d=mm&r=g\",\"caption\":\"Francisco Javier Fern\u00e1ndez Chento\"},\"description\":\"Director General y cofundador de La Red de Formaci\u00f3n Vicenciana. Javier es laico vicenciano, afiliado a la Congregaci\u00f3n de la Misi\u00f3n y miembro del Equipo de Misiones Populares de la provincia can\u00f3nica de Zaragoza (Espa\u00f1a) de la Congregaci\u00f3n de la Misi\u00f3n. Graduado en la Universidad Oberta de Catalunya con cuatro grados (Asistente de direcci\u00f3n, Gesti\u00f3n Administrativa, Recursos Humanos y Contabilidad Avanzada). Bil\u00edng\u00fce Espa\u00f1ol\/Ingl\u00e9s. gestiona y mantiene varias p\u00e1ginas web cristianas y vicencianas, incluida including La Red de Formaci\u00f3n Vicenciana, de la que es cofundador. Actualmente es responsable del \u00e1rea de Espa\u00f1ol de .famvin, la Red de Noticias de la Familia Vicenciana. Tambi\u00e9n es m\u00fasico cat\u00f3lico y ha editado varios discos. Es Director General y cofundador de Trovador, una reconocida compa\u00f1\u00eda discogr\u00e1fica critiana de Espa\u00f1a. Trabaja en las Tecnolog\u00edas de la Informaci\u00f3n, ofreciendo servicios de alojamiento, dise\u00f1o y mantenimiento Web, as\u00ed como asesoramiento, formaci\u00f3n y soluciones inform\u00e1ticas, gesti\u00f3n documental y digitalizaci\u00f3n de textos, edici\u00f3n y maquetaci\u00f3n de libros, revistas, flyers, etc.\",\"sameAs\":[\"http:\/\/chento.org\",\"https:\/\/www.facebook.com\/JavierChento\",\"https:\/\/x.com\/https:\/\/twitter.com\/javierchento\"],\"url\":\"https:\/\/vincentians.com\/es\/author\/chento\/\"}]}<\/script>\n<!-- \/ Yoast SEO plugin. -->","yoast_head_json":{"title":"Misiones populares en Espa\u00f1a, 1975-2000: 1983 - Somos Vicencianos","robots":{"index":"index","follow":"follow","max-snippet":"max-snippet:-1","max-image-preview":"max-image-preview:large","max-video-preview":"max-video-preview:-1"},"canonical":"https:\/\/vincentians.com\/es\/misiones-populares-en-espana-1975-2000-1983\/","og_locale":"es_ES","og_type":"article","og_title":"Misiones populares en Espa\u00f1a, 1975-2000: 1983 - Somos Vicencianos","og_description":"1983 1.- ESGOS (Orense): 26 enero-2 febrero. P. Andr\u00e9s Pato. (PBS). &nbsp; 2.- FENAZAR (Murcia): Enero?. PP. \u00c1ngel Aoiz y Eugenio Garc\u00eda Espinosa. (An.1983 y BPZ). 3.- LOS OLMOS y TAZONA (Albacete): Febrero?. PP. Jos\u00e9 ... Read More","og_url":"https:\/\/vincentians.com\/es\/misiones-populares-en-espana-1975-2000-1983\/","og_site_name":"Somos Vicencianos","article_publisher":"https:\/\/www.facebook.com\/WeAreVincentians\/","article_author":"https:\/\/www.facebook.com\/JavierChento","article_published_time":"2014-10-15T06:29:46+00:00","author":"Francisco Javier Fern\u00e1ndez Chento","twitter_card":"summary_large_image","twitter_creator":"@https:\/\/twitter.com\/javierchento","twitter_site":"@WeVincentians","twitter_misc":{"Escrito por":"Francisco Javier Fern\u00e1ndez Chento","Tiempo de lectura":"2 minutos"},"schema":{"@context":"https:\/\/schema.org","@graph":[{"@type":"Article","@id":"https:\/\/vincentians.com\/es\/misiones-populares-en-espana-1975-2000-1983\/#article","isPartOf":{"@id":"https:\/\/vincentians.com\/es\/misiones-populares-en-espana-1975-2000-1983\/"},"author":{"name":"Francisco Javier Fern\u00e1ndez Chento","@id":"http:\/\/vincentians.com\/es\/#\/schema\/person\/9623ef4d9aa3b2dfb8c061f1499288f2"},"headline":"Misiones populares en Espa\u00f1a, 1975-2000: 1983","datePublished":"2014-10-15T06:29:46+00:00","mainEntityOfPage":{"@id":"https:\/\/vincentians.com\/es\/misiones-populares-en-espana-1975-2000-1983\/"},"wordCount":446,"commentCount":0,"publisher":{"@id":"http:\/\/vincentians.com\/es\/#organization"},"image":{"@id":"https:\/\/vincentians.com\/es\/misiones-populares-en-espana-1975-2000-1983\/#primaryimage"},"thumbnailUrl":"","keywords":["Misiones Populares"],"articleSection":["Misiones \u00abAd gentes\u00bb"],"inLanguage":"es","potentialAction":[{"@type":"CommentAction","name":"Comment","target":["https:\/\/vincentians.com\/es\/misiones-populares-en-espana-1975-2000-1983\/#respond"]}]},{"@type":"WebPage","@id":"https:\/\/vincentians.com\/es\/misiones-populares-en-espana-1975-2000-1983\/","url":"https:\/\/vincentians.com\/es\/misiones-populares-en-espana-1975-2000-1983\/","name":"Misiones populares en Espa\u00f1a, 1975-2000: 1983 - Somos Vicencianos","isPartOf":{"@id":"http:\/\/vincentians.com\/es\/#website"},"primaryImageOfPage":{"@id":"https:\/\/vincentians.com\/es\/misiones-populares-en-espana-1975-2000-1983\/#primaryimage"},"image":{"@id":"https:\/\/vincentians.com\/es\/misiones-populares-en-espana-1975-2000-1983\/#primaryimage"},"thumbnailUrl":"","datePublished":"2014-10-15T06:29:46+00:00","breadcrumb":{"@id":"https:\/\/vincentians.com\/es\/misiones-populares-en-espana-1975-2000-1983\/#breadcrumb"},"inLanguage":"es","potentialAction":[{"@type":"ReadAction","target":["https:\/\/vincentians.com\/es\/misiones-populares-en-espana-1975-2000-1983\/"]}]},{"@type":"ImageObject","inLanguage":"es","@id":"https:\/\/vincentians.com\/es\/misiones-populares-en-espana-1975-2000-1983\/#primaryimage","url":"","contentUrl":""},{"@type":"BreadcrumbList","@id":"https:\/\/vincentians.com\/es\/misiones-populares-en-espana-1975-2000-1983\/#breadcrumb","itemListElement":[{"@type":"ListItem","position":1,"name":"Portada","item":"http:\/\/vincentians.com\/es\/"},{"@type":"ListItem","position":2,"name":"Misiones populares en Espa\u00f1a, 1975-2000: 1983"}]},{"@type":"WebSite","@id":"http:\/\/vincentians.com\/es\/#website","url":"http:\/\/vincentians.com\/es\/","name":"Somos Vicencianos","description":"Know more to serve more","publisher":{"@id":"http:\/\/vincentians.com\/es\/#organization"},"potentialAction":[{"@type":"SearchAction","target":{"@type":"EntryPoint","urlTemplate":"http:\/\/vincentians.com\/es\/?s={search_term_string}"},"query-input":{"@type":"PropertyValueSpecification","valueRequired":true,"valueName":"search_term_string"}}],"inLanguage":"es"},{"@type":"Organization","@id":"http:\/\/vincentians.com\/es\/#organization","name":"The Vincentian Network","url":"http:\/\/vincentians.com\/es\/","logo":{"@type":"ImageObject","inLanguage":"es","@id":"http:\/\/vincentians.com\/es\/#\/schema\/logo\/image\/","url":"https:\/\/i1.wp.com\/vincentians.com\/es\/wp-content\/uploads\/sites\/11\/2016\/06\/Vincentian-Network-logo-big.png?fit=778%2C778","contentUrl":"https:\/\/i1.wp.com\/vincentians.com\/es\/wp-content\/uploads\/sites\/11\/2016\/06\/Vincentian-Network-logo-big.png?fit=778%2C778","width":778,"height":778,"caption":"The Vincentian Network"},"image":{"@id":"http:\/\/vincentians.com\/es\/#\/schema\/logo\/image\/"},"sameAs":["https:\/\/www.facebook.com\/WeAreVincentians\/","https:\/\/x.com\/WeVincentians"]},{"@type":"Person","@id":"http:\/\/vincentians.com\/es\/#\/schema\/person\/9623ef4d9aa3b2dfb8c061f1499288f2","name":"Francisco Javier Fern\u00e1ndez Chento","image":{"@type":"ImageObject","inLanguage":"es","@id":"http:\/\/vincentians.com\/es\/#\/schema\/person\/image\/","url":"https:\/\/secure.gravatar.com\/avatar\/497d5cde87b4c3d097d0315953521681ba2cd523ee66e5077c3711f7021e65de?s=96&d=mm&r=g","contentUrl":"https:\/\/secure.gravatar.com\/avatar\/497d5cde87b4c3d097d0315953521681ba2cd523ee66e5077c3711f7021e65de?s=96&d=mm&r=g","caption":"Francisco Javier Fern\u00e1ndez Chento"},"description":"Director General y cofundador de La Red de Formaci\u00f3n Vicenciana. Javier es laico vicenciano, afiliado a la Congregaci\u00f3n de la Misi\u00f3n y miembro del Equipo de Misiones Populares de la provincia can\u00f3nica de Zaragoza (Espa\u00f1a) de la Congregaci\u00f3n de la Misi\u00f3n. Graduado en la Universidad Oberta de Catalunya con cuatro grados (Asistente de direcci\u00f3n, Gesti\u00f3n Administrativa, Recursos Humanos y Contabilidad Avanzada). Bil\u00edng\u00fce Espa\u00f1ol\/Ingl\u00e9s. gestiona y mantiene varias p\u00e1ginas web cristianas y vicencianas, incluida including La Red de Formaci\u00f3n Vicenciana, de la que es cofundador. Actualmente es responsable del \u00e1rea de Espa\u00f1ol de .famvin, la Red de Noticias de la Familia Vicenciana. Tambi\u00e9n es m\u00fasico cat\u00f3lico y ha editado varios discos. Es Director General y cofundador de Trovador, una reconocida compa\u00f1\u00eda discogr\u00e1fica critiana de Espa\u00f1a. Trabaja en las Tecnolog\u00edas de la Informaci\u00f3n, ofreciendo servicios de alojamiento, dise\u00f1o y mantenimiento Web, as\u00ed como asesoramiento, formaci\u00f3n y soluciones inform\u00e1ticas, gesti\u00f3n documental y digitalizaci\u00f3n de textos, edici\u00f3n y maquetaci\u00f3n de libros, revistas, flyers, etc.","sameAs":["http:\/\/chento.org","https:\/\/www.facebook.com\/JavierChento","https:\/\/x.com\/https:\/\/twitter.com\/javierchento"],"url":"https:\/\/vincentians.com\/es\/author\/chento\/"}]}},"jetpack_publicize_connections":[],"jetpack_featured_media_url":"","jetpack_sharing_enabled":true,"jetpack_shortlink":"https:\/\/wp.me\/p7ETMF-ajJ","jetpack-related-posts":[{"id":39662,"url":"https:\/\/vincentians.com\/es\/misiones-populares-en-espana-1975-2000-1982\/","url_meta":{"origin":39663,"position":0},"title":"Misiones populares en Espa\u00f1a, 1975-2000: 1982","author":"Francisco Javier Fern\u00e1ndez Chento","date":"11\/10\/2014","format":false,"excerpt":"1982 1.- LA BALSILLA, SAN EL\u00cdAS Y SALTADERO (Granada): 29 marzo-5 abril. P. Florentino Meneses. (An.1982). 2.- LA DEHESA (Teruel): 1-15 marzo?. PP.Luis Mnez San Juan y Generoso Guembe. (An.1982). 3.- PARROQUIA DE SAN JOS\u00c9 OBRERO (Segovia): 27 febrero-7 marzo. PP. Amador S\u00e1ez y Veremundo Pardo. (An.1982 y BPM). 4.-\u2026","rel":"","context":"En \u00abMisiones \u00abAd gentes\u00bb\u00bb","block_context":{"text":"Misiones \u00abAd gentes\u00bb","link":"https:\/\/vincentians.com\/es\/category\/servicios-y-ministerios\/misiones-ad-gentes\/"},"img":{"alt_text":"","src":"","width":0,"height":0},"classes":[]},{"id":39664,"url":"https:\/\/vincentians.com\/es\/misiones-populares-en-espana-1975-2000-1984\/","url_meta":{"origin":39663,"position":1},"title":"Misiones populares en Espa\u00f1a, 1975-2000: 1984","author":"Francisco Javier Fern\u00e1ndez Chento","date":"17\/10\/2014","format":false,"excerpt":"1984 1.- LA PINILLA y LOS CAMPILLOS (Murcia): 8-22 enero. PP. Luis Mnez. San Juan y \u00c1ngel Aoiz. (An.1984 y BPZ). Utilizamos el temario que hizo el P. Jaime Corera hace unos a\u00f1os. HHCC. Junto a tres HH. de la C. 2.- ZONA DE GRANADA: 22 enero-5 febrero. La R\u00e1bita,\u2026","rel":"","context":"En \u00abMisiones \u00abAd gentes\u00bb\u00bb","block_context":{"text":"Misiones \u00abAd gentes\u00bb","link":"https:\/\/vincentians.com\/es\/category\/servicios-y-ministerios\/misiones-ad-gentes\/"},"img":{"alt_text":"Las Quintanillas","src":"https:\/\/i0.wp.com\/vicencianos.org\/wp-content\/2011\/05\/Quintanillas-300x201.jpg?resize=350%2C200","width":350,"height":200},"classes":[]},{"id":39671,"url":"https:\/\/vincentians.com\/es\/misiones-populares-en-espana-1975-2000-1991\/","url_meta":{"origin":39663,"position":2},"title":"Misiones populares en Espa\u00f1a, 1975-2000: 1991","author":"Francisco Javier Fern\u00e1ndez Chento","date":"13\/11\/2014","format":false,"excerpt":"1991 1.- TRES PARROQUIAS (Huelva): 10-26 enero. PP. Julio Herrero, Jes\u00fas Rdez. Rico, Te\u00f3filo Ordo\u00f1ez, Eutiquio Garc\u00eda, Jos\u00e9 Gonzalo, Manuel Freire, Fabriciano Prado, Andr\u00e9s Pato, Rafael Carracedo, Jos\u00e9 Capitas, Pedro Pascual, Juan Velasco, \u00c1ngel Oyanguren, \u00c1ngel Aoiz y Baltasar Indurain. (An. 1991, BPZ,\u00a0 BPM y BPS). Junto con varias HH.\u2026","rel":"","context":"En \u00abMisiones \u00abAd gentes\u00bb\u00bb","block_context":{"text":"Misiones \u00abAd gentes\u00bb","link":"https:\/\/vincentians.com\/es\/category\/servicios-y-ministerios\/misiones-ad-gentes\/"},"img":{"alt_text":"Horche","src":"https:\/\/i0.wp.com\/vicencianos.org\/wp-content\/2011\/05\/Horche-300x204.jpg?resize=350%2C200","width":350,"height":200},"classes":[]},{"id":39680,"url":"https:\/\/vincentians.com\/es\/misiones-populares-en-espana-1975-2000-2000\/","url_meta":{"origin":39663,"position":3},"title":"Misiones populares en Espa\u00f1a, 1975-2000: 2000","author":"Francisco Javier Fern\u00e1ndez Chento","date":"16\/12\/2014","format":false,"excerpt":"2000 1.- PARROQUIAS DE SAN BARTOLOM\u00c9, SANTA MAR\u00cdA y SAN PEDRO (Benicarl\u00f3, Tarragona): 15 enero-5 febrero. PP. Jos\u00e9 Vicente Nacher, Jos\u00e9 Mulet, Amador \u00a0Bauza, Pedro G\u00f3mez, Miguel Garc\u00eda, Jos\u00e9 Luis L\u00f3pez, Jos\u00e9 Miguel S\u00e1nchez y \u00c1ngel Sola. (An.2000 y BPB). Junto a HH. de la C. y j\u00f3venes de JMV\u2026","rel":"","context":"En \u00abMisiones \u00abAd gentes\u00bb\u00bb","block_context":{"text":"Misiones \u00abAd gentes\u00bb","link":"https:\/\/vincentians.com\/es\/category\/servicios-y-ministerios\/misiones-ad-gentes\/"},"img":{"alt_text":"","src":"","width":0,"height":0},"classes":[]},{"id":39676,"url":"https:\/\/vincentians.com\/es\/misiones-populares-en-espana-1975-2000-1996\/","url_meta":{"origin":39663,"position":4},"title":"Misiones populares en Espa\u00f1a, 1975-2000: 1996","author":"Francisco Javier Fern\u00e1ndez Chento","date":"03\/12\/2014","format":false,"excerpt":"1996 1.- LODOSA (Navarra): 15 enero-11 febrero. PP. \u00c1ngel Pereda, Jes\u00fas M\u00aa Eg\u00fc\u00e9s, Marino Marco\u00a0 y Luis M\u00aa Mnez. San Juan. (An. 1996 y BPM) Junto con varias HH. de la C. y seglares 2.- TABERNA y BOLULLA (Alicante): 21 enero-4 febrero. PP. Juan Amengual y Vicente Natzer. (An. 1996\u2026","rel":"","context":"En \u00abMisiones \u00abAd gentes\u00bb\u00bb","block_context":{"text":"Misiones \u00abAd gentes\u00bb","link":"https:\/\/vincentians.com\/es\/category\/servicios-y-ministerios\/misiones-ad-gentes\/"},"img":{"alt_text":"","src":"","width":0,"height":0},"classes":[]},{"id":39665,"url":"https:\/\/vincentians.com\/es\/misiones-populares-en-espana-1975-2000-1985\/","url_meta":{"origin":39663,"position":5},"title":"Misiones populares en Espa\u00f1a, 1975-2000: 1985","author":"Francisco Javier Fern\u00e1ndez Chento","date":"18\/10\/2014","format":false,"excerpt":"1985 1.- EL HOYO y B\u00c9LMEZ (C\u00f3rdoba): 20 enero-3 febrero. PP. Juli\u00e1n Tobar, Amador S\u00e1ez, Jes\u00fas Lusarreta y Jos\u00e9 Luis Jim\u00e9nez. (An. 1985 y BPM). 2.- ALFARRAS-ANDANI (L\u00e9rida): 23 febrero-10 marzo: PP. Joan Amengual, Jos\u00e9 M\u00aa Biosca y Miguel Garc\u00eda. (An. 1985 y BPB). Junto a varias HH. de la\u2026","rel":"","context":"En \u00abMisiones \u00abAd gentes\u00bb\u00bb","block_context":{"text":"Misiones \u00abAd gentes\u00bb","link":"https:\/\/vincentians.com\/es\/category\/servicios-y-ministerios\/misiones-ad-gentes\/"},"img":{"alt_text":"Castillo de Olite","src":"https:\/\/i0.wp.com\/vicencianos.org\/wp-content\/2011\/05\/Olite-300x240.jpg?resize=350%2C200","width":350,"height":200},"classes":[]}],"_links":{"self":[{"href":"https:\/\/vincentians.com\/es\/wp-json\/wp\/v2\/posts\/39663","targetHints":{"allow":["GET"]}}],"collection":[{"href":"https:\/\/vincentians.com\/es\/wp-json\/wp\/v2\/posts"}],"about":[{"href":"https:\/\/vincentians.com\/es\/wp-json\/wp\/v2\/types\/post"}],"author":[{"embeddable":true,"href":"https:\/\/vincentians.com\/es\/wp-json\/wp\/v2\/users\/4"}],"replies":[{"embeddable":true,"href":"https:\/\/vincentians.com\/es\/wp-json\/wp\/v2\/comments?post=39663"}],"version-history":[{"count":0,"href":"https:\/\/vincentians.com\/es\/wp-json\/wp\/v2\/posts\/39663\/revisions"}],"wp:featuredmedia":[{"embeddable":true,"href":"https:\/\/vincentians.com\/es\/wp-json\/"}],"wp:attachment":[{"href":"https:\/\/vincentians.com\/es\/wp-json\/wp\/v2\/media?parent=39663"}],"wp:term":[{"taxonomy":"category","embeddable":true,"href":"https:\/\/vincentians.com\/es\/wp-json\/wp\/v2\/categories?post=39663"},{"taxonomy":"post_tag","embeddable":true,"href":"https:\/\/vincentians.com\/es\/wp-json\/wp\/v2\/tags?post=39663"}],"curies":[{"name":"wp","href":"https:\/\/api.w.org\/{rel}","templated":true}]}}