{"id":39359,"date":"2020-09-24T08:59:15","date_gmt":"2020-09-24T06:59:15","guid":{"rendered":"http:\/\/somos.vicencianos.org\/?p=39359"},"modified":"2020-09-15T11:25:51","modified_gmt":"2020-09-15T09:25:51","slug":"jean-duchesne-muerto-en-1654","status":"publish","type":"post","link":"https:\/\/vincentians.com\/es\/jean-duchesne-muerto-en-1654\/","title":{"rendered":"Jean Duchesne (\u2020 1654)"},"content":{"rendered":"<p>Los sentimientos expresados por san Vicente a la muerte del Sr. Jean Duchesne se explican por la confianza que hab\u00eda demostrado a este generoso Misionero cuya vida hab\u00eda estado llena de actividad y de dedicaci\u00f3n, a pesar de una salud vacilante.<\/p>\n<p>Le destin\u00f3 para ser el consuelo de los consoladores de los pobres esclavos, en la tierra de \u00c1frica. \u00abOs ruego, le escrib\u00eda un d\u00eda,\u00a0 que ofrezc\u00e1is el estado de vuestra persona a Nuestro Se\u00f1or a fin de que os devuelva la salud para ir a visitar a nuestros queridos cohermanos que est\u00e1n en Berber\u00eda\u00bb. Entretanto, el Sr. Duchesne debi\u00f3 curar en Agde a sus cohermanos\u00a0 enfermos, y en varias cartas san Vicente le expresa su agradecimiento por los cuidados\u00a0 que les prodigaba sin hacer c\u00e1lculos.<\/p>\n<p>\u00abNo pod\u00e9is en nada, le escrib\u00eda, dar un consuelo m\u00e1s grande a mi alma que en la caridad que practic\u00e1is para con el bueno Sr. N\u2026 -Os agradezco muy humildemente las noticias frecuentes que me envi\u00e1is, y pido que sig\u00e1is as\u00ed por el amor de Jesucristo que nos apremia\u00bb.<\/p>\n<p>Duchesne muri\u00f3 el mes de noviembre de 1654. Alg\u00fan tiempo despu\u00e9s, el santo escrib\u00eda a uno de los Misioneros de Varsovia estas l\u00edneas elogiosas<\/p>\n<p>Sobre el difunto:<\/p>\n<p style=\"padding-left: 30px\">\u00abHe recibido vuestra carta en la que os quej\u00e1is por no haber recibido\u00a0 comunicaci\u00f3n de la muerte del Sr. Duchesne; si as\u00ed es, ha sido una torpeza m\u00eda, el exceso de dolor que he tenido me ha hecho tal vez olvidarme de ello.<\/p>\n<p style=\"padding-left: 30px\">Es verdad pues, Se\u00f1or,\u00a0 que Dios ha querido disponer de este servidor suyo, que ha sido una de las grandes p\u00e9rdidas que pod\u00eda sufrir esta peque\u00f1a Compa\u00f1\u00eda. Ha sido de su agrado llev\u00e1rselo, en Agde, a consecuencia de una enfermedad epid\u00e9mica de dos meses. Yo le hab\u00eda escrito en dos ocasiones para que se retirara de este aire malo a una casa que fuera de su gusto; pero se excus\u00f3, no queriendo abandonar a su familia que estaban todos enfermos, de manera que debieron contratar a una persona de fuera para asistirlos. En cuanto a deciros la p\u00e9rdida que hemos tenido, sea suficiente con ver el conjunto de todas las virtudes convenientes a los misioneros, su gran celo, su mortificaci\u00f3n, su candor, su firmeza, su cordialidad, la gracia que ten\u00eda en las predicaciones, en los catecismos, en los ejercicios de los ordenandos, el afecto a su vocaci\u00f3n, su exactitud en la observancia de las reglas y de las costumbres de la Compa\u00f1\u00eda, y las dem\u00e1s virtudes requeridas en un misionero; \u00e9sos solamente pueden juzgar de la gran p\u00e9rdida que hemos sufrido. Hemos tenido dos o tres conferencias sobre sus virtudes, en las que se dijeron maravillas sorprendentes por los que le hab\u00edan conocido m\u00e1s en particular. Nunca he visto m\u00e1s fervor que el que se vio\u00a0 en las conferencias sobre este siervo de Dios. Se han citado actos de virtud se\u00f1alados, hasta heroicos, de mortificaci\u00f3n y de humillaci\u00f3n que practicaba con aquellos a quienes cre\u00eda haber molestado. Mandar\u00e9 a los que han hablado que escriban lo que han dicho, para que pueda yo enviarlo\u00bb. (<em>Estos relatos edificantes no han sido redactados o no se han conservado.)<\/em> \u2013 Cartas de san Vicente.<\/p>\n<p>Un hermano coadjutor del mismo nombre, Jran Duchesne, nacido en Lorena en 1622, mereci\u00f3 ser alabado por san Vicentey citado por \u00e9l como modelo de entrega. Hab\u00eda sido cautivo en Berber\u00eday rescatado por el c\u00f3nsul por el celo que le animaba en sus empleos entre los pobres esclavos.<\/p>\n<p>Fue enviado m\u00e1s tarde a Agde, luego a Saintes, donde muri\u00f3 el 22 de diciembre de 1654. \u2013Conferencias <em>de san Vicente de Pa\u00fal<\/em>. [124]\n<p>&nbsp;<\/p>\n<p>&nbsp;<\/p>\n","protected":false},"excerpt":{"rendered":"<p>Los sentimientos expresados por san Vicente a la muerte del Sr. Jean Duchesne se explican por la confianza que hab\u00eda demostrado a este generoso Misionero cuya vida hab\u00eda estado llena de actividad y de dedicaci\u00f3n, &#8230; <a href=\"https:\/\/vincentians.com\/es\/jean-duchesne-muerto-en-1654\/\" class=\"more-link\">Read More<\/a><\/p>\n","protected":false},"author":5,"featured_media":391249,"comment_status":"open","ping_status":"open","sticky":false,"template":"","format":"standard","meta":{"jetpack_post_was_ever_published":false,"_jetpack_newsletter_access":"","_jetpack_dont_email_post_to_subs":false,"_jetpack_newsletter_tier_id":0,"_jetpack_memberships_contains_paywalled_content":false,"_jetpack_memberships_contains_paid_content":false,"footnotes":"","jetpack_publicize_message":"","jetpack_publicize_feature_enabled":true,"jetpack_social_post_already_shared":true,"jetpack_social_options":{"image_generator_settings":{"template":"highway","default_image_id":0,"font":"","enabled":false},"version":2}},"categories":[19],"tags":[],"class_list":["post-39359","post","type-post","status-publish","format-standard","has-post-thumbnail","hentry","category-biografias-de-misioneros-paules"],"yoast_head":"<!-- This site is optimized with the Yoast SEO plugin v26.3 - https:\/\/yoast.com\/wordpress\/plugins\/seo\/ -->\n<title>Jean Duchesne (\u2020 1654) - Somos Vicencianos<\/title>\n<meta name=\"robots\" content=\"index, follow, max-snippet:-1, max-image-preview:large, max-video-preview:-1\" \/>\n<link rel=\"canonical\" href=\"https:\/\/vincentians.com\/es\/jean-duchesne-muerto-en-1654\/\" \/>\n<meta property=\"og:locale\" content=\"es_ES\" \/>\n<meta property=\"og:type\" content=\"article\" \/>\n<meta property=\"og:title\" content=\"Jean Duchesne (\u2020 1654) - Somos Vicencianos\" \/>\n<meta property=\"og:description\" content=\"Los sentimientos expresados por san Vicente a la muerte del Sr. Jean Duchesne se explican por la confianza que hab\u00eda demostrado a este generoso Misionero cuya vida hab\u00eda estado llena de actividad y de dedicaci\u00f3n, ... Read More\" \/>\n<meta property=\"og:url\" content=\"https:\/\/vincentians.com\/es\/jean-duchesne-muerto-en-1654\/\" \/>\n<meta property=\"og:site_name\" content=\"Somos Vicencianos\" \/>\n<meta property=\"article:publisher\" content=\"https:\/\/www.facebook.com\/WeAreVincentians\/\" \/>\n<meta property=\"article:published_time\" content=\"2020-09-24T06:59:15+00:00\" \/>\n<meta property=\"og:image\" content=\"https:\/\/i0.wp.com\/vincentians.com\/es\/wp-content\/uploads\/sites\/11\/2016\/07\/bio-cm.jpg?fit=1200%2C630&ssl=1\" \/>\n\t<meta property=\"og:image:width\" content=\"1200\" \/>\n\t<meta property=\"og:image:height\" content=\"630\" \/>\n\t<meta property=\"og:image:type\" content=\"image\/jpeg\" \/>\n<meta name=\"author\" content=\"Mitxel Olabu\u00e9naga\" \/>\n<meta name=\"twitter:card\" content=\"summary_large_image\" \/>\n<meta name=\"twitter:creator\" content=\"@WeVincentians\" \/>\n<meta name=\"twitter:site\" content=\"@WeVincentians\" \/>\n<meta name=\"twitter:label1\" content=\"Escrito por\" \/>\n\t<meta name=\"twitter:data1\" content=\"Mitxel Olabu\u00e9naga\" \/>\n\t<meta name=\"twitter:label2\" content=\"Tiempo de lectura\" \/>\n\t<meta name=\"twitter:data2\" content=\"3 minutos\" \/>\n<script type=\"application\/ld+json\" class=\"yoast-schema-graph\">{\"@context\":\"https:\/\/schema.org\",\"@graph\":[{\"@type\":\"Article\",\"@id\":\"https:\/\/vincentians.com\/es\/jean-duchesne-muerto-en-1654\/#article\",\"isPartOf\":{\"@id\":\"https:\/\/vincentians.com\/es\/jean-duchesne-muerto-en-1654\/\"},\"author\":{\"name\":\"Mitxel Olabu\u00e9naga\",\"@id\":\"https:\/\/vincentians.com\/es\/#\/schema\/person\/7c2670b4445a7ca9d164ea6acdb31859\"},\"headline\":\"Jean Duchesne (\u2020 1654)\",\"datePublished\":\"2020-09-24T06:59:15+00:00\",\"mainEntityOfPage\":{\"@id\":\"https:\/\/vincentians.com\/es\/jean-duchesne-muerto-en-1654\/\"},\"wordCount\":646,\"commentCount\":0,\"publisher\":{\"@id\":\"https:\/\/vincentians.com\/es\/#organization\"},\"image\":{\"@id\":\"https:\/\/vincentians.com\/es\/jean-duchesne-muerto-en-1654\/#primaryimage\"},\"thumbnailUrl\":\"https:\/\/i0.wp.com\/vincentians.com\/es\/wp-content\/uploads\/sites\/11\/2016\/07\/bio-cm.jpg?fit=1200%2C630&ssl=1\",\"articleSection\":[\"Biograf\u00edas de Misioneros Pa\u00fales\"],\"inLanguage\":\"es\",\"potentialAction\":[{\"@type\":\"CommentAction\",\"name\":\"Comment\",\"target\":[\"https:\/\/vincentians.com\/es\/jean-duchesne-muerto-en-1654\/#respond\"]}]},{\"@type\":\"WebPage\",\"@id\":\"https:\/\/vincentians.com\/es\/jean-duchesne-muerto-en-1654\/\",\"url\":\"https:\/\/vincentians.com\/es\/jean-duchesne-muerto-en-1654\/\",\"name\":\"Jean Duchesne (\u2020 1654) - Somos Vicencianos\",\"isPartOf\":{\"@id\":\"https:\/\/vincentians.com\/es\/#website\"},\"primaryImageOfPage\":{\"@id\":\"https:\/\/vincentians.com\/es\/jean-duchesne-muerto-en-1654\/#primaryimage\"},\"image\":{\"@id\":\"https:\/\/vincentians.com\/es\/jean-duchesne-muerto-en-1654\/#primaryimage\"},\"thumbnailUrl\":\"https:\/\/i0.wp.com\/vincentians.com\/es\/wp-content\/uploads\/sites\/11\/2016\/07\/bio-cm.jpg?fit=1200%2C630&ssl=1\",\"datePublished\":\"2020-09-24T06:59:15+00:00\",\"breadcrumb\":{\"@id\":\"https:\/\/vincentians.com\/es\/jean-duchesne-muerto-en-1654\/#breadcrumb\"},\"inLanguage\":\"es\",\"potentialAction\":[{\"@type\":\"ReadAction\",\"target\":[\"https:\/\/vincentians.com\/es\/jean-duchesne-muerto-en-1654\/\"]}]},{\"@type\":\"ImageObject\",\"inLanguage\":\"es\",\"@id\":\"https:\/\/vincentians.com\/es\/jean-duchesne-muerto-en-1654\/#primaryimage\",\"url\":\"https:\/\/i0.wp.com\/vincentians.com\/es\/wp-content\/uploads\/sites\/11\/2016\/07\/bio-cm.jpg?fit=1200%2C630&ssl=1\",\"contentUrl\":\"https:\/\/i0.wp.com\/vincentians.com\/es\/wp-content\/uploads\/sites\/11\/2016\/07\/bio-cm.jpg?fit=1200%2C630&ssl=1\",\"width\":1200,\"height\":630},{\"@type\":\"BreadcrumbList\",\"@id\":\"https:\/\/vincentians.com\/es\/jean-duchesne-muerto-en-1654\/#breadcrumb\",\"itemListElement\":[{\"@type\":\"ListItem\",\"position\":1,\"name\":\"Portada\",\"item\":\"https:\/\/vincentians.com\/es\/\"},{\"@type\":\"ListItem\",\"position\":2,\"name\":\"Jean Duchesne (\u2020 1654)\"}]},{\"@type\":\"WebSite\",\"@id\":\"https:\/\/vincentians.com\/es\/#website\",\"url\":\"https:\/\/vincentians.com\/es\/\",\"name\":\"Somos Vicencianos\",\"description\":\"Know more to serve more\",\"publisher\":{\"@id\":\"https:\/\/vincentians.com\/es\/#organization\"},\"potentialAction\":[{\"@type\":\"SearchAction\",\"target\":{\"@type\":\"EntryPoint\",\"urlTemplate\":\"https:\/\/vincentians.com\/es\/?s={search_term_string}\"},\"query-input\":{\"@type\":\"PropertyValueSpecification\",\"valueRequired\":true,\"valueName\":\"search_term_string\"}}],\"inLanguage\":\"es\"},{\"@type\":\"Organization\",\"@id\":\"https:\/\/vincentians.com\/es\/#organization\",\"name\":\"The Vincentian Network\",\"url\":\"https:\/\/vincentians.com\/es\/\",\"logo\":{\"@type\":\"ImageObject\",\"inLanguage\":\"es\",\"@id\":\"https:\/\/vincentians.com\/es\/#\/schema\/logo\/image\/\",\"url\":\"https:\/\/i1.wp.com\/vincentians.com\/es\/wp-content\/uploads\/sites\/11\/2016\/06\/Vincentian-Network-logo-big.png?fit=778%2C778\",\"contentUrl\":\"https:\/\/i1.wp.com\/vincentians.com\/es\/wp-content\/uploads\/sites\/11\/2016\/06\/Vincentian-Network-logo-big.png?fit=778%2C778\",\"width\":778,\"height\":778,\"caption\":\"The Vincentian Network\"},\"image\":{\"@id\":\"https:\/\/vincentians.com\/es\/#\/schema\/logo\/image\/\"},\"sameAs\":[\"https:\/\/www.facebook.com\/WeAreVincentians\/\",\"https:\/\/x.com\/WeVincentians\"]},{\"@type\":\"Person\",\"@id\":\"https:\/\/vincentians.com\/es\/#\/schema\/person\/7c2670b4445a7ca9d164ea6acdb31859\",\"name\":\"Mitxel Olabu\u00e9naga\",\"image\":{\"@type\":\"ImageObject\",\"inLanguage\":\"es\",\"@id\":\"https:\/\/vincentians.com\/es\/#\/schema\/person\/image\/\",\"url\":\"https:\/\/secure.gravatar.com\/avatar\/34137ec2e2b8939cbbed975731e71f3f4f1defc7266ded337a5ce0f925426877?s=96&d=mm&r=g\",\"contentUrl\":\"https:\/\/secure.gravatar.com\/avatar\/34137ec2e2b8939cbbed975731e71f3f4f1defc7266ded337a5ce0f925426877?s=96&d=mm&r=g\",\"caption\":\"Mitxel Olabu\u00e9naga\"},\"url\":\"https:\/\/vincentians.com\/es\/author\/mitxel\/\"}]}<\/script>\n<!-- \/ Yoast SEO plugin. -->","yoast_head_json":{"title":"Jean Duchesne (\u2020 1654) - Somos Vicencianos","robots":{"index":"index","follow":"follow","max-snippet":"max-snippet:-1","max-image-preview":"max-image-preview:large","max-video-preview":"max-video-preview:-1"},"canonical":"https:\/\/vincentians.com\/es\/jean-duchesne-muerto-en-1654\/","og_locale":"es_ES","og_type":"article","og_title":"Jean Duchesne (\u2020 1654) - Somos Vicencianos","og_description":"Los sentimientos expresados por san Vicente a la muerte del Sr. Jean Duchesne se explican por la confianza que hab\u00eda demostrado a este generoso Misionero cuya vida hab\u00eda estado llena de actividad y de dedicaci\u00f3n, ... Read More","og_url":"https:\/\/vincentians.com\/es\/jean-duchesne-muerto-en-1654\/","og_site_name":"Somos Vicencianos","article_publisher":"https:\/\/www.facebook.com\/WeAreVincentians\/","article_published_time":"2020-09-24T06:59:15+00:00","og_image":[{"width":1200,"height":630,"url":"https:\/\/i0.wp.com\/vincentians.com\/es\/wp-content\/uploads\/sites\/11\/2016\/07\/bio-cm.jpg?fit=1200%2C630&ssl=1","type":"image\/jpeg"}],"author":"Mitxel Olabu\u00e9naga","twitter_card":"summary_large_image","twitter_creator":"@WeVincentians","twitter_site":"@WeVincentians","twitter_misc":{"Escrito por":"Mitxel Olabu\u00e9naga","Tiempo de lectura":"3 minutos"},"schema":{"@context":"https:\/\/schema.org","@graph":[{"@type":"Article","@id":"https:\/\/vincentians.com\/es\/jean-duchesne-muerto-en-1654\/#article","isPartOf":{"@id":"https:\/\/vincentians.com\/es\/jean-duchesne-muerto-en-1654\/"},"author":{"name":"Mitxel Olabu\u00e9naga","@id":"https:\/\/vincentians.com\/es\/#\/schema\/person\/7c2670b4445a7ca9d164ea6acdb31859"},"headline":"Jean Duchesne (\u2020 1654)","datePublished":"2020-09-24T06:59:15+00:00","mainEntityOfPage":{"@id":"https:\/\/vincentians.com\/es\/jean-duchesne-muerto-en-1654\/"},"wordCount":646,"commentCount":0,"publisher":{"@id":"https:\/\/vincentians.com\/es\/#organization"},"image":{"@id":"https:\/\/vincentians.com\/es\/jean-duchesne-muerto-en-1654\/#primaryimage"},"thumbnailUrl":"https:\/\/i0.wp.com\/vincentians.com\/es\/wp-content\/uploads\/sites\/11\/2016\/07\/bio-cm.jpg?fit=1200%2C630&ssl=1","articleSection":["Biograf\u00edas de Misioneros Pa\u00fales"],"inLanguage":"es","potentialAction":[{"@type":"CommentAction","name":"Comment","target":["https:\/\/vincentians.com\/es\/jean-duchesne-muerto-en-1654\/#respond"]}]},{"@type":"WebPage","@id":"https:\/\/vincentians.com\/es\/jean-duchesne-muerto-en-1654\/","url":"https:\/\/vincentians.com\/es\/jean-duchesne-muerto-en-1654\/","name":"Jean Duchesne (\u2020 1654) - Somos Vicencianos","isPartOf":{"@id":"https:\/\/vincentians.com\/es\/#website"},"primaryImageOfPage":{"@id":"https:\/\/vincentians.com\/es\/jean-duchesne-muerto-en-1654\/#primaryimage"},"image":{"@id":"https:\/\/vincentians.com\/es\/jean-duchesne-muerto-en-1654\/#primaryimage"},"thumbnailUrl":"https:\/\/i0.wp.com\/vincentians.com\/es\/wp-content\/uploads\/sites\/11\/2016\/07\/bio-cm.jpg?fit=1200%2C630&ssl=1","datePublished":"2020-09-24T06:59:15+00:00","breadcrumb":{"@id":"https:\/\/vincentians.com\/es\/jean-duchesne-muerto-en-1654\/#breadcrumb"},"inLanguage":"es","potentialAction":[{"@type":"ReadAction","target":["https:\/\/vincentians.com\/es\/jean-duchesne-muerto-en-1654\/"]}]},{"@type":"ImageObject","inLanguage":"es","@id":"https:\/\/vincentians.com\/es\/jean-duchesne-muerto-en-1654\/#primaryimage","url":"https:\/\/i0.wp.com\/vincentians.com\/es\/wp-content\/uploads\/sites\/11\/2016\/07\/bio-cm.jpg?fit=1200%2C630&ssl=1","contentUrl":"https:\/\/i0.wp.com\/vincentians.com\/es\/wp-content\/uploads\/sites\/11\/2016\/07\/bio-cm.jpg?fit=1200%2C630&ssl=1","width":1200,"height":630},{"@type":"BreadcrumbList","@id":"https:\/\/vincentians.com\/es\/jean-duchesne-muerto-en-1654\/#breadcrumb","itemListElement":[{"@type":"ListItem","position":1,"name":"Portada","item":"https:\/\/vincentians.com\/es\/"},{"@type":"ListItem","position":2,"name":"Jean Duchesne (\u2020 1654)"}]},{"@type":"WebSite","@id":"https:\/\/vincentians.com\/es\/#website","url":"https:\/\/vincentians.com\/es\/","name":"Somos Vicencianos","description":"Know more to serve more","publisher":{"@id":"https:\/\/vincentians.com\/es\/#organization"},"potentialAction":[{"@type":"SearchAction","target":{"@type":"EntryPoint","urlTemplate":"https:\/\/vincentians.com\/es\/?s={search_term_string}"},"query-input":{"@type":"PropertyValueSpecification","valueRequired":true,"valueName":"search_term_string"}}],"inLanguage":"es"},{"@type":"Organization","@id":"https:\/\/vincentians.com\/es\/#organization","name":"The Vincentian Network","url":"https:\/\/vincentians.com\/es\/","logo":{"@type":"ImageObject","inLanguage":"es","@id":"https:\/\/vincentians.com\/es\/#\/schema\/logo\/image\/","url":"https:\/\/i1.wp.com\/vincentians.com\/es\/wp-content\/uploads\/sites\/11\/2016\/06\/Vincentian-Network-logo-big.png?fit=778%2C778","contentUrl":"https:\/\/i1.wp.com\/vincentians.com\/es\/wp-content\/uploads\/sites\/11\/2016\/06\/Vincentian-Network-logo-big.png?fit=778%2C778","width":778,"height":778,"caption":"The Vincentian Network"},"image":{"@id":"https:\/\/vincentians.com\/es\/#\/schema\/logo\/image\/"},"sameAs":["https:\/\/www.facebook.com\/WeAreVincentians\/","https:\/\/x.com\/WeVincentians"]},{"@type":"Person","@id":"https:\/\/vincentians.com\/es\/#\/schema\/person\/7c2670b4445a7ca9d164ea6acdb31859","name":"Mitxel Olabu\u00e9naga","image":{"@type":"ImageObject","inLanguage":"es","@id":"https:\/\/vincentians.com\/es\/#\/schema\/person\/image\/","url":"https:\/\/secure.gravatar.com\/avatar\/34137ec2e2b8939cbbed975731e71f3f4f1defc7266ded337a5ce0f925426877?s=96&d=mm&r=g","contentUrl":"https:\/\/secure.gravatar.com\/avatar\/34137ec2e2b8939cbbed975731e71f3f4f1defc7266ded337a5ce0f925426877?s=96&d=mm&r=g","caption":"Mitxel Olabu\u00e9naga"},"url":"https:\/\/vincentians.com\/es\/author\/mitxel\/"}]}},"jetpack_publicize_connections":[],"jetpack_featured_media_url":"https:\/\/i0.wp.com\/vincentians.com\/es\/wp-content\/uploads\/sites\/11\/2016\/07\/bio-cm.jpg?fit=1200%2C630&ssl=1","jetpack_sharing_enabled":true,"jetpack_shortlink":"https:\/\/wp.me\/p7ETMF-aeP","jetpack-related-posts":[{"id":131911,"url":"https:\/\/vincentians.com\/es\/el-senor-vicente-relee-su-vida-y-xii\/","url_meta":{"origin":39359,"position":0},"title":"El se\u00f1or Vicente relee su vida (y XII)","author":"Francisco Javier Fern\u00e1ndez Chento","date":"23\/12\/2014","format":false,"excerpt":"Hombre de mi tiempo 1652 me ve\u00eda de nuevo emprender negociaciones con Mazarino. En efecto, a primeros de julio yo le informaba de mi intromisi\u00f3n entre \u00e9l y el duque de Orl\u00e9ans, con vistas a una reconciliaci\u00f3n, acompa\u00f1ada de una dimisi\u00f3n de Mazarino . Eso no dio resultado, hab\u00eda que\u2026","rel":"","context":"En \u00abVicente de Pa\u00fal\u00bb","block_context":{"text":"Vicente de Pa\u00fal","link":"https:\/\/vincentians.com\/es\/category\/la-familia-vicenciana\/fundadores\/vicente-de-paul\/"},"img":{"alt_text":"corazon","src":"https:\/\/i0.wp.com\/vicencianos.org\/wp-content\/2014\/12\/corazon-289x300.jpg?resize=350%2C200","width":350,"height":200},"classes":[]},{"id":51445,"url":"https:\/\/vincentians.com\/es\/lambert-duchesne-1652-1736\/","url_meta":{"origin":39359,"position":1},"title":"Lambert Duchesne (1652-1736)","author":"Mitxel Olabu\u00e9naga","date":"03\/10\/2011","format":false,"excerpt":"I. \u2013 Su estancia en Francia. El Sr. Lambert Duchesne naci\u00f3 en Sedan, di\u00f3cesis de Reims, el 24 de agosto de 1652, de padres cat\u00f3licos y que se hac\u00edan\u00a0 un honor de conformar su conducta a los preceptos de nuestra santa religi\u00f3n. Su car\u00e1cter amable y jovial le hac\u00edan buscar\u2026","rel":"","context":"En \u00abBiograf\u00edas de Misioneros Pa\u00fales\u00bb","block_context":{"text":"Biograf\u00edas de Misioneros Pa\u00fales","link":"https:\/\/vincentians.com\/es\/category\/la-familia-vicenciana\/biografias-vicencianas\/biografias-de-misioneros-paules\/"},"img":{"alt_text":"","src":"https:\/\/i0.wp.com\/vincentians.com\/es\/wp-content\/uploads\/sites\/11\/2016\/07\/bio-cm.jpg?fit=1200%2C630&ssl=1&resize=350%2C200","width":350,"height":200,"srcset":"https:\/\/i0.wp.com\/vincentians.com\/es\/wp-content\/uploads\/sites\/11\/2016\/07\/bio-cm.jpg?fit=1200%2C630&ssl=1&resize=350%2C200 1x, https:\/\/i0.wp.com\/vincentians.com\/es\/wp-content\/uploads\/sites\/11\/2016\/07\/bio-cm.jpg?fit=1200%2C630&ssl=1&resize=525%2C300 1.5x, https:\/\/i0.wp.com\/vincentians.com\/es\/wp-content\/uploads\/sites\/11\/2016\/07\/bio-cm.jpg?fit=1200%2C630&ssl=1&resize=700%2C400 2x, https:\/\/i0.wp.com\/vincentians.com\/es\/wp-content\/uploads\/sites\/11\/2016\/07\/bio-cm.jpg?fit=1200%2C630&ssl=1&resize=1050%2C600 3x"},"classes":[]},{"id":49860,"url":"https:\/\/vincentians.com\/es\/jean-batault-1735\/","url_meta":{"origin":39359,"position":2},"title":"Jean Batault (\u00bf\u00bf\u00bf-1735)","author":"Mitxel Olabu\u00e9naga","date":"19\/09\/2011","format":false,"excerpt":"La insistencia del Sr. Duchesne, sacerdote de la Misi\u00f3n, vicario apost\u00f3lico en Argel para tener a su lado a un cohermano, y el temor de verle sucumbir bajo el peso, determinaron al Sr. Bonnet, superior general, a enviarle en 1711 al Sr. Batault con el hermano Berchon. Veamos en qu\u00e9\u2026","rel":"","context":"En \u00abBiograf\u00edas de Misioneros Pa\u00fales\u00bb","block_context":{"text":"Biograf\u00edas de Misioneros Pa\u00fales","link":"https:\/\/vincentians.com\/es\/category\/la-familia-vicenciana\/biografias-vicencianas\/biografias-de-misioneros-paules\/"},"img":{"alt_text":"","src":"https:\/\/i0.wp.com\/vincentians.com\/es\/wp-content\/uploads\/sites\/11\/2016\/07\/bio-cm.jpg?fit=1200%2C630&ssl=1&resize=350%2C200","width":350,"height":200,"srcset":"https:\/\/i0.wp.com\/vincentians.com\/es\/wp-content\/uploads\/sites\/11\/2016\/07\/bio-cm.jpg?fit=1200%2C630&ssl=1&resize=350%2C200 1x, https:\/\/i0.wp.com\/vincentians.com\/es\/wp-content\/uploads\/sites\/11\/2016\/07\/bio-cm.jpg?fit=1200%2C630&ssl=1&resize=525%2C300 1.5x, https:\/\/i0.wp.com\/vincentians.com\/es\/wp-content\/uploads\/sites\/11\/2016\/07\/bio-cm.jpg?fit=1200%2C630&ssl=1&resize=700%2C400 2x, https:\/\/i0.wp.com\/vincentians.com\/es\/wp-content\/uploads\/sites\/11\/2016\/07\/bio-cm.jpg?fit=1200%2C630&ssl=1&resize=1050%2C600 3x"},"classes":[]},{"id":131909,"url":"https:\/\/vincentians.com\/es\/el-senor-vicente-relee-su-vida-xi\/","url_meta":{"origin":39359,"position":3},"title":"El se\u00f1or Vicente relee su vida (XI)","author":"Francisco Javier Fern\u00e1ndez Chento","date":"21\/12\/2014","format":false,"excerpt":"Y las Damas continuaron su asistencia. Hombres de oraci\u00f3n En medio de tantas ocupaciones, he puesto todo el inter\u00e9s en seguir fiel al estudio, especialmente en teolog\u00eda. Hubo en particular que hacer frente a las teor\u00edas de Ba\u00efus despu\u00e9s de Jansenio y Arnaud . En efecto, en 1637 yo hab\u00eda\u2026","rel":"","context":"En \u00abVicente de Pa\u00fal\u00bb","block_context":{"text":"Vicente de Pa\u00fal","link":"https:\/\/vincentians.com\/es\/category\/la-familia-vicenciana\/fundadores\/vicente-de-paul\/"},"img":{"alt_text":"corazon","src":"https:\/\/i0.wp.com\/vicencianos.org\/wp-content\/2014\/12\/corazon-289x300.jpg?resize=350%2C200","width":350,"height":200},"classes":[]},{"id":10324,"url":"https:\/\/vincentians.com\/es\/antoine-lucas-1600-1656\/","url_meta":{"origin":39359,"position":4},"title":"Antoine Lucas (1600-1656)","author":"Mitxel Olabu\u00e9naga","date":"24\/11\/2013","format":false,"excerpt":"El Sr. Antoine Lucas naci\u00f3 en Par\u00eds, el 20 de enero de 1600; todav\u00eda no era sacerdote cuando vino a ofrecerse a san Vicente, en diciembre de 1626, pues no fue ordenado hasta setiembre de 1628. El Sr. Lucas hab\u00eda estudiado en Sorbona. Su ciencia muy variada y su habilidad\u00a0\u2026","rel":"","context":"En \u00abBiograf\u00edas de Misioneros Pa\u00fales\u00bb","block_context":{"text":"Biograf\u00edas de Misioneros Pa\u00fales","link":"https:\/\/vincentians.com\/es\/category\/la-familia-vicenciana\/biografias-vicencianas\/biografias-de-misioneros-paules\/"},"img":{"alt_text":"","src":"https:\/\/i0.wp.com\/vincentians.com\/es\/wp-content\/uploads\/sites\/11\/2016\/07\/bio-cm.jpg?fit=1200%2C630&ssl=1&resize=350%2C200","width":350,"height":200,"srcset":"https:\/\/i0.wp.com\/vincentians.com\/es\/wp-content\/uploads\/sites\/11\/2016\/07\/bio-cm.jpg?fit=1200%2C630&ssl=1&resize=350%2C200 1x, https:\/\/i0.wp.com\/vincentians.com\/es\/wp-content\/uploads\/sites\/11\/2016\/07\/bio-cm.jpg?fit=1200%2C630&ssl=1&resize=525%2C300 1.5x, https:\/\/i0.wp.com\/vincentians.com\/es\/wp-content\/uploads\/sites\/11\/2016\/07\/bio-cm.jpg?fit=1200%2C630&ssl=1&resize=700%2C400 2x, https:\/\/i0.wp.com\/vincentians.com\/es\/wp-content\/uploads\/sites\/11\/2016\/07\/bio-cm.jpg?fit=1200%2C630&ssl=1&resize=1050%2C600 3x"},"classes":[]},{"id":119751,"url":"https:\/\/vincentians.com\/es\/el-senor-vicente-relee-su-vida-en-casa-y-lejos-de-ella\/","url_meta":{"origin":39359,"position":5},"title":"El Se\u00f1or Vicente relee su vida: En casa y lejos de ella","author":"Francisco Javier Fern\u00e1ndez Chento","date":"07\/05\/2013","format":false,"excerpt":"Desde al menos 1642, pensaba en dar Reglas a la Compa\u00f1\u00eda. Los fundamentos teol\u00f3gicos y algunos puntos principales estaban ya en nuestro Contrato de Fundaci\u00f3n y en la Bula de erecci\u00f3n, pero hab\u00eda que precisar bien los detalles. La vida se encargaba de ello, y yo hab\u00eda preparado un texto.\u2026","rel":"","context":"En \u00abVicente de Pa\u00fal\u00bb","block_context":{"text":"Vicente de Pa\u00fal","link":"https:\/\/vincentians.com\/es\/category\/la-familia-vicenciana\/fundadores\/vicente-de-paul\/"},"img":{"alt_text":"","src":"","width":0,"height":0},"classes":[]}],"_links":{"self":[{"href":"https:\/\/vincentians.com\/es\/wp-json\/wp\/v2\/posts\/39359","targetHints":{"allow":["GET"]}}],"collection":[{"href":"https:\/\/vincentians.com\/es\/wp-json\/wp\/v2\/posts"}],"about":[{"href":"https:\/\/vincentians.com\/es\/wp-json\/wp\/v2\/types\/post"}],"author":[{"embeddable":true,"href":"https:\/\/vincentians.com\/es\/wp-json\/wp\/v2\/users\/5"}],"replies":[{"embeddable":true,"href":"https:\/\/vincentians.com\/es\/wp-json\/wp\/v2\/comments?post=39359"}],"version-history":[{"count":1,"href":"https:\/\/vincentians.com\/es\/wp-json\/wp\/v2\/posts\/39359\/revisions"}],"predecessor-version":[{"id":403058,"href":"https:\/\/vincentians.com\/es\/wp-json\/wp\/v2\/posts\/39359\/revisions\/403058"}],"wp:featuredmedia":[{"embeddable":true,"href":"https:\/\/vincentians.com\/es\/wp-json\/wp\/v2\/media\/391249"}],"wp:attachment":[{"href":"https:\/\/vincentians.com\/es\/wp-json\/wp\/v2\/media?parent=39359"}],"wp:term":[{"taxonomy":"category","embeddable":true,"href":"https:\/\/vincentians.com\/es\/wp-json\/wp\/v2\/categories?post=39359"},{"taxonomy":"post_tag","embeddable":true,"href":"https:\/\/vincentians.com\/es\/wp-json\/wp\/v2\/tags?post=39359"}],"curies":[{"name":"wp","href":"https:\/\/api.w.org\/{rel}","templated":true}]}}