{"id":39337,"date":"2020-09-23T08:14:57","date_gmt":"2020-09-23T06:14:57","guid":{"rendered":"http:\/\/somos.vicencianos.org\/?p=39337"},"modified":"2020-09-15T11:25:03","modified_gmt":"2020-09-15T09:25:03","slug":"quien-fue-sor-cecilia-charrin","status":"publish","type":"post","link":"https:\/\/vincentians.com\/es\/quien-fue-sor-cecilia-charrin\/","title":{"rendered":"\u00bfQui\u00e9n fue sor Cecilia Charrin?"},"content":{"rendered":"<div>Sor Cecilia Charrin Deverch\u00e9re, \u00abla Hermana de los Pobres\u00bb, fue una Hija de la Caridad de San Vicente de Pa\u00fal, de origen Franc\u00e9s y procedencia aristocr\u00e1tica, hija de don Maurice Charrin y Cesarinne Deverch\u00e9re. Su nombre completo era Marie Isabelle Rosalie Ren\u00e9e, y fueron sus hermanas: Gabrielle e Isabelle. Naci\u00f3 y vivi\u00f3 en su castillo de N\u00e9ty en Saint \u00c9tienne -des\u00ad-Oulli\u00e9res, Rh\u00f3ne, Francia. Al morir su padre, Ren\u00e9e se convirti\u00f3 en la nueva jefa del Castillo de N\u00e9ty.Por pertenecer a une familia aristocr\u00e1tica tuvo la oportunidad de vivir a la moda y ritmo de la sociedad de su tiempo. que le llev\u00f3 hasta los salones de fiesta y banquetes del palacio del Pr\u00edncipe Alberto de M\u00f3naco.<\/div>\n<div>\n<h2>Semblanza<\/h2>\n<p><a href=\"https:\/\/i0.wp.com\/vincentians.com\/es\/wp-content\/uploads\/sites\/11\/2011\/05\/Suor-Cecilia-Charrin.jpg\"><img data-recalc-dims=\"1\" loading=\"lazy\" decoding=\"async\" data-attachment-id=\"391341\" data-permalink=\"https:\/\/vincentians.com\/es\/quien-fue-sor-cecilia-charrin\/suor-cecilia-charrin\/\" data-orig-file=\"https:\/\/i0.wp.com\/vincentians.com\/es\/wp-content\/uploads\/sites\/11\/2011\/05\/Suor-Cecilia-Charrin.jpg?fit=769%2C1107&amp;ssl=1\" data-orig-size=\"769,1107\" data-comments-opened=\"1\" data-image-meta=\"{&quot;aperture&quot;:&quot;0&quot;,&quot;credit&quot;:&quot;&quot;,&quot;camera&quot;:&quot;&quot;,&quot;caption&quot;:&quot;&quot;,&quot;created_timestamp&quot;:&quot;0&quot;,&quot;copyright&quot;:&quot;&quot;,&quot;focal_length&quot;:&quot;0&quot;,&quot;iso&quot;:&quot;0&quot;,&quot;shutter_speed&quot;:&quot;0&quot;,&quot;title&quot;:&quot;&quot;,&quot;orientation&quot;:&quot;0&quot;}\" data-image-title=\"Suor Cecilia Charrin\" data-image-description=\"\" data-image-caption=\"\" data-medium-file=\"https:\/\/i0.wp.com\/vincentians.com\/es\/wp-content\/uploads\/sites\/11\/2011\/05\/Suor-Cecilia-Charrin.jpg?fit=208%2C300&amp;ssl=1\" data-large-file=\"https:\/\/i0.wp.com\/vincentians.com\/es\/wp-content\/uploads\/sites\/11\/2011\/05\/Suor-Cecilia-Charrin.jpg?fit=711%2C1024&amp;ssl=1\" class=\"size-medium wp-image-391341 alignright\" src=\"https:\/\/i0.wp.com\/vincentians.com\/es\/wp-content\/uploads\/sites\/11\/2011\/05\/Suor-Cecilia-Charrin.jpg?resize=208%2C300\" alt=\"Suor Cecilia Charrin\" width=\"208\" height=\"300\" srcset=\"https:\/\/i0.wp.com\/vincentians.com\/es\/wp-content\/uploads\/sites\/11\/2011\/05\/Suor-Cecilia-Charrin.jpg?resize=208%2C300&amp;ssl=1 208w, https:\/\/i0.wp.com\/vincentians.com\/es\/wp-content\/uploads\/sites\/11\/2011\/05\/Suor-Cecilia-Charrin.jpg?resize=768%2C1106&amp;ssl=1 768w, https:\/\/i0.wp.com\/vincentians.com\/es\/wp-content\/uploads\/sites\/11\/2011\/05\/Suor-Cecilia-Charrin.jpg?resize=711%2C1024&amp;ssl=1 711w, https:\/\/i0.wp.com\/vincentians.com\/es\/wp-content\/uploads\/sites\/11\/2011\/05\/Suor-Cecilia-Charrin.jpg?resize=69%2C100&amp;ssl=1 69w, https:\/\/i0.wp.com\/vincentians.com\/es\/wp-content\/uploads\/sites\/11\/2011\/05\/Suor-Cecilia-Charrin.jpg?resize=100%2C144&amp;ssl=1 100w, https:\/\/i0.wp.com\/vincentians.com\/es\/wp-content\/uploads\/sites\/11\/2011\/05\/Suor-Cecilia-Charrin.jpg?w=769&amp;ssl=1 769w\" sizes=\"auto, (max-width: 208px) 100vw, 208px\" \/><\/a>Hablando Jes\u00fas con Nicodemus que le lleg\u00f3 a consultar de noche y en secreto, le dijo: <em>\u00abEl viento sopla <\/em><em>donde <\/em><em>quiere y oyes su voz, pero <\/em><em>no sabes de d\u00f3nde <\/em>viene, ni <em>a d\u00f3nde va, as\u00ed <\/em><em>es todo nacido del Esp\u00edritu<\/em> <em>\u00bb <\/em>(Jn. 3, 8)<\/p>\n<p>Sor Cecilia oy\u00f3 la voz del Esp\u00edritu y la sigui\u00f3\u00a0 hasta el fin con una fidelidad admirable.<\/p>\n<p>Cuando oy\u00f3 su voz, no vacil\u00f3 en romper toda atadura, entr\u00f3 a la Comunidad con su decisi\u00f3n tan particular: \u00ab<strong>Aqu\u00ed estoy porque Dios me ha llamado<\/strong>\u00ab.<\/p>\n<p>Alegre en su abnegaci\u00f3n, se dio toda, sin saber a d\u00f3nde iba a llevarla el Esp\u00edritu. A Guatemala la mand\u00f3 y a Guatemala lleg\u00f3 el 30 de agosto de 1930. Contenta, feliz desde su llegada se dio a los pobres, en los que desde a\u00f1os so\u00f1aba, porque ve\u00eda y encontraba en ellos a Jesucristo. S\u00f3lo y \u00fanicamente esto le preocup\u00f3. Algo original en su abnegaci\u00f3n, no pens\u00f3 en otra cosa. Aprender el castellano, \u00bfpara qu\u00e9? Y tan pronto como pudo lo machuc\u00f3 a su modo, hablando como ellos lo hablaban, poco m\u00e1s o menos. Lo principal era ayudarlos, consolarlos, sacarlos de apuro, tambi\u00e9n a su modo.<\/p>\n<p>Fue asignada Hermana de Oficio en el Seminario. Hubo de comprobar que para ello no tenia aptitudes&#8230; Se le puso a estudiar enfermar\u00eda&#8230; lo mismo.<\/p>\n<p>Para los Pobres era&#8230; y para los Pobres fue&#8230; Reorganiz\u00f3 la distribuci\u00f3n de desayunos y almuerzos, yendo ella misma al mercado, para hacerse regalar lo que quedaba: verduras, frutas, carne&#8230; Todo era bueno. Se lo cargaba sobre una carretilla prestada o mal pagada, pues ten\u00eda el don de persuadir a la gente que la ayudase. \u00a1Cu\u00e1n deliciosas sopas hac\u00eda pelando con sus pobres las verduras!, porque tambi\u00e9n habla conseguido que la Casa Central le diera un pedacito del fog\u00f3n para poner su inmensa olla, que cualquier fulano, zutano o\u00a0mengano iban a traer, sudando la gota gorda.<\/p>\n<\/div>\n<div>\n<p>Estos fueron los principios. Como dec\u00eda San Juan, el Esp\u00edritu soplaba ella no dejaba de oir su voz: la o\u00eda en todas las necesidades de los Pobres. Viendo, pues, que sola no pod\u00eda hacer mucho, se conquist\u00f3 a las Se\u00f1oras de la Caridad, y muy de veras las conquist\u00f3: tanto que le preguntaban: \u00bbbueno, Sor Cecilia, ahora \u00bfqu\u00e9 hacemos?\u00bb&#8230;<\/p>\n<p>Fund\u00f3 una Sala Cuna para que las mujeres que ten\u00edan chiquitines en casa pudieran ir a trabajar&#8230; Estos tambi\u00e9n de repente terminaron en la Casa Central&#8230; Entonces pens\u00f3 construir un Hospitalito de ni\u00f1os y compr\u00f3 con la ayuda de bienhechores un terreno en la Palmita, que m\u00e1s tarde aument\u00f3 con una herencia propia. Yo le dec\u00eda: Pero Sor Cecilia, \u00a1c\u00f3mo va a sostener un hospital gratuit0!&#8230; \u00bfNo ve que usted tiene que parar los trabajos por falta de dinero? Pero segu\u00eda imperturbable.<\/p>\n<p>La llevaba el Esp\u00edritu, el soplo que anim\u00f3 a San V\u00edcente y a Santa Luisa, por lo que, a su imitaci\u00f3n, se val\u00eda de todo y de todos para hacer el bien a los Pobres.<\/p>\n<p>Con las Se\u00f1oras de la Caridad fund\u00f3 la Asociaci\u00f3n de las Luisas de Marillac, movi\u00f3 a las catequistas, muchas tan pobres como ella misma. Se hicieron por todas partes Primeras Comuniones, se ense\u00f1aba la religi\u00f3n en los pueblos, y <em>cu\u00e1nto gozaba al entregar esas almas <\/em><em>al Se\u00f1or.<\/em><\/p>\n<p>Despu\u00e9s de fundar la Sala Cuna, se dio cuenta que hab\u00eda que velar por la instrucci\u00f3n de los ni\u00f1os Pobres, fund\u00f3 la Escuelita de Loreto, contribuy\u00f3 en gran parte a la de La Milagrosa. Incansable organizaba rifas, kermeses, buscaba contribuyentes. Luch\u00f3 contra toda clase de incomprensiones, de criticas, de dificultades materiales, de contradicciones y censuras, de malas caras y duros recibimientos.<\/p>\n<\/div>\n<div>\n<p>Para favorecer las vocaciones de ni\u00f1os pobres estableci\u00f3 su \u00abAmparo del Patojo\u00bb, manteniendo esta obra al precio de sacrificios de toda clase. Incansable&#8230; siempre alegre, siempre entusiasta, comunicaba su optimismo, animaba las buenas voluntades, no se le pod\u00eda negar nada. Mal que bien, hab\u00eda que cooperar con ella. <strong>Todo era por el \u00abBuen Dios\u00bb<\/strong>, como dec\u00eda.<\/p>\n<p>Cuanta persona se le acercaba, recibia un saludo cari\u00f1oso, una sonrisa amable y un\u00a0calificativo de BUENA, que daba a todas.<\/p>\n<p>Sus \u00faltimos esfuerzos fueron por su querido \u00abLoreto\u00bb y para la obra de Tecp\u00e1n.<\/p>\n<p>Incansable. aun a sus 83 a\u00f1os, salia por la ma\u00f1ana y por la tarde de casa en casa, para pasar las urnas de la Santisima Virgen y cobrar sus recibos.<\/p>\n<p>\u00bfQui\u00e9n podr\u00e1 calcular el valor de estos pasos, sino s\u00f3lo Dios que la impulsaba?<\/p>\n<p>Su \u00faltimo acto fue acercarse a la Santa Comuni\u00f3n en la Capilla de la Casa Central. Al salir de misa le empez\u00f3 el derrame cerebral que en 15 d\u00edas la llev\u00f3 a recibir la recompensa prometida a los que aman y sirven a tos Pobres, con alma, vida y coraz\u00f3n.<\/p>\n<p><strong>Ojal\u00e1 que desde el cielo mande a la juventud este celo incontenible por la salvaci\u00f3n de las almas, que fue el ideal y la realizaci\u00f3n de toda su vida.<\/strong><\/p>\n<p><em>\u00abEl viento sopla donde quiere\u00bb, oigamos <\/em><em>su voz y <\/em>llegaremos <em>a la vida eterna.<\/em><\/p>\n<\/div>\n<h2>Oraci\u00f3n privada para la beatificaci\u00f3n de sor Cecilia Charrin, Hija de la Caridad de San Vicente de Pa\u00fal<\/h2>\n<p><em>Dios y Se\u00f1or Nuestro, que suscitaste en el coraz\u00f3n de Sor Cecilia Charrin, Hija de la Caridad de San Vicente de Pa\u00fal, celo y desvelo especial a favor de los pobres, tus predilectos, humildemente te pedimos la gracia de la beatificaci\u00f3n de esta Sierva cuya, cuyos dones y talentos puso a favor de los pobres, y que nos alcances aquellos favores que por su intercesi\u00f3n te pedimos&#8230; por nuestro Se\u00f1or Jesucristo tu hijo, que contigo vive y reina, en la unidad del Esp\u00edritu Santo, y es Dios por los Sigios de los siglos. Am\u00e9n.<\/em><\/p>\n<p>Padre Nuestro, Ave Maria y Gloria al Padre.<\/p>\n<p>Si recibe alguna gracia al rezar devotamente esta Oraci\u00f3n comun\u00edquese por favor a:<\/p>\n<p style=\"text-align: center\">\u00abFundaci\u00f3n Amigos de Sor Cecilia Charrin\u00bb<br \/>\n2\u00aa Avenida 13-12, zona 1<br \/>\n01001,\u00a0 Guatemala, Ciudad.<br \/>\nTele: 2230-6874 y 2232-2323 CASA CENTRAL<br \/>\nE-mail <a href=\"mailto:museocasacentral@hotmail.com\">museocasacentral@hotmail.com<\/a><\/p>\n<p>Con licencia Eclesi\u00e1stica seg\u00fan consta en el Libro II, Folio 16. Partida 96, 97 y 98 de la Curia Arzobispal.<\/p>\n<p>&nbsp;<\/p>\n<div class='stb-container stb-style-info stb-no-caption'><div class='stb-caption'><div class='stb-logo'><img class='stb-logo__image' src='' alt='img'\/><\/div><div class='stb-caption-content'><\/div><div class='stb-tool'><\/div><\/div><div class='stb-content'>\n<p>Fue en M\u00f3naco donde conoci\u00f3 a las Hijas de la Caridad de San Vicente de Pa\u00fal, no precisamente en el palacio, sino en el hospital que las Herrnanas atend\u00edan, que era por donde ella debla pasar. Tuvo muchas oportunidades de encontrarse con ellas y observar su trabajo a favor de los pobres y enfermos.<\/p>\n<p>\u00ab<strong>Parec\u00edan blancas palomas por su corneta blanca y ello me cautiv\u00f3<\/strong>\u00ab. Ren\u00e9e, segura de su vocaci\u00f3n, no vacil\u00f3 en romper toda atadura e ingresar con las Hijas de la Caridad: \u00ab<strong>Aqu\u00ed estoy porque Dios me ha llamado<\/strong>\u00ab, hizo su seminario en la Casa Madre en Paris; recibi\u00f3 el h\u00e1bito el 11 de abril de 1923. En 1930 fue enviada a trabajar a Guatemala.<\/p>\n<p>En su vida comunitaria Sor Cecilia vivi\u00f3 y practic\u00f3 las virtudes del Espiritu de las Hijas de la Caridad: Humildad, Sencillez y Caridad. Con sus compa\u00f1eras fue amable, servicial, cari\u00f1osa y respetuosa, d\u00e1ndoles siempre ejemplo de su gran amor a Dios y a la Sant\u00edsima Virgen. Las Hermanas que la conocieron y viven, la recuerdan con cari\u00f1o y gratitud; dicen que vieron en ella un alma de Fe, de Esperanza y Caridad.<\/p>\n<p>\u00ab<strong>Los pobres son mi peso y mi dolor<\/strong>\u00bb afirmaba San Vicente. Sor Cecilia, en la Casa Central, abri\u00f3 nuevos caminos a favor de los pobres, sus amos y se\u00f1ores. Su Obra en Guatemala fue grande; no la realiz\u00f3 sola; aprovech\u00f3 la fuerza y esp\u00edritu de los laicos, desde el m\u00e1s peque\u00f1o hasta el m\u00e1s grande, desde el m\u00e1s rico hasta el m\u00e1s pobre. Todos trabajaron con ella.<\/p>\n<p>Para cada necesidad buscaba y ten\u00eda respuesta pronta. Su amor al pobre le caus\u00f3 insultos, vejaciones, lluvia, sol, sed, cansancio, incomprensiones y hasta fue detenida por la polic\u00eda por pedir limosna en la calle, pero siempre estaba su buen Dios para consolarla y animarla a seguir adelante. Ante su humildad y bondad, no hab\u00eda coraz\u00f3n que se resistiera.<\/p>\n<\/div><\/div>\n<p>&nbsp;<\/p>\n","protected":false},"excerpt":{"rendered":"<p>Sor Cecilia Charrin Deverch\u00e9re, \u00abla Hermana de los Pobres\u00bb, fue una Hija de la Caridad de San Vicente de Pa\u00fal, de origen Franc\u00e9s y procedencia aristocr\u00e1tica, hija de don Maurice Charrin y Cesarinne Deverch\u00e9re. Su &#8230; <a href=\"https:\/\/vincentians.com\/es\/quien-fue-sor-cecilia-charrin\/\" class=\"more-link\">Read More<\/a><\/p>\n","protected":false},"author":5,"featured_media":391164,"comment_status":"open","ping_status":"open","sticky":false,"template":"","format":"standard","meta":{"jetpack_post_was_ever_published":false,"_jetpack_newsletter_access":"","_jetpack_dont_email_post_to_subs":false,"_jetpack_newsletter_tier_id":0,"_jetpack_memberships_contains_paywalled_content":false,"_jetpack_memberships_contains_paid_content":false,"footnotes":"","jetpack_publicize_message":"","jetpack_publicize_feature_enabled":true,"jetpack_social_post_already_shared":true,"jetpack_social_options":{"image_generator_settings":{"template":"highway","default_image_id":0,"font":"","enabled":false},"version":2}},"categories":[14],"tags":[161],"class_list":["post-39337","post","type-post","status-publish","format-standard","has-post-thumbnail","hentry","category-biografias-de-hijas-de-la-caridad","tag-etienne"],"yoast_head":"<!-- This site is optimized with the Yoast SEO plugin v26.3 - https:\/\/yoast.com\/wordpress\/plugins\/seo\/ -->\n<title>\u00bfQui\u00e9n fue sor Cecilia Charrin? - Somos Vicencianos<\/title>\n<meta name=\"robots\" content=\"index, follow, max-snippet:-1, max-image-preview:large, max-video-preview:-1\" \/>\n<link rel=\"canonical\" href=\"https:\/\/vincentians.com\/es\/quien-fue-sor-cecilia-charrin\/\" \/>\n<meta property=\"og:locale\" content=\"es_ES\" \/>\n<meta property=\"og:type\" content=\"article\" \/>\n<meta property=\"og:title\" content=\"\u00bfQui\u00e9n fue sor Cecilia Charrin? - Somos Vicencianos\" \/>\n<meta property=\"og:description\" content=\"Sor Cecilia Charrin Deverch\u00e9re, \u00abla Hermana de los Pobres\u00bb, fue una Hija de la Caridad de San Vicente de Pa\u00fal, de origen Franc\u00e9s y procedencia aristocr\u00e1tica, hija de don Maurice Charrin y Cesarinne Deverch\u00e9re. Su ... Read More\" \/>\n<meta property=\"og:url\" content=\"https:\/\/vincentians.com\/es\/quien-fue-sor-cecilia-charrin\/\" \/>\n<meta property=\"og:site_name\" content=\"Somos Vicencianos\" \/>\n<meta property=\"article:publisher\" content=\"https:\/\/www.facebook.com\/WeAreVincentians\/\" \/>\n<meta property=\"article:published_time\" content=\"2020-09-23T06:14:57+00:00\" \/>\n<meta property=\"og:image\" content=\"https:\/\/i0.wp.com\/vincentians.com\/es\/wp-content\/uploads\/sites\/11\/2016\/07\/bio-hc.jpg?fit=1200%2C630&ssl=1\" \/>\n\t<meta property=\"og:image:width\" content=\"1200\" \/>\n\t<meta property=\"og:image:height\" content=\"630\" \/>\n\t<meta property=\"og:image:type\" content=\"image\/jpeg\" \/>\n<meta name=\"author\" content=\"Mitxel Olabu\u00e9naga\" \/>\n<meta name=\"twitter:card\" content=\"summary_large_image\" \/>\n<meta name=\"twitter:creator\" content=\"@WeVincentians\" \/>\n<meta name=\"twitter:site\" content=\"@WeVincentians\" \/>\n<meta name=\"twitter:label1\" content=\"Escrito por\" \/>\n\t<meta name=\"twitter:data1\" content=\"Mitxel Olabu\u00e9naga\" \/>\n\t<meta name=\"twitter:label2\" content=\"Tiempo de lectura\" \/>\n\t<meta name=\"twitter:data2\" content=\"8 minutos\" \/>\n<script type=\"application\/ld+json\" class=\"yoast-schema-graph\">{\"@context\":\"https:\/\/schema.org\",\"@graph\":[{\"@type\":\"Article\",\"@id\":\"https:\/\/vincentians.com\/es\/quien-fue-sor-cecilia-charrin\/#article\",\"isPartOf\":{\"@id\":\"https:\/\/vincentians.com\/es\/quien-fue-sor-cecilia-charrin\/\"},\"author\":{\"name\":\"Mitxel Olabu\u00e9naga\",\"@id\":\"http:\/\/vincentians.com\/es\/#\/schema\/person\/7c2670b4445a7ca9d164ea6acdb31859\"},\"headline\":\"\u00bfQui\u00e9n fue sor Cecilia Charrin?\",\"datePublished\":\"2020-09-23T06:14:57+00:00\",\"mainEntityOfPage\":{\"@id\":\"https:\/\/vincentians.com\/es\/quien-fue-sor-cecilia-charrin\/\"},\"wordCount\":1550,\"commentCount\":0,\"publisher\":{\"@id\":\"http:\/\/vincentians.com\/es\/#organization\"},\"image\":{\"@id\":\"https:\/\/vincentians.com\/es\/quien-fue-sor-cecilia-charrin\/#primaryimage\"},\"thumbnailUrl\":\"https:\/\/i0.wp.com\/vincentians.com\/es\/wp-content\/uploads\/sites\/11\/2016\/07\/bio-hc.jpg?fit=1200%2C630&ssl=1\",\"keywords\":[\"Etienne\"],\"articleSection\":[\"Biograf\u00edas de Hijas de la Caridad\"],\"inLanguage\":\"es\",\"potentialAction\":[{\"@type\":\"CommentAction\",\"name\":\"Comment\",\"target\":[\"https:\/\/vincentians.com\/es\/quien-fue-sor-cecilia-charrin\/#respond\"]}]},{\"@type\":\"WebPage\",\"@id\":\"https:\/\/vincentians.com\/es\/quien-fue-sor-cecilia-charrin\/\",\"url\":\"https:\/\/vincentians.com\/es\/quien-fue-sor-cecilia-charrin\/\",\"name\":\"\u00bfQui\u00e9n fue sor Cecilia Charrin? - Somos Vicencianos\",\"isPartOf\":{\"@id\":\"http:\/\/vincentians.com\/es\/#website\"},\"primaryImageOfPage\":{\"@id\":\"https:\/\/vincentians.com\/es\/quien-fue-sor-cecilia-charrin\/#primaryimage\"},\"image\":{\"@id\":\"https:\/\/vincentians.com\/es\/quien-fue-sor-cecilia-charrin\/#primaryimage\"},\"thumbnailUrl\":\"https:\/\/i0.wp.com\/vincentians.com\/es\/wp-content\/uploads\/sites\/11\/2016\/07\/bio-hc.jpg?fit=1200%2C630&ssl=1\",\"datePublished\":\"2020-09-23T06:14:57+00:00\",\"breadcrumb\":{\"@id\":\"https:\/\/vincentians.com\/es\/quien-fue-sor-cecilia-charrin\/#breadcrumb\"},\"inLanguage\":\"es\",\"potentialAction\":[{\"@type\":\"ReadAction\",\"target\":[\"https:\/\/vincentians.com\/es\/quien-fue-sor-cecilia-charrin\/\"]}]},{\"@type\":\"ImageObject\",\"inLanguage\":\"es\",\"@id\":\"https:\/\/vincentians.com\/es\/quien-fue-sor-cecilia-charrin\/#primaryimage\",\"url\":\"https:\/\/i0.wp.com\/vincentians.com\/es\/wp-content\/uploads\/sites\/11\/2016\/07\/bio-hc.jpg?fit=1200%2C630&ssl=1\",\"contentUrl\":\"https:\/\/i0.wp.com\/vincentians.com\/es\/wp-content\/uploads\/sites\/11\/2016\/07\/bio-hc.jpg?fit=1200%2C630&ssl=1\",\"width\":1200,\"height\":630},{\"@type\":\"BreadcrumbList\",\"@id\":\"https:\/\/vincentians.com\/es\/quien-fue-sor-cecilia-charrin\/#breadcrumb\",\"itemListElement\":[{\"@type\":\"ListItem\",\"position\":1,\"name\":\"Portada\",\"item\":\"http:\/\/vincentians.com\/es\/\"},{\"@type\":\"ListItem\",\"position\":2,\"name\":\"\u00bfQui\u00e9n fue sor Cecilia Charrin?\"}]},{\"@type\":\"WebSite\",\"@id\":\"http:\/\/vincentians.com\/es\/#website\",\"url\":\"http:\/\/vincentians.com\/es\/\",\"name\":\"Somos Vicencianos\",\"description\":\"Know more to serve more\",\"publisher\":{\"@id\":\"http:\/\/vincentians.com\/es\/#organization\"},\"potentialAction\":[{\"@type\":\"SearchAction\",\"target\":{\"@type\":\"EntryPoint\",\"urlTemplate\":\"http:\/\/vincentians.com\/es\/?s={search_term_string}\"},\"query-input\":{\"@type\":\"PropertyValueSpecification\",\"valueRequired\":true,\"valueName\":\"search_term_string\"}}],\"inLanguage\":\"es\"},{\"@type\":\"Organization\",\"@id\":\"http:\/\/vincentians.com\/es\/#organization\",\"name\":\"The Vincentian Network\",\"url\":\"http:\/\/vincentians.com\/es\/\",\"logo\":{\"@type\":\"ImageObject\",\"inLanguage\":\"es\",\"@id\":\"http:\/\/vincentians.com\/es\/#\/schema\/logo\/image\/\",\"url\":\"https:\/\/i1.wp.com\/vincentians.com\/es\/wp-content\/uploads\/sites\/11\/2016\/06\/Vincentian-Network-logo-big.png?fit=778%2C778\",\"contentUrl\":\"https:\/\/i1.wp.com\/vincentians.com\/es\/wp-content\/uploads\/sites\/11\/2016\/06\/Vincentian-Network-logo-big.png?fit=778%2C778\",\"width\":778,\"height\":778,\"caption\":\"The Vincentian Network\"},\"image\":{\"@id\":\"http:\/\/vincentians.com\/es\/#\/schema\/logo\/image\/\"},\"sameAs\":[\"https:\/\/www.facebook.com\/WeAreVincentians\/\",\"https:\/\/x.com\/WeVincentians\"]},{\"@type\":\"Person\",\"@id\":\"http:\/\/vincentians.com\/es\/#\/schema\/person\/7c2670b4445a7ca9d164ea6acdb31859\",\"name\":\"Mitxel Olabu\u00e9naga\",\"image\":{\"@type\":\"ImageObject\",\"inLanguage\":\"es\",\"@id\":\"http:\/\/vincentians.com\/es\/#\/schema\/person\/image\/\",\"url\":\"https:\/\/secure.gravatar.com\/avatar\/34137ec2e2b8939cbbed975731e71f3f4f1defc7266ded337a5ce0f925426877?s=96&d=mm&r=g\",\"contentUrl\":\"https:\/\/secure.gravatar.com\/avatar\/34137ec2e2b8939cbbed975731e71f3f4f1defc7266ded337a5ce0f925426877?s=96&d=mm&r=g\",\"caption\":\"Mitxel Olabu\u00e9naga\"},\"url\":\"https:\/\/vincentians.com\/es\/author\/mitxel\/\"}]}<\/script>\n<!-- \/ Yoast SEO plugin. -->","yoast_head_json":{"title":"\u00bfQui\u00e9n fue sor Cecilia Charrin? - Somos Vicencianos","robots":{"index":"index","follow":"follow","max-snippet":"max-snippet:-1","max-image-preview":"max-image-preview:large","max-video-preview":"max-video-preview:-1"},"canonical":"https:\/\/vincentians.com\/es\/quien-fue-sor-cecilia-charrin\/","og_locale":"es_ES","og_type":"article","og_title":"\u00bfQui\u00e9n fue sor Cecilia Charrin? - Somos Vicencianos","og_description":"Sor Cecilia Charrin Deverch\u00e9re, \u00abla Hermana de los Pobres\u00bb, fue una Hija de la Caridad de San Vicente de Pa\u00fal, de origen Franc\u00e9s y procedencia aristocr\u00e1tica, hija de don Maurice Charrin y Cesarinne Deverch\u00e9re. Su ... Read More","og_url":"https:\/\/vincentians.com\/es\/quien-fue-sor-cecilia-charrin\/","og_site_name":"Somos Vicencianos","article_publisher":"https:\/\/www.facebook.com\/WeAreVincentians\/","article_published_time":"2020-09-23T06:14:57+00:00","og_image":[{"width":1200,"height":630,"url":"https:\/\/i0.wp.com\/vincentians.com\/es\/wp-content\/uploads\/sites\/11\/2016\/07\/bio-hc.jpg?fit=1200%2C630&ssl=1","type":"image\/jpeg"}],"author":"Mitxel Olabu\u00e9naga","twitter_card":"summary_large_image","twitter_creator":"@WeVincentians","twitter_site":"@WeVincentians","twitter_misc":{"Escrito por":"Mitxel Olabu\u00e9naga","Tiempo de lectura":"8 minutos"},"schema":{"@context":"https:\/\/schema.org","@graph":[{"@type":"Article","@id":"https:\/\/vincentians.com\/es\/quien-fue-sor-cecilia-charrin\/#article","isPartOf":{"@id":"https:\/\/vincentians.com\/es\/quien-fue-sor-cecilia-charrin\/"},"author":{"name":"Mitxel Olabu\u00e9naga","@id":"http:\/\/vincentians.com\/es\/#\/schema\/person\/7c2670b4445a7ca9d164ea6acdb31859"},"headline":"\u00bfQui\u00e9n fue sor Cecilia Charrin?","datePublished":"2020-09-23T06:14:57+00:00","mainEntityOfPage":{"@id":"https:\/\/vincentians.com\/es\/quien-fue-sor-cecilia-charrin\/"},"wordCount":1550,"commentCount":0,"publisher":{"@id":"http:\/\/vincentians.com\/es\/#organization"},"image":{"@id":"https:\/\/vincentians.com\/es\/quien-fue-sor-cecilia-charrin\/#primaryimage"},"thumbnailUrl":"https:\/\/i0.wp.com\/vincentians.com\/es\/wp-content\/uploads\/sites\/11\/2016\/07\/bio-hc.jpg?fit=1200%2C630&ssl=1","keywords":["Etienne"],"articleSection":["Biograf\u00edas de Hijas de la Caridad"],"inLanguage":"es","potentialAction":[{"@type":"CommentAction","name":"Comment","target":["https:\/\/vincentians.com\/es\/quien-fue-sor-cecilia-charrin\/#respond"]}]},{"@type":"WebPage","@id":"https:\/\/vincentians.com\/es\/quien-fue-sor-cecilia-charrin\/","url":"https:\/\/vincentians.com\/es\/quien-fue-sor-cecilia-charrin\/","name":"\u00bfQui\u00e9n fue sor Cecilia Charrin? - Somos Vicencianos","isPartOf":{"@id":"http:\/\/vincentians.com\/es\/#website"},"primaryImageOfPage":{"@id":"https:\/\/vincentians.com\/es\/quien-fue-sor-cecilia-charrin\/#primaryimage"},"image":{"@id":"https:\/\/vincentians.com\/es\/quien-fue-sor-cecilia-charrin\/#primaryimage"},"thumbnailUrl":"https:\/\/i0.wp.com\/vincentians.com\/es\/wp-content\/uploads\/sites\/11\/2016\/07\/bio-hc.jpg?fit=1200%2C630&ssl=1","datePublished":"2020-09-23T06:14:57+00:00","breadcrumb":{"@id":"https:\/\/vincentians.com\/es\/quien-fue-sor-cecilia-charrin\/#breadcrumb"},"inLanguage":"es","potentialAction":[{"@type":"ReadAction","target":["https:\/\/vincentians.com\/es\/quien-fue-sor-cecilia-charrin\/"]}]},{"@type":"ImageObject","inLanguage":"es","@id":"https:\/\/vincentians.com\/es\/quien-fue-sor-cecilia-charrin\/#primaryimage","url":"https:\/\/i0.wp.com\/vincentians.com\/es\/wp-content\/uploads\/sites\/11\/2016\/07\/bio-hc.jpg?fit=1200%2C630&ssl=1","contentUrl":"https:\/\/i0.wp.com\/vincentians.com\/es\/wp-content\/uploads\/sites\/11\/2016\/07\/bio-hc.jpg?fit=1200%2C630&ssl=1","width":1200,"height":630},{"@type":"BreadcrumbList","@id":"https:\/\/vincentians.com\/es\/quien-fue-sor-cecilia-charrin\/#breadcrumb","itemListElement":[{"@type":"ListItem","position":1,"name":"Portada","item":"http:\/\/vincentians.com\/es\/"},{"@type":"ListItem","position":2,"name":"\u00bfQui\u00e9n fue sor Cecilia Charrin?"}]},{"@type":"WebSite","@id":"http:\/\/vincentians.com\/es\/#website","url":"http:\/\/vincentians.com\/es\/","name":"Somos Vicencianos","description":"Know more to serve more","publisher":{"@id":"http:\/\/vincentians.com\/es\/#organization"},"potentialAction":[{"@type":"SearchAction","target":{"@type":"EntryPoint","urlTemplate":"http:\/\/vincentians.com\/es\/?s={search_term_string}"},"query-input":{"@type":"PropertyValueSpecification","valueRequired":true,"valueName":"search_term_string"}}],"inLanguage":"es"},{"@type":"Organization","@id":"http:\/\/vincentians.com\/es\/#organization","name":"The Vincentian Network","url":"http:\/\/vincentians.com\/es\/","logo":{"@type":"ImageObject","inLanguage":"es","@id":"http:\/\/vincentians.com\/es\/#\/schema\/logo\/image\/","url":"https:\/\/i1.wp.com\/vincentians.com\/es\/wp-content\/uploads\/sites\/11\/2016\/06\/Vincentian-Network-logo-big.png?fit=778%2C778","contentUrl":"https:\/\/i1.wp.com\/vincentians.com\/es\/wp-content\/uploads\/sites\/11\/2016\/06\/Vincentian-Network-logo-big.png?fit=778%2C778","width":778,"height":778,"caption":"The Vincentian Network"},"image":{"@id":"http:\/\/vincentians.com\/es\/#\/schema\/logo\/image\/"},"sameAs":["https:\/\/www.facebook.com\/WeAreVincentians\/","https:\/\/x.com\/WeVincentians"]},{"@type":"Person","@id":"http:\/\/vincentians.com\/es\/#\/schema\/person\/7c2670b4445a7ca9d164ea6acdb31859","name":"Mitxel Olabu\u00e9naga","image":{"@type":"ImageObject","inLanguage":"es","@id":"http:\/\/vincentians.com\/es\/#\/schema\/person\/image\/","url":"https:\/\/secure.gravatar.com\/avatar\/34137ec2e2b8939cbbed975731e71f3f4f1defc7266ded337a5ce0f925426877?s=96&d=mm&r=g","contentUrl":"https:\/\/secure.gravatar.com\/avatar\/34137ec2e2b8939cbbed975731e71f3f4f1defc7266ded337a5ce0f925426877?s=96&d=mm&r=g","caption":"Mitxel Olabu\u00e9naga"},"url":"https:\/\/vincentians.com\/es\/author\/mitxel\/"}]}},"jetpack_publicize_connections":[],"jetpack_featured_media_url":"https:\/\/i0.wp.com\/vincentians.com\/es\/wp-content\/uploads\/sites\/11\/2016\/07\/bio-hc.jpg?fit=1200%2C630&ssl=1","jetpack_sharing_enabled":true,"jetpack_shortlink":"https:\/\/wp.me\/p7ETMF-aet","jetpack-related-posts":[{"id":35444,"url":"https:\/\/vincentians.com\/es\/breve-semblanza-de-sor-cecilia-charrin\/","url_meta":{"origin":39337,"position":0},"title":"Breve semblanza de sor Cecilia Charr\u00edn","author":"Mitxel Olabu\u00e9naga","date":"06\/06\/2014","format":false,"excerpt":"Hablar de Sor Cecilia Charr\u00edn, es hablar de aquella Hija de la Caridad, que entendi\u00f3 la invitaci\u00f3n de Jes\u00fas: S\u00edgueme, y pudo responder a la luz del Esp\u00edritu Santo, quien la llev\u00f3 mas all\u00e1 de sus fronteras patrias, al otro lado del mar: \"A Guatemala la mand\u00f3 y a Guatemala\u2026","rel":"","context":"En \u00abBiograf\u00edas de Hijas de la Caridad\u00bb","block_context":{"text":"Biograf\u00edas de Hijas de la Caridad","link":"https:\/\/vincentians.com\/es\/category\/la-familia-vicenciana\/biografias-vicencianas\/biografias-de-hijas-de-la-caridad\/"},"img":{"alt_text":"","src":"https:\/\/i0.wp.com\/vincentians.com\/es\/wp-content\/uploads\/sites\/11\/2016\/07\/bio-hc.jpg?fit=1200%2C630&ssl=1&resize=350%2C200","width":350,"height":200,"srcset":"https:\/\/i0.wp.com\/vincentians.com\/es\/wp-content\/uploads\/sites\/11\/2016\/07\/bio-hc.jpg?fit=1200%2C630&ssl=1&resize=350%2C200 1x, https:\/\/i0.wp.com\/vincentians.com\/es\/wp-content\/uploads\/sites\/11\/2016\/07\/bio-hc.jpg?fit=1200%2C630&ssl=1&resize=525%2C300 1.5x, https:\/\/i0.wp.com\/vincentians.com\/es\/wp-content\/uploads\/sites\/11\/2016\/07\/bio-hc.jpg?fit=1200%2C630&ssl=1&resize=700%2C400 2x, https:\/\/i0.wp.com\/vincentians.com\/es\/wp-content\/uploads\/sites\/11\/2016\/07\/bio-hc.jpg?fit=1200%2C630&ssl=1&resize=1050%2C600 3x"},"classes":[]},{"id":131117,"url":"https:\/\/vincentians.com\/es\/las-hijas-de-la-caridad-en-china-1848-1948\/","url_meta":{"origin":39337,"position":1},"title":"Las Hijas de la Caridad en China (1848-1948)","author":"Mitxel Olabu\u00e9naga","date":"17\/08\/2014","format":false,"excerpt":"Un d\u00eda de 1655 \u201429 de septiembre\u2014 dec\u00eda. San Vicente de Pa\u00fal a las Hijas de la Caridad: \"Desde Madagascar nuestros Misioneros nos piden les mandemos Hijas de la Caridad para ayudarles a conquistar almas. Los Padres Mousnier y Bourdaise me dicen que creen ser \u00e9ste el \u00fanico medio para\u2026","rel":"","context":"En \u00abHistoria de las Hijas de la Caridad\u00bb","block_context":{"text":"Historia de las Hijas de la Caridad","link":"https:\/\/vincentians.com\/es\/category\/historia-de-la-familia-vicenciana\/historia-de-las-hijas-de-la-caridad\/"},"img":{"alt_text":"Hijas2","src":"https:\/\/i0.wp.com\/vicencianos.org\/wp-content\/2014\/03\/Hijas2.gif?resize=350%2C200","width":350,"height":200},"classes":[]},{"id":130097,"url":"https:\/\/vincentians.com\/es\/hijas-de-la-caridad-en-italia-1843\/","url_meta":{"origin":39337,"position":2},"title":"Hijas de la Caridad en Italia (1843)","author":"Mitxel Olabu\u00e9naga","date":"30\/03\/2014","format":false,"excerpt":"I.\u2014PRIMER ESTABLECIMIENTO EN SENA (1843). El Conde de Serristorri, Gobernador de Jena, autorizado por Su Alteza Imperial y Real el Gran Duque de Toscana, manifest\u00f3 a la Compa\u00f1\u00eda de las Hijas de la Caridad el deseo de hacer conocer en Toscana \"lo que puede la Caridad de Jesucristo\": son las\u2026","rel":"","context":"En \u00abHistoria de las Hijas de la Caridad\u00bb","block_context":{"text":"Historia de las Hijas de la Caridad","link":"https:\/\/vincentians.com\/es\/category\/historia-de-la-familia-vicenciana\/historia-de-las-hijas-de-la-caridad\/"},"img":{"alt_text":"Hijas2","src":"https:\/\/i0.wp.com\/vicencianos.org\/wp-content\/2014\/03\/Hijas2.gif?resize=350%2C200","width":350,"height":200},"classes":[]},{"id":387403,"url":"https:\/\/vincentians.com\/es\/la-provincia-espanola-de-las-hijas-de-la-caridad-v\/","url_meta":{"origin":39337,"position":3},"title":"La Provincia espa\u00f1ola de las Hijas de la Caridad (V)","author":"Mitxel Olabu\u00e9naga","date":"08\/05\/2016","format":false,"excerpt":"Colegio de Barbastro. La vuelta de las Hijas de las Hijas de la Caridad a Espa\u00f1a, despu\u00e9s de siete a\u00f1os de formaci\u00f3n en Francia, hizo renacer en Barbastro los antiguos deseos de verlas en la proyectada ense\u00f1anza de ni\u00f1as, de que hablamos en el cap\u00edtulo primero. As\u00ed vemos que, algunos\u2026","rel":"","context":"En \u00abHistoria de las Hijas de la Caridad\u00bb","block_context":{"text":"Historia de las Hijas de la Caridad","link":"https:\/\/vincentians.com\/es\/category\/historia-de-la-familia-vicenciana\/historia-de-las-hijas-de-la-caridad\/"},"img":{"alt_text":"","src":"https:\/\/i0.wp.com\/vincentians.com\/es\/wp-content\/uploads\/sites\/11\/2016\/07\/hijas-caridad-espanya.jpg?fit=1200%2C630&ssl=1&resize=350%2C200","width":350,"height":200,"srcset":"https:\/\/i0.wp.com\/vincentians.com\/es\/wp-content\/uploads\/sites\/11\/2016\/07\/hijas-caridad-espanya.jpg?fit=1200%2C630&ssl=1&resize=350%2C200 1x, https:\/\/i0.wp.com\/vincentians.com\/es\/wp-content\/uploads\/sites\/11\/2016\/07\/hijas-caridad-espanya.jpg?fit=1200%2C630&ssl=1&resize=525%2C300 1.5x, https:\/\/i0.wp.com\/vincentians.com\/es\/wp-content\/uploads\/sites\/11\/2016\/07\/hijas-caridad-espanya.jpg?fit=1200%2C630&ssl=1&resize=700%2C400 2x, https:\/\/i0.wp.com\/vincentians.com\/es\/wp-content\/uploads\/sites\/11\/2016\/07\/hijas-caridad-espanya.jpg?fit=1200%2C630&ssl=1&resize=1050%2C600 3x"},"classes":[]},{"id":126941,"url":"https:\/\/vincentians.com\/es\/luisa-de-marillac-carta-0722-a-mi-querida-sor-juana-delacroix\/","url_meta":{"origin":39337,"position":4},"title":"Luisa de Marillac, Carta 0722: A mi querida Sor Juana Delacroix","author":"Francisco Javier Fern\u00e1ndez Chento","date":"25\/12\/2013","format":false,"excerpt":"Hija de la Caridad Sierva de los Pobres Enfermos. Ch\u00e2teaudun Hoy. 2 de febrero de 1660 Mi muy querida hermana: No dudo de que tenga usted muchos asuntos ni tampoco de que pone gran cuidado en ayudar a nuestras Hermanas a que trabajen en su perfecci\u00f3n; pero le suplico que\u2026","rel":"","context":"En \u00abEscritos de Luisa de Marillac\u00bb","block_context":{"text":"Escritos de Luisa de Marillac","link":"https:\/\/vincentians.com\/es\/category\/escritos\/escritos-de-luisa-de-marillac\/"},"img":{"alt_text":"","src":"https:\/\/i0.wp.com\/vincentians.com\/es\/wp-content\/uploads\/sites\/11\/2016\/07\/escritos-luisa-de-marillac.jpg?fit=1200%2C630&ssl=1&resize=350%2C200","width":350,"height":200,"srcset":"https:\/\/i0.wp.com\/vincentians.com\/es\/wp-content\/uploads\/sites\/11\/2016\/07\/escritos-luisa-de-marillac.jpg?fit=1200%2C630&ssl=1&resize=350%2C200 1x, https:\/\/i0.wp.com\/vincentians.com\/es\/wp-content\/uploads\/sites\/11\/2016\/07\/escritos-luisa-de-marillac.jpg?fit=1200%2C630&ssl=1&resize=525%2C300 1.5x, https:\/\/i0.wp.com\/vincentians.com\/es\/wp-content\/uploads\/sites\/11\/2016\/07\/escritos-luisa-de-marillac.jpg?fit=1200%2C630&ssl=1&resize=700%2C400 2x, https:\/\/i0.wp.com\/vincentians.com\/es\/wp-content\/uploads\/sites\/11\/2016\/07\/escritos-luisa-de-marillac.jpg?fit=1200%2C630&ssl=1&resize=1050%2C600 3x"},"classes":[]},{"id":100678,"url":"https:\/\/vincentians.com\/es\/luisa-de-marillac-carta-0610-a-mi-querida-sor-barbara-angiboust\/","url_meta":{"origin":39337,"position":5},"title":"Luisa de Marillac, Carta 0610: A mi querida Sor B\u00e1rbara Angiboust","author":"Francisco Javier Fern\u00e1ndez Chento","date":"17\/08\/2012","format":false,"excerpt":"Hija de la Caridad Ch\u00e2teaudun Hoy, 2 de noviembre de 1657 Mi querida Hermana: Me parece que hace mucho tiempo que no he hablado a su buen coraz\u00f3n y no s\u00e9, siquiera, si le he dado noticias de la llegada de Sor Cecilia, que ha regresado con buena salud y\u2026","rel":"","context":"En \u00abEscritos de Luisa de Marillac\u00bb","block_context":{"text":"Escritos de Luisa de Marillac","link":"https:\/\/vincentians.com\/es\/category\/escritos\/escritos-de-luisa-de-marillac\/"},"img":{"alt_text":"","src":"https:\/\/i0.wp.com\/vincentians.com\/es\/wp-content\/uploads\/sites\/11\/2016\/07\/escritos-luisa-de-marillac.jpg?fit=1200%2C630&ssl=1&resize=350%2C200","width":350,"height":200,"srcset":"https:\/\/i0.wp.com\/vincentians.com\/es\/wp-content\/uploads\/sites\/11\/2016\/07\/escritos-luisa-de-marillac.jpg?fit=1200%2C630&ssl=1&resize=350%2C200 1x, https:\/\/i0.wp.com\/vincentians.com\/es\/wp-content\/uploads\/sites\/11\/2016\/07\/escritos-luisa-de-marillac.jpg?fit=1200%2C630&ssl=1&resize=525%2C300 1.5x, https:\/\/i0.wp.com\/vincentians.com\/es\/wp-content\/uploads\/sites\/11\/2016\/07\/escritos-luisa-de-marillac.jpg?fit=1200%2C630&ssl=1&resize=700%2C400 2x, https:\/\/i0.wp.com\/vincentians.com\/es\/wp-content\/uploads\/sites\/11\/2016\/07\/escritos-luisa-de-marillac.jpg?fit=1200%2C630&ssl=1&resize=1050%2C600 3x"},"classes":[]}],"_links":{"self":[{"href":"https:\/\/vincentians.com\/es\/wp-json\/wp\/v2\/posts\/39337","targetHints":{"allow":["GET"]}}],"collection":[{"href":"https:\/\/vincentians.com\/es\/wp-json\/wp\/v2\/posts"}],"about":[{"href":"https:\/\/vincentians.com\/es\/wp-json\/wp\/v2\/types\/post"}],"author":[{"embeddable":true,"href":"https:\/\/vincentians.com\/es\/wp-json\/wp\/v2\/users\/5"}],"replies":[{"embeddable":true,"href":"https:\/\/vincentians.com\/es\/wp-json\/wp\/v2\/comments?post=39337"}],"version-history":[{"count":1,"href":"https:\/\/vincentians.com\/es\/wp-json\/wp\/v2\/posts\/39337\/revisions"}],"predecessor-version":[{"id":403057,"href":"https:\/\/vincentians.com\/es\/wp-json\/wp\/v2\/posts\/39337\/revisions\/403057"}],"wp:featuredmedia":[{"embeddable":true,"href":"https:\/\/vincentians.com\/es\/wp-json\/wp\/v2\/media\/391164"}],"wp:attachment":[{"href":"https:\/\/vincentians.com\/es\/wp-json\/wp\/v2\/media?parent=39337"}],"wp:term":[{"taxonomy":"category","embeddable":true,"href":"https:\/\/vincentians.com\/es\/wp-json\/wp\/v2\/categories?post=39337"},{"taxonomy":"post_tag","embeddable":true,"href":"https:\/\/vincentians.com\/es\/wp-json\/wp\/v2\/tags?post=39337"}],"curies":[{"name":"wp","href":"https:\/\/api.w.org\/{rel}","templated":true}]}}