{"id":39120,"date":"2011-06-25T02:55:29","date_gmt":"2011-06-25T00:55:29","guid":{"rendered":"http:\/\/somos.vicencianos.org\/blog\/2011\/06\/vida-de-san-vicente-de-paul-libro-tercero-capitulo-16\/"},"modified":"2016-07-26T17:24:46","modified_gmt":"2016-07-26T15:24:46","slug":"vida-de-san-vicente-de-paul-libro-tercero-capitulo-16","status":"publish","type":"post","link":"https:\/\/vincentians.com\/es\/vida-de-san-vicente-de-paul-libro-tercero-capitulo-16\/","title":{"rendered":"Vida de san Vicente de Pa\u00fal: Libro Tercero, Cap\u00edtulo 16"},"content":{"rendered":"<div id=\"attachment_28831\" style=\"width: 208px\" class=\"wp-caption alignright\"><a href=\"https:\/\/i0.wp.com\/vicencianos.org\/wp-content\/2011\/01\/abelly.jpg\"><img data-recalc-dims=\"1\" loading=\"lazy\" decoding=\"async\" aria-describedby=\"caption-attachment-28831\" class=\"size-medium wp-image-28831\" title=\"Luis Abelly\" src=\"https:\/\/i0.wp.com\/vicencianos.org\/wp-content\/2011\/01\/abelly-198x300.jpg?resize=198%2C300\" alt=\"Luis Abelly\" width=\"198\" height=\"300\" \/><\/a><p id=\"caption-attachment-28831\" class=\"wp-caption-text\">Luis Abelly<\/p><\/div>\n<p><strong>Prudencia<\/strong><\/p>\n<p>Unimos aqu\u00ed la prudencia a la sencillez, porque Nuestro Se\u00f1or Jesucristo las puso juntas en el Evangelio, cuando ense\u00f1aba a los Ap\u00f3stoles y, en persona de ellos, a todos los fieles, y particularmente, a los que deb\u00edan estar ocupados en la direcci\u00f3n de los dem\u00e1s: porque esas dos virtudes est\u00e1n tan conectadas entre s\u00ed, que la una sin la otra (como dice San Agust\u00edn) es poco o nada aprovechable, porque \u00abSimplicitas enim sine prudentia, stultitia reputatur; et prudentia sine simplicitate ad astutiam vergit\u00bb Idem ibidemla sencillez sin prudencia parece necedad, y la prudencia sin la sencillez degenera en astucia y sagacidad; y como es \u00abNon multum distat in vitio, vel decipere posse, vel decipi Christianum\u00bb. Hieron epist. 13 ad Paulinum de Inst. Monindigno de un cristiano usar de enga\u00f1o, tampoco le es conveniente dejarse sorprender y seducir por las artima\u00f1as de los malvados. Eso es lo que el Sr. Vicente sab\u00eda muy bien, y lo que ha practicado excelentemente, habiendo unido en su alma esas dos virtudes en un grado alt\u00edsimo de perfecci\u00f3n.<\/p>\n<p>Ya hemos visto en el Cap\u00edtulo anterior algunos esbozos de su sencillez; consideraremos en \u00e9ste algunos rasgos de su prudencia.<\/p>\n<p>Entre las otras virtudes del fiel Siervo de Dios, \u00e9sta se ha manifestado con tanto esplendor, que seg\u00fan el com\u00fan sentir, \u00e9l ha figurado como uno de los hombres m\u00e1s prudentes y de los m\u00e1s avisados de su tiempo. Esa era la causa por la que acud\u00edan donde \u00e9l en busca de consejo procedentes de todos los lados; por la que le rogaban que se presentara en las Asambleas, donde hab\u00eda que deliberar las cosas m\u00e1s importantes relacionadas con la Religi\u00f3n y la Piedad; y por la que se ve\u00eda, casi todos los d\u00edas, acercarse a San L\u00e1zaro a personas de todas las categor\u00edas, venidas expresamente para recibir sus consejos en sus dudas y dificultades. Los Sres. Nuncios Bagni y Piccolomini le hicieron el honor de venir varias veces a tratar con \u00e9l unos asuntos muy importantes para el bien de la Iglesia. Muchos eclesi\u00e1sticos, p\u00e1rrocos, can\u00f3nigos, abades y tambi\u00e9n bastantes Prelados de gran m\u00e9rito le han consultado muy frecuentemente por escrito, cuando no lo pod\u00edan hacer de viva voz. Tambi\u00e9n muchos Religiosos se han dirigido a \u00e9l para aconsejarse sobre las reformas y otros asuntos principales de sus Ordenes. Varias personas seglares, de condici\u00f3n y de virtud, que por otra parte eran estimadas como de las m\u00e1s prudentes y sensatas de la ciudad de Par\u00eds, no han tenido dificultad en venir a San L\u00e1zaro para recibir sus consejos. En fin, se puede afirmar cabalmente que, en su tiempo, no se trat\u00f3 en Par\u00eds ning\u00fan asunto piadoso, que fuera de alguna importancia, en el que no haya tomado parte; y tambi\u00e9n, con frecuencia, en los asuntos que se trataban en otras Provincias, pues le consultaban por carta acerca de ellos.<\/p>\n<p>Y, ciertamente, no sin raz\u00f3n hab\u00edan concebido tal aprecio del Sr. Vicente, porque adem\u00e1s de que estaba dotado con una inteligencia muy despejada y capaz de grandes cosas, como ya lo hemos hecho notar en el primer Libro, hab\u00eda recibido, por a\u00f1adidura, de Dios diversas luces y gracias particulares, que daban un maravilloso aumento a su prudencia adquirida, y que atra\u00edan la bendici\u00f3n del cielo sobre los consejos que daba a quienes acud\u00edan a \u00e9l.<\/p>\n<p>Pero antes de presentar unos ejemplos m\u00e1s particulares de su prudencia, no estar\u00e1 fuera de lugar que le oigamos a \u00e9l mismo hablar acerca de esta virtud, y nos trace los rasgos de ella, tales como el Esp\u00edritu Santo los hab\u00eda formado en su alma.<\/p>\n<p>Fue en una charla que dio un d\u00eda a los suyos acerca de este tema, donde les habl\u00f3 de la prudencia en estos t\u00e9rminos: <em>\u00abLo propio de esta virtud es regular y controlar las palabras y los actos. Es ella la que hace hablar prudentemente y al caso, y la que hace que se converse con circunspecci\u00f3n y juiciosamente de las cosas buenas por su naturaleza y en sus circunstancias, y la que hace suprimir y retener en silencio las que van contra Dios, o que da\u00f1an al pr\u00f3jimo, o que tienden a la propia alabanza, o a alg\u00fan otro fin malo. Esta misma virtud nos hace obrar con consideraci\u00f3n, madurez y por un motivo bueno, en todo lo que hacemos, no solamente en cuanto a la sustancia del acto, sino tambi\u00e9n en cuanto a las circunstancias, de forma que el prudente obra como se debe, cuando hace falta y por el fin conveniente. El imprudente, por el contrario, no tiene en cuenta ni el modo, ni el tiempo, ni los motivos convenientes; y ah\u00ed est\u00e1 su defecto, mientras que el prudente, al obrar discretamente, hace todas las cosas con peso, n\u00famero y medida\u00bb.<\/em><\/p>\n<p><em>\u00abLa prudencia y la sencillez tienden al mismo fin, que es hablar bien y obrar bien en presencia de Dios; y como la una no puede estar sin la otra, Nuestro Se\u00f1or las ha recomendado juntas a las dos. S\u00e9 muy bien que encontrar\u00e1n diferencia entre estas dos virtudes, por distinci\u00f3n de razonamiento, pero, en verdad, hay entre ellas un grand\u00edsimo nexo, tanto por su sustancia, como por su objeto. Por lo que toca a la prudencia de la carne y del mundo, como ella tiene por blanco y por fin la b\u00fasqueda de honores, de placeres y de riquezas, es totalmente opuesta a la prudencia y a la sencillez cristiana, que nos alejan de esos bienes enga\u00f1osos para hacernos abrazar los bienes s\u00f3lidos y perdurables, y son como dos buenas hermanas, y tan necesarias para nuestro progreso espiritual, que el que sepa servirse de ellas como conviene, amontonar\u00e1 indudablemente grandes tesoros de gracias y m\u00e9ritos. Nuestro Se\u00f1or practic\u00f3 las dos excelentemente en varias circunstancias, y, en particular, cuando le presentaron aquella pobre mujer ad\u00faltera, para que la condenara; porque, como no quer\u00eda hacer el oficio de juez en aquella ocasi\u00f3n, y tampoco la quer\u00eda liberar: El que est\u00e9 \u2014<\/em>dijo a los jud\u00edos<em>\u2014 sin pecado de entre vosotros, que le tire la primera piedra. En eso practic\u00f3 excelentemente las dos virtudes: la sencillez en el plan misericordioso que ten\u00eda de salvar a aquella pobre criatura, y de hacer la voluntad de su Padre; y la prudencia, en el medio que emple\u00f3 para lograr su buen prop\u00f3sito. Igualmente, cuando los fariseos lo tentaron, pregunt\u00e1ndole, si era l\u00edcito pagar tributo al C\u00e9sar, porque, por un lado, \u00e9l quer\u00eda mantener el honor de su Padre y no causar ning\u00fan perjuicio a su pueblo; y, por otro, no quer\u00eda oponerse a los derechos del C\u00e9sar, ni tampoco dar pretextos a sus enemigos, para que dijeran que favorec\u00eda los tributos y los monopolios. Entonces, \u00bfqu\u00e9 es lo que les responder\u00e1 para no decir nada fuera de prop\u00f3sito, y para evitar toda sorpresa? Pide que le ense\u00f1en la moneda del tributo, y enter\u00e1ndose por la boca misma de los que se la presentaban, que era la imagen del C\u00e9sar la que estaba grabada, les dijo: Pues dad al C\u00e9sar lo que es del C\u00e9sar, y a Dios lo que es de Dios. La sencillez aparece en esta respuesta por la relaci\u00f3n que existe entre ella y la intenci\u00f3n, que Jesucristo ten\u00eda en su coraz\u00f3n, de dar al Rey del Cielo y al de la tierra el honor que les conviene; y la prudencia tambi\u00e9n se encuentra en ella, haci\u00e9ndole evitar sabiamente la trampa, que aquellos malvados le tend\u00edan para sorprenderle\u00bb.<\/em><\/p>\n<p><em>\u00abEs, pues, propio de la prudencia regular las palabras y las acciones. Pero a\u00fan tiene otro oficio, que es el de elegir los medios apropiados para llegar al fin, que uno se propone, que no es otro que ir a Dios; ella escoge los caminos m\u00e1s rectos y m\u00e1s seguros que conducirnos all\u00ed. No hablamos aqu\u00ed de la prudencia pol\u00edtica y mundana, que s\u00f3lo tiende a resultados temporales, y, a veces, injustos, y s\u00f3lo se sirve de medios humanos muy dudosos y muy inciertos. Hablamos de la santa prudencia, que Nuestro Se\u00f1or aconseja en el Evangelio, y que nos hace elegir los medios propios para llegar al fin propuesto por El, que, como es divino, es preciso que esos medios sean proporcionados y est\u00e9n en relaci\u00f3n con \u00e9l. Podemos elegir los medios proporcionados al fin que nos proponemos de dos maneras: o por s\u00f3lo nuestro raciocinio, que muchas veces es d\u00e9bil; o bien, por las m\u00e1ximas de la fe, que Jesucristo nos ense\u00f1\u00f3, las cuales son siempre infalibles, y que podemos usar sin temor alguno de enga\u00f1arnos. Por eso, la verdadera prudencia somete nuestro razonamiento a esas m\u00e1ximas y nos da por regla inviolable juzgar siempre de todas las cosas como Nuestro Se\u00f1or ha juzgado de ellas; de forma que siempre podemos preguntarnos a nosotros mismos: \u00bfC\u00f3mo juzg\u00f3 Nuestro Se\u00f1or de tal y tal cosa? \u00bfC\u00f3mo se port\u00f3 en tal o cual circunstancia? \u00bfQu\u00e9 dijo y qu\u00e9 hizo en tal o cual materia? Y as\u00ed adaptamos toda nuestra conducta seg\u00fan sus m\u00e1ximas y sus ejemplos. As\u00ed que, se\u00f1ores, tomemos esta resoluci\u00f3n, y vayamos seguros por el camino real en el que Jesucristo ser\u00e1 nuestra gu\u00eda y nuestro conductor; y acord\u00e9monos de lo que dijo, que el cielo y la tierra pasar\u00e1n pero sus pa labras y sus verdades no pasar\u00e1n jam\u00e1s\u00bb.<\/em><\/p>\n<p><em>\u00abBendigamos a Nuestro Se\u00f1or, Hermanos m\u00edos, y tratemos de pensar y juzgar como El, y de hacer lo que El recomend\u00f3 con sus palabras y con sus ejemplos. Entremos en su esp\u00edritu para entrar en sus operaciones, porque no es todo hacer bien, sino hacer bien el bien a imitaci\u00f3n de Nuestro Se\u00f1or, de quien se dijo: Bene omnia fecit. Que hizo bien todo. No, no basta con ayunar, con observar las Reglas, con ocuparse en las funciones de la Misi\u00f3n; sino que hay que hacerlo en el esp\u00edritu de Jesucristo, es decir, con perfecci\u00f3n, por los fines y con las circunstancias que El mismo la hizo. La prudencia cristiana consiste, pues, en juzgar, hablar y obrar, como la Sabidur\u00eda eterna de Dios, revestida de nuestra carne, ha juzgado y obrado\u00bb.<\/em><\/p>\n<p>He ah\u00ed cu\u00e1les eran los sentimientos del Sr. Vicente relativos a la virtud de la prudencia, y he aqu\u00ed cu\u00e1l ha sido el uso que ha hecho de ellos. En primer lugar, cuando se trataba de deliberar sobre alg\u00fan asunto, o de dar alg\u00fan consejo o soluci\u00f3n, antes de abrir la boca para hablar, e, incluso, antes de ponerse a pensar en las cosas que le propon\u00edan, elevaba siempre su esp\u00edritu a Dios para implorar su luz y su gracia: en ese momento se le ve\u00eda de ordinario levantar los ojos al cielo, y, despu\u00e9s, los ten\u00eda cerrados por alg\u00fan tiempo, como consultando a Dios antes de responder. Si se trataba de alg\u00fan asunto importante, quer\u00eda siempre que se tomara el tiempo para encomendarlo a Dios y para invocar la ayuda del Esp\u00edritu Santo, y como \u00e9l se apoyaba \u00fanicamente en la Sabidur\u00eda Divina, y no en la prudencia particular, tambi\u00e9n recib\u00eda del cielo gracias y luces, que, a veces, le ayudaban a descubrir cosas, que el esp\u00edritu humano, a solas, no hubiera sabido nunca penetrar. Dec\u00eda, a este prop\u00f3sito, que donde la prudencia humana fallaba y no ve\u00eda nada, all\u00ed empezaba a asomar la luz de la Sabidur\u00eda Divin.<\/p>\n<p>Cierta persona le pidi\u00f3 un consejo: si deb\u00eda retirarse de un empleo, para poder dedicarse sol\u00edcitamente a su salvaci\u00f3n. Le respondi\u00f3 que no deb\u00eda escuchar ese pensamiento, y que se trataba s\u00f3lo de una tentaci\u00f3n. Como fuera importunado, por tres veces, por la misma persona, para dejar su empleo, le respondi\u00f3 siempre, que se trataba de una tentaci\u00f3n, y que si quer\u00eda tener un poco de paciencia y resistirla con un poco de \u00e1nimo, saldr\u00eda de ella victorioso. Y en efecto: despu\u00e9s de haber seguido su consejo, ha reconocido y confesado m\u00e1s tarde, que era el esp\u00edritu maligno el que le tentaba, al cual se hab\u00eda resistido; y habi\u00e9ndose sometido al parecer del Sr. Vicente, todas sus penas se desvanecieron.<\/p>\n<p>Una Se\u00f1ora de condici\u00f3n hab\u00eda abrazado un estado de vida contra el parecer del Sr. Vicente, y se vio obligada, unos meses m\u00e1s tarde, a abandonarlo, y reconoci\u00f3 cabalmente, que hubiera hecho mucho mejor, si se hubiera atenido a los consejos de un hombre tan sabio y tan inteligente.<\/p>\n<p>Su prudencia llegaba hasta una previsi\u00f3n singular\u00edsima de las cosas que deb\u00edan suceder. De modo que cuando le propon\u00edan alg\u00fan asunto que parec\u00eda bueno, \u00fatil y, en cierto modo, necesario, su esp\u00edritu vislumbraba el futuro, y preve\u00eda las consecuencias y los inconvenientes. Eso es lo que ha sucedido en varias ocasiones: en ellas hizo conocer la fuerza de su esp\u00edritu y las luces con las que estaba iluminado; y donde los dem\u00e1s no ve\u00edan ninguna dificultad, su prudencia le hac\u00eda prever varias y juzgar de antemano lo que era m\u00e1s conveniente hacer, o no hacer.<\/p>\n","protected":false},"excerpt":{"rendered":"<p>Prudencia Unimos aqu\u00ed la prudencia a la sencillez, porque Nuestro Se\u00f1or Jesucristo las puso juntas en el Evangelio, cuando ense\u00f1aba a los Ap\u00f3stoles y, en persona de ellos, a todos los fieles, y particularmente, a &#8230; <a href=\"https:\/\/vincentians.com\/es\/vida-de-san-vicente-de-paul-libro-tercero-capitulo-16\/\" class=\"more-link\">Read More<\/a><\/p>\n","protected":false},"author":4,"featured_media":149583,"comment_status":"open","ping_status":"open","sticky":false,"template":"","format":"standard","meta":{"jetpack_post_was_ever_published":false,"_jetpack_newsletter_access":"","_jetpack_dont_email_post_to_subs":false,"_jetpack_newsletter_tier_id":0,"_jetpack_memberships_contains_paywalled_content":false,"_jetpack_memberships_contains_paid_content":false,"footnotes":"","jetpack_publicize_message":"","jetpack_publicize_feature_enabled":true,"jetpack_social_post_already_shared":true,"jetpack_social_options":{"image_generator_settings":{"template":"highway","default_image_id":0,"font":"","enabled":false},"version":2}},"categories":[266,5],"tags":[218,143],"class_list":["post-39120","post","type-post","status-publish","format-standard","has-post-thumbnail","hentry","category-escritos-de-luis-abelly","category-vicente-de-paul","tag-abelly","tag-san-lazaro"],"yoast_head":"<!-- This site is optimized with the Yoast SEO plugin v26.3 - https:\/\/yoast.com\/wordpress\/plugins\/seo\/ -->\n<title>Vida de san Vicente de Pa\u00fal: Libro Tercero, Cap\u00edtulo 16 - Somos Vicencianos<\/title>\n<meta name=\"robots\" content=\"index, follow, max-snippet:-1, max-image-preview:large, max-video-preview:-1\" \/>\n<link rel=\"canonical\" href=\"https:\/\/vincentians.com\/es\/vida-de-san-vicente-de-paul-libro-tercero-capitulo-16\/\" \/>\n<meta property=\"og:locale\" content=\"es_ES\" \/>\n<meta property=\"og:type\" content=\"article\" \/>\n<meta property=\"og:title\" content=\"Vida de san Vicente de Pa\u00fal: Libro Tercero, Cap\u00edtulo 16 - Somos Vicencianos\" \/>\n<meta property=\"og:description\" content=\"Prudencia Unimos aqu\u00ed la prudencia a la sencillez, porque Nuestro Se\u00f1or Jesucristo las puso juntas en el Evangelio, cuando ense\u00f1aba a los Ap\u00f3stoles y, en persona de ellos, a todos los fieles, y particularmente, a ... Read More\" \/>\n<meta property=\"og:url\" content=\"https:\/\/vincentians.com\/es\/vida-de-san-vicente-de-paul-libro-tercero-capitulo-16\/\" \/>\n<meta property=\"og:site_name\" content=\"Somos Vicencianos\" \/>\n<meta property=\"article:publisher\" content=\"https:\/\/www.facebook.com\/WeAreVincentians\/\" \/>\n<meta property=\"article:author\" content=\"https:\/\/www.facebook.com\/JavierChento\" \/>\n<meta property=\"article:published_time\" content=\"2011-06-25T00:55:29+00:00\" \/>\n<meta property=\"article:modified_time\" content=\"2016-07-26T15:24:46+00:00\" \/>\n<meta property=\"og:image\" content=\"https:\/\/i0.wp.com\/vincentians.com\/es\/wp-content\/uploads\/sites\/11\/2016\/07\/abelly-feat.jpg?fit=1200%2C630&ssl=1\" \/>\n\t<meta property=\"og:image:width\" content=\"1200\" \/>\n\t<meta property=\"og:image:height\" content=\"630\" \/>\n\t<meta property=\"og:image:type\" content=\"image\/jpeg\" \/>\n<meta name=\"author\" content=\"Francisco Javier Fern\u00e1ndez Chento\" \/>\n<meta name=\"twitter:card\" content=\"summary_large_image\" \/>\n<meta name=\"twitter:creator\" content=\"@https:\/\/twitter.com\/javierchento\" \/>\n<meta name=\"twitter:site\" content=\"@WeVincentians\" \/>\n<meta name=\"twitter:label1\" content=\"Escrito por\" \/>\n\t<meta name=\"twitter:data1\" content=\"Francisco Javier Fern\u00e1ndez Chento\" \/>\n\t<meta name=\"twitter:label2\" content=\"Tiempo de lectura\" \/>\n\t<meta name=\"twitter:data2\" content=\"12 minutos\" \/>\n<script type=\"application\/ld+json\" class=\"yoast-schema-graph\">{\"@context\":\"https:\/\/schema.org\",\"@graph\":[{\"@type\":\"Article\",\"@id\":\"https:\/\/vincentians.com\/es\/vida-de-san-vicente-de-paul-libro-tercero-capitulo-16\/#article\",\"isPartOf\":{\"@id\":\"https:\/\/vincentians.com\/es\/vida-de-san-vicente-de-paul-libro-tercero-capitulo-16\/\"},\"author\":{\"name\":\"Francisco Javier Fern\u00e1ndez Chento\",\"@id\":\"https:\/\/vincentians.com\/es\/#\/schema\/person\/9623ef4d9aa3b2dfb8c061f1499288f2\"},\"headline\":\"Vida de san Vicente de Pa\u00fal: Libro Tercero, Cap\u00edtulo 16\",\"datePublished\":\"2011-06-25T00:55:29+00:00\",\"dateModified\":\"2016-07-26T15:24:46+00:00\",\"mainEntityOfPage\":{\"@id\":\"https:\/\/vincentians.com\/es\/vida-de-san-vicente-de-paul-libro-tercero-capitulo-16\/\"},\"wordCount\":2334,\"commentCount\":0,\"publisher\":{\"@id\":\"https:\/\/vincentians.com\/es\/#organization\"},\"image\":{\"@id\":\"https:\/\/vincentians.com\/es\/vida-de-san-vicente-de-paul-libro-tercero-capitulo-16\/#primaryimage\"},\"thumbnailUrl\":\"https:\/\/i0.wp.com\/vincentians.com\/es\/wp-content\/uploads\/sites\/11\/2016\/07\/abelly-feat.jpg?fit=1200%2C630&ssl=1\",\"keywords\":[\"Abelly\",\"San L\u00e1zaro\"],\"articleSection\":[\"Escritos de Luis Abelly\",\"Vicente de Pa\u00fal\"],\"inLanguage\":\"es\",\"potentialAction\":[{\"@type\":\"CommentAction\",\"name\":\"Comment\",\"target\":[\"https:\/\/vincentians.com\/es\/vida-de-san-vicente-de-paul-libro-tercero-capitulo-16\/#respond\"]}]},{\"@type\":\"WebPage\",\"@id\":\"https:\/\/vincentians.com\/es\/vida-de-san-vicente-de-paul-libro-tercero-capitulo-16\/\",\"url\":\"https:\/\/vincentians.com\/es\/vida-de-san-vicente-de-paul-libro-tercero-capitulo-16\/\",\"name\":\"Vida de san Vicente de Pa\u00fal: Libro Tercero, Cap\u00edtulo 16 - Somos Vicencianos\",\"isPartOf\":{\"@id\":\"https:\/\/vincentians.com\/es\/#website\"},\"primaryImageOfPage\":{\"@id\":\"https:\/\/vincentians.com\/es\/vida-de-san-vicente-de-paul-libro-tercero-capitulo-16\/#primaryimage\"},\"image\":{\"@id\":\"https:\/\/vincentians.com\/es\/vida-de-san-vicente-de-paul-libro-tercero-capitulo-16\/#primaryimage\"},\"thumbnailUrl\":\"https:\/\/i0.wp.com\/vincentians.com\/es\/wp-content\/uploads\/sites\/11\/2016\/07\/abelly-feat.jpg?fit=1200%2C630&ssl=1\",\"datePublished\":\"2011-06-25T00:55:29+00:00\",\"dateModified\":\"2016-07-26T15:24:46+00:00\",\"breadcrumb\":{\"@id\":\"https:\/\/vincentians.com\/es\/vida-de-san-vicente-de-paul-libro-tercero-capitulo-16\/#breadcrumb\"},\"inLanguage\":\"es\",\"potentialAction\":[{\"@type\":\"ReadAction\",\"target\":[\"https:\/\/vincentians.com\/es\/vida-de-san-vicente-de-paul-libro-tercero-capitulo-16\/\"]}]},{\"@type\":\"ImageObject\",\"inLanguage\":\"es\",\"@id\":\"https:\/\/vincentians.com\/es\/vida-de-san-vicente-de-paul-libro-tercero-capitulo-16\/#primaryimage\",\"url\":\"https:\/\/i0.wp.com\/vincentians.com\/es\/wp-content\/uploads\/sites\/11\/2016\/07\/abelly-feat.jpg?fit=1200%2C630&ssl=1\",\"contentUrl\":\"https:\/\/i0.wp.com\/vincentians.com\/es\/wp-content\/uploads\/sites\/11\/2016\/07\/abelly-feat.jpg?fit=1200%2C630&ssl=1\",\"width\":1200,\"height\":630},{\"@type\":\"BreadcrumbList\",\"@id\":\"https:\/\/vincentians.com\/es\/vida-de-san-vicente-de-paul-libro-tercero-capitulo-16\/#breadcrumb\",\"itemListElement\":[{\"@type\":\"ListItem\",\"position\":1,\"name\":\"Portada\",\"item\":\"https:\/\/vincentians.com\/es\/\"},{\"@type\":\"ListItem\",\"position\":2,\"name\":\"Vida de san Vicente de Pa\u00fal: Libro Tercero, Cap\u00edtulo 16\"}]},{\"@type\":\"WebSite\",\"@id\":\"https:\/\/vincentians.com\/es\/#website\",\"url\":\"https:\/\/vincentians.com\/es\/\",\"name\":\"Somos Vicencianos\",\"description\":\"Know more to serve more\",\"publisher\":{\"@id\":\"https:\/\/vincentians.com\/es\/#organization\"},\"potentialAction\":[{\"@type\":\"SearchAction\",\"target\":{\"@type\":\"EntryPoint\",\"urlTemplate\":\"https:\/\/vincentians.com\/es\/?s={search_term_string}\"},\"query-input\":{\"@type\":\"PropertyValueSpecification\",\"valueRequired\":true,\"valueName\":\"search_term_string\"}}],\"inLanguage\":\"es\"},{\"@type\":\"Organization\",\"@id\":\"https:\/\/vincentians.com\/es\/#organization\",\"name\":\"The Vincentian Network\",\"url\":\"https:\/\/vincentians.com\/es\/\",\"logo\":{\"@type\":\"ImageObject\",\"inLanguage\":\"es\",\"@id\":\"https:\/\/vincentians.com\/es\/#\/schema\/logo\/image\/\",\"url\":\"https:\/\/i1.wp.com\/vincentians.com\/es\/wp-content\/uploads\/sites\/11\/2016\/06\/Vincentian-Network-logo-big.png?fit=778%2C778\",\"contentUrl\":\"https:\/\/i1.wp.com\/vincentians.com\/es\/wp-content\/uploads\/sites\/11\/2016\/06\/Vincentian-Network-logo-big.png?fit=778%2C778\",\"width\":778,\"height\":778,\"caption\":\"The Vincentian Network\"},\"image\":{\"@id\":\"https:\/\/vincentians.com\/es\/#\/schema\/logo\/image\/\"},\"sameAs\":[\"https:\/\/www.facebook.com\/WeAreVincentians\/\",\"https:\/\/x.com\/WeVincentians\"]},{\"@type\":\"Person\",\"@id\":\"https:\/\/vincentians.com\/es\/#\/schema\/person\/9623ef4d9aa3b2dfb8c061f1499288f2\",\"name\":\"Francisco Javier Fern\u00e1ndez Chento\",\"image\":{\"@type\":\"ImageObject\",\"inLanguage\":\"es\",\"@id\":\"https:\/\/vincentians.com\/es\/#\/schema\/person\/image\/\",\"url\":\"https:\/\/secure.gravatar.com\/avatar\/497d5cde87b4c3d097d0315953521681ba2cd523ee66e5077c3711f7021e65de?s=96&d=mm&r=g\",\"contentUrl\":\"https:\/\/secure.gravatar.com\/avatar\/497d5cde87b4c3d097d0315953521681ba2cd523ee66e5077c3711f7021e65de?s=96&d=mm&r=g\",\"caption\":\"Francisco Javier Fern\u00e1ndez Chento\"},\"description\":\"Director General y cofundador de La Red de Formaci\u00f3n Vicenciana. Javier es laico vicenciano, afiliado a la Congregaci\u00f3n de la Misi\u00f3n y miembro del Equipo de Misiones Populares de la provincia can\u00f3nica de Zaragoza (Espa\u00f1a) de la Congregaci\u00f3n de la Misi\u00f3n. Graduado en la Universidad Oberta de Catalunya con cuatro grados (Asistente de direcci\u00f3n, Gesti\u00f3n Administrativa, Recursos Humanos y Contabilidad Avanzada). Bil\u00edng\u00fce Espa\u00f1ol\/Ingl\u00e9s. gestiona y mantiene varias p\u00e1ginas web cristianas y vicencianas, incluida including La Red de Formaci\u00f3n Vicenciana, de la que es cofundador. Actualmente es responsable del \u00e1rea de Espa\u00f1ol de .famvin, la Red de Noticias de la Familia Vicenciana. Tambi\u00e9n es m\u00fasico cat\u00f3lico y ha editado varios discos. Es Director General y cofundador de Trovador, una reconocida compa\u00f1\u00eda discogr\u00e1fica critiana de Espa\u00f1a. Trabaja en las Tecnolog\u00edas de la Informaci\u00f3n, ofreciendo servicios de alojamiento, dise\u00f1o y mantenimiento Web, as\u00ed como asesoramiento, formaci\u00f3n y soluciones inform\u00e1ticas, gesti\u00f3n documental y digitalizaci\u00f3n de textos, edici\u00f3n y maquetaci\u00f3n de libros, revistas, flyers, etc.\",\"sameAs\":[\"http:\/\/chento.org\",\"https:\/\/www.facebook.com\/JavierChento\",\"https:\/\/x.com\/https:\/\/twitter.com\/javierchento\"],\"url\":\"https:\/\/vincentians.com\/es\/author\/chento\/\"}]}<\/script>\n<!-- \/ Yoast SEO plugin. -->","yoast_head_json":{"title":"Vida de san Vicente de Pa\u00fal: Libro Tercero, Cap\u00edtulo 16 - Somos Vicencianos","robots":{"index":"index","follow":"follow","max-snippet":"max-snippet:-1","max-image-preview":"max-image-preview:large","max-video-preview":"max-video-preview:-1"},"canonical":"https:\/\/vincentians.com\/es\/vida-de-san-vicente-de-paul-libro-tercero-capitulo-16\/","og_locale":"es_ES","og_type":"article","og_title":"Vida de san Vicente de Pa\u00fal: Libro Tercero, Cap\u00edtulo 16 - Somos Vicencianos","og_description":"Prudencia Unimos aqu\u00ed la prudencia a la sencillez, porque Nuestro Se\u00f1or Jesucristo las puso juntas en el Evangelio, cuando ense\u00f1aba a los Ap\u00f3stoles y, en persona de ellos, a todos los fieles, y particularmente, a ... Read More","og_url":"https:\/\/vincentians.com\/es\/vida-de-san-vicente-de-paul-libro-tercero-capitulo-16\/","og_site_name":"Somos Vicencianos","article_publisher":"https:\/\/www.facebook.com\/WeAreVincentians\/","article_author":"https:\/\/www.facebook.com\/JavierChento","article_published_time":"2011-06-25T00:55:29+00:00","article_modified_time":"2016-07-26T15:24:46+00:00","og_image":[{"width":1200,"height":630,"url":"https:\/\/i0.wp.com\/vincentians.com\/es\/wp-content\/uploads\/sites\/11\/2016\/07\/abelly-feat.jpg?fit=1200%2C630&ssl=1","type":"image\/jpeg"}],"author":"Francisco Javier Fern\u00e1ndez Chento","twitter_card":"summary_large_image","twitter_creator":"@https:\/\/twitter.com\/javierchento","twitter_site":"@WeVincentians","twitter_misc":{"Escrito por":"Francisco Javier Fern\u00e1ndez Chento","Tiempo de lectura":"12 minutos"},"schema":{"@context":"https:\/\/schema.org","@graph":[{"@type":"Article","@id":"https:\/\/vincentians.com\/es\/vida-de-san-vicente-de-paul-libro-tercero-capitulo-16\/#article","isPartOf":{"@id":"https:\/\/vincentians.com\/es\/vida-de-san-vicente-de-paul-libro-tercero-capitulo-16\/"},"author":{"name":"Francisco Javier Fern\u00e1ndez Chento","@id":"https:\/\/vincentians.com\/es\/#\/schema\/person\/9623ef4d9aa3b2dfb8c061f1499288f2"},"headline":"Vida de san Vicente de Pa\u00fal: Libro Tercero, Cap\u00edtulo 16","datePublished":"2011-06-25T00:55:29+00:00","dateModified":"2016-07-26T15:24:46+00:00","mainEntityOfPage":{"@id":"https:\/\/vincentians.com\/es\/vida-de-san-vicente-de-paul-libro-tercero-capitulo-16\/"},"wordCount":2334,"commentCount":0,"publisher":{"@id":"https:\/\/vincentians.com\/es\/#organization"},"image":{"@id":"https:\/\/vincentians.com\/es\/vida-de-san-vicente-de-paul-libro-tercero-capitulo-16\/#primaryimage"},"thumbnailUrl":"https:\/\/i0.wp.com\/vincentians.com\/es\/wp-content\/uploads\/sites\/11\/2016\/07\/abelly-feat.jpg?fit=1200%2C630&ssl=1","keywords":["Abelly","San L\u00e1zaro"],"articleSection":["Escritos de Luis Abelly","Vicente de Pa\u00fal"],"inLanguage":"es","potentialAction":[{"@type":"CommentAction","name":"Comment","target":["https:\/\/vincentians.com\/es\/vida-de-san-vicente-de-paul-libro-tercero-capitulo-16\/#respond"]}]},{"@type":"WebPage","@id":"https:\/\/vincentians.com\/es\/vida-de-san-vicente-de-paul-libro-tercero-capitulo-16\/","url":"https:\/\/vincentians.com\/es\/vida-de-san-vicente-de-paul-libro-tercero-capitulo-16\/","name":"Vida de san Vicente de Pa\u00fal: Libro Tercero, Cap\u00edtulo 16 - Somos Vicencianos","isPartOf":{"@id":"https:\/\/vincentians.com\/es\/#website"},"primaryImageOfPage":{"@id":"https:\/\/vincentians.com\/es\/vida-de-san-vicente-de-paul-libro-tercero-capitulo-16\/#primaryimage"},"image":{"@id":"https:\/\/vincentians.com\/es\/vida-de-san-vicente-de-paul-libro-tercero-capitulo-16\/#primaryimage"},"thumbnailUrl":"https:\/\/i0.wp.com\/vincentians.com\/es\/wp-content\/uploads\/sites\/11\/2016\/07\/abelly-feat.jpg?fit=1200%2C630&ssl=1","datePublished":"2011-06-25T00:55:29+00:00","dateModified":"2016-07-26T15:24:46+00:00","breadcrumb":{"@id":"https:\/\/vincentians.com\/es\/vida-de-san-vicente-de-paul-libro-tercero-capitulo-16\/#breadcrumb"},"inLanguage":"es","potentialAction":[{"@type":"ReadAction","target":["https:\/\/vincentians.com\/es\/vida-de-san-vicente-de-paul-libro-tercero-capitulo-16\/"]}]},{"@type":"ImageObject","inLanguage":"es","@id":"https:\/\/vincentians.com\/es\/vida-de-san-vicente-de-paul-libro-tercero-capitulo-16\/#primaryimage","url":"https:\/\/i0.wp.com\/vincentians.com\/es\/wp-content\/uploads\/sites\/11\/2016\/07\/abelly-feat.jpg?fit=1200%2C630&ssl=1","contentUrl":"https:\/\/i0.wp.com\/vincentians.com\/es\/wp-content\/uploads\/sites\/11\/2016\/07\/abelly-feat.jpg?fit=1200%2C630&ssl=1","width":1200,"height":630},{"@type":"BreadcrumbList","@id":"https:\/\/vincentians.com\/es\/vida-de-san-vicente-de-paul-libro-tercero-capitulo-16\/#breadcrumb","itemListElement":[{"@type":"ListItem","position":1,"name":"Portada","item":"https:\/\/vincentians.com\/es\/"},{"@type":"ListItem","position":2,"name":"Vida de san Vicente de Pa\u00fal: Libro Tercero, Cap\u00edtulo 16"}]},{"@type":"WebSite","@id":"https:\/\/vincentians.com\/es\/#website","url":"https:\/\/vincentians.com\/es\/","name":"Somos Vicencianos","description":"Know more to serve more","publisher":{"@id":"https:\/\/vincentians.com\/es\/#organization"},"potentialAction":[{"@type":"SearchAction","target":{"@type":"EntryPoint","urlTemplate":"https:\/\/vincentians.com\/es\/?s={search_term_string}"},"query-input":{"@type":"PropertyValueSpecification","valueRequired":true,"valueName":"search_term_string"}}],"inLanguage":"es"},{"@type":"Organization","@id":"https:\/\/vincentians.com\/es\/#organization","name":"The Vincentian Network","url":"https:\/\/vincentians.com\/es\/","logo":{"@type":"ImageObject","inLanguage":"es","@id":"https:\/\/vincentians.com\/es\/#\/schema\/logo\/image\/","url":"https:\/\/i1.wp.com\/vincentians.com\/es\/wp-content\/uploads\/sites\/11\/2016\/06\/Vincentian-Network-logo-big.png?fit=778%2C778","contentUrl":"https:\/\/i1.wp.com\/vincentians.com\/es\/wp-content\/uploads\/sites\/11\/2016\/06\/Vincentian-Network-logo-big.png?fit=778%2C778","width":778,"height":778,"caption":"The Vincentian Network"},"image":{"@id":"https:\/\/vincentians.com\/es\/#\/schema\/logo\/image\/"},"sameAs":["https:\/\/www.facebook.com\/WeAreVincentians\/","https:\/\/x.com\/WeVincentians"]},{"@type":"Person","@id":"https:\/\/vincentians.com\/es\/#\/schema\/person\/9623ef4d9aa3b2dfb8c061f1499288f2","name":"Francisco Javier Fern\u00e1ndez Chento","image":{"@type":"ImageObject","inLanguage":"es","@id":"https:\/\/vincentians.com\/es\/#\/schema\/person\/image\/","url":"https:\/\/secure.gravatar.com\/avatar\/497d5cde87b4c3d097d0315953521681ba2cd523ee66e5077c3711f7021e65de?s=96&d=mm&r=g","contentUrl":"https:\/\/secure.gravatar.com\/avatar\/497d5cde87b4c3d097d0315953521681ba2cd523ee66e5077c3711f7021e65de?s=96&d=mm&r=g","caption":"Francisco Javier Fern\u00e1ndez Chento"},"description":"Director General y cofundador de La Red de Formaci\u00f3n Vicenciana. Javier es laico vicenciano, afiliado a la Congregaci\u00f3n de la Misi\u00f3n y miembro del Equipo de Misiones Populares de la provincia can\u00f3nica de Zaragoza (Espa\u00f1a) de la Congregaci\u00f3n de la Misi\u00f3n. Graduado en la Universidad Oberta de Catalunya con cuatro grados (Asistente de direcci\u00f3n, Gesti\u00f3n Administrativa, Recursos Humanos y Contabilidad Avanzada). Bil\u00edng\u00fce Espa\u00f1ol\/Ingl\u00e9s. gestiona y mantiene varias p\u00e1ginas web cristianas y vicencianas, incluida including La Red de Formaci\u00f3n Vicenciana, de la que es cofundador. Actualmente es responsable del \u00e1rea de Espa\u00f1ol de .famvin, la Red de Noticias de la Familia Vicenciana. Tambi\u00e9n es m\u00fasico cat\u00f3lico y ha editado varios discos. Es Director General y cofundador de Trovador, una reconocida compa\u00f1\u00eda discogr\u00e1fica critiana de Espa\u00f1a. Trabaja en las Tecnolog\u00edas de la Informaci\u00f3n, ofreciendo servicios de alojamiento, dise\u00f1o y mantenimiento Web, as\u00ed como asesoramiento, formaci\u00f3n y soluciones inform\u00e1ticas, gesti\u00f3n documental y digitalizaci\u00f3n de textos, edici\u00f3n y maquetaci\u00f3n de libros, revistas, flyers, etc.","sameAs":["http:\/\/chento.org","https:\/\/www.facebook.com\/JavierChento","https:\/\/x.com\/https:\/\/twitter.com\/javierchento"],"url":"https:\/\/vincentians.com\/es\/author\/chento\/"}]}},"jetpack_publicize_connections":[],"jetpack_featured_media_url":"https:\/\/i0.wp.com\/vincentians.com\/es\/wp-content\/uploads\/sites\/11\/2016\/07\/abelly-feat.jpg?fit=1200%2C630&ssl=1","jetpack_sharing_enabled":true,"jetpack_shortlink":"https:\/\/wp.me\/p7ETMF-aaY","jetpack-related-posts":[{"id":117999,"url":"https:\/\/vincentians.com\/es\/la-sencillez-es-mi-evangelio\/","url_meta":{"origin":39120,"position":0},"title":"La sencillez es mi evangelio","author":"Francisco Javier Fern\u00e1ndez Chento","date":"27\/05\/2015","format":false,"excerpt":"Lo que significa la virtud de la sencillez 1) En castellano, tenemos una serie de t\u00e9rminos que,\u00a0 a pesar de la ra\u00edz com\u00fan, el uso ha ido diversificando el significado. \u00a0Tales vocablos son: \"sencillez\", \"sinceridad\" y \"simplicidad\". Preferentemente, voy a usar el t\u00e9rmino sencillez\u00a0 y, ocasionalmente, los otros. 2) Conceptualmente,\u2026","rel":"","context":"En \u00abFormaci\u00f3n Vicenciana\u00bb","block_context":{"text":"Formaci\u00f3n Vicenciana","link":"https:\/\/vincentians.com\/es\/category\/formacion-vicenciana\/"},"img":{"alt_text":"sencillez","src":"https:\/\/i0.wp.com\/vicencianos.org\/wp-content\/2013\/02\/sencillez.jpg?resize=350%2C200","width":350,"height":200,"srcset":"https:\/\/i0.wp.com\/vicencianos.org\/wp-content\/2013\/02\/sencillez.jpg?resize=350%2C200 1x, https:\/\/i0.wp.com\/vicencianos.org\/wp-content\/2013\/02\/sencillez.jpg?resize=525%2C300 1.5x"},"classes":[]},{"id":387820,"url":"https:\/\/vincentians.com\/es\/sencillos-como-palomas-y-prudentes-como-serpientes\/","url_meta":{"origin":39120,"position":1},"title":"Sencillos como palomas y prudentes como serpientes","author":"Mitxel Olabu\u00e9naga","date":"17\/09\/2016","format":false,"excerpt":"La virtud amable de la sencillez es la primera biena\u00adventuranza de los seguidores de Jes\u00fas, seg\u00fan el programa \u00abut\u00f3pi\u00adco\u00bb de Vicente de Pa\u00fal. Hacia esta virtud encantadora experimen\u00adta el Santo una atracci\u00f3n y simpat\u00eda admirables. El 6 de noviem\u00adbre de 1634 le comunica a E. du Coudray: \u00abLa sencillez es\u2026","rel":"","context":"En \u00abFormaci\u00f3n Vicenciana sin categorizar\u00bb","block_context":{"text":"Formaci\u00f3n Vicenciana sin categorizar","link":"https:\/\/vincentians.com\/es\/category\/formacion-vicenciana\/formacion-vicenciana-sin-categorizar\/"},"img":{"alt_text":"","src":"https:\/\/i0.wp.com\/vincentians.com\/es\/wp-content\/uploads\/sites\/11\/2016\/09\/sencillos-como-palomas.jpg?fit=1200%2C630&ssl=1&resize=350%2C200","width":350,"height":200,"srcset":"https:\/\/i0.wp.com\/vincentians.com\/es\/wp-content\/uploads\/sites\/11\/2016\/09\/sencillos-como-palomas.jpg?fit=1200%2C630&ssl=1&resize=350%2C200 1x, https:\/\/i0.wp.com\/vincentians.com\/es\/wp-content\/uploads\/sites\/11\/2016\/09\/sencillos-como-palomas.jpg?fit=1200%2C630&ssl=1&resize=525%2C300 1.5x, https:\/\/i0.wp.com\/vincentians.com\/es\/wp-content\/uploads\/sites\/11\/2016\/09\/sencillos-como-palomas.jpg?fit=1200%2C630&ssl=1&resize=700%2C400 2x, https:\/\/i0.wp.com\/vincentians.com\/es\/wp-content\/uploads\/sites\/11\/2016\/09\/sencillos-como-palomas.jpg?fit=1200%2C630&ssl=1&resize=1050%2C600 3x"},"classes":[]},{"id":131681,"url":"https:\/\/vincentians.com\/es\/sencillos-como-las-palomas-y-prudentes-como-las-serpientes\/","url_meta":{"origin":39120,"position":2},"title":"\u00abSencillos como las palomas y prudentes como las serpientes\u00bb","author":"Francisco Javier Fern\u00e1ndez Chento","date":"16\/11\/2014","format":false,"excerpt":"Que vuestro s\u00ed sea un s\u00ed y vuestro no un no; lo que pasa de ah\u00ed es cosa del Malo. (Mt 5,37). \"La Congregaci\u00f3n intenta expresar su esp\u00edritu tambi\u00e9n con las cinco virtudes sacadas de su peculiar visi\u00f3n de Cristo, a saber: la sencillez, la humildad, la mansedumbre, la mortificaci\u00f3n\u2026","rel":"","context":"En \u00abEspiritualidad vicenciana\u00bb","block_context":{"text":"Espiritualidad vicenciana","link":"https:\/\/vincentians.com\/es\/category\/espiritualidad\/espiritualidad-vicenciana\/"},"img":{"alt_text":"mateo_10_16","src":"https:\/\/i0.wp.com\/vicencianos.org\/wp-content\/2014\/11\/mateo_10_16-300x300.jpg?resize=350%2C200","width":350,"height":200},"classes":[]},{"id":123905,"url":"https:\/\/vincentians.com\/es\/san-vicente-de-paul-y-la-caridad-2-la-doctrina-espiritual\/","url_meta":{"origin":39120,"position":3},"title":"San Vicente de Pa\u00fal y la Caridad. 2.- La doctrina espiritual","author":"Francisco Javier Fern\u00e1ndez Chento","date":"07\/05\/2024","format":false,"excerpt":"II.- La doctrina espiritual Sorpresa Mucho le hubiese sorprendido o\u00edr hablar de su \"doctrina espiritual\": se hab\u00eda guardado bien de publicar el menor anuncio para dar a conocer sus ideas o sus convicciones m\u00e1s queridas. Hab\u00eda dado a la estampa las Reglas o constituciones comunes de la Congregaci\u00f3n de la\u2026","rel":"","context":"En \u00abVicente de Pa\u00fal\u00bb","block_context":{"text":"Vicente de Pa\u00fal","link":"https:\/\/vincentians.com\/es\/category\/la-familia-vicenciana\/fundadores\/vicente-de-paul\/"},"img":{"alt_text":"","src":"https:\/\/i0.wp.com\/vincentians.com\/es\/wp-content\/uploads\/sites\/11\/2013\/04\/d-1.jpg?fit=1200%2C799&ssl=1&resize=350%2C200","width":350,"height":200,"srcset":"https:\/\/i0.wp.com\/vincentians.com\/es\/wp-content\/uploads\/sites\/11\/2013\/04\/d-1.jpg?fit=1200%2C799&ssl=1&resize=350%2C200 1x, https:\/\/i0.wp.com\/vincentians.com\/es\/wp-content\/uploads\/sites\/11\/2013\/04\/d-1.jpg?fit=1200%2C799&ssl=1&resize=525%2C300 1.5x, https:\/\/i0.wp.com\/vincentians.com\/es\/wp-content\/uploads\/sites\/11\/2013\/04\/d-1.jpg?fit=1200%2C799&ssl=1&resize=700%2C400 2x, https:\/\/i0.wp.com\/vincentians.com\/es\/wp-content\/uploads\/sites\/11\/2013\/04\/d-1.jpg?fit=1200%2C799&ssl=1&resize=1050%2C600 3x"},"classes":[]},{"id":131340,"url":"https:\/\/vincentians.com\/es\/el-senor-vicente-evolucion-de-un-santo-i\/","url_meta":{"origin":39120,"position":4},"title":"El se\u00f1or Vicente, evoluci\u00f3n de un santo (I)","author":"Francisco Javier Fern\u00e1ndez Chento","date":"18\/09\/2014","format":false,"excerpt":"1. INTRODUCCI\u00d3N 1-Bibliograf\u00eda; Abelly, etc \u2013 2. Publicaciones e Pierre Coste.- 3.La evoluci\u00f3n del alma de San Vicente es un problema psicol\u00f3gico.- 4. El tiempo de San Vicente de Pa\u00fal.- 5. Pol\u00edtica: historia pasada.- 6. La Fronda.- 7. Civilizaci\u00f3n; miseria durante la Fronda.- 8- Reino y nobleza.- 9. Una gran\u2026","rel":"","context":"En \u00abVicente de Pa\u00fal\u00bb","block_context":{"text":"Vicente de Pa\u00fal","link":"https:\/\/vincentians.com\/es\/category\/la-familia-vicenciana\/fundadores\/vicente-de-paul\/"},"img":{"alt_text":"coraz\u00f3n","src":"https:\/\/i0.wp.com\/vicencianos.org\/wp-content\/2014\/03\/coraz%C3%B3n.jpg?resize=350%2C200","width":350,"height":200},"classes":[]},{"id":33683,"url":"https:\/\/vincentians.com\/es\/el-senor-vicente-visto-por-su-secretario-luis-robineau-articulos-081-al-085\/","url_meta":{"origin":39120,"position":5},"title":"El se\u00f1or Vicente visto por su secretario, Luis Robineau. Art\u00edculos 081 al 085","author":"Francisco Javier Fern\u00e1ndez Chento","date":"13\/03\/2025","format":false,"excerpt":"081. No interrumpe a sus interlocutores. No interrump\u00eda nunca a los que estaban hablando con \u00e9l, salvo por necesidad, sino que escuchaba pacientemente lo que ten\u00edan que de\u00adcirle, y despu\u00e9s respond\u00eda, y si el otro replicaba, escuchaba apacible\u00admente, para despu\u00e9s darle la respuesta. Y todo esto con un aguante maravilloso\u2026","rel":"","context":"En \u00abEscritos de Luis Robineau\u00bb","block_context":{"text":"Escritos de Luis Robineau","link":"https:\/\/vincentians.com\/es\/category\/escritos\/escritos-de-luis-robineau\/"},"img":{"alt_text":"","src":"","width":0,"height":0},"classes":[]}],"_links":{"self":[{"href":"https:\/\/vincentians.com\/es\/wp-json\/wp\/v2\/posts\/39120","targetHints":{"allow":["GET"]}}],"collection":[{"href":"https:\/\/vincentians.com\/es\/wp-json\/wp\/v2\/posts"}],"about":[{"href":"https:\/\/vincentians.com\/es\/wp-json\/wp\/v2\/types\/post"}],"author":[{"embeddable":true,"href":"https:\/\/vincentians.com\/es\/wp-json\/wp\/v2\/users\/4"}],"replies":[{"embeddable":true,"href":"https:\/\/vincentians.com\/es\/wp-json\/wp\/v2\/comments?post=39120"}],"version-history":[{"count":0,"href":"https:\/\/vincentians.com\/es\/wp-json\/wp\/v2\/posts\/39120\/revisions"}],"wp:featuredmedia":[{"embeddable":true,"href":"https:\/\/vincentians.com\/es\/wp-json\/wp\/v2\/media\/149583"}],"wp:attachment":[{"href":"https:\/\/vincentians.com\/es\/wp-json\/wp\/v2\/media?parent=39120"}],"wp:term":[{"taxonomy":"category","embeddable":true,"href":"https:\/\/vincentians.com\/es\/wp-json\/wp\/v2\/categories?post=39120"},{"taxonomy":"post_tag","embeddable":true,"href":"https:\/\/vincentians.com\/es\/wp-json\/wp\/v2\/tags?post=39120"}],"curies":[{"name":"wp","href":"https:\/\/api.w.org\/{rel}","templated":true}]}}