{"id":39099,"date":"2011-06-05T02:55:29","date_gmt":"2011-06-05T00:55:29","guid":{"rendered":"http:\/\/somos.vicencianos.org\/blog\/2011\/06\/vida-de-san-vicente-de-paul-libro-tercero-capitulo-8-seccion-1\/"},"modified":"2016-07-26T17:24:49","modified_gmt":"2016-07-26T15:24:49","slug":"vida-de-san-vicente-de-paul-libro-tercero-capitulo-8-seccion-1","status":"publish","type":"post","link":"https:\/\/vincentians.com\/es\/vida-de-san-vicente-de-paul-libro-tercero-capitulo-8-seccion-1\/","title":{"rendered":"Vida de san Vicente de Pa\u00fal: Libro Tercero, Cap\u00edtulo 8, Secci\u00f3n 1"},"content":{"rendered":"<div id=\"attachment_28831\" style=\"width: 208px\" class=\"wp-caption alignright\"><a href=\"https:\/\/i0.wp.com\/vicencianos.org\/wp-content\/2011\/01\/abelly.jpg\"><img data-recalc-dims=\"1\" loading=\"lazy\" decoding=\"async\" aria-describedby=\"caption-attachment-28831\" class=\"size-medium wp-image-28831\" title=\"Luis Abelly\" src=\"https:\/\/i0.wp.com\/vicencianos.org\/wp-content\/2011\/01\/abelly-198x300.jpg?resize=198%2C300\" alt=\"Luis Abelly\" width=\"198\" height=\"300\" \/><\/a><p id=\"caption-attachment-28831\" class=\"wp-caption-text\">Luis Abelly<\/p><\/div>\n<p><strong><span style=\"text-decoration: underline\">Devoci\u00f3n particular al Sant\u00edsimo Sacramento del Altar<\/span><\/strong><\/p>\n<p>Pero una de las m\u00e1s grandes y m\u00e1s singulares devociones del Sr. Vicente ha sido la de la Sant\u00edsima Eucarist\u00eda considerada no solamente como Sacrificio, (hemos hablado de eso en este mismo cap\u00edtulo), sino tambi\u00e9n como Sacramento, bajo cuyas especies el Hijo de Dios se nos hace realmente presente en nuestras iglesias y cumple de una manera tan verdadera como maravillosa la promesa que hizo de permanecer con nosotros hasta la consumaci\u00f3n de los siglos.<\/p>\n<p>Esta devoci\u00f3n del Sr. Vicente se manifest\u00f3 al principio en el grand\u00edsimo respeto, con el que se portaba en las iglesias donde estaba reservado este adorabil\u00edsimo Sacramento y en el afecto grand\u00edsimo que sent\u00eda por esos santos lugares honrados con la presencia de Jesucristo. Veamos lo que un personaje de una virtud muy grande ha manifestado: <em>\u00abHe notado varias veces \u2014<\/em>ha dicho<em>\u2014 que, cuando el Sr. Vicente rezaba ante el Santo Sacramento, se pod\u00eda ver f\u00e1cilmente en su exterior la aut\u00e9ntica y sincera devoci\u00f3n de su interior: siempre estaba de rodillas, con un porte tan humilde, que parec\u00eda que se hubiera rebajado gustosamente hasta el centro de la tierra para manifestar mucho m\u00e1s su respeto a la Majestad de Aquel cuya presencia reconoc\u00eda. Y ciertamente, al considerar aquella modestia respetuosa que aparec\u00eda en su rostro, pod\u00eda decirse que ve\u00eda con sus ojos a Jesucristo. Y la compostura de su exterior era tan devota y tan religiosa que era capaz de despertar la fe m\u00e1s dormida y dar a los m\u00e1s insensibles sentimientos de piedad para con este misterio\u00bb.<\/em><\/p>\n<p>Pues bien, no era solamente al ofrecer sus plegarias cuando aparec\u00eda su respeto y su devoci\u00f3n al Sant\u00edsimo Sacramento, sino que todas las veces que se hallara en las iglesias, donde se deten\u00eda por la circunstancia que fuera, siempre se manten\u00eda con una modestia muy grande; y, en cuanto le era posible, evitaba hablar con persona alguna en estos santos lugares. Pero si ten\u00eda necesidad de hacerlo, trataba de hacer salir fuera de la Iglesia a los que quer\u00edan hablar con \u00e9l. Esto lo hac\u00eda hasta con las personas m\u00e1s cualificadas, incluso con los Prelados, pero sin decir ni hacer nada que pudiera herir el respeto debido a ellos.<\/p>\n<p>El afecto particular que sent\u00eda por los lugares honrados con la Divina Presencia era tal, que los d\u00edas en los que estaba tan embarazado por los asuntos, que no pod\u00eda salir de casa, a\u00fan se le ve\u00eda ir a la iglesia: all\u00ed permanec\u00eda ante el Sant\u00edsimo Sacramento todo el tiempo que pod\u00eda tener libre, y, a veces, varias horas. Acud\u00eda sobre todo, cual otro Mois\u00e9s, al Sagrado Tabern\u00e1culo con ocasi\u00f3n de negocios espinosos y dif\u00edciles, para all\u00ed consultar el Or\u00e1culo de la Verdad. Se le vio con frecuencia, cuando recib\u00eda cartas que preve\u00eda que contendr\u00edan la noticia de alg\u00fan buen o mal resultado en cosas de importancia, ir a ponerse detr\u00e1s del Altar Mayor de San L\u00e1zaro; y all\u00ed, poniendo las rodillas en tierra y con la cabeza descubierta, abrir y leer las cartas en presencia de Nuestro Se\u00f1or. Tambi\u00e9n sol\u00eda hacer eso en otros lugares en que se hallara. Y un d\u00eda, como le hubieran presentado una carta en el patio del Palacio en Par\u00eds, pensando que le anunciar\u00eda el resultado de un asunto muy importante para la gloria de Dios, aunque entonces estaba ya muy torpe de sus piernas, no dej\u00f3 de subir la escalera para ir a la Capilla de arriba del Palacio, donde descansa el Sant\u00edsimo Sacramento; y como la hallara cerrada, con todo, se puso de rodillas ante la puerta, y en aquel estado ley\u00f3 la carta. Seguramente usaba de aquel modo para protestar m\u00e1s perfectamente su sumisi\u00f3n a todas las disposiciones de la Voluntad de Dios, que le ser\u00edan manifestadas en las cartas; y para hacer un sacrificio de todos los movimientos de alegr\u00eda, o de tristeza, que las noticias que iban dentro podr\u00edan promover en su alma.<\/p>\n<p>Cuando sal\u00eda de la casa de San L\u00e1zaro, iba en primer lugar a postrarse ante Nuestro Se\u00f1or en el Sant\u00edsimo Sacramento para pedirle su bendici\u00f3n; y en cuanto estaba de vuelta, iba inmediatamente a presentarse ante El, como para darle cuenta de lo que hab\u00eda hecho en la ciudad; para darle gracias por las que hab\u00eda recibido y para humillarse por las faltas que pudo haber cometido. Y esto lo hac\u00eda no por cumplir, sino con un verdadero sentimiento de Religi\u00f3n y de piedad, estando cada vez un tiempo bastante largo ante el Sant\u00edsimo Sacramento, con un porte muy humilde y devoto. Ha introducido entre los suyos esta pr\u00e1ctica, diciendo que era muy justo que se tributara esa muestra de cortes\u00eda con el Amo de la casa.<\/p>\n<p>Cuando, andando por la ciudad, hallaba al Sant\u00edsimo Sacramento por la calle, se pon\u00eda inmediatamente de rodillas en el sitio donde se hallara y permanec\u00eda en aquella humilde actitud mientras lo pod\u00eda ver; y si lo llevaban a lo largo del camino que llevaba \u00e9l, lo segu\u00eda con la cabeza descubierta desde muy lejos, ya que no le pod\u00eda seguir de cerca por la dificultad que ten\u00eda de andar.<\/p>\n<p>En sus viajes observaba esta santa costumbre: al pasar las aldeas, si las iglesias estaban abiertas, bajaba del caballo para ir a visitar y adorar el Sant\u00edsimo Sacramento; y si estaban cerradas, entraba espiritualmente y le tributaba interiormente los mismos deberes; y en cuanto llegaba a los lugares donde deb\u00eda detenerse para comer o para acostarse, antes de nada, iba a la iglesia a ofrecer sus respetos y sus homenajes al Sant\u00edsimo Sacramento.<\/p>\n<p>Durante sus enfermedades graves, cuando no pod\u00eda andar ni sostenerse de pie para celebrar la Santa Misa, practicaba la devoci\u00f3n de comulgar todos los d\u00edas, si es que no le ocurr\u00eda alg\u00fan contratiempo insuperable que le privara de ese consuelo. Y en sus comuniones cotidianas llevaba tan grandes disposiciones, y manifestaba su respeto y una ternura tan notables hacia Aqu\u00e9l que adoraba y recib\u00eda en dicho sacramento, que parec\u00eda estar como transportado y arrebatado fuera de s\u00ed. Sobre esta cuesti\u00f3n, hablando un d\u00eda a los suyos de los efectos que este Divino Sacramento obra en quienes lo reciben con las disposiciones convenientes les dijo: <em>\u00ab\u00bfNo sientes ustedes, Hermanos m\u00edos, no sienten arder ese divino fuego en sus pechos, cuando han recibido el Cuerpo adorable de Jesucristo en la Comuni\u00f3n?\u00bb.<\/em><\/p>\n<p>Era de la abundancia de su coraz\u00f3n de donde sal\u00edan esas palabras, que daban a conocer bastante lo que por su propia experiencia gustaba y sent\u00eda en sus comuniones. Tambi\u00e9n era eso lo que le llevaba a exhortar a todos a que se prepararan bien para recibir digna y frecuentemente la Sagrada Comuni\u00f3n del Cuerpo de Jesucristo, porque no aprobaba que uno se alejara de ella sin una raz\u00f3n importante. A una persona piadosa, aconsejada y dirigida suya, como una vez se hubiera abstenido de recibir este sacramento por alguna pena interior que le hab\u00eda sobrevenido, ese mismo d\u00eda le escribi\u00f3 en un billete: <em>\u00abNo ha obrado usted del todo bien al abstenerse hoy de la Sagrada Comuni\u00f3n por la pena interna que ha sentido. \u00bfNo ve usted que eso es una tentaci\u00f3n, y que as\u00ed se convierte en presa del enemigo de este adorabil\u00edsimo Sacramento? \u00bfPiensa usted hacerse m\u00e1s capaz y mejor preparada para unirse a Nuestro Se\u00f1or alej\u00e1ndose de El? Con toda seguridad, si usted piensa as\u00ed, se enga\u00f1ar\u00e1 en gran manera, y eso ser\u00eda una pura ilusi\u00f3n\u00bb.<\/em><\/p>\n<p>En otra ocasi\u00f3n hablando a los de su Comunidad sobre este mismo asunto, les dijo: <em>\u00abQue deb\u00edan pedir a Dios que les diera el deseo de comulgar a menudo, pues hab\u00eda motivos para gemir delante de Dios y entristecerse, al ver c\u00f3mo se enfriaba esta devoci\u00f3n entre los cristianos, debido en parte a las nuevas ideas\u00bb.<\/em><\/p>\n<p><em>\u00abHablando de esto con el Superior de una santa Compa\u00f1\u00eda y con otro que era un gran director de almas, al preguntarles si ve\u00edan ahora acercarse al confesonario y recibir la comuni\u00f3n a tantas personas como antes, \u00e9stos le dijeron que la frecuencia y el n\u00famero hab\u00eda disminuido mucho; que, sin embargo, la Eucarist\u00eda era el pan cotidiano que Nuestro Se\u00f1or quiso que se le pidiera, y que los primeros cristianos ten\u00edan la costumbre de comulgar todos los d\u00edas, pero que ciertos nuevos advenedizos hab\u00edan apartado de eso a mucha gente, y que no era extra\u00f1o que les escucharan, dado que la naturaleza se complac\u00eda en ello, y que las que segu\u00edan sus inclinaciones abrazaban con gusto esta nuevas opiniones, que parec\u00edan aliviarles al quitarles la preocupaci\u00f3n y el esfuerzo exigidos para ponerse y mantenerse en las disposiciones necesarias para recibir digna y frecuentemente la Sagrada Comuni\u00f3n\u00bb.<\/em><\/p>\n<p><em>\u00abA\u00f1adi\u00f3 que hab\u00eda conocido a una se\u00f1ora de elevada condici\u00f3n y piedad, que, por consejo de sus directores, sigui\u00f3 comulgando durante mucho tiempo los domingos y jueves de cada semana; pero habi\u00e9ndose puesto luego en manos de un confesor que segu\u00eda esta nueva doctrina, por no s\u00e9 que curiosidad y afectaci\u00f3n de mayor perfecci\u00f3n, se hab\u00eda apartado de esta santa pr\u00e1ctica, comulgando al principio solamente una vez cada ocho d\u00edas; luego, cada quince, m\u00e1s adelante, una vez al mes, etc.; y habi\u00e9ndolo dejado, una vez, m\u00e1s de ocho meses, un d\u00eda se puso a reflexionar sobre s\u00ed misma, y se vio en un estado muy deplorable, muy llena de imperfecciones y expuesta a cometer un gran n\u00famero de faltas, a complacerse en la vanidad, a dejarse dominar por la c\u00f3lera, por la impaciencia y por las dem\u00e1s pasiones y, finalmente, muy distinta de c\u00f3mo hab\u00eda sido antes de apartarse de la Sagrada Comuni\u00f3n. Qued\u00f3 entonces muy extra\u00f1ada e impresionada, y se dijo llorando: \u00a1Desgraciada de mi! \u00a1En qu\u00e9 estado me encuentro aho ra! \u00a1De d\u00f3nde he ca\u00eddo, y adonde me llevar\u00e1n todos estos desvar\u00edos y des\u00f3rde nes! \u00bfA qu\u00e9 se debe este cambio tan desdichado? Seguramente se debe a que dej\u00e9 mi primera direcci\u00f3n y escuch\u00e9 los consejos de estos nuevos directores, que son muy perniciosos, ya que producen tan malos efectos como he podido palpar por propia experiencia. \u00a1Dios m\u00edo, que me abres los ojos para reconocerlo: dame la gracia de separarme por completo de ellos!\u00bb.<\/em><\/p>\n<p><em>\u00abDespu\u00e9s de lo cual, se separ\u00f3 de los directores nuevos y renunci\u00f3 a sus peligrosas m\u00e1ximas, que la hab\u00edan destrozado y casi echado a perder. Sigui\u00f3 otros consejos m\u00e1s saludables y volvi\u00f3 a sus pr\u00e1cticas anteriores, frecuentando como anteriormente los sacramentos con las disposiciones requeridas. Y as\u00ed encontr\u00f3 el descanso de su conciencia y el remedio para todos sus defectos\u00bb.<\/em><\/p>\n<p>El Sr. Vicente se ha servido varias veces de este ejemplo para dar a conocer mejor, por la oposici\u00f3n de su contrario, las grandes bendiciones que se recog\u00edan con la frecuente y digna recepci\u00f3n de este Sant\u00edsimo Sacramento, pues en \u00e9l Nuestro Se\u00f1or nos da no s\u00f3lo abundancia de gracias, sino tambi\u00e9n el manantial de todas las gracias, que no es otro que El mismo. Y como este devoto Siervo de Jesucristo experimentaba un gran sentimiento ante ese exceso de amor y de caridad de un Dios a las criaturas, exhortaba con frecuencia a los suyos a que Le dieran acciones de gracias muy especiales por un beneficio tan incomprensible, tratando de reconocer esta incomparable obligaci\u00f3n con frecuentes adoraciones, humillaciones y glorificaciones al Hijo de Dios, que reside en este Sant\u00edsimo Sacramento y, al confesarse tambi\u00e9n incapaces de satisfacerle, rogar a los Santos Angeles que les ayudaran a rendirle justas muestras de agradecimiento.<\/p>\n<p>En esos mismos sentimientos les advert\u00eda que cumplieran cuidadosamente con todos los deberes externos de reverencia ante el Sant\u00edsimo Sacramento, y llamaba la atenci\u00f3n a los que ve\u00eda cometiendo faltas. En esto era tan exacto, que, si ve\u00eda alguno pasar ante el altar mayor de la iglesia, donde est\u00e1 reservado, sin hacer la genuflexi\u00f3n hasta el suelo, o que la hac\u00eda con demasiada brusquedad, le advert\u00eda en particular, o tambi\u00e9n en p\u00fablico cuando lo juzgaba conveniente, diciendo que no hab\u00eda que presentarse ante Dios como unos marionetas, a los cuales se les imprime movimientos ligeros y reverencias sin alma y sin esp\u00edritu. Un d\u00eda, al advertir que un Hermano no hab\u00eda hecho la genuflexi\u00f3n entera, lo llam\u00f3 y le ense\u00f1\u00f3 hasta donde y de qu\u00e9 manera hab\u00eda que hacerla. Por lo que le tocaba a \u00e9l, siempre cumpli\u00f3 exactamente con esa obligaci\u00f3n, e hizo la genuflexi\u00f3n, mientras pudo y a\u00fan m\u00e1s, porque con frecuencia necesitaba que le ayudaran para levantarse. Y cuando su mucha edad y los molestos achaques de sus piernas no le permitieron hacerla del todo, ped\u00eda por ello perd\u00f3n de vez en cuando p\u00fablicamente delante de toda la Comunidad, diciendo que sus pecados le hab\u00edan privado del uso discrecional de sus rodillas.<\/p>\n<p>Una vez entre otras, despu\u00e9s de haber manifestado con su humildad habitual que sent\u00eda mucho que su edad y sus achaques le impidieran hacer la genuflexi\u00f3n dijo: <em>\u00abPero si veo que la Comunidad se relaja, me esforzar\u00e9 en poner la rodilla en tierra, por mucho que me cueste, y para levantarme lo mejor que pueda, me apoyar\u00e9 con las manos en tierra, y as\u00ed podr\u00e9 dar el ejemplo debido; porque las faltas que se cometen en una Comunidad se imputan al Superior, y las de la Congregaci\u00f3n en este punto son muy importantes, tanto porque se trata de un deber de Religi\u00f3n y de una reverencia externa que manifiesta el respeto interior que rendimos a Dios, como porque si somos los primeros en faltar a ella, no haciendo m\u00e1s que una peque\u00f1a o media genuflexi\u00f3n, los eclesi\u00e1sticos de fuera que vienen aqu\u00ed, creer\u00e1n que no est\u00e1n obligados a hacerla ya m\u00e1s, y los de la Compa\u00f1\u00eda que vengan despu\u00e9s de nosotros, y que seguir\u00e1n nuestras Reglas, har\u00e1n menos a\u00fan; y as\u00ed todo ir\u00e1 decayendo; porque, si el original es defectuoso, \u00bfqu\u00e9 ser\u00e1 de las copias? Les ruego, pues, se\u00f1ores y hermanos m\u00edos, que presten mucha atenci\u00f3n a esto, y se porten en esa ocasi\u00f3n de forma que la reverencia interior prevenga y acompa\u00f1e siempre a la exterior. Dios quiere ser adorado en esp\u00edritu y en verdad, y todos los verdaderos cristianos deben portarse de esta forma seg\u00fan el ejemplo del Hijo de Dios, quien, postr\u00e1ndose rostro en tierra en el Huerto de los Olivos, uni\u00f3 a esta devota postura una humillaci\u00f3n interior muy profunda, por respeto a la Majestad Soberana del Padre\u00bb.<\/em><\/p>\n<p>Si el Sr. Vicente pon\u00eda tal inter\u00e9s en actuar de suerte que no se faltara al menor detalle del respeto exterior debido a este adorable Sacramento, con m\u00e1s raz\u00f3n se puede creer que sent\u00eda un disgusto extremo y un dolor muy sensible, cuando o\u00eda las noticias que alguna vez le comunicaron sobre profanaciones e impiedades que la insolencia de los soldados y de los herejes hab\u00edan cometido durante la desgracia de las guerras contra ese mismo Sacramento. No se puede expresar qu\u00e9 conmovido quedaba por eso, qu\u00e9 afligido estuvo, cu\u00e1ntas l\u00e1grimas verti\u00f3 por esa raz\u00f3n, y cu\u00e1ntas penitencias extraordinarias hizo para reparar, cuanto pudo, las injurias y los atentados cometidos contra la persona de Jesucristo. Pero no contento con lo que pod\u00eda hacer por s\u00ed mismo y con otros auxilios que procuraba por mediaci\u00f3n de personas caritativas, mandando copones, c\u00e1lices y otros ornamentos parecidos a las iglesias saqueadas, quer\u00eda adem\u00e1s que los de su Comunidad hicieran las mismas reparaciones, envi\u00e1ndoles a uno tras otro a hacer peregrinaciones y a visitar en esp\u00edritu de penitencia las iglesias donde se hab\u00edan cometido tales profanaciones sacr\u00edlegas.<\/p>\n<p>Los Sacerdotes celebraban en ellas la Santa Misa, y los dem\u00e1s, tanto Cl\u00e9rigos como Legos, comulgaban. Adem\u00e1s de eso, les ordenaba dar misiones en las aldeas y en otros lugares donde hab\u00edan ocurrido dichas desgracias, para excitar al pueblo a hacer penitencia y a practicar otros actos piadosos propios para aplacar la indignaci\u00f3n de Dios y reparar en cierto modo las injurias y ofensas cometidas contra su Soberana Majestad<\/p>\n","protected":false},"excerpt":{"rendered":"<p>Devoci\u00f3n particular al Sant\u00edsimo Sacramento del Altar Pero una de las m\u00e1s grandes y m\u00e1s singulares devociones del Sr. Vicente ha sido la de la Sant\u00edsima Eucarist\u00eda considerada no solamente como Sacrificio, (hemos hablado de &#8230; <a href=\"https:\/\/vincentians.com\/es\/vida-de-san-vicente-de-paul-libro-tercero-capitulo-8-seccion-1\/\" class=\"more-link\">Read More<\/a><\/p>\n","protected":false},"author":4,"featured_media":149583,"comment_status":"open","ping_status":"open","sticky":false,"template":"","format":"standard","meta":{"jetpack_post_was_ever_published":false,"_jetpack_newsletter_access":"","_jetpack_dont_email_post_to_subs":false,"_jetpack_newsletter_tier_id":0,"_jetpack_memberships_contains_paywalled_content":false,"_jetpack_memberships_contains_paid_content":false,"footnotes":"","jetpack_publicize_message":"","jetpack_publicize_feature_enabled":true,"jetpack_social_post_already_shared":true,"jetpack_social_options":{"image_generator_settings":{"template":"highway","default_image_id":0,"font":"","enabled":false},"version":2}},"categories":[266,5],"tags":[218,143],"class_list":["post-39099","post","type-post","status-publish","format-standard","has-post-thumbnail","hentry","category-escritos-de-luis-abelly","category-vicente-de-paul","tag-abelly","tag-san-lazaro"],"yoast_head":"<!-- This site is optimized with the Yoast SEO plugin v26.3 - https:\/\/yoast.com\/wordpress\/plugins\/seo\/ -->\n<title>Vida de san Vicente de Pa\u00fal: Libro Tercero, Cap\u00edtulo 8, Secci\u00f3n 1 - Somos Vicencianos<\/title>\n<meta name=\"robots\" content=\"index, follow, max-snippet:-1, max-image-preview:large, max-video-preview:-1\" \/>\n<link rel=\"canonical\" href=\"https:\/\/vincentians.com\/es\/vida-de-san-vicente-de-paul-libro-tercero-capitulo-8-seccion-1\/\" \/>\n<meta property=\"og:locale\" content=\"es_ES\" \/>\n<meta property=\"og:type\" content=\"article\" \/>\n<meta property=\"og:title\" content=\"Vida de san Vicente de Pa\u00fal: Libro Tercero, Cap\u00edtulo 8, Secci\u00f3n 1 - Somos Vicencianos\" \/>\n<meta property=\"og:description\" content=\"Devoci\u00f3n particular al Sant\u00edsimo Sacramento del Altar Pero una de las m\u00e1s grandes y m\u00e1s singulares devociones del Sr. Vicente ha sido la de la Sant\u00edsima Eucarist\u00eda considerada no solamente como Sacrificio, (hemos hablado de ... Read More\" \/>\n<meta property=\"og:url\" content=\"https:\/\/vincentians.com\/es\/vida-de-san-vicente-de-paul-libro-tercero-capitulo-8-seccion-1\/\" \/>\n<meta property=\"og:site_name\" content=\"Somos Vicencianos\" \/>\n<meta property=\"article:publisher\" content=\"https:\/\/www.facebook.com\/WeAreVincentians\/\" \/>\n<meta property=\"article:author\" content=\"https:\/\/www.facebook.com\/JavierChento\" \/>\n<meta property=\"article:published_time\" content=\"2011-06-05T00:55:29+00:00\" \/>\n<meta property=\"article:modified_time\" content=\"2016-07-26T15:24:49+00:00\" \/>\n<meta property=\"og:image\" content=\"https:\/\/i0.wp.com\/vincentians.com\/es\/wp-content\/uploads\/sites\/11\/2016\/07\/abelly-feat.jpg?fit=1200%2C630&ssl=1\" \/>\n\t<meta property=\"og:image:width\" content=\"1200\" \/>\n\t<meta property=\"og:image:height\" content=\"630\" \/>\n\t<meta property=\"og:image:type\" content=\"image\/jpeg\" \/>\n<meta name=\"author\" content=\"Francisco Javier Fern\u00e1ndez Chento\" \/>\n<meta name=\"twitter:card\" content=\"summary_large_image\" \/>\n<meta name=\"twitter:creator\" content=\"@https:\/\/twitter.com\/javierchento\" \/>\n<meta name=\"twitter:site\" content=\"@WeVincentians\" \/>\n<meta name=\"twitter:label1\" content=\"Escrito por\" \/>\n\t<meta name=\"twitter:data1\" content=\"Francisco Javier Fern\u00e1ndez Chento\" \/>\n\t<meta name=\"twitter:label2\" content=\"Tiempo de lectura\" \/>\n\t<meta name=\"twitter:data2\" content=\"14 minutos\" \/>\n<script type=\"application\/ld+json\" class=\"yoast-schema-graph\">{\"@context\":\"https:\/\/schema.org\",\"@graph\":[{\"@type\":\"Article\",\"@id\":\"https:\/\/vincentians.com\/es\/vida-de-san-vicente-de-paul-libro-tercero-capitulo-8-seccion-1\/#article\",\"isPartOf\":{\"@id\":\"https:\/\/vincentians.com\/es\/vida-de-san-vicente-de-paul-libro-tercero-capitulo-8-seccion-1\/\"},\"author\":{\"name\":\"Francisco Javier Fern\u00e1ndez Chento\",\"@id\":\"https:\/\/vincentians.com\/es\/#\/schema\/person\/9623ef4d9aa3b2dfb8c061f1499288f2\"},\"headline\":\"Vida de san Vicente de Pa\u00fal: Libro Tercero, Cap\u00edtulo 8, Secci\u00f3n 1\",\"datePublished\":\"2011-06-05T00:55:29+00:00\",\"dateModified\":\"2016-07-26T15:24:49+00:00\",\"mainEntityOfPage\":{\"@id\":\"https:\/\/vincentians.com\/es\/vida-de-san-vicente-de-paul-libro-tercero-capitulo-8-seccion-1\/\"},\"wordCount\":2904,\"commentCount\":0,\"publisher\":{\"@id\":\"https:\/\/vincentians.com\/es\/#organization\"},\"image\":{\"@id\":\"https:\/\/vincentians.com\/es\/vida-de-san-vicente-de-paul-libro-tercero-capitulo-8-seccion-1\/#primaryimage\"},\"thumbnailUrl\":\"https:\/\/i0.wp.com\/vincentians.com\/es\/wp-content\/uploads\/sites\/11\/2016\/07\/abelly-feat.jpg?fit=1200%2C630&ssl=1\",\"keywords\":[\"Abelly\",\"San L\u00e1zaro\"],\"articleSection\":[\"Escritos de Luis Abelly\",\"Vicente de Pa\u00fal\"],\"inLanguage\":\"es\",\"potentialAction\":[{\"@type\":\"CommentAction\",\"name\":\"Comment\",\"target\":[\"https:\/\/vincentians.com\/es\/vida-de-san-vicente-de-paul-libro-tercero-capitulo-8-seccion-1\/#respond\"]}]},{\"@type\":\"WebPage\",\"@id\":\"https:\/\/vincentians.com\/es\/vida-de-san-vicente-de-paul-libro-tercero-capitulo-8-seccion-1\/\",\"url\":\"https:\/\/vincentians.com\/es\/vida-de-san-vicente-de-paul-libro-tercero-capitulo-8-seccion-1\/\",\"name\":\"Vida de san Vicente de Pa\u00fal: Libro Tercero, Cap\u00edtulo 8, Secci\u00f3n 1 - Somos Vicencianos\",\"isPartOf\":{\"@id\":\"https:\/\/vincentians.com\/es\/#website\"},\"primaryImageOfPage\":{\"@id\":\"https:\/\/vincentians.com\/es\/vida-de-san-vicente-de-paul-libro-tercero-capitulo-8-seccion-1\/#primaryimage\"},\"image\":{\"@id\":\"https:\/\/vincentians.com\/es\/vida-de-san-vicente-de-paul-libro-tercero-capitulo-8-seccion-1\/#primaryimage\"},\"thumbnailUrl\":\"https:\/\/i0.wp.com\/vincentians.com\/es\/wp-content\/uploads\/sites\/11\/2016\/07\/abelly-feat.jpg?fit=1200%2C630&ssl=1\",\"datePublished\":\"2011-06-05T00:55:29+00:00\",\"dateModified\":\"2016-07-26T15:24:49+00:00\",\"breadcrumb\":{\"@id\":\"https:\/\/vincentians.com\/es\/vida-de-san-vicente-de-paul-libro-tercero-capitulo-8-seccion-1\/#breadcrumb\"},\"inLanguage\":\"es\",\"potentialAction\":[{\"@type\":\"ReadAction\",\"target\":[\"https:\/\/vincentians.com\/es\/vida-de-san-vicente-de-paul-libro-tercero-capitulo-8-seccion-1\/\"]}]},{\"@type\":\"ImageObject\",\"inLanguage\":\"es\",\"@id\":\"https:\/\/vincentians.com\/es\/vida-de-san-vicente-de-paul-libro-tercero-capitulo-8-seccion-1\/#primaryimage\",\"url\":\"https:\/\/i0.wp.com\/vincentians.com\/es\/wp-content\/uploads\/sites\/11\/2016\/07\/abelly-feat.jpg?fit=1200%2C630&ssl=1\",\"contentUrl\":\"https:\/\/i0.wp.com\/vincentians.com\/es\/wp-content\/uploads\/sites\/11\/2016\/07\/abelly-feat.jpg?fit=1200%2C630&ssl=1\",\"width\":1200,\"height\":630},{\"@type\":\"BreadcrumbList\",\"@id\":\"https:\/\/vincentians.com\/es\/vida-de-san-vicente-de-paul-libro-tercero-capitulo-8-seccion-1\/#breadcrumb\",\"itemListElement\":[{\"@type\":\"ListItem\",\"position\":1,\"name\":\"Portada\",\"item\":\"https:\/\/vincentians.com\/es\/\"},{\"@type\":\"ListItem\",\"position\":2,\"name\":\"Vida de san Vicente de Pa\u00fal: Libro Tercero, Cap\u00edtulo 8, Secci\u00f3n 1\"}]},{\"@type\":\"WebSite\",\"@id\":\"https:\/\/vincentians.com\/es\/#website\",\"url\":\"https:\/\/vincentians.com\/es\/\",\"name\":\"Somos Vicencianos\",\"description\":\"Know more to serve more\",\"publisher\":{\"@id\":\"https:\/\/vincentians.com\/es\/#organization\"},\"potentialAction\":[{\"@type\":\"SearchAction\",\"target\":{\"@type\":\"EntryPoint\",\"urlTemplate\":\"https:\/\/vincentians.com\/es\/?s={search_term_string}\"},\"query-input\":{\"@type\":\"PropertyValueSpecification\",\"valueRequired\":true,\"valueName\":\"search_term_string\"}}],\"inLanguage\":\"es\"},{\"@type\":\"Organization\",\"@id\":\"https:\/\/vincentians.com\/es\/#organization\",\"name\":\"The Vincentian Network\",\"url\":\"https:\/\/vincentians.com\/es\/\",\"logo\":{\"@type\":\"ImageObject\",\"inLanguage\":\"es\",\"@id\":\"https:\/\/vincentians.com\/es\/#\/schema\/logo\/image\/\",\"url\":\"https:\/\/i1.wp.com\/vincentians.com\/es\/wp-content\/uploads\/sites\/11\/2016\/06\/Vincentian-Network-logo-big.png?fit=778%2C778\",\"contentUrl\":\"https:\/\/i1.wp.com\/vincentians.com\/es\/wp-content\/uploads\/sites\/11\/2016\/06\/Vincentian-Network-logo-big.png?fit=778%2C778\",\"width\":778,\"height\":778,\"caption\":\"The Vincentian Network\"},\"image\":{\"@id\":\"https:\/\/vincentians.com\/es\/#\/schema\/logo\/image\/\"},\"sameAs\":[\"https:\/\/www.facebook.com\/WeAreVincentians\/\",\"https:\/\/x.com\/WeVincentians\"]},{\"@type\":\"Person\",\"@id\":\"https:\/\/vincentians.com\/es\/#\/schema\/person\/9623ef4d9aa3b2dfb8c061f1499288f2\",\"name\":\"Francisco Javier Fern\u00e1ndez Chento\",\"image\":{\"@type\":\"ImageObject\",\"inLanguage\":\"es\",\"@id\":\"https:\/\/vincentians.com\/es\/#\/schema\/person\/image\/\",\"url\":\"https:\/\/secure.gravatar.com\/avatar\/497d5cde87b4c3d097d0315953521681ba2cd523ee66e5077c3711f7021e65de?s=96&d=mm&r=g\",\"contentUrl\":\"https:\/\/secure.gravatar.com\/avatar\/497d5cde87b4c3d097d0315953521681ba2cd523ee66e5077c3711f7021e65de?s=96&d=mm&r=g\",\"caption\":\"Francisco Javier Fern\u00e1ndez Chento\"},\"description\":\"Director General y cofundador de La Red de Formaci\u00f3n Vicenciana. Javier es laico vicenciano, afiliado a la Congregaci\u00f3n de la Misi\u00f3n y miembro del Equipo de Misiones Populares de la provincia can\u00f3nica de Zaragoza (Espa\u00f1a) de la Congregaci\u00f3n de la Misi\u00f3n. Graduado en la Universidad Oberta de Catalunya con cuatro grados (Asistente de direcci\u00f3n, Gesti\u00f3n Administrativa, Recursos Humanos y Contabilidad Avanzada). Bil\u00edng\u00fce Espa\u00f1ol\/Ingl\u00e9s. gestiona y mantiene varias p\u00e1ginas web cristianas y vicencianas, incluida including La Red de Formaci\u00f3n Vicenciana, de la que es cofundador. Actualmente es responsable del \u00e1rea de Espa\u00f1ol de .famvin, la Red de Noticias de la Familia Vicenciana. Tambi\u00e9n es m\u00fasico cat\u00f3lico y ha editado varios discos. Es Director General y cofundador de Trovador, una reconocida compa\u00f1\u00eda discogr\u00e1fica critiana de Espa\u00f1a. Trabaja en las Tecnolog\u00edas de la Informaci\u00f3n, ofreciendo servicios de alojamiento, dise\u00f1o y mantenimiento Web, as\u00ed como asesoramiento, formaci\u00f3n y soluciones inform\u00e1ticas, gesti\u00f3n documental y digitalizaci\u00f3n de textos, edici\u00f3n y maquetaci\u00f3n de libros, revistas, flyers, etc.\",\"sameAs\":[\"http:\/\/chento.org\",\"https:\/\/www.facebook.com\/JavierChento\",\"https:\/\/x.com\/https:\/\/twitter.com\/javierchento\"],\"url\":\"https:\/\/vincentians.com\/es\/author\/chento\/\"}]}<\/script>\n<!-- \/ Yoast SEO plugin. -->","yoast_head_json":{"title":"Vida de san Vicente de Pa\u00fal: Libro Tercero, Cap\u00edtulo 8, Secci\u00f3n 1 - Somos Vicencianos","robots":{"index":"index","follow":"follow","max-snippet":"max-snippet:-1","max-image-preview":"max-image-preview:large","max-video-preview":"max-video-preview:-1"},"canonical":"https:\/\/vincentians.com\/es\/vida-de-san-vicente-de-paul-libro-tercero-capitulo-8-seccion-1\/","og_locale":"es_ES","og_type":"article","og_title":"Vida de san Vicente de Pa\u00fal: Libro Tercero, Cap\u00edtulo 8, Secci\u00f3n 1 - Somos Vicencianos","og_description":"Devoci\u00f3n particular al Sant\u00edsimo Sacramento del Altar Pero una de las m\u00e1s grandes y m\u00e1s singulares devociones del Sr. Vicente ha sido la de la Sant\u00edsima Eucarist\u00eda considerada no solamente como Sacrificio, (hemos hablado de ... Read More","og_url":"https:\/\/vincentians.com\/es\/vida-de-san-vicente-de-paul-libro-tercero-capitulo-8-seccion-1\/","og_site_name":"Somos Vicencianos","article_publisher":"https:\/\/www.facebook.com\/WeAreVincentians\/","article_author":"https:\/\/www.facebook.com\/JavierChento","article_published_time":"2011-06-05T00:55:29+00:00","article_modified_time":"2016-07-26T15:24:49+00:00","og_image":[{"width":1200,"height":630,"url":"https:\/\/i0.wp.com\/vincentians.com\/es\/wp-content\/uploads\/sites\/11\/2016\/07\/abelly-feat.jpg?fit=1200%2C630&ssl=1","type":"image\/jpeg"}],"author":"Francisco Javier Fern\u00e1ndez Chento","twitter_card":"summary_large_image","twitter_creator":"@https:\/\/twitter.com\/javierchento","twitter_site":"@WeVincentians","twitter_misc":{"Escrito por":"Francisco Javier Fern\u00e1ndez Chento","Tiempo de lectura":"14 minutos"},"schema":{"@context":"https:\/\/schema.org","@graph":[{"@type":"Article","@id":"https:\/\/vincentians.com\/es\/vida-de-san-vicente-de-paul-libro-tercero-capitulo-8-seccion-1\/#article","isPartOf":{"@id":"https:\/\/vincentians.com\/es\/vida-de-san-vicente-de-paul-libro-tercero-capitulo-8-seccion-1\/"},"author":{"name":"Francisco Javier Fern\u00e1ndez Chento","@id":"https:\/\/vincentians.com\/es\/#\/schema\/person\/9623ef4d9aa3b2dfb8c061f1499288f2"},"headline":"Vida de san Vicente de Pa\u00fal: Libro Tercero, Cap\u00edtulo 8, Secci\u00f3n 1","datePublished":"2011-06-05T00:55:29+00:00","dateModified":"2016-07-26T15:24:49+00:00","mainEntityOfPage":{"@id":"https:\/\/vincentians.com\/es\/vida-de-san-vicente-de-paul-libro-tercero-capitulo-8-seccion-1\/"},"wordCount":2904,"commentCount":0,"publisher":{"@id":"https:\/\/vincentians.com\/es\/#organization"},"image":{"@id":"https:\/\/vincentians.com\/es\/vida-de-san-vicente-de-paul-libro-tercero-capitulo-8-seccion-1\/#primaryimage"},"thumbnailUrl":"https:\/\/i0.wp.com\/vincentians.com\/es\/wp-content\/uploads\/sites\/11\/2016\/07\/abelly-feat.jpg?fit=1200%2C630&ssl=1","keywords":["Abelly","San L\u00e1zaro"],"articleSection":["Escritos de Luis Abelly","Vicente de Pa\u00fal"],"inLanguage":"es","potentialAction":[{"@type":"CommentAction","name":"Comment","target":["https:\/\/vincentians.com\/es\/vida-de-san-vicente-de-paul-libro-tercero-capitulo-8-seccion-1\/#respond"]}]},{"@type":"WebPage","@id":"https:\/\/vincentians.com\/es\/vida-de-san-vicente-de-paul-libro-tercero-capitulo-8-seccion-1\/","url":"https:\/\/vincentians.com\/es\/vida-de-san-vicente-de-paul-libro-tercero-capitulo-8-seccion-1\/","name":"Vida de san Vicente de Pa\u00fal: Libro Tercero, Cap\u00edtulo 8, Secci\u00f3n 1 - Somos Vicencianos","isPartOf":{"@id":"https:\/\/vincentians.com\/es\/#website"},"primaryImageOfPage":{"@id":"https:\/\/vincentians.com\/es\/vida-de-san-vicente-de-paul-libro-tercero-capitulo-8-seccion-1\/#primaryimage"},"image":{"@id":"https:\/\/vincentians.com\/es\/vida-de-san-vicente-de-paul-libro-tercero-capitulo-8-seccion-1\/#primaryimage"},"thumbnailUrl":"https:\/\/i0.wp.com\/vincentians.com\/es\/wp-content\/uploads\/sites\/11\/2016\/07\/abelly-feat.jpg?fit=1200%2C630&ssl=1","datePublished":"2011-06-05T00:55:29+00:00","dateModified":"2016-07-26T15:24:49+00:00","breadcrumb":{"@id":"https:\/\/vincentians.com\/es\/vida-de-san-vicente-de-paul-libro-tercero-capitulo-8-seccion-1\/#breadcrumb"},"inLanguage":"es","potentialAction":[{"@type":"ReadAction","target":["https:\/\/vincentians.com\/es\/vida-de-san-vicente-de-paul-libro-tercero-capitulo-8-seccion-1\/"]}]},{"@type":"ImageObject","inLanguage":"es","@id":"https:\/\/vincentians.com\/es\/vida-de-san-vicente-de-paul-libro-tercero-capitulo-8-seccion-1\/#primaryimage","url":"https:\/\/i0.wp.com\/vincentians.com\/es\/wp-content\/uploads\/sites\/11\/2016\/07\/abelly-feat.jpg?fit=1200%2C630&ssl=1","contentUrl":"https:\/\/i0.wp.com\/vincentians.com\/es\/wp-content\/uploads\/sites\/11\/2016\/07\/abelly-feat.jpg?fit=1200%2C630&ssl=1","width":1200,"height":630},{"@type":"BreadcrumbList","@id":"https:\/\/vincentians.com\/es\/vida-de-san-vicente-de-paul-libro-tercero-capitulo-8-seccion-1\/#breadcrumb","itemListElement":[{"@type":"ListItem","position":1,"name":"Portada","item":"https:\/\/vincentians.com\/es\/"},{"@type":"ListItem","position":2,"name":"Vida de san Vicente de Pa\u00fal: Libro Tercero, Cap\u00edtulo 8, Secci\u00f3n 1"}]},{"@type":"WebSite","@id":"https:\/\/vincentians.com\/es\/#website","url":"https:\/\/vincentians.com\/es\/","name":"Somos Vicencianos","description":"Know more to serve more","publisher":{"@id":"https:\/\/vincentians.com\/es\/#organization"},"potentialAction":[{"@type":"SearchAction","target":{"@type":"EntryPoint","urlTemplate":"https:\/\/vincentians.com\/es\/?s={search_term_string}"},"query-input":{"@type":"PropertyValueSpecification","valueRequired":true,"valueName":"search_term_string"}}],"inLanguage":"es"},{"@type":"Organization","@id":"https:\/\/vincentians.com\/es\/#organization","name":"The Vincentian Network","url":"https:\/\/vincentians.com\/es\/","logo":{"@type":"ImageObject","inLanguage":"es","@id":"https:\/\/vincentians.com\/es\/#\/schema\/logo\/image\/","url":"https:\/\/i1.wp.com\/vincentians.com\/es\/wp-content\/uploads\/sites\/11\/2016\/06\/Vincentian-Network-logo-big.png?fit=778%2C778","contentUrl":"https:\/\/i1.wp.com\/vincentians.com\/es\/wp-content\/uploads\/sites\/11\/2016\/06\/Vincentian-Network-logo-big.png?fit=778%2C778","width":778,"height":778,"caption":"The Vincentian Network"},"image":{"@id":"https:\/\/vincentians.com\/es\/#\/schema\/logo\/image\/"},"sameAs":["https:\/\/www.facebook.com\/WeAreVincentians\/","https:\/\/x.com\/WeVincentians"]},{"@type":"Person","@id":"https:\/\/vincentians.com\/es\/#\/schema\/person\/9623ef4d9aa3b2dfb8c061f1499288f2","name":"Francisco Javier Fern\u00e1ndez Chento","image":{"@type":"ImageObject","inLanguage":"es","@id":"https:\/\/vincentians.com\/es\/#\/schema\/person\/image\/","url":"https:\/\/secure.gravatar.com\/avatar\/497d5cde87b4c3d097d0315953521681ba2cd523ee66e5077c3711f7021e65de?s=96&d=mm&r=g","contentUrl":"https:\/\/secure.gravatar.com\/avatar\/497d5cde87b4c3d097d0315953521681ba2cd523ee66e5077c3711f7021e65de?s=96&d=mm&r=g","caption":"Francisco Javier Fern\u00e1ndez Chento"},"description":"Director General y cofundador de La Red de Formaci\u00f3n Vicenciana. Javier es laico vicenciano, afiliado a la Congregaci\u00f3n de la Misi\u00f3n y miembro del Equipo de Misiones Populares de la provincia can\u00f3nica de Zaragoza (Espa\u00f1a) de la Congregaci\u00f3n de la Misi\u00f3n. Graduado en la Universidad Oberta de Catalunya con cuatro grados (Asistente de direcci\u00f3n, Gesti\u00f3n Administrativa, Recursos Humanos y Contabilidad Avanzada). Bil\u00edng\u00fce Espa\u00f1ol\/Ingl\u00e9s. gestiona y mantiene varias p\u00e1ginas web cristianas y vicencianas, incluida including La Red de Formaci\u00f3n Vicenciana, de la que es cofundador. Actualmente es responsable del \u00e1rea de Espa\u00f1ol de .famvin, la Red de Noticias de la Familia Vicenciana. Tambi\u00e9n es m\u00fasico cat\u00f3lico y ha editado varios discos. Es Director General y cofundador de Trovador, una reconocida compa\u00f1\u00eda discogr\u00e1fica critiana de Espa\u00f1a. Trabaja en las Tecnolog\u00edas de la Informaci\u00f3n, ofreciendo servicios de alojamiento, dise\u00f1o y mantenimiento Web, as\u00ed como asesoramiento, formaci\u00f3n y soluciones inform\u00e1ticas, gesti\u00f3n documental y digitalizaci\u00f3n de textos, edici\u00f3n y maquetaci\u00f3n de libros, revistas, flyers, etc.","sameAs":["http:\/\/chento.org","https:\/\/www.facebook.com\/JavierChento","https:\/\/x.com\/https:\/\/twitter.com\/javierchento"],"url":"https:\/\/vincentians.com\/es\/author\/chento\/"}]}},"jetpack_publicize_connections":[],"jetpack_featured_media_url":"https:\/\/i0.wp.com\/vincentians.com\/es\/wp-content\/uploads\/sites\/11\/2016\/07\/abelly-feat.jpg?fit=1200%2C630&ssl=1","jetpack_sharing_enabled":true,"jetpack_shortlink":"https:\/\/wp.me\/p7ETMF-aaD","jetpack-related-posts":[{"id":405790,"url":"https:\/\/vincentians.com\/es\/san-vicente-de-paul-y-la-compania-del-santisimo-sacramento-ii\/","url_meta":{"origin":39099,"position":0},"title":"San Vicente de Pa\u00fal y la \u201cCompa\u00f1\u00eda del Sant\u00edsimo Sacramento\u201d (II)","author":"Mitxel Olabu\u00e9naga","date":"16\/04\/2025","format":false,"excerpt":"II Veamos ahora cu\u00e1l es en el movimiento de las ideas, \u00f3 en la realizaci\u00f3n de las obras de celo, la parte que corresponde a San Vicente de Pa\u00fal. Esta es una cuesti\u00f3n que muchos se han propuesto. El Sr. G. de Grandmaison muestra su apreciaci\u00f3n en estos t\u00e9rminos: \u00abLa\u2026","rel":"","context":"En \u00abFormaci\u00f3n Vicenciana\u00bb","block_context":{"text":"Formaci\u00f3n Vicenciana","link":"https:\/\/vincentians.com\/es\/category\/formacion-vicenciana\/"},"img":{"alt_text":"","src":"https:\/\/i0.wp.com\/vincentians.com\/es\/wp-content\/uploads\/sites\/11\/2023\/08\/aa.jpg?fit=848%2C565&ssl=1&resize=350%2C200","width":350,"height":200,"srcset":"https:\/\/i0.wp.com\/vincentians.com\/es\/wp-content\/uploads\/sites\/11\/2023\/08\/aa.jpg?fit=848%2C565&ssl=1&resize=350%2C200 1x, https:\/\/i0.wp.com\/vincentians.com\/es\/wp-content\/uploads\/sites\/11\/2023\/08\/aa.jpg?fit=848%2C565&ssl=1&resize=525%2C300 1.5x, https:\/\/i0.wp.com\/vincentians.com\/es\/wp-content\/uploads\/sites\/11\/2023\/08\/aa.jpg?fit=848%2C565&ssl=1&resize=700%2C400 2x"},"classes":[]},{"id":34576,"url":"https:\/\/vincentians.com\/es\/el-senor-vicente-visto-por-su-secretario-luis-robineau-articulos-131-al-135\/","url_meta":{"origin":39099,"position":1},"title":"El se\u00f1or Vicente visto por su secretario, Luis Robineau. Art\u00edculos 131 al 135","author":"Francisco Javier Fern\u00e1ndez Chento","date":"27\/05\/2025","format":false,"excerpt":"131. Levantarse por la ma\u00f1ana a pesar de la inclemencia del tiempo y de sus enfermedades. La puntualidad, al levantarse todas las ma\u00f1anas, a las cuatro, mien\u00adtras fue capaz de hacerlo sin miramientos a los rigores del invierno y a los insomnios de su cuerpo, hasta a veces con fiebre,\u2026","rel":"","context":"En \u00abEscritos de Luis Robineau\u00bb","block_context":{"text":"Escritos de Luis Robineau","link":"https:\/\/vincentians.com\/es\/category\/escritos\/escritos-de-luis-robineau\/"},"img":{"alt_text":"","src":"https:\/\/i0.wp.com\/vincentians.com\/es\/wp-content\/uploads\/sites\/11\/2023\/08\/aaaf.jpg?fit=1200%2C827&ssl=1&resize=350%2C200","width":350,"height":200,"srcset":"https:\/\/i0.wp.com\/vincentians.com\/es\/wp-content\/uploads\/sites\/11\/2023\/08\/aaaf.jpg?fit=1200%2C827&ssl=1&resize=350%2C200 1x, https:\/\/i0.wp.com\/vincentians.com\/es\/wp-content\/uploads\/sites\/11\/2023\/08\/aaaf.jpg?fit=1200%2C827&ssl=1&resize=525%2C300 1.5x, https:\/\/i0.wp.com\/vincentians.com\/es\/wp-content\/uploads\/sites\/11\/2023\/08\/aaaf.jpg?fit=1200%2C827&ssl=1&resize=700%2C400 2x, https:\/\/i0.wp.com\/vincentians.com\/es\/wp-content\/uploads\/sites\/11\/2023\/08\/aaaf.jpg?fit=1200%2C827&ssl=1&resize=1050%2C600 3x"},"classes":[]},{"id":39101,"url":"https:\/\/vincentians.com\/es\/vida-de-san-vicente-de-paul-libro-tercero-capitulo-9\/","url_meta":{"origin":39099,"position":2},"title":"Vida de san Vicente de Pa\u00fal: Libro Tercero, Cap\u00edtulo 9","author":"Francisco Javier Fern\u00e1ndez Chento","date":"06\/01\/2021","format":false,"excerpt":"Devoci\u00f3n a la Sant\u00edsima Virgen, Madre de Dios, y a otros Santos Debemos honrar \u2014dice el gran San Bernardo\u2014con los afectos m\u00e1s \u00edntimos de nuestro coraz\u00f3n a la Sant\u00edsima Virgen Mar\u00eda, porque es as\u00ed la voluntad de Aqu\u00e9l que ha querido que por medio de esa incomparable Virgen recibi\u00e9ramos toda\u2026","rel":"","context":"En \u00abEscritos de Luis Abelly\u00bb","block_context":{"text":"Escritos de Luis Abelly","link":"https:\/\/vincentians.com\/es\/category\/escritos\/escritos-de-luis-abelly\/"},"img":{"alt_text":"","src":"https:\/\/i0.wp.com\/vincentians.com\/es\/wp-content\/uploads\/sites\/11\/2016\/07\/abelly-feat.jpg?fit=1200%2C630&ssl=1&resize=350%2C200","width":350,"height":200,"srcset":"https:\/\/i0.wp.com\/vincentians.com\/es\/wp-content\/uploads\/sites\/11\/2016\/07\/abelly-feat.jpg?fit=1200%2C630&ssl=1&resize=350%2C200 1x, https:\/\/i0.wp.com\/vincentians.com\/es\/wp-content\/uploads\/sites\/11\/2016\/07\/abelly-feat.jpg?fit=1200%2C630&ssl=1&resize=525%2C300 1.5x, https:\/\/i0.wp.com\/vincentians.com\/es\/wp-content\/uploads\/sites\/11\/2016\/07\/abelly-feat.jpg?fit=1200%2C630&ssl=1&resize=700%2C400 2x, https:\/\/i0.wp.com\/vincentians.com\/es\/wp-content\/uploads\/sites\/11\/2016\/07\/abelly-feat.jpg?fit=1200%2C630&ssl=1&resize=1050%2C600 3x"},"classes":[]},{"id":36977,"url":"https:\/\/vincentians.com\/es\/el-senor-vicente-visto-por-su-secretario-luis-robineau-articulos-141-al-145\/","url_meta":{"origin":39099,"position":3},"title":"El se\u00f1or Vicente visto por su secretario, Luis Robineau. Art\u00edculos 141 al 145","author":"Francisco Javier Fern\u00e1ndez Chento","date":"07\/06\/2025","format":false,"excerpt":"141. Primac\u00eda de la Oraci\u00f3n. Si ten\u00eda que emprender alguna cosa importante, precisaba dedicar\u00adse en primer lugar y antes que a ninguna otra cosa, a su devoci\u00f3n y a las oraciones de su Compa\u00f1\u00eda, acudiendo a Dios para saber lo que hab\u00eda que hacer. 142. Caracter\u00edsticas de la predicaci\u00f3n. Su\u2026","rel":"","context":"En \u00abEscritos de Luis Robineau\u00bb","block_context":{"text":"Escritos de Luis Robineau","link":"https:\/\/vincentians.com\/es\/category\/escritos\/escritos-de-luis-robineau\/"},"img":{"alt_text":"","src":"https:\/\/i0.wp.com\/vincentians.com\/es\/wp-content\/uploads\/sites\/11\/2013\/04\/g-5.jpg?fit=1170%2C692&ssl=1&resize=350%2C200","width":350,"height":200,"srcset":"https:\/\/i0.wp.com\/vincentians.com\/es\/wp-content\/uploads\/sites\/11\/2013\/04\/g-5.jpg?fit=1170%2C692&ssl=1&resize=350%2C200 1x, https:\/\/i0.wp.com\/vincentians.com\/es\/wp-content\/uploads\/sites\/11\/2013\/04\/g-5.jpg?fit=1170%2C692&ssl=1&resize=525%2C300 1.5x, https:\/\/i0.wp.com\/vincentians.com\/es\/wp-content\/uploads\/sites\/11\/2013\/04\/g-5.jpg?fit=1170%2C692&ssl=1&resize=700%2C400 2x, https:\/\/i0.wp.com\/vincentians.com\/es\/wp-content\/uploads\/sites\/11\/2013\/04\/g-5.jpg?fit=1170%2C692&ssl=1&resize=1050%2C600 3x"},"classes":[]},{"id":398639,"url":"https:\/\/vincentians.com\/es\/aportacion-del-carisma-vicenciano-la-mision-la-iglesia-3\/","url_meta":{"origin":39099,"position":4},"title":"Aportaci\u00f3n del carisma vicenciano a la Misi\u00f3n de la Iglesia (3)","author":"Francisco Javier Fern\u00e1ndez Chento","date":"06\/08\/2016","format":false,"excerpt":"3.- La participaci\u00f3n de los laicos, y particularmente de la mujer, en la Misi\u00f3n de los ap\u00f3stoles. Los bi\u00f3grafos de San Vicente de Pa\u00fal y de Santa Luisa de Marillac destacan su importante contribuci\u00f3n a la promoci\u00f3n de los laicos, y particularmente de la mujer, al apostolado en la Iglesia.\u2026","rel":"","context":"En \u00abFormaci\u00f3n Vicenciana\u00bb","block_context":{"text":"Formaci\u00f3n Vicenciana","link":"https:\/\/vincentians.com\/es\/category\/formacion-vicenciana\/"},"img":{"alt_text":"","src":"https:\/\/i0.wp.com\/vincentians.com\/es\/wp-content\/uploads\/sites\/11\/2016\/06\/contributions-charism.jpg?fit=1200%2C630&ssl=1&resize=350%2C200","width":350,"height":200,"srcset":"https:\/\/i0.wp.com\/vincentians.com\/es\/wp-content\/uploads\/sites\/11\/2016\/06\/contributions-charism.jpg?fit=1200%2C630&ssl=1&resize=350%2C200 1x, https:\/\/i0.wp.com\/vincentians.com\/es\/wp-content\/uploads\/sites\/11\/2016\/06\/contributions-charism.jpg?fit=1200%2C630&ssl=1&resize=525%2C300 1.5x, https:\/\/i0.wp.com\/vincentians.com\/es\/wp-content\/uploads\/sites\/11\/2016\/06\/contributions-charism.jpg?fit=1200%2C630&ssl=1&resize=700%2C400 2x, https:\/\/i0.wp.com\/vincentians.com\/es\/wp-content\/uploads\/sites\/11\/2016\/06\/contributions-charism.jpg?fit=1200%2C630&ssl=1&resize=1050%2C600 3x"},"classes":[]},{"id":121252,"url":"https:\/\/vincentians.com\/es\/san-vicente-de-paul-nacio-en-francia-i-nacimiento\/","url_meta":{"origin":39099,"position":5},"title":"San Vicente de Pa\u00fal naci\u00f3 en Francia. I. Nacimiento","author":"Francisco Javier Fern\u00e1ndez Chento","date":"26\/04\/2015","format":false,"excerpt":"Vincentius a Pa\u00falo, natione Gallus, Podii non procul ab Aquis Tarbellis in Aquitania natus. (Breviario romano, 19 julio.) Primera parte Se public\u00f3 en Barcelona (Espa\u00f1a), como ap\u00e9ndice a la traducci\u00f3n de la obra del Sr. Arturo Loth: San Vicente de Pa\u00fal y su misi\u00f3n social, una tesis hist\u00f3rica en extremo\u2026","rel":"","context":"En \u00abVicente de Pa\u00fal\u00bb","block_context":{"text":"Vicente de Pa\u00fal","link":"https:\/\/vincentians.com\/es\/category\/la-familia-vicenciana\/fundadores\/vicente-de-paul\/"},"img":{"alt_text":"pemartin","src":"https:\/\/i0.wp.com\/vicencianos.org\/wp-content\/2013\/04\/pemartin-189x300.jpg?resize=350%2C200","width":350,"height":200},"classes":[]}],"_links":{"self":[{"href":"https:\/\/vincentians.com\/es\/wp-json\/wp\/v2\/posts\/39099","targetHints":{"allow":["GET"]}}],"collection":[{"href":"https:\/\/vincentians.com\/es\/wp-json\/wp\/v2\/posts"}],"about":[{"href":"https:\/\/vincentians.com\/es\/wp-json\/wp\/v2\/types\/post"}],"author":[{"embeddable":true,"href":"https:\/\/vincentians.com\/es\/wp-json\/wp\/v2\/users\/4"}],"replies":[{"embeddable":true,"href":"https:\/\/vincentians.com\/es\/wp-json\/wp\/v2\/comments?post=39099"}],"version-history":[{"count":0,"href":"https:\/\/vincentians.com\/es\/wp-json\/wp\/v2\/posts\/39099\/revisions"}],"wp:featuredmedia":[{"embeddable":true,"href":"https:\/\/vincentians.com\/es\/wp-json\/wp\/v2\/media\/149583"}],"wp:attachment":[{"href":"https:\/\/vincentians.com\/es\/wp-json\/wp\/v2\/media?parent=39099"}],"wp:term":[{"taxonomy":"category","embeddable":true,"href":"https:\/\/vincentians.com\/es\/wp-json\/wp\/v2\/categories?post=39099"},{"taxonomy":"post_tag","embeddable":true,"href":"https:\/\/vincentians.com\/es\/wp-json\/wp\/v2\/tags?post=39099"}],"curies":[{"name":"wp","href":"https:\/\/api.w.org\/{rel}","templated":true}]}}