{"id":39074,"date":"2011-05-25T02:55:29","date_gmt":"2011-05-25T00:55:29","guid":{"rendered":"http:\/\/somos.vicencianos.org\/blog\/2011\/05\/vida-de-san-vicente-de-paul-libro-tercero-capitulo-3-seccion-1\/"},"modified":"2016-07-26T17:24:50","modified_gmt":"2016-07-26T15:24:50","slug":"vida-de-san-vicente-de-paul-libro-tercero-capitulo-3-seccion-1","status":"publish","type":"post","link":"https:\/\/vincentians.com\/es\/vida-de-san-vicente-de-paul-libro-tercero-capitulo-3-seccion-1\/","title":{"rendered":"Vida de san Vicente de Pa\u00fal: Libro Tercero, Cap\u00edtulo 3, Secci\u00f3n 1"},"content":{"rendered":"<div id=\"attachment_28831\" style=\"width: 208px\" class=\"wp-caption alignright\"><a href=\"https:\/\/i0.wp.com\/vicencianos.org\/wp-content\/2011\/01\/abelly.jpg\"><img data-recalc-dims=\"1\" loading=\"lazy\" decoding=\"async\" aria-describedby=\"caption-attachment-28831\" class=\"size-medium wp-image-28831\" title=\"Luis Abelly\" src=\"https:\/\/i0.wp.com\/vicencianos.org\/wp-content\/2011\/01\/abelly-198x300.jpg?resize=198%2C300\" alt=\"Luis Abelly\" width=\"198\" height=\"300\" \/><\/a><p id=\"caption-attachment-28831\" class=\"wp-caption-text\">Luis Abelly<\/p><\/div>\n<p><strong>Continuaci\u00f3n del mismo asunto <\/strong><\/p>\n<p>Aunque la confianza que el Sr. Vicente ten\u00eda en Dios era tan grande en las necesidades e indigencias que sufr\u00eda en su persona, o en la de los suyos, como acabamos de ver, no lo era menos en las tribulaciones, contratiempos y en otras circunstancias lamentables y peligrosas que le ocurrieron. Ya lo hemos hecho notar, que en algunas contrariedades que hab\u00eda experimentado y en algunos apuros de sus asuntos en que se hab\u00eda visto, no se le vio nunca abatido ni desanimado, sino siempre lleno de confianza en Dios, con una continua igualdad de esp\u00edritu, y un perfecto abandono en su divina Providencia. Y sol\u00eda estar encantado por haberse hallado en semejantes coyunturas para ponerse en una dependencia m\u00e1s completa y m\u00e1s absoluta de la divina Voluntad.<\/p>\n<p>Un superior de una de las casas principales de su Congregaci\u00f3n le hab\u00eda escrito, que andaban promoviendo grandes intrigas para desprestigiar su Comunidad, y que hab\u00eda tambi\u00e9n personas influyentes que apoyaban los perversos proyectos de sus adversarios. El Sr. Vicente le respondi\u00f3 en estos t\u00e9rminos: <em>\u00abEn cuanto a las intrigas que utilizan contra nosotros, roguemos a Dios que nos libre de ese esp\u00edritu; que si lo condenamos en los dem\u00e1s, es todav\u00eda m\u00e1s razonable que nos apartemos de \u00e9l. Es una falta contra la Providencia Divina, que hace a los que la cometen indignos de las atenciones que Dios tiene de cada uno. Pong\u00e1monos bajo la entera dependencia de su santa direcci\u00f3n, y con la confianza de que, actuando de esa forma, todo lo que los hombres hagan o digan contra nosotros se convertir\u00e1 en bien. S\u00ed, se\u00f1or. Por m\u00e1s que toda la tierra se empe\u00f1e en perdernos, no suceder\u00e1 m\u00e1s que lo que Dios quiera; en El hemos puesto nuestra esperanza. Le ruego que entre en este sentimiento, y que permanezca en \u00e9l, de forma que nunca m\u00e1s ocupe su esp\u00edritu en esos temores in\u00fatiles\u00bb.<\/em><\/p>\n<p>Hay adem\u00e1s una cosa, en la que el Sr. Vicente ha dejado ver qu\u00e9 perfecta era su confianza en Dios. Se refiere a la conservaci\u00f3n y la propagaci\u00f3n de su Congregaci\u00f3n. Pues, a pesar de que le era m\u00e1s querida que su propia vida, con todo quer\u00eda, en eso igual que en todo lo dem\u00e1s, depender totalmente de la Providencia de Dios; en ella pon\u00eda toda su confianza para todo lo que se refer\u00eda al bien y al crecimiento de la querida Compa\u00f1\u00eda. Y a fin de que esa dependencia fuera m\u00e1s absoluta, y esta confianza m\u00e1s perfecta, nunca quiso obrar en nada por s\u00ed mismo para procurarle ni beneficios, ni casas, ni fundaciones, ni atraer a ella ninguna clase de s\u00fabditos, con la esperanza puesta enteramente s\u00f3lo en la Providencia de Dios. Cuando ven\u00edan a ofrecerle algunos regalos, manifestaba m\u00e1s repugnancia en aceptar los m\u00e1s grandes que los peque\u00f1os. Cuando se trataba de admitir algunas personas en su Congregaci\u00f3n, presentaba mayor dificultad en recibir a los que eran de alguna familia notable o de alguna cualidad destacada en el mundo, que a los de condici\u00f3n m\u00e1s inferior. No es que hiciera acepci\u00f3n de personas, sino que desconfiaba mucho de todo lo que pudiera venir de los movimientos de la naturaleza, o de las consideraciones del respeto humano, y tem\u00eda que aquello no le alejara de las \u00f3rdenes y de la direcci\u00f3n de la Providencia Divina. Por eso, sent\u00eda de ordinario desconfianza ante todo lo que superaba la mediocridad, incluso de los esp\u00edritus m\u00e1s grandes y m\u00e1s elevados, si no los ve\u00eda dotados de verdadera y sincera humildad. Cre\u00eda que los que no estaban en posesi\u00f3n de tantos talentos naturales o adquiridos estaban m\u00e1s dispuestos a confiar en Dios; y que, por consiguiente, eran m\u00e1s aptos para su Congregaci\u00f3n; en ella podr\u00edan triunfar con m\u00e1s bendici\u00f3n que los otros, quienes frecuentemente suelen apoyarse m\u00e1s en s\u00ed mismos y menos en Dios. Un Prelado, que hab\u00eda observado bien aquella forma de actuar del Sr. Vicente, dec\u00eda con mucha raz\u00f3n: <em>\u00abQue aquella norma, que hab\u00eda introducido en su Congregaci\u00f3n, de no apreciar las grandes cualidades de la naturaleza, si no iban unidas a la virtud y sometidas a la gracia, era uno de los mejores medios que Dios le hab\u00eda inspirado para mantener la Congregaci\u00f3n en la pureza de su esp\u00edritu\u00bb.<\/em><\/p>\n<p>El Sr. Vicente recomendaba a menudo a los de su Compa\u00f1\u00eda que no pretendieran ni buscaran nunca nada para uso particular, o general de la Comunidad, ni empleos, ni comodidades, ni favores; sino que s\u00f3lo aceptaran con humildad y agradecimiento lo que Dios les enviaba; como tambi\u00e9n que no dejaran nunca divagar su esp\u00edritu en diligencias ni empresas con el pretexto de sus necesidades y de sus asuntos, sino que, teniendo un cuidado razonable y moderado de las cosas, dejaran todo lo dem\u00e1s a disposici\u00f3n y direcci\u00f3n de la Divina Providencia.<\/p>\n<p>He aqu\u00ed lo que le escribi\u00f3 un d\u00eda a un Sacerdote de la casa de Roma, que estaba ausente: \u00a0<em>\u00abTodos los d\u00edas me da usted \u2014<\/em>le dice<em>\u2014 motivos para alabar a Dios por su afecto a nuestra Compa\u00f1\u00eda y por su vigilancia en los asuntos; y as\u00ed lo hago de todo coraz\u00f3n. Pero me veo tambi\u00e9n obligado a decirle, como Nuestro Se\u00f1or a Marta, que hay un tanto de solicitud excesiva en su actuaci\u00f3n, y que una sola cosa es necesaria, a saber, darse m\u00e1s a Dios y a su protecci\u00f3n, cosa que usted no hace. La previsi\u00f3n es buena, cuando le est\u00e1 sometida, pero llega al exceso, cuando nos apresuramos en evitar algo que tememos: esperamos m\u00e1s de nuestras diligencias que de su Providencia, y pensamos hacer mucho, adelant\u00e1ndonos a sus \u00f3rdenes con nuestro desorden, que hace que nos adhiramos m\u00e1s bien a la prudencia humana, que a Su palabra. El Divino Salvador nos asegura en el Evangelio, que ni un pajarillo, ni siquiera un solo pelo de nuestra cabeza caer\u00e1 a tierra sin El. Y usted tiene miedo de que nuestra peque\u00f1a Congregaci\u00f3n no se pueda mantener, si no usamos de tales y cuales precauciones, y si no hacemos esto o lo otro, de forma que, si tardamos en hacerlo, otros se establecer\u00e1n sobre nuestras ruinas. En cuanto se levanta un nuevo proyecto contra nosotros, hay que hacerle frente; si viene alguno a aprovecharse de nuestra moderaci\u00f3n, hay adelantarse a \u00e9l, si no todo estar\u00e1 perdido. Ese es m\u00e1s o menos el sentido de sus cartas; y lo que es peor, es que su esp\u00edritu, que es vivo, se pone a obrar lo que usted dice, y en su calor piensa que tiene bastante luz, sin que necesite recibir m\u00e1s de otro lado. Se\u00f1or, ese procedimiento es poco conveniente para un misionero. Ser\u00eda mejor que hubiera cien misiones fundadas por otros, que haber perdido una sola. Si nuestro celo es bueno, debemos alegrarnos de que todo el mundo profetice, que Dios env\u00ede nuevos Obreros a su Iglesia, que su fama crezca, y que la nuestra meng\u00fce. Le ruego, se\u00f1or: confiemos m\u00e1s en Dios, dej\u00e9mosle conducir nuestra peque\u00f1a barca, si Le es \u00fatil, El la preservar\u00e1 del naufragio; y lejos de que la hunda ni la multitud, ni la magnitud de los otros barcos, por el contrario, navegar\u00e1 entre ellos con mayor seguridad, con tal de que vaya directamente a su fin, y no se entretenga en obstaculizarlos\u00bb.<\/em><\/p>\n<p>Cuando se trataba de conseguir en la Corte de Roma la erecci\u00f3n y la confirmaci\u00f3n de su Congregaci\u00f3n el a\u00f1o 1632, y, al mismo tiempo, el registro de la uni\u00f3n de la casa de San L\u00e1zaro, que eran las dos cosas sin las cuales aquella Compa\u00f1\u00eda incipiente no pod\u00eda subsistir, y aunque contra ambas se le enfrentaban grandes obst\u00e1culos y contrariedades, el Sr. Vicente, a pesar de todo, no dejaba de tener tal confianza en Dios, que por aquellos d\u00edas escribi\u00f3 a un Sacerdote de su Congregaci\u00f3n estas palabras dignas de notarse<em>:\u00bbS\u00f3lo temo por mis pecados, y no por el \u00e9xito de las Bulas y del asunto de San L\u00e1zaro, ni en Roma, ni en Par\u00eds. Temprano o tarde todo se har\u00e1. Qui timent Dominum, sperent in eo, adiutor eorum et protector eorum est\u00bb.<\/em><\/p>\n<p>Sobre eso hay que se\u00f1alar, que \u00e9l habla con cierta seguridad acerca del futuro feliz, no por presunci\u00f3n, pues teme por sus pecados y desconf\u00eda de s\u00ed mismo, sino por la perfecta confianza que tiene de que Dios, por haber dado el ser al cuerpecito de su Congregaci\u00f3n, no lo abandonar\u00eda, sino que lo llevar\u00eda hasta su perfecci\u00f3n. Y a prop\u00f3sito de esto, le hab\u00edan o\u00eddo decir alguna vez esta frase, que despu\u00e9s de que Dios ha comenzado a hacer el bien a una criatura, no deja de continuarlo hasta el fin, si ella no se vuelve indigna. Podemos a\u00f1adir aqu\u00ed lo que dijo un d\u00eda, en los comienzos de la fundaci\u00f3n de su Congregaci\u00f3n, a los de su Comunidad, al exhortarlos a concebir una perfecta confianza en Dios: <em>\u00abTengamos confianza en Dios, se\u00f1ores y hermanos m\u00edos \u2014<\/em>les dijo<em>\u2014, pero confiemos plena y perfectamente, y tengamos la seguridad de que habiendo empezado su obra en nosotros, El la acabar\u00e1. Porque, os pregunto, \u00bfqui\u00e9n la ha fundado? \u00bfQui\u00e9n es el que nos ha dedicado a las misiones, a los Ordenandos, a las Conferencias, a los Ejercicios, etc.? \u00bfSoy yo? De ninguna manera. \u00bfEs el Sr. Portail, que Dios ha puesto a mi lado desde el principio? Ni hablar, porque nosotros no pensamos en ello; no hab\u00edamos hecho ning\u00fan plan. Y \u00bfqui\u00e9n es el Autor de todo esto? Es Dios, es su Providencia paternal y su pura bondad. Porque nosotros no somos m\u00e1s que unos insignificantes obreros y pobres ignorantes; y entre nosotros hay pocas, o ninguna persona noble, poderosa, sabia o capaz de algo. Es pues Dios quien ha hecho todo esto, y quien lo ha hecho por tales personas, que le han parecido bien, a fin de que toda la gloria vuelva a El. Pongamos pues toda nuestra confianza en El; porque si la ponemos en los hombres, o bien, si nos apoyamos en alguna ventaja de la naturaleza, o de la fortuna, entonces Dios se retirar\u00e1 de nosotros. Mas, dir\u00e1 alguno, hay que hacerse amistades para s\u00ed y para la Compa\u00f1\u00eda. \u00a1Ay mis queridos Hermanos! \u00a1Guard\u00e9monos bien de escuchar semejante pensamiento, porque quedar\u00edamos defraudados! Busquemos solamente a Dios, y El nos proveer\u00e1 de amigos y de todas las dem\u00e1s cosas, de modo que no nos faltar\u00e1 nada. \u00bfQuieren saber por qu\u00e9 no tenemos \u00e9xito en algunos de nuestros trabajos? Porque nos apoyamos sobre nosotros mismos. Ese Predicador, ese Superior, ese Confesor, se f\u00eda demasiado de su prudencia, de su ciencia y de su propia inteligencia. \u00bfQu\u00e9 hace Dios? Se retira de \u00e9l, lo abandona; y aunque trabaja, todo lo que hace no produce fruto alguno, para que reconozca su inutilidad, y aprenda por propia experiencia que, aunque tenga talento, no puede nada sin Dios\u00bb.<\/em><\/p>\n","protected":false},"excerpt":{"rendered":"<p>Continuaci\u00f3n del mismo asunto Aunque la confianza que el Sr. Vicente ten\u00eda en Dios era tan grande en las necesidades e indigencias que sufr\u00eda en su persona, o en la de los suyos, como acabamos &#8230; <a href=\"https:\/\/vincentians.com\/es\/vida-de-san-vicente-de-paul-libro-tercero-capitulo-3-seccion-1\/\" class=\"more-link\">Read More<\/a><\/p>\n","protected":false},"author":4,"featured_media":149583,"comment_status":"open","ping_status":"open","sticky":false,"template":"","format":"standard","meta":{"jetpack_post_was_ever_published":false,"_jetpack_newsletter_access":"","_jetpack_dont_email_post_to_subs":false,"_jetpack_newsletter_tier_id":0,"_jetpack_memberships_contains_paywalled_content":false,"_jetpack_memberships_contains_paid_content":false,"footnotes":"","jetpack_publicize_message":"","jetpack_publicize_feature_enabled":true,"jetpack_social_post_already_shared":true,"jetpack_social_options":{"image_generator_settings":{"template":"highway","default_image_id":0,"font":"","enabled":false},"version":2}},"categories":[266,5],"tags":[218,127,143],"class_list":["post-39074","post","type-post","status-publish","format-standard","has-post-thumbnail","hentry","category-escritos-de-luis-abelly","category-vicente-de-paul","tag-abelly","tag-portail","tag-san-lazaro"],"yoast_head":"<!-- This site is optimized with the Yoast SEO plugin v26.3 - https:\/\/yoast.com\/wordpress\/plugins\/seo\/ -->\n<title>Vida de san Vicente de Pa\u00fal: Libro Tercero, Cap\u00edtulo 3, Secci\u00f3n 1 - Somos Vicencianos<\/title>\n<meta name=\"robots\" content=\"index, follow, max-snippet:-1, max-image-preview:large, max-video-preview:-1\" \/>\n<link rel=\"canonical\" href=\"https:\/\/vincentians.com\/es\/vida-de-san-vicente-de-paul-libro-tercero-capitulo-3-seccion-1\/\" \/>\n<meta property=\"og:locale\" content=\"es_ES\" \/>\n<meta property=\"og:type\" content=\"article\" \/>\n<meta property=\"og:title\" content=\"Vida de san Vicente de Pa\u00fal: Libro Tercero, Cap\u00edtulo 3, Secci\u00f3n 1 - Somos Vicencianos\" \/>\n<meta property=\"og:description\" content=\"Continuaci\u00f3n del mismo asunto Aunque la confianza que el Sr. Vicente ten\u00eda en Dios era tan grande en las necesidades e indigencias que sufr\u00eda en su persona, o en la de los suyos, como acabamos ... Read More\" \/>\n<meta property=\"og:url\" content=\"https:\/\/vincentians.com\/es\/vida-de-san-vicente-de-paul-libro-tercero-capitulo-3-seccion-1\/\" \/>\n<meta property=\"og:site_name\" content=\"Somos Vicencianos\" \/>\n<meta property=\"article:publisher\" content=\"https:\/\/www.facebook.com\/WeAreVincentians\/\" \/>\n<meta property=\"article:author\" content=\"https:\/\/www.facebook.com\/JavierChento\" \/>\n<meta property=\"article:published_time\" content=\"2011-05-25T00:55:29+00:00\" \/>\n<meta property=\"article:modified_time\" content=\"2016-07-26T15:24:50+00:00\" \/>\n<meta property=\"og:image\" content=\"https:\/\/i0.wp.com\/vincentians.com\/es\/wp-content\/uploads\/sites\/11\/2016\/07\/abelly-feat.jpg?fit=1200%2C630&ssl=1\" \/>\n\t<meta property=\"og:image:width\" content=\"1200\" \/>\n\t<meta property=\"og:image:height\" content=\"630\" \/>\n\t<meta property=\"og:image:type\" content=\"image\/jpeg\" \/>\n<meta name=\"author\" content=\"Francisco Javier Fern\u00e1ndez Chento\" \/>\n<meta name=\"twitter:card\" content=\"summary_large_image\" \/>\n<meta name=\"twitter:creator\" content=\"@https:\/\/twitter.com\/javierchento\" \/>\n<meta name=\"twitter:site\" content=\"@WeVincentians\" \/>\n<meta name=\"twitter:label1\" content=\"Escrito por\" \/>\n\t<meta name=\"twitter:data1\" content=\"Francisco Javier Fern\u00e1ndez Chento\" \/>\n\t<meta name=\"twitter:label2\" content=\"Tiempo de lectura\" \/>\n\t<meta name=\"twitter:data2\" content=\"10 minutos\" \/>\n<script type=\"application\/ld+json\" class=\"yoast-schema-graph\">{\"@context\":\"https:\/\/schema.org\",\"@graph\":[{\"@type\":\"Article\",\"@id\":\"https:\/\/vincentians.com\/es\/vida-de-san-vicente-de-paul-libro-tercero-capitulo-3-seccion-1\/#article\",\"isPartOf\":{\"@id\":\"https:\/\/vincentians.com\/es\/vida-de-san-vicente-de-paul-libro-tercero-capitulo-3-seccion-1\/\"},\"author\":{\"name\":\"Francisco Javier Fern\u00e1ndez Chento\",\"@id\":\"https:\/\/vincentians.com\/es\/#\/schema\/person\/9623ef4d9aa3b2dfb8c061f1499288f2\"},\"headline\":\"Vida de san Vicente de Pa\u00fal: Libro Tercero, Cap\u00edtulo 3, Secci\u00f3n 1\",\"datePublished\":\"2011-05-25T00:55:29+00:00\",\"dateModified\":\"2016-07-26T15:24:50+00:00\",\"mainEntityOfPage\":{\"@id\":\"https:\/\/vincentians.com\/es\/vida-de-san-vicente-de-paul-libro-tercero-capitulo-3-seccion-1\/\"},\"wordCount\":1969,\"commentCount\":0,\"publisher\":{\"@id\":\"https:\/\/vincentians.com\/es\/#organization\"},\"image\":{\"@id\":\"https:\/\/vincentians.com\/es\/vida-de-san-vicente-de-paul-libro-tercero-capitulo-3-seccion-1\/#primaryimage\"},\"thumbnailUrl\":\"https:\/\/i0.wp.com\/vincentians.com\/es\/wp-content\/uploads\/sites\/11\/2016\/07\/abelly-feat.jpg?fit=1200%2C630&ssl=1\",\"keywords\":[\"Abelly\",\"Portail\",\"San L\u00e1zaro\"],\"articleSection\":[\"Escritos de Luis Abelly\",\"Vicente de Pa\u00fal\"],\"inLanguage\":\"es\",\"potentialAction\":[{\"@type\":\"CommentAction\",\"name\":\"Comment\",\"target\":[\"https:\/\/vincentians.com\/es\/vida-de-san-vicente-de-paul-libro-tercero-capitulo-3-seccion-1\/#respond\"]}]},{\"@type\":\"WebPage\",\"@id\":\"https:\/\/vincentians.com\/es\/vida-de-san-vicente-de-paul-libro-tercero-capitulo-3-seccion-1\/\",\"url\":\"https:\/\/vincentians.com\/es\/vida-de-san-vicente-de-paul-libro-tercero-capitulo-3-seccion-1\/\",\"name\":\"Vida de san Vicente de Pa\u00fal: Libro Tercero, Cap\u00edtulo 3, Secci\u00f3n 1 - Somos Vicencianos\",\"isPartOf\":{\"@id\":\"https:\/\/vincentians.com\/es\/#website\"},\"primaryImageOfPage\":{\"@id\":\"https:\/\/vincentians.com\/es\/vida-de-san-vicente-de-paul-libro-tercero-capitulo-3-seccion-1\/#primaryimage\"},\"image\":{\"@id\":\"https:\/\/vincentians.com\/es\/vida-de-san-vicente-de-paul-libro-tercero-capitulo-3-seccion-1\/#primaryimage\"},\"thumbnailUrl\":\"https:\/\/i0.wp.com\/vincentians.com\/es\/wp-content\/uploads\/sites\/11\/2016\/07\/abelly-feat.jpg?fit=1200%2C630&ssl=1\",\"datePublished\":\"2011-05-25T00:55:29+00:00\",\"dateModified\":\"2016-07-26T15:24:50+00:00\",\"breadcrumb\":{\"@id\":\"https:\/\/vincentians.com\/es\/vida-de-san-vicente-de-paul-libro-tercero-capitulo-3-seccion-1\/#breadcrumb\"},\"inLanguage\":\"es\",\"potentialAction\":[{\"@type\":\"ReadAction\",\"target\":[\"https:\/\/vincentians.com\/es\/vida-de-san-vicente-de-paul-libro-tercero-capitulo-3-seccion-1\/\"]}]},{\"@type\":\"ImageObject\",\"inLanguage\":\"es\",\"@id\":\"https:\/\/vincentians.com\/es\/vida-de-san-vicente-de-paul-libro-tercero-capitulo-3-seccion-1\/#primaryimage\",\"url\":\"https:\/\/i0.wp.com\/vincentians.com\/es\/wp-content\/uploads\/sites\/11\/2016\/07\/abelly-feat.jpg?fit=1200%2C630&ssl=1\",\"contentUrl\":\"https:\/\/i0.wp.com\/vincentians.com\/es\/wp-content\/uploads\/sites\/11\/2016\/07\/abelly-feat.jpg?fit=1200%2C630&ssl=1\",\"width\":1200,\"height\":630},{\"@type\":\"BreadcrumbList\",\"@id\":\"https:\/\/vincentians.com\/es\/vida-de-san-vicente-de-paul-libro-tercero-capitulo-3-seccion-1\/#breadcrumb\",\"itemListElement\":[{\"@type\":\"ListItem\",\"position\":1,\"name\":\"Portada\",\"item\":\"https:\/\/vincentians.com\/es\/\"},{\"@type\":\"ListItem\",\"position\":2,\"name\":\"Vida de san Vicente de Pa\u00fal: Libro Tercero, Cap\u00edtulo 3, Secci\u00f3n 1\"}]},{\"@type\":\"WebSite\",\"@id\":\"https:\/\/vincentians.com\/es\/#website\",\"url\":\"https:\/\/vincentians.com\/es\/\",\"name\":\"Somos Vicencianos\",\"description\":\"Know more to serve more\",\"publisher\":{\"@id\":\"https:\/\/vincentians.com\/es\/#organization\"},\"potentialAction\":[{\"@type\":\"SearchAction\",\"target\":{\"@type\":\"EntryPoint\",\"urlTemplate\":\"https:\/\/vincentians.com\/es\/?s={search_term_string}\"},\"query-input\":{\"@type\":\"PropertyValueSpecification\",\"valueRequired\":true,\"valueName\":\"search_term_string\"}}],\"inLanguage\":\"es\"},{\"@type\":\"Organization\",\"@id\":\"https:\/\/vincentians.com\/es\/#organization\",\"name\":\"The Vincentian Network\",\"url\":\"https:\/\/vincentians.com\/es\/\",\"logo\":{\"@type\":\"ImageObject\",\"inLanguage\":\"es\",\"@id\":\"https:\/\/vincentians.com\/es\/#\/schema\/logo\/image\/\",\"url\":\"https:\/\/i1.wp.com\/vincentians.com\/es\/wp-content\/uploads\/sites\/11\/2016\/06\/Vincentian-Network-logo-big.png?fit=778%2C778\",\"contentUrl\":\"https:\/\/i1.wp.com\/vincentians.com\/es\/wp-content\/uploads\/sites\/11\/2016\/06\/Vincentian-Network-logo-big.png?fit=778%2C778\",\"width\":778,\"height\":778,\"caption\":\"The Vincentian Network\"},\"image\":{\"@id\":\"https:\/\/vincentians.com\/es\/#\/schema\/logo\/image\/\"},\"sameAs\":[\"https:\/\/www.facebook.com\/WeAreVincentians\/\",\"https:\/\/x.com\/WeVincentians\"]},{\"@type\":\"Person\",\"@id\":\"https:\/\/vincentians.com\/es\/#\/schema\/person\/9623ef4d9aa3b2dfb8c061f1499288f2\",\"name\":\"Francisco Javier Fern\u00e1ndez Chento\",\"image\":{\"@type\":\"ImageObject\",\"inLanguage\":\"es\",\"@id\":\"https:\/\/vincentians.com\/es\/#\/schema\/person\/image\/\",\"url\":\"https:\/\/secure.gravatar.com\/avatar\/497d5cde87b4c3d097d0315953521681ba2cd523ee66e5077c3711f7021e65de?s=96&d=mm&r=g\",\"contentUrl\":\"https:\/\/secure.gravatar.com\/avatar\/497d5cde87b4c3d097d0315953521681ba2cd523ee66e5077c3711f7021e65de?s=96&d=mm&r=g\",\"caption\":\"Francisco Javier Fern\u00e1ndez Chento\"},\"description\":\"Director General y cofundador de La Red de Formaci\u00f3n Vicenciana. Javier es laico vicenciano, afiliado a la Congregaci\u00f3n de la Misi\u00f3n y miembro del Equipo de Misiones Populares de la provincia can\u00f3nica de Zaragoza (Espa\u00f1a) de la Congregaci\u00f3n de la Misi\u00f3n. Graduado en la Universidad Oberta de Catalunya con cuatro grados (Asistente de direcci\u00f3n, Gesti\u00f3n Administrativa, Recursos Humanos y Contabilidad Avanzada). Bil\u00edng\u00fce Espa\u00f1ol\/Ingl\u00e9s. gestiona y mantiene varias p\u00e1ginas web cristianas y vicencianas, incluida including La Red de Formaci\u00f3n Vicenciana, de la que es cofundador. Actualmente es responsable del \u00e1rea de Espa\u00f1ol de .famvin, la Red de Noticias de la Familia Vicenciana. Tambi\u00e9n es m\u00fasico cat\u00f3lico y ha editado varios discos. Es Director General y cofundador de Trovador, una reconocida compa\u00f1\u00eda discogr\u00e1fica critiana de Espa\u00f1a. Trabaja en las Tecnolog\u00edas de la Informaci\u00f3n, ofreciendo servicios de alojamiento, dise\u00f1o y mantenimiento Web, as\u00ed como asesoramiento, formaci\u00f3n y soluciones inform\u00e1ticas, gesti\u00f3n documental y digitalizaci\u00f3n de textos, edici\u00f3n y maquetaci\u00f3n de libros, revistas, flyers, etc.\",\"sameAs\":[\"http:\/\/chento.org\",\"https:\/\/www.facebook.com\/JavierChento\",\"https:\/\/x.com\/https:\/\/twitter.com\/javierchento\"],\"url\":\"https:\/\/vincentians.com\/es\/author\/chento\/\"}]}<\/script>\n<!-- \/ Yoast SEO plugin. -->","yoast_head_json":{"title":"Vida de san Vicente de Pa\u00fal: Libro Tercero, Cap\u00edtulo 3, Secci\u00f3n 1 - Somos Vicencianos","robots":{"index":"index","follow":"follow","max-snippet":"max-snippet:-1","max-image-preview":"max-image-preview:large","max-video-preview":"max-video-preview:-1"},"canonical":"https:\/\/vincentians.com\/es\/vida-de-san-vicente-de-paul-libro-tercero-capitulo-3-seccion-1\/","og_locale":"es_ES","og_type":"article","og_title":"Vida de san Vicente de Pa\u00fal: Libro Tercero, Cap\u00edtulo 3, Secci\u00f3n 1 - Somos Vicencianos","og_description":"Continuaci\u00f3n del mismo asunto Aunque la confianza que el Sr. Vicente ten\u00eda en Dios era tan grande en las necesidades e indigencias que sufr\u00eda en su persona, o en la de los suyos, como acabamos ... Read More","og_url":"https:\/\/vincentians.com\/es\/vida-de-san-vicente-de-paul-libro-tercero-capitulo-3-seccion-1\/","og_site_name":"Somos Vicencianos","article_publisher":"https:\/\/www.facebook.com\/WeAreVincentians\/","article_author":"https:\/\/www.facebook.com\/JavierChento","article_published_time":"2011-05-25T00:55:29+00:00","article_modified_time":"2016-07-26T15:24:50+00:00","og_image":[{"width":1200,"height":630,"url":"https:\/\/i0.wp.com\/vincentians.com\/es\/wp-content\/uploads\/sites\/11\/2016\/07\/abelly-feat.jpg?fit=1200%2C630&ssl=1","type":"image\/jpeg"}],"author":"Francisco Javier Fern\u00e1ndez Chento","twitter_card":"summary_large_image","twitter_creator":"@https:\/\/twitter.com\/javierchento","twitter_site":"@WeVincentians","twitter_misc":{"Escrito por":"Francisco Javier Fern\u00e1ndez Chento","Tiempo de lectura":"10 minutos"},"schema":{"@context":"https:\/\/schema.org","@graph":[{"@type":"Article","@id":"https:\/\/vincentians.com\/es\/vida-de-san-vicente-de-paul-libro-tercero-capitulo-3-seccion-1\/#article","isPartOf":{"@id":"https:\/\/vincentians.com\/es\/vida-de-san-vicente-de-paul-libro-tercero-capitulo-3-seccion-1\/"},"author":{"name":"Francisco Javier Fern\u00e1ndez Chento","@id":"https:\/\/vincentians.com\/es\/#\/schema\/person\/9623ef4d9aa3b2dfb8c061f1499288f2"},"headline":"Vida de san Vicente de Pa\u00fal: Libro Tercero, Cap\u00edtulo 3, Secci\u00f3n 1","datePublished":"2011-05-25T00:55:29+00:00","dateModified":"2016-07-26T15:24:50+00:00","mainEntityOfPage":{"@id":"https:\/\/vincentians.com\/es\/vida-de-san-vicente-de-paul-libro-tercero-capitulo-3-seccion-1\/"},"wordCount":1969,"commentCount":0,"publisher":{"@id":"https:\/\/vincentians.com\/es\/#organization"},"image":{"@id":"https:\/\/vincentians.com\/es\/vida-de-san-vicente-de-paul-libro-tercero-capitulo-3-seccion-1\/#primaryimage"},"thumbnailUrl":"https:\/\/i0.wp.com\/vincentians.com\/es\/wp-content\/uploads\/sites\/11\/2016\/07\/abelly-feat.jpg?fit=1200%2C630&ssl=1","keywords":["Abelly","Portail","San L\u00e1zaro"],"articleSection":["Escritos de Luis Abelly","Vicente de Pa\u00fal"],"inLanguage":"es","potentialAction":[{"@type":"CommentAction","name":"Comment","target":["https:\/\/vincentians.com\/es\/vida-de-san-vicente-de-paul-libro-tercero-capitulo-3-seccion-1\/#respond"]}]},{"@type":"WebPage","@id":"https:\/\/vincentians.com\/es\/vida-de-san-vicente-de-paul-libro-tercero-capitulo-3-seccion-1\/","url":"https:\/\/vincentians.com\/es\/vida-de-san-vicente-de-paul-libro-tercero-capitulo-3-seccion-1\/","name":"Vida de san Vicente de Pa\u00fal: Libro Tercero, Cap\u00edtulo 3, Secci\u00f3n 1 - Somos Vicencianos","isPartOf":{"@id":"https:\/\/vincentians.com\/es\/#website"},"primaryImageOfPage":{"@id":"https:\/\/vincentians.com\/es\/vida-de-san-vicente-de-paul-libro-tercero-capitulo-3-seccion-1\/#primaryimage"},"image":{"@id":"https:\/\/vincentians.com\/es\/vida-de-san-vicente-de-paul-libro-tercero-capitulo-3-seccion-1\/#primaryimage"},"thumbnailUrl":"https:\/\/i0.wp.com\/vincentians.com\/es\/wp-content\/uploads\/sites\/11\/2016\/07\/abelly-feat.jpg?fit=1200%2C630&ssl=1","datePublished":"2011-05-25T00:55:29+00:00","dateModified":"2016-07-26T15:24:50+00:00","breadcrumb":{"@id":"https:\/\/vincentians.com\/es\/vida-de-san-vicente-de-paul-libro-tercero-capitulo-3-seccion-1\/#breadcrumb"},"inLanguage":"es","potentialAction":[{"@type":"ReadAction","target":["https:\/\/vincentians.com\/es\/vida-de-san-vicente-de-paul-libro-tercero-capitulo-3-seccion-1\/"]}]},{"@type":"ImageObject","inLanguage":"es","@id":"https:\/\/vincentians.com\/es\/vida-de-san-vicente-de-paul-libro-tercero-capitulo-3-seccion-1\/#primaryimage","url":"https:\/\/i0.wp.com\/vincentians.com\/es\/wp-content\/uploads\/sites\/11\/2016\/07\/abelly-feat.jpg?fit=1200%2C630&ssl=1","contentUrl":"https:\/\/i0.wp.com\/vincentians.com\/es\/wp-content\/uploads\/sites\/11\/2016\/07\/abelly-feat.jpg?fit=1200%2C630&ssl=1","width":1200,"height":630},{"@type":"BreadcrumbList","@id":"https:\/\/vincentians.com\/es\/vida-de-san-vicente-de-paul-libro-tercero-capitulo-3-seccion-1\/#breadcrumb","itemListElement":[{"@type":"ListItem","position":1,"name":"Portada","item":"https:\/\/vincentians.com\/es\/"},{"@type":"ListItem","position":2,"name":"Vida de san Vicente de Pa\u00fal: Libro Tercero, Cap\u00edtulo 3, Secci\u00f3n 1"}]},{"@type":"WebSite","@id":"https:\/\/vincentians.com\/es\/#website","url":"https:\/\/vincentians.com\/es\/","name":"Somos Vicencianos","description":"Know more to serve more","publisher":{"@id":"https:\/\/vincentians.com\/es\/#organization"},"potentialAction":[{"@type":"SearchAction","target":{"@type":"EntryPoint","urlTemplate":"https:\/\/vincentians.com\/es\/?s={search_term_string}"},"query-input":{"@type":"PropertyValueSpecification","valueRequired":true,"valueName":"search_term_string"}}],"inLanguage":"es"},{"@type":"Organization","@id":"https:\/\/vincentians.com\/es\/#organization","name":"The Vincentian Network","url":"https:\/\/vincentians.com\/es\/","logo":{"@type":"ImageObject","inLanguage":"es","@id":"https:\/\/vincentians.com\/es\/#\/schema\/logo\/image\/","url":"https:\/\/i1.wp.com\/vincentians.com\/es\/wp-content\/uploads\/sites\/11\/2016\/06\/Vincentian-Network-logo-big.png?fit=778%2C778","contentUrl":"https:\/\/i1.wp.com\/vincentians.com\/es\/wp-content\/uploads\/sites\/11\/2016\/06\/Vincentian-Network-logo-big.png?fit=778%2C778","width":778,"height":778,"caption":"The Vincentian Network"},"image":{"@id":"https:\/\/vincentians.com\/es\/#\/schema\/logo\/image\/"},"sameAs":["https:\/\/www.facebook.com\/WeAreVincentians\/","https:\/\/x.com\/WeVincentians"]},{"@type":"Person","@id":"https:\/\/vincentians.com\/es\/#\/schema\/person\/9623ef4d9aa3b2dfb8c061f1499288f2","name":"Francisco Javier Fern\u00e1ndez Chento","image":{"@type":"ImageObject","inLanguage":"es","@id":"https:\/\/vincentians.com\/es\/#\/schema\/person\/image\/","url":"https:\/\/secure.gravatar.com\/avatar\/497d5cde87b4c3d097d0315953521681ba2cd523ee66e5077c3711f7021e65de?s=96&d=mm&r=g","contentUrl":"https:\/\/secure.gravatar.com\/avatar\/497d5cde87b4c3d097d0315953521681ba2cd523ee66e5077c3711f7021e65de?s=96&d=mm&r=g","caption":"Francisco Javier Fern\u00e1ndez Chento"},"description":"Director General y cofundador de La Red de Formaci\u00f3n Vicenciana. Javier es laico vicenciano, afiliado a la Congregaci\u00f3n de la Misi\u00f3n y miembro del Equipo de Misiones Populares de la provincia can\u00f3nica de Zaragoza (Espa\u00f1a) de la Congregaci\u00f3n de la Misi\u00f3n. Graduado en la Universidad Oberta de Catalunya con cuatro grados (Asistente de direcci\u00f3n, Gesti\u00f3n Administrativa, Recursos Humanos y Contabilidad Avanzada). Bil\u00edng\u00fce Espa\u00f1ol\/Ingl\u00e9s. gestiona y mantiene varias p\u00e1ginas web cristianas y vicencianas, incluida including La Red de Formaci\u00f3n Vicenciana, de la que es cofundador. Actualmente es responsable del \u00e1rea de Espa\u00f1ol de .famvin, la Red de Noticias de la Familia Vicenciana. Tambi\u00e9n es m\u00fasico cat\u00f3lico y ha editado varios discos. Es Director General y cofundador de Trovador, una reconocida compa\u00f1\u00eda discogr\u00e1fica critiana de Espa\u00f1a. Trabaja en las Tecnolog\u00edas de la Informaci\u00f3n, ofreciendo servicios de alojamiento, dise\u00f1o y mantenimiento Web, as\u00ed como asesoramiento, formaci\u00f3n y soluciones inform\u00e1ticas, gesti\u00f3n documental y digitalizaci\u00f3n de textos, edici\u00f3n y maquetaci\u00f3n de libros, revistas, flyers, etc.","sameAs":["http:\/\/chento.org","https:\/\/www.facebook.com\/JavierChento","https:\/\/x.com\/https:\/\/twitter.com\/javierchento"],"url":"https:\/\/vincentians.com\/es\/author\/chento\/"}]}},"jetpack_publicize_connections":[],"jetpack_featured_media_url":"https:\/\/i0.wp.com\/vincentians.com\/es\/wp-content\/uploads\/sites\/11\/2016\/07\/abelly-feat.jpg?fit=1200%2C630&ssl=1","jetpack_sharing_enabled":true,"jetpack_shortlink":"https:\/\/wp.me\/p7ETMF-aae","jetpack-related-posts":[{"id":119735,"url":"https:\/\/vincentians.com\/es\/san-vicente-y-espana\/","url_meta":{"origin":39074,"position":0},"title":"San Vicente de Pa\u00fal y Espa\u00f1a","author":"Francisco Javier Fern\u00e1ndez Chento","date":"06\/06\/2015","format":false,"excerpt":"Escritos de San Vicente San Vicente ten\u00eda ideas claras sobre Espa\u00f1a, a juzgar por sus escritos: Habla de sus Universidades y colegios, y de la buena salud de la fe cat\u00f3lica en aquel Reino ; en sucesivas ocasiones nos deja ver sus atinados juicios sobre la pol\u00edtica franco-espa\u00f1ola, hace transacciones\u2026","rel":"","context":"En \u00abEn tiempos de Vicente de Pa\u00fal\u00bb","block_context":{"text":"En tiempos de Vicente de Pa\u00fal","link":"https:\/\/vincentians.com\/es\/category\/historia-de-la-familia-vicenciana\/en-tiempos-de-vicente-de-paul\/"},"img":{"alt_text":"sello_4694","src":"https:\/\/i0.wp.com\/vicencianos.org\/wp-content\/2013\/04\/sello_4694-258x300.jpg?resize=350%2C200","width":350,"height":200},"classes":[]},{"id":101805,"url":"https:\/\/vincentians.com\/es\/vida-del-senor-vicente-de-paul-interludio\/","url_meta":{"origin":39074,"position":1},"title":"Vida del Se\u00f1or Vicente de Pa\u00fal: Interludio","author":"Francisco Javier Fern\u00e1ndez Chento","date":"11\/05\/2015","format":false,"excerpt":"Interludio Mientras hace su d\u00eda de retiro el se\u00f1or Vicente vamos tambi\u00e9n nosotros a hacer un alto de descanso en la narraci\u00f3n de su vida. La na\u00adrraci\u00f3n contin\u00faa en 1634. El lector apresurado puede -saltarse limpiamente este in\u00adterludio y continuar a partir de ese punto. No sufrir\u00e1 mucho con ello\u2026","rel":"","context":"En \u00abVicente de Pa\u00fal\u00bb","block_context":{"text":"Vicente de Pa\u00fal","link":"https:\/\/vincentians.com\/es\/category\/la-familia-vicenciana\/fundadores\/vicente-de-paul\/"},"img":{"alt_text":"sanvibiblia","src":"https:\/\/i0.wp.com\/vicencianos.org\/wp-content\/2012\/08\/sanvibiblia-300x300.png?resize=350%2C200","width":350,"height":200},"classes":[]},{"id":121638,"url":"https:\/\/vincentians.com\/es\/san-vicente-de-paul-y-los-gondi-capitulo-05\/","url_meta":{"origin":39074,"position":2},"title":"San Vicente de Pa\u00fal y los Gondi: Cap\u00edtulo 05","author":"Francisco Javier Fern\u00e1ndez Chento","date":"07\/07\/2024","format":false,"excerpt":"Cap\u00edtulo V Vicente de Pa\u00fal y la Sra. de Gondi en el castillo de Folleville. - Nacimiento de la obra de las Misiones. - Salida de Vicente de la casa de Gondi. - Vicente, p\u00e1rroco de Chatillon-lez-Dombes. A comienzos del a\u00f1o de 1617, la familia de Gondi se hallaba reunida\u2026","rel":"","context":"En \u00abVicente de Pa\u00fal\u00bb","block_context":{"text":"Vicente de Pa\u00fal","link":"https:\/\/vincentians.com\/es\/category\/la-familia-vicenciana\/fundadores\/vicente-de-paul\/"},"img":{"alt_text":"","src":"https:\/\/i0.wp.com\/vincentians.com\/es\/wp-content\/uploads\/sites\/11\/2023\/08\/aaaf.jpg?fit=1200%2C827&ssl=1&resize=350%2C200","width":350,"height":200,"srcset":"https:\/\/i0.wp.com\/vincentians.com\/es\/wp-content\/uploads\/sites\/11\/2023\/08\/aaaf.jpg?fit=1200%2C827&ssl=1&resize=350%2C200 1x, https:\/\/i0.wp.com\/vincentians.com\/es\/wp-content\/uploads\/sites\/11\/2023\/08\/aaaf.jpg?fit=1200%2C827&ssl=1&resize=525%2C300 1.5x, https:\/\/i0.wp.com\/vincentians.com\/es\/wp-content\/uploads\/sites\/11\/2023\/08\/aaaf.jpg?fit=1200%2C827&ssl=1&resize=700%2C400 2x, https:\/\/i0.wp.com\/vincentians.com\/es\/wp-content\/uploads\/sites\/11\/2023\/08\/aaaf.jpg?fit=1200%2C827&ssl=1&resize=1050%2C600 3x"},"classes":[]},{"id":143598,"url":"https:\/\/vincentians.com\/es\/la-experiencia-espiritual-de-san-vicente\/","url_meta":{"origin":39074,"position":3},"title":"La experiencia espiritual de San Vicente","author":"Francisco Javier Fern\u00e1ndez Chento","date":"20\/04\/2015","format":false,"excerpt":"La espiritualidad vicenciana no es de ninguna manera una gram\u00e1tica de santidad para estudiar y aplicar. Es una vida, una experiencia, con la que tenemos que comulgar para favorecer el trabajo de la gracia en una vida humana. Es la experiencia espiritual de Vicente de Pa\u00fal la que vamos a\u2026","rel":"","context":"En \u00abFormaci\u00f3n Vicenciana\u00bb","block_context":{"text":"Formaci\u00f3n Vicenciana","link":"https:\/\/vincentians.com\/es\/category\/formacion-vicenciana\/"},"img":{"alt_text":"san-vicente-de-paul-y-pobres","src":"https:\/\/i0.wp.com\/vicencianos.org\/wp-content\/2015\/02\/san-vicente-de-paul-y-pobres-300x208.jpg?resize=350%2C200","width":350,"height":200},"classes":[]},{"id":398639,"url":"https:\/\/vincentians.com\/es\/aportacion-del-carisma-vicenciano-la-mision-la-iglesia-3\/","url_meta":{"origin":39074,"position":4},"title":"Aportaci\u00f3n del carisma vicenciano a la Misi\u00f3n de la Iglesia (3)","author":"Francisco Javier Fern\u00e1ndez Chento","date":"06\/08\/2016","format":false,"excerpt":"3.- La participaci\u00f3n de los laicos, y particularmente de la mujer, en la Misi\u00f3n de los ap\u00f3stoles. Los bi\u00f3grafos de San Vicente de Pa\u00fal y de Santa Luisa de Marillac destacan su importante contribuci\u00f3n a la promoci\u00f3n de los laicos, y particularmente de la mujer, al apostolado en la Iglesia.\u2026","rel":"","context":"En \u00abFormaci\u00f3n Vicenciana\u00bb","block_context":{"text":"Formaci\u00f3n Vicenciana","link":"https:\/\/vincentians.com\/es\/category\/formacion-vicenciana\/"},"img":{"alt_text":"","src":"https:\/\/i0.wp.com\/vincentians.com\/es\/wp-content\/uploads\/sites\/11\/2016\/06\/contributions-charism.jpg?fit=1200%2C630&ssl=1&resize=350%2C200","width":350,"height":200,"srcset":"https:\/\/i0.wp.com\/vincentians.com\/es\/wp-content\/uploads\/sites\/11\/2016\/06\/contributions-charism.jpg?fit=1200%2C630&ssl=1&resize=350%2C200 1x, https:\/\/i0.wp.com\/vincentians.com\/es\/wp-content\/uploads\/sites\/11\/2016\/06\/contributions-charism.jpg?fit=1200%2C630&ssl=1&resize=525%2C300 1.5x, https:\/\/i0.wp.com\/vincentians.com\/es\/wp-content\/uploads\/sites\/11\/2016\/06\/contributions-charism.jpg?fit=1200%2C630&ssl=1&resize=700%2C400 2x, https:\/\/i0.wp.com\/vincentians.com\/es\/wp-content\/uploads\/sites\/11\/2016\/06\/contributions-charism.jpg?fit=1200%2C630&ssl=1&resize=1050%2C600 3x"},"classes":[]},{"id":121425,"url":"https:\/\/vincentians.com\/es\/san-vicente-de-paul-nacio-en-francia-iv-primera-dificultad\/","url_meta":{"origin":39074,"position":5},"title":"San Vicente de Pa\u00fal naci\u00f3 en Francia. IV. Primera dificultad","author":"Francisco Javier Fern\u00e1ndez Chento","date":"29\/04\/2015","format":false,"excerpt":"Segunda Parte: Contestaci\u00f3n a las objeciones del traductor Nos proponemos seguir paso a paso al ilustrado traduc\u00adtor en su primer ap\u00e9ndice, y contestar a todos las objecio\u00adnes que revistan alguna importancia. Primera dificultad 1\u00ba Dice el Sr. Feli\u00fa y Perez: \"Entre los pueblos del mundo, pocos hay que puedan competir\u2026","rel":"","context":"En \u00abVicente de Pa\u00fal\u00bb","block_context":{"text":"Vicente de Pa\u00fal","link":"https:\/\/vincentians.com\/es\/category\/la-familia-vicenciana\/fundadores\/vicente-de-paul\/"},"img":{"alt_text":"","src":"","width":0,"height":0},"classes":[]}],"_links":{"self":[{"href":"https:\/\/vincentians.com\/es\/wp-json\/wp\/v2\/posts\/39074","targetHints":{"allow":["GET"]}}],"collection":[{"href":"https:\/\/vincentians.com\/es\/wp-json\/wp\/v2\/posts"}],"about":[{"href":"https:\/\/vincentians.com\/es\/wp-json\/wp\/v2\/types\/post"}],"author":[{"embeddable":true,"href":"https:\/\/vincentians.com\/es\/wp-json\/wp\/v2\/users\/4"}],"replies":[{"embeddable":true,"href":"https:\/\/vincentians.com\/es\/wp-json\/wp\/v2\/comments?post=39074"}],"version-history":[{"count":0,"href":"https:\/\/vincentians.com\/es\/wp-json\/wp\/v2\/posts\/39074\/revisions"}],"wp:featuredmedia":[{"embeddable":true,"href":"https:\/\/vincentians.com\/es\/wp-json\/wp\/v2\/media\/149583"}],"wp:attachment":[{"href":"https:\/\/vincentians.com\/es\/wp-json\/wp\/v2\/media?parent=39074"}],"wp:term":[{"taxonomy":"category","embeddable":true,"href":"https:\/\/vincentians.com\/es\/wp-json\/wp\/v2\/categories?post=39074"},{"taxonomy":"post_tag","embeddable":true,"href":"https:\/\/vincentians.com\/es\/wp-json\/wp\/v2\/tags?post=39074"}],"curies":[{"name":"wp","href":"https:\/\/api.w.org\/{rel}","templated":true}]}}