{"id":389545,"date":"2016-07-26T08:20:01","date_gmt":"2016-07-26T06:20:01","guid":{"rendered":"http:\/\/vincentians.com\/es\/?p=389545"},"modified":"2016-07-28T21:42:42","modified_gmt":"2016-07-28T19:42:42","slug":"rico-precioso-los-ojos-dios","status":"publish","type":"post","link":"https:\/\/vincentians.com\/es\/rico-precioso-los-ojos-dios\/","title":{"rendered":"18\u00ba Domingo de T.O. (Ross Reyes Dizon): Rico y precioso a los ojos de Dios"},"content":{"rendered":"<h3>Sin rastro alguno de codicia, Jes\u00fas es el hombre m\u00e1s rico ante Dios.<\/h3>\n<p>Reh\u00fasa intervenir Jes\u00fas en un litigio de herencia.\u00a0 Quiz\u00e1s no le gusta hacer algo que se pueda malinterpretar como suavidad con los que son muy amigos del dinero.\u00a0 Pero lo cierto es que a continuaci\u00f3n ense\u00f1a una lecci\u00f3n el Maestro sobre la insensatez de la codicia y la sensatez de ser rico ante Dios.\u00a0 Propone as\u00ed una soluci\u00f3n radical para los litigios.<\/p>\n<p>La lecci\u00f3n tiene mucho sentido a la luz de la par\u00e1bola contada.\u00a0 \u00bfNo resultar\u00e1 \u00abvanidad y grave desgracia\u00bb realmente toda la fatiga del que se dedica a amasar bienes y luego no logra gozarse de ellos debido a una muerte repentina?\u00a0 Ante la inevitabilidad y la imprevisibilidad de la muerte, hemos de reconocer que el sentido de nuestra vida no est\u00e1 en nuestros bienes ni \u00e9xitos.<\/p>\n<p>S\u00ed, afirma Jes\u00fas inequ\u00edvocamente la vaciedad sin sentido de los sobrados que creen que su vida depende de sus bienes.\u00a0 Tal afirmaci\u00f3n es a\u00fan m\u00e1s convincente porque \u00e9l la vive.\u00a0 \u00c9l escoge para s\u00ed un modo de vida opuesto al de los acaparadores indiferentes a la miseria de los dem\u00e1s.<\/p>\n<h4>Jes\u00fas se hace pobre por los pobres.<\/h4>\n<p>Ni tiene siquiera donde reclinar la cabeza.\u00a0 Lleva solo lo estrictamente necesario\u00a0 mientras recorre ciudades y aldeas.\u00a0 Renunciando toda autosuficiencia, pide algo de comer, busca a quienes lo acojan y llama a la puerta de los ciudadanos y aldeanos.<\/p>\n<p>Y este Evangelizador itinerante no se desanima al estrellarse contra el muro de rechazo.\u00a0 Por eso, nos ense\u00f1a con toda naturalidad:\u00a0 \u00abPedid y se os dar\u00e1, buscad y hallar\u00e9is, llamad y se os abrir\u00e1\u00bb.<\/p>\n<p>Incluso ya clavado en la cruz y sinti\u00e9ndose abandonado por Dios, igual se aferra a \u00e9l.\u00a0 Se somete a la muerte.\u00a0 Por eso, Dios lo levanta sobre todo y le concede el \u00abNombre-sobre-todo-nombre\u00bb.\u00a0 Dios declara a Jes\u00fas rico ante \u00e9l.<\/p>\n<h4>Los cristianos, si queremos ser ricos ante Dios, tendremos\u00a0 que ser pobres ante los hombres.<\/h4>\n<p>Colaboraremos con Jes\u00fas en servir a los pobres, ofreci\u00e9ndoles el cuerpo y la sangre a los que tienen hambre y sed de justicia.\u00a0 Y como nos representan ellos al Hijo de Dios, nos ense\u00f1ar\u00e1n tambi\u00e9n a ser pobres y a practicar la verdadera religi\u00f3n (<a href=\"http:\/\/via.library.depaul.edu\/cgi\/viewcontent.cgi?article=1012&amp;context=coste_sp\">SV.ES XI:725<\/a>, <a href=\"http:\/\/via.library.depaul.edu\/cgi\/viewcontent.cgi?article=1011&amp;context=coste_sp\">120<\/a>).<\/p>\n<p>No seremos como el rico que se felicita:\u00a0 \u00abPonderan lo bien que lo pasas\u00bb.\u00a0 Ni nos beberemos las palabras de los que conf\u00edan en su opulencia y se jactan de sus riquezas.\u00a0 Nos acordaremos siempre:\u00a0 \u00abEl hombre rico e insconsciente es como un animal que perece\u00bb.\u00a0 Buscaremos los bienes de arriba.<\/p>\n<p><em>Se\u00f1or Jes\u00fas, ens\u00e9\u00f1anos a ser ricos con tu pobreza.<\/em><\/p>\n<p>31 de julio de 2016<br \/>\n18\u00ba Domingo de T.O. (C)<br \/>\nEccl 1, 2; 2, 21-23; Col 3, 1-5. 9-11; Lc 12, 13-31<\/p>\n","protected":false},"excerpt":{"rendered":"<p>Sin rastro alguno de codicia, Jes\u00fas es el hombre m\u00e1s rico ante Dios. Reh\u00fasa intervenir Jes\u00fas en un litigio de herencia.\u00a0 Quiz\u00e1s no le gusta hacer algo que se pueda malinterpretar como suavidad con los &#8230; <a href=\"https:\/\/vincentians.com\/es\/rico-precioso-los-ojos-dios\/\" class=\"more-link\">Read More<\/a><\/p>\n","protected":false},"author":3,"featured_media":388397,"comment_status":"open","ping_status":"open","sticky":false,"template":"","format":"standard","meta":{"jetpack_post_was_ever_published":false,"_jetpack_newsletter_access":"","_jetpack_dont_email_post_to_subs":false,"_jetpack_newsletter_tier_id":0,"_jetpack_memberships_contains_paywalled_content":false,"_jetpack_memberships_contains_paid_content":false,"footnotes":"","jetpack_publicize_message":"","jetpack_publicize_feature_enabled":true,"jetpack_social_post_already_shared":true,"jetpack_social_options":{"image_generator_settings":{"template":"highway","default_image_id":0,"font":"","enabled":false},"version":2}},"categories":[94],"tags":[],"class_list":["post-389545","post","type-post","status-publish","format-standard","has-post-thumbnail","hentry","category-homilias-y-reflexiones-ano-c"],"yoast_head":"<!-- This site is optimized with the Yoast SEO plugin v26.3 - https:\/\/yoast.com\/wordpress\/plugins\/seo\/ -->\n<title>18\u00ba Domingo de T.O. (Ross Reyes Dizon): Rico y precioso a los ojos de Dios - Somos Vicencianos<\/title>\n<meta name=\"description\" content=\"Sin rastro alguno de codicia, Jes\u00fas se revela como el hombre m\u00e1s rico ante Dios. Los crisitianos, \u00bfsomos ricos realmente como \u00e9l?\" \/>\n<meta name=\"robots\" content=\"index, follow, max-snippet:-1, max-image-preview:large, max-video-preview:-1\" \/>\n<link rel=\"canonical\" href=\"https:\/\/vincentians.com\/es\/rico-precioso-los-ojos-dios\/\" \/>\n<meta property=\"og:locale\" content=\"es_ES\" \/>\n<meta property=\"og:type\" content=\"article\" \/>\n<meta property=\"og:title\" content=\"18\u00ba Domingo de T.O. (Ross Reyes Dizon): Rico y precioso a los ojos de Dios - Somos Vicencianos\" \/>\n<meta property=\"og:description\" content=\"Sin rastro alguno de codicia, Jes\u00fas se revela como el hombre m\u00e1s rico ante Dios. Los crisitianos, \u00bfsomos ricos realmente como \u00e9l?\" \/>\n<meta property=\"og:url\" content=\"https:\/\/vincentians.com\/es\/rico-precioso-los-ojos-dios\/\" \/>\n<meta property=\"og:site_name\" content=\"Somos Vicencianos\" \/>\n<meta property=\"article:publisher\" content=\"https:\/\/www.facebook.com\/WeAreVincentians\/\" \/>\n<meta property=\"article:published_time\" content=\"2016-07-26T06:20:01+00:00\" \/>\n<meta property=\"article:modified_time\" content=\"2016-07-28T19:42:42+00:00\" \/>\n<meta property=\"og:image\" content=\"https:\/\/i0.wp.com\/vincentians.com\/es\/wp-content\/uploads\/sites\/11\/2016\/07\/reflexiones-ross.jpg?fit=1200%2C630&ssl=1\" \/>\n\t<meta property=\"og:image:width\" content=\"1200\" \/>\n\t<meta property=\"og:image:height\" content=\"630\" \/>\n\t<meta property=\"og:image:type\" content=\"image\/jpeg\" \/>\n<meta name=\"author\" content=\"Ross Reyes Dizon\" \/>\n<meta name=\"twitter:card\" content=\"summary_large_image\" \/>\n<meta name=\"twitter:creator\" content=\"@WeVincentians\" \/>\n<meta name=\"twitter:site\" content=\"@WeVincentians\" \/>\n<meta name=\"twitter:label1\" content=\"Escrito por\" \/>\n\t<meta name=\"twitter:data1\" content=\"Ross Reyes Dizon\" \/>\n\t<meta name=\"twitter:label2\" content=\"Tiempo de lectura\" \/>\n\t<meta name=\"twitter:data2\" content=\"2 minutos\" \/>\n<script type=\"application\/ld+json\" class=\"yoast-schema-graph\">{\"@context\":\"https:\/\/schema.org\",\"@graph\":[{\"@type\":\"Article\",\"@id\":\"https:\/\/vincentians.com\/es\/rico-precioso-los-ojos-dios\/#article\",\"isPartOf\":{\"@id\":\"https:\/\/vincentians.com\/es\/rico-precioso-los-ojos-dios\/\"},\"author\":{\"name\":\"Ross Reyes Dizon\",\"@id\":\"http:\/\/vincentians.com\/es\/#\/schema\/person\/6b250b52a52e7af2128e08c36145865d\"},\"headline\":\"18\u00ba Domingo de T.O. (Ross Reyes Dizon): Rico y precioso a los ojos de Dios\",\"datePublished\":\"2016-07-26T06:20:01+00:00\",\"dateModified\":\"2016-07-28T19:42:42+00:00\",\"mainEntityOfPage\":{\"@id\":\"https:\/\/vincentians.com\/es\/rico-precioso-los-ojos-dios\/\"},\"wordCount\":495,\"commentCount\":0,\"publisher\":{\"@id\":\"http:\/\/vincentians.com\/es\/#organization\"},\"image\":{\"@id\":\"https:\/\/vincentians.com\/es\/rico-precioso-los-ojos-dios\/#primaryimage\"},\"thumbnailUrl\":\"https:\/\/i0.wp.com\/vincentians.com\/es\/wp-content\/uploads\/sites\/11\/2016\/07\/reflexiones-ross.jpg?fit=1200%2C630&ssl=1\",\"articleSection\":[\"Homil\u00edas y reflexiones, A\u00f1o C\"],\"inLanguage\":\"es\",\"potentialAction\":[{\"@type\":\"CommentAction\",\"name\":\"Comment\",\"target\":[\"https:\/\/vincentians.com\/es\/rico-precioso-los-ojos-dios\/#respond\"]}]},{\"@type\":\"WebPage\",\"@id\":\"https:\/\/vincentians.com\/es\/rico-precioso-los-ojos-dios\/\",\"url\":\"https:\/\/vincentians.com\/es\/rico-precioso-los-ojos-dios\/\",\"name\":\"18\u00ba Domingo de T.O. (Ross Reyes Dizon): Rico y precioso a los ojos de Dios - Somos Vicencianos\",\"isPartOf\":{\"@id\":\"http:\/\/vincentians.com\/es\/#website\"},\"primaryImageOfPage\":{\"@id\":\"https:\/\/vincentians.com\/es\/rico-precioso-los-ojos-dios\/#primaryimage\"},\"image\":{\"@id\":\"https:\/\/vincentians.com\/es\/rico-precioso-los-ojos-dios\/#primaryimage\"},\"thumbnailUrl\":\"https:\/\/i0.wp.com\/vincentians.com\/es\/wp-content\/uploads\/sites\/11\/2016\/07\/reflexiones-ross.jpg?fit=1200%2C630&ssl=1\",\"datePublished\":\"2016-07-26T06:20:01+00:00\",\"dateModified\":\"2016-07-28T19:42:42+00:00\",\"description\":\"Sin rastro alguno de codicia, Jes\u00fas se revela como el hombre m\u00e1s rico ante Dios. Los crisitianos, \u00bfsomos ricos realmente como \u00e9l?\",\"breadcrumb\":{\"@id\":\"https:\/\/vincentians.com\/es\/rico-precioso-los-ojos-dios\/#breadcrumb\"},\"inLanguage\":\"es\",\"potentialAction\":[{\"@type\":\"ReadAction\",\"target\":[\"https:\/\/vincentians.com\/es\/rico-precioso-los-ojos-dios\/\"]}]},{\"@type\":\"ImageObject\",\"inLanguage\":\"es\",\"@id\":\"https:\/\/vincentians.com\/es\/rico-precioso-los-ojos-dios\/#primaryimage\",\"url\":\"https:\/\/i0.wp.com\/vincentians.com\/es\/wp-content\/uploads\/sites\/11\/2016\/07\/reflexiones-ross.jpg?fit=1200%2C630&ssl=1\",\"contentUrl\":\"https:\/\/i0.wp.com\/vincentians.com\/es\/wp-content\/uploads\/sites\/11\/2016\/07\/reflexiones-ross.jpg?fit=1200%2C630&ssl=1\",\"width\":1200,\"height\":630},{\"@type\":\"BreadcrumbList\",\"@id\":\"https:\/\/vincentians.com\/es\/rico-precioso-los-ojos-dios\/#breadcrumb\",\"itemListElement\":[{\"@type\":\"ListItem\",\"position\":1,\"name\":\"Portada\",\"item\":\"http:\/\/vincentians.com\/es\/\"},{\"@type\":\"ListItem\",\"position\":2,\"name\":\"18\u00ba Domingo de T.O. (Ross Reyes Dizon): Rico y precioso a los ojos de Dios\"}]},{\"@type\":\"WebSite\",\"@id\":\"http:\/\/vincentians.com\/es\/#website\",\"url\":\"http:\/\/vincentians.com\/es\/\",\"name\":\"Somos Vicencianos\",\"description\":\"Know more to serve more\",\"publisher\":{\"@id\":\"http:\/\/vincentians.com\/es\/#organization\"},\"potentialAction\":[{\"@type\":\"SearchAction\",\"target\":{\"@type\":\"EntryPoint\",\"urlTemplate\":\"http:\/\/vincentians.com\/es\/?s={search_term_string}\"},\"query-input\":{\"@type\":\"PropertyValueSpecification\",\"valueRequired\":true,\"valueName\":\"search_term_string\"}}],\"inLanguage\":\"es\"},{\"@type\":\"Organization\",\"@id\":\"http:\/\/vincentians.com\/es\/#organization\",\"name\":\"The Vincentian Network\",\"url\":\"http:\/\/vincentians.com\/es\/\",\"logo\":{\"@type\":\"ImageObject\",\"inLanguage\":\"es\",\"@id\":\"http:\/\/vincentians.com\/es\/#\/schema\/logo\/image\/\",\"url\":\"https:\/\/i1.wp.com\/vincentians.com\/es\/wp-content\/uploads\/sites\/11\/2016\/06\/Vincentian-Network-logo-big.png?fit=778%2C778\",\"contentUrl\":\"https:\/\/i1.wp.com\/vincentians.com\/es\/wp-content\/uploads\/sites\/11\/2016\/06\/Vincentian-Network-logo-big.png?fit=778%2C778\",\"width\":778,\"height\":778,\"caption\":\"The Vincentian Network\"},\"image\":{\"@id\":\"http:\/\/vincentians.com\/es\/#\/schema\/logo\/image\/\"},\"sameAs\":[\"https:\/\/www.facebook.com\/WeAreVincentians\/\",\"https:\/\/x.com\/WeVincentians\"]},{\"@type\":\"Person\",\"@id\":\"http:\/\/vincentians.com\/es\/#\/schema\/person\/6b250b52a52e7af2128e08c36145865d\",\"name\":\"Ross Reyes Dizon\",\"image\":{\"@type\":\"ImageObject\",\"inLanguage\":\"es\",\"@id\":\"http:\/\/vincentians.com\/es\/#\/schema\/person\/image\/\",\"url\":\"https:\/\/secure.gravatar.com\/avatar\/84437f3208f798bde5b9b066b0f340b70134675aa8c7b7ec4464b9808a05c195?s=96&d=mm&r=g\",\"contentUrl\":\"https:\/\/secure.gravatar.com\/avatar\/84437f3208f798bde5b9b066b0f340b70134675aa8c7b7ec4464b9808a05c195?s=96&d=mm&r=g\",\"caption\":\"Ross Reyes Dizon\"},\"description\":\"Ross owes his formation to Filipino, Spanish and U.S. Vincentian missionaries. A native of the Philippines, he now lives in Vallejo, California, with his wife Melody. They have two grown-up sons, Vincent and Justin, and are full-time babysitters to grandchildren, Maximilian Fr\u00e9d\u00e9ric and Vivianna Louise. Ross volunteers at Margaret Todd Senior Center, Novato, California, teaching a free weekly citizenship class for mostly Spanish-speakers.\",\"url\":\"https:\/\/vincentians.com\/es\/author\/rosalino\/\"}]}<\/script>\n<!-- \/ Yoast SEO plugin. -->","yoast_head_json":{"title":"18\u00ba Domingo de T.O. (Ross Reyes Dizon): Rico y precioso a los ojos de Dios - Somos Vicencianos","description":"Sin rastro alguno de codicia, Jes\u00fas se revela como el hombre m\u00e1s rico ante Dios. Los crisitianos, \u00bfsomos ricos realmente como \u00e9l?","robots":{"index":"index","follow":"follow","max-snippet":"max-snippet:-1","max-image-preview":"max-image-preview:large","max-video-preview":"max-video-preview:-1"},"canonical":"https:\/\/vincentians.com\/es\/rico-precioso-los-ojos-dios\/","og_locale":"es_ES","og_type":"article","og_title":"18\u00ba Domingo de T.O. (Ross Reyes Dizon): Rico y precioso a los ojos de Dios - Somos Vicencianos","og_description":"Sin rastro alguno de codicia, Jes\u00fas se revela como el hombre m\u00e1s rico ante Dios. Los crisitianos, \u00bfsomos ricos realmente como \u00e9l?","og_url":"https:\/\/vincentians.com\/es\/rico-precioso-los-ojos-dios\/","og_site_name":"Somos Vicencianos","article_publisher":"https:\/\/www.facebook.com\/WeAreVincentians\/","article_published_time":"2016-07-26T06:20:01+00:00","article_modified_time":"2016-07-28T19:42:42+00:00","og_image":[{"width":1200,"height":630,"url":"https:\/\/i0.wp.com\/vincentians.com\/es\/wp-content\/uploads\/sites\/11\/2016\/07\/reflexiones-ross.jpg?fit=1200%2C630&ssl=1","type":"image\/jpeg"}],"author":"Ross Reyes Dizon","twitter_card":"summary_large_image","twitter_creator":"@WeVincentians","twitter_site":"@WeVincentians","twitter_misc":{"Escrito por":"Ross Reyes Dizon","Tiempo de lectura":"2 minutos"},"schema":{"@context":"https:\/\/schema.org","@graph":[{"@type":"Article","@id":"https:\/\/vincentians.com\/es\/rico-precioso-los-ojos-dios\/#article","isPartOf":{"@id":"https:\/\/vincentians.com\/es\/rico-precioso-los-ojos-dios\/"},"author":{"name":"Ross Reyes Dizon","@id":"http:\/\/vincentians.com\/es\/#\/schema\/person\/6b250b52a52e7af2128e08c36145865d"},"headline":"18\u00ba Domingo de T.O. (Ross Reyes Dizon): Rico y precioso a los ojos de Dios","datePublished":"2016-07-26T06:20:01+00:00","dateModified":"2016-07-28T19:42:42+00:00","mainEntityOfPage":{"@id":"https:\/\/vincentians.com\/es\/rico-precioso-los-ojos-dios\/"},"wordCount":495,"commentCount":0,"publisher":{"@id":"http:\/\/vincentians.com\/es\/#organization"},"image":{"@id":"https:\/\/vincentians.com\/es\/rico-precioso-los-ojos-dios\/#primaryimage"},"thumbnailUrl":"https:\/\/i0.wp.com\/vincentians.com\/es\/wp-content\/uploads\/sites\/11\/2016\/07\/reflexiones-ross.jpg?fit=1200%2C630&ssl=1","articleSection":["Homil\u00edas y reflexiones, A\u00f1o C"],"inLanguage":"es","potentialAction":[{"@type":"CommentAction","name":"Comment","target":["https:\/\/vincentians.com\/es\/rico-precioso-los-ojos-dios\/#respond"]}]},{"@type":"WebPage","@id":"https:\/\/vincentians.com\/es\/rico-precioso-los-ojos-dios\/","url":"https:\/\/vincentians.com\/es\/rico-precioso-los-ojos-dios\/","name":"18\u00ba Domingo de T.O. (Ross Reyes Dizon): Rico y precioso a los ojos de Dios - Somos Vicencianos","isPartOf":{"@id":"http:\/\/vincentians.com\/es\/#website"},"primaryImageOfPage":{"@id":"https:\/\/vincentians.com\/es\/rico-precioso-los-ojos-dios\/#primaryimage"},"image":{"@id":"https:\/\/vincentians.com\/es\/rico-precioso-los-ojos-dios\/#primaryimage"},"thumbnailUrl":"https:\/\/i0.wp.com\/vincentians.com\/es\/wp-content\/uploads\/sites\/11\/2016\/07\/reflexiones-ross.jpg?fit=1200%2C630&ssl=1","datePublished":"2016-07-26T06:20:01+00:00","dateModified":"2016-07-28T19:42:42+00:00","description":"Sin rastro alguno de codicia, Jes\u00fas se revela como el hombre m\u00e1s rico ante Dios. Los crisitianos, \u00bfsomos ricos realmente como \u00e9l?","breadcrumb":{"@id":"https:\/\/vincentians.com\/es\/rico-precioso-los-ojos-dios\/#breadcrumb"},"inLanguage":"es","potentialAction":[{"@type":"ReadAction","target":["https:\/\/vincentians.com\/es\/rico-precioso-los-ojos-dios\/"]}]},{"@type":"ImageObject","inLanguage":"es","@id":"https:\/\/vincentians.com\/es\/rico-precioso-los-ojos-dios\/#primaryimage","url":"https:\/\/i0.wp.com\/vincentians.com\/es\/wp-content\/uploads\/sites\/11\/2016\/07\/reflexiones-ross.jpg?fit=1200%2C630&ssl=1","contentUrl":"https:\/\/i0.wp.com\/vincentians.com\/es\/wp-content\/uploads\/sites\/11\/2016\/07\/reflexiones-ross.jpg?fit=1200%2C630&ssl=1","width":1200,"height":630},{"@type":"BreadcrumbList","@id":"https:\/\/vincentians.com\/es\/rico-precioso-los-ojos-dios\/#breadcrumb","itemListElement":[{"@type":"ListItem","position":1,"name":"Portada","item":"http:\/\/vincentians.com\/es\/"},{"@type":"ListItem","position":2,"name":"18\u00ba Domingo de T.O. (Ross Reyes Dizon): Rico y precioso a los ojos de Dios"}]},{"@type":"WebSite","@id":"http:\/\/vincentians.com\/es\/#website","url":"http:\/\/vincentians.com\/es\/","name":"Somos Vicencianos","description":"Know more to serve more","publisher":{"@id":"http:\/\/vincentians.com\/es\/#organization"},"potentialAction":[{"@type":"SearchAction","target":{"@type":"EntryPoint","urlTemplate":"http:\/\/vincentians.com\/es\/?s={search_term_string}"},"query-input":{"@type":"PropertyValueSpecification","valueRequired":true,"valueName":"search_term_string"}}],"inLanguage":"es"},{"@type":"Organization","@id":"http:\/\/vincentians.com\/es\/#organization","name":"The Vincentian Network","url":"http:\/\/vincentians.com\/es\/","logo":{"@type":"ImageObject","inLanguage":"es","@id":"http:\/\/vincentians.com\/es\/#\/schema\/logo\/image\/","url":"https:\/\/i1.wp.com\/vincentians.com\/es\/wp-content\/uploads\/sites\/11\/2016\/06\/Vincentian-Network-logo-big.png?fit=778%2C778","contentUrl":"https:\/\/i1.wp.com\/vincentians.com\/es\/wp-content\/uploads\/sites\/11\/2016\/06\/Vincentian-Network-logo-big.png?fit=778%2C778","width":778,"height":778,"caption":"The Vincentian Network"},"image":{"@id":"http:\/\/vincentians.com\/es\/#\/schema\/logo\/image\/"},"sameAs":["https:\/\/www.facebook.com\/WeAreVincentians\/","https:\/\/x.com\/WeVincentians"]},{"@type":"Person","@id":"http:\/\/vincentians.com\/es\/#\/schema\/person\/6b250b52a52e7af2128e08c36145865d","name":"Ross Reyes Dizon","image":{"@type":"ImageObject","inLanguage":"es","@id":"http:\/\/vincentians.com\/es\/#\/schema\/person\/image\/","url":"https:\/\/secure.gravatar.com\/avatar\/84437f3208f798bde5b9b066b0f340b70134675aa8c7b7ec4464b9808a05c195?s=96&d=mm&r=g","contentUrl":"https:\/\/secure.gravatar.com\/avatar\/84437f3208f798bde5b9b066b0f340b70134675aa8c7b7ec4464b9808a05c195?s=96&d=mm&r=g","caption":"Ross Reyes Dizon"},"description":"Ross owes his formation to Filipino, Spanish and U.S. Vincentian missionaries. A native of the Philippines, he now lives in Vallejo, California, with his wife Melody. They have two grown-up sons, Vincent and Justin, and are full-time babysitters to grandchildren, Maximilian Fr\u00e9d\u00e9ric and Vivianna Louise. Ross volunteers at Margaret Todd Senior Center, Novato, California, teaching a free weekly citizenship class for mostly Spanish-speakers.","url":"https:\/\/vincentians.com\/es\/author\/rosalino\/"}]}},"jetpack_publicize_connections":[],"jetpack_featured_media_url":"https:\/\/i0.wp.com\/vincentians.com\/es\/wp-content\/uploads\/sites\/11\/2016\/07\/reflexiones-ross.jpg?fit=1200%2C630&ssl=1","jetpack_sharing_enabled":true,"jetpack_shortlink":"https:\/\/wp.me\/p7ETMF-1DkZ","jetpack-related-posts":[{"id":398610,"url":"https:\/\/vincentians.com\/es\/18o-domingo-t-jose-cervantes-gabarron\/","url_meta":{"origin":389545,"position":0},"title":"18\u00ba Domingo de T.O. (Jos\u00e9 Cervantes Gabarr\u00f3n)","author":"Francisco Javier Fern\u00e1ndez Chento","date":"30\/07\/2016","format":false,"excerpt":"Poner la econom\u00eda al servicio de los pueblos y de los pobres El papa\u00a0Francisco\u00a0sigue comunicando ante miles de\u00a0j\u00f3venes del mundo entero\u00a0el mensaje de\u00a0alegr\u00eda\u00a0y esperanza que viene de\u00a0Jesucristo y de su Evangelio\u00a0en la Jornada Mundial de la Juventud en Polonia. Especialmente significativa ha sido su presencia silenciosa, respetuosa y religiosa en\u00a0Auschwitz,\u2026","rel":"","context":"En \u00abHomil\u00edas y reflexiones, A\u00f1o C\u00bb","block_context":{"text":"Homil\u00edas y reflexiones, A\u00f1o C","link":"https:\/\/vincentians.com\/es\/category\/homilias-y-reflexiones-a-la-palabra-de-dios\/homilias-y-reflexiones-ano-c\/"},"img":{"alt_text":"","src":"https:\/\/i0.wp.com\/vincentians.com\/es\/wp-content\/uploads\/sites\/11\/2016\/07\/reflexiones-jose-cervantes.jpg?fit=1200%2C630&ssl=1&resize=350%2C200","width":350,"height":200,"srcset":"https:\/\/i0.wp.com\/vincentians.com\/es\/wp-content\/uploads\/sites\/11\/2016\/07\/reflexiones-jose-cervantes.jpg?fit=1200%2C630&ssl=1&resize=350%2C200 1x, https:\/\/i0.wp.com\/vincentians.com\/es\/wp-content\/uploads\/sites\/11\/2016\/07\/reflexiones-jose-cervantes.jpg?fit=1200%2C630&ssl=1&resize=525%2C300 1.5x, https:\/\/i0.wp.com\/vincentians.com\/es\/wp-content\/uploads\/sites\/11\/2016\/07\/reflexiones-jose-cervantes.jpg?fit=1200%2C630&ssl=1&resize=700%2C400 2x, https:\/\/i0.wp.com\/vincentians.com\/es\/wp-content\/uploads\/sites\/11\/2016\/07\/reflexiones-jose-cervantes.jpg?fit=1200%2C630&ssl=1&resize=1050%2C600 3x"},"classes":[]},{"id":399794,"url":"https:\/\/vincentians.com\/es\/22o-domingo-t-jose-cervantes-gabarron\/","url_meta":{"origin":389545,"position":1},"title":"22\u00ba Domingo de T.O. (Jos\u00e9 Cervantes Gabarr\u00f3n)","author":"Francisco Javier Fern\u00e1ndez Chento","date":"27\/08\/2016","format":false,"excerpt":"Preeminencia de los pobres y de los humildes en el banquete del Reino de Dios Doloridos por el\u00a0terremoto de Italia\u00a0y consternados por la\u00a0muerte irracional de varias personas en un\u00a0nuevo conflicto violento\u00a0en Bolivia, entre cooperativistas mineros y las autoridades, debemos abrirnos a los nuevos horizontes de la conducta humana y de\u2026","rel":"","context":"En \u00abHomil\u00edas y reflexiones, A\u00f1o C\u00bb","block_context":{"text":"Homil\u00edas y reflexiones, A\u00f1o C","link":"https:\/\/vincentians.com\/es\/category\/homilias-y-reflexiones-a-la-palabra-de-dios\/homilias-y-reflexiones-ano-c\/"},"img":{"alt_text":"","src":"https:\/\/i0.wp.com\/vincentians.com\/es\/wp-content\/uploads\/sites\/11\/2016\/07\/reflexiones-jose-cervantes.jpg?fit=1200%2C630&ssl=1&resize=350%2C200","width":350,"height":200,"srcset":"https:\/\/i0.wp.com\/vincentians.com\/es\/wp-content\/uploads\/sites\/11\/2016\/07\/reflexiones-jose-cervantes.jpg?fit=1200%2C630&ssl=1&resize=350%2C200 1x, https:\/\/i0.wp.com\/vincentians.com\/es\/wp-content\/uploads\/sites\/11\/2016\/07\/reflexiones-jose-cervantes.jpg?fit=1200%2C630&ssl=1&resize=525%2C300 1.5x, https:\/\/i0.wp.com\/vincentians.com\/es\/wp-content\/uploads\/sites\/11\/2016\/07\/reflexiones-jose-cervantes.jpg?fit=1200%2C630&ssl=1&resize=700%2C400 2x, https:\/\/i0.wp.com\/vincentians.com\/es\/wp-content\/uploads\/sites\/11\/2016\/07\/reflexiones-jose-cervantes.jpg?fit=1200%2C630&ssl=1&resize=1050%2C600 3x"},"classes":[]},{"id":399673,"url":"https:\/\/vincentians.com\/es\/21o-domingo-t-jose-cervantes-gabarron\/","url_meta":{"origin":389545,"position":2},"title":"21\u00ba Domingo de T.O. (Jos\u00e9 Cervantes Gabarr\u00f3n)","author":"Francisco Javier Fern\u00e1ndez Chento","date":"20\/08\/2016","format":false,"excerpt":"El Dios de los \u00faltimos, contra los que practican la injusticia Hay dos l\u00edneas maestras del\u00a0mensaje prof\u00e9tico de Jes\u00fas\u00a0que se van desarrollando en el camino a Jerusal\u00e9n del evangelio de Lucas, cuando Jes\u00fas va\u00a0instruyendo a su discipulado acerca del Reino de Dios.\u00a0Y las dos aparecen en el evangelio de este\u2026","rel":"","context":"En \u00abHomil\u00edas y reflexiones, A\u00f1o C\u00bb","block_context":{"text":"Homil\u00edas y reflexiones, A\u00f1o C","link":"https:\/\/vincentians.com\/es\/category\/homilias-y-reflexiones-a-la-palabra-de-dios\/homilias-y-reflexiones-ano-c\/"},"img":{"alt_text":"","src":"https:\/\/i0.wp.com\/vincentians.com\/es\/wp-content\/uploads\/sites\/11\/2016\/07\/reflexiones-jose-cervantes.jpg?fit=1200%2C630&ssl=1&resize=350%2C200","width":350,"height":200,"srcset":"https:\/\/i0.wp.com\/vincentians.com\/es\/wp-content\/uploads\/sites\/11\/2016\/07\/reflexiones-jose-cervantes.jpg?fit=1200%2C630&ssl=1&resize=350%2C200 1x, https:\/\/i0.wp.com\/vincentians.com\/es\/wp-content\/uploads\/sites\/11\/2016\/07\/reflexiones-jose-cervantes.jpg?fit=1200%2C630&ssl=1&resize=525%2C300 1.5x, https:\/\/i0.wp.com\/vincentians.com\/es\/wp-content\/uploads\/sites\/11\/2016\/07\/reflexiones-jose-cervantes.jpg?fit=1200%2C630&ssl=1&resize=700%2C400 2x, https:\/\/i0.wp.com\/vincentians.com\/es\/wp-content\/uploads\/sites\/11\/2016\/07\/reflexiones-jose-cervantes.jpg?fit=1200%2C630&ssl=1&resize=1050%2C600 3x"},"classes":[]},{"id":396484,"url":"https:\/\/vincentians.com\/es\/18o-domingo-t-reflexion-la-s-s-v-p-estados-unidos\/","url_meta":{"origin":389545,"position":3},"title":"18\u00ba Domingo de T.O. (reflexi\u00f3n de la S.S.V.P. en Estados Unidos)","author":"Francisco Javier Fern\u00e1ndez Chento","date":"27\/07\/2016","format":false,"excerpt":"Evangelio: (San Lucas 12:13-21) Jes\u00fas le dijo a la gente: \u201cEviten con gran cuidado toda clase de codicia, porque aunque uno lo tenga todo, no son sus posesiones las que le dan vida.\u201d\u00a0 A continuaci\u00f3n les propuso este ejemplo:\u00a0 \u201cHab\u00eda un hombre rico, al que sus campos le hab\u00edan producido\u2026","rel":"","context":"En \u00abHomil\u00edas y reflexiones, A\u00f1o C\u00bb","block_context":{"text":"Homil\u00edas y reflexiones, A\u00f1o C","link":"https:\/\/vincentians.com\/es\/category\/homilias-y-reflexiones-a-la-palabra-de-dios\/homilias-y-reflexiones-ano-c\/"},"img":{"alt_text":"","src":"https:\/\/i0.wp.com\/vincentians.com\/es\/wp-content\/uploads\/sites\/11\/2016\/07\/reflexiones-palabra-de-dios.jpg?fit=1200%2C630&ssl=1&resize=350%2C200","width":350,"height":200,"srcset":"https:\/\/i0.wp.com\/vincentians.com\/es\/wp-content\/uploads\/sites\/11\/2016\/07\/reflexiones-palabra-de-dios.jpg?fit=1200%2C630&ssl=1&resize=350%2C200 1x, https:\/\/i0.wp.com\/vincentians.com\/es\/wp-content\/uploads\/sites\/11\/2016\/07\/reflexiones-palabra-de-dios.jpg?fit=1200%2C630&ssl=1&resize=525%2C300 1.5x, https:\/\/i0.wp.com\/vincentians.com\/es\/wp-content\/uploads\/sites\/11\/2016\/07\/reflexiones-palabra-de-dios.jpg?fit=1200%2C630&ssl=1&resize=700%2C400 2x, https:\/\/i0.wp.com\/vincentians.com\/es\/wp-content\/uploads\/sites\/11\/2016\/07\/reflexiones-palabra-de-dios.jpg?fit=1200%2C630&ssl=1&resize=1050%2C600 3x"},"classes":[]},{"id":124802,"url":"https:\/\/vincentians.com\/es\/imposible-soportar-el-peso-de-la-riqueza-y-el-de-la-virtud-v-ii-396-i\/","url_meta":{"origin":389545,"position":4},"title":"Imposible soportar el peso de la riqueza y el de la virtud (V, II, 396) (I)","author":"Francisco Javier Fern\u00e1ndez Chento","date":"27\/11\/2023","format":false,"excerpt":"Anotaciones previas La creaci\u00f3n entera gime hasta el presente (Rom 8, 18) M\u00faltiples significados del t\u00e9rmino pobreza 1.- Estudiar el tema de la pobreza es como adentrarse en un bosque tupido, enmara\u00f1ado y sin horizontes claros por donde guiarse. No s\u00f3lo ha cambiado el planteamiento sobre la pobreza, sino que\u2026","rel":"","context":"En \u00abFormaci\u00f3n Vicenciana\u00bb","block_context":{"text":"Formaci\u00f3n Vicenciana","link":"https:\/\/vincentians.com\/es\/category\/formacion-vicenciana\/"},"img":{"alt_text":"","src":"https:\/\/i0.wp.com\/vincentians.com\/es\/wp-content\/uploads\/sites\/11\/2013\/04\/formacion_permanente-1.jpg?fit=303%2C303&ssl=1&resize=350%2C200","width":350,"height":200},"classes":[]},{"id":163752,"url":"https:\/\/vincentians.com\/es\/corpus-christi-reflexion-de-la-s-s-v-p-en-espana\/","url_meta":{"origin":389545,"position":5},"title":"Corpus Christi (reflexi\u00f3n de la S.S.V.P. en Espa\u00f1a)","author":"Francisco Javier Fern\u00e1ndez Chento","date":"03\/06\/2015","format":false,"excerpt":"\u201cNo hay vida ni acci\u00f3n sin Cristo.\u201d (SvdeP) En esta celebraci\u00f3n se nos pide que reflexionemos sobre el Misterio del Cuerpo y la Sangre de Cristo. Vemos en el Evangelios a Jes\u00fas, ofreciendo la copa de vino a sus disc\u00edpulos, mientras declara: \u201cEsta es mi sangre, sangre de la nueva\u2026","rel":"","context":"En \u00abHomil\u00edas y reflexiones, A\u00f1o B\u00bb","block_context":{"text":"Homil\u00edas y reflexiones, A\u00f1o B","link":"https:\/\/vincentians.com\/es\/category\/homilias-y-reflexiones-a-la-palabra-de-dios\/homilias-y-reflexiones-ano-b\/"},"img":{"alt_text":"","src":"https:\/\/i0.wp.com\/vincentians.com\/es\/wp-content\/uploads\/sites\/11\/2016\/07\/reflexiones-palabra-de-dios.jpg?fit=1200%2C630&ssl=1&resize=350%2C200","width":350,"height":200,"srcset":"https:\/\/i0.wp.com\/vincentians.com\/es\/wp-content\/uploads\/sites\/11\/2016\/07\/reflexiones-palabra-de-dios.jpg?fit=1200%2C630&ssl=1&resize=350%2C200 1x, https:\/\/i0.wp.com\/vincentians.com\/es\/wp-content\/uploads\/sites\/11\/2016\/07\/reflexiones-palabra-de-dios.jpg?fit=1200%2C630&ssl=1&resize=525%2C300 1.5x, https:\/\/i0.wp.com\/vincentians.com\/es\/wp-content\/uploads\/sites\/11\/2016\/07\/reflexiones-palabra-de-dios.jpg?fit=1200%2C630&ssl=1&resize=700%2C400 2x, https:\/\/i0.wp.com\/vincentians.com\/es\/wp-content\/uploads\/sites\/11\/2016\/07\/reflexiones-palabra-de-dios.jpg?fit=1200%2C630&ssl=1&resize=1050%2C600 3x"},"classes":[]}],"_links":{"self":[{"href":"https:\/\/vincentians.com\/es\/wp-json\/wp\/v2\/posts\/389545","targetHints":{"allow":["GET"]}}],"collection":[{"href":"https:\/\/vincentians.com\/es\/wp-json\/wp\/v2\/posts"}],"about":[{"href":"https:\/\/vincentians.com\/es\/wp-json\/wp\/v2\/types\/post"}],"author":[{"embeddable":true,"href":"https:\/\/vincentians.com\/es\/wp-json\/wp\/v2\/users\/3"}],"replies":[{"embeddable":true,"href":"https:\/\/vincentians.com\/es\/wp-json\/wp\/v2\/comments?post=389545"}],"version-history":[{"count":0,"href":"https:\/\/vincentians.com\/es\/wp-json\/wp\/v2\/posts\/389545\/revisions"}],"wp:featuredmedia":[{"embeddable":true,"href":"https:\/\/vincentians.com\/es\/wp-json\/wp\/v2\/media\/388397"}],"wp:attachment":[{"href":"https:\/\/vincentians.com\/es\/wp-json\/wp\/v2\/media?parent=389545"}],"wp:term":[{"taxonomy":"category","embeddable":true,"href":"https:\/\/vincentians.com\/es\/wp-json\/wp\/v2\/categories?post=389545"},{"taxonomy":"post_tag","embeddable":true,"href":"https:\/\/vincentians.com\/es\/wp-json\/wp\/v2\/tags?post=389545"}],"curies":[{"name":"wp","href":"https:\/\/api.w.org\/{rel}","templated":true}]}}