{"id":389544,"date":"2016-07-26T08:15:14","date_gmt":"2016-07-26T06:15:14","guid":{"rendered":"http:\/\/vincentians.com\/es\/?p=389544"},"modified":"2016-07-26T13:11:32","modified_gmt":"2016-07-26T11:11:32","slug":"desenmascarar-la-insensatez","status":"publish","type":"post","link":"https:\/\/vincentians.com\/es\/desenmascarar-la-insensatez\/","title":{"rendered":"18\u00ba Domingo de T.O. (Jos\u00e9 Antonio Pagola): Desenmascarar la insensatez"},"content":{"rendered":"<p>El protagonista de la peque\u00f1a par\u00e1bola del \u00abrico insensato\u00bb es un terrateniente como aquellos que conoci\u00f3 Jes\u00fas en Galilea. Hombres poderosos que explotaban sin piedad a los campesinos, pensando solo en aumentar su bienestar. La gente los tem\u00eda y envidiaba: sin duda eran los m\u00e1s afortunados. Para Jes\u00fas, son los m\u00e1s insensatos.<\/p>\n<p>Sorprendido por una cosecha que desborda sus expectativas, el rico propietario se ve obligado a reflexionar: <em>\u00ab\u00bfQu\u00e9 har\u00e9?\u00bb. <\/em>Habla consigo mismo. En su horizonte no aparece nadie m\u00e1s. No parece tener esposa, hijos, amigos ni vecinos. No piensa en los campesinos que trabajan sus tierras. Solo le preocupa su bienestar y su riqueza: <em>mi<\/em> cosecha, <em>mis<\/em> graneros, <em>mis<\/em> bienes, <em>mi<\/em> vida\u2026<\/p>\n<p>El rico no se da cuenta de que vive encerrado en s\u00ed mismo, prisionero de una l\u00f3gica que lo deshumaniza vaci\u00e1ndolo de toda dignidad. Solo vive para acumular, almacenar y aumentar su bienestar material: <em>\u00abConstruir\u00e9 graneros m\u00e1s grandes, y almacenar\u00e9 all\u00ed todo el grano y el resto de mi cosecha. Y entonces me dir\u00e9 a m\u00ed mismo: Hombre, tienes bienes acumulados para muchos a\u00f1os; t\u00fambate, come y date buena vida\u00bb.<\/em><\/p>\n<p>De pronto, de manera inesperada, Jes\u00fas le hace intervenir al mismo Dios. Su grito interrumpe los sue\u00f1os e ilusiones del rico: <em>\u00abNecio, esta noche te van a exigir la vida. Lo que has acumulado, \u00bfde qui\u00e9n ser\u00e1?\u00bb. <\/em>Esta es la sentencia de Dios: la vida de este rico es un fracaso y una insensatez.<\/p>\n<p>Agranda sus graneros, pero no sabe ensanchar el horizonte de su vida. Acrecienta su riqueza, pero empeque\u00f1ece y empobrece su vida. Acumula bienes, pero no conoce la amistad, el amor generoso, la alegr\u00eda ni la solidaridad. No sabe dar ni compartir, solo acaparar. \u00bfQu\u00e9 hay de humano en esta vida?<\/p>\n<p>La crisis econ\u00f3mica que estamos sufriendo es una \u00abcrisis de ambici\u00f3n\u00bb: los pa\u00edses ricos, los grandes bancos, los poderosos de la tierra\u2026 hemos querido vivir por encima de nuestras posibilidades, so\u00f1ando con acumular bienestar sin l\u00edmite alguno y olvidando cada vez m\u00e1s a los que se hunden en la pobreza y el hambre. Pero, de pronto nuestra seguridad se ha venido abajo.<\/p>\n<p>Esta crisis no es una m\u00e1s. Es un \u00absigno de los tiempos\u00bb que hemos de leer a la luz del evangelio. No es dif\u00edcil escuchar la voz de Dios en el fondo de nuestras conciencias: \u00abBasta ya de tanta insensatez y tanta insolidaridad cruel\u00bb. Nunca superaremos nuestras crisis econ\u00f3micas sin luchar por un cambio profundo de nuestro estilo de vida: hemos de vivir de manera m\u00e1s austera; hemos de compartir m\u00e1s nuestro bienestar.<\/p>\n<p><strong>Jos\u00e9 Antonio Pagola<\/strong><\/p>\n<p>31 de julio de 2016<br \/>\n18 Domingo de O.T. (C)<br \/>\nLucas 12, 13-31<\/p>\n","protected":false},"excerpt":{"rendered":"<p>El protagonista de la peque\u00f1a par\u00e1bola del \u00abrico insensato\u00bb es un terrateniente como aquellos que conoci\u00f3 Jes\u00fas en Galilea. Hombres poderosos que explotaban sin piedad a los campesinos, pensando solo en aumentar su bienestar. La &#8230; <a href=\"https:\/\/vincentians.com\/es\/desenmascarar-la-insensatez\/\" class=\"more-link\">Read More<\/a><\/p>\n","protected":false},"author":3,"featured_media":388396,"comment_status":"open","ping_status":"open","sticky":false,"template":"","format":"standard","meta":{"jetpack_post_was_ever_published":false,"_jetpack_newsletter_access":"","_jetpack_dont_email_post_to_subs":false,"_jetpack_newsletter_tier_id":0,"_jetpack_memberships_contains_paywalled_content":false,"_jetpack_memberships_contains_paid_content":false,"footnotes":"","jetpack_publicize_message":"","jetpack_publicize_feature_enabled":true,"jetpack_social_post_already_shared":true,"jetpack_social_options":{"image_generator_settings":{"template":"highway","default_image_id":0,"font":"","enabled":false},"version":2}},"categories":[94],"tags":[],"class_list":["post-389544","post","type-post","status-publish","format-standard","has-post-thumbnail","hentry","category-homilias-y-reflexiones-ano-c"],"yoast_head":"<!-- This site is optimized with the Yoast SEO plugin v26.3 - https:\/\/yoast.com\/wordpress\/plugins\/seo\/ -->\n<title>18\u00ba Domingo de T.O. (Jos\u00e9 Antonio Pagola): Desenmascarar la insensatez - Somos Vicencianos<\/title>\n<meta name=\"robots\" content=\"index, follow, max-snippet:-1, max-image-preview:large, max-video-preview:-1\" \/>\n<link rel=\"canonical\" href=\"https:\/\/vincentians.com\/es\/desenmascarar-la-insensatez\/\" \/>\n<meta property=\"og:locale\" content=\"es_ES\" \/>\n<meta property=\"og:type\" content=\"article\" \/>\n<meta property=\"og:title\" content=\"18\u00ba Domingo de T.O. (Jos\u00e9 Antonio Pagola): Desenmascarar la insensatez - Somos Vicencianos\" \/>\n<meta property=\"og:description\" content=\"El protagonista de la peque\u00f1a par\u00e1bola del \u00abrico insensato\u00bb es un terrateniente como aquellos que conoci\u00f3 Jes\u00fas en Galilea. Hombres poderosos que explotaban sin piedad a los campesinos, pensando solo en aumentar su bienestar. La ... Read More\" \/>\n<meta property=\"og:url\" content=\"https:\/\/vincentians.com\/es\/desenmascarar-la-insensatez\/\" \/>\n<meta property=\"og:site_name\" content=\"Somos Vicencianos\" \/>\n<meta property=\"article:publisher\" content=\"https:\/\/www.facebook.com\/WeAreVincentians\/\" \/>\n<meta property=\"article:published_time\" content=\"2016-07-26T06:15:14+00:00\" \/>\n<meta property=\"article:modified_time\" content=\"2016-07-26T11:11:32+00:00\" \/>\n<meta property=\"og:image\" content=\"https:\/\/i0.wp.com\/vincentians.com\/es\/wp-content\/uploads\/sites\/11\/2016\/07\/reflexiones-pagola.jpg?fit=1200%2C630&ssl=1\" \/>\n\t<meta property=\"og:image:width\" content=\"1200\" \/>\n\t<meta property=\"og:image:height\" content=\"630\" \/>\n\t<meta property=\"og:image:type\" content=\"image\/jpeg\" \/>\n<meta name=\"author\" content=\"Ross Reyes Dizon\" \/>\n<meta name=\"twitter:card\" content=\"summary_large_image\" \/>\n<meta name=\"twitter:creator\" content=\"@WeVincentians\" \/>\n<meta name=\"twitter:site\" content=\"@WeVincentians\" \/>\n<meta name=\"twitter:label1\" content=\"Escrito por\" \/>\n\t<meta name=\"twitter:data1\" content=\"Ross Reyes Dizon\" \/>\n\t<meta name=\"twitter:label2\" content=\"Tiempo de lectura\" \/>\n\t<meta name=\"twitter:data2\" content=\"2 minutos\" \/>\n<script type=\"application\/ld+json\" class=\"yoast-schema-graph\">{\"@context\":\"https:\/\/schema.org\",\"@graph\":[{\"@type\":\"Article\",\"@id\":\"https:\/\/vincentians.com\/es\/desenmascarar-la-insensatez\/#article\",\"isPartOf\":{\"@id\":\"https:\/\/vincentians.com\/es\/desenmascarar-la-insensatez\/\"},\"author\":{\"name\":\"Ross Reyes Dizon\",\"@id\":\"http:\/\/vincentians.com\/es\/#\/schema\/person\/6b250b52a52e7af2128e08c36145865d\"},\"headline\":\"18\u00ba Domingo de T.O. (Jos\u00e9 Antonio Pagola): Desenmascarar la insensatez\",\"datePublished\":\"2016-07-26T06:15:14+00:00\",\"dateModified\":\"2016-07-26T11:11:32+00:00\",\"mainEntityOfPage\":{\"@id\":\"https:\/\/vincentians.com\/es\/desenmascarar-la-insensatez\/\"},\"wordCount\":474,\"commentCount\":0,\"publisher\":{\"@id\":\"http:\/\/vincentians.com\/es\/#organization\"},\"image\":{\"@id\":\"https:\/\/vincentians.com\/es\/desenmascarar-la-insensatez\/#primaryimage\"},\"thumbnailUrl\":\"https:\/\/i0.wp.com\/vincentians.com\/es\/wp-content\/uploads\/sites\/11\/2016\/07\/reflexiones-pagola.jpg?fit=1200%2C630&ssl=1\",\"articleSection\":[\"Homil\u00edas y reflexiones, A\u00f1o C\"],\"inLanguage\":\"es\",\"potentialAction\":[{\"@type\":\"CommentAction\",\"name\":\"Comment\",\"target\":[\"https:\/\/vincentians.com\/es\/desenmascarar-la-insensatez\/#respond\"]}]},{\"@type\":\"WebPage\",\"@id\":\"https:\/\/vincentians.com\/es\/desenmascarar-la-insensatez\/\",\"url\":\"https:\/\/vincentians.com\/es\/desenmascarar-la-insensatez\/\",\"name\":\"18\u00ba Domingo de T.O. (Jos\u00e9 Antonio Pagola): Desenmascarar la insensatez - Somos Vicencianos\",\"isPartOf\":{\"@id\":\"http:\/\/vincentians.com\/es\/#website\"},\"primaryImageOfPage\":{\"@id\":\"https:\/\/vincentians.com\/es\/desenmascarar-la-insensatez\/#primaryimage\"},\"image\":{\"@id\":\"https:\/\/vincentians.com\/es\/desenmascarar-la-insensatez\/#primaryimage\"},\"thumbnailUrl\":\"https:\/\/i0.wp.com\/vincentians.com\/es\/wp-content\/uploads\/sites\/11\/2016\/07\/reflexiones-pagola.jpg?fit=1200%2C630&ssl=1\",\"datePublished\":\"2016-07-26T06:15:14+00:00\",\"dateModified\":\"2016-07-26T11:11:32+00:00\",\"breadcrumb\":{\"@id\":\"https:\/\/vincentians.com\/es\/desenmascarar-la-insensatez\/#breadcrumb\"},\"inLanguage\":\"es\",\"potentialAction\":[{\"@type\":\"ReadAction\",\"target\":[\"https:\/\/vincentians.com\/es\/desenmascarar-la-insensatez\/\"]}]},{\"@type\":\"ImageObject\",\"inLanguage\":\"es\",\"@id\":\"https:\/\/vincentians.com\/es\/desenmascarar-la-insensatez\/#primaryimage\",\"url\":\"https:\/\/i0.wp.com\/vincentians.com\/es\/wp-content\/uploads\/sites\/11\/2016\/07\/reflexiones-pagola.jpg?fit=1200%2C630&ssl=1\",\"contentUrl\":\"https:\/\/i0.wp.com\/vincentians.com\/es\/wp-content\/uploads\/sites\/11\/2016\/07\/reflexiones-pagola.jpg?fit=1200%2C630&ssl=1\",\"width\":1200,\"height\":630},{\"@type\":\"BreadcrumbList\",\"@id\":\"https:\/\/vincentians.com\/es\/desenmascarar-la-insensatez\/#breadcrumb\",\"itemListElement\":[{\"@type\":\"ListItem\",\"position\":1,\"name\":\"Portada\",\"item\":\"http:\/\/vincentians.com\/es\/\"},{\"@type\":\"ListItem\",\"position\":2,\"name\":\"18\u00ba Domingo de T.O. (Jos\u00e9 Antonio Pagola): Desenmascarar la insensatez\"}]},{\"@type\":\"WebSite\",\"@id\":\"http:\/\/vincentians.com\/es\/#website\",\"url\":\"http:\/\/vincentians.com\/es\/\",\"name\":\"Somos Vicencianos\",\"description\":\"Know more to serve more\",\"publisher\":{\"@id\":\"http:\/\/vincentians.com\/es\/#organization\"},\"potentialAction\":[{\"@type\":\"SearchAction\",\"target\":{\"@type\":\"EntryPoint\",\"urlTemplate\":\"http:\/\/vincentians.com\/es\/?s={search_term_string}\"},\"query-input\":{\"@type\":\"PropertyValueSpecification\",\"valueRequired\":true,\"valueName\":\"search_term_string\"}}],\"inLanguage\":\"es\"},{\"@type\":\"Organization\",\"@id\":\"http:\/\/vincentians.com\/es\/#organization\",\"name\":\"The Vincentian Network\",\"url\":\"http:\/\/vincentians.com\/es\/\",\"logo\":{\"@type\":\"ImageObject\",\"inLanguage\":\"es\",\"@id\":\"http:\/\/vincentians.com\/es\/#\/schema\/logo\/image\/\",\"url\":\"https:\/\/i1.wp.com\/vincentians.com\/es\/wp-content\/uploads\/sites\/11\/2016\/06\/Vincentian-Network-logo-big.png?fit=778%2C778\",\"contentUrl\":\"https:\/\/i1.wp.com\/vincentians.com\/es\/wp-content\/uploads\/sites\/11\/2016\/06\/Vincentian-Network-logo-big.png?fit=778%2C778\",\"width\":778,\"height\":778,\"caption\":\"The Vincentian Network\"},\"image\":{\"@id\":\"http:\/\/vincentians.com\/es\/#\/schema\/logo\/image\/\"},\"sameAs\":[\"https:\/\/www.facebook.com\/WeAreVincentians\/\",\"https:\/\/x.com\/WeVincentians\"]},{\"@type\":\"Person\",\"@id\":\"http:\/\/vincentians.com\/es\/#\/schema\/person\/6b250b52a52e7af2128e08c36145865d\",\"name\":\"Ross Reyes Dizon\",\"image\":{\"@type\":\"ImageObject\",\"inLanguage\":\"es\",\"@id\":\"http:\/\/vincentians.com\/es\/#\/schema\/person\/image\/\",\"url\":\"https:\/\/secure.gravatar.com\/avatar\/84437f3208f798bde5b9b066b0f340b70134675aa8c7b7ec4464b9808a05c195?s=96&d=mm&r=g\",\"contentUrl\":\"https:\/\/secure.gravatar.com\/avatar\/84437f3208f798bde5b9b066b0f340b70134675aa8c7b7ec4464b9808a05c195?s=96&d=mm&r=g\",\"caption\":\"Ross Reyes Dizon\"},\"description\":\"Ross owes his formation to Filipino, Spanish and U.S. Vincentian missionaries. A native of the Philippines, he now lives in Vallejo, California, with his wife Melody. They have two grown-up sons, Vincent and Justin, and are full-time babysitters to grandchildren, Maximilian Fr\u00e9d\u00e9ric and Vivianna Louise. Ross volunteers at Margaret Todd Senior Center, Novato, California, teaching a free weekly citizenship class for mostly Spanish-speakers.\",\"url\":\"https:\/\/vincentians.com\/es\/author\/rosalino\/\"}]}<\/script>\n<!-- \/ Yoast SEO plugin. -->","yoast_head_json":{"title":"18\u00ba Domingo de T.O. (Jos\u00e9 Antonio Pagola): Desenmascarar la insensatez - Somos Vicencianos","robots":{"index":"index","follow":"follow","max-snippet":"max-snippet:-1","max-image-preview":"max-image-preview:large","max-video-preview":"max-video-preview:-1"},"canonical":"https:\/\/vincentians.com\/es\/desenmascarar-la-insensatez\/","og_locale":"es_ES","og_type":"article","og_title":"18\u00ba Domingo de T.O. (Jos\u00e9 Antonio Pagola): Desenmascarar la insensatez - Somos Vicencianos","og_description":"El protagonista de la peque\u00f1a par\u00e1bola del \u00abrico insensato\u00bb es un terrateniente como aquellos que conoci\u00f3 Jes\u00fas en Galilea. Hombres poderosos que explotaban sin piedad a los campesinos, pensando solo en aumentar su bienestar. La ... Read More","og_url":"https:\/\/vincentians.com\/es\/desenmascarar-la-insensatez\/","og_site_name":"Somos Vicencianos","article_publisher":"https:\/\/www.facebook.com\/WeAreVincentians\/","article_published_time":"2016-07-26T06:15:14+00:00","article_modified_time":"2016-07-26T11:11:32+00:00","og_image":[{"width":1200,"height":630,"url":"https:\/\/i0.wp.com\/vincentians.com\/es\/wp-content\/uploads\/sites\/11\/2016\/07\/reflexiones-pagola.jpg?fit=1200%2C630&ssl=1","type":"image\/jpeg"}],"author":"Ross Reyes Dizon","twitter_card":"summary_large_image","twitter_creator":"@WeVincentians","twitter_site":"@WeVincentians","twitter_misc":{"Escrito por":"Ross Reyes Dizon","Tiempo de lectura":"2 minutos"},"schema":{"@context":"https:\/\/schema.org","@graph":[{"@type":"Article","@id":"https:\/\/vincentians.com\/es\/desenmascarar-la-insensatez\/#article","isPartOf":{"@id":"https:\/\/vincentians.com\/es\/desenmascarar-la-insensatez\/"},"author":{"name":"Ross Reyes Dizon","@id":"http:\/\/vincentians.com\/es\/#\/schema\/person\/6b250b52a52e7af2128e08c36145865d"},"headline":"18\u00ba Domingo de T.O. (Jos\u00e9 Antonio Pagola): Desenmascarar la insensatez","datePublished":"2016-07-26T06:15:14+00:00","dateModified":"2016-07-26T11:11:32+00:00","mainEntityOfPage":{"@id":"https:\/\/vincentians.com\/es\/desenmascarar-la-insensatez\/"},"wordCount":474,"commentCount":0,"publisher":{"@id":"http:\/\/vincentians.com\/es\/#organization"},"image":{"@id":"https:\/\/vincentians.com\/es\/desenmascarar-la-insensatez\/#primaryimage"},"thumbnailUrl":"https:\/\/i0.wp.com\/vincentians.com\/es\/wp-content\/uploads\/sites\/11\/2016\/07\/reflexiones-pagola.jpg?fit=1200%2C630&ssl=1","articleSection":["Homil\u00edas y reflexiones, A\u00f1o C"],"inLanguage":"es","potentialAction":[{"@type":"CommentAction","name":"Comment","target":["https:\/\/vincentians.com\/es\/desenmascarar-la-insensatez\/#respond"]}]},{"@type":"WebPage","@id":"https:\/\/vincentians.com\/es\/desenmascarar-la-insensatez\/","url":"https:\/\/vincentians.com\/es\/desenmascarar-la-insensatez\/","name":"18\u00ba Domingo de T.O. (Jos\u00e9 Antonio Pagola): Desenmascarar la insensatez - Somos Vicencianos","isPartOf":{"@id":"http:\/\/vincentians.com\/es\/#website"},"primaryImageOfPage":{"@id":"https:\/\/vincentians.com\/es\/desenmascarar-la-insensatez\/#primaryimage"},"image":{"@id":"https:\/\/vincentians.com\/es\/desenmascarar-la-insensatez\/#primaryimage"},"thumbnailUrl":"https:\/\/i0.wp.com\/vincentians.com\/es\/wp-content\/uploads\/sites\/11\/2016\/07\/reflexiones-pagola.jpg?fit=1200%2C630&ssl=1","datePublished":"2016-07-26T06:15:14+00:00","dateModified":"2016-07-26T11:11:32+00:00","breadcrumb":{"@id":"https:\/\/vincentians.com\/es\/desenmascarar-la-insensatez\/#breadcrumb"},"inLanguage":"es","potentialAction":[{"@type":"ReadAction","target":["https:\/\/vincentians.com\/es\/desenmascarar-la-insensatez\/"]}]},{"@type":"ImageObject","inLanguage":"es","@id":"https:\/\/vincentians.com\/es\/desenmascarar-la-insensatez\/#primaryimage","url":"https:\/\/i0.wp.com\/vincentians.com\/es\/wp-content\/uploads\/sites\/11\/2016\/07\/reflexiones-pagola.jpg?fit=1200%2C630&ssl=1","contentUrl":"https:\/\/i0.wp.com\/vincentians.com\/es\/wp-content\/uploads\/sites\/11\/2016\/07\/reflexiones-pagola.jpg?fit=1200%2C630&ssl=1","width":1200,"height":630},{"@type":"BreadcrumbList","@id":"https:\/\/vincentians.com\/es\/desenmascarar-la-insensatez\/#breadcrumb","itemListElement":[{"@type":"ListItem","position":1,"name":"Portada","item":"http:\/\/vincentians.com\/es\/"},{"@type":"ListItem","position":2,"name":"18\u00ba Domingo de T.O. (Jos\u00e9 Antonio Pagola): Desenmascarar la insensatez"}]},{"@type":"WebSite","@id":"http:\/\/vincentians.com\/es\/#website","url":"http:\/\/vincentians.com\/es\/","name":"Somos Vicencianos","description":"Know more to serve more","publisher":{"@id":"http:\/\/vincentians.com\/es\/#organization"},"potentialAction":[{"@type":"SearchAction","target":{"@type":"EntryPoint","urlTemplate":"http:\/\/vincentians.com\/es\/?s={search_term_string}"},"query-input":{"@type":"PropertyValueSpecification","valueRequired":true,"valueName":"search_term_string"}}],"inLanguage":"es"},{"@type":"Organization","@id":"http:\/\/vincentians.com\/es\/#organization","name":"The Vincentian Network","url":"http:\/\/vincentians.com\/es\/","logo":{"@type":"ImageObject","inLanguage":"es","@id":"http:\/\/vincentians.com\/es\/#\/schema\/logo\/image\/","url":"https:\/\/i1.wp.com\/vincentians.com\/es\/wp-content\/uploads\/sites\/11\/2016\/06\/Vincentian-Network-logo-big.png?fit=778%2C778","contentUrl":"https:\/\/i1.wp.com\/vincentians.com\/es\/wp-content\/uploads\/sites\/11\/2016\/06\/Vincentian-Network-logo-big.png?fit=778%2C778","width":778,"height":778,"caption":"The Vincentian Network"},"image":{"@id":"http:\/\/vincentians.com\/es\/#\/schema\/logo\/image\/"},"sameAs":["https:\/\/www.facebook.com\/WeAreVincentians\/","https:\/\/x.com\/WeVincentians"]},{"@type":"Person","@id":"http:\/\/vincentians.com\/es\/#\/schema\/person\/6b250b52a52e7af2128e08c36145865d","name":"Ross Reyes Dizon","image":{"@type":"ImageObject","inLanguage":"es","@id":"http:\/\/vincentians.com\/es\/#\/schema\/person\/image\/","url":"https:\/\/secure.gravatar.com\/avatar\/84437f3208f798bde5b9b066b0f340b70134675aa8c7b7ec4464b9808a05c195?s=96&d=mm&r=g","contentUrl":"https:\/\/secure.gravatar.com\/avatar\/84437f3208f798bde5b9b066b0f340b70134675aa8c7b7ec4464b9808a05c195?s=96&d=mm&r=g","caption":"Ross Reyes Dizon"},"description":"Ross owes his formation to Filipino, Spanish and U.S. Vincentian missionaries. A native of the Philippines, he now lives in Vallejo, California, with his wife Melody. They have two grown-up sons, Vincent and Justin, and are full-time babysitters to grandchildren, Maximilian Fr\u00e9d\u00e9ric and Vivianna Louise. Ross volunteers at Margaret Todd Senior Center, Novato, California, teaching a free weekly citizenship class for mostly Spanish-speakers.","url":"https:\/\/vincentians.com\/es\/author\/rosalino\/"}]}},"jetpack_publicize_connections":[],"jetpack_featured_media_url":"https:\/\/i0.wp.com\/vincentians.com\/es\/wp-content\/uploads\/sites\/11\/2016\/07\/reflexiones-pagola.jpg?fit=1200%2C630&ssl=1","jetpack_sharing_enabled":true,"jetpack_shortlink":"https:\/\/wp.me\/p7ETMF-1DkY","jetpack-related-posts":[{"id":398610,"url":"https:\/\/vincentians.com\/es\/18o-domingo-t-jose-cervantes-gabarron\/","url_meta":{"origin":389544,"position":0},"title":"18\u00ba Domingo de T.O. (Jos\u00e9 Cervantes Gabarr\u00f3n)","author":"Francisco Javier Fern\u00e1ndez Chento","date":"30\/07\/2016","format":false,"excerpt":"Poner la econom\u00eda al servicio de los pueblos y de los pobres El papa\u00a0Francisco\u00a0sigue comunicando ante miles de\u00a0j\u00f3venes del mundo entero\u00a0el mensaje de\u00a0alegr\u00eda\u00a0y esperanza que viene de\u00a0Jesucristo y de su Evangelio\u00a0en la Jornada Mundial de la Juventud en Polonia. Especialmente significativa ha sido su presencia silenciosa, respetuosa y religiosa en\u00a0Auschwitz,\u2026","rel":"","context":"En \u00abHomil\u00edas y reflexiones, A\u00f1o C\u00bb","block_context":{"text":"Homil\u00edas y reflexiones, A\u00f1o C","link":"https:\/\/vincentians.com\/es\/category\/homilias-y-reflexiones-a-la-palabra-de-dios\/homilias-y-reflexiones-ano-c\/"},"img":{"alt_text":"","src":"https:\/\/i0.wp.com\/vincentians.com\/es\/wp-content\/uploads\/sites\/11\/2016\/07\/reflexiones-jose-cervantes.jpg?fit=1200%2C630&ssl=1&resize=350%2C200","width":350,"height":200,"srcset":"https:\/\/i0.wp.com\/vincentians.com\/es\/wp-content\/uploads\/sites\/11\/2016\/07\/reflexiones-jose-cervantes.jpg?fit=1200%2C630&ssl=1&resize=350%2C200 1x, https:\/\/i0.wp.com\/vincentians.com\/es\/wp-content\/uploads\/sites\/11\/2016\/07\/reflexiones-jose-cervantes.jpg?fit=1200%2C630&ssl=1&resize=525%2C300 1.5x, https:\/\/i0.wp.com\/vincentians.com\/es\/wp-content\/uploads\/sites\/11\/2016\/07\/reflexiones-jose-cervantes.jpg?fit=1200%2C630&ssl=1&resize=700%2C400 2x, https:\/\/i0.wp.com\/vincentians.com\/es\/wp-content\/uploads\/sites\/11\/2016\/07\/reflexiones-jose-cervantes.jpg?fit=1200%2C630&ssl=1&resize=1050%2C600 3x"},"classes":[]},{"id":398574,"url":"https:\/\/vincentians.com\/es\/18o-domingo-t-javier-balda\/","url_meta":{"origin":389544,"position":1},"title":"18\u00ba Domingo de T.O. (Javier Balda)","author":"Francisco Javier Fern\u00e1ndez Chento","date":"30\/07\/2016","format":false,"excerpt":"\u00bfY si hoy te llama el Se\u00f1or? Cristo no es un juez, ni nos ha dejado un C\u00f3digo de leyes jur\u00eddicas para resolver los problemas econ\u00f3micos de los hombres. No es la justicia del tener la raz\u00f3n de su misi\u00f3n sino el mismo hombre. Jes\u00fas no vino a la tierra\u2026","rel":"","context":"En \u00abHomil\u00edas y reflexiones, A\u00f1o C\u00bb","block_context":{"text":"Homil\u00edas y reflexiones, A\u00f1o C","link":"https:\/\/vincentians.com\/es\/category\/homilias-y-reflexiones-a-la-palabra-de-dios\/homilias-y-reflexiones-ano-c\/"},"img":{"alt_text":"","src":"https:\/\/i0.wp.com\/vincentians.com\/es\/wp-content\/uploads\/sites\/11\/2016\/07\/reflexiones-javier-balda.jpg?fit=1200%2C630&ssl=1&resize=350%2C200","width":350,"height":200,"srcset":"https:\/\/i0.wp.com\/vincentians.com\/es\/wp-content\/uploads\/sites\/11\/2016\/07\/reflexiones-javier-balda.jpg?fit=1200%2C630&ssl=1&resize=350%2C200 1x, https:\/\/i0.wp.com\/vincentians.com\/es\/wp-content\/uploads\/sites\/11\/2016\/07\/reflexiones-javier-balda.jpg?fit=1200%2C630&ssl=1&resize=525%2C300 1.5x, https:\/\/i0.wp.com\/vincentians.com\/es\/wp-content\/uploads\/sites\/11\/2016\/07\/reflexiones-javier-balda.jpg?fit=1200%2C630&ssl=1&resize=700%2C400 2x, https:\/\/i0.wp.com\/vincentians.com\/es\/wp-content\/uploads\/sites\/11\/2016\/07\/reflexiones-javier-balda.jpg?fit=1200%2C630&ssl=1&resize=1050%2C600 3x"},"classes":[]},{"id":135792,"url":"https:\/\/vincentians.com\/es\/18o-domingo-de-tiempo-ordinario-reflexion-de-jose-antonio-pagola\/","url_meta":{"origin":389544,"position":2},"title":"18\u00ba Domingo de Tiempo Ordinario (reflexi\u00f3n de Jos\u00e9 Antonio Pagola)","author":"Francisco Javier Fern\u00e1ndez Chento","date":"31\/07\/2012","format":false,"excerpt":"Pan de vida \u00bfPor qu\u00e9 seguir interes\u00e1ndonos por Jes\u00fas despu\u00e9s de veinte siglos? \u00bfQu\u00e9 podemos esperar de \u00e9l? \u00bfQu\u00e9 nos puede aportar a los hombres y mujeres de nuestro tiempo? \u00bfNos va a resolver acaso los problemas del mundo actual? El evangelio de Juan habla un di\u00e1logo de gran inter\u00e9s,\u2026","rel":"","context":"En \u00abHomil\u00edas y reflexiones, A\u00f1o B\u00bb","block_context":{"text":"Homil\u00edas y reflexiones, A\u00f1o B","link":"https:\/\/vincentians.com\/es\/category\/homilias-y-reflexiones-a-la-palabra-de-dios\/homilias-y-reflexiones-ano-b\/"},"img":{"alt_text":"","src":"https:\/\/i0.wp.com\/vincentians.com\/es\/wp-content\/uploads\/sites\/11\/2016\/07\/reflexiones-pagola.jpg?fit=1200%2C630&ssl=1&resize=350%2C200","width":350,"height":200,"srcset":"https:\/\/i0.wp.com\/vincentians.com\/es\/wp-content\/uploads\/sites\/11\/2016\/07\/reflexiones-pagola.jpg?fit=1200%2C630&ssl=1&resize=350%2C200 1x, https:\/\/i0.wp.com\/vincentians.com\/es\/wp-content\/uploads\/sites\/11\/2016\/07\/reflexiones-pagola.jpg?fit=1200%2C630&ssl=1&resize=525%2C300 1.5x, https:\/\/i0.wp.com\/vincentians.com\/es\/wp-content\/uploads\/sites\/11\/2016\/07\/reflexiones-pagola.jpg?fit=1200%2C630&ssl=1&resize=700%2C400 2x, https:\/\/i0.wp.com\/vincentians.com\/es\/wp-content\/uploads\/sites\/11\/2016\/07\/reflexiones-pagola.jpg?fit=1200%2C630&ssl=1&resize=1050%2C600 3x"},"classes":[]},{"id":173794,"url":"https:\/\/vincentians.com\/es\/11o-domingo-de-t-o-reflexion-de-la-s-s-v-p-en-espana\/","url_meta":{"origin":389544,"position":3},"title":"11\u00ba Domingo de T.O. (reflexi\u00f3n de la S.S.V.P. en Espa\u00f1a)","author":"Francisco Javier Fern\u00e1ndez Chento","date":"13\/06\/2015","format":false,"excerpt":"\u201cLa caridad es el centro que une a la comunidad con Dios y con los dem\u00e1s\u201d (SvdeP) El Evangelio nos presenta dos par\u00e1bolas: la de la semilla que germina lentamente y la del grano de mostaza que crece hasta convertirse en arbusto. Estas par\u00e1bolas evocan el estado glorioso del Reino\u2026","rel":"","context":"En \u00abHomil\u00edas y reflexiones, A\u00f1o B\u00bb","block_context":{"text":"Homil\u00edas y reflexiones, A\u00f1o B","link":"https:\/\/vincentians.com\/es\/category\/homilias-y-reflexiones-a-la-palabra-de-dios\/homilias-y-reflexiones-ano-b\/"},"img":{"alt_text":"","src":"https:\/\/i0.wp.com\/vincentians.com\/es\/wp-content\/uploads\/sites\/11\/2016\/07\/reflexiones-palabra-de-dios.jpg?fit=1200%2C630&ssl=1&resize=350%2C200","width":350,"height":200,"srcset":"https:\/\/i0.wp.com\/vincentians.com\/es\/wp-content\/uploads\/sites\/11\/2016\/07\/reflexiones-palabra-de-dios.jpg?fit=1200%2C630&ssl=1&resize=350%2C200 1x, https:\/\/i0.wp.com\/vincentians.com\/es\/wp-content\/uploads\/sites\/11\/2016\/07\/reflexiones-palabra-de-dios.jpg?fit=1200%2C630&ssl=1&resize=525%2C300 1.5x, https:\/\/i0.wp.com\/vincentians.com\/es\/wp-content\/uploads\/sites\/11\/2016\/07\/reflexiones-palabra-de-dios.jpg?fit=1200%2C630&ssl=1&resize=700%2C400 2x, https:\/\/i0.wp.com\/vincentians.com\/es\/wp-content\/uploads\/sites\/11\/2016\/07\/reflexiones-palabra-de-dios.jpg?fit=1200%2C630&ssl=1&resize=1050%2C600 3x"},"classes":[]},{"id":400915,"url":"https:\/\/vincentians.com\/es\/12-domingo-to-dizonreyes-ver\/","url_meta":{"origin":389544,"position":4},"title":"12\u00ba Domingo de T.O. (reflexi\u00f3n de Rosalino Reyes Dizon)","author":"Ross Reyes Dizon","date":"20\/06\/2017","format":false,"excerpt":"Ver al Se\u00f1or Jes\u00fas es ver al Padre Solo Jes\u00fas nos hace ver al Padre plenamente. Podemos ver plenamente al Padre, incluso ac\u00e1 abajo, por el Hijo unig\u00e9nito.\u00a0 Y \u00e9ste est\u00e1 en el seno del Padre all\u00e1 arriba. A Dios, ciertamente, ninguna creatura humana lo ha logrado ver jam\u00e1s.\u00a0 Quien\u2026","rel":"","context":"En \u00abHomil\u00edas y reflexiones, A\u00f1o A\u00bb","block_context":{"text":"Homil\u00edas y reflexiones, A\u00f1o A","link":"https:\/\/vincentians.com\/es\/category\/homilias-y-reflexiones-a-la-palabra-de-dios\/homilias-y-reflexiones-ano-a\/"},"img":{"alt_text":"","src":"https:\/\/i0.wp.com\/vincentians.com\/es\/wp-content\/uploads\/sites\/11\/2016\/07\/reflexiones-ross.jpg?fit=1200%2C630&ssl=1&resize=350%2C200","width":350,"height":200,"srcset":"https:\/\/i0.wp.com\/vincentians.com\/es\/wp-content\/uploads\/sites\/11\/2016\/07\/reflexiones-ross.jpg?fit=1200%2C630&ssl=1&resize=350%2C200 1x, https:\/\/i0.wp.com\/vincentians.com\/es\/wp-content\/uploads\/sites\/11\/2016\/07\/reflexiones-ross.jpg?fit=1200%2C630&ssl=1&resize=525%2C300 1.5x, https:\/\/i0.wp.com\/vincentians.com\/es\/wp-content\/uploads\/sites\/11\/2016\/07\/reflexiones-ross.jpg?fit=1200%2C630&ssl=1&resize=700%2C400 2x, https:\/\/i0.wp.com\/vincentians.com\/es\/wp-content\/uploads\/sites\/11\/2016\/07\/reflexiones-ross.jpg?fit=1200%2C630&ssl=1&resize=1050%2C600 3x"},"classes":[]},{"id":132442,"url":"https:\/\/vincentians.com\/es\/domingo-5o-de-pascua-reflexion-de-alfonso-berrade-c-m\/","url_meta":{"origin":389544,"position":5},"title":"Domingo 5\u00ba de Pascua (reflexi\u00f3n de Alfonso Berrade, C.M.)","author":"Francisco Javier Fern\u00e1ndez Chento","date":"06\/05\/2012","format":false,"excerpt":"Lecci\u00f3n de agronom\u00eda en el Evangelio Desde ni\u00f1o he visto las cosas que hacen los hombres del campo. Tambi\u00e9n Jes\u00fas vivi\u00f3 en el campo y le eran familiares las acciones de sus coet\u00e1neos. Vio sembrar y cosechar, vio limpiar los campos de malas hierbas y quemarlas, vio podar las vi\u00f1as\u2026","rel":"","context":"En \u00abHomil\u00edas y reflexiones, A\u00f1o B\u00bb","block_context":{"text":"Homil\u00edas y reflexiones, A\u00f1o B","link":"https:\/\/vincentians.com\/es\/category\/homilias-y-reflexiones-a-la-palabra-de-dios\/homilias-y-reflexiones-ano-b\/"},"img":{"alt_text":"","src":"https:\/\/i0.wp.com\/vincentians.com\/es\/wp-content\/uploads\/sites\/11\/2016\/07\/reflexiones-palabra-de-dios.jpg?fit=1200%2C630&ssl=1&resize=350%2C200","width":350,"height":200,"srcset":"https:\/\/i0.wp.com\/vincentians.com\/es\/wp-content\/uploads\/sites\/11\/2016\/07\/reflexiones-palabra-de-dios.jpg?fit=1200%2C630&ssl=1&resize=350%2C200 1x, https:\/\/i0.wp.com\/vincentians.com\/es\/wp-content\/uploads\/sites\/11\/2016\/07\/reflexiones-palabra-de-dios.jpg?fit=1200%2C630&ssl=1&resize=525%2C300 1.5x, https:\/\/i0.wp.com\/vincentians.com\/es\/wp-content\/uploads\/sites\/11\/2016\/07\/reflexiones-palabra-de-dios.jpg?fit=1200%2C630&ssl=1&resize=700%2C400 2x, https:\/\/i0.wp.com\/vincentians.com\/es\/wp-content\/uploads\/sites\/11\/2016\/07\/reflexiones-palabra-de-dios.jpg?fit=1200%2C630&ssl=1&resize=1050%2C600 3x"},"classes":[]}],"_links":{"self":[{"href":"https:\/\/vincentians.com\/es\/wp-json\/wp\/v2\/posts\/389544","targetHints":{"allow":["GET"]}}],"collection":[{"href":"https:\/\/vincentians.com\/es\/wp-json\/wp\/v2\/posts"}],"about":[{"href":"https:\/\/vincentians.com\/es\/wp-json\/wp\/v2\/types\/post"}],"author":[{"embeddable":true,"href":"https:\/\/vincentians.com\/es\/wp-json\/wp\/v2\/users\/3"}],"replies":[{"embeddable":true,"href":"https:\/\/vincentians.com\/es\/wp-json\/wp\/v2\/comments?post=389544"}],"version-history":[{"count":0,"href":"https:\/\/vincentians.com\/es\/wp-json\/wp\/v2\/posts\/389544\/revisions"}],"wp:featuredmedia":[{"embeddable":true,"href":"https:\/\/vincentians.com\/es\/wp-json\/wp\/v2\/media\/388396"}],"wp:attachment":[{"href":"https:\/\/vincentians.com\/es\/wp-json\/wp\/v2\/media?parent=389544"}],"wp:term":[{"taxonomy":"category","embeddable":true,"href":"https:\/\/vincentians.com\/es\/wp-json\/wp\/v2\/categories?post=389544"},{"taxonomy":"post_tag","embeddable":true,"href":"https:\/\/vincentians.com\/es\/wp-json\/wp\/v2\/tags?post=389544"}],"curies":[{"name":"wp","href":"https:\/\/api.w.org\/{rel}","templated":true}]}}