{"id":38867,"date":"2017-03-25T08:32:11","date_gmt":"2017-03-25T07:32:11","guid":{"rendered":"http:\/\/somos.vicencianos.org\/blog\/2011\/05\/ano-1649\/"},"modified":"2016-12-28T15:58:01","modified_gmt":"2016-12-28T14:58:01","slug":"ano-1649","status":"publish","type":"post","link":"https:\/\/vincentians.com\/es\/ano-1649\/","title":{"rendered":"A\u00f1o 1649"},"content":{"rendered":"<h2><img data-recalc-dims=\"1\" loading=\"lazy\" decoding=\"async\" data-attachment-id=\"399748\" data-permalink=\"https:\/\/vincentians.com\/es\/luisa-marillac-las-senoras-las-caridades\/con-damas-de-la-caridad\/\" data-orig-file=\"https:\/\/i0.wp.com\/vincentians.com\/es\/wp-content\/uploads\/sites\/11\/2016\/08\/con-damas-de-la-caridad.jpg?fit=1200%2C630&amp;ssl=1\" data-orig-size=\"1200,630\" data-comments-opened=\"1\" data-image-meta=\"{&quot;aperture&quot;:&quot;0&quot;,&quot;credit&quot;:&quot;&quot;,&quot;camera&quot;:&quot;&quot;,&quot;caption&quot;:&quot;&quot;,&quot;created_timestamp&quot;:&quot;0&quot;,&quot;copyright&quot;:&quot;&quot;,&quot;focal_length&quot;:&quot;0&quot;,&quot;iso&quot;:&quot;0&quot;,&quot;shutter_speed&quot;:&quot;0&quot;,&quot;title&quot;:&quot;&quot;,&quot;orientation&quot;:&quot;1&quot;}\" data-image-title=\"con damas de la caridad\" data-image-description=\"\" data-image-caption=\"\" data-medium-file=\"https:\/\/i0.wp.com\/vincentians.com\/es\/wp-content\/uploads\/sites\/11\/2016\/08\/con-damas-de-la-caridad.jpg?fit=300%2C158&amp;ssl=1\" data-large-file=\"https:\/\/i0.wp.com\/vincentians.com\/es\/wp-content\/uploads\/sites\/11\/2016\/08\/con-damas-de-la-caridad.jpg?fit=846%2C444&amp;ssl=1\" class=\"alignnone size-medium wp-image-399748 alignleft\" src=\"https:\/\/i0.wp.com\/vincentians.com\/es\/wp-content\/uploads\/sites\/11\/2016\/08\/con-damas-de-la-caridad.jpg?resize=300%2C158\" alt=\"\" width=\"300\" height=\"158\" srcset=\"https:\/\/i0.wp.com\/vincentians.com\/es\/wp-content\/uploads\/sites\/11\/2016\/08\/con-damas-de-la-caridad.jpg?resize=300%2C158&amp;ssl=1 300w, https:\/\/i0.wp.com\/vincentians.com\/es\/wp-content\/uploads\/sites\/11\/2016\/08\/con-damas-de-la-caridad.jpg?resize=768%2C403&amp;ssl=1 768w, https:\/\/i0.wp.com\/vincentians.com\/es\/wp-content\/uploads\/sites\/11\/2016\/08\/con-damas-de-la-caridad.jpg?resize=1024%2C538&amp;ssl=1 1024w, https:\/\/i0.wp.com\/vincentians.com\/es\/wp-content\/uploads\/sites\/11\/2016\/08\/con-damas-de-la-caridad.jpg?resize=100%2C53&amp;ssl=1 100w, https:\/\/i0.wp.com\/vincentians.com\/es\/wp-content\/uploads\/sites\/11\/2016\/08\/con-damas-de-la-caridad.jpg?resize=846%2C444&amp;ssl=1 846w, https:\/\/i0.wp.com\/vincentians.com\/es\/wp-content\/uploads\/sites\/11\/2016\/08\/con-damas-de-la-caridad.jpg?resize=1004%2C527&amp;ssl=1 1004w, https:\/\/i0.wp.com\/vincentians.com\/es\/wp-content\/uploads\/sites\/11\/2016\/08\/con-damas-de-la-caridad.jpg?w=1200&amp;ssl=1 1200w\" sizes=\"auto, (max-width: 300px) 100vw, 300px\" \/>El a\u00f1o 1649 en Francia:<\/h2>\n<p><strong>6 enero:<\/strong> En la noche del 5 al 6 de enero (noche de Reyes), a las dos de la madrugada, la Corte sale de inc\u00f3gnito hacia S. German-en-Laye. Las sobrinas de Mazarino ya hab\u00edan salido para Sed\u00e1n con el Mariscal Fabert (LD. 63; A. 295; M. 144; Mz. 88-89).<\/p>\n<p><strong>8 enero:<\/strong> La Reina pide que el Parlamento se traslade a Montargis y ante la negativa, comienza el bloqueo de Par\u00eds:<\/p>\n<p>&#8211; Las tropas realistas, bajo el mando de Gast\u00f3n y con la direcci\u00f3n efectiva de Cond\u00e9, su Mariscal Grammont ocupa S. Cloud y Meudon; Novailles el <strong>d\u00eda 15<\/strong> entra en Corbeil; Du Plessis-Praslin domina la regi\u00f3n de S. Denis; las fuerzas de Vincennes, con las instaladas en Lagny, dominan el Marne. El bloqueo era fundamentalmente fluvial.<\/p>\n<p>&#8211; Las tropas frondistas: dominan solamente Charenton y Bourg-de-la-Reine. Sus principales jefes eran Carlos de Lorena, el duque de Elbeuf (M. 153), Conti y su cu\u00f1ado Longueville que hab\u00edan desertado de S. Germ\u00e1n <strong>el d\u00eda 10<\/strong>, Noirmoutiers (M. 155), Marsillac, Beaumont, Beaufort, Bouillon (M. 153), La Motte, El Coadjutor de Retz (M. 155). Turena (M. 164-165) en un principio indeciso se dej\u00f3 arrastrar por su hermano Bouillon y la duquesa de Longueville pero cuando se dispon\u00eda a venir con su ej\u00e9rcito fue abandonado por sus tropas, compradas por Mazarino y tuvo que huir a Holanda y el ej\u00e9rcito pas\u00f3 a manos de Juan Luis de Erlach (M. 153-157).<\/p>\n<p>&#8211; Provincias: la \u00fanica esperanza de los frondistas, despu\u00e9s del fracaso de Turena, estaba en Provincias: Provenza, Anjou, Guyena y, sobre todo, Normand\u00eda donde Longueville (M. 164) intentaba levantar la Regi\u00f3n y acudir despu\u00e9s a Par\u00eds pero el general D\u2019Harcourt, realista, bloque\u00f3 Ru\u00e1n al apoderarse de Pont-de-l\u2019Arche.<\/p>\n<p>&#8211; Par\u00eds: El Arzobispo Coadjutor, Gondi, recluta a sus expensas un regimiento \u00abLos Corintios\u00bb que toman el Arsenal y la Bastilla (M. 162). Las mujeres de Longueville y de Bouillon se ofrecen a vivir en el Ayuntamiento como garant\u00eda de que sus maridos no van a traicionar. La Longueville dar\u00e1 a luz en este Ayuntamiento, en la noche del <strong>28 al 29<\/strong> un hijo al que llamar\u00e1n Carlos Par\u00eds. Elbeuf, Beaufort y Gondi dominan la ciudad que se convierte (M.156; A. 308) en un lugar de libertinaje y de amor\u00edos entre jefes, sus se\u00f1oras y sus queridas (LD. 64; A. 298-302; Mz. 90-91).<\/p>\n<p><strong>9 enero:<\/strong> El Parlamento acusa a Mazarino de proscrito (se le puede coger y matar) y <strong>el 25<\/strong> saquearon su Palacio (A. 297).<\/p>\n<p><strong>24 enero:<\/strong> Beaufort con un peque\u00f1o ej\u00e9rcito hace una salida hacia Corbeil pero volvieron con un gran fracaso. Lo mismo el regimiento de Gondi sali\u00f3 <strong>el 28<\/strong> y fue derrotado en Anthony (M. 164; Mz. 93).<\/p>\n<p><strong>8-9 febrero:<\/strong> Mazarino y Cond\u00e9 intentan apretar el cerco, tomando Charenton, pasaron a cuchillo las guarniciones parlamentarias, pero tuvieron la p\u00e9rdida de Chatillon, <strong>el 16<\/strong> tomaron Montthery y <strong>el 26<\/strong> Brie-Conte-Robert, as\u00ed controlaron los abastecimientos que ven\u00edan de la Brie y el trigo de Beuce y Hurepoix. (Mz. 90.94).<\/p>\n<p><strong>13 febrero:<\/strong> El Parlamento decreta la expulsi\u00f3n de Mazarino y confisca sus bienes, el <strong>9 de marzo<\/strong> se vend\u00edan los muebles (A. 297; M. 160).<\/p>\n<p><strong>19 febrero:<\/strong> La Corte se entera de la ejecuci\u00f3n de Carlos I de Inglaterra, decapitado el <strong>30 de enero<\/strong>. Esto produce miedo en la Corte y da \u00e1nimo a los parlamentarios. La familia real inglesa (Enriqueta con sus hijos) est\u00e1 en el Louvre viviendo muy pobremente (A. 279).<\/p>\n<p><strong>24 febrero:<\/strong> Los Frondistas intentan negociar con Espa\u00f1a, para que viniera en su apoyo el archiduque Leopoldo pero no lo consiguieron y ante las dificultades y miseria del bloqueo, comienzan a entablar conversaciones con la Corte el <strong>24 de febrero<\/strong> (A. 301; M. 165; Mz. 94-95).<\/p>\n<p><strong>11 marzo:<\/strong> Las conversaciones de paz culminan en un acuerdo en Rueil y el <strong>1 de abril<\/strong> se firma la paz de S. Germ\u00e1n, ratificada por el Parlamento el <strong>1 de agosto<\/strong> (III, 379; A. 302; M. 165-166; Mz. 95).<\/p>\n<p><strong>12 abril:<\/strong> La Chevreusse, desterrada en 1643 a Inglaterra y desde 1645 en Bruselas vuelve de nuevo a la Corte aunque con poca simpat\u00eda de la Reina (M. 165).<\/p>\n<p><strong>1 julio:<\/strong> Nicol\u00e1s Cornet establece las cinco proposiciones jansenistas y pide a la Sorbona su condenaci\u00f3n. No es atendido y salen tres escritos contra Cornet.<\/p>\n<p><strong>Mayo-Julio:<\/strong> Apaciguadas las cosas en Par\u00eds, Mazarino prosigue la guerra contra Espa\u00f1a: el <strong>20 de mayo<\/strong> perd\u00eda Ypres, <strong>el 25<\/strong> S. Venant, el <strong>24 de junio<\/strong> sitiaba la ciudad de Cambray pero la ten\u00eda que levantar el <strong>3 de julio<\/strong>. Hubo hechos de armas tambi\u00e9n en las ciudades de Conde y Maybeuge (Mz. 97).<\/p>\n<p><strong>17 julio:<\/strong> Se escapa Claudio Marlon, impresor de \u00abLa Custode\u00bb (Cortinas de lecho) panfleto contra Mazarino y la Reina, s\u00edmbolo de la corrupci\u00f3n de costumbres, la perversi\u00f3n religiosa y las blasfemias contra la religi\u00f3n. Ten\u00eda setenta a\u00f1os y fue arrancado de las manos de los guardias cuando le llevaba a colgar a la plaza de la Greve. Fueron tiempos de impunidad para el grupo de los libertinos y ateos (Vitry, Brissac, De Matha\u2026 (A. 312; M. 156.172).<\/p>\n<p><strong>18 agosto:<\/strong> Vuelve la Corte a Par\u00eds y Mazarino vuelve a ganarse al pueblo. El <strong>d\u00eda 20<\/strong> asiste el Rey a una misa en Notre-Dame por el fin de la Fronda. <strong>El 25<\/strong> hay regatas y fiestas en el Sena, el <strong>5 de septiembre<\/strong> el Ayuntamiento da una fiesta a la Corte (LD. 65; A. 303; M. 173; Mz. 97).<\/p>\n<p><strong>14 septiembre:<\/strong> Cond\u00e9, triunfador, es ahora el gran peligro. Mazarino intenta frenar su orgullo, pero\u2026 El 14 de septiembre Mazarino anunciaba en una fiesta la boda de su sobrina Laura Manzini con el duque de Mercoeur, un Vendome. Esto fue para Cond\u00e9 una provocaci\u00f3n y lleg\u00f3 a abofetear al Cardenal. La boda de momento no se llev\u00f3 a cabo y Cond\u00e9 se iba haciendo (asunto de los taburetes \u2013M.178-179) m\u00e1s intolerante y cre\u00eddo (LD.65; M. 174-176; Mz. 98-99).<\/p>\n<p><strong>26 noviembre:<\/strong> Otro incidente, ahora con la Reina, con ocasi\u00f3n de una fiesta el piropeador Jarze, puesto por Cond\u00e9, lleva a un enfrentamiento y a la expulsi\u00f3n de Mme. de Beauvais por cooperadora. Todo esto hace que la Corte se vaya acercando a Gondi y a los antiguos frondistas (A. 303; M. 179-180).<\/p>\n<p><strong>Oto\u00f1o:<\/strong> La gran peste de Marsella de verano (12.000 muertos), des\u00f3rdenes por todas partes, no se pagan los impuestos, hay una gran debilidad en el Gobierno, el contrabando sobre todo el de la sal\u2026 lleva a una bancarrota de las rentas colocadas en el Hotel d\u2019Ville.<\/p>\n<p><strong>1 octubre:<\/strong> Hallier sustituye a Cornet como s\u00edndico de la Sorbona. Dificultades para la discusi\u00f3n de las 5 (7) tesis jansenistas para enviar a Roma.<\/p>\n<p><strong>11 diciembre:<\/strong> Incidentes del Puente Nuevo. El desastre de las finanzas p\u00fablicas llev\u00f3 a suprimir un cuarto de la renta de las acciones del Hotel d\u2019Ville que se pagaban al 8,30 % pero al no entrar dinero no se pagaban. Los rentistas ante este problema eligieron como s\u00edndicos a Guy Yoli, Des Cautures y Charton. El Coadjutor Gondi y Guy planearon levantar al Pueblo: Guy se hizo un rasgu\u00f1o en el brazo y al pasar por el Puente Nuevo uno de los suyos dispar\u00f3 a la carroza. Acudieron a Palacio a protestar pero el pueblo no cay\u00f3 en la trampa y no los apoy\u00f3 (M. 181-182). Poco despu\u00e9s un exaltado, pagado por Mazarino, dispar\u00f3 contra la carroza de Cond\u00e9, quien avisado anteriormente, no iba en la carroza (M. 182-183; Mz. 100).<\/p>\n<p><strong>22 diciembre:<\/strong> El incidente del <strong>d\u00eda 11 pasado<\/strong> provoc\u00f3 y aument\u00f3 la arrogancia del Pr\u00edncipe, exigi\u00f3 m\u00e1s poderes y un juicio contra Gondi y Beaufort, a quienes se acusaba del incidente, y mientras se murmuraba que Cond\u00e9 quer\u00eda desbancar a Mazarino y al Rey la Corte pactaba y se acercaba a Gondi y sus seguidores, que eran juzgados y acusados de asesinato en el Parlamento para entre todos eliminar al Pr\u00edncipe y sus amigos.<\/p>\n<p><strong>26 diciembre:<\/strong> Cond\u00e9 chantajeaba en el Parlamento con Gondi, ofreci\u00e9ndole una salida digna, como ir a Roma o una embajada en el imperio a cambio de retirar la acusaci\u00f3n. No lo consigui\u00f3 pero s\u00ed consigui\u00f3 que Armando Juan de Vigneron (1626-1715) duque de Richelieu se casara, este d\u00eda 26, con una de sus partidarias Susanna de Pons, viuda, y as\u00ed disponer de la gran fortaleza de Ponts de Arche, propiedad de los Richelieu (M. 182-183).<\/p>\n<h2>El a\u00f1o 1649: Vicente de Pa\u00fal<\/h2>\n<p><strong>13-14 de Enero: <\/strong>en la noche del 13 y 14 de enero Vicente se marcha de Par\u00eds y se dirige a la Corte, que ha huido a S.German-en Laye, para ver a la Reina Ana de Austria y pedirle a Mazarino que se marche del Reino por el bien del pueblo. Tiene dificultades en el camino: en Clichy lo detiene la guardia&#8230; y en Neuilly anda desbordado el Sena. Estuvo tres d\u00edas en S. Germ\u00e1n pero no consigui\u00f3 nada (III, 368.n.).<\/p>\n<p><strong>Enero: <\/strong>los soldados (unos 600) saquean la finca de S. L\u00e1zaro. El d\u00eda 11 cuatro soldados hacen guardia, el 18 cogen las llaves y con el pretexto de inspecci\u00f3n la vuelven a saquear; el 18 de febrero una escuadra guarda S. L\u00e1zaro. Hubo que reducir el personal (III, 369.n, 376.n, 381).<\/p>\n<p><strong>17 enero: <\/strong>Vicente comienza una gira (unos 600 km.) por las casas de la C.M.: De S. Germ\u00e1n va a Villepreux donde est\u00e1 el Sr. de Gondi (III, 367-368 y n). Aqu\u00ed se entera del peligro de saqueo que corre su granja de Orsigny, recoge el ganado (240 ovejas y dos caballos) y se lo lleva a Frenneville (III, 377.n; 380.373).<\/p>\n<p><strong>4 febrero: <\/strong>Vicente est\u00e1 en Frenneville. Pensaba estar dos o tres d\u00edas pero un invierno de mucho fr\u00edo y nieve le obliga a permanecer m\u00e1s de un mes, tiempo que aprovecha para dar una misi\u00f3n. Como se asaltan tambi\u00e9n all\u00ed las granjas en busca de caballos, parti\u00f3 de aqu\u00ed con las ovejas y los caballos a un pueblo fortificado cerca de Etampes, donde deja las ovejas y con los caballos se dirige a Orleans (III, 370.n, 380).<\/p>\n<p><strong>Febrero: <\/strong>muere el P. Du Coudray en Richelieu (III, 377.381. ver I, 101).<\/p>\n<p><strong>2 marzo: <\/strong>llega a la casa de Le Mans despu\u00e9s de pasar por Orleans (25 de Febrero). Estuvo unos 15 d\u00edas (III, 376, 380).<\/p>\n<p><strong>19 marzo: <\/strong>llega a Angers donde visita a las Hermanas. En el camino de Le Mans a Angers, en la tarde del 17 de marzo, a la altura de Durtal se cay\u00f3 al arroyo Pouille en el barranco Porameen y tuvo que refugiarse en la granja Goialerie; el misionero que le acompa\u00f1aba le salv\u00f3 la vida; \u00e9ste se sali\u00f3 despu\u00e9s de la Compa\u00f1\u00eda, pero Vicente lo volver\u00e1 a readmitir en la C.M. por agradecimiento (V, 316) (III, 386.n.; ver Collet I, 472).<\/p>\n<p><strong>24 marzo:<\/strong> sale de Angers camino de S.Meen. Un poco antes de llegar a Rennes est\u00e1 apunto de caer otra vez al agua al espantarse el caballo por el ruido de un molino, tambi\u00e9n en Rennes un frondista intenta perseguirle con una pistola (Roman p.571; Abelly III, 21.). En S. Meen estuvo unos 15 d\u00edas por el mal tiempo y el desbordamiento de los r\u00edos (III, 386.390).<\/p>\n<p><strong>18 abril: <\/strong>llega a Nantes, estuvo diez d\u00edas. Visit\u00f3 a las Hermanas (III, 391).<\/p>\n<p><strong>11 mayo: <\/strong>El 29 de abril sal\u00eda camino de Lugon y el 11 de mayo estaba ya en Richelieu. Aqu\u00ed cay\u00f3 enfermo; vino el Hno. Alejandro de S.L\u00e1zaro para cuidarle. La duquesa de Aiguillon le mand\u00f3 una carroza y luego dos caballos para que volviera. Se hab\u00eda alcanzado la paz en Par\u00eds (III, 393.394-397).<\/p>\n<p><strong>26 mayo: <\/strong>muere el P. Gondre en Madagascar (III, 398&#8230;).<\/p>\n<p><strong>13 junio:<\/strong> regresa Vicente a Par\u00eds, reclamado por la duquesa de Aiguillon y el Arzobispo. Va en la carroza: Su \u00abignominia\u00bb (V, 320) y su \u00abinfamia\u00bb (X, 337. 544) (III, 413.n; 417.396.n; ver Collet I, 468-478). Comienza la ayuda a la Isla de Francia (III, 435-436. n).<\/p>\n<p><strong>1 julio: <\/strong>Nicol\u00e1s Cornet, s\u00edndico de la facultad de teolog\u00eda, resume y condena cinco proposiciones de la obra de Jansenio. Las lleva a la Sorbona pero no es atendido.<\/p>\n<p><strong>24 julio: <\/strong>en Marsella la peste obliga a trasladar las galeras a Toulon, all\u00ed permanecer\u00e1n durante 15 a\u00f1os; un Padre de la casa de Marsella estar\u00e1 con ellas. La peste obliga a cerrar el seminario hasta 1556. Esta peste caus\u00f3 la muerte al P. Brunet y al Sr. de la Coste gran bienhechor de la casa (III, 429-433).<\/p>\n<p><strong>15 agosto: <\/strong>Irlanda: Cromwell llega a Dublin para someter a los rebeldes; Irlanda se hab\u00eda declarado en su mayor parte mon\u00e1rquica. Esta dura represi\u00f3n hace que el P. Duiguin y el Hno. Patriarch, ingl\u00e9s, a quien el miedo lo hab\u00eda vuelto loco regresen a Francia (III, 442. ver Pastor. XXX, 154).<\/p>\n<p><strong>25 diciembre: <\/strong>se abre el a\u00f1o jubilar en Roma.<\/p>\n<p>&#8212;&#8212;&#8212;&#8212;-: Muere el Secretario de Propaganda Fide, Monse\u00f1or Ingoli y le sucede Dionisio Massari. El Prefecto era Antonio Barberini, excepto mientras estuvo voluntariamente desterrado en Francia, (desde 28-IX-1645 hasta 14-VII-165), en esta ausencia, lo fue Ludovico Capponi. A la vuelta de Barberini recobr\u00f3 el cargo y lo desempe\u00f1\u00f3 hasta su muerte en 1671.<\/p>\n<p><strong>CARTAS DE VICENTE DE PA\u00daL<\/strong><\/p>\n<ul>\n<li>\n<div class=\"mceTemp\"><\/div>\n<p>\u00abEl trigo de S. L\u00e1zaro m\u00e1s vale prest\u00e1rselo a Dios, d\u00e1ndoselo a los pobres, que venderlo\u00bb (III, 367).<\/li>\n<li><em>\u00abLa caridad convierte la necesidad (saqueo de la casa y enfermedad de la Sra. Norais en Orsigny) en virtud\u00bb (III, 373).<\/em><\/li>\n<li><em>\u00abParece que las miserias particulares nos apartan de la preocupaci\u00f3n de las p\u00fablicas, pero la verdad es que no s\u00e9 si ser\u00e1 as\u00ed ante Dios\u00bb (III, 373).<\/em><\/li>\n<li><em>\u00abEs una nube pasajera. Ya llegar\u00e1 el d\u00eda en que la Compa\u00f1\u00eda tenga m\u00e1s cr\u00e9dito y m\u00e1s apoyo y en que los que puedan hacerle alg\u00fan bien tengan con ella mis caridad que en la actualidad\u00bb (III, 414).<\/em><\/li>\n<li><em>\u00abDios ya piensa bastante y se encarga de los asuntos de su alma, mientras usted se encarga de los de su vocaci\u00f3n&#8230;\u00bb (III, 424).<\/em><\/li>\n<li><em>\u00abNo hay que extra\u00f1arse mucho de esas peque\u00f1as disensiones que brotan; los mismos \u00e1ngeles y los ap\u00f3stoles cayeron en ellas, y Nuestro Se\u00f1or las permite dentro y fuera de las comunidades para mayor bien\u00bb (III, 427).<\/em><\/li>\n<li><em>\u00abEs una misericordia de Nuestro Se\u00f1or con la Compa\u00f1\u00eda el que la purgue de esta manera (salida de una Hermana); esta ser\u00e1 una de las primeras cosas que Nuestro Se\u00f1or le har\u00e1 ver en el cielo\u00bb (III, 436).<\/em><\/li>\n<li><em>\u00abDios nos deja ir de mal en peor cuando nos salimos del estado en que nos ha puesto\u00bb (III, 440).<\/em><\/li>\n<li><em>\u00abSi a usted le parece lo contrario (quiere salirse) al menos no salga mas que por la misma puerta por la que entr\u00f3: esa puerta son los ejercicios espirituales\u00bb (III, 440).<\/em><\/li>\n<li><em>\u00abMe gusta mucho que tambi\u00e9n usted se muestre contrario a la idea de dar dinero (voto-ley) y que s\u00f3lo espere de la Providencia para solucionarlo\u00bb (III, 441).<\/em><\/li>\n<li><em>\u00abLe confieso que es dif\u00edcil que los Hermanos se contengan cuando est\u00e1n agobiados de trabajo; en otras partes hay algunos que hacen poco y se quejan mucho probando la paciencia de los superiores. La paciencia gana m\u00e1s que las reprensiones\u00bb (III, 443).<\/em><\/li>\n<li><em>\u00abDoy gracias a Dios con doble sentimiento&#8230; al ver la fidelidad de su coraz\u00f3n que se dobla o se ensancha seg\u00fan la voluntad divina\u00bb (III, 444).<\/em><\/li>\n<li>\n<div class=\"mceTemp\"><\/div>\n<p>\u00abLos pobres, que no saben ad\u00f3nde ir ni qu\u00e9 hacer, que sufren y que se multiplican todos los d\u00edas, constituyen mi peso y mi dolor (III, 454) (Citado por Collet, I, 479 y Abelly\u00bb, III, 120).<\/li>\n<li><em>\u00abLas murmuraciones perjudican muchas veces tanto a los que las escuchan como a los que las inventan, aunque no hagan m\u00e1s da\u00f1o que inquietar el esp\u00edritu\u00bb (III, 461).<\/em><\/li>\n<li><em>\u00abAcomode los suyos a sus fuerzas y no emprenda nada m\u00e1s que lo que pueda hacer\u00bb (III, 462).<\/em><\/li>\n<li><em>\u00abEl mal alimento que les dan produce malos efectos en los cuerpos y en los esp\u00edritus\u00bb (III, 463).<\/em><\/li>\n<li><em>\u00abNuestro negocio es el conquistar el cielo, lo dem\u00e1s es s\u00f3lo distracci\u00f3n\u00bb (III, 466).<\/em><\/li>\n<li><em>\u00abEsto es m\u00e1s asunto del Esp\u00edritu Santo que de los hombres, que pueden hablar pero no mover; rezaremos a Dios por ello\u00bb (III, 472).<\/em><\/li>\n<li><em>\u00abA los j\u00f3venes: su correcci\u00f3n quiz\u00e1 vaya para largo, debido a su edad todav\u00eda bulliciosa y a la vivacidad de su esp\u00edritu \u00a1Paciencia! Los a\u00f1os van apagando los humos de la presunci\u00f3n y el vigor de las pasiones\u00bb (III, 473).<\/em><\/li>\n<li><em>\u00abDonde no hay esfuerzo, hay poco m\u00e9rito\u00bb (III, 473).<\/em><\/li>\n<li><em>\u00abEn una familia s\u00f3lo se atiende a las razones particulares que la afectan; pero nosotros vemos otras razones generales para ordenar las cosas que no conocen los particulares\u00bb (III, 485).<\/em><\/li>\n<li><em>\u00abQueda abierto el camino para la divisi\u00f3n, una vez que los s\u00fabditos desaprueban lo que hacen los superiores&#8230; reconozco que es muy molesto verse controlados de esta forma, ya que los esp\u00edritus aficionados a ello no juzgan las cosas tal como son, sino tal como son ellos mismos\u00bb (III, 486).<\/em><\/li>\n<\/ul>\n<h2>El a\u00f1o 1649: Luisa de Marillac<\/h2>\n<p><strong>19-24 marzo: <\/strong>Vicente visita a las Hermanas de Angers; recibe un gran consuelo (III, 385.387.391).<\/p>\n<p><strong>Marzo: <\/strong>las casas de S. Denis (pueblo) y Bicetre est\u00e1n cercadas por los soldados de Cond\u00e9 (III, 385.386; SL.275).<\/p>\n<p>Traslado de los Ni\u00f1os Abandonados de Bicetre a Par\u00eds; fueron a la casa Madre y al hospital de los Encerrados (La Piti\u00e9) (III, 384.n.390.396).<\/p>\n<p><strong>18 abril: <\/strong>Vicente visita a las Hermanas de la casa de Nantes; tienen muchos problemas; les deja unos consejos (III, 191&#8230;; X, 709-710).<\/p>\n<p><strong>Abril-Mayo:<\/strong> se cierra la casa de Issy (SL.279). Luisa hace visita a las casas de Par\u00eds (SL.279.n).<\/p>\n<p><strong>Mayo-Junio:<\/strong> vuelven solo los ni\u00f1os mayores a Bicetre (IV.167.n.) \u00bfS\u00f3lo hasta 1650? (IV, 185) (SL.312).<\/p>\n<p><strong>28 agosto: <\/strong>Luisa viaja a Liancourt (III, 480; SL.296).<\/p>\n<p><strong>Septiembre: <\/strong>regresa el P.Portail de Roma, les trae medallas \u00abaut\u00e9nticas\u00bb para las Hermanas (SL.321).<\/p>\n<p><strong>Diciembre: <\/strong>reuni\u00f3n extraordinaria para tratar el problema econ\u00f3mico de los ni\u00f1os abandonados (X, 940; SL. 298-299; ver Rom\u00e1n, 498). El hijo de Luisa es juez (bailli) de S.L\u00e1zaro (dej\u00f3 de serlo en \u00bf1656? y muri\u00f3 en 1696) (III, 397.410). En este mes Luisa, con la familia de Marillac, buscan el modo de casarlo. Sobre todo busca el apoyo de los Atichy, hasta cierto modo responsables de la situaci\u00f3n econ\u00f3mica (III, 304-305).<\/p>\n<p><strong>CARTAS DE LUISA DE MARILLAC<\/strong><\/p>\n<ul>\n<li><em>\u00abTenemos que pedir por toda nuestra Compa\u00f1\u00eda de tal manera que nuestras oraciones sirvan para ayudar a cada una a bien morir\u00bb (p. 271).<\/em><\/li>\n<li><em>\u00abLe ruego, querida Hermana, que advierta a Sor Juana (C. 218) y a las dem\u00e1s que no hablen del pasado; no sirve m\u00e1s que para desalentarse unas a otras\u00bb (p. 285).<\/em><\/li>\n<li><em>\u00abEsfu\u00e9rcese por mantenerse en gran paz en medio de sus tribulaciones e inquietudes; espere la orden y la disposici\u00f3n de la divina Providencia&#8230; Llegar\u00e1 un d\u00eda en que tanto ustedes como nosotros, bendeciremos a Dios por esta persecuci\u00f3n\u00bb (p. 287).<\/em><\/li>\n<li><em>\u00abNo crea que es poco trabajo tener que probar a tantos esp\u00edritus tan diversos y perder tanto tiempo y tantos a\u00f1os empleado en servirlas para formarlas y que luego la flaqueza nos las lleve; con tal de que Dios sea glorificado, no nos importa\u00bb (p. 290).<\/em><\/li>\n<li><em>\u00abAh!, s\u00e9, es muy razonable, queridas Hermanas, no dejarse llevar por cualquier viento\u00bb (p. 293).<\/em><\/li>\n<li><em>\u00abSon esp\u00edritus atrevidos, capaces de hacer mucho mal, por eso hay que tenerles compasi\u00f3n. Yo pienso que les ocurre esa desgracia por el atrevimiento que tienen de recibir los Sacramentos con esas malas disposiciones\u00bb (p. 296).<\/em><\/li>\n<\/ul>\n","protected":false},"excerpt":{"rendered":"<p>El a\u00f1o 1649 en Francia: 6 enero: En la noche del 5 al 6 de enero (noche de Reyes), a las dos de la madrugada, la Corte sale de inc\u00f3gnito hacia S. German-en-Laye. Las sobrinas &#8230; <a href=\"https:\/\/vincentians.com\/es\/ano-1649\/\" class=\"more-link\">Read More<\/a><\/p>\n","protected":false},"author":4,"featured_media":399748,"comment_status":"open","ping_status":"open","sticky":false,"template":"","format":"standard","meta":{"jetpack_post_was_ever_published":false,"_jetpack_newsletter_access":"","_jetpack_dont_email_post_to_subs":false,"_jetpack_newsletter_tier_id":0,"_jetpack_memberships_contains_paywalled_content":false,"_jetpack_memberships_contains_paid_content":false,"footnotes":"","jetpack_publicize_message":"","jetpack_publicize_feature_enabled":true,"jetpack_social_post_already_shared":true,"jetpack_social_options":{"image_generator_settings":{"template":"highway","default_image_id":0,"font":"","enabled":false},"version":2}},"categories":[17],"tags":[218,130,173,148,142,124,152,119,127,135],"class_list":["post-38867","post","type-post","status-publish","format-standard","has-post-thumbnail","hentry","category-en-tiempos-de-vicente-de-paul","tag-abelly","tag-beauvais","tag-chatillon-les-dombes","tag-clichy","tag-collet","tag-du-coudray","tag-duquesa-de-aiguillon","tag-gondi","tag-portail","tag-villepreux"],"yoast_head":"<!-- This site is optimized with the Yoast SEO plugin v26.3 - https:\/\/yoast.com\/wordpress\/plugins\/seo\/ -->\n<title>A\u00f1o 1649 - Somos Vicencianos<\/title>\n<meta name=\"robots\" content=\"index, follow, max-snippet:-1, max-image-preview:large, max-video-preview:-1\" \/>\n<link rel=\"canonical\" href=\"https:\/\/vincentians.com\/es\/ano-1649\/\" \/>\n<meta property=\"og:locale\" content=\"es_ES\" \/>\n<meta property=\"og:type\" content=\"article\" \/>\n<meta property=\"og:title\" content=\"A\u00f1o 1649 - Somos Vicencianos\" \/>\n<meta property=\"og:description\" content=\"El a\u00f1o 1649 en Francia: 6 enero: En la noche del 5 al 6 de enero (noche de Reyes), a las dos de la madrugada, la Corte sale de inc\u00f3gnito hacia S. German-en-Laye. Las sobrinas ... Read More\" \/>\n<meta property=\"og:url\" content=\"https:\/\/vincentians.com\/es\/ano-1649\/\" \/>\n<meta property=\"og:site_name\" content=\"Somos Vicencianos\" \/>\n<meta property=\"article:publisher\" content=\"https:\/\/www.facebook.com\/WeAreVincentians\/\" \/>\n<meta property=\"article:author\" content=\"https:\/\/www.facebook.com\/JavierChento\" \/>\n<meta property=\"article:published_time\" content=\"2017-03-25T07:32:11+00:00\" \/>\n<meta property=\"og:image\" content=\"https:\/\/i0.wp.com\/vincentians.com\/es\/wp-content\/uploads\/sites\/11\/2016\/08\/con-damas-de-la-caridad.jpg?fit=1200%2C630&ssl=1\" \/>\n\t<meta property=\"og:image:width\" content=\"1200\" \/>\n\t<meta property=\"og:image:height\" content=\"630\" \/>\n\t<meta property=\"og:image:type\" content=\"image\/jpeg\" \/>\n<meta name=\"author\" content=\"Francisco Javier Fern\u00e1ndez Chento\" \/>\n<meta name=\"twitter:card\" content=\"summary_large_image\" \/>\n<meta name=\"twitter:creator\" content=\"@https:\/\/twitter.com\/javierchento\" \/>\n<meta name=\"twitter:site\" content=\"@WeVincentians\" \/>\n<meta name=\"twitter:label1\" content=\"Escrito por\" \/>\n\t<meta name=\"twitter:data1\" content=\"Francisco Javier Fern\u00e1ndez Chento\" \/>\n\t<meta name=\"twitter:label2\" content=\"Tiempo de lectura\" \/>\n\t<meta name=\"twitter:data2\" content=\"16 minutos\" \/>\n<script type=\"application\/ld+json\" class=\"yoast-schema-graph\">{\"@context\":\"https:\/\/schema.org\",\"@graph\":[{\"@type\":\"Article\",\"@id\":\"https:\/\/vincentians.com\/es\/ano-1649\/#article\",\"isPartOf\":{\"@id\":\"https:\/\/vincentians.com\/es\/ano-1649\/\"},\"author\":{\"name\":\"Francisco Javier Fern\u00e1ndez Chento\",\"@id\":\"http:\/\/vincentians.com\/es\/#\/schema\/person\/9623ef4d9aa3b2dfb8c061f1499288f2\"},\"headline\":\"A\u00f1o 1649\",\"datePublished\":\"2017-03-25T07:32:11+00:00\",\"mainEntityOfPage\":{\"@id\":\"https:\/\/vincentians.com\/es\/ano-1649\/\"},\"wordCount\":3230,\"commentCount\":1,\"publisher\":{\"@id\":\"http:\/\/vincentians.com\/es\/#organization\"},\"image\":{\"@id\":\"https:\/\/vincentians.com\/es\/ano-1649\/#primaryimage\"},\"thumbnailUrl\":\"https:\/\/i0.wp.com\/vincentians.com\/es\/wp-content\/uploads\/sites\/11\/2016\/08\/con-damas-de-la-caridad.jpg?fit=1200%2C630&ssl=1\",\"keywords\":[\"Abelly\",\"Beauvais\",\"Chatillon\",\"Clichy\",\"Collet\",\"Du Coudray\",\"Duquesa de Aiguillon\",\"Gondi\",\"Portail\",\"Villepreux\"],\"articleSection\":[\"En tiempos de Vicente de Pa\u00fal\"],\"inLanguage\":\"es\",\"potentialAction\":[{\"@type\":\"CommentAction\",\"name\":\"Comment\",\"target\":[\"https:\/\/vincentians.com\/es\/ano-1649\/#respond\"]}]},{\"@type\":\"WebPage\",\"@id\":\"https:\/\/vincentians.com\/es\/ano-1649\/\",\"url\":\"https:\/\/vincentians.com\/es\/ano-1649\/\",\"name\":\"A\u00f1o 1649 - Somos Vicencianos\",\"isPartOf\":{\"@id\":\"http:\/\/vincentians.com\/es\/#website\"},\"primaryImageOfPage\":{\"@id\":\"https:\/\/vincentians.com\/es\/ano-1649\/#primaryimage\"},\"image\":{\"@id\":\"https:\/\/vincentians.com\/es\/ano-1649\/#primaryimage\"},\"thumbnailUrl\":\"https:\/\/i0.wp.com\/vincentians.com\/es\/wp-content\/uploads\/sites\/11\/2016\/08\/con-damas-de-la-caridad.jpg?fit=1200%2C630&ssl=1\",\"datePublished\":\"2017-03-25T07:32:11+00:00\",\"breadcrumb\":{\"@id\":\"https:\/\/vincentians.com\/es\/ano-1649\/#breadcrumb\"},\"inLanguage\":\"es\",\"potentialAction\":[{\"@type\":\"ReadAction\",\"target\":[\"https:\/\/vincentians.com\/es\/ano-1649\/\"]}]},{\"@type\":\"ImageObject\",\"inLanguage\":\"es\",\"@id\":\"https:\/\/vincentians.com\/es\/ano-1649\/#primaryimage\",\"url\":\"https:\/\/i0.wp.com\/vincentians.com\/es\/wp-content\/uploads\/sites\/11\/2016\/08\/con-damas-de-la-caridad.jpg?fit=1200%2C630&ssl=1\",\"contentUrl\":\"https:\/\/i0.wp.com\/vincentians.com\/es\/wp-content\/uploads\/sites\/11\/2016\/08\/con-damas-de-la-caridad.jpg?fit=1200%2C630&ssl=1\",\"width\":1200,\"height\":630},{\"@type\":\"BreadcrumbList\",\"@id\":\"https:\/\/vincentians.com\/es\/ano-1649\/#breadcrumb\",\"itemListElement\":[{\"@type\":\"ListItem\",\"position\":1,\"name\":\"Portada\",\"item\":\"http:\/\/vincentians.com\/es\/\"},{\"@type\":\"ListItem\",\"position\":2,\"name\":\"A\u00f1o 1649\"}]},{\"@type\":\"WebSite\",\"@id\":\"http:\/\/vincentians.com\/es\/#website\",\"url\":\"http:\/\/vincentians.com\/es\/\",\"name\":\"Somos Vicencianos\",\"description\":\"Know more to serve more\",\"publisher\":{\"@id\":\"http:\/\/vincentians.com\/es\/#organization\"},\"potentialAction\":[{\"@type\":\"SearchAction\",\"target\":{\"@type\":\"EntryPoint\",\"urlTemplate\":\"http:\/\/vincentians.com\/es\/?s={search_term_string}\"},\"query-input\":{\"@type\":\"PropertyValueSpecification\",\"valueRequired\":true,\"valueName\":\"search_term_string\"}}],\"inLanguage\":\"es\"},{\"@type\":\"Organization\",\"@id\":\"http:\/\/vincentians.com\/es\/#organization\",\"name\":\"The Vincentian Network\",\"url\":\"http:\/\/vincentians.com\/es\/\",\"logo\":{\"@type\":\"ImageObject\",\"inLanguage\":\"es\",\"@id\":\"http:\/\/vincentians.com\/es\/#\/schema\/logo\/image\/\",\"url\":\"https:\/\/i1.wp.com\/vincentians.com\/es\/wp-content\/uploads\/sites\/11\/2016\/06\/Vincentian-Network-logo-big.png?fit=778%2C778\",\"contentUrl\":\"https:\/\/i1.wp.com\/vincentians.com\/es\/wp-content\/uploads\/sites\/11\/2016\/06\/Vincentian-Network-logo-big.png?fit=778%2C778\",\"width\":778,\"height\":778,\"caption\":\"The Vincentian Network\"},\"image\":{\"@id\":\"http:\/\/vincentians.com\/es\/#\/schema\/logo\/image\/\"},\"sameAs\":[\"https:\/\/www.facebook.com\/WeAreVincentians\/\",\"https:\/\/x.com\/WeVincentians\"]},{\"@type\":\"Person\",\"@id\":\"http:\/\/vincentians.com\/es\/#\/schema\/person\/9623ef4d9aa3b2dfb8c061f1499288f2\",\"name\":\"Francisco Javier Fern\u00e1ndez Chento\",\"image\":{\"@type\":\"ImageObject\",\"inLanguage\":\"es\",\"@id\":\"http:\/\/vincentians.com\/es\/#\/schema\/person\/image\/\",\"url\":\"https:\/\/secure.gravatar.com\/avatar\/497d5cde87b4c3d097d0315953521681ba2cd523ee66e5077c3711f7021e65de?s=96&d=mm&r=g\",\"contentUrl\":\"https:\/\/secure.gravatar.com\/avatar\/497d5cde87b4c3d097d0315953521681ba2cd523ee66e5077c3711f7021e65de?s=96&d=mm&r=g\",\"caption\":\"Francisco Javier Fern\u00e1ndez Chento\"},\"description\":\"Director General y cofundador de La Red de Formaci\u00f3n Vicenciana. Javier es laico vicenciano, afiliado a la Congregaci\u00f3n de la Misi\u00f3n y miembro del Equipo de Misiones Populares de la provincia can\u00f3nica de Zaragoza (Espa\u00f1a) de la Congregaci\u00f3n de la Misi\u00f3n. Graduado en la Universidad Oberta de Catalunya con cuatro grados (Asistente de direcci\u00f3n, Gesti\u00f3n Administrativa, Recursos Humanos y Contabilidad Avanzada). Bil\u00edng\u00fce Espa\u00f1ol\/Ingl\u00e9s. gestiona y mantiene varias p\u00e1ginas web cristianas y vicencianas, incluida including La Red de Formaci\u00f3n Vicenciana, de la que es cofundador. Actualmente es responsable del \u00e1rea de Espa\u00f1ol de .famvin, la Red de Noticias de la Familia Vicenciana. Tambi\u00e9n es m\u00fasico cat\u00f3lico y ha editado varios discos. Es Director General y cofundador de Trovador, una reconocida compa\u00f1\u00eda discogr\u00e1fica critiana de Espa\u00f1a. Trabaja en las Tecnolog\u00edas de la Informaci\u00f3n, ofreciendo servicios de alojamiento, dise\u00f1o y mantenimiento Web, as\u00ed como asesoramiento, formaci\u00f3n y soluciones inform\u00e1ticas, gesti\u00f3n documental y digitalizaci\u00f3n de textos, edici\u00f3n y maquetaci\u00f3n de libros, revistas, flyers, etc.\",\"sameAs\":[\"http:\/\/chento.org\",\"https:\/\/www.facebook.com\/JavierChento\",\"https:\/\/x.com\/https:\/\/twitter.com\/javierchento\"],\"url\":\"https:\/\/vincentians.com\/es\/author\/chento\/\"}]}<\/script>\n<!-- \/ Yoast SEO plugin. -->","yoast_head_json":{"title":"A\u00f1o 1649 - Somos Vicencianos","robots":{"index":"index","follow":"follow","max-snippet":"max-snippet:-1","max-image-preview":"max-image-preview:large","max-video-preview":"max-video-preview:-1"},"canonical":"https:\/\/vincentians.com\/es\/ano-1649\/","og_locale":"es_ES","og_type":"article","og_title":"A\u00f1o 1649 - Somos Vicencianos","og_description":"El a\u00f1o 1649 en Francia: 6 enero: En la noche del 5 al 6 de enero (noche de Reyes), a las dos de la madrugada, la Corte sale de inc\u00f3gnito hacia S. German-en-Laye. Las sobrinas ... Read More","og_url":"https:\/\/vincentians.com\/es\/ano-1649\/","og_site_name":"Somos Vicencianos","article_publisher":"https:\/\/www.facebook.com\/WeAreVincentians\/","article_author":"https:\/\/www.facebook.com\/JavierChento","article_published_time":"2017-03-25T07:32:11+00:00","og_image":[{"width":1200,"height":630,"url":"https:\/\/i0.wp.com\/vincentians.com\/es\/wp-content\/uploads\/sites\/11\/2016\/08\/con-damas-de-la-caridad.jpg?fit=1200%2C630&ssl=1","type":"image\/jpeg"}],"author":"Francisco Javier Fern\u00e1ndez Chento","twitter_card":"summary_large_image","twitter_creator":"@https:\/\/twitter.com\/javierchento","twitter_site":"@WeVincentians","twitter_misc":{"Escrito por":"Francisco Javier Fern\u00e1ndez Chento","Tiempo de lectura":"16 minutos"},"schema":{"@context":"https:\/\/schema.org","@graph":[{"@type":"Article","@id":"https:\/\/vincentians.com\/es\/ano-1649\/#article","isPartOf":{"@id":"https:\/\/vincentians.com\/es\/ano-1649\/"},"author":{"name":"Francisco Javier Fern\u00e1ndez Chento","@id":"http:\/\/vincentians.com\/es\/#\/schema\/person\/9623ef4d9aa3b2dfb8c061f1499288f2"},"headline":"A\u00f1o 1649","datePublished":"2017-03-25T07:32:11+00:00","mainEntityOfPage":{"@id":"https:\/\/vincentians.com\/es\/ano-1649\/"},"wordCount":3230,"commentCount":1,"publisher":{"@id":"http:\/\/vincentians.com\/es\/#organization"},"image":{"@id":"https:\/\/vincentians.com\/es\/ano-1649\/#primaryimage"},"thumbnailUrl":"https:\/\/i0.wp.com\/vincentians.com\/es\/wp-content\/uploads\/sites\/11\/2016\/08\/con-damas-de-la-caridad.jpg?fit=1200%2C630&ssl=1","keywords":["Abelly","Beauvais","Chatillon","Clichy","Collet","Du Coudray","Duquesa de Aiguillon","Gondi","Portail","Villepreux"],"articleSection":["En tiempos de Vicente de Pa\u00fal"],"inLanguage":"es","potentialAction":[{"@type":"CommentAction","name":"Comment","target":["https:\/\/vincentians.com\/es\/ano-1649\/#respond"]}]},{"@type":"WebPage","@id":"https:\/\/vincentians.com\/es\/ano-1649\/","url":"https:\/\/vincentians.com\/es\/ano-1649\/","name":"A\u00f1o 1649 - Somos Vicencianos","isPartOf":{"@id":"http:\/\/vincentians.com\/es\/#website"},"primaryImageOfPage":{"@id":"https:\/\/vincentians.com\/es\/ano-1649\/#primaryimage"},"image":{"@id":"https:\/\/vincentians.com\/es\/ano-1649\/#primaryimage"},"thumbnailUrl":"https:\/\/i0.wp.com\/vincentians.com\/es\/wp-content\/uploads\/sites\/11\/2016\/08\/con-damas-de-la-caridad.jpg?fit=1200%2C630&ssl=1","datePublished":"2017-03-25T07:32:11+00:00","breadcrumb":{"@id":"https:\/\/vincentians.com\/es\/ano-1649\/#breadcrumb"},"inLanguage":"es","potentialAction":[{"@type":"ReadAction","target":["https:\/\/vincentians.com\/es\/ano-1649\/"]}]},{"@type":"ImageObject","inLanguage":"es","@id":"https:\/\/vincentians.com\/es\/ano-1649\/#primaryimage","url":"https:\/\/i0.wp.com\/vincentians.com\/es\/wp-content\/uploads\/sites\/11\/2016\/08\/con-damas-de-la-caridad.jpg?fit=1200%2C630&ssl=1","contentUrl":"https:\/\/i0.wp.com\/vincentians.com\/es\/wp-content\/uploads\/sites\/11\/2016\/08\/con-damas-de-la-caridad.jpg?fit=1200%2C630&ssl=1","width":1200,"height":630},{"@type":"BreadcrumbList","@id":"https:\/\/vincentians.com\/es\/ano-1649\/#breadcrumb","itemListElement":[{"@type":"ListItem","position":1,"name":"Portada","item":"http:\/\/vincentians.com\/es\/"},{"@type":"ListItem","position":2,"name":"A\u00f1o 1649"}]},{"@type":"WebSite","@id":"http:\/\/vincentians.com\/es\/#website","url":"http:\/\/vincentians.com\/es\/","name":"Somos Vicencianos","description":"Know more to serve more","publisher":{"@id":"http:\/\/vincentians.com\/es\/#organization"},"potentialAction":[{"@type":"SearchAction","target":{"@type":"EntryPoint","urlTemplate":"http:\/\/vincentians.com\/es\/?s={search_term_string}"},"query-input":{"@type":"PropertyValueSpecification","valueRequired":true,"valueName":"search_term_string"}}],"inLanguage":"es"},{"@type":"Organization","@id":"http:\/\/vincentians.com\/es\/#organization","name":"The Vincentian Network","url":"http:\/\/vincentians.com\/es\/","logo":{"@type":"ImageObject","inLanguage":"es","@id":"http:\/\/vincentians.com\/es\/#\/schema\/logo\/image\/","url":"https:\/\/i1.wp.com\/vincentians.com\/es\/wp-content\/uploads\/sites\/11\/2016\/06\/Vincentian-Network-logo-big.png?fit=778%2C778","contentUrl":"https:\/\/i1.wp.com\/vincentians.com\/es\/wp-content\/uploads\/sites\/11\/2016\/06\/Vincentian-Network-logo-big.png?fit=778%2C778","width":778,"height":778,"caption":"The Vincentian Network"},"image":{"@id":"http:\/\/vincentians.com\/es\/#\/schema\/logo\/image\/"},"sameAs":["https:\/\/www.facebook.com\/WeAreVincentians\/","https:\/\/x.com\/WeVincentians"]},{"@type":"Person","@id":"http:\/\/vincentians.com\/es\/#\/schema\/person\/9623ef4d9aa3b2dfb8c061f1499288f2","name":"Francisco Javier Fern\u00e1ndez Chento","image":{"@type":"ImageObject","inLanguage":"es","@id":"http:\/\/vincentians.com\/es\/#\/schema\/person\/image\/","url":"https:\/\/secure.gravatar.com\/avatar\/497d5cde87b4c3d097d0315953521681ba2cd523ee66e5077c3711f7021e65de?s=96&d=mm&r=g","contentUrl":"https:\/\/secure.gravatar.com\/avatar\/497d5cde87b4c3d097d0315953521681ba2cd523ee66e5077c3711f7021e65de?s=96&d=mm&r=g","caption":"Francisco Javier Fern\u00e1ndez Chento"},"description":"Director General y cofundador de La Red de Formaci\u00f3n Vicenciana. Javier es laico vicenciano, afiliado a la Congregaci\u00f3n de la Misi\u00f3n y miembro del Equipo de Misiones Populares de la provincia can\u00f3nica de Zaragoza (Espa\u00f1a) de la Congregaci\u00f3n de la Misi\u00f3n. Graduado en la Universidad Oberta de Catalunya con cuatro grados (Asistente de direcci\u00f3n, Gesti\u00f3n Administrativa, Recursos Humanos y Contabilidad Avanzada). Bil\u00edng\u00fce Espa\u00f1ol\/Ingl\u00e9s. gestiona y mantiene varias p\u00e1ginas web cristianas y vicencianas, incluida including La Red de Formaci\u00f3n Vicenciana, de la que es cofundador. Actualmente es responsable del \u00e1rea de Espa\u00f1ol de .famvin, la Red de Noticias de la Familia Vicenciana. Tambi\u00e9n es m\u00fasico cat\u00f3lico y ha editado varios discos. Es Director General y cofundador de Trovador, una reconocida compa\u00f1\u00eda discogr\u00e1fica critiana de Espa\u00f1a. Trabaja en las Tecnolog\u00edas de la Informaci\u00f3n, ofreciendo servicios de alojamiento, dise\u00f1o y mantenimiento Web, as\u00ed como asesoramiento, formaci\u00f3n y soluciones inform\u00e1ticas, gesti\u00f3n documental y digitalizaci\u00f3n de textos, edici\u00f3n y maquetaci\u00f3n de libros, revistas, flyers, etc.","sameAs":["http:\/\/chento.org","https:\/\/www.facebook.com\/JavierChento","https:\/\/x.com\/https:\/\/twitter.com\/javierchento"],"url":"https:\/\/vincentians.com\/es\/author\/chento\/"}]}},"jetpack_publicize_connections":[],"jetpack_featured_media_url":"https:\/\/i0.wp.com\/vincentians.com\/es\/wp-content\/uploads\/sites\/11\/2016\/08\/con-damas-de-la-caridad.jpg?fit=1200%2C630&ssl=1","jetpack_sharing_enabled":true,"jetpack_shortlink":"https:\/\/wp.me\/p7ETMF-a6T","jetpack-related-posts":[{"id":126489,"url":"https:\/\/vincentians.com\/es\/el-cardenal-jean-francois-paul-retz\/","url_meta":{"origin":38867,"position":0},"title":"El Cardenal Jean Fran\u00e7ois-Paul Retz","author":"Francisco Javier Fern\u00e1ndez Chento","date":"13\/01\/2024","format":false,"excerpt":"l. Los comienzos de una carrera prometedora Juan Francisco Pablo de Gondi naci\u00f3 en 1613 en el castillo de Montmirail. Su bautismo lleva la fecha del 20 de setiembre. Es el tercer hijo de Felipe Manuel de Gondi, general de las galeras, y de Margarita de Silly. Pertenece a la\u2026","rel":"","context":"En \u00abEn tiempos de Vicente de Pa\u00fal\u00bb","block_context":{"text":"En tiempos de Vicente de Pa\u00fal","link":"https:\/\/vincentians.com\/es\/category\/historia-de-la-familia-vicenciana\/en-tiempos-de-vicente-de-paul\/"},"img":{"alt_text":"","src":"https:\/\/i0.wp.com\/vincentians.com\/es\/wp-content\/uploads\/sites\/11\/2016\/09\/anyos-vida-vicente.jpg?fit=1200%2C630&ssl=1&resize=350%2C200","width":350,"height":200,"srcset":"https:\/\/i0.wp.com\/vincentians.com\/es\/wp-content\/uploads\/sites\/11\/2016\/09\/anyos-vida-vicente.jpg?fit=1200%2C630&ssl=1&resize=350%2C200 1x, https:\/\/i0.wp.com\/vincentians.com\/es\/wp-content\/uploads\/sites\/11\/2016\/09\/anyos-vida-vicente.jpg?fit=1200%2C630&ssl=1&resize=525%2C300 1.5x, https:\/\/i0.wp.com\/vincentians.com\/es\/wp-content\/uploads\/sites\/11\/2016\/09\/anyos-vida-vicente.jpg?fit=1200%2C630&ssl=1&resize=700%2C400 2x, https:\/\/i0.wp.com\/vincentians.com\/es\/wp-content\/uploads\/sites\/11\/2016\/09\/anyos-vida-vicente.jpg?fit=1200%2C630&ssl=1&resize=1050%2C600 3x"},"classes":[]},{"id":400133,"url":"https:\/\/vincentians.com\/es\/la-accion-san-vicente-ayuda-las-provincias-champana-picardia\/","url_meta":{"origin":38867,"position":1},"title":"La acci\u00f3n de San Vicente Ayuda a las Provincias de Champa\u00f1a y Picard\u00eda","author":"Mitxel Olabu\u00e9naga","date":"28\/11\/2016","format":false,"excerpt":"La guerra en las provincias de Champa\u00f1a y Picard\u00eda Pocas provincias sufren tanto a causa de la guerra como estas regiones fronterizas de Champa\u00f1a y de Picard\u00eda. Durante 25 a\u00f1os, de 1635 a 1660, las tropas francesas, espa\u00f1olas, alemanas y lorenesas, recorren el pa\u00eds en todas direcciones, sembrando muerte y\u2026","rel":"","context":"En \u00abEn tiempos de Vicente de Pa\u00fal\u00bb","block_context":{"text":"En tiempos de Vicente de Pa\u00fal","link":"https:\/\/vincentians.com\/es\/category\/historia-de-la-familia-vicenciana\/en-tiempos-de-vicente-de-paul\/"},"img":{"alt_text":"","src":"https:\/\/i0.wp.com\/vincentians.com\/es\/wp-content\/uploads\/sites\/11\/2016\/11\/400es-01-copy.png?fit=1200%2C936&ssl=1&resize=350%2C200","width":350,"height":200,"srcset":"https:\/\/i0.wp.com\/vincentians.com\/es\/wp-content\/uploads\/sites\/11\/2016\/11\/400es-01-copy.png?fit=1200%2C936&ssl=1&resize=350%2C200 1x, https:\/\/i0.wp.com\/vincentians.com\/es\/wp-content\/uploads\/sites\/11\/2016\/11\/400es-01-copy.png?fit=1200%2C936&ssl=1&resize=525%2C300 1.5x, https:\/\/i0.wp.com\/vincentians.com\/es\/wp-content\/uploads\/sites\/11\/2016\/11\/400es-01-copy.png?fit=1200%2C936&ssl=1&resize=700%2C400 2x, https:\/\/i0.wp.com\/vincentians.com\/es\/wp-content\/uploads\/sites\/11\/2016\/11\/400es-01-copy.png?fit=1200%2C936&ssl=1&resize=1050%2C600 3x"},"classes":[]},{"id":129492,"url":"https:\/\/vincentians.com\/es\/san-vicente-de-paul-su-vida-su-tiempo-sus-obras-su-influencia-libro-8-capitulo-3-c\/","url_meta":{"origin":38867,"position":2},"title":"San Vicente de Pa\u00fal. Su vida, su tiempo; sus obras, su influencia. Libro 8, cap\u00edtulo 3 (c)","author":"Francisco Javier Fern\u00e1ndez Chento","date":"01\/02\/2015","format":false,"excerpt":"Cap\u00edtulo Tercero: Provincias Salvadas (cont.) Art\u00edculo segundo: Picard\u00eda y Champa\u00f1a I. La Picard\u00eda antes de san Vicente de Pa\u00fal. Apenas hab\u00eda acabado Vicente su obra de Lorena cuando tuvo que acudir en ayuda de otras provincias no menos desgraciadas; o m\u00e1s bien continuaba sosteniendo a los Loreneses, tanto en par\u00eds\u2026","rel":"","context":"En \u00abVicente de Pa\u00fal\u00bb","block_context":{"text":"Vicente de Pa\u00fal","link":"https:\/\/vincentians.com\/es\/category\/la-familia-vicenciana\/fundadores\/vicente-de-paul\/"},"img":{"alt_text":"","src":"","width":0,"height":0},"classes":[]},{"id":122035,"url":"https:\/\/vincentians.com\/es\/vicente-de-paul-carta-1138-a-antonio-portail\/","url_meta":{"origin":38867,"position":3},"title":"Vicente de Pa\u00fal, Carta 1138: A Antonio Portail","author":"Francisco Javier Fern\u00e1ndez Chento","date":"05\/05\/2013","format":false,"excerpt":"Villepreux, 22 enero 1649. Padre: La gracia de Nuestro Se\u00f1or sea siempre con nosotros. No s\u00e9 si me escribi\u00f3 usted en el \u00faltimo correo que lleg\u00f3 la semana pasada; lo cierto es que no he recibido carta suya, aunque s\u00ed del padre Chr\u00e9tien y de T\u00fanez. No le escrib\u00ed la\u2026","rel":"","context":"En \u00abEscritos de Vicente de Pa\u00fal\u00bb","block_context":{"text":"Escritos de Vicente de Pa\u00fal","link":"https:\/\/vincentians.com\/es\/category\/escritos\/escritos-de-vicente-de-paul\/"},"img":{"alt_text":"","src":"https:\/\/i0.wp.com\/vincentians.com\/es\/wp-content\/uploads\/sites\/11\/2016\/07\/escritos-vicente-de-paul.jpg?fit=1200%2C630&ssl=1&resize=350%2C200","width":350,"height":200,"srcset":"https:\/\/i0.wp.com\/vincentians.com\/es\/wp-content\/uploads\/sites\/11\/2016\/07\/escritos-vicente-de-paul.jpg?fit=1200%2C630&ssl=1&resize=350%2C200 1x, https:\/\/i0.wp.com\/vincentians.com\/es\/wp-content\/uploads\/sites\/11\/2016\/07\/escritos-vicente-de-paul.jpg?fit=1200%2C630&ssl=1&resize=525%2C300 1.5x, https:\/\/i0.wp.com\/vincentians.com\/es\/wp-content\/uploads\/sites\/11\/2016\/07\/escritos-vicente-de-paul.jpg?fit=1200%2C630&ssl=1&resize=700%2C400 2x, https:\/\/i0.wp.com\/vincentians.com\/es\/wp-content\/uploads\/sites\/11\/2016\/07\/escritos-vicente-de-paul.jpg?fit=1200%2C630&ssl=1&resize=1050%2C600 3x"},"classes":[]},{"id":35941,"url":"https:\/\/vincentians.com\/es\/ano-1632\/","url_meta":{"origin":38867,"position":4},"title":"A\u00f1o 1632","author":"Francisco Javier Fern\u00e1ndez Chento","date":"23\/03\/2022","format":false,"excerpt":"El a\u00f1o 1632 en Francia: 3 enero: Gast\u00f3n se casa en secreto con Margarita, la hermana del duque de Lorena, quien ocult\u00e1ndole el casamiento, firma con Luis XIII el tratado de Vic (6 de enero) por el cual Carlos IV cede Marsal a Francia por tres a\u00f1os, concede a los\u2026","rel":"","context":"En \u00abEn tiempos de Vicente de Pa\u00fal\u00bb","block_context":{"text":"En tiempos de Vicente de Pa\u00fal","link":"https:\/\/vincentians.com\/es\/category\/historia-de-la-familia-vicenciana\/en-tiempos-de-vicente-de-paul\/"},"img":{"alt_text":"","src":"https:\/\/i0.wp.com\/vincentians.com\/es\/wp-content\/uploads\/sites\/11\/2015\/04\/tres-descubrimientos-de-Vicente-de-Paul.jpg?fit=1200%2C630&ssl=1&resize=350%2C200","width":350,"height":200,"srcset":"https:\/\/i0.wp.com\/vincentians.com\/es\/wp-content\/uploads\/sites\/11\/2015\/04\/tres-descubrimientos-de-Vicente-de-Paul.jpg?fit=1200%2C630&ssl=1&resize=350%2C200 1x, https:\/\/i0.wp.com\/vincentians.com\/es\/wp-content\/uploads\/sites\/11\/2015\/04\/tres-descubrimientos-de-Vicente-de-Paul.jpg?fit=1200%2C630&ssl=1&resize=525%2C300 1.5x, https:\/\/i0.wp.com\/vincentians.com\/es\/wp-content\/uploads\/sites\/11\/2015\/04\/tres-descubrimientos-de-Vicente-de-Paul.jpg?fit=1200%2C630&ssl=1&resize=700%2C400 2x, https:\/\/i0.wp.com\/vincentians.com\/es\/wp-content\/uploads\/sites\/11\/2015\/04\/tres-descubrimientos-de-Vicente-de-Paul.jpg?fit=1200%2C630&ssl=1&resize=1050%2C600 3x"},"classes":[]},{"id":35811,"url":"https:\/\/vincentians.com\/es\/ano-1631\/","url_meta":{"origin":38867,"position":5},"title":"A\u00f1o 1631","author":"Francisco Javier Fern\u00e1ndez Chento","date":"01\/02\/2017","format":false,"excerpt":"El a\u00f1o 1631 en Francia: 23 enero: Francia promete ayuda financiera a Gustavo Adolfo de Suecia por el Tratado de B\u00e4rwald, negociado por Charnace, embajador franc\u00e9s en Suecia (R. 532). Fue renovado el 19\/IV\/1633 y el 30\/III\/1636. Esto hace que el emperador retarde la soluci\u00f3n de Mantua que se est\u00e1\u2026","rel":"","context":"En \u00abEn tiempos de Vicente de Pa\u00fal\u00bb","block_context":{"text":"En tiempos de Vicente de Pa\u00fal","link":"https:\/\/vincentians.com\/es\/category\/historia-de-la-familia-vicenciana\/en-tiempos-de-vicente-de-paul\/"},"img":{"alt_text":"","src":"https:\/\/i0.wp.com\/vincentians.com\/es\/wp-content\/uploads\/sites\/11\/2016\/08\/benito-perez-galdos.jpg?fit=1200%2C630&ssl=1&resize=350%2C200","width":350,"height":200,"srcset":"https:\/\/i0.wp.com\/vincentians.com\/es\/wp-content\/uploads\/sites\/11\/2016\/08\/benito-perez-galdos.jpg?fit=1200%2C630&ssl=1&resize=350%2C200 1x, https:\/\/i0.wp.com\/vincentians.com\/es\/wp-content\/uploads\/sites\/11\/2016\/08\/benito-perez-galdos.jpg?fit=1200%2C630&ssl=1&resize=525%2C300 1.5x, https:\/\/i0.wp.com\/vincentians.com\/es\/wp-content\/uploads\/sites\/11\/2016\/08\/benito-perez-galdos.jpg?fit=1200%2C630&ssl=1&resize=700%2C400 2x, https:\/\/i0.wp.com\/vincentians.com\/es\/wp-content\/uploads\/sites\/11\/2016\/08\/benito-perez-galdos.jpg?fit=1200%2C630&ssl=1&resize=1050%2C600 3x"},"classes":[]}],"_links":{"self":[{"href":"https:\/\/vincentians.com\/es\/wp-json\/wp\/v2\/posts\/38867","targetHints":{"allow":["GET"]}}],"collection":[{"href":"https:\/\/vincentians.com\/es\/wp-json\/wp\/v2\/posts"}],"about":[{"href":"https:\/\/vincentians.com\/es\/wp-json\/wp\/v2\/types\/post"}],"author":[{"embeddable":true,"href":"https:\/\/vincentians.com\/es\/wp-json\/wp\/v2\/users\/4"}],"replies":[{"embeddable":true,"href":"https:\/\/vincentians.com\/es\/wp-json\/wp\/v2\/comments?post=38867"}],"version-history":[{"count":2,"href":"https:\/\/vincentians.com\/es\/wp-json\/wp\/v2\/posts\/38867\/revisions"}],"predecessor-version":[{"id":400412,"href":"https:\/\/vincentians.com\/es\/wp-json\/wp\/v2\/posts\/38867\/revisions\/400412"}],"wp:featuredmedia":[{"embeddable":true,"href":"https:\/\/vincentians.com\/es\/wp-json\/wp\/v2\/media\/399748"}],"wp:attachment":[{"href":"https:\/\/vincentians.com\/es\/wp-json\/wp\/v2\/media?parent=38867"}],"wp:term":[{"taxonomy":"category","embeddable":true,"href":"https:\/\/vincentians.com\/es\/wp-json\/wp\/v2\/categories?post=38867"},{"taxonomy":"post_tag","embeddable":true,"href":"https:\/\/vincentians.com\/es\/wp-json\/wp\/v2\/tags?post=38867"}],"curies":[{"name":"wp","href":"https:\/\/api.w.org\/{rel}","templated":true}]}}