{"id":386810,"date":"2016-01-01T05:02:16","date_gmt":"2016-01-01T04:02:16","guid":{"rendered":"http:\/\/vicencianos.org\/?p=386810"},"modified":"2016-07-26T21:41:30","modified_gmt":"2016-07-26T19:41:30","slug":"santa-virgen-maria-madre-de-dios-reflexion-de-la-s-s-v-p-en-estados-unidos","status":"publish","type":"post","link":"https:\/\/vincentians.com\/es\/santa-virgen-maria-madre-de-dios-reflexion-de-la-s-s-v-p-en-estados-unidos\/","title":{"rendered":"Santa Virgen Mar\u00eda, Madre de Dios (reflexi\u00f3n de la S.S.V.P. en Estados Unidos)"},"content":{"rendered":"<p><strong>Evangelio: (San Lucas 2:16-21)<\/strong><\/p>\n<p>Fueron apresuradamente y hallaron a Mar\u00eda y a Jos\u00e9 con el reci\u00e9n nacido acostado en el pesebre. Entonces contaron lo que los \u00e1ngeles les hab\u00edan dicho del ni\u00f1o. Todos los que escucharon a los pastores quedaron maravillados de lo que dec\u00edan. Mar\u00eda, por su parte, guardaba todos estos acontecimientos y los volv\u00eda a meditar en su interior. Despu\u00e9s los pastores regresaron alabando y glorificando a Dios por todo lo que hab\u00edan visto y o\u00eddo, tal como los \u00e1ngeles se los hab\u00edan anunciado. Cumplidos los ocho d\u00edas, circuncidaron al ni\u00f1o y le pusieron el nombre de Jes\u00fas, nombre que hab\u00eda indicado el \u00e1ngel antes de que su madre quedara embarazada.<\/p>\n<p><strong>Reflexi\u00f3n:<\/strong><\/p>\n<p>Porque la concepci\u00f3n y parto de Mar\u00eda ocurri\u00f3 bajo tan extraordinarias circunstancias, tal vez pensemos que Mar\u00eda tom\u00f3 todo esto por concedido y que fue f\u00e1cil para ella. Las l\u00edneas centrales del Evangelio sugieren lo contrario: \u201cMar\u00eda guard\u00f3 todas estas cosas, reflexionando en ellas en su coraz\u00f3n.\u201d Esto sugiere que el consentimiento continuo de Mar\u00eda a Dios no fue nada f\u00e1cil. La \u00fanica manera que logr\u00f3 mantener su lealtad fue el tomar la postura contemplativa: reflexionando, meditando y orando. Mar\u00eda nos ense\u00f1a el camino: fidelidad a la manera de Dios quiere decir que nosotros tambi\u00e9n debemos adoptar una postura contemplativa ante Dios y el misterio de la salvaci\u00f3n. (Liturgia Viviente)<\/p>\n<p><strong>Meditaci\u00f3n Vicentina<\/strong><\/p>\n<p>Vicentinos son llamados a ser contemplativos en acci\u00f3n y ap\u00f3stoles en oraci\u00f3n. La oraci\u00f3n y acci\u00f3n van mano a mano en una espiritualidad Vicentina sana. San Vicente de Pa\u00fal y Santa Luisa de Marill\u00e1c fueron incre\u00edblemente activos, pero tambi\u00e9n eran personas de oraci\u00f3n profunda. Una espiritualidad apost\u00f3lica est\u00e1 en su pleno apogeo cuando tiene oraci\u00f3n y acci\u00f3n en tensi\u00f3n uno con otro. La persona que ama a Dios \u201ccon el propio sudor de su frente y la fuerza de sus brazos,\u201d como dijo San Vicente, sabe como distinguir entre pensamientos de bella teor\u00eda sobre un Dios abstracto y real contacto personal con el viviente Se\u00f1or, contemplado y servido en su gente que sufre. (Maloney, \u00a1Ve! En la Espiritualidad Misionaria de San Vicente de Pa\u00fal)<\/p>\n<p><strong>Discusi\u00f3n: <\/strong><em>(Compartan ideas sobre estas lecturas despu\u00e9s de un momento de silencio)<\/em><\/p>\n<p><strong>\u00bfC\u00f3mo podemos ser mejores \u201ccontemplativos en acci\u00f3n\u201d en este a\u00f1o?<\/strong><\/p>\n<p><strong>Oraci\u00f3n de clausura:<\/strong><\/p>\n<p>Mar\u00eda, a ti que eres Madre de Dios, te rogamos:<\/p>\n<p><strong>-Ay\u00fadanos a ver y o\u00edr lo que Dios nos revela en nuestras vidas.<\/strong><\/p>\n<p>Mar\u00eda, manantial de gracia y paz,<\/p>\n<p><strong>-Ay\u00fadanos a tomar tiempo para contemplar y reflexionar.<\/strong><\/p>\n<p>Mar\u00eda, t\u00fa que eres una \u201ccontemplativa en acci\u00f3n,\u201d<\/p>\n<p><strong>-Ay\u00fadanos a contemplar a Jes\u00fas en su gente que sufre. \u00a1Am\u00e9n!<\/strong><\/p>\n","protected":false},"excerpt":{"rendered":"<p>Evangelio: (San Lucas 2:16-21) Fueron apresuradamente y hallaron a Mar\u00eda y a Jos\u00e9 con el reci\u00e9n nacido acostado en el pesebre. Entonces contaron lo que los \u00e1ngeles les hab\u00edan dicho del ni\u00f1o. Todos los que &#8230; <a href=\"https:\/\/vincentians.com\/es\/santa-virgen-maria-madre-de-dios-reflexion-de-la-s-s-v-p-en-estados-unidos\/\" class=\"more-link\">Read More<\/a><\/p>\n","protected":false},"author":4,"featured_media":388408,"comment_status":"open","ping_status":"open","sticky":false,"template":"","format":"standard","meta":{"rs_blank_template":"","rs_page_bg_color":"","slide_template_v7":"","_jetpack_newsletter_access":"","_jetpack_dont_email_post_to_subs":false,"_jetpack_newsletter_tier_id":0,"_jetpack_memberships_contains_paywalled_content":false,"_jetpack_feature_clip_id":0,"_jetpack_memberships_contains_paid_content":false,"footnotes":"","jetpack_publicize_message":"","jetpack_publicize_feature_enabled":true,"jetpack_social_post_already_shared":true,"jetpack_social_options":{"image_generator_settings":{"template":"highway","default_image_id":0,"font":"","enabled":false},"version":2},"jetpack_post_was_ever_published":false},"categories":[94],"tags":[],"class_list":["post-386810","post","type-post","status-publish","format-standard","has-post-thumbnail","hentry","category-homilias-y-reflexiones-ano-c"],"yoast_head":"<!-- This site is optimized with the Yoast SEO plugin v27.9 - https:\/\/yoast.com\/product\/yoast-seo-wordpress\/ -->\n<title>Santa Virgen Mar\u00eda, Madre de Dios (reflexi\u00f3n de la S.S.V.P. en Estados Unidos) - Somos Vicencianos<\/title>\n<meta name=\"robots\" content=\"index, follow, max-snippet:-1, max-image-preview:large, max-video-preview:-1\" \/>\n<link rel=\"canonical\" href=\"https:\/\/vincentians.com\/es\/santa-virgen-maria-madre-de-dios-reflexion-de-la-s-s-v-p-en-estados-unidos\/\" \/>\n<meta property=\"og:locale\" content=\"es_ES\" \/>\n<meta property=\"og:type\" content=\"article\" \/>\n<meta property=\"og:title\" content=\"Santa Virgen Mar\u00eda, Madre de Dios (reflexi\u00f3n de la S.S.V.P. en Estados Unidos) - Somos Vicencianos\" \/>\n<meta property=\"og:description\" content=\"Evangelio: (San Lucas 2:16-21) Fueron apresuradamente y hallaron a Mar\u00eda y a Jos\u00e9 con el reci\u00e9n nacido acostado en el pesebre. Entonces contaron lo que los \u00e1ngeles les hab\u00edan dicho del ni\u00f1o. Todos los que ... Read More\" \/>\n<meta property=\"og:url\" content=\"https:\/\/vincentians.com\/es\/santa-virgen-maria-madre-de-dios-reflexion-de-la-s-s-v-p-en-estados-unidos\/\" \/>\n<meta property=\"og:site_name\" content=\"Somos Vicencianos\" \/>\n<meta property=\"article:publisher\" content=\"https:\/\/www.facebook.com\/WeAreVincentians\/\" \/>\n<meta property=\"article:author\" content=\"https:\/\/www.facebook.com\/JavierChento\" \/>\n<meta property=\"article:published_time\" content=\"2016-01-01T04:02:16+00:00\" \/>\n<meta property=\"article:modified_time\" content=\"2016-07-26T19:41:30+00:00\" \/>\n<meta property=\"og:image\" content=\"https:\/\/i0.wp.com\/vincentians.com\/es\/wp-content\/uploads\/sites\/11\/2016\/07\/reflexiones-palabra-de-dios.jpg?fit=1200%2C630&ssl=1\" \/>\n\t<meta property=\"og:image:width\" content=\"1200\" \/>\n\t<meta property=\"og:image:height\" content=\"630\" \/>\n\t<meta property=\"og:image:type\" content=\"image\/jpeg\" \/>\n<meta name=\"author\" content=\"Francisco Javier Fern\u00e1ndez Chento\" \/>\n<meta name=\"twitter:card\" content=\"summary_large_image\" \/>\n<meta name=\"twitter:creator\" content=\"@https:\/\/twitter.com\/javierchento\" \/>\n<meta name=\"twitter:site\" content=\"@WeVincentians\" \/>\n<meta name=\"twitter:label1\" content=\"Escrito por\" \/>\n\t<meta name=\"twitter:data1\" content=\"Francisco Javier Fern\u00e1ndez Chento\" \/>\n\t<meta name=\"twitter:label2\" content=\"Tiempo de lectura\" \/>\n\t<meta name=\"twitter:data2\" content=\"2 minutos\" \/>\n<script type=\"application\/ld+json\" class=\"yoast-schema-graph\">{\"@context\":\"https:\\\/\\\/schema.org\",\"@graph\":[{\"@type\":\"Article\",\"@id\":\"https:\\\/\\\/vincentians.com\\\/es\\\/santa-virgen-maria-madre-de-dios-reflexion-de-la-s-s-v-p-en-estados-unidos\\\/#article\",\"isPartOf\":{\"@id\":\"https:\\\/\\\/vincentians.com\\\/es\\\/santa-virgen-maria-madre-de-dios-reflexion-de-la-s-s-v-p-en-estados-unidos\\\/\"},\"author\":{\"name\":\"Francisco Javier Fern\u00e1ndez Chento\",\"@id\":\"http:\\\/\\\/vincentians.com\\\/es\\\/#\\\/schema\\\/person\\\/9623ef4d9aa3b2dfb8c061f1499288f2\"},\"headline\":\"Santa Virgen Mar\u00eda, Madre de Dios (reflexi\u00f3n de la S.S.V.P. en Estados Unidos)\",\"datePublished\":\"2016-01-01T04:02:16+00:00\",\"dateModified\":\"2016-07-26T19:41:30+00:00\",\"mainEntityOfPage\":{\"@id\":\"https:\\\/\\\/vincentians.com\\\/es\\\/santa-virgen-maria-madre-de-dios-reflexion-de-la-s-s-v-p-en-estados-unidos\\\/\"},\"wordCount\":512,\"commentCount\":0,\"publisher\":{\"@id\":\"http:\\\/\\\/vincentians.com\\\/es\\\/#organization\"},\"image\":{\"@id\":\"https:\\\/\\\/vincentians.com\\\/es\\\/santa-virgen-maria-madre-de-dios-reflexion-de-la-s-s-v-p-en-estados-unidos\\\/#primaryimage\"},\"thumbnailUrl\":\"https:\\\/\\\/i0.wp.com\\\/vincentians.com\\\/es\\\/wp-content\\\/uploads\\\/sites\\\/11\\\/2016\\\/07\\\/reflexiones-palabra-de-dios.jpg?fit=1200%2C630&ssl=1\",\"articleSection\":[\"Homil\u00edas y reflexiones, A\u00f1o C\"],\"inLanguage\":\"es\",\"potentialAction\":[{\"@type\":\"CommentAction\",\"name\":\"Comment\",\"target\":[\"https:\\\/\\\/vincentians.com\\\/es\\\/santa-virgen-maria-madre-de-dios-reflexion-de-la-s-s-v-p-en-estados-unidos\\\/#respond\"]}]},{\"@type\":\"WebPage\",\"@id\":\"https:\\\/\\\/vincentians.com\\\/es\\\/santa-virgen-maria-madre-de-dios-reflexion-de-la-s-s-v-p-en-estados-unidos\\\/\",\"url\":\"https:\\\/\\\/vincentians.com\\\/es\\\/santa-virgen-maria-madre-de-dios-reflexion-de-la-s-s-v-p-en-estados-unidos\\\/\",\"name\":\"Santa Virgen Mar\u00eda, Madre de Dios (reflexi\u00f3n de la S.S.V.P. en Estados Unidos) - Somos Vicencianos\",\"isPartOf\":{\"@id\":\"http:\\\/\\\/vincentians.com\\\/es\\\/#website\"},\"primaryImageOfPage\":{\"@id\":\"https:\\\/\\\/vincentians.com\\\/es\\\/santa-virgen-maria-madre-de-dios-reflexion-de-la-s-s-v-p-en-estados-unidos\\\/#primaryimage\"},\"image\":{\"@id\":\"https:\\\/\\\/vincentians.com\\\/es\\\/santa-virgen-maria-madre-de-dios-reflexion-de-la-s-s-v-p-en-estados-unidos\\\/#primaryimage\"},\"thumbnailUrl\":\"https:\\\/\\\/i0.wp.com\\\/vincentians.com\\\/es\\\/wp-content\\\/uploads\\\/sites\\\/11\\\/2016\\\/07\\\/reflexiones-palabra-de-dios.jpg?fit=1200%2C630&ssl=1\",\"datePublished\":\"2016-01-01T04:02:16+00:00\",\"dateModified\":\"2016-07-26T19:41:30+00:00\",\"breadcrumb\":{\"@id\":\"https:\\\/\\\/vincentians.com\\\/es\\\/santa-virgen-maria-madre-de-dios-reflexion-de-la-s-s-v-p-en-estados-unidos\\\/#breadcrumb\"},\"inLanguage\":\"es\",\"potentialAction\":[{\"@type\":\"ReadAction\",\"target\":[\"https:\\\/\\\/vincentians.com\\\/es\\\/santa-virgen-maria-madre-de-dios-reflexion-de-la-s-s-v-p-en-estados-unidos\\\/\"]}]},{\"@type\":\"ImageObject\",\"inLanguage\":\"es\",\"@id\":\"https:\\\/\\\/vincentians.com\\\/es\\\/santa-virgen-maria-madre-de-dios-reflexion-de-la-s-s-v-p-en-estados-unidos\\\/#primaryimage\",\"url\":\"https:\\\/\\\/i0.wp.com\\\/vincentians.com\\\/es\\\/wp-content\\\/uploads\\\/sites\\\/11\\\/2016\\\/07\\\/reflexiones-palabra-de-dios.jpg?fit=1200%2C630&ssl=1\",\"contentUrl\":\"https:\\\/\\\/i0.wp.com\\\/vincentians.com\\\/es\\\/wp-content\\\/uploads\\\/sites\\\/11\\\/2016\\\/07\\\/reflexiones-palabra-de-dios.jpg?fit=1200%2C630&ssl=1\",\"width\":1200,\"height\":630},{\"@type\":\"BreadcrumbList\",\"@id\":\"https:\\\/\\\/vincentians.com\\\/es\\\/santa-virgen-maria-madre-de-dios-reflexion-de-la-s-s-v-p-en-estados-unidos\\\/#breadcrumb\",\"itemListElement\":[{\"@type\":\"ListItem\",\"position\":1,\"name\":\"Portada\",\"item\":\"http:\\\/\\\/vincentians.com\\\/es\\\/\"},{\"@type\":\"ListItem\",\"position\":2,\"name\":\"Santa Virgen Mar\u00eda, Madre de Dios (reflexi\u00f3n de la S.S.V.P. en Estados Unidos)\"}]},{\"@type\":\"WebSite\",\"@id\":\"http:\\\/\\\/vincentians.com\\\/es\\\/#website\",\"url\":\"http:\\\/\\\/vincentians.com\\\/es\\\/\",\"name\":\"Somos Vicencianos\",\"description\":\"Know more to serve more\",\"publisher\":{\"@id\":\"http:\\\/\\\/vincentians.com\\\/es\\\/#organization\"},\"potentialAction\":[{\"@type\":\"SearchAction\",\"target\":{\"@type\":\"EntryPoint\",\"urlTemplate\":\"http:\\\/\\\/vincentians.com\\\/es\\\/?s={search_term_string}\"},\"query-input\":{\"@type\":\"PropertyValueSpecification\",\"valueRequired\":true,\"valueName\":\"search_term_string\"}}],\"inLanguage\":\"es\"},{\"@type\":\"Organization\",\"@id\":\"http:\\\/\\\/vincentians.com\\\/es\\\/#organization\",\"name\":\"The Vincentian Network\",\"url\":\"http:\\\/\\\/vincentians.com\\\/es\\\/\",\"logo\":{\"@type\":\"ImageObject\",\"inLanguage\":\"es\",\"@id\":\"http:\\\/\\\/vincentians.com\\\/es\\\/#\\\/schema\\\/logo\\\/image\\\/\",\"url\":\"https:\\\/\\\/i1.wp.com\\\/vincentians.com\\\/es\\\/wp-content\\\/uploads\\\/sites\\\/11\\\/2016\\\/06\\\/Vincentian-Network-logo-big.png?fit=778%2C778\",\"contentUrl\":\"https:\\\/\\\/i1.wp.com\\\/vincentians.com\\\/es\\\/wp-content\\\/uploads\\\/sites\\\/11\\\/2016\\\/06\\\/Vincentian-Network-logo-big.png?fit=778%2C778\",\"width\":778,\"height\":778,\"caption\":\"The Vincentian Network\"},\"image\":{\"@id\":\"http:\\\/\\\/vincentians.com\\\/es\\\/#\\\/schema\\\/logo\\\/image\\\/\"},\"sameAs\":[\"https:\\\/\\\/www.facebook.com\\\/WeAreVincentians\\\/\",\"https:\\\/\\\/x.com\\\/WeVincentians\"]},{\"@type\":\"Person\",\"@id\":\"http:\\\/\\\/vincentians.com\\\/es\\\/#\\\/schema\\\/person\\\/9623ef4d9aa3b2dfb8c061f1499288f2\",\"name\":\"Francisco Javier Fern\u00e1ndez Chento\",\"image\":{\"@type\":\"ImageObject\",\"inLanguage\":\"es\",\"@id\":\"https:\\\/\\\/secure.gravatar.com\\\/avatar\\\/497d5cde87b4c3d097d0315953521681ba2cd523ee66e5077c3711f7021e65de?s=96&d=mm&r=g\",\"url\":\"https:\\\/\\\/secure.gravatar.com\\\/avatar\\\/497d5cde87b4c3d097d0315953521681ba2cd523ee66e5077c3711f7021e65de?s=96&d=mm&r=g\",\"contentUrl\":\"https:\\\/\\\/secure.gravatar.com\\\/avatar\\\/497d5cde87b4c3d097d0315953521681ba2cd523ee66e5077c3711f7021e65de?s=96&d=mm&r=g\",\"caption\":\"Francisco Javier Fern\u00e1ndez Chento\"},\"description\":\"Director General y cofundador de La Red de Formaci\u00f3n Vicenciana. Javier es laico vicenciano, afiliado a la Congregaci\u00f3n de la Misi\u00f3n y miembro del Equipo de Misiones Populares de la provincia can\u00f3nica de Zaragoza (Espa\u00f1a) de la Congregaci\u00f3n de la Misi\u00f3n. Graduado en la Universidad Oberta de Catalunya con cuatro grados (Asistente de direcci\u00f3n, Gesti\u00f3n Administrativa, Recursos Humanos y Contabilidad Avanzada). Bil\u00edng\u00fce Espa\u00f1ol\\\/Ingl\u00e9s. gestiona y mantiene varias p\u00e1ginas web cristianas y vicencianas, incluida including La Red de Formaci\u00f3n Vicenciana, de la que es cofundador. Actualmente es responsable del \u00e1rea de Espa\u00f1ol de .famvin, la Red de Noticias de la Familia Vicenciana. Tambi\u00e9n es m\u00fasico cat\u00f3lico y ha editado varios discos. Es Director General y cofundador de Trovador, una reconocida compa\u00f1\u00eda discogr\u00e1fica critiana de Espa\u00f1a. Trabaja en las Tecnolog\u00edas de la Informaci\u00f3n, ofreciendo servicios de alojamiento, dise\u00f1o y mantenimiento Web, as\u00ed como asesoramiento, formaci\u00f3n y soluciones inform\u00e1ticas, gesti\u00f3n documental y digitalizaci\u00f3n de textos, edici\u00f3n y maquetaci\u00f3n de libros, revistas, flyers, etc.\",\"sameAs\":[\"http:\\\/\\\/chento.org\",\"https:\\\/\\\/www.facebook.com\\\/JavierChento\",\"https:\\\/\\\/x.com\\\/https:\\\/\\\/twitter.com\\\/javierchento\"],\"url\":\"https:\\\/\\\/vincentians.com\\\/es\\\/author\\\/chento\\\/\"}]}<\/script>\n<!-- \/ Yoast SEO plugin. -->","yoast_head_json":{"title":"Santa Virgen Mar\u00eda, Madre de Dios (reflexi\u00f3n de la S.S.V.P. en Estados Unidos) - Somos Vicencianos","robots":{"index":"index","follow":"follow","max-snippet":"max-snippet:-1","max-image-preview":"max-image-preview:large","max-video-preview":"max-video-preview:-1"},"canonical":"https:\/\/vincentians.com\/es\/santa-virgen-maria-madre-de-dios-reflexion-de-la-s-s-v-p-en-estados-unidos\/","og_locale":"es_ES","og_type":"article","og_title":"Santa Virgen Mar\u00eda, Madre de Dios (reflexi\u00f3n de la S.S.V.P. en Estados Unidos) - Somos Vicencianos","og_description":"Evangelio: (San Lucas 2:16-21) Fueron apresuradamente y hallaron a Mar\u00eda y a Jos\u00e9 con el reci\u00e9n nacido acostado en el pesebre. Entonces contaron lo que los \u00e1ngeles les hab\u00edan dicho del ni\u00f1o. Todos los que ... Read More","og_url":"https:\/\/vincentians.com\/es\/santa-virgen-maria-madre-de-dios-reflexion-de-la-s-s-v-p-en-estados-unidos\/","og_site_name":"Somos Vicencianos","article_publisher":"https:\/\/www.facebook.com\/WeAreVincentians\/","article_author":"https:\/\/www.facebook.com\/JavierChento","article_published_time":"2016-01-01T04:02:16+00:00","article_modified_time":"2016-07-26T19:41:30+00:00","og_image":[{"width":1200,"height":630,"url":"https:\/\/i0.wp.com\/vincentians.com\/es\/wp-content\/uploads\/sites\/11\/2016\/07\/reflexiones-palabra-de-dios.jpg?fit=1200%2C630&ssl=1","type":"image\/jpeg"}],"author":"Francisco Javier Fern\u00e1ndez Chento","twitter_card":"summary_large_image","twitter_creator":"@https:\/\/twitter.com\/javierchento","twitter_site":"@WeVincentians","twitter_misc":{"Escrito por":"Francisco Javier Fern\u00e1ndez Chento","Tiempo de lectura":"2 minutos"},"schema":{"@context":"https:\/\/schema.org","@graph":[{"@type":"Article","@id":"https:\/\/vincentians.com\/es\/santa-virgen-maria-madre-de-dios-reflexion-de-la-s-s-v-p-en-estados-unidos\/#article","isPartOf":{"@id":"https:\/\/vincentians.com\/es\/santa-virgen-maria-madre-de-dios-reflexion-de-la-s-s-v-p-en-estados-unidos\/"},"author":{"name":"Francisco Javier Fern\u00e1ndez Chento","@id":"http:\/\/vincentians.com\/es\/#\/schema\/person\/9623ef4d9aa3b2dfb8c061f1499288f2"},"headline":"Santa Virgen Mar\u00eda, Madre de Dios (reflexi\u00f3n de la S.S.V.P. en Estados Unidos)","datePublished":"2016-01-01T04:02:16+00:00","dateModified":"2016-07-26T19:41:30+00:00","mainEntityOfPage":{"@id":"https:\/\/vincentians.com\/es\/santa-virgen-maria-madre-de-dios-reflexion-de-la-s-s-v-p-en-estados-unidos\/"},"wordCount":512,"commentCount":0,"publisher":{"@id":"http:\/\/vincentians.com\/es\/#organization"},"image":{"@id":"https:\/\/vincentians.com\/es\/santa-virgen-maria-madre-de-dios-reflexion-de-la-s-s-v-p-en-estados-unidos\/#primaryimage"},"thumbnailUrl":"https:\/\/i0.wp.com\/vincentians.com\/es\/wp-content\/uploads\/sites\/11\/2016\/07\/reflexiones-palabra-de-dios.jpg?fit=1200%2C630&ssl=1","articleSection":["Homil\u00edas y reflexiones, A\u00f1o C"],"inLanguage":"es","potentialAction":[{"@type":"CommentAction","name":"Comment","target":["https:\/\/vincentians.com\/es\/santa-virgen-maria-madre-de-dios-reflexion-de-la-s-s-v-p-en-estados-unidos\/#respond"]}]},{"@type":"WebPage","@id":"https:\/\/vincentians.com\/es\/santa-virgen-maria-madre-de-dios-reflexion-de-la-s-s-v-p-en-estados-unidos\/","url":"https:\/\/vincentians.com\/es\/santa-virgen-maria-madre-de-dios-reflexion-de-la-s-s-v-p-en-estados-unidos\/","name":"Santa Virgen Mar\u00eda, Madre de Dios (reflexi\u00f3n de la S.S.V.P. en Estados Unidos) - Somos Vicencianos","isPartOf":{"@id":"http:\/\/vincentians.com\/es\/#website"},"primaryImageOfPage":{"@id":"https:\/\/vincentians.com\/es\/santa-virgen-maria-madre-de-dios-reflexion-de-la-s-s-v-p-en-estados-unidos\/#primaryimage"},"image":{"@id":"https:\/\/vincentians.com\/es\/santa-virgen-maria-madre-de-dios-reflexion-de-la-s-s-v-p-en-estados-unidos\/#primaryimage"},"thumbnailUrl":"https:\/\/i0.wp.com\/vincentians.com\/es\/wp-content\/uploads\/sites\/11\/2016\/07\/reflexiones-palabra-de-dios.jpg?fit=1200%2C630&ssl=1","datePublished":"2016-01-01T04:02:16+00:00","dateModified":"2016-07-26T19:41:30+00:00","breadcrumb":{"@id":"https:\/\/vincentians.com\/es\/santa-virgen-maria-madre-de-dios-reflexion-de-la-s-s-v-p-en-estados-unidos\/#breadcrumb"},"inLanguage":"es","potentialAction":[{"@type":"ReadAction","target":["https:\/\/vincentians.com\/es\/santa-virgen-maria-madre-de-dios-reflexion-de-la-s-s-v-p-en-estados-unidos\/"]}]},{"@type":"ImageObject","inLanguage":"es","@id":"https:\/\/vincentians.com\/es\/santa-virgen-maria-madre-de-dios-reflexion-de-la-s-s-v-p-en-estados-unidos\/#primaryimage","url":"https:\/\/i0.wp.com\/vincentians.com\/es\/wp-content\/uploads\/sites\/11\/2016\/07\/reflexiones-palabra-de-dios.jpg?fit=1200%2C630&ssl=1","contentUrl":"https:\/\/i0.wp.com\/vincentians.com\/es\/wp-content\/uploads\/sites\/11\/2016\/07\/reflexiones-palabra-de-dios.jpg?fit=1200%2C630&ssl=1","width":1200,"height":630},{"@type":"BreadcrumbList","@id":"https:\/\/vincentians.com\/es\/santa-virgen-maria-madre-de-dios-reflexion-de-la-s-s-v-p-en-estados-unidos\/#breadcrumb","itemListElement":[{"@type":"ListItem","position":1,"name":"Portada","item":"http:\/\/vincentians.com\/es\/"},{"@type":"ListItem","position":2,"name":"Santa Virgen Mar\u00eda, Madre de Dios (reflexi\u00f3n de la S.S.V.P. en Estados Unidos)"}]},{"@type":"WebSite","@id":"http:\/\/vincentians.com\/es\/#website","url":"http:\/\/vincentians.com\/es\/","name":"Somos Vicencianos","description":"Know more to serve more","publisher":{"@id":"http:\/\/vincentians.com\/es\/#organization"},"potentialAction":[{"@type":"SearchAction","target":{"@type":"EntryPoint","urlTemplate":"http:\/\/vincentians.com\/es\/?s={search_term_string}"},"query-input":{"@type":"PropertyValueSpecification","valueRequired":true,"valueName":"search_term_string"}}],"inLanguage":"es"},{"@type":"Organization","@id":"http:\/\/vincentians.com\/es\/#organization","name":"The Vincentian Network","url":"http:\/\/vincentians.com\/es\/","logo":{"@type":"ImageObject","inLanguage":"es","@id":"http:\/\/vincentians.com\/es\/#\/schema\/logo\/image\/","url":"https:\/\/i1.wp.com\/vincentians.com\/es\/wp-content\/uploads\/sites\/11\/2016\/06\/Vincentian-Network-logo-big.png?fit=778%2C778","contentUrl":"https:\/\/i1.wp.com\/vincentians.com\/es\/wp-content\/uploads\/sites\/11\/2016\/06\/Vincentian-Network-logo-big.png?fit=778%2C778","width":778,"height":778,"caption":"The Vincentian Network"},"image":{"@id":"http:\/\/vincentians.com\/es\/#\/schema\/logo\/image\/"},"sameAs":["https:\/\/www.facebook.com\/WeAreVincentians\/","https:\/\/x.com\/WeVincentians"]},{"@type":"Person","@id":"http:\/\/vincentians.com\/es\/#\/schema\/person\/9623ef4d9aa3b2dfb8c061f1499288f2","name":"Francisco Javier Fern\u00e1ndez Chento","image":{"@type":"ImageObject","inLanguage":"es","@id":"https:\/\/secure.gravatar.com\/avatar\/497d5cde87b4c3d097d0315953521681ba2cd523ee66e5077c3711f7021e65de?s=96&d=mm&r=g","url":"https:\/\/secure.gravatar.com\/avatar\/497d5cde87b4c3d097d0315953521681ba2cd523ee66e5077c3711f7021e65de?s=96&d=mm&r=g","contentUrl":"https:\/\/secure.gravatar.com\/avatar\/497d5cde87b4c3d097d0315953521681ba2cd523ee66e5077c3711f7021e65de?s=96&d=mm&r=g","caption":"Francisco Javier Fern\u00e1ndez Chento"},"description":"Director General y cofundador de La Red de Formaci\u00f3n Vicenciana. Javier es laico vicenciano, afiliado a la Congregaci\u00f3n de la Misi\u00f3n y miembro del Equipo de Misiones Populares de la provincia can\u00f3nica de Zaragoza (Espa\u00f1a) de la Congregaci\u00f3n de la Misi\u00f3n. Graduado en la Universidad Oberta de Catalunya con cuatro grados (Asistente de direcci\u00f3n, Gesti\u00f3n Administrativa, Recursos Humanos y Contabilidad Avanzada). Bil\u00edng\u00fce Espa\u00f1ol\/Ingl\u00e9s. gestiona y mantiene varias p\u00e1ginas web cristianas y vicencianas, incluida including La Red de Formaci\u00f3n Vicenciana, de la que es cofundador. Actualmente es responsable del \u00e1rea de Espa\u00f1ol de .famvin, la Red de Noticias de la Familia Vicenciana. Tambi\u00e9n es m\u00fasico cat\u00f3lico y ha editado varios discos. Es Director General y cofundador de Trovador, una reconocida compa\u00f1\u00eda discogr\u00e1fica critiana de Espa\u00f1a. Trabaja en las Tecnolog\u00edas de la Informaci\u00f3n, ofreciendo servicios de alojamiento, dise\u00f1o y mantenimiento Web, as\u00ed como asesoramiento, formaci\u00f3n y soluciones inform\u00e1ticas, gesti\u00f3n documental y digitalizaci\u00f3n de textos, edici\u00f3n y maquetaci\u00f3n de libros, revistas, flyers, etc.","sameAs":["http:\/\/chento.org","https:\/\/www.facebook.com\/JavierChento","https:\/\/x.com\/https:\/\/twitter.com\/javierchento"],"url":"https:\/\/vincentians.com\/es\/author\/chento\/"}]}},"jetpack_publicize_connections":[],"jetpack_featured_media_url":"https:\/\/i0.wp.com\/vincentians.com\/es\/wp-content\/uploads\/sites\/11\/2016\/07\/reflexiones-palabra-de-dios.jpg?fit=1200%2C630&ssl=1","jetpack_sharing_enabled":true,"jetpack_shortlink":"https:\/\/wp.me\/p7ETMF-1CCS","jetpack-related-posts":[{"id":119801,"url":"https:\/\/vincentians.com\/es\/la-virgen-maria-y-la-formacion\/","url_meta":{"origin":386810,"position":0},"title":"La Virgen Mar\u00eda y la Formaci\u00f3n","author":"Francisco Javier Fern\u00e1ndez Chento","date":"16\/04\/2013","format":false,"excerpt":"Introducci\u00f3n: En marzo volv\u00ed a EE.UU para un acontecimiento especial. Una joven que hab\u00eda colaborado conmigo durante dos a\u00f1os en la Universidad de St. John, hab\u00eda tenido su primer hijo y me hab\u00edan pedido ella y su marido si pod\u00eda bautizarle. Fue un gran honor para m\u00ed. A lo largo\u2026","rel":"","context":"En \u00abFormaci\u00f3n Cristiana\u00bb","block_context":{"text":"Formaci\u00f3n Cristiana","link":"https:\/\/vincentians.com\/es\/category\/formacion-cristiana\/"},"img":{"alt_text":"virgin-mary-2","src":"https:\/\/i0.wp.com\/vicencianos.org\/wp-content\/2013\/04\/virgin-mary-2-230x300.jpg?resize=350%2C200","width":350,"height":200},"classes":[]},{"id":144779,"url":"https:\/\/vincentians.com\/es\/en-la-escuela-de-maria-inmaculada-sierva-y-madre\/","url_meta":{"origin":386810,"position":1},"title":"En la escuela de Mar\u00eda Inmaculada, Sierva y Madre","author":"Francisco Javier Fern\u00e1ndez Chento","date":"10\/05\/2015","format":false,"excerpt":"Introducci\u00f3n Una de las 7 \u00faltimas palabras de Jes\u00fas en la Cruz que forman parte de su testamento espiritual, es: \u201cAh\u00ed tienes a tu madre\u201d, una palabra extraordinaria que Jes\u00fas dice al disc\u00edpulo amado, es decir a la Iglesia. Jes\u00fas conf\u00eda la Iglesia a su madre y su madre a\u2026","rel":"","context":"En \u00abVirgen Mar\u00eda\u00bb","block_context":{"text":"Virgen Mar\u00eda","link":"https:\/\/vincentians.com\/es\/category\/espiritualidad\/virgen-maria\/"},"img":{"alt_text":"our-mother-mary-inmaculate","src":"https:\/\/i0.wp.com\/vicencianos.org\/wp-content\/2015\/05\/our-mother-mary-inmaculate-300x216.jpg?resize=350%2C200","width":350,"height":200},"classes":[]},{"id":53001,"url":"https:\/\/vincentians.com\/es\/maria-en-la-infancia-de-jesus\/","url_meta":{"origin":386810,"position":2},"title":"Mar\u00eda en la infancia de Jes\u00fas","author":"Francisco Javier Fern\u00e1ndez Chento","date":"01\/05\/2015","format":false,"excerpt":"1 Hoy vamos a detenernos en el cap\u00edtulo 2 de San Lucas y en el cap\u00edtulo 2 de San Mateo. Los dos cap\u00edtulos nos cuentan todo lo que sabemos desde que nace Jes\u00fas hasta que tiene doce a\u00f1os. Resumamos brevemente el relato evang\u00e9lico. San Lucas se aprovecha de un censo\u2026","rel":"","context":"En \u00abVirgen Mar\u00eda\u00bb","block_context":{"text":"Virgen Mar\u00eda","link":"https:\/\/vincentians.com\/es\/category\/espiritualidad\/virgen-maria\/"},"img":{"alt_text":"Mary-and-Child-Jesus-Pierre-Mignard","src":"https:\/\/i0.wp.com\/vicencianos.org\/wp-content\/2015\/05\/Mary-and-Child-Jesus-Pierre-Mignard-300x225.jpg?resize=350%2C200","width":350,"height":200},"classes":[]},{"id":119429,"url":"https:\/\/vincentians.com\/es\/cantar-el-magnificat-con-maria\/","url_meta":{"origin":386810,"position":3},"title":"Cantar el Magn\u00edficat con Mar\u00eda","author":"Francisco Javier Fern\u00e1ndez Chento","date":"09\/04\/2013","format":false,"excerpt":"Introducci\u00f3n \"El Magn\u00edficat es un c\u00e1ntico de la Escritura que canta un poema de vida y de acci\u00f3n. Es c\u00e1ntico, oraci\u00f3n, adoraci\u00f3n, exultaci\u00f3n y entusiasmo, acci\u00f3n de gracias, canto de victoria, la de Dios en Jesucristo. Grito de la fe, est\u00e1 impregnado de teolog\u00eda, es meditaci\u00f3n inagotable, es oraci\u00f3n\u2026 En\u2026","rel":"","context":"En \u00abFormaci\u00f3n Cristiana\u00bb","block_context":{"text":"Formaci\u00f3n Cristiana","link":"https:\/\/vincentians.com\/es\/category\/formacion-cristiana\/"},"img":{"alt_text":"Magnificat","src":"https:\/\/i0.wp.com\/vicencianos.org\/wp-content\/2013\/04\/Magnificat-244x300.jpg?resize=350%2C200","width":350,"height":200},"classes":[]},{"id":131115,"url":"https:\/\/vincentians.com\/es\/discurso-de-s-s-pio-xii-con-motivo-de-la-canonizacion-de-sta-catalina-laboure\/","url_meta":{"origin":386810,"position":4},"title":"Discurso de S. S. Pio XII con motivo de la Canonizaci\u00f3n de Sta. Catalina Labour\u00e9","author":"Mitxel Olabu\u00e9naga","date":"15\/08\/2014","format":false,"excerpt":"En la audiencia concedida por el Padre Santo el 28 de agosto a los peregrinos que llegaron a Roma para asistir a la Canonizaci\u00f3n de la Beata Catalina Labour\u00e9 Su Santidad pronunci\u00f3 el siguiente discurso (texto publicado por el n\u00famero 319 de \"Ecclesia\"): Desde las primeras p\u00e1ginas de su incomparable\u2026","rel":"","context":"En \u00abHistoria de las Hijas de la Caridad\u00bb","block_context":{"text":"Historia de las Hijas de la Caridad","link":"https:\/\/vincentians.com\/es\/category\/historia-de-la-familia-vicenciana\/historia-de-las-hijas-de-la-caridad\/"},"img":{"alt_text":"louise_filles_charite","src":"https:\/\/i0.wp.com\/vicencianos.org\/wp-content\/2014\/02\/louise_filles_charite.jpg?resize=350%2C200","width":350,"height":200},"classes":[]},{"id":125877,"url":"https:\/\/vincentians.com\/es\/la-medalla-de-la-madre-3-en-la-escuela-de-la-medalla\/","url_meta":{"origin":386810,"position":5},"title":"La medalla de la Madre: 3. En la escuela de la medalla","author":"Francisco Javier Fern\u00e1ndez Chento","date":"29\/11\/2013","format":false,"excerpt":"3. En la escuela de la medalla a) La concebida sin pecado y la serpiente Lo que la medalla ofrece de inmediato a la mirada es: Una mujer gloriosa, resplandeciente, circundada de luz y de gracia. Si no vi\u00e9semos ya rodeando a esta visi\u00f3n la invocaci\u00f3n dictada por la Virgen\u2026","rel":"","context":"En \u00abCatalina Labour\u00e9\u00bb","block_context":{"text":"Catalina Labour\u00e9","link":"https:\/\/vincentians.com\/es\/category\/la-familia-vicenciana\/la-familia-vicenciana-en-los-altares\/santos\/catalina-laboure\/"},"img":{"alt_text":"","src":"https:\/\/i0.wp.com\/vicencianos.org\/wp-content\/2011\/11\/peregrinacion_paris_2-201x300.jpg?resize=350%2C200","width":350,"height":200},"classes":[]}],"_links":{"self":[{"href":"https:\/\/vincentians.com\/es\/wp-json\/wp\/v2\/posts\/386810","targetHints":{"allow":["GET"]}}],"collection":[{"href":"https:\/\/vincentians.com\/es\/wp-json\/wp\/v2\/posts"}],"about":[{"href":"https:\/\/vincentians.com\/es\/wp-json\/wp\/v2\/types\/post"}],"author":[{"embeddable":true,"href":"https:\/\/vincentians.com\/es\/wp-json\/wp\/v2\/users\/4"}],"replies":[{"embeddable":true,"href":"https:\/\/vincentians.com\/es\/wp-json\/wp\/v2\/comments?post=386810"}],"version-history":[{"count":0,"href":"https:\/\/vincentians.com\/es\/wp-json\/wp\/v2\/posts\/386810\/revisions"}],"wp:featuredmedia":[{"embeddable":true,"href":"https:\/\/vincentians.com\/es\/wp-json\/wp\/v2\/media\/388408"}],"wp:attachment":[{"href":"https:\/\/vincentians.com\/es\/wp-json\/wp\/v2\/media?parent=386810"}],"wp:term":[{"taxonomy":"category","embeddable":true,"href":"https:\/\/vincentians.com\/es\/wp-json\/wp\/v2\/categories?post=386810"},{"taxonomy":"post_tag","embeddable":true,"href":"https:\/\/vincentians.com\/es\/wp-json\/wp\/v2\/tags?post=386810"}],"curies":[{"name":"wp","href":"https:\/\/api.w.org\/{rel}","templated":true}]}}