{"id":38557,"date":"2016-02-07T14:30:06","date_gmt":"2016-02-07T13:30:06","guid":{"rendered":"http:\/\/somos.vicencianos.org\/?p=38557"},"modified":"2016-02-07T14:30:06","modified_gmt":"2016-02-07T13:30:06","slug":"martir-de-la-caridad-la-beata-sor-rosalie","status":"publish","type":"post","link":"https:\/\/vincentians.com\/es\/martir-de-la-caridad-la-beata-sor-rosalie\/","title":{"rendered":"M\u00e1rtir de la Caridad: la Beata sor Rosalie"},"content":{"rendered":"<p><a href=\"https:\/\/i0.wp.com\/vicencianos.org\/wp-content\/uploads\/2010\/12\/Sor-Rosalia-Rendu.jpg\" rel=\"attachment wp-att-25016\"><img data-recalc-dims=\"1\" loading=\"lazy\" decoding=\"async\" class=\"alignright wp-image-25016\" src=\"https:\/\/i0.wp.com\/vicencianos.org\/wp-content\/uploads\/2010\/12\/Sor-Rosalia-Rendu.jpg?resize=347%2C411\" alt=\"Sor-Rosalia-Rendu\" width=\"347\" height=\"411\" \/><\/a>\u00ab\u00a1M\u00e1rtir de la caridad!\u00bb. La expresi\u00f3n es de San Vicente. Hablaba un d\u00eda a las Hijas de la Caridad, de Sor Marie-Joseph d\u2019\u00c9tampes, una de las primeras, y dijo: <em>Esa buena hermana puede ser<\/em> <em>llamada m\u00e1rtir de la caridad.<\/em> <em>\u00bfCre\u00e9is acaso que no hay m\u00e1s m\u00e1r\u00ad<\/em><em>tires que los que derramaron su<\/em> <em>sangre por la fe? Por ejemplo, esas<\/em> <em>hermanas que ha llamado la Reina<\/em> <em>son unas m\u00e1rtires, pues, aunque<\/em> <em>no mueran, se exponen al peligro de<\/em> <em>muerte; lo mismo que tantas<\/em> <em>buenas hermanas que han dado su<\/em> <em>vida por el servicio de los pobres;<\/em> <em>eso es un martirio<\/em>.<span id='easy-footnote-1-38557' class='easy-footnote-margin-adjust'><\/span><span class='easy-footnote'><a href='https:\/\/vincentians.com\/es\/martir-de-la-caridad-la-beata-sor-rosalie\/#easy-footnote-bottom-1-38557' title='SV X, 510 \/ ES IX, 1056.'><sup>1<\/sup><\/a><\/span>Sor Rosalie era de este temple. Por su vida, sus obras, su espiri\u00adtualidad, ella resume esta visi\u00f3n ideal descrita por el Santo de la Caridad; podemos decir que ella realiz\u00f3 perfectamente lo que \u00e9l ense\u00f1\u00f3 tambi\u00e9n: <em>el que da su vida por Dios es tenido como m\u00e1rtir; y la<\/em> <em>verdad es que vuestras vidas han quedado abreviadas por el trabajo que ten\u00e9is; y por tanto sois m\u00e1rtires.<\/em><span id='easy-footnote-2-38557' class='easy-footnote-margin-adjust'><\/span><span class='easy-footnote'><a href='https:\/\/vincentians.com\/es\/martir-de-la-caridad-la-beata-sor-rosalie\/#easy-footnote-bottom-2-38557' title='SV IX, 460 \/ IX, 419-420.'><sup>2<\/sup><\/a><\/span> Incluso partiendo de clis\u00e9s imper\u00adfectos que tenemos de ella, un ojo experto descubre en su rostro rasgos que indican la tenacidad y la fuerza: labios apretados y ojos pene\u00adtrantes. \u00bfC\u00f3mo no pensar en la frase de San Lucas: <em>se afirm\u00f3 en su<\/em> <em>decisi\u00f3n de ir a Jerusal\u00e9n<\/em>?.<span id='easy-footnote-3-38557' class='easy-footnote-margin-adjust'><\/span><span class='easy-footnote'><a href='https:\/\/vincentians.com\/es\/martir-de-la-caridad-la-beata-sor-rosalie\/#easy-footnote-bottom-3-38557' title='Lc. 9,51.'><sup>3<\/sup><\/a><\/span> Era una mujer audaz y voluntariosa. Se situaba en el hilo directo del \u00abm\u00e1s\u00bb vicenciano.<\/p>\n<p>\u00bfQui\u00e9n es ella?<br \/>\n\u00bfQu\u00e9 hizo?<br \/>\n\u00bfCu\u00e1l es la actualidad de su mensaje?<\/p>\n<p>He aqu\u00ed unas cuestiones que nos estimulan.<\/p>\n<h2><strong>I. Un alma fuera de lo com\u00fan<\/strong><\/h2>\n<p>Jeanne-Marie Rendu nace el 9 de septiembre de 1786 en el pueblo de Confort, en el Jura. Es la mayor de cuatro hijas de las que una, Jeanne-Fran\u00e7oise, morir\u00e1 joven. Los padres, propietarios monta\u00f1eses de vida sencilla, gozan de cierto bienestar y de una real estima en toda la regi\u00f3n. Es una familia de labradores que vive en una espl\u00e9ndida casa que domina las primeras pendientes del Jura y el valle del Valserine. Jeanne-Marie fue bautizada el mismo d\u00eda de su nacimiento en la iglesia parroquial de Lancrans. Su padrino, por procurador, fue Jacques Emery, amigo de la familia y futuro Superior General de los Sulpicianos en Par\u00eds. La madre era un modelo de fe y de caridad: ella educar\u00e1 a sus hijas, tras la muerte prematura del Sr. Rendu, en 1796. La hija se distinguir\u00e1 como vivaz, creyente, buena y traviesa, revoltosa, incluso caprichosa. Ella amaba a los pobres.<\/p>\n<p>La Revoluci\u00f3n Francesa, con sus a\u00f1os del Terror, se dej\u00f3 sentir tambi\u00e9n en el pueblecito de Confort. Un t\u00edo de Jeanne-Marie fue fusi\u00adlado en Gex. Los sacerdotes, que rechazaron el Juramento constitu\u00adcional, tuvieron que esconderse o emigrar para escapar de la prisi\u00f3n y del cadalso. \u00a1Muchos fueron guillotinados! La casa de la familia Rendu acogi\u00f3 a los que hu\u00edan. Un tiempo, ser\u00eda el obispo de Ginebra, Mons. Marie-Joseph Paget, quien vendr\u00eda a pedir asilo. \u00c9l har\u00eda el oficio de jardinero y ser\u00eda llamado bajo el nombre de Pedro. Jeanne\u00adMarie estaba intrigada porque le parec\u00eda que aquel empleado no era tratado como los dem\u00e1s. Y he aqu\u00ed que descubre que \u00e9l celebraba misa. No se atrevi\u00f3 a hablar de su descubrimiento. Pero un d\u00eda en que tras una discusi\u00f3n con sus hermanas su madre se dispon\u00eda a casti\u00adgarla, ella grit\u00f3: <em>\u00a1Si usted me castiga, yo dir\u00e9 que Pedro no es Pedro!<\/em> La Sra. Rendu se sinti\u00f3 aludida, consciente del peligro. Si su hija habla\u00adr\u00eda, la casa ser\u00eda registrada, los padres y los sacerdotes escondidos arrestados y fusilados. Me agrada a este respecto la observaci\u00f3n de Sor \u00c9lizabeth Charpy, que ha presentado a la Beata en diferentes ocasio\u00adnes: <em>con ternura marcada de firmeza, la Sra. Rendu explica la situaci\u00f3n<\/em> <em>a su peque\u00f1a hija de siete a\u00f1os. Muy joven, Jeanne-Marie comparte los<\/em> <em>secretos de su familia. Aprende a discernir lo que ella debe decir o callar.<\/em> <em>Su personalidad se forja durante aquellos duros a\u00f1os. Su formaci\u00f3n cris\u00ad<\/em><em>tiana, recibida en el transcurso de aquella \u00e9poca dif\u00edcil, ser\u00e1 s\u00f3lida.<\/em> <em>Jeanne-Marie se acordar\u00e1 de su primera comuni\u00f3n recibida una noche<\/em> <em>durante la misa celebrada en la bodega. <\/em>En abril de 1793 el Obispo podr\u00eda alcanzar el Piamonte, en Tur\u00edn, en casa de los Lazaristas (Pa\u00fales). \u00a1Estaba ya en familia!<\/p>\n<p>Al d\u00eda siguiente del Terror, los esp\u00edritus se apaciguaron y, poco a poco, la vida recobr\u00f3 su curso normal. La Sra. Rendu, sol\u00edcita de la educaci\u00f3n de su hija mayor, la env\u00eda a las antiguas Hermanas Ursulinas de Gex, por las recomendaciones de Sor Suzanne, Superiora de las Hijas de la Caridad y amiga de la Sra. Rendu. Jeanne-Marie per\u00admanece un a\u00f1o en aquel pensionado, luego es colocada un tiempo en un pensionado de se\u00f1oritas creado por unos eclesi\u00e1sticos en Carouge, cerca de Ginebra. Ella fue pulida en el plano cultural, sin llegar a ser nunca una intelectual.<\/p>\n<p>Pero s\u00f3lo un deseo la domina: volver al hospital donde las Hijas de la Caridad de Gex aseguran los cuidados a los enfermos. Una idea surge: hacer una estancia de seis meses en casa de las Hermanas para participar en los cuidados de los enfermos. Era una primera puesta en marcha y he aqu\u00ed que un acontecimiento iba a apresurar su decisi\u00f3n. Jeanne-Marie se entera de que Armande Jacquinot, una joven de Lancrans, pueblo cercano a Confort, se va a ir a Par\u00eds para hacerse Hija de la Caridad. Habiendo consultado al P\u00e1rroco-Arcipreste de Gex, la Sra. Rendu, feliz y emocionada por la vocaci\u00f3n de su hija, consiente en su petici\u00f3n. Ella deja su casa y su pa\u00eds de Gex para siempre, sin estado an\u00edmico particular, dichosa de estar ya entregada.<\/p>\n<p>Presentada por su padrino, el amigo de su abuelo, el Sr. Emery, que vive como seglar en la calle St. Jacques, ella conoce a la Madre Deleau, Superiora General de las Hijas de la Caridad; el 25 de mayo de 1802, entra en el noviciado de la Casa Madre, entonces en la calle del Vieux Colombier, en Par\u00eds.<span id='easy-footnote-4-38557' class='easy-footnote-margin-adjust'><\/span><span class='easy-footnote'><a href='https:\/\/vincentians.com\/es\/martir-de-la-caridad-la-beata-sor-rosalie\/#easy-footnote-bottom-4-38557' title='La calle del Vieux Colombier, hoy parque de bomberos de la villa de Par\u00eds, cerca de la Iglesia de St Sulpice. La capilla acababa de ser abierta y tras\u00adladado a ella el cuerpo de Santa Luisa, el 4 de mayo de aquel a\u00f1o.'><sup>4<\/sup><\/a><\/span> Va a cumplir diecis\u00e9is a\u00f1os.<\/p>\n<p>La restauraci\u00f3n de las Hermanas, en sus plenos derechos, lleva a un endurecimiento de la Regla. Se exige mucho de cada una; el Sr. Emery ayuda al arranque ante la dispersi\u00f3n de los Sacerdotes de la Misi\u00f3n. \u00c9l es la Providencia para su ahijada: <em>\u00a1Yo le miraba como a un<\/em> <em>or\u00e1culo!<\/em> \u2014 escribe ella \u2014. <em>Y de \u00e9l ense\u00f1aba esta frase hecha c\u00e9lebre: \u2018Hija<\/em> <em>m\u00eda, es preciso que un sacerdote y una Hija de la Caridad sean <strong>como un<\/strong><\/em><strong> <em>poyo<\/em><\/strong><em> que est\u00e1 en la esquina de una calle y sobre el que todos los que <\/em><em>pasan pueden descansar y depositar los fardos de que est\u00e1n cargados\u2019.<\/em><\/p>\n<p>La fuerte tensi\u00f3n de esp\u00edritu de la joven novicia para responder bien a las exigencias de su nueva vida y la falta de ejercicio f\u00edsico reper\u00adcuten en su salud. Ella es de una extremada sensibilidad f\u00edsica<span id='easy-footnote-5-38557' class='easy-footnote-margin-adjust'><\/span><span class='easy-footnote'><a href='https:\/\/vincentians.com\/es\/martir-de-la-caridad-la-beata-sor-rosalie\/#easy-footnote-bottom-5-38557' title='Padece palpitaciones, una fiebre terciana, pero no se desentiende nunca del compromiso junto a los pobres. Esto la salva.'><sup>5<\/sup><\/a><\/span> y moral. Se parece en esto a la que fuera la fundadora de su congrega\u00adci\u00f3n, Luisa de Marillac. Consultado el m\u00e9dico, prescribe un cambio de aire. Su padrino, el Sr. Emery, sugiere que se le permita una actividad junto a los pobres. Van a ser ellos quienes la equilibren. Su naturaleza generosa va encontrar en ello una fuerza; ser\u00e1 <em>toda entregada a Dios en<\/em> <em>el servicio de los pobres.<\/em> Jeanne-Marie fue enviada, pues, a la casa de las Hijas de la Caridad de la calle de los Francs Bourgeois. All\u00ed encon\u00adtr\u00f3, como Superiora, a una mujer inteligente y comprensiva, Sor Marie\u00adMadeleine Tardy. En cuanto a ella, recibe el nombre de Sor Rosalie.<\/p>\n<p>Va a vivir y a actuar, desde entonces, en un barrio marcado por una extremada pobreza. Hay que leer las p\u00e1ginas del Sr. Claude Dinnat dedicadas a la descripci\u00f3n del famoso barrio Mouffetard. Unos obre\u00adros se encuentran all\u00ed privados de libertad, sometidos al impuesto y al trabajo a merced; el paro es cong\u00e9nito, la inseguridad, total. Era el Par\u00eds del hambre. Se dice com\u00fanmente que la poblaci\u00f3n es salvaje, b\u00e1rbara, n\u00f3mada, <em>pueblo horrible de ver, macilento, amarillo, atezado<\/em>.<span id='easy-footnote-6-38557' class='easy-footnote-margin-adjust'><\/span><span class='easy-footnote'><a href='https:\/\/vincentians.com\/es\/martir-de-la-caridad-la-beata-sor-rosalie\/#easy-footnote-bottom-6-38557' title='LOUIS CHEVALIER,&lt;em&gt; Classes laborieuses et classes dangereuses,&lt;\/em&gt; Par\u00eds, 1958.'><sup>6<\/sup><\/a><\/span> A esto se juntaban los cabar\u00e9s, fuentes de embriaguez y de penden\u00adcias, de la prostituci\u00f3n, del robo y del bandidaje. Un barrio de alto riesgo, dir\u00edamos hoy. Sor Rosalie va a vivir en aquellos bajos fondos, el quinto distrito del Par\u00eds de nuestros d\u00edas.<span id='easy-footnote-7-38557' class='easy-footnote-margin-adjust'><\/span><span class='easy-footnote'><a href='https:\/\/vincentians.com\/es\/martir-de-la-caridad-la-beata-sor-rosalie\/#easy-footnote-bottom-7-38557' title='El territorio reservado a la Beata era, en aquel entonces, el 46, barrio de Par\u00eds, el segundo del 12\u00ba distrito (Arrabal St Medard o St Marcel o St Marceau). El nombre del barrio de Mouffetard proviene de la calzada romana que iba hacia Italia por Fontainebleau y Lyon.'><sup>7<\/sup><\/a><\/span><sup><br \/>\n<\/sup><\/p>\n<p>Empieza por ense\u00f1ar, \u00a1a pesar de que sus conocimientos sean ele\u00admentales! Ella puede ense\u00f1ar a los ni\u00f1os de los pobres a leer y a escri\u00adbir y, por otra parte, visitar a los pobres a domicilio. All\u00ed est\u00e1 su para\u00edso. Una prueba la aguarda, sin embargo: se le pide que ayude a un sacerdote loco, denominado poseso. Cuando \u00e9l la aborda, \u00a1ella huye! Sano reflejo; casi al mismo tiempo, se prueba su obediencia. Sor Asistenta la llama a la Casa Madre; ella se queda all\u00ed diez d\u00edas, alegre, entregada; luego, de pronto, es devuelta, por la Superiora General, al lugar de donde hab\u00eda venido.<\/p>\n<p>Vestida con capa negra \u2014 no estando todav\u00eda restablecido el h\u00e1bito \u2014, en 1807, a los veinti\u00fan a\u00f1os, la joven Rosalie, rodeada de las Hermanas de su comunidad, con emoci\u00f3n y una profunda alegr\u00eda, se compromete, por vez primera, mediante los votos, al servicio de Dios y de los pobres. Los testigos hablar\u00edan, entonces, de lo que ema\u00adnaba de ella: fervor, coraje, ardor, dedicaci\u00f3n, algo que correspond\u00eda ciertamente a su naturaleza inicial transformada por la gracia. Sor Rosalie trabajar\u00e1 en el barrio Mouffetard hasta su muerte, en 1856, durante cincuenta y cuatro a\u00f1os.<\/p>\n<h2><strong>II. El tiempo de las obras<\/strong><\/h2>\n<p>Ella pasa de largo los caprichos del Emperador concernientes al acompa\u00f1amiento de las Hijas de la Caridad por el \u00abSuperior General\u00bb de los Sacerdotes de la Misi\u00f3n, el P. Hanon. En cuanto a ella, vela, sobre todo, porque los pobres sean servidos: <em>son nuestros amos y maes\u00ad<\/em><em>tros.<\/em> El resto es remolino de la historia que adem\u00e1s \u00a1corre hacia su ruina! De la epopeya napole\u00f3nica, ella conoce, sobre todo, los reveses.<\/p>\n<p>Tras un breve \u00ednterin de Sor Tardy, ella viene a ser Superiora cuando la comunidad se desplaza, dentro del barrio, a la calle de la \u00c9p\u00e9e-de Bois, en 1817. Los locales son m\u00e1s amplios.<\/p>\n<p>Ella encuentra su verdadera vocaci\u00f3n: \u00a1Hermana de la calle! Ella destaca en esto y viene a ser ejemplar.<\/p>\n<p>Se rodea de colaboradores entregados y eficaces. Re\u00fane, sobre to\u00addo, dinero, mucho dinero, para ser utilizado en servicio de los pobres.<\/p>\n<p>Instala una verdadera oficina de beneficencia que proporciona ali\u00admento, ropa y dinero. Sus primeras colaboradoras son las Damas de la Caridad.<\/p>\n<p>Los enfermos vienen a ser prioritarios: por ejemplo en 1848, en una relaci\u00f3n enviada al P. \u00c9tienne, Ec\u00f3nomo de los Lazaristas, ella anotar\u00e1 cuatrocientas setenta y cinco visitas a enfermos. Deber sagrado para ella y sus compa\u00f1eras inmediatas.<\/p>\n<p>Socorre, sin cansarse, todas las miserias de la \u00e9poca, que son numerosas. La miseria viene a ser un lugar com\u00fan en el Par\u00eds de Louis\u00adPhilippe. La historia de Francia recuerda las revueltas de 1830 y de 1848&#8230; Ella es, por encima de todos los conflictos, un elemento de paci\u00adficaci\u00f3n. La terrible epidemia de c\u00f3lera de 1832, que azot\u00f3 aquellos barrios hizo de ella una de las figuras m\u00e1s representativas de la cari\u00addad cristiana. Su c\u00e9lebre <em>locutorio<\/em> le permite desempe\u00f1ar un verdadero <em>ministerio de la caridad.<\/em> Los visitantes son cada d\u00eda m\u00e1s numerosos: el sacerdote en busca de un consejo se codea all\u00ed con el vagabundo que solicita una ayuda; el obispo se encuentra all\u00ed con el trapero; la ma\u00adriscala de Francia se cruza all\u00ed con la \u00abvendedora de los frutos de la cosecha\u00bb.<span id='easy-footnote-8-38557' class='easy-footnote-margin-adjust'><\/span><span class='easy-footnote'><a href='https:\/\/vincentians.com\/es\/martir-de-la-caridad-la-beata-sor-rosalie\/#easy-footnote-bottom-8-38557' title='En franc\u00e9s: &lt;em&gt;la marchande des quatre saisons.&lt;\/em&gt; (NdR'><sup>8<\/sup><\/a><\/span>) Charles X, la Reina Am\u00e9lie, el General Cavaignac, Napo\u00adle\u00f3n III, la Emperatriz Eug\u00e9nie frecuentan su puesto de servicio. Muchos personajes importantes apoyan su acci\u00f3n, entre ellos, Lamennais, con quien ella ten\u00eda frecuentes conversaciones. M\u00e1s tarde no llegar\u00eda a dialogar m\u00e1s con \u00e9l: \u00a1misterio de las almas que se cruzan!<\/p>\n<p>Algunos le reprochar\u00edan tales influencias. \u00a1Qu\u00e9 importaba! Dado que los pobres fueran los beneficiarios. En esto, ella copi\u00f3 a la letra la vida y las obras de San Vicente y de Santa Luisa.<\/p>\n<p>Para ir en ayuda de todos aquellos que sufr\u00edan y de las diferentes formas de pobreza, la Hermana abre un dispensario, una farmacia, una escuela (doscientos estudiantes y dos Hermanas maestras), un orfanato, una casa-cuna, un obrador para muchachas y mujeres pobres, un hogar para j\u00f3venes obreras, una residencia para ancianos sin recursos. Pronto, toda una red de obras caritativas viene a opo\u00adnerse con \u00e9xito a una miseria reinante sin cesar.<\/p>\n<p>Ella llega hasta prestar ayuda a varias congregaciones: la <em>Sociedad<\/em> <em>de St Fran\u00e7ois R\u00e9gis,<\/em> los <em>Pobres Sacerdotes,<\/em> las <em>Hijas de Notre-Dame de<\/em> <em>Lorette,<\/em> las <em>Dames Augustines du Saint C\u0153ur de Marie;<\/em> a j\u00f3venes en busca de vocaci\u00f3n o de sentido y a muchos cl\u00e9rigos que ven\u00edan a escu\u00adchar sus consejos, especialmente a varios sacerdotes enfermos, en entredicho o desesperados&#8230;<\/p>\n<p>En la revoluci\u00f3n de julio de 1830, hacia sus 44 a\u00f1os, \u00a1su irradia\u00adci\u00f3n es inmensa! Ella quiere hacer a\u00fan m\u00e1s. El rey Charles X se empe\u00adcina y lanza sus famosas ordenanzas impopulares que desencadenan los tres d\u00edas de revuelta. Se sigue una ola antirreligiosa y ciertas con\u00adgregaciones est\u00e1n, nominalmente, en el punto de mira: los Lazaristas, los Misioneros de Francia, las Misiones Extranjeras y los Espiritanos. Podemos decir que la fama de las Hijas de la Caridad y su impacto en la sociedad las salv\u00f3 a todas. La casa de Sor Rosalie no padeci\u00f3 aque\u00adlla llama destructora, sino que recibi\u00f3 heridos y moribundos, \u00a1una ver\u00addadera \u00abambulancia!\u00bb. Se nos dice de la Beata: <em>Sor Rosalie no dejaba<\/em> <em>las barricadas.<\/em> \u00a1Ella era la corneta blanca en medio de los combates! Ella escond\u00eda a los rebeldes; ella curaba a los heridos de ambos bandos. Pero los a\u00f1os siguientes a \u00ablas tres gloriosas\u00bb<sup> 9<\/sup> fueron malos: aparece el c\u00f3lera y causa 18.000 muertos, de ellos 12.733, por el mes de abril de 1832. \u00a1Hasta Casimir Perier, Presidente del Consejo, muere de aque\u00adlla epidemia! Especialmente en 1832 y en 1846, la dedicaci\u00f3n y los ries\u00adgos tomados por nuestra Beata y sus Hermanas asombraron la imaginaci\u00f3n. Se la vio a ella misma recogiendo los cuerpos abandona\u00addos en las calles. De ah\u00ed que su notoriedad traspasara pronto su barrio y llegara al conjunto de la capital y hasta las ciudades de provincia.<\/p>\n<p>Bajo la Monarqu\u00eda de julio, las cosas empeoraron. Hubo una agra\u00advaci\u00f3n de la condici\u00f3n obrera; surgieron nuevas ideas, embriones del catolicismo social&#8230;<\/p>\n<p>Fue en aquel barrio Mouffetard donde tendr\u00eda lugar el encuentro con un equipo de j\u00f3venes, entre ellos Emmanuel Bailly y Fr\u00e9d\u00e9ric Ozanam, dos de los fundadores de las <em>Conferencias de San Vicente de<\/em> <em>Pa\u00fal.<\/em> Ellos deseaban dedicar su ayuda a los pobres, a los obreros, a los enfermos. Ella ser\u00eda para ellos una pedagoga tanto m\u00e1s eficaz cuanto que ella misma, hija del <em>San Vicente,<\/em> estaba impregnada del esp\u00edritu del Fundador. Ella les designa las familias que visitar, les pro\u00adporciona, al menos en el comienzo, alg\u00fan dinero y buen pan, les pro\u00addiga, sin exhortaci\u00f3n ni predicaci\u00f3n, consejos pr\u00e1cticos y concretos. La influencia de la Hermana fue determinante en el desarrollo de la vocaci\u00f3n espiritual, caritativa y social de la peque\u00f1a Sociedad naciente de San Vicente de Pa\u00fal. No es oportuno entregarse aqu\u00ed a largas expo\u00adsiciones, pero podemos decir con el Presidente nacional franc\u00e9s de la Sociedad, Jean Cherville, que ella es verdaderamente la cofundadora: <em>fue Sor Rosalie y nadie m\u00e1s quien dio al intelectual, al pensador, al<\/em> <em>hombre de oraci\u00f3n, Fr\u00e9d\u00e9ric, la dimensi\u00f3n pr\u00e1ctica que le faltaba&#8230; En<\/em> <em>este sentido, s\u00ed, la Beata Rosalie Rendu tiene derecho al t\u00edtulo de cofun\u00addadora de la Sociedad de San Vicente de Pa\u00fal<\/em>.<span id='easy-footnote-9-38557' class='easy-footnote-margin-adjust'><\/span><span class='easy-footnote'><a href='https:\/\/vincentians.com\/es\/martir-de-la-caridad-la-beata-sor-rosalie\/#easy-footnote-bottom-9-38557' title='&lt;em&gt;Les Cahiers Ozanam,&lt;\/em&gt; n\u00ba 162 (4\/2003), p. 6.'><sup>9<\/sup><\/a><\/span><sup><br \/>\n<\/sup><\/p>\n<p>Por el momento, ella funda la casa-cuna de St Marcel, siguiendo la idea lanzada por un tal Marbeau, para ocuparse de los reci\u00e9n naci\u00addos de las mujeres del barrio obligadas a trabajar. Hoy, es la evidencia, entonces, era \u00a1la novedad! Y ella sigue presente en todos los barrios.<\/p>\n<p>Por ejemplo, la Superiora del <em>Buen Salvador de Caen<\/em> le enviaba numerosas personas que socorrer. Ella, a su vez, le enviaba enfermos a Caen: ciento quince cartas le fueron enviadas a esta mujer. Se tra\u00adtaba de sacerdotes, de religiosas enajenadas o de gente en paro. Ella conoc\u00eda cada expediente, cada caso e indicaba tratamientos y cuota de pensi\u00f3n. La exactitud y la organizaci\u00f3n eran reinas y due\u00f1as en su casa. Ella no se dejaba desbordar por la tarea aplastante. Ella sab\u00eda rodearse de colaboradores entregados y eficaces, cada vez m\u00e1s nume\u00adrosos. Los donativos aflu\u00edan porque los ricos eran incapaces de resis\u00adtir a aquella mujer persuasiva.<\/p>\n<p>Ya pr\u00f3xima a la cincuentena, su salud se altera y son unas gripes repetidas y unas fiebres las que contrar\u00edan su trabajo. A veces, en la cama a causa de la enfermedad, ella se obstina. Semejante mujer era de bronce&#8230;<\/p>\n<p>Luego estalla 1848, y la proclamaci\u00f3n de la Rep\u00fablica barre la Monarqu\u00eda de julio. <em>Par\u00eds es un volc\u00e1n,<\/em> subraya Sor Rosalie. El entu\u00adsiasmo es inicial y se cree en una revoluci\u00f3n de seda, tan grande parece el consenso entre el Estado y la Iglesia, pero hay que perder pronto las ilusiones. El 15 de mayo todo oscila y es el final de una Rep\u00fablica de fraternidad. El 22 de junio se suprimen los talleres nacio\u00adnales, considerados como una escuela de holgazaner\u00eda y de sedici\u00f3n. La represi\u00f3n de las barricadas, por la fuerza del orden p\u00fablico, es terri\u00adble, particularmente la famosa <em>barricada de San Antonio.<\/em><\/p>\n<p>El balance es grave: un millar de muertos del lado de los vence\u00addores, varios millares entre los insurrectos y once mil deportados o encarcelados. La cima del horror es la muerte de Mons. Affre, \u00a1alcan\u00adzado por una bala sobre la <em>barricada de San Antonio,<\/em> el 25 de mayo! Sor Rosalie se hace toda a todos, una vez m\u00e1s. Ella responde a los detractores de su acci\u00f3n: <em>Yo sirvo a Dios.<\/em><\/p>\n<p>El episodio m\u00e1s signifi\u00adcativo est\u00e1 representado por un grabado rayano a la estampa de \u00c9pinal: ella detiene a unos revoltosos que quieren matar en su casa a un oficial de la Guardia Civil: <em>\u00a1Aqu\u00ed no se mata! <\/em>De rodillas, obtiene la gracia de aquel hombre. Y su casa viene a ser un lugar de socorro para insurrectos y heridos; evi\u00addentemente, ella est\u00e1 siem\u00adpre del lado de los d\u00e9biles: <em>\u00a1a<\/em> <em>lo San Vicente!<\/em><\/p>\n<p>Ella resiste hasta al General Cavaignac, quien lle\u00adgar\u00eda a ser, tras las revueltas, Presidente del Consejo. Y asiste, impotente pero firme, para reprobar el procedimiento, a las deportaciones de los insurrectos (cerca de cuatro mil) hacia Argelia o las Marquesas, bendecidas \u00a1ay! por el clero. Reina el orden, pero persiste la injusticia: <em>silencio al pobre,<\/em> constata Lamennais. Y el a\u00f1o 1848 termina con la elecci\u00f3n, el 10 de diciembre, del Presidente de la Rep\u00fablica; tiene el nombre de Luis Napole\u00f3n Bonaparte. La II\u00aa Rep\u00fablica s\u00f3lo tendr\u00e1 dos a\u00f1os de vida.<\/p>\n<p>Igual a s\u00ed misma, Sor Rosalie sigue en su puesto y lucha, una vez m\u00e1s, contra el c\u00f3lera. \u00c9l causa estragos.<span id='easy-footnote-10-38557' class='easy-footnote-margin-adjust'><\/span><span class='easy-footnote'><a href='https:\/\/vincentians.com\/es\/martir-de-la-caridad-la-beata-sor-rosalie\/#easy-footnote-bottom-10-38557' title='En la Casa Madre de las Hermanas, ven seguirse hasta tres f\u00e9retros; mueren cincuenta y dos Hijas de la Caridad, mientras que las Hermanas de la calle de la \u00c9p\u00e9e-du-Bois resisten, salvo una, \u00a1la \u00fanica que no estuvo en con\u00adtacto con los enfermos!'><sup>10<\/sup><\/a><\/span> Despu\u00e9s de tales aconteci\u00admientos, hab\u00eda que ocuparse de los hu\u00e9rfanos y encargarse del <em>Orfanato<\/em> de la calle Pascal, abierto por la Sra. Jules Mallet y trasla\u00addado a M\u00e9nilmontant: lo habitaban setenta y nueve ni\u00f1os. Ella ayuda asimismo a la creaci\u00f3n de <em>Patronatos<\/em> (tanto para chicos como para chicas) con el concurso de la Sociedad de San Vicente de Pa\u00fal y de los Hermanos de las Escuelas Cristianas. Para las muchachas que no pod\u00edan continuar sus estudios, crea <em>obradores.<\/em> Adem\u00e1s de las <em>casas-<\/em><em>cuna,<\/em> de las que ya hemos hablado, estableci\u00f3 <em>asilos,<\/em> casas de retiro prematuro. El Sr. Dinnat parece recapitularlo todo en este resumen sorprendente: <em>no hab\u00eda nada existente en el campo de la caridad, de la<\/em> <em>catequesis popular, de lo que esta humilde Hija de la Caridad no fuera<\/em> <em>iniciadora o una colaboradora ardiente solicitada<\/em>.<span id='easy-footnote-11-38557' class='easy-footnote-margin-adjust'><\/span><span class='easy-footnote'><a href='https:\/\/vincentians.com\/es\/martir-de-la-caridad-la-beata-sor-rosalie\/#easy-footnote-bottom-11-38557' title='Claude Dinnat: &lt;em&gt;Swur Rosalie Rendu ou l\u2019Amour \u00e0 l\u2019wuvre dans le Paris du&lt;\/em&gt; &lt;em&gt;XIXe si\u00e9cle,&lt;\/em&gt; p. 189.'><sup>11<\/sup><\/a><\/span>\n<p>He aqu\u00ed lo que hizo con su comunidad de ocho o doce Hermanas y el concurso transitorio de cuarenta y dos Hermanas en formaci\u00f3n cuyos nombres se conocen, dado que se le confiaban muchas postu\u00adlantes. Pasan los a\u00f1os. Napole\u00f3n III decide, por s\u00ed mismo, concederle la <em>Legi\u00f3n de Honor;<\/em> ella est\u00e1 dispuesta a rechazar tal galard\u00f3n perso\u00adnal, pero el P. \u00c9tienne, Superior General de los Sacerdotes de la Misi\u00f3n y de las Hijas de la Caridad, la obliga a aceptarlo.<\/p>\n<p>Estamos en 1854. Su salud se altera. Ella debe frenar sus activi\u00addades. Est\u00e1 pr\u00e1cticamente ciega por una catarata que, hoy, parecer\u00eda benigna. Se intentaron dos operaciones, en vano. El 4 de febrero de 1856 cogi\u00f3 un gran resfriado: el m\u00e9dico diagnostic\u00f3 una pleures\u00eda&#8230; siguieron unas horas de sufrimiento y el 6 recibi\u00f3 la unci\u00f3n de los enfermos. Al d\u00eda siguiente, 7 de febrero, pas\u00f3 \u00abdel sue\u00f1o al descanso eterno\u00bb.<span id='easy-footnote-12-38557' class='easy-footnote-margin-adjust'><\/span><span class='easy-footnote'><a href='https:\/\/vincentians.com\/es\/martir-de-la-caridad-la-beata-sor-rosalie\/#easy-footnote-bottom-12-38557' title='En franc\u00e9s: &lt;em&gt;du sommeil au repos.&lt;\/em&gt; (NdR).'><sup>12<\/sup><\/a><\/span><sup><br \/>\n<\/sup><\/p>\n<p>La consternaci\u00f3n fue general. Todo el barrio visit\u00f3 la capilla ardiente y la Prensa ofreci\u00f3 grandes titulares. El 9 de febrero se cele\u00adbraron los funerales. Una multitud inmensa se apretaba, emocionada, recogida, como hipnotizada siguiendo la cruz llevada por las calles de Par\u00eds, \u00a1qu\u00e9 s\u00edmbolo!, hasta el cementerio de Montparnasse. Un \u00fanico Lazarista sigui\u00f3 el cortejo. Tenemos mucho que meditar sobre este ostracismo oficial&#8230; Su cuerpo fue depositado en el recinto de las Hermanas y, unos meses m\u00e1s tarde, ante las b\u00fasquedas infructuosas del p\u00fablico, se cav\u00f3 una tumba cerca de la entrada principal; ella es visitada siempre y adornada con flores. \u00a1Como Dios, el pueblo sabe por instinto! En una losa muy sencilla, sobre la que campea una gran Cruz, est\u00e1n grabadas estas palabras: <em>A Sor Rosalie, sus amigos agrade\u00ad<\/em><em>cidos, los ricos y los pobres.<\/em><\/p>\n<p>Siempre fuera del tiempo, la Iglesia toma el suyo. El proceso ordi\u00adnario, del 20 de enero al 10 de febrero de 1953. El de Roma se abre el 24 de noviembre de 1953 y, el 9 de noviembre de 2003, Juan Pablo II proclama Beata a Sor Rosalie.<span id='easy-footnote-13-38557' class='easy-footnote-margin-adjust'><\/span><span class='easy-footnote'><a href='https:\/\/vincentians.com\/es\/martir-de-la-caridad-la-beata-sor-rosalie\/#easy-footnote-bottom-13-38557' title='Noticias de este evento pueden encontrarse en la edici\u00f3n de &lt;em&gt;Nuntia&lt;\/em&gt; de noviembre de 2003, con motivo de este hecho. (NdR'><sup>13<\/sup><\/a><\/span>)<\/p>\n<h2><strong>III. Un mensaje de actualidad<\/strong><\/h2>\n<p>\u00bfDe qu\u00e9 mensaje es ella portadora, hoy, para nosotros? Lo resumo en unas lecciones que cada uno puede prolongar en su meditaci\u00f3n.<\/p>\n<ol>\n<li><em>Primero, la oportunidad de<\/em> <em>una vida entregada.<\/em> Uno s\u00f3lo logra su vida en la medida en que se abre a los dem\u00e1s. Existir para los m\u00e1s pobres es la cima de la vida cristiana y de la vida vicenciana. Ella se une a la ense\u00f1anza de su Maestro, San Vicente de Pa\u00fal: <em>Hay<\/em> <em>que pasar del amor afectivo al<\/em> <em>amor efectivo, que consiste en el<\/em> <em>ejercicio de obras de caridad, en el<\/em> <em>servicio a los pobres emprendido<\/em> <em>con alegr\u00eda, con entusiasmo, con<\/em> <em>constancia y amor<\/em>.<span id='easy-footnote-14-38557' class='easy-footnote-margin-adjust'><\/span><span class='easy-footnote'><a href='https:\/\/vincentians.com\/es\/martir-de-la-caridad-la-beata-sor-rosalie\/#easy-footnote-bottom-14-38557' title='SV IX, 593 \/ ES IX, 534.'><sup>14<\/sup><\/a><\/span> Ella quiere llevar <em>el peso de los pobres,<\/em> llamarles por su nombre, amarles por s\u00ed mismos y por Jesucristo. Ella sabe, sin teorizar, que en ellos se oculta Cristo siempre sufriente y digno de amor y de respeto. Ella nos remite a esa visi\u00f3n que es portadora de nuestra verdadera bienaventuranza, como el Abate Pierre que no hace sino repetir su mensaje, sac\u00e1ndo\u00adnos de nuestras pantuflas y lanz\u00e1ndonos esta orden evang\u00e9lica: <em>Renunciemos tal vez a una parcela de bienestar para hacer un sitio a<\/em> <em>quienes no la tienen. Esto no nos har\u00e1 perder la nuestra sino que la har\u00e1<\/em> <em>m\u00e1s digna<\/em>.<span id='easy-footnote-15-38557' class='easy-footnote-margin-adjust'><\/span><span class='easy-footnote'><a href='https:\/\/vincentians.com\/es\/martir-de-la-caridad-la-beata-sor-rosalie\/#easy-footnote-bottom-15-38557' title='&lt;em&gt;Nouvel Appel des cinquante ans de l\u2019Appel de l\u2019hiver 44.&lt;\/em&gt;'><sup>15<\/sup><\/a><\/span> <em>Ella est\u00e1 enteramente entregada al servicio de los pobres<\/em> hasta el exceso y, en esto, ella es el icono de Jesucristo, viviendo el amor <em>hasta el extremo.<\/em><\/li>\n<li><em>Esta mujer<\/em> \u2014 y es interesante insistir, hoy, en este sustantivo <em>mujer<\/em> \u2014 <em>nos ense\u00f1a tambi\u00e9n a responsabilizar a los dem\u00e1s.<\/em> Con su com\u00adpromiso junto a los pobres del barrio Mouffetard es todo un conjunto el que se instaura. Pobres, ricos, intelectuales, gente de la base, hom\u00adbres, mujeres, todo el mundo es requerido. Ella nos ense\u00f1a, de este modo, a trabajar en red. Sabemos, hoy, que las acciones de m\u00e1s \u00e9xito son las colectivas. Las asociaciones est\u00e1n ah\u00ed para probarlo. Permi\u00adtiendo a unos j\u00f3venes reunirse para dar sentido a su fe, mediante el nacimiento de la <em>Sociedad de San Vicente de Pa\u00fal,<\/em> Sor Rosalie viene a ser testigo y gu\u00eda para nuestro tiempo. Y que reine por encima de todo el respeto. La dignidad precede a la asistencia. A las Hermanas de su comunidad, a los j\u00f3venes estudiantes de la Sorbonne que vienen en su ayuda, ella les explica sin descanso: <em>Acordaos de que el pobre es a\u00fan<\/em> <em>m\u00e1s sensible al buen trato que a las limosnas. Uno de los grandes medios<\/em> <em>de acci\u00f3n sobre \u00e9l, es la consideraci\u00f3n que se le muestra. Incluso cuando<\/em> <em>teng\u00e1is alg\u00fan reproche que hacerle, evitad, con sumo cuidado, toda pala\u00ad<\/em><em>bra injuriosa o de desprecio.<\/em><\/li>\n<li><em>Ella trasmite un testimonio prof\u00e9tico.<\/em> Fue un contexto de muer\u00adtes, de violencias, de miseria, aquel donde vivi\u00f3 Sor Rosalie, pero ella comparti\u00f3 constantemente las alegr\u00edas y los sufrimientos de su tiempo. Ella vivi\u00f3 lo que dice Juan Pablo II, en su documento sobre vida consagrada: \u00abEn nuestro mundo, en el que parece haberse per\u00addido el rastro de Dios, es urgente un audaz testimonio prof\u00e9tico por parte de las personas consagradas. [&#8230;] Una especial fuerza persuasiva de la profec\u00eda deriva de la <em>coherencia entre el anuncio y la vida<\/em>\u00ab.<span id='easy-footnote-16-38557' class='easy-footnote-margin-adjust'><\/span><span class='easy-footnote'><a href='https:\/\/vincentians.com\/es\/martir-de-la-caridad-la-beata-sor-rosalie\/#easy-footnote-bottom-16-38557' title='JUAN PABLO II,&lt;em&gt; Vita Consecrata,&lt;\/em&gt; n\u00ba 85.'><sup>16<\/sup><\/a><\/span><\/li>\n<li><em>Sor Rosalie nos convoca a la inventiva.<\/em> Es, tal vez, en este punto donde ella se asemeja m\u00e1s a San Vicente y a Santa Luisa. Estos dos santos, fieles al acontecimiento y a las necesidades de los pobres, apor\u00adtaron siempre respuestas apropiadas a los requerimientos de su tiempo; lo mismo se puede decir de la Hermana del barrio Mouffetard. Ella inventa, concibe, crea, realiza; tan pronto ve una necesidad, le da una respuesta apropiada, aceptando el riesgo de molestar a los oficia\u00adles, a los superiores, e incluso contrariarles. Ella s\u00f3lo conoce las nece\u00adsidades de los pobres y ella sabe que <em>la caridad est\u00e1 por encima de toda<\/em> <em>regla.<\/em> En esto, ella es profundamente vicenciana. \u00bfQui\u00e9n podr\u00eda olvi\u00addar a San Vicente pagando, con un exilio de seis meses, las verdades cantadas al Cardenal Primer Ministro o su destituci\u00f3n del Consejo de Conciencia o tambi\u00e9n sus dificultades con los p\u00e1rrocos de Par\u00eds? La verdadera caridad es siempre molesta y desestabilizadora. \u00a1Los pobres impiden dormir a la gente honrada!<\/li>\n<li><em>\u00bfQui\u00e9n podr\u00eda olvidar que Sor Rosalie fue un alma de oraci\u00f3n y<\/em> <em>que nos hace volver de rodillas a la contemplaci\u00f3n de Cristo?<\/em> Como ver\u00addadera Hija de la Caridad, ella se abisma, a diario, en la oraci\u00f3n y se encuentra de buen grado en la capilla sea para los ejercicios comuni\u00adtarios, sea para la Eucarist\u00eda cotidiana. Ella conoce el <em>dejar a Dios por<\/em> <em>Dios<\/em> de San Vicente, pero, presentada una urgencia, ella se apresura a decir: <em>\u00a1Comencemos nuestra oraci\u00f3n!<\/em> Muchas Hermanas hablan de su terquedad en la oraci\u00f3n y, sobre todo, de su ense\u00f1anza. Aquella Hermana, que era asimismo Hermana Sirviente y que no ten\u00eda una gran instrucci\u00f3n, sab\u00eda <em>dar la lecci\u00f3n y excitar a la virtud.<\/em> Ella pon\u00eda, en pri\u00admera fila, la humildad, la caridad y la sencillez. Ella gustaba de decir que hab\u00eda que ser cristiana antes que Hija de la Caridad. En esto y en cuanto a la vida fraterna, ella fue una excelente formadora. Ella nos invita a una renovaci\u00f3n de la vida comunitaria. Se trata ciertamente de servir, pero de servir juntos, como c\u00e9lula de Iglesia, para el benepl\u00e1cito de Dios, contemplado en sus amigos preferidos, \u00a1los pobres!<\/li>\n<\/ol>\n<p style=\"text-align: center\">* * * * * *<\/p>\n<p>La caridad fue su combate. Por ella, sufri\u00f3 mucho y fue m\u00e1rtir. Ella nos remite a lo mejor de nuestra vocaci\u00f3n: laicos, sacerdotes, con\u00adsagrados, estamos llamados a imitarla. Todo m\u00e1rtir es profeta y todo profeta tira hacia lo alto. Sor Rosalie nos invita a la superaci\u00f3n en el seguimiento de Cristo Servidor \u00a1elevado a la gloria!<\/p>\n<p>Perm\u00edtaseme concluir con palabras de <strong><em>Sor \u00c9lizabeth Charpy,<\/em><\/strong> quien ha escrito, sobre ella, estas l\u00edneas capaces de impregnar:<\/p>\n<p><em>La inmensa caridad de Sor Rosalie, reconocida por todos,<\/em> <em>encontr\u00f3 su fuente, al mismo tiempo, en su fe en Cristo encar\u00adnado y en la riqueza de su humanidad. Su encuentro con todas<\/em> <em>las clases de la sociedad permiti\u00f3 a muchos descubrir la reali\u00addad de la miseria y de la insuficiencia de la <strong>\u2018caridad tradicio\u00ad<\/strong><\/em><strong><em>nal\u2019.<\/em><\/strong><em> Sor Rosalie concurri\u00f3 de este modo a la aparici\u00f3n del<\/em> <em>catolicismo social que denunciar\u00eda la condici\u00f3n obrera como<\/em> <em>una nueva esclavitud y la reducci\u00f3n del obrero al estado de<\/em> <em>m\u00e1quina&#8230; Toda acci\u00f3n social arraiga en la m\u00edstica evang\u00e9lica.<\/em><\/p>\n<p>He aqu\u00ed la agudeza de su mensaje para hoy: toda nuestra acci\u00f3n vicenciana s\u00f3lo puede ser evang\u00e9lica.<\/p>\n<p style=\"text-align: center\">* * * * * *<\/p>\n<h2><strong>Breve nota bibliogr\u00e1fica<\/strong><\/h2>\n<ul>\n<li>ARMAND DE MELUN,<em> Vie de la s\u0153ur Rosalie, Fille de la Charit\u00e9,<\/em> Par\u00eds, J. de Gigord, 1857.<\/li>\n<li>HENRI DESMET, C.M.,<em> S\u0153ur Rosalie, une fille de la Charit\u00e9. Cinquante<\/em> <em>ans d\u2019apostolat au quartier Mouffetard,<\/em> Par\u00eds, Pierre Kr\u00e9mer, 1950.<\/li>\n<li>G\u00c9RARD CHOLVY &#8211; FR\u00c9D\u00c9RIC OZANAM,<em> L\u2019engagement d\u2019un intellectuel<\/em> <em>catholique au XIX<sup>e<\/sup> si\u00e8cle,<\/em> Par\u00eds, \u00c9ditions Fayard, 2003.<\/li>\n<li><\/li>\n<li>CLAUDE DINNAT,<em> S\u0153ur Rosalie Rendu ou l\u2019Amour \u00e0 l\u2019\u0153uvre dans le Paris<\/em> <em>du XIX<sup>e<\/sup> si\u00e8cle,<\/em> Par\u00eds, L\u2019Harmattan, 2001. <em>Gracias sean dadas al Sr. Dinnat<\/em> <em>de quien somos ampliamente deudores.<\/em> <em>Al final de su obra, encontrar\u00e1n una selecci\u00f3n de libros m\u00e1s extensa.<\/em><\/li>\n<\/ul>\n","protected":false},"excerpt":{"rendered":"<p>\u00ab\u00a1M\u00e1rtir de la caridad!\u00bb. La expresi\u00f3n es de San Vicente. Hablaba un d\u00eda a las Hijas de la Caridad, de Sor Marie-Joseph d\u2019\u00c9tampes, una de las primeras, y dijo: Esa buena hermana puede ser llamada &#8230; <a href=\"https:\/\/vincentians.com\/es\/martir-de-la-caridad-la-beata-sor-rosalie\/\" class=\"more-link\">Read More<\/a><\/p>\n","protected":false},"author":4,"featured_media":387055,"comment_status":"open","ping_status":"open","sticky":false,"template":"","format":"standard","meta":{"jetpack_post_was_ever_published":false,"_jetpack_newsletter_access":"","_jetpack_dont_email_post_to_subs":false,"_jetpack_newsletter_tier_id":0,"_jetpack_memberships_contains_paywalled_content":false,"_jetpack_memberships_contains_paid_content":false,"footnotes":"","jetpack_publicize_message":"","jetpack_publicize_feature_enabled":true,"jetpack_social_post_already_shared":true,"jetpack_social_options":{"image_generator_settings":{"template":"highway","default_image_id":0,"font":"","enabled":false},"version":2}},"categories":[245],"tags":[168,164,246,247],"class_list":["post-38557","post","type-post","status-publish","format-standard","has-post-thumbnail","hentry","category-rosalia-rendu","tag-argel","tag-bailly","tag-charpy","tag-desmet"],"yoast_head":"<!-- This site is optimized with the Yoast SEO plugin v26.3 - https:\/\/yoast.com\/wordpress\/plugins\/seo\/ -->\n<title>M\u00e1rtir de la Caridad: la Beata sor Rosalie - Somos Vicencianos<\/title>\n<meta name=\"robots\" content=\"index, follow, max-snippet:-1, max-image-preview:large, max-video-preview:-1\" \/>\n<link rel=\"canonical\" href=\"https:\/\/vincentians.com\/es\/martir-de-la-caridad-la-beata-sor-rosalie\/\" \/>\n<meta property=\"og:locale\" content=\"es_ES\" \/>\n<meta property=\"og:type\" content=\"article\" \/>\n<meta property=\"og:title\" content=\"M\u00e1rtir de la Caridad: la Beata sor Rosalie - Somos Vicencianos\" \/>\n<meta property=\"og:description\" content=\"\u00ab\u00a1M\u00e1rtir de la caridad!\u00bb. La expresi\u00f3n es de San Vicente. Hablaba un d\u00eda a las Hijas de la Caridad, de Sor Marie-Joseph d\u2019\u00c9tampes, una de las primeras, y dijo: Esa buena hermana puede ser llamada ... Read More\" \/>\n<meta property=\"og:url\" content=\"https:\/\/vincentians.com\/es\/martir-de-la-caridad-la-beata-sor-rosalie\/\" \/>\n<meta property=\"og:site_name\" content=\"Somos Vicencianos\" \/>\n<meta property=\"article:publisher\" content=\"https:\/\/www.facebook.com\/WeAreVincentians\/\" \/>\n<meta property=\"article:author\" content=\"https:\/\/www.facebook.com\/JavierChento\" \/>\n<meta property=\"article:published_time\" content=\"2016-02-07T13:30:06+00:00\" \/>\n<meta name=\"author\" content=\"Francisco Javier Fern\u00e1ndez Chento\" \/>\n<meta name=\"twitter:card\" content=\"summary_large_image\" \/>\n<meta name=\"twitter:creator\" content=\"@https:\/\/twitter.com\/javierchento\" \/>\n<meta name=\"twitter:site\" content=\"@WeVincentians\" \/>\n<meta name=\"twitter:label1\" content=\"Escrito por\" \/>\n\t<meta name=\"twitter:data1\" content=\"Francisco Javier Fern\u00e1ndez Chento\" \/>\n\t<meta name=\"twitter:label2\" content=\"Tiempo de lectura\" \/>\n\t<meta name=\"twitter:data2\" content=\"27 minutos\" \/>\n<script type=\"application\/ld+json\" class=\"yoast-schema-graph\">{\"@context\":\"https:\/\/schema.org\",\"@graph\":[{\"@type\":\"Article\",\"@id\":\"https:\/\/vincentians.com\/es\/martir-de-la-caridad-la-beata-sor-rosalie\/#article\",\"isPartOf\":{\"@id\":\"https:\/\/vincentians.com\/es\/martir-de-la-caridad-la-beata-sor-rosalie\/\"},\"author\":{\"name\":\"Francisco Javier Fern\u00e1ndez Chento\",\"@id\":\"http:\/\/vincentians.com\/es\/#\/schema\/person\/9623ef4d9aa3b2dfb8c061f1499288f2\"},\"headline\":\"M\u00e1rtir de la Caridad: la Beata sor Rosalie\",\"datePublished\":\"2016-02-07T13:30:06+00:00\",\"mainEntityOfPage\":{\"@id\":\"https:\/\/vincentians.com\/es\/martir-de-la-caridad-la-beata-sor-rosalie\/\"},\"wordCount\":5444,\"commentCount\":0,\"publisher\":{\"@id\":\"http:\/\/vincentians.com\/es\/#organization\"},\"image\":{\"@id\":\"https:\/\/vincentians.com\/es\/martir-de-la-caridad-la-beata-sor-rosalie\/#primaryimage\"},\"thumbnailUrl\":\"\",\"keywords\":[\"Argel\",\"Bailly\",\"Charpy\",\"Desmet\"],\"articleSection\":[\"Rosal\u00eda Rendu\"],\"inLanguage\":\"es\",\"potentialAction\":[{\"@type\":\"CommentAction\",\"name\":\"Comment\",\"target\":[\"https:\/\/vincentians.com\/es\/martir-de-la-caridad-la-beata-sor-rosalie\/#respond\"]}]},{\"@type\":\"WebPage\",\"@id\":\"https:\/\/vincentians.com\/es\/martir-de-la-caridad-la-beata-sor-rosalie\/\",\"url\":\"https:\/\/vincentians.com\/es\/martir-de-la-caridad-la-beata-sor-rosalie\/\",\"name\":\"M\u00e1rtir de la Caridad: la Beata sor Rosalie - Somos Vicencianos\",\"isPartOf\":{\"@id\":\"http:\/\/vincentians.com\/es\/#website\"},\"primaryImageOfPage\":{\"@id\":\"https:\/\/vincentians.com\/es\/martir-de-la-caridad-la-beata-sor-rosalie\/#primaryimage\"},\"image\":{\"@id\":\"https:\/\/vincentians.com\/es\/martir-de-la-caridad-la-beata-sor-rosalie\/#primaryimage\"},\"thumbnailUrl\":\"\",\"datePublished\":\"2016-02-07T13:30:06+00:00\",\"breadcrumb\":{\"@id\":\"https:\/\/vincentians.com\/es\/martir-de-la-caridad-la-beata-sor-rosalie\/#breadcrumb\"},\"inLanguage\":\"es\",\"potentialAction\":[{\"@type\":\"ReadAction\",\"target\":[\"https:\/\/vincentians.com\/es\/martir-de-la-caridad-la-beata-sor-rosalie\/\"]}]},{\"@type\":\"ImageObject\",\"inLanguage\":\"es\",\"@id\":\"https:\/\/vincentians.com\/es\/martir-de-la-caridad-la-beata-sor-rosalie\/#primaryimage\",\"url\":\"\",\"contentUrl\":\"\"},{\"@type\":\"BreadcrumbList\",\"@id\":\"https:\/\/vincentians.com\/es\/martir-de-la-caridad-la-beata-sor-rosalie\/#breadcrumb\",\"itemListElement\":[{\"@type\":\"ListItem\",\"position\":1,\"name\":\"Portada\",\"item\":\"http:\/\/vincentians.com\/es\/\"},{\"@type\":\"ListItem\",\"position\":2,\"name\":\"M\u00e1rtir de la Caridad: la Beata sor Rosalie\"}]},{\"@type\":\"WebSite\",\"@id\":\"http:\/\/vincentians.com\/es\/#website\",\"url\":\"http:\/\/vincentians.com\/es\/\",\"name\":\"Somos Vicencianos\",\"description\":\"Know more to serve more\",\"publisher\":{\"@id\":\"http:\/\/vincentians.com\/es\/#organization\"},\"potentialAction\":[{\"@type\":\"SearchAction\",\"target\":{\"@type\":\"EntryPoint\",\"urlTemplate\":\"http:\/\/vincentians.com\/es\/?s={search_term_string}\"},\"query-input\":{\"@type\":\"PropertyValueSpecification\",\"valueRequired\":true,\"valueName\":\"search_term_string\"}}],\"inLanguage\":\"es\"},{\"@type\":\"Organization\",\"@id\":\"http:\/\/vincentians.com\/es\/#organization\",\"name\":\"The Vincentian Network\",\"url\":\"http:\/\/vincentians.com\/es\/\",\"logo\":{\"@type\":\"ImageObject\",\"inLanguage\":\"es\",\"@id\":\"http:\/\/vincentians.com\/es\/#\/schema\/logo\/image\/\",\"url\":\"https:\/\/i1.wp.com\/vincentians.com\/es\/wp-content\/uploads\/sites\/11\/2016\/06\/Vincentian-Network-logo-big.png?fit=778%2C778\",\"contentUrl\":\"https:\/\/i1.wp.com\/vincentians.com\/es\/wp-content\/uploads\/sites\/11\/2016\/06\/Vincentian-Network-logo-big.png?fit=778%2C778\",\"width\":778,\"height\":778,\"caption\":\"The Vincentian Network\"},\"image\":{\"@id\":\"http:\/\/vincentians.com\/es\/#\/schema\/logo\/image\/\"},\"sameAs\":[\"https:\/\/www.facebook.com\/WeAreVincentians\/\",\"https:\/\/x.com\/WeVincentians\"]},{\"@type\":\"Person\",\"@id\":\"http:\/\/vincentians.com\/es\/#\/schema\/person\/9623ef4d9aa3b2dfb8c061f1499288f2\",\"name\":\"Francisco Javier Fern\u00e1ndez Chento\",\"image\":{\"@type\":\"ImageObject\",\"inLanguage\":\"es\",\"@id\":\"http:\/\/vincentians.com\/es\/#\/schema\/person\/image\/\",\"url\":\"https:\/\/secure.gravatar.com\/avatar\/497d5cde87b4c3d097d0315953521681ba2cd523ee66e5077c3711f7021e65de?s=96&d=mm&r=g\",\"contentUrl\":\"https:\/\/secure.gravatar.com\/avatar\/497d5cde87b4c3d097d0315953521681ba2cd523ee66e5077c3711f7021e65de?s=96&d=mm&r=g\",\"caption\":\"Francisco Javier Fern\u00e1ndez Chento\"},\"description\":\"Director General y cofundador de La Red de Formaci\u00f3n Vicenciana. Javier es laico vicenciano, afiliado a la Congregaci\u00f3n de la Misi\u00f3n y miembro del Equipo de Misiones Populares de la provincia can\u00f3nica de Zaragoza (Espa\u00f1a) de la Congregaci\u00f3n de la Misi\u00f3n. Graduado en la Universidad Oberta de Catalunya con cuatro grados (Asistente de direcci\u00f3n, Gesti\u00f3n Administrativa, Recursos Humanos y Contabilidad Avanzada). Bil\u00edng\u00fce Espa\u00f1ol\/Ingl\u00e9s. gestiona y mantiene varias p\u00e1ginas web cristianas y vicencianas, incluida including La Red de Formaci\u00f3n Vicenciana, de la que es cofundador. Actualmente es responsable del \u00e1rea de Espa\u00f1ol de .famvin, la Red de Noticias de la Familia Vicenciana. Tambi\u00e9n es m\u00fasico cat\u00f3lico y ha editado varios discos. Es Director General y cofundador de Trovador, una reconocida compa\u00f1\u00eda discogr\u00e1fica critiana de Espa\u00f1a. Trabaja en las Tecnolog\u00edas de la Informaci\u00f3n, ofreciendo servicios de alojamiento, dise\u00f1o y mantenimiento Web, as\u00ed como asesoramiento, formaci\u00f3n y soluciones inform\u00e1ticas, gesti\u00f3n documental y digitalizaci\u00f3n de textos, edici\u00f3n y maquetaci\u00f3n de libros, revistas, flyers, etc.\",\"sameAs\":[\"http:\/\/chento.org\",\"https:\/\/www.facebook.com\/JavierChento\",\"https:\/\/x.com\/https:\/\/twitter.com\/javierchento\"],\"url\":\"https:\/\/vincentians.com\/es\/author\/chento\/\"}]}<\/script>\n<!-- \/ Yoast SEO plugin. -->","yoast_head_json":{"title":"M\u00e1rtir de la Caridad: la Beata sor Rosalie - Somos Vicencianos","robots":{"index":"index","follow":"follow","max-snippet":"max-snippet:-1","max-image-preview":"max-image-preview:large","max-video-preview":"max-video-preview:-1"},"canonical":"https:\/\/vincentians.com\/es\/martir-de-la-caridad-la-beata-sor-rosalie\/","og_locale":"es_ES","og_type":"article","og_title":"M\u00e1rtir de la Caridad: la Beata sor Rosalie - Somos Vicencianos","og_description":"\u00ab\u00a1M\u00e1rtir de la caridad!\u00bb. La expresi\u00f3n es de San Vicente. Hablaba un d\u00eda a las Hijas de la Caridad, de Sor Marie-Joseph d\u2019\u00c9tampes, una de las primeras, y dijo: Esa buena hermana puede ser llamada ... Read More","og_url":"https:\/\/vincentians.com\/es\/martir-de-la-caridad-la-beata-sor-rosalie\/","og_site_name":"Somos Vicencianos","article_publisher":"https:\/\/www.facebook.com\/WeAreVincentians\/","article_author":"https:\/\/www.facebook.com\/JavierChento","article_published_time":"2016-02-07T13:30:06+00:00","author":"Francisco Javier Fern\u00e1ndez Chento","twitter_card":"summary_large_image","twitter_creator":"@https:\/\/twitter.com\/javierchento","twitter_site":"@WeVincentians","twitter_misc":{"Escrito por":"Francisco Javier Fern\u00e1ndez Chento","Tiempo de lectura":"27 minutos"},"schema":{"@context":"https:\/\/schema.org","@graph":[{"@type":"Article","@id":"https:\/\/vincentians.com\/es\/martir-de-la-caridad-la-beata-sor-rosalie\/#article","isPartOf":{"@id":"https:\/\/vincentians.com\/es\/martir-de-la-caridad-la-beata-sor-rosalie\/"},"author":{"name":"Francisco Javier Fern\u00e1ndez Chento","@id":"http:\/\/vincentians.com\/es\/#\/schema\/person\/9623ef4d9aa3b2dfb8c061f1499288f2"},"headline":"M\u00e1rtir de la Caridad: la Beata sor Rosalie","datePublished":"2016-02-07T13:30:06+00:00","mainEntityOfPage":{"@id":"https:\/\/vincentians.com\/es\/martir-de-la-caridad-la-beata-sor-rosalie\/"},"wordCount":5444,"commentCount":0,"publisher":{"@id":"http:\/\/vincentians.com\/es\/#organization"},"image":{"@id":"https:\/\/vincentians.com\/es\/martir-de-la-caridad-la-beata-sor-rosalie\/#primaryimage"},"thumbnailUrl":"","keywords":["Argel","Bailly","Charpy","Desmet"],"articleSection":["Rosal\u00eda Rendu"],"inLanguage":"es","potentialAction":[{"@type":"CommentAction","name":"Comment","target":["https:\/\/vincentians.com\/es\/martir-de-la-caridad-la-beata-sor-rosalie\/#respond"]}]},{"@type":"WebPage","@id":"https:\/\/vincentians.com\/es\/martir-de-la-caridad-la-beata-sor-rosalie\/","url":"https:\/\/vincentians.com\/es\/martir-de-la-caridad-la-beata-sor-rosalie\/","name":"M\u00e1rtir de la Caridad: la Beata sor Rosalie - Somos Vicencianos","isPartOf":{"@id":"http:\/\/vincentians.com\/es\/#website"},"primaryImageOfPage":{"@id":"https:\/\/vincentians.com\/es\/martir-de-la-caridad-la-beata-sor-rosalie\/#primaryimage"},"image":{"@id":"https:\/\/vincentians.com\/es\/martir-de-la-caridad-la-beata-sor-rosalie\/#primaryimage"},"thumbnailUrl":"","datePublished":"2016-02-07T13:30:06+00:00","breadcrumb":{"@id":"https:\/\/vincentians.com\/es\/martir-de-la-caridad-la-beata-sor-rosalie\/#breadcrumb"},"inLanguage":"es","potentialAction":[{"@type":"ReadAction","target":["https:\/\/vincentians.com\/es\/martir-de-la-caridad-la-beata-sor-rosalie\/"]}]},{"@type":"ImageObject","inLanguage":"es","@id":"https:\/\/vincentians.com\/es\/martir-de-la-caridad-la-beata-sor-rosalie\/#primaryimage","url":"","contentUrl":""},{"@type":"BreadcrumbList","@id":"https:\/\/vincentians.com\/es\/martir-de-la-caridad-la-beata-sor-rosalie\/#breadcrumb","itemListElement":[{"@type":"ListItem","position":1,"name":"Portada","item":"http:\/\/vincentians.com\/es\/"},{"@type":"ListItem","position":2,"name":"M\u00e1rtir de la Caridad: la Beata sor Rosalie"}]},{"@type":"WebSite","@id":"http:\/\/vincentians.com\/es\/#website","url":"http:\/\/vincentians.com\/es\/","name":"Somos Vicencianos","description":"Know more to serve more","publisher":{"@id":"http:\/\/vincentians.com\/es\/#organization"},"potentialAction":[{"@type":"SearchAction","target":{"@type":"EntryPoint","urlTemplate":"http:\/\/vincentians.com\/es\/?s={search_term_string}"},"query-input":{"@type":"PropertyValueSpecification","valueRequired":true,"valueName":"search_term_string"}}],"inLanguage":"es"},{"@type":"Organization","@id":"http:\/\/vincentians.com\/es\/#organization","name":"The Vincentian Network","url":"http:\/\/vincentians.com\/es\/","logo":{"@type":"ImageObject","inLanguage":"es","@id":"http:\/\/vincentians.com\/es\/#\/schema\/logo\/image\/","url":"https:\/\/i1.wp.com\/vincentians.com\/es\/wp-content\/uploads\/sites\/11\/2016\/06\/Vincentian-Network-logo-big.png?fit=778%2C778","contentUrl":"https:\/\/i1.wp.com\/vincentians.com\/es\/wp-content\/uploads\/sites\/11\/2016\/06\/Vincentian-Network-logo-big.png?fit=778%2C778","width":778,"height":778,"caption":"The Vincentian Network"},"image":{"@id":"http:\/\/vincentians.com\/es\/#\/schema\/logo\/image\/"},"sameAs":["https:\/\/www.facebook.com\/WeAreVincentians\/","https:\/\/x.com\/WeVincentians"]},{"@type":"Person","@id":"http:\/\/vincentians.com\/es\/#\/schema\/person\/9623ef4d9aa3b2dfb8c061f1499288f2","name":"Francisco Javier Fern\u00e1ndez Chento","image":{"@type":"ImageObject","inLanguage":"es","@id":"http:\/\/vincentians.com\/es\/#\/schema\/person\/image\/","url":"https:\/\/secure.gravatar.com\/avatar\/497d5cde87b4c3d097d0315953521681ba2cd523ee66e5077c3711f7021e65de?s=96&d=mm&r=g","contentUrl":"https:\/\/secure.gravatar.com\/avatar\/497d5cde87b4c3d097d0315953521681ba2cd523ee66e5077c3711f7021e65de?s=96&d=mm&r=g","caption":"Francisco Javier Fern\u00e1ndez Chento"},"description":"Director General y cofundador de La Red de Formaci\u00f3n Vicenciana. Javier es laico vicenciano, afiliado a la Congregaci\u00f3n de la Misi\u00f3n y miembro del Equipo de Misiones Populares de la provincia can\u00f3nica de Zaragoza (Espa\u00f1a) de la Congregaci\u00f3n de la Misi\u00f3n. Graduado en la Universidad Oberta de Catalunya con cuatro grados (Asistente de direcci\u00f3n, Gesti\u00f3n Administrativa, Recursos Humanos y Contabilidad Avanzada). Bil\u00edng\u00fce Espa\u00f1ol\/Ingl\u00e9s. gestiona y mantiene varias p\u00e1ginas web cristianas y vicencianas, incluida including La Red de Formaci\u00f3n Vicenciana, de la que es cofundador. Actualmente es responsable del \u00e1rea de Espa\u00f1ol de .famvin, la Red de Noticias de la Familia Vicenciana. Tambi\u00e9n es m\u00fasico cat\u00f3lico y ha editado varios discos. Es Director General y cofundador de Trovador, una reconocida compa\u00f1\u00eda discogr\u00e1fica critiana de Espa\u00f1a. Trabaja en las Tecnolog\u00edas de la Informaci\u00f3n, ofreciendo servicios de alojamiento, dise\u00f1o y mantenimiento Web, as\u00ed como asesoramiento, formaci\u00f3n y soluciones inform\u00e1ticas, gesti\u00f3n documental y digitalizaci\u00f3n de textos, edici\u00f3n y maquetaci\u00f3n de libros, revistas, flyers, etc.","sameAs":["http:\/\/chento.org","https:\/\/www.facebook.com\/JavierChento","https:\/\/x.com\/https:\/\/twitter.com\/javierchento"],"url":"https:\/\/vincentians.com\/es\/author\/chento\/"}]}},"jetpack_publicize_connections":[],"jetpack_featured_media_url":"","jetpack_sharing_enabled":true,"jetpack_shortlink":"https:\/\/wp.me\/p7ETMF-a1T","jetpack-related-posts":[{"id":143683,"url":"https:\/\/vincentians.com\/es\/federico-ozanam-y-sor-rosalia-rendu-un-encuentro-providencial\/","url_meta":{"origin":38557,"position":0},"title":"Federico Ozanam y Sor Rosal\u00eda Rendu, un encuentro providencial","author":"Francisco Javier Fern\u00e1ndez Chento","date":"09\/09\/2024","format":false,"excerpt":"En su carta enc\u00edclica Deus Caritas est, el Papa Benedicto XVI afirma: \u201cse comienza a ser cristiano\u2026 por el encuentro con un acontecimiento, con una Persona, que da un nuevo horizonte a la vida y, con ello, una orientaci\u00f3n decisiva.\u201d El Santo Padre habla aqu\u00ed del encuentro con el Verbo\u2026","rel":"","context":"En \u00abFederico Ozanam\u00bb","block_context":{"text":"Federico Ozanam","link":"https:\/\/vincentians.com\/es\/category\/la-familia-vicenciana\/fundadores\/federico-ozanam\/"},"img":{"alt_text":"","src":"https:\/\/i0.wp.com\/vincentians.com\/es\/wp-content\/uploads\/sites\/11\/2017\/10\/hijas-caridad1.jpg?fit=846%2C446&ssl=1&resize=350%2C200","width":350,"height":200,"srcset":"https:\/\/i0.wp.com\/vincentians.com\/es\/wp-content\/uploads\/sites\/11\/2017\/10\/hijas-caridad1.jpg?fit=846%2C446&ssl=1&resize=350%2C200 1x, https:\/\/i0.wp.com\/vincentians.com\/es\/wp-content\/uploads\/sites\/11\/2017\/10\/hijas-caridad1.jpg?fit=846%2C446&ssl=1&resize=525%2C300 1.5x, https:\/\/i0.wp.com\/vincentians.com\/es\/wp-content\/uploads\/sites\/11\/2017\/10\/hijas-caridad1.jpg?fit=846%2C446&ssl=1&resize=700%2C400 2x"},"classes":[]},{"id":120718,"url":"https:\/\/vincentians.com\/es\/sor-rosalia-rendu-3\/","url_meta":{"origin":38557,"position":1},"title":"Sor Rosal\u00eda Rendu","author":"Francisco Javier Fern\u00e1ndez Chento","date":"20\/05\/2013","format":false,"excerpt":"Cada vez que nos asomamos a la vida de Sor Rosal\u00eda nos invade el asombro. \u00bfC\u00f3mo pudo una mujer sencilla, de origen humilde y fr\u00e1gil de salud desplegar tanta y tan variada actividad? Algunos datos biogr\u00e1ficos Sor Rosal\u00eda nace el 9 de septiembre de 1786 en Confort, Jura. Sus padres,\u2026","rel":"","context":"En \u00abRosal\u00eda Rendu\u00bb","block_context":{"text":"Rosal\u00eda Rendu","link":"https:\/\/vincentians.com\/es\/category\/la-familia-vicenciana\/la-familia-vicenciana-en-los-altares\/beatos\/rosalia-rendu\/"},"img":{"alt_text":"Sor-Rosalia-Rendu","src":"https:\/\/i0.wp.com\/vicencianos.org\/wp-content\/2010\/12\/Sor-Rosalia-Rendu-253x300.jpg?resize=350%2C200","width":350,"height":200},"classes":[]},{"id":143163,"url":"https:\/\/vincentians.com\/es\/vidas-que-cambian-vidas-los-martires-de-espana\/","url_meta":{"origin":38557,"position":2},"title":"Vidas que cambian vidas: los m\u00e1rtires de Espa\u00f1a","author":"Francisco Javier Fern\u00e1ndez Chento","date":"16\/04\/2015","format":false,"excerpt":"Introducci\u00f3n \u201cDefender y custodiar la vida\u201d es el tema del a\u00f1o elegido para los Colegios de las Hijas de la Caridad en Espa\u00f1a. El lema que lo ilustra \u00a1Todo por la vida! La Comisi\u00f3n interprovincial de Hermanas ha elaborado para los alumnos y los profesores un material educativo, pedag\u00f3gico y\u2026","rel":"","context":"En \u00abTestigos vicencianos\u00bb","block_context":{"text":"Testigos vicencianos","link":"https:\/\/vincentians.com\/es\/category\/la-familia-vicenciana\/testigos-vicencianos\/"},"img":{"alt_text":"martires hijas de la caridad 2013","src":"https:\/\/i0.wp.com\/vicencianos.org\/wp-content\/2015\/04\/martires-hijas-de-la-caridad-2013-456x1024.jpg?resize=350%2C200","width":350,"height":200},"classes":[]},{"id":29030,"url":"https:\/\/vincentians.com\/es\/sor-rosalia-rendu-el-fuego-de-la-caridad\/","url_meta":{"origin":38557,"position":3},"title":"Sor Rosal\u00eda Rendu, el fuego de la caridad","author":"Francisco Javier Fern\u00e1ndez Chento","date":"07\/02\/2024","format":false,"excerpt":"Las Hijas de la Caridad de San Vicente de Pa\u00fal, fundadas en 1633 en Par\u00eds, gozamos de un gran privilegio al tener en los altares a nuestros fundadores San Vicente de Pa\u00fal, canonizado por el Papa Clemente XIII en 1737, Santa Luisa de Marillac, canonizada por P\u00edo XI en 1920,\u2026","rel":"","context":"En \u00abRosal\u00eda Rendu\u00bb","block_context":{"text":"Rosal\u00eda Rendu","link":"https:\/\/vincentians.com\/es\/category\/la-familia-vicenciana\/la-familia-vicenciana-en-los-altares\/beatos\/rosalia-rendu\/"},"img":{"alt_text":"","src":"https:\/\/i0.wp.com\/vincentians.com\/es\/wp-content\/uploads\/sites\/11\/2013\/04\/36.jpg?fit=1200%2C795&ssl=1&resize=350%2C200","width":350,"height":200,"srcset":"https:\/\/i0.wp.com\/vincentians.com\/es\/wp-content\/uploads\/sites\/11\/2013\/04\/36.jpg?fit=1200%2C795&ssl=1&resize=350%2C200 1x, https:\/\/i0.wp.com\/vincentians.com\/es\/wp-content\/uploads\/sites\/11\/2013\/04\/36.jpg?fit=1200%2C795&ssl=1&resize=525%2C300 1.5x, https:\/\/i0.wp.com\/vincentians.com\/es\/wp-content\/uploads\/sites\/11\/2013\/04\/36.jpg?fit=1200%2C795&ssl=1&resize=700%2C400 2x, https:\/\/i0.wp.com\/vincentians.com\/es\/wp-content\/uploads\/sites\/11\/2013\/04\/36.jpg?fit=1200%2C795&ssl=1&resize=1050%2C600 3x"},"classes":[]},{"id":29032,"url":"https:\/\/vincentians.com\/es\/notas-biograficas-de-sor-rosalia-rendu\/","url_meta":{"origin":38557,"position":4},"title":"Notas biogr\u00e1ficas de Sor Rosal\u00eda Rendu","author":"Francisco Javier Fern\u00e1ndez Chento","date":"07\/02\/2024","format":false,"excerpt":"Amiga de pobres y ricos La Venerable Rosal\u00eda Rendu fue el centro de un movimiento de caridad que caracteriz\u00f3 Par\u00eds y toda Francia durante la primera mitad del siglo XIX donde no exist\u00eda la asistencia social p\u00fablica. El 25 de mayo de 1802 Sor Rosal\u00eda entr\u00f3 en el Seminario (noviciado)\u2026","rel":"","context":"En \u00abRosal\u00eda Rendu\u00bb","block_context":{"text":"Rosal\u00eda Rendu","link":"https:\/\/vincentians.com\/es\/category\/la-familia-vicenciana\/la-familia-vicenciana-en-los-altares\/beatos\/rosalia-rendu\/"},"img":{"alt_text":"","src":"https:\/\/i0.wp.com\/vincentians.com\/es\/wp-content\/uploads\/sites\/11\/2011\/11\/HIjas-Caridad.jpg?fit=1200%2C600&ssl=1&resize=350%2C200","width":350,"height":200,"srcset":"https:\/\/i0.wp.com\/vincentians.com\/es\/wp-content\/uploads\/sites\/11\/2011\/11\/HIjas-Caridad.jpg?fit=1200%2C600&ssl=1&resize=350%2C200 1x, https:\/\/i0.wp.com\/vincentians.com\/es\/wp-content\/uploads\/sites\/11\/2011\/11\/HIjas-Caridad.jpg?fit=1200%2C600&ssl=1&resize=525%2C300 1.5x, https:\/\/i0.wp.com\/vincentians.com\/es\/wp-content\/uploads\/sites\/11\/2011\/11\/HIjas-Caridad.jpg?fit=1200%2C600&ssl=1&resize=700%2C400 2x, https:\/\/i0.wp.com\/vincentians.com\/es\/wp-content\/uploads\/sites\/11\/2011\/11\/HIjas-Caridad.jpg?fit=1200%2C600&ssl=1&resize=1050%2C600 3x"},"classes":[]},{"id":387718,"url":"https:\/\/vincentians.com\/es\/la-provincia-espanola-de-las-hijas-de-la-caridad-xxv\/","url_meta":{"origin":38557,"position":5},"title":"La Provincia espa\u00f1ola de las Hijas de la Caridad (XXV)","author":"Mitxel Olabu\u00e9naga","date":"07\/07\/2016","format":false,"excerpt":"Como una humilde violeta, nacida al acaso en el ribazo del camino y regada por la lluvia del cielo, as\u00ed la Fundaci\u00f3n de la Selva del Campo, provincia de Tarragona, naci\u00f3 de una manera inesperada y providencial. La vieja cr\u00f3nica de la casa, titulada \"Libro de las Hijas de la\u2026","rel":"","context":"En \u00abHistoria de las Hijas de la Caridad\u00bb","block_context":{"text":"Historia de las Hijas de la Caridad","link":"https:\/\/vincentians.com\/es\/category\/historia-de-la-familia-vicenciana\/historia-de-las-hijas-de-la-caridad\/"},"img":{"alt_text":"","src":"https:\/\/i0.wp.com\/vincentians.com\/es\/wp-content\/uploads\/sites\/11\/2016\/07\/hijas-caridad-espanya.jpg?fit=1200%2C630&ssl=1&resize=350%2C200","width":350,"height":200,"srcset":"https:\/\/i0.wp.com\/vincentians.com\/es\/wp-content\/uploads\/sites\/11\/2016\/07\/hijas-caridad-espanya.jpg?fit=1200%2C630&ssl=1&resize=350%2C200 1x, https:\/\/i0.wp.com\/vincentians.com\/es\/wp-content\/uploads\/sites\/11\/2016\/07\/hijas-caridad-espanya.jpg?fit=1200%2C630&ssl=1&resize=525%2C300 1.5x, https:\/\/i0.wp.com\/vincentians.com\/es\/wp-content\/uploads\/sites\/11\/2016\/07\/hijas-caridad-espanya.jpg?fit=1200%2C630&ssl=1&resize=700%2C400 2x, https:\/\/i0.wp.com\/vincentians.com\/es\/wp-content\/uploads\/sites\/11\/2016\/07\/hijas-caridad-espanya.jpg?fit=1200%2C630&ssl=1&resize=1050%2C600 3x"},"classes":[]}],"_links":{"self":[{"href":"https:\/\/vincentians.com\/es\/wp-json\/wp\/v2\/posts\/38557","targetHints":{"allow":["GET"]}}],"collection":[{"href":"https:\/\/vincentians.com\/es\/wp-json\/wp\/v2\/posts"}],"about":[{"href":"https:\/\/vincentians.com\/es\/wp-json\/wp\/v2\/types\/post"}],"author":[{"embeddable":true,"href":"https:\/\/vincentians.com\/es\/wp-json\/wp\/v2\/users\/4"}],"replies":[{"embeddable":true,"href":"https:\/\/vincentians.com\/es\/wp-json\/wp\/v2\/comments?post=38557"}],"version-history":[{"count":0,"href":"https:\/\/vincentians.com\/es\/wp-json\/wp\/v2\/posts\/38557\/revisions"}],"wp:featuredmedia":[{"embeddable":true,"href":"https:\/\/vincentians.com\/es\/wp-json\/"}],"wp:attachment":[{"href":"https:\/\/vincentians.com\/es\/wp-json\/wp\/v2\/media?parent=38557"}],"wp:term":[{"taxonomy":"category","embeddable":true,"href":"https:\/\/vincentians.com\/es\/wp-json\/wp\/v2\/categories?post=38557"},{"taxonomy":"post_tag","embeddable":true,"href":"https:\/\/vincentians.com\/es\/wp-json\/wp\/v2\/tags?post=38557"}],"curies":[{"name":"wp","href":"https:\/\/api.w.org\/{rel}","templated":true}]}}