{"id":38552,"date":"2015-02-10T05:46:52","date_gmt":"2015-02-10T04:46:52","guid":{"rendered":"http:\/\/somos.vicencianos.org\/?p=38552"},"modified":"2016-07-26T19:17:58","modified_gmt":"2016-07-26T17:17:58","slug":"formacion-permanente-como-fidelidad-creativa","status":"publish","type":"post","link":"https:\/\/vincentians.com\/es\/formacion-permanente-como-fidelidad-creativa\/","title":{"rendered":"Formaci\u00f3n Permanente como fidelidad creativa"},"content":{"rendered":"<h2><strong>1. Introducci\u00f3n<\/strong><\/h2>\n<p><a href=\"https:\/\/i0.wp.com\/vicencianos.org\/wp-content\/2011\/05\/formacion_permanente.jpg\"><img data-recalc-dims=\"1\" loading=\"lazy\" decoding=\"async\" class=\"alignright size-medium wp-image-38554\" title=\"formacion_permanente\" src=\"https:\/\/i0.wp.com\/vicencianos.org\/wp-content\/2011\/05\/formacion_permanente-300x298.jpg?resize=300%2C298\" alt=\"\" width=\"300\" height=\"298\" \/><\/a>La Formaci\u00f3n Permanente<span id='easy-footnote-1-38552' class='easy-footnote-margin-adjust'><\/span><span class='easy-footnote'><a href='https:\/\/vincentians.com\/es\/formacion-permanente-como-fidelidad-creativa\/#easy-footnote-bottom-1-38552' title='En los documentos de la Congregaci\u00f3n y de la Iglesia se usan las expre\u00adsiones&lt;em&gt; \u00abformaci\u00f3n continua\u00bb&lt;\/em&gt; y&lt;em&gt; \u00abformaci\u00f3n permanente\u00bb&lt;\/em&gt; casi con el mismo sig\u00adnificado. Otros hacen una distinci\u00f3n que puede ser \u00fatil: prefieren usar la expresi\u00f3n&lt;em&gt; \u00abformaci\u00f3n contin\u00faa\u00bb&lt;\/em&gt; para referirse a la formaci\u00f3n como un pro\u00adceso incesante y progresivo de integraci\u00f3n persona y apost\u00f3lica, y&lt;em&gt; \u00abformaci\u00f3n&lt;\/em&gt; &lt;em&gt;permanente\u00bb&lt;\/em&gt; cuando se habla de per\u00edodos intensivos de formaci\u00f3n que se rea\u00adlizan algunas veces en la vida y fuera de la propia comunidad, como ser\u00edan los tiempos sab\u00e1ticos, reciclajes, cursos, talleres, y la participaci\u00f3n en diversas reuniones.'><sup>1<\/sup><\/a><\/span> (FP) y la fidelidad al carisma vicen\u00adtino constituyen \u00ablos pilares\u00bb de la renovaci\u00f3n espiritual y apost\u00f3lica de la Congregaci\u00f3n.<\/p>\n<p>Nuestras Constituciones hablan al respecto:<em> \u00ab&#8230; Presten, adem\u00e1s,<\/em> <em>los misioneros ayuda espiritual a los sacerdotes, favoreciendo su for\u00admaci\u00f3n continua y fomentando el estudio pastoral. Susciten en ellos el<\/em> <em>deseo de cumplir la opci\u00f3n de la Iglesia en favor de los pobres&#8230;\u00bb<\/em> (C 15); <em>\u00abLa formaci\u00f3n de los nuestros ha se prolongarse y renovarse todo el<\/em> <em>tiempo de la vida\u00bb<\/em> (C 81).<\/p>\n<p>La FP ayudar a saber responder a las exigencias de nuestra misi\u00f3n y los desaf\u00edos del mundo actual. Dios se sirve de nosotros como instrumentos aptos y eficaces para responder a los cambios r\u00e1pidos y profundos del mundo que nos obliga a reflexionar tanto sobre \u00e9l como sobre nosotros para poder conocer en qu\u00e9 cosas debe\u00admos modificarnos y modificar nuestros conocimientos, actitudes y m\u00e9todos de nuestra acci\u00f3n pastoral y misionera para estar a la altura de nuestra vocaci\u00f3n, regalo de Dios. No se trata \u00fanicamente de un perfeccionamiento te\u00f3rico, acad\u00e9mico o pr\u00e1ctico a modo de reciclaje intelectual o profesional, sino de<em> algo mucho m\u00e1s profundo y extenso,<\/em> <em>pues la formaci\u00f3n permanente radica en lo m\u00e1s hondo del esp\u00edritu que<\/em> <em>desea adaptarse lo m\u00e1s posible y en todo lo posible a las circunstancias<\/em> <em>presentes y a prever, en cuanto cabe, el mismo porvenir.<\/em> La FP implica una dedicaci\u00f3n y esfuerzo constantes de renovaci\u00f3n espiritual, inte\u00adlectual, pr\u00e1ctica y operacional que nos permite captar y responder a las nuevas realidades de un mundo en continua mutaci\u00f3n, y transmi\u00adtir la palabra de Dios a los hombres y mujeres de nuestro tiempo; se trata de una dimensi\u00f3n integrante del proceso de \u00abcontinua conver\u00adsi\u00f3n\u00bb muy coherente con nuestra identidad vicentina.<\/p>\n<h2><strong>2. La formaci\u00f3n permanente como exigencia de nuestra fidelidad creativa<\/strong><\/h2>\n<p>Desde que el Concilio Vaticano II se\u00f1al\u00f3 nuevos caminos para la formaci\u00f3n sacerdotal y religiosa, el concepto de la formaci\u00f3n en general y de la formaci\u00f3n permanente han evolucionado a partir de las diversas experiencias formativas que el mismo Concilio impuls\u00f3.<span id='easy-footnote-2-38552' class='easy-footnote-margin-adjust'><\/span><span class='easy-footnote'><a href='https:\/\/vincentians.com\/es\/formacion-permanente-como-fidelidad-creativa\/#easy-footnote-bottom-2-38552' title='Cf.&lt;em&gt; Perfectae Caritatis&lt;\/em&gt; (PC), 18 y&lt;em&gt; Optatam Totius&lt;\/em&gt; (OT), 22. El concepto de educaci\u00f3n y formaci\u00f3n en el campo civil ha evolucionado de un modelo escol\u00e1stico y profesional que reduc\u00eda la educaci\u00f3n o formaci\u00f3n preponderan\u00adtemente al \u00e1mbito profesional y t\u00e9cnico y que se realizaba una vez en la vida, a otro modelo que considera todos los aspectos de la persona y su desarrollo global. En el campo eclesial se ha pasado de un concepto de formaci\u00f3n que insist\u00eda tambi\u00e9n fundamentalmente en lo acad\u00e9mico y que se daba en los pri\u00admeros a\u00f1os de seminario o vida religiosa, a un modelo de formaci\u00f3n centrado en toda la persona y que se desarrolla a lo largo de toda la vida, cf. PC, 18. Despu\u00e9s del Vaticano II, los diversos documentos sobre la formaci\u00f3n sacerdo\u00adtal y de la vida religiosa y consagrada insisten y desarrollan este concepto integral, global y continuo de formaci\u00f3n.'><sup>2<\/sup><\/a><\/span> Esta evoluci\u00f3n y diferente comprensi\u00f3n de la formaci\u00f3n se han visto reflejadas en la Congregaci\u00f3n, pensemos en los documentos de for\u00admaci\u00f3n inicial.<\/p>\n<p>La carta de la Asamblea General de 1992 a los cohermanos afirma lo siguiente:<em> \u00abLa renovaci\u00f3n de las Comunidades exige tambi\u00e9n<\/em> <em>una formaci\u00f3n integral, inicial y permanente, de sus miembros, guiada<\/em> <em>por el principio de \u2018seguir a Cristo, evangelizador de los pobres\u2019. De esta<\/em> <em>forma: trataremos de elaborar un programa din\u00e1mico de formaci\u00f3n<\/em> <em>integral, en el que cada misionero sea responsable de su propia forma\u00ad<\/em><em>ci\u00f3n para la misi\u00f3n; se preparan cuidadosamente verdaderos animado\u00ad<\/em><em>res de comunidades vicentinas\u00bb<\/em>.<span id='easy-footnote-3-38552' class='easy-footnote-margin-adjust'><\/span><span class='easy-footnote'><a href='https:\/\/vincentians.com\/es\/formacion-permanente-como-fidelidad-creativa\/#easy-footnote-bottom-3-38552' title='XXXVIIIa. Asamblea General de la Congregaci\u00f3n de la Misi\u00f3n (Roma, julio 1992).&lt;em&gt; Carta a los cohermanos.&lt;\/em&gt; Comunidades renovadas, No. 4, en&lt;em&gt; Vin\u00ad&lt;\/em&gt;&lt;em&gt;centiana&lt;\/em&gt; (1992), 387-388.'><sup>3<\/sup><\/a><\/span>\n<p>La formaci\u00f3n nunca termina e implica todas las dimensiones y etapas de la persona, y da prioridad a la vida en el Esp\u00edritu como el aspecto que estructura y da sentido a los dem\u00e1s.<span id='easy-footnote-4-38552' class='easy-footnote-margin-adjust'><\/span><span class='easy-footnote'><a href='https:\/\/vincentians.com\/es\/formacion-permanente-como-fidelidad-creativa\/#easy-footnote-bottom-4-38552' title='Este concepto de formaci\u00f3n aparece expresado con claridad en los diversos documentos de la Iglesia sobre la formaci\u00f3n en la Vida Consa\u00adgrada, cf.&lt;em&gt; Elementos esenciales de la Vida Religiosa. Aplicados a los Institutos &lt;\/em&gt;&lt;em&gt;Consagrados al Apostolado,&lt;\/em&gt; 46: OT, 22;&lt;em&gt; Normas fundamentales para la forma\u00ad&lt;\/em&gt;&lt;em&gt;ci\u00f3n sacerdotal,&lt;\/em&gt; 100;&lt;em&gt; La Vida Consagrada&lt;\/em&gt; (VC), 65.'><sup>4<\/sup><\/a><\/span> En la \u00abpeque\u00f1a Compa\u00f1\u00eda\u00bb se distinguen dos etapas: la formaci\u00f3n inicial y la perma\u00adnente o continua. Esta no es un remedio de posibles fallas de la for\u00admaci\u00f3n inicial, ni tampoco su complemento, perfeccionamiento o adaptaci\u00f3n. Al contrario,<em> la formaci\u00f3n primera debe ordenarse a la for\u00ad<\/em><em>maci\u00f3n continua<\/em>,<span id='easy-footnote-5-38552' class='easy-footnote-margin-adjust'><\/span><span class='easy-footnote'><a href='https:\/\/vincentians.com\/es\/formacion-permanente-como-fidelidad-creativa\/#easy-footnote-bottom-5-38552' title='En la Exhortaci\u00f3n Apost\u00f3lica&lt;em&gt; Pastores Dabo Vobis&lt;\/em&gt; (PDV), el Papa Juan Pablo II afirma que la formaci\u00f3n permanente es la continuaci\u00f3n natural y necesaria del proceso de estructuraci\u00f3n de la persona iniciada en la forma\u00adci\u00f3n inicial&amp;#8230; desde la formaci\u00f3n inicial hay que preparar la formaci\u00f3n per\u00admanente motivando y asegurando las condiciones de su realizaci\u00f3n. Cf. 71.'><sup>5<\/sup><\/a><\/span> como preparaci\u00f3n a una vida de formaci\u00f3n per\u00admanente, aunque aqu\u00e9lla tiene una autonom\u00eda relativa y sus propios requisitos por ser una etapa de probaci\u00f3n y el per\u00edodo de iniciaci\u00f3n a la vida religiosa. La formaci\u00f3n inicial es la primera etapa de una vida de formaci\u00f3n continua, y ha de propiciar el gusto y la curiosidad intelectual y la adquisici\u00f3n de actitudes y habilidades que favorezcan el discernimiento apost\u00f3lico y la capacitaci\u00f3n y adaptaci\u00f3n constante a los continuos cambios, y crecer junto con ellos.<\/p>\n<p>La vida humana es por su propia naturaleza continuidad y cam\u00adbio, y cuando estos se conjugan armoniosamente garantizan la ma\u00adduraci\u00f3n y desarrollo de la persona. La formaci\u00f3n permanente capa\u00adcita a las personas a vivir el cambio en la continuidad y la continui\u00addad en el cambio. Esta din\u00e1mica vital queda expresada en la palabra \u00abfidelidad\u00bb que implica la adhesi\u00f3n constante a valores perennes y su apropiaci\u00f3n y encarnaci\u00f3n en las diversas circunstancias y etapas de la vida. De esta forma se crece y madura, se va construyendo la vida humana, como un proceso progresivo de crecimiento cualitativo, como un perfeccionamiento que supone inventiva y creatividad.<span id='easy-footnote-6-38552' class='easy-footnote-margin-adjust'><\/span><span class='easy-footnote'><a href='https:\/\/vincentians.com\/es\/formacion-permanente-como-fidelidad-creativa\/#easy-footnote-bottom-6-38552' title='El Papa habla de la fidelidad creativa y din\u00e1mica en la&lt;em&gt; Vita Consecrata&lt;\/em&gt; (VC), 37.'><sup>6<\/sup><\/a><\/span> La formaci\u00f3n permanente entendida de esta manera ayuda a integrar la creatividad en la fidelidad, ya que nuestra vocaci\u00f3n conlleva un cre\u00adcimiento din\u00e1mico y una fidelidad a las llamadas del Se\u00f1or discerni\u00addas en los signos de los tiempos.<em> De esto depende la calidad de nuestro<\/em> <em>servicio apost\u00f3lico.<\/em> Se trata de una fidelidad y un dinamismo que ha de llevar<em> a reproducir con valor la audacia, la creatividad y la santidad<\/em> <em>de los fundadores y fundadoras como respuesta a los signos de los<\/em> <em>tiempos que surgen en el mundo de hoy,<\/em> a realizar lo que San Vicente har\u00eda hoy, en fidelidad al Esp\u00edritu para responder a las exigencias apost\u00f3licas de nuestro tiempo.<\/p>\n<h2><strong>3. Fundamento y aspectos integrantes de la Formaci\u00f3n Permanente<\/strong><\/h2>\n<h3><strong><em>a) <\/em><\/strong><strong><em>Fundamento de la Formaci\u00f3n Permanente<\/em><\/strong><\/h3>\n<p>La necesidad de la formaci\u00f3n permanente es una exigencia de la misma vocaci\u00f3n religiosa y apost\u00f3lica, ya que necesitamos reavivar continuamente el don recibido, mantenerlo siempre encendido y tener fresca la novedad permanente del don de Dios.<span id='easy-footnote-7-38552' class='easy-footnote-margin-adjust'><\/span><span class='easy-footnote'><a href='https:\/\/vincentians.com\/es\/formacion-permanente-como-fidelidad-creativa\/#easy-footnote-bottom-7-38552' title='Cf. 2 Tim 1,6;&lt;em&gt; Potissimus Institutioni&lt;\/em&gt; (PI), 67; PDV, 7.'><sup>7<\/sup><\/a><\/span> El seguimiento de Cristo conlleva un dinamismo que requiere ser alimentado y reno\u00advado incesantemente y su llamado a seguirlo se repite en cada momento, y nos pide un esfuerzo constante para revestirnos progre\u00adsivamente de sus sentimientos hacia el Padre, ya que por nuestro ser de pecadores jam\u00e1s podremos suponer que hemos realizado total\u00admente la gestaci\u00f3n de aquel hombre nuevo que experimentamos den\u00adtro de nosotros ni que poseemos en todas las circunstancias de nuestra vida los mismos sentimientos de Cristo.<span id='easy-footnote-8-38552' class='easy-footnote-margin-adjust'><\/span><span class='easy-footnote'><a href='https:\/\/vincentians.com\/es\/formacion-permanente-como-fidelidad-creativa\/#easy-footnote-bottom-8-38552' title='Cf. VC, 65 y 69. Con relaci\u00f3n a los sacerdotes, el Papa afirma que&lt;em&gt; la&lt;\/em&gt; &lt;em&gt;formaci\u00f3n permanente encuentra su propio fundamento y raz\u00f3n de ser en el&lt;\/em&gt; &lt;em&gt;dinamismo del sacramento del Orden&lt;\/em&gt; (PDV, 70).'><sup>8<\/sup><\/a><\/span> Desde esta perspec\u00adtiva la formaci\u00f3n permanente implica vivir en un proceso continuo de conversi\u00f3n y renovaci\u00f3n espiritual.<\/p>\n<p>Por otra parte nuestra misi\u00f3n es una gracia viva que recibimos y vivimos en situaciones in\u00e9ditas, hemos de custodiarla, profundizarla y apropi\u00e1rnosla constantemente en sinton\u00eda con la Iglesia. Esto exige de nosotros una continua renovaci\u00f3n espiritual y apost\u00f3lica. No ten\u00addremos nada que ofrecer a los pobres, a la sociedad y al di\u00e1logo con los dem\u00e1s si no estamos embebidos de la fidelidad al carisma vicen\u00adtino, no para repetirlo mec\u00e1nicamente, sino para recrearlo aqu\u00ed y ahora, al servicio de los pobres, de la Iglesia y del mundo.<\/p>\n<h3><strong><em>b) <\/em><\/strong><strong><em>Aspectos de la Formaci\u00f3n Permanente<\/em><\/strong><\/h3>\n<p>\u00bfQu\u00e9 campos o aspectos debe cubrir y abarcar la formaci\u00f3n per\u00admanente? La FP es global: La formaci\u00f3n \u00abdebe abarcar la persona entero, de tal modo que toda actitud y todo comportamiento mani\u00adfiesten la plena y gozosa pertenencia a Dios, tanto en los momentos importantes, como en las circunstancias ordinarias de la vida ordina\u00adrio&#8230; Para que sea total, debe abarcar todos los \u00e1mbitos de la vida cristiana y de la vida consagrada. Se ha de prever, por tanto, una preparaci\u00f3n humana, espiritual y pastoral, poniendo sumo cuidado en facilitar la integraci\u00f3n de los diferentes aspectos\u00bb.<span id='easy-footnote-9-38552' class='easy-footnote-margin-adjust'><\/span><span class='easy-footnote'><a href='https:\/\/vincentians.com\/es\/formacion-permanente-como-fidelidad-creativa\/#easy-footnote-bottom-9-38552' title='VC, 65.'><sup>9<\/sup><\/a><\/span> Reducir la FP s\u00f3lo a la dimensi\u00f3n intelectual a trav\u00e9s de reciclajes, a\u00f1os sab\u00e1ticos, cursos y participaci\u00f3n en reuniones diversas es volver a una concep\u00adci\u00f3n de formaci\u00f3n ya superada, como se ha mencionado m\u00e1s arriba.<\/p>\n<p>La renovaci\u00f3n intelectual es formativa en la medida en que tambi\u00e9n maduramos y vamos creciendo en integraci\u00f3n personal como perso\u00adnas y como misioneros vicentinos, y nos vamos integrando al cuerpo de la Congregaci\u00f3n, en un proceso progresivo.<\/p>\n<p>Puesto que el sujeto de la FP es la persona con todas sus dimen\u00adsiones en cada etapa de la vida, el objetivo o<em> t\u00e9rmino de la formaci\u00f3n<\/em> <em>es la totalidad del ser humano,<\/em> e incluye 5 aspectos fundamentales:<span id='easy-footnote-10-38552' class='easy-footnote-margin-adjust'><\/span><span class='easy-footnote'><a href='https:\/\/vincentians.com\/es\/formacion-permanente-como-fidelidad-creativa\/#easy-footnote-bottom-10-38552' title='Cf. VC, 71. El Papa Juan Pablo II en su carta Postsinodal&lt;em&gt; La vida con\u00ad&lt;\/em&gt;&lt;em&gt;sagrada,&lt;\/em&gt; al proponer estas cinco dimensiones de la PF, contin\u00faa y concretiza las orientaciones ya contenidas en algunos documentos de la Iglesia, sobre la formaci\u00f3n de los religiosos, en especial&lt;em&gt; Directivas sobre la formaci\u00f3n en los&lt;\/em&gt; &lt;em&gt;Institutos Religiosos&lt;\/em&gt; (PI) y&lt;em&gt; La vida afectiva en comunidad&lt;\/em&gt; (VFC).'><sup>10<\/sup><\/a><\/span>\n<p>a) La primac\u00eda la tiene la vida en el Esp\u00edritu, en la que el discerni\u00admiento apost\u00f3lico ocupa un lugar esencial. Vicente dir\u00eda ser \u00abhombres con talante interior\u00bb. La<em> formaci\u00f3n continua<\/em> se consi\u00adgue principalmente por la constante evaluaci\u00f3n y reflexi\u00f3n sobre el propio apostolado bajo la luz de la fe y con la ayudad de la comunidad apost\u00f3lica. As\u00ed, la FP se sit\u00faa en el contexto de la misi\u00f3n y la presenta como un aspecto integral esencial de nues\u00adtra vida apost\u00f3lica y misionera que debe ser evaluada y discer\u00adnida por medio de la Palabra de Dios y la contemplaci\u00f3n del mundo, en un di\u00e1logo orante con el Se\u00f1or. Esto es parte de un proceso de discernimiento continuo. Y si el discernimiento es en com\u00fan es mucho mejor.<\/p>\n<p>b) La dimensi\u00f3n humana y fraterna supone un esfuerzo constante para crecer en nuestra maduraci\u00f3n e integraci\u00f3n personal y comunitaria. Es indispensable seguir creciendo en el autocono\u00adcimiento personal y en la capacidad de manifestarnos y dejarnos conocer, en la autoestima, en la empat\u00eda y simpat\u00eda con quienes vivimos y compartimos la misi\u00f3n. Se debe dar una atenci\u00f3n especial al conocimiento de los deseos m\u00e1s profundos y al creci\u00admiento en la capacidad de manifestarlos y disponerse as\u00ed a la gracia de identificarse cada vez m\u00e1s con los sentimientos de Cristo. As\u00ed crecer\u00e1 la solidaridad comunitaria y apost\u00f3lica, y la experiencia de sentido de pertenencia a la Congregaci\u00f3n.<\/p>\n<p>c) El tercer aspecto es la dimensi\u00f3n apost\u00f3lica y misionera que en la pr\u00e1ctica requiere la puesta al d\u00eda de los objetivos y m\u00e9todos apost\u00f3licos y misioneros, en fidelidad a nuestro carisma, nuestra misi\u00f3n y el estilo propio del misionero vicentino.<\/p>\n<p>d) La dimensi\u00f3n intelectual, fundada en una s\u00f3lida formaci\u00f3n teo\u00adl\u00f3gica necesaria para el discernimiento personal y apost\u00f3lico, nos pide una actualizaci\u00f3n constante en los diversos ministerios y obras en que se concretiza la misi\u00f3n actual de la Congregaci\u00f3n y la misi\u00f3n concreta que cada uno ha recibido.<\/p>\n<p><em>e<\/em>) Es la dimensi\u00f3n de nuestro carisma vicentino. Esto requiere estudio, reflexi\u00f3n, interiorizaci\u00f3n de toda la riqueza del patrimo\u00adnio vicentino que poseemos. El saber hacer la s\u00edntesis en nuestra vida, la aplicaci\u00f3n de la espiritualidad y doctrina vicentina en nuestra vida diaria como hijos de San Vicente. Renovando cons\u00adtantemente nuestra \u00abconsagraci\u00f3n\u00bb bautismal expresados en la vivencia de nuestros votos, particularmente el de la \u00abestabilidad\u00bb. Ello exige la profundizaci\u00f3n y la vivencia del carisma vicentino inculturado, como un elemento integral y esencial de nuestra FP. Somos vicentinos con los pies bien plantados en un contexto en el cual \u00abconcretizamos\u00bb el carisma vicentino.<\/p>\n<h2><strong>4. Instancias y responsables de la Formaci\u00f3n Permanente<\/strong><\/h2>\n<h3><strong>a)<\/strong><strong><em> La comunidad como un lugar privilegiado de la Formaci\u00f3n<\/em><\/strong><strong><em>Permanente<\/em><\/strong><\/h3>\n<p>Un lugar privilegiado para la formaci\u00f3n continua es la comuni\u00addad apost\u00f3lica, como lo expresan algunos documentos de la Iglesia.<span id='easy-footnote-11-38552' class='easy-footnote-margin-adjust'><\/span><span class='easy-footnote'><a href='https:\/\/vincentians.com\/es\/formacion-permanente-como-fidelidad-creativa\/#easy-footnote-bottom-11-38552' title='&lt;em&gt;La comunidad religiosa es la sede y el ambiente natural del proceso de&lt;\/em&gt; &lt;em&gt;crecimiento de todos, donde cada uno se hace corresponsable del crecimiento del&lt;\/em&gt; &lt;em&gt;otro.&lt;\/em&gt; VFC, 43; cf. tambi\u00e9n VC, 67 y PI, 27.'><sup>11<\/sup><\/a><\/span> En ella el vicentino encuentra el impulso y apoyo necesarios. Tam\u00adbi\u00e9n las obras apost\u00f3licas, las Provincias, las Conferencias de Visita\u00addores han de impulsar y ofrecer elementos para la FP, ya que esta es una exigencia para todos los misioneros vicentinos como para toda la Congregaci\u00f3n. Pregunt\u00e9monos si de verdad nuestras comunidades pueden y quieren impulsar y mantener la formaci\u00f3n continua. \u00bfNo ser\u00e1 que el activismo que identifica todo tipo de ocupaci\u00f3n y trabajo con la misi\u00f3n apost\u00f3lico, la falta de sentido de pertenencia, el aisla\u00admiento, el individualismo y el subjetivismo reinante en varias de nue\u00adstras comunidades con los obst\u00e1culos mayores para la formaci\u00f3n per\u00admanente, que no es una actividad meramente individual y eventual?<\/p>\n<p>Somos una comunidad para la misi\u00f3n. Muchas veces hemos experimentado que somos fecundos, apost\u00f3licamente hablando, en la medida en que nos sentimos parte de una comunidad viva, de una Provincia con ilusiones, de una Congregaci\u00f3n que asume los desaf\u00edos que las nuevas pobrezas le presentan. En ellas (comunidad, Provincia y Congregaci\u00f3n), sus miembros, encuentran espacios para la comuni\u00adcaci\u00f3n fraterna, para la reflexi\u00f3n y oraci\u00f3n. Una comunidad, una Pro\u00advincia y una Congregaci\u00f3n en la que por la comunicaci\u00f3n personal y espiritual, crezca la corresponsabilidad de unos por otros y la ayuda mutua para descubrir la voluntad de nuestro modo de proceder.<span id='easy-footnote-12-38552' class='easy-footnote-margin-adjust'><\/span><span class='easy-footnote'><a href='https:\/\/vincentians.com\/es\/formacion-permanente-como-fidelidad-creativa\/#easy-footnote-bottom-12-38552' title='Cf. CVC, 43.'><sup>12<\/sup><\/a><\/span><sup><br \/>\n<\/sup><\/p>\n<p>Una comunidad as\u00ed se convierte en un lugar de formaci\u00f3n por exce\u00adlencia para la profundizaci\u00f3n y apropiaci\u00f3n de nuestro carisma y misi\u00f3n,<span id='easy-footnote-13-38552' class='easy-footnote-margin-adjust'><\/span><span class='easy-footnote'><a href='https:\/\/vincentians.com\/es\/formacion-permanente-como-fidelidad-creativa\/#easy-footnote-bottom-13-38552' title='La Uni\u00f3n de Superiores Generales en su documento para el S\u00ednodo de los Obispos sobre la Vida Consagrada, afirma que va surgiendo un nuevo modelo de comunidad apost\u00f3lica donde se valoran m\u00e1s las relaciones inter\u00adpersonales y que \u00abel tipo de comunidad tradicional, basado prevalentemente en la observancia regular y la estructura, est\u00e1 dando paso a una vida de fra\u00adternidad m\u00e1s profunda&amp;#8230; Se ha redescubierto la dimensi\u00f3n misionera de la comunidad&amp;#8230; con un nuevo estilo de animaci\u00f3n espiritual y de autoridad y con mayor responsabilidad, que favorecen una nueva espiritualidad y un nuevo sentido apost\u00f3lico\u00bb.&lt;em&gt; Carismas en la Iglesia para el mundo,&lt;\/em&gt; Documento Final, no. 2.2.'><sup>13<\/sup><\/a><\/span> donde<em> \u00ablas grandes orientaciones apost\u00f3licas se hacen opera\u00adtivas, gracias a la paciente y tenaz meditaci\u00f3n cotidiana&#8230; y donde d\u00eda a<\/em> <em>d\u00eda somos ayudados a responder como personas consagradas que par\u00adticipamos de un mismo carisma, a las necesidades de los \u00faltimos y a<\/em> <em>los desaf\u00edos de la nueva sociedad\u00bb<\/em>.<span id='easy-footnote-14-38552' class='easy-footnote-margin-adjust'><\/span><span class='easy-footnote'><a href='https:\/\/vincentians.com\/es\/formacion-permanente-como-fidelidad-creativa\/#easy-footnote-bottom-14-38552' title='VFC, 43.'><sup>14<\/sup><\/a><\/span>\n<p>Crear una \u00abcomunidad apost\u00f3lica\u00bb es exigencia de nuestra mi\u00adsi\u00f3n y forma parte integral de ella, ya que la comunidad es en s\u00ed misma misionera, anuncio y proclamaci\u00f3n de Dios por medio del amor fraterno y testimonio de comuni\u00f3n, y porque a trav\u00e9s se con\u00adcretiza la misi\u00f3n universal de la Congregaci\u00f3n y se hace posible su realizaci\u00f3n. Hemos de convencernos que nuestra misi\u00f3n y sus prio\u00adridades apost\u00f3licas tal como han sido indicadas en la \u00faltima Asam\u00adblea General y, poco a poco, se van concretizando a nivel Provincial, resultar\u00e1n vanas si la comunidad local no lo traduce en un proyecto comunitario. Proyecto que no se reduce a se\u00f1alar algunas actividades comunitarias m\u00ednimas en el horario y calendario de la comunidad, sino que favorece un proceso de apropiaci\u00f3n de los valores de nues\u00adtro ser vicentino, de discernimiento misionero comunitario y asegura espacios para la formaci\u00f3n permanente.<\/p>\n<p><strong>b)<\/strong><strong><em> Responsables de la Formaci\u00f3n Permanente<\/em><\/strong><\/p>\n<p>La Congregaci\u00f3n de la Misi\u00f3n desde hace varias Asambleas Generales ha venido manifestando su preocupaci\u00f3n por ofrecer y garantizar la FP a los misioneros. Ha venido impulsado dos instan\u00adcias a nivel congregacional: el Centro Internacional de Formaci\u00f3n en Par\u00eds<span id='easy-footnote-15-38552' class='easy-footnote-margin-adjust'><\/span><span class='easy-footnote'><a href='https:\/\/vincentians.com\/es\/formacion-permanente-como-fidelidad-creativa\/#easy-footnote-bottom-15-38552' title='Para conocer la g\u00e9nesis del Programa, cf. JOHN RYBOLT,&lt;em&gt; Centro Interna\u00ad&lt;\/em&gt;&lt;em&gt;cional de Formaci\u00f3n: San Vicente de Pa\u00fal,&lt;\/em&gt; en&lt;em&gt; Vincentiana&lt;\/em&gt; (1996), 390-396; sus estatutos y programa, cf. JOHN RYBOLT,&lt;em&gt; Centro Internacional de Formaci\u00f3n:&lt;\/em&gt; &lt;em&gt;San Vicente de Pa\u00fal,&lt;\/em&gt; en&lt;em&gt; Vincentiana&lt;\/em&gt; (2000), 148-151; un informe de activida\u00addes, cf. JOHN RYBOLT,&lt;em&gt; Informe sobre el Centro de Formaci\u00f3n: San Vicente de&lt;\/em&gt; &lt;em&gt;Pa\u00fal-CIF,&lt;\/em&gt; en&lt;em&gt; Vincentiana&lt;\/em&gt; (2002), 235-240.'><sup>15<\/sup><\/a><\/span> y el Secretariado Internacional de Estudios Vicentinos.<span id='easy-footnote-16-38552' class='easy-footnote-margin-adjust'><\/span><span class='easy-footnote'><a href='https:\/\/vincentians.com\/es\/formacion-permanente-como-fidelidad-creativa\/#easy-footnote-bottom-16-38552' title='Cf. ROBERT P. MALONEY,&lt;em&gt; Secretariado Internacional de Estudios Vincen\u00ad&lt;\/em&gt;&lt;em&gt;cianos (SIEV),&lt;\/em&gt; en&lt;em&gt; Vincentiana&lt;\/em&gt; (2000), 142-144.'><sup>16<\/sup><\/a><\/span>\n<p>A nivel Provincial el responsable de la FP es el Visitador, as\u00ed lo afirma nuestros Estatutos: \u00ab<em>Con la ayuda de la Comisi\u00f3n de Forma\u00ad<\/em><em>ci\u00f3n cada una de las Provincias procure organizar y fomentar la for\u00ad<\/em><em>maci\u00f3n permanente tanto comunitaria como individual\u00bb<\/em> (E 42).<\/p>\n<p>El superior local es el responsable de promover la formaci\u00f3n per\u00admanente en la comunidad y en cada uno de sus miembros, especial\u00admente con el testimonio de su dedicaci\u00f3n a la propia formaci\u00f3n.<span id='easy-footnote-17-38552' class='easy-footnote-margin-adjust'><\/span><span class='easy-footnote'><a href='https:\/\/vincentians.com\/es\/formacion-permanente-como-fidelidad-creativa\/#easy-footnote-bottom-17-38552' title='La Constituci\u00f3n manda que&lt;em&gt; \u00abCada comunidad se esforzar\u00e1 por elaborar&lt;\/em&gt; &lt;em&gt;su proyecto com\u00fan seg\u00fan las Constituciones, Estatutos y Normas Provinciales\u00bb&lt;\/em&gt; (C 27). Este proyecto se tendr\u00e1 presente en la ordenaci\u00f3n de la vida y del trabajo, en la celebraci\u00f3n de los consejos, y en la evaluaci\u00f3n peri\u00f3dica de nuestra vida y actividad. Esta disposici\u00f3n constitucional esta completada con el Estatuto que dice:&lt;em&gt; \u00abEl proyecto comunitario que cada comunidad confeccio\u00ad&lt;\/em&gt;&lt;em&gt;nar\u00e1 en cuanto es factible, al comienzo del a\u00f1o de trabajo, ha de abarcar: la&lt;\/em&gt; &lt;em&gt;actividad apost\u00f3lica, la oraci\u00f3n, el uso de los bienes, el testimonio cristiano en el&lt;\/em&gt; &lt;em&gt;lugar de trabajo, la formaci\u00f3n permanente, los tiempos de reflexi\u00f3n comunitaria,&lt;\/em&gt; &lt;em&gt;el tiempo necesario de esparcimiento, de estudio y el orden del d\u00eda. Todo esto se&lt;\/em&gt; &lt;em&gt;revisar\u00e1 peri\u00f3dicamente\u00bb&lt;\/em&gt; (E 16).'><sup>17<\/sup><\/a><\/span> Ha de impulsar la elaboraci\u00f3n, realizaci\u00f3n y evaluaci\u00f3n del proyecto comunitario que ha de incluir la formaci\u00f3n permanente como un ele\u00admento esencial.<\/p>\n<p>Hay que tener en cuenta tambi\u00e9n que antes de cada superior, cada misionero vicentino es el responsable de su propia formaci\u00f3n continua y que de nada sirve un proyecto comunitario o un pro\u00adgrama de la Comisi\u00f3n Provincial si la persona misma no est\u00e1 con\u00advencida de la necesidad que tiene de ella.<span id='easy-footnote-18-38552' class='easy-footnote-margin-adjust'><\/span><span class='easy-footnote'><a href='https:\/\/vincentians.com\/es\/formacion-permanente-como-fidelidad-creativa\/#easy-footnote-bottom-18-38552' title='&lt;em&gt;\u00abEn cierto modo, es precisamente cada sacerdote el primer responsable en&lt;\/em&gt; &lt;em&gt;la Iglesia de la formaci\u00f3n permanente; pues, sobre cada uno recae el deber \u2014 &lt;\/em&gt;&lt;em&gt;derivado del Sacramento del Orden, de ser fiel al don de Dios y al dinamismo de&lt;\/em&gt; &lt;em&gt;conversi\u00f3n diaria que nace del mismo don. Los reglamentos o normas de la&lt;\/em&gt; &lt;em&gt;autoridad eclesial al respecto, como tambi\u00e9n el mismo ejemplo de los dem\u00e1s&lt;\/em&gt; &lt;em&gt;sacerdotes, no bastan para hacer apetecible la formaci\u00f3n permanente si el indi\u00ad&lt;\/em&gt;&lt;em&gt;viduo no est\u00e1 personalmente convencido de su necesidad y decidido a valorar&lt;\/em&gt; &lt;em&gt;sus ocasiones, tiempos y formas\u00bb&lt;\/em&gt; (PDV, 79).'><sup>18<\/sup><\/a><\/span> El futuro de muchos ministerios depender\u00e1, posiblemente, no tanto del n\u00famero de misio\u00adneros, sino del grado de preparaci\u00f3n, de audacia apost\u00f3lica para enfrentar los desaf\u00edos de una cultura que cambia, de la participaci\u00f3n de los laicos vicentinos en nuestras obras, servicios y apostolados. Ser\u00e1 pues necesario que cada misionero vicentino en su proyecto personal de vida defina sus prioridades entre las cuales debe ocupar un lugar importante la formaci\u00f3n permanente.<\/p>\n<p>El Superior General y su Consejo tiene tambi\u00e9n un papel deci\u00adsivo, pues ellos son los responsables de aplicar las conclusiones, com\u00adpromisos y decisiones que las Asambleas Generales dicen en torno de la formaci\u00f3n permanente.<span id='easy-footnote-19-38552' class='easy-footnote-margin-adjust'><\/span><span class='easy-footnote'><a href='https:\/\/vincentians.com\/es\/formacion-permanente-como-fidelidad-creativa\/#easy-footnote-bottom-19-38552' title='Cf. ROBERT P. MALONEY,&lt;em&gt; Carta a los Visitadores de la Congregaci\u00f3n de la&lt;\/em&gt; &lt;em&gt;Misi\u00f3n&lt;\/em&gt; (12 de junio de 1999), en&lt;em&gt; Vincentiana&lt;\/em&gt; (1999), 391-393.'><sup>19<\/sup><\/a><\/span> De esta manera, cuando realicen las visitas can\u00f3nicas deben preguntar a cada misionero c\u00f3mo realiza su formaci\u00f3n permanente, y verificar si la comunidad y la Provincia la propicia, la propicia, la favorece.<\/p>\n<p>Podr\u00eda ser conveniente que a nivel de Conferencias de Visitado\u00adres se delegue en una persona o en una comisi\u00f3n la formaci\u00f3n per\u00admanente. Existen organismos en la Congregaci\u00f3n que pueden impul\u00adsar, m\u00e1s decididamente, la formaci\u00f3n permanente en los distintos continentes,<span id='easy-footnote-20-38552' class='easy-footnote-margin-adjust'><\/span><span class='easy-footnote'><a href='https:\/\/vincentians.com\/es\/formacion-permanente-como-fidelidad-creativa\/#easy-footnote-bottom-20-38552' title='Conferencia de Visitadores de As\u00eda-Pac\u00edfico (APVC); Conferencia Eu\u00adropa de Visitadores de la Misi\u00f3n (CEVIM); Conferencia Latinoamericana de Provincias Vicentinas (CLAPVI); Conferencia de los Visitadores de \u00c1frica y de Madagascar (COVIAM) y la Conferencia Nacional de Visitadores de los Esta\u00addos Unidos (NCV).'><sup>20<\/sup><\/a><\/span> regiones o pa\u00edses.<span id='easy-footnote-21-38552' class='easy-footnote-margin-adjust'><\/span><span class='easy-footnote'><a href='https:\/\/vincentians.com\/es\/formacion-permanente-como-fidelidad-creativa\/#easy-footnote-bottom-21-38552' title='Comisi\u00f3n de Estudios Vicentinos de Colombia (CEVCO); Centro de Animaci\u00f3n Vicentina (CAVI) en Per\u00fa; Centro de Animaci\u00f3n Vicentina y Misio\u00adnera (CAVIM) en Chile; Instituto de Estudios Vicentinos (VSI) en Estados Unidos; Grupo de Europa Central para los Estudios Vicentinos (MEGVIS); Grupo de Animaci\u00f3n Vicentina (GAV) en Italia; Semanas de Estudios Vicen\u00adcianos en Salamanca (Espa\u00f1a); Grupo de Investigaci\u00f3n y de Animaci\u00f3n Vicen\u00adciana (GRAV) en Francia; Secretariado Internacional de Estudios Vicentinos (SIEV), Centro Internacional de Formaci\u00f3n (CIF) en Par\u00eds. Recomendamos el art\u00edculo de EMERIC A. D\u2019INVILLE,&lt;em&gt; Organismos de Estudios y de Animaci\u00f3n Vicen\u00ad&lt;\/em&gt;&lt;em&gt;tina,&lt;\/em&gt; en&lt;em&gt; Vincentiana&lt;\/em&gt; (2000), 130-141.'><sup>21<\/sup><\/a><\/span> Sin duda que en las diversas Pro\u00advincias existe un fuerte compromiso por favorecer la formaci\u00f3n misionera de sus miembros pero posiblemente es necesario promover m\u00e1s la colaboraci\u00f3n interprovincial en este campo.<\/p>\n<h2><strong>5. Recursos y etapas de la Formaci\u00f3n Permannente<\/strong><\/h2>\n<h3><strong>a)<\/strong><strong><em> Recursos de la Formaci\u00f3n Permanente<\/em><\/strong><\/h3>\n<p>La formaci\u00f3n permanente implica un esfuerzo de mayor cohe\u00adrencia con las exigencias de nuestra misi\u00f3n actual, que nos permite hacer mejor lo que ya hacemos y ser m\u00e1s creativos y audaces apos\u00adt\u00f3licamente. Por eso los medios propios de nuestro modo de proce\u00adder son los m\u00e1s adecuados para vivir en fidelidad creativa, ir en fidelidad creativa.<span id='easy-footnote-22-38552' class='easy-footnote-margin-adjust'><\/span><span class='easy-footnote'><a href='https:\/\/vincentians.com\/es\/formacion-permanente-como-fidelidad-creativa\/#easy-footnote-bottom-22-38552' title='Podr\u00edamos decir que entre los medios sencillos y accesibles para nues\u00adtra fidelidad creativa tenemos: la Eucarist\u00eda diaria, la oraci\u00f3n personal y comunitaria, el sacramento de la reconciliaci\u00f3n, la direcci\u00f3n espiritual, los retiros mensuales, las reuniones de estudio, el apostolado, la misi\u00f3n, etc. Todos ellos nos impulsan a una creciente creatividad en la fidelidad, y han de tener un lugar privilegiado en el proyecto personal y comentario. Pregunt\u00e9\u00admonos si en verdad aprovechamos como debemos estos medios sencillos y ordinarios de formaci\u00f3n continua propios de nuestra vida comunitaria y qu\u00e9 debemos hacer para servirnos mejor de ellos.'><sup>22<\/sup><\/a><\/span><sup><br \/>\n<\/sup><\/p>\n<p>La formaci\u00f3n continua implica una dedicaci\u00f3n asidua a la lec\u00adtura y profundizaci\u00f3n de nuestro carisma vicentinos y en la reflexi\u00f3n teol\u00f3gico-pastoral y b\u00edblica. Esto requiere de tiempos especiales de capacitaci\u00f3n y \u00abaggiornamento\u00bb profesional e intelectual. El estudio personal y la reflexi\u00f3n compartida en comunidad deben ser parte integrante de nuestra vida como misioneros vicentinos. En ocasi\u00f3n de cambios de ministerio es conveniente una actualizaci\u00f3n en torno del nuevo ministerio al cual se ha sido asignado. Esto es tiempo de renovaci\u00f3n y capacitaci\u00f3n. Es invertir para dar un mejor servicio a los pobres. La<em> Gu\u00eda pr\u00e1ctica del Visitador<\/em> dice al respecto:<em> \u00abSin per\u00ad<\/em><em>juicio de la creatividad en la b\u00fasqueda de medios eficaces para la for\u00ad<\/em><em>maci\u00f3n permanente, se ofrecen, a modo de ejemplo, algunos medios,<\/em> <em>sin pretender que la enumeraci\u00f3n sea exhaustiva: cursos profesionales,<\/em> <em>d\u00edas de formaci\u00f3n para la Provincia, Semanas o Cursillos de Estudios a<\/em> <em>distintos niveles, una biblioteca provincial que facilite los estudios de<\/em> <em>pastoral y estudios vicencianos, adquisici\u00f3n de revistas y fomento de su<\/em> <em>lectura y, en general, poner a disposici\u00f3n de los miembros de la Provin\u00ad<\/em><em>cia todos los medios que les ayuden a actualizar su formaci\u00f3n\u00bb<\/em>.<span id='easy-footnote-23-38552' class='easy-footnote-margin-adjust'><\/span><span class='easy-footnote'><a href='https:\/\/vincentians.com\/es\/formacion-permanente-como-fidelidad-creativa\/#easy-footnote-bottom-23-38552' title='CURIA GENERAL,&lt;em&gt; Gu\u00eda pr\u00e1ctica del Visitador,&lt;\/em&gt; Roma 1998, no. 106.'><sup>23<\/sup><\/a><\/span>\n<p>Hay, sin duda, diversas actividades, eventos y programas de for\u00admaci\u00f3n permanente en el \u00e1mbito Provincial, regional o Congregacio\u00adnal que constituyen medios muy adecuados de formaci\u00f3n perma\u00adnente. Si de verdad queremos ofrecer un servicio \u00abcualificado\u00bb a los pobres, necesitamos invertir en la formaci\u00f3n permanente.<\/p>\n<h3><strong>b)<\/strong><strong><em> Etapas de la Formaci\u00f3n Permanente<\/em><\/strong><\/h3>\n<p>La formaci\u00f3n se refiere a toda la vida y abarca diversas etapas o \u00abciclos vitales\u00bb a trav\u00e9s de los cuales la persona va creciendo y reali\u00adzando su actividad.<em> \u00abHay una juventud de esp\u00edritu que permanece en el<\/em> <em>tiempo y que tiene que ver con el hecho de que el individuo busca y<\/em> <em>encuentra en cada ciclo vital un cometido diverso que realizar, un<\/em> <em>modo espec\u00edfico de ser y servir y de amar\u00bb<\/em>.<span id='easy-footnote-24-38552' class='easy-footnote-margin-adjust'><\/span><span class='easy-footnote'><a href='https:\/\/vincentians.com\/es\/formacion-permanente-como-fidelidad-creativa\/#easy-footnote-bottom-24-38552' title='VC 70.'><sup>24<\/sup><\/a><\/span> La formaci\u00f3n permanente debe tener en cuenta estas etapas con las oportunidades y desaf\u00edos que presentan y adaptarse a ellas.<span id='easy-footnote-25-38552' class='easy-footnote-margin-adjust'><\/span><span class='easy-footnote'><a href='https:\/\/vincentians.com\/es\/formacion-permanente-como-fidelidad-creativa\/#easy-footnote-bottom-25-38552' title='El Papa distingue las siguientes fases o ciclos vitales. 1) los primeros a\u00f1os de plena inserci\u00f3n en la actividad apost\u00f3lica; 2) la fase sucesiva, que puede presentar el riesgo del cansancio, la rutina y la frustraci\u00f3n por los pocos resultados alcanzados; 3) la edad adulta, con el peligro del individua\u00adlismo, la rigidez, la cerraz\u00f3n y el temor a no estar adecuado a los tiempos; 4) la edad avanzada, caracterizada por la declinaci\u00f3n de las fuerzas f\u00edsicas y ps\u00edquicas y el retiro paulatino de la actividad, y 5) el momento de unirse a la hora suprema de la pasi\u00f3n del Se\u00f1or. El Papa tambi\u00e9n habla de los momentos de crisis, cuando la fidelidad se hace m\u00e1s dif\u00edcil, y afirma la necesidad del Superior y la ayuda cualificada de un hermano. Estos momentos de prueba &lt;em&gt;\u00abse revelar\u00e1n como un instrumento providencial de formaci\u00f3n en las manos&lt;\/em&gt; &lt;em&gt;del Padre, como lucha no s\u00f3lo psicol\u00f3gica entablada por el yo en la relaci\u00f3n &lt;\/em&gt;&lt;em&gt;consigo mismo y sus debilidades, sino tambi\u00e9n religiosa, marcada cada d\u00eda por&lt;\/em&gt; &lt;em&gt;la presencia de Dios y por la fuerza poderosa de la cruz\u00bb&lt;\/em&gt; cf. VC 70.'><sup>25<\/sup><\/a><\/span>\n<p>El per\u00edodo que se refiere a los primeros a\u00f1os despu\u00e9s de la orde\u00adnaci\u00f3n sacerdotal o de la formaci\u00f3n inicial, m\u00e1s o menos est\u00e1 aten\u00addido en las diversas Provincias.<\/p>\n<p>En la \u00abfase de la edad madura\u00bb que se suele situar entre los 45 y 65 a\u00f1os, es posible que junto con el crecimiento personal, se presente una tendencia fuerte al individualismo, acompa\u00f1ado en ocasiones del temor de no estar adaptado a los tiempos y la sensaci\u00f3n de cierta rutina, cansancio y frustraci\u00f3n por no haber alcanzado las metas pre\u00advistas durante los a\u00f1os de juventud. Por esto la formaci\u00f3n perma\u00adnente se debe centrar en una m\u00e1s profunda experiencia espiritual que permita recuperar la historia personal a la luz de Dios y ver el presente como un momento de gracia y esperanza en que en los a\u00f1os posteriores todo ser\u00e1 posible con la fuerza que viene de Dios. Es muy probable tambi\u00e9n que las dificultades comunitarias y apost\u00f3licas vivi\u00addas hagan sentir la necesidad de una mayor profundizaci\u00f3n y apro\u00adpiaci\u00f3n de los valores de nuestro modo de proceder, para una \u00absegun\u00adda conversi\u00f3n\u00bb y un nuevo impulso apost\u00f3lico, junto con la purifica\u00adci\u00f3n de algunos aspectos de la personalidad, y as\u00ed poderse ofrecer a Dios con mayor pureza y generosidad.<span id='easy-footnote-26-38552' class='easy-footnote-margin-adjust'><\/span><span class='easy-footnote'><a href='https:\/\/vincentians.com\/es\/formacion-permanente-como-fidelidad-creativa\/#easy-footnote-bottom-26-38552' title='Cf. VC 70.'><sup>26<\/sup><\/a><\/span> Es un per\u00edodo muy ade\u00adcuado para interrumpir el trabajo y tomar un tiempo sab\u00e1tico que incluya un reciclaje acad\u00e9mico y pastoral, como preparaci\u00f3n a la misi\u00f3n concreta en los siguientes a\u00f1os. Cuando se acerca la edad del retiro es muy conveniente una preparaci\u00f3n humana y espiritual para asumir con alegr\u00eda y sentido esta etapa de la vida y aceptar la dismi\u00adnuci\u00f3n de la actividad. Algunas experiencias de trabajo en un campo apost\u00f3lico diferente puede tambi\u00e9n ayudar a encontrar un aposto\u00adlado adecuado a esta edad.<\/p>\n<p>La atenci\u00f3n a los ancianos y enfermos tiene una parte relevante en la vida de la Congregaci\u00f3n. Adem\u00e1s del cari\u00f1o y agradecimiento que sentimos y expresamos a nuestros hermanos que se han desgas\u00adtado en el servicio del Se\u00f1or, en la persona de los pobres, y de la Congregaci\u00f3n en la Iglesia, les decimos que tambi\u00e9n el atardecer y el anochecer de la vida tienen una misi\u00f3n y por lo mismo es necesario vivir esta etapa en actitud de formaci\u00f3n continua. Ellos son una ben\u00addici\u00f3n para nuestras casas y Provincias.<span id='easy-footnote-27-38552' class='easy-footnote-margin-adjust'><\/span><span class='easy-footnote'><a href='https:\/\/vincentians.com\/es\/formacion-permanente-como-fidelidad-creativa\/#easy-footnote-bottom-27-38552' title='&lt;em&gt;\u00abLos misioneros enfermos, los delicados de salud y los ancianos nos ser\u00e1n&lt;\/em&gt; &lt;em&gt;entra\u00f1ablemente queridos y estimaremos su presencia como una bendici\u00f3n para&lt;\/em&gt; &lt;em&gt;nuestras casas. Por eso, adem\u00e1s de procurarles los cuidados m\u00e9dicos y aliviarles&lt;\/em&gt; &lt;em&gt;en su vida, les reservaremos una participaci\u00f3n adecuada en la vida familia y en&lt;\/em&gt; &lt;em&gt;nuestros apostolado\u00bb&lt;\/em&gt; (C 26, 1).'><sup>27<\/sup><\/a><\/span> Es muy de desear que los misioneros vicentinos ancianos permanezcan en una comunidad apost\u00f3lica mientras no necesiten una ayuda extraordinaria, y que tengan una ocupaci\u00f3n adecuada a su situaci\u00f3n personal, para expe\u00adrimentar en esta etapa de su vida, lo que dice el salmista hablando del justo y compararlo con el cedro del L\u00edbano:<em>&#8230; en la vejez segui\u00ad<\/em><em>r\u00e1 dando fruto y estar\u00e1 lozano y frondoso, proclamando que el Se\u00f1or<\/em> <em>es recto<\/em>.<span id='easy-footnote-28-38552' class='easy-footnote-margin-adjust'><\/span><span class='easy-footnote'><a href='https:\/\/vincentians.com\/es\/formacion-permanente-como-fidelidad-creativa\/#easy-footnote-bottom-28-38552' title='Cf. Salmo 92,15. En la \u00abtercera edad\u00bb es todav\u00eda posible organizar algu\u00adnos encuentros de apoyo espiritual adoptados al ritmo de vida humano y apost\u00f3lico, que puedan ayudar a los ancianos y enfermos a seguir activos en la medida de sus fuerzas y para apoyarles en sus dificultades y acompa\u00f1arles a no caer en la tentaci\u00f3n del desinter\u00e9s, de la apat\u00eda y del aislamiento.'><sup>28<\/sup><\/a><\/span>\n<h2><strong>6. Conclusi\u00f3n<\/strong><\/h2>\n<p>Se concluye esta reflexi\u00f3n con una s\u00edntesis que recoge los aspec\u00adtos m\u00e1s pr\u00e1cticos para realizar la formaci\u00f3n permanente. Todos deben asumir su responsabilidad con sinceridad y generosidad, pues la calidad de nuestro apostolado, la existencia de muchas de nuestras obras apost\u00f3licas y el futuro de nuestro servicio a la Iglesia dependen en gran parte de nuestra formaci\u00f3n permanente. Cada misionero vicentino se debe preguntar de qu\u00e9 forma est\u00e1 usando los talentos que Dios le dio y c\u00f3mo se prepara para ser instrumento apto en sus manos. La respuesta debe quedar claramente expresada en su pro\u00adyecto personal de vida que ha de discernir con su superior local. As\u00ed mismo cada comunidad ha de elaborar un proyecto que incluya la formaci\u00f3n permanente como un aspecto esencial, aprobado por el Provincial. Se han de aprovechar mejor de los medios ofrecidos por nuestra Congregaci\u00f3n como la direcci\u00f3n espiritual, la vida sacramen\u00adtal y la oraci\u00f3n; el discernimiento apost\u00f3lico comunitario apoyado en una constante renovaci\u00f3n y capacitaci\u00f3n apost\u00f3lica y pastoral a tra\u00adv\u00e9s del estudio y reflexi\u00f3n personal asiduos, tiempos sab\u00e1ticos debi\u00addamente planeados y organizados, y la participaci\u00f3n en diversas reuniones en el nivel de las Provincias, Regiones y Congregacional. Estas reuniones han de incluir siempre un aspecto de estudio y reflexi\u00f3n sobre alg\u00fan tema que capacite m\u00e1s y mejor para la misi\u00f3n apost\u00f3lica.<\/p>\n<p>La formaci\u00f3n inicial de los nuestros ha de capacitar a los misio\u00adneros vicentinos para vivir siempre en formaci\u00f3n. Es necesario garantizar una formaci\u00f3n permanente integral en fidelidad creativa a la misi\u00f3n que Dios le ha confiado a la \u00abpeque\u00f1a\u00bb Compa\u00f1\u00eda.<span id='easy-footnote-29-38552' class='easy-footnote-margin-adjust'><\/span><span class='easy-footnote'><a href='https:\/\/vincentians.com\/es\/formacion-permanente-como-fidelidad-creativa\/#easy-footnote-bottom-29-38552' title='Estamos invitados a renovar la FP en la Congregaci\u00f3n. Hemos iniciado una breve encuesta para conocer como nuestra realidad al respecto, daremos a conocer los resultados en su momento y ello nos estimular\u00e1 para renovarla.'><sup>29<\/sup><\/a><\/span>\n","protected":false},"excerpt":{"rendered":"<p>1. Introducci\u00f3n La Formaci\u00f3n Permanente (FP) y la fidelidad al carisma vicen\u00adtino constituyen \u00ablos pilares\u00bb de la renovaci\u00f3n espiritual y apost\u00f3lica de la Congregaci\u00f3n. Nuestras Constituciones hablan al respecto: \u00ab&#8230; Presten, adem\u00e1s, los misioneros ayuda &#8230; <a href=\"https:\/\/vincentians.com\/es\/formacion-permanente-como-fidelidad-creativa\/\" class=\"more-link\">Read More<\/a><\/p>\n","protected":false},"author":4,"featured_media":38554,"comment_status":"open","ping_status":"open","sticky":false,"template":"","format":"standard","meta":{"jetpack_post_was_ever_published":false,"_jetpack_newsletter_access":"","_jetpack_dont_email_post_to_subs":false,"_jetpack_newsletter_tier_id":0,"_jetpack_memberships_contains_paywalled_content":false,"_jetpack_memberships_contains_paid_content":false,"footnotes":"","jetpack_publicize_message":"","jetpack_publicize_feature_enabled":true,"jetpack_social_post_already_shared":true,"jetpack_social_options":{"image_generator_settings":{"template":"highway","default_image_id":0,"font":"","enabled":false},"version":2}},"categories":[28],"tags":[],"class_list":["post-38552","post","type-post","status-publish","format-standard","has-post-thumbnail","hentry","category-formacion-vicenciana"],"yoast_head":"<!-- This site is optimized with the Yoast SEO plugin v26.3 - https:\/\/yoast.com\/wordpress\/plugins\/seo\/ -->\n<title>Formaci\u00f3n Permanente como fidelidad creativa - Somos Vicencianos<\/title>\n<meta name=\"robots\" content=\"index, follow, max-snippet:-1, max-image-preview:large, max-video-preview:-1\" \/>\n<link rel=\"canonical\" href=\"https:\/\/vincentians.com\/es\/formacion-permanente-como-fidelidad-creativa\/\" \/>\n<meta property=\"og:locale\" content=\"es_ES\" \/>\n<meta property=\"og:type\" content=\"article\" \/>\n<meta property=\"og:title\" content=\"Formaci\u00f3n Permanente como fidelidad creativa - Somos Vicencianos\" \/>\n<meta property=\"og:description\" content=\"1. Introducci\u00f3n La Formaci\u00f3n Permanente (FP) y la fidelidad al carisma vicen\u00adtino constituyen \u00ablos pilares\u00bb de la renovaci\u00f3n espiritual y apost\u00f3lica de la Congregaci\u00f3n. Nuestras Constituciones hablan al respecto: \u00ab&#8230; Presten, adem\u00e1s, los misioneros ayuda ... Read More\" \/>\n<meta property=\"og:url\" content=\"https:\/\/vincentians.com\/es\/formacion-permanente-como-fidelidad-creativa\/\" \/>\n<meta property=\"og:site_name\" content=\"Somos Vicencianos\" \/>\n<meta property=\"article:publisher\" content=\"https:\/\/www.facebook.com\/WeAreVincentians\/\" \/>\n<meta property=\"article:author\" content=\"https:\/\/www.facebook.com\/JavierChento\" \/>\n<meta property=\"article:published_time\" content=\"2015-02-10T04:46:52+00:00\" \/>\n<meta property=\"article:modified_time\" content=\"2016-07-26T17:17:58+00:00\" \/>\n<meta name=\"author\" content=\"Francisco Javier Fern\u00e1ndez Chento\" \/>\n<meta name=\"twitter:card\" content=\"summary_large_image\" \/>\n<meta name=\"twitter:creator\" content=\"@https:\/\/twitter.com\/javierchento\" \/>\n<meta name=\"twitter:site\" content=\"@WeVincentians\" \/>\n<meta name=\"twitter:label1\" content=\"Escrito por\" \/>\n\t<meta name=\"twitter:data1\" content=\"Francisco Javier Fern\u00e1ndez Chento\" \/>\n\t<meta name=\"twitter:label2\" content=\"Tiempo de lectura\" \/>\n\t<meta name=\"twitter:data2\" content=\"29 minutos\" \/>\n<script type=\"application\/ld+json\" class=\"yoast-schema-graph\">{\"@context\":\"https:\/\/schema.org\",\"@graph\":[{\"@type\":\"Article\",\"@id\":\"https:\/\/vincentians.com\/es\/formacion-permanente-como-fidelidad-creativa\/#article\",\"isPartOf\":{\"@id\":\"https:\/\/vincentians.com\/es\/formacion-permanente-como-fidelidad-creativa\/\"},\"author\":{\"name\":\"Francisco Javier Fern\u00e1ndez Chento\",\"@id\":\"http:\/\/vincentians.com\/es\/#\/schema\/person\/9623ef4d9aa3b2dfb8c061f1499288f2\"},\"headline\":\"Formaci\u00f3n Permanente como fidelidad creativa\",\"datePublished\":\"2015-02-10T04:46:52+00:00\",\"dateModified\":\"2016-07-26T17:17:58+00:00\",\"mainEntityOfPage\":{\"@id\":\"https:\/\/vincentians.com\/es\/formacion-permanente-como-fidelidad-creativa\/\"},\"wordCount\":5856,\"commentCount\":0,\"publisher\":{\"@id\":\"http:\/\/vincentians.com\/es\/#organization\"},\"image\":{\"@id\":\"https:\/\/vincentians.com\/es\/formacion-permanente-como-fidelidad-creativa\/#primaryimage\"},\"thumbnailUrl\":\"\",\"articleSection\":[\"Formaci\u00f3n Vicenciana\"],\"inLanguage\":\"es\",\"potentialAction\":[{\"@type\":\"CommentAction\",\"name\":\"Comment\",\"target\":[\"https:\/\/vincentians.com\/es\/formacion-permanente-como-fidelidad-creativa\/#respond\"]}]},{\"@type\":\"WebPage\",\"@id\":\"https:\/\/vincentians.com\/es\/formacion-permanente-como-fidelidad-creativa\/\",\"url\":\"https:\/\/vincentians.com\/es\/formacion-permanente-como-fidelidad-creativa\/\",\"name\":\"Formaci\u00f3n Permanente como fidelidad creativa - Somos Vicencianos\",\"isPartOf\":{\"@id\":\"http:\/\/vincentians.com\/es\/#website\"},\"primaryImageOfPage\":{\"@id\":\"https:\/\/vincentians.com\/es\/formacion-permanente-como-fidelidad-creativa\/#primaryimage\"},\"image\":{\"@id\":\"https:\/\/vincentians.com\/es\/formacion-permanente-como-fidelidad-creativa\/#primaryimage\"},\"thumbnailUrl\":\"\",\"datePublished\":\"2015-02-10T04:46:52+00:00\",\"dateModified\":\"2016-07-26T17:17:58+00:00\",\"breadcrumb\":{\"@id\":\"https:\/\/vincentians.com\/es\/formacion-permanente-como-fidelidad-creativa\/#breadcrumb\"},\"inLanguage\":\"es\",\"potentialAction\":[{\"@type\":\"ReadAction\",\"target\":[\"https:\/\/vincentians.com\/es\/formacion-permanente-como-fidelidad-creativa\/\"]}]},{\"@type\":\"ImageObject\",\"inLanguage\":\"es\",\"@id\":\"https:\/\/vincentians.com\/es\/formacion-permanente-como-fidelidad-creativa\/#primaryimage\",\"url\":\"\",\"contentUrl\":\"\"},{\"@type\":\"BreadcrumbList\",\"@id\":\"https:\/\/vincentians.com\/es\/formacion-permanente-como-fidelidad-creativa\/#breadcrumb\",\"itemListElement\":[{\"@type\":\"ListItem\",\"position\":1,\"name\":\"Portada\",\"item\":\"http:\/\/vincentians.com\/es\/\"},{\"@type\":\"ListItem\",\"position\":2,\"name\":\"Formaci\u00f3n Permanente como fidelidad creativa\"}]},{\"@type\":\"WebSite\",\"@id\":\"http:\/\/vincentians.com\/es\/#website\",\"url\":\"http:\/\/vincentians.com\/es\/\",\"name\":\"Somos Vicencianos\",\"description\":\"Know more to serve more\",\"publisher\":{\"@id\":\"http:\/\/vincentians.com\/es\/#organization\"},\"potentialAction\":[{\"@type\":\"SearchAction\",\"target\":{\"@type\":\"EntryPoint\",\"urlTemplate\":\"http:\/\/vincentians.com\/es\/?s={search_term_string}\"},\"query-input\":{\"@type\":\"PropertyValueSpecification\",\"valueRequired\":true,\"valueName\":\"search_term_string\"}}],\"inLanguage\":\"es\"},{\"@type\":\"Organization\",\"@id\":\"http:\/\/vincentians.com\/es\/#organization\",\"name\":\"The Vincentian Network\",\"url\":\"http:\/\/vincentians.com\/es\/\",\"logo\":{\"@type\":\"ImageObject\",\"inLanguage\":\"es\",\"@id\":\"http:\/\/vincentians.com\/es\/#\/schema\/logo\/image\/\",\"url\":\"https:\/\/i1.wp.com\/vincentians.com\/es\/wp-content\/uploads\/sites\/11\/2016\/06\/Vincentian-Network-logo-big.png?fit=778%2C778\",\"contentUrl\":\"https:\/\/i1.wp.com\/vincentians.com\/es\/wp-content\/uploads\/sites\/11\/2016\/06\/Vincentian-Network-logo-big.png?fit=778%2C778\",\"width\":778,\"height\":778,\"caption\":\"The Vincentian Network\"},\"image\":{\"@id\":\"http:\/\/vincentians.com\/es\/#\/schema\/logo\/image\/\"},\"sameAs\":[\"https:\/\/www.facebook.com\/WeAreVincentians\/\",\"https:\/\/x.com\/WeVincentians\"]},{\"@type\":\"Person\",\"@id\":\"http:\/\/vincentians.com\/es\/#\/schema\/person\/9623ef4d9aa3b2dfb8c061f1499288f2\",\"name\":\"Francisco Javier Fern\u00e1ndez Chento\",\"image\":{\"@type\":\"ImageObject\",\"inLanguage\":\"es\",\"@id\":\"http:\/\/vincentians.com\/es\/#\/schema\/person\/image\/\",\"url\":\"https:\/\/secure.gravatar.com\/avatar\/497d5cde87b4c3d097d0315953521681ba2cd523ee66e5077c3711f7021e65de?s=96&d=mm&r=g\",\"contentUrl\":\"https:\/\/secure.gravatar.com\/avatar\/497d5cde87b4c3d097d0315953521681ba2cd523ee66e5077c3711f7021e65de?s=96&d=mm&r=g\",\"caption\":\"Francisco Javier Fern\u00e1ndez Chento\"},\"description\":\"Director General y cofundador de La Red de Formaci\u00f3n Vicenciana. Javier es laico vicenciano, afiliado a la Congregaci\u00f3n de la Misi\u00f3n y miembro del Equipo de Misiones Populares de la provincia can\u00f3nica de Zaragoza (Espa\u00f1a) de la Congregaci\u00f3n de la Misi\u00f3n. Graduado en la Universidad Oberta de Catalunya con cuatro grados (Asistente de direcci\u00f3n, Gesti\u00f3n Administrativa, Recursos Humanos y Contabilidad Avanzada). Bil\u00edng\u00fce Espa\u00f1ol\/Ingl\u00e9s. gestiona y mantiene varias p\u00e1ginas web cristianas y vicencianas, incluida including La Red de Formaci\u00f3n Vicenciana, de la que es cofundador. Actualmente es responsable del \u00e1rea de Espa\u00f1ol de .famvin, la Red de Noticias de la Familia Vicenciana. Tambi\u00e9n es m\u00fasico cat\u00f3lico y ha editado varios discos. Es Director General y cofundador de Trovador, una reconocida compa\u00f1\u00eda discogr\u00e1fica critiana de Espa\u00f1a. Trabaja en las Tecnolog\u00edas de la Informaci\u00f3n, ofreciendo servicios de alojamiento, dise\u00f1o y mantenimiento Web, as\u00ed como asesoramiento, formaci\u00f3n y soluciones inform\u00e1ticas, gesti\u00f3n documental y digitalizaci\u00f3n de textos, edici\u00f3n y maquetaci\u00f3n de libros, revistas, flyers, etc.\",\"sameAs\":[\"http:\/\/chento.org\",\"https:\/\/www.facebook.com\/JavierChento\",\"https:\/\/x.com\/https:\/\/twitter.com\/javierchento\"],\"url\":\"https:\/\/vincentians.com\/es\/author\/chento\/\"}]}<\/script>\n<!-- \/ Yoast SEO plugin. -->","yoast_head_json":{"title":"Formaci\u00f3n Permanente como fidelidad creativa - Somos Vicencianos","robots":{"index":"index","follow":"follow","max-snippet":"max-snippet:-1","max-image-preview":"max-image-preview:large","max-video-preview":"max-video-preview:-1"},"canonical":"https:\/\/vincentians.com\/es\/formacion-permanente-como-fidelidad-creativa\/","og_locale":"es_ES","og_type":"article","og_title":"Formaci\u00f3n Permanente como fidelidad creativa - Somos Vicencianos","og_description":"1. Introducci\u00f3n La Formaci\u00f3n Permanente (FP) y la fidelidad al carisma vicen\u00adtino constituyen \u00ablos pilares\u00bb de la renovaci\u00f3n espiritual y apost\u00f3lica de la Congregaci\u00f3n. Nuestras Constituciones hablan al respecto: \u00ab&#8230; Presten, adem\u00e1s, los misioneros ayuda ... Read More","og_url":"https:\/\/vincentians.com\/es\/formacion-permanente-como-fidelidad-creativa\/","og_site_name":"Somos Vicencianos","article_publisher":"https:\/\/www.facebook.com\/WeAreVincentians\/","article_author":"https:\/\/www.facebook.com\/JavierChento","article_published_time":"2015-02-10T04:46:52+00:00","article_modified_time":"2016-07-26T17:17:58+00:00","author":"Francisco Javier Fern\u00e1ndez Chento","twitter_card":"summary_large_image","twitter_creator":"@https:\/\/twitter.com\/javierchento","twitter_site":"@WeVincentians","twitter_misc":{"Escrito por":"Francisco Javier Fern\u00e1ndez Chento","Tiempo de lectura":"29 minutos"},"schema":{"@context":"https:\/\/schema.org","@graph":[{"@type":"Article","@id":"https:\/\/vincentians.com\/es\/formacion-permanente-como-fidelidad-creativa\/#article","isPartOf":{"@id":"https:\/\/vincentians.com\/es\/formacion-permanente-como-fidelidad-creativa\/"},"author":{"name":"Francisco Javier Fern\u00e1ndez Chento","@id":"http:\/\/vincentians.com\/es\/#\/schema\/person\/9623ef4d9aa3b2dfb8c061f1499288f2"},"headline":"Formaci\u00f3n Permanente como fidelidad creativa","datePublished":"2015-02-10T04:46:52+00:00","dateModified":"2016-07-26T17:17:58+00:00","mainEntityOfPage":{"@id":"https:\/\/vincentians.com\/es\/formacion-permanente-como-fidelidad-creativa\/"},"wordCount":5856,"commentCount":0,"publisher":{"@id":"http:\/\/vincentians.com\/es\/#organization"},"image":{"@id":"https:\/\/vincentians.com\/es\/formacion-permanente-como-fidelidad-creativa\/#primaryimage"},"thumbnailUrl":"","articleSection":["Formaci\u00f3n Vicenciana"],"inLanguage":"es","potentialAction":[{"@type":"CommentAction","name":"Comment","target":["https:\/\/vincentians.com\/es\/formacion-permanente-como-fidelidad-creativa\/#respond"]}]},{"@type":"WebPage","@id":"https:\/\/vincentians.com\/es\/formacion-permanente-como-fidelidad-creativa\/","url":"https:\/\/vincentians.com\/es\/formacion-permanente-como-fidelidad-creativa\/","name":"Formaci\u00f3n Permanente como fidelidad creativa - Somos Vicencianos","isPartOf":{"@id":"http:\/\/vincentians.com\/es\/#website"},"primaryImageOfPage":{"@id":"https:\/\/vincentians.com\/es\/formacion-permanente-como-fidelidad-creativa\/#primaryimage"},"image":{"@id":"https:\/\/vincentians.com\/es\/formacion-permanente-como-fidelidad-creativa\/#primaryimage"},"thumbnailUrl":"","datePublished":"2015-02-10T04:46:52+00:00","dateModified":"2016-07-26T17:17:58+00:00","breadcrumb":{"@id":"https:\/\/vincentians.com\/es\/formacion-permanente-como-fidelidad-creativa\/#breadcrumb"},"inLanguage":"es","potentialAction":[{"@type":"ReadAction","target":["https:\/\/vincentians.com\/es\/formacion-permanente-como-fidelidad-creativa\/"]}]},{"@type":"ImageObject","inLanguage":"es","@id":"https:\/\/vincentians.com\/es\/formacion-permanente-como-fidelidad-creativa\/#primaryimage","url":"","contentUrl":""},{"@type":"BreadcrumbList","@id":"https:\/\/vincentians.com\/es\/formacion-permanente-como-fidelidad-creativa\/#breadcrumb","itemListElement":[{"@type":"ListItem","position":1,"name":"Portada","item":"http:\/\/vincentians.com\/es\/"},{"@type":"ListItem","position":2,"name":"Formaci\u00f3n Permanente como fidelidad creativa"}]},{"@type":"WebSite","@id":"http:\/\/vincentians.com\/es\/#website","url":"http:\/\/vincentians.com\/es\/","name":"Somos Vicencianos","description":"Know more to serve more","publisher":{"@id":"http:\/\/vincentians.com\/es\/#organization"},"potentialAction":[{"@type":"SearchAction","target":{"@type":"EntryPoint","urlTemplate":"http:\/\/vincentians.com\/es\/?s={search_term_string}"},"query-input":{"@type":"PropertyValueSpecification","valueRequired":true,"valueName":"search_term_string"}}],"inLanguage":"es"},{"@type":"Organization","@id":"http:\/\/vincentians.com\/es\/#organization","name":"The Vincentian Network","url":"http:\/\/vincentians.com\/es\/","logo":{"@type":"ImageObject","inLanguage":"es","@id":"http:\/\/vincentians.com\/es\/#\/schema\/logo\/image\/","url":"https:\/\/i1.wp.com\/vincentians.com\/es\/wp-content\/uploads\/sites\/11\/2016\/06\/Vincentian-Network-logo-big.png?fit=778%2C778","contentUrl":"https:\/\/i1.wp.com\/vincentians.com\/es\/wp-content\/uploads\/sites\/11\/2016\/06\/Vincentian-Network-logo-big.png?fit=778%2C778","width":778,"height":778,"caption":"The Vincentian Network"},"image":{"@id":"http:\/\/vincentians.com\/es\/#\/schema\/logo\/image\/"},"sameAs":["https:\/\/www.facebook.com\/WeAreVincentians\/","https:\/\/x.com\/WeVincentians"]},{"@type":"Person","@id":"http:\/\/vincentians.com\/es\/#\/schema\/person\/9623ef4d9aa3b2dfb8c061f1499288f2","name":"Francisco Javier Fern\u00e1ndez Chento","image":{"@type":"ImageObject","inLanguage":"es","@id":"http:\/\/vincentians.com\/es\/#\/schema\/person\/image\/","url":"https:\/\/secure.gravatar.com\/avatar\/497d5cde87b4c3d097d0315953521681ba2cd523ee66e5077c3711f7021e65de?s=96&d=mm&r=g","contentUrl":"https:\/\/secure.gravatar.com\/avatar\/497d5cde87b4c3d097d0315953521681ba2cd523ee66e5077c3711f7021e65de?s=96&d=mm&r=g","caption":"Francisco Javier Fern\u00e1ndez Chento"},"description":"Director General y cofundador de La Red de Formaci\u00f3n Vicenciana. Javier es laico vicenciano, afiliado a la Congregaci\u00f3n de la Misi\u00f3n y miembro del Equipo de Misiones Populares de la provincia can\u00f3nica de Zaragoza (Espa\u00f1a) de la Congregaci\u00f3n de la Misi\u00f3n. Graduado en la Universidad Oberta de Catalunya con cuatro grados (Asistente de direcci\u00f3n, Gesti\u00f3n Administrativa, Recursos Humanos y Contabilidad Avanzada). Bil\u00edng\u00fce Espa\u00f1ol\/Ingl\u00e9s. gestiona y mantiene varias p\u00e1ginas web cristianas y vicencianas, incluida including La Red de Formaci\u00f3n Vicenciana, de la que es cofundador. Actualmente es responsable del \u00e1rea de Espa\u00f1ol de .famvin, la Red de Noticias de la Familia Vicenciana. Tambi\u00e9n es m\u00fasico cat\u00f3lico y ha editado varios discos. Es Director General y cofundador de Trovador, una reconocida compa\u00f1\u00eda discogr\u00e1fica critiana de Espa\u00f1a. Trabaja en las Tecnolog\u00edas de la Informaci\u00f3n, ofreciendo servicios de alojamiento, dise\u00f1o y mantenimiento Web, as\u00ed como asesoramiento, formaci\u00f3n y soluciones inform\u00e1ticas, gesti\u00f3n documental y digitalizaci\u00f3n de textos, edici\u00f3n y maquetaci\u00f3n de libros, revistas, flyers, etc.","sameAs":["http:\/\/chento.org","https:\/\/www.facebook.com\/JavierChento","https:\/\/x.com\/https:\/\/twitter.com\/javierchento"],"url":"https:\/\/vincentians.com\/es\/author\/chento\/"}]}},"jetpack_publicize_connections":[],"jetpack_featured_media_url":"","jetpack_sharing_enabled":true,"jetpack_shortlink":"https:\/\/wp.me\/p7ETMF-a1O","jetpack-related-posts":[{"id":120617,"url":"https:\/\/vincentians.com\/es\/la-formacion-permanente-urgencia-necesaria\/","url_meta":{"origin":38552,"position":0},"title":"La formaci\u00f3n permanente, urgencia necesaria","author":"Francisco Javier Fern\u00e1ndez Chento","date":"13\/09\/2022","format":false,"excerpt":"Introducci\u00f3n Centrada esta Semana de Estudios en el tema de las \"Urgen\u00adcias pastorales de la Familia Vicenciana\" he de confesar que sent\u00ed ante el Programa presentado una doble extra\u00f1eza. Siendo de car\u00e1cter pastoral el planteamiento, me chocaban en primer lugar temas como la santidad y la vida espiritual, la formaci\u00f3n\u2026","rel":"","context":"En \u00abFormaci\u00f3n Vicenciana\u00bb","block_context":{"text":"Formaci\u00f3n Vicenciana","link":"https:\/\/vincentians.com\/es\/category\/formacion-vicenciana\/"},"img":{"alt_text":"","src":"https:\/\/i0.wp.com\/vincentians.com\/es\/wp-content\/uploads\/sites\/11\/2013\/04\/formacion_permanente-1.jpg?fit=303%2C303&ssl=1&resize=350%2C200","width":350,"height":200},"classes":[]},{"id":16387,"url":"https:\/\/vincentians.com\/es\/la-formacion-permanente-del-misionero\/","url_meta":{"origin":38552,"position":1},"title":"La formaci\u00f3n permanente del misionero","author":"Francisco Javier Fern\u00e1ndez Chento","date":"19\/01\/2018","format":false,"excerpt":"La Formaci\u00f3n Permanente, exigencia de fidelidad al don de la vocaci\u00f3n Las L\u00edneas Operativas de la provincia de Zaragoza nos recuerdan: En respuesta a la llamada de Dios, que se inici\u00f3 en el bautismo, nos esforzamos por seguir a Cristo evangelizador de los pobres, dando forma en nosotros a las\u2026","rel":"","context":"En \u00abFormaci\u00f3n Vicenciana\u00bb","block_context":{"text":"Formaci\u00f3n Vicenciana","link":"https:\/\/vincentians.com\/es\/category\/formacion-vicenciana\/"},"img":{"alt_text":"","src":"","width":0,"height":0},"classes":[]},{"id":35800,"url":"https:\/\/vincentians.com\/es\/el-tiempo-de-la-formacion-permanente\/","url_meta":{"origin":38552,"position":2},"title":"El tiempo de la Formaci\u00f3n Permanente","author":"Francisco Javier Fern\u00e1ndez Chento","date":"27\/06\/2014","format":false,"excerpt":"La Instrucci\u00f3n Caminar desde Cristo (2002) plantea la Formaci\u00f3n Permanente como camino que dura toda la vida y que guarda rela\u00adci\u00f3n con el tiempo en sus diversos ritmos (diario, semanal, men\u00adsual, anual).A la luz de este planteamiento, deseo reflexionar sobre el tiem\u00adpo de la Formaci\u00f3n Permanente desde dos perspectivas comple\u00admentarias:\u2026","rel":"","context":"En \u00abFormaci\u00f3n Vicenciana\u00bb","block_context":{"text":"Formaci\u00f3n Vicenciana","link":"https:\/\/vincentians.com\/es\/category\/formacion-vicenciana\/"},"img":{"alt_text":"","src":"https:\/\/i0.wp.com\/vicencianos.org\/wp-content\/2011\/04\/fillup_sm_gif-300x264.jpg?resize=350%2C200","width":350,"height":200},"classes":[]},{"id":136691,"url":"https:\/\/vincentians.com\/es\/la-hermana-sirviente-y-la-formacion-de-hermanas-jovenes\/","url_meta":{"origin":38552,"position":3},"title":"La hermana sirviente y la formaci\u00f3n de hermanas j\u00f3venes","author":"Francisco Javier Fern\u00e1ndez Chento","date":"29\/01\/2015","format":false,"excerpt":"Aunque la formaci\u00f3n se puede considerar como un complemento de la animaci\u00f3n, conviene analizar, sin embargo, la influencia que tienen las Hermanas Sirvientes en la formaci\u00f3n de las Hermanas J\u00f3venes. Ciertamente es notoria la disminuci\u00f3n de vocaciones y escaso el n\u00famero de Hermanas J\u00f3venes, pero examinar la formaci\u00f3n que debieran\u2026","rel":"","context":"En \u00abHijas de la Caridad\u00bb","block_context":{"text":"Hijas de la Caridad","link":"https:\/\/vincentians.com\/es\/category\/la-familia-vicenciana\/ramas\/hijas-de-la-caridad\/"},"img":{"alt_text":"hermanas sirvientes","src":"https:\/\/i0.wp.com\/vicencianos.org\/wp-content\/2015\/01\/hermanas-sirvientes-300x204.jpg?resize=350%2C200","width":350,"height":200},"classes":[]},{"id":21397,"url":"https:\/\/vincentians.com\/es\/que-es-la-formacion-permanente\/","url_meta":{"origin":38552,"position":4},"title":"\u00bfQu\u00e9 es la Formaci\u00f3n Permanente?","author":"Francisco Javier Fern\u00e1ndez Chento","date":"13\/05\/2017","format":false,"excerpt":"La formaci\u00f3n permanente es un proceso de estar al d\u00eda en nues\u00adtra profesi\u00f3n elegida. La formaci\u00f3n inicial y la formaci\u00f3n profesional son s\u00f3lo las bases de un proceso continuado de estar preparado y al d\u00eda. Por lo tanto es una responsabilidad profesional comprometerse a continuar la formaci\u00f3n. Los profesionales se\u2026","rel":"","context":"En \u00abFormaci\u00f3n Vicenciana\u00bb","block_context":{"text":"Formaci\u00f3n Vicenciana","link":"https:\/\/vincentians.com\/es\/category\/formacion-vicenciana\/"},"img":{"alt_text":"","src":"https:\/\/i0.wp.com\/vincentians.com\/es\/wp-content\/uploads\/sites\/11\/2016\/08\/San_Carlos_Borromeo.jpg?fit=1200%2C630&ssl=1&resize=350%2C200","width":350,"height":200,"srcset":"https:\/\/i0.wp.com\/vincentians.com\/es\/wp-content\/uploads\/sites\/11\/2016\/08\/San_Carlos_Borromeo.jpg?fit=1200%2C630&ssl=1&resize=350%2C200 1x, https:\/\/i0.wp.com\/vincentians.com\/es\/wp-content\/uploads\/sites\/11\/2016\/08\/San_Carlos_Borromeo.jpg?fit=1200%2C630&ssl=1&resize=525%2C300 1.5x, https:\/\/i0.wp.com\/vincentians.com\/es\/wp-content\/uploads\/sites\/11\/2016\/08\/San_Carlos_Borromeo.jpg?fit=1200%2C630&ssl=1&resize=700%2C400 2x, https:\/\/i0.wp.com\/vincentians.com\/es\/wp-content\/uploads\/sites\/11\/2016\/08\/San_Carlos_Borromeo.jpg?fit=1200%2C630&ssl=1&resize=1050%2C600 3x"},"classes":[]},{"id":36994,"url":"https:\/\/vincentians.com\/es\/la-formacion-un-proceso-de-vida\/","url_meta":{"origin":38552,"position":5},"title":"La formaci\u00f3n, un proceso de vida","author":"Francisco Javier Fern\u00e1ndez Chento","date":"17\/06\/2015","format":false,"excerpt":"I. Avanzando hacia lo fundamental Gracias por su invitaci\u00f3n para hablar sobre la educaci\u00f3n a lo largo de la vida y la formaci\u00f3n permanente en la Congregaci\u00f3n de la Misi\u00f3n. Lo considero como una invitaci\u00f3n a reflexionar sobre nuestra vocaci\u00f3n personal y com\u00fan para crecer en nuestras propias vidas como\u2026","rel":"","context":"En \u00abFormaci\u00f3n Vicenciana\u00bb","block_context":{"text":"Formaci\u00f3n Vicenciana","link":"https:\/\/vincentians.com\/es\/category\/formacion-vicenciana\/"},"img":{"alt_text":"formacion_continua","src":"https:\/\/i0.wp.com\/vicencianos.org\/wp-content\/2015\/06\/formacion_continua-300x200.jpg?resize=350%2C200","width":350,"height":200},"classes":[]}],"_links":{"self":[{"href":"https:\/\/vincentians.com\/es\/wp-json\/wp\/v2\/posts\/38552","targetHints":{"allow":["GET"]}}],"collection":[{"href":"https:\/\/vincentians.com\/es\/wp-json\/wp\/v2\/posts"}],"about":[{"href":"https:\/\/vincentians.com\/es\/wp-json\/wp\/v2\/types\/post"}],"author":[{"embeddable":true,"href":"https:\/\/vincentians.com\/es\/wp-json\/wp\/v2\/users\/4"}],"replies":[{"embeddable":true,"href":"https:\/\/vincentians.com\/es\/wp-json\/wp\/v2\/comments?post=38552"}],"version-history":[{"count":0,"href":"https:\/\/vincentians.com\/es\/wp-json\/wp\/v2\/posts\/38552\/revisions"}],"wp:featuredmedia":[{"embeddable":true,"href":"https:\/\/vincentians.com\/es\/wp-json\/"}],"wp:attachment":[{"href":"https:\/\/vincentians.com\/es\/wp-json\/wp\/v2\/media?parent=38552"}],"wp:term":[{"taxonomy":"category","embeddable":true,"href":"https:\/\/vincentians.com\/es\/wp-json\/wp\/v2\/categories?post=38552"},{"taxonomy":"post_tag","embeddable":true,"href":"https:\/\/vincentians.com\/es\/wp-json\/wp\/v2\/tags?post=38552"}],"curies":[{"name":"wp","href":"https:\/\/api.w.org\/{rel}","templated":true}]}}