{"id":3849,"date":"2013-12-10T03:18:45","date_gmt":"2013-12-10T02:18:45","guid":{"rendered":"http:\/\/somos.vicencianos.org\/blog\/?p=3849"},"modified":"2013-12-10T03:18:45","modified_gmt":"2013-12-10T02:18:45","slug":"propio-de-la-liturgia-de-las-horas-en-la-fiesta-del-beato-marco-antonio-durando","status":"publish","type":"post","link":"https:\/\/vincentians.com\/es\/propio-de-la-liturgia-de-las-horas-en-la-fiesta-del-beato-marco-antonio-durando\/","title":{"rendered":"Propio de la Liturgia de las Horas en la fiesta del beato Marco Antonio Durando"},"content":{"rendered":"<p style=\"text-align: center\">D\u00eda 10 de diciembre<\/p>\n<h2 style=\"text-align: center\">BEATO MARCO ANTONIO DURANDO<\/h2>\n<p style=\"text-align: center\"><strong>Presb\u00edtero, Memoria <\/strong><\/p>\n<p>El bienaventurado Marco Antonio Durando naci\u00f3 el 22 de agosto de 1801 en Mondovi (Italia). El 12 junio de 1824 fue ordenado sacerdote en la Congregaci\u00f3n de la Misi\u00f3n. Casi toda su vida de sacerdote la pas\u00f3 en Tur\u00edn, en donde fue superior y Visitador de la Provincia el Norte desde 1855 hasta su muerte, el 10 de diciembre de 1880, a la edad de 79 a\u00f1os. Las misiones populares, las obras de la caridad a favor de los pobres, enfermos y moribundos, el impuso de las misiones ad gentes, la propagaci\u00f3n de la Medalla Milagrosa, la atenci\u00f3n de las Hijas de la Caridad, fueron su dedicaci\u00f3n durante sus largos a\u00f1os de ministerio. En momentos muy dif\u00edciles fue el organizador y el gran impulsor de la Congregaci\u00f3n de la Misi\u00f3n y de la Compa\u00f1\u00eda de las Hijas de la Caridad.<\/p>\n<p>En 1865, juntamente con Luisa Borgiotti, funda la Compa\u00f1\u00eda de la Pasi\u00f3n de Jes\u00fas Nazareno (Nazarenas) con j\u00f3venes que carec\u00edan de alg\u00fan requisito can\u00f3nico para entrar en la vida religiosa. Su finalidad fue el servicio de las personas enfermas, como miembros dolientes del cuerpo de Cristo, asisti\u00e9ndoles a domicilio, de d\u00eda y de noche.<\/p>\n<p>Fue beatificado por Juan Pablo II el d\u00eda 20 de octubre de 2002.<\/p>\n<h2><strong>OFICIO DE LECTURA <\/strong><\/h2>\n<p><strong>SEGUNDA LECTURA <\/strong><\/p>\n<p>De las \u00abExhortaciones\u00bb del beato Marco Antonio Durando (Archivo de la Casa de la Misi\u00f3n, Tur\u00edn V, 139 \u2013 140)<\/p>\n<p>En el Calvario es donde se han formado los Santos<\/p>\n<p>El Calvario es el monte de los que aman y las llagas abiertas de Jes\u00fas crucificado son el refugio y la morada de las palomas del Se\u00f1or. El que no ama estar en el Calvario o habitar en esas llagas, nunca amar\u00e1 verdaderamente a Jes\u00fas. Puesto que si fue el amor lo que le hizo abrazar la cruz y lo clav\u00f3 al duro madero, si, en fin, sufri\u00f3 y muri\u00f3 por el gran amor que ten\u00eda hacia cada uno de nosotros, \u00bfpodremos nosotros permanecer indiferentes a su caridad tan abundante?, \u00bfpodemos dejar de amar un bien tan infinito, a un Dios que se deshace en amor hacia nosotros? Sobre el Calvario es donde han aprendido a amar Teresa, Catalina, In\u00e9s y todos los santos del cielo.<\/p>\n<p>Para hablar bien del amor de Cristo crucificado se necesitar\u00eda una pluma empapada en la sangre del Crucificado y un coraz\u00f3n que sienta, que ame y que viva sacrificado al amor y a la santa voluntad de Dios. Pero yo he estado tan alejado de esta disposici\u00f3n que no encuentro otra salida si no es la de humillarme y confundirme. No amar a Dios que por nuestro amor ha padecido y muerto, \u00a1qu\u00e9 delito!. Desde hace tantos a\u00f1os haber estado en la escuela del Crucificado y no haber aprendido todav\u00eda la lecci\u00f3n tan f\u00e1cil del amor; predicar a los dem\u00e1s el amor de Dios y permanecer insensible y fr\u00edo, \u00a1qu\u00e9 monstruosidad!.<\/p>\n<p>Si nos ordenase continuos ayunos, largos viajes, penitencias corporales, podr\u00eda disculparme diciendo: No puedo. Pero nos manda amarlo; \u00bfqu\u00e9 excusa tengo si soy insensible? \u00bfqu\u00e9 mandamiento hay m\u00e1s f\u00e1cil, m\u00e1s dulce, m\u00e1s suave que \u00e9ste? \u00a1Ay de m\u00ed, que severos reproches en el gran d\u00eda del juicio! \u00a1No haber amado al padre m\u00e1s amoroso, al amigo m\u00e1s sincero, al hermano m\u00e1s tierno y al esposo m\u00e1s bello y atrayente!. \u00bfqu\u00e9 indignidad existe mayor que la nuestra? \u00a1Haber recibido un coraz\u00f3n para amar a Jes\u00fas y profanar y ensuciar este coraz\u00f3n introduciendo en este santuario el amor a las criaturas!. \u00a1\u00c9l nos ama tanto y nosotros tan fr\u00edos! \u00a1\u00c9l nos pide nuestro coraz\u00f3n y nosotros se lo negamos para d\u00e1rselo a la criatura! \u00c9l con invitaciones, con remordimientos y estimul\u00e1ndonos insistentemente a amarlo y nosotros haci\u00e9ndonos los sordos a sus llamadas, apagando los remordimientos y viviendo sin amarlo. \u00a1Ah, qu\u00e9 pocos son los que aman a Jes\u00fas! \u00a1Dicen que lo aman, pero en realidad no lo aman! Lo aman en el Tabor, pero no en el Calvario; lo aman cuando experimentan alguna ternura y sensibilidad, pero no en las contrariedades y en las humillaciones. \u00a1Ah, qu\u00e9 pocos, incluso personas religiosas, son los que aman verdaderamente y con todo el coraz\u00f3n a Jes\u00fas Crucificado!.<\/p>\n<p>Dios nos conceda la gracia de ser del n\u00famero de estos pocos.<\/p>\n<p><strong>RESPONSORIO 1 Jn 4, 16.7 <\/strong><\/p>\n<p><strong>R\/<\/strong> Hemos cre\u00eddo en el amor que Dios nos tiene. * Quien permanece en el amor permanece en Dios.<\/p>\n<p><strong>V\/<\/strong> Am\u00e9monos unos a otros, ya que el amor es de Dios. * Quien permanece.<\/p>\n<p><strong>Oraci\u00f3n <\/strong><\/p>\n<p>Oh Dios, que has santificado al beato Marco Antonio, presb\u00edtero, mediante la contemplaci\u00f3n de la Pasi\u00f3n del Se\u00f1or haci\u00e9ndolo resplandecer por el don de consejo y por la solicitud hacia los pobres y los enfermos, conc\u00e9denos que, siguiendo las ense\u00f1anzas del Evangelio, con su ejemplo e intercesi\u00f3n, te amemos con amor de hijos. Por nuestro Se\u00f1or Jesucristo.<\/p>\n<h2><strong>LAUDES<\/strong><\/h2>\n<p><strong>LECTURA BREVE Hb 13, 7 \u2013 9\u00aa <\/strong><\/p>\n<p>Acordaos de vuestros dirigentes, que os anunciaron la palabra de Dios; fijaos en el desenlace de su vida e imitad su fe. Jesucristo es el mismo ayer y hoy y siempre. No os dej\u00e9is arrastrar por doctrinas complicadas y extra\u00f1as.<\/p>\n<p><strong>RESPONSORIO BREVE <\/strong><\/p>\n<p><strong>R\/<\/strong> Sobre tus murallas, Jerusal\u00e9n, * He colocado centinelas. Sobre\u2026<\/p>\n<p><strong>V\/<\/strong> Ni de d\u00eda ni de noche dejar\u00e1n de anunciar el nombre del Se\u00f1or. * He<\/p>\n<p>colocado centinelas. Gloria al Padre. Sobre.<\/p>\n<p><strong>Benedictus, ant.:<\/strong> No ser\u00e9is vosotros los que habl\u00e9is, el Esp\u00edritu de vuestro Padre hablar\u00e1 por vosotros.<\/p>\n<p><strong>PRECES <\/strong><\/p>\n<p>Demos gracias a Cristo, el buen Pastor que entreg\u00f3 la vida por sus ovejas, y supliqu\u00e9mosle, diciendo: <em>Apacienta a tu pueblo, Se\u00f1or. <\/em><\/p>\n<p>Se\u00f1or Jesucristo, que en los santos pastores nos has revelado tu misericordia y tu amor<\/p>\n<p>&#8211; haz que por ellos contin\u00fae llegando a nosotros tu acci\u00f3n misericordiosa.<\/p>\n<p>Se\u00f1or Jesucristo, que a trav\u00e9s de los santos pastores sigues siendo el \u00fanico pastor de tu pueblo,<\/p>\n<p>&#8211; no dejes de guiarnos siempre por medio de ellos.<\/p>\n<p>Se\u00f1or Jesucristo, que por medio del Beato Marco Antonio nos mostraste la grandeza del Calvario,<\/p>\n<p>&#8211; haz que nunca falten a tu Iglesia personas disponibles para proclamar el Amor que nos manifestaste por medio de la Cruz.<\/p>\n<p>Se\u00f1or Jesucristo, que nos has dado un modelo en el Beato Marco Antonio, de prudencia y amor,<\/p>\n<p>&#8211; haz que sepamos progresar en la santidad.<\/p>\n<p>Padre nuestro.<\/p>\n<p><strong>Oraci\u00f3n <\/strong><\/p>\n<p>Oh Dios, que has santificado al beato Marco Antonio, presb\u00edtero, mediante la contemplaci\u00f3n de la Pasi\u00f3n del Se\u00f1or haci\u00e9ndolo resplandecer por el don de consejo y por la solicitud hacia los pobres y los enfermos, conc\u00e9denos que, siguiendo las ense\u00f1anzas del Evangelio, con su ejemplo e intercesi\u00f3n, te amemos con amor de hijos. Por nuestro Se\u00f1or Jesucristo.<\/p>\n<h2><strong>V\u00cdSPERAS <\/strong><\/h2>\n<p><strong>LECTURA BREVE <\/strong><\/p>\n<p>A los presb\u00edteros en esa comunidad, yo, presb\u00edtero como ellos testigo de los sufrimientos de Cristo y part\u00edcipe de la gloria que va a manifestarse, os exhorto: sed pastores del reba\u00f1o de Dios que ten\u00e9is a vuestro cargo, gobern\u00e1ndolo no a la fuerza, sino de buena gana, como Dios quiere; no por s\u00f3rdida ganancia, sino con generosidad; no como d\u00e9spotas sobre la heredad de Dios, sino convirti\u00e9ndoos en modelos del reba\u00f1o. Y cuando aparezca el supremo Pastor, recibir\u00e9is la corona de gloria que no se marchita.<\/p>\n<p><strong>RESPONSORIO BREVE <\/strong><\/p>\n<p><strong>R\/ <\/strong>\u00c9ste es el que ama a sus hermanos, *el que ora mucho por su pueblo.<\/p>\n<p><strong>V\/ <\/strong>El que entreg\u00f3 su vida por sus hermanos * El que ora mucho por su pueblo. Gloria al Padre. \u00c9ste.<\/p>\n<p><strong>Magn\u00edficat, ant.:<\/strong> \u00c9ste es el criado fiel y sol\u00edcito a quien el amo ha peusto al frente de su servidumbre para que les reparta la raci\u00f3n a sus horas.<\/p>\n<p><strong>PRECES <\/strong><\/p>\n<p>Glorifiquemos a Cristo, constituido pont\u00edfice a favor de los hombres, en lo que se refiere a Dios, y supliqu\u00e9mosle humildemente, diciendo: <em>Salva a tu pueblo, Se\u00f1or. <\/em><\/p>\n<p>T\u00fa que, por medio de pastores santos y eximios, has hecho resplandecer de modo admirable a tu Iglesia,<\/p>\n<p>&#8211; haz que los cristianos se alegren siempre de ese resplandor.<\/p>\n<p>T\u00fa que, cuando los santos pastores te suplicaban, como Mois\u00e9s, perdonaste los pecados del pueblo,<\/p>\n<p>&#8211; santifica, por su intercesi\u00f3n, a tu Iglesia con una purificaci\u00f3n continua.<\/p>\n<p>T\u00fa que, en medio de los fieles, consagraste a los santos pastores y, por tu Esp\u00edritu, los dirigiste<\/p>\n<p>&#8211; llena del Esp\u00edritu Santo a todos los que rigen a tu pueblo. T\u00fa que fuiste el lote y la heredad de los santos pastores,<\/p>\n<p>&#8211; no permitas que ninguno de los que fueron adquiridos por tu sangre est\u00e9 alejado de ti. T\u00fa que, por medio del Beato Marco Antonio nos mostraste la grandeza de una vida entregada sin huir de la entrega y aceptando el Calvario,<\/p>\n<p>&#8211; danos la fuerza de tu Esp\u00edritu y la generosidad de una vida abierta a tu presencia en cada uno de sus momentos.<\/p>\n<p>T\u00fa que das vida eterna a tus ovejas para que nadie las arrebate de tu mano,<\/p>\n<p>&#8211; salva a los difuntos, por quienes entregaste tu vida. Padre nuestro.<\/p>\n<p><strong>Oraci\u00f3n <\/strong><\/p>\n<p>Oh Dios, que has santificado al beato Marco Antonio, presb\u00edtero, mediante la contemplaci\u00f3n de la Pasi\u00f3n del Se\u00f1or haci\u00e9ndolo resplandecer por el don de consejo y por la solicitud hacia los pobres y los enfermos, conc\u00e9denos que, siguiendo las ense\u00f1anzas del Evangelio, con su ejemplo e intercesi\u00f3n, te amemos con amor de hijos. Por nuestro Se\u00f1or Jesucristo.<\/p>\n","protected":false},"excerpt":{"rendered":"<p>D\u00eda 10 de diciembre BEATO MARCO ANTONIO DURANDO Presb\u00edtero, Memoria El bienaventurado Marco Antonio Durando naci\u00f3 el 22 de agosto de 1801 en Mondovi (Italia). El 12 junio de 1824 fue ordenado sacerdote en la &#8230; <a href=\"https:\/\/vincentians.com\/es\/propio-de-la-liturgia-de-las-horas-en-la-fiesta-del-beato-marco-antonio-durando\/\" class=\"more-link\">Read More<\/a><\/p>\n","protected":false},"author":4,"featured_media":24144,"comment_status":"open","ping_status":"open","sticky":false,"template":"","format":"standard","meta":{"jetpack_post_was_ever_published":false,"_jetpack_newsletter_access":"","_jetpack_dont_email_post_to_subs":false,"_jetpack_newsletter_tier_id":0,"_jetpack_memberships_contains_paywalled_content":false,"_jetpack_memberships_contains_paid_content":false,"footnotes":"","jetpack_publicize_message":"","jetpack_publicize_feature_enabled":true,"jetpack_social_post_already_shared":true,"jetpack_social_options":{"image_generator_settings":{"template":"highway","default_image_id":0,"font":"","enabled":false},"version":2}},"categories":[22],"tags":[174,176],"class_list":["post-3849","post","type-post","status-publish","format-standard","has-post-thumbnail","hentry","category-marco-antonio-durando","tag-durando","tag-misiones-populares"],"yoast_head":"<!-- This site is optimized with the Yoast SEO plugin v26.3 - https:\/\/yoast.com\/wordpress\/plugins\/seo\/ -->\n<title>Propio de la Liturgia de las Horas en la fiesta del beato Marco Antonio Durando - Somos Vicencianos<\/title>\n<meta name=\"robots\" content=\"index, follow, max-snippet:-1, max-image-preview:large, max-video-preview:-1\" \/>\n<link rel=\"canonical\" href=\"https:\/\/vincentians.com\/es\/propio-de-la-liturgia-de-las-horas-en-la-fiesta-del-beato-marco-antonio-durando\/\" \/>\n<meta property=\"og:locale\" content=\"es_ES\" \/>\n<meta property=\"og:type\" content=\"article\" \/>\n<meta property=\"og:title\" content=\"Propio de la Liturgia de las Horas en la fiesta del beato Marco Antonio Durando - Somos Vicencianos\" \/>\n<meta property=\"og:description\" content=\"D\u00eda 10 de diciembre BEATO MARCO ANTONIO DURANDO Presb\u00edtero, Memoria El bienaventurado Marco Antonio Durando naci\u00f3 el 22 de agosto de 1801 en Mondovi (Italia). El 12 junio de 1824 fue ordenado sacerdote en la ... Read More\" \/>\n<meta property=\"og:url\" content=\"https:\/\/vincentians.com\/es\/propio-de-la-liturgia-de-las-horas-en-la-fiesta-del-beato-marco-antonio-durando\/\" \/>\n<meta property=\"og:site_name\" content=\"Somos Vicencianos\" \/>\n<meta property=\"article:publisher\" content=\"https:\/\/www.facebook.com\/WeAreVincentians\/\" \/>\n<meta property=\"article:author\" content=\"https:\/\/www.facebook.com\/JavierChento\" \/>\n<meta property=\"article:published_time\" content=\"2013-12-10T02:18:45+00:00\" \/>\n<meta name=\"author\" content=\"Francisco Javier Fern\u00e1ndez Chento\" \/>\n<meta name=\"twitter:card\" content=\"summary_large_image\" \/>\n<meta name=\"twitter:creator\" content=\"@https:\/\/twitter.com\/javierchento\" \/>\n<meta name=\"twitter:site\" content=\"@WeVincentians\" \/>\n<meta name=\"twitter:label1\" content=\"Escrito por\" \/>\n\t<meta name=\"twitter:data1\" content=\"Francisco Javier Fern\u00e1ndez Chento\" \/>\n\t<meta name=\"twitter:label2\" content=\"Tiempo de lectura\" \/>\n\t<meta name=\"twitter:data2\" content=\"8 minutos\" \/>\n<script type=\"application\/ld+json\" class=\"yoast-schema-graph\">{\"@context\":\"https:\/\/schema.org\",\"@graph\":[{\"@type\":\"Article\",\"@id\":\"https:\/\/vincentians.com\/es\/propio-de-la-liturgia-de-las-horas-en-la-fiesta-del-beato-marco-antonio-durando\/#article\",\"isPartOf\":{\"@id\":\"https:\/\/vincentians.com\/es\/propio-de-la-liturgia-de-las-horas-en-la-fiesta-del-beato-marco-antonio-durando\/\"},\"author\":{\"name\":\"Francisco Javier Fern\u00e1ndez Chento\",\"@id\":\"http:\/\/vincentians.com\/es\/#\/schema\/person\/9623ef4d9aa3b2dfb8c061f1499288f2\"},\"headline\":\"Propio de la Liturgia de las Horas en la fiesta del beato Marco Antonio Durando\",\"datePublished\":\"2013-12-10T02:18:45+00:00\",\"mainEntityOfPage\":{\"@id\":\"https:\/\/vincentians.com\/es\/propio-de-la-liturgia-de-las-horas-en-la-fiesta-del-beato-marco-antonio-durando\/\"},\"wordCount\":1665,\"commentCount\":0,\"publisher\":{\"@id\":\"http:\/\/vincentians.com\/es\/#organization\"},\"image\":{\"@id\":\"https:\/\/vincentians.com\/es\/propio-de-la-liturgia-de-las-horas-en-la-fiesta-del-beato-marco-antonio-durando\/#primaryimage\"},\"thumbnailUrl\":\"\",\"keywords\":[\"Durando\",\"Misiones Populares\"],\"articleSection\":[\"Marco Antonio Durando\"],\"inLanguage\":\"es\",\"potentialAction\":[{\"@type\":\"CommentAction\",\"name\":\"Comment\",\"target\":[\"https:\/\/vincentians.com\/es\/propio-de-la-liturgia-de-las-horas-en-la-fiesta-del-beato-marco-antonio-durando\/#respond\"]}]},{\"@type\":\"WebPage\",\"@id\":\"https:\/\/vincentians.com\/es\/propio-de-la-liturgia-de-las-horas-en-la-fiesta-del-beato-marco-antonio-durando\/\",\"url\":\"https:\/\/vincentians.com\/es\/propio-de-la-liturgia-de-las-horas-en-la-fiesta-del-beato-marco-antonio-durando\/\",\"name\":\"Propio de la Liturgia de las Horas en la fiesta del beato Marco Antonio Durando - Somos Vicencianos\",\"isPartOf\":{\"@id\":\"http:\/\/vincentians.com\/es\/#website\"},\"primaryImageOfPage\":{\"@id\":\"https:\/\/vincentians.com\/es\/propio-de-la-liturgia-de-las-horas-en-la-fiesta-del-beato-marco-antonio-durando\/#primaryimage\"},\"image\":{\"@id\":\"https:\/\/vincentians.com\/es\/propio-de-la-liturgia-de-las-horas-en-la-fiesta-del-beato-marco-antonio-durando\/#primaryimage\"},\"thumbnailUrl\":\"\",\"datePublished\":\"2013-12-10T02:18:45+00:00\",\"breadcrumb\":{\"@id\":\"https:\/\/vincentians.com\/es\/propio-de-la-liturgia-de-las-horas-en-la-fiesta-del-beato-marco-antonio-durando\/#breadcrumb\"},\"inLanguage\":\"es\",\"potentialAction\":[{\"@type\":\"ReadAction\",\"target\":[\"https:\/\/vincentians.com\/es\/propio-de-la-liturgia-de-las-horas-en-la-fiesta-del-beato-marco-antonio-durando\/\"]}]},{\"@type\":\"ImageObject\",\"inLanguage\":\"es\",\"@id\":\"https:\/\/vincentians.com\/es\/propio-de-la-liturgia-de-las-horas-en-la-fiesta-del-beato-marco-antonio-durando\/#primaryimage\",\"url\":\"\",\"contentUrl\":\"\"},{\"@type\":\"BreadcrumbList\",\"@id\":\"https:\/\/vincentians.com\/es\/propio-de-la-liturgia-de-las-horas-en-la-fiesta-del-beato-marco-antonio-durando\/#breadcrumb\",\"itemListElement\":[{\"@type\":\"ListItem\",\"position\":1,\"name\":\"Portada\",\"item\":\"http:\/\/vincentians.com\/es\/\"},{\"@type\":\"ListItem\",\"position\":2,\"name\":\"Propio de la Liturgia de las Horas en la fiesta del beato Marco Antonio Durando\"}]},{\"@type\":\"WebSite\",\"@id\":\"http:\/\/vincentians.com\/es\/#website\",\"url\":\"http:\/\/vincentians.com\/es\/\",\"name\":\"Somos Vicencianos\",\"description\":\"Know more to serve more\",\"publisher\":{\"@id\":\"http:\/\/vincentians.com\/es\/#organization\"},\"potentialAction\":[{\"@type\":\"SearchAction\",\"target\":{\"@type\":\"EntryPoint\",\"urlTemplate\":\"http:\/\/vincentians.com\/es\/?s={search_term_string}\"},\"query-input\":{\"@type\":\"PropertyValueSpecification\",\"valueRequired\":true,\"valueName\":\"search_term_string\"}}],\"inLanguage\":\"es\"},{\"@type\":\"Organization\",\"@id\":\"http:\/\/vincentians.com\/es\/#organization\",\"name\":\"The Vincentian Network\",\"url\":\"http:\/\/vincentians.com\/es\/\",\"logo\":{\"@type\":\"ImageObject\",\"inLanguage\":\"es\",\"@id\":\"http:\/\/vincentians.com\/es\/#\/schema\/logo\/image\/\",\"url\":\"https:\/\/i1.wp.com\/vincentians.com\/es\/wp-content\/uploads\/sites\/11\/2016\/06\/Vincentian-Network-logo-big.png?fit=778%2C778\",\"contentUrl\":\"https:\/\/i1.wp.com\/vincentians.com\/es\/wp-content\/uploads\/sites\/11\/2016\/06\/Vincentian-Network-logo-big.png?fit=778%2C778\",\"width\":778,\"height\":778,\"caption\":\"The Vincentian Network\"},\"image\":{\"@id\":\"http:\/\/vincentians.com\/es\/#\/schema\/logo\/image\/\"},\"sameAs\":[\"https:\/\/www.facebook.com\/WeAreVincentians\/\",\"https:\/\/x.com\/WeVincentians\"]},{\"@type\":\"Person\",\"@id\":\"http:\/\/vincentians.com\/es\/#\/schema\/person\/9623ef4d9aa3b2dfb8c061f1499288f2\",\"name\":\"Francisco Javier Fern\u00e1ndez Chento\",\"image\":{\"@type\":\"ImageObject\",\"inLanguage\":\"es\",\"@id\":\"http:\/\/vincentians.com\/es\/#\/schema\/person\/image\/\",\"url\":\"https:\/\/secure.gravatar.com\/avatar\/497d5cde87b4c3d097d0315953521681ba2cd523ee66e5077c3711f7021e65de?s=96&d=mm&r=g\",\"contentUrl\":\"https:\/\/secure.gravatar.com\/avatar\/497d5cde87b4c3d097d0315953521681ba2cd523ee66e5077c3711f7021e65de?s=96&d=mm&r=g\",\"caption\":\"Francisco Javier Fern\u00e1ndez Chento\"},\"description\":\"Director General y cofundador de La Red de Formaci\u00f3n Vicenciana. Javier es laico vicenciano, afiliado a la Congregaci\u00f3n de la Misi\u00f3n y miembro del Equipo de Misiones Populares de la provincia can\u00f3nica de Zaragoza (Espa\u00f1a) de la Congregaci\u00f3n de la Misi\u00f3n. Graduado en la Universidad Oberta de Catalunya con cuatro grados (Asistente de direcci\u00f3n, Gesti\u00f3n Administrativa, Recursos Humanos y Contabilidad Avanzada). Bil\u00edng\u00fce Espa\u00f1ol\/Ingl\u00e9s. gestiona y mantiene varias p\u00e1ginas web cristianas y vicencianas, incluida including La Red de Formaci\u00f3n Vicenciana, de la que es cofundador. Actualmente es responsable del \u00e1rea de Espa\u00f1ol de .famvin, la Red de Noticias de la Familia Vicenciana. Tambi\u00e9n es m\u00fasico cat\u00f3lico y ha editado varios discos. Es Director General y cofundador de Trovador, una reconocida compa\u00f1\u00eda discogr\u00e1fica critiana de Espa\u00f1a. Trabaja en las Tecnolog\u00edas de la Informaci\u00f3n, ofreciendo servicios de alojamiento, dise\u00f1o y mantenimiento Web, as\u00ed como asesoramiento, formaci\u00f3n y soluciones inform\u00e1ticas, gesti\u00f3n documental y digitalizaci\u00f3n de textos, edici\u00f3n y maquetaci\u00f3n de libros, revistas, flyers, etc.\",\"sameAs\":[\"http:\/\/chento.org\",\"https:\/\/www.facebook.com\/JavierChento\",\"https:\/\/x.com\/https:\/\/twitter.com\/javierchento\"],\"url\":\"https:\/\/vincentians.com\/es\/author\/chento\/\"}]}<\/script>\n<!-- \/ Yoast SEO plugin. -->","yoast_head_json":{"title":"Propio de la Liturgia de las Horas en la fiesta del beato Marco Antonio Durando - Somos Vicencianos","robots":{"index":"index","follow":"follow","max-snippet":"max-snippet:-1","max-image-preview":"max-image-preview:large","max-video-preview":"max-video-preview:-1"},"canonical":"https:\/\/vincentians.com\/es\/propio-de-la-liturgia-de-las-horas-en-la-fiesta-del-beato-marco-antonio-durando\/","og_locale":"es_ES","og_type":"article","og_title":"Propio de la Liturgia de las Horas en la fiesta del beato Marco Antonio Durando - Somos Vicencianos","og_description":"D\u00eda 10 de diciembre BEATO MARCO ANTONIO DURANDO Presb\u00edtero, Memoria El bienaventurado Marco Antonio Durando naci\u00f3 el 22 de agosto de 1801 en Mondovi (Italia). El 12 junio de 1824 fue ordenado sacerdote en la ... Read More","og_url":"https:\/\/vincentians.com\/es\/propio-de-la-liturgia-de-las-horas-en-la-fiesta-del-beato-marco-antonio-durando\/","og_site_name":"Somos Vicencianos","article_publisher":"https:\/\/www.facebook.com\/WeAreVincentians\/","article_author":"https:\/\/www.facebook.com\/JavierChento","article_published_time":"2013-12-10T02:18:45+00:00","author":"Francisco Javier Fern\u00e1ndez Chento","twitter_card":"summary_large_image","twitter_creator":"@https:\/\/twitter.com\/javierchento","twitter_site":"@WeVincentians","twitter_misc":{"Escrito por":"Francisco Javier Fern\u00e1ndez Chento","Tiempo de lectura":"8 minutos"},"schema":{"@context":"https:\/\/schema.org","@graph":[{"@type":"Article","@id":"https:\/\/vincentians.com\/es\/propio-de-la-liturgia-de-las-horas-en-la-fiesta-del-beato-marco-antonio-durando\/#article","isPartOf":{"@id":"https:\/\/vincentians.com\/es\/propio-de-la-liturgia-de-las-horas-en-la-fiesta-del-beato-marco-antonio-durando\/"},"author":{"name":"Francisco Javier Fern\u00e1ndez Chento","@id":"http:\/\/vincentians.com\/es\/#\/schema\/person\/9623ef4d9aa3b2dfb8c061f1499288f2"},"headline":"Propio de la Liturgia de las Horas en la fiesta del beato Marco Antonio Durando","datePublished":"2013-12-10T02:18:45+00:00","mainEntityOfPage":{"@id":"https:\/\/vincentians.com\/es\/propio-de-la-liturgia-de-las-horas-en-la-fiesta-del-beato-marco-antonio-durando\/"},"wordCount":1665,"commentCount":0,"publisher":{"@id":"http:\/\/vincentians.com\/es\/#organization"},"image":{"@id":"https:\/\/vincentians.com\/es\/propio-de-la-liturgia-de-las-horas-en-la-fiesta-del-beato-marco-antonio-durando\/#primaryimage"},"thumbnailUrl":"","keywords":["Durando","Misiones Populares"],"articleSection":["Marco Antonio Durando"],"inLanguage":"es","potentialAction":[{"@type":"CommentAction","name":"Comment","target":["https:\/\/vincentians.com\/es\/propio-de-la-liturgia-de-las-horas-en-la-fiesta-del-beato-marco-antonio-durando\/#respond"]}]},{"@type":"WebPage","@id":"https:\/\/vincentians.com\/es\/propio-de-la-liturgia-de-las-horas-en-la-fiesta-del-beato-marco-antonio-durando\/","url":"https:\/\/vincentians.com\/es\/propio-de-la-liturgia-de-las-horas-en-la-fiesta-del-beato-marco-antonio-durando\/","name":"Propio de la Liturgia de las Horas en la fiesta del beato Marco Antonio Durando - Somos Vicencianos","isPartOf":{"@id":"http:\/\/vincentians.com\/es\/#website"},"primaryImageOfPage":{"@id":"https:\/\/vincentians.com\/es\/propio-de-la-liturgia-de-las-horas-en-la-fiesta-del-beato-marco-antonio-durando\/#primaryimage"},"image":{"@id":"https:\/\/vincentians.com\/es\/propio-de-la-liturgia-de-las-horas-en-la-fiesta-del-beato-marco-antonio-durando\/#primaryimage"},"thumbnailUrl":"","datePublished":"2013-12-10T02:18:45+00:00","breadcrumb":{"@id":"https:\/\/vincentians.com\/es\/propio-de-la-liturgia-de-las-horas-en-la-fiesta-del-beato-marco-antonio-durando\/#breadcrumb"},"inLanguage":"es","potentialAction":[{"@type":"ReadAction","target":["https:\/\/vincentians.com\/es\/propio-de-la-liturgia-de-las-horas-en-la-fiesta-del-beato-marco-antonio-durando\/"]}]},{"@type":"ImageObject","inLanguage":"es","@id":"https:\/\/vincentians.com\/es\/propio-de-la-liturgia-de-las-horas-en-la-fiesta-del-beato-marco-antonio-durando\/#primaryimage","url":"","contentUrl":""},{"@type":"BreadcrumbList","@id":"https:\/\/vincentians.com\/es\/propio-de-la-liturgia-de-las-horas-en-la-fiesta-del-beato-marco-antonio-durando\/#breadcrumb","itemListElement":[{"@type":"ListItem","position":1,"name":"Portada","item":"http:\/\/vincentians.com\/es\/"},{"@type":"ListItem","position":2,"name":"Propio de la Liturgia de las Horas en la fiesta del beato Marco Antonio Durando"}]},{"@type":"WebSite","@id":"http:\/\/vincentians.com\/es\/#website","url":"http:\/\/vincentians.com\/es\/","name":"Somos Vicencianos","description":"Know more to serve more","publisher":{"@id":"http:\/\/vincentians.com\/es\/#organization"},"potentialAction":[{"@type":"SearchAction","target":{"@type":"EntryPoint","urlTemplate":"http:\/\/vincentians.com\/es\/?s={search_term_string}"},"query-input":{"@type":"PropertyValueSpecification","valueRequired":true,"valueName":"search_term_string"}}],"inLanguage":"es"},{"@type":"Organization","@id":"http:\/\/vincentians.com\/es\/#organization","name":"The Vincentian Network","url":"http:\/\/vincentians.com\/es\/","logo":{"@type":"ImageObject","inLanguage":"es","@id":"http:\/\/vincentians.com\/es\/#\/schema\/logo\/image\/","url":"https:\/\/i1.wp.com\/vincentians.com\/es\/wp-content\/uploads\/sites\/11\/2016\/06\/Vincentian-Network-logo-big.png?fit=778%2C778","contentUrl":"https:\/\/i1.wp.com\/vincentians.com\/es\/wp-content\/uploads\/sites\/11\/2016\/06\/Vincentian-Network-logo-big.png?fit=778%2C778","width":778,"height":778,"caption":"The Vincentian Network"},"image":{"@id":"http:\/\/vincentians.com\/es\/#\/schema\/logo\/image\/"},"sameAs":["https:\/\/www.facebook.com\/WeAreVincentians\/","https:\/\/x.com\/WeVincentians"]},{"@type":"Person","@id":"http:\/\/vincentians.com\/es\/#\/schema\/person\/9623ef4d9aa3b2dfb8c061f1499288f2","name":"Francisco Javier Fern\u00e1ndez Chento","image":{"@type":"ImageObject","inLanguage":"es","@id":"http:\/\/vincentians.com\/es\/#\/schema\/person\/image\/","url":"https:\/\/secure.gravatar.com\/avatar\/497d5cde87b4c3d097d0315953521681ba2cd523ee66e5077c3711f7021e65de?s=96&d=mm&r=g","contentUrl":"https:\/\/secure.gravatar.com\/avatar\/497d5cde87b4c3d097d0315953521681ba2cd523ee66e5077c3711f7021e65de?s=96&d=mm&r=g","caption":"Francisco Javier Fern\u00e1ndez Chento"},"description":"Director General y cofundador de La Red de Formaci\u00f3n Vicenciana. Javier es laico vicenciano, afiliado a la Congregaci\u00f3n de la Misi\u00f3n y miembro del Equipo de Misiones Populares de la provincia can\u00f3nica de Zaragoza (Espa\u00f1a) de la Congregaci\u00f3n de la Misi\u00f3n. Graduado en la Universidad Oberta de Catalunya con cuatro grados (Asistente de direcci\u00f3n, Gesti\u00f3n Administrativa, Recursos Humanos y Contabilidad Avanzada). Bil\u00edng\u00fce Espa\u00f1ol\/Ingl\u00e9s. gestiona y mantiene varias p\u00e1ginas web cristianas y vicencianas, incluida including La Red de Formaci\u00f3n Vicenciana, de la que es cofundador. Actualmente es responsable del \u00e1rea de Espa\u00f1ol de .famvin, la Red de Noticias de la Familia Vicenciana. Tambi\u00e9n es m\u00fasico cat\u00f3lico y ha editado varios discos. Es Director General y cofundador de Trovador, una reconocida compa\u00f1\u00eda discogr\u00e1fica critiana de Espa\u00f1a. Trabaja en las Tecnolog\u00edas de la Informaci\u00f3n, ofreciendo servicios de alojamiento, dise\u00f1o y mantenimiento Web, as\u00ed como asesoramiento, formaci\u00f3n y soluciones inform\u00e1ticas, gesti\u00f3n documental y digitalizaci\u00f3n de textos, edici\u00f3n y maquetaci\u00f3n de libros, revistas, flyers, etc.","sameAs":["http:\/\/chento.org","https:\/\/www.facebook.com\/JavierChento","https:\/\/x.com\/https:\/\/twitter.com\/javierchento"],"url":"https:\/\/vincentians.com\/es\/author\/chento\/"}]}},"jetpack_publicize_connections":[],"jetpack_featured_media_url":"","jetpack_sharing_enabled":true,"jetpack_shortlink":"https:\/\/wp.me\/p7ETMF-105","jetpack-related-posts":[{"id":3845,"url":"https:\/\/vincentians.com\/es\/liturgia-de-la-eucaristia-en-la-fiesta-del-beato-marco-antonio-durando\/","url_meta":{"origin":3849,"position":0},"title":"Liturgia de la Eucarist\u00eda en la fiesta del beato Marco Antonio Durando","author":"Francisco Javier Fern\u00e1ndez Chento","date":"10\/12\/2013","format":false,"excerpt":"D\u00cdA 10 DICIEMBRE BEATO MARCO ANTONIO DURANDO Presb\u00edtero, Memoria El bienaventurado Marco Antonio Durando naci\u00f3 el 22 de agosto de 1801 en Mondovi (Italia). El 12 de junio de 1824 fue ordenado sacerdote en la Congregaci\u00f3n de la Misi\u00f3n. Casi toda su vida de sacerdote la pas\u00f3 en Tur\u00edn, en\u2026","rel":"","context":"En \u00abMarco Antonio Durando\u00bb","block_context":{"text":"Marco Antonio Durando","link":"https:\/\/vincentians.com\/es\/category\/la-familia-vicenciana\/la-familia-vicenciana-en-los-altares\/beatos\/marco-antonio-durando\/"},"img":{"alt_text":"","src":"","width":0,"height":0},"classes":[]},{"id":2326,"url":"https:\/\/vincentians.com\/es\/beato-marco-antonio-durando\/","url_meta":{"origin":3849,"position":1},"title":"Beato Marco Antonio Durando","author":"Francisco Javier Fern\u00e1ndez Chento","date":"10\/12\/2024","format":false,"excerpt":"Hoy la Familia Vicenciana y la Iglesia celebra la memoria del Beato Marco Antonio Durando. Que sus virtudes animen a todos los Padres Pa\u00fales (y a todos los misioneros en general) a vivir entusiasmadamente su vocaci\u00f3n. Marco Antonio naci\u00f3 el 22 de mayo de 1801, en Mondov\u00ed, en la ilustre\u2026","rel":"","context":"En \u00abMarco Antonio Durando\u00bb","block_context":{"text":"Marco Antonio Durando","link":"https:\/\/vincentians.com\/es\/category\/la-familia-vicenciana\/la-familia-vicenciana-en-los-altares\/beatos\/marco-antonio-durando\/"},"img":{"alt_text":"","src":"","width":0,"height":0},"classes":[]},{"id":49312,"url":"https:\/\/vincentians.com\/es\/triple-invitacion-del-beato-marco-antonio-durando-a-la-provincia-de-turin-y-a-la-familia-vicenciana\/","url_meta":{"origin":3849,"position":2},"title":"Triple invitaci\u00f3n del Beato Marco Antonio Durando a la Provincia de Tur\u00edn y a la Familia Vicenciana","author":"Francisco Javier Fern\u00e1ndez Chento","date":"06\/09\/2011","format":false,"excerpt":"1. A reavivar la espiritualidad de San Vicente de Pa\u00fal Si, gracias a la presencia de los \"Se\u00f1ores de la Misi\u00f3n\" en la peque\u00f1a poblaci\u00f3n de Mondov\u00ec, donde naci\u00f3 el P. Marco Antonio Durando, \u00e9ste decidi\u00f3 entrar en la Congregaci\u00f3n, para realizar su deseo de ir como misionero a China,\u2026","rel":"","context":"En \u00abMarco Antonio Durando\u00bb","block_context":{"text":"Marco Antonio Durando","link":"https:\/\/vincentians.com\/es\/category\/la-familia-vicenciana\/la-familia-vicenciana-en-los-altares\/beatos\/marco-antonio-durando\/"},"img":{"alt_text":"Marco Antonio Durando","src":"https:\/\/i0.wp.com\/vicencianos.org\/wp-content\/2011\/04\/marco_antonio_durando-242x300.jpg?resize=350%2C200","width":350,"height":200},"classes":[]},{"id":49726,"url":"https:\/\/vincentians.com\/es\/cronica-de-la-beatificacion-de-marco-antonio-durando-1800-1880\/","url_meta":{"origin":3849,"position":3},"title":"Cr\u00f3nica de la beatificaci\u00f3n de Marco Antonio Durando (1800-1880)","author":"Francisco Javier Fern\u00e1ndez Chento","date":"10\/12\/2023","format":false,"excerpt":"I. Las celebraciones en Roma El rito de la beatificaci\u00f3n del Venerable Padre Marco Antonio Durando tuvo lugar en el atrio de la bas\u00edlica de San Pedro el d\u00eda 20 de octubre del a\u00f1o 2002. En aquella misma celebraci\u00f3n fueron beatificados tambi\u00e9n los Siervos de Dios Daudi Okelo y Jildo\u2026","rel":"","context":"En \u00abMarco Antonio Durando\u00bb","block_context":{"text":"Marco Antonio Durando","link":"https:\/\/vincentians.com\/es\/category\/la-familia-vicenciana\/la-familia-vicenciana-en-los-altares\/beatos\/marco-antonio-durando\/"},"img":{"alt_text":"","src":"https:\/\/i0.wp.com\/vincentians.com\/es\/wp-content\/uploads\/sites\/11\/2016\/08\/cofradias-de-caridad.jpg?fit=1200%2C630&ssl=1&resize=350%2C200","width":350,"height":200,"srcset":"https:\/\/i0.wp.com\/vincentians.com\/es\/wp-content\/uploads\/sites\/11\/2016\/08\/cofradias-de-caridad.jpg?fit=1200%2C630&ssl=1&resize=350%2C200 1x, https:\/\/i0.wp.com\/vincentians.com\/es\/wp-content\/uploads\/sites\/11\/2016\/08\/cofradias-de-caridad.jpg?fit=1200%2C630&ssl=1&resize=525%2C300 1.5x, https:\/\/i0.wp.com\/vincentians.com\/es\/wp-content\/uploads\/sites\/11\/2016\/08\/cofradias-de-caridad.jpg?fit=1200%2C630&ssl=1&resize=700%2C400 2x, https:\/\/i0.wp.com\/vincentians.com\/es\/wp-content\/uploads\/sites\/11\/2016\/08\/cofradias-de-caridad.jpg?fit=1200%2C630&ssl=1&resize=1050%2C600 3x"},"classes":[]},{"id":124208,"url":"https:\/\/vincentians.com\/es\/vicente-de-paul-el-ocaso\/","url_meta":{"origin":3849,"position":4},"title":"Vicente de Pa\u00fal: El ocaso","author":"Francisco Javier Fern\u00e1ndez Chento","date":"27\/03\/2023","format":false,"excerpt":"As\u00ed como la misi\u00f3n de Madagascar fue el calvario para la Congregaci\u00f3n de la Misi\u00f3n, el calvario personal del P. Vicente comenz\u00f3 un poco m\u00e1s tarde. Desde el a\u00f1o 1656 estuvo enfermo sin recuperarse del todo ya nunca m\u00e1s. En 1658 sufri\u00f3 un accidente de carroza recibiendo una herida en\u2026","rel":"","context":"En \u00abVicente de Pa\u00fal\u00bb","block_context":{"text":"Vicente de Pa\u00fal","link":"https:\/\/vincentians.com\/es\/category\/la-familia-vicenciana\/fundadores\/vicente-de-paul\/"},"img":{"alt_text":"","src":"https:\/\/i0.wp.com\/vincentians.com\/es\/wp-content\/uploads\/sites\/11\/2013\/04\/e-3.jpg?fit=976%2C570&ssl=1&resize=350%2C200","width":350,"height":200,"srcset":"https:\/\/i0.wp.com\/vincentians.com\/es\/wp-content\/uploads\/sites\/11\/2013\/04\/e-3.jpg?fit=976%2C570&ssl=1&resize=350%2C200 1x, https:\/\/i0.wp.com\/vincentians.com\/es\/wp-content\/uploads\/sites\/11\/2013\/04\/e-3.jpg?fit=976%2C570&ssl=1&resize=525%2C300 1.5x, https:\/\/i0.wp.com\/vincentians.com\/es\/wp-content\/uploads\/sites\/11\/2013\/04\/e-3.jpg?fit=976%2C570&ssl=1&resize=700%2C400 2x"},"classes":[]},{"id":39407,"url":"https:\/\/vincentians.com\/es\/breve-biografia-del-beato-marco-antonio-durando\/","url_meta":{"origin":3849,"position":5},"title":"Breve biograf\u00eda del Beato Marco Antonio Durando","author":"Francisco Javier Fern\u00e1ndez Chento","date":"10\/12\/2024","format":false,"excerpt":"1. La familia: infancia y juventud Los Durando eran una familia honorable y holgada de Mondov\u00ec, en la que, de diez hijos tra\u00eddos al mundo, ocho llegaron a la madurez. Marco Antonio naci\u00f3 el 22 de mayo de 1801. En el ambiente familiar se respiraban los aires de un liberalismo\u2026","rel":"","context":"En \u00abMarco Antonio Durando\u00bb","block_context":{"text":"Marco Antonio Durando","link":"https:\/\/vincentians.com\/es\/category\/la-familia-vicenciana\/la-familia-vicenciana-en-los-altares\/beatos\/marco-antonio-durando\/"},"img":{"alt_text":"","src":"https:\/\/i0.wp.com\/vincentians.com\/es\/wp-content\/uploads\/sites\/11\/2016\/09\/ojos-jesucristo.jpg?fit=1200%2C630&ssl=1&resize=350%2C200","width":350,"height":200,"srcset":"https:\/\/i0.wp.com\/vincentians.com\/es\/wp-content\/uploads\/sites\/11\/2016\/09\/ojos-jesucristo.jpg?fit=1200%2C630&ssl=1&resize=350%2C200 1x, https:\/\/i0.wp.com\/vincentians.com\/es\/wp-content\/uploads\/sites\/11\/2016\/09\/ojos-jesucristo.jpg?fit=1200%2C630&ssl=1&resize=525%2C300 1.5x, https:\/\/i0.wp.com\/vincentians.com\/es\/wp-content\/uploads\/sites\/11\/2016\/09\/ojos-jesucristo.jpg?fit=1200%2C630&ssl=1&resize=700%2C400 2x, https:\/\/i0.wp.com\/vincentians.com\/es\/wp-content\/uploads\/sites\/11\/2016\/09\/ojos-jesucristo.jpg?fit=1200%2C630&ssl=1&resize=1050%2C600 3x"},"classes":[]}],"_links":{"self":[{"href":"https:\/\/vincentians.com\/es\/wp-json\/wp\/v2\/posts\/3849","targetHints":{"allow":["GET"]}}],"collection":[{"href":"https:\/\/vincentians.com\/es\/wp-json\/wp\/v2\/posts"}],"about":[{"href":"https:\/\/vincentians.com\/es\/wp-json\/wp\/v2\/types\/post"}],"author":[{"embeddable":true,"href":"https:\/\/vincentians.com\/es\/wp-json\/wp\/v2\/users\/4"}],"replies":[{"embeddable":true,"href":"https:\/\/vincentians.com\/es\/wp-json\/wp\/v2\/comments?post=3849"}],"version-history":[{"count":0,"href":"https:\/\/vincentians.com\/es\/wp-json\/wp\/v2\/posts\/3849\/revisions"}],"wp:featuredmedia":[{"embeddable":true,"href":"https:\/\/vincentians.com\/es\/wp-json\/"}],"wp:attachment":[{"href":"https:\/\/vincentians.com\/es\/wp-json\/wp\/v2\/media?parent=3849"}],"wp:term":[{"taxonomy":"category","embeddable":true,"href":"https:\/\/vincentians.com\/es\/wp-json\/wp\/v2\/categories?post=3849"},{"taxonomy":"post_tag","embeddable":true,"href":"https:\/\/vincentians.com\/es\/wp-json\/wp\/v2\/tags?post=3849"}],"curies":[{"name":"wp","href":"https:\/\/api.w.org\/{rel}","templated":true}]}}