{"id":3845,"date":"2013-12-10T02:15:35","date_gmt":"2013-12-10T01:15:35","guid":{"rendered":"http:\/\/somos.vicencianos.org\/blog\/?p=3845"},"modified":"2013-12-10T02:15:35","modified_gmt":"2013-12-10T01:15:35","slug":"liturgia-de-la-eucaristia-en-la-fiesta-del-beato-marco-antonio-durando","status":"publish","type":"post","link":"https:\/\/vincentians.com\/es\/liturgia-de-la-eucaristia-en-la-fiesta-del-beato-marco-antonio-durando\/","title":{"rendered":"Liturgia de la Eucarist\u00eda en la fiesta del beato Marco Antonio Durando"},"content":{"rendered":"<p style=\"text-align: center\">D\u00cdA 10 DICIEMBRE<\/p>\n<h2 style=\"text-align: center\">BEATO MARCO ANTONIO DURANDO<\/h2>\n<p><strong>Presb\u00edtero, Memoria <\/strong><\/p>\n<p>El bienaventurado Marco Antonio Durando naci\u00f3 el 22 de agosto de 1801 en Mondovi (Italia). El 12 de junio de 1824 fue ordenado sacerdote en la Congregaci\u00f3n de la Misi\u00f3n. Casi toda su vida de sacerdote la pas\u00f3 en Tur\u00edn, en donde fue Superior y Visitador de la Provincia Norte desde 1855 hasta su muerte, el 10 de diciembre de 1880, a la edad de 79 a\u00f1os. Las misiones populares, las obras de la caridad a favor de los pobres, enfermos y moribundos; el impulso de las misiones ad gentes, la propagaci\u00f3n de la Medalla Milagrosa, la atenci\u00f3n a las Hijas de la Caridad, fueron su dedicaci\u00f3n durante sus largos a\u00f1os de ministerio. En momentos dif\u00edciles fue el organizador y el gran impulsor de la Congregaci\u00f3n de la Misi\u00f3n y de la Compa\u00f1\u00eda de las Hijas de la Caridad.<\/p>\n<p>En 1865, juntamente con Luisa Borgiotti, fund\u00f3 las \u00abHijas de la Pasi\u00f3n de Jes\u00fas Nazareno\u00bb, llamadas despu\u00e9s \u00abHermanas Nazarenas\u00bb; que tienen como carisma la devoci\u00f3n a la Pasi\u00f3n de Jes\u00fas, y como fin la asistencia domiciliaria, diurna y nocturna, de los enfermos y de la juventud abandonada. Muri\u00f3 en Tur\u00edn el 10 de diciembre de 1880. Fue beatificado por Juan Pablo II el 20 de octubre de 2002.<\/p>\n<p><strong>Ant\u00edfona de entrada Jr 3, 15 <\/strong><\/p>\n<p>Os dar\u00e9 pastores conforme a mi coraz\u00f3n, que os apacienten con ciencia y experiencia.<\/p>\n<p><strong>ORACI\u00d3N COLECTA <\/strong><\/p>\n<p>Oh Dios, que has santificado al beato Marco Antonio, sacerdote, mediante la contemplaci\u00f3n de la Pasi\u00f3n del Se\u00f1or haci\u00e9ndolo resplandecer por el don de consejo y por la solicitud hacia los pobres y los enfermos, conc\u00e9denos que, siguiendo las ense\u00f1anzas del Evangelio, con su ejemplo e intercesi\u00f3n, te amemos con amor de hijos. Por nuestro Se\u00f1or.<\/p>\n<p><strong>LITURGIA DE LA PALABRA Feria o bien: Lectura del Ap\u00f3stol san Pablo a los Corintios 1, 18 \u2013 25 <\/strong><\/p>\n<p>Hermanos, el mensaje de la cruz es necedad para los que est\u00e1n en v\u00edas de perdici\u00f3n; pero para los que est\u00e1n en v\u00edas de salvaci\u00f3n \u2013 para nosotros \u2013 es fuerza de Dios. Dice la Escritura: destruir\u00e9 la sabidur\u00eda de los sabios, frustrar\u00e9 la sagacidad de los sagaces. \u00bfD\u00f3nde est\u00e1 el sabio? \u00bfD\u00f3nde est\u00e1 el escriba? \u00bfD\u00f3nde est\u00e1 el sofista de nuestros tiempos? \u00bfNo ha convertido Dios en necedad la sabidur\u00eda del mundo? Y como en la sabidur\u00eda de Dios, el mundo no lo conoci\u00f3 por el camino de la sabidur\u00eda, quiso Dios valerse de la necedad de la predicaci\u00f3n, para salvar a los creyentes. Porque los jud\u00edos exigen signos, los griegos buscan sabidur\u00eda; pero nosotros predicamos a Cristo crucificado: esc\u00e1ndalo para los jud\u00edos, necedad para los gentiles; pero para los llamados \u2013 jud\u00edos o griegos \u2013 un Mes\u00edas que es fuerza de Dios y sabidur\u00eda de Dios. Pues lo necio de Dios es m\u00e1s sabio que los hombres; y lo d\u00e9bil de Dios es m\u00e1s fuerte que los hombres.<\/p>\n<p>Palabra de Dios<\/p>\n<p><strong>SALMO RESPONSORIAL Sal 22, 2-3a. 3b-4.5.6 <\/strong><\/p>\n<p><strong>R\/ <\/strong>El Se\u00f1or protege el camino de los justos.<\/p>\n<ul>\n<li>Dichoso el hombre<br \/>\nQue no sigue el consejo de los imp\u00edos,<br \/>\nni entra por la senda de los pecadores,<br \/>\nni se sienta en la reuni\u00f3n de los c\u00ednicos,<br \/>\nsino que su gozo es la ley del Se\u00f1or,<br \/>\ny medita su ley d\u00eda y noche.<\/li>\n<li>Ser\u00e1 como \u00e1rbol<br \/>\nplantado junto al borde de la acequia;<br \/>\nda fruto en su saz\u00f3n,<br \/>\ny no se marchitan sus hojas;<br \/>\ny cuanto emprende tiene buen fin.<\/li>\n<li>No as\u00ed los imp\u00edos, no as\u00ed; ser\u00e1n paja que arrebata el viento.<br \/>\nEn el juicio los imp\u00edos no se levantar\u00e1n<br \/>\nni los pecadores en la asamblea de los justos.<br \/>\nPorque el Se\u00f1or protege el camino de los justos,<br \/>\npero el camino de los imp\u00edos acaba mal.<\/li>\n<\/ul>\n<p><strong>EVANGELIO <\/strong><\/p>\n<p><strong>Lectura del santo Evangelio seg\u00fan san Mateo 12, 38 \u2013 42 <\/strong><\/p>\n<p>En aquel tiempo algunos de los escribas y fariseos le dijeron a Jes\u00fas: Maestro, queremos ver un signo tuyo. \u00c9l les contest\u00f3: esta generaci\u00f3n perversa y ad\u00faltera exige un signo; pues no se le dar\u00e1 m\u00e1s signo que el del profeta Jon\u00e1s. Tres d\u00edas y tres noches estuvo Jon\u00e1s en el vientre del cet\u00e1ceo: pues tres d\u00edas y tres noches estar\u00e1 el Hijo del Hombre en el seno de la tierra. Cuando juzguen a esta generaci\u00f3n, los hombres de N\u00ednive se alzar\u00e1n y har\u00e1n que la condenen, porque ellos se convirtieron con la predicaci\u00f3n de Jon\u00e1s y aqu\u00ed hay uno que es m\u00e1s que Jon\u00e1s. Cuando juzguen a esta generaci\u00f3n, la reina del Sur se levantar\u00e1 y har\u00e1 que la condenen, porque ella vino desde los confines de la tierra, para escuchar la sabidur\u00eda de Salom\u00f3n, y aqu\u00ed hay uno que es m\u00e1s que Salom\u00f3n.<\/p>\n<p>Palabra del Se\u00f1or<\/p>\n<p><strong>ORACI\u00d3N DE LOS FIELES <\/strong><\/p>\n<p>Oremos al Se\u00f1or, nuestro Dios, al celebrar la memoria del Beato Marco Antonio y digamos: <em>Padre, esc\u00fachanos<\/em>.<\/p>\n<ol>\n<li>Por la Iglesia, para que fiel a su misi\u00f3n, lleve la buena noticia de la salvaci\u00f3n a todos los hombres, oremos al Se\u00f1or.<\/li>\n<li>Por el Papa y los obispos, a quienes Cristo ha confiado el cuidado de todas las Iglesias, oremos al Se\u00f1or.<\/li>\n<li>Por nuestro mundo, amenazado por la violencia, el terrorismo y la guerra: para que encuentre caminos de paz y justicia, oremos al Se\u00f1or.<\/li>\n<li>Por los religiosos y religiosas, por los laicos, comprometidos en la acci\u00f3n evangelizadora de la Iglesia, oremos al Se\u00f1or.<\/li>\n<li>Por los que viven marginados de la sociedad y los que se sienten desamparados, incomprendidos, despreciados, oremos al Se\u00f1or.<\/li>\n<li>Por los pobres y los enfermos, por los prisioneros y refugiados, por los emigrantes y los que sufren soledad y abandono, para que encuentren en nosotros comprensi\u00f3n, servicio, amor y compa\u00f1\u00eda, oremos al Se\u00f1or.<\/li>\n<li>Por todos los miembros de la Familia Vicenciana, llamados a participar en la solicitud pastoral de la Iglesia, para que renazcamos a una vida nueva en santidad y justicia, oremos al Se\u00f1or.<\/li>\n<\/ol>\n<p>Escucha, Se\u00f1or, las plegarias de tu Iglesia, que pone su confianza en tu amor y su mirada en el bienaventurado Marco Antonio. Por Jesucristo, nuestro Se\u00f1or.<\/p>\n<p><strong>ORACI\u00d3N SOBRE LAS OFRENDAS <\/strong><\/p>\n<p>Guarda, Se\u00f1or, esta tu familia, reunida en torno al altar y, por la intercesi\u00f3n del bienaventurado Marco Antonio Durando, mant\u00e9nla siempre en tu caridad, par que sea digna de ofrecerte el sacrificio de alabanza. Por Cristo Nuestro Se\u00f1or.<\/p>\n<p><strong>PREFACIO Las maravillas del poder de Dios<\/strong><\/p>\n<p><strong>V\/ <\/strong>El Se\u00f1or est\u00e9 con vosotros <strong>R\/ <\/strong>Y con tu Esp\u00edritu<\/p>\n<p><strong>V\/<\/strong> Levantemos el coraz\u00f3n <strong>R\/<\/strong> Lo tenemos levantado hacia el Se\u00f1or<\/p>\n<p><strong>V\/ <\/strong>Demos gracias al Se\u00f1or nuestro Dio <strong>R\/ <\/strong>Es justo y necesario<\/p>\n<p>En verdad es justo y necesario, es nuestro deber y salvaci\u00f3n, darte gracias siempre y en todo lugar, Se\u00f1or, Padre Santo, Dios Todopoderoso y eterno, por Cristo, Se\u00f1or nuestro.<\/p>\n<p>Porque mediante el testimonio admirable de tus santos fecundas sin cesar a tu Iglesia con vitalidad siempre nueva, d\u00e1ndonos as\u00ed pruebas evidentes de tu amor. Ellos nos estimulan con su ejemplo en el camino de la vida y nos ayudan con su intercesi\u00f3n.<\/p>\n<p>Por eso, ahora, nosotros, llenos de alegr\u00eda, te aclamamos con los \u00e1ngeles y los santos diciendo:<\/p>\n<p>Santo, Santo, Santo\u2026<\/p>\n<p><strong>Ant\u00edfona de Comuni\u00f3n Mt 20, 28 <\/strong><\/p>\n<p>El Hijo del Hombre no ha venido para que le sirvan, sino para servir y dar su vida en rescate por muchos.<\/p>\n<p><strong>ORACI\u00d3N FINAL <\/strong><\/p>\n<p>Oh Dios, nuestro Padre, que nos has alimentado con el pan de la vida, haz que, siguiendo el ejemplo del bienaventurado Marco Antonio Durando, te honremos con un fiel servicio y nos prodiguemos con caridad incansable por el bien de los hermanos. Por Cristo nuestro Se\u00f1or.<\/p>\n","protected":false},"excerpt":{"rendered":"<p>D\u00cdA 10 DICIEMBRE BEATO MARCO ANTONIO DURANDO Presb\u00edtero, Memoria El bienaventurado Marco Antonio Durando naci\u00f3 el 22 de agosto de 1801 en Mondovi (Italia). El 12 de junio de 1824 fue ordenado sacerdote en la &#8230; <a href=\"https:\/\/vincentians.com\/es\/liturgia-de-la-eucaristia-en-la-fiesta-del-beato-marco-antonio-durando\/\" class=\"more-link\">Read More<\/a><\/p>\n","protected":false},"author":4,"featured_media":24144,"comment_status":"open","ping_status":"open","sticky":false,"template":"","format":"standard","meta":{"jetpack_post_was_ever_published":false,"_jetpack_newsletter_access":"","_jetpack_dont_email_post_to_subs":false,"_jetpack_newsletter_tier_id":0,"_jetpack_memberships_contains_paywalled_content":false,"_jetpack_memberships_contains_paid_content":false,"footnotes":"","jetpack_publicize_message":"","jetpack_publicize_feature_enabled":true,"jetpack_social_post_already_shared":true,"jetpack_social_options":{"image_generator_settings":{"template":"highway","default_image_id":0,"font":"","enabled":false},"version":2}},"categories":[22],"tags":[174,176],"class_list":["post-3845","post","type-post","status-publish","format-standard","has-post-thumbnail","hentry","category-marco-antonio-durando","tag-durando","tag-misiones-populares"],"yoast_head":"<!-- This site is optimized with the Yoast SEO plugin v26.3 - https:\/\/yoast.com\/wordpress\/plugins\/seo\/ -->\n<title>Liturgia de la Eucarist\u00eda en la fiesta del beato Marco Antonio Durando - Somos Vicencianos<\/title>\n<meta name=\"robots\" content=\"index, follow, max-snippet:-1, max-image-preview:large, max-video-preview:-1\" \/>\n<link rel=\"canonical\" href=\"https:\/\/vincentians.com\/es\/liturgia-de-la-eucaristia-en-la-fiesta-del-beato-marco-antonio-durando\/\" \/>\n<meta property=\"og:locale\" content=\"es_ES\" \/>\n<meta property=\"og:type\" content=\"article\" \/>\n<meta property=\"og:title\" content=\"Liturgia de la Eucarist\u00eda en la fiesta del beato Marco Antonio Durando - Somos Vicencianos\" \/>\n<meta property=\"og:description\" content=\"D\u00cdA 10 DICIEMBRE BEATO MARCO ANTONIO DURANDO Presb\u00edtero, Memoria El bienaventurado Marco Antonio Durando naci\u00f3 el 22 de agosto de 1801 en Mondovi (Italia). El 12 de junio de 1824 fue ordenado sacerdote en la ... Read More\" \/>\n<meta property=\"og:url\" content=\"https:\/\/vincentians.com\/es\/liturgia-de-la-eucaristia-en-la-fiesta-del-beato-marco-antonio-durando\/\" \/>\n<meta property=\"og:site_name\" content=\"Somos Vicencianos\" \/>\n<meta property=\"article:publisher\" content=\"https:\/\/www.facebook.com\/WeAreVincentians\/\" \/>\n<meta property=\"article:author\" content=\"https:\/\/www.facebook.com\/JavierChento\" \/>\n<meta property=\"article:published_time\" content=\"2013-12-10T01:15:35+00:00\" \/>\n<meta name=\"author\" content=\"Francisco Javier Fern\u00e1ndez Chento\" \/>\n<meta name=\"twitter:card\" content=\"summary_large_image\" \/>\n<meta name=\"twitter:creator\" content=\"@https:\/\/twitter.com\/javierchento\" \/>\n<meta name=\"twitter:site\" content=\"@WeVincentians\" \/>\n<meta name=\"twitter:label1\" content=\"Escrito por\" \/>\n\t<meta name=\"twitter:data1\" content=\"Francisco Javier Fern\u00e1ndez Chento\" \/>\n\t<meta name=\"twitter:label2\" content=\"Tiempo de lectura\" \/>\n\t<meta name=\"twitter:data2\" content=\"7 minutos\" \/>\n<script type=\"application\/ld+json\" class=\"yoast-schema-graph\">{\"@context\":\"https:\/\/schema.org\",\"@graph\":[{\"@type\":\"Article\",\"@id\":\"https:\/\/vincentians.com\/es\/liturgia-de-la-eucaristia-en-la-fiesta-del-beato-marco-antonio-durando\/#article\",\"isPartOf\":{\"@id\":\"https:\/\/vincentians.com\/es\/liturgia-de-la-eucaristia-en-la-fiesta-del-beato-marco-antonio-durando\/\"},\"author\":{\"name\":\"Francisco Javier Fern\u00e1ndez Chento\",\"@id\":\"http:\/\/vincentians.com\/es\/#\/schema\/person\/9623ef4d9aa3b2dfb8c061f1499288f2\"},\"headline\":\"Liturgia de la Eucarist\u00eda en la fiesta del beato Marco Antonio Durando\",\"datePublished\":\"2013-12-10T01:15:35+00:00\",\"mainEntityOfPage\":{\"@id\":\"https:\/\/vincentians.com\/es\/liturgia-de-la-eucaristia-en-la-fiesta-del-beato-marco-antonio-durando\/\"},\"wordCount\":1359,\"commentCount\":0,\"publisher\":{\"@id\":\"http:\/\/vincentians.com\/es\/#organization\"},\"image\":{\"@id\":\"https:\/\/vincentians.com\/es\/liturgia-de-la-eucaristia-en-la-fiesta-del-beato-marco-antonio-durando\/#primaryimage\"},\"thumbnailUrl\":\"\",\"keywords\":[\"Durando\",\"Misiones Populares\"],\"articleSection\":[\"Marco Antonio Durando\"],\"inLanguage\":\"es\",\"potentialAction\":[{\"@type\":\"CommentAction\",\"name\":\"Comment\",\"target\":[\"https:\/\/vincentians.com\/es\/liturgia-de-la-eucaristia-en-la-fiesta-del-beato-marco-antonio-durando\/#respond\"]}]},{\"@type\":\"WebPage\",\"@id\":\"https:\/\/vincentians.com\/es\/liturgia-de-la-eucaristia-en-la-fiesta-del-beato-marco-antonio-durando\/\",\"url\":\"https:\/\/vincentians.com\/es\/liturgia-de-la-eucaristia-en-la-fiesta-del-beato-marco-antonio-durando\/\",\"name\":\"Liturgia de la Eucarist\u00eda en la fiesta del beato Marco Antonio Durando - Somos Vicencianos\",\"isPartOf\":{\"@id\":\"http:\/\/vincentians.com\/es\/#website\"},\"primaryImageOfPage\":{\"@id\":\"https:\/\/vincentians.com\/es\/liturgia-de-la-eucaristia-en-la-fiesta-del-beato-marco-antonio-durando\/#primaryimage\"},\"image\":{\"@id\":\"https:\/\/vincentians.com\/es\/liturgia-de-la-eucaristia-en-la-fiesta-del-beato-marco-antonio-durando\/#primaryimage\"},\"thumbnailUrl\":\"\",\"datePublished\":\"2013-12-10T01:15:35+00:00\",\"breadcrumb\":{\"@id\":\"https:\/\/vincentians.com\/es\/liturgia-de-la-eucaristia-en-la-fiesta-del-beato-marco-antonio-durando\/#breadcrumb\"},\"inLanguage\":\"es\",\"potentialAction\":[{\"@type\":\"ReadAction\",\"target\":[\"https:\/\/vincentians.com\/es\/liturgia-de-la-eucaristia-en-la-fiesta-del-beato-marco-antonio-durando\/\"]}]},{\"@type\":\"ImageObject\",\"inLanguage\":\"es\",\"@id\":\"https:\/\/vincentians.com\/es\/liturgia-de-la-eucaristia-en-la-fiesta-del-beato-marco-antonio-durando\/#primaryimage\",\"url\":\"\",\"contentUrl\":\"\"},{\"@type\":\"BreadcrumbList\",\"@id\":\"https:\/\/vincentians.com\/es\/liturgia-de-la-eucaristia-en-la-fiesta-del-beato-marco-antonio-durando\/#breadcrumb\",\"itemListElement\":[{\"@type\":\"ListItem\",\"position\":1,\"name\":\"Portada\",\"item\":\"http:\/\/vincentians.com\/es\/\"},{\"@type\":\"ListItem\",\"position\":2,\"name\":\"Liturgia de la Eucarist\u00eda en la fiesta del beato Marco Antonio Durando\"}]},{\"@type\":\"WebSite\",\"@id\":\"http:\/\/vincentians.com\/es\/#website\",\"url\":\"http:\/\/vincentians.com\/es\/\",\"name\":\"Somos Vicencianos\",\"description\":\"Know more to serve more\",\"publisher\":{\"@id\":\"http:\/\/vincentians.com\/es\/#organization\"},\"potentialAction\":[{\"@type\":\"SearchAction\",\"target\":{\"@type\":\"EntryPoint\",\"urlTemplate\":\"http:\/\/vincentians.com\/es\/?s={search_term_string}\"},\"query-input\":{\"@type\":\"PropertyValueSpecification\",\"valueRequired\":true,\"valueName\":\"search_term_string\"}}],\"inLanguage\":\"es\"},{\"@type\":\"Organization\",\"@id\":\"http:\/\/vincentians.com\/es\/#organization\",\"name\":\"The Vincentian Network\",\"url\":\"http:\/\/vincentians.com\/es\/\",\"logo\":{\"@type\":\"ImageObject\",\"inLanguage\":\"es\",\"@id\":\"http:\/\/vincentians.com\/es\/#\/schema\/logo\/image\/\",\"url\":\"https:\/\/i1.wp.com\/vincentians.com\/es\/wp-content\/uploads\/sites\/11\/2016\/06\/Vincentian-Network-logo-big.png?fit=778%2C778\",\"contentUrl\":\"https:\/\/i1.wp.com\/vincentians.com\/es\/wp-content\/uploads\/sites\/11\/2016\/06\/Vincentian-Network-logo-big.png?fit=778%2C778\",\"width\":778,\"height\":778,\"caption\":\"The Vincentian Network\"},\"image\":{\"@id\":\"http:\/\/vincentians.com\/es\/#\/schema\/logo\/image\/\"},\"sameAs\":[\"https:\/\/www.facebook.com\/WeAreVincentians\/\",\"https:\/\/x.com\/WeVincentians\"]},{\"@type\":\"Person\",\"@id\":\"http:\/\/vincentians.com\/es\/#\/schema\/person\/9623ef4d9aa3b2dfb8c061f1499288f2\",\"name\":\"Francisco Javier Fern\u00e1ndez Chento\",\"image\":{\"@type\":\"ImageObject\",\"inLanguage\":\"es\",\"@id\":\"http:\/\/vincentians.com\/es\/#\/schema\/person\/image\/\",\"url\":\"https:\/\/secure.gravatar.com\/avatar\/497d5cde87b4c3d097d0315953521681ba2cd523ee66e5077c3711f7021e65de?s=96&d=mm&r=g\",\"contentUrl\":\"https:\/\/secure.gravatar.com\/avatar\/497d5cde87b4c3d097d0315953521681ba2cd523ee66e5077c3711f7021e65de?s=96&d=mm&r=g\",\"caption\":\"Francisco Javier Fern\u00e1ndez Chento\"},\"description\":\"Director General y cofundador de La Red de Formaci\u00f3n Vicenciana. Javier es laico vicenciano, afiliado a la Congregaci\u00f3n de la Misi\u00f3n y miembro del Equipo de Misiones Populares de la provincia can\u00f3nica de Zaragoza (Espa\u00f1a) de la Congregaci\u00f3n de la Misi\u00f3n. Graduado en la Universidad Oberta de Catalunya con cuatro grados (Asistente de direcci\u00f3n, Gesti\u00f3n Administrativa, Recursos Humanos y Contabilidad Avanzada). Bil\u00edng\u00fce Espa\u00f1ol\/Ingl\u00e9s. gestiona y mantiene varias p\u00e1ginas web cristianas y vicencianas, incluida including La Red de Formaci\u00f3n Vicenciana, de la que es cofundador. Actualmente es responsable del \u00e1rea de Espa\u00f1ol de .famvin, la Red de Noticias de la Familia Vicenciana. Tambi\u00e9n es m\u00fasico cat\u00f3lico y ha editado varios discos. Es Director General y cofundador de Trovador, una reconocida compa\u00f1\u00eda discogr\u00e1fica critiana de Espa\u00f1a. Trabaja en las Tecnolog\u00edas de la Informaci\u00f3n, ofreciendo servicios de alojamiento, dise\u00f1o y mantenimiento Web, as\u00ed como asesoramiento, formaci\u00f3n y soluciones inform\u00e1ticas, gesti\u00f3n documental y digitalizaci\u00f3n de textos, edici\u00f3n y maquetaci\u00f3n de libros, revistas, flyers, etc.\",\"sameAs\":[\"http:\/\/chento.org\",\"https:\/\/www.facebook.com\/JavierChento\",\"https:\/\/x.com\/https:\/\/twitter.com\/javierchento\"],\"url\":\"https:\/\/vincentians.com\/es\/author\/chento\/\"}]}<\/script>\n<!-- \/ Yoast SEO plugin. -->","yoast_head_json":{"title":"Liturgia de la Eucarist\u00eda en la fiesta del beato Marco Antonio Durando - Somos Vicencianos","robots":{"index":"index","follow":"follow","max-snippet":"max-snippet:-1","max-image-preview":"max-image-preview:large","max-video-preview":"max-video-preview:-1"},"canonical":"https:\/\/vincentians.com\/es\/liturgia-de-la-eucaristia-en-la-fiesta-del-beato-marco-antonio-durando\/","og_locale":"es_ES","og_type":"article","og_title":"Liturgia de la Eucarist\u00eda en la fiesta del beato Marco Antonio Durando - Somos Vicencianos","og_description":"D\u00cdA 10 DICIEMBRE BEATO MARCO ANTONIO DURANDO Presb\u00edtero, Memoria El bienaventurado Marco Antonio Durando naci\u00f3 el 22 de agosto de 1801 en Mondovi (Italia). El 12 de junio de 1824 fue ordenado sacerdote en la ... Read More","og_url":"https:\/\/vincentians.com\/es\/liturgia-de-la-eucaristia-en-la-fiesta-del-beato-marco-antonio-durando\/","og_site_name":"Somos Vicencianos","article_publisher":"https:\/\/www.facebook.com\/WeAreVincentians\/","article_author":"https:\/\/www.facebook.com\/JavierChento","article_published_time":"2013-12-10T01:15:35+00:00","author":"Francisco Javier Fern\u00e1ndez Chento","twitter_card":"summary_large_image","twitter_creator":"@https:\/\/twitter.com\/javierchento","twitter_site":"@WeVincentians","twitter_misc":{"Escrito por":"Francisco Javier Fern\u00e1ndez Chento","Tiempo de lectura":"7 minutos"},"schema":{"@context":"https:\/\/schema.org","@graph":[{"@type":"Article","@id":"https:\/\/vincentians.com\/es\/liturgia-de-la-eucaristia-en-la-fiesta-del-beato-marco-antonio-durando\/#article","isPartOf":{"@id":"https:\/\/vincentians.com\/es\/liturgia-de-la-eucaristia-en-la-fiesta-del-beato-marco-antonio-durando\/"},"author":{"name":"Francisco Javier Fern\u00e1ndez Chento","@id":"http:\/\/vincentians.com\/es\/#\/schema\/person\/9623ef4d9aa3b2dfb8c061f1499288f2"},"headline":"Liturgia de la Eucarist\u00eda en la fiesta del beato Marco Antonio Durando","datePublished":"2013-12-10T01:15:35+00:00","mainEntityOfPage":{"@id":"https:\/\/vincentians.com\/es\/liturgia-de-la-eucaristia-en-la-fiesta-del-beato-marco-antonio-durando\/"},"wordCount":1359,"commentCount":0,"publisher":{"@id":"http:\/\/vincentians.com\/es\/#organization"},"image":{"@id":"https:\/\/vincentians.com\/es\/liturgia-de-la-eucaristia-en-la-fiesta-del-beato-marco-antonio-durando\/#primaryimage"},"thumbnailUrl":"","keywords":["Durando","Misiones Populares"],"articleSection":["Marco Antonio Durando"],"inLanguage":"es","potentialAction":[{"@type":"CommentAction","name":"Comment","target":["https:\/\/vincentians.com\/es\/liturgia-de-la-eucaristia-en-la-fiesta-del-beato-marco-antonio-durando\/#respond"]}]},{"@type":"WebPage","@id":"https:\/\/vincentians.com\/es\/liturgia-de-la-eucaristia-en-la-fiesta-del-beato-marco-antonio-durando\/","url":"https:\/\/vincentians.com\/es\/liturgia-de-la-eucaristia-en-la-fiesta-del-beato-marco-antonio-durando\/","name":"Liturgia de la Eucarist\u00eda en la fiesta del beato Marco Antonio Durando - Somos Vicencianos","isPartOf":{"@id":"http:\/\/vincentians.com\/es\/#website"},"primaryImageOfPage":{"@id":"https:\/\/vincentians.com\/es\/liturgia-de-la-eucaristia-en-la-fiesta-del-beato-marco-antonio-durando\/#primaryimage"},"image":{"@id":"https:\/\/vincentians.com\/es\/liturgia-de-la-eucaristia-en-la-fiesta-del-beato-marco-antonio-durando\/#primaryimage"},"thumbnailUrl":"","datePublished":"2013-12-10T01:15:35+00:00","breadcrumb":{"@id":"https:\/\/vincentians.com\/es\/liturgia-de-la-eucaristia-en-la-fiesta-del-beato-marco-antonio-durando\/#breadcrumb"},"inLanguage":"es","potentialAction":[{"@type":"ReadAction","target":["https:\/\/vincentians.com\/es\/liturgia-de-la-eucaristia-en-la-fiesta-del-beato-marco-antonio-durando\/"]}]},{"@type":"ImageObject","inLanguage":"es","@id":"https:\/\/vincentians.com\/es\/liturgia-de-la-eucaristia-en-la-fiesta-del-beato-marco-antonio-durando\/#primaryimage","url":"","contentUrl":""},{"@type":"BreadcrumbList","@id":"https:\/\/vincentians.com\/es\/liturgia-de-la-eucaristia-en-la-fiesta-del-beato-marco-antonio-durando\/#breadcrumb","itemListElement":[{"@type":"ListItem","position":1,"name":"Portada","item":"http:\/\/vincentians.com\/es\/"},{"@type":"ListItem","position":2,"name":"Liturgia de la Eucarist\u00eda en la fiesta del beato Marco Antonio Durando"}]},{"@type":"WebSite","@id":"http:\/\/vincentians.com\/es\/#website","url":"http:\/\/vincentians.com\/es\/","name":"Somos Vicencianos","description":"Know more to serve more","publisher":{"@id":"http:\/\/vincentians.com\/es\/#organization"},"potentialAction":[{"@type":"SearchAction","target":{"@type":"EntryPoint","urlTemplate":"http:\/\/vincentians.com\/es\/?s={search_term_string}"},"query-input":{"@type":"PropertyValueSpecification","valueRequired":true,"valueName":"search_term_string"}}],"inLanguage":"es"},{"@type":"Organization","@id":"http:\/\/vincentians.com\/es\/#organization","name":"The Vincentian Network","url":"http:\/\/vincentians.com\/es\/","logo":{"@type":"ImageObject","inLanguage":"es","@id":"http:\/\/vincentians.com\/es\/#\/schema\/logo\/image\/","url":"https:\/\/i1.wp.com\/vincentians.com\/es\/wp-content\/uploads\/sites\/11\/2016\/06\/Vincentian-Network-logo-big.png?fit=778%2C778","contentUrl":"https:\/\/i1.wp.com\/vincentians.com\/es\/wp-content\/uploads\/sites\/11\/2016\/06\/Vincentian-Network-logo-big.png?fit=778%2C778","width":778,"height":778,"caption":"The Vincentian Network"},"image":{"@id":"http:\/\/vincentians.com\/es\/#\/schema\/logo\/image\/"},"sameAs":["https:\/\/www.facebook.com\/WeAreVincentians\/","https:\/\/x.com\/WeVincentians"]},{"@type":"Person","@id":"http:\/\/vincentians.com\/es\/#\/schema\/person\/9623ef4d9aa3b2dfb8c061f1499288f2","name":"Francisco Javier Fern\u00e1ndez Chento","image":{"@type":"ImageObject","inLanguage":"es","@id":"http:\/\/vincentians.com\/es\/#\/schema\/person\/image\/","url":"https:\/\/secure.gravatar.com\/avatar\/497d5cde87b4c3d097d0315953521681ba2cd523ee66e5077c3711f7021e65de?s=96&d=mm&r=g","contentUrl":"https:\/\/secure.gravatar.com\/avatar\/497d5cde87b4c3d097d0315953521681ba2cd523ee66e5077c3711f7021e65de?s=96&d=mm&r=g","caption":"Francisco Javier Fern\u00e1ndez Chento"},"description":"Director General y cofundador de La Red de Formaci\u00f3n Vicenciana. Javier es laico vicenciano, afiliado a la Congregaci\u00f3n de la Misi\u00f3n y miembro del Equipo de Misiones Populares de la provincia can\u00f3nica de Zaragoza (Espa\u00f1a) de la Congregaci\u00f3n de la Misi\u00f3n. Graduado en la Universidad Oberta de Catalunya con cuatro grados (Asistente de direcci\u00f3n, Gesti\u00f3n Administrativa, Recursos Humanos y Contabilidad Avanzada). Bil\u00edng\u00fce Espa\u00f1ol\/Ingl\u00e9s. gestiona y mantiene varias p\u00e1ginas web cristianas y vicencianas, incluida including La Red de Formaci\u00f3n Vicenciana, de la que es cofundador. Actualmente es responsable del \u00e1rea de Espa\u00f1ol de .famvin, la Red de Noticias de la Familia Vicenciana. Tambi\u00e9n es m\u00fasico cat\u00f3lico y ha editado varios discos. Es Director General y cofundador de Trovador, una reconocida compa\u00f1\u00eda discogr\u00e1fica critiana de Espa\u00f1a. Trabaja en las Tecnolog\u00edas de la Informaci\u00f3n, ofreciendo servicios de alojamiento, dise\u00f1o y mantenimiento Web, as\u00ed como asesoramiento, formaci\u00f3n y soluciones inform\u00e1ticas, gesti\u00f3n documental y digitalizaci\u00f3n de textos, edici\u00f3n y maquetaci\u00f3n de libros, revistas, flyers, etc.","sameAs":["http:\/\/chento.org","https:\/\/www.facebook.com\/JavierChento","https:\/\/x.com\/https:\/\/twitter.com\/javierchento"],"url":"https:\/\/vincentians.com\/es\/author\/chento\/"}]}},"jetpack_publicize_connections":[],"jetpack_featured_media_url":"","jetpack_sharing_enabled":true,"jetpack_shortlink":"https:\/\/wp.me\/p7ETMF-101","jetpack-related-posts":[{"id":3849,"url":"https:\/\/vincentians.com\/es\/propio-de-la-liturgia-de-las-horas-en-la-fiesta-del-beato-marco-antonio-durando\/","url_meta":{"origin":3845,"position":0},"title":"Propio de la Liturgia de las Horas en la fiesta del beato Marco Antonio Durando","author":"Francisco Javier Fern\u00e1ndez Chento","date":"10\/12\/2013","format":false,"excerpt":"D\u00eda 10 de diciembre BEATO MARCO ANTONIO DURANDO Presb\u00edtero, Memoria El bienaventurado Marco Antonio Durando naci\u00f3 el 22 de agosto de 1801 en Mondovi (Italia). El 12 junio de 1824 fue ordenado sacerdote en la Congregaci\u00f3n de la Misi\u00f3n. Casi toda su vida de sacerdote la pas\u00f3 en Tur\u00edn, en\u2026","rel":"","context":"En \u00abMarco Antonio Durando\u00bb","block_context":{"text":"Marco Antonio Durando","link":"https:\/\/vincentians.com\/es\/category\/la-familia-vicenciana\/la-familia-vicenciana-en-los-altares\/beatos\/marco-antonio-durando\/"},"img":{"alt_text":"","src":"","width":0,"height":0},"classes":[]},{"id":2326,"url":"https:\/\/vincentians.com\/es\/beato-marco-antonio-durando\/","url_meta":{"origin":3845,"position":1},"title":"Beato Marco Antonio Durando","author":"Francisco Javier Fern\u00e1ndez Chento","date":"10\/12\/2024","format":false,"excerpt":"Hoy la Familia Vicenciana y la Iglesia celebra la memoria del Beato Marco Antonio Durando. Que sus virtudes animen a todos los Padres Pa\u00fales (y a todos los misioneros en general) a vivir entusiasmadamente su vocaci\u00f3n. Marco Antonio naci\u00f3 el 22 de mayo de 1801, en Mondov\u00ed, en la ilustre\u2026","rel":"","context":"En \u00abMarco Antonio Durando\u00bb","block_context":{"text":"Marco Antonio Durando","link":"https:\/\/vincentians.com\/es\/category\/la-familia-vicenciana\/la-familia-vicenciana-en-los-altares\/beatos\/marco-antonio-durando\/"},"img":{"alt_text":"","src":"","width":0,"height":0},"classes":[]},{"id":49312,"url":"https:\/\/vincentians.com\/es\/triple-invitacion-del-beato-marco-antonio-durando-a-la-provincia-de-turin-y-a-la-familia-vicenciana\/","url_meta":{"origin":3845,"position":2},"title":"Triple invitaci\u00f3n del Beato Marco Antonio Durando a la Provincia de Tur\u00edn y a la Familia Vicenciana","author":"Francisco Javier Fern\u00e1ndez Chento","date":"06\/09\/2011","format":false,"excerpt":"1. A reavivar la espiritualidad de San Vicente de Pa\u00fal Si, gracias a la presencia de los \"Se\u00f1ores de la Misi\u00f3n\" en la peque\u00f1a poblaci\u00f3n de Mondov\u00ec, donde naci\u00f3 el P. Marco Antonio Durando, \u00e9ste decidi\u00f3 entrar en la Congregaci\u00f3n, para realizar su deseo de ir como misionero a China,\u2026","rel":"","context":"En \u00abMarco Antonio Durando\u00bb","block_context":{"text":"Marco Antonio Durando","link":"https:\/\/vincentians.com\/es\/category\/la-familia-vicenciana\/la-familia-vicenciana-en-los-altares\/beatos\/marco-antonio-durando\/"},"img":{"alt_text":"Marco Antonio Durando","src":"https:\/\/i0.wp.com\/vicencianos.org\/wp-content\/2011\/04\/marco_antonio_durando-242x300.jpg?resize=350%2C200","width":350,"height":200},"classes":[]},{"id":124208,"url":"https:\/\/vincentians.com\/es\/vicente-de-paul-el-ocaso\/","url_meta":{"origin":3845,"position":3},"title":"Vicente de Pa\u00fal: El ocaso","author":"Francisco Javier Fern\u00e1ndez Chento","date":"27\/03\/2023","format":false,"excerpt":"As\u00ed como la misi\u00f3n de Madagascar fue el calvario para la Congregaci\u00f3n de la Misi\u00f3n, el calvario personal del P. Vicente comenz\u00f3 un poco m\u00e1s tarde. Desde el a\u00f1o 1656 estuvo enfermo sin recuperarse del todo ya nunca m\u00e1s. En 1658 sufri\u00f3 un accidente de carroza recibiendo una herida en\u2026","rel":"","context":"En \u00abVicente de Pa\u00fal\u00bb","block_context":{"text":"Vicente de Pa\u00fal","link":"https:\/\/vincentians.com\/es\/category\/la-familia-vicenciana\/fundadores\/vicente-de-paul\/"},"img":{"alt_text":"","src":"https:\/\/i0.wp.com\/vincentians.com\/es\/wp-content\/uploads\/sites\/11\/2013\/04\/e-3.jpg?fit=976%2C570&ssl=1&resize=350%2C200","width":350,"height":200,"srcset":"https:\/\/i0.wp.com\/vincentians.com\/es\/wp-content\/uploads\/sites\/11\/2013\/04\/e-3.jpg?fit=976%2C570&ssl=1&resize=350%2C200 1x, https:\/\/i0.wp.com\/vincentians.com\/es\/wp-content\/uploads\/sites\/11\/2013\/04\/e-3.jpg?fit=976%2C570&ssl=1&resize=525%2C300 1.5x, https:\/\/i0.wp.com\/vincentians.com\/es\/wp-content\/uploads\/sites\/11\/2013\/04\/e-3.jpg?fit=976%2C570&ssl=1&resize=700%2C400 2x"},"classes":[]},{"id":49726,"url":"https:\/\/vincentians.com\/es\/cronica-de-la-beatificacion-de-marco-antonio-durando-1800-1880\/","url_meta":{"origin":3845,"position":4},"title":"Cr\u00f3nica de la beatificaci\u00f3n de Marco Antonio Durando (1800-1880)","author":"Francisco Javier Fern\u00e1ndez Chento","date":"10\/12\/2023","format":false,"excerpt":"I. Las celebraciones en Roma El rito de la beatificaci\u00f3n del Venerable Padre Marco Antonio Durando tuvo lugar en el atrio de la bas\u00edlica de San Pedro el d\u00eda 20 de octubre del a\u00f1o 2002. En aquella misma celebraci\u00f3n fueron beatificados tambi\u00e9n los Siervos de Dios Daudi Okelo y Jildo\u2026","rel":"","context":"En \u00abMarco Antonio Durando\u00bb","block_context":{"text":"Marco Antonio Durando","link":"https:\/\/vincentians.com\/es\/category\/la-familia-vicenciana\/la-familia-vicenciana-en-los-altares\/beatos\/marco-antonio-durando\/"},"img":{"alt_text":"","src":"https:\/\/i0.wp.com\/vincentians.com\/es\/wp-content\/uploads\/sites\/11\/2016\/08\/cofradias-de-caridad.jpg?fit=1200%2C630&ssl=1&resize=350%2C200","width":350,"height":200,"srcset":"https:\/\/i0.wp.com\/vincentians.com\/es\/wp-content\/uploads\/sites\/11\/2016\/08\/cofradias-de-caridad.jpg?fit=1200%2C630&ssl=1&resize=350%2C200 1x, https:\/\/i0.wp.com\/vincentians.com\/es\/wp-content\/uploads\/sites\/11\/2016\/08\/cofradias-de-caridad.jpg?fit=1200%2C630&ssl=1&resize=525%2C300 1.5x, https:\/\/i0.wp.com\/vincentians.com\/es\/wp-content\/uploads\/sites\/11\/2016\/08\/cofradias-de-caridad.jpg?fit=1200%2C630&ssl=1&resize=700%2C400 2x, https:\/\/i0.wp.com\/vincentians.com\/es\/wp-content\/uploads\/sites\/11\/2016\/08\/cofradias-de-caridad.jpg?fit=1200%2C630&ssl=1&resize=1050%2C600 3x"},"classes":[]},{"id":130846,"url":"https:\/\/vincentians.com\/es\/la-congregacion-de-la-mision-en-austria-ii\/","url_meta":{"origin":3845,"position":5},"title":"La Congregaci\u00f3n de la Misi\u00f3n en Austria (II)","author":"Mitxel Olabu\u00e9naga","date":"05\/07\/2014","format":false,"excerpt":"CASA DE SALZBURGO. 1883 Esta casita de la Congregaci\u00f3n fund\u00f3se casi exclusivamente para ocuparse en Salzburgo de la direcci\u00f3n de las Hijas de la Caridad. Dio a ello motivo la uni\u00f3n de las Hijas de la Caridad de la Archidi\u00f3cesis de Salzburgo con las de la Casa Madre de Par\u00eds.\u2026","rel":"","context":"En \u00abHistoria de la Congregaci\u00f3n de la Misi\u00f3n\u00bb","block_context":{"text":"Historia de la Congregaci\u00f3n de la Misi\u00f3n","link":"https:\/\/vincentians.com\/es\/category\/historia-de-la-familia-vicenciana\/historia-de-la-congregacion-de-la-mision\/"},"img":{"alt_text":"austria","src":"https:\/\/i0.wp.com\/vicencianos.org\/wp-content\/2014\/07\/austria.gif?resize=350%2C200","width":350,"height":200},"classes":[]}],"_links":{"self":[{"href":"https:\/\/vincentians.com\/es\/wp-json\/wp\/v2\/posts\/3845","targetHints":{"allow":["GET"]}}],"collection":[{"href":"https:\/\/vincentians.com\/es\/wp-json\/wp\/v2\/posts"}],"about":[{"href":"https:\/\/vincentians.com\/es\/wp-json\/wp\/v2\/types\/post"}],"author":[{"embeddable":true,"href":"https:\/\/vincentians.com\/es\/wp-json\/wp\/v2\/users\/4"}],"replies":[{"embeddable":true,"href":"https:\/\/vincentians.com\/es\/wp-json\/wp\/v2\/comments?post=3845"}],"version-history":[{"count":0,"href":"https:\/\/vincentians.com\/es\/wp-json\/wp\/v2\/posts\/3845\/revisions"}],"wp:featuredmedia":[{"embeddable":true,"href":"https:\/\/vincentians.com\/es\/wp-json\/"}],"wp:attachment":[{"href":"https:\/\/vincentians.com\/es\/wp-json\/wp\/v2\/media?parent=3845"}],"wp:term":[{"taxonomy":"category","embeddable":true,"href":"https:\/\/vincentians.com\/es\/wp-json\/wp\/v2\/categories?post=3845"},{"taxonomy":"post_tag","embeddable":true,"href":"https:\/\/vincentians.com\/es\/wp-json\/wp\/v2\/tags?post=3845"}],"curies":[{"name":"wp","href":"https:\/\/api.w.org\/{rel}","templated":true}]}}