{"id":38398,"date":"2020-09-04T07:05:31","date_gmt":"2020-09-04T05:05:31","guid":{"rendered":"http:\/\/somos.vicencianos.org\/?p=38398"},"modified":"2020-09-02T10:02:57","modified_gmt":"2020-09-02T08:02:57","slug":"jean-baptiste-gilles-muerto-en-1652","status":"publish","type":"post","link":"https:\/\/vincentians.com\/es\/jean-baptiste-gilles-muerto-en-1652\/","title":{"rendered":"Jean Baptiste Gilles (\u2020 1652)"},"content":{"rendered":"<p>El Sr. Jean-Baptiste Gilles, nacido en Avranches, era de treinta y cinco a\u00f1os cuando Nuestro Se\u00f1or le atrajo a la Compa\u00f1\u00eda; fue recibido en ella el 28 de noviembre de 1642. Era en esta \u00e9poca principal y profesor de filosof\u00eda en Par\u00eds, en el colegio de Lisieux. Es te colegio estaba situado en la calle Jean-de-Beauvais y hab\u00eda sido fundado por Mons. d\u2019Harcour, obispo de Lisieux, de donde hab\u00eda recibido el nombre.<\/p>\n<p>El Sr. Gilles era un eclesi\u00e1stico muy estimado: sabio, piadoso y h\u00e1bil en los asuntos. San Vicente demistr\u00f3 la estima que ten\u00eda del nuevo Misionero poniendo pronto a los estudiantes de San L\u00e1zaro bajo su direcci\u00f3n, y siguiendo la expresi\u00f3n del santo, hizo maravillas en la piedad y en la doctrina entre ellos. Cuando la coadjutor\u00eda de Babylone fue propuesta a la Congregaci\u00f3n, se pens\u00f3 en \u00e9l para esta misi\u00f3n; pero a consecuencia de diversas circunstancias, el proyecto no se realiz\u00f3. Fue entonces cuando fue nombrado superior de la casa de Cr\u00e9cy.<\/p>\n<p>San Vicente no ces\u00f3 de manifestarle una confianza de la se mostr\u00f3 siempre digno. El santo Fundador reuni\u00f3 en 1651 una asamblea para la que llam\u00f3 a los sacerdotes m\u00e1s autorizados y a los m\u00e1s versados en el conocimiento del Instituto. Se trataba de examinar las Reglas, que no hab\u00eda sido impresas a\u00fan, y de decidir si se pedir\u00eda a la Santa Sede que aprobara para la Compa\u00f1\u00eda la emisi\u00f3n de los votos. El Sr. Gilles fue uno de aquellos cuyo parecer quiso tener san Vicente. Se lo merec\u00eda; y de hecho, nadie se mostr\u00f3 en la asamblea m\u00e1s erudito que el Sr. Gilles, ni estuvo m\u00e1s en conformidad de vistas que \u00e9l con el santo Fundador.<\/p>\n<p>La cuesti\u00f3n de los votos, que no estaba todav\u00eda zanjada para el Instituto naciente, le dio la ocasi\u00f3n de proclamar su estima y su ardiente amor por la Congregaci\u00f3n, y de mostrar la felicidad que sent\u00eda y la prudencia que encontraba en unirse a ella por la obligaci\u00f3n de los votos.<\/p>\n<p>\u00abLa Compa\u00f1\u00eda, dice \u00e9l, no puede subsistir sin los votos. Y ser\u00eda de desear incluso que los particulares pudieran descargarse de sus sucesiones y de la administraci\u00f3n temporal de sus bienes, pues los corazones de los hombres son son siempre los mismos est\u00e1n tentados de \u00abno ofrecer a Dios m\u00e1s que las ovejas flacas y guardarse para ellos las gordas\u00bb: <em>quia offerunt macras, subtrahunt pingues; <\/em>y mientras que nosotros tenemos bienes o la esperanza de tenerlos, miramos detr\u00e1s, como la mujer de Lot\u00bb.<\/p>\n<p>Buscando las razones que deb\u00edan hacer adoptar estos compromisos sagrados, alegaba justamente la vida penosa en la naturaleza que su vocaci\u00f3n impone a los Misioneros. \u00abTal vez, dec\u00eda \u00e9l, si las ocupaciones fueran otras, se podr\u00eda dispensar de atarse as\u00ed; pero importa afirmarse contra uno mismo, porque la funci\u00f3n de las misiones es muy trabajosa, sobre todo para los mayores, a causa de la inestabilidad continua y necesaria que exige, y que es tan opuesta al estado de fijeza y de tranquilidad que busca la naturaleza; el hombre como el \u00e1rbol tendiendo a echar sus ra\u00edces en la tierra: <em>Homo ut arbor mittit radices\u00bb.<\/em><\/p>\n<p>En cuanto a \u00e9l, declaraba que, aunque no hubiera m\u00e1s que pan y agua, \u00e9l no dejar\u00eda la Misi\u00f3n,<\/p>\n<p>San Vicente, mientras guardaba su reserva habitual, dejaba ver claramente su deseo que la Asamblea sancionara la pr\u00e1ctica en la que se estaba de pronunciar los votos. El Sr. Gilles le apoy\u00f3 ardientemente.<\/p>\n<p>Alegando su experiencia personal y el hast\u00edo que la fatiga, la naturaleza o el demonio hacen nacer un d\u00eda u otro en las mejores almas: \u00abSon los votos los que me han retenido, exclam\u00f3, y los que me han salvado, cuando yo ya era un hombre maduro, con un superior, con un Superior que tan s\u00f3lo ten\u00eda veinticinco a\u00f1os\u00bb.<\/p>\n<p>Y volvi\u00e9ndose entonces hacia los que no tem\u00edan aminorar el paso, al parecer, en su fervor pasado, y proponer un cambio en una pr\u00e1ctica ya recibida: \u00abTodo eso, dec\u00eda, es da\u00f1ar a la Compa\u00f1\u00eda o exponerla, porque, como lo dijo Arist\u00f3teles: <em>Omnis mutatio morbus; <\/em>Todo cambio vale una enfermedad\u00bb. Un hombre de Estado me dec\u00eda: \u00abSe nos proponen cambios sin cesar y se afirma que est\u00e1 bien. \u2013S\u00ed, a\u00f1ad\u00eda el hombre de Estado: cambiar el Estado es f\u00e1cil, pero habr\u00e1 perecido antes cinco veces\u00bb.<\/p>\n<p>Desde entonces se objetaba la pr\u00e1ctica de una Congregaci\u00f3n c\u00e9lebre en la que no se compromet\u00edan con ning\u00fan voto; san Vicente hab\u00eda hecho ver ya que, sin juzgar esta pr\u00e1ctica, proponerla como m\u00e1s perfecta ser\u00eda condenar a la Iglesia, ella en efecto ha alabado y apoyado, en especial en el concilio de Trento, la consagraci\u00f3n de todo hombre por los votos holocausto muy agradable a Dios, en el que se presentan el fruto y el \u00e1rbol. \u2013Nosotros a\u00f1adiremos aqu\u00ed que m\u00e1s de un orador sagrado y m\u00e1s de un escritor, al topar en su camino con esta cuesti\u00f3n del bien cumplido fuera de la obligaci\u00f3n de los votos, se deshacen en alabanzas\u00a0 m\u00e1s literarias o m\u00e1s elocuentes que exactas.<\/p>\n<p>El Sr. Gilles, levant\u00e1ndose una vez m\u00e1s, aport\u00f3 ante la Asamblea el testimonio de la experiencia que confirmaba el sentir de la Iglesia: \u00abHa citado usted esta Comunidad, respond\u00eda; pues bien, alguien que forma parte de ella deploraba no hace mucho la inconstancia que se ve en ella a consecuencia de la ausencia de los votos; me dec\u00eda que no es \u00abm\u00e1s que una honorable hoster\u00eda\u00bb, y que el seminario es de poco fuste.<\/p>\n<p>Se le objetaba la repugnancia que ten\u00eda a los votos, cediendo a la corriente de entonces, una peque\u00f1a parte de la Compa\u00f1\u00eda: Italia. Respondi\u00f3: \u00abLe corresponde a la madre tener a la hija y no dejarse guiar por ella\u00bb.<\/p>\n<p>\u00abY tambi\u00e9n, continuaba \u00e9l, habr\u00eda pues que culpar al joven que es un monje tibio en lugar de seguir soldado. Muy al contrario, respond\u00eda, ya que se hacen cantidad de buenas acciones en la vida religiosa, incluso tibia e imperfecta, y con demasiada frecuencia no se hace ninguna en la vida de los campos\u00bb.\u00a0 El ferviente Misionero declar\u00f3 que \u00e9l pedir\u00eda salirse antes que quitar los votos.<\/p>\n<p>Dios bendijo su fervor. A la petici\u00f3n de san Vicente, la Santa Sede decret\u00f3 pronto (22 de septiembre de 1655) que ning\u00fan Misionero ser\u00eda recibido sino al cabo de dos a\u00f1os de probaci\u00f3n, tras los cuales\u00a0 se pronunciar\u00edan votos simples reservados a la Santa Sede.<\/p>\n<p>La corona de la perseverancia era debida al piadoso Misionero. Dios se la concedi\u00f3 llamando a s\u00ed \u00abal buen Sr. Gilles\u00bb, como habla san Vicente en el curso del mes de julio de 1652.<\/p>\n<p>&nbsp;<\/p>\n<p>&nbsp;<\/p>\n","protected":false},"excerpt":{"rendered":"<p>El Sr. Jean-Baptiste Gilles, nacido en Avranches, era de treinta y cinco a\u00f1os cuando Nuestro Se\u00f1or le atrajo a la Compa\u00f1\u00eda; fue recibido en ella el 28 de noviembre de 1642. Era en esta \u00e9poca &#8230; <a href=\"https:\/\/vincentians.com\/es\/jean-baptiste-gilles-muerto-en-1652\/\" class=\"more-link\">Read More<\/a><\/p>\n","protected":false},"author":5,"featured_media":391249,"comment_status":"open","ping_status":"open","sticky":false,"template":"","format":"standard","meta":{"jetpack_post_was_ever_published":false,"_jetpack_newsletter_access":"","_jetpack_dont_email_post_to_subs":false,"_jetpack_newsletter_tier_id":0,"_jetpack_memberships_contains_paywalled_content":false,"_jetpack_memberships_contains_paid_content":false,"footnotes":"","jetpack_publicize_message":"","jetpack_publicize_feature_enabled":true,"jetpack_social_post_already_shared":true,"jetpack_social_options":{"image_generator_settings":{"template":"highway","default_image_id":0,"font":"","enabled":false},"version":2}},"categories":[19],"tags":[130,143],"class_list":["post-38398","post","type-post","status-publish","format-standard","has-post-thumbnail","hentry","category-biografias-de-misioneros-paules","tag-beauvais","tag-san-lazaro"],"yoast_head":"<!-- This site is optimized with the Yoast SEO plugin v26.3 - https:\/\/yoast.com\/wordpress\/plugins\/seo\/ -->\n<title>Jean Baptiste Gilles (\u2020 1652) - Somos Vicencianos<\/title>\n<meta name=\"robots\" content=\"index, follow, max-snippet:-1, max-image-preview:large, max-video-preview:-1\" \/>\n<link rel=\"canonical\" href=\"https:\/\/vincentians.com\/es\/jean-baptiste-gilles-muerto-en-1652\/\" \/>\n<meta property=\"og:locale\" content=\"es_ES\" \/>\n<meta property=\"og:type\" content=\"article\" \/>\n<meta property=\"og:title\" content=\"Jean Baptiste Gilles (\u2020 1652) - Somos Vicencianos\" \/>\n<meta property=\"og:description\" content=\"El Sr. Jean-Baptiste Gilles, nacido en Avranches, era de treinta y cinco a\u00f1os cuando Nuestro Se\u00f1or le atrajo a la Compa\u00f1\u00eda; fue recibido en ella el 28 de noviembre de 1642. Era en esta \u00e9poca ... Read More\" \/>\n<meta property=\"og:url\" content=\"https:\/\/vincentians.com\/es\/jean-baptiste-gilles-muerto-en-1652\/\" \/>\n<meta property=\"og:site_name\" content=\"Somos Vicencianos\" \/>\n<meta property=\"article:publisher\" content=\"https:\/\/www.facebook.com\/WeAreVincentians\/\" \/>\n<meta property=\"article:published_time\" content=\"2020-09-04T05:05:31+00:00\" \/>\n<meta property=\"og:image\" content=\"https:\/\/i0.wp.com\/vincentians.com\/es\/wp-content\/uploads\/sites\/11\/2016\/07\/bio-cm.jpg?fit=1200%2C630&ssl=1\" \/>\n\t<meta property=\"og:image:width\" content=\"1200\" \/>\n\t<meta property=\"og:image:height\" content=\"630\" \/>\n\t<meta property=\"og:image:type\" content=\"image\/jpeg\" \/>\n<meta name=\"author\" content=\"Mitxel Olabu\u00e9naga\" \/>\n<meta name=\"twitter:card\" content=\"summary_large_image\" \/>\n<meta name=\"twitter:creator\" content=\"@WeVincentians\" \/>\n<meta name=\"twitter:site\" content=\"@WeVincentians\" \/>\n<meta name=\"twitter:label1\" content=\"Escrito por\" \/>\n\t<meta name=\"twitter:data1\" content=\"Mitxel Olabu\u00e9naga\" \/>\n\t<meta name=\"twitter:label2\" content=\"Tiempo de lectura\" \/>\n\t<meta name=\"twitter:data2\" content=\"6 minutos\" \/>\n<script type=\"application\/ld+json\" class=\"yoast-schema-graph\">{\"@context\":\"https:\/\/schema.org\",\"@graph\":[{\"@type\":\"Article\",\"@id\":\"https:\/\/vincentians.com\/es\/jean-baptiste-gilles-muerto-en-1652\/#article\",\"isPartOf\":{\"@id\":\"https:\/\/vincentians.com\/es\/jean-baptiste-gilles-muerto-en-1652\/\"},\"author\":{\"name\":\"Mitxel Olabu\u00e9naga\",\"@id\":\"https:\/\/vincentians.com\/es\/#\/schema\/person\/7c2670b4445a7ca9d164ea6acdb31859\"},\"headline\":\"Jean Baptiste Gilles (\u2020 1652)\",\"datePublished\":\"2020-09-04T05:05:31+00:00\",\"mainEntityOfPage\":{\"@id\":\"https:\/\/vincentians.com\/es\/jean-baptiste-gilles-muerto-en-1652\/\"},\"wordCount\":1193,\"commentCount\":0,\"publisher\":{\"@id\":\"https:\/\/vincentians.com\/es\/#organization\"},\"image\":{\"@id\":\"https:\/\/vincentians.com\/es\/jean-baptiste-gilles-muerto-en-1652\/#primaryimage\"},\"thumbnailUrl\":\"https:\/\/i0.wp.com\/vincentians.com\/es\/wp-content\/uploads\/sites\/11\/2016\/07\/bio-cm.jpg?fit=1200%2C630&ssl=1\",\"keywords\":[\"Beauvais\",\"San L\u00e1zaro\"],\"articleSection\":[\"Biograf\u00edas de Misioneros Pa\u00fales\"],\"inLanguage\":\"es\",\"potentialAction\":[{\"@type\":\"CommentAction\",\"name\":\"Comment\",\"target\":[\"https:\/\/vincentians.com\/es\/jean-baptiste-gilles-muerto-en-1652\/#respond\"]}]},{\"@type\":\"WebPage\",\"@id\":\"https:\/\/vincentians.com\/es\/jean-baptiste-gilles-muerto-en-1652\/\",\"url\":\"https:\/\/vincentians.com\/es\/jean-baptiste-gilles-muerto-en-1652\/\",\"name\":\"Jean Baptiste Gilles (\u2020 1652) - Somos Vicencianos\",\"isPartOf\":{\"@id\":\"https:\/\/vincentians.com\/es\/#website\"},\"primaryImageOfPage\":{\"@id\":\"https:\/\/vincentians.com\/es\/jean-baptiste-gilles-muerto-en-1652\/#primaryimage\"},\"image\":{\"@id\":\"https:\/\/vincentians.com\/es\/jean-baptiste-gilles-muerto-en-1652\/#primaryimage\"},\"thumbnailUrl\":\"https:\/\/i0.wp.com\/vincentians.com\/es\/wp-content\/uploads\/sites\/11\/2016\/07\/bio-cm.jpg?fit=1200%2C630&ssl=1\",\"datePublished\":\"2020-09-04T05:05:31+00:00\",\"breadcrumb\":{\"@id\":\"https:\/\/vincentians.com\/es\/jean-baptiste-gilles-muerto-en-1652\/#breadcrumb\"},\"inLanguage\":\"es\",\"potentialAction\":[{\"@type\":\"ReadAction\",\"target\":[\"https:\/\/vincentians.com\/es\/jean-baptiste-gilles-muerto-en-1652\/\"]}]},{\"@type\":\"ImageObject\",\"inLanguage\":\"es\",\"@id\":\"https:\/\/vincentians.com\/es\/jean-baptiste-gilles-muerto-en-1652\/#primaryimage\",\"url\":\"https:\/\/i0.wp.com\/vincentians.com\/es\/wp-content\/uploads\/sites\/11\/2016\/07\/bio-cm.jpg?fit=1200%2C630&ssl=1\",\"contentUrl\":\"https:\/\/i0.wp.com\/vincentians.com\/es\/wp-content\/uploads\/sites\/11\/2016\/07\/bio-cm.jpg?fit=1200%2C630&ssl=1\",\"width\":1200,\"height\":630},{\"@type\":\"BreadcrumbList\",\"@id\":\"https:\/\/vincentians.com\/es\/jean-baptiste-gilles-muerto-en-1652\/#breadcrumb\",\"itemListElement\":[{\"@type\":\"ListItem\",\"position\":1,\"name\":\"Portada\",\"item\":\"https:\/\/vincentians.com\/es\/\"},{\"@type\":\"ListItem\",\"position\":2,\"name\":\"Jean Baptiste Gilles (\u2020 1652)\"}]},{\"@type\":\"WebSite\",\"@id\":\"https:\/\/vincentians.com\/es\/#website\",\"url\":\"https:\/\/vincentians.com\/es\/\",\"name\":\"Somos Vicencianos\",\"description\":\"Know more to serve more\",\"publisher\":{\"@id\":\"https:\/\/vincentians.com\/es\/#organization\"},\"potentialAction\":[{\"@type\":\"SearchAction\",\"target\":{\"@type\":\"EntryPoint\",\"urlTemplate\":\"https:\/\/vincentians.com\/es\/?s={search_term_string}\"},\"query-input\":{\"@type\":\"PropertyValueSpecification\",\"valueRequired\":true,\"valueName\":\"search_term_string\"}}],\"inLanguage\":\"es\"},{\"@type\":\"Organization\",\"@id\":\"https:\/\/vincentians.com\/es\/#organization\",\"name\":\"The Vincentian Network\",\"url\":\"https:\/\/vincentians.com\/es\/\",\"logo\":{\"@type\":\"ImageObject\",\"inLanguage\":\"es\",\"@id\":\"https:\/\/vincentians.com\/es\/#\/schema\/logo\/image\/\",\"url\":\"https:\/\/i1.wp.com\/vincentians.com\/es\/wp-content\/uploads\/sites\/11\/2016\/06\/Vincentian-Network-logo-big.png?fit=778%2C778\",\"contentUrl\":\"https:\/\/i1.wp.com\/vincentians.com\/es\/wp-content\/uploads\/sites\/11\/2016\/06\/Vincentian-Network-logo-big.png?fit=778%2C778\",\"width\":778,\"height\":778,\"caption\":\"The Vincentian Network\"},\"image\":{\"@id\":\"https:\/\/vincentians.com\/es\/#\/schema\/logo\/image\/\"},\"sameAs\":[\"https:\/\/www.facebook.com\/WeAreVincentians\/\",\"https:\/\/x.com\/WeVincentians\"]},{\"@type\":\"Person\",\"@id\":\"https:\/\/vincentians.com\/es\/#\/schema\/person\/7c2670b4445a7ca9d164ea6acdb31859\",\"name\":\"Mitxel Olabu\u00e9naga\",\"image\":{\"@type\":\"ImageObject\",\"inLanguage\":\"es\",\"@id\":\"https:\/\/vincentians.com\/es\/#\/schema\/person\/image\/\",\"url\":\"https:\/\/secure.gravatar.com\/avatar\/34137ec2e2b8939cbbed975731e71f3f4f1defc7266ded337a5ce0f925426877?s=96&d=mm&r=g\",\"contentUrl\":\"https:\/\/secure.gravatar.com\/avatar\/34137ec2e2b8939cbbed975731e71f3f4f1defc7266ded337a5ce0f925426877?s=96&d=mm&r=g\",\"caption\":\"Mitxel Olabu\u00e9naga\"},\"url\":\"https:\/\/vincentians.com\/es\/author\/mitxel\/\"}]}<\/script>\n<!-- \/ Yoast SEO plugin. -->","yoast_head_json":{"title":"Jean Baptiste Gilles (\u2020 1652) - Somos Vicencianos","robots":{"index":"index","follow":"follow","max-snippet":"max-snippet:-1","max-image-preview":"max-image-preview:large","max-video-preview":"max-video-preview:-1"},"canonical":"https:\/\/vincentians.com\/es\/jean-baptiste-gilles-muerto-en-1652\/","og_locale":"es_ES","og_type":"article","og_title":"Jean Baptiste Gilles (\u2020 1652) - Somos Vicencianos","og_description":"El Sr. Jean-Baptiste Gilles, nacido en Avranches, era de treinta y cinco a\u00f1os cuando Nuestro Se\u00f1or le atrajo a la Compa\u00f1\u00eda; fue recibido en ella el 28 de noviembre de 1642. Era en esta \u00e9poca ... Read More","og_url":"https:\/\/vincentians.com\/es\/jean-baptiste-gilles-muerto-en-1652\/","og_site_name":"Somos Vicencianos","article_publisher":"https:\/\/www.facebook.com\/WeAreVincentians\/","article_published_time":"2020-09-04T05:05:31+00:00","og_image":[{"width":1200,"height":630,"url":"https:\/\/i0.wp.com\/vincentians.com\/es\/wp-content\/uploads\/sites\/11\/2016\/07\/bio-cm.jpg?fit=1200%2C630&ssl=1","type":"image\/jpeg"}],"author":"Mitxel Olabu\u00e9naga","twitter_card":"summary_large_image","twitter_creator":"@WeVincentians","twitter_site":"@WeVincentians","twitter_misc":{"Escrito por":"Mitxel Olabu\u00e9naga","Tiempo de lectura":"6 minutos"},"schema":{"@context":"https:\/\/schema.org","@graph":[{"@type":"Article","@id":"https:\/\/vincentians.com\/es\/jean-baptiste-gilles-muerto-en-1652\/#article","isPartOf":{"@id":"https:\/\/vincentians.com\/es\/jean-baptiste-gilles-muerto-en-1652\/"},"author":{"name":"Mitxel Olabu\u00e9naga","@id":"https:\/\/vincentians.com\/es\/#\/schema\/person\/7c2670b4445a7ca9d164ea6acdb31859"},"headline":"Jean Baptiste Gilles (\u2020 1652)","datePublished":"2020-09-04T05:05:31+00:00","mainEntityOfPage":{"@id":"https:\/\/vincentians.com\/es\/jean-baptiste-gilles-muerto-en-1652\/"},"wordCount":1193,"commentCount":0,"publisher":{"@id":"https:\/\/vincentians.com\/es\/#organization"},"image":{"@id":"https:\/\/vincentians.com\/es\/jean-baptiste-gilles-muerto-en-1652\/#primaryimage"},"thumbnailUrl":"https:\/\/i0.wp.com\/vincentians.com\/es\/wp-content\/uploads\/sites\/11\/2016\/07\/bio-cm.jpg?fit=1200%2C630&ssl=1","keywords":["Beauvais","San L\u00e1zaro"],"articleSection":["Biograf\u00edas de Misioneros Pa\u00fales"],"inLanguage":"es","potentialAction":[{"@type":"CommentAction","name":"Comment","target":["https:\/\/vincentians.com\/es\/jean-baptiste-gilles-muerto-en-1652\/#respond"]}]},{"@type":"WebPage","@id":"https:\/\/vincentians.com\/es\/jean-baptiste-gilles-muerto-en-1652\/","url":"https:\/\/vincentians.com\/es\/jean-baptiste-gilles-muerto-en-1652\/","name":"Jean Baptiste Gilles (\u2020 1652) - Somos Vicencianos","isPartOf":{"@id":"https:\/\/vincentians.com\/es\/#website"},"primaryImageOfPage":{"@id":"https:\/\/vincentians.com\/es\/jean-baptiste-gilles-muerto-en-1652\/#primaryimage"},"image":{"@id":"https:\/\/vincentians.com\/es\/jean-baptiste-gilles-muerto-en-1652\/#primaryimage"},"thumbnailUrl":"https:\/\/i0.wp.com\/vincentians.com\/es\/wp-content\/uploads\/sites\/11\/2016\/07\/bio-cm.jpg?fit=1200%2C630&ssl=1","datePublished":"2020-09-04T05:05:31+00:00","breadcrumb":{"@id":"https:\/\/vincentians.com\/es\/jean-baptiste-gilles-muerto-en-1652\/#breadcrumb"},"inLanguage":"es","potentialAction":[{"@type":"ReadAction","target":["https:\/\/vincentians.com\/es\/jean-baptiste-gilles-muerto-en-1652\/"]}]},{"@type":"ImageObject","inLanguage":"es","@id":"https:\/\/vincentians.com\/es\/jean-baptiste-gilles-muerto-en-1652\/#primaryimage","url":"https:\/\/i0.wp.com\/vincentians.com\/es\/wp-content\/uploads\/sites\/11\/2016\/07\/bio-cm.jpg?fit=1200%2C630&ssl=1","contentUrl":"https:\/\/i0.wp.com\/vincentians.com\/es\/wp-content\/uploads\/sites\/11\/2016\/07\/bio-cm.jpg?fit=1200%2C630&ssl=1","width":1200,"height":630},{"@type":"BreadcrumbList","@id":"https:\/\/vincentians.com\/es\/jean-baptiste-gilles-muerto-en-1652\/#breadcrumb","itemListElement":[{"@type":"ListItem","position":1,"name":"Portada","item":"https:\/\/vincentians.com\/es\/"},{"@type":"ListItem","position":2,"name":"Jean Baptiste Gilles (\u2020 1652)"}]},{"@type":"WebSite","@id":"https:\/\/vincentians.com\/es\/#website","url":"https:\/\/vincentians.com\/es\/","name":"Somos Vicencianos","description":"Know more to serve more","publisher":{"@id":"https:\/\/vincentians.com\/es\/#organization"},"potentialAction":[{"@type":"SearchAction","target":{"@type":"EntryPoint","urlTemplate":"https:\/\/vincentians.com\/es\/?s={search_term_string}"},"query-input":{"@type":"PropertyValueSpecification","valueRequired":true,"valueName":"search_term_string"}}],"inLanguage":"es"},{"@type":"Organization","@id":"https:\/\/vincentians.com\/es\/#organization","name":"The Vincentian Network","url":"https:\/\/vincentians.com\/es\/","logo":{"@type":"ImageObject","inLanguage":"es","@id":"https:\/\/vincentians.com\/es\/#\/schema\/logo\/image\/","url":"https:\/\/i1.wp.com\/vincentians.com\/es\/wp-content\/uploads\/sites\/11\/2016\/06\/Vincentian-Network-logo-big.png?fit=778%2C778","contentUrl":"https:\/\/i1.wp.com\/vincentians.com\/es\/wp-content\/uploads\/sites\/11\/2016\/06\/Vincentian-Network-logo-big.png?fit=778%2C778","width":778,"height":778,"caption":"The Vincentian Network"},"image":{"@id":"https:\/\/vincentians.com\/es\/#\/schema\/logo\/image\/"},"sameAs":["https:\/\/www.facebook.com\/WeAreVincentians\/","https:\/\/x.com\/WeVincentians"]},{"@type":"Person","@id":"https:\/\/vincentians.com\/es\/#\/schema\/person\/7c2670b4445a7ca9d164ea6acdb31859","name":"Mitxel Olabu\u00e9naga","image":{"@type":"ImageObject","inLanguage":"es","@id":"https:\/\/vincentians.com\/es\/#\/schema\/person\/image\/","url":"https:\/\/secure.gravatar.com\/avatar\/34137ec2e2b8939cbbed975731e71f3f4f1defc7266ded337a5ce0f925426877?s=96&d=mm&r=g","contentUrl":"https:\/\/secure.gravatar.com\/avatar\/34137ec2e2b8939cbbed975731e71f3f4f1defc7266ded337a5ce0f925426877?s=96&d=mm&r=g","caption":"Mitxel Olabu\u00e9naga"},"url":"https:\/\/vincentians.com\/es\/author\/mitxel\/"}]}},"jetpack_publicize_connections":[],"jetpack_featured_media_url":"https:\/\/i0.wp.com\/vincentians.com\/es\/wp-content\/uploads\/sites\/11\/2016\/07\/bio-cm.jpg?fit=1200%2C630&ssl=1","jetpack_sharing_enabled":true,"jetpack_shortlink":"https:\/\/wp.me\/p7ETMF-9Zk","jetpack-related-posts":[{"id":40146,"url":"https:\/\/vincentians.com\/es\/jean-baptiste-legros-muerto-en-1655\/","url_meta":{"origin":38398,"position":0},"title":"Jean-Baptiste Legros (\u2020 1655)","author":"Mitxel Olabu\u00e9naga","date":"19\/09\/2014","format":false,"excerpt":"El Sr. Jean Baptiste Legros entr\u00f3, ya sacerdote y a los treinta a\u00f1os, en la Congregaci\u00f3n de la Misi\u00f3n el 24 de junio de 1644. Hab\u00eda nacido en la di\u00f3cesis de Coutances. San Vicente apreci\u00f3 muy pronto su actividad y sus talentos, y a partir del a\u00f1o 1647 se le\u2026","rel":"","context":"En \u00abBiograf\u00edas de Misioneros Pa\u00fales\u00bb","block_context":{"text":"Biograf\u00edas de Misioneros Pa\u00fales","link":"https:\/\/vincentians.com\/es\/category\/la-familia-vicenciana\/biografias-vicencianas\/biografias-de-misioneros-paules\/"},"img":{"alt_text":"","src":"https:\/\/i0.wp.com\/vincentians.com\/es\/wp-content\/uploads\/sites\/11\/2016\/07\/bio-cm.jpg?fit=1200%2C630&ssl=1&resize=350%2C200","width":350,"height":200,"srcset":"https:\/\/i0.wp.com\/vincentians.com\/es\/wp-content\/uploads\/sites\/11\/2016\/07\/bio-cm.jpg?fit=1200%2C630&ssl=1&resize=350%2C200 1x, https:\/\/i0.wp.com\/vincentians.com\/es\/wp-content\/uploads\/sites\/11\/2016\/07\/bio-cm.jpg?fit=1200%2C630&ssl=1&resize=525%2C300 1.5x, https:\/\/i0.wp.com\/vincentians.com\/es\/wp-content\/uploads\/sites\/11\/2016\/07\/bio-cm.jpg?fit=1200%2C630&ssl=1&resize=700%2C400 2x, https:\/\/i0.wp.com\/vincentians.com\/es\/wp-content\/uploads\/sites\/11\/2016\/07\/bio-cm.jpg?fit=1200%2C630&ssl=1&resize=1050%2C600 3x"},"classes":[]},{"id":51475,"url":"https:\/\/vincentians.com\/es\/jean-baptiste-didier-1704-1737\/","url_meta":{"origin":38398,"position":1},"title":"Jean-Baptiste Didier (1704-1737)","author":"Mitxel Olabu\u00e9naga","date":"02\/10\/2011","format":false,"excerpt":"Nuestra casa de Saint-Cyr perdi\u00f3 tambi\u00e9n el 23 de noviembre de 1737 a uno de sus buenos misioneros en la persona del Sr. Jean-Baptiste Didier, nacido en Guillestre, cerca de Mont-Dauphin, di\u00f3cesis de Embrun, el 26 de junio\u00a0 1704, y recibido en el seminario de San L\u00e1zaro en Par\u00eds, el\u2026","rel":"","context":"En \u00abBiograf\u00edas de Misioneros Pa\u00fales\u00bb","block_context":{"text":"Biograf\u00edas de Misioneros Pa\u00fales","link":"https:\/\/vincentians.com\/es\/category\/la-familia-vicenciana\/biografias-vicencianas\/biografias-de-misioneros-paules\/"},"img":{"alt_text":"","src":"https:\/\/i0.wp.com\/vincentians.com\/es\/wp-content\/uploads\/sites\/11\/2016\/07\/bio-cm.jpg?fit=1200%2C630&ssl=1&resize=350%2C200","width":350,"height":200,"srcset":"https:\/\/i0.wp.com\/vincentians.com\/es\/wp-content\/uploads\/sites\/11\/2016\/07\/bio-cm.jpg?fit=1200%2C630&ssl=1&resize=350%2C200 1x, https:\/\/i0.wp.com\/vincentians.com\/es\/wp-content\/uploads\/sites\/11\/2016\/07\/bio-cm.jpg?fit=1200%2C630&ssl=1&resize=525%2C300 1.5x, https:\/\/i0.wp.com\/vincentians.com\/es\/wp-content\/uploads\/sites\/11\/2016\/07\/bio-cm.jpg?fit=1200%2C630&ssl=1&resize=700%2C400 2x, https:\/\/i0.wp.com\/vincentians.com\/es\/wp-content\/uploads\/sites\/11\/2016\/07\/bio-cm.jpg?fit=1200%2C630&ssl=1&resize=1050%2C600 3x"},"classes":[]},{"id":131904,"url":"https:\/\/vincentians.com\/es\/el-senor-vicente-relee-su-vida-ix\/","url_meta":{"origin":38398,"position":2},"title":"El se\u00f1or Vicente relee su vida (IX)","author":"Francisco Javier Fern\u00e1ndez Chento","date":"17\/12\/2014","format":false,"excerpt":"Formador Un nuevo campo de actividad iba a abrirse a los misioneros. Resultaba claro que el fruto de las misiones no pod\u00eda conservarse si no hab\u00eda buenos sacerdotes en las parroquias; pues bien muchos eran negligentes y varios abiertamente escandalosos\u2026.y no hab\u00eda instituci\u00f3n para formarlos. Ciertamente, hac\u00eda unos sesenta a\u00f1os,\u2026","rel":"","context":"En \u00abVicente de Pa\u00fal\u00bb","block_context":{"text":"Vicente de Pa\u00fal","link":"https:\/\/vincentians.com\/es\/category\/la-familia-vicenciana\/fundadores\/vicente-de-paul\/"},"img":{"alt_text":"corazon","src":"https:\/\/i0.wp.com\/vicencianos.org\/wp-content\/2014\/12\/corazon.jpg?resize=350%2C200","width":350,"height":200},"classes":[]},{"id":121667,"url":"https:\/\/vincentians.com\/es\/san-vicente-de-paul-y-los-gondi-capitulo-13\/","url_meta":{"origin":38398,"position":3},"title":"San Vicente de Pa\u00fal y los Gondi: Cap\u00edtulo 13","author":"Francisco Javier Fern\u00e1ndez Chento","date":"25\/07\/2024","format":false,"excerpt":"Cap\u00edtulo XIII El Consejo de conciencia y Vicente de Pa\u00fal. - La hoja de los beneficios. - Lucha de Vicente y de Mazarino. - El partido de los santos. - Desgracia de Vicente de Pa\u00fal. En una de sus \u00faltimas declaraciones, Luis XIII hab\u00eda ordenado a la Reina no tomar\u2026","rel":"","context":"En \u00abVicente de Pa\u00fal\u00bb","block_context":{"text":"Vicente de Pa\u00fal","link":"https:\/\/vincentians.com\/es\/category\/la-familia-vicenciana\/fundadores\/vicente-de-paul\/"},"img":{"alt_text":"","src":"https:\/\/i0.wp.com\/vincentians.com\/es\/wp-content\/uploads\/sites\/11\/2023\/08\/aaaf.jpg?fit=1200%2C827&ssl=1&resize=350%2C200","width":350,"height":200,"srcset":"https:\/\/i0.wp.com\/vincentians.com\/es\/wp-content\/uploads\/sites\/11\/2023\/08\/aaaf.jpg?fit=1200%2C827&ssl=1&resize=350%2C200 1x, https:\/\/i0.wp.com\/vincentians.com\/es\/wp-content\/uploads\/sites\/11\/2023\/08\/aaaf.jpg?fit=1200%2C827&ssl=1&resize=525%2C300 1.5x, https:\/\/i0.wp.com\/vincentians.com\/es\/wp-content\/uploads\/sites\/11\/2023\/08\/aaaf.jpg?fit=1200%2C827&ssl=1&resize=700%2C400 2x, https:\/\/i0.wp.com\/vincentians.com\/es\/wp-content\/uploads\/sites\/11\/2023\/08\/aaaf.jpg?fit=1200%2C827&ssl=1&resize=1050%2C600 3x"},"classes":[]},{"id":55754,"url":"https:\/\/vincentians.com\/es\/jean-baptiste-germano-1588-1656\/","url_meta":{"origin":38398,"position":4},"title":"Jean-Baptiste Germano (1588-1656)","author":"Mitxel Olabu\u00e9naga","date":"24\/02\/2015","format":false,"excerpt":"\u00a0\u00a0 La casa de Tur\u00edn ha sufrido una gran p\u00e9rdida en la persona del Sr. Jean-Baptiste Germano, quien pas\u00f3 a mejor vida el 25 de enero de 1756, a los sesenta y ocho a\u00f1os de edad y cuarenta y cuatro de vocaci\u00f3n. Aunque desde su juventud se haya visto sometido\u2026","rel":"","context":"En \u00abBiograf\u00edas de Misioneros Pa\u00fales\u00bb","block_context":{"text":"Biograf\u00edas de Misioneros Pa\u00fales","link":"https:\/\/vincentians.com\/es\/category\/la-familia-vicenciana\/biografias-vicencianas\/biografias-de-misioneros-paules\/"},"img":{"alt_text":"","src":"https:\/\/i0.wp.com\/vincentians.com\/es\/wp-content\/uploads\/sites\/11\/2016\/07\/bio-cm.jpg?fit=1200%2C630&ssl=1&resize=350%2C200","width":350,"height":200,"srcset":"https:\/\/i0.wp.com\/vincentians.com\/es\/wp-content\/uploads\/sites\/11\/2016\/07\/bio-cm.jpg?fit=1200%2C630&ssl=1&resize=350%2C200 1x, https:\/\/i0.wp.com\/vincentians.com\/es\/wp-content\/uploads\/sites\/11\/2016\/07\/bio-cm.jpg?fit=1200%2C630&ssl=1&resize=525%2C300 1.5x, https:\/\/i0.wp.com\/vincentians.com\/es\/wp-content\/uploads\/sites\/11\/2016\/07\/bio-cm.jpg?fit=1200%2C630&ssl=1&resize=700%2C400 2x, https:\/\/i0.wp.com\/vincentians.com\/es\/wp-content\/uploads\/sites\/11\/2016\/07\/bio-cm.jpg?fit=1200%2C630&ssl=1&resize=1050%2C600 3x"},"classes":[]},{"id":22931,"url":"https:\/\/vincentians.com\/es\/tal-dia-como-hoy-30-de-agosto\/","url_meta":{"origin":38398,"position":5},"title":"Tal d\u00eda como hoy: 30 de agosto","author":"Francisco Javier Fern\u00e1ndez Chento","date":"30\/08\/2016","format":false,"excerpt":"1652. Conferencia de Vicente de Pa\u00fal en San L\u00e1zaro sobre la muerte del P. Juan Bautista Gilles, ocurrida el 22 de agosto en la casa de Cr\u00e9cy. El P. Gilles era principal y profesor de filosof\u00eda en el colegio Lisieux de Par\u00eds, cuando ingreso en la Congregaci\u00f3n de la Misi\u00f3n\u2026","rel":"","context":"En \u00abEfem\u00e9rides Vicencianas\u00bb","block_context":{"text":"Efem\u00e9rides Vicencianas","link":"https:\/\/vincentians.com\/es\/category\/historia-de-la-familia-vicenciana\/efemerides-vicencianas\/"},"img":{"alt_text":"","src":"https:\/\/i0.wp.com\/vincentians.com\/es\/wp-content\/uploads\/sites\/11\/2016\/07\/ephemerides-fb.jpg?fit=1200%2C630&ssl=1&resize=350%2C200","width":350,"height":200,"srcset":"https:\/\/i0.wp.com\/vincentians.com\/es\/wp-content\/uploads\/sites\/11\/2016\/07\/ephemerides-fb.jpg?fit=1200%2C630&ssl=1&resize=350%2C200 1x, https:\/\/i0.wp.com\/vincentians.com\/es\/wp-content\/uploads\/sites\/11\/2016\/07\/ephemerides-fb.jpg?fit=1200%2C630&ssl=1&resize=525%2C300 1.5x, https:\/\/i0.wp.com\/vincentians.com\/es\/wp-content\/uploads\/sites\/11\/2016\/07\/ephemerides-fb.jpg?fit=1200%2C630&ssl=1&resize=700%2C400 2x, https:\/\/i0.wp.com\/vincentians.com\/es\/wp-content\/uploads\/sites\/11\/2016\/07\/ephemerides-fb.jpg?fit=1200%2C630&ssl=1&resize=1050%2C600 3x"},"classes":[]}],"_links":{"self":[{"href":"https:\/\/vincentians.com\/es\/wp-json\/wp\/v2\/posts\/38398","targetHints":{"allow":["GET"]}}],"collection":[{"href":"https:\/\/vincentians.com\/es\/wp-json\/wp\/v2\/posts"}],"about":[{"href":"https:\/\/vincentians.com\/es\/wp-json\/wp\/v2\/types\/post"}],"author":[{"embeddable":true,"href":"https:\/\/vincentians.com\/es\/wp-json\/wp\/v2\/users\/5"}],"replies":[{"embeddable":true,"href":"https:\/\/vincentians.com\/es\/wp-json\/wp\/v2\/comments?post=38398"}],"version-history":[{"count":1,"href":"https:\/\/vincentians.com\/es\/wp-json\/wp\/v2\/posts\/38398\/revisions"}],"predecessor-version":[{"id":403027,"href":"https:\/\/vincentians.com\/es\/wp-json\/wp\/v2\/posts\/38398\/revisions\/403027"}],"wp:featuredmedia":[{"embeddable":true,"href":"https:\/\/vincentians.com\/es\/wp-json\/wp\/v2\/media\/391249"}],"wp:attachment":[{"href":"https:\/\/vincentians.com\/es\/wp-json\/wp\/v2\/media?parent=38398"}],"wp:term":[{"taxonomy":"category","embeddable":true,"href":"https:\/\/vincentians.com\/es\/wp-json\/wp\/v2\/categories?post=38398"},{"taxonomy":"post_tag","embeddable":true,"href":"https:\/\/vincentians.com\/es\/wp-json\/wp\/v2\/tags?post=38398"}],"curies":[{"name":"wp","href":"https:\/\/api.w.org\/{rel}","templated":true}]}}