{"id":38232,"date":"2014-08-05T08:03:13","date_gmt":"2014-08-05T06:03:13","guid":{"rendered":"http:\/\/somos.vicencianos.org\/?p=38232"},"modified":"2014-08-05T08:03:13","modified_gmt":"2014-08-05T06:03:13","slug":"el-futuro-de-las-misiones-de-la-congregacion-de-la-mision-en-la-iglesia","status":"publish","type":"post","link":"https:\/\/vincentians.com\/es\/el-futuro-de-las-misiones-de-la-congregacion-de-la-mision-en-la-iglesia\/","title":{"rendered":"El futuro de las misiones de la Congregaci\u00f3n de la Misi\u00f3n en la Iglesia"},"content":{"rendered":"<h2><strong>La misi\u00f3n en los primeros tiempos de la Iglesia<\/strong><\/h2>\n<div id=\"attachment_38234\" style=\"width: 169px\" class=\"wp-caption alignright\"><a href=\"https:\/\/i0.wp.com\/vicencianos.org\/wp-content\/2011\/05\/Vincent_de_Paul_Arcabas.jpg\"><img data-recalc-dims=\"1\" loading=\"lazy\" decoding=\"async\" aria-describedby=\"caption-attachment-38234\" class=\"size-medium wp-image-38234\" title=\"San Vicente de Pa\u00fal. Imagen de Arcabas\" src=\"https:\/\/i0.wp.com\/vicencianos.org\/wp-content\/2011\/05\/Vincent_de_Paul_Arcabas-159x300.jpg?resize=159%2C300\" alt=\"San Vicente de Pa\u00fal. Imagen de Arcabas\" width=\"159\" height=\"300\" \/><\/a><p id=\"caption-attachment-38234\" class=\"wp-caption-text\">San Vicente de Pa\u00fal. Imagen de Arcabas<\/p><\/div>\n<p>Despu\u00e9s de Pentecost\u00e9s los primeros cristianos anunciaron a Jesucristo con admirable perseverancia. Su proyecto misionero que\u00adda reflejado en diversos pasajes del Nuevo Testamento. Poco antes de ascender a los cielos, Jes\u00fas envi\u00f3 a los ap\u00f3stoles con esta palabras emblem\u00e1ticas:<em> \u00abId, pues, y haced disc\u00edpulos a todas las gentes, bauti\u00ad<\/em><em>z\u00e1ndolas en el nombre del Padre y del Hijo y del Esp\u00edritu Santo, ense\u00ad\u00f1\u00e1ndoles a guardar todo lo que os he mandado\u00bb<\/em> (Mt 28,19-20). San Lucas en los hechos de los ap\u00f3stoles nos informa sobre el camino misionero, emprendido en los comienzos de la vida de la Iglesia: <em>\u00abSer\u00e9is mis testigos en Jerusal\u00e9n, en Judea y en Samar\u00eda y hasta los<\/em><em>confines del mundo\u00bb<\/em> (Act 1,8).<\/p>\n<p>Otros pasajes del N.T. reflejan la conciencia misionera de las pri\u00admeras comunidades cristianas. Sent\u00edan dentro de s\u00ed la ineludible necesidad de anunciar a Jesucristo:<em> \u00abNo podemos dejar de hablar de lo<\/em><em>que hemos visto y o\u00eddo\u00bb<\/em> (Act 4,20). San Pablo manifiesta su modo de pensar cuando escribe:<em> \u00abTodos sab\u00e9is que ya desde los primeros d\u00edas<\/em><em>Dios me eligi\u00f3 entre vosotros para que por mi boca oyesen los gentiles<\/em><em>la palabra de la Buena Nueva y creyeran\u00bb<\/em> (Act 15,7). En otra ocasi\u00f3n dir\u00e1 a los corintios:<em> \u00abAnunciar el evangelio no es para m\u00ed un motivo de<\/em><em>gloria; es una obligaci\u00f3n que tengo. Y \u00a1ay de m\u00ed si no predicara el evan\u00ad<\/em><em>gelio!<\/em> (1 Cor 9,16).<\/p>\n<p>De los pasajes recordados se deducen tres conclusiones: la con\u00adciencia misionera de los primeros cristianos, puesta de manifiesto al sentirse responsables de la evangelizaci\u00f3n sin fronteras, la convicci\u00f3n de que un poco de levadura puede fermentar la masa y la apertura valiente a los distintos pueblos y culturas. Nunca admiraremos sufi\u00adcientemente otra caracter\u00edstica de la misi\u00f3n emprendida por los pri\u00admeros cristianos: la participaci\u00f3n de las familias y personas particu\u00adlares. En los or\u00edgenes de la Iglesia el peso de la misi\u00f3n recay\u00f3 sobre muchas personas: ap\u00f3stoles, disc\u00edpulos, presb\u00edteros, di\u00e1conos, familias particulares y un elevado n\u00famero de cristianos de a pie. San Pablo en el cap\u00edtulo 16 de la carta a los Romanos recoge los nombres de una treintena de colaboradores activos.<\/p>\n<p>Digamos, para terminar este primer apartado, que la misi\u00f3n llevada a cabo por Jesucristo en persona y, a partir de Pentecost\u00e9s, por los primeros cristianos, ha servido de ejemplo para la misi\u00f3n emprendida por la Iglesia durante veinte siglos.<\/p>\n<p>San Vicente apreci\u00f3 en sumo grado la misi\u00f3n emprendida por Jesucristo, los ap\u00f3stoles y las primeras comunidades. Dir\u00e1 el Santo con frecuencia: tenemos que seguir en todo a nuestro Se\u00f1or Jesucristo, a los ap\u00f3stoles y primeros cristianos. Somos continuadores de la misi\u00f3n de Jesucristo.<\/p>\n<h2><strong>Los caminos de la Congregaci\u00f3n de la Misi\u00f3n<\/strong><\/h2>\n<p><em>\u00abEl fin de la Congregaci\u00f3n de la Misi\u00f3n es seguir a Jesucristo evan<\/em><em>gelizador de los pobres\u00bb<\/em> (C 1). San Vicente quiso que la Congregaci\u00f3n de la Misi\u00f3n evangelizara a los pobres a trav\u00e9s sobre todo, no \u00fanicamente, de determinados ministerios.<\/p>\n<p>Primero: las misiones al pueblo. La funci\u00f3n propia de los misioneros<em> \u00abes recorrer, a ejemplo de Cristo mismo y de los ap\u00f3stoles, los<\/em><em>pueblos y las aldeas, y repartir en ellos a los humildes el pan de la palabra divina con la predicaci\u00f3n y la catequesis\u00bb<\/em> (RC I, 2).<em> \u00abAct\u00faan en<\/em><em>contra de la Regla los que no quieren ir a una misi\u00f3n o los que, por<\/em><em>haber tenido que sufrir algo en ella, no quieren volver\u00bb<\/em> (ES XI, 389). <em>\u00abPues bien, lo m\u00e1s importante de nuestra vocaci\u00f3n es trabajar hoy por<\/em><em>la salvaci\u00f3n de las pobres gentes del campo, y todo lo dem\u00e1s no es m\u00e1s<\/em><em>que accesorio; pues no hubi\u00e9ramos nunca trabajado con los ordenan<\/em><em>dos ni en los seminarios de eclesi\u00e1sticos, si no hubi\u00e9ramos juzgado que<\/em><em>esto era necesario para mantener al pueblo y conservar el fruto que<\/em><em>producen las misiones cuando hay buenos eclesi\u00e1sticos\u00bb<\/em> (ES XI, 55). <em>\u00abEs cosa digna de un misionero tener y conservar este deseo de ir de<\/em><em>misiones, de fomentar este empe\u00f1o de asistir al pobre pueblo de la<\/em><em>forma que le asistir\u00eda nuestro Se\u00f1or\u00bb<\/em> (ES XI, 389).<\/p>\n<p>Segundo: la formaci\u00f3n del clero. La Congregaci\u00f3n de la Misi\u00f3n se compromete a<em> \u00abayudar a los eclesi\u00e1sticos a adquirir la ciencia y las<\/em><em>virtudes exigidas por su estado\u00bb<\/em> (RC I, 1). Dios<em> \u00abnos llam\u00f3 para que<\/em><em>contribuy\u00e9ramos a formar buenos sacerdotes, a dar buenos pastores<\/em><em>a las parroquias y a ense\u00f1arles lo que tienen que saber y practicar\u00bb<\/em>(ES XI, 390). Esta obra exige:<em> \u00abuna dedicaci\u00f3n seria, humilde, devota, constante, en correspondencia con la excelencia de la obra\u00bb<\/em>(ES XI, 390).<\/p>\n<p>Tercero: la misi\u00f3n<em> \u00abad gentes\u00bb.<\/em>Algunos <em>\u00abdir\u00e1n que es demasiado ambicioso enviar misioneros a pa\u00edses lejanos, a las Indias, a Berber\u00eda. Pero, Dios y Se\u00f1or m\u00edo, \u00bfno enviaste t\u00fa a Santo Tom\u00e1s a las Indias y<\/em><em>a los dem\u00e1s ap\u00f3stoles por toda la tierra?\u00bb<\/em> (ES XI, 395).<em> \u00abNuestra voca\u00adci\u00f3n consiste en ir, no a una parroquia, ni s\u00f3lo a una di\u00f3cesis, sino por<\/em><em>toda la tierra\u00bb<\/em> (ES XI, 553).<em> \u00abHemos sido llamados para llevar a nues\u00ad<\/em><em>tro alrededor y por todo el mundo el amor de Dios\u00bb<\/em> (ES XI, 554).<\/p>\n<h2><strong>Durante tres siglos<\/strong><\/h2>\n<p>Los misioneros de la Congregaci\u00f3n de la Misi\u00f3n durante tres siglos evangelizaron a los pobres ante todo por medio de tres minis\u00adterios: misiones al pueblo, formaci\u00f3n del clero y misiones<em> \u00abad gentes\u00bb.<\/em>\u00bfQu\u00e9 ha sucedido a partir del Vaticano II? Basta, para responder, leer las estad\u00edsticas anuales o consultar el Cat\u00e1logo General de la Congregaci\u00f3n de la Misi\u00f3n o, todav\u00eda mejor, acercarse a las Provin\u00adcias de la Congregaci\u00f3n para percatarse de que algunos de estos ministerios no cuentan, por los motivos que fuere, con el aprecio y el apoyo de los misioneros. Pensemos, por ejemplo, en las misiones al pueblo. Durante siglos hemos sido reconocidos en la Iglesia como colaboradores cercanos de los p\u00e1rrocos a trav\u00e9s de las misiones al pueblo de Dios. Con frecuencia hemos escuchado a sacerdotes y fie\u00adles estos o parecidos comentarios, emitidos con no poca satisfacci\u00f3n y agradecimiento: nuestra parroquia fue misionada por los vicencia\u00adnos en tal o cual fecha.<\/p>\n<h2><strong>Un cambio de perspectiva<\/strong><\/h2>\n<p>En la actualidad, apenas comenzado el tercer milenio, la Congre\u00adgaci\u00f3n de la misma manera que ciertos Institutos Religiosos, se ve afectada por un fen\u00f3meno intraeclesial, propio del per\u00edodo postcon\u00adciliar: el de la asimilaci\u00f3n. Las grandes multinacionales conservan con celo el logotipo que las identifica y la marca de los productos que ponen a la venta. De esta manera mantienen en pie ante el p\u00fablico, del que dependen, su propia identidad. Es cuesti\u00f3n de vida o muerte. Los consumidores compran en el supermercado las marcas por ellos apetecidas. Si no las encuentran all\u00ed, dirigen sus pasos hacia otro establecimiento. Por lo regular adquieren productos de calidad, iden\u00adtificados de alguna manera.<\/p>\n<p>\u00bfEn qu\u00e9 medida se ve afectada la Congregaci\u00f3n de la Misi\u00f3n por la asimilaci\u00f3n? Muy sencillo. Los obispos, el clero e incluso los fieles desconocen nuestro nombre, nos consideran semejantes en todo a los miembros de otros muchos Institutos. y, por lo tanto, no nos identi\u00adfican ni nos encuentran. Por otra parte, vista la situaci\u00f3n desde den\u00adtro de la comunidad vicenciana, nos resulta dif\u00edcil hacer comprender a las gentes qu\u00e9 somos y qu\u00e9 producto vendemos. Nos parecemos tanto a los dem\u00e1s que, en realidad, ofrecemos id\u00e9nticos o parecidos mensajes y m\u00e9todos.<\/p>\n<p>\u00bfA que se debe esta situaci\u00f3n? Tal vez, volviendo la mirada hacia atr\u00e1s, a los cambios postconciliares que conmovieron desde los cimientos lo mismo a Europa que a los dem\u00e1s lugares del mundo. Tal vez a las mutaciones sociales y eclesiales posteriores al Vati\u00adcano II, que afectaron en gran medida a la Congregaci\u00f3n. Las olas encrespadas nos condujeron a estas playas, en las que nos encontra\u00admos. En tal circunstancia la Congregaci\u00f3n de la Misi\u00f3n plasm\u00f3 con acierto en las nuevas Constituciones lo relacionado con el fin propio. Pero, al emprender el camino hacia la consecuci\u00f3n de dicho fin, asu\u00admi\u00f3 con no poca timidez, llegando a veces al olvido, el ministerio de las misiones al pueblo. Se trata sin duda de una gran p\u00e9rdida. Las misiones al pueblo fueron durante siglos un distintivo congregacio\u00adnal, un signo de identidad propia. Debido a la asimilaci\u00f3n con otras entidades eclesiales, sobre todo con el clero diocesano, la identidad propia de la Congregaci\u00f3n de la Misi\u00f3n perdi\u00f3 consistencia, que\u00addando un tanto diluida, sin color propio. Sin embargo, en una socie\u00addad indiferente y a veces descristianizada se ve cada vez m\u00e1s necesaria la evangelizaci\u00f3n extraordinaria que proporcionan las misiones al pueblo.<\/p>\n<h2><strong>La sedentarizaci\u00f3n<\/strong><\/h2>\n<p>En tiempos pasados un alto porcentaje de misioneros de la Con\u00adgregaci\u00f3n desempe\u00f1aron ministerios itinerantes. La casa era punto de partida de los numerosos Padres y Hermanos que animaban las misiones al pueblo. Su radio de acci\u00f3n misionera no se circunscrib\u00eda a un \u00e1rea delimitada y reducida. El misionero permanec\u00eda a merced de las parroquias y lugares faltos de evangelizaci\u00f3n. Hoy, por el con\u00adtrario, la Congregaci\u00f3n de la Misi\u00f3n emplea a un elevado n\u00famero de misioneros en ministerios fijos, debido sobre todo al parroquianismo. La Congregaci\u00f3n se ha sedentarizado, ha clavado sus tiendas en luga\u00adres delimitados, en \u00e1mbitos parroquiales con frecuencia reducidos y estables. Esta opci\u00f3n por las parroquias, compartida por muchas Provincias, ha tenido consecuencias positivas en lo concerniente al equilibrio personal y a la evangelizaci\u00f3n. Muchos misioneros han encontrado una ocupaci\u00f3n digna y, por otra parte, a trav\u00e9s del minis\u00adterio parroquial han evangelizado a los pobres. Esto es verdad. Pero, el lado negativo salta tambi\u00e9n a la vista. La Congregaci\u00f3n, debido sobre todo al parroquianismo, experimenta y sufre en su propia en\u00adtra\u00f1a dos consecuencias: una mayor sedentarizaci\u00f3n y, por supuesto, una fuerte asimilaci\u00f3n. Nos desenvolvemos a tenor de los mismos par\u00e1metros que el clero diocesano y, en consecuencia, nuestras pecu\u00adliaridades fundacionales quedan un tanto empa\u00f1adas. Se ha dicho y escrito que la evangelizaci\u00f3n de los pobres, es decir, la misi\u00f3n propia, es una y \u00fanica; que se puede llevar a cabo a trav\u00e9s de muy diversos caminos y m\u00e9todos, d\u00edgase ministerios. Estamos de acuerdo con los<\/p>\n<p>que as\u00ed piensan. Pero no deja de ser verdad que los ministerios, sobe todo los fundacionales, configuran a las Provincias y a los agentes que los ejercitan. El cura p\u00e1rroco sue\u00f1a a diario y se desenvuelve al servicio de una peque\u00f1a parcela. Le preocupa la conservaci\u00f3n y el crecimiento de la fe de la porci\u00f3n de feligreses a \u00e9l asignados. El misionero vicenciano, en cambio, permanece a disposici\u00f3n de las necesidades pastorales sin l\u00edmites de lugar. Vamos a donde nos lla\u00adman, sol\u00eda repetir San Vicente. Su presencia en los lugares es pasto\u00adralmente agresiva; intenta dar un nuevo y fuerte impulso a determi\u00adnada comunidad cristiana.<\/p>\n<h2><strong>Los efectos tienen una causa<\/strong><\/h2>\n<p>\u00bfPor qu\u00e9 la Congregaci\u00f3n experimenta hoy los efectos de la asi\u00admilaci\u00f3n y de la sedentarizaci\u00f3n? \u00bfPor qu\u00e9 ha disminuido de manera significativa el n\u00famero de misiones al pueblo, es decir, uno de los ministerios fundacionales? El Vaticano II impuls\u00f3 la renovaci\u00f3n dio\u00adcesana y parroquial. Los sacerdotes diocesanos protagonizaron y acapararon su propio proceso de renovaci\u00f3n. De ah\u00ed procede preci\u00adsamente una de las dificultades que afectaron a las misiones. A \u00e9stas no les fue f\u00e1cil insertarse en el proceso de renovaci\u00f3n parroquial y diocesana. Con frecuencia los sacerdotes diocesanos dejaron de sen\u00adtir la necesidad de llamar a los misioneros a fin de impulsar la vida parroquial por medio de un ministerio por s\u00ed mismo extraordinario y temporal. Por otra parte, estas situaciones trajeron consigo otra con\u00adsecuencia: bastantes Provincias de la Congregaci\u00f3n llegaron a la per\u00adsuasi\u00f3n de que el ministerio de las misiones al pueblo no encontraba acomodo en la pastoral diocesana y parroquial. En consecuencia, era preferible dar de baja a uno de los ministerios fundacionales. Por otra parte, a la Congregaci\u00f3n de la Misi\u00f3n le falt\u00f3 el conveniente ag\u00adgiornamento o adaptaci\u00f3n de la din\u00e1mica y contenidos de la misi\u00f3n.<\/p>\n<p>Asimismo, no pocos padres, al descender dr\u00e1sticamente la peti\u00adci\u00f3n de misiones al pueblo por parte del clero diocesano, asumieron responsabilidades parroquiales. En esta situaci\u00f3n, con sus m\u00e1s y sus menos, se encuentran en la actualidad bastantes Provincias de Europa y de otras latitudes, en las que est\u00e1 presente la Congregaci\u00f3n de la Misi\u00f3n. El n\u00famero de Padres con ministerio parroquial a su cargo es muy superior al de Padres dedicados a las misiones. En otras Provincias este ministerio fundacional ni siquiera figura en los propios planes pastorales. Y, todav\u00eda peor, ha ido desapareciendo de la conciencia de muchos misioneros la apetencia de volver a poner en circulaci\u00f3n el ministerio de las misiones al pueblo, con lo cual ha quedado marginado un distintivo inapreciable de nuestra propia identidad congregacional.<\/p>\n<h2><strong>Un nuevo horizonte<\/strong><\/h2>\n<p>La Iglesia universal y local ha reflexionado mucho a partir del Vaticano II sobre la evangelizaci\u00f3n. Las publicaciones firmadas por los papas y las conferencias episcopales son numerosas. D\u00edgase lo mismo dentro del \u00e1mbito propio de la Congregaci\u00f3n de la Misi\u00f3n. Las cuatro \u00faltimas Asambleas Generales incidieron sobre esta problem\u00e1tica. Toda esta documentaci\u00f3n disponible resulta siempre enriquecedora.<\/p>\n<p>Por otra parte, lo mismo en Europa que en otros lugares del mundo, constatamos una situaci\u00f3n de crisis, en su doble sentido, negativo y positivo. En sentido negativo, debido a la increencia y al indiferentismo, al descenso de la pr\u00e1ctica religiosa, al distanciamiento de la juventud con relaci\u00f3n a la Iglesia, a la privatizaci\u00f3n de la religi\u00f3n, considerada como un asunto personal, sujeto a la decisi\u00f3n individual, y a una corriente postmoderna de pensamiento, que ha marchitado la fe de no pocos. Nos hallamos ante una sociedad un tanto paganizada, semejante en cierta medida a la que encontraron los ap\u00f3stoles y primeros cristianos, con la diferencia de que aquel mundo era religioso y el actual no.<\/p>\n<p>Tambi\u00e9n encontramos en los \u00e1mbitos europeos y en otros muchos lugares del mundo factores positivos: el desarrollo econ\u00f3mico y cultural, la superaci\u00f3n del estado de cristiandad y un mejor enfoque del papel de la Iglesia en la sociedad.<\/p>\n<h2><strong>Nuestra respuesta<\/strong><\/h2>\n<p>Hemos sido prol\u00edficos en documentos y planes, pero en cierta medida parcos y limitados en realizaciones. Lo que se necesita hoy es salir al campo abierto y trabajar con humildad y perseverancia.<\/p>\n<p>De todos es conocida la nueva situaci\u00f3n en la que se ven envueltas muchas parroquias, lo mismo en las ciudades que en las amplias zonas rurales. La mies es tanta, dada la frialdad religiosa y, en casos, el alto nivel de paganismo, que cada vez son m\u00e1s numerosos los p\u00e1rrocos decididos a pedir la colaboraci\u00f3n de los misioneros. La Congregaci\u00f3n de la Misi\u00f3n, debido a los cambios bruscos experimentados dentro de la Iglesia, salvo en contados lugares, no pudo o no supo en los a\u00f1os postconciliares ofrecer un medio apto de evangelizaci\u00f3n, acorde con el ministerio fundacional, como son las misiones al pueblo. Contamos al comienzo del siglo XXI con una nueva oportunidad. La Congregaci\u00f3n de la Misi\u00f3n no deber\u00eda faltar a la cita. Las misiones al pueblo tienen futuro. Se requiere una nueva reflexi\u00f3n y esto supuesto, tomar decisiones. Recordemos las palabras de San Vicente:<em> \u00abAct\u00faan en contra de la Regla los que no quieren ir a una<\/em><em>misi\u00f3n o los que, por haber tenido que sufrir algo en ella, no quieren<\/em><em>volver\u00bb<\/em> (ES XI, 389).<\/p>\n<h2><strong>Conclusi\u00f3n<\/strong><\/h2>\n<p>Tres motivos fundamentales piden a la Congregaci\u00f3n de la Misi\u00f3n que reavive de nuevo el ministerio de las misiones al pueblo. En primer lugar, como dec\u00eda San Vicente, el bien de las almas. Hoy podr\u00edamos repetir con el Santo: el pobre pueblo se pierde, se con\u00addena. Las comunidades de fieles cristianos necesitan fortalecer su respuesta de fe. Con m\u00e1s motivo, las parroquias en trance de descris\u00adtianizaci\u00f3n piden una respuesta de nuestra parte. En segundo lugar, la urgente necesidad de ayuda extraordinaria en orden a una revita\u00adlizaci\u00f3n de la fe, sentida por no pocos p\u00e1rrocos, debido a la ingente tarea que les desborda entre otros a causa del avance de la indiferen\u00adcia religiosa y, en casos, debido a la disminuci\u00f3n del clero y a la enormidad de las parroquias a cargo de un solo sacerdote. En tercer lugar porque las misiones al pueblo son desde los or\u00edgenes e incluso en la actualidad un signo de identidad de la Congregaci\u00f3n de la Misi\u00f3n dentro de la Iglesia.<\/p>\n<p>El Esp\u00edritu Santo no se desdice, ni retracta de los carismas con\u00adcedidos a las comunidades en la Iglesia, y da su gracia para su eje\u00adcuci\u00f3n. A trav\u00e9s de ellos ese mismo Esp\u00edritu por medio de la Congregaci\u00f3n de la Misi\u00f3n salva y santifica a los pobres. Las misio\u00adnes al pueblo no entraron en circulaci\u00f3n debido al capricho de un particular, sino a la inspiraci\u00f3n del Esp\u00edritu, recibida por el Funda\u00addor de la Misi\u00f3n,<\/p>\n<p>Para que estos santos prop\u00f3sitos pasen a la pr\u00e1ctica ser\u00e1 conve\u00adniente actualizar el celo por la salvaci\u00f3n de los hombres, tal como lo entendi\u00f3 San Vicente. El Santo, hablando a los misioneros sobre las cinco virtudes, se expresaba en estos t\u00e9rminos:<em> \u00abEl celo consiste en el<\/em><em>deseo de hacerse agradable a Dios y \u00fatil al pr\u00f3jimo; celo de extender el<\/em><em>reino de Dios, celo de procurar la salvaci\u00f3n del pr\u00f3jimo. \u00bfHay en el<\/em><em>mundo algo m\u00e1s perfecto?\u00bb<\/em> (ES XI, 590). Con palabras semejantes se dirig\u00eda a los misioneros el 22 de agosto de 1655:<em> \u00abPidamos a Dios que<\/em><em>d\u00e9 a la Compa\u00f1\u00eda ese esp\u00edritu, ese coraz\u00f3n&#8230; que nos hace ir a cualquier<\/em><em>parte\u00bb<\/em> (ES XI, 190). Para terminar, digamos que las misiones al pue\u00adblo de la Congregaci\u00f3n de la Misi\u00f3n en la Iglesia tienen futuro.<\/p>\n","protected":false},"excerpt":{"rendered":"<p>La misi\u00f3n en los primeros tiempos de la Iglesia Despu\u00e9s de Pentecost\u00e9s los primeros cristianos anunciaron a Jesucristo con admirable perseverancia. Su proyecto misionero que\u00adda reflejado en diversos pasajes del Nuevo Testamento. Poco antes de &#8230; <a href=\"https:\/\/vincentians.com\/es\/el-futuro-de-las-misiones-de-la-congregacion-de-la-mision-en-la-iglesia\/\" class=\"more-link\">Read More<\/a><\/p>\n","protected":false},"author":4,"featured_media":38234,"comment_status":"open","ping_status":"open","sticky":false,"template":"","format":"standard","meta":{"jetpack_post_was_ever_published":false,"_jetpack_newsletter_access":"","_jetpack_dont_email_post_to_subs":false,"_jetpack_newsletter_tier_id":0,"_jetpack_memberships_contains_paywalled_content":false,"_jetpack_memberships_contains_paid_content":false,"footnotes":"","jetpack_publicize_message":"","jetpack_publicize_feature_enabled":true,"jetpack_social_post_already_shared":true,"jetpack_social_options":{"image_generator_settings":{"template":"highway","default_image_id":0,"font":"","enabled":false},"version":2}},"categories":[201],"tags":[],"class_list":["post-38232","post","type-post","status-publish","format-standard","has-post-thumbnail","hentry","category-misiones-ad-gentes"],"yoast_head":"<!-- This site is optimized with the Yoast SEO plugin v26.3 - https:\/\/yoast.com\/wordpress\/plugins\/seo\/ -->\n<title>El futuro de las misiones de la Congregaci\u00f3n de la Misi\u00f3n en la Iglesia - Somos Vicencianos<\/title>\n<meta name=\"robots\" content=\"index, follow, max-snippet:-1, max-image-preview:large, max-video-preview:-1\" \/>\n<link rel=\"canonical\" href=\"https:\/\/vincentians.com\/es\/el-futuro-de-las-misiones-de-la-congregacion-de-la-mision-en-la-iglesia\/\" \/>\n<meta property=\"og:locale\" content=\"es_ES\" \/>\n<meta property=\"og:type\" content=\"article\" \/>\n<meta property=\"og:title\" content=\"El futuro de las misiones de la Congregaci\u00f3n de la Misi\u00f3n en la Iglesia - Somos Vicencianos\" \/>\n<meta property=\"og:description\" content=\"La misi\u00f3n en los primeros tiempos de la Iglesia Despu\u00e9s de Pentecost\u00e9s los primeros cristianos anunciaron a Jesucristo con admirable perseverancia. Su proyecto misionero que\u00adda reflejado en diversos pasajes del Nuevo Testamento. Poco antes de ... Read More\" \/>\n<meta property=\"og:url\" content=\"https:\/\/vincentians.com\/es\/el-futuro-de-las-misiones-de-la-congregacion-de-la-mision-en-la-iglesia\/\" \/>\n<meta property=\"og:site_name\" content=\"Somos Vicencianos\" \/>\n<meta property=\"article:publisher\" content=\"https:\/\/www.facebook.com\/WeAreVincentians\/\" \/>\n<meta property=\"article:author\" content=\"https:\/\/www.facebook.com\/JavierChento\" \/>\n<meta property=\"article:published_time\" content=\"2014-08-05T06:03:13+00:00\" \/>\n<meta name=\"author\" content=\"Francisco Javier Fern\u00e1ndez Chento\" \/>\n<meta name=\"twitter:card\" content=\"summary_large_image\" \/>\n<meta name=\"twitter:creator\" content=\"@https:\/\/twitter.com\/javierchento\" \/>\n<meta name=\"twitter:site\" content=\"@WeVincentians\" \/>\n<meta name=\"twitter:label1\" content=\"Escrito por\" \/>\n\t<meta name=\"twitter:data1\" content=\"Francisco Javier Fern\u00e1ndez Chento\" \/>\n\t<meta name=\"twitter:label2\" content=\"Tiempo de lectura\" \/>\n\t<meta name=\"twitter:data2\" content=\"16 minutos\" \/>\n<script type=\"application\/ld+json\" class=\"yoast-schema-graph\">{\"@context\":\"https:\/\/schema.org\",\"@graph\":[{\"@type\":\"Article\",\"@id\":\"https:\/\/vincentians.com\/es\/el-futuro-de-las-misiones-de-la-congregacion-de-la-mision-en-la-iglesia\/#article\",\"isPartOf\":{\"@id\":\"https:\/\/vincentians.com\/es\/el-futuro-de-las-misiones-de-la-congregacion-de-la-mision-en-la-iglesia\/\"},\"author\":{\"name\":\"Francisco Javier Fern\u00e1ndez Chento\",\"@id\":\"http:\/\/vincentians.com\/es\/#\/schema\/person\/9623ef4d9aa3b2dfb8c061f1499288f2\"},\"headline\":\"El futuro de las misiones de la Congregaci\u00f3n de la Misi\u00f3n en la Iglesia\",\"datePublished\":\"2014-08-05T06:03:13+00:00\",\"mainEntityOfPage\":{\"@id\":\"https:\/\/vincentians.com\/es\/el-futuro-de-las-misiones-de-la-congregacion-de-la-mision-en-la-iglesia\/\"},\"wordCount\":3186,\"commentCount\":0,\"publisher\":{\"@id\":\"http:\/\/vincentians.com\/es\/#organization\"},\"image\":{\"@id\":\"https:\/\/vincentians.com\/es\/el-futuro-de-las-misiones-de-la-congregacion-de-la-mision-en-la-iglesia\/#primaryimage\"},\"thumbnailUrl\":\"\",\"articleSection\":[\"Misiones \u00abAd gentes\u00bb\"],\"inLanguage\":\"es\",\"potentialAction\":[{\"@type\":\"CommentAction\",\"name\":\"Comment\",\"target\":[\"https:\/\/vincentians.com\/es\/el-futuro-de-las-misiones-de-la-congregacion-de-la-mision-en-la-iglesia\/#respond\"]}]},{\"@type\":\"WebPage\",\"@id\":\"https:\/\/vincentians.com\/es\/el-futuro-de-las-misiones-de-la-congregacion-de-la-mision-en-la-iglesia\/\",\"url\":\"https:\/\/vincentians.com\/es\/el-futuro-de-las-misiones-de-la-congregacion-de-la-mision-en-la-iglesia\/\",\"name\":\"El futuro de las misiones de la Congregaci\u00f3n de la Misi\u00f3n en la Iglesia - Somos Vicencianos\",\"isPartOf\":{\"@id\":\"http:\/\/vincentians.com\/es\/#website\"},\"primaryImageOfPage\":{\"@id\":\"https:\/\/vincentians.com\/es\/el-futuro-de-las-misiones-de-la-congregacion-de-la-mision-en-la-iglesia\/#primaryimage\"},\"image\":{\"@id\":\"https:\/\/vincentians.com\/es\/el-futuro-de-las-misiones-de-la-congregacion-de-la-mision-en-la-iglesia\/#primaryimage\"},\"thumbnailUrl\":\"\",\"datePublished\":\"2014-08-05T06:03:13+00:00\",\"breadcrumb\":{\"@id\":\"https:\/\/vincentians.com\/es\/el-futuro-de-las-misiones-de-la-congregacion-de-la-mision-en-la-iglesia\/#breadcrumb\"},\"inLanguage\":\"es\",\"potentialAction\":[{\"@type\":\"ReadAction\",\"target\":[\"https:\/\/vincentians.com\/es\/el-futuro-de-las-misiones-de-la-congregacion-de-la-mision-en-la-iglesia\/\"]}]},{\"@type\":\"ImageObject\",\"inLanguage\":\"es\",\"@id\":\"https:\/\/vincentians.com\/es\/el-futuro-de-las-misiones-de-la-congregacion-de-la-mision-en-la-iglesia\/#primaryimage\",\"url\":\"\",\"contentUrl\":\"\"},{\"@type\":\"BreadcrumbList\",\"@id\":\"https:\/\/vincentians.com\/es\/el-futuro-de-las-misiones-de-la-congregacion-de-la-mision-en-la-iglesia\/#breadcrumb\",\"itemListElement\":[{\"@type\":\"ListItem\",\"position\":1,\"name\":\"Portada\",\"item\":\"http:\/\/vincentians.com\/es\/\"},{\"@type\":\"ListItem\",\"position\":2,\"name\":\"El futuro de las misiones de la Congregaci\u00f3n de la Misi\u00f3n en la Iglesia\"}]},{\"@type\":\"WebSite\",\"@id\":\"http:\/\/vincentians.com\/es\/#website\",\"url\":\"http:\/\/vincentians.com\/es\/\",\"name\":\"Somos Vicencianos\",\"description\":\"Know more to serve more\",\"publisher\":{\"@id\":\"http:\/\/vincentians.com\/es\/#organization\"},\"potentialAction\":[{\"@type\":\"SearchAction\",\"target\":{\"@type\":\"EntryPoint\",\"urlTemplate\":\"http:\/\/vincentians.com\/es\/?s={search_term_string}\"},\"query-input\":{\"@type\":\"PropertyValueSpecification\",\"valueRequired\":true,\"valueName\":\"search_term_string\"}}],\"inLanguage\":\"es\"},{\"@type\":\"Organization\",\"@id\":\"http:\/\/vincentians.com\/es\/#organization\",\"name\":\"The Vincentian Network\",\"url\":\"http:\/\/vincentians.com\/es\/\",\"logo\":{\"@type\":\"ImageObject\",\"inLanguage\":\"es\",\"@id\":\"http:\/\/vincentians.com\/es\/#\/schema\/logo\/image\/\",\"url\":\"https:\/\/i1.wp.com\/vincentians.com\/es\/wp-content\/uploads\/sites\/11\/2016\/06\/Vincentian-Network-logo-big.png?fit=778%2C778\",\"contentUrl\":\"https:\/\/i1.wp.com\/vincentians.com\/es\/wp-content\/uploads\/sites\/11\/2016\/06\/Vincentian-Network-logo-big.png?fit=778%2C778\",\"width\":778,\"height\":778,\"caption\":\"The Vincentian Network\"},\"image\":{\"@id\":\"http:\/\/vincentians.com\/es\/#\/schema\/logo\/image\/\"},\"sameAs\":[\"https:\/\/www.facebook.com\/WeAreVincentians\/\",\"https:\/\/x.com\/WeVincentians\"]},{\"@type\":\"Person\",\"@id\":\"http:\/\/vincentians.com\/es\/#\/schema\/person\/9623ef4d9aa3b2dfb8c061f1499288f2\",\"name\":\"Francisco Javier Fern\u00e1ndez Chento\",\"image\":{\"@type\":\"ImageObject\",\"inLanguage\":\"es\",\"@id\":\"http:\/\/vincentians.com\/es\/#\/schema\/person\/image\/\",\"url\":\"https:\/\/secure.gravatar.com\/avatar\/497d5cde87b4c3d097d0315953521681ba2cd523ee66e5077c3711f7021e65de?s=96&d=mm&r=g\",\"contentUrl\":\"https:\/\/secure.gravatar.com\/avatar\/497d5cde87b4c3d097d0315953521681ba2cd523ee66e5077c3711f7021e65de?s=96&d=mm&r=g\",\"caption\":\"Francisco Javier Fern\u00e1ndez Chento\"},\"description\":\"Director General y cofundador de La Red de Formaci\u00f3n Vicenciana. Javier es laico vicenciano, afiliado a la Congregaci\u00f3n de la Misi\u00f3n y miembro del Equipo de Misiones Populares de la provincia can\u00f3nica de Zaragoza (Espa\u00f1a) de la Congregaci\u00f3n de la Misi\u00f3n. Graduado en la Universidad Oberta de Catalunya con cuatro grados (Asistente de direcci\u00f3n, Gesti\u00f3n Administrativa, Recursos Humanos y Contabilidad Avanzada). Bil\u00edng\u00fce Espa\u00f1ol\/Ingl\u00e9s. gestiona y mantiene varias p\u00e1ginas web cristianas y vicencianas, incluida including La Red de Formaci\u00f3n Vicenciana, de la que es cofundador. Actualmente es responsable del \u00e1rea de Espa\u00f1ol de .famvin, la Red de Noticias de la Familia Vicenciana. Tambi\u00e9n es m\u00fasico cat\u00f3lico y ha editado varios discos. Es Director General y cofundador de Trovador, una reconocida compa\u00f1\u00eda discogr\u00e1fica critiana de Espa\u00f1a. Trabaja en las Tecnolog\u00edas de la Informaci\u00f3n, ofreciendo servicios de alojamiento, dise\u00f1o y mantenimiento Web, as\u00ed como asesoramiento, formaci\u00f3n y soluciones inform\u00e1ticas, gesti\u00f3n documental y digitalizaci\u00f3n de textos, edici\u00f3n y maquetaci\u00f3n de libros, revistas, flyers, etc.\",\"sameAs\":[\"http:\/\/chento.org\",\"https:\/\/www.facebook.com\/JavierChento\",\"https:\/\/x.com\/https:\/\/twitter.com\/javierchento\"],\"url\":\"https:\/\/vincentians.com\/es\/author\/chento\/\"}]}<\/script>\n<!-- \/ Yoast SEO plugin. -->","yoast_head_json":{"title":"El futuro de las misiones de la Congregaci\u00f3n de la Misi\u00f3n en la Iglesia - Somos Vicencianos","robots":{"index":"index","follow":"follow","max-snippet":"max-snippet:-1","max-image-preview":"max-image-preview:large","max-video-preview":"max-video-preview:-1"},"canonical":"https:\/\/vincentians.com\/es\/el-futuro-de-las-misiones-de-la-congregacion-de-la-mision-en-la-iglesia\/","og_locale":"es_ES","og_type":"article","og_title":"El futuro de las misiones de la Congregaci\u00f3n de la Misi\u00f3n en la Iglesia - Somos Vicencianos","og_description":"La misi\u00f3n en los primeros tiempos de la Iglesia Despu\u00e9s de Pentecost\u00e9s los primeros cristianos anunciaron a Jesucristo con admirable perseverancia. Su proyecto misionero que\u00adda reflejado en diversos pasajes del Nuevo Testamento. Poco antes de ... Read More","og_url":"https:\/\/vincentians.com\/es\/el-futuro-de-las-misiones-de-la-congregacion-de-la-mision-en-la-iglesia\/","og_site_name":"Somos Vicencianos","article_publisher":"https:\/\/www.facebook.com\/WeAreVincentians\/","article_author":"https:\/\/www.facebook.com\/JavierChento","article_published_time":"2014-08-05T06:03:13+00:00","author":"Francisco Javier Fern\u00e1ndez Chento","twitter_card":"summary_large_image","twitter_creator":"@https:\/\/twitter.com\/javierchento","twitter_site":"@WeVincentians","twitter_misc":{"Escrito por":"Francisco Javier Fern\u00e1ndez Chento","Tiempo de lectura":"16 minutos"},"schema":{"@context":"https:\/\/schema.org","@graph":[{"@type":"Article","@id":"https:\/\/vincentians.com\/es\/el-futuro-de-las-misiones-de-la-congregacion-de-la-mision-en-la-iglesia\/#article","isPartOf":{"@id":"https:\/\/vincentians.com\/es\/el-futuro-de-las-misiones-de-la-congregacion-de-la-mision-en-la-iglesia\/"},"author":{"name":"Francisco Javier Fern\u00e1ndez Chento","@id":"http:\/\/vincentians.com\/es\/#\/schema\/person\/9623ef4d9aa3b2dfb8c061f1499288f2"},"headline":"El futuro de las misiones de la Congregaci\u00f3n de la Misi\u00f3n en la Iglesia","datePublished":"2014-08-05T06:03:13+00:00","mainEntityOfPage":{"@id":"https:\/\/vincentians.com\/es\/el-futuro-de-las-misiones-de-la-congregacion-de-la-mision-en-la-iglesia\/"},"wordCount":3186,"commentCount":0,"publisher":{"@id":"http:\/\/vincentians.com\/es\/#organization"},"image":{"@id":"https:\/\/vincentians.com\/es\/el-futuro-de-las-misiones-de-la-congregacion-de-la-mision-en-la-iglesia\/#primaryimage"},"thumbnailUrl":"","articleSection":["Misiones \u00abAd gentes\u00bb"],"inLanguage":"es","potentialAction":[{"@type":"CommentAction","name":"Comment","target":["https:\/\/vincentians.com\/es\/el-futuro-de-las-misiones-de-la-congregacion-de-la-mision-en-la-iglesia\/#respond"]}]},{"@type":"WebPage","@id":"https:\/\/vincentians.com\/es\/el-futuro-de-las-misiones-de-la-congregacion-de-la-mision-en-la-iglesia\/","url":"https:\/\/vincentians.com\/es\/el-futuro-de-las-misiones-de-la-congregacion-de-la-mision-en-la-iglesia\/","name":"El futuro de las misiones de la Congregaci\u00f3n de la Misi\u00f3n en la Iglesia - Somos Vicencianos","isPartOf":{"@id":"http:\/\/vincentians.com\/es\/#website"},"primaryImageOfPage":{"@id":"https:\/\/vincentians.com\/es\/el-futuro-de-las-misiones-de-la-congregacion-de-la-mision-en-la-iglesia\/#primaryimage"},"image":{"@id":"https:\/\/vincentians.com\/es\/el-futuro-de-las-misiones-de-la-congregacion-de-la-mision-en-la-iglesia\/#primaryimage"},"thumbnailUrl":"","datePublished":"2014-08-05T06:03:13+00:00","breadcrumb":{"@id":"https:\/\/vincentians.com\/es\/el-futuro-de-las-misiones-de-la-congregacion-de-la-mision-en-la-iglesia\/#breadcrumb"},"inLanguage":"es","potentialAction":[{"@type":"ReadAction","target":["https:\/\/vincentians.com\/es\/el-futuro-de-las-misiones-de-la-congregacion-de-la-mision-en-la-iglesia\/"]}]},{"@type":"ImageObject","inLanguage":"es","@id":"https:\/\/vincentians.com\/es\/el-futuro-de-las-misiones-de-la-congregacion-de-la-mision-en-la-iglesia\/#primaryimage","url":"","contentUrl":""},{"@type":"BreadcrumbList","@id":"https:\/\/vincentians.com\/es\/el-futuro-de-las-misiones-de-la-congregacion-de-la-mision-en-la-iglesia\/#breadcrumb","itemListElement":[{"@type":"ListItem","position":1,"name":"Portada","item":"http:\/\/vincentians.com\/es\/"},{"@type":"ListItem","position":2,"name":"El futuro de las misiones de la Congregaci\u00f3n de la Misi\u00f3n en la Iglesia"}]},{"@type":"WebSite","@id":"http:\/\/vincentians.com\/es\/#website","url":"http:\/\/vincentians.com\/es\/","name":"Somos Vicencianos","description":"Know more to serve more","publisher":{"@id":"http:\/\/vincentians.com\/es\/#organization"},"potentialAction":[{"@type":"SearchAction","target":{"@type":"EntryPoint","urlTemplate":"http:\/\/vincentians.com\/es\/?s={search_term_string}"},"query-input":{"@type":"PropertyValueSpecification","valueRequired":true,"valueName":"search_term_string"}}],"inLanguage":"es"},{"@type":"Organization","@id":"http:\/\/vincentians.com\/es\/#organization","name":"The Vincentian Network","url":"http:\/\/vincentians.com\/es\/","logo":{"@type":"ImageObject","inLanguage":"es","@id":"http:\/\/vincentians.com\/es\/#\/schema\/logo\/image\/","url":"https:\/\/i1.wp.com\/vincentians.com\/es\/wp-content\/uploads\/sites\/11\/2016\/06\/Vincentian-Network-logo-big.png?fit=778%2C778","contentUrl":"https:\/\/i1.wp.com\/vincentians.com\/es\/wp-content\/uploads\/sites\/11\/2016\/06\/Vincentian-Network-logo-big.png?fit=778%2C778","width":778,"height":778,"caption":"The Vincentian Network"},"image":{"@id":"http:\/\/vincentians.com\/es\/#\/schema\/logo\/image\/"},"sameAs":["https:\/\/www.facebook.com\/WeAreVincentians\/","https:\/\/x.com\/WeVincentians"]},{"@type":"Person","@id":"http:\/\/vincentians.com\/es\/#\/schema\/person\/9623ef4d9aa3b2dfb8c061f1499288f2","name":"Francisco Javier Fern\u00e1ndez Chento","image":{"@type":"ImageObject","inLanguage":"es","@id":"http:\/\/vincentians.com\/es\/#\/schema\/person\/image\/","url":"https:\/\/secure.gravatar.com\/avatar\/497d5cde87b4c3d097d0315953521681ba2cd523ee66e5077c3711f7021e65de?s=96&d=mm&r=g","contentUrl":"https:\/\/secure.gravatar.com\/avatar\/497d5cde87b4c3d097d0315953521681ba2cd523ee66e5077c3711f7021e65de?s=96&d=mm&r=g","caption":"Francisco Javier Fern\u00e1ndez Chento"},"description":"Director General y cofundador de La Red de Formaci\u00f3n Vicenciana. Javier es laico vicenciano, afiliado a la Congregaci\u00f3n de la Misi\u00f3n y miembro del Equipo de Misiones Populares de la provincia can\u00f3nica de Zaragoza (Espa\u00f1a) de la Congregaci\u00f3n de la Misi\u00f3n. Graduado en la Universidad Oberta de Catalunya con cuatro grados (Asistente de direcci\u00f3n, Gesti\u00f3n Administrativa, Recursos Humanos y Contabilidad Avanzada). Bil\u00edng\u00fce Espa\u00f1ol\/Ingl\u00e9s. gestiona y mantiene varias p\u00e1ginas web cristianas y vicencianas, incluida including La Red de Formaci\u00f3n Vicenciana, de la que es cofundador. Actualmente es responsable del \u00e1rea de Espa\u00f1ol de .famvin, la Red de Noticias de la Familia Vicenciana. Tambi\u00e9n es m\u00fasico cat\u00f3lico y ha editado varios discos. Es Director General y cofundador de Trovador, una reconocida compa\u00f1\u00eda discogr\u00e1fica critiana de Espa\u00f1a. Trabaja en las Tecnolog\u00edas de la Informaci\u00f3n, ofreciendo servicios de alojamiento, dise\u00f1o y mantenimiento Web, as\u00ed como asesoramiento, formaci\u00f3n y soluciones inform\u00e1ticas, gesti\u00f3n documental y digitalizaci\u00f3n de textos, edici\u00f3n y maquetaci\u00f3n de libros, revistas, flyers, etc.","sameAs":["http:\/\/chento.org","https:\/\/www.facebook.com\/JavierChento","https:\/\/x.com\/https:\/\/twitter.com\/javierchento"],"url":"https:\/\/vincentians.com\/es\/author\/chento\/"}]}},"jetpack_publicize_connections":[],"jetpack_featured_media_url":"","jetpack_sharing_enabled":true,"jetpack_shortlink":"https:\/\/wp.me\/p7ETMF-9WE","jetpack-related-posts":[{"id":136778,"url":"https:\/\/vincentians.com\/es\/enviados-ad-gentes\/","url_meta":{"origin":38232,"position":0},"title":"Enviados \u00abAd Gentes\u00bb","author":"Francisco Javier Fern\u00e1ndez Chento","date":"07\/02\/2015","format":false,"excerpt":"\u00abSabed que vamos a dedi\u00adcarnos a los paganos. As\u00ed \u00adnos lo ha mandado el Se\u00f1or: Yo te har\u00e9 luz de las naciones, para que lleves la salvaci\u00f3n hasta el extremo \u00adde la tierra\u00bb. (Hch 13,47). \u00abEntre las obras de apostolado de la Congregaci\u00f3n ocupan un lugar destacado las Misiones \u00abad\u2026","rel":"","context":"En \u00abEspiritualidad vicenciana\u00bb","block_context":{"text":"Espiritualidad vicenciana","link":"https:\/\/vincentians.com\/es\/category\/espiritualidad\/espiritualidad-vicenciana\/"},"img":{"alt_text":"mision_ad_gentes","src":"https:\/\/i0.wp.com\/vicencianos.org\/wp-content\/2013\/05\/mision_ad_gentes-300x225.jpg?resize=350%2C200","width":350,"height":200},"classes":[]},{"id":398642,"url":"https:\/\/vincentians.com\/es\/aportacion-del-carisma-vicenciano-la-mision-la-iglesia-6\/","url_meta":{"origin":38232,"position":1},"title":"Aportaci\u00f3n del carisma vicenciano a la Misi\u00f3n de la Iglesia (6)","author":"Francisco Javier Fern\u00e1ndez Chento","date":"09\/08\/2016","format":false,"excerpt":"6.- La Misi\u00f3n de la Iglesia y los obreros del Evangelio. El Papa Francisco, al proponer la urgencia de la misi\u00f3n evangelizadora de la Iglesia en el mundo de hoy, exclama: \u201c\u00a1C\u00f3mo quisiera encontrar las palabras para alen\u00adtar una etapa evangelizadora m\u00e1s fervorosa, ale\u00adgre, generosa, audaz, llena de amor hasta\u2026","rel":"","context":"En \u00abFormaci\u00f3n Vicenciana\u00bb","block_context":{"text":"Formaci\u00f3n Vicenciana","link":"https:\/\/vincentians.com\/es\/category\/formacion-vicenciana\/"},"img":{"alt_text":"","src":"https:\/\/i0.wp.com\/vincentians.com\/es\/wp-content\/uploads\/sites\/11\/2016\/06\/contributions-charism.jpg?fit=1200%2C630&ssl=1&resize=350%2C200","width":350,"height":200,"srcset":"https:\/\/i0.wp.com\/vincentians.com\/es\/wp-content\/uploads\/sites\/11\/2016\/06\/contributions-charism.jpg?fit=1200%2C630&ssl=1&resize=350%2C200 1x, https:\/\/i0.wp.com\/vincentians.com\/es\/wp-content\/uploads\/sites\/11\/2016\/06\/contributions-charism.jpg?fit=1200%2C630&ssl=1&resize=525%2C300 1.5x, https:\/\/i0.wp.com\/vincentians.com\/es\/wp-content\/uploads\/sites\/11\/2016\/06\/contributions-charism.jpg?fit=1200%2C630&ssl=1&resize=700%2C400 2x, https:\/\/i0.wp.com\/vincentians.com\/es\/wp-content\/uploads\/sites\/11\/2016\/06\/contributions-charism.jpg?fit=1200%2C630&ssl=1&resize=1050%2C600 3x"},"classes":[]},{"id":136564,"url":"https:\/\/vincentians.com\/es\/responsables-de-la-mision-comun\/","url_meta":{"origin":38232,"position":2},"title":"Responsables de la misi\u00f3n com\u00fan","author":"Francisco Javier Fern\u00e1ndez Chento","date":"28\/01\/2015","format":false,"excerpt":"\u00abConforme al don que Dios me ha dado, yo, h\u00e1bil arquitecto, coloqu\u00e9 el cimiento, pero otro levanta el edificio. \u00ad \u00adAhora que atenci\u00f3n cada cual a c\u00f3mo construye; por\u00ad que un cimiento diferente \u00addel ya puesto, nadie puede ponerlo\u00bb. (I Cor 3,10-11). \u00abEn la obra de la evangeli\u00adzaci\u00f3n que la\u2026","rel":"","context":"En \u00abEspiritualidad vicenciana\u00bb","block_context":{"text":"Espiritualidad vicenciana","link":"https:\/\/vincentians.com\/es\/category\/espiritualidad\/espiritualidad-vicenciana\/"},"img":{"alt_text":"responsables","src":"https:\/\/i0.wp.com\/vicencianos.org\/wp-content\/2015\/01\/responsables-300x205.jpg?resize=350%2C200","width":350,"height":200},"classes":[]},{"id":131332,"url":"https:\/\/vincentians.com\/es\/vida-fraterna-en-comun\/","url_meta":{"origin":38232,"position":3},"title":"Vida fraterna en com\u00fan","author":"Francisco Javier Fern\u00e1ndez Chento","date":"01\/10\/2014","format":false,"excerpt":"\"Mientras sub\u00eda a la monta\u00f1a fue llamando a los que \u00e9l quiso y se reunieron con \u00e9l. Design\u00f3 a doce para que fueran sus compa\u00f1eros y para enviarles a predicar con poder de expulsar demonios\". (Mc. 7, 13.15). \"La Congregaci\u00f3n de la Misi\u00f3n es una sociedad clerical de vida apost\u00f3lica\u2026","rel":"","context":"En \u00abEspiritualidad vicenciana\u00bb","block_context":{"text":"Espiritualidad vicenciana","link":"https:\/\/vincentians.com\/es\/category\/espiritualidad\/espiritualidad-vicenciana\/"},"img":{"alt_text":"duccio296","src":"https:\/\/i0.wp.com\/vicencianos.org\/wp-content\/2014\/10\/duccio296-300x240.jpg?resize=350%2C200","width":350,"height":200},"classes":[]},{"id":398637,"url":"https:\/\/vincentians.com\/es\/aportacion-del-carisma-vicenciano-la-mision-la-iglesia-1\/","url_meta":{"origin":38232,"position":4},"title":"Aportaci\u00f3n del carisma vicenciano a la Misi\u00f3n de la Iglesia (1)","author":"Francisco Javier Fern\u00e1ndez Chento","date":"04\/08\/2016","format":false,"excerpt":"Introducci\u00f3n: Al reflexionar sobre la aportaci\u00f3n del carisma vicenciano a la Misi\u00f3n de la Iglesia, me parece necesario formular previamente algunas precisiones. 1.- Cuando hablamos de carisma vicenciano, nos referimos al don del Esp\u00edritu suscitado por Dios en su Iglesia en las personas de Vicente de Pa\u00fal y de Luisa\u2026","rel":"","context":"En \u00abFormaci\u00f3n Vicenciana\u00bb","block_context":{"text":"Formaci\u00f3n Vicenciana","link":"https:\/\/vincentians.com\/es\/category\/formacion-vicenciana\/"},"img":{"alt_text":"","src":"https:\/\/i0.wp.com\/vincentians.com\/es\/wp-content\/uploads\/sites\/11\/2016\/06\/contributions-charism.jpg?fit=1200%2C630&ssl=1&resize=350%2C200","width":350,"height":200,"srcset":"https:\/\/i0.wp.com\/vincentians.com\/es\/wp-content\/uploads\/sites\/11\/2016\/06\/contributions-charism.jpg?fit=1200%2C630&ssl=1&resize=350%2C200 1x, https:\/\/i0.wp.com\/vincentians.com\/es\/wp-content\/uploads\/sites\/11\/2016\/06\/contributions-charism.jpg?fit=1200%2C630&ssl=1&resize=525%2C300 1.5x, https:\/\/i0.wp.com\/vincentians.com\/es\/wp-content\/uploads\/sites\/11\/2016\/06\/contributions-charism.jpg?fit=1200%2C630&ssl=1&resize=700%2C400 2x, https:\/\/i0.wp.com\/vincentians.com\/es\/wp-content\/uploads\/sites\/11\/2016\/06\/contributions-charism.jpg?fit=1200%2C630&ssl=1&resize=1050%2C600 3x"},"classes":[]},{"id":398638,"url":"https:\/\/vincentians.com\/es\/aportacion-del-carisma-vicenciano-la-mision-la-iglesia-2\/","url_meta":{"origin":38232,"position":5},"title":"Aportaci\u00f3n del carisma vicenciano a la Misi\u00f3n de la Iglesia (2)","author":"Francisco Javier Fern\u00e1ndez Chento","date":"05\/08\/2016","format":false,"excerpt":"2.- La vida cristiana a partir de la Teolog\u00eda de la Misi\u00f3n: continuadores de la Misi\u00f3n del Hijo. Acabo de hacer referencia a la teolog\u00eda de la Misi\u00f3n como punto de partida para las nuevas formas de vida en la Iglesia de las que la Congregaci\u00f3n de la Misi\u00f3n y\u2026","rel":"","context":"En \u00abFormaci\u00f3n Vicenciana\u00bb","block_context":{"text":"Formaci\u00f3n Vicenciana","link":"https:\/\/vincentians.com\/es\/category\/formacion-vicenciana\/"},"img":{"alt_text":"","src":"https:\/\/i0.wp.com\/vincentians.com\/es\/wp-content\/uploads\/sites\/11\/2016\/06\/contributions-charism.jpg?fit=1200%2C630&ssl=1&resize=350%2C200","width":350,"height":200,"srcset":"https:\/\/i0.wp.com\/vincentians.com\/es\/wp-content\/uploads\/sites\/11\/2016\/06\/contributions-charism.jpg?fit=1200%2C630&ssl=1&resize=350%2C200 1x, https:\/\/i0.wp.com\/vincentians.com\/es\/wp-content\/uploads\/sites\/11\/2016\/06\/contributions-charism.jpg?fit=1200%2C630&ssl=1&resize=525%2C300 1.5x, https:\/\/i0.wp.com\/vincentians.com\/es\/wp-content\/uploads\/sites\/11\/2016\/06\/contributions-charism.jpg?fit=1200%2C630&ssl=1&resize=700%2C400 2x, https:\/\/i0.wp.com\/vincentians.com\/es\/wp-content\/uploads\/sites\/11\/2016\/06\/contributions-charism.jpg?fit=1200%2C630&ssl=1&resize=1050%2C600 3x"},"classes":[]}],"_links":{"self":[{"href":"https:\/\/vincentians.com\/es\/wp-json\/wp\/v2\/posts\/38232","targetHints":{"allow":["GET"]}}],"collection":[{"href":"https:\/\/vincentians.com\/es\/wp-json\/wp\/v2\/posts"}],"about":[{"href":"https:\/\/vincentians.com\/es\/wp-json\/wp\/v2\/types\/post"}],"author":[{"embeddable":true,"href":"https:\/\/vincentians.com\/es\/wp-json\/wp\/v2\/users\/4"}],"replies":[{"embeddable":true,"href":"https:\/\/vincentians.com\/es\/wp-json\/wp\/v2\/comments?post=38232"}],"version-history":[{"count":0,"href":"https:\/\/vincentians.com\/es\/wp-json\/wp\/v2\/posts\/38232\/revisions"}],"wp:featuredmedia":[{"embeddable":true,"href":"https:\/\/vincentians.com\/es\/wp-json\/"}],"wp:attachment":[{"href":"https:\/\/vincentians.com\/es\/wp-json\/wp\/v2\/media?parent=38232"}],"wp:term":[{"taxonomy":"category","embeddable":true,"href":"https:\/\/vincentians.com\/es\/wp-json\/wp\/v2\/categories?post=38232"},{"taxonomy":"post_tag","embeddable":true,"href":"https:\/\/vincentians.com\/es\/wp-json\/wp\/v2\/tags?post=38232"}],"curies":[{"name":"wp","href":"https:\/\/api.w.org\/{rel}","templated":true}]}}