{"id":38214,"date":"2016-10-09T08:10:07","date_gmt":"2016-10-09T06:10:07","guid":{"rendered":"http:\/\/somos.vicencianos.org\/?p=38214"},"modified":"2016-09-09T07:21:53","modified_gmt":"2016-09-09T05:21:53","slug":"estado-de-la-causa-de-canonizacion-del-beato-federico-ozanam","status":"publish","type":"post","link":"https:\/\/vincentians.com\/es\/estado-de-la-causa-de-canonizacion-del-beato-federico-ozanam\/","title":{"rendered":"Estado de la causa de canonizaci\u00f3n del beato Federico Ozanam"},"content":{"rendered":"<h2><strong>Informaci\u00f3n pr\u00e1ctica importante relativa al procedimiento de canonizaci\u00f3n<\/strong><\/h2>\n<p>En 2.013, celebramos el bicentenario del nacimiento de Federico Ozanam (1813-2013).<\/p>\n<p>No s\u00f3lo la Sociedad de San Vicente de Pa\u00fal, sino tambi\u00e9n el conjunto de la \u00abFamilia Vicenciana\u00bb manifestar\u00e1n su alegr\u00eda y alabar\u00e1n al Se\u00f1or por esta importante gracia.<\/p>\n<p>El Papa Juan Pablo II hab\u00eda declarado, a ra\u00edz de la audiencia que nos concedi\u00f3 el 27 de abril de 1983, en Roma, con ocasi\u00f3n del 150\u00ba aniversario de nuestra fundaci\u00f3n:<\/p>\n<p style=\"padding-left: 30px;\"><em>\u00abTenemos que dar gracias a Dios por este regalo que ha hecho a la Iglesia en la persona <\/em><em>de Ozanam. Seguimos maravillados por todo lo que \u00e9l pudo llevar a cabo por la Iglesia, por la <\/em><em>sociedad, por los pobres, aquel estudiante, aquel profesor, aquel padre de familia, a la vez <\/em><em>ardiente y con una caridad creativa, a lo largo de su vida, que se consumi\u00f3 demasiado deprisa! <\/em><em>Su nombre quedar\u00e1 asociado al de San Vicente de Pa\u00fal quien, dos siglos antes, hab\u00eda fundado las Damas de la Caridad, sin que nada equivalente se haya podido instituir todav\u00eda para los <\/em><em>hombres. \u00bfY c\u00f3mo no desear que la Iglesia ponga tambi\u00e9n a Ozanam en el rango de los beatos y de los santos?\u00bb<\/em><\/p>\n<p>Desde esta perspectiva, \u00bfPodemos nosotros alimentar la leg\u00edtima esperanza de que se produzca un milagro sobre este acontecimiento?<\/p>\n<p>De cualquier manera, ya podemos unir todos nuestros esfuerzos y hacer todo lo posible para que este sue\u00f1o se realice.<\/p>\n<p>A fin de alcanzar nuestro objetivo de manera segura, evitando cualquier error o p\u00e9rdida de tiempo, es esencial tener una idea clara del estado de la causa en este momento, as\u00ed como una visi\u00f3n precisa de las sucesivas iniciativas que hay que tomar.<\/p>\n<h2><strong>A \u2013 Debemos ser conscientes de la importancia de ciertos puntos:<\/strong><\/h2>\n<ol>\n<li>El considerable trabajo realizado para la Beatificaci\u00f3n sigue siendo, evidentemente, v\u00e1lido para la canonizaci\u00f3n: investigaci\u00f3n hist\u00f3rica, testimonios, obras sobre el hero\u00edsmo de las virtudes de Ozanam y otros documentos oficiales &#8230;<\/li>\n<li>Aunque nuestras oraciones sean, m\u00e1s que nunca, necesarias para avanzar en el proceso de Canonizaci\u00f3n, no podr\u00edamos evitar la producci\u00f3n de un nuevo milagro acontecido desde la Beatificaci\u00f3n (22 de agosto de 1997).<\/li>\n<li>La \u00fanica categor\u00eda de milagros admisible por la Congregaci\u00f3n para las Causas de los Santos es la de la curaci\u00f3n f\u00edsica que no podr\u00eda explicarse por medios m\u00e9dicos o quir\u00fargicos, sino por una intervenci\u00f3n sobrenatural.<\/li>\n<li>Toda curaci\u00f3n que pareciera ser de orden milagroso tendr\u00eda que estar apoyada por un considerable expediente que incluyera, entre otros, informes m\u00e9dicos y cl\u00ednicos, an\u00e1lisis, pruebas, radiograf\u00edas, etc&#8230;<\/li>\n<\/ol>\n<h2><strong>B \u2013 En la pr\u00e1ctica, \u00bfqu\u00e9 podemos hacer en un futuro inmediato?<\/strong><\/h2>\n<p><strong>En general<\/strong><\/p>\n<ol>\n<li>Aprovechar todas las ocasiones para dar a conocer mejor a Federico Ozanam, a trav\u00e9s de la Iglesia, as\u00ed como a trav\u00e9s de los medios de comunicaci\u00f3n (prensa, radio, televisi\u00f3n, Internet, &#8230; ).<\/li>\n<li>Fomentar la publicaci\u00f3n de obras dedicadas a Ozanam, en todos los \u00e1mbitos y para todas las categor\u00edas de lectores.<\/li>\n<li>Organizar celebraciones religiosas, retiros, seminarios, simposios, coloquios&#8230;<\/li>\n<li>Montar manifestaciones especiales, obras de teatro, pel\u00edculas, que faciliten un mayor conocimiento y una mayor comprensi\u00f3n de la figura del principal fundador de nuestra Sociedad.<\/li>\n<\/ol>\n<p><strong>M\u00e1s cerca de nuestros hermanos enfermos y atormentados<\/strong><\/p>\n<p>Federico Ozanam, habiendo sufrido en persona los tormentos de una grave enfermedad, otorg\u00f3 espont\u00e1neamente una dimensi\u00f3n espiritual a su sufrimiento.<\/p>\n<p>Con la estrecha y edificante complicidad de su esposa bien amada, Am\u00e9lie, seleccion\u00f3 y se sirvi\u00f3 de textos sacados de las Escrituras relativos a la enfermedad y al sufrimiento.<\/p>\n<p>Poco despu\u00e9s de su fallecimiento, que tuvo lugar el 8 de septiembre de 1853, Am\u00e9lie se plante\u00f3 que otras personas que sufr\u00edan se aprovecharan del fruto de su experiencia com\u00fan, en una recopilaci\u00f3n titulada \u00abEl Libro de los Enfermos\u00bb. \u00bfNo es providencial que nuestra Sociedad disponga de un instrumento tan valioso, que facilita nuestro acercamiento a los que, como Ozanam, conocen las angustias y tribulaciones de la enfermedad?<\/p>\n<p>Recientemente, hemos reeditado, con numerosos a\u00f1adidos, este \u00abLibro de las Enfermedades\u00bb en su versi\u00f3n francesa. Ser\u00eda extremadamente deseable proceder a traducirlo a otras lenguas, especialmente al ingl\u00e9s, espa\u00f1ol y portugu\u00e9s.<\/p>\n<p>Ser\u00eda un gesto fraterno el ofrecer esta obra, en la lengua adecuada, a cualquier persona que necesite aligerar el peso de su sufrimiento.<\/p>\n<h2><strong>C &#8211; Procedimiento<\/strong><\/h2>\n<ol>\n<li>Si la voluntad de una persona, con la que hemos establecido una relaci\u00f3n de confianza, es elegir la intercesi\u00f3n de Federico Ozanam, \u00e9sta deber\u00eda escribir y firmar un atestado donde exprese su libre pero firme opci\u00f3n. Cuando la persona est\u00e1 imposibilitada de expresar su voluntad, su familia queda habilitada para hacerlo en su nombre.<\/li>\n<li>En caso de curaci\u00f3n de la persona en cuesti\u00f3n, se deber\u00eda abrir lo antes posible un expediente m\u00e9dico que re\u00fana todos los elementos descritos en el apartado \u00abA\u00bb, p\u00e1rrafo 4, de esta rese\u00f1a.<\/li>\n<li>Estos documentos deben ser enviados al Consejo General, en Par\u00eds, a la atenci\u00f3n de la Comisi\u00f3n de Canonizaci\u00f3n.<\/li>\n<li>Tras asegurarse de que el expediente relativo a la persona enferma est\u00e1 bien presentado en la forma exigida por las autoridades competentes en Roma, ser\u00e1 transmitido al Postulador, el Padre Luigi MEZZADRI, C.M.<\/li>\n<\/ol>\n<h2><strong>D &#8211; Conclusi\u00f3n<\/strong><\/h2>\n<p>Esperamos haber sido suficientemente claros y precisos en esta presentaci\u00f3n de la Causa de Canonizaci\u00f3n de Federico Ozanam. Si tienen ustedes preguntas, observaciones o sugerencias que formular, les rogamos que no duden en expresarlas.<\/p>\n<p>Avancemos juntos, en un buen orden y en el aut\u00e9ntico esp\u00edritu vicentino. Fiel y fraternalmente,<\/p>\n<p><strong>Amin A. de Tarrazi<\/strong><br \/>\nDelegado para las causas de Canonizaci\u00f3n<br \/>\n<em>Par\u00eds, 11 de Febrero de 2011<\/em><br \/>\n<em> Fiesta de Nuestra Se\u00f1ora de Lourdes<\/em><\/p>\n[box type=\u00bbinfo\u00bb]\n<h2>Oraci\u00f3n para pedir la canonizaci\u00f3n del beato Federico Ozanam<\/h2>\n<p>Se\u00f1or,<\/p>\n<p>Has hecho del Beato Federico Ozanam un testigo del Evangelio, maravillado con el misterio de la Iglesia.<\/p>\n<p>Has inspirado su lucha contra la miseria y la injusticia y le has dotado de una incansable generosidad al servicio de cualquier hombre que sufre.<\/p>\n<p>En familia, se revel\u00f3 hijo, hermano, esposo y padre de excepci\u00f3n.<\/p>\n<p>En el mundo, su ardiente pasi\u00f3n por la verdad ilumin\u00f3 su pensamiento, su ense\u00f1anza y sus escritos.<\/p>\n<p>A nuestra Sociedad, que concibi\u00f3 como una red universal de caridad, insufl\u00f3 el esp\u00edritu de amor, audacia y humildad heredado de San Vicente de Pa\u00fal.<\/p>\n<p>En cada uno de los aspectos de su breve existencia, aparece su visi\u00f3n prof\u00e9tica de la sociedad tanto como la evidencia de sus virtudes.<\/p>\n<p>Por estas m\u00faltiples dotes, te damos gracias, Se\u00f1or, y solicitamos \u2013si tal es tu voluntad\u2013 la gracia de un milagro, por la intercesi\u00f3n del Beato Federico Ozanam.<\/p>\n<p>\u00a1Que la Iglesia proclame su santidad, tan providencial para los tiempos presentes!<\/p>\n<p>Te lo rogamos por Nuestro Se\u00f1or Jesucristo.<\/p>\n<p>Am\u00e9n.<\/p>\n[\/box]\n","protected":false},"excerpt":{"rendered":"<p>Informaci\u00f3n pr\u00e1ctica importante relativa al procedimiento de canonizaci\u00f3n En 2.013, celebramos el bicentenario del nacimiento de Federico Ozanam (1813-2013). No s\u00f3lo la Sociedad de San Vicente de Pa\u00fal, sino tambi\u00e9n el conjunto de la \u00abFamilia &#8230; <a href=\"https:\/\/vincentians.com\/es\/estado-de-la-causa-de-canonizacion-del-beato-federico-ozanam\/\" class=\"more-link\">Read More<\/a><\/p>\n","protected":false},"author":4,"featured_media":149294,"comment_status":"open","ping_status":"open","sticky":false,"template":"","format":"standard","meta":{"jetpack_post_was_ever_published":false,"_jetpack_newsletter_access":"","_jetpack_dont_email_post_to_subs":true,"_jetpack_newsletter_tier_id":0,"_jetpack_memberships_contains_paywalled_content":false,"_jetpack_memberships_contains_paid_content":false,"footnotes":"","jetpack_publicize_message":"","jetpack_publicize_feature_enabled":true,"jetpack_social_post_already_shared":true,"jetpack_social_options":{"image_generator_settings":{"template":"highway","default_image_id":0,"font":"","enabled":false},"version":2}},"categories":[11,250],"tags":[],"class_list":["post-38214","post","type-post","status-publish","format-standard","has-post-thumbnail","hentry","category-federico-ozanam","category-sociedad-de-san-vicente-de-paul"],"yoast_head":"<!-- This site is optimized with the Yoast SEO plugin v26.3 - https:\/\/yoast.com\/wordpress\/plugins\/seo\/ -->\n<title>Estado de la causa de canonizaci\u00f3n del beato Federico Ozanam - Somos Vicencianos<\/title>\n<meta name=\"robots\" content=\"index, follow, max-snippet:-1, max-image-preview:large, max-video-preview:-1\" \/>\n<link rel=\"canonical\" href=\"https:\/\/vincentians.com\/es\/estado-de-la-causa-de-canonizacion-del-beato-federico-ozanam\/\" \/>\n<meta property=\"og:locale\" content=\"es_ES\" \/>\n<meta property=\"og:type\" content=\"article\" \/>\n<meta property=\"og:title\" content=\"Estado de la causa de canonizaci\u00f3n del beato Federico Ozanam - Somos Vicencianos\" \/>\n<meta property=\"og:description\" content=\"Informaci\u00f3n pr\u00e1ctica importante relativa al procedimiento de canonizaci\u00f3n En 2.013, celebramos el bicentenario del nacimiento de Federico Ozanam (1813-2013). No s\u00f3lo la Sociedad de San Vicente de Pa\u00fal, sino tambi\u00e9n el conjunto de la \u00abFamilia ... Read More\" \/>\n<meta property=\"og:url\" content=\"https:\/\/vincentians.com\/es\/estado-de-la-causa-de-canonizacion-del-beato-federico-ozanam\/\" \/>\n<meta property=\"og:site_name\" content=\"Somos Vicencianos\" \/>\n<meta property=\"article:publisher\" content=\"https:\/\/www.facebook.com\/WeAreVincentians\/\" \/>\n<meta property=\"article:author\" content=\"https:\/\/www.facebook.com\/JavierChento\" \/>\n<meta property=\"article:published_time\" content=\"2016-10-09T06:10:07+00:00\" \/>\n<meta property=\"og:image\" content=\"https:\/\/i0.wp.com\/vincentians.com\/es\/wp-content\/uploads\/sites\/11\/2016\/07\/frederic-ozanam-layman-for-now.jpg?fit=1200%2C630&ssl=1\" \/>\n\t<meta property=\"og:image:width\" content=\"1200\" \/>\n\t<meta property=\"og:image:height\" content=\"630\" \/>\n\t<meta property=\"og:image:type\" content=\"image\/jpeg\" \/>\n<meta name=\"author\" content=\"Francisco Javier Fern\u00e1ndez Chento\" \/>\n<meta name=\"twitter:card\" content=\"summary_large_image\" \/>\n<meta name=\"twitter:creator\" content=\"@https:\/\/twitter.com\/javierchento\" \/>\n<meta name=\"twitter:site\" content=\"@WeVincentians\" \/>\n<meta name=\"twitter:label1\" content=\"Escrito por\" \/>\n\t<meta name=\"twitter:data1\" content=\"Francisco Javier Fern\u00e1ndez Chento\" \/>\n\t<meta name=\"twitter:label2\" content=\"Tiempo de lectura\" \/>\n\t<meta name=\"twitter:data2\" content=\"6 minutos\" \/>\n<script type=\"application\/ld+json\" class=\"yoast-schema-graph\">{\"@context\":\"https:\/\/schema.org\",\"@graph\":[{\"@type\":\"Article\",\"@id\":\"https:\/\/vincentians.com\/es\/estado-de-la-causa-de-canonizacion-del-beato-federico-ozanam\/#article\",\"isPartOf\":{\"@id\":\"https:\/\/vincentians.com\/es\/estado-de-la-causa-de-canonizacion-del-beato-federico-ozanam\/\"},\"author\":{\"name\":\"Francisco Javier Fern\u00e1ndez Chento\",\"@id\":\"http:\/\/vincentians.com\/es\/#\/schema\/person\/9623ef4d9aa3b2dfb8c061f1499288f2\"},\"headline\":\"Estado de la causa de canonizaci\u00f3n del beato Federico Ozanam\",\"datePublished\":\"2016-10-09T06:10:07+00:00\",\"mainEntityOfPage\":{\"@id\":\"https:\/\/vincentians.com\/es\/estado-de-la-causa-de-canonizacion-del-beato-federico-ozanam\/\"},\"wordCount\":1196,\"commentCount\":0,\"publisher\":{\"@id\":\"http:\/\/vincentians.com\/es\/#organization\"},\"image\":{\"@id\":\"https:\/\/vincentians.com\/es\/estado-de-la-causa-de-canonizacion-del-beato-federico-ozanam\/#primaryimage\"},\"thumbnailUrl\":\"https:\/\/i0.wp.com\/vincentians.com\/es\/wp-content\/uploads\/sites\/11\/2016\/07\/frederic-ozanam-layman-for-now.jpg?fit=1200%2C630&ssl=1\",\"articleSection\":[\"Federico Ozanam\",\"Sociedad de San Vicente de Pa\u00fal\"],\"inLanguage\":\"es\",\"potentialAction\":[{\"@type\":\"CommentAction\",\"name\":\"Comment\",\"target\":[\"https:\/\/vincentians.com\/es\/estado-de-la-causa-de-canonizacion-del-beato-federico-ozanam\/#respond\"]}]},{\"@type\":\"WebPage\",\"@id\":\"https:\/\/vincentians.com\/es\/estado-de-la-causa-de-canonizacion-del-beato-federico-ozanam\/\",\"url\":\"https:\/\/vincentians.com\/es\/estado-de-la-causa-de-canonizacion-del-beato-federico-ozanam\/\",\"name\":\"Estado de la causa de canonizaci\u00f3n del beato Federico Ozanam - Somos Vicencianos\",\"isPartOf\":{\"@id\":\"http:\/\/vincentians.com\/es\/#website\"},\"primaryImageOfPage\":{\"@id\":\"https:\/\/vincentians.com\/es\/estado-de-la-causa-de-canonizacion-del-beato-federico-ozanam\/#primaryimage\"},\"image\":{\"@id\":\"https:\/\/vincentians.com\/es\/estado-de-la-causa-de-canonizacion-del-beato-federico-ozanam\/#primaryimage\"},\"thumbnailUrl\":\"https:\/\/i0.wp.com\/vincentians.com\/es\/wp-content\/uploads\/sites\/11\/2016\/07\/frederic-ozanam-layman-for-now.jpg?fit=1200%2C630&ssl=1\",\"datePublished\":\"2016-10-09T06:10:07+00:00\",\"breadcrumb\":{\"@id\":\"https:\/\/vincentians.com\/es\/estado-de-la-causa-de-canonizacion-del-beato-federico-ozanam\/#breadcrumb\"},\"inLanguage\":\"es\",\"potentialAction\":[{\"@type\":\"ReadAction\",\"target\":[\"https:\/\/vincentians.com\/es\/estado-de-la-causa-de-canonizacion-del-beato-federico-ozanam\/\"]}]},{\"@type\":\"ImageObject\",\"inLanguage\":\"es\",\"@id\":\"https:\/\/vincentians.com\/es\/estado-de-la-causa-de-canonizacion-del-beato-federico-ozanam\/#primaryimage\",\"url\":\"https:\/\/i0.wp.com\/vincentians.com\/es\/wp-content\/uploads\/sites\/11\/2016\/07\/frederic-ozanam-layman-for-now.jpg?fit=1200%2C630&ssl=1\",\"contentUrl\":\"https:\/\/i0.wp.com\/vincentians.com\/es\/wp-content\/uploads\/sites\/11\/2016\/07\/frederic-ozanam-layman-for-now.jpg?fit=1200%2C630&ssl=1\",\"width\":1200,\"height\":630},{\"@type\":\"BreadcrumbList\",\"@id\":\"https:\/\/vincentians.com\/es\/estado-de-la-causa-de-canonizacion-del-beato-federico-ozanam\/#breadcrumb\",\"itemListElement\":[{\"@type\":\"ListItem\",\"position\":1,\"name\":\"Portada\",\"item\":\"http:\/\/vincentians.com\/es\/\"},{\"@type\":\"ListItem\",\"position\":2,\"name\":\"Estado de la causa de canonizaci\u00f3n del beato Federico Ozanam\"}]},{\"@type\":\"WebSite\",\"@id\":\"http:\/\/vincentians.com\/es\/#website\",\"url\":\"http:\/\/vincentians.com\/es\/\",\"name\":\"Somos Vicencianos\",\"description\":\"Know more to serve more\",\"publisher\":{\"@id\":\"http:\/\/vincentians.com\/es\/#organization\"},\"potentialAction\":[{\"@type\":\"SearchAction\",\"target\":{\"@type\":\"EntryPoint\",\"urlTemplate\":\"http:\/\/vincentians.com\/es\/?s={search_term_string}\"},\"query-input\":{\"@type\":\"PropertyValueSpecification\",\"valueRequired\":true,\"valueName\":\"search_term_string\"}}],\"inLanguage\":\"es\"},{\"@type\":\"Organization\",\"@id\":\"http:\/\/vincentians.com\/es\/#organization\",\"name\":\"The Vincentian Network\",\"url\":\"http:\/\/vincentians.com\/es\/\",\"logo\":{\"@type\":\"ImageObject\",\"inLanguage\":\"es\",\"@id\":\"http:\/\/vincentians.com\/es\/#\/schema\/logo\/image\/\",\"url\":\"https:\/\/i1.wp.com\/vincentians.com\/es\/wp-content\/uploads\/sites\/11\/2016\/06\/Vincentian-Network-logo-big.png?fit=778%2C778\",\"contentUrl\":\"https:\/\/i1.wp.com\/vincentians.com\/es\/wp-content\/uploads\/sites\/11\/2016\/06\/Vincentian-Network-logo-big.png?fit=778%2C778\",\"width\":778,\"height\":778,\"caption\":\"The Vincentian Network\"},\"image\":{\"@id\":\"http:\/\/vincentians.com\/es\/#\/schema\/logo\/image\/\"},\"sameAs\":[\"https:\/\/www.facebook.com\/WeAreVincentians\/\",\"https:\/\/x.com\/WeVincentians\"]},{\"@type\":\"Person\",\"@id\":\"http:\/\/vincentians.com\/es\/#\/schema\/person\/9623ef4d9aa3b2dfb8c061f1499288f2\",\"name\":\"Francisco Javier Fern\u00e1ndez Chento\",\"image\":{\"@type\":\"ImageObject\",\"inLanguage\":\"es\",\"@id\":\"http:\/\/vincentians.com\/es\/#\/schema\/person\/image\/\",\"url\":\"https:\/\/secure.gravatar.com\/avatar\/497d5cde87b4c3d097d0315953521681ba2cd523ee66e5077c3711f7021e65de?s=96&d=mm&r=g\",\"contentUrl\":\"https:\/\/secure.gravatar.com\/avatar\/497d5cde87b4c3d097d0315953521681ba2cd523ee66e5077c3711f7021e65de?s=96&d=mm&r=g\",\"caption\":\"Francisco Javier Fern\u00e1ndez Chento\"},\"description\":\"Director General y cofundador de La Red de Formaci\u00f3n Vicenciana. Javier es laico vicenciano, afiliado a la Congregaci\u00f3n de la Misi\u00f3n y miembro del Equipo de Misiones Populares de la provincia can\u00f3nica de Zaragoza (Espa\u00f1a) de la Congregaci\u00f3n de la Misi\u00f3n. Graduado en la Universidad Oberta de Catalunya con cuatro grados (Asistente de direcci\u00f3n, Gesti\u00f3n Administrativa, Recursos Humanos y Contabilidad Avanzada). Bil\u00edng\u00fce Espa\u00f1ol\/Ingl\u00e9s. gestiona y mantiene varias p\u00e1ginas web cristianas y vicencianas, incluida including La Red de Formaci\u00f3n Vicenciana, de la que es cofundador. Actualmente es responsable del \u00e1rea de Espa\u00f1ol de .famvin, la Red de Noticias de la Familia Vicenciana. Tambi\u00e9n es m\u00fasico cat\u00f3lico y ha editado varios discos. Es Director General y cofundador de Trovador, una reconocida compa\u00f1\u00eda discogr\u00e1fica critiana de Espa\u00f1a. Trabaja en las Tecnolog\u00edas de la Informaci\u00f3n, ofreciendo servicios de alojamiento, dise\u00f1o y mantenimiento Web, as\u00ed como asesoramiento, formaci\u00f3n y soluciones inform\u00e1ticas, gesti\u00f3n documental y digitalizaci\u00f3n de textos, edici\u00f3n y maquetaci\u00f3n de libros, revistas, flyers, etc.\",\"sameAs\":[\"http:\/\/chento.org\",\"https:\/\/www.facebook.com\/JavierChento\",\"https:\/\/x.com\/https:\/\/twitter.com\/javierchento\"],\"url\":\"https:\/\/vincentians.com\/es\/author\/chento\/\"}]}<\/script>\n<!-- \/ Yoast SEO plugin. -->","yoast_head_json":{"title":"Estado de la causa de canonizaci\u00f3n del beato Federico Ozanam - Somos Vicencianos","robots":{"index":"index","follow":"follow","max-snippet":"max-snippet:-1","max-image-preview":"max-image-preview:large","max-video-preview":"max-video-preview:-1"},"canonical":"https:\/\/vincentians.com\/es\/estado-de-la-causa-de-canonizacion-del-beato-federico-ozanam\/","og_locale":"es_ES","og_type":"article","og_title":"Estado de la causa de canonizaci\u00f3n del beato Federico Ozanam - Somos Vicencianos","og_description":"Informaci\u00f3n pr\u00e1ctica importante relativa al procedimiento de canonizaci\u00f3n En 2.013, celebramos el bicentenario del nacimiento de Federico Ozanam (1813-2013). No s\u00f3lo la Sociedad de San Vicente de Pa\u00fal, sino tambi\u00e9n el conjunto de la \u00abFamilia ... Read More","og_url":"https:\/\/vincentians.com\/es\/estado-de-la-causa-de-canonizacion-del-beato-federico-ozanam\/","og_site_name":"Somos Vicencianos","article_publisher":"https:\/\/www.facebook.com\/WeAreVincentians\/","article_author":"https:\/\/www.facebook.com\/JavierChento","article_published_time":"2016-10-09T06:10:07+00:00","og_image":[{"width":1200,"height":630,"url":"https:\/\/i0.wp.com\/vincentians.com\/es\/wp-content\/uploads\/sites\/11\/2016\/07\/frederic-ozanam-layman-for-now.jpg?fit=1200%2C630&ssl=1","type":"image\/jpeg"}],"author":"Francisco Javier Fern\u00e1ndez Chento","twitter_card":"summary_large_image","twitter_creator":"@https:\/\/twitter.com\/javierchento","twitter_site":"@WeVincentians","twitter_misc":{"Escrito por":"Francisco Javier Fern\u00e1ndez Chento","Tiempo de lectura":"6 minutos"},"schema":{"@context":"https:\/\/schema.org","@graph":[{"@type":"Article","@id":"https:\/\/vincentians.com\/es\/estado-de-la-causa-de-canonizacion-del-beato-federico-ozanam\/#article","isPartOf":{"@id":"https:\/\/vincentians.com\/es\/estado-de-la-causa-de-canonizacion-del-beato-federico-ozanam\/"},"author":{"name":"Francisco Javier Fern\u00e1ndez Chento","@id":"http:\/\/vincentians.com\/es\/#\/schema\/person\/9623ef4d9aa3b2dfb8c061f1499288f2"},"headline":"Estado de la causa de canonizaci\u00f3n del beato Federico Ozanam","datePublished":"2016-10-09T06:10:07+00:00","mainEntityOfPage":{"@id":"https:\/\/vincentians.com\/es\/estado-de-la-causa-de-canonizacion-del-beato-federico-ozanam\/"},"wordCount":1196,"commentCount":0,"publisher":{"@id":"http:\/\/vincentians.com\/es\/#organization"},"image":{"@id":"https:\/\/vincentians.com\/es\/estado-de-la-causa-de-canonizacion-del-beato-federico-ozanam\/#primaryimage"},"thumbnailUrl":"https:\/\/i0.wp.com\/vincentians.com\/es\/wp-content\/uploads\/sites\/11\/2016\/07\/frederic-ozanam-layman-for-now.jpg?fit=1200%2C630&ssl=1","articleSection":["Federico Ozanam","Sociedad de San Vicente de Pa\u00fal"],"inLanguage":"es","potentialAction":[{"@type":"CommentAction","name":"Comment","target":["https:\/\/vincentians.com\/es\/estado-de-la-causa-de-canonizacion-del-beato-federico-ozanam\/#respond"]}]},{"@type":"WebPage","@id":"https:\/\/vincentians.com\/es\/estado-de-la-causa-de-canonizacion-del-beato-federico-ozanam\/","url":"https:\/\/vincentians.com\/es\/estado-de-la-causa-de-canonizacion-del-beato-federico-ozanam\/","name":"Estado de la causa de canonizaci\u00f3n del beato Federico Ozanam - Somos Vicencianos","isPartOf":{"@id":"http:\/\/vincentians.com\/es\/#website"},"primaryImageOfPage":{"@id":"https:\/\/vincentians.com\/es\/estado-de-la-causa-de-canonizacion-del-beato-federico-ozanam\/#primaryimage"},"image":{"@id":"https:\/\/vincentians.com\/es\/estado-de-la-causa-de-canonizacion-del-beato-federico-ozanam\/#primaryimage"},"thumbnailUrl":"https:\/\/i0.wp.com\/vincentians.com\/es\/wp-content\/uploads\/sites\/11\/2016\/07\/frederic-ozanam-layman-for-now.jpg?fit=1200%2C630&ssl=1","datePublished":"2016-10-09T06:10:07+00:00","breadcrumb":{"@id":"https:\/\/vincentians.com\/es\/estado-de-la-causa-de-canonizacion-del-beato-federico-ozanam\/#breadcrumb"},"inLanguage":"es","potentialAction":[{"@type":"ReadAction","target":["https:\/\/vincentians.com\/es\/estado-de-la-causa-de-canonizacion-del-beato-federico-ozanam\/"]}]},{"@type":"ImageObject","inLanguage":"es","@id":"https:\/\/vincentians.com\/es\/estado-de-la-causa-de-canonizacion-del-beato-federico-ozanam\/#primaryimage","url":"https:\/\/i0.wp.com\/vincentians.com\/es\/wp-content\/uploads\/sites\/11\/2016\/07\/frederic-ozanam-layman-for-now.jpg?fit=1200%2C630&ssl=1","contentUrl":"https:\/\/i0.wp.com\/vincentians.com\/es\/wp-content\/uploads\/sites\/11\/2016\/07\/frederic-ozanam-layman-for-now.jpg?fit=1200%2C630&ssl=1","width":1200,"height":630},{"@type":"BreadcrumbList","@id":"https:\/\/vincentians.com\/es\/estado-de-la-causa-de-canonizacion-del-beato-federico-ozanam\/#breadcrumb","itemListElement":[{"@type":"ListItem","position":1,"name":"Portada","item":"http:\/\/vincentians.com\/es\/"},{"@type":"ListItem","position":2,"name":"Estado de la causa de canonizaci\u00f3n del beato Federico Ozanam"}]},{"@type":"WebSite","@id":"http:\/\/vincentians.com\/es\/#website","url":"http:\/\/vincentians.com\/es\/","name":"Somos Vicencianos","description":"Know more to serve more","publisher":{"@id":"http:\/\/vincentians.com\/es\/#organization"},"potentialAction":[{"@type":"SearchAction","target":{"@type":"EntryPoint","urlTemplate":"http:\/\/vincentians.com\/es\/?s={search_term_string}"},"query-input":{"@type":"PropertyValueSpecification","valueRequired":true,"valueName":"search_term_string"}}],"inLanguage":"es"},{"@type":"Organization","@id":"http:\/\/vincentians.com\/es\/#organization","name":"The Vincentian Network","url":"http:\/\/vincentians.com\/es\/","logo":{"@type":"ImageObject","inLanguage":"es","@id":"http:\/\/vincentians.com\/es\/#\/schema\/logo\/image\/","url":"https:\/\/i1.wp.com\/vincentians.com\/es\/wp-content\/uploads\/sites\/11\/2016\/06\/Vincentian-Network-logo-big.png?fit=778%2C778","contentUrl":"https:\/\/i1.wp.com\/vincentians.com\/es\/wp-content\/uploads\/sites\/11\/2016\/06\/Vincentian-Network-logo-big.png?fit=778%2C778","width":778,"height":778,"caption":"The Vincentian Network"},"image":{"@id":"http:\/\/vincentians.com\/es\/#\/schema\/logo\/image\/"},"sameAs":["https:\/\/www.facebook.com\/WeAreVincentians\/","https:\/\/x.com\/WeVincentians"]},{"@type":"Person","@id":"http:\/\/vincentians.com\/es\/#\/schema\/person\/9623ef4d9aa3b2dfb8c061f1499288f2","name":"Francisco Javier Fern\u00e1ndez Chento","image":{"@type":"ImageObject","inLanguage":"es","@id":"http:\/\/vincentians.com\/es\/#\/schema\/person\/image\/","url":"https:\/\/secure.gravatar.com\/avatar\/497d5cde87b4c3d097d0315953521681ba2cd523ee66e5077c3711f7021e65de?s=96&d=mm&r=g","contentUrl":"https:\/\/secure.gravatar.com\/avatar\/497d5cde87b4c3d097d0315953521681ba2cd523ee66e5077c3711f7021e65de?s=96&d=mm&r=g","caption":"Francisco Javier Fern\u00e1ndez Chento"},"description":"Director General y cofundador de La Red de Formaci\u00f3n Vicenciana. Javier es laico vicenciano, afiliado a la Congregaci\u00f3n de la Misi\u00f3n y miembro del Equipo de Misiones Populares de la provincia can\u00f3nica de Zaragoza (Espa\u00f1a) de la Congregaci\u00f3n de la Misi\u00f3n. Graduado en la Universidad Oberta de Catalunya con cuatro grados (Asistente de direcci\u00f3n, Gesti\u00f3n Administrativa, Recursos Humanos y Contabilidad Avanzada). Bil\u00edng\u00fce Espa\u00f1ol\/Ingl\u00e9s. gestiona y mantiene varias p\u00e1ginas web cristianas y vicencianas, incluida including La Red de Formaci\u00f3n Vicenciana, de la que es cofundador. Actualmente es responsable del \u00e1rea de Espa\u00f1ol de .famvin, la Red de Noticias de la Familia Vicenciana. Tambi\u00e9n es m\u00fasico cat\u00f3lico y ha editado varios discos. Es Director General y cofundador de Trovador, una reconocida compa\u00f1\u00eda discogr\u00e1fica critiana de Espa\u00f1a. Trabaja en las Tecnolog\u00edas de la Informaci\u00f3n, ofreciendo servicios de alojamiento, dise\u00f1o y mantenimiento Web, as\u00ed como asesoramiento, formaci\u00f3n y soluciones inform\u00e1ticas, gesti\u00f3n documental y digitalizaci\u00f3n de textos, edici\u00f3n y maquetaci\u00f3n de libros, revistas, flyers, etc.","sameAs":["http:\/\/chento.org","https:\/\/www.facebook.com\/JavierChento","https:\/\/x.com\/https:\/\/twitter.com\/javierchento"],"url":"https:\/\/vincentians.com\/es\/author\/chento\/"}]}},"jetpack_publicize_connections":[],"jetpack_featured_media_url":"https:\/\/i0.wp.com\/vincentians.com\/es\/wp-content\/uploads\/sites\/11\/2016\/07\/frederic-ozanam-layman-for-now.jpg?fit=1200%2C630&ssl=1","jetpack_sharing_enabled":true,"jetpack_shortlink":"https:\/\/wp.me\/p7ETMF-9Wm","jetpack-related-posts":[{"id":104297,"url":"https:\/\/vincentians.com\/es\/novena-biblica-en-honor-al-beato-federico-ozanam-dia-tercero\/","url_meta":{"origin":38214,"position":0},"title":"Novena b\u00edblica en honor al beato Federico Ozanam: D\u00eda tercero","author":"Francisco Javier Fern\u00e1ndez Chento","date":"03\/09\/2012","format":false,"excerpt":"Oraci\u00f3n Oh Dios de Caridad infinita, que no dejas de compadecerte de nosotros y contin\u00faas la obra misericordiosa de tu Divino Hijo Jesucristo en la historia de cada hombre. Te damos infinitas gracias por el amor que se hace manifiesto por medio de la gracia bautismal en todos y cada\u2026","rel":"","context":"En \u00abFederico Ozanam\u00bb","block_context":{"text":"Federico Ozanam","link":"https:\/\/vincentians.com\/es\/category\/la-familia-vicenciana\/fundadores\/federico-ozanam\/"},"img":{"alt_text":"","src":"https:\/\/i0.wp.com\/vicencianos.org\/wp-content\/2012\/09\/beato_ozanam_pobre-225x300.jpg?resize=350%2C200","width":350,"height":200},"classes":[]},{"id":120727,"url":"https:\/\/vincentians.com\/es\/la-santidad-en-federico-ozanam\/","url_meta":{"origin":38214,"position":1},"title":"La santidad en Federico Ozanam","author":"Francisco Javier Fern\u00e1ndez Chento","date":"09\/09\/2021","format":false,"excerpt":"Introducci\u00f3n Todos sabemos que Vicente de Pa\u00fal plant\u00f3 un gran \u00e1rbol \"revolucionario\" de caridad en el siglo XVII. En este tronco se le han ido injertado otras ramas que, a pesar de tener identidad pro\u00adpia, todas ellas se alimentan de esa savia del Cristo adorador del Padre, evangelizador y servidor\u2026","rel":"","context":"En \u00abFederico Ozanam\u00bb","block_context":{"text":"Federico Ozanam","link":"https:\/\/vincentians.com\/es\/category\/la-familia-vicenciana\/fundadores\/federico-ozanam\/"},"img":{"alt_text":"","src":"https:\/\/i0.wp.com\/vincentians.com\/es\/wp-content\/uploads\/sites\/11\/2016\/10\/cara-ozanam.jpg?fit=1200%2C630&ssl=1&resize=350%2C200","width":350,"height":200,"srcset":"https:\/\/i0.wp.com\/vincentians.com\/es\/wp-content\/uploads\/sites\/11\/2016\/10\/cara-ozanam.jpg?fit=1200%2C630&ssl=1&resize=350%2C200 1x, https:\/\/i0.wp.com\/vincentians.com\/es\/wp-content\/uploads\/sites\/11\/2016\/10\/cara-ozanam.jpg?fit=1200%2C630&ssl=1&resize=525%2C300 1.5x, https:\/\/i0.wp.com\/vincentians.com\/es\/wp-content\/uploads\/sites\/11\/2016\/10\/cara-ozanam.jpg?fit=1200%2C630&ssl=1&resize=700%2C400 2x, https:\/\/i0.wp.com\/vincentians.com\/es\/wp-content\/uploads\/sites\/11\/2016\/10\/cara-ozanam.jpg?fit=1200%2C630&ssl=1&resize=1050%2C600 3x"},"classes":[]},{"id":128380,"url":"https:\/\/vincentians.com\/es\/federico-ozanam-por-mons-baunard-00-prefacio\/","url_meta":{"origin":38214,"position":2},"title":"Federico Ozanam (por Mons. Baunard): 00 Prefacio","author":"Francisco Javier Fern\u00e1ndez Chento","date":"22\/08\/2016","format":false,"excerpt":"Prefacio El 10 de abril de 1910, segundo domingo despu\u00e9s de Pascuas, fiesta y asamblea general de la Sociedad de San Vicente de Paul, en Par\u00eds, la misa tradicional se celebr\u00f3 en la cripta de la iglesia de los Carmelitas, calle de Vaugirard, en presencia del Consejo general de la\u2026","rel":"","context":"En \u00abFederico Ozanam\u00bb","block_context":{"text":"Federico Ozanam","link":"https:\/\/vincentians.com\/es\/category\/la-familia-vicenciana\/fundadores\/federico-ozanam\/"},"img":{"alt_text":"","src":"https:\/\/i0.wp.com\/vincentians.com\/es\/wp-content\/uploads\/sites\/11\/2016\/07\/frederic-ozanam-layman-for-now.jpg?fit=1200%2C630&ssl=1&resize=350%2C200","width":350,"height":200,"srcset":"https:\/\/i0.wp.com\/vincentians.com\/es\/wp-content\/uploads\/sites\/11\/2016\/07\/frederic-ozanam-layman-for-now.jpg?fit=1200%2C630&ssl=1&resize=350%2C200 1x, https:\/\/i0.wp.com\/vincentians.com\/es\/wp-content\/uploads\/sites\/11\/2016\/07\/frederic-ozanam-layman-for-now.jpg?fit=1200%2C630&ssl=1&resize=525%2C300 1.5x, https:\/\/i0.wp.com\/vincentians.com\/es\/wp-content\/uploads\/sites\/11\/2016\/07\/frederic-ozanam-layman-for-now.jpg?fit=1200%2C630&ssl=1&resize=700%2C400 2x, https:\/\/i0.wp.com\/vincentians.com\/es\/wp-content\/uploads\/sites\/11\/2016\/07\/frederic-ozanam-layman-for-now.jpg?fit=1200%2C630&ssl=1&resize=1050%2C600 3x"},"classes":[]},{"id":118226,"url":"https:\/\/vincentians.com\/es\/federico-ozanam-gran-apologeta-de-la-fe-en-el-siglo-xix\/","url_meta":{"origin":38214,"position":3},"title":"Federico Ozanam, gran apologeta de la fe en el siglo XIX","author":"Francisco Javier Fern\u00e1ndez Chento","date":"09\/09\/2020","format":false,"excerpt":"En abril de este a\u00f1o se celebrar\u00e1 el bicentenario del nacimiento de Federico Ozanam. El Consejo General de la Sociedad de San Vicente de Pa\u00fal ha organizado en Paris la celebraci\u00f3n de este acontecimiento de gran importancia para las Conferencias de Caridad y para toda la Familia Vicenciana en general.\u2026","rel":"","context":"En \u00abFederico Ozanam\u00bb","block_context":{"text":"Federico Ozanam","link":"https:\/\/vincentians.com\/es\/category\/la-familia-vicenciana\/fundadores\/federico-ozanam\/"},"img":{"alt_text":"","src":"https:\/\/i0.wp.com\/vincentians.com\/es\/wp-content\/uploads\/sites\/11\/2016\/09\/ozanam-candelas.jpg?fit=1200%2C630&ssl=1&resize=350%2C200","width":350,"height":200,"srcset":"https:\/\/i0.wp.com\/vincentians.com\/es\/wp-content\/uploads\/sites\/11\/2016\/09\/ozanam-candelas.jpg?fit=1200%2C630&ssl=1&resize=350%2C200 1x, https:\/\/i0.wp.com\/vincentians.com\/es\/wp-content\/uploads\/sites\/11\/2016\/09\/ozanam-candelas.jpg?fit=1200%2C630&ssl=1&resize=525%2C300 1.5x, https:\/\/i0.wp.com\/vincentians.com\/es\/wp-content\/uploads\/sites\/11\/2016\/09\/ozanam-candelas.jpg?fit=1200%2C630&ssl=1&resize=700%2C400 2x, https:\/\/i0.wp.com\/vincentians.com\/es\/wp-content\/uploads\/sites\/11\/2016\/09\/ozanam-candelas.jpg?fit=1200%2C630&ssl=1&resize=1050%2C600 3x"},"classes":[]},{"id":386828,"url":"https:\/\/vincentians.com\/es\/federico-ozanam-un-santo-polifacetico-y-modelico\/","url_meta":{"origin":38214,"position":4},"title":"Federico Ozanam, un santo polifac\u00e9tico y mod\u00e9lico","author":"Francisco Javier Fern\u00e1ndez Chento","date":"09\/09\/2024","format":false,"excerpt":"Federico Ozanam, hombre polifac\u00e9tico y mod\u00e9lico Es para m\u00ed una satisfacci\u00f3n estar aqu\u00ed en esta mesa con el objetivo de presentar la figura del beato Federico Ozanam con motivo de la edici\u00f3n de su correspondencia. Quiero iniciar mi reflexi\u00f3n recordando el breve retrato que hizo de su persona el historiador\u2026","rel":"","context":"En \u00abFederico Ozanam\u00bb","block_context":{"text":"Federico Ozanam","link":"https:\/\/vincentians.com\/es\/category\/la-familia-vicenciana\/fundadores\/federico-ozanam\/"},"img":{"alt_text":"","src":"https:\/\/i0.wp.com\/vincentians.com\/es\/wp-content\/uploads\/sites\/11\/2016\/09\/Federico-Ozanam-5.jpg?fit=472%2C689&ssl=1&resize=350%2C200","width":350,"height":200},"classes":[]},{"id":104291,"url":"https:\/\/vincentians.com\/es\/novena-biblica-en-honor-al-beato-federico-ozanam-dia-noveno\/","url_meta":{"origin":38214,"position":5},"title":"Novena b\u00edblica en honor al beato Federico Ozanam: D\u00eda noveno","author":"Francisco Javier Fern\u00e1ndez Chento","date":"09\/09\/2012","format":false,"excerpt":"Oraci\u00f3n Oh Dios de Caridad infinita, que no dejas de compadecerte de nosotros y contin\u00faas la obra misericordiosa de tu Divino Hijo Jesucristo en la historia de cada hombre. Te damos infinitas gracias por el amor que se hace manifiesto por medio de la gracia bautismal en todos y cada\u2026","rel":"","context":"En \u00abFederico Ozanam\u00bb","block_context":{"text":"Federico Ozanam","link":"https:\/\/vincentians.com\/es\/category\/la-familia-vicenciana\/fundadores\/federico-ozanam\/"},"img":{"alt_text":"","src":"https:\/\/i0.wp.com\/vicencianos.org\/wp-content\/2012\/09\/beato_ozanam_pobre-225x300.jpg?resize=350%2C200","width":350,"height":200},"classes":[]}],"_links":{"self":[{"href":"https:\/\/vincentians.com\/es\/wp-json\/wp\/v2\/posts\/38214","targetHints":{"allow":["GET"]}}],"collection":[{"href":"https:\/\/vincentians.com\/es\/wp-json\/wp\/v2\/posts"}],"about":[{"href":"https:\/\/vincentians.com\/es\/wp-json\/wp\/v2\/types\/post"}],"author":[{"embeddable":true,"href":"https:\/\/vincentians.com\/es\/wp-json\/wp\/v2\/users\/4"}],"replies":[{"embeddable":true,"href":"https:\/\/vincentians.com\/es\/wp-json\/wp\/v2\/comments?post=38214"}],"version-history":[{"count":0,"href":"https:\/\/vincentians.com\/es\/wp-json\/wp\/v2\/posts\/38214\/revisions"}],"wp:featuredmedia":[{"embeddable":true,"href":"https:\/\/vincentians.com\/es\/wp-json\/wp\/v2\/media\/149294"}],"wp:attachment":[{"href":"https:\/\/vincentians.com\/es\/wp-json\/wp\/v2\/media?parent=38214"}],"wp:term":[{"taxonomy":"category","embeddable":true,"href":"https:\/\/vincentians.com\/es\/wp-json\/wp\/v2\/categories?post=38214"},{"taxonomy":"post_tag","embeddable":true,"href":"https:\/\/vincentians.com\/es\/wp-json\/wp\/v2\/tags?post=38214"}],"curies":[{"name":"wp","href":"https:\/\/api.w.org\/{rel}","templated":true}]}}