{"id":38162,"date":"2017-09-27T08:35:27","date_gmt":"2017-09-27T06:35:27","guid":{"rendered":"http:\/\/somos.vicencianos.org\/blog\/2011\/05\/san-vicente-de-paul-y-la-iglesia\/"},"modified":"2017-09-27T08:33:39","modified_gmt":"2017-09-27T06:33:39","slug":"san-vicente-de-paul-y-la-iglesia","status":"publish","type":"post","link":"https:\/\/vincentians.com\/es\/san-vicente-de-paul-y-la-iglesia\/","title":{"rendered":"San Vicente de Pa\u00fal y la Iglesia"},"content":{"rendered":"<h2><strong><img data-recalc-dims=\"1\" loading=\"lazy\" decoding=\"async\" data-attachment-id=\"399864\" data-permalink=\"https:\/\/vincentians.com\/es\/pasado-futuro-del-espiritu-vicenciano\/vincentian-missionarie\/\" data-orig-file=\"https:\/\/i0.wp.com\/vincentians.com\/es\/wp-content\/uploads\/sites\/11\/2016\/09\/vincentian-missionarie.jpg?fit=846%2C444&amp;ssl=1\" data-orig-size=\"846,444\" data-comments-opened=\"1\" data-image-meta=\"{&quot;aperture&quot;:&quot;0&quot;,&quot;credit&quot;:&quot;&quot;,&quot;camera&quot;:&quot;&quot;,&quot;caption&quot;:&quot;&quot;,&quot;created_timestamp&quot;:&quot;0&quot;,&quot;copyright&quot;:&quot;&quot;,&quot;focal_length&quot;:&quot;0&quot;,&quot;iso&quot;:&quot;0&quot;,&quot;shutter_speed&quot;:&quot;0&quot;,&quot;title&quot;:&quot;&quot;,&quot;orientation&quot;:&quot;1&quot;}\" data-image-title=\"vincentian-missionarie\" data-image-description=\"\" data-image-caption=\"\" data-medium-file=\"https:\/\/i0.wp.com\/vincentians.com\/es\/wp-content\/uploads\/sites\/11\/2016\/09\/vincentian-missionarie.jpg?fit=300%2C157&amp;ssl=1\" data-large-file=\"https:\/\/i0.wp.com\/vincentians.com\/es\/wp-content\/uploads\/sites\/11\/2016\/09\/vincentian-missionarie.jpg?fit=846%2C444&amp;ssl=1\" class=\"alignnone size-medium wp-image-399864 alignleft\" src=\"https:\/\/i0.wp.com\/vincentians.com\/es\/wp-content\/uploads\/sites\/11\/2016\/09\/vincentian-missionarie.jpg?resize=300%2C157\" alt=\"\" width=\"300\" height=\"157\" srcset=\"https:\/\/i0.wp.com\/vincentians.com\/es\/wp-content\/uploads\/sites\/11\/2016\/09\/vincentian-missionarie.jpg?resize=300%2C157&amp;ssl=1 300w, https:\/\/i0.wp.com\/vincentians.com\/es\/wp-content\/uploads\/sites\/11\/2016\/09\/vincentian-missionarie.jpg?resize=768%2C403&amp;ssl=1 768w, https:\/\/i0.wp.com\/vincentians.com\/es\/wp-content\/uploads\/sites\/11\/2016\/09\/vincentian-missionarie.jpg?resize=100%2C52&amp;ssl=1 100w, https:\/\/i0.wp.com\/vincentians.com\/es\/wp-content\/uploads\/sites\/11\/2016\/09\/vincentian-missionarie.jpg?w=846&amp;ssl=1 846w\" sizes=\"auto, (max-width: 300px) 100vw, 300px\" \/>Presentaci\u00f3n del tema<\/strong><\/h2>\n<div class=\"mceTemp\"><\/div>\n<p>\u00abUna nueva manera de concebir al hombre\u00bb. Bajo ese t\u00edtulo hab\u00edamos ordenado los textos de san Vicente, presentados en la ficha anterior. Los hombres no son m\u00e1s que individuos, incluso cuando sufren individualmente.<\/p>\n<p>M\u00e1s all\u00e1 de los desgraciados a quienes \u00e9l proporciona socorros de alma y de cuer\u00adpo, el esp\u00edritu met\u00f3dico del Sr. Vicente ve enseguida a todos los que est\u00e1n en el mismo caso; posee el don de percibir conjuntos.<\/p>\n<p>Su visi\u00f3n del Pueblo de Dios, de la Iglesia real, se forma a base de su experiencia, y esta Iglesia es diferente de la que viene a la Corte a hacer valer sus m\u00e9ritos o sus talentos y a preparar su ascenso.<\/p>\n<p>Aqu\u00e9llos a los que se siente enviado, los que lo llaman y lo esperan, es la gente pobre de los hospitales, el pobre pueblo del campo, los galeotes y los encerrados en mazmorras, los ni\u00f1os abandonados, la corte de los milagros de los mendigos y los matones, la nobleza arruinada y las provincias asoladas, el clero mal preparado, los obispos abrumados ante una tarea pastoral sobrehumana, las naciones infieles, que esperan el Evangelio.<\/p>\n<p>Cada uno de esos elementos llega, en su tiempo y en su lugar, a constituir en su mente una imagen del Pueblo de Dios que los engloba a todos. <em>Toda esa humanidad forma un pueblo llamado a constituir la Iglesia.<\/em><\/p>\n<p>Incluso, aunque \u00e9l haya seguido primero otros caminos, aunque haya empezado a concebir una Iglesia sobre todo jer\u00e1rquica, donde conven\u00eda hacerse con un cargo, el camino por el que Dios llev\u00f3 a san Vicente lo condujo a ver muy de otra manera la rea\u00adlidad de la Iglesia: no est\u00e1 en la seda ni en el oro de los pr\u00edncipes-obispos o de los aba\u00addes de encomienda, sino en la carne y en la sangre, en los sufrimientos y en las l\u00e1gri\u00admas de un pueblo. El Pueblo de Dios, helo ah\u00ed, asociado sin saberlo al misterio de la vida, de los sufrimientos y de la muerte del Hijo de Dios, a la espera de su gloria.<\/p>\n<p>Llamado al Consejo de Conciencia, el Sr. Vicente se acordar\u00e1 de esa Iglesia, cuan\u00addo se trate de nombrar obispos para el servicio del Pueblo de Dios y, en primer lugar, de los pobres.<\/p>\n<p>San Vicente ha visto al Hijo de Dios en nuestros caminos, el Hijo de Dios en la agon\u00eda, el Hijo de Dios en la cruz. El cuerpo m\u00edstico de Jesucristo no es para \u00e9l una abstracci\u00f3n de te\u00f3logo, \u00e9l le ha consagrado su vida. No pierde ocasi\u00f3n de recordar a los m\u00e1s grandes y a los m\u00e1s humildes, asoci\u00e1ndolos al servicio de sus hermanos, que <em>la Iglesia es en concreto esa inmensa fraternidad de los hijos de Dios, <\/em>empezando por los m\u00e1s peque\u00f1os.<\/p>\n<h2>San Vicente y la Iglesia<\/h2>\n<p>Ordenado en 1600, san Vicente no vivir\u00e1 su primera experiencia verdaderamente pastoral hasta 1612, en Clichy. Parece claro que, durante sus primeros a\u00f1os de sacer\u00addocio, trat\u00f3 de establecer contacto m\u00e1s con los dignatarios que con el \u00abpueblo\u00bb, con\u00adsiderando as\u00ed a la Iglesia como una sociedad jer\u00e1rquica en donde, veros\u00edmilmente, busca un cargo y un buen cargo&#8230; quiz\u00e1s hasta un obispado.<\/p>\n<p>Poco a poco, al ritmo de las experiencias pastorales, su visi\u00f3n de la Iglesia se puri\u00adfica, se profundiza, se amplifica.<\/p>\n<h3><em>I. <\/em><em>La experiencia de Clichy (1612): \u00abEl hallazgo de un pueblo\u00bb<\/em><\/h3>\n<p>Despu\u00e9s de m\u00e1s de cuarenta a\u00f1os de ocurrido el acontecimiento, san Vicente habla todav\u00eda de esa experiencia como una de las grandes gracias y descubrimientos de su vida. Su sacerdocio parece haber recobrado sentido y vigor en medio del Pueblo de Dios, hasta el punto de que, lejos de aspirar a las dignidades eclesi\u00e1sticas, se consi\u00addera m\u00e1s feliz que el Cardenal de Retz y que hasta el mismo Papa.<\/p>\n<p style=\"padding-left: 30px\">\u00abYo he sido p\u00e1rroco de una aldea&#8230; Me sent\u00eda tan contento, que me dec\u00eda a m\u00ed mismo: \u00ab\u00a1Dios m\u00edo! \u00a1Qu\u00e9 feliz soy por poder tener este pueblo!\u00bb. Y a\u00f1ad\u00eda: \u00abCreo que el Papa no es tan feliz como un p\u00e1rroco en medio de un pueblo, que tiene un coraz\u00f3n tan bueno\u00bb. Y un d\u00eda el Sr. Cardenal de Retz me pregunt\u00f3: \u00ab\u00bfQu\u00e9 tal, padre? \u00bfc\u00f3mo est\u00e1 usted?\u00bb. Le dije: \u00abMonse\u00f1or, estoy tan contento que no soy capaz de explicarlo\u00bb. \u00ab\u00bfPor qu\u00e9?\u00bb. \u00abEs que tengo un pueblo tan bueno, tan obediente a cuanto le digo, que me parece que ni el Santo Padre ni su Eminencia son tan felices como yo\u00bb\u00bb (IX, 580).<\/p>\n<h3><em>II. <\/em><em>La experiencia de Gannes-Folleville (1617): \u00abEl lugar de los pobres en la Iglesia\u00bb<\/em><\/h3>\n<p>Conocemos el hecho \u00abGannes-Folleville\u00bb (Cf. Ficha n.\u00b0 1). San Vicente parece que reaccion\u00f3 muy r\u00e1pidamente y las \u00abmisiones\u00bb se multiplicaron; pero se requirie\u00adron varios a\u00f1os para notar el verdadero alcance de la evangelizaci\u00f3n de los pobres en la Iglesia de Jesucristo, su importancia y su valor de signo.<\/p>\n<p>El relato siguiente nos ofrece un eco de ese caminar. Se trata del encuentro con un hugonote en Montmirail (XI, 727):<\/p>\n<p>El hugonote le rog\u00f3 que le resolviera una objeci\u00f3n:<\/p>\n<p style=\"padding-left: 30px\">\u00ab\u00bbSe\u00f1or, le dijo el hereje, dice usted que la Iglesia de Roma est\u00e1 dirigida por el Esp\u00edritu Santo, pero yo no lo puedo creer, puesto que por una parte se ve a los cat\u00f3licos del campo abandonados en manos de unos pastores viciosos e ignorantes, que no conocen sus obligaciones y que no saben siquiera lo que es la religi\u00f3n cristiana; y por otra parte se ven las ciudades llenas de sacerdotes y de frailes sin hacer nada; puede ser que en Par\u00eds haya hasta diez mil, mientras que esas pobres gentes del campo se encuentran en una ignoracia espantosa, por la que se pierden. \u00bfY quiere usted convencerme de que esto est\u00e1 bajo la direcci\u00f3n del Espir\u00edtu Santo?; no puedo creerlo\u00bb.<\/p>\n<p>(El texto de esta charla deja entrever que san Vicente qued\u00f3 muy impresionado por esa objeci\u00f3n, y medit\u00f3 una respuesta que no convenci\u00f3 al hereje), sin embargo:<\/p>\n<p style=\"padding-left: 30px\">\u00ab&#8230;al a\u00f1o siguiente volvi\u00f3 el padre Vicente a Montmirail en compa\u00f1\u00eda del Sr. F\u00e9ron&#8230; y del Sr. Duchesne&#8230; para trabajar con ellos en los ejercicios de la Misi\u00f3n, tanto en aquel lugar como en las aldeas de alrededor&#8230; Aquel hereje en el que ya no pensaba nadie tuvo la curiosidad de ir a ver los diversos ejercicios que se practicaban; asisti\u00f3 a los sermones y al catecismo, vio el cuidado con que se instru\u00eda a los que ignoraban las verdades necesarias para la salvaci\u00f3n, la caridad con que se acomodaban a la debilidad y rudeza de esp\u00edritu de los m\u00e1s r\u00fasticos y simples&#8230;y los efectos maravillosos que se realizaban en el coraz\u00f3n de los mayores pecadores&#8230; Todas estas cosas le impresionaron tanto que fue a buscar al padre Vicente, y le dijo: \u00abAhora es cuando he visto que el Esp\u00edritu Santo gu\u00eda a la Iglesia Romana, ya que se preocupa de la instrucci\u00f3n y de la salvaci\u00f3n de estos pobres aldeanos. Estoy dispuesto a entrar en ella, cuando quiera usted recibirme\u00bb &#8230;san Vicente concluy\u00f3: \u00ab\u00a1Qu\u00e9 dicha para nosotros, los misioneros, poder demostrar que el Esp\u00edritu Santo gu\u00eda a su Iglesia, trabajando como trabajamos por la instrucci\u00f3n y la santificaci\u00f3n de los pobres\u00bb\u00bb (XI, 728-730).<\/p>\n<p>Este texto, y, sobre todo, la conclusi\u00f3n nos muestran el modo c\u00f3mo la Misi\u00f3n, nacida humildemente en Folleville, tom\u00f3, a los ojos de san Vicente, una dimensi\u00f3n de Iglesia. La evangelizaci\u00f3n de los pobres viene a ser, para \u00e9l, como una nota de la <em>Igle-sia, <\/em>un criterio, el signo verificador de que es guiada por el Esp\u00edritu Santo.<\/p>\n<h3><em>III. La experiencia de Ch\u00e2tillon (1617): \u00abEl laicado\u00bb<\/em><\/h3>\n<p>Seg\u00fan los relatos del mismo san Vicente, parece que lo determinante en esta nueva experiencia fue la respuesta inmediata y generosa de los laicos a su llamada del 20 de agosto de 1617:<\/p>\n<p style=\"padding-left: 30px\">\u00ab&#8230;lo recomend\u00e9 con tanto inter\u00e9s y con tal sentimiento que todas las se\u00f1oras se vieron impresionadas. Salieron de la ciudad m\u00e1s de cincuenta; y yo hice como los dem\u00e1s; lo visit\u00e9 y lo encontr\u00e9 en tal estado que cre\u00ed conveniente confesarlo; y cuando llevaba el sant\u00edsimo Sacramento, encontr\u00e9 algunos grupos de mujeres, y Dios me dio este pensamiento: \u00ab\u00bfNo se podr\u00eda intentar reunir a todas estas buenas se\u00f1oras y exhortadas a entregarse a Dios, para servir a los pobres enfermos?\u00bb. A continuaci\u00f3n, les indiqu\u00e9 que se podr\u00edan socorrer estas grandes necesidades con mucha facilidad. Inmediatamente se decidieron a ello\u00bb (IX, 202).<\/p>\n<p style=\"padding-left: 30px\">Despu\u00e9s de comer se celebr\u00f3 una reuni\u00f3n en casa de una buena se\u00f1orita de la ciudad, para ver qu\u00e9 socorros se les podr\u00eda dar, y cada uno se mostr\u00f3 dispuesto a ir a verlos, consolarlos con sus palabras y ayudarles en lo que pudieran. Despu\u00e9s de v\u00edsperas, tom\u00e9 a un hombre honrado, vecino de aquella ciudad, y fuimos juntos hasta all\u00e1. Nos encontramos por el camino con algunas mujeres que iban por delante de nosotros, y un poco m\u00e1s adelan\u00adte, con otras que volv\u00edan. Y como era en verano y durante los grandes calores, aquellas buenas mujeres se sentaban a la vera del camino para descansar y refrescarse. Finalmen\u00adte, Hijas m\u00edas, hab\u00eda tantas, que se podr\u00eda haber dicho que se trataba de una procesi\u00f3n\u00bb (IX, 232).<\/p>\n<p>Conocemos las repercusiones y consecuencias de esta nueva experiencia pastoral (Cofrad\u00edas&#8230; Hijas de la Caridad&#8230; Damas de la Caridad&#8230;). San Vicente vio con cla\u00adridad <em>el lugar y la funci\u00f3n del <\/em><em>LAICADO <\/em><em>en la Iglesia. <\/em>Sabr\u00e1 sacar el mayor partido para el servicio de los pobres.<\/p>\n<h3>IV. <em>La experiencia de Beauvais (1628): \u00abLos ministerios&#8230; de los servicios\u00bb<\/em><\/h3>\n<p>En el Pueblo de Dios y para un mejor servicio de los pobres, san Vicente se da cuenta progresivamente de la importancia de los sacerdotes. Fue en Beauvais donde llev\u00f3 a cabo su primera experiencia de los Ordenandos. Las Conferencias de los Mar\u00adtes (1633), y m\u00e1s tarde la entrada en el Consejo de Conciencia (1643) le permiten extender su acci\u00f3n y su influencia sobre toda la Iglesia de Francia. Ya habr\u00e1 ocasi\u00f3n para volver sobre estos diferentes puntos que se refieren a la idea que se hac\u00eda san Vicente de los ministerios en la Iglesia. Basta citar aqu\u00ed cuatro textos:<\/p>\n<p>El primero se dirige a un abogado de Laval que trata de acceder al sacerdocio como si fuese una carrera:<\/p>\n<p style=\"padding-left: 30px\">\u00abYo me har\u00eda problema de conciencia de contribuir a hacerle entrar en las \u00f3rdenes sagra\u00addas, especialmente en el sacerdocio, ya que son desgraciados aqu\u00e9llos que entran en \u00e9l por la ventana de su propia elecci\u00f3n y no por la puerta de una vocaci\u00f3n leg\u00edtima. Sin embar\u00adgo, es grande el n\u00famero de aqu\u00e9llos, ya que miran el estado eclesi\u00e1stico como una condi\u00adci\u00f3n tranquila, en la que buscan m\u00e1s bien el descanso que el trabajo; de ah\u00ed es de donde vienen esos grandes desastres que vemos en la Iglesia, ya que se atribuye a los sacerdotes la ignorancia, los pecados y las herej\u00edas que la est\u00e1n desolando\u00bb (VII, 396).<\/p>\n<p>A un misionero que trata de entrar en la Cartuja:<\/p>\n<p style=\"padding-left: 30px\">\u00abConsidere tambi\u00e9n c\u00f3mo su vida es ahora conforme con la que llev\u00f3 nuestro Se\u00f1or en la tierra,que es \u00e9sta su vocaci\u00f3n y que la mayor necesidad que hoy tiene la Iglesia es la de obreros que trabajen por apartar a la mayor\u00eda de sus hijos de la ignorancia y de los vicios en que est\u00e1n, y que le den buenos sacerdotes y buenos pastores, que es lo que el Hijo de Dios vino a hacer a este mundo, y ya ver\u00e1 c\u00f3mo se siente muy feliz de haberse dedicado como \u00e9l y por \u00e9l a esta obra tan santa\u00bb (III, 150-151).<\/p>\n<p>A este mismo misionero, resuelto al fin a permanecer en la Misi\u00f3n:<\/p>\n<p style=\"padding-left: 30px\">\u00abNo puedo expresarle el consuelo que ha recibido mi alma con la \u00faltima que usted me ha escrito y por la resoluci\u00f3n que nuestro Se\u00f1or le ha inspirado. La verdad, Padre, es que creo que hasta el cielo se alegra con ello; pues, la Iglesia tiene bastantes personas solitarias, gra\u00adcias a Dios, y demasiadas in\u00fatiles, y otras muchas m\u00e1s que la desgarran. Lo que necesita es tener hombres evang\u00e9licos,que se esfuercen en purgarla, en iluminarla y en unirla a su divino esposo; y es lo que usted hace, por su divina bondad\u00bb\u00bb (III, 181).<\/p>\n<p>A Alano de Solminihac, obispo de Cahors, que se interrogaba sobre la conducta a seguir durante una epidemia:<\/p>\n<p style=\"padding-left: 30px\">\u00abAs\u00ed pues, como se\u00f1or obispo, mi humilde opini\u00f3n es que un prelado que se encuentre en esa situaci\u00f3n debe mantenerse en la posibilidad de atender a las necesiades espirituales y temporales de toda su di\u00f3cesis durante esa aflicci\u00f3n p\u00fablica, sin encerrarse en un lugar ni ocuparse en ninguna otra tarea que le quite el medio de atender a los dem\u00e1s, sobre todo porque no es obispo de esa ciudad solamente, sino que lo es de toda su di\u00f3cesis, en cuyo gobierno debe repartir sus cuidados de forma que no se detenga en un lugar particular, a no ser que le sea imposible atender a la salvaci\u00f3n de las almas de aquel lugar por medio de sus p\u00e1rrocos o de otros eclesi\u00e1sticos; pues, en ese caso , yo creo que est\u00e1 obligado a expo\u00adner su vida por su salvaci\u00f3n y encomendar a la adorable providencia de Dios el cuidado de todos los dem\u00e1s lugares. As\u00ed es c\u00f3mo est\u00e1 haciendo uno de los m\u00e1s grandes prelados de este reino, que es Monse\u00f1or&#8230;., el cual ha preparado a sus p\u00e1rrocos para que se expongan por la salvaci\u00f3n de sus feligreses y, cuando la enfermedad cae en un lugar, se traslada all\u00e1, para ver si el p\u00e1rroco permanece donde debe, para animarle en su resoluci\u00f3n y finalmente darle los consejos y los medios convenientes para asistir a sus feligreses\u00bb (IV, 481-482).<\/p>\n<h3><em>V. La experiencia de Madagascar (1648): \u00abHasta el conf\u00edn de la tierra&#8230;\u00bb<\/em><\/h3>\n<p>La misi\u00f3n de Madagascar, que marc\u00f3 profundamente sus \u00faltimos a\u00f1os, constituye una cima en la experiencia de Iglesia de san Vicente. Desde 1625, de manera progre\u00adsiva, la Misi\u00f3n y la Compa\u00f1\u00eda de las Hijas de la Caridad se extienden dentro y fuera del reino. Pero con la atrevida empresa de Madagascar cambia el tono y las perspecti\u00advas se alargan hasta el infinito. Cristano, sacerdote y misionero, san Vicente se cree responsable, hasta la angustia, <em>de toda la Iglesia, de todos los pobres del mundo.<\/em><\/p>\n<p>El 30 de agosto de 1657, le llegan malas noticias de los \u00faltimos misioneros envia\u00addos a la isla de san Lorenzo:<\/p>\n<p style=\"padding-left: 30px\">\u00abQuiz\u00e1s diga alguno de esta Compa\u00f1\u00eda que es preciso dejar Madagascar; es la carne y la sangre las que as\u00ed hablan, diciendo que no hay que enviar all\u00e1 a nadie; pero yo estoy segu\u00adro de que el esp\u00edritu habla de otro modo. \u00bfpues qu\u00e9, padres? \u00bfDejaremos all\u00ed completa\u00admente solo a nuestro buen padre Bourdaise? Estoy seguro de que la muerte de estos padres extra\u00f1ar\u00e1 a algunos&#8230; Dios llam\u00f3 a nuestros hermanos a aquel pa\u00eds, pero he aqu\u00ed que algu\u00adnos murieron por el camino,y los otros apenas llegar. Padres, ante esto es preciso bajar la cabeza y adorar los designios de Dios admirables e incomprensibles de nuestro Se\u00f1or. \u00bfNo hab\u00edan sido llamados por Dios a aquel pa\u00eds? \u00bfQuien lo duda?&#8230; La Congregaci\u00f3n de Pro\u00adpaganda Fide ha recibido poder del Papa para enviar por toda la tierra, y es la que nos ha enviado a nosotros. Pues bien, \u00bfno es esto una verdadera vocaci\u00f3n? Padres y Hermanos m\u00edos, dspu\u00e9s de saber esto, \u00bfser\u00e1 posible que seamos tan cobardes de coraz\u00f3n y tan poco hombres que abandonemos esta vi\u00f1a del Se\u00f1or, a la que nos ha llamado su divina Majes\u00adtad, solamente porque han muerto all\u00ed cuatro o cinco o seis personas? Decidme, \u00bfser\u00eda un buen ej\u00e9rcito aquel que, por haber perdido dos mil o tres mil o cinco mil hombres lo aban\u00addonase todo? \u00a1 \u00a1Bonito ser\u00eda ver un ej\u00e9rcito de ese calibre, huidizo y comod\u00f3n! Pues lo mismo hemos de decir de la Misi\u00f3n si, por haber tenido cinco o seis bajas, abandonase la obra de Dios!\u00a1 una Compa\u00f1\u00eda cobarde, apegada a la carne y a la sangre! No, yo no creo que en la Compa\u00f1\u00eda haya uno solo que tenga tan pocos \u00e1nimos y que no est\u00e9 dispuesto a ir a ocupar el lugar de los que han muerto. No dudo que la naturaleza al principio temblar\u00e1 un poco; pero en el esp\u00edritu, que es m\u00e1s valiente, dir\u00e1: \u00abAs\u00ed lo quiero; Dios me ha dado este deseo; no habr\u00e1 nada que pueda hacerme abandonar esta resoluci\u00f3n\u00bb (XI, 297-298).<\/p>\n<h2>La Iglesia&#8230; <em>Cuestiones para los intercambios<\/em><\/h2>\n<p>1. Durante los primeros a\u00f1os de su sacerdocio, san Vicente parece contemplar la Iglesia a trav\u00e9s de su jerarqu\u00eda. Era la concepci\u00f3n de la \u00e9poca. Poco a poco, el encuentro con los hombres y sobre todo los m\u00e1s pobres, lo llevar\u00e1 a percibir y a vivir profundamente el misterio de la Iglesia como Pueblo de Dios. La gran conversi\u00f3n que nos propone el Vaticano <strong>II <\/strong>va por esta misma l\u00ednea.<\/p>\n<p>Consciente o inconscientemente, tenemos algunas ideas sobre la Iglesia:<\/p>\n<ul>\n<li>frecuentemente son los otros&#8230; la jerarqu\u00eda, cuando criticamos a la Iglesia.<\/li>\n<li>a veces son las estructuras que nos molestan o nos dan seguridad.<\/li>\n<\/ul>\n<p>El encuentro con los hombres \u00bfnos hace percibir y vivir el misterio de la Iglesia como pueblo, el pueblo de Dios en marcha y al que todos los hombres son llama\u00addos?, (a partir de un hecho, de una experiencia, de un encuentro, confrontemos nues\u00adtras formas de percibir y vivir la Iglesia).<\/p>\n<p>2. \u00ab\u00a1Qu\u00e9 dicha para nosotros, los misioneros, poder verificar que el Esp\u00edritu Santo gu\u00eda a su Iglesia, trabajando como trabajamos por la instrucci\u00f3n y la san\u00adtificaci\u00f3n de los pobres\u00bb.<\/p>\n<p>Despu\u00e9s de haber confrontado nuestras formas de percibir y vivir el misterio de la Iglesia y dando a la palabra verificar el sentido fuerte que tiene en el texto de san Vicente:<\/p>\n<ul>\n<li>la Iglesia se verifica (manifiesta su verdad) mediante la evangelizaci\u00f3n de los pobres.<\/li>\n<li>nuestra Misi\u00f3n se verifica (manifiesta su verdad) mediante la evangelizaci\u00f3n de los pobres.<\/li>\n<\/ul>\n","protected":false},"excerpt":{"rendered":"<p>Presentaci\u00f3n del tema \u00abUna nueva manera de concebir al hombre\u00bb. Bajo ese t\u00edtulo hab\u00edamos ordenado los textos de san Vicente, presentados en la ficha anterior. Los hombres no son m\u00e1s que individuos, incluso cuando sufren &#8230; <a href=\"https:\/\/vincentians.com\/es\/san-vicente-de-paul-y-la-iglesia\/\" class=\"more-link\">Read More<\/a><\/p>\n","protected":false},"author":4,"featured_media":399864,"comment_status":"open","ping_status":"open","sticky":false,"template":"","format":"standard","meta":{"jetpack_post_was_ever_published":false,"_jetpack_newsletter_access":"","_jetpack_dont_email_post_to_subs":false,"_jetpack_newsletter_tier_id":0,"_jetpack_memberships_contains_paywalled_content":false,"_jetpack_memberships_contains_paid_content":false,"footnotes":"","jetpack_publicize_message":"","jetpack_publicize_feature_enabled":true,"jetpack_social_post_already_shared":true,"jetpack_social_options":{"image_generator_settings":{"template":"highway","default_image_id":0,"font":"","enabled":false},"version":2}},"categories":[17],"tags":[130,173,148,175,145,131],"class_list":["post-38162","post","type-post","status-publish","format-standard","has-post-thumbnail","hentry","category-en-tiempos-de-vicente-de-paul","tag-beauvais","tag-chatillon-les-dombes","tag-clichy","tag-folleville","tag-gannes","tag-montmirail"],"yoast_head":"<!-- This site is optimized with the Yoast SEO plugin v26.3 - https:\/\/yoast.com\/wordpress\/plugins\/seo\/ -->\n<title>San Vicente de Pa\u00fal y la Iglesia - Somos Vicencianos<\/title>\n<meta name=\"robots\" content=\"index, follow, max-snippet:-1, max-image-preview:large, max-video-preview:-1\" \/>\n<link rel=\"canonical\" href=\"https:\/\/vincentians.com\/es\/san-vicente-de-paul-y-la-iglesia\/\" \/>\n<meta property=\"og:locale\" content=\"es_ES\" \/>\n<meta property=\"og:type\" content=\"article\" \/>\n<meta property=\"og:title\" content=\"San Vicente de Pa\u00fal y la Iglesia - Somos Vicencianos\" \/>\n<meta property=\"og:description\" content=\"Presentaci\u00f3n del tema \u00abUna nueva manera de concebir al hombre\u00bb. Bajo ese t\u00edtulo hab\u00edamos ordenado los textos de san Vicente, presentados en la ficha anterior. Los hombres no son m\u00e1s que individuos, incluso cuando sufren ... Read More\" \/>\n<meta property=\"og:url\" content=\"https:\/\/vincentians.com\/es\/san-vicente-de-paul-y-la-iglesia\/\" \/>\n<meta property=\"og:site_name\" content=\"Somos Vicencianos\" \/>\n<meta property=\"article:publisher\" content=\"https:\/\/www.facebook.com\/WeAreVincentians\/\" \/>\n<meta property=\"article:author\" content=\"https:\/\/www.facebook.com\/JavierChento\" \/>\n<meta property=\"article:published_time\" content=\"2017-09-27T06:35:27+00:00\" \/>\n<meta property=\"og:image\" content=\"https:\/\/i0.wp.com\/vincentians.com\/es\/wp-content\/uploads\/sites\/11\/2016\/09\/vincentian-missionarie.jpg?fit=846%2C444&ssl=1\" \/>\n\t<meta property=\"og:image:width\" content=\"846\" \/>\n\t<meta property=\"og:image:height\" content=\"444\" \/>\n\t<meta property=\"og:image:type\" content=\"image\/jpeg\" \/>\n<meta name=\"author\" content=\"Francisco Javier Fern\u00e1ndez Chento\" \/>\n<meta name=\"twitter:card\" content=\"summary_large_image\" \/>\n<meta name=\"twitter:creator\" content=\"@https:\/\/twitter.com\/javierchento\" \/>\n<meta name=\"twitter:site\" content=\"@WeVincentians\" \/>\n<meta name=\"twitter:label1\" content=\"Escrito por\" \/>\n\t<meta name=\"twitter:data1\" content=\"Francisco Javier Fern\u00e1ndez Chento\" \/>\n\t<meta name=\"twitter:label2\" content=\"Tiempo de lectura\" \/>\n\t<meta name=\"twitter:data2\" content=\"16 minutos\" \/>\n<script type=\"application\/ld+json\" class=\"yoast-schema-graph\">{\"@context\":\"https:\/\/schema.org\",\"@graph\":[{\"@type\":\"Article\",\"@id\":\"https:\/\/vincentians.com\/es\/san-vicente-de-paul-y-la-iglesia\/#article\",\"isPartOf\":{\"@id\":\"https:\/\/vincentians.com\/es\/san-vicente-de-paul-y-la-iglesia\/\"},\"author\":{\"name\":\"Francisco Javier Fern\u00e1ndez Chento\",\"@id\":\"http:\/\/vincentians.com\/es\/#\/schema\/person\/9623ef4d9aa3b2dfb8c061f1499288f2\"},\"headline\":\"San Vicente de Pa\u00fal y la Iglesia\",\"datePublished\":\"2017-09-27T06:35:27+00:00\",\"mainEntityOfPage\":{\"@id\":\"https:\/\/vincentians.com\/es\/san-vicente-de-paul-y-la-iglesia\/\"},\"wordCount\":3175,\"commentCount\":0,\"publisher\":{\"@id\":\"http:\/\/vincentians.com\/es\/#organization\"},\"image\":{\"@id\":\"https:\/\/vincentians.com\/es\/san-vicente-de-paul-y-la-iglesia\/#primaryimage\"},\"thumbnailUrl\":\"https:\/\/i0.wp.com\/vincentians.com\/es\/wp-content\/uploads\/sites\/11\/2016\/09\/vincentian-missionarie.jpg?fit=846%2C444&ssl=1\",\"keywords\":[\"Beauvais\",\"Chatillon\",\"Clichy\",\"Folleville\",\"Gannes\",\"Montmirail\"],\"articleSection\":[\"En tiempos de Vicente de Pa\u00fal\"],\"inLanguage\":\"es\",\"potentialAction\":[{\"@type\":\"CommentAction\",\"name\":\"Comment\",\"target\":[\"https:\/\/vincentians.com\/es\/san-vicente-de-paul-y-la-iglesia\/#respond\"]}]},{\"@type\":\"WebPage\",\"@id\":\"https:\/\/vincentians.com\/es\/san-vicente-de-paul-y-la-iglesia\/\",\"url\":\"https:\/\/vincentians.com\/es\/san-vicente-de-paul-y-la-iglesia\/\",\"name\":\"San Vicente de Pa\u00fal y la Iglesia - Somos Vicencianos\",\"isPartOf\":{\"@id\":\"http:\/\/vincentians.com\/es\/#website\"},\"primaryImageOfPage\":{\"@id\":\"https:\/\/vincentians.com\/es\/san-vicente-de-paul-y-la-iglesia\/#primaryimage\"},\"image\":{\"@id\":\"https:\/\/vincentians.com\/es\/san-vicente-de-paul-y-la-iglesia\/#primaryimage\"},\"thumbnailUrl\":\"https:\/\/i0.wp.com\/vincentians.com\/es\/wp-content\/uploads\/sites\/11\/2016\/09\/vincentian-missionarie.jpg?fit=846%2C444&ssl=1\",\"datePublished\":\"2017-09-27T06:35:27+00:00\",\"breadcrumb\":{\"@id\":\"https:\/\/vincentians.com\/es\/san-vicente-de-paul-y-la-iglesia\/#breadcrumb\"},\"inLanguage\":\"es\",\"potentialAction\":[{\"@type\":\"ReadAction\",\"target\":[\"https:\/\/vincentians.com\/es\/san-vicente-de-paul-y-la-iglesia\/\"]}]},{\"@type\":\"ImageObject\",\"inLanguage\":\"es\",\"@id\":\"https:\/\/vincentians.com\/es\/san-vicente-de-paul-y-la-iglesia\/#primaryimage\",\"url\":\"https:\/\/i0.wp.com\/vincentians.com\/es\/wp-content\/uploads\/sites\/11\/2016\/09\/vincentian-missionarie.jpg?fit=846%2C444&ssl=1\",\"contentUrl\":\"https:\/\/i0.wp.com\/vincentians.com\/es\/wp-content\/uploads\/sites\/11\/2016\/09\/vincentian-missionarie.jpg?fit=846%2C444&ssl=1\",\"width\":846,\"height\":444},{\"@type\":\"BreadcrumbList\",\"@id\":\"https:\/\/vincentians.com\/es\/san-vicente-de-paul-y-la-iglesia\/#breadcrumb\",\"itemListElement\":[{\"@type\":\"ListItem\",\"position\":1,\"name\":\"Portada\",\"item\":\"http:\/\/vincentians.com\/es\/\"},{\"@type\":\"ListItem\",\"position\":2,\"name\":\"San Vicente de Pa\u00fal y la Iglesia\"}]},{\"@type\":\"WebSite\",\"@id\":\"http:\/\/vincentians.com\/es\/#website\",\"url\":\"http:\/\/vincentians.com\/es\/\",\"name\":\"Somos Vicencianos\",\"description\":\"Know more to serve more\",\"publisher\":{\"@id\":\"http:\/\/vincentians.com\/es\/#organization\"},\"potentialAction\":[{\"@type\":\"SearchAction\",\"target\":{\"@type\":\"EntryPoint\",\"urlTemplate\":\"http:\/\/vincentians.com\/es\/?s={search_term_string}\"},\"query-input\":{\"@type\":\"PropertyValueSpecification\",\"valueRequired\":true,\"valueName\":\"search_term_string\"}}],\"inLanguage\":\"es\"},{\"@type\":\"Organization\",\"@id\":\"http:\/\/vincentians.com\/es\/#organization\",\"name\":\"The Vincentian Network\",\"url\":\"http:\/\/vincentians.com\/es\/\",\"logo\":{\"@type\":\"ImageObject\",\"inLanguage\":\"es\",\"@id\":\"http:\/\/vincentians.com\/es\/#\/schema\/logo\/image\/\",\"url\":\"https:\/\/i1.wp.com\/vincentians.com\/es\/wp-content\/uploads\/sites\/11\/2016\/06\/Vincentian-Network-logo-big.png?fit=778%2C778\",\"contentUrl\":\"https:\/\/i1.wp.com\/vincentians.com\/es\/wp-content\/uploads\/sites\/11\/2016\/06\/Vincentian-Network-logo-big.png?fit=778%2C778\",\"width\":778,\"height\":778,\"caption\":\"The Vincentian Network\"},\"image\":{\"@id\":\"http:\/\/vincentians.com\/es\/#\/schema\/logo\/image\/\"},\"sameAs\":[\"https:\/\/www.facebook.com\/WeAreVincentians\/\",\"https:\/\/x.com\/WeVincentians\"]},{\"@type\":\"Person\",\"@id\":\"http:\/\/vincentians.com\/es\/#\/schema\/person\/9623ef4d9aa3b2dfb8c061f1499288f2\",\"name\":\"Francisco Javier Fern\u00e1ndez Chento\",\"image\":{\"@type\":\"ImageObject\",\"inLanguage\":\"es\",\"@id\":\"http:\/\/vincentians.com\/es\/#\/schema\/person\/image\/\",\"url\":\"https:\/\/secure.gravatar.com\/avatar\/497d5cde87b4c3d097d0315953521681ba2cd523ee66e5077c3711f7021e65de?s=96&d=mm&r=g\",\"contentUrl\":\"https:\/\/secure.gravatar.com\/avatar\/497d5cde87b4c3d097d0315953521681ba2cd523ee66e5077c3711f7021e65de?s=96&d=mm&r=g\",\"caption\":\"Francisco Javier Fern\u00e1ndez Chento\"},\"description\":\"Director General y cofundador de La Red de Formaci\u00f3n Vicenciana. Javier es laico vicenciano, afiliado a la Congregaci\u00f3n de la Misi\u00f3n y miembro del Equipo de Misiones Populares de la provincia can\u00f3nica de Zaragoza (Espa\u00f1a) de la Congregaci\u00f3n de la Misi\u00f3n. Graduado en la Universidad Oberta de Catalunya con cuatro grados (Asistente de direcci\u00f3n, Gesti\u00f3n Administrativa, Recursos Humanos y Contabilidad Avanzada). Bil\u00edng\u00fce Espa\u00f1ol\/Ingl\u00e9s. gestiona y mantiene varias p\u00e1ginas web cristianas y vicencianas, incluida including La Red de Formaci\u00f3n Vicenciana, de la que es cofundador. Actualmente es responsable del \u00e1rea de Espa\u00f1ol de .famvin, la Red de Noticias de la Familia Vicenciana. Tambi\u00e9n es m\u00fasico cat\u00f3lico y ha editado varios discos. Es Director General y cofundador de Trovador, una reconocida compa\u00f1\u00eda discogr\u00e1fica critiana de Espa\u00f1a. Trabaja en las Tecnolog\u00edas de la Informaci\u00f3n, ofreciendo servicios de alojamiento, dise\u00f1o y mantenimiento Web, as\u00ed como asesoramiento, formaci\u00f3n y soluciones inform\u00e1ticas, gesti\u00f3n documental y digitalizaci\u00f3n de textos, edici\u00f3n y maquetaci\u00f3n de libros, revistas, flyers, etc.\",\"sameAs\":[\"http:\/\/chento.org\",\"https:\/\/www.facebook.com\/JavierChento\",\"https:\/\/x.com\/https:\/\/twitter.com\/javierchento\"],\"url\":\"https:\/\/vincentians.com\/es\/author\/chento\/\"}]}<\/script>\n<!-- \/ Yoast SEO plugin. -->","yoast_head_json":{"title":"San Vicente de Pa\u00fal y la Iglesia - Somos Vicencianos","robots":{"index":"index","follow":"follow","max-snippet":"max-snippet:-1","max-image-preview":"max-image-preview:large","max-video-preview":"max-video-preview:-1"},"canonical":"https:\/\/vincentians.com\/es\/san-vicente-de-paul-y-la-iglesia\/","og_locale":"es_ES","og_type":"article","og_title":"San Vicente de Pa\u00fal y la Iglesia - Somos Vicencianos","og_description":"Presentaci\u00f3n del tema \u00abUna nueva manera de concebir al hombre\u00bb. Bajo ese t\u00edtulo hab\u00edamos ordenado los textos de san Vicente, presentados en la ficha anterior. Los hombres no son m\u00e1s que individuos, incluso cuando sufren ... Read More","og_url":"https:\/\/vincentians.com\/es\/san-vicente-de-paul-y-la-iglesia\/","og_site_name":"Somos Vicencianos","article_publisher":"https:\/\/www.facebook.com\/WeAreVincentians\/","article_author":"https:\/\/www.facebook.com\/JavierChento","article_published_time":"2017-09-27T06:35:27+00:00","og_image":[{"width":846,"height":444,"url":"https:\/\/i0.wp.com\/vincentians.com\/es\/wp-content\/uploads\/sites\/11\/2016\/09\/vincentian-missionarie.jpg?fit=846%2C444&ssl=1","type":"image\/jpeg"}],"author":"Francisco Javier Fern\u00e1ndez Chento","twitter_card":"summary_large_image","twitter_creator":"@https:\/\/twitter.com\/javierchento","twitter_site":"@WeVincentians","twitter_misc":{"Escrito por":"Francisco Javier Fern\u00e1ndez Chento","Tiempo de lectura":"16 minutos"},"schema":{"@context":"https:\/\/schema.org","@graph":[{"@type":"Article","@id":"https:\/\/vincentians.com\/es\/san-vicente-de-paul-y-la-iglesia\/#article","isPartOf":{"@id":"https:\/\/vincentians.com\/es\/san-vicente-de-paul-y-la-iglesia\/"},"author":{"name":"Francisco Javier Fern\u00e1ndez Chento","@id":"http:\/\/vincentians.com\/es\/#\/schema\/person\/9623ef4d9aa3b2dfb8c061f1499288f2"},"headline":"San Vicente de Pa\u00fal y la Iglesia","datePublished":"2017-09-27T06:35:27+00:00","mainEntityOfPage":{"@id":"https:\/\/vincentians.com\/es\/san-vicente-de-paul-y-la-iglesia\/"},"wordCount":3175,"commentCount":0,"publisher":{"@id":"http:\/\/vincentians.com\/es\/#organization"},"image":{"@id":"https:\/\/vincentians.com\/es\/san-vicente-de-paul-y-la-iglesia\/#primaryimage"},"thumbnailUrl":"https:\/\/i0.wp.com\/vincentians.com\/es\/wp-content\/uploads\/sites\/11\/2016\/09\/vincentian-missionarie.jpg?fit=846%2C444&ssl=1","keywords":["Beauvais","Chatillon","Clichy","Folleville","Gannes","Montmirail"],"articleSection":["En tiempos de Vicente de Pa\u00fal"],"inLanguage":"es","potentialAction":[{"@type":"CommentAction","name":"Comment","target":["https:\/\/vincentians.com\/es\/san-vicente-de-paul-y-la-iglesia\/#respond"]}]},{"@type":"WebPage","@id":"https:\/\/vincentians.com\/es\/san-vicente-de-paul-y-la-iglesia\/","url":"https:\/\/vincentians.com\/es\/san-vicente-de-paul-y-la-iglesia\/","name":"San Vicente de Pa\u00fal y la Iglesia - Somos Vicencianos","isPartOf":{"@id":"http:\/\/vincentians.com\/es\/#website"},"primaryImageOfPage":{"@id":"https:\/\/vincentians.com\/es\/san-vicente-de-paul-y-la-iglesia\/#primaryimage"},"image":{"@id":"https:\/\/vincentians.com\/es\/san-vicente-de-paul-y-la-iglesia\/#primaryimage"},"thumbnailUrl":"https:\/\/i0.wp.com\/vincentians.com\/es\/wp-content\/uploads\/sites\/11\/2016\/09\/vincentian-missionarie.jpg?fit=846%2C444&ssl=1","datePublished":"2017-09-27T06:35:27+00:00","breadcrumb":{"@id":"https:\/\/vincentians.com\/es\/san-vicente-de-paul-y-la-iglesia\/#breadcrumb"},"inLanguage":"es","potentialAction":[{"@type":"ReadAction","target":["https:\/\/vincentians.com\/es\/san-vicente-de-paul-y-la-iglesia\/"]}]},{"@type":"ImageObject","inLanguage":"es","@id":"https:\/\/vincentians.com\/es\/san-vicente-de-paul-y-la-iglesia\/#primaryimage","url":"https:\/\/i0.wp.com\/vincentians.com\/es\/wp-content\/uploads\/sites\/11\/2016\/09\/vincentian-missionarie.jpg?fit=846%2C444&ssl=1","contentUrl":"https:\/\/i0.wp.com\/vincentians.com\/es\/wp-content\/uploads\/sites\/11\/2016\/09\/vincentian-missionarie.jpg?fit=846%2C444&ssl=1","width":846,"height":444},{"@type":"BreadcrumbList","@id":"https:\/\/vincentians.com\/es\/san-vicente-de-paul-y-la-iglesia\/#breadcrumb","itemListElement":[{"@type":"ListItem","position":1,"name":"Portada","item":"http:\/\/vincentians.com\/es\/"},{"@type":"ListItem","position":2,"name":"San Vicente de Pa\u00fal y la Iglesia"}]},{"@type":"WebSite","@id":"http:\/\/vincentians.com\/es\/#website","url":"http:\/\/vincentians.com\/es\/","name":"Somos Vicencianos","description":"Know more to serve more","publisher":{"@id":"http:\/\/vincentians.com\/es\/#organization"},"potentialAction":[{"@type":"SearchAction","target":{"@type":"EntryPoint","urlTemplate":"http:\/\/vincentians.com\/es\/?s={search_term_string}"},"query-input":{"@type":"PropertyValueSpecification","valueRequired":true,"valueName":"search_term_string"}}],"inLanguage":"es"},{"@type":"Organization","@id":"http:\/\/vincentians.com\/es\/#organization","name":"The Vincentian Network","url":"http:\/\/vincentians.com\/es\/","logo":{"@type":"ImageObject","inLanguage":"es","@id":"http:\/\/vincentians.com\/es\/#\/schema\/logo\/image\/","url":"https:\/\/i1.wp.com\/vincentians.com\/es\/wp-content\/uploads\/sites\/11\/2016\/06\/Vincentian-Network-logo-big.png?fit=778%2C778","contentUrl":"https:\/\/i1.wp.com\/vincentians.com\/es\/wp-content\/uploads\/sites\/11\/2016\/06\/Vincentian-Network-logo-big.png?fit=778%2C778","width":778,"height":778,"caption":"The Vincentian Network"},"image":{"@id":"http:\/\/vincentians.com\/es\/#\/schema\/logo\/image\/"},"sameAs":["https:\/\/www.facebook.com\/WeAreVincentians\/","https:\/\/x.com\/WeVincentians"]},{"@type":"Person","@id":"http:\/\/vincentians.com\/es\/#\/schema\/person\/9623ef4d9aa3b2dfb8c061f1499288f2","name":"Francisco Javier Fern\u00e1ndez Chento","image":{"@type":"ImageObject","inLanguage":"es","@id":"http:\/\/vincentians.com\/es\/#\/schema\/person\/image\/","url":"https:\/\/secure.gravatar.com\/avatar\/497d5cde87b4c3d097d0315953521681ba2cd523ee66e5077c3711f7021e65de?s=96&d=mm&r=g","contentUrl":"https:\/\/secure.gravatar.com\/avatar\/497d5cde87b4c3d097d0315953521681ba2cd523ee66e5077c3711f7021e65de?s=96&d=mm&r=g","caption":"Francisco Javier Fern\u00e1ndez Chento"},"description":"Director General y cofundador de La Red de Formaci\u00f3n Vicenciana. Javier es laico vicenciano, afiliado a la Congregaci\u00f3n de la Misi\u00f3n y miembro del Equipo de Misiones Populares de la provincia can\u00f3nica de Zaragoza (Espa\u00f1a) de la Congregaci\u00f3n de la Misi\u00f3n. Graduado en la Universidad Oberta de Catalunya con cuatro grados (Asistente de direcci\u00f3n, Gesti\u00f3n Administrativa, Recursos Humanos y Contabilidad Avanzada). Bil\u00edng\u00fce Espa\u00f1ol\/Ingl\u00e9s. gestiona y mantiene varias p\u00e1ginas web cristianas y vicencianas, incluida including La Red de Formaci\u00f3n Vicenciana, de la que es cofundador. Actualmente es responsable del \u00e1rea de Espa\u00f1ol de .famvin, la Red de Noticias de la Familia Vicenciana. Tambi\u00e9n es m\u00fasico cat\u00f3lico y ha editado varios discos. Es Director General y cofundador de Trovador, una reconocida compa\u00f1\u00eda discogr\u00e1fica critiana de Espa\u00f1a. Trabaja en las Tecnolog\u00edas de la Informaci\u00f3n, ofreciendo servicios de alojamiento, dise\u00f1o y mantenimiento Web, as\u00ed como asesoramiento, formaci\u00f3n y soluciones inform\u00e1ticas, gesti\u00f3n documental y digitalizaci\u00f3n de textos, edici\u00f3n y maquetaci\u00f3n de libros, revistas, flyers, etc.","sameAs":["http:\/\/chento.org","https:\/\/www.facebook.com\/JavierChento","https:\/\/x.com\/https:\/\/twitter.com\/javierchento"],"url":"https:\/\/vincentians.com\/es\/author\/chento\/"}]}},"jetpack_publicize_connections":[],"jetpack_featured_media_url":"https:\/\/i0.wp.com\/vincentians.com\/es\/wp-content\/uploads\/sites\/11\/2016\/09\/vincentian-missionarie.jpg?fit=846%2C444&ssl=1","jetpack_sharing_enabled":true,"jetpack_shortlink":"https:\/\/wp.me\/p7ETMF-9Vw","jetpack-related-posts":[{"id":398641,"url":"https:\/\/vincentians.com\/es\/aportacion-del-carisma-vicenciano-la-mision-la-iglesia-4\/","url_meta":{"origin":38162,"position":0},"title":"Aportaci\u00f3n del carisma vicenciano a la Misi\u00f3n de la Iglesia (4)","author":"Francisco Javier Fern\u00e1ndez Chento","date":"07\/08\/2016","format":false,"excerpt":"4.- La salvaci\u00f3n de los pobres en el centro de la Misi\u00f3n de la Iglesia. San Vicente de Pa\u00fal y Santa Luisa de Marillac compartieron la misma experiencia: los pobres son los miembros de Cristo y, por tanto, de la Iglesia. En la Iglesia, Cuerpo de Cristo, los pobres ocupan\u2026","rel":"","context":"En \u00abFormaci\u00f3n Vicenciana\u00bb","block_context":{"text":"Formaci\u00f3n Vicenciana","link":"https:\/\/vincentians.com\/es\/category\/formacion-vicenciana\/"},"img":{"alt_text":"","src":"https:\/\/i0.wp.com\/vincentians.com\/es\/wp-content\/uploads\/sites\/11\/2016\/06\/contributions-charism.jpg?fit=1200%2C630&ssl=1&resize=350%2C200","width":350,"height":200,"srcset":"https:\/\/i0.wp.com\/vincentians.com\/es\/wp-content\/uploads\/sites\/11\/2016\/06\/contributions-charism.jpg?fit=1200%2C630&ssl=1&resize=350%2C200 1x, https:\/\/i0.wp.com\/vincentians.com\/es\/wp-content\/uploads\/sites\/11\/2016\/06\/contributions-charism.jpg?fit=1200%2C630&ssl=1&resize=525%2C300 1.5x, https:\/\/i0.wp.com\/vincentians.com\/es\/wp-content\/uploads\/sites\/11\/2016\/06\/contributions-charism.jpg?fit=1200%2C630&ssl=1&resize=700%2C400 2x, https:\/\/i0.wp.com\/vincentians.com\/es\/wp-content\/uploads\/sites\/11\/2016\/06\/contributions-charism.jpg?fit=1200%2C630&ssl=1&resize=1050%2C600 3x"},"classes":[]},{"id":116232,"url":"https:\/\/vincentians.com\/es\/la-fe-de-san-vicente\/","url_meta":{"origin":38162,"position":1},"title":"La Fe de san Vicente","author":"Francisco Javier Fern\u00e1ndez Chento","date":"14\/10\/2018","format":false,"excerpt":"I. San Vicente: un creyente Para abordar cualquier tema referente a San Vicente, el m\u00e9todo m\u00e1s seguro siempre es el de volver a la experiencia y al recorrido del Fundador. Por temperamento y por formaci\u00f3n, Vicente de Pa\u00fal fue siem\u00adpre un hombre que concedi\u00f3 gran importancia a la vida, al\u2026","rel":"","context":"En \u00abFormaci\u00f3n Vicenciana\u00bb","block_context":{"text":"Formaci\u00f3n Vicenciana","link":"https:\/\/vincentians.com\/es\/category\/formacion-vicenciana\/"},"img":{"alt_text":"","src":"","width":0,"height":0},"classes":[]},{"id":116865,"url":"https:\/\/vincentians.com\/es\/san-vicente-de-paul-todo-un-caracter\/","url_meta":{"origin":38162,"position":2},"title":"San Vicente de Pa\u00fal, todo un car\u00e1cter","author":"Francisco Javier Fern\u00e1ndez Chento","date":"22\/05\/2015","format":false,"excerpt":"Tal es mi fe y tal es tambi\u00e9n mi experiencia (II, 237) 1) \"San Vicente de Pa\u00fal, todo un car\u00e1cter\" es el t\u00edtulo de la traducci\u00f3n espa\u00ad\u00f1ola (1977) de la \"Verdadera Vida de san Vicente\", escrita por A. Redier en 1947. La alusi\u00f3n al aspecto psicol\u00f3gico es claro. Otros vicencianistas\u2026","rel":"","context":"En \u00abEspiritualidad vicenciana\u00bb","block_context":{"text":"Espiritualidad vicenciana","link":"https:\/\/vincentians.com\/es\/category\/espiritualidad\/espiritualidad-vicenciana\/"},"img":{"alt_text":"san vicente de paul","src":"https:\/\/i0.wp.com\/vicencianos.org\/wp-content\/2013\/01\/san-vicente-de-paul1-300x257.jpg?resize=350%2C200","width":350,"height":200},"classes":[]},{"id":387700,"url":"https:\/\/vincentians.com\/es\/la-iglesia-de-jesus\/","url_meta":{"origin":38162,"position":3},"title":"La Iglesia de Jes\u00fas","author":"Mitxel Olabu\u00e9naga","date":"23\/08\/2016","format":false,"excerpt":"Grandes y profundos cambios cient\u00edfico-t\u00e9cnicos, pol\u00edticos, econ\u00f3micos, sociales y religiosos se han producido desde el siglo XVII hasta nuestros d\u00edas, cambios semejantes y a\u00fan mayores que los originados por el paso de la Edad Media a la Moderna. Sin embargo, entre las nuevas orientaciones doctrinales y las vividas ya entonces\u2026","rel":"","context":"En \u00abEspiritualidad\u00bb","block_context":{"text":"Espiritualidad","link":"https:\/\/vincentians.com\/es\/category\/espiritualidad\/"},"img":{"alt_text":"","src":"https:\/\/i0.wp.com\/vincentians.com\/es\/wp-content\/uploads\/sites\/11\/2016\/08\/iglesia-de-los-pobres.jpg?fit=1200%2C630&ssl=1&resize=350%2C200","width":350,"height":200,"srcset":"https:\/\/i0.wp.com\/vincentians.com\/es\/wp-content\/uploads\/sites\/11\/2016\/08\/iglesia-de-los-pobres.jpg?fit=1200%2C630&ssl=1&resize=350%2C200 1x, https:\/\/i0.wp.com\/vincentians.com\/es\/wp-content\/uploads\/sites\/11\/2016\/08\/iglesia-de-los-pobres.jpg?fit=1200%2C630&ssl=1&resize=525%2C300 1.5x, https:\/\/i0.wp.com\/vincentians.com\/es\/wp-content\/uploads\/sites\/11\/2016\/08\/iglesia-de-los-pobres.jpg?fit=1200%2C630&ssl=1&resize=700%2C400 2x, https:\/\/i0.wp.com\/vincentians.com\/es\/wp-content\/uploads\/sites\/11\/2016\/08\/iglesia-de-los-pobres.jpg?fit=1200%2C630&ssl=1&resize=1050%2C600 3x"},"classes":[]},{"id":398639,"url":"https:\/\/vincentians.com\/es\/aportacion-del-carisma-vicenciano-la-mision-la-iglesia-3\/","url_meta":{"origin":38162,"position":4},"title":"Aportaci\u00f3n del carisma vicenciano a la Misi\u00f3n de la Iglesia (3)","author":"Francisco Javier Fern\u00e1ndez Chento","date":"06\/08\/2016","format":false,"excerpt":"3.- La participaci\u00f3n de los laicos, y particularmente de la mujer, en la Misi\u00f3n de los ap\u00f3stoles. Los bi\u00f3grafos de San Vicente de Pa\u00fal y de Santa Luisa de Marillac destacan su importante contribuci\u00f3n a la promoci\u00f3n de los laicos, y particularmente de la mujer, al apostolado en la Iglesia.\u2026","rel":"","context":"En \u00abFormaci\u00f3n Vicenciana\u00bb","block_context":{"text":"Formaci\u00f3n Vicenciana","link":"https:\/\/vincentians.com\/es\/category\/formacion-vicenciana\/"},"img":{"alt_text":"","src":"https:\/\/i0.wp.com\/vincentians.com\/es\/wp-content\/uploads\/sites\/11\/2016\/06\/contributions-charism.jpg?fit=1200%2C630&ssl=1&resize=350%2C200","width":350,"height":200,"srcset":"https:\/\/i0.wp.com\/vincentians.com\/es\/wp-content\/uploads\/sites\/11\/2016\/06\/contributions-charism.jpg?fit=1200%2C630&ssl=1&resize=350%2C200 1x, https:\/\/i0.wp.com\/vincentians.com\/es\/wp-content\/uploads\/sites\/11\/2016\/06\/contributions-charism.jpg?fit=1200%2C630&ssl=1&resize=525%2C300 1.5x, https:\/\/i0.wp.com\/vincentians.com\/es\/wp-content\/uploads\/sites\/11\/2016\/06\/contributions-charism.jpg?fit=1200%2C630&ssl=1&resize=700%2C400 2x, https:\/\/i0.wp.com\/vincentians.com\/es\/wp-content\/uploads\/sites\/11\/2016\/06\/contributions-charism.jpg?fit=1200%2C630&ssl=1&resize=1050%2C600 3x"},"classes":[]},{"id":398961,"url":"https:\/\/vincentians.com\/es\/vicente-paul-carta-1363-unos-sacerdotes-la-mision-san-vicente\/","url_meta":{"origin":38162,"position":5},"title":"Vicente de Pa\u00fal, Carta 1363: Unos Sacerdotes de la Misi\u00f3n a San Vicente","author":"Francisco Javier Fern\u00e1ndez Chento","date":"22\/12\/2016","format":false,"excerpt":"[1650 o enero de 1651] Ya hemos repartido los ornamentos por las iglesias, y las mantas y la ropa entre los enfermos. No podr\u00edamos decir la impresi\u00f3n que todo esto ha producido en todas estas fronteras, en donde no se habla m\u00e1s que de esta caridad. Nuestros obreros han cuidado\u2026","rel":"","context":"En \u00abEscritos de Vicente de Pa\u00fal\u00bb","block_context":{"text":"Escritos de Vicente de Pa\u00fal","link":"https:\/\/vincentians.com\/es\/category\/escritos\/escritos-de-vicente-de-paul\/"},"img":{"alt_text":"","src":"https:\/\/i0.wp.com\/vincentians.com\/es\/wp-content\/uploads\/sites\/11\/2016\/07\/escritos-vicente-de-paul.jpg?fit=1200%2C630&ssl=1&resize=350%2C200","width":350,"height":200,"srcset":"https:\/\/i0.wp.com\/vincentians.com\/es\/wp-content\/uploads\/sites\/11\/2016\/07\/escritos-vicente-de-paul.jpg?fit=1200%2C630&ssl=1&resize=350%2C200 1x, https:\/\/i0.wp.com\/vincentians.com\/es\/wp-content\/uploads\/sites\/11\/2016\/07\/escritos-vicente-de-paul.jpg?fit=1200%2C630&ssl=1&resize=525%2C300 1.5x, https:\/\/i0.wp.com\/vincentians.com\/es\/wp-content\/uploads\/sites\/11\/2016\/07\/escritos-vicente-de-paul.jpg?fit=1200%2C630&ssl=1&resize=700%2C400 2x, https:\/\/i0.wp.com\/vincentians.com\/es\/wp-content\/uploads\/sites\/11\/2016\/07\/escritos-vicente-de-paul.jpg?fit=1200%2C630&ssl=1&resize=1050%2C600 3x"},"classes":[]}],"_links":{"self":[{"href":"https:\/\/vincentians.com\/es\/wp-json\/wp\/v2\/posts\/38162","targetHints":{"allow":["GET"]}}],"collection":[{"href":"https:\/\/vincentians.com\/es\/wp-json\/wp\/v2\/posts"}],"about":[{"href":"https:\/\/vincentians.com\/es\/wp-json\/wp\/v2\/types\/post"}],"author":[{"embeddable":true,"href":"https:\/\/vincentians.com\/es\/wp-json\/wp\/v2\/users\/4"}],"replies":[{"embeddable":true,"href":"https:\/\/vincentians.com\/es\/wp-json\/wp\/v2\/comments?post=38162"}],"version-history":[{"count":2,"href":"https:\/\/vincentians.com\/es\/wp-json\/wp\/v2\/posts\/38162\/revisions"}],"predecessor-version":[{"id":400398,"href":"https:\/\/vincentians.com\/es\/wp-json\/wp\/v2\/posts\/38162\/revisions\/400398"}],"wp:featuredmedia":[{"embeddable":true,"href":"https:\/\/vincentians.com\/es\/wp-json\/wp\/v2\/media\/399864"}],"wp:attachment":[{"href":"https:\/\/vincentians.com\/es\/wp-json\/wp\/v2\/media?parent=38162"}],"wp:term":[{"taxonomy":"category","embeddable":true,"href":"https:\/\/vincentians.com\/es\/wp-json\/wp\/v2\/categories?post=38162"},{"taxonomy":"post_tag","embeddable":true,"href":"https:\/\/vincentians.com\/es\/wp-json\/wp\/v2\/tags?post=38162"}],"curies":[{"name":"wp","href":"https:\/\/api.w.org\/{rel}","templated":true}]}}