{"id":37523,"date":"2013-11-27T05:05:32","date_gmt":"2013-11-27T04:05:32","guid":{"rendered":"http:\/\/somos.vicencianos.org\/?p=37523"},"modified":"2016-07-26T17:29:07","modified_gmt":"2016-07-26T15:29:07","slug":"apariciones-de-la-virgen-maria-a-sor-catalina-laboure","status":"publish","type":"post","link":"https:\/\/vincentians.com\/es\/apariciones-de-la-virgen-maria-a-sor-catalina-laboure\/","title":{"rendered":"Apariciones de la Virgen Mar\u00eda a sor Catalina Labour\u00e9"},"content":{"rendered":"<h2><strong>Apariciones de la Virgen Mar\u00eda. \u00abLa Virgen de la Medalla Milagrosa\u00bb<\/strong><\/h2>\n<p><strong><a href=\"https:\/\/i0.wp.com\/vicencianos.org\/wp-content\/2011\/05\/medalla_milagrosa.jpg\"><img data-recalc-dims=\"1\" loading=\"lazy\" decoding=\"async\" class=\"alignright size-medium wp-image-37524\" title=\"medalla_milagrosa\" alt=\"\" src=\"https:\/\/i0.wp.com\/vicencianos.org\/wp-content\/2011\/05\/medalla_milagrosa-269x300.jpg?resize=269%2C300\" width=\"269\" height=\"300\" \/><\/a>La Virgen Mar\u00eda<\/strong><strong> se aparece en 1830 a una joven postulante a noviciado en el convento de la Rue de Bac, iniciando una era de apariciones que permiten catalogar a los tiempos desde all\u00ed en adelante como una verdadera era Mariana universal. Se hab\u00edan producido diversas apariciones en los siglos previos: la primera fue la Virgen del Pilar en Espa\u00f1a, con Mar\u00eda a\u00fan viva en la tierra, al ap\u00f3stol Santiago, y luego muchas otras en distintos lugares y momentos. Pero la cantidad e importancia de lo que ocurri\u00f3 desde la Medalla Milagrosa en adelante marcaron el inicio de los tiempos de Mar\u00eda como Capitana de sus fieles hijos enamorados. <\/strong><\/p>\n<p>La Hermana Catalina de Labour\u00e9 hab\u00eda luchado muchos a\u00f1os, desde ni\u00f1a, para realizar su sue\u00f1o de ingresar a un convento y consagrarse a la vida religiosa. La temprana muerte de su madre la llev\u00f3 a entregar todo su amor de hija a la Madre de Dios. Enfrent\u00f3 tremenda oposici\u00f3n de su padre, vivi\u00f3 humildemente y con una escasa educaci\u00f3n, esperando con paciencia que Dios haga Su Voluntad en su vida. San Vicente de Pa\u00fal obr\u00f3 entonces un milagro: en un sue\u00f1o le marc\u00f3 a Catalina el camino a seguir, sin que ella llegue a reconocer en ese momento quien era el sacerdote que le hablaba as\u00ed. Despu\u00e9s de varios a\u00f1os, reconoci\u00f3 en su llegada al convento de la Rue de Bac al patrono de la orden de las Hijas de la Caridad en un retrato: San Vicente de Pa\u00fal, muerto algunos siglos antes, era el sacerdote que se hab\u00eda presentado en sus sue\u00f1os.<\/p>\n<p>Segura a partir de all\u00ed de que estaba realizando la Voluntad de Dios, Catalina vivi\u00f3 desde sus primeros meses en el convento la Presencia M\u00edstica de Jes\u00fas: durante la Eucarist\u00eda El se presentaba a Catalina con ornamentos de Rey, pero mostrando los agravios que el mundo le realizaba a pesar de Su Divinidad. Catalina s\u00f3lo confi\u00f3 a su confesor sus visiones, manteniendo el secreto de las revelaciones que recib\u00eda hasta el final de su vida. Pero ella secretamente a\u00f1oraba la Presencia M\u00edstica de su amad\u00edsima Madre Celestial. Ante sus insistentes ruegos, en la noche del 18 de julio de 1830 un \u00e1ngel se presenta a Catalina y la conduce a ver a la Virgen Mar\u00eda, quien se le manifiesta esplendorosa en la capilla del convento. Dialogan durante m\u00e1s de dos horas, y all\u00ed la Madre de Dios gu\u00eda amorosamente a Catalina hacia la obra que le encomienda.<\/p>\n<p>Sucesivas revelaciones le indican la necesidad de difundir una Medalla por todo el mundo. Catalina revela el pedido a su confesor, quien sin el conocimiento de Catalina lucha y logra que la Medalla se dise\u00f1e y se difunda. La impresionante cantidad de milagros que se generan a partir de all\u00ed hacen que la Medalla Milagrosa sea distribuida en millones de copias por muchos pa\u00edses, sin que nadie pueda conocer el nombre de la vidente que recibi\u00f3 tan noble encargo. Catalina, en absoluta humildad, vivi\u00f3 en silencio y trabajo permanente toda su vida, hasta que una muerte apacible la llev\u00f3 a los brazos de su Madre Celestial por siempre. El mundo conoci\u00f3 entonces el nombre de la vidente que tuvo la gracia de recibir a la Virgen en la Rue de Bac: Catalina fue canonizada como Santa Catalina de Labour\u00e9, mientras su cuerpo milagrosamente incorrupto a\u00fan en la actualidad, es expuesto en Par\u00eds ante la admiraci\u00f3n de las multitudes que la visitan.<\/p>\n<p><strong>La vida de Santa Catalina de Labour\u00e9 fue de una simplicidad y humildad extrema, oculta totalmente de la vista de los hombres y de las cosas del mundo. Sin embargo ella vivi\u00f3 en silencio la Presencia permanente de Jes\u00fas, Mar\u00eda, los \u00e1ngeles y los santos, que la regocijaban con la promesa de la vida en la Patria Celestial. Catalina se entreg\u00f3 totalmente a la Voluntad de Dios, y ese fue su secreto: la obediencia total, a\u00fan sin entender, la humildad total aceptando el sufrimiento como parte del plan de Dios.<\/strong><\/p>\n<p><em><strong>Admiremos una de las obras m\u00e1s importantes de Dios en nuestros tiempos: la Medalla Milagrosa es una imagen y un mensaje que nos rodea, por Gracia Divina. Mar\u00eda merece todo nuestro amor de hijos, y este amor se alimenta con el conocimiento de la Presencia de Ella entre sus almas elegidas, como la sencilla y humilde Catalina.<\/strong><\/em><\/p>\n<h2><strong>\u00bfEl momento?<\/strong><\/h2>\n<p>El siglo XIX es un momento de cambio para la humanidad. Despu\u00e9s del impacto de la revoluci\u00f3n francesa, el individuo y sus derechos empezaron a ponerse por encima de la necesidad de tener como referencia permanente a Dios. El crecimiento del respeto por la persona (un objetivo digno, en si mismo) trajo lamentablemente aparejada una tendencia hacia el materialismo, el individualismo y toda forma de mejora de la calidad de vida de las personas. Esto hizo crecer el deseo de gozar en esta vida, y olvidar o relegar los sue\u00f1os de alcanzar la verdadera felicidad en el Reino de Dios.<\/p>\n<p><em><strong>Mar\u00eda acompa\u00f1\u00f3 siempre la historia de la humanidad con sus apariciones, y cuando el hombre m\u00e1s se alej\u00f3 de Dios, m\u00e1s se hizo presente Su Madre, como ocurre en nuestros tiempos.<\/strong><\/em><\/p>\n<h2><strong>\u00bfEl lugar?<\/strong><\/h2>\n<p>Francia es un pa\u00eds elegido por la Virgen, ya que all\u00ed se han desarrollado muchas de las apariciones m\u00e1s trascendentes: La Medalla Milagrosa, Lourdes y La Salette. Y esta trilog\u00eda ha ocurrido en una sucesi\u00f3n de pocas d\u00e9cadas a partir de lo ocurrido en la Rue de Bac.<\/p>\n<p><em><strong>Evidentemente Dios considera a esta tierra un lugar especial, ya que a la protecci\u00f3n que le concedi\u00f3 a trav\u00e9s de Santa Juana de Arco, San Juan Bautista Vianney, Santa Mar\u00eda Margarita Alacoque y San Vicente de Paul, a\u00f1adi\u00f3 la Presencia impactante de Su propia Madre con im\u00e1genes y mensajes que hoy en d\u00eda pueblan las iglesias y la fe de quienes buscan la puerta del Reino.<\/strong><\/em><\/p>\n<h2><strong>\u00bfLa vidente?<\/strong><\/h2>\n<p>El 2 de mayo de 1806 nace Catalina Labour\u00e9, de sobrenombre Zo\u00e9, en el pueblito de Fain-les-Moutiers, en la Borgo\u00f1a. Su padre, que era campesino y tambi\u00e9n alcalde del pueblo, era un hombre rudo, trabajador, taciturno, autoritario, profundamente honrado y cristiano, adem\u00e1s de tener una frustrada vocaci\u00f3n sacerdotal sobre sus espaldas. Su madre, Luisa Magdalena Gontard, era una mujer profundamente cristiana, llena de fe y piedad. Dios bendijo este matrimonio, del cual nacieron 17 hijos: siete murieron a una temprana edad, sobrevivieron solamente diez: 7 varones y 3 ni\u00f1as. Catalina era la novena.<\/p>\n<p>De su virtuosa madre recibi\u00f3 una s\u00f3lida piedad y un gran amor al trabajo bien hecho, que fue su caracter\u00edstica toda la su vida. Catalina no pudo acudir al colegio, por lo que no pudo aprender a leer y escribir sino hasta una edad adulta. La madre de Catalina muri\u00f3 cuando ella ten\u00eda 9 a\u00f1os, por lo que a partir de ese momento ella decidi\u00f3 adoptar a la Madre de Dios como su madre. Con el tiempo, Catalina debi\u00f3 adoptar el rol de mam\u00e1 de sus hermanos, ya que su hermana mayor ingres\u00f3 en un convento para consagrarse como Religiosa. As\u00ed se transform\u00f3 en una silenciosa trabajadora rural, pero con gran esfuerzo acud\u00eda caminando varios kil\u00f3metros al d\u00eda a recibir la Eucarist\u00eda. Su vida era trabajo, oraci\u00f3n, ayuno en entrega al Se\u00f1or, y todo en el m\u00e1s absoluto silencio, signo de su humildad. Catalina desarrollaba en su interior el deseo de consagrarse al Se\u00f1or, pero no ve\u00eda como podr\u00eda enfrentar a su padre en semejante decisi\u00f3n.<\/p>\n<p><em><strong>Dios pone pruebas en nuestro camino, como a Catalina. Pero no lo hace porque no nos ame, sino todo lo contrario, lo hace porque nos ama infinitamente. El sabe que nuestra alma es como un metal que debe ser templado a trav\u00e9s del fuego de la adversidad. El quiere vernos triunfar, para llegar as\u00ed a ser almas puras y dignas de estar en Su Presencia.<\/strong><\/em><\/p>\n<h2><strong>El sue\u00f1o de Catalina<\/strong><strong><br \/>\n<\/strong><\/h2>\n<p>Cierto d\u00eda Catalina tuvo un sue\u00f1o extra\u00f1o. Se ve\u00eda en la Iglesia de Fain-les-Moutiers, en su lugar acostumbrado, mientras un sacerdote desconocido celebraba la misa. El ten\u00eda una mirada suave y profunda. Terminada la misa el sacerdote se dio vuelta, y mir\u00e1ndola insistentemente, le hizo una se\u00f1al para que se acercara. Pero ella, asustada escap\u00f3. De regreso de la misa (siempre en su sue\u00f1o), Catalina se detiene en una pobre casa para visitar a una enferma. Entra y, \u00a1qu\u00e9 sorpresa!: el sacerdote desconocido se encuentra ah\u00ed, junto a la enferma, y dirigi\u00e9ndose a ella, le dice: <em>\u00abes bueno, hija m\u00eda visitar a los enfermos. Hoy, usted se me escapa: pero, un d\u00eda vendr\u00e1 hacia m\u00ed. Sepa que Dios tiene designios sobre usted. No lo olvide\u00bb.<\/em> Catalina, una vez despierta, se llena de alegr\u00eda sin poderse explicar el por qu\u00e9. Y se pregunta el significado de este curioso sue\u00f1o y el misterioso personaje, sin encontrar explicaci\u00f3n alguna.<\/p>\n<p><em><strong>Dios utiliz\u00f3 a San Vicente de Pa\u00fal para enviar un mensaje a una de sus elegidos, Catalina. Muchas veces el Cielo se sirve de \u00e1ngeles y santos para hablarnos, a trav\u00e9s de sus im\u00e1genes o del conocimiento de sus vidas. Conocer a los siervos de Dios es acercarse a Dios.<\/strong><\/em><\/p>\n<h2><strong>La vocaci\u00f3n de Catalina<\/strong><strong><br \/>\n<\/strong><\/h2>\n<p>A los 22 a\u00f1os Catalina decide enfrentar a su padre en el pedido de ingresar como postulante al convento de las Hermanas de la Caridad. El padre, contrariado, se neg\u00f3 fuertemente pese a los argumentos y ruegos de Catalina. Ella obedeci\u00f3, como toda su vida. Pero una tristeza la invade, para frustraci\u00f3n de su padre. Con el sue\u00f1o de que Catalina encuentre marido en Par\u00eds, la env\u00eda a trabajar all\u00ed al restaurante de un hermano mayor. Catalina llega as\u00ed a Par\u00eds, donde lejos de buscar novio se inclin\u00f3 a\u00fan m\u00e1s a sus deseos de una vida consagrada a Jes\u00fas. Con la ayuda de sus hermanos Catalina ingresa a un instituto de educaci\u00f3n donde aprende a leer y escribir, pero viviendo en rechazo a la forma de vida de las dem\u00e1s j\u00f3venes parisinas. Humillada a diario por ser una campesina ignorante, esto no hace m\u00e1s que reafirmar su fe y confianza en la Voluntad Divina.<\/p>\n<h2><strong>La gran sorpresa<\/strong><strong><br \/>\n<\/strong><\/h2>\n<p>Un d\u00eda Catalina descubre que cerca de donde viv\u00eda, en Par\u00eds, hab\u00eda una casa de las Hermanas de la Caridad: de inmediato decide ir a llamar a la puerta del convento de la Rue de Bac. Mientras aguarda que la atiendan, observa un cuadro en la recepci\u00f3n que llama su atenci\u00f3n: un anciano sacerdote la mira con bondad. Catalina lo reconoce sin vacilar: es el sacerdote que hab\u00eda visto en su sue\u00f1o, y que le hac\u00eda se\u00f1as. Entonces recuerda lo que le hab\u00eda dicho: <em>\u00abHoy, usted se me escapa, pero, un d\u00eda usted vendr\u00e1 hac\u00eda m\u00ed. Sepa, hija m\u00eda, que Dios tiene designios sobre usted\u00bb. <\/em>Se puede adivinar la emoci\u00f3n de Catalina. Cuando lleg\u00f3 la madre superiora, le pregunt\u00f3: <em>\u00abOh, perd\u00f3n, madre m\u00eda&#8230;Por favor, \u00bfPuede decirme qui\u00e9n es ese anciano?. \u00ab\u00a1Pero&#8230; es nuestro Padre San Vicente de Pa\u00fal&#8230; nuestro fundador!\u00bb,<\/em> le contest\u00f3 la superiora. La sorpresa dej\u00f3 a Catalina sin palabras. De repente, lo hab\u00eda comprendido todo: Dios la llamaba a ser Hija de la Caridad.<\/p>\n<p>El pap\u00e1 de Catalina fue convencido, con la insistencia del resto de sus hijos, de permitir el desarrollo de la vocaci\u00f3n de Zo\u00e9. As\u00ed ella ingres\u00f3 al convento de la Rue de Bac, en Par\u00eds.<\/p>\n<h2><strong>Presencia de Jes\u00fas en la vida de Catalina<\/strong><strong><br \/>\n<\/strong><\/h2>\n<p>Durante los nueve primeros meses de su noviciado en la Rue du Bac, Catalina tuvo tambi\u00e9n la gracia especial de ver todos los d\u00edas al Se\u00f1or en el Sant\u00edsimo Sacramento.<\/p>\n<p>El domingo de la Sant\u00edsima Trinidad, 6 de junio de 1830, el Se\u00f1or se mostr\u00f3 durante el evangelio de la misa como un Rey, con una Cruz en el pecho. De pronto, los ornamentos reales de Jes\u00fas cayeron por tierra, lo mismo que la Cruz, como unos despojos desperdiciables. <em>\u00abInmediatamente &#8211; escribi\u00f3 sor Catalina &#8211; tuve las ideas m\u00e1s negras y terribles: que el Rey de la tierra estaba perdido y ser\u00eda despojado de sus vestiduras reales. S\u00ed, se acercaban cosa malas\u00bb.<\/em> Pero Catalina guardaba un anhelo en su coraz\u00f3n: ver a la Virgen Mar\u00eda, su amada Madre. Y as\u00ed oraba pidiendo se le conceda esa gracia.<\/p>\n<p>Mientras tanto ella se limitaba a contarle estas visiones a su confesor, quien fastidiado le indicaba que no deb\u00eda pretender tener tales gracias siendo tan solo una poco preparada novicia.<\/p>\n<h2><strong>La primera aparici\u00f3n de la Madre de Dios<\/strong><strong> <\/strong><\/h2>\n<p>El domingo 18 de Julio 1830 todo era silencio en la sala donde dorm\u00eda Sor Catalina. Cerca de la medianoche escuch\u00f3 que por tres veces la llamaban por su nombre. Se despert\u00f3 y vio un ni\u00f1o vestido de blanco, que parec\u00eda tener como cuatro o cinco a\u00f1os, el cual le dijo: <em>\u00abLev\u00e1ntate pronto y ven a la capilla. La Sant\u00edsima Virgen te espera\u00bb. <\/em><\/p>\n<p>Sor Catalina vacila, teme ser notada de las otras novicias. Pero el ni\u00f1o responde a su preocupaci\u00f3n interior y le dice: \u00abNo temas, es casi medianoche y todas duermen muy bien. Ven, yo te aguardo\u00bb. Vestida Sor Catalina, el ni\u00f1o comienza a andar, y ella lo sigue. Por donde quiera que ellas pasaban, las luces se encend\u00edan. El cuerpo del ni\u00f1o irradiaba vivos resplandores y a su paso todo quedaba iluminado. Al llegar a la puerta de la capilla el ni\u00f1o toca la puerta con su dedito y aquella se abri\u00f3 al instante. Dice Catalina: <em>\u00abMi sorpresa fue m\u00e1s completa cuando, al entrar a la capilla, vi encendidas todas las velas y los cirios, lo que me recordaba la Misa de medianoche\u00bb.<\/em> El ni\u00f1o la llev\u00f3 al presbiterio, junto al sill\u00f3n destinado al Director, donde sol\u00eda predicar a las Hijas de la Caridad, y all\u00ed se puso de rodillas, y el ni\u00f1o permaneci\u00f3 de pie todo el tiempo al lado derecho. La espera le pareci\u00f3 muy larga, ya que con ansia deseaba ver a la Virgen.<\/p>\n<h2><strong>El majestuoso ingreso de la Virgen Mar\u00eda<\/strong><strong> <\/strong><\/h2>\n<p>Por fin el ni\u00f1o le dijo: <em>\u00abVed aqu\u00ed a la Virgen, vedla aqu\u00ed\u00bb. <\/em>Sor Catalina oy\u00f3 como un rumor, como el roce de un traje de seda, que part\u00eda del lado de la tribuna, junto al cuadro de San Jos\u00e9. Vio que una se\u00f1ora de extremada belleza, atravesaba majestuosamente el presbiterio, <em>\u00abfue a sentarse en un sill\u00f3n sobre las gradas del altar mayor, al lado del Evangelio\u00bb.<\/em> Sor Catalina en el fondo de su coraz\u00f3n dudaba si verdaderamente estaba o no en presencia de la Reina de los Cielos, pero el ni\u00f1o le dijo: \u00ab<em>Mira a la Virgen\u00bb.<\/em> Le era casi imposible describir lo que experimentaba en aquel instante, lo que pas\u00f3 dentro de ella, y le parec\u00eda que no ve\u00eda a la Sant\u00edsima Virgen. Entonces el ni\u00f1o le habl\u00f3, no como ni\u00f1o, sino como un hombre muy en\u00e9rgico y con palabras muy fuertes: <em>\u00ab\u00bfPor ventura no puede la Reina de los Cielos aparecerse a una pobre criatura mortal en la forma que m\u00e1s le agrade? Entonces, mirando a la Virgen, me puse en un instante a su lado, me arrodill\u00e9 en el presbiterio, con las manos apoyadas en las rodillas de la Sant\u00edsima Virgen. Mar\u00eda era la misma de Nazaret, no con un cuerpo de luz y de gloria, sino viva, humana. Y Mar\u00eda era tal como en Nazaret, cuando hablaba familiarmente con Jes\u00fas, y ahora lo hacia con Catalina, dulcemente, como se habla a un ni\u00f1o. All\u00ed pas\u00e9 los momentos m\u00e1s dulces de mi vida, me ser\u00eda imposible decir lo que sent\u00ed. Ella me dijo c\u00f3mo deb\u00eda portarme con mi director espiritual, la manera de comportarme en las penas y acudir (mostr\u00e1ndome con la mano izquierda) a arrojarme al pie del altar y desahogar all\u00ed mi coraz\u00f3n, pues all\u00ed recibir\u00eda todos los consuelos de que tuviera necesidad. Entonces le pregunt\u00e9 que significaban las cosas que yo hab\u00eda visto, y ella me lo explic\u00f3 todo\u00bb. <\/em><\/p>\n<p>Fueron muchas las confidencias que Sor Catalina recibi\u00f3 de los labios de Mar\u00eda Sant\u00edsima, pero jam\u00e1s podremos conocerlas todas, porque respecto a algunas de ellas le fue impuesto el m\u00e1s absoluto secreto. Pero si sabemos que le confi\u00f3 una misi\u00f3n especial:<\/p>\n<p><em>\u00abDios quiere confiarte una misi\u00f3n. Te costara trabajo, pero lo vencer\u00e1s pensando que lo haces para la gloria de Dios. Tu conocer\u00e1s cuan bueno es Dios. Tendr\u00e1s que sufrir hasta que lo digas a tu director. No te faltar\u00e1n contradicciones, m\u00e1s te asistir\u00e1 la gracia, no temas. H\u00e1blale a tu director con confianza y sencillez, ten confianza, no temas. Ver\u00e1s ciertas cosas, d\u00edselas. Recibir\u00e1s inspiraciones en la oraci\u00f3n\u00bb.<\/em><\/p>\n<p>Luego Mar\u00eda le realiz\u00f3 profec\u00edas sobre lo iba a acontecer en Francia en las siguientes d\u00e9cadas y tambi\u00e9n en la comunidad religiosa que ella integraba. Todas estas profec\u00edas se cumplieron de forma de dar confianza a su director espiritual, quien fue el encargado de difundir la obra de Mar\u00eda encomendada a Catalina. La Virgen, despu\u00e9s de estar con ella unas dos horas, desaparece de la vista de Sor Catalina como una sombra que se desvanece.<\/p>\n<p><em><strong>Es maravilloso escuchar de la boca de Santa Catalina estos relatos: el sonido del roce del vestido de Mar\u00eda permite imaginarla como una hermosa mujer, una Reina que se presenta a sus hijos para ponerlos bajo su Manto Celestial, para enamorarlos con su belleza y pureza infinitas.<\/strong><\/em><\/p>\n<h2><strong>Segunda aparici\u00f3n de la Virgen Mar\u00eda.<\/strong><\/h2>\n<p>La tarde el 27 de noviembre de 1830, estaba Sor Catalina haciendo su meditaci\u00f3n en la capilla cuando le pareci\u00f3 o\u00edr el roce de un traje de seda, que le hizo recordar la aparici\u00f3n anterior.<\/p>\n<p>Aparece as\u00ed por segunda vez la Virgen Sant\u00edsima, vestida de blanco con mangas largas y t\u00fanica cerrada hasta el cuello. Cubr\u00eda su cabeza un velo blanco que sin ocultar su figura ca\u00eda por ambos lados hasta los pies. Cuando Catalina quiso describir su rostro solo acert\u00f3 a decir que era la Virgen Mar\u00eda en su mayor belleza. Sus pies posaban sobre un globo blanco, del que \u00fanicamente se ve\u00eda la parte superior, y aplastaban una serpiente verde con pintas amarillas. Sus manos elevadas a la altura del coraz\u00f3n sosten\u00edan otro globo peque\u00f1o de oro, coronado por una Crucecita. La Sant\u00edsima Virgen manten\u00eda una actitud suplicante, como ofreciendo el globo. A veces miraba al Cielo y a veces a la tierra. De pronto sus dedos se llenaron de anillos adornados con piedras preciosas que brillaban y derramaban su luz en todas direcciones, circund\u00e1ndola en este momento de tal claridad, que no era posible verla. Mar\u00eda ten\u00eda tres anillos en cada dedo: el m\u00e1s grueso junto a la mano, uno de tama\u00f1o mediano en el medio, y uno m\u00e1s peque\u00f1o en la extremidad. De las piedras preciosas de los anillos sal\u00edan los rayos, que se alargaban hacia abajo y llenaban toda la parte baja. Catalina observ\u00f3 que algunos anillos ten\u00edan piedras preciosas que lanzaban luces m\u00e1s fuertes, mientras otros apenas emit\u00edan luz. Mientras Sor Catalina contemplaba a la Virgen, ella la mir\u00f3 y dijo a su coraz\u00f3n: <em>\u00abEste globo que ves (a los pies de la Virgen) representa al mundo entero, especialmente Francia y a cada alma en particular. Estos rayos simbolizan las gracias que yo derramo sobre los que las piden. Las perlas que no emiten rayos son las gracias de las almas que no piden\u00bb.<\/em><\/p>\n<p>Con este mensaje claramente Mar\u00eda nos invita no solo a orarle, sino a pedirle permanentemente sus gracias. Tambi\u00e9n con estas palabras la Virgen se da a conocer como la mediadora de las gracias que nos vienen de Jesucristo. El globo de oro (la riqueza de gracias) se desvaneci\u00f3 de entre las manos de la Virgen. Sus brazos se extendieron abiertos, mientras los rayos de luz que sal\u00edan de sus anillos segu\u00edan cayendo sobre el globo blanco de sus pies.<\/p>\n<h2><strong>La Medalla Milagrosa<\/strong><strong> <\/strong><\/h2>\n<p>En este momento se apareci\u00f3 una forma ovalada en torno a la Virgen y en el borde interior apareci\u00f3 escrita la siguiente invocaci\u00f3n: <strong>\u00abMar\u00eda sin pecado concebida, ruega por nosotros, que acudimos a ti\u00bb.<\/strong> Estas palabras formaban un semic\u00edrculo que comenzaba a la altura de la mano derecha, pasaba por encima de la cabeza de la Sant\u00edsima Virgen, terminando a la altura de la mano izquierda. Oy\u00f3 de nuevo la voz en su interior:<\/p>\n<p><em>\u00abHaz que se acu\u00f1e una medalla seg\u00fan este modelo. Todos cuantos la lleven puesta recibir\u00e1n grandes gracias. Las gracias ser\u00e1n m\u00e1s abundantes para los que la lleven con confianza\u00bb.<\/em><\/p>\n<p>La aparici\u00f3n, entonces, dio media vuelta y quedo formado en el mismo lugar el reverso de la medalla. En \u00e9l aparec\u00eda una M, sobre la cual hab\u00eda una Cruz descansando sobre una barra, la cual atravesaba la letra hasta un tercio de su altura, y debajo los Corazones de Jes\u00fas y de Mar\u00eda, de los cuales el primero estaba circundado de una corona de espinas, y el segundo traspasado por una espada. En torno hab\u00eda doce estrellas. La misma aparici\u00f3n se repiti\u00f3, con las mismas circunstancias, hacia el fin de diciembre de 1830 y a principios de enero de 1831. La Virgen dijo a Catalina: \u00abEn adelante, ya no ver\u00e1s, hija m\u00eda. Pero oir\u00e1s mi voz en la oraci\u00f3n\u00bb.<\/p>\n<p><em><strong>En el anverso de la Medalla, la M de Mar\u00eda sostiene la Cruz de Cristo, mientras que el Sagrado Coraz\u00f3n de Jes\u00fas est\u00e1 junto al Inmaculado Coraz\u00f3n de Mar\u00eda. Se empieza con esta imagen a plantear el quinto dogma de Fe Mariana: Mar\u00eda como Corredentora, Abogada y Medianera. Mar\u00eda, inseparable de Jes\u00fas, nos muestra que Ella sufri\u00f3 m\u00edsticamente lo que Su Hijo sufri\u00f3 f\u00edsica y m\u00edsticamente tambi\u00e9n. En Amsterdam a partir de 1945 y en Akita, Jap\u00f3n, desde 1973, Mar\u00eda consolid\u00f3 este pedido a la iglesia: la aprobaci\u00f3n del quinto dogma de Fe Mariana: Mar\u00eda como Corredentora, Abogada y Medianera. Este pedido a\u00fan no fue satisfecho, pero quienes amamos a Mar\u00eda esperamos pacientemente que se cierre de este modo el c\u00edrculo de los cinco dogmas Marianos, tal como Ella lo pide.<\/strong><\/em><\/p>\n<h2><strong>La difusi\u00f3n de la Medalla Milagrosa<\/strong><strong><br \/>\n<\/strong><\/h2>\n<p>Catalina solo relat\u00f3 estas experiencias a su confesor y director espiritual, el Padre Aladel. El siempre le manifest\u00f3 un gran escepticismo y gui\u00f3 a Catalina hacia un silencio profundo sobre estos hechos, al igual que la Virgen le hab\u00eda solicitado. Sin embargo, el Padre Aladel observaba que Catalina era la m\u00e1s inculta, la m\u00e1s humilde y la m\u00e1s trabajadora de todas las novicias, por lo que en su coraz\u00f3n crec\u00eda la convicci\u00f3n de que la Presencia de Mar\u00eda en la Rue de Bac era cierta. Tambi\u00e9n empez\u00f3 a notar que las profec\u00edas que la Virgen le realiz\u00f3 a Catalina empezaron a realizarce a su alrededor. Sin dec\u00edrselo jam\u00e1s a Catalina, \u00e9l convenci\u00f3 entonces al Obispo de realizar el cu\u00f1o de la Medalla e iniciar su difusi\u00f3n en Par\u00eds. Fue tan masivo el desarrollo de milagros a trav\u00e9s de la Medalla que su fama corri\u00f3 r\u00e1pidamente a trav\u00e9s del mundo, multiplic\u00e1ndose su distribuci\u00f3n a fuerza de testimonios. Uno de los milagros m\u00e1s conocidos ocurri\u00f3 a un conocido banquero y abogado jud\u00edo, Alfonso Ratisbone. El odiaba a los cat\u00f3licos desde que su hermano se convirti\u00f3 y orden\u00f3 sacerdote. En medio de una de las habituales discusiones que sol\u00eda tener contra el Catolicismo, le entregaron una Medalla que \u00e9l acept\u00f3 llevar s\u00f3lo para demostrar que no ten\u00eda temor de usarla. Dos d\u00edas despu\u00e9s y de modo totalmente casual, se encuentra esperando a un amigo en la puerta de una iglesia en Roma. No resistiendo la tentaci\u00f3n ingresa a ella, y all\u00ed recibe la aparici\u00f3n de la Madre de Dios que reafirma a trav\u00e9s de \u00e9l la verdad de Su Medalla.<\/p>\n<p>La fama sobre el bautismo y conversi\u00f3n del banquero Ratisbone dio la vuelta al mundo, junto a la imagen de la Medalla Milagrosa.<\/p>\n<p><em><strong>Mar\u00eda env\u00eda un mensaje a trav\u00e9s de este milagro: un llamado a la conversi\u00f3n de su propio pueblo, el pueblo jud\u00edo. Ratisbone convirti\u00f3 luego a cientos de jud\u00edos, fue un enorme trabajador en Tierra Santa, salvando y recuperando muchos de los lugares que Jes\u00fas toc\u00f3 con su testimonio vivo. Nada es realizado por Dios en forma casual, todo tiene un significado profundo en los hechos realizados seg\u00fan la Voluntad de Dios.<\/strong><\/em><\/p>\n<h2><strong>Catalina en el m\u00e1s profundo anonimato<\/strong><strong><br \/>\n<\/strong><\/h2>\n<p>Terminando el Noviciado, Sor Labour\u00e9 tom\u00f3 el h\u00e1bito en las Hijas de la Caridad, el 30 de Enero de 1831. \u00a1Qu\u00e9 alegr\u00eda para ella! Algunos d\u00edas despu\u00e9s, la cambiaron de casa y le dieron un puesto bien humilde, que correspond\u00eda a su falta de cultura: ayudar\u00e1 en la cocina del Asilo de ancianos del Barrio San Antonio. Deja, pues, el Seminario de la calle de Bac, donde ha sido tan feliz. Este dormitorio donde su \u00e1ngel custodio la vino a buscar una noche, y en especial, esta capilla donde recibi\u00f3 gracias excepcionales. No le importa, va confiada en los que son la raz\u00f3n de su vivir: Jes\u00fas y Mar\u00eda. Catalina se va alegre y serena a donde la obediencia la manda. Llega a esta gran casa, en la que pasar\u00e1 toda su vida. El asilo alberga a 50 ancianitos, es decir, que el trabajo no le faltar\u00e1. Sor Labour\u00e9 se entregar\u00e1 de todo coraz\u00f3n, sin permitirse jam\u00e1s un instante de reposo.<\/p>\n<h2><strong>Catalina, mudo testigo de la realizacion de la obra que se le encomend\u00f3<\/strong><strong> <\/strong><\/h2>\n<p>Catalina vivi\u00f3 el crecimiento de la difusi\u00f3n de la Medalla, sabiendo que todo el mundo se preguntaba quien ser\u00eda la Religiosa que tuvo la gracia de ver a la misma Madre de Dios. Se sab\u00eda que una novicia en la Rue de Bac hab\u00eda recibido la visita de Mar\u00eda y el pedido de la Medalla, pero nadie conoc\u00eda la identidad de la agraciada. Ella escuchaba atenta los relatos sobre los milagros que acontec\u00edan, y en silencio se regocijaba por saber que Mar\u00eda realizaba finalmente la obra que a ella hab\u00eda sido encomendada. \u00a1Que feliz fue cuando recibi\u00f3 la primera Medalla!<\/p>\n<p>Muchas veces recibi\u00f3 presiones su confesor, el Padre Aladel, para revelar quien era la persona que hab\u00eda estado con la Virgen en la Capilla de la Rue de Bac, pero por nada del mundo \u00e9l acept\u00f3 jam\u00e1s contradecir \u00f3rdenes expresas de la Madre de Dios.<\/p>\n<p>El 31 de diciembre de 1876 muere Catalina, en medio de una paz y serenidad que produjeron admiraci\u00f3n a las dem\u00e1s hermanas. Ella por fin pudo entrar al Reino de Dios, como su Madre Celestial le hab\u00eda prometido.<\/p>\n<p>De tal manera, el mundo pudo conocer s\u00f3lo despu\u00e9s de la muerte de Sor Catalina, la identidad de la vidente que origin\u00f3 la devoci\u00f3n a la Medalla Milagrosa.<\/p>\n<h2><strong>Santa Catalina de Labour\u00e9, y su cuerpo incorrupto<\/strong><\/h2>\n<p>Cuando, 56 a\u00f1os despu\u00e9s de la muerte de Catalina, el Cardenal Verdier hizo abrir su tumba para hacer lo que se llama \u00abun reconocimiento de las reliquias\u00bb de la que iban a beatificar, <strong>se encontr\u00f3 su cuerpo tal como se lo hab\u00eda depositado.<\/strong> El doctor que levant\u00f3 sus p\u00e1rpados, tras 56 a\u00f1os de entierro, sinti\u00f3 una intensa emoci\u00f3n al descubrir sus magn\u00edficos ojos azules, que parec\u00edan estar a\u00fan con vida:<strong> \u00a1esos ojos que hab\u00edan visto a la Madre de Dios!.<\/strong> El cuerpo de Catalina fue trasladado entonces a la calle de Bac, donde se lo puede ver, hoy en d\u00eda, en una urna de vidrio. Despu\u00e9s de la beatificaci\u00f3n que se realiz\u00f3 en 1933, catalina Labour\u00e9 fue canonizada el 27 de Julio de 1947, por P\u00edo XII, el cual declar\u00f3 a toda la Iglesia:<\/p>\n<p><em><strong>\u00abDecretamos y definimos SANTA, a la Beata CATALINA LABOUR\u00c9\u00bb.<\/strong><\/em><\/p>\n<h2><strong>La Medalla Milagrosa<\/strong><strong> en nuestros tiempos<\/strong><strong><br \/>\n<\/strong><\/h2>\n<p>La imagen de Mar\u00eda en la Medalla Milagrosa es una de las m\u00e1s difundidas en nuestros tiempos. Sus manos derraman rayos en forma de gracias sobre todos nosotros, mientras su mirada nos consuela y nos protege.<\/p>\n<p><strong>No cabe duda que la Madre de Dios tiene un sentido fundamental en el plan Celestial para estos tiempos: sus pies pisan la serpiente, como s\u00edmbolo del efecto destructor que el amor por Mar\u00eda tiene sobre el pecado. Enamorarse de Mar\u00eda lleva necesariamente al deseo profundo de no defraudarla, no decepcionarla. Y para ello, debemos recordar que Ella es la siempre Pura, la Inmaculada. \u00bfQu\u00e9 creemos entonces que Ella espera de nosotros?<\/strong><\/p>\n","protected":false},"excerpt":{"rendered":"<p>Apariciones de la Virgen Mar\u00eda. \u00abLa Virgen de la Medalla Milagrosa\u00bb La Virgen Mar\u00eda se aparece en 1830 a una joven postulante a noviciado en el convento de la Rue de Bac, iniciando una era &#8230; <a href=\"https:\/\/vincentians.com\/es\/apariciones-de-la-virgen-maria-a-sor-catalina-laboure\/\" class=\"more-link\">Read More<\/a><\/p>\n","protected":false},"author":4,"featured_media":37524,"comment_status":"open","ping_status":"open","sticky":false,"template":"","format":"standard","meta":{"jetpack_post_was_ever_published":false,"_jetpack_newsletter_access":"","_jetpack_dont_email_post_to_subs":false,"_jetpack_newsletter_tier_id":0,"_jetpack_memberships_contains_paywalled_content":false,"_jetpack_memberships_contains_paid_content":false,"footnotes":"","jetpack_publicize_message":"","jetpack_publicize_feature_enabled":true,"jetpack_social_post_already_shared":true,"jetpack_social_options":{"image_generator_settings":{"template":"highway","default_image_id":0,"font":"","enabled":false},"version":2}},"categories":[20,8],"tags":[190],"class_list":["post-37523","post","type-post","status-publish","format-standard","has-post-thumbnail","hentry","category-catalina-laboure","category-virgen-maria","tag-rue-du-bac"],"yoast_head":"<!-- This site is optimized with the Yoast SEO plugin v26.3 - https:\/\/yoast.com\/wordpress\/plugins\/seo\/ -->\n<title>Apariciones de la Virgen Mar\u00eda a sor Catalina Labour\u00e9 - Somos Vicencianos<\/title>\n<meta name=\"robots\" content=\"index, follow, max-snippet:-1, max-image-preview:large, max-video-preview:-1\" \/>\n<link rel=\"canonical\" href=\"https:\/\/vincentians.com\/es\/apariciones-de-la-virgen-maria-a-sor-catalina-laboure\/\" \/>\n<meta property=\"og:locale\" content=\"es_ES\" \/>\n<meta property=\"og:type\" content=\"article\" \/>\n<meta property=\"og:title\" content=\"Apariciones de la Virgen Mar\u00eda a sor Catalina Labour\u00e9 - Somos Vicencianos\" \/>\n<meta property=\"og:description\" content=\"Apariciones de la Virgen Mar\u00eda. \u00abLa Virgen de la Medalla Milagrosa\u00bb La Virgen Mar\u00eda se aparece en 1830 a una joven postulante a noviciado en el convento de la Rue de Bac, iniciando una era ... Read More\" \/>\n<meta property=\"og:url\" content=\"https:\/\/vincentians.com\/es\/apariciones-de-la-virgen-maria-a-sor-catalina-laboure\/\" \/>\n<meta property=\"og:site_name\" content=\"Somos Vicencianos\" \/>\n<meta property=\"article:publisher\" content=\"https:\/\/www.facebook.com\/WeAreVincentians\/\" \/>\n<meta property=\"article:author\" content=\"https:\/\/www.facebook.com\/JavierChento\" \/>\n<meta property=\"article:published_time\" content=\"2013-11-27T04:05:32+00:00\" \/>\n<meta property=\"article:modified_time\" content=\"2016-07-26T15:29:07+00:00\" \/>\n<meta name=\"author\" content=\"Francisco Javier Fern\u00e1ndez Chento\" \/>\n<meta name=\"twitter:card\" content=\"summary_large_image\" \/>\n<meta name=\"twitter:creator\" content=\"@https:\/\/twitter.com\/javierchento\" \/>\n<meta name=\"twitter:site\" content=\"@WeVincentians\" \/>\n<meta name=\"twitter:label1\" content=\"Escrito por\" \/>\n\t<meta name=\"twitter:data1\" content=\"Francisco Javier Fern\u00e1ndez Chento\" \/>\n\t<meta name=\"twitter:label2\" content=\"Tiempo de lectura\" \/>\n\t<meta name=\"twitter:data2\" content=\"25 minutos\" \/>\n<script type=\"application\/ld+json\" class=\"yoast-schema-graph\">{\"@context\":\"https:\/\/schema.org\",\"@graph\":[{\"@type\":\"Article\",\"@id\":\"https:\/\/vincentians.com\/es\/apariciones-de-la-virgen-maria-a-sor-catalina-laboure\/#article\",\"isPartOf\":{\"@id\":\"https:\/\/vincentians.com\/es\/apariciones-de-la-virgen-maria-a-sor-catalina-laboure\/\"},\"author\":{\"name\":\"Francisco Javier Fern\u00e1ndez Chento\",\"@id\":\"http:\/\/vincentians.com\/es\/#\/schema\/person\/9623ef4d9aa3b2dfb8c061f1499288f2\"},\"headline\":\"Apariciones de la Virgen Mar\u00eda a sor Catalina Labour\u00e9\",\"datePublished\":\"2013-11-27T04:05:32+00:00\",\"dateModified\":\"2016-07-26T15:29:07+00:00\",\"mainEntityOfPage\":{\"@id\":\"https:\/\/vincentians.com\/es\/apariciones-de-la-virgen-maria-a-sor-catalina-laboure\/\"},\"wordCount\":4991,\"commentCount\":5,\"publisher\":{\"@id\":\"http:\/\/vincentians.com\/es\/#organization\"},\"image\":{\"@id\":\"https:\/\/vincentians.com\/es\/apariciones-de-la-virgen-maria-a-sor-catalina-laboure\/#primaryimage\"},\"thumbnailUrl\":\"\",\"keywords\":[\"Rue du Bac\"],\"articleSection\":[\"Catalina Labour\u00e9\",\"Virgen Mar\u00eda\"],\"inLanguage\":\"es\",\"potentialAction\":[{\"@type\":\"CommentAction\",\"name\":\"Comment\",\"target\":[\"https:\/\/vincentians.com\/es\/apariciones-de-la-virgen-maria-a-sor-catalina-laboure\/#respond\"]}]},{\"@type\":\"WebPage\",\"@id\":\"https:\/\/vincentians.com\/es\/apariciones-de-la-virgen-maria-a-sor-catalina-laboure\/\",\"url\":\"https:\/\/vincentians.com\/es\/apariciones-de-la-virgen-maria-a-sor-catalina-laboure\/\",\"name\":\"Apariciones de la Virgen Mar\u00eda a sor Catalina Labour\u00e9 - Somos Vicencianos\",\"isPartOf\":{\"@id\":\"http:\/\/vincentians.com\/es\/#website\"},\"primaryImageOfPage\":{\"@id\":\"https:\/\/vincentians.com\/es\/apariciones-de-la-virgen-maria-a-sor-catalina-laboure\/#primaryimage\"},\"image\":{\"@id\":\"https:\/\/vincentians.com\/es\/apariciones-de-la-virgen-maria-a-sor-catalina-laboure\/#primaryimage\"},\"thumbnailUrl\":\"\",\"datePublished\":\"2013-11-27T04:05:32+00:00\",\"dateModified\":\"2016-07-26T15:29:07+00:00\",\"breadcrumb\":{\"@id\":\"https:\/\/vincentians.com\/es\/apariciones-de-la-virgen-maria-a-sor-catalina-laboure\/#breadcrumb\"},\"inLanguage\":\"es\",\"potentialAction\":[{\"@type\":\"ReadAction\",\"target\":[\"https:\/\/vincentians.com\/es\/apariciones-de-la-virgen-maria-a-sor-catalina-laboure\/\"]}]},{\"@type\":\"ImageObject\",\"inLanguage\":\"es\",\"@id\":\"https:\/\/vincentians.com\/es\/apariciones-de-la-virgen-maria-a-sor-catalina-laboure\/#primaryimage\",\"url\":\"\",\"contentUrl\":\"\"},{\"@type\":\"BreadcrumbList\",\"@id\":\"https:\/\/vincentians.com\/es\/apariciones-de-la-virgen-maria-a-sor-catalina-laboure\/#breadcrumb\",\"itemListElement\":[{\"@type\":\"ListItem\",\"position\":1,\"name\":\"Portada\",\"item\":\"http:\/\/vincentians.com\/es\/\"},{\"@type\":\"ListItem\",\"position\":2,\"name\":\"Apariciones de la Virgen Mar\u00eda a sor Catalina Labour\u00e9\"}]},{\"@type\":\"WebSite\",\"@id\":\"http:\/\/vincentians.com\/es\/#website\",\"url\":\"http:\/\/vincentians.com\/es\/\",\"name\":\"Somos Vicencianos\",\"description\":\"Know more to serve more\",\"publisher\":{\"@id\":\"http:\/\/vincentians.com\/es\/#organization\"},\"potentialAction\":[{\"@type\":\"SearchAction\",\"target\":{\"@type\":\"EntryPoint\",\"urlTemplate\":\"http:\/\/vincentians.com\/es\/?s={search_term_string}\"},\"query-input\":{\"@type\":\"PropertyValueSpecification\",\"valueRequired\":true,\"valueName\":\"search_term_string\"}}],\"inLanguage\":\"es\"},{\"@type\":\"Organization\",\"@id\":\"http:\/\/vincentians.com\/es\/#organization\",\"name\":\"The Vincentian Network\",\"url\":\"http:\/\/vincentians.com\/es\/\",\"logo\":{\"@type\":\"ImageObject\",\"inLanguage\":\"es\",\"@id\":\"http:\/\/vincentians.com\/es\/#\/schema\/logo\/image\/\",\"url\":\"https:\/\/i1.wp.com\/vincentians.com\/es\/wp-content\/uploads\/sites\/11\/2016\/06\/Vincentian-Network-logo-big.png?fit=778%2C778\",\"contentUrl\":\"https:\/\/i1.wp.com\/vincentians.com\/es\/wp-content\/uploads\/sites\/11\/2016\/06\/Vincentian-Network-logo-big.png?fit=778%2C778\",\"width\":778,\"height\":778,\"caption\":\"The Vincentian Network\"},\"image\":{\"@id\":\"http:\/\/vincentians.com\/es\/#\/schema\/logo\/image\/\"},\"sameAs\":[\"https:\/\/www.facebook.com\/WeAreVincentians\/\",\"https:\/\/x.com\/WeVincentians\"]},{\"@type\":\"Person\",\"@id\":\"http:\/\/vincentians.com\/es\/#\/schema\/person\/9623ef4d9aa3b2dfb8c061f1499288f2\",\"name\":\"Francisco Javier Fern\u00e1ndez Chento\",\"image\":{\"@type\":\"ImageObject\",\"inLanguage\":\"es\",\"@id\":\"http:\/\/vincentians.com\/es\/#\/schema\/person\/image\/\",\"url\":\"https:\/\/secure.gravatar.com\/avatar\/497d5cde87b4c3d097d0315953521681ba2cd523ee66e5077c3711f7021e65de?s=96&d=mm&r=g\",\"contentUrl\":\"https:\/\/secure.gravatar.com\/avatar\/497d5cde87b4c3d097d0315953521681ba2cd523ee66e5077c3711f7021e65de?s=96&d=mm&r=g\",\"caption\":\"Francisco Javier Fern\u00e1ndez Chento\"},\"description\":\"Director General y cofundador de La Red de Formaci\u00f3n Vicenciana. Javier es laico vicenciano, afiliado a la Congregaci\u00f3n de la Misi\u00f3n y miembro del Equipo de Misiones Populares de la provincia can\u00f3nica de Zaragoza (Espa\u00f1a) de la Congregaci\u00f3n de la Misi\u00f3n. Graduado en la Universidad Oberta de Catalunya con cuatro grados (Asistente de direcci\u00f3n, Gesti\u00f3n Administrativa, Recursos Humanos y Contabilidad Avanzada). Bil\u00edng\u00fce Espa\u00f1ol\/Ingl\u00e9s. gestiona y mantiene varias p\u00e1ginas web cristianas y vicencianas, incluida including La Red de Formaci\u00f3n Vicenciana, de la que es cofundador. Actualmente es responsable del \u00e1rea de Espa\u00f1ol de .famvin, la Red de Noticias de la Familia Vicenciana. Tambi\u00e9n es m\u00fasico cat\u00f3lico y ha editado varios discos. Es Director General y cofundador de Trovador, una reconocida compa\u00f1\u00eda discogr\u00e1fica critiana de Espa\u00f1a. Trabaja en las Tecnolog\u00edas de la Informaci\u00f3n, ofreciendo servicios de alojamiento, dise\u00f1o y mantenimiento Web, as\u00ed como asesoramiento, formaci\u00f3n y soluciones inform\u00e1ticas, gesti\u00f3n documental y digitalizaci\u00f3n de textos, edici\u00f3n y maquetaci\u00f3n de libros, revistas, flyers, etc.\",\"sameAs\":[\"http:\/\/chento.org\",\"https:\/\/www.facebook.com\/JavierChento\",\"https:\/\/x.com\/https:\/\/twitter.com\/javierchento\"],\"url\":\"https:\/\/vincentians.com\/es\/author\/chento\/\"}]}<\/script>\n<!-- \/ Yoast SEO plugin. -->","yoast_head_json":{"title":"Apariciones de la Virgen Mar\u00eda a sor Catalina Labour\u00e9 - Somos Vicencianos","robots":{"index":"index","follow":"follow","max-snippet":"max-snippet:-1","max-image-preview":"max-image-preview:large","max-video-preview":"max-video-preview:-1"},"canonical":"https:\/\/vincentians.com\/es\/apariciones-de-la-virgen-maria-a-sor-catalina-laboure\/","og_locale":"es_ES","og_type":"article","og_title":"Apariciones de la Virgen Mar\u00eda a sor Catalina Labour\u00e9 - Somos Vicencianos","og_description":"Apariciones de la Virgen Mar\u00eda. \u00abLa Virgen de la Medalla Milagrosa\u00bb La Virgen Mar\u00eda se aparece en 1830 a una joven postulante a noviciado en el convento de la Rue de Bac, iniciando una era ... Read More","og_url":"https:\/\/vincentians.com\/es\/apariciones-de-la-virgen-maria-a-sor-catalina-laboure\/","og_site_name":"Somos Vicencianos","article_publisher":"https:\/\/www.facebook.com\/WeAreVincentians\/","article_author":"https:\/\/www.facebook.com\/JavierChento","article_published_time":"2013-11-27T04:05:32+00:00","article_modified_time":"2016-07-26T15:29:07+00:00","author":"Francisco Javier Fern\u00e1ndez Chento","twitter_card":"summary_large_image","twitter_creator":"@https:\/\/twitter.com\/javierchento","twitter_site":"@WeVincentians","twitter_misc":{"Escrito por":"Francisco Javier Fern\u00e1ndez Chento","Tiempo de lectura":"25 minutos"},"schema":{"@context":"https:\/\/schema.org","@graph":[{"@type":"Article","@id":"https:\/\/vincentians.com\/es\/apariciones-de-la-virgen-maria-a-sor-catalina-laboure\/#article","isPartOf":{"@id":"https:\/\/vincentians.com\/es\/apariciones-de-la-virgen-maria-a-sor-catalina-laboure\/"},"author":{"name":"Francisco Javier Fern\u00e1ndez Chento","@id":"http:\/\/vincentians.com\/es\/#\/schema\/person\/9623ef4d9aa3b2dfb8c061f1499288f2"},"headline":"Apariciones de la Virgen Mar\u00eda a sor Catalina Labour\u00e9","datePublished":"2013-11-27T04:05:32+00:00","dateModified":"2016-07-26T15:29:07+00:00","mainEntityOfPage":{"@id":"https:\/\/vincentians.com\/es\/apariciones-de-la-virgen-maria-a-sor-catalina-laboure\/"},"wordCount":4991,"commentCount":5,"publisher":{"@id":"http:\/\/vincentians.com\/es\/#organization"},"image":{"@id":"https:\/\/vincentians.com\/es\/apariciones-de-la-virgen-maria-a-sor-catalina-laboure\/#primaryimage"},"thumbnailUrl":"","keywords":["Rue du Bac"],"articleSection":["Catalina Labour\u00e9","Virgen Mar\u00eda"],"inLanguage":"es","potentialAction":[{"@type":"CommentAction","name":"Comment","target":["https:\/\/vincentians.com\/es\/apariciones-de-la-virgen-maria-a-sor-catalina-laboure\/#respond"]}]},{"@type":"WebPage","@id":"https:\/\/vincentians.com\/es\/apariciones-de-la-virgen-maria-a-sor-catalina-laboure\/","url":"https:\/\/vincentians.com\/es\/apariciones-de-la-virgen-maria-a-sor-catalina-laboure\/","name":"Apariciones de la Virgen Mar\u00eda a sor Catalina Labour\u00e9 - Somos Vicencianos","isPartOf":{"@id":"http:\/\/vincentians.com\/es\/#website"},"primaryImageOfPage":{"@id":"https:\/\/vincentians.com\/es\/apariciones-de-la-virgen-maria-a-sor-catalina-laboure\/#primaryimage"},"image":{"@id":"https:\/\/vincentians.com\/es\/apariciones-de-la-virgen-maria-a-sor-catalina-laboure\/#primaryimage"},"thumbnailUrl":"","datePublished":"2013-11-27T04:05:32+00:00","dateModified":"2016-07-26T15:29:07+00:00","breadcrumb":{"@id":"https:\/\/vincentians.com\/es\/apariciones-de-la-virgen-maria-a-sor-catalina-laboure\/#breadcrumb"},"inLanguage":"es","potentialAction":[{"@type":"ReadAction","target":["https:\/\/vincentians.com\/es\/apariciones-de-la-virgen-maria-a-sor-catalina-laboure\/"]}]},{"@type":"ImageObject","inLanguage":"es","@id":"https:\/\/vincentians.com\/es\/apariciones-de-la-virgen-maria-a-sor-catalina-laboure\/#primaryimage","url":"","contentUrl":""},{"@type":"BreadcrumbList","@id":"https:\/\/vincentians.com\/es\/apariciones-de-la-virgen-maria-a-sor-catalina-laboure\/#breadcrumb","itemListElement":[{"@type":"ListItem","position":1,"name":"Portada","item":"http:\/\/vincentians.com\/es\/"},{"@type":"ListItem","position":2,"name":"Apariciones de la Virgen Mar\u00eda a sor Catalina Labour\u00e9"}]},{"@type":"WebSite","@id":"http:\/\/vincentians.com\/es\/#website","url":"http:\/\/vincentians.com\/es\/","name":"Somos Vicencianos","description":"Know more to serve more","publisher":{"@id":"http:\/\/vincentians.com\/es\/#organization"},"potentialAction":[{"@type":"SearchAction","target":{"@type":"EntryPoint","urlTemplate":"http:\/\/vincentians.com\/es\/?s={search_term_string}"},"query-input":{"@type":"PropertyValueSpecification","valueRequired":true,"valueName":"search_term_string"}}],"inLanguage":"es"},{"@type":"Organization","@id":"http:\/\/vincentians.com\/es\/#organization","name":"The Vincentian Network","url":"http:\/\/vincentians.com\/es\/","logo":{"@type":"ImageObject","inLanguage":"es","@id":"http:\/\/vincentians.com\/es\/#\/schema\/logo\/image\/","url":"https:\/\/i1.wp.com\/vincentians.com\/es\/wp-content\/uploads\/sites\/11\/2016\/06\/Vincentian-Network-logo-big.png?fit=778%2C778","contentUrl":"https:\/\/i1.wp.com\/vincentians.com\/es\/wp-content\/uploads\/sites\/11\/2016\/06\/Vincentian-Network-logo-big.png?fit=778%2C778","width":778,"height":778,"caption":"The Vincentian Network"},"image":{"@id":"http:\/\/vincentians.com\/es\/#\/schema\/logo\/image\/"},"sameAs":["https:\/\/www.facebook.com\/WeAreVincentians\/","https:\/\/x.com\/WeVincentians"]},{"@type":"Person","@id":"http:\/\/vincentians.com\/es\/#\/schema\/person\/9623ef4d9aa3b2dfb8c061f1499288f2","name":"Francisco Javier Fern\u00e1ndez Chento","image":{"@type":"ImageObject","inLanguage":"es","@id":"http:\/\/vincentians.com\/es\/#\/schema\/person\/image\/","url":"https:\/\/secure.gravatar.com\/avatar\/497d5cde87b4c3d097d0315953521681ba2cd523ee66e5077c3711f7021e65de?s=96&d=mm&r=g","contentUrl":"https:\/\/secure.gravatar.com\/avatar\/497d5cde87b4c3d097d0315953521681ba2cd523ee66e5077c3711f7021e65de?s=96&d=mm&r=g","caption":"Francisco Javier Fern\u00e1ndez Chento"},"description":"Director General y cofundador de La Red de Formaci\u00f3n Vicenciana. Javier es laico vicenciano, afiliado a la Congregaci\u00f3n de la Misi\u00f3n y miembro del Equipo de Misiones Populares de la provincia can\u00f3nica de Zaragoza (Espa\u00f1a) de la Congregaci\u00f3n de la Misi\u00f3n. Graduado en la Universidad Oberta de Catalunya con cuatro grados (Asistente de direcci\u00f3n, Gesti\u00f3n Administrativa, Recursos Humanos y Contabilidad Avanzada). Bil\u00edng\u00fce Espa\u00f1ol\/Ingl\u00e9s. gestiona y mantiene varias p\u00e1ginas web cristianas y vicencianas, incluida including La Red de Formaci\u00f3n Vicenciana, de la que es cofundador. Actualmente es responsable del \u00e1rea de Espa\u00f1ol de .famvin, la Red de Noticias de la Familia Vicenciana. Tambi\u00e9n es m\u00fasico cat\u00f3lico y ha editado varios discos. Es Director General y cofundador de Trovador, una reconocida compa\u00f1\u00eda discogr\u00e1fica critiana de Espa\u00f1a. Trabaja en las Tecnolog\u00edas de la Informaci\u00f3n, ofreciendo servicios de alojamiento, dise\u00f1o y mantenimiento Web, as\u00ed como asesoramiento, formaci\u00f3n y soluciones inform\u00e1ticas, gesti\u00f3n documental y digitalizaci\u00f3n de textos, edici\u00f3n y maquetaci\u00f3n de libros, revistas, flyers, etc.","sameAs":["http:\/\/chento.org","https:\/\/www.facebook.com\/JavierChento","https:\/\/x.com\/https:\/\/twitter.com\/javierchento"],"url":"https:\/\/vincentians.com\/es\/author\/chento\/"}]}},"jetpack_publicize_connections":[],"jetpack_featured_media_url":"","jetpack_sharing_enabled":true,"jetpack_shortlink":"https:\/\/wp.me\/p7ETMF-9Ld","jetpack-related-posts":[{"id":109333,"url":"https:\/\/vincentians.com\/es\/mision-historica-de-la-milagrosa\/","url_meta":{"origin":37523,"position":0},"title":"Misi\u00f3n hist\u00f3rica de La Milagrosa","author":"Francisco Javier Fern\u00e1ndez Chento","date":"27\/11\/2022","format":false,"excerpt":"Amadas Hermanas, se\u00f1ores y amados sacerdotes: El t\u00edtulo de la conferencia quiz\u00e1 pueda parecer a algunos ex\u00adcesivamente ambicioso: LA MISION HISTORICA DE LA MILA\u00adGROSA. En realidad a m\u00ed tambi\u00e9n me lo parece, sobre todo una vez que lo vi estampado en letras de molde; porque mi prop\u00f3sito es muy sencillo.\u2026","rel":"","context":"En \u00abVirgen Mar\u00eda\u00bb","block_context":{"text":"Virgen Mar\u00eda","link":"https:\/\/vincentians.com\/es\/category\/espiritualidad\/virgen-maria\/"},"img":{"alt_text":"","src":"https:\/\/i0.wp.com\/vincentians.com\/es\/wp-content\/uploads\/sites\/11\/2018\/11\/La-milagrosa3.jpg?fit=670%2C430&ssl=1&resize=350%2C200","width":350,"height":200,"srcset":"https:\/\/i0.wp.com\/vincentians.com\/es\/wp-content\/uploads\/sites\/11\/2018\/11\/La-milagrosa3.jpg?fit=670%2C430&ssl=1&resize=350%2C200 1x, https:\/\/i0.wp.com\/vincentians.com\/es\/wp-content\/uploads\/sites\/11\/2018\/11\/La-milagrosa3.jpg?fit=670%2C430&ssl=1&resize=525%2C300 1.5x"},"classes":[]},{"id":144780,"url":"https:\/\/vincentians.com\/es\/en-1830-la-virgen-maria-y-catalina-laboure\/","url_meta":{"origin":37523,"position":1},"title":"En 1830: la Virgen Mar\u00eda y Catalina Labour\u00e9","author":"Francisco Javier Fern\u00e1ndez Chento","date":"28\/11\/2020","format":false,"excerpt":"Introducci\u00f3n Hemos visto lo misteriosamente que necesitamos de la presencia de Mar\u00eda, no como una compensaci\u00f3n en nuestra aridez espiritual, sino porque Jes\u00fas nos la ha dado como Madre para hacernos nacer a la vida divina. En esta segunda intervenci\u00f3n, en primer lugar, seguiremos los pasos de santa Catalina para\u2026","rel":"","context":"En \u00abVirgen Mar\u00eda\u00bb","block_context":{"text":"Virgen Mar\u00eda","link":"https:\/\/vincentians.com\/es\/category\/espiritualidad\/virgen-maria\/"},"img":{"alt_text":"","src":"https:\/\/i0.wp.com\/vincentians.com\/es\/wp-content\/uploads\/sites\/11\/2015\/05\/catalina4.jpg?fit=867%2C508&ssl=1&resize=350%2C200","width":350,"height":200,"srcset":"https:\/\/i0.wp.com\/vincentians.com\/es\/wp-content\/uploads\/sites\/11\/2015\/05\/catalina4.jpg?fit=867%2C508&ssl=1&resize=350%2C200 1x, https:\/\/i0.wp.com\/vincentians.com\/es\/wp-content\/uploads\/sites\/11\/2015\/05\/catalina4.jpg?fit=867%2C508&ssl=1&resize=525%2C300 1.5x, https:\/\/i0.wp.com\/vincentians.com\/es\/wp-content\/uploads\/sites\/11\/2015\/05\/catalina4.jpg?fit=867%2C508&ssl=1&resize=700%2C400 2x"},"classes":[]},{"id":125879,"url":"https:\/\/vincentians.com\/es\/la-medalla-de-la-madre-2-el-relato-de-las-apariciones\/","url_meta":{"origin":37523,"position":2},"title":"La medalla de la Madre: 2. El relato de las apariciones","author":"Francisco Javier Fern\u00e1ndez Chento","date":"28\/11\/2013","format":false,"excerpt":"2. El relato de las apariciones Entraremos ahora en la relaci\u00f3n de las principales apariciones con que fue favorecida santa Catalina, sobre todo el texto de la aparici\u00f3n del 27 de noviembre de 1830. Pues desde el tiempo, en que hac\u00eda el seminario. Catalina tuvo numerosas apariciones, algunas de las\u2026","rel":"","context":"En \u00abCatalina Labour\u00e9\u00bb","block_context":{"text":"Catalina Labour\u00e9","link":"https:\/\/vincentians.com\/es\/category\/la-familia-vicenciana\/la-familia-vicenciana-en-los-altares\/santos\/catalina-laboure\/"},"img":{"alt_text":"","src":"https:\/\/i0.wp.com\/vicencianos.org\/wp-content\/2011\/11\/peregrinacion_paris_2-201x300.jpg?resize=350%2C200","width":350,"height":200},"classes":[]},{"id":125814,"url":"https:\/\/vincentians.com\/es\/power-point-maria-camino-de-luz-en-la-fiesta-de-la-virgen-milagrosa\/","url_meta":{"origin":37523,"position":3},"title":"Power Point &quot;Mar\u00eda, camino de luz&quot;, en la fiesta de la Virgen Milagrosa","author":"Francisco Javier Fern\u00e1ndez Chento","date":"25\/11\/2013","format":false,"excerpt":"Sor Mar\u00eda Vicenta nos vuelve a escribir, y nos env\u00eda un nuevo Power Point dedicado a la Virgen Milagrosa y santa Catalina Labour\u00e9: \"\u00a0Feliz d\u00eda de la Milagrosa y felices fiestas de familia Con motivo de las fiestas de La Milagrosa y de Santa Catalina, comparto con toda la \"familia\u2026","rel":"","context":"En \u00abCatalina Labour\u00e9\u00bb","block_context":{"text":"Catalina Labour\u00e9","link":"https:\/\/vincentians.com\/es\/category\/la-familia-vicenciana\/la-familia-vicenciana-en-los-altares\/santos\/catalina-laboure\/"},"img":{"alt_text":"Santa_Catalina","src":"https:\/\/i0.wp.com\/vicencianos.org\/wp-content\/2011\/11\/Santa_Catalina-200x300.jpg?resize=350%2C200","width":350,"height":200},"classes":[]},{"id":125932,"url":"https:\/\/vincentians.com\/es\/la-medalla-milagrosa-un-signo-para-nuestro-tiempo\/","url_meta":{"origin":37523,"position":4},"title":"La Medalla Milagrosa, un signo para nuestro tiempo","author":"Francisco Javier Fern\u00e1ndez Chento","date":"27\/11\/2020","format":false,"excerpt":"El hombre y los signos Desde siempre el hombre se ha enfrentado a su propia limitaci\u00f3n de expresi\u00f3n. Siente, en lo m\u00e1s \u00edntimo de su ser, la necesidad imperiosa de relacionarse, de comunicarse con una especie de lenguaje universal que haga comprensible a los dem\u00e1s sus m\u00e1s hondos sentimientos\u2026; y\u2026","rel":"","context":"En \u00abVirgen Mar\u00eda\u00bb","block_context":{"text":"Virgen Mar\u00eda","link":"https:\/\/vincentians.com\/es\/category\/espiritualidad\/virgen-maria\/"},"img":{"alt_text":"","src":"","width":0,"height":0},"classes":[]},{"id":53389,"url":"https:\/\/vincentians.com\/es\/virgen-de-la-medalla-milagrosa\/","url_meta":{"origin":37523,"position":5},"title":"Virgen de la Medalla Milagrosa","author":"Francisco Javier Fern\u00e1ndez Chento","date":"24\/11\/2011","format":false,"excerpt":"Se aparece a Catalina Labour\u00e9, hermana de la Caridad, en el convento de la calle Du Bac de Par\u00eds, el 18 de julio de 1830. Ella cuenta que a las 11:30 de la noche, se despert\u00f3, porque alguien la llamaba. Descorre las cortinas de su cama y ve a un\u2026","rel":"","context":"En \u00abVirgen Mar\u00eda\u00bb","block_context":{"text":"Virgen Mar\u00eda","link":"https:\/\/vincentians.com\/es\/category\/espiritualidad\/virgen-maria\/"},"img":{"alt_text":"","src":"https:\/\/i0.wp.com\/vicencianos.org\/wp-content\/2010\/06\/medalla_milagrosa_2corazones-204x300.jpg?resize=350%2C200","width":350,"height":200},"classes":[]}],"_links":{"self":[{"href":"https:\/\/vincentians.com\/es\/wp-json\/wp\/v2\/posts\/37523","targetHints":{"allow":["GET"]}}],"collection":[{"href":"https:\/\/vincentians.com\/es\/wp-json\/wp\/v2\/posts"}],"about":[{"href":"https:\/\/vincentians.com\/es\/wp-json\/wp\/v2\/types\/post"}],"author":[{"embeddable":true,"href":"https:\/\/vincentians.com\/es\/wp-json\/wp\/v2\/users\/4"}],"replies":[{"embeddable":true,"href":"https:\/\/vincentians.com\/es\/wp-json\/wp\/v2\/comments?post=37523"}],"version-history":[{"count":0,"href":"https:\/\/vincentians.com\/es\/wp-json\/wp\/v2\/posts\/37523\/revisions"}],"wp:featuredmedia":[{"embeddable":true,"href":"https:\/\/vincentians.com\/es\/wp-json\/"}],"wp:attachment":[{"href":"https:\/\/vincentians.com\/es\/wp-json\/wp\/v2\/media?parent=37523"}],"wp:term":[{"taxonomy":"category","embeddable":true,"href":"https:\/\/vincentians.com\/es\/wp-json\/wp\/v2\/categories?post=37523"},{"taxonomy":"post_tag","embeddable":true,"href":"https:\/\/vincentians.com\/es\/wp-json\/wp\/v2\/tags?post=37523"}],"curies":[{"name":"wp","href":"https:\/\/api.w.org\/{rel}","templated":true}]}}