{"id":37388,"date":"2017-02-11T08:39:52","date_gmt":"2017-02-11T07:39:52","guid":{"rendered":"http:\/\/somos.vicencianos.org\/?p=37388"},"modified":"2016-12-28T12:17:47","modified_gmt":"2016-12-28T11:17:47","slug":"fundamentos-teologicos-de-la-espiritualidad-vicenciana-en-las-reglas-comunes-de-la-c-m","status":"publish","type":"post","link":"https:\/\/vincentians.com\/es\/fundamentos-teologicos-de-la-espiritualidad-vicenciana-en-las-reglas-comunes-de-la-c-m\/","title":{"rendered":"Fundamentos teol\u00f3gicos de la espiritualidad Vicenciana en las Reglas Comunes de la C.M."},"content":{"rendered":"<h2><strong><img data-recalc-dims=\"1\" loading=\"lazy\" decoding=\"async\" class=\"alignnone size-medium wp-image-400261 alignleft\" src=\"https:\/\/i0.wp.com\/vincentians.com\/es\/wp-content\/uploads\/sites\/11\/2015\/04\/profetismo-fb-300x158.jpg?resize=300%2C158\" alt=\"\" width=\"300\" height=\"158\" \/>1. <\/strong><strong>En las Reglas Comunes<\/strong><\/h2>\n<p style=\"padding-left: 30px\"><em>Y porque, seg\u00fan la Bula de fundaci\u00f3n de nuestra Congregaci\u00f3n,<\/em> <em>debemos venerar de una manera especial\u00edsima los inefables mis\u00ad<\/em><em>terios de la Sant\u00edsima Trinidad y de la Encarnaci\u00f3n, procurare\u00admos cumplirlo con el mayor cuidado y de todos los modos que<\/em> <em>podamos, pero principalmente cumpliendo estas tres cosas: [etc.]<\/em>(RC X, 2).<\/p>\n<p style=\"padding-left: 30px\"><em>Y porque, para venerar perfectamente estos misterios, no puede<\/em> <em>darse medio m\u00e1s excelente que el debido culto y el buen uso de la<\/em> <em>Sagrada Eucarist\u00eda, ya la consideremos como sacramento, ya<\/em> <em>como sacrificio, teniendo en cuenta que contiene en s\u00ed como un<\/em> <em>compendio de los dem\u00e1s misterios de la fe, y que por s\u00ed misma<\/em> <em>santifica y finalmente glorifica las almas de los que celebran como<\/em> <em>es debido y de los que comulgan dignamente, y de esta manera se<\/em> <em>da mucha gloria a Dios trino y uno y al Verbo encarnado [etc.]<\/em>(RC X, 3).<\/p>\n<p style=\"padding-left: 30px\"><em>Y ya que la misma Bula nos encarga adem\u00e1s que veneremos con<\/em> <em>particular culto a la Sant\u00edsima Virgen Mar\u00eda, a lo cual ya esta\u00admos obligados por diferentes t\u00edtulos; todos y cada uno, con la<\/em> <em>gracia de Dios, procuraremos cumplirlo perfectamente: [etc.]<\/em>(RC X, 4).<\/p>\n<h2><strong>2. <\/strong><strong>Una primera pregunta<\/strong><\/h2>\n<p>Una primera pregunta puede plantearse: \u00bfes corriente que las <em>Reglas et Costumbres,<\/em> o<em> Constituciones<\/em> de algunas Ordenes religio\u00adsas y otros Institutos, contengan la menci\u00f3n de los grandes misterios de la Fe, Trinidad, Encarnaci\u00f3n, Eucarist\u00eda como principios funda\u00admentales de la vida espiritual, o esto es raro, o incluso propio del Se\u00f1or Vicente?<\/p>\n<p>\u00a1El n\u00famero de estos Institutos es inmenso! He aqu\u00ed una r\u00e1pida investigaci\u00f3n sobre algunos:<\/p>\n<p>San PACOMIO muri\u00f3 en 346, s\u00f3lo algunos fragmentos han llegado hasta nosotros, los cuales permiten ver que las versiones posteriores, como aquella sobre la cual trabaj\u00f3 San Jer\u00f3nimo, son fiables. Ellas regulan la vida com\u00fan y la oraci\u00f3n, sin ning\u00fan art\u00edculo teol\u00f3gico.<\/p>\n<p>San BASILIO, 330-379, ha escrito dos<em> Reglas<\/em>; en las<em> largas,<\/em> el Cap\u00ed\u00adtulo 6, 1,<span id='easy-footnote-1-37388' class='easy-footnote-margin-adjust'><\/span><span class='easy-footnote'><a href='https:\/\/vincentians.com\/es\/fundamentos-teologicos-de-la-espiritualidad-vicenciana-en-las-reglas-comunes-de-la-c-m\/#easy-footnote-bottom-1-37388' title='MIGNE Grec, 31, 925A.'><sup>1<\/sup><\/a><\/span> ha inspirado quiz\u00e1 el cap\u00edtulo II, 2, de Vicente: \u00abHe ah\u00ed lo que hay que seguir si nosotros renunciamos a nosotros mismos y lle\u00advamos la Cruz del Cristo&#8230;: prepararse a sufrir la muerte por Cristo\u00bb, y al parecer nada m\u00e1s, ni tampoco en las<em> Reglas cortas.<\/em> Sus<em> Consti\u00ad<\/em><em>tuciones asc\u00e9ticas<\/em> comienzan as\u00ed: \u00abToda acci\u00f3n y toda palabra de nuestro Salvador Jesucristo es norma de piedad y virtud\u00bb,<span id='easy-footnote-2-37388' class='easy-footnote-margin-adjust'><\/span><span class='easy-footnote'><a href='https:\/\/vincentians.com\/es\/fundamentos-teologicos-de-la-espiritualidad-vicenciana-en-las-reglas-comunes-de-la-c-m\/#easy-footnote-bottom-2-37388' title='MIGNE Grec, 31, 1325A.'><sup>2<\/sup><\/a><\/span> \u00abJes\u00fas, que comenz\u00f3 a hacer luego a ense\u00f1ar\u00bb \u00bfser\u00eda un eco de esto? Pero no hay todav\u00eda ninguna menci\u00f3n de la Santa Trinidad. Ciertamente (san Basilio) compuso muchas obras teol\u00f3gicas y lleg\u00f3 a una profundiza\u00adci\u00f3n enorme en la teolog\u00eda del Esp\u00edritu Santo, sin embargo no habla de ello en sus<em> Reglas.<\/em><\/p>\n<p>San AGUSTIN, muerto en 430, nos dej\u00f3 una<em> Regla,<\/em> su Carta 211, dirigida a religiosas, de la cual los par\u00e1grafos 5 a 10 son la adapta\u00adci\u00f3n de una Regla de monjes.<span id='easy-footnote-3-37388' class='easy-footnote-margin-adjust'><\/span><span class='easy-footnote'><a href='https:\/\/vincentians.com\/es\/fundamentos-teologicos-de-la-espiritualidad-vicenciana-en-las-reglas-comunes-de-la-c-m\/#easy-footnote-bottom-3-37388' title='MIGNE Latin, 33, 960 y siguientes.'><sup>3<\/sup><\/a><\/span> La carta comienza en 1-4, por una exhortaci\u00f3n a la unidad, tras unas divisiones en la comunidad, y sigue con algunas directivas sobre la vida com\u00fan, las virtudes, la ora\u00adci\u00f3n, la obediencia, el comportamiento de los superiores, pero sin ning\u00fan p\u00e1rrafo teol\u00f3gico. Es cierto que San Agust\u00edn iba seguramente a predicarles. Dios sabe con qu\u00e9 profundidad habl\u00f3 y escribi\u00f3 sobre la Trinidad, pero eso no parece en dicha carta.<\/p>\n<p>La<em> Regla<\/em> de San BENITO, hacia 480-547, es seguramente la m\u00e1s conocida. La introducci\u00f3n es una invitaci\u00f3n a escuchar la voz del Se\u00f1or; viene a continuaci\u00f3n, despu\u00e9s de las normas de las virtudes y de la piedad, apoyadas en numerosas citas de la Escritura, una serie de normas para la organizaci\u00f3n de la vida en com\u00fan, el Oficio divino, y distintas cuestiones de administraci\u00f3n. Ninguna referencia a la Santa Trinidad ni a la Encarnaci\u00f3n.<\/p>\n<p>Podemos ir a las<em> Constituciones de la Compa\u00f1\u00eda de Jes\u00fas,<\/em> que tuvieron varias redacciones sucesivas, las primeras escritas por San IGNACIO, la \u00faltima y definitiva con algunas modificaciones de otros miembros, hacia el final de la vida de San Ignacio.<span id='easy-footnote-4-37388' class='easy-footnote-margin-adjust'><\/span><span class='easy-footnote'><a href='https:\/\/vincentians.com\/es\/fundamentos-teologicos-de-la-espiritualidad-vicenciana-en-las-reglas-comunes-de-la-c-m\/#easy-footnote-bottom-4-37388' title='Se les encuentra en franc\u00e9s, en la edicion del padre Courel, en dos tomos, editorial Descl\u00e9e de Brouwer, Christus n\u00ba 23 et 24, y en espa\u00f1ol, entre muchas otras, en&lt;em&gt; Obras,&lt;\/em&gt; edicion manual, Biblioteca de autores cristianos, paginas 433 a 695, con todas las versiones y reglas particulares.'><sup>4<\/sup><\/a><\/span>\n<p>En cuanto al Oratorio de Jes\u00fas, de Francia, en el cual particip\u00f3, en sus comienzos, el Se\u00f1or Vicente, a finales de noviembre de 1611, a su llegada al Curato de Clichy durante el a\u00f1o 1612, BERULLE escribi\u00f3 un gran numero de op\u00fasculos espirituales y teol\u00f3gicos, y su enorme<em> Dis\u00ad<\/em><em>curso del Estado y grandezas de Jes\u00fas<\/em> contiene muchas p\u00e1ginas sobre Trinidad, la Encarnaci\u00f3n, la Eucarist\u00eda y la Virgen Mar\u00eda, Madre de Dios. El escribi\u00f3 tambi\u00e9n un<em> Reglamento para la Instituci\u00f3n del Ora\u00ad<\/em><em>torio en sus comienzos,<\/em> que contiene, como otros, un orden del d\u00eda, vida com\u00fan y ejercicios de piedad, comenzando por actos de adora\u00adci\u00f3n, ofrenda e intenci\u00f3n a Jesucristo Nuestro Se\u00f1or y honrar a la muy Santa Virgen, especialmente como Madre de Dios. Esto parece nuevo y probablemente inspir\u00f3 un poco al Se\u00f1or Vicente, el cual dio a su Congregaci\u00f3n casi exactamente el mismo orden del d\u00eda y de la semana y muchas otras pr\u00e1cticas de la vida com\u00fan.<\/p>\n<p>Parece claro que el Se\u00f1or Vicente, es el \u00fanico en poner, por una parte, estos cuatro puntos en cabeza de las \u00abPr\u00e1cticas espirituales a observar en la Congregaci\u00f3n\u00bb, y por otra parte, en poner \u00abEncarna\u00adci\u00f3n\u00bb en lugar de \u00abNuestro Se\u00f1or Jesucristo\u00bb. Cierto no se trata m\u00e1s que de una palabra, pero esta palabra la ha dicho, y si no escribi\u00f3 tratados sobre ello, como otros, hizo conferencias para presentarlos.<\/p>\n<p>Por una parte, nombrar<strong> Sant\u00edsima Trinidad,<\/strong> verdad primera del cristianismo, lo que no hacen las otras Reglas, era capital, y por otra parte, escribir<strong> Encarnaci\u00f3n<\/strong> en vez de<strong> Jesucristo<\/strong> es muy significa\u00adtivo, yo dir\u00eda t\u00edpico, de la preocupaci\u00f3n apost\u00f3lica del Se\u00f1or Vicente. La palabra<strong> Jesucristo<\/strong> designa, es cierto, la persona de Jes\u00fas, verda\u00addero hombre y verdadero Dios, pero hasta cierto punto de una manera est\u00e1tica, su obra de salvaci\u00f3n est\u00e1 solamente sobreentendida, mientras que la palabra<strong> Encarnaci\u00f3n<\/strong> es din\u00e1mica, e indica no sola\u00admente la persona divino humana del Salvador, sino el movimiento del Hijo de Dios enviado por el Padre a tomar naturaleza humana,<strong> su<\/strong> <strong>misi\u00f3n,<\/strong> ya que desde al menos San AGUST\u00cdN se reconoce que las misiones no son solamente de Dios a los humanos, sino tambi\u00e9n del Padre al Hijo y al Esp\u00edritu Santo.<span id='easy-footnote-5-37388' class='easy-footnote-margin-adjust'><\/span><span class='easy-footnote'><a href='https:\/\/vincentians.com\/es\/fundamentos-teologicos-de-la-espiritualidad-vicenciana-en-las-reglas-comunes-de-la-c-m\/#easy-footnote-bottom-5-37388' title='San AGUSTIN,&lt;em&gt; De Trinitate,&lt;\/em&gt; liber II, seccion II, articulos IV, 6 a V, 10; y Santo TOMAS DE AQUINO, por su parte, en la&lt;em&gt; Suma Teologica,&lt;\/em&gt; Prima Pars, Question 43, 8 articulos.'><sup>5<\/sup><\/a><\/span>\n<h2><strong>3. San Vicente coment\u00f3 estas verdades a lo largo de los a\u00f1os en<\/strong> <strong>sus conferencias<\/strong><\/h2>\n<p>Los oyentes no tomaron nota de todas las conferencias, desafortu\u00adnadamente. S\u00f3lo a partir de 1645 las notas sobrepasan dos p\u00e1ginas, y las m\u00e1s completas y fieles son las tomadas por el Hermano Ducour\u00adnau, a partir de 1656.<\/p>\n<p>Peor todav\u00eda, en el saqueo de San L\u00e1zaro el 13 de julio de 1789, al principio de la Revoluci\u00f3n, la v\u00edspera de la toma de la Bastilla, todo fue devastado, desde las bodegas a los graneros, y archivos y biblio\u00adtecas lanzados por las ventanas; muchos documentos, sobre todo las hojas separadas, se perdieron; algunas recopilaciones de copias pudieron recogerse.<\/p>\n<p>La biograf\u00eda de Abelly nos da tambi\u00e9n un gran n\u00famero de extrac\u00adtos de conferencias cuyo original desapareci\u00f3 el 13 de julio de 1789, pero no est\u00e1n datados.<\/p>\n<p>Adem\u00e1s el Se\u00f1or Vicente aborda a menudo estos misterios en el millar de charlas sobre otros temas. Por fin, podemos a\u00fan conocer los temas abordados gracias a dos cohermanos que escribieron al menos los t\u00edtulos durante los 10 \u00faltimos a\u00f1os, y el Se\u00f1or Coste uni\u00f3 las dos listas, eso completa las Conferencias anotadas que llegaron hasta nosotros. Obtenemos esto:<\/p>\n<p>El habl\u00f3 de la<strong> Santa Trinidad<\/strong> los d\u00edas 24 de mayo 1652, 23 de mayo de 1655, 25 de mayo de 1657, 14 de junio de 1658. Adem\u00e1s habl\u00f3 accesoriamente en distintas charlas, incluso en un Consejo con las Hijas de la Caridad.<\/p>\n<p>Las Conferencias sobre el Esp\u00edritu Santo, ten\u00edan lugar para prepa\u00adrarse a Pentecost\u00e9s: 26 de mayo de 1651, 17 de mayo de 1652, en 1655, 2 de junio 1656, 18 de mayo de 1657. Lo evoca en muchas otras ocasiones, y lo invoca al final de muchas de sus cartas.<\/p>\n<p>Para celebrar bien la Navidad, trata de la<strong> Encarnaci\u00f3n,<\/strong> 24 de diciembre de 1650, 22 de diciembre de 1651, 18 de diciembre de 1654, 22 de diciembre de 1656.<\/p>\n<p>Habla de la<strong> Eucarist\u00eda,<\/strong> sea para la fiesta del Santo Sacramento, sea en otras circunstancias: sobre la comuni\u00f3n frecuente, hacia 1648, en la fiesta de Corpus Christi, el 31 de mayo de 1652; sobre la Santa Misa y la comuni\u00f3n, el 28 de junio de 1652, en junio de 1653, el 23 de febrero y el 2 de marzo de 1657, el 2 de junio de 1657, el 13 de junio de 1659, el 2 de mayo de 1660.<\/p>\n<p>Al parecer no tuvo conferencias sobre la<strong> Virgen Mar\u00eda<\/strong>, pero habla de ella relativamente a menudo, y muy a menudo con las Hijas de la Caridad.<\/p>\n<p>La profundidad de lo que dice en dos o tres frases, sobre lo que otros escribir\u00edan varias p\u00e1ginas, nos hace ver no s\u00f3lo que estudi\u00f3 y ense\u00f1\u00f3, sino sobre todo que debi\u00f3 estar iluminado por el Santo Esp\u00ed\u00adritu, ya que los te\u00f3logos aunque proponen an\u00e1lisis muy profundos, son m\u00e1s bien t\u00e9cnicos, intelectuales; en Vicente, es tambi\u00e9n vivo, animado.<\/p>\n<h2><strong>4. La Santa Trinidad<\/strong><\/h2>\n<p>Los pocos textos que nos llegaron nos permiten pensar que San Vicente pose\u00eda las espl\u00e9ndidas p\u00e1ginas de San AGUST\u00cdN y de Santo TOMAS sobre las relaciones entre las Personas divinas, las \u00abprocesio\u00adnes\u00bb, su circulaci\u00f3n de amor, para la cual los te\u00f3logos utilizaron, sin traducirlo, la bonita imagen de San Juan de Damasco, \u00abcoro de danza en redondo\u00bb, \u00abp\u00e9richor\u00e8se\u00bb, en griego y \u00abcircumincession\u00bb en los latin, palabras b\u00e1rbaras para designar una vida tan din\u00e1mica y po\u00e9tica, mientras que Santo TOMAS emplea afortunadamente la sen\u00adcilla palabra \u00abcirculaci\u00f3n\u00bb.<span id='easy-footnote-6-37388' class='easy-footnote-margin-adjust'><\/span><span class='easy-footnote'><a href='https:\/\/vincentians.com\/es\/fundamentos-teologicos-de-la-espiritualidad-vicenciana-en-las-reglas-comunes-de-la-c-m\/#easy-footnote-bottom-6-37388' title='Cf.&lt;em&gt; Questions Disput\u00e9es De Potentia,&lt;\/em&gt; Question 9, article 9.'><sup>6<\/sup><\/a><\/span>\n<p>Para Santo TOMAS, nuestro Dios, infinitamente perfecto, es cierta\u00admente inmutable, no cambia, pero no es inm\u00f3vil, inactivo, ni solita\u00adrio, trabaja siempre, como lo dice Jes\u00fas, en San Juan, 5,17, y crea sin cesar otros seres, y el Padre env\u00eda al Hijo y al Esp\u00edritu: las misiones divinas. El Se\u00f1or Vicente, molinista para la predestinaci\u00f3n, es tomista para todo el resto, y tiene el arte de decir en pocas frases, sobre las relaciones entre las Personas divinas y su actividad, lo que Santo TOMAS expone detenidamente, por ejemplo en los dos primeros art\u00edculos de la Cuesti\u00f3n I de las<em> Cuestiones Disputadas De Potentia.<\/em><\/p>\n<p>Dios es activo en s\u00ed mismo por lo que los primeros s\u00edmbolos de la fe llamaron procesiones, el Hijo procede del Padre, y el Esp\u00edritu Santo del Padre y del Hijo como de una sola fuente. Procesi\u00f3n supone un movimiento, \u00abprocedere\u00bb, en lat\u00edn, quiere decir ir ade\u00adlante, avanzar. Y la procesi\u00f3n del Hijo desde el Padre es una genera\u00adci\u00f3n, es engendrado, el Esp\u00edritu Santo es una \u00abespiraci\u00f3n\u00bb. Y este movimiento va tambi\u00e9n en retorno, como en un di\u00e1logo, intemporal, ciertamente eterno; el Hijo es eternamente engendrado por el Padre y espira al mismo tiempo con el Padre el Esp\u00edritu, en un retorno de amor.<\/p>\n<p>El \u00fanico pasaje que nos ha llegado, fue dicho a las Hijas de la Caridad el 28 de noviembre de 1649, en la Conferencia sobre las razones para trabajar a fin de ganarse una parte de su vida:<span id='easy-footnote-7-37388' class='easy-footnote-margin-adjust'><\/span><span class='easy-footnote'><a href='https:\/\/vincentians.com\/es\/fundamentos-teologicos-de-la-espiritualidad-vicenciana-en-las-reglas-comunes-de-la-c-m\/#easy-footnote-bottom-7-37388' title='SV IX, 489-490 (COSTE); SVP.ES IX, 444 ss.'><sup>7<\/sup><\/a><\/span>\n<p style=\"padding-left: 30px\"><em>\u00abEl mismo Dios trabaja continuamente, continuamente ha traba\u00ad<\/em><em>jado y trabajar\u00e1\u00bb.<\/em><\/p>\n<p style=\"padding-left: 30px\"><em>\u00abTrabaja desde toda la eternidad dentro de s\u00ed mismo por la gene\u00adraci\u00f3n eterna de su Hijo, que jam\u00e1s dejar\u00e1 de engendrar. El Padre<\/em> <em>y el Hijo no han dejado nunca de dialogar, y ese amor mutuo ha<\/em> <em>producido eternamente al Esp\u00edritu Santo, por el que han sido,<\/em> <em>son y ser\u00e1n distribuidas todas las gracias a los hombres\u00bb.<\/em><\/p>\n<p>Luego san Vicente pasa a la obra de la creaci\u00f3n:<\/p>\n<p style=\"padding-left: 30px\"><em>\u00abDios trabaja adem\u00e1s fuera de s\u00ed mismo, en la producci\u00f3n y con\u00ad<\/em><em>servaci\u00f3n de este gran universo, en los movimientos del cielo, en<\/em> <em>las influencias de los astros, en las producciones de la tierra y del<\/em> <em>mar, en la temperatura del aire, en la regulaci\u00f3n de las estaciones<\/em> <em>y en todo este orden tan hermoso que contemplamos en la natu\u00adraleza, y que se ver\u00eda destruido y volver\u00eda a la nada, si Dios no<\/em> <em>pusiese en \u00e9l sin cesar su mano\u00bb.<\/em><\/p>\n<p style=\"padding-left: 30px\"><em>\u00abAdem\u00e1s de este trabajo general, trabaja con cada uno en parti\u00ad<\/em><em>cular; trabaja con el artesano en su taller, con la mujer en su<\/em> <em>tarea, con la hormiga, con la abeja, para que hagan su recolec\u00adci\u00f3n, y esto incesantemente y sin parar jam\u00e1s\u00bb.<\/em><\/p>\n<p style=\"padding-left: 30px\"><em>\u00ab\u00bfY por qu\u00e9 trabaja? Por el hombre, mis queridas hermanas, por<\/em> <em>el hombre solamente, por conservarle la vida y por remediar todas<\/em> <em>sus necesidades. Pues bien, si un Dios, soberano de todo el<\/em> <em>mundo, no ha estado ni un solo momento sin trabajar por dentro<\/em> <em>y por fuera desde que el mundo es mundo, y hasta en las produc\u00adciones m\u00e1s bajas de la tierra, a las que presta su concurso, \u00a1cu\u00e1n<\/em> <em>razonable es que nosotros, criaturas suyas, trabajemos, como se<\/em> <em>ha dicho, con el sudor de nuestras frentes!\u00bb.<\/em><\/p>\n<p>Muy r\u00e1pidamente, Vicente pasa no solamente a la obra de Crea\u00adci\u00f3n, sino tambi\u00e9n a la<strong> presencia de la Trinidad en las criaturas,<\/strong> pero sobre todo, por la gracia, por habitaci\u00f3n, en los corazones de los bautizados, que deber\u00edan imitar, seg\u00fan su naturaleza limitada, la uni\u00f3n de las tres Personas.<\/p>\n<p>El primer pasaje que nos queda sobre este aspecto nos ha llegado por una Hija de la Caridad, lo que pone de manifiesto que ellas hab\u00edan interiorizado bien las ense\u00f1anzas del Se\u00f1or Vicente. Fue el 26 de abril de 1643, en una conferencia sobre la uni\u00f3n:<span id='easy-footnote-8-37388' class='easy-footnote-margin-adjust'><\/span><span class='easy-footnote'><a href='https:\/\/vincentians.com\/es\/fundamentos-teologicos-de-la-espiritualidad-vicenciana-en-las-reglas-comunes-de-la-c-m\/#easy-footnote-bottom-8-37388' title='SV IX, 98 (COSTE); SVP.ES IX, 107.'><sup>8<\/sup><\/a><\/span>\n<p style=\"padding-left: 30px\"><em>\u00abLa uni\u00f3n me parece que es la imagen de la sant\u00edsima Trinidad.<\/em> <em>Las tres personas no son m\u00e1s que un solo y mismo Dios; est\u00e1n<\/em> <em>unidas desde toda la eternidad por el amor. De esta forma no\u00ad<\/em><em>sotras no tenemos que ser m\u00e1s que un solo cuerpo en varias personas, unidas juntamente con vistas a un mismo fin, por<\/em> <em>amor a Dios. Por el contrario, la desuni\u00f3n me parece que es la<\/em> <em>imagen del infierno, donde los diablos y los condenados est\u00e1n en<\/em> <em>perpetua discordia y odio\u00bb.<\/em><\/p>\n<p>En otra oportunidad, es en el Consejo de las Hermanas, Santa Luisa ha sugerido que las Hermanas se ayuden \u00abrec\u00edprocamente una a la otra\u00bb, San Vicente se lanza con una larga exposici\u00f3n a la vez teol\u00f3gica y pr\u00e1ctica, que no fue seguramente f\u00e1cil de seguir por todas, pero que sin embargo una Hermana la tom\u00f3 en notas, el 19 de junio de 1647:<span id='easy-footnote-9-37388' class='easy-footnote-margin-adjust'><\/span><span class='easy-footnote'><a href='https:\/\/vincentians.com\/es\/fundamentos-teologicos-de-la-espiritualidad-vicenciana-en-las-reglas-comunes-de-la-c-m\/#easy-footnote-bottom-9-37388' title='SV XIII, 633-634; SVP.ES X, 766.'><sup>9<\/sup><\/a><\/span>\n<p style=\"padding-left: 30px\"><em>\u00abHace mucho tiempo que llevo deseando y ser\u00eda para m\u00ed un gran<\/em> <em>consuelo que nuestras hermanas hubieran llegado a tal extremo<\/em> <em>de respeto entre s\u00ed que la gente de fuera no pudiese conocer nunca<\/em> <em>cu\u00e1l de las hermanas es la hermana sirviente. Porque mirad, hijas<\/em> <em>m\u00edas, lo mismo que Dios no es m\u00e1s que uno en s\u00ed, y hay en Dios<\/em> <em>tres personas, sin que el Padre sea mayor que el Hijo, ni el Hijo<\/em> <em>superior al Esp\u00edritu Santo, tambi\u00e9n es preciso que las Hijas de la<\/em> <em>Caridad, que tienen que ser la imagen de la sant\u00edsima Trinidad,<\/em> <em>aun cuando sean muchas, sin embargo no tienen que ser m\u00e1s<\/em> <em>que un solo coraz\u00f3n y una sola alma\u00bb.<\/em><\/p>\n<p style=\"padding-left: 30px\"><em>\u00abY lo mismo que en las sagradas personas de la sant\u00edsima Trini\u00addad, las operaciones, aunque sean diversas y se atribuyan a cada<\/em> <em>una en particular, tienen relaci\u00f3n una con la otra, sin que por<\/em> <em>atribuir la sabidur\u00eda al Hijo y la bondad al Esp\u00edritu Santo se pre\u00adtenda que el Padre est\u00e1 privado de estos dos atributos, ni que la<\/em> <em>tercera persona carezca del poder del Padre o de la sabidur\u00eda del<\/em> <em>Hijo, de la misma forma es preciso que entre las hijas de la Cari\u00ad<\/em><em>dad la que est\u00e9 encargada de los pobres tenga relaci\u00f3n con la que<\/em> <em>cuida de los ni\u00f1os, y la que cuida de los ni\u00f1os con la que atiende<\/em> <em>a los pobres\u00bb.<\/em><\/p>\n<p style=\"padding-left: 30px\"><em>\u00abTambi\u00e9n me gustar\u00eda que las hermanas se conformasen en esto a<\/em> <em>la sant\u00edsima Trinidad, que como el Padre se entrega totalmente al<\/em> <em>Hijo y el Hijo se entrega totalmente al Padre, de donde procede el<\/em> <em>Esp\u00edritu Santo, de la misma manera ellas sean totalmente la una<\/em> <em>de la otra para producir las obras de caridad que se atribuyen al<\/em> <em>Esp\u00edritu Santo, a fin de parecerse a la sant\u00edsima Trinidad. Porque<\/em> <em>mirad, hijas m\u00edas, el que dice caridad dice Dios; vosotras sois<\/em> <em>hijas de la Caridad; entonces ten\u00e9is que formaros en todo lo que<\/em> <em>pod\u00e1is a imagen de Dios. A esto es a lo que atienden todas las<\/em> <em>comunidades que aspiran a la perfecci\u00f3n\u00bb.<\/em><\/p>\n<p>La acci\u00f3n creadora de la Santa Trinidad es tambi\u00e9n Providencia, pero aun m\u00e1s, Dios es amor, el amor tiende a extenderse, a difun\u00addirse: La Trinidad asocia a sus criaturas, y especialmente a los huma\u00adnos, a su actividad de Providencia. Es una verdadera espiritualidad de la gesti\u00f3n de los bienes materiales la que Vicente nos ense\u00f1a, y que es rara o inexistente en los autores espirituales. He aqu\u00ed las refe\u00adrencias: 28 de abril de 1638, a Antoine Portail,<span id='easy-footnote-10-37388' class='easy-footnote-margin-adjust'><\/span><span class='easy-footnote'><a href='https:\/\/vincentians.com\/es\/fundamentos-teologicos-de-la-espiritualidad-vicenciana-en-las-reglas-comunes-de-la-c-m\/#easy-footnote-bottom-10-37388' title='SV I, 475; SVP.ES I, 475.'><sup>10<\/sup><\/a><\/span> \u2013 en 1656, Avisos a Antoine Durand,<span id='easy-footnote-11-37388' class='easy-footnote-margin-adjust'><\/span><span class='easy-footnote'><a href='https:\/\/vincentians.com\/es\/fundamentos-teologicos-de-la-espiritualidad-vicenciana-en-las-reglas-comunes-de-la-c-m\/#easy-footnote-bottom-11-37388' title='SV I, 475; SVP.ES I, 475.'><sup>11<\/sup><\/a><\/span> \u2013 a las Hijas de la Caridad, 11 de noviembre de 1657,<span id='easy-footnote-12-37388' class='easy-footnote-margin-adjust'><\/span><span class='easy-footnote'><a href='https:\/\/vincentians.com\/es\/fundamentos-teologicos-de-la-espiritualidad-vicenciana-en-las-reglas-comunes-de-la-c-m\/#easy-footnote-bottom-12-37388' title='SV X, 332; SVP.ES IX, 914 s.'><sup>12<\/sup><\/a><\/span> \u2013 21 de febrero de 1659.<span id='easy-footnote-13-37388' class='easy-footnote-margin-adjust'><\/span><span class='easy-footnote'><a href='https:\/\/vincentians.com\/es\/fundamentos-teologicos-de-la-espiritualidad-vicenciana-en-las-reglas-comunes-de-la-c-m\/#easy-footnote-bottom-13-37388' title='SV XII, 142; SVP.ES IX, 438.'><sup>13<\/sup><\/a><\/span>\n<p>Citemos solamente la m\u00e1s clara, a los misioneros, el 13 de diciem\u00adbre de 1658:<span id='easy-footnote-14-37388' class='easy-footnote-margin-adjust'><\/span><span class='easy-footnote'><a href='https:\/\/vincentians.com\/es\/fundamentos-teologicos-de-la-espiritualidad-vicenciana-en-las-reglas-comunes-de-la-c-m\/#easy-footnote-bottom-14-37388' title='SV XII, 110-111; SVP.ES XI, 413.'><sup>14<\/sup><\/a><\/span>\n<p style=\"padding-left: 30px\"><em>\u00ab\u00a1Dios m\u00edo!, la necesidad nos obliga a poseer bienes perecederos y<\/em> <em>a conservar en la compa\u00f1\u00eda lo que Dios le ha dado; pero hemos<\/em> <em>de aplicarnos a esos bienes lo mismo que Dios se aplica a produ\u00ad<\/em><em>cir y a conservar las cosas temporales para ornato del mundo y<\/em> <em>alimento de sus criaturas, de modo que cuida hasta de un<\/em> <em>insecto; lo cual no impide sus operaciones interiores, por las que<\/em> <em>engendra a su Hijo y produce al Esp\u00edritu Santo; hace \u00e9stas sin<\/em> <em>dejar aquellas<\/em>.<span id='easy-footnote-15-37388' class='easy-footnote-margin-adjust'><\/span><span class='easy-footnote'><a href='https:\/\/vincentians.com\/es\/fundamentos-teologicos-de-la-espiritualidad-vicenciana-en-las-reglas-comunes-de-la-c-m\/#easy-footnote-bottom-15-37388' title='Santo TOM\u00c1S dice expresamente en las&lt;em&gt; Quaestiones disputatae de Veritate,&lt;\/em&gt; q. 2, art. 2, ad 2:&lt;em&gt; Deus maxime ad essentiam suma redit quia omnibus provi\u00ad&lt;\/em&gt;&lt;em&gt;dens ac per hoc in omnia quodam modo exiens at procedens in se ipso fixus et&lt;\/em&gt; &lt;em&gt;immisus ceteris permanet.&lt;\/em&gt;&lt;\/p&gt;\n&lt;p style=&quot;padding-left: 30px&quot;&gt;Dios manifiesta su esencia en que siendo Providencia total para todos los seres y por lo tanto como saliendo de s\u00ed y procediendo en cierto modo en la creaci\u00f3n, permanece estable en si mismo e \u00edntimamente unido a los otros seres.&lt;\/p&gt;\n&lt;p style=&quot;padding-left: 30px&quot;&gt;La raz\u00f3n de esto se nos da en las&lt;em&gt; Quaestiones Dispurarae de Potencia,&lt;\/em&gt; q. 2, art. 6: En Dios, ser \u00fanico y simple, no hay realmente poderes distintos (el poder de engendrar a proceder de las Personas y el poder de crear) y as\u00ed no se pueden separar y s\u00f3lo soe distinguen por os actos. Las Personas, por otra parte, no son tres dioses, pero son realmente distintas, ya que no son poderes sino relaciones. Por eso las personas son coeternas, mientras que la creaci\u00f3n no lo es.&lt;\/p&gt;\n&lt;p style=&quot;padding-left: 30px&quot;&gt;Una vez m\u00e1s podemos notar que San Vicente fue un te\u00f3logo agudo e ins\u00adtruido.&lt;\/p&gt;\n&lt;p style=&quot;padding-left: 30px&quot;&gt;Por supuesto, este pensamiento seguramente se encontrar\u00e1 en otros auto\u00adres antiguos.'><sup>15<\/sup><\/a><\/span> <em>As\u00ed pues, lo mismo que Dios se complace en pro\u00ad<\/em><em>porcionar alimento a las plantas, a los animales y a los hombres,<\/em> <em>tambi\u00e9n los encargados de este peque\u00f1o mundo de la compa\u00f1\u00eda<\/em> <em>tienen que atender a las necesidades de los particulares que la componen. No hay m\u00e1s remedio que hacerlo as\u00ed Dios m\u00edo; si no,<\/em> <em>todo lo que tu providencia les ha dado para su mantenimiento se<\/em> <em>perder\u00eda, tu servicio cesar\u00eda y no podr\u00edamos ir gratuitamente a<\/em> <em>evangelizar a los pobres\u00bb.<\/em><\/p>\n<p>Esta actividad intratrinitaria de las Personas se completa por la <strong>Creaci\u00f3n<\/strong> de seres distintos de Dios y las<strong> Misiones divinas,<\/strong> como el pr\u00f3logo de San Juan nos lo ense\u00f1a: el Verbo, la Palabra, era Dios y por \u00e9l todo fue hecho. Adem\u00e1s de la creaci\u00f3n, el Verbo fue enviado para reparar la humanidad deteriorada por el pecado; la<strong> Encarna\u00adci\u00f3n,<\/strong> que va a ser presentada a continuaci\u00f3n.<\/p>\n<p>Antes de eso, content\u00e9monos con dos pasajes sobre la Misi\u00f3n del Esp\u00edritu Santo. El 30 de julio de 1651 escribe a Anne Hardemont, Hermana sirviente en Hennebont.<span id='easy-footnote-16-37388' class='easy-footnote-margin-adjust'><\/span><span class='easy-footnote'><a href='https:\/\/vincentians.com\/es\/fundamentos-teologicos-de-la-espiritualidad-vicenciana-en-las-reglas-comunes-de-la-c-m\/#easy-footnote-bottom-16-37388' title='SV IV, 235-236; SVP.ES IV, 228-229.'><sup>16<\/sup><\/a><\/span>\n<p style=\"padding-left: 30px\"><em>\u00abEn fin, vivan todas unidas, sin tener m\u00e1s que un solo coraz\u00f3n y<\/em> <em>una sola alma, a fin de que por esta uni\u00f3n de esp\u00edritu sean una<\/em> <em>verdadera imagen de la unidad de Dios, ya que su n\u00famero repre\u00ad<\/em><em>senta a las tres personas de la Sant\u00edsima Trinidad\u00bb.<\/em><\/p>\n<p style=\"padding-left: 30px\"><em>\u00abLe pido para ello<strong> al Esp\u00edritu Santo, que es la uni\u00f3n del Padre<\/strong><\/em> <strong><em>y del hijo, que sea igualmente la de ustedes,<\/em><\/strong><em> que les d\u00e9 una<\/em> <em>profunda paz en medio de las contradicciones y de las dificulta\u00ad<\/em><em>des, que necesariamente tendr\u00e1n que existir alrededor de los<\/em> <em>pobres\u00bb.<\/em><\/p>\n<p>En sus cartas recuerda frecuentemente al Esp\u00edritu Santo, con fre\u00adcuentes invocaciones. En las Conferencias pasa muy f\u00e1cilmente de \u00abel esp\u00edritu de Nuestro Se\u00f1or\u00bb, en sentido de mentalidad, al \u00abEspir\u00edtu como Persona\u00bb. Otras veces, en fin, mantiene los dos punto de vista, como en este texto a los misioneros, el 13 de diciembre de 1658, donde pasa del siempre estado de gracia santificante a lo que llama\u00admos la v\u00eda m\u00edstica: la acci\u00f3n de Dios en nosotros.<\/p>\n<p>Est\u00e1 comentando los art\u00edculos 2 y 3 de las<em> Reglas Comunes,<\/em> sobre los miembros de la Compa\u00f1\u00eda y sus empleos:<span id='easy-footnote-17-37388' class='easy-footnote-margin-adjust'><\/span><span class='easy-footnote'><a href='https:\/\/vincentians.com\/es\/fundamentos-teologicos-de-la-espiritualidad-vicenciana-en-las-reglas-comunes-de-la-c-m\/#easy-footnote-bottom-17-37388' title='SV XII, 107-108; SVP.ES XI\/3, 410-411.'><sup>17<\/sup><\/a><\/span>\n<p style=\"padding-left: 30px\"><em>\u00abLa regla dice que, para hacer esto, lo mismo que para tender a la<\/em> <em>perfecci\u00f3n, hay que revestirse del esp\u00edritu de Jesucristo. \u00a1Oh Sal\u00advador! \u00a1Oh padre! \u00a1Qu\u00e9 negocio tan importante \u00e9ste de revestirse<\/em> <em>del esp\u00edritu de Jesucristo!\u00bb.<\/em><\/p>\n<p style=\"padding-left: 30px\"><em>\u00abPara entenderlo bien, hemos de saber que su esp\u00edritu est\u00e1 exten\u00addido por todos los cristianos que viven seg\u00fan las reglas del cris\u00adtianismo\u00bb.<\/em><\/p>\n<p style=\"padding-left: 30px\"><em>\u00abPero \u00bfcu\u00e1l es este esp\u00edritu que se ha derramado de esta forma?<\/em> <em>Cuando se dice: \u2018El esp\u00edritu de nuestro Se\u00f1or est\u00e1 en tal persona<\/em> <em>o en tales obras\u2019, \u00bfc\u00f3mo se entiende esto? \u00bfEs que se ha derra\u00ad<\/em><em>mado sobre ellas el mismo Esp\u00edritu Santo? S\u00ed, el Esp\u00edritu Santo,<\/em> <em>en cuanto su persona, se derrama sobre los justos y habita per\u00ad<\/em><em>sonalmente en ellos. Cuando se dice que el Esp\u00edritu Santo act\u00faa<\/em> <em>en una persona, quiere decirse que este Esp\u00edritu, al habitar en<\/em> <em>ella, le da las mismas inclinaciones y disposiciones que ten\u00eda<\/em> <em>Jesucristo en la tierra, y \u00e9stas le hacen obrar, no digo que con la<\/em> <em>misma perfecci\u00f3n, pero s\u00ed seg\u00fan la medida de los dones de este<\/em> <em>divino Esp\u00edritu\u00bb.<\/em><\/p>\n<p>Por fin, el Se\u00f1or Vicente sabe presentar de manera viva y muy profundamente teol\u00f3gica la doctrina tradicional seg\u00fan la cual la<strong> Tri\u00ad<\/strong><strong>nidad habita en el alma que vive en gracia.<\/strong> S\u00f3lo tenemos un pasaje del Se\u00f1or Vicente, pero tambi\u00e9n muy fuerte y din\u00e1mico, vivo, expresado en t\u00e9rminos bastante claros para que sintamos que Vicente no repite una lecci\u00f3n, sino que comunica luces recibidas. Lo dec\u00eda a los misioneros, en Pentecost\u00e9s, sin indicaci\u00f3n de a\u00f1o:<span id='easy-footnote-18-37388' class='easy-footnote-margin-adjust'><\/span><span class='easy-footnote'><a href='https:\/\/vincentians.com\/es\/fundamentos-teologicos-de-la-espiritualidad-vicenciana-en-las-reglas-comunes-de-la-c-m\/#easy-footnote-bottom-18-37388' title='SV XI, 44; SVP.ES XI, 336-337.'><sup>18<\/sup><\/a><\/span>\n<p style=\"padding-left: 30px\"><em>\u00abSi amamos a nuestro Se\u00f1or, seremos amados por su Padre (8),<\/em> <em>que es tanto como decir que su Padre querr\u00e1 nuestro bien, y esto<\/em> <em>de dos maneras: la primera, complaci\u00e9ndose en nosotros, como<\/em> <em>un padre con su hijo; y la segunda, d\u00e1ndonos sus gracias, las de<\/em> <em>la fe, la esperanza y la caridad por la efusi\u00f3n de su Esp\u00edritu<\/em> <em>Santo, que habitar\u00e1 en nuestras almas (9), lo mismo que se lo<\/em> <em>da hoy a los ap\u00f3stoles, permiti\u00e9ndoles hacer las maravillas que<\/em> <em>hicieron\u00bb.<\/em><\/p>\n<p style=\"padding-left: 30px\"><em>\u00abLa segunda ventaja de amar a nuestro Se\u00f1or consiste en que el<\/em> <em>Padre, el Hijo y el Esp\u00edritu Santo vienen al alma que ama a nues\u00adtro Se\u00f1or (10), lo cual tiene lugar: 1. \u00b0 por la ilustraci\u00f3n de nues\u00adtro entendimiento; 2. \u00b0 por los impulsos interiores que nos dan de<\/em> <em>su amor, por sus inspiraciones, por los sacramentos, etc\u00e9tera\u00bb.<\/em> <em>\u00abEl tercer efecto del amor de nuestro Se\u00f1or a las almas es que no<\/em> <em>s\u00f3lo las ama el Padre, y vienen a ellas las tres divinas personas,<\/em> <em>sino que moran en ellas. El alma que ama a nuestro Se\u00f1or es la<\/em> <em>morada del Padre, del Hijo y del Esp\u00edritu Santo, donde el Padre<\/em> <em>engendra perpetuamente a su Hijo y donde el Esp\u00edritu Santo es<\/em> <em>producido incesantemente por el Padre y el Hijo\u00bb.<\/em><\/p>\n<p>\u00bfNos damos cuenta de que esto no es presentado como una simple presencia inm\u00f3vil, sino que verdaderamente las operaciones interio\u00adres de la Trinidad, las procesiones y las relaciones de las Personas, no se hacen en una especie de cielo de donde la Trinidad se extender\u00eda hasta el alma de cada uno, sino que cada alma en estado de gracia, de \u00abcaridad\u00bb es de verdad este cielo?<\/p>\n<h2><strong>5. La Encarnaci\u00f3n<\/strong><\/h2>\n<p>Ya no tenemos las conferencias para prepararse a la Navidad, pero nos quedan algunas frases, en sus cartas en torno a esta fiesta, y muchas otras elevaciones.<\/p>\n<h3><strong>5.1.<\/strong><strong><em> El env\u00edo del Hijo por el Padre <\/em><\/strong><\/h3>\n<p>El 23 de mayo de 1655, hablando de la obediencia, (san Vicente) contempla el env\u00edo, la Misi\u00f3n del Hijo, por el Padre,<strong> en el seno de la<\/strong> <strong>Trinidad<\/strong>:<span id='easy-footnote-19-37388' class='easy-footnote-margin-adjust'><\/span><span class='easy-footnote'><a href='https:\/\/vincentians.com\/es\/fundamentos-teologicos-de-la-espiritualidad-vicenciana-en-las-reglas-comunes-de-la-c-m\/#easy-footnote-bottom-19-37388' title='SV X, 85-86; SVP.ES IX, 716-717.'><sup>19<\/sup><\/a><\/span>\n<p style=\"padding-left: 30px\"><em>\u00abCuando el Padre eterno quiso enviar a su Hijo al mundo, le pro\u00adpuso todas las cosas que ten\u00eda que hacer y padecer. Ya conoc\u00e9is<\/em> <em>la vida de Nuestro Se\u00f1or, c\u00f3mo estuvo llena de sufrimientos. Su<\/em> <em>Padre le dijo: \u2018Permitir\u00e9 que seas despreciado y rechazado por<\/em> <em>todos, que Herodes te haga huir desde tus primeros a\u00f1os, que<\/em> <em>seas tenido por un idiota, que recibas maldiciones por tus obras<\/em> <em>milagrosas; en una palabra, permitir\u00e9 que todas las criaturas se<\/em> <em>pongan contra ti\u2019.<\/em><\/p>\n<p><em>Eso es lo que el Padre eterno le propuso al Hijo, que le respondi\u00f3:<\/em> <em>\u2018Padre, har\u00e9 todo lo que me mandes\u2019. Esto nos demuestra que hay<\/em> <em>que obedecer en todas las cosas en general\u00bb.<\/em><\/p>\n<h3><strong>5.2.<\/strong><strong><em> El amor y el descenso <\/em><\/strong><\/h3>\n<p>En cuanto<strong> al aspecto terrestre de la Encarnaci\u00f3n,<\/strong> (san Vicente) nos ofrece varias consideraciones.<\/p>\n<p>En primer lugar,<strong> el abajamiento<\/strong> que representa, como San Pablo sabe mostrarlo a los Filipenses, en su cap\u00edtulo 2,5-11. Siguiendo a B\u00e9rulle, al Se\u00f1or Vicente le gusta meditar el anonadamiento del Hijo de Dios. Tres d\u00edas antes de la Navidad de 1656, el Se\u00f1or Vicente ter\u00admina as\u00ed una carta a un cohermano:<span id='easy-footnote-20-37388' class='easy-footnote-margin-adjust'><\/span><span class='easy-footnote'><a href='https:\/\/vincentians.com\/es\/fundamentos-teologicos-de-la-espiritualidad-vicenciana-en-las-reglas-comunes-de-la-c-m\/#easy-footnote-bottom-20-37388' title='SV VI, 150; SVP.ES VI, 144.'><sup>20<\/sup><\/a><\/span>\n<p style=\"padding-left: 30px\"><em>\u00abPor aqu\u00ed no tenemos m\u00e1s novedad que el misterio que se nos<\/em> <em>acerca y que nos har\u00e1 ver al Salvador del mundo como anona<\/em><em>dado bajo la forma de un ni\u00f1o. Espero que nos encontraremos juntos a los pies de su cuna para pedirle que nos lleve tras \u00e9l en<\/em> <em>su humillaci\u00f3n\u00bb.<\/em><\/p>\n<p>Estas palabras de abajamiento, de anonadamiento, se encuentran muy menudo en \u00e9l, referidas a Jes\u00fas, y como modelo para nosotros. Pero no tienen nunca un colorido sombr\u00edo y estrecho. M\u00e1s bien, muestra la fuerza del amor que empujaba a Dios a esta empresa. Por eso debemos unir los dos: amor y abajamiento.<\/p>\n<p>El 1 de enero de 1644, en una conferencia sobre la uni\u00f3n, una Hermana que ha tomado la palabra, expresa bien el v\u00ednculo entre el <strong>amor y el abajamiento<\/strong>:<span id='easy-footnote-21-37388' class='easy-footnote-margin-adjust'><\/span><span class='easy-footnote'><a href='https:\/\/vincentians.com\/es\/fundamentos-teologicos-de-la-espiritualidad-vicenciana-en-las-reglas-comunes-de-la-c-m\/#easy-footnote-bottom-21-37388' title='SV IX, 144; SVP.ES IX, 146.'><sup>21<\/sup><\/a><\/span>\n<p style=\"padding-left: 30px\"><em>\u00abNuestro buen Dios nos ha amado tanto, y con un amor tan cor\u00addial, que se quiso entregar a s\u00ed mismo, y se rebaj\u00f3 hasta hacerse<\/em> <em>como un pecador\u00bb.<\/em><\/p>\n<p>Conservamos el proyecto de una conferencia con la cual, en 1645, el Se\u00f1or Vicente reconfortaba a un hermano que iba a morir:<span id='easy-footnote-22-37388' class='easy-footnote-margin-adjust'><\/span><span class='easy-footnote'><a href='https:\/\/vincentians.com\/es\/fundamentos-teologicos-de-la-espiritualidad-vicenciana-en-las-reglas-comunes-de-la-c-m\/#easy-footnote-bottom-22-37388' title='SV XI, 145-147; SVP.ES XI, 65.'><sup>22<\/sup><\/a><\/span>\n<p style=\"padding-left: 30px\"><em>\u00abEse enamorado de nuestros corazones, al ver que, por desgracia,<\/em> <em>el pecado hab\u00eda estropeado y borrado esa semejanza, quiso rom\u00adper todas las leyes de la naturaleza para reparar ese da\u00f1o, pero<\/em> <em>con la ventaja maravillosa de que no se content\u00f3 con devolvernos<\/em> <em>la semejanza y el car\u00e1cter de su divinidad, sino que quiso, con el<\/em> <em>mismo proyecto de que le am\u00e1semos, hacerse semejante a noso\u00adtros y revestirse de nuestra misma humanidad\u00bb.<\/em><\/p>\n<h3><strong>5.3.<\/strong><strong><em> Este coraz\u00f3n del Hijo de Dios&#8230; <\/em><\/strong><\/h3>\n<p>La expresi\u00f3n Sagrado Corazon no se empleaba a\u00fan habitual\u00admente, a pesar de que \u00e9l hab\u00eda visto, al llegar a Ch\u00e2tillon les Dombes, en 1617, un cuadro del Sagrado Coraz\u00f3n sobre el altar de la Capilla del Rosario (Inventario por el notario). Dice simplemente \u00abel Coraz\u00f3n de Jes\u00fas\u00bb. Leamos esta palabra encendida, en la conferencia del 22 de agosto de 1655 a los misioneros:<span id='easy-footnote-23-37388' class='easy-footnote-margin-adjust'><\/span><span class='easy-footnote'><a href='https:\/\/vincentians.com\/es\/fundamentos-teologicos-de-la-espiritualidad-vicenciana-en-las-reglas-comunes-de-la-c-m\/#easy-footnote-bottom-23-37388' title='SV XI, 291; SVP.ES XI\/3, 190.'><sup>23<\/sup><\/a><\/span>\n<p style=\"padding-left: 30px\"><em>\u00abBien, pid\u00e1mosle a Dios que d\u00e9 a la compa\u00f1\u00eda ese esp\u00edritu, ese<\/em> <em>coraz\u00f3n, ese coraz\u00f3n que nos hace ir a cualquier parte, ese co\u00ad<\/em><em>raz\u00f3n del Hijo de Dios, el coraz\u00f3n de nuestro Se\u00f1or, que nos<\/em> <em>dispone a ir como \u00e9l ir\u00eda y como \u00e9l habr\u00eda ido si hubiera cre\u00eddo<\/em> <em>conveniente su sabidur\u00eda eterna marchar a predicar la conversi\u00f3n<\/em> <em>a las naciones pobres\u00bb.<\/em><\/p>\n<p style=\"padding-left: 30px\"><em>\u00abPara eso envi\u00f3 \u00e9l a sus ap\u00f3stoles; y nos env\u00eda a nosotros como a<\/em> <em>ellos, para llevar a todas partes su fuego, a todas partes. Ignem<\/em> <em>veni mittere in terram, et quid volo nisi ut accendatur (3); llevar<\/em> <em>a todas partes ese fuego divino, ese fuego de amor y temor de<\/em> <em>Dios, por todo el mundo: la Berber\u00eda, las Indias, el Jap\u00f3n\u00bb.<\/em><\/p>\n<p>En plena conferencia, o en plena carta, (san Vicente) deja escapar efusiones sobre Cristo que son tanto m\u00e1s reveladoras cuanto que nunca ha pretendido escribir obras de m\u00edstica. Citemos solamente un pasaje sobre el amor inmenso de Jes\u00fas para con nosotros, el 13 de diciembre de 1658, a los misioneros:<span id='easy-footnote-24-37388' class='easy-footnote-margin-adjust'><\/span><span class='easy-footnote'><a href='https:\/\/vincentians.com\/es\/fundamentos-teologicos-de-la-espiritualidad-vicenciana-en-las-reglas-comunes-de-la-c-m\/#easy-footnote-bottom-24-37388' title='SV XII, 109; SVP.ES XI\/3, 411-412.'><sup>24<\/sup><\/a><\/span>\n<p style=\"padding-left: 30px\"><em>\u00abY su amor, \u00bfc\u00f3mo era? \u00a1Oh, qu\u00e9 amor! \u00a1Salvador m\u00edo, cu\u00e1n<\/em> <em>grande era el amor que ten\u00edas a tu Padre! \u00bfPod\u00eda acaso tener un<\/em> <em>amor m\u00e1s grande, hermanos m\u00edos, que anonadarse por \u00e9l? Pues<\/em> <em>san Pablo, al hablar del nacimiento del Hijo de D;os en la tierra,<\/em> <em>dice que se anonad\u00f3 (Fil 2,17). \u00bfPod\u00eda testimoniar un amor<\/em> <em>mayor que muriendo por su amor de la forma en que lo hizo?<\/em> <em>(Jn 15,13) \u00ab.<\/em><\/p>\n<p style=\"padding-left: 30px\"><em>\u00abSus humillaciones no eran m\u00e1s que amor; su trabajo era amor,<\/em> <em>sus sufrimientos amor, sus oraciones amor, y todas sus operacio\u00ad<\/em><em>nes exteriores e interiores no eran m\u00e1s que actos repetidos de su<\/em> <em>amor. Su amor le dio un gran desprecio del mundo, desprecio del<\/em> <em>esp\u00edritu del mundo, desprecio de los bienes, desprecio de los pla\u00ad<\/em><em>ceres y desprecio de los honores\u00bb.<\/em><\/p>\n<p style=\"padding-left: 30px\"><em>\u00abHe aqu\u00ed una descripci\u00f3n del esp\u00edritu de nuestro Se\u00f1or, del que<\/em> <em>hemos de revestirnos, que consiste, en una palabra, en tener siem\u00adpre una gran estima y un gran amor de Dios. Jesucristo estaba<\/em> <em>tan lleno de \u00e9l que no hac\u00eda nada por s\u00ed mismo ni por buscar su<\/em> <em>satisfacci\u00f3n: Quae placita sunt ei, facio semper (25); hago siem\u00ad<\/em><em>pre la voluntad de mi Padre; hago siempre las. acciones y las<\/em> <em>obras que le agradan\u00bb.<\/em><\/p>\n<p>Ser\u00eda necesario releer tambi\u00e9n el bonito pasaje sobre la caridad, en la conferencia del 30 de mayo de 1659 a los misioneros, a la que pertenece esta frase:<span id='easy-footnote-25-37388' class='easy-footnote-margin-adjust'><\/span><span class='easy-footnote'><a href='https:\/\/vincentians.com\/es\/fundamentos-teologicos-de-la-espiritualidad-vicenciana-en-las-reglas-comunes-de-la-c-m\/#easy-footnote-bottom-25-37388' title='SV XII, 264; SVP.ES XI, 555.'><sup>25<\/sup><\/a><\/span>\n<p style=\"padding-left: 30px\"><em>\u00ab\u00a1Oh Salvador! \u00a1Fuente de amor humillado hasta nosotros y<\/em> <em>hasta un suplicio infame! \u00bfQui\u00e9n ha amado en esto al pr\u00f3jimo<\/em> <em>m\u00e1s que t\u00fa? Viniste a exponerte a todas nuestras miserias, a<\/em> <em>tomar la forma de pecador, a llevar una vida de sufrimiento y a<\/em> <em>padecer por nosotros una muerte ignominiosa; \u00bfhay amor seme\u00ad<\/em><em>jante? \u00bfQui\u00e9n podr\u00eda amar de una forma tan supereminente?\u00bb.<\/em><\/p>\n<h3><strong>5.4.<\/strong><strong><em> En el momento de su venida a la tierra<\/em><\/strong><\/h3>\n<p>Es de notar que, siguiendo a los Padres de la Iglesia y a B\u00e9rulle, el Se\u00f1or Vicente no contempla la Encarnaci\u00f3n solamente en el mo\u00admento de Navidad, sino que liga su nacimiento sobre la tierra a toda su vida y a su Pasi\u00f3n: est\u00e1 ya aqu\u00ed toda la espiritualidad de las Her\u00admanas de Gethsemani&#8230;<\/p>\n<p>Pero Vicente la medit\u00f3 tambi\u00e9n<strong> en el momento de su venida a<\/strong> <strong>la tierra, en la Virgen Mar\u00eda, en la Anunciaci\u00f3n.<\/strong> El 26 de septiem\u00adbre de 1659, en una conferencia a los misioneros sobre el Oficio divino y la importancia de la alabanza, \u00e9l insiste en el sentido de la adoraci\u00f3n, el reconocimiento de la grandeza de Dios, la virtud de religi\u00f3n, \u2014 que es una de las marcas de la Escuela Francesa de espi\u00adritualidad:<span id='easy-footnote-26-37388' class='easy-footnote-margin-adjust'><\/span><span class='easy-footnote'><a href='https:\/\/vincentians.com\/es\/fundamentos-teologicos-de-la-espiritualidad-vicenciana-en-las-reglas-comunes-de-la-c-m\/#easy-footnote-bottom-26-37388' title='SV XII, 326-327; SVP.ES XI\/4, 606.'><sup>26<\/sup><\/a><\/span>\n<p style=\"padding-left: 30px\"><em>\u00ab\u00bfSab\u00e9is, hermanos m\u00edos, que el primer acto de la religi\u00f3n es la<\/em> <em>alabanza de Dios? M\u00e1s a\u00fan: esto est\u00e1 incluso por encima del<\/em> <em>sacrificio&#8230; Hay que reconocer la esencia y la existencia de Dios y<\/em> <em>tener alg\u00fan conocimiento de sus perfecciones antes de ofrecerle<\/em> <em>un sacrificio, esto es natural&#8230;\u00bb.<\/em><\/p>\n<p style=\"padding-left: 30px\"><em>\u00abTan cierto es esto que Dios observ\u00f3 este mismo orden en la<\/em> <em>encarnaci\u00f3n. Cuando el \u00e1ngel fue a saludar a la sant\u00edsima Virgen,<\/em> <em>empez\u00f3 por reconocer que estaba llena de las gracias del cielo:<\/em> <em>&#8230; As\u00ed lo reconoce y la alaba como llena de gracia\u00bb.<\/em><\/p>\n<p style=\"padding-left: 30px\"><em>\u00ab\u00bfY qu\u00e9 hace luego? Aquel hermoso regalo de la segunda persona<\/em> <em>de la sant\u00edsima Trinidad; el Esp\u00edritu Santo, reuniendo la sangre<\/em> <em>m\u00e1s pura de la sant\u00edsima Virgen, form\u00f3 con ella un cuerpo, luego<\/em> <em>cre\u00f3 Dios un alma para informar aquel cuerpo y a continuaci\u00f3n<\/em> <em>el Verbo se uni\u00f3 a aquella alma y a aquel cuerpo por una uni\u00f3n<\/em> <em>admirable, y de esta forma el Esp\u00edritu Santo realiz\u00f3 el misterio<\/em> <em>inefable de la encarnaci\u00f3n. La alabanza precedi\u00f3 al sacrificio\u00bb.<\/em><\/p>\n<p>Podremos meditar con \u00e9l en la Pasi\u00f3n, durante una conferencia a los misioneros, sobre la mansedumbre, el 28 de marzo de 1659:<span id='easy-footnote-27-37388' class='easy-footnote-margin-adjust'><\/span><span class='easy-footnote'><a href='https:\/\/vincentians.com\/es\/fundamentos-teologicos-de-la-espiritualidad-vicenciana-en-las-reglas-comunes-de-la-c-m\/#easy-footnote-bottom-27-37388' title='SV XII, 192-194; SVP.ES IX, 1104.'><sup>27<\/sup><\/a><\/span>\n<p style=\"padding-left: 30px\"><em>&#8230; Meditemos todo eso, Se\u00f1ores; encontraremos actos extraordi\u00ad<\/em><em>narios de mansedumbre que sobrepasan el entendimiento huma\u00ad<\/em><em>no, y consideramos como \u00e9l conserva esta mansedumbre por<\/em> <em>todas partes&#8230;<\/em><\/p>\n<h3><strong>5.5.<\/strong><strong><em> Insiste para que vivamos de Jes\u00fas<\/em><\/strong><\/h3>\n<p>Retengamos al menos lo que escribe el 1 mayo de 1635 a su pri\u00admer compa\u00f1ero de misi\u00f3n, Antoine Portail, con motivo del fracaso en una misi\u00f3n:<span id='easy-footnote-28-37388' class='easy-footnote-margin-adjust'><\/span><span class='easy-footnote'><a href='https:\/\/vincentians.com\/es\/fundamentos-teologicos-de-la-espiritualidad-vicenciana-en-las-reglas-comunes-de-la-c-m\/#easy-footnote-bottom-28-37388' title='SV I, 295; SVP.ES I, 320.'><sup>28<\/sup><\/a><\/span>\n<p style=\"padding-left: 30px\"><em>\u00abAcu\u00e9rdese, padre, de que vivimos en Jesucristo por la muerte en<\/em> <em>Jesucristo, y que hemos de morir en Jesucristo por la vida de<\/em> <em>Jesucristo, y que nuestra vida tiene que estar oculta en Jesucristo<\/em> <em>y llena de Jesucristo, y que, para morir como Jesucristo, hay que<\/em> <em>vivir como Jesucristo. Pues bien, puestos estos fundamentos,<\/em> <em>d\u00e9monos al menosprecio, a la verg\u00fcenza, a la ignominia y des\u00ad<\/em><em>aprobemos los honores que recibimos, la buena reputaci\u00f3n y los<\/em> <em>aplausos que se nos dan y no hagamos nada que no sea para este<\/em> <em>fin. Trabajemos humilde y respetuosamente&#8230; No se le cree a un<\/em> <em>hombre porque sea muy sabio, sino porque lo juzgamos bueno y<\/em> <em>lo apreciamos\u00bb.<\/em><\/p>\n<p>Terminemos con el hecho de que<strong> nuestra fe en la Encarnaci\u00f3n<\/strong> <strong>debe abrirse en la oraci\u00f3n.<\/strong> \u00bfPensamos a todo eso cada vez que reci\u00adtamos el \u00c1ngelus, si a\u00fan lo recitamos? El Se\u00f1or Vicente incitaba a las Hijas de la Caridad a estar atentas:<span id='easy-footnote-29-37388' class='easy-footnote-margin-adjust'><\/span><span class='easy-footnote'><a href='https:\/\/vincentians.com\/es\/fundamentos-teologicos-de-la-espiritualidad-vicenciana-en-las-reglas-comunes-de-la-c-m\/#easy-footnote-bottom-29-37388' title='SV X, 570; SVP.ES IX, 104.'><sup>29<\/sup><\/a><\/span>\n<p style=\"padding-left: 30px\"><em>\u00abSe trata de una oraci\u00f3n para dar gracias a Dios por haber venido<\/em> <em>a este mundo a encarnarse por nuestra salvaci\u00f3n&#8230; Hay que tener<\/em> <em>la intenci\u00f3n de dar gracias a Dios por ese gran misterio siempre<\/em> <em>que oig\u00e1is el sonido de la campana&#8230;\u00bb.<\/em><\/p>\n<h2><strong>6. Nos dej\u00f3 bonitas meditaciones sobre la Eucarist\u00eda<\/strong><\/h2>\n<p>Nos contentaremos de el peque\u00f1o resumen que es el p\u00e1rrafo 3 del cap\u00edtulo X de las Reglas.<\/p>\n<p style=\"padding-left: 30px\"><em>\u00abY porque, para venerar perfectamente estos misterios, no puede<\/em> <em>darse medio m\u00e1s excelente que el debido culto y el buen uso de la<\/em> <em>Sagrada Eucarist\u00eda, ya la consideremos como sacramento, ya<\/em> <em>como sacrificio, teniendo en cuenta que contiene en s\u00ed como un<\/em> <em>compendio de los dem\u00e1s misterios de la fe, y que por s\u00ed misma<\/em> <em>santifica y finalmente glorifica las almas de los que celebran como<\/em> <em>es debido y de los que comulgan dignamente, y de esta manera se da mucha gloria a Dios trino y uno y al Verbo encarnado\u00bb.<\/em><\/p>\n<p style=\"padding-left: 30px\"><em>\u00abPor eso en ninguna cosa pondremos tanto empe\u00f1o como en tri\u00ad<\/em><em>butar a este sacramento y sacrificio el culto y honor debidos y en procurar que los dem\u00e1s le tributen el mismo honor y la misma<\/em> <em>reverencia, y esto procuraremos cumplirlo con el mayor esmero,<\/em> <em>en especial impidiendo, en cuanto est\u00e9 de nuestra parte, que se<\/em> <em>cometa contra \u00e9l la menor irreverencia, de palabra y obra, y ense\u00ad<\/em><em>\u00f1ando con diligencia a los dem\u00e1s lo que deben creer acerca de<\/em> <em>este inefable misterio, y c\u00f3mo deben venerarle\u00bb.<\/em><\/p>\n<h2><strong>7. Nos exhorta por fin a venerar a la V<\/strong><strong>\u00edrgen Mar\u00eda<\/strong><\/h2>\n<p>San Vicente) recomend\u00f3 a sus Misioneros el amor por la Virgen, justo despu\u00e9s de la Santa Trinidad, la Encarnaci\u00f3n y la Santa Euca\u00adrist\u00eda, en el n\u00ba 4 del cap\u00edtulo X de sus<em> Reglas Comunes<\/em>:<\/p>\n<p style=\"padding-left: 30px\"><em>Y ya que la misma Bula nos encarga adem\u00e1s que veneremos con<\/em> <em>particular culto a la Sant\u00edsima Virgen Mar\u00eda, a lo cual ya esta\u00ad<\/em><em>mos obligados por diferentes t\u00edtulos; todos y cada uno, con la gra\u00adcia de Dios, procuraremos cumplirlo perfectamente: 1. Haciendo<\/em> <em>todos los d\u00edas con especial devoci\u00f3n alg\u00fan obsequio a esta dign\u00ed\u00ad<\/em><em>sima Madre de Dios y nuestra. 2. Imitando, en cuanto nos sea<\/em> <em>posible, sus virtudes, especialmente su humildad y su pureza.<\/em> <em>3. Exhortando ardientemente a los dem\u00e1s, siempre que oportu\u00ad<\/em><em>namente podamos, a que constantemente le tributen el mayor<\/em> <em>honor que puedan.<\/em><\/p>\n<p>A menudo ha meditado las virtudes de Nuestra Se\u00f1ora.<\/p>\n<p>Coment\u00f3 seguramente<strong> el Magnificat,<\/strong> ya que lo que sigue no es una simple chispa fugitiva, sino el eco de efusiones m\u00e1s desarrolla\u00addas. En efecto, el 24 de julio de 1655, tiene una manera original y muy din\u00e1mica de parafrasearlo:<span id='easy-footnote-30-37388' class='easy-footnote-margin-adjust'><\/span><span class='easy-footnote'><a href='https:\/\/vincentians.com\/es\/fundamentos-teologicos-de-la-espiritualidad-vicenciana-en-las-reglas-comunes-de-la-c-m\/#easy-footnote-bottom-30-37388' title='SV XI, 203-204; SVP.ES XI, 122-123.'><sup>30<\/sup><\/a><\/span>\n<p style=\"padding-left: 30px\"><em>\u00a1Quiera la bondad de Dios darnos el esp\u00edritu, que los anima y un<\/em> <em>coraz\u00f3n grande, ancho, inmenso! Magnificat anima mea Domi\u00adnum!: es preciso que nuestra alma engrandezca y ensalce a Dios,<\/em> <em>y para ello que Dios ensanche nuestra alma, que nos d\u00e9 amplitud<\/em> <em>de entendimiento para conocer bien la grandeza, la inmensidad<\/em> <em>del poder y de la bondad de Dios; para conocer hasta d\u00f3nde llega<\/em> <em>la obligaci\u00f3n que tenemos de servirle, de glorificarle de todas las<\/em> <em>formas posibles; anchura de voluntad, para abrazar todas las oca\u00ad<\/em><em>siones de procurar la gloria de Dios. Si nada podemos por noso\u00ad<\/em><em>tros mismos, lo podemos todo con Dios.<\/em><\/p>\n<p>No puso la obligaci\u00f3n del rosario a los Misioneros, ya que tienen el Breviario, pero lo puso en la Regla de las Hijas de la Caridad, ya que el rosario se instituy\u00f3 progresivamente, a partir de los Padres del desierto, para los que no sab\u00edan leer, y que recitaban 150 \u00abave\u00bb en lugar de los 150 salmos que los otros recitaban cada d\u00eda; m\u00e1s tarde, despu\u00e9s de Santo Domingo, se agrega la meditaci\u00f3n de los misterios. Y San Vicente hab\u00eda obtenido en 1650, para los Misioneros en Mada\u00adgascar, entre otras facultades, la 23\u00ba, de recitar el Rosario u otros rezos si no pod\u00edan llevar el Breviario (que era entonces voluminoso y pesado).<span id='easy-footnote-31-37388' class='easy-footnote-margin-adjust'><\/span><span class='easy-footnote'><a href='https:\/\/vincentians.com\/es\/fundamentos-teologicos-de-la-espiritualidad-vicenciana-en-las-reglas-comunes-de-la-c-m\/#easy-footnote-bottom-31-37388' title='SV XIII, 321; SVP.ES X, 385.'><sup>31<\/sup><\/a><\/span> Eso ilustra lo que explica a las Hermanas, el 8 de diciem\u00adbre de 1658, el valor profundo del rosario:<span id='easy-footnote-32-37388' class='easy-footnote-margin-adjust'><\/span><span class='easy-footnote'><a href='https:\/\/vincentians.com\/es\/fundamentos-teologicos-de-la-espiritualidad-vicenciana-en-las-reglas-comunes-de-la-c-m\/#easy-footnote-bottom-32-37388' title='SV X, 620-621; SVP.ES IX, 1146.'><sup>32<\/sup><\/a><\/span>\n<p style=\"padding-left: 30px\"><em>Ya sab\u00e9is la importancia que tiene hacer bien esta oraci\u00f3n, ya que<\/em> <em>de todas las oraciones solamente \u00e9sta, o sea el Padrenueslro, fue<\/em> <em>la que ense\u00f1\u00f3 Nuestro Se\u00f1or a los ap\u00f3stoles; y es esta misma ora\u00adci\u00f3n, al menos en su parte principal, la que compone el rosario.<\/em> <em>\u00abCuando rec\u00e9is, les dijo, decid: Padre nuestro que est\u00e1s en los<\/em> <em>cielos, etc\u00e9tera\u00bb (Mt 6,9). Imagin\u00e9monos, mis queridas hijas, que<\/em> <em>est\u00e1 en medio de nosotros y que nos dice lo mismo.<\/em><\/p>\n<p style=\"padding-left: 30px\"><em>La otra oraci\u00f3n de la que est\u00e1 compuesto el rosario es el Avema\u00adr\u00eda, que fue hecha por el Esp\u00edritu Santo. La empez\u00f3 el \u00e1ngel al<\/em> <em>saludar a la sant\u00edsima Virgen y la continu\u00f3 santa Isabel cuando<\/em> <em>fue visitada por su prima; la Iglesia a\u00f1adi\u00f3 todo lo dem\u00e1s. De<\/em> <em>forma que esta oraci\u00f3n est\u00e1 inspirada por el Esp\u00edritu Santo.<\/em><\/p>\n<p style=\"padding-left: 30px\"><em>As\u00ed pues, hijas m\u00edas, el rosario es una oraci\u00f3n muy eficaz,<\/em> <em>cuando se hace bien&#8230; Por eso vemos a tantas almas santas uni\u00addas para alabar a Dios y a la sant\u00edsima Virgen.<\/em><\/p>\n<p style=\"padding-left: 30px\"><em>Y ten\u00e9is que tener cuidado de cumplir bien con lo mandado; es<\/em> <em>vuestro breviario.<\/em><\/p>\n<p>Concluyamos con una frase de la<strong> consagraci\u00f3n de las Hijas de<\/strong> <strong>la Caridad a la Virgen,<\/strong> el 8 de agosto de 1655, con una f\u00f3rmula extraordinariamente actual:<span id='easy-footnote-33-37388' class='easy-footnote-margin-adjust'><\/span><span class='easy-footnote'><a href='https:\/\/vincentians.com\/es\/fundamentos-teologicos-de-la-espiritualidad-vicenciana-en-las-reglas-comunes-de-la-c-m\/#easy-footnote-bottom-33-37388' title='SV X, 105; SVP.ES XI, 733.'><sup>33<\/sup><\/a><\/span>\n<p style=\"padding-left: 30px\"><strong><em>Santa Virgen, que hablas para los que no tienen lengua y<\/em><\/strong> <strong><em>no pueden hablar,<\/em><\/strong><em> te suplicamos que asistas a esta peque\u00f1a<\/em> <em>Compa\u00f1\u00eda.<\/em><\/p>\n<p>&nbsp;<\/p>\n","protected":false},"excerpt":{"rendered":"<p>1. En las Reglas Comunes Y porque, seg\u00fan la Bula de fundaci\u00f3n de nuestra Congregaci\u00f3n, debemos venerar de una manera especial\u00edsima los inefables mis\u00adterios de la Sant\u00edsima Trinidad y de la Encarnaci\u00f3n, procurare\u00admos cumplirlo con &#8230; <a href=\"https:\/\/vincentians.com\/es\/fundamentos-teologicos-de-la-espiritualidad-vicenciana-en-las-reglas-comunes-de-la-c-m\/\" class=\"more-link\">Read More<\/a><\/p>\n","protected":false},"author":4,"featured_media":0,"comment_status":"open","ping_status":"open","sticky":false,"template":"","format":"standard","meta":{"jetpack_post_was_ever_published":false,"_jetpack_newsletter_access":"","_jetpack_dont_email_post_to_subs":false,"_jetpack_newsletter_tier_id":0,"_jetpack_memberships_contains_paywalled_content":false,"_jetpack_memberships_contains_paid_content":false,"footnotes":"","jetpack_publicize_message":"","jetpack_publicize_feature_enabled":true,"jetpack_social_post_already_shared":true,"jetpack_social_options":{"image_generator_settings":{"template":"highway","default_image_id":0,"font":"","enabled":false},"version":2}},"categories":[16],"tags":[218,224,148,127,139,143,147],"class_list":["post-37388","post","type-post","status-publish","format-standard","hentry","category-congregacion-de-la-mision","tag-abelly","tag-berulle","tag-clichy","tag-portail","tag-san-benito","tag-san-lazaro","tag-santo-domingo","no-post-thumbnail"],"yoast_head":"<!-- This site is optimized with the Yoast SEO plugin v26.3 - https:\/\/yoast.com\/wordpress\/plugins\/seo\/ -->\n<title>Fundamentos teol\u00f3gicos de la espiritualidad Vicenciana en las Reglas Comunes de la C.M. - Somos Vicencianos<\/title>\n<meta name=\"robots\" content=\"index, follow, max-snippet:-1, max-image-preview:large, max-video-preview:-1\" \/>\n<link rel=\"canonical\" href=\"http:\/\/vincentians.com\/es\/fundamentos-teologicos-de-la-espiritualidad-vicenciana-en-las-reglas-comunes-de-la-c-m\/\" \/>\n<meta property=\"og:locale\" content=\"es_ES\" \/>\n<meta property=\"og:type\" content=\"article\" \/>\n<meta property=\"og:title\" content=\"Fundamentos teol\u00f3gicos de la espiritualidad Vicenciana en las Reglas Comunes de la C.M. - Somos Vicencianos\" \/>\n<meta property=\"og:description\" content=\"1. En las Reglas Comunes Y porque, seg\u00fan la Bula de fundaci\u00f3n de nuestra Congregaci\u00f3n, debemos venerar de una manera especial\u00edsima los inefables mis\u00adterios de la Sant\u00edsima Trinidad y de la Encarnaci\u00f3n, procurare\u00admos cumplirlo con ... Read More\" \/>\n<meta property=\"og:url\" content=\"http:\/\/vincentians.com\/es\/fundamentos-teologicos-de-la-espiritualidad-vicenciana-en-las-reglas-comunes-de-la-c-m\/\" \/>\n<meta property=\"og:site_name\" content=\"Somos Vicencianos\" \/>\n<meta property=\"article:publisher\" content=\"https:\/\/www.facebook.com\/WeAreVincentians\/\" \/>\n<meta property=\"article:author\" content=\"https:\/\/www.facebook.com\/JavierChento\" \/>\n<meta property=\"article:published_time\" content=\"2017-02-11T07:39:52+00:00\" \/>\n<meta property=\"og:image\" content=\"http:\/\/vincentians.com\/es\/wp-content\/uploads\/sites\/11\/2015\/04\/profetismo-fb-300x158.jpg\" \/>\n<meta name=\"author\" content=\"Francisco Javier Fern\u00e1ndez Chento\" \/>\n<meta name=\"twitter:card\" content=\"summary_large_image\" \/>\n<meta name=\"twitter:creator\" content=\"@https:\/\/twitter.com\/javierchento\" \/>\n<meta name=\"twitter:site\" content=\"@WeVincentians\" \/>\n<meta name=\"twitter:label1\" content=\"Escrito por\" \/>\n\t<meta name=\"twitter:data1\" content=\"Francisco Javier Fern\u00e1ndez Chento\" \/>\n\t<meta name=\"twitter:label2\" content=\"Tiempo de lectura\" \/>\n\t<meta name=\"twitter:data2\" content=\"36 minutos\" \/>\n<script type=\"application\/ld+json\" class=\"yoast-schema-graph\">{\"@context\":\"https:\/\/schema.org\",\"@graph\":[{\"@type\":\"Article\",\"@id\":\"http:\/\/vincentians.com\/es\/fundamentos-teologicos-de-la-espiritualidad-vicenciana-en-las-reglas-comunes-de-la-c-m\/#article\",\"isPartOf\":{\"@id\":\"http:\/\/vincentians.com\/es\/fundamentos-teologicos-de-la-espiritualidad-vicenciana-en-las-reglas-comunes-de-la-c-m\/\"},\"author\":{\"name\":\"Francisco Javier Fern\u00e1ndez Chento\",\"@id\":\"http:\/\/vincentians.com\/es\/#\/schema\/person\/9623ef4d9aa3b2dfb8c061f1499288f2\"},\"headline\":\"Fundamentos teol\u00f3gicos de la espiritualidad Vicenciana en las Reglas Comunes de la C.M.\",\"datePublished\":\"2017-02-11T07:39:52+00:00\",\"mainEntityOfPage\":{\"@id\":\"http:\/\/vincentians.com\/es\/fundamentos-teologicos-de-la-espiritualidad-vicenciana-en-las-reglas-comunes-de-la-c-m\/\"},\"wordCount\":7282,\"commentCount\":0,\"publisher\":{\"@id\":\"http:\/\/vincentians.com\/es\/#organization\"},\"image\":{\"@id\":\"http:\/\/vincentians.com\/es\/fundamentos-teologicos-de-la-espiritualidad-vicenciana-en-las-reglas-comunes-de-la-c-m\/#primaryimage\"},\"thumbnailUrl\":\"http:\/\/vincentians.com\/es\/wp-content\/uploads\/sites\/11\/2015\/04\/profetismo-fb-300x158.jpg\",\"keywords\":[\"Abelly\",\"Berulle\",\"Clichy\",\"Portail\",\"San Benito\",\"San L\u00e1zaro\",\"Santo Domingo\"],\"articleSection\":[\"Congregaci\u00f3n de la Misi\u00f3n\"],\"inLanguage\":\"es\",\"potentialAction\":[{\"@type\":\"CommentAction\",\"name\":\"Comment\",\"target\":[\"http:\/\/vincentians.com\/es\/fundamentos-teologicos-de-la-espiritualidad-vicenciana-en-las-reglas-comunes-de-la-c-m\/#respond\"]}]},{\"@type\":\"WebPage\",\"@id\":\"http:\/\/vincentians.com\/es\/fundamentos-teologicos-de-la-espiritualidad-vicenciana-en-las-reglas-comunes-de-la-c-m\/\",\"url\":\"http:\/\/vincentians.com\/es\/fundamentos-teologicos-de-la-espiritualidad-vicenciana-en-las-reglas-comunes-de-la-c-m\/\",\"name\":\"Fundamentos teol\u00f3gicos de la espiritualidad Vicenciana en las Reglas Comunes de la C.M. - Somos Vicencianos\",\"isPartOf\":{\"@id\":\"http:\/\/vincentians.com\/es\/#website\"},\"primaryImageOfPage\":{\"@id\":\"http:\/\/vincentians.com\/es\/fundamentos-teologicos-de-la-espiritualidad-vicenciana-en-las-reglas-comunes-de-la-c-m\/#primaryimage\"},\"image\":{\"@id\":\"http:\/\/vincentians.com\/es\/fundamentos-teologicos-de-la-espiritualidad-vicenciana-en-las-reglas-comunes-de-la-c-m\/#primaryimage\"},\"thumbnailUrl\":\"http:\/\/vincentians.com\/es\/wp-content\/uploads\/sites\/11\/2015\/04\/profetismo-fb-300x158.jpg\",\"datePublished\":\"2017-02-11T07:39:52+00:00\",\"breadcrumb\":{\"@id\":\"http:\/\/vincentians.com\/es\/fundamentos-teologicos-de-la-espiritualidad-vicenciana-en-las-reglas-comunes-de-la-c-m\/#breadcrumb\"},\"inLanguage\":\"es\",\"potentialAction\":[{\"@type\":\"ReadAction\",\"target\":[\"http:\/\/vincentians.com\/es\/fundamentos-teologicos-de-la-espiritualidad-vicenciana-en-las-reglas-comunes-de-la-c-m\/\"]}]},{\"@type\":\"ImageObject\",\"inLanguage\":\"es\",\"@id\":\"http:\/\/vincentians.com\/es\/fundamentos-teologicos-de-la-espiritualidad-vicenciana-en-las-reglas-comunes-de-la-c-m\/#primaryimage\",\"url\":\"http:\/\/vincentians.com\/es\/wp-content\/uploads\/sites\/11\/2015\/04\/profetismo-fb-300x158.jpg\",\"contentUrl\":\"http:\/\/vincentians.com\/es\/wp-content\/uploads\/sites\/11\/2015\/04\/profetismo-fb-300x158.jpg\"},{\"@type\":\"BreadcrumbList\",\"@id\":\"http:\/\/vincentians.com\/es\/fundamentos-teologicos-de-la-espiritualidad-vicenciana-en-las-reglas-comunes-de-la-c-m\/#breadcrumb\",\"itemListElement\":[{\"@type\":\"ListItem\",\"position\":1,\"name\":\"Portada\",\"item\":\"http:\/\/vincentians.com\/es\/\"},{\"@type\":\"ListItem\",\"position\":2,\"name\":\"Fundamentos teol\u00f3gicos de la espiritualidad Vicenciana en las Reglas Comunes de la C.M.\"}]},{\"@type\":\"WebSite\",\"@id\":\"http:\/\/vincentians.com\/es\/#website\",\"url\":\"http:\/\/vincentians.com\/es\/\",\"name\":\"Somos Vicencianos\",\"description\":\"Know more to serve more\",\"publisher\":{\"@id\":\"http:\/\/vincentians.com\/es\/#organization\"},\"potentialAction\":[{\"@type\":\"SearchAction\",\"target\":{\"@type\":\"EntryPoint\",\"urlTemplate\":\"http:\/\/vincentians.com\/es\/?s={search_term_string}\"},\"query-input\":{\"@type\":\"PropertyValueSpecification\",\"valueRequired\":true,\"valueName\":\"search_term_string\"}}],\"inLanguage\":\"es\"},{\"@type\":\"Organization\",\"@id\":\"http:\/\/vincentians.com\/es\/#organization\",\"name\":\"The Vincentian Network\",\"url\":\"http:\/\/vincentians.com\/es\/\",\"logo\":{\"@type\":\"ImageObject\",\"inLanguage\":\"es\",\"@id\":\"http:\/\/vincentians.com\/es\/#\/schema\/logo\/image\/\",\"url\":\"https:\/\/i1.wp.com\/vincentians.com\/es\/wp-content\/uploads\/sites\/11\/2016\/06\/Vincentian-Network-logo-big.png?fit=778%2C778\",\"contentUrl\":\"https:\/\/i1.wp.com\/vincentians.com\/es\/wp-content\/uploads\/sites\/11\/2016\/06\/Vincentian-Network-logo-big.png?fit=778%2C778\",\"width\":778,\"height\":778,\"caption\":\"The Vincentian Network\"},\"image\":{\"@id\":\"http:\/\/vincentians.com\/es\/#\/schema\/logo\/image\/\"},\"sameAs\":[\"https:\/\/www.facebook.com\/WeAreVincentians\/\",\"https:\/\/x.com\/WeVincentians\"]},{\"@type\":\"Person\",\"@id\":\"http:\/\/vincentians.com\/es\/#\/schema\/person\/9623ef4d9aa3b2dfb8c061f1499288f2\",\"name\":\"Francisco Javier Fern\u00e1ndez Chento\",\"image\":{\"@type\":\"ImageObject\",\"inLanguage\":\"es\",\"@id\":\"http:\/\/vincentians.com\/es\/#\/schema\/person\/image\/\",\"url\":\"https:\/\/secure.gravatar.com\/avatar\/497d5cde87b4c3d097d0315953521681ba2cd523ee66e5077c3711f7021e65de?s=96&d=mm&r=g\",\"contentUrl\":\"https:\/\/secure.gravatar.com\/avatar\/497d5cde87b4c3d097d0315953521681ba2cd523ee66e5077c3711f7021e65de?s=96&d=mm&r=g\",\"caption\":\"Francisco Javier Fern\u00e1ndez Chento\"},\"description\":\"Director General y cofundador de La Red de Formaci\u00f3n Vicenciana. Javier es laico vicenciano, afiliado a la Congregaci\u00f3n de la Misi\u00f3n y miembro del Equipo de Misiones Populares de la provincia can\u00f3nica de Zaragoza (Espa\u00f1a) de la Congregaci\u00f3n de la Misi\u00f3n. Graduado en la Universidad Oberta de Catalunya con cuatro grados (Asistente de direcci\u00f3n, Gesti\u00f3n Administrativa, Recursos Humanos y Contabilidad Avanzada). Bil\u00edng\u00fce Espa\u00f1ol\/Ingl\u00e9s. gestiona y mantiene varias p\u00e1ginas web cristianas y vicencianas, incluida including La Red de Formaci\u00f3n Vicenciana, de la que es cofundador. Actualmente es responsable del \u00e1rea de Espa\u00f1ol de .famvin, la Red de Noticias de la Familia Vicenciana. Tambi\u00e9n es m\u00fasico cat\u00f3lico y ha editado varios discos. Es Director General y cofundador de Trovador, una reconocida compa\u00f1\u00eda discogr\u00e1fica critiana de Espa\u00f1a. Trabaja en las Tecnolog\u00edas de la Informaci\u00f3n, ofreciendo servicios de alojamiento, dise\u00f1o y mantenimiento Web, as\u00ed como asesoramiento, formaci\u00f3n y soluciones inform\u00e1ticas, gesti\u00f3n documental y digitalizaci\u00f3n de textos, edici\u00f3n y maquetaci\u00f3n de libros, revistas, flyers, etc.\",\"sameAs\":[\"http:\/\/chento.org\",\"https:\/\/www.facebook.com\/JavierChento\",\"https:\/\/x.com\/https:\/\/twitter.com\/javierchento\"],\"url\":\"https:\/\/vincentians.com\/es\/author\/chento\/\"}]}<\/script>\n<!-- \/ Yoast SEO plugin. -->","yoast_head_json":{"title":"Fundamentos teol\u00f3gicos de la espiritualidad Vicenciana en las Reglas Comunes de la C.M. - Somos Vicencianos","robots":{"index":"index","follow":"follow","max-snippet":"max-snippet:-1","max-image-preview":"max-image-preview:large","max-video-preview":"max-video-preview:-1"},"canonical":"http:\/\/vincentians.com\/es\/fundamentos-teologicos-de-la-espiritualidad-vicenciana-en-las-reglas-comunes-de-la-c-m\/","og_locale":"es_ES","og_type":"article","og_title":"Fundamentos teol\u00f3gicos de la espiritualidad Vicenciana en las Reglas Comunes de la C.M. - Somos Vicencianos","og_description":"1. En las Reglas Comunes Y porque, seg\u00fan la Bula de fundaci\u00f3n de nuestra Congregaci\u00f3n, debemos venerar de una manera especial\u00edsima los inefables mis\u00adterios de la Sant\u00edsima Trinidad y de la Encarnaci\u00f3n, procurare\u00admos cumplirlo con ... Read More","og_url":"http:\/\/vincentians.com\/es\/fundamentos-teologicos-de-la-espiritualidad-vicenciana-en-las-reglas-comunes-de-la-c-m\/","og_site_name":"Somos Vicencianos","article_publisher":"https:\/\/www.facebook.com\/WeAreVincentians\/","article_author":"https:\/\/www.facebook.com\/JavierChento","article_published_time":"2017-02-11T07:39:52+00:00","og_image":[{"url":"http:\/\/vincentians.com\/es\/wp-content\/uploads\/sites\/11\/2015\/04\/profetismo-fb-300x158.jpg","type":"","width":"","height":""}],"author":"Francisco Javier Fern\u00e1ndez Chento","twitter_card":"summary_large_image","twitter_creator":"@https:\/\/twitter.com\/javierchento","twitter_site":"@WeVincentians","twitter_misc":{"Escrito por":"Francisco Javier Fern\u00e1ndez Chento","Tiempo de lectura":"36 minutos"},"schema":{"@context":"https:\/\/schema.org","@graph":[{"@type":"Article","@id":"http:\/\/vincentians.com\/es\/fundamentos-teologicos-de-la-espiritualidad-vicenciana-en-las-reglas-comunes-de-la-c-m\/#article","isPartOf":{"@id":"http:\/\/vincentians.com\/es\/fundamentos-teologicos-de-la-espiritualidad-vicenciana-en-las-reglas-comunes-de-la-c-m\/"},"author":{"name":"Francisco Javier Fern\u00e1ndez Chento","@id":"http:\/\/vincentians.com\/es\/#\/schema\/person\/9623ef4d9aa3b2dfb8c061f1499288f2"},"headline":"Fundamentos teol\u00f3gicos de la espiritualidad Vicenciana en las Reglas Comunes de la C.M.","datePublished":"2017-02-11T07:39:52+00:00","mainEntityOfPage":{"@id":"http:\/\/vincentians.com\/es\/fundamentos-teologicos-de-la-espiritualidad-vicenciana-en-las-reglas-comunes-de-la-c-m\/"},"wordCount":7282,"commentCount":0,"publisher":{"@id":"http:\/\/vincentians.com\/es\/#organization"},"image":{"@id":"http:\/\/vincentians.com\/es\/fundamentos-teologicos-de-la-espiritualidad-vicenciana-en-las-reglas-comunes-de-la-c-m\/#primaryimage"},"thumbnailUrl":"http:\/\/vincentians.com\/es\/wp-content\/uploads\/sites\/11\/2015\/04\/profetismo-fb-300x158.jpg","keywords":["Abelly","Berulle","Clichy","Portail","San Benito","San L\u00e1zaro","Santo Domingo"],"articleSection":["Congregaci\u00f3n de la Misi\u00f3n"],"inLanguage":"es","potentialAction":[{"@type":"CommentAction","name":"Comment","target":["http:\/\/vincentians.com\/es\/fundamentos-teologicos-de-la-espiritualidad-vicenciana-en-las-reglas-comunes-de-la-c-m\/#respond"]}]},{"@type":"WebPage","@id":"http:\/\/vincentians.com\/es\/fundamentos-teologicos-de-la-espiritualidad-vicenciana-en-las-reglas-comunes-de-la-c-m\/","url":"http:\/\/vincentians.com\/es\/fundamentos-teologicos-de-la-espiritualidad-vicenciana-en-las-reglas-comunes-de-la-c-m\/","name":"Fundamentos teol\u00f3gicos de la espiritualidad Vicenciana en las Reglas Comunes de la C.M. - Somos Vicencianos","isPartOf":{"@id":"http:\/\/vincentians.com\/es\/#website"},"primaryImageOfPage":{"@id":"http:\/\/vincentians.com\/es\/fundamentos-teologicos-de-la-espiritualidad-vicenciana-en-las-reglas-comunes-de-la-c-m\/#primaryimage"},"image":{"@id":"http:\/\/vincentians.com\/es\/fundamentos-teologicos-de-la-espiritualidad-vicenciana-en-las-reglas-comunes-de-la-c-m\/#primaryimage"},"thumbnailUrl":"http:\/\/vincentians.com\/es\/wp-content\/uploads\/sites\/11\/2015\/04\/profetismo-fb-300x158.jpg","datePublished":"2017-02-11T07:39:52+00:00","breadcrumb":{"@id":"http:\/\/vincentians.com\/es\/fundamentos-teologicos-de-la-espiritualidad-vicenciana-en-las-reglas-comunes-de-la-c-m\/#breadcrumb"},"inLanguage":"es","potentialAction":[{"@type":"ReadAction","target":["http:\/\/vincentians.com\/es\/fundamentos-teologicos-de-la-espiritualidad-vicenciana-en-las-reglas-comunes-de-la-c-m\/"]}]},{"@type":"ImageObject","inLanguage":"es","@id":"http:\/\/vincentians.com\/es\/fundamentos-teologicos-de-la-espiritualidad-vicenciana-en-las-reglas-comunes-de-la-c-m\/#primaryimage","url":"http:\/\/vincentians.com\/es\/wp-content\/uploads\/sites\/11\/2015\/04\/profetismo-fb-300x158.jpg","contentUrl":"http:\/\/vincentians.com\/es\/wp-content\/uploads\/sites\/11\/2015\/04\/profetismo-fb-300x158.jpg"},{"@type":"BreadcrumbList","@id":"http:\/\/vincentians.com\/es\/fundamentos-teologicos-de-la-espiritualidad-vicenciana-en-las-reglas-comunes-de-la-c-m\/#breadcrumb","itemListElement":[{"@type":"ListItem","position":1,"name":"Portada","item":"http:\/\/vincentians.com\/es\/"},{"@type":"ListItem","position":2,"name":"Fundamentos teol\u00f3gicos de la espiritualidad Vicenciana en las Reglas Comunes de la C.M."}]},{"@type":"WebSite","@id":"http:\/\/vincentians.com\/es\/#website","url":"http:\/\/vincentians.com\/es\/","name":"Somos Vicencianos","description":"Know more to serve more","publisher":{"@id":"http:\/\/vincentians.com\/es\/#organization"},"potentialAction":[{"@type":"SearchAction","target":{"@type":"EntryPoint","urlTemplate":"http:\/\/vincentians.com\/es\/?s={search_term_string}"},"query-input":{"@type":"PropertyValueSpecification","valueRequired":true,"valueName":"search_term_string"}}],"inLanguage":"es"},{"@type":"Organization","@id":"http:\/\/vincentians.com\/es\/#organization","name":"The Vincentian Network","url":"http:\/\/vincentians.com\/es\/","logo":{"@type":"ImageObject","inLanguage":"es","@id":"http:\/\/vincentians.com\/es\/#\/schema\/logo\/image\/","url":"https:\/\/i1.wp.com\/vincentians.com\/es\/wp-content\/uploads\/sites\/11\/2016\/06\/Vincentian-Network-logo-big.png?fit=778%2C778","contentUrl":"https:\/\/i1.wp.com\/vincentians.com\/es\/wp-content\/uploads\/sites\/11\/2016\/06\/Vincentian-Network-logo-big.png?fit=778%2C778","width":778,"height":778,"caption":"The Vincentian Network"},"image":{"@id":"http:\/\/vincentians.com\/es\/#\/schema\/logo\/image\/"},"sameAs":["https:\/\/www.facebook.com\/WeAreVincentians\/","https:\/\/x.com\/WeVincentians"]},{"@type":"Person","@id":"http:\/\/vincentians.com\/es\/#\/schema\/person\/9623ef4d9aa3b2dfb8c061f1499288f2","name":"Francisco Javier Fern\u00e1ndez Chento","image":{"@type":"ImageObject","inLanguage":"es","@id":"http:\/\/vincentians.com\/es\/#\/schema\/person\/image\/","url":"https:\/\/secure.gravatar.com\/avatar\/497d5cde87b4c3d097d0315953521681ba2cd523ee66e5077c3711f7021e65de?s=96&d=mm&r=g","contentUrl":"https:\/\/secure.gravatar.com\/avatar\/497d5cde87b4c3d097d0315953521681ba2cd523ee66e5077c3711f7021e65de?s=96&d=mm&r=g","caption":"Francisco Javier Fern\u00e1ndez Chento"},"description":"Director General y cofundador de La Red de Formaci\u00f3n Vicenciana. Javier es laico vicenciano, afiliado a la Congregaci\u00f3n de la Misi\u00f3n y miembro del Equipo de Misiones Populares de la provincia can\u00f3nica de Zaragoza (Espa\u00f1a) de la Congregaci\u00f3n de la Misi\u00f3n. Graduado en la Universidad Oberta de Catalunya con cuatro grados (Asistente de direcci\u00f3n, Gesti\u00f3n Administrativa, Recursos Humanos y Contabilidad Avanzada). Bil\u00edng\u00fce Espa\u00f1ol\/Ingl\u00e9s. gestiona y mantiene varias p\u00e1ginas web cristianas y vicencianas, incluida including La Red de Formaci\u00f3n Vicenciana, de la que es cofundador. Actualmente es responsable del \u00e1rea de Espa\u00f1ol de .famvin, la Red de Noticias de la Familia Vicenciana. Tambi\u00e9n es m\u00fasico cat\u00f3lico y ha editado varios discos. Es Director General y cofundador de Trovador, una reconocida compa\u00f1\u00eda discogr\u00e1fica critiana de Espa\u00f1a. Trabaja en las Tecnolog\u00edas de la Informaci\u00f3n, ofreciendo servicios de alojamiento, dise\u00f1o y mantenimiento Web, as\u00ed como asesoramiento, formaci\u00f3n y soluciones inform\u00e1ticas, gesti\u00f3n documental y digitalizaci\u00f3n de textos, edici\u00f3n y maquetaci\u00f3n de libros, revistas, flyers, etc.","sameAs":["http:\/\/chento.org","https:\/\/www.facebook.com\/JavierChento","https:\/\/x.com\/https:\/\/twitter.com\/javierchento"],"url":"https:\/\/vincentians.com\/es\/author\/chento\/"}]}},"jetpack_publicize_connections":[],"jetpack_featured_media_url":"","jetpack_sharing_enabled":true,"jetpack_shortlink":"https:\/\/wp.me\/p7ETMF-9J2","jetpack-related-posts":[{"id":387153,"url":"https:\/\/vincentians.com\/es\/observantes-de-las-constituciones\/","url_meta":{"origin":37388,"position":0},"title":"Observantes de las Constituciones","author":"Mitxel Olabu\u00e9naga","date":"06\/03\/2016","format":false,"excerpt":"\u00abMaestro bueno \u00bfqu\u00e9 tengo que hacer para heredar la vida eterna? Jes\u00fas le contest\u00f3: \u00bfPor qu\u00e9 me llamas bue no? Nadie es bueno m\u00e1s que uno, Dios. Ya sabes los mandamientos: No mates... honra a tu padre y a tu madre. El declar\u00f3: Maestro, todo eso lo he cumplido des\u2026","rel":"","context":"En \u00abEspiritualidad\u00bb","block_context":{"text":"Espiritualidad","link":"https:\/\/vincentians.com\/es\/category\/espiritualidad\/"},"img":{"alt_text":"adf","src":"https:\/\/i0.wp.com\/vicencianos.org\/wp-content\/uploads\/2016\/03\/adf.jpg?resize=350%2C200","width":350,"height":200},"classes":[]},{"id":116854,"url":"https:\/\/vincentians.com\/es\/cristo-regla-de-la-mision-xi-429\/","url_meta":{"origin":37388,"position":1},"title":"Cristo, Regla de la Misi\u00f3n (XI, 429)","author":"Francisco Javier Fern\u00e1ndez Chento","date":"25\/05\/2015","format":false,"excerpt":"Fundamento cristol\u00f3gico del carisma Mi vivir es Cristo (FIp 1, 21) 1) Todo cristiano, como san Pablo, debe tener su propia cristolog\u00eda, mi vivir es Cristo (Flp 1, 21), que consiste en el modo c\u00f3mo responde a la interpelaci\u00f3n que Cristo le hace para seguirlo e imitarlo: Ven y s\u00edgueme\u2026","rel":"","context":"En \u00abEspiritualidad vicenciana\u00bb","block_context":{"text":"Espiritualidad vicenciana","link":"https:\/\/vincentians.com\/es\/category\/espiritualidad\/espiritualidad-vicenciana\/"},"img":{"alt_text":"ESCUDOCM","src":"https:\/\/i0.wp.com\/vicencianos.org\/wp-content\/2012\/09\/ESCUDOCM8.jpg?resize=350%2C200","width":350,"height":200},"classes":[]},{"id":131669,"url":"https:\/\/vincentians.com\/es\/edificad-sobre-roca-firme\/","url_meta":{"origin":37388,"position":2},"title":"Edificad sobre roca firme","author":"Francisco Javier Fern\u00e1ndez Chento","date":"04\/11\/2014","format":false,"excerpt":"\"Todo aquel que escucha estas palabras m\u00edas y las pone por obra se parece al hombre sensato que edific\u00f3 su casa sobre roca. Cay\u00f3 la lluvia, vino la riada, soplaron los vientos, y arremetieron contra la casa; pero no se hundi\u00f3, porque estaba cimentada sobre roca firme\". (Mt 7,24-25). \"La\u2026","rel":"","context":"En \u00abEspiritualidad vicenciana\u00bb","block_context":{"text":"Espiritualidad vicenciana","link":"https:\/\/vincentians.com\/es\/category\/espiritualidad\/espiritualidad-vicenciana\/"},"img":{"alt_text":"casa-rocas","src":"https:\/\/i0.wp.com\/vicencianos.org\/wp-content\/2014\/11\/casa-rocas-300x183.jpg?resize=350%2C200","width":350,"height":200},"classes":[]},{"id":125253,"url":"https:\/\/vincentians.com\/es\/conscientes-de-que-la-condicion-humana-es-limitada-c-36-iv\/","url_meta":{"origin":37388,"position":3},"title":"Conscientes de que la condici\u00f3n humana es limitada (c 36) (IV)","author":"Francisco Javier Fern\u00e1ndez Chento","date":"05\/12\/2013","format":false,"excerpt":"C\u00f3mo hay que obedecer Obedeceremos todos con prontitud, de buena gana y constancia... (RC V, 2) 53) La obediencia tiene que ser lo m\u00e1s perfecta posible porque debe repro\u00adducir la obediencia de Cristo, que fue perfecta, hasta la muerte y muerte de cruz, y porque lo que se pretende con\u2026","rel":"","context":"En \u00abFormaci\u00f3n Vicenciana\u00bb","block_context":{"text":"Formaci\u00f3n Vicenciana","link":"https:\/\/vincentians.com\/es\/category\/formacion-vicenciana\/"},"img":{"alt_text":"220px-Croagh_patrick_path","src":"https:\/\/i0.wp.com\/vicencianos.org\/wp-content\/2013\/11\/220px-Croagh_patrick_path.jpg?resize=350%2C200","width":350,"height":200},"classes":[]},{"id":141977,"url":"https:\/\/vincentians.com\/es\/comunidades-de-bienes\/","url_meta":{"origin":37388,"position":4},"title":"Comunidades de bienes","author":"Francisco Javier Fern\u00e1ndez Chento","date":"29\/03\/2015","format":false,"excerpt":"\u00abEn el grupo de los creyen\u00adtes todos pensaban y sent\u00edan lo mismo: pose\u00edan todo en com\u00fan y nadie consideraba suyo nada de lo que ten\u00eda. Los ap\u00f3stoles daban testimo\u00adnio de la Resurrecci\u00f3n del Se\u00f1or con mucha eficacia; todos ellos eran bien mira\u00addos porque entre ellos nin\u00adguno pasaba necesidad, ya que\u2026","rel":"","context":"En \u00abEspiritualidad vicenciana\u00bb","block_context":{"text":"Espiritualidad vicenciana","link":"https:\/\/vincentians.com\/es\/category\/espiritualidad\/espiritualidad-vicenciana\/"},"img":{"alt_text":"asd","src":"https:\/\/i0.wp.com\/vicencianos.org\/wp-content\/2015\/03\/asd16-300x210.jpg?resize=350%2C200","width":350,"height":200},"classes":[]},{"id":130877,"url":"https:\/\/vincentians.com\/es\/el-camino-de-san-vicente-obediencia\/","url_meta":{"origin":37388,"position":5},"title":"El camino de San Vicente: Obediencia","author":"Francisco Javier Fern\u00e1ndez Chento","date":"14\/02\/2015","format":false,"excerpt":"\"Soy un hijo de obediencia\", dice san Vicente'. Y presenta el seguimiento de Cristo como fundamento para que vivamos esa virtud: \"En cuanto a la primera raz\u00f3n que tenemos para entregarnos a Dios a fin de que nos d\u00e9 esta virtud de la obediencia, es... el ejemplo que nos ha\u2026","rel":"","context":"En \u00abFormaci\u00f3n Vicenciana\u00bb","block_context":{"text":"Formaci\u00f3n Vicenciana","link":"https:\/\/vincentians.com\/es\/category\/formacion-vicenciana\/"},"img":{"alt_text":"obediencia","src":"https:\/\/i0.wp.com\/vicencianos.org\/wp-content\/2014\/07\/obediencia-300x240.jpg?resize=350%2C200","width":350,"height":200},"classes":[]}],"_links":{"self":[{"href":"https:\/\/vincentians.com\/es\/wp-json\/wp\/v2\/posts\/37388","targetHints":{"allow":["GET"]}}],"collection":[{"href":"https:\/\/vincentians.com\/es\/wp-json\/wp\/v2\/posts"}],"about":[{"href":"https:\/\/vincentians.com\/es\/wp-json\/wp\/v2\/types\/post"}],"author":[{"embeddable":true,"href":"https:\/\/vincentians.com\/es\/wp-json\/wp\/v2\/users\/4"}],"replies":[{"embeddable":true,"href":"https:\/\/vincentians.com\/es\/wp-json\/wp\/v2\/comments?post=37388"}],"version-history":[{"count":1,"href":"https:\/\/vincentians.com\/es\/wp-json\/wp\/v2\/posts\/37388\/revisions"}],"predecessor-version":[{"id":400375,"href":"https:\/\/vincentians.com\/es\/wp-json\/wp\/v2\/posts\/37388\/revisions\/400375"}],"wp:attachment":[{"href":"https:\/\/vincentians.com\/es\/wp-json\/wp\/v2\/media?parent=37388"}],"wp:term":[{"taxonomy":"category","embeddable":true,"href":"https:\/\/vincentians.com\/es\/wp-json\/wp\/v2\/categories?post=37388"},{"taxonomy":"post_tag","embeddable":true,"href":"https:\/\/vincentians.com\/es\/wp-json\/wp\/v2\/tags?post=37388"}],"curies":[{"name":"wp","href":"https:\/\/api.w.org\/{rel}","templated":true}]}}