{"id":37371,"date":"2023-05-23T08:40:52","date_gmt":"2023-05-23T06:40:52","guid":{"rendered":"http:\/\/somos.vicencianos.org\/blog\/2011\/05\/cronologia-de-san-vicente-de-paul-2\/"},"modified":"2023-04-08T10:54:00","modified_gmt":"2023-04-08T08:54:00","slug":"breve-cronologia-de-san-vicente-de-paul","status":"publish","type":"post","link":"https:\/\/vincentians.com\/es\/breve-cronologia-de-san-vicente-de-paul\/","title":{"rendered":"Breve cronolog\u00eda de san Vicente de Pa\u00fal"},"content":{"rendered":"<table style=\"background-color: white\" border=\"1\" width=\"580\" cellspacing=\"0\" cellpadding=\"2\">\n<tbody>\n<tr>\n<td valign=\"top\" width=\"111\"><strong>1581<\/strong><\/td>\n<td valign=\"top\" width=\"529\">Martes de pascua (\u00bf=24 de abril?), nacimiento en Pouy (Landas), cerca de Dax<\/td>\n<\/tr>\n<tr>\n<td valign=\"top\" width=\"111\"><strong>1595 ~ 97<\/strong><\/td>\n<td valign=\"top\" width=\"529\">Estudios en Dax, preceptor en casa del se\u00f1or de Comet<\/td>\n<\/tr>\n<tr>\n<td valign=\"top\" width=\"111\"><strong>1597 ~ 1604<\/strong><\/td>\n<td valign=\"top\" width=\"529\">Teolog\u00eda en Zaragoza y Toulouse, maestro en Buzet sur Tarn<\/td>\n<\/tr>\n<tr>\n<td valign=\"top\" width=\"111\"><strong>1598<\/strong><\/td>\n<td valign=\"top\" width=\"529\">Muerte de su Padre; ordenaci\u00f3n de diacono y subdiaconado en Tarbes<\/td>\n<\/tr>\n<tr>\n<td valign=\"top\" width=\"111\"><strong>1600<\/strong><\/td>\n<td valign=\"top\" width=\"529\">Ordenaci\u00f3n, el13 de septiembre, en Ch\u00e2teu-I\u2019\u00c9v\u00eaque por Mons. De Bourdeilles, obispo de P\u00e9rigueux. Primera misa a Buzet, Nombramiento de cura en Tilh, sin que llegue a tomar posesi\u00f3n. Viaje a Roma<\/td>\n<\/tr>\n<tr>\n<td valign=\"top\" width=\"111\"><strong>1604<\/strong><\/td>\n<td valign=\"top\" width=\"529\">Bachillerato en Teolog\u00eda, 12 de octubre<\/td>\n<\/tr>\n<tr>\n<td valign=\"top\" width=\"111\"><strong>1605 ~ 07<\/strong><\/td>\n<td valign=\"top\" width=\"529\">Viaje a Burdeos, Toulouse, Marsella, Carta referente a su cautividad<\/td>\n<\/tr>\n<tr>\n<td valign=\"top\" width=\"111\"><strong>1605 ~ 08<\/strong><\/td>\n<td valign=\"top\" width=\"529\">Residencia en Avi\u00f1\u00f3n, Roma<\/td>\n<\/tr>\n<tr>\n<td valign=\"top\" width=\"111\"><strong>1608<\/strong><\/td>\n<td valign=\"top\" width=\"529\">Llegada a Paris<\/td>\n<\/tr>\n<tr>\n<td valign=\"top\" width=\"111\"><strong>1609<\/strong><\/td>\n<td valign=\"top\" width=\"529\">Calumnia del juez de Sor\u00e9; amistad con Pierre Berulle<\/td>\n<\/tr>\n<tr>\n<td valign=\"top\" width=\"111\"><strong>1610<\/strong><\/td>\n<td valign=\"top\" width=\"529\">Capell\u00e1n de la Reina Margarita de Valois. El 14 de mayo toma posesi\u00f3n de la abad\u00eda de San L\u00e9onard de Chaumes (di\u00f3cesis de Maillezais); 12-28 de octubre: visita a La Rochelle<\/td>\n<\/tr>\n<tr>\n<td valign=\"top\" width=\"111\"><strong>1611<\/strong><\/td>\n<td valign=\"top\" width=\"529\">Reside con los oratorianos. Visitas al Hospital de la Caridad. Entra en relaci\u00f3n con un te\u00f3logo tentado contra la fe<\/td>\n<\/tr>\n<tr>\n<td valign=\"top\" width=\"111\"><strong>1612<\/strong><\/td>\n<td valign=\"top\" width=\"529\">Nombramiento de cura de Clichy; se instala el 2 de mayo<\/td>\n<\/tr>\n<tr>\n<td valign=\"top\" width=\"111\"><strong>1613<\/strong><\/td>\n<td valign=\"top\" width=\"529\">En septiembre, preceptor de los hijos de la familia Gondi<\/td>\n<\/tr>\n<tr>\n<td valign=\"top\" width=\"111\"><strong>1614<\/strong><\/td>\n<td valign=\"top\" width=\"529\">Es tentado contra la fe durante 3 o 4 a\u00f1os<\/td>\n<\/tr>\n<tr>\n<td valign=\"top\" width=\"111\"><strong>1615<\/strong><\/td>\n<td valign=\"top\" width=\"529\">Nombrado can\u00f3nigo de \u00c9cois (27 de mayo), di\u00f3cesis de \u00c9vreux; se instala el 16 de septiembre, problemas de saluda (piernas)<\/td>\n<\/tr>\n<tr>\n<td valign=\"top\" width=\"111\"><strong>1616<\/strong><\/td>\n<td valign=\"top\" width=\"529\">Dimisi\u00f3n como abad de la abad\u00eda de San L\u00e9onard de Chaumes (29 de octubre)<\/td>\n<\/tr>\n<tr>\n<td valign=\"top\" width=\"111\"><strong>1617<\/strong><\/td>\n<td valign=\"top\" width=\"529\">Confesi\u00f3n del campesino de Gannes y sernos de Folleville (25 de enero). Deja la casa Gondi y va a Ch\u00e2tillo, donde es nombrado p\u00e1rroco. Se instala entre el 29 de julio el 1 de agosto. Sernos sobre la caridad (\u00bf20 de agosto?), primera reuion de la Cofrad\u00eda de la Caridad, 23 de agosto. Dos viajes a Ly\u00f3n Reglamento y reuinones de la cofrad\u00eda (24 de noviembre, 12 de diciembre). Vuelve a par\u00eds, visita a Berulle, de nuevo e casa de Gondi (24 ~ 24 de diciembre).<\/td>\n<\/tr>\n<tr>\n<td valign=\"top\" width=\"111\"><strong>1618<\/strong><\/td>\n<td valign=\"top\" width=\"529\">Misiones y fundaci\u00f3n de las cofrad\u00edas en Villepreux, Joigny, Montmirail. Encuentro con San Francisco de Sales (entre el 7 de noviembre de 1618 y el 13 de septiembre de 1619).<\/td>\n<\/tr>\n<tr>\n<td valign=\"top\" width=\"111\"><strong>1619<\/strong><\/td>\n<td valign=\"top\" width=\"529\">Es nombrado Capell\u00e1n General de las Galeras de Francia (8 de febrero)<\/td>\n<\/tr>\n<tr>\n<td valign=\"top\" width=\"111\"><strong>1620<\/strong><\/td>\n<td valign=\"top\" width=\"529\">Misiones y fundaci\u00f3n de las cofrad\u00edas en Folleville, Paillart, S\u00e9rvilliers. Encuentro con her\u00e9ticos en Montmirail<\/td>\n<\/tr>\n<tr>\n<td valign=\"top\" width=\"111\"><strong>1621<\/strong><\/td>\n<td valign=\"top\" width=\"529\">Fundaci\u00f3n de una cofrad\u00eda de hombres en Joigny. Residencia en M\u00e2con donde organiza la caridad. Misiones en Marchais cerca de Montmirail, donde convierte a algunos herejes. Retiro en Soossons. Encuentro con Juana Francisca de Chantal<\/td>\n<\/tr>\n<tr>\n<td valign=\"top\" width=\"111\"><strong>1622<\/strong><\/td>\n<td valign=\"top\" width=\"529\">Misi\u00f3n y fundaci\u00f3n de una cofrad\u00eda en Courboin, carca de Montmirail<\/td>\n<\/tr>\n<tr>\n<td valign=\"top\" width=\"111\"><strong>1623<\/strong><\/td>\n<td valign=\"top\" width=\"529\">Misi\u00f3n en las garleras de Burdeos (o 1624). Visita Pouy (en julio). Misiones en la di\u00f3cesis de Chartres. Diploma de licenciado en derecho can\u00f3nico (Paris, Sorbona). Establecimiento de la cofrad\u00eda en Clichy<\/td>\n<\/tr>\n<tr>\n<td valign=\"top\" width=\"111\"><strong>1624<\/strong><\/td>\n<td valign=\"top\" width=\"529\">Nombramiento de principal del colegio de los buenos hijos (1 de marzo) se instala el 6 de marzo. Berulle piensa ue Vicente encuentra este a\u00f1o por primera ves al abad de Saint-Cyran<\/td>\n<\/tr>\n<tr>\n<td valign=\"top\" width=\"111\"><strong>1626<\/strong><\/td>\n<td valign=\"top\" width=\"529\">El Arzobispo de Paris aprueba la CM (24 de abril). Bons_Efans es cedido a la CM. Los primeros misioneros firman el acta de asociaci\u00f3n (4 de septiembre) y hacen una peregrinaci\u00f3n a Montmartre (San Vicente). Vicente lega sus propiedades personales a su familia<\/td>\n<\/tr>\n<tr>\n<td valign=\"top\" width=\"111\"><strong>1627<\/strong><\/td>\n<td valign=\"top\" width=\"529\">Entra el primer hermano en la congregaci\u00f3n, el hermano Jourdain (13 de febrero) fundaci\u00f3n de la cofrad\u00eda de la caridad en Montreuil (11 de abril) y en Verneuil (8 de octubre)<\/td>\n<\/tr>\n<tr>\n<td valign=\"top\" width=\"111\"><strong>1628<\/strong><\/td>\n<td valign=\"top\" width=\"529\">Misiones en Joigny (17 de enero), Villecien (9 de febrero), fundaci\u00f3n de la cofrad\u00eda en Ferri\u00e8re-en-G\u00e2tiais (26 de diciembre) en julio las conversaciones con el obispo de Beauvais Agustin Portier, sobre la formaci\u00f3n sacerdotal; Vicente da un retiro a los ordenados en Beauvais<\/td>\n<\/tr>\n<tr>\n<td valign=\"top\" width=\"111\"><strong>1629<\/strong><\/td>\n<td valign=\"top\" width=\"529\">Viaje a Montmirail (abril ~ mayo). Comienzan en Bons-Efants los retiros a ordenados Vicente env\u00eda a Luisa de Marillac en viaje misionero (9 de mayo)<\/td>\n<\/tr>\n<tr>\n<td valign=\"top\" width=\"111\"><strong>1630<\/strong><\/td>\n<td valign=\"top\" width=\"529\"><\/td>\n<\/tr>\n<tr>\n<td valign=\"top\" width=\"111\"><strong>1631<\/strong><\/td>\n<td valign=\"top\" width=\"529\">Comienzan los retiros a ordenados en Paris<\/td>\n<\/tr>\n<tr>\n<td valign=\"top\" width=\"111\"><strong>1632<\/strong><\/td>\n<td valign=\"top\" width=\"529\">La CM toma posesi\u00f3n de San L\u00e1zaro<\/td>\n<\/tr>\n<tr>\n<td valign=\"top\" width=\"111\"><strong>1633<\/strong><\/td>\n<td valign=\"top\" width=\"529\">Las conferencia de los martes para el clero, en noviembre, santa Luisa re\u00fane en su casa a las primeras hijas de la caridad<\/td>\n<\/tr>\n<tr>\n<td valign=\"top\" width=\"111\"><strong>1634<\/strong><\/td>\n<td valign=\"top\" width=\"529\"><\/td>\n<\/tr>\n<tr>\n<td valign=\"top\" width=\"111\"><strong>1635<\/strong><\/td>\n<td valign=\"top\" width=\"529\">Fundaci\u00f3n de la casa de Toul. Misi\u00f3n en<\/td>\n<\/tr>\n<tr>\n<td valign=\"top\" width=\"111\"><strong>1636<\/strong><\/td>\n<td valign=\"top\" width=\"529\">Envi\u00f3 de 10 misioneros como capellanes militares<\/td>\n<\/tr>\n<tr>\n<td valign=\"top\" width=\"111\"><strong>1637<\/strong><\/td>\n<td valign=\"top\" width=\"529\">Vicente se aparta de Saint-Cyran. Fundaci\u00f3n de la casa de la Rose, ceca de Agen<\/td>\n<\/tr>\n<tr>\n<td valign=\"top\" width=\"111\"><strong>1638<\/strong><\/td>\n<td valign=\"top\" width=\"529\">Miembros de la conferencia de los martes dan una misi\u00f3n en la corte (Saint-Germain en Laye). Comienzo de la obra de los ni\u00f1os exp\u00f3sitos. Fundaci\u00f3n de la casa de Troyes y Richelieu.<\/td>\n<\/tr>\n<tr>\n<td valign=\"top\" width=\"111\"><strong>1639<\/strong><\/td>\n<td valign=\"top\" width=\"529\">Ayuda a Lorena y misi\u00f3n a los refugiados de la Lorena en Paris, en el H\u00f4tel-Dieu. Obra de los Galeotes. Fundaci\u00f3n de la casa de Alet. Luisa de Marillac visita Angers para fundar la casa de la Hijas de la Caridad en el hospital de San Juan<\/td>\n<\/tr>\n<tr>\n<td valign=\"top\" width=\"111\"><strong>1640<\/strong><\/td>\n<td valign=\"top\" width=\"529\">Vicente tiene un encuentro con el cardenal Richelieu para hablar de la paz. Ayuda a los loreneses. Apertura del Seminario de Annecy<\/td>\n<\/tr>\n<tr>\n<td valign=\"top\" width=\"111\"><strong>1641<\/strong><\/td>\n<td valign=\"top\" width=\"529\">Ayuda a Lorena. Misi\u00f3n en la Chapelle dada por los miembros de las conferencias de los martes. Apertura de la casa Cr\u00e9cy-en-Brie<\/td>\n<\/tr>\n<tr>\n<td valign=\"top\" width=\"111\"><strong>1642<\/strong><\/td>\n<td valign=\"top\" width=\"529\">Primera asamblea general de la CM. Vicente dimite, pero su dimisi\u00f3n es rechazada por los dem\u00e1s. Apertura del Seminario en el Colegio de Bons-Enfants. Muerte del cardenal Richelieu<\/td>\n<\/tr>\n<tr>\n<td valign=\"top\" width=\"111\"><strong>1643<\/strong><\/td>\n<td valign=\"top\" width=\"529\">Asiste a Luis XIII en su lecho de muerte. Vicente es nombrado al consejo de conciencia (para asuntos eclesi\u00e1sticos). Mazarino, primer ministro. Retiros a los ordenandos en Roma. Misi\u00f3n en las galeras de Marsella<\/td>\n<\/tr>\n<tr>\n<td valign=\"top\" width=\"111\"><strong>1644<\/strong><\/td>\n<td valign=\"top\" width=\"529\">Julio \u2013 Septiembre: Vicente cae gravemente enfermo. Viaje a Chartres. Apertura de las casas de Saintes et de Montmirail<\/td>\n<\/tr>\n<tr>\n<td valign=\"top\" width=\"111\"><strong>1645<\/strong><\/td>\n<td valign=\"top\" width=\"529\">Apertura de las casas de Saint-M\u00e9en, Mans, G\u00e9nova, Tur\u00edn<\/td>\n<\/tr>\n<tr>\n<td valign=\"top\" width=\"111\"><strong>1646<\/strong><\/td>\n<td valign=\"top\" width=\"529\">Fundaci\u00f3n de la obra de Argel. Misiones en Irlanda y Escocia. La CM es solicitada para ir a Marruecos<\/td>\n<\/tr>\n<tr>\n<td valign=\"top\" width=\"111\"><strong>1647<\/strong><\/td>\n<td valign=\"top\" width=\"529\">Misi\u00f3n en Irlanda. Peste en Argel<\/td>\n<\/tr>\n<tr>\n<td valign=\"top\" width=\"111\"><strong>1648<\/strong><\/td>\n<td valign=\"top\" width=\"529\">Vicente contra el Jansenismo. Un joven malgache es enviado a San L\u00e1zaro y es bautizado. Misi\u00f3n de Madagascar. Apertura de las casas de Tr\u00e9guier, Agen<\/td>\n<\/tr>\n<tr>\n<td valign=\"top\" width=\"111\"><strong>1649<\/strong><\/td>\n<td valign=\"top\" width=\"529\">En relaci\u00f3n con Ana de Austria, Vicente prentende que Mazarino dimita (durante la Fronda). Fracasa. Deja par\u00eds por prudencia y visita a la CM en el oeste. Se cae de su caballo cerca de Durtal. Vuelve de nuevo a Paris en una carroza que le ha dado la duquesa de Aiguillon (13 de junio), que el arzobispo le ordena retener. Socorro a la isla de Francia. Ayuda a las Hermanas de la Cruz. Inaugura la publicaci\u00f3n de un bolet\u00edn en ayuda a Picardia y de Champa\u00f1a. Comienza una campa\u00f1a contra el Jansenismo de Port Royal. Comienzan las misione en P\u00e9rigueux<\/td>\n<\/tr>\n<tr>\n<td valign=\"top\" width=\"111\"><strong>1650<\/strong><\/td>\n<td valign=\"top\" width=\"529\"><\/td>\n<\/tr>\n<tr>\n<td valign=\"top\" width=\"111\"><strong>1651<\/strong><\/td>\n<td valign=\"top\" width=\"529\">Socorro a Picardia y a Champa\u00f1a. Segunda asamblea general de la CM. Carta a los obispos para unificarlos contra el Jansenismo. Misi\u00f3n de la CM en Polonia<\/td>\n<\/tr>\n<tr>\n<td valign=\"top\" width=\"111\"><strong>1652<\/strong><\/td>\n<td valign=\"top\" width=\"529\">Socorro a Picardia, Champa\u00f1a e isla de Francia devastadas por la guerra. En San L\u00e1zaro se alimenta a 10,000 pobres. En Paris se ayuda a 15,000 pobres. Comienzo de la CM en Notre Dame de Lorm, y en Montauban<\/td>\n<\/tr>\n<tr>\n<td valign=\"top\" width=\"111\"><strong>1653<\/strong><\/td>\n<td valign=\"top\" width=\"529\">Vicente es despedido del consejo de conciencia. Oposici\u00f3n a los Jansenistas<\/td>\n<\/tr>\n<tr>\n<td valign=\"top\" width=\"111\"><strong>1654<\/strong><\/td>\n<td valign=\"top\" width=\"529\">Socorros a Picardia e Isla de Francia. La CM comienza en Turin y en Agde. Socorro a los refugiados irlandeses de Troyes. Apertura del hospicio del Nombre de Jes\u00fas para los ancianos (Paris)<\/td>\n<\/tr>\n<tr>\n<td valign=\"top\" width=\"111\"><strong>1655<\/strong><\/td>\n<td valign=\"top\" width=\"529\">El gobierno presenta quejas contra la CM porque, desobedece sus \u00f3rdenes, hab\u00eda acogido en su casa de Roma al Cardenal de Retz. Cerrada la casa de Roma la CM vuelve a Paris. Se abre el hospital General (para encerrar a los pobres). San Vicente se opone<\/td>\n<\/tr>\n<tr>\n<td valign=\"top\" width=\"111\"><strong>1656<\/strong><\/td>\n<td valign=\"top\" width=\"529\"><\/td>\n<\/tr>\n<tr>\n<td valign=\"top\" width=\"111\"><strong>1657<\/strong><\/td>\n<td valign=\"top\" width=\"529\"><\/td>\n<\/tr>\n<tr>\n<td valign=\"top\" width=\"111\"><strong>1658<\/strong><\/td>\n<td valign=\"top\" width=\"529\">Distribuci\u00f3n de las reglas comunes de la CM. Las conferencias de los martes uno de cuyos componentes es el joven sacerdote Bossuet. Misionan Metz<\/td>\n<\/tr>\n<tr>\n<td valign=\"top\" width=\"111\"><strong>1659<\/strong><\/td>\n<td valign=\"top\" width=\"529\">Vicente explica las reglas. Ya no sale de su habitaci\u00f3n por la enfermedad de sus piernas; no puede ni celebrar Misa. Nombra a Renato Almeras como sucesor. Apertura de las casas de Montpellier y de Narbonne<\/td>\n<\/tr>\n<tr>\n<td valign=\"top\" width=\"111\"><strong>1660<\/strong><\/td>\n<td valign=\"top\" width=\"529\">Muerte de Luisa (15 de marzo). Proposici\u00f3n de enviar a la CM a china. Muerte de Vicente, 4:45 a.m. (27 de septiembre)<\/td>\n<\/tr>\n<\/tbody>\n<\/table>\n","protected":false},"excerpt":{"rendered":"<p>1581 Martes de pascua (\u00bf=24 de abril?), nacimiento en Pouy (Landas), cerca de Dax 1595 ~ 97 Estudios en Dax, preceptor en casa del se\u00f1or de Comet 1597 ~ 1604 Teolog\u00eda en Zaragoza y Toulouse, &#8230; <a href=\"https:\/\/vincentians.com\/es\/breve-cronologia-de-san-vicente-de-paul\/\" class=\"more-link\">Read More<\/a><\/p>\n","protected":false},"author":4,"featured_media":404146,"comment_status":"open","ping_status":"open","sticky":false,"template":"","format":"standard","meta":{"jetpack_post_was_ever_published":false,"_jetpack_newsletter_access":"","_jetpack_dont_email_post_to_subs":false,"_jetpack_newsletter_tier_id":0,"_jetpack_memberships_contains_paywalled_content":false,"_jetpack_memberships_contains_paid_content":false,"footnotes":"","jetpack_publicize_message":"","jetpack_publicize_feature_enabled":true,"jetpack_social_post_already_shared":true,"jetpack_social_options":{"image_generator_settings":{"template":"highway","default_image_id":0,"font":"","enabled":false},"version":2}},"categories":[5],"tags":[230,168,130,224,148,152,175,145,119,125,131,138,117,179,143,115,185,135],"class_list":["post-37371","post","type-post","status-publish","format-standard","has-post-thumbnail","hentry","category-vicente-de-paul","tag-almeras","tag-argel","tag-beauvais","tag-berulle","tag-clichy","tag-duquesa-de-aiguillon","tag-folleville","tag-gannes","tag-gondi","tag-joigny","tag-montmirail","tag-montreuil","tag-pouy","tag-reina-margarita","tag-san-lazaro","tag-senor-de-comet","tag-tarbes","tag-villepreux"],"yoast_head":"<!-- This site is optimized with the Yoast SEO plugin v26.3 - https:\/\/yoast.com\/wordpress\/plugins\/seo\/ -->\n<title>Breve cronolog\u00eda de san Vicente de Pa\u00fal - Somos Vicencianos<\/title>\n<meta name=\"robots\" content=\"index, follow, max-snippet:-1, max-image-preview:large, max-video-preview:-1\" \/>\n<link rel=\"canonical\" href=\"https:\/\/vincentians.com\/es\/breve-cronologia-de-san-vicente-de-paul\/\" \/>\n<meta property=\"og:locale\" content=\"es_ES\" \/>\n<meta property=\"og:type\" content=\"article\" \/>\n<meta property=\"og:title\" content=\"Breve cronolog\u00eda de san Vicente de Pa\u00fal - Somos Vicencianos\" \/>\n<meta property=\"og:description\" content=\"1581 Martes de pascua (\u00bf=24 de abril?), nacimiento en Pouy (Landas), cerca de Dax 1595 ~ 97 Estudios en Dax, preceptor en casa del se\u00f1or de Comet 1597 ~ 1604 Teolog\u00eda en Zaragoza y Toulouse, ... Read More\" \/>\n<meta property=\"og:url\" content=\"https:\/\/vincentians.com\/es\/breve-cronologia-de-san-vicente-de-paul\/\" \/>\n<meta property=\"og:site_name\" content=\"Somos Vicencianos\" \/>\n<meta property=\"article:publisher\" content=\"https:\/\/www.facebook.com\/WeAreVincentians\/\" \/>\n<meta property=\"article:author\" content=\"https:\/\/www.facebook.com\/JavierChento\" \/>\n<meta property=\"article:published_time\" content=\"2023-05-23T06:40:52+00:00\" \/>\n<meta property=\"og:image\" content=\"https:\/\/i0.wp.com\/vincentians.com\/es\/wp-content\/uploads\/sites\/11\/2013\/04\/f-8-scaled.jpg?fit=2560%2C1216&ssl=1\" \/>\n\t<meta property=\"og:image:width\" content=\"2560\" \/>\n\t<meta property=\"og:image:height\" content=\"1216\" \/>\n\t<meta property=\"og:image:type\" content=\"image\/jpeg\" \/>\n<meta name=\"author\" content=\"Francisco Javier Fern\u00e1ndez Chento\" \/>\n<meta name=\"twitter:card\" content=\"summary_large_image\" \/>\n<meta name=\"twitter:creator\" content=\"@https:\/\/twitter.com\/javierchento\" \/>\n<meta name=\"twitter:site\" content=\"@WeVincentians\" \/>\n<meta name=\"twitter:label1\" content=\"Escrito por\" \/>\n\t<meta name=\"twitter:data1\" content=\"Francisco Javier Fern\u00e1ndez Chento\" \/>\n\t<meta name=\"twitter:label2\" content=\"Tiempo de lectura\" \/>\n\t<meta name=\"twitter:data2\" content=\"7 minutos\" \/>\n<script type=\"application\/ld+json\" class=\"yoast-schema-graph\">{\"@context\":\"https:\/\/schema.org\",\"@graph\":[{\"@type\":\"Article\",\"@id\":\"https:\/\/vincentians.com\/es\/breve-cronologia-de-san-vicente-de-paul\/#article\",\"isPartOf\":{\"@id\":\"https:\/\/vincentians.com\/es\/breve-cronologia-de-san-vicente-de-paul\/\"},\"author\":{\"name\":\"Francisco Javier Fern\u00e1ndez Chento\",\"@id\":\"http:\/\/vincentians.com\/es\/#\/schema\/person\/9623ef4d9aa3b2dfb8c061f1499288f2\"},\"headline\":\"Breve cronolog\u00eda de san Vicente de Pa\u00fal\",\"datePublished\":\"2023-05-23T06:40:52+00:00\",\"mainEntityOfPage\":{\"@id\":\"https:\/\/vincentians.com\/es\/breve-cronologia-de-san-vicente-de-paul\/\"},\"wordCount\":1356,\"commentCount\":0,\"publisher\":{\"@id\":\"http:\/\/vincentians.com\/es\/#organization\"},\"image\":{\"@id\":\"https:\/\/vincentians.com\/es\/breve-cronologia-de-san-vicente-de-paul\/#primaryimage\"},\"thumbnailUrl\":\"https:\/\/i0.wp.com\/vincentians.com\/es\/wp-content\/uploads\/sites\/11\/2013\/04\/f-8-scaled.jpg?fit=2560%2C1216&ssl=1\",\"keywords\":[\"Almer\u00e1s\",\"Argel\",\"Beauvais\",\"Berulle\",\"Clichy\",\"Duquesa de Aiguillon\",\"Folleville\",\"Gannes\",\"Gondi\",\"Joigny\",\"Montmirail\",\"Montreuil\",\"Pouy\",\"Reina Margarita\",\"San L\u00e1zaro\",\"Se\u00f1or de Comet\",\"Tarbes\",\"Villepreux\"],\"articleSection\":[\"Vicente de Pa\u00fal\"],\"inLanguage\":\"es\",\"potentialAction\":[{\"@type\":\"CommentAction\",\"name\":\"Comment\",\"target\":[\"https:\/\/vincentians.com\/es\/breve-cronologia-de-san-vicente-de-paul\/#respond\"]}]},{\"@type\":\"WebPage\",\"@id\":\"https:\/\/vincentians.com\/es\/breve-cronologia-de-san-vicente-de-paul\/\",\"url\":\"https:\/\/vincentians.com\/es\/breve-cronologia-de-san-vicente-de-paul\/\",\"name\":\"Breve cronolog\u00eda de san Vicente de Pa\u00fal - Somos Vicencianos\",\"isPartOf\":{\"@id\":\"http:\/\/vincentians.com\/es\/#website\"},\"primaryImageOfPage\":{\"@id\":\"https:\/\/vincentians.com\/es\/breve-cronologia-de-san-vicente-de-paul\/#primaryimage\"},\"image\":{\"@id\":\"https:\/\/vincentians.com\/es\/breve-cronologia-de-san-vicente-de-paul\/#primaryimage\"},\"thumbnailUrl\":\"https:\/\/i0.wp.com\/vincentians.com\/es\/wp-content\/uploads\/sites\/11\/2013\/04\/f-8-scaled.jpg?fit=2560%2C1216&ssl=1\",\"datePublished\":\"2023-05-23T06:40:52+00:00\",\"breadcrumb\":{\"@id\":\"https:\/\/vincentians.com\/es\/breve-cronologia-de-san-vicente-de-paul\/#breadcrumb\"},\"inLanguage\":\"es\",\"potentialAction\":[{\"@type\":\"ReadAction\",\"target\":[\"https:\/\/vincentians.com\/es\/breve-cronologia-de-san-vicente-de-paul\/\"]}]},{\"@type\":\"ImageObject\",\"inLanguage\":\"es\",\"@id\":\"https:\/\/vincentians.com\/es\/breve-cronologia-de-san-vicente-de-paul\/#primaryimage\",\"url\":\"https:\/\/i0.wp.com\/vincentians.com\/es\/wp-content\/uploads\/sites\/11\/2013\/04\/f-8-scaled.jpg?fit=2560%2C1216&ssl=1\",\"contentUrl\":\"https:\/\/i0.wp.com\/vincentians.com\/es\/wp-content\/uploads\/sites\/11\/2013\/04\/f-8-scaled.jpg?fit=2560%2C1216&ssl=1\",\"width\":2560,\"height\":1216},{\"@type\":\"BreadcrumbList\",\"@id\":\"https:\/\/vincentians.com\/es\/breve-cronologia-de-san-vicente-de-paul\/#breadcrumb\",\"itemListElement\":[{\"@type\":\"ListItem\",\"position\":1,\"name\":\"Portada\",\"item\":\"http:\/\/vincentians.com\/es\/\"},{\"@type\":\"ListItem\",\"position\":2,\"name\":\"Breve cronolog\u00eda de san Vicente de Pa\u00fal\"}]},{\"@type\":\"WebSite\",\"@id\":\"http:\/\/vincentians.com\/es\/#website\",\"url\":\"http:\/\/vincentians.com\/es\/\",\"name\":\"Somos Vicencianos\",\"description\":\"Know more to serve more\",\"publisher\":{\"@id\":\"http:\/\/vincentians.com\/es\/#organization\"},\"potentialAction\":[{\"@type\":\"SearchAction\",\"target\":{\"@type\":\"EntryPoint\",\"urlTemplate\":\"http:\/\/vincentians.com\/es\/?s={search_term_string}\"},\"query-input\":{\"@type\":\"PropertyValueSpecification\",\"valueRequired\":true,\"valueName\":\"search_term_string\"}}],\"inLanguage\":\"es\"},{\"@type\":\"Organization\",\"@id\":\"http:\/\/vincentians.com\/es\/#organization\",\"name\":\"The Vincentian Network\",\"url\":\"http:\/\/vincentians.com\/es\/\",\"logo\":{\"@type\":\"ImageObject\",\"inLanguage\":\"es\",\"@id\":\"http:\/\/vincentians.com\/es\/#\/schema\/logo\/image\/\",\"url\":\"https:\/\/i1.wp.com\/vincentians.com\/es\/wp-content\/uploads\/sites\/11\/2016\/06\/Vincentian-Network-logo-big.png?fit=778%2C778\",\"contentUrl\":\"https:\/\/i1.wp.com\/vincentians.com\/es\/wp-content\/uploads\/sites\/11\/2016\/06\/Vincentian-Network-logo-big.png?fit=778%2C778\",\"width\":778,\"height\":778,\"caption\":\"The Vincentian Network\"},\"image\":{\"@id\":\"http:\/\/vincentians.com\/es\/#\/schema\/logo\/image\/\"},\"sameAs\":[\"https:\/\/www.facebook.com\/WeAreVincentians\/\",\"https:\/\/x.com\/WeVincentians\"]},{\"@type\":\"Person\",\"@id\":\"http:\/\/vincentians.com\/es\/#\/schema\/person\/9623ef4d9aa3b2dfb8c061f1499288f2\",\"name\":\"Francisco Javier Fern\u00e1ndez Chento\",\"image\":{\"@type\":\"ImageObject\",\"inLanguage\":\"es\",\"@id\":\"http:\/\/vincentians.com\/es\/#\/schema\/person\/image\/\",\"url\":\"https:\/\/secure.gravatar.com\/avatar\/497d5cde87b4c3d097d0315953521681ba2cd523ee66e5077c3711f7021e65de?s=96&d=mm&r=g\",\"contentUrl\":\"https:\/\/secure.gravatar.com\/avatar\/497d5cde87b4c3d097d0315953521681ba2cd523ee66e5077c3711f7021e65de?s=96&d=mm&r=g\",\"caption\":\"Francisco Javier Fern\u00e1ndez Chento\"},\"description\":\"Director General y cofundador de La Red de Formaci\u00f3n Vicenciana. Javier es laico vicenciano, afiliado a la Congregaci\u00f3n de la Misi\u00f3n y miembro del Equipo de Misiones Populares de la provincia can\u00f3nica de Zaragoza (Espa\u00f1a) de la Congregaci\u00f3n de la Misi\u00f3n. Graduado en la Universidad Oberta de Catalunya con cuatro grados (Asistente de direcci\u00f3n, Gesti\u00f3n Administrativa, Recursos Humanos y Contabilidad Avanzada). Bil\u00edng\u00fce Espa\u00f1ol\/Ingl\u00e9s. gestiona y mantiene varias p\u00e1ginas web cristianas y vicencianas, incluida including La Red de Formaci\u00f3n Vicenciana, de la que es cofundador. Actualmente es responsable del \u00e1rea de Espa\u00f1ol de .famvin, la Red de Noticias de la Familia Vicenciana. Tambi\u00e9n es m\u00fasico cat\u00f3lico y ha editado varios discos. Es Director General y cofundador de Trovador, una reconocida compa\u00f1\u00eda discogr\u00e1fica critiana de Espa\u00f1a. Trabaja en las Tecnolog\u00edas de la Informaci\u00f3n, ofreciendo servicios de alojamiento, dise\u00f1o y mantenimiento Web, as\u00ed como asesoramiento, formaci\u00f3n y soluciones inform\u00e1ticas, gesti\u00f3n documental y digitalizaci\u00f3n de textos, edici\u00f3n y maquetaci\u00f3n de libros, revistas, flyers, etc.\",\"sameAs\":[\"http:\/\/chento.org\",\"https:\/\/www.facebook.com\/JavierChento\",\"https:\/\/x.com\/https:\/\/twitter.com\/javierchento\"],\"url\":\"https:\/\/vincentians.com\/es\/author\/chento\/\"}]}<\/script>\n<!-- \/ Yoast SEO plugin. -->","yoast_head_json":{"title":"Breve cronolog\u00eda de san Vicente de Pa\u00fal - Somos Vicencianos","robots":{"index":"index","follow":"follow","max-snippet":"max-snippet:-1","max-image-preview":"max-image-preview:large","max-video-preview":"max-video-preview:-1"},"canonical":"https:\/\/vincentians.com\/es\/breve-cronologia-de-san-vicente-de-paul\/","og_locale":"es_ES","og_type":"article","og_title":"Breve cronolog\u00eda de san Vicente de Pa\u00fal - Somos Vicencianos","og_description":"1581 Martes de pascua (\u00bf=24 de abril?), nacimiento en Pouy (Landas), cerca de Dax 1595 ~ 97 Estudios en Dax, preceptor en casa del se\u00f1or de Comet 1597 ~ 1604 Teolog\u00eda en Zaragoza y Toulouse, ... Read More","og_url":"https:\/\/vincentians.com\/es\/breve-cronologia-de-san-vicente-de-paul\/","og_site_name":"Somos Vicencianos","article_publisher":"https:\/\/www.facebook.com\/WeAreVincentians\/","article_author":"https:\/\/www.facebook.com\/JavierChento","article_published_time":"2023-05-23T06:40:52+00:00","og_image":[{"width":2560,"height":1216,"url":"https:\/\/i0.wp.com\/vincentians.com\/es\/wp-content\/uploads\/sites\/11\/2013\/04\/f-8-scaled.jpg?fit=2560%2C1216&ssl=1","type":"image\/jpeg"}],"author":"Francisco Javier Fern\u00e1ndez Chento","twitter_card":"summary_large_image","twitter_creator":"@https:\/\/twitter.com\/javierchento","twitter_site":"@WeVincentians","twitter_misc":{"Escrito por":"Francisco Javier Fern\u00e1ndez Chento","Tiempo de lectura":"7 minutos"},"schema":{"@context":"https:\/\/schema.org","@graph":[{"@type":"Article","@id":"https:\/\/vincentians.com\/es\/breve-cronologia-de-san-vicente-de-paul\/#article","isPartOf":{"@id":"https:\/\/vincentians.com\/es\/breve-cronologia-de-san-vicente-de-paul\/"},"author":{"name":"Francisco Javier Fern\u00e1ndez Chento","@id":"http:\/\/vincentians.com\/es\/#\/schema\/person\/9623ef4d9aa3b2dfb8c061f1499288f2"},"headline":"Breve cronolog\u00eda de san Vicente de Pa\u00fal","datePublished":"2023-05-23T06:40:52+00:00","mainEntityOfPage":{"@id":"https:\/\/vincentians.com\/es\/breve-cronologia-de-san-vicente-de-paul\/"},"wordCount":1356,"commentCount":0,"publisher":{"@id":"http:\/\/vincentians.com\/es\/#organization"},"image":{"@id":"https:\/\/vincentians.com\/es\/breve-cronologia-de-san-vicente-de-paul\/#primaryimage"},"thumbnailUrl":"https:\/\/i0.wp.com\/vincentians.com\/es\/wp-content\/uploads\/sites\/11\/2013\/04\/f-8-scaled.jpg?fit=2560%2C1216&ssl=1","keywords":["Almer\u00e1s","Argel","Beauvais","Berulle","Clichy","Duquesa de Aiguillon","Folleville","Gannes","Gondi","Joigny","Montmirail","Montreuil","Pouy","Reina Margarita","San L\u00e1zaro","Se\u00f1or de Comet","Tarbes","Villepreux"],"articleSection":["Vicente de Pa\u00fal"],"inLanguage":"es","potentialAction":[{"@type":"CommentAction","name":"Comment","target":["https:\/\/vincentians.com\/es\/breve-cronologia-de-san-vicente-de-paul\/#respond"]}]},{"@type":"WebPage","@id":"https:\/\/vincentians.com\/es\/breve-cronologia-de-san-vicente-de-paul\/","url":"https:\/\/vincentians.com\/es\/breve-cronologia-de-san-vicente-de-paul\/","name":"Breve cronolog\u00eda de san Vicente de Pa\u00fal - Somos Vicencianos","isPartOf":{"@id":"http:\/\/vincentians.com\/es\/#website"},"primaryImageOfPage":{"@id":"https:\/\/vincentians.com\/es\/breve-cronologia-de-san-vicente-de-paul\/#primaryimage"},"image":{"@id":"https:\/\/vincentians.com\/es\/breve-cronologia-de-san-vicente-de-paul\/#primaryimage"},"thumbnailUrl":"https:\/\/i0.wp.com\/vincentians.com\/es\/wp-content\/uploads\/sites\/11\/2013\/04\/f-8-scaled.jpg?fit=2560%2C1216&ssl=1","datePublished":"2023-05-23T06:40:52+00:00","breadcrumb":{"@id":"https:\/\/vincentians.com\/es\/breve-cronologia-de-san-vicente-de-paul\/#breadcrumb"},"inLanguage":"es","potentialAction":[{"@type":"ReadAction","target":["https:\/\/vincentians.com\/es\/breve-cronologia-de-san-vicente-de-paul\/"]}]},{"@type":"ImageObject","inLanguage":"es","@id":"https:\/\/vincentians.com\/es\/breve-cronologia-de-san-vicente-de-paul\/#primaryimage","url":"https:\/\/i0.wp.com\/vincentians.com\/es\/wp-content\/uploads\/sites\/11\/2013\/04\/f-8-scaled.jpg?fit=2560%2C1216&ssl=1","contentUrl":"https:\/\/i0.wp.com\/vincentians.com\/es\/wp-content\/uploads\/sites\/11\/2013\/04\/f-8-scaled.jpg?fit=2560%2C1216&ssl=1","width":2560,"height":1216},{"@type":"BreadcrumbList","@id":"https:\/\/vincentians.com\/es\/breve-cronologia-de-san-vicente-de-paul\/#breadcrumb","itemListElement":[{"@type":"ListItem","position":1,"name":"Portada","item":"http:\/\/vincentians.com\/es\/"},{"@type":"ListItem","position":2,"name":"Breve cronolog\u00eda de san Vicente de Pa\u00fal"}]},{"@type":"WebSite","@id":"http:\/\/vincentians.com\/es\/#website","url":"http:\/\/vincentians.com\/es\/","name":"Somos Vicencianos","description":"Know more to serve more","publisher":{"@id":"http:\/\/vincentians.com\/es\/#organization"},"potentialAction":[{"@type":"SearchAction","target":{"@type":"EntryPoint","urlTemplate":"http:\/\/vincentians.com\/es\/?s={search_term_string}"},"query-input":{"@type":"PropertyValueSpecification","valueRequired":true,"valueName":"search_term_string"}}],"inLanguage":"es"},{"@type":"Organization","@id":"http:\/\/vincentians.com\/es\/#organization","name":"The Vincentian Network","url":"http:\/\/vincentians.com\/es\/","logo":{"@type":"ImageObject","inLanguage":"es","@id":"http:\/\/vincentians.com\/es\/#\/schema\/logo\/image\/","url":"https:\/\/i1.wp.com\/vincentians.com\/es\/wp-content\/uploads\/sites\/11\/2016\/06\/Vincentian-Network-logo-big.png?fit=778%2C778","contentUrl":"https:\/\/i1.wp.com\/vincentians.com\/es\/wp-content\/uploads\/sites\/11\/2016\/06\/Vincentian-Network-logo-big.png?fit=778%2C778","width":778,"height":778,"caption":"The Vincentian Network"},"image":{"@id":"http:\/\/vincentians.com\/es\/#\/schema\/logo\/image\/"},"sameAs":["https:\/\/www.facebook.com\/WeAreVincentians\/","https:\/\/x.com\/WeVincentians"]},{"@type":"Person","@id":"http:\/\/vincentians.com\/es\/#\/schema\/person\/9623ef4d9aa3b2dfb8c061f1499288f2","name":"Francisco Javier Fern\u00e1ndez Chento","image":{"@type":"ImageObject","inLanguage":"es","@id":"http:\/\/vincentians.com\/es\/#\/schema\/person\/image\/","url":"https:\/\/secure.gravatar.com\/avatar\/497d5cde87b4c3d097d0315953521681ba2cd523ee66e5077c3711f7021e65de?s=96&d=mm&r=g","contentUrl":"https:\/\/secure.gravatar.com\/avatar\/497d5cde87b4c3d097d0315953521681ba2cd523ee66e5077c3711f7021e65de?s=96&d=mm&r=g","caption":"Francisco Javier Fern\u00e1ndez Chento"},"description":"Director General y cofundador de La Red de Formaci\u00f3n Vicenciana. Javier es laico vicenciano, afiliado a la Congregaci\u00f3n de la Misi\u00f3n y miembro del Equipo de Misiones Populares de la provincia can\u00f3nica de Zaragoza (Espa\u00f1a) de la Congregaci\u00f3n de la Misi\u00f3n. Graduado en la Universidad Oberta de Catalunya con cuatro grados (Asistente de direcci\u00f3n, Gesti\u00f3n Administrativa, Recursos Humanos y Contabilidad Avanzada). Bil\u00edng\u00fce Espa\u00f1ol\/Ingl\u00e9s. gestiona y mantiene varias p\u00e1ginas web cristianas y vicencianas, incluida including La Red de Formaci\u00f3n Vicenciana, de la que es cofundador. Actualmente es responsable del \u00e1rea de Espa\u00f1ol de .famvin, la Red de Noticias de la Familia Vicenciana. Tambi\u00e9n es m\u00fasico cat\u00f3lico y ha editado varios discos. Es Director General y cofundador de Trovador, una reconocida compa\u00f1\u00eda discogr\u00e1fica critiana de Espa\u00f1a. Trabaja en las Tecnolog\u00edas de la Informaci\u00f3n, ofreciendo servicios de alojamiento, dise\u00f1o y mantenimiento Web, as\u00ed como asesoramiento, formaci\u00f3n y soluciones inform\u00e1ticas, gesti\u00f3n documental y digitalizaci\u00f3n de textos, edici\u00f3n y maquetaci\u00f3n de libros, revistas, flyers, etc.","sameAs":["http:\/\/chento.org","https:\/\/www.facebook.com\/JavierChento","https:\/\/x.com\/https:\/\/twitter.com\/javierchento"],"url":"https:\/\/vincentians.com\/es\/author\/chento\/"}]}},"jetpack_publicize_connections":[],"jetpack_featured_media_url":"https:\/\/i0.wp.com\/vincentians.com\/es\/wp-content\/uploads\/sites\/11\/2013\/04\/f-8-scaled.jpg?fit=2560%2C1216&ssl=1","jetpack_sharing_enabled":true,"jetpack_shortlink":"https:\/\/wp.me\/p7ETMF-9IL","jetpack-related-posts":[{"id":387345,"url":"https:\/\/vincentians.com\/es\/fechas-en-la-vida-de-san-vicente\/","url_meta":{"origin":37371,"position":0},"title":"Fechas en la vida de San Vicente","author":"Francisco Javier Fern\u00e1ndez Chento","date":"21\/12\/2017","format":false,"excerpt":"1581: En Pouy (Landas) nace Vicente de Pa\u00fal, tercer hijo de la familia de Pa\u00fal. 1595: Vicente sale de Pouy para ir a Dax, donde vivir\u00e1 en casa del Se\u00f1or de Comet, abogado en Dax y juez en Pouy. Cursa estudios en el colegio de los Franciscanos. 1596: Vicente inicia\u2026","rel":"","context":"En \u00abVicente de Pa\u00fal\u00bb","block_context":{"text":"Vicente de Pa\u00fal","link":"https:\/\/vincentians.com\/es\/category\/la-familia-vicenciana\/fundadores\/vicente-de-paul\/"},"img":{"alt_text":"","src":"https:\/\/i0.wp.com\/vincentians.com\/es\/wp-content\/uploads\/sites\/11\/2016\/08\/con-damas-de-la-caridad.jpg?fit=1200%2C630&ssl=1&resize=350%2C200","width":350,"height":200,"srcset":"https:\/\/i0.wp.com\/vincentians.com\/es\/wp-content\/uploads\/sites\/11\/2016\/08\/con-damas-de-la-caridad.jpg?fit=1200%2C630&ssl=1&resize=350%2C200 1x, https:\/\/i0.wp.com\/vincentians.com\/es\/wp-content\/uploads\/sites\/11\/2016\/08\/con-damas-de-la-caridad.jpg?fit=1200%2C630&ssl=1&resize=525%2C300 1.5x, https:\/\/i0.wp.com\/vincentians.com\/es\/wp-content\/uploads\/sites\/11\/2016\/08\/con-damas-de-la-caridad.jpg?fit=1200%2C630&ssl=1&resize=700%2C400 2x, https:\/\/i0.wp.com\/vincentians.com\/es\/wp-content\/uploads\/sites\/11\/2016\/08\/con-damas-de-la-caridad.jpg?fit=1200%2C630&ssl=1&resize=1050%2C600 3x"},"classes":[]},{"id":121252,"url":"https:\/\/vincentians.com\/es\/san-vicente-de-paul-nacio-en-francia-i-nacimiento\/","url_meta":{"origin":37371,"position":1},"title":"San Vicente de Pa\u00fal naci\u00f3 en Francia. I. Nacimiento","author":"Francisco Javier Fern\u00e1ndez Chento","date":"26\/04\/2015","format":false,"excerpt":"Vincentius a Pa\u00falo, natione Gallus, Podii non procul ab Aquis Tarbellis in Aquitania natus. (Breviario romano, 19 julio.) Primera parte Se public\u00f3 en Barcelona (Espa\u00f1a), como ap\u00e9ndice a la traducci\u00f3n de la obra del Sr. Arturo Loth: San Vicente de Pa\u00fal y su misi\u00f3n social, una tesis hist\u00f3rica en extremo\u2026","rel":"","context":"En \u00abVicente de Pa\u00fal\u00bb","block_context":{"text":"Vicente de Pa\u00fal","link":"https:\/\/vincentians.com\/es\/category\/la-familia-vicenciana\/fundadores\/vicente-de-paul\/"},"img":{"alt_text":"pemartin","src":"https:\/\/i0.wp.com\/vicencianos.org\/wp-content\/2013\/04\/pemartin-189x300.jpg?resize=350%2C200","width":350,"height":200},"classes":[]},{"id":121304,"url":"https:\/\/vincentians.com\/es\/san-vicente-de-paul-nacio-en-francia-iii-ordenacion\/","url_meta":{"origin":37371,"position":2},"title":"San Vicente de Pa\u00fal naci\u00f3 en Francia. III. Ordenaci\u00f3n","author":"Francisco Javier Fern\u00e1ndez Chento","date":"28\/04\/2015","format":false,"excerpt":"III. Ordenaci\u00f3n En el transcurso de los a\u00f1os de estudios en Toulouse, Vicente de Pa\u00fal recibi\u00f3 las \u00f3rdenes sagradas previa la presentaci\u00f3n de las dimisorias otorgadas por el obispo de Dax. a continuaci\u00f3n damos estos documentos, como as\u00ed mismo las cartillas de ordenaci\u00f3n. Cartas dimisorias para la orden sagrada del\u2026","rel":"","context":"En \u00abVicente de Pa\u00fal\u00bb","block_context":{"text":"Vicente de Pa\u00fal","link":"https:\/\/vincentians.com\/es\/category\/la-familia-vicenciana\/fundadores\/vicente-de-paul\/"},"img":{"alt_text":"","src":"","width":0,"height":0},"classes":[]},{"id":101415,"url":"https:\/\/vincentians.com\/es\/vida-del-senor-vicente-de-paul-capitulo-1\/","url_meta":{"origin":37371,"position":3},"title":"Vida del Se\u00f1or Vicente de Pa\u00fal: Cap\u00edtulo 1","author":"Francisco Javier Fern\u00e1ndez Chento","date":"12\/05\/2015","format":false,"excerpt":"1 (1580) En abril de 1580, el d\u00eda 4, o tal vez el 5, se\u00f1alado en el calendario cristiano por el recuerdo de san Vicente Ferrer, Dios hizo nacer en una casa campesina francesa a un inicio a quien se bautizo con el nombre de Vicente. De su madre, Beltrana,\u2026","rel":"","context":"En \u00abVicente de Pa\u00fal\u00bb","block_context":{"text":"Vicente de Pa\u00fal","link":"https:\/\/vincentians.com\/es\/category\/la-familia-vicenciana\/fundadores\/vicente-de-paul\/"},"img":{"alt_text":"","src":"","width":0,"height":0},"classes":[]},{"id":119687,"url":"https:\/\/vincentians.com\/es\/el-senor-vicente-relee-su-vida-colegial-estudiante-y-sacerdote\/","url_meta":{"origin":37371,"position":4},"title":"El Se\u00f1or Vicente relee su vida: Colegial, estudiante y sacerdote","author":"Francisco Javier Fern\u00e1ndez Chento","date":"19\/01\/2022","format":false,"excerpt":"Hacia 1592, mi padre trat\u00f3 de hacerme estudiar, con la esperanza de poder un d\u00eda obtener alg\u00fan beneficio eclesi\u00e1stico, es decir rentas de alguna abad\u00eda o de una buena parroquia, y as\u00ed aliviar a la familia, como lo hab\u00eda hecho mi t\u00edo, prior de Poymartet. Me puso pues de pensi\u00f3n\u2026","rel":"","context":"En \u00abVicente de Pa\u00fal\u00bb","block_context":{"text":"Vicente de Pa\u00fal","link":"https:\/\/vincentians.com\/es\/category\/la-familia-vicenciana\/fundadores\/vicente-de-paul\/"},"img":{"alt_text":"","src":"https:\/\/i0.wp.com\/vincentians.com\/es\/wp-content\/uploads\/sites\/11\/2013\/04\/g-3.jpg?fit=1170%2C692&ssl=1&resize=350%2C200","width":350,"height":200,"srcset":"https:\/\/i0.wp.com\/vincentians.com\/es\/wp-content\/uploads\/sites\/11\/2013\/04\/g-3.jpg?fit=1170%2C692&ssl=1&resize=350%2C200 1x, https:\/\/i0.wp.com\/vincentians.com\/es\/wp-content\/uploads\/sites\/11\/2013\/04\/g-3.jpg?fit=1170%2C692&ssl=1&resize=525%2C300 1.5x, https:\/\/i0.wp.com\/vincentians.com\/es\/wp-content\/uploads\/sites\/11\/2013\/04\/g-3.jpg?fit=1170%2C692&ssl=1&resize=700%2C400 2x, https:\/\/i0.wp.com\/vincentians.com\/es\/wp-content\/uploads\/sites\/11\/2013\/04\/g-3.jpg?fit=1170%2C692&ssl=1&resize=1050%2C600 3x"},"classes":[]},{"id":387844,"url":"https:\/\/vincentians.com\/es\/san-vicente-amigo-de-los-pobres-anos-sin-historia-1581-1600\/","url_meta":{"origin":37371,"position":5},"title":"San Vicente: Amigo de los pobres: a\u00f1os sin historia (1581-1600)","author":"Mitxel Olabu\u00e9naga","date":"09\/10\/2016","format":false,"excerpt":"Los a\u00f1os de la infancia La etapa menos conocida en la vida de Vicente de Pa\u00fal es, sin duda alguna, la de su infancia. En esto, coincide con casi todos los grandes hombres. A\u00f1os de infancia. A\u00f1os sin historia. Y, en realidad, \u00bfqui\u00e9n po\u00add\u00eda estar interesado en ir consignando, d\u00eda\u2026","rel":"","context":"En \u00abFormaci\u00f3n Vicenciana\u00bb","block_context":{"text":"Formaci\u00f3n Vicenciana","link":"https:\/\/vincentians.com\/es\/category\/formacion-vicenciana\/"},"img":{"alt_text":"","src":"https:\/\/i0.wp.com\/vincentians.com\/es\/wp-content\/uploads\/sites\/11\/2016\/07\/st-vincent-de-paul.jpg?fit=1200%2C630&ssl=1&resize=350%2C200","width":350,"height":200,"srcset":"https:\/\/i0.wp.com\/vincentians.com\/es\/wp-content\/uploads\/sites\/11\/2016\/07\/st-vincent-de-paul.jpg?fit=1200%2C630&ssl=1&resize=350%2C200 1x, https:\/\/i0.wp.com\/vincentians.com\/es\/wp-content\/uploads\/sites\/11\/2016\/07\/st-vincent-de-paul.jpg?fit=1200%2C630&ssl=1&resize=525%2C300 1.5x, https:\/\/i0.wp.com\/vincentians.com\/es\/wp-content\/uploads\/sites\/11\/2016\/07\/st-vincent-de-paul.jpg?fit=1200%2C630&ssl=1&resize=700%2C400 2x, https:\/\/i0.wp.com\/vincentians.com\/es\/wp-content\/uploads\/sites\/11\/2016\/07\/st-vincent-de-paul.jpg?fit=1200%2C630&ssl=1&resize=1050%2C600 3x"},"classes":[]}],"_links":{"self":[{"href":"https:\/\/vincentians.com\/es\/wp-json\/wp\/v2\/posts\/37371","targetHints":{"allow":["GET"]}}],"collection":[{"href":"https:\/\/vincentians.com\/es\/wp-json\/wp\/v2\/posts"}],"about":[{"href":"https:\/\/vincentians.com\/es\/wp-json\/wp\/v2\/types\/post"}],"author":[{"embeddable":true,"href":"https:\/\/vincentians.com\/es\/wp-json\/wp\/v2\/users\/4"}],"replies":[{"embeddable":true,"href":"https:\/\/vincentians.com\/es\/wp-json\/wp\/v2\/comments?post=37371"}],"version-history":[{"count":1,"href":"https:\/\/vincentians.com\/es\/wp-json\/wp\/v2\/posts\/37371\/revisions"}],"predecessor-version":[{"id":404790,"href":"https:\/\/vincentians.com\/es\/wp-json\/wp\/v2\/posts\/37371\/revisions\/404790"}],"wp:featuredmedia":[{"embeddable":true,"href":"https:\/\/vincentians.com\/es\/wp-json\/wp\/v2\/media\/404146"}],"wp:attachment":[{"href":"https:\/\/vincentians.com\/es\/wp-json\/wp\/v2\/media?parent=37371"}],"wp:term":[{"taxonomy":"category","embeddable":true,"href":"https:\/\/vincentians.com\/es\/wp-json\/wp\/v2\/categories?post=37371"},{"taxonomy":"post_tag","embeddable":true,"href":"https:\/\/vincentians.com\/es\/wp-json\/wp\/v2\/tags?post=37371"}],"curies":[{"name":"wp","href":"https:\/\/api.w.org\/{rel}","templated":true}]}}