{"id":37245,"date":"2014-07-20T08:35:13","date_gmt":"2014-07-20T06:35:13","guid":{"rendered":"http:\/\/somos.vicencianos.org\/?p=37245"},"modified":"2016-07-30T13:03:38","modified_gmt":"2016-07-30T11:03:38","slug":"la-pastoral-vocacional-no-es-ajena-a-la-pastoral-general","status":"publish","type":"post","link":"https:\/\/vincentians.com\/es\/la-pastoral-vocacional-no-es-ajena-a-la-pastoral-general\/","title":{"rendered":"La Pastoral Vocacional no es ajena a la Pastoral General"},"content":{"rendered":"<p><a href=\"https:\/\/i0.wp.com\/vicencianos.org\/wp-content\/2011\/05\/pastoral_vocacional.jpg\"><img data-recalc-dims=\"1\" loading=\"lazy\" decoding=\"async\" class=\"alignright size-medium wp-image-37246\" title=\"pastoral_vocacional\" src=\"https:\/\/i0.wp.com\/vicencianos.org\/wp-content\/2011\/05\/pastoral_vocacional-183x300.jpg?resize=183%2C300\" alt=\"\" width=\"183\" height=\"300\" \/><\/a>La Pastoral Vocacional no es una actividad especial o extraordinaria dentro del Proyecto Pastoral de una Parroquia o un Colegio, es una actividad (con Metodolog\u00eda propia) que forma parte importante del trabajo de evangelizaci\u00f3n que realizamos como comunidad cristiana (parroquial o educativa)<\/p>\n<p>La Pastoral Vocacional no es una labor que realiza un equipo aparte y ajeno a la parroquia o al colegio. Debe ser hecha por los mismos agentes que dinamizan y realizan la vida de la Parroquia o de la Instituci\u00f3n Educativa.<\/p>\n<p>Mucho menos, \u00e9sta es responsabilidad de una sola persona que visita de vez en cuando el Colegio o la Parroquia y propone acciones fuera de contexto y que busquen romper cierta monoton\u00eda.<\/p>\n<p>Por ello, no es lo mismo hacer pastoral vocacional como quien pesca con un anzuelo, que como quien pesca con una red. Tampoco basta, aunque es mejor, dedicar a un equipo a esta labor: es preciso que a esta labor nos dediquemos todos.<\/p>\n<h2>Dimensiones activa y pasiva de la pastoral vocacional.<\/h2>\n<h3>1. Fundamento de la Pastoral Vocacional<\/h3>\n<p>El centro nuclear sobre el que se funda la acci\u00f3n de la Pastoral Vocacional es que la vida es un don recibido y tiende a ser algo que se da.<\/p>\n<p>Vivimos en una cultura narcista: Yo pienso, yo quiero, yo aspiro&#8230; De all\u00ed que la Pastoral vocacional implica que no sea el YO quien ejecute los verbos principales de la vida. Tengo que dejar que sea el T\u00da.<\/p>\n<p>El narcisista es ego\u00edsta y no da nada de gratis. Hay que despertar la gratitud. Cuando \u00e9l sepa que ha recibido tanto de Dios, querr\u00e1 entonces darle gratuitamente a \u00e9l. Somos narcisistas cuando, antes que responsabilizarnos de lo triste y desgarrado que est\u00e1 el mundo, vamos por la vida culpando a todos de ello: a mis pap\u00e1s, a mi jefe, a mi superior, al presidente de la rep\u00fablica, a los malos sacerdotes, a los malos profesores, etc. Romper\u00edamos de tajo nuestro narcismo si tomaramos conciencia de que el mundo nos ha sido dado lleno de maravillas, que nadie nos cobra y nadie nos pide credencial de afiliado para disfrutarlo, sino que se nos da gratuitamente.<\/p>\n<h3>2. Naturaleza de la Pastoral Vocacional<\/h3>\n<p>La Pastoral Vocacional es un conjunto de actividades pastorales espec\u00edficas realizadas por la comunidad cristiana con la finalidad de hacer posible que todos se hagan y se planteen el paso del YO al T\u00da. Por ello no puede ser s\u00f3lo juvenil, ni un ap\u00e9ndice de lo juvenil. Todos, nadie se escapa, se tiene que poner delante de Dios y cuestionarse sobre el sentido de su vida, sobre si estoy o no respondiendo al Proyecto que \u00e9l tiene para m\u00ed.<\/p>\n<h3>3. Los agentes de la Pastoral Vocacional<\/h3>\n<p>La Pastoral Vocacional es una actividad que se programa y prepara, se realiza y luego se eval\u00faa y revisa. No funciona s\u00f3lo con buenos deseos. Sus actividades nunca deben estar fuera del resto de las actividades pastorales del colegio o de la parroquia o del templo o de la misi\u00f3n. Luego, el p\u00e1rroco y el Promotor vocacional no pueden no conocerse ni ponerse de acuerdo.<\/p>\n<p>El promotor no puede ser alguien que venga desde fuera a proponer, motivar y llevarse a la gente. Luego, el promotor vocacional debe ser alguien que es parte del mismo proceso del crecimiento en la fe de las comunidad parroquial o estudiantil.<\/p>\n<p>La titularidad de la Pastoral Vocacional corresponde a toda la comunidad cristiana. La Pastoral Vocacional es responsabilidad de todos, dando, cooperando, participando, orando, rezando, etc. Hay que distinguir entre Pastoral Vocacional (trabajar, orar y sufrir por las vocaciones) y Ministerio de Vocaciones.<\/p>\n<p>El ministro vocacional llevar\u00e1 la doble tarea: la siembra y el acompa\u00f1amiento: Coordinar la pastoral vocacional y acompa\u00f1ar los procesos formativos para que todos hagan su labor en la pastoral vocacional.<\/p>\n<h3>4. Metodolog\u00eda de la Pastoral Vocacional<\/h3>\n<ol>\n<li>crear condiciones que hagan factible la pastoral vocacional.<\/li>\n<li>Las condiciones son confianza y libertad<\/li>\n<li>Acompa\u00f1ar personalizada y especializadamente a los llamados<\/li>\n<li>Formar acompa\u00f1antes de j\u00f3venes, y habr\u00e1 que inventar lo que sea para que esto sea una realidad.<br \/>\nLos acompa\u00f1antes, a su vez, deben ser tambi\u00e9n personas que se dejen acompa\u00f1ar. Los acompa\u00f1antes pueden no ser perfectos pero s\u00ed sensatos: capaces de entender que el discernimiento no debe vivirse solo. Que comprenda que al acompa\u00f1ar tambi\u00e9n \u00e9l crecer\u00e1 y se encontrar\u00e1.<\/li>\n<li>La PV se realizar\u00e1 siempre en clima de oraci\u00f3n. Un clima capaz de hacer una lectura personal y orante de la Palabra de Dios. Un promotor vocacional debe ser un hombre de oraci\u00f3n.<\/li>\n<\/ol>\n<h3>5. Dimensi\u00f3n activa de la Pastoral Vocacional<\/h3>\n<ul>\n<li>La Vocaci\u00f3n se va transmitiendo con autoridad, en un fen\u00f3meno de comunicaci\u00f3n. El mensaje no se transmite s\u00f3lo hablando, tambi\u00e9n callando y con actitudes. Con honestidad, sabiendo con qu\u00e9 autoridad me pongo yo a complicarle la vida a alguien.<\/li>\n<li>S\u00f3lo sabiendo que esta \u00abauctoritas\u00bb no viene de m\u00ed mismo. La autoridad me viene de JC pues trabajo en su nombre. No tengo esta autoridad cuando hablo mal de la Iglesia y de las monjas y de los grupos de la Iglesia.<\/li>\n<li>No confundiendo perfecci\u00f3n con santidad.<\/li>\n<li>Sabiendo que la Pastoral Vocacional es el arte de contar historias que cambian la vida.<\/li>\n<\/ul>\n<h3>6. El mensaje Vocacional<\/h3>\n<p>a. Exigencia. No debemos abaratar el llamado. La vocaci\u00f3n es una elecci\u00f3n dif\u00edcil y que cuesta d\u00eda a d\u00eda muchas renuncias. Los muchachos y muchachas lo deben saber. Hay que comprometerse, ser fiel, no dejarse llevar por la flojera o la desidia. Esto hay que decirlo con claridad, no buscando espantar, sino evitando presentar el mensaje de forma \u00ablight\u00bb.<\/p>\n<p>b. Ternura. Los j\u00f3venes y dem\u00e1s personas a quienes vocacionamos han de saber tambi\u00e9n que el sacrificio de la vocaci\u00f3n es una cruz compartida. Dios no nos pide m\u00e1s de lo que podemos. La aventura del comprimiso es la fuente de nuestra felicidad. Con ternura debe compartirse el mensaje vocacional. Con el ansia y el deseo de hacerles ver que hemos descubierto el sentido de nuestra vida, que se han alejado de nosotros los temores y las sombras m\u00e1s grandes de la vida como ser humano.<\/p>\n<p>c. Comunicaci\u00f3n. Sobre todo de di\u00e1logo. No siendo nosotros los que hablemos siempre, sino dejando que ellos pregunten libremente todas sus inquietudes y temores, sin juzgar.<\/p>\n<h3>7. Los destinatarios de la Pastoral Vocacional<\/h3>\n<ol>\n<li>Toda la comunidad cristiana<\/li>\n<li>la misma comunidad (parroquia, congregaci\u00f3n)<\/li>\n<li>Todos los agentes de pastoral y grupos<\/li>\n<li>ni\u00f1os, adolescentes y j\u00f3venes<\/li>\n<li>tambi\u00e9n el resto que no asiste a nada,<\/li>\n<li>y aquellos que manifiestan signos de sentirse llamados y que requieren de m\u00e1s cuidado<\/li>\n<\/ol>\n<h3>8. Dimensi\u00f3n Pasiva de la Pastoral Vocacional<\/h3>\n<ul>\n<li>capacidad de escuchar a Dios y no a las im\u00e1genes que tengo de \u00e9l. Un Dios que pone en mi la urgencia de hacer algo por los dem\u00e1s.<\/li>\n<li>capacidad de acogida de la alteridad<\/li>\n<li>capacidad de asomarme al misterio<\/li>\n<\/ul>\n<p>Hay que ense\u00f1ar a los padres que no hagan de sus hijos el centro del universo (narcisistas), personas a las que les d\u00e9 lo mismo salvarse o no, que haya sacerdotes o no, que les d\u00e9 lo mismo que haya personas que se sacrifican o que no. Que pongan en ellos una gratificaci\u00f3n con responsabilidad.<\/p>\n<p>Vocaci\u00f3n no es autorrealizaci\u00f3n. Aunque es incomprensible, tiene su l\u00f3gica. La vocaci\u00f3n implica a la libertad, pero no es la b\u00fasqueda de la total independencia. La libertad implica saber tomar decisiones por s\u00ed mismo, pero para serlo deben ser decisiones basadas en el conocimiento de todas o la mayor\u00eda de las opciones. Por ello es necesario que los padres de familia ense\u00f1en a sus hijos a JC, para que puedan elegirlo de entre lo que conozcan.<\/p>\n<p>Cada vez son m\u00e1s pocas las familias que hablan de Dios, que rezan juntas, que tienen miembros comprometidos en algo, religioso, social o pol\u00edtico. Cada vez son m\u00e1s raras las familias que se plantean hacer la caridad, vivir un retiro, tener un compromiso, hacer algo por la humanidad, etc. En estas familias, la imagen de Dios es cada vez m\u00e1s oscura y borrosa. No cuentan siquiera con una imagen de Dios. Cuando tienen esta imagen de Dios, los determina en su forma de actuar y vivir. \u00bfHabr\u00e1 alg\u00fan d\u00eda una relaci\u00f3n afectiva con Dios?<\/p>\n<p>\u00bfC\u00f3mo acompa\u00f1ar a estos j\u00f3venes de estas familias?<\/p>\n<ul>\n<li>a) Desenmascarar su imagen de Dios<\/li>\n<li>b) Comprender y hacerles comprender el proceso de formaci\u00f3n de esa imagen mental de Dios<\/li>\n<li>c) Ayud\u00e1ndoles a tener una relaci\u00f3n afectiva con Dios<\/li>\n<li>d) Darles libertad y empujarles cuando tengan miedo<\/li>\n<li>e) Decirles claramente que s\u00ed no pueden hacer lo que se les pide, pueden irse, pero el llamado no ser\u00e1 diluido o adelgazado<\/li>\n<li>f) Plantearles la necesidad de desprenderse de muchas cosas, de muchos temores y de tantos prejuicios<\/li>\n<li>g) No dejando todo a la psicolog\u00eda<\/li>\n<\/ul>\n<h3>9. Organigrama<\/h3>\n<ol>\n<li>El primer responsable es el P General. El P. General debe nombrar a un Consejero de Pastoral Vocacional<\/li>\n<li>La Pastoral Vocacional no puede estar adscrita a la Formaci\u00f3n, s\u00ed una estrecha relaci\u00f3n, pero no la pueden hacer los formadores<\/li>\n<li>El segundo responsable es el Provincial y su Consejo. El Provincial debe nombrar a algunos coordinadores de Pastoral Vocacional, un equipo dedicado a ello de tiempo completo.<\/li>\n<li>El tema de la Pastoral Vocacional debe ser un tema de discusi\u00f3n y revisi\u00f3n del consejo<\/li>\n<li>El tercer lugar lo ocupa el p\u00e1rroco o el director del Colegio.<\/li>\n<\/ol>\n<p>El p\u00e1rroco ha de nombrar y ayudarse de equipo local. Dicho equipo debe estar bien estructurado y no basado s\u00f3lo en la simpat\u00eda del p\u00e1rroco: un equipo inscrito en la Pastoral General y no opuesto a \u00e9sta.<\/p>\n<p>El p\u00e1rroco y el equipo deben plantearse la forma de colaborar con cada uno de los grupos parroquiales para que tengan un tema, una forma de orar o una jornada con el tema de la vocaci\u00f3n. Que la vocaci\u00f3n no sea un tema accidental, sino continuado.<\/p>\n<p>El Equipo Local preparar\u00e1 el material suficiente y adecuado para que el resto de los grupos de la parroquia hablen, oren y mediten sobre la vocaci\u00f3n<\/p>\n<p>El gran reto de la Pastoral Vocacional es movilizar general y permanentemente a la di\u00f3cesis o a la Congregaci\u00f3n para que trabaje por las Vocaciones. Esta ha sido, es y debe seguir siendo una misi\u00f3n compartida. Es un signo de los tiempos.<\/p>\n<h3>10. Aspectos que presentan dificultades<\/h3>\n<ul>\n<li>A) Muchas veces entre los miembros del equipo se da un distanciamiento, en tareas directivas y de superioridad.<\/li>\n<li>B) cierta celotipia<\/li>\n<li>C) falta de di\u00e1logo entre ideas y pareceres. En lugar de di\u00e1logo hay delegaci\u00f3n de consignas<\/li>\n<li>D) Indefinici\u00f3n ante la autoridad y de tareas<\/li>\n<li>E) El tema de los asuntos econ\u00f3micos<\/li>\n<li>F) Los laicos tienen a veces un falso dualismo: Muchas veces se les dice que, al interno de la iglesia deben ser los consagrados los que se ocupen y que ellos s\u00f3lo deciden en el mundo.<\/li>\n<li>G) A los laicos les falta formaci\u00f3n, no saben c\u00f3mo funcionan internamente las congregaciones ni los seminarios.<\/li>\n<li>H) Falta de experiencia y de tradici\u00f3n en trabajar por las vocaciones.<\/li>\n<li>I) Falta de claridad en qu\u00e9 se deben formar<\/li>\n<\/ul>\n<h2>Criterios ocultos de Pastoral Vocacional (PV). A manera de conclusi\u00f3n<\/h2>\n<p>Muchos (de forma errada) piensan:<\/p>\n<ol>\n<li>que la PV, hoy en d\u00eda, es una p\u00e9rdida de tiempo<\/li>\n<li>que es tarea exclusiva de los encargados<\/li>\n<li>que existe una dificultad para realizar la PV. Pues ser\u00eda tener m\u00e1s trabajo del que ya se tiene<\/li>\n<li>que es in\u00fatil lo que se hace si \u00e9sta no ha logrado que no entre nadie al seminario<\/li>\n<li>que tener un equipo local de PV es un lujo y es muy caro<\/li>\n<li>que es m\u00e1s efectivo que trabaje s\u00f3lo una persona<\/li>\n<li>que es un sue\u00f1o, una quimera lograr que la gente de mi comunidad parroquial se implique<\/li>\n<li>que lo \u00fanico que interesa es, de verdad, el n\u00famero de ingresos (el producto y no el fruto)<\/li>\n<li>que la PV es una tarea tan sencilla que no hace falta hacerla en equipo, el equipo es para los flojos<\/li>\n<li>que la vocaci\u00f3n es un asunto privado, no hay que sembrar en los j\u00f3venes la duda y respetar su libertad<\/li>\n<li>que mientras seamos pecadores y nuestras congregaciones est\u00e9n aletargadas no tenemos derecho a hacer PV<\/li>\n<li>que no existe ninguna crisis de vocaciones, s\u00f3lo que los valores son distintos<\/li>\n<li>que es imposible hacer cosas serias con los j\u00f3venes de hoy en d\u00eda<\/li>\n<\/ol>\n<p>Mientras que otros &#8211; unos pocos- (y est\u00e1n en lo correcto) piensan:<\/p>\n<p>Promover la vocaci\u00f3n:<\/p>\n<ol>\n<li>es una tarea primordial de la evangelizaci\u00f3n<\/li>\n<li>es una misi\u00f3n compartida<\/li>\n<li>es parte de la Pastoral General y no un anexo o ap\u00e9ndice<\/li>\n<li>es preocuparse por los frutos de nuestra feligres\u00eda y no s\u00f3lo de \u00e9sta como un producto<\/li>\n<li>es un testimonio eficaz cuando se logra trabajar en equipo<\/li>\n<li>es tener la certeza de que es mejor pescar con redes que con un s\u00f3lo anzuelo<\/li>\n<li>es mostrar que la Iglesia no s\u00f3lo ha funcionado movida por el temor, sino como un s\u00f3lo cuerpo movido por el amor<\/li>\n<li>es trabajar por hacer que la vida de muchas personas encuentre o recupere el sentido<\/li>\n<li>es buscar la renovaci\u00f3n de nuestros institutos para que sigan siendo signo del Reino<\/li>\n<li>es reconocer que la Iglesia es misionera y se sigue preocupando por los que est\u00e1n fuera<\/li>\n<li>es mostrar a los j\u00f3venes que propuestas para vivir la vida con plenitud ( \u00a1y que son para nosotros sensacionales!)<\/li>\n<\/ol>\n","protected":false},"excerpt":{"rendered":"<p>La Pastoral Vocacional no es una actividad especial o extraordinaria dentro del Proyecto Pastoral de una Parroquia o un Colegio, es una actividad (con Metodolog\u00eda propia) que forma parte importante del trabajo de evangelizaci\u00f3n que &#8230; <a href=\"https:\/\/vincentians.com\/es\/la-pastoral-vocacional-no-es-ajena-a-la-pastoral-general\/\" class=\"more-link\">Read More<\/a><\/p>\n","protected":false},"author":4,"featured_media":37246,"comment_status":"open","ping_status":"open","sticky":false,"template":"","format":"standard","meta":{"jetpack_post_was_ever_published":false,"_jetpack_newsletter_access":"","_jetpack_dont_email_post_to_subs":false,"_jetpack_newsletter_tier_id":0,"_jetpack_memberships_contains_paywalled_content":false,"_jetpack_memberships_contains_paid_content":false,"footnotes":"","jetpack_publicize_message":"","jetpack_publicize_feature_enabled":true,"jetpack_social_post_already_shared":true,"jetpack_social_options":{"image_generator_settings":{"template":"highway","default_image_id":0,"font":"","enabled":false},"version":2}},"categories":[282],"tags":[],"class_list":["post-37245","post","type-post","status-publish","format-standard","has-post-thumbnail","hentry","category-pastoral-vocacional"],"yoast_head":"<!-- This site is optimized with the Yoast SEO plugin v26.3 - https:\/\/yoast.com\/wordpress\/plugins\/seo\/ -->\n<title>La Pastoral Vocacional no es ajena a la Pastoral General - Somos Vicencianos<\/title>\n<meta name=\"robots\" content=\"index, follow, max-snippet:-1, max-image-preview:large, max-video-preview:-1\" \/>\n<link rel=\"canonical\" href=\"https:\/\/vincentians.com\/es\/la-pastoral-vocacional-no-es-ajena-a-la-pastoral-general\/\" \/>\n<meta property=\"og:locale\" content=\"es_ES\" \/>\n<meta property=\"og:type\" content=\"article\" \/>\n<meta property=\"og:title\" content=\"La Pastoral Vocacional no es ajena a la Pastoral General - Somos Vicencianos\" \/>\n<meta property=\"og:description\" content=\"La Pastoral Vocacional no es una actividad especial o extraordinaria dentro del Proyecto Pastoral de una Parroquia o un Colegio, es una actividad (con Metodolog\u00eda propia) que forma parte importante del trabajo de evangelizaci\u00f3n que ... Read More\" \/>\n<meta property=\"og:url\" content=\"https:\/\/vincentians.com\/es\/la-pastoral-vocacional-no-es-ajena-a-la-pastoral-general\/\" \/>\n<meta property=\"og:site_name\" content=\"Somos Vicencianos\" \/>\n<meta property=\"article:publisher\" content=\"https:\/\/www.facebook.com\/WeAreVincentians\/\" \/>\n<meta property=\"article:author\" content=\"https:\/\/www.facebook.com\/JavierChento\" \/>\n<meta property=\"article:published_time\" content=\"2014-07-20T06:35:13+00:00\" \/>\n<meta property=\"article:modified_time\" content=\"2016-07-30T11:03:38+00:00\" \/>\n<meta name=\"author\" content=\"Francisco Javier Fern\u00e1ndez Chento\" \/>\n<meta name=\"twitter:card\" content=\"summary_large_image\" \/>\n<meta name=\"twitter:creator\" content=\"@https:\/\/twitter.com\/javierchento\" \/>\n<meta name=\"twitter:site\" content=\"@WeVincentians\" \/>\n<meta name=\"twitter:label1\" content=\"Escrito por\" \/>\n\t<meta name=\"twitter:data1\" content=\"Francisco Javier Fern\u00e1ndez Chento\" \/>\n\t<meta name=\"twitter:label2\" content=\"Tiempo de lectura\" \/>\n\t<meta name=\"twitter:data2\" content=\"12 minutos\" \/>\n<script type=\"application\/ld+json\" class=\"yoast-schema-graph\">{\"@context\":\"https:\/\/schema.org\",\"@graph\":[{\"@type\":\"Article\",\"@id\":\"https:\/\/vincentians.com\/es\/la-pastoral-vocacional-no-es-ajena-a-la-pastoral-general\/#article\",\"isPartOf\":{\"@id\":\"https:\/\/vincentians.com\/es\/la-pastoral-vocacional-no-es-ajena-a-la-pastoral-general\/\"},\"author\":{\"name\":\"Francisco Javier Fern\u00e1ndez Chento\",\"@id\":\"http:\/\/vincentians.com\/es\/#\/schema\/person\/9623ef4d9aa3b2dfb8c061f1499288f2\"},\"headline\":\"La Pastoral Vocacional no es ajena a la Pastoral General\",\"datePublished\":\"2014-07-20T06:35:13+00:00\",\"dateModified\":\"2016-07-30T11:03:38+00:00\",\"mainEntityOfPage\":{\"@id\":\"https:\/\/vincentians.com\/es\/la-pastoral-vocacional-no-es-ajena-a-la-pastoral-general\/\"},\"wordCount\":2330,\"commentCount\":0,\"publisher\":{\"@id\":\"http:\/\/vincentians.com\/es\/#organization\"},\"image\":{\"@id\":\"https:\/\/vincentians.com\/es\/la-pastoral-vocacional-no-es-ajena-a-la-pastoral-general\/#primaryimage\"},\"thumbnailUrl\":\"\",\"articleSection\":[\"Pastoral Vocacional\"],\"inLanguage\":\"es\",\"potentialAction\":[{\"@type\":\"CommentAction\",\"name\":\"Comment\",\"target\":[\"https:\/\/vincentians.com\/es\/la-pastoral-vocacional-no-es-ajena-a-la-pastoral-general\/#respond\"]}]},{\"@type\":\"WebPage\",\"@id\":\"https:\/\/vincentians.com\/es\/la-pastoral-vocacional-no-es-ajena-a-la-pastoral-general\/\",\"url\":\"https:\/\/vincentians.com\/es\/la-pastoral-vocacional-no-es-ajena-a-la-pastoral-general\/\",\"name\":\"La Pastoral Vocacional no es ajena a la Pastoral General - Somos Vicencianos\",\"isPartOf\":{\"@id\":\"http:\/\/vincentians.com\/es\/#website\"},\"primaryImageOfPage\":{\"@id\":\"https:\/\/vincentians.com\/es\/la-pastoral-vocacional-no-es-ajena-a-la-pastoral-general\/#primaryimage\"},\"image\":{\"@id\":\"https:\/\/vincentians.com\/es\/la-pastoral-vocacional-no-es-ajena-a-la-pastoral-general\/#primaryimage\"},\"thumbnailUrl\":\"\",\"datePublished\":\"2014-07-20T06:35:13+00:00\",\"dateModified\":\"2016-07-30T11:03:38+00:00\",\"breadcrumb\":{\"@id\":\"https:\/\/vincentians.com\/es\/la-pastoral-vocacional-no-es-ajena-a-la-pastoral-general\/#breadcrumb\"},\"inLanguage\":\"es\",\"potentialAction\":[{\"@type\":\"ReadAction\",\"target\":[\"https:\/\/vincentians.com\/es\/la-pastoral-vocacional-no-es-ajena-a-la-pastoral-general\/\"]}]},{\"@type\":\"ImageObject\",\"inLanguage\":\"es\",\"@id\":\"https:\/\/vincentians.com\/es\/la-pastoral-vocacional-no-es-ajena-a-la-pastoral-general\/#primaryimage\",\"url\":\"\",\"contentUrl\":\"\"},{\"@type\":\"BreadcrumbList\",\"@id\":\"https:\/\/vincentians.com\/es\/la-pastoral-vocacional-no-es-ajena-a-la-pastoral-general\/#breadcrumb\",\"itemListElement\":[{\"@type\":\"ListItem\",\"position\":1,\"name\":\"Portada\",\"item\":\"http:\/\/vincentians.com\/es\/\"},{\"@type\":\"ListItem\",\"position\":2,\"name\":\"La Pastoral Vocacional no es ajena a la Pastoral General\"}]},{\"@type\":\"WebSite\",\"@id\":\"http:\/\/vincentians.com\/es\/#website\",\"url\":\"http:\/\/vincentians.com\/es\/\",\"name\":\"Somos Vicencianos\",\"description\":\"Know more to serve more\",\"publisher\":{\"@id\":\"http:\/\/vincentians.com\/es\/#organization\"},\"potentialAction\":[{\"@type\":\"SearchAction\",\"target\":{\"@type\":\"EntryPoint\",\"urlTemplate\":\"http:\/\/vincentians.com\/es\/?s={search_term_string}\"},\"query-input\":{\"@type\":\"PropertyValueSpecification\",\"valueRequired\":true,\"valueName\":\"search_term_string\"}}],\"inLanguage\":\"es\"},{\"@type\":\"Organization\",\"@id\":\"http:\/\/vincentians.com\/es\/#organization\",\"name\":\"The Vincentian Network\",\"url\":\"http:\/\/vincentians.com\/es\/\",\"logo\":{\"@type\":\"ImageObject\",\"inLanguage\":\"es\",\"@id\":\"http:\/\/vincentians.com\/es\/#\/schema\/logo\/image\/\",\"url\":\"https:\/\/i1.wp.com\/vincentians.com\/es\/wp-content\/uploads\/sites\/11\/2016\/06\/Vincentian-Network-logo-big.png?fit=778%2C778\",\"contentUrl\":\"https:\/\/i1.wp.com\/vincentians.com\/es\/wp-content\/uploads\/sites\/11\/2016\/06\/Vincentian-Network-logo-big.png?fit=778%2C778\",\"width\":778,\"height\":778,\"caption\":\"The Vincentian Network\"},\"image\":{\"@id\":\"http:\/\/vincentians.com\/es\/#\/schema\/logo\/image\/\"},\"sameAs\":[\"https:\/\/www.facebook.com\/WeAreVincentians\/\",\"https:\/\/x.com\/WeVincentians\"]},{\"@type\":\"Person\",\"@id\":\"http:\/\/vincentians.com\/es\/#\/schema\/person\/9623ef4d9aa3b2dfb8c061f1499288f2\",\"name\":\"Francisco Javier Fern\u00e1ndez Chento\",\"image\":{\"@type\":\"ImageObject\",\"inLanguage\":\"es\",\"@id\":\"http:\/\/vincentians.com\/es\/#\/schema\/person\/image\/\",\"url\":\"https:\/\/secure.gravatar.com\/avatar\/497d5cde87b4c3d097d0315953521681ba2cd523ee66e5077c3711f7021e65de?s=96&d=mm&r=g\",\"contentUrl\":\"https:\/\/secure.gravatar.com\/avatar\/497d5cde87b4c3d097d0315953521681ba2cd523ee66e5077c3711f7021e65de?s=96&d=mm&r=g\",\"caption\":\"Francisco Javier Fern\u00e1ndez Chento\"},\"description\":\"Director General y cofundador de La Red de Formaci\u00f3n Vicenciana. Javier es laico vicenciano, afiliado a la Congregaci\u00f3n de la Misi\u00f3n y miembro del Equipo de Misiones Populares de la provincia can\u00f3nica de Zaragoza (Espa\u00f1a) de la Congregaci\u00f3n de la Misi\u00f3n. Graduado en la Universidad Oberta de Catalunya con cuatro grados (Asistente de direcci\u00f3n, Gesti\u00f3n Administrativa, Recursos Humanos y Contabilidad Avanzada). Bil\u00edng\u00fce Espa\u00f1ol\/Ingl\u00e9s. gestiona y mantiene varias p\u00e1ginas web cristianas y vicencianas, incluida including La Red de Formaci\u00f3n Vicenciana, de la que es cofundador. Actualmente es responsable del \u00e1rea de Espa\u00f1ol de .famvin, la Red de Noticias de la Familia Vicenciana. Tambi\u00e9n es m\u00fasico cat\u00f3lico y ha editado varios discos. Es Director General y cofundador de Trovador, una reconocida compa\u00f1\u00eda discogr\u00e1fica critiana de Espa\u00f1a. Trabaja en las Tecnolog\u00edas de la Informaci\u00f3n, ofreciendo servicios de alojamiento, dise\u00f1o y mantenimiento Web, as\u00ed como asesoramiento, formaci\u00f3n y soluciones inform\u00e1ticas, gesti\u00f3n documental y digitalizaci\u00f3n de textos, edici\u00f3n y maquetaci\u00f3n de libros, revistas, flyers, etc.\",\"sameAs\":[\"http:\/\/chento.org\",\"https:\/\/www.facebook.com\/JavierChento\",\"https:\/\/x.com\/https:\/\/twitter.com\/javierchento\"],\"url\":\"https:\/\/vincentians.com\/es\/author\/chento\/\"}]}<\/script>\n<!-- \/ Yoast SEO plugin. -->","yoast_head_json":{"title":"La Pastoral Vocacional no es ajena a la Pastoral General - Somos Vicencianos","robots":{"index":"index","follow":"follow","max-snippet":"max-snippet:-1","max-image-preview":"max-image-preview:large","max-video-preview":"max-video-preview:-1"},"canonical":"https:\/\/vincentians.com\/es\/la-pastoral-vocacional-no-es-ajena-a-la-pastoral-general\/","og_locale":"es_ES","og_type":"article","og_title":"La Pastoral Vocacional no es ajena a la Pastoral General - Somos Vicencianos","og_description":"La Pastoral Vocacional no es una actividad especial o extraordinaria dentro del Proyecto Pastoral de una Parroquia o un Colegio, es una actividad (con Metodolog\u00eda propia) que forma parte importante del trabajo de evangelizaci\u00f3n que ... Read More","og_url":"https:\/\/vincentians.com\/es\/la-pastoral-vocacional-no-es-ajena-a-la-pastoral-general\/","og_site_name":"Somos Vicencianos","article_publisher":"https:\/\/www.facebook.com\/WeAreVincentians\/","article_author":"https:\/\/www.facebook.com\/JavierChento","article_published_time":"2014-07-20T06:35:13+00:00","article_modified_time":"2016-07-30T11:03:38+00:00","author":"Francisco Javier Fern\u00e1ndez Chento","twitter_card":"summary_large_image","twitter_creator":"@https:\/\/twitter.com\/javierchento","twitter_site":"@WeVincentians","twitter_misc":{"Escrito por":"Francisco Javier Fern\u00e1ndez Chento","Tiempo de lectura":"12 minutos"},"schema":{"@context":"https:\/\/schema.org","@graph":[{"@type":"Article","@id":"https:\/\/vincentians.com\/es\/la-pastoral-vocacional-no-es-ajena-a-la-pastoral-general\/#article","isPartOf":{"@id":"https:\/\/vincentians.com\/es\/la-pastoral-vocacional-no-es-ajena-a-la-pastoral-general\/"},"author":{"name":"Francisco Javier Fern\u00e1ndez Chento","@id":"http:\/\/vincentians.com\/es\/#\/schema\/person\/9623ef4d9aa3b2dfb8c061f1499288f2"},"headline":"La Pastoral Vocacional no es ajena a la Pastoral General","datePublished":"2014-07-20T06:35:13+00:00","dateModified":"2016-07-30T11:03:38+00:00","mainEntityOfPage":{"@id":"https:\/\/vincentians.com\/es\/la-pastoral-vocacional-no-es-ajena-a-la-pastoral-general\/"},"wordCount":2330,"commentCount":0,"publisher":{"@id":"http:\/\/vincentians.com\/es\/#organization"},"image":{"@id":"https:\/\/vincentians.com\/es\/la-pastoral-vocacional-no-es-ajena-a-la-pastoral-general\/#primaryimage"},"thumbnailUrl":"","articleSection":["Pastoral Vocacional"],"inLanguage":"es","potentialAction":[{"@type":"CommentAction","name":"Comment","target":["https:\/\/vincentians.com\/es\/la-pastoral-vocacional-no-es-ajena-a-la-pastoral-general\/#respond"]}]},{"@type":"WebPage","@id":"https:\/\/vincentians.com\/es\/la-pastoral-vocacional-no-es-ajena-a-la-pastoral-general\/","url":"https:\/\/vincentians.com\/es\/la-pastoral-vocacional-no-es-ajena-a-la-pastoral-general\/","name":"La Pastoral Vocacional no es ajena a la Pastoral General - Somos Vicencianos","isPartOf":{"@id":"http:\/\/vincentians.com\/es\/#website"},"primaryImageOfPage":{"@id":"https:\/\/vincentians.com\/es\/la-pastoral-vocacional-no-es-ajena-a-la-pastoral-general\/#primaryimage"},"image":{"@id":"https:\/\/vincentians.com\/es\/la-pastoral-vocacional-no-es-ajena-a-la-pastoral-general\/#primaryimage"},"thumbnailUrl":"","datePublished":"2014-07-20T06:35:13+00:00","dateModified":"2016-07-30T11:03:38+00:00","breadcrumb":{"@id":"https:\/\/vincentians.com\/es\/la-pastoral-vocacional-no-es-ajena-a-la-pastoral-general\/#breadcrumb"},"inLanguage":"es","potentialAction":[{"@type":"ReadAction","target":["https:\/\/vincentians.com\/es\/la-pastoral-vocacional-no-es-ajena-a-la-pastoral-general\/"]}]},{"@type":"ImageObject","inLanguage":"es","@id":"https:\/\/vincentians.com\/es\/la-pastoral-vocacional-no-es-ajena-a-la-pastoral-general\/#primaryimage","url":"","contentUrl":""},{"@type":"BreadcrumbList","@id":"https:\/\/vincentians.com\/es\/la-pastoral-vocacional-no-es-ajena-a-la-pastoral-general\/#breadcrumb","itemListElement":[{"@type":"ListItem","position":1,"name":"Portada","item":"http:\/\/vincentians.com\/es\/"},{"@type":"ListItem","position":2,"name":"La Pastoral Vocacional no es ajena a la Pastoral General"}]},{"@type":"WebSite","@id":"http:\/\/vincentians.com\/es\/#website","url":"http:\/\/vincentians.com\/es\/","name":"Somos Vicencianos","description":"Know more to serve more","publisher":{"@id":"http:\/\/vincentians.com\/es\/#organization"},"potentialAction":[{"@type":"SearchAction","target":{"@type":"EntryPoint","urlTemplate":"http:\/\/vincentians.com\/es\/?s={search_term_string}"},"query-input":{"@type":"PropertyValueSpecification","valueRequired":true,"valueName":"search_term_string"}}],"inLanguage":"es"},{"@type":"Organization","@id":"http:\/\/vincentians.com\/es\/#organization","name":"The Vincentian Network","url":"http:\/\/vincentians.com\/es\/","logo":{"@type":"ImageObject","inLanguage":"es","@id":"http:\/\/vincentians.com\/es\/#\/schema\/logo\/image\/","url":"https:\/\/i1.wp.com\/vincentians.com\/es\/wp-content\/uploads\/sites\/11\/2016\/06\/Vincentian-Network-logo-big.png?fit=778%2C778","contentUrl":"https:\/\/i1.wp.com\/vincentians.com\/es\/wp-content\/uploads\/sites\/11\/2016\/06\/Vincentian-Network-logo-big.png?fit=778%2C778","width":778,"height":778,"caption":"The Vincentian Network"},"image":{"@id":"http:\/\/vincentians.com\/es\/#\/schema\/logo\/image\/"},"sameAs":["https:\/\/www.facebook.com\/WeAreVincentians\/","https:\/\/x.com\/WeVincentians"]},{"@type":"Person","@id":"http:\/\/vincentians.com\/es\/#\/schema\/person\/9623ef4d9aa3b2dfb8c061f1499288f2","name":"Francisco Javier Fern\u00e1ndez Chento","image":{"@type":"ImageObject","inLanguage":"es","@id":"http:\/\/vincentians.com\/es\/#\/schema\/person\/image\/","url":"https:\/\/secure.gravatar.com\/avatar\/497d5cde87b4c3d097d0315953521681ba2cd523ee66e5077c3711f7021e65de?s=96&d=mm&r=g","contentUrl":"https:\/\/secure.gravatar.com\/avatar\/497d5cde87b4c3d097d0315953521681ba2cd523ee66e5077c3711f7021e65de?s=96&d=mm&r=g","caption":"Francisco Javier Fern\u00e1ndez Chento"},"description":"Director General y cofundador de La Red de Formaci\u00f3n Vicenciana. Javier es laico vicenciano, afiliado a la Congregaci\u00f3n de la Misi\u00f3n y miembro del Equipo de Misiones Populares de la provincia can\u00f3nica de Zaragoza (Espa\u00f1a) de la Congregaci\u00f3n de la Misi\u00f3n. Graduado en la Universidad Oberta de Catalunya con cuatro grados (Asistente de direcci\u00f3n, Gesti\u00f3n Administrativa, Recursos Humanos y Contabilidad Avanzada). Bil\u00edng\u00fce Espa\u00f1ol\/Ingl\u00e9s. gestiona y mantiene varias p\u00e1ginas web cristianas y vicencianas, incluida including La Red de Formaci\u00f3n Vicenciana, de la que es cofundador. Actualmente es responsable del \u00e1rea de Espa\u00f1ol de .famvin, la Red de Noticias de la Familia Vicenciana. Tambi\u00e9n es m\u00fasico cat\u00f3lico y ha editado varios discos. Es Director General y cofundador de Trovador, una reconocida compa\u00f1\u00eda discogr\u00e1fica critiana de Espa\u00f1a. Trabaja en las Tecnolog\u00edas de la Informaci\u00f3n, ofreciendo servicios de alojamiento, dise\u00f1o y mantenimiento Web, as\u00ed como asesoramiento, formaci\u00f3n y soluciones inform\u00e1ticas, gesti\u00f3n documental y digitalizaci\u00f3n de textos, edici\u00f3n y maquetaci\u00f3n de libros, revistas, flyers, etc.","sameAs":["http:\/\/chento.org","https:\/\/www.facebook.com\/JavierChento","https:\/\/x.com\/https:\/\/twitter.com\/javierchento"],"url":"https:\/\/vincentians.com\/es\/author\/chento\/"}]}},"jetpack_publicize_connections":[],"jetpack_featured_media_url":"","jetpack_sharing_enabled":true,"jetpack_shortlink":"https:\/\/wp.me\/p7ETMF-9GJ","jetpack-related-posts":[{"id":128327,"url":"https:\/\/vincentians.com\/es\/una-familia-de-discipulos\/","url_meta":{"origin":37245,"position":0},"title":"Una familia de disc\u00edpulos","author":"Francisco Javier Fern\u00e1ndez Chento","date":"09\/01\/2025","format":false,"excerpt":"Lo mejor que nos ha ocurrido como familia ha sido responder al llamado de Jes\u00fas. Desde hace ocho a\u00f1os, la familia G\u00f3mez Turcios decidimos caminar como disc\u00edpulos de Jesucristo y nos sentimos amados por El. Colaboramos en la actividad eclesial como catequistas de ni\u00f1os y de adultos, somos ministros extraordinarios\u2026","rel":"","context":"En \u00abTestigos vicencianos\u00bb","block_context":{"text":"Testigos vicencianos","link":"https:\/\/vincentians.com\/es\/category\/la-familia-vicenciana\/testigos-vicencianos\/"},"img":{"alt_text":"","src":"https:\/\/i0.wp.com\/vincentians.com\/es\/wp-content\/uploads\/sites\/11\/2023\/08\/aa.jpg?fit=848%2C565&ssl=1&resize=350%2C200","width":350,"height":200,"srcset":"https:\/\/i0.wp.com\/vincentians.com\/es\/wp-content\/uploads\/sites\/11\/2023\/08\/aa.jpg?fit=848%2C565&ssl=1&resize=350%2C200 1x, https:\/\/i0.wp.com\/vincentians.com\/es\/wp-content\/uploads\/sites\/11\/2023\/08\/aa.jpg?fit=848%2C565&ssl=1&resize=525%2C300 1.5x, https:\/\/i0.wp.com\/vincentians.com\/es\/wp-content\/uploads\/sites\/11\/2023\/08\/aa.jpg?fit=848%2C565&ssl=1&resize=700%2C400 2x"},"classes":[]},{"id":120725,"url":"https:\/\/vincentians.com\/es\/los-movimientos-juveniles-como-transmisores-de-la-fe\/","url_meta":{"origin":37245,"position":1},"title":"Los movimientos juveniles como transmisores de la fe","author":"Francisco Javier Fern\u00e1ndez Chento","date":"15\/10\/2022","format":false,"excerpt":"En la Jornada Mundial de la Juventud en Colonia (agosto de 2005) pude sentir el peso de los \"movimientos juve\u00adniles\" en la pastoral con j\u00f3venes. A pesar de la unidad que se viv\u00eda entre todos los convocados por Cristo, se apreciaba la pluralidad y riqueza de \"carismas\" que se manifestaban\u2026","rel":"","context":"En \u00abJuventud\u00bb","block_context":{"text":"Juventud","link":"https:\/\/vincentians.com\/es\/category\/servicios-y-ministerios\/juventud\/"},"img":{"alt_text":"","src":"https:\/\/i0.wp.com\/vincentians.com\/es\/wp-content\/uploads\/sites\/11\/2016\/08\/iglesia-de-los-pobres.jpg?fit=1200%2C630&ssl=1&resize=350%2C200","width":350,"height":200,"srcset":"https:\/\/i0.wp.com\/vincentians.com\/es\/wp-content\/uploads\/sites\/11\/2016\/08\/iglesia-de-los-pobres.jpg?fit=1200%2C630&ssl=1&resize=350%2C200 1x, https:\/\/i0.wp.com\/vincentians.com\/es\/wp-content\/uploads\/sites\/11\/2016\/08\/iglesia-de-los-pobres.jpg?fit=1200%2C630&ssl=1&resize=525%2C300 1.5x, https:\/\/i0.wp.com\/vincentians.com\/es\/wp-content\/uploads\/sites\/11\/2016\/08\/iglesia-de-los-pobres.jpg?fit=1200%2C630&ssl=1&resize=700%2C400 2x, https:\/\/i0.wp.com\/vincentians.com\/es\/wp-content\/uploads\/sites\/11\/2016\/08\/iglesia-de-los-pobres.jpg?fit=1200%2C630&ssl=1&resize=1050%2C600 3x"},"classes":[]},{"id":135774,"url":"https:\/\/vincentians.com\/es\/11o-domingo-de-tiempo-ordinario-reflexion-de-antonio-elduayen-c-m\/","url_meta":{"origin":37245,"position":2},"title":"11\u00ba Domingo de Tiempo Ordinario (reflexi\u00f3n de Antonio Elduayen, C.M.)","author":"Francisco Javier Fern\u00e1ndez Chento","date":"16\/06\/2012","format":false,"excerpt":"Queridos amigos En el Corpus Cristi parroquial, que con misa solemne y procesi\u00f3n celebramos hoy, les remito a la Carta y Tema, que sobre la eucarist\u00eda les escrib\u00ed para su Fiesta el domingo pasado. Aqu\u00ed y ahora, quiero referirme a lo que nuestro Proyecto Pastoral Parroquial nos pide tener en\u2026","rel":"","context":"En \u00abHomil\u00edas y reflexiones, A\u00f1o B\u00bb","block_context":{"text":"Homil\u00edas y reflexiones, A\u00f1o B","link":"https:\/\/vincentians.com\/es\/category\/homilias-y-reflexiones-a-la-palabra-de-dios\/homilias-y-reflexiones-ano-b\/"},"img":{"alt_text":"","src":"https:\/\/i0.wp.com\/vincentians.com\/es\/wp-content\/uploads\/sites\/11\/2016\/07\/reflexiones-palabra-de-dios.jpg?fit=1200%2C630&ssl=1&resize=350%2C200","width":350,"height":200,"srcset":"https:\/\/i0.wp.com\/vincentians.com\/es\/wp-content\/uploads\/sites\/11\/2016\/07\/reflexiones-palabra-de-dios.jpg?fit=1200%2C630&ssl=1&resize=350%2C200 1x, https:\/\/i0.wp.com\/vincentians.com\/es\/wp-content\/uploads\/sites\/11\/2016\/07\/reflexiones-palabra-de-dios.jpg?fit=1200%2C630&ssl=1&resize=525%2C300 1.5x, https:\/\/i0.wp.com\/vincentians.com\/es\/wp-content\/uploads\/sites\/11\/2016\/07\/reflexiones-palabra-de-dios.jpg?fit=1200%2C630&ssl=1&resize=700%2C400 2x, https:\/\/i0.wp.com\/vincentians.com\/es\/wp-content\/uploads\/sites\/11\/2016\/07\/reflexiones-palabra-de-dios.jpg?fit=1200%2C630&ssl=1&resize=1050%2C600 3x"},"classes":[]},{"id":120723,"url":"https:\/\/vincentians.com\/es\/educando-con-dios-de-fondo\/","url_meta":{"origin":37245,"position":3},"title":"Educando con Dios de fondo","author":"Francisco Javier Fern\u00e1ndez Chento","date":"07\/10\/2022","format":false,"excerpt":"Me dispongo a compartir con ustedes c\u00f3mo intentamos trans\u00admitir y cultivar la fe de nuestros alumnos. Uno de los objetivos que est\u00e1 presente en nuestros centros vicencianos es que Dios se haga el encontradizo en sus vidas. Creo que una de las mejores formas para iniciar esta comunica\u00adci\u00f3n es partir\u2026","rel":"","context":"En \u00abEducaci\u00f3n\u00bb","block_context":{"text":"Educaci\u00f3n","link":"https:\/\/vincentians.com\/es\/category\/servicios-y-ministerios\/educacion\/"},"img":{"alt_text":"","src":"https:\/\/i0.wp.com\/vincentians.com\/es\/wp-content\/uploads\/sites\/11\/2013\/04\/formacion_permanente-1.jpg?fit=303%2C303&ssl=1&resize=350%2C200","width":350,"height":200},"classes":[]},{"id":118274,"url":"https:\/\/vincentians.com\/es\/la-parroquia-de-san-vicente-de-paul-propiedad-de-la-congregacion\/","url_meta":{"origin":37245,"position":4},"title":"La Parroquia de San Vicente de Pa\u00fal de Madrid, propiedad de la Congregaci\u00f3n (1965)","author":"Mitxel Olabu\u00e9naga","date":"13\/03\/2013","format":false,"excerpt":"Las bodas de oro del P. Dionisio Villagr\u00e1, hombre que dedic\u00f3 todos sus d\u00edas a los quehaceres parroquiales, me han movido a es\u00adcribir esta cr\u00f3nica. El d\u00eda 16 de septiembre celebramos un sencillo homenaje. Mi\u00adsa armonizada, arte de nuestro hermano Castillo realzado por la presencia del consejo provincial, los superiores\u2026","rel":"","context":"En \u00abHistoria de la Congregaci\u00f3n de la Misi\u00f3n en Espa\u00f1a\u00bb","block_context":{"text":"Historia de la Congregaci\u00f3n de la Misi\u00f3n en Espa\u00f1a","link":"https:\/\/vincentians.com\/es\/category\/historia-de-la-familia-vicenciana\/historia-de-la-congregacion-de-la-mision-en-espana\/"},"img":{"alt_text":"001-p","src":"https:\/\/i0.wp.com\/vicencianos.org\/wp-content\/2013\/02\/001-p.jpg?resize=350%2C200","width":350,"height":200},"classes":[]},{"id":14751,"url":"https:\/\/vincentians.com\/es\/estatuto-parroquia-vicenciana\/","url_meta":{"origin":37245,"position":5},"title":"Estatuto Parroquia Vicenciana","author":"Francisco Javier Fern\u00e1ndez Chento","date":"25\/10\/2013","format":false,"excerpt":"INTRODUCCI\u00d3N La Parroquia es un lugar privilegiado desde el cual la Iglesia se presenta ante el mundo como Sacramento de Salvaci\u00f3n, con la misi\u00f3n de vivir, anunciar e instaurar el Reino de Dios en todos los pueblos (Mt 28, 19-20). Es lugar de encuentro de toda clase de personas en\u2026","rel":"","context":"En \u00abCongregaci\u00f3n de la Misi\u00f3n\u00bb","block_context":{"text":"Congregaci\u00f3n de la Misi\u00f3n","link":"https:\/\/vincentians.com\/es\/category\/la-familia-vicenciana\/ramas\/congregacion-de-la-mision\/"},"img":{"alt_text":"","src":"https:\/\/i0.wp.com\/vicencianos.org\/vicencianos\/files\/2010\/03\/estatuto-parroquia-vicenciana-176x300.jpg?resize=350%2C200","width":350,"height":200},"classes":[]}],"_links":{"self":[{"href":"https:\/\/vincentians.com\/es\/wp-json\/wp\/v2\/posts\/37245","targetHints":{"allow":["GET"]}}],"collection":[{"href":"https:\/\/vincentians.com\/es\/wp-json\/wp\/v2\/posts"}],"about":[{"href":"https:\/\/vincentians.com\/es\/wp-json\/wp\/v2\/types\/post"}],"author":[{"embeddable":true,"href":"https:\/\/vincentians.com\/es\/wp-json\/wp\/v2\/users\/4"}],"replies":[{"embeddable":true,"href":"https:\/\/vincentians.com\/es\/wp-json\/wp\/v2\/comments?post=37245"}],"version-history":[{"count":0,"href":"https:\/\/vincentians.com\/es\/wp-json\/wp\/v2\/posts\/37245\/revisions"}],"wp:featuredmedia":[{"embeddable":true,"href":"https:\/\/vincentians.com\/es\/wp-json\/"}],"wp:attachment":[{"href":"https:\/\/vincentians.com\/es\/wp-json\/wp\/v2\/media?parent=37245"}],"wp:term":[{"taxonomy":"category","embeddable":true,"href":"https:\/\/vincentians.com\/es\/wp-json\/wp\/v2\/categories?post=37245"},{"taxonomy":"post_tag","embeddable":true,"href":"https:\/\/vincentians.com\/es\/wp-json\/wp\/v2\/tags?post=37245"}],"curies":[{"name":"wp","href":"https:\/\/api.w.org\/{rel}","templated":true}]}}