{"id":3713,"date":"2010-01-23T09:08:34","date_gmt":"2010-01-23T08:08:34","guid":{"rendered":"http:\/\/www.vicencianos.org\/web\/2010\/01\/23\/vicente-de-paul-documento-046-testimonio-de-san-vicente-sobre-el-abad-de-saint-cyran\/"},"modified":"2016-07-26T19:51:12","modified_gmt":"2016-07-26T17:51:12","slug":"vicente-de-paul-documento-046-testimonio-de-san-vicente-sobre-el-abad-de-saint-cyran","status":"publish","type":"post","link":"https:\/\/vincentians.com\/es\/vicente-de-paul-documento-046-testimonio-de-san-vicente-sobre-el-abad-de-saint-cyran\/","title":{"rendered":"Vicente de Pa\u00fal, Documento 046: Testimonio De San Vicente Sobre El Abad De Saint-Cyran"},"content":{"rendered":"<p>31 marzo, 1 y 2 abril 1639<\/p>\n<p>Yo, Vicente Depaul, superior de la congregaci\u00f3n de los sacerdotes de la Misi\u00f3n, de unos 59 a\u00f1os de edad, tras prestar juramento de decir la verdad en nombre de mis sagradas \u00f3rdenes, reconozco que son \u00e9stos los hechos y las respuestas que he dado ante el se\u00f1or Lescot, doctor en teolog\u00eda y profesor real de la misma, delegado por su eminencia el cardenal duque de Richelieu, en virtud de la comisi\u00f3n que le ha dado a su eminencia el ilustr\u00edsimo y reverend\u00edsimo se\u00f1or Juan Francisco de Gondi, arzobispo de Par\u00eds, en el proceso que se celebra contra el se\u00f1or abad de Saint-Cyran, prisionero en el castillo del Bois de Vincennes, debido a las opiniones particulares y contrarias a la iglesia que le acusan de mantener.<\/p>\n<p>Reconozco que la carta que me ha mostrado el se\u00f1or Lescot 1, que yo he anotado por mi propia mano, es la misma que me ha escrito y enviado dicho se\u00f1or de Saint-Cyran fechada en Par\u00eds el 20 de noviembre de 1637, suscrita con el nombre de abad de Saint-Cyran, que comprende cuatro p\u00e1ginas y media.<\/p>\n<p>Adem\u00e1s, afirmo que conozco a dicho se\u00f1or de Saint-Cyran desde hace unos quince a\u00f1os y que, durante ese per\u00edodo de quince a\u00f1os, he tenido bastante trato con \u00e9l y lo considero como una de las mejores personas que he conocido.<\/p>\n<p>Que al final del a\u00f1o 1637, por el mes de octubre, fui a visitar a dicho se\u00f1or de Saint-Cyran en su casa de Par\u00eds, frente a los cartujos, y le avis\u00e9 de los rumores que corr\u00edan sobre \u00e9l, esto es, de algunas opiniones o pr\u00e1cticas contrarias a la pr\u00e1ctica de la iglesia, que dec\u00edan ser mantenidas por \u00e9l, aunque no me acuerdo de su n\u00famero, sino solamente de una de ellas, esto es, que mandaba hacer penitencia a algunas personas durante tres o cuatro meses antes de darles la absoluci\u00f3n, y algunas otras de las que se hablar\u00e1 a continuaci\u00f3n.<\/p>\n<p>El recibi\u00f3 este aviso amablemente y no me acuerdo de la respuesta que me dio entonces con toda claridad. Esto ocurri\u00f3 entre dicho se\u00f1or de Saint-Cyran y entre m\u00ed solamente, sin que ninguna otra persona estuviera presente.<\/p>\n<p>Que me parece que el se\u00f1or abate Olier, el se\u00f1or abate Caulet y el se\u00f1or abate de Pri\u00e8res 2\u00a0me hab\u00edan dicho que el se\u00f1or abate de Saint-Cyran segu\u00eda esta pr\u00e1ctica, y me hab\u00edan contado otras muchas cosas de \u00e9l, de las que no me acuerdo.<\/p>\n<p>Que, habi\u00e9ndome dicho el se\u00f1or abate Caulet que hab\u00eda tratado con el se\u00f1or abad de Saint-Cyran observando en \u00e9l algunas opiniones particulares, y habi\u00e9ndome preguntado si a mi juicio podr\u00eda someterse a su direcci\u00f3n, le dije al se\u00f1or Caulet que, puesto que encontraba alguna dificultad en esas opiniones, no se sometiera a su direcci\u00f3n, aunque no s\u00e9 si le dije que abandonara su trato.<\/p>\n<p>No s\u00e9 en qu\u00e9 tiempo recib\u00ed dicha carta, ni por medio de qui\u00e9n me la dirigi\u00f3 o me la mand\u00f3.<\/p>\n<p>Nunca me dijo lo que le parec\u00eda criticable en nuestra congregaci\u00f3n ni cu\u00e1les eran las faltas a las que alude en la carta mencionada.<\/p>\n<p>No me acuerdo haber prohibido a nadie de nuestra congregaci\u00f3n que tratase con el se\u00f1or de Saint-Cyran.<\/p>\n<p>No s\u00e9 lo que quiere decir en esa carta de que hab\u00eda criticado los comienzos por los que nuestra congregaci\u00f3n se hab\u00eda establecido en los lugares donde est\u00e1, ni tampoco cu\u00e1l es esa cr\u00edtica en p\u00fablico que dice \u00e9l haber hecho en la citada carta, y de que hab\u00eda hecho cambiar de opini\u00f3n con sus razones a la persona a quien debemos nuestra fundaci\u00f3n, a no ser que quiera hablar del proceso que tuvimos contra los de San V\u00edctor y de la asistencia que entonces nos prest\u00f3.<\/p>\n<p>Tampoco s\u00e9 cu\u00e1l es esa persecuci\u00f3n que dice en dicha carta que tuvo que padecer y en la que yo le habr\u00eda abandonado ni cu\u00e1l es esa ayuda que le prestamos, ni esa triple c\u00e1bala que dice que se tuvo contra \u00e9l.<\/p>\n<p>Tampoco s\u00e9 cu\u00e1l es esa gran ayuda que dice haber querido prestar a nuestra congregaci\u00f3n, y que yo le habr\u00eda impedido, a no ser que pretenda decir que no quise seguir sus consejos a prop\u00f3sito de nuestra congregaci\u00f3n. Pues bien, nunca me ha dado ning\u00fan consejo sobre la direcci\u00f3n de la compa\u00f1\u00eda.<\/p>\n<p>He visto una vez a dicho se\u00f1or de Saint-Cyran en su mencionada residencia de Par\u00eds desde su regreso; no hablamos entonces del contenido de su carta, a no ser que yo le dije al principio que le agradec\u00eda que se hubiese confiado conmigo, descarg\u00e1ndose en dicha carta del enfado que hab\u00eda sufrido.<\/p>\n<p>No me acuerdo haberle dicho a nadie que hab\u00eda recibido aquella carta o que la guardase, a no ser al se\u00f1or Dauzenat que era entonces capell\u00e1n de la se\u00f1ora duquesa de Aiguillon y ahora tesorero del se\u00f1or cardenal.<\/p>\n<p>Conserv\u00e9 aquella carta para demostrar que yo no participo de la mencionada pr\u00e1ctica del se\u00f1or de Saint-Cyran ni de las opiniones que le atribuyen, en el caso de que le acusasen.<\/p>\n<p>Cuando el se\u00f1or de Laubardemont me habl\u00f3 de dicha carta, de parte del se\u00f1or cardenal, o dos d\u00edas m\u00e1s tarde, la llev\u00e9 a Su Eminencia y le dije al se\u00f1or Lescot aquel mismo d\u00eda que la ten\u00eda.<\/p>\n<p>Ni el se\u00f1or Barcos ni el se\u00f1or Singlin vinieron a verme para pedirme que no dijera nada contra el se\u00f1or de Saint-Cyran.<\/p>\n<p>Jam\u00e1s he llamado maestro al se\u00f1or de Saint-Cyran.<\/p>\n<p>No s\u00e9 por qu\u00e9 no se cerr\u00f3 dicha carta; me acuerdo que me la entregaron en un envoltorio de papel cerrado y que no hab\u00eda ninguna otra carta que la acompa\u00f1ase.<\/p>\n<p>Supe tres d\u00edas m\u00e1s tarde por medio de un tal se\u00f1or Tardif que se hab\u00eda encontrado una copia de dicha carta entre los papeles del se\u00f1or de Saint-Cyran, que se recogieron cuando apresaron a dicho se\u00f1or, y que aquella copia la hab\u00eda sacado por propia mano la superiora de la Visitaci\u00f3n de Poitiers; me parece que a\u00f1adi\u00f3 que el original me lo hab\u00eda enviado dicha superiora, pero yo no s\u00e9 nada.<\/p>\n<p>Nunca he recibido ninguna carta de dicha superiora acerca de las opiniones y pr\u00e1cticas que se imputan al se\u00f1or de SaintCyran, ni tampoco relacionada con la mencionada carta, a no ser dos o tres cartas suyas que recib\u00ed hace unos cuatro a\u00f1os a prop\u00f3sito de la fundaci\u00f3n de la Visitaci\u00f3n de Poitiers, cuando intervine ante el se\u00f1or de Saint-Cyran para que escribiera al se\u00f1or obispo de Poitiers.<\/p>\n<p>Y eso es todo lo que s\u00e9 sobre dicha carta.<\/p>\n<p>Por lo que se refiere a los dem\u00e1s art\u00edculos sobre los que me ha interrogado el se\u00f1or Lescot, afirmo que, en lo que se refiere a si he o\u00eddo decir al se\u00f1or de Saint-Cyran que Dios ha destruido a su iglesia desde hace 500 \u00f3 600 a\u00f1os, alegando las palabras de Salom\u00f3n, tempus destruendi, y que la corrupci\u00f3n se ha introducido en ella, incluso en su doctrina, respondo que le he o\u00eddo decir una vez solamente esas palabras, de que Dios destruy\u00f3 a su iglesia y tambi\u00e9n que, seg\u00fan eso, parece que quienes la sostienen act\u00faan en contra de su intenci\u00f3n. Creo que dec\u00eda esto a prop\u00f3sito de algunas ideas sobre los juicios de Dios y la corrupci\u00f3n de las costumbres. Al principio esta proposici\u00f3n me preocup\u00f3; pero luego he pensado que pod\u00eda decirle en el mismo sentido que me han dicho que la dec\u00eda el papa Clemente VIII afirmando que lloraba al ver que, mientras la iglesia se extend\u00eda por las Indias, le parec\u00eda que se iba destruyendo por aqu\u00ed. En cuanto a lo que dijo que le parec\u00eda que sus sostenedores iban contra la intenci\u00f3n de Dios, creo que esto debe explicarse por las acciones de la vida de dicho se\u00f1or de Saint-Cyran, que en su mayor\u00eda serv\u00edan al sostenimiento de la iglesia. Son testigos sus escritos y todo lo que hac\u00eda por la salvaci\u00f3n de las almas. Y de lo dem\u00e1s del art\u00edculo yo nunca le he o\u00eddo hablar.<\/p>\n<p>A la pregunta de si he o\u00eddo decir al se\u00f1or de Saint-Cyran que el papa y la mayor\u00eda de los obispos, p\u00e1rrocos, etc., no constituyen la verdadera iglesia, ya que est\u00e1n desprovistos de vocaci\u00f3n y de esp\u00edritu de gracia, respondo que no le he o\u00eddo nunca decir lo que se contiene en dicha pregunta, a no ser solamente una vez que dijo que muchos obispos eran hechuras de la corte y no ten\u00edan vocaci\u00f3n. Pero nunca he visto a nadie que estimase al episcopado tanto como \u00e9l, ni a algunos obispos, como al difunto obispo de Comminges. Ten\u00eda tambi\u00e9n en grande estima al obispo de Ginebra, Francisco de Sales, y lo llamaba bienaventurado.<\/p>\n<p>A la pregunta de si le he o\u00eddo decir que el concilio de Trento ha cambiado y alterado la doctrina de la iglesia y que no es un concilio leg\u00edtimo, respondo que nunca se lo he o\u00eddo decir ni que \u00e9l tuviera nada en contra de dicho concilio.<\/p>\n<p>A la pregunta de si le he o\u00eddo decir que es un abuso dar la absoluci\u00f3n inmediatamente despu\u00e9s de la confesi\u00f3n, seg\u00fan la pr\u00e1ctica ordinaria, y que hay que satisfacer de antemano, respondo que nunca le he o\u00eddo decir que fuera un abuso obrar de esta manera. S\u00ed que le he o\u00eddo hablar de la penitencia antes de la absoluci\u00f3n, pero no me acuerdo bien en qu\u00e9 t\u00e9rminos. Pero la experiencia me hace ver c\u00f3mo entend\u00eda \u00e9l lo que se contiene en esa pregunta, ya que nos mand\u00f3 dar la misi\u00f3n en las parroquias que dependen de su abad\u00eda de Saint-Cyran y nos ofreci\u00f3 varias veces un priorato que tiene cerca de Poitiers para que hici\u00e9ramos lo mismo en el obispado de Poitiers, y todos saben que nosotros hacemos lo que se contiene en dicho art\u00edculo.<\/p>\n<p>A la pregunta de si le he o\u00eddo decir que el justo no debe tener m\u00e1s ley que los movimientos interiores de la gracia para vivir en la libertad de los hijos de Dios, y que los votos son imperfectos por oponerse a esa libertad del esp\u00edritu de Dios, respondo que no le he o\u00eddo nunca decir esas palabras, de que el justo no deba tener m\u00e1s leyes que los movimientos interiores de la gracia cuando alegaba aquellas palabras de san Pablo: Justo lex non est posita. Pero no me acuerdo bien en qu\u00e9 t\u00e9rminos hablaba ventajosamente de los movimientos interiores de la gracia ni a prop\u00f3sito de qu\u00e9 citaba las palabras de san Pablo. En cuanto a los votos, tengo dudas de si le o\u00ed decir esas palabras de la pregunta. Sin embargo, me consta que \u00e9l asisti\u00f3 a un sobrino suyo, para que se hiciera capuchino en la provincia de Toulouse, y que \u00e9l personalmente llev\u00f3 al hijo de uno de sus amigos a los carmelitas reformados.<\/p>\n<p>A la pregunta de si hab\u00eda dicho que los jesuitas y los dem\u00e1s nuevos religiosos que intervienen en las funciones clericales tienen que ser suprimidos, respondo que le he o\u00eddo criticar algunas opiniones de los jesuitas, concretamente las que se refieren a la gracia, y que me parece haberle o\u00eddo decir que, si \u00e9l pudiera suprimir a los jesuitas o alguno de ellos, lo har\u00eda, aunque tambi\u00e9n le he o\u00eddo tributar grandes alabanzas a los primeros de aquella orden, y tambi\u00e9n me parece haberle o\u00eddo decir que no quer\u00eda mal a la compa\u00f1\u00eda de los jesuitas y que estaba dispuesto a dar su vida por ella y por cada uno de los mismos; por eso creo que lo que entend\u00eda por destruir a los jesuitas era que, si de \u00e9l dependiera, les quitar\u00eda la facultad de ense\u00f1ar teolog\u00eda. De lo dem\u00e1s del art\u00edculo, nada s\u00e9.<\/p>\n<p>En relaci\u00f3n con varios art\u00edculos, como de si la contrici\u00f3n perfecta es absolutamente necesaria para el sacramento de la penitencia, de si s\u00f3lo se puede dar la absoluci\u00f3n sacramental a los que est\u00e1n verdaderamente contritos, de que la absoluci\u00f3n no perdona el pecado, sino que solamente declara que est\u00e1 ya perdonado en virtud de la contrici\u00f3n que ha precedido y tiene que preceder a la absoluci\u00f3n, de que los pecados veniales no son materia suficiente para la absoluci\u00f3n sacramental, de que no es necesario confesar el n\u00famero de los pecados mortales ni las circunstancias que cambian la especie del pecado, de que la verdadera fe no se distingue de la caridad, de que la iglesia ha dejado hace 600 a\u00f1os de ser la verdadera iglesia, de todos estos art\u00edculos y de algunos otros sobre los que me ha interrogado el se\u00f1or Lescot, respondo que nunca he o\u00eddo hablar de esto al se\u00f1or de Saint-Cyran. Y esto es todo lo que s\u00e9 sobre dicho se\u00f1or de Saint-Cyran.<\/p>\n<p>He escrito todo lo anterior con mi propia mano y, despu\u00e9s de haberlo vuelto a leer, me reafirmo en ello y lo firmo,<\/p>\n<p>VICENTE DE PAUL<\/p>\n","protected":false},"excerpt":{"rendered":"<p>31 marzo, 1 y 2 abril 1639 Yo, Vicente Depaul, superior de la congregaci\u00f3n de los sacerdotes de la Misi\u00f3n, de unos 59 a\u00f1os de edad, tras prestar juramento de decir la verdad en nombre &#8230; <a href=\"https:\/\/vincentians.com\/es\/vicente-de-paul-documento-046-testimonio-de-san-vicente-sobre-el-abad-de-saint-cyran\/\" class=\"more-link\">Read More<\/a><\/p>\n","protected":false},"author":4,"featured_media":393753,"comment_status":"open","ping_status":"open","sticky":false,"template":"","format":"standard","meta":{"jetpack_post_was_ever_published":false,"_jetpack_newsletter_access":"","_jetpack_dont_email_post_to_subs":false,"_jetpack_newsletter_tier_id":0,"_jetpack_memberships_contains_paywalled_content":false,"_jetpack_memberships_contains_paid_content":false,"footnotes":"","jetpack_publicize_message":"","jetpack_publicize_feature_enabled":true,"jetpack_social_post_already_shared":true,"jetpack_social_options":{"image_generator_settings":{"template":"highway","default_image_id":0,"font":"","enabled":false},"version":2}},"categories":[65],"tags":[152,119],"class_list":["post-3713","post","type-post","status-publish","format-standard","has-post-thumbnail","hentry","category-escritos-de-vicente-de-paul","tag-duquesa-de-aiguillon","tag-gondi"],"yoast_head":"<!-- This site is optimized with the Yoast SEO plugin v26.3 - https:\/\/yoast.com\/wordpress\/plugins\/seo\/ -->\n<title>Vicente de Pa\u00fal, Documento 046: Testimonio De San Vicente Sobre El Abad De Saint-Cyran - Somos Vicencianos<\/title>\n<meta name=\"robots\" content=\"index, follow, max-snippet:-1, max-image-preview:large, max-video-preview:-1\" \/>\n<link rel=\"canonical\" href=\"https:\/\/vincentians.com\/es\/vicente-de-paul-documento-046-testimonio-de-san-vicente-sobre-el-abad-de-saint-cyran\/\" \/>\n<meta property=\"og:locale\" content=\"es_ES\" \/>\n<meta property=\"og:type\" content=\"article\" \/>\n<meta property=\"og:title\" content=\"Vicente de Pa\u00fal, Documento 046: Testimonio De San Vicente Sobre El Abad De Saint-Cyran - Somos Vicencianos\" \/>\n<meta property=\"og:description\" content=\"31 marzo, 1 y 2 abril 1639 Yo, Vicente Depaul, superior de la congregaci\u00f3n de los sacerdotes de la Misi\u00f3n, de unos 59 a\u00f1os de edad, tras prestar juramento de decir la verdad en nombre ... Read More\" \/>\n<meta property=\"og:url\" content=\"https:\/\/vincentians.com\/es\/vicente-de-paul-documento-046-testimonio-de-san-vicente-sobre-el-abad-de-saint-cyran\/\" \/>\n<meta property=\"og:site_name\" content=\"Somos Vicencianos\" \/>\n<meta property=\"article:publisher\" content=\"https:\/\/www.facebook.com\/WeAreVincentians\/\" \/>\n<meta property=\"article:author\" content=\"https:\/\/www.facebook.com\/JavierChento\" \/>\n<meta property=\"article:published_time\" content=\"2010-01-23T08:08:34+00:00\" \/>\n<meta property=\"article:modified_time\" content=\"2016-07-26T17:51:12+00:00\" \/>\n<meta property=\"og:image\" content=\"https:\/\/i0.wp.com\/vincentians.com\/es\/wp-content\/uploads\/sites\/11\/2016\/07\/escritos-vicente-de-paul.jpg?fit=1200%2C630&ssl=1\" \/>\n\t<meta property=\"og:image:width\" content=\"1200\" \/>\n\t<meta property=\"og:image:height\" content=\"630\" \/>\n\t<meta property=\"og:image:type\" content=\"image\/jpeg\" \/>\n<meta name=\"author\" content=\"Francisco Javier Fern\u00e1ndez Chento\" \/>\n<meta name=\"twitter:card\" content=\"summary_large_image\" \/>\n<meta name=\"twitter:creator\" content=\"@https:\/\/twitter.com\/javierchento\" \/>\n<meta name=\"twitter:site\" content=\"@WeVincentians\" \/>\n<meta name=\"twitter:label1\" content=\"Escrito por\" \/>\n\t<meta name=\"twitter:data1\" content=\"Francisco Javier Fern\u00e1ndez Chento\" \/>\n\t<meta name=\"twitter:label2\" content=\"Tiempo de lectura\" \/>\n\t<meta name=\"twitter:data2\" content=\"12 minutos\" \/>\n<script type=\"application\/ld+json\" class=\"yoast-schema-graph\">{\"@context\":\"https:\/\/schema.org\",\"@graph\":[{\"@type\":\"Article\",\"@id\":\"https:\/\/vincentians.com\/es\/vicente-de-paul-documento-046-testimonio-de-san-vicente-sobre-el-abad-de-saint-cyran\/#article\",\"isPartOf\":{\"@id\":\"https:\/\/vincentians.com\/es\/vicente-de-paul-documento-046-testimonio-de-san-vicente-sobre-el-abad-de-saint-cyran\/\"},\"author\":{\"name\":\"Francisco Javier Fern\u00e1ndez Chento\",\"@id\":\"http:\/\/vincentians.com\/es\/#\/schema\/person\/9623ef4d9aa3b2dfb8c061f1499288f2\"},\"headline\":\"Vicente de Pa\u00fal, Documento 046: Testimonio De San Vicente Sobre El Abad De Saint-Cyran\",\"datePublished\":\"2010-01-23T08:08:34+00:00\",\"dateModified\":\"2016-07-26T17:51:12+00:00\",\"mainEntityOfPage\":{\"@id\":\"https:\/\/vincentians.com\/es\/vicente-de-paul-documento-046-testimonio-de-san-vicente-sobre-el-abad-de-saint-cyran\/\"},\"wordCount\":2355,\"commentCount\":0,\"publisher\":{\"@id\":\"http:\/\/vincentians.com\/es\/#organization\"},\"image\":{\"@id\":\"https:\/\/vincentians.com\/es\/vicente-de-paul-documento-046-testimonio-de-san-vicente-sobre-el-abad-de-saint-cyran\/#primaryimage\"},\"thumbnailUrl\":\"https:\/\/i0.wp.com\/vincentians.com\/es\/wp-content\/uploads\/sites\/11\/2016\/07\/escritos-vicente-de-paul.jpg?fit=1200%2C630&ssl=1\",\"keywords\":[\"Duquesa de Aiguillon\",\"Gondi\"],\"articleSection\":[\"Escritos de Vicente de Pa\u00fal\"],\"inLanguage\":\"es\",\"potentialAction\":[{\"@type\":\"CommentAction\",\"name\":\"Comment\",\"target\":[\"https:\/\/vincentians.com\/es\/vicente-de-paul-documento-046-testimonio-de-san-vicente-sobre-el-abad-de-saint-cyran\/#respond\"]}]},{\"@type\":\"WebPage\",\"@id\":\"https:\/\/vincentians.com\/es\/vicente-de-paul-documento-046-testimonio-de-san-vicente-sobre-el-abad-de-saint-cyran\/\",\"url\":\"https:\/\/vincentians.com\/es\/vicente-de-paul-documento-046-testimonio-de-san-vicente-sobre-el-abad-de-saint-cyran\/\",\"name\":\"Vicente de Pa\u00fal, Documento 046: Testimonio De San Vicente Sobre El Abad De Saint-Cyran - Somos Vicencianos\",\"isPartOf\":{\"@id\":\"http:\/\/vincentians.com\/es\/#website\"},\"primaryImageOfPage\":{\"@id\":\"https:\/\/vincentians.com\/es\/vicente-de-paul-documento-046-testimonio-de-san-vicente-sobre-el-abad-de-saint-cyran\/#primaryimage\"},\"image\":{\"@id\":\"https:\/\/vincentians.com\/es\/vicente-de-paul-documento-046-testimonio-de-san-vicente-sobre-el-abad-de-saint-cyran\/#primaryimage\"},\"thumbnailUrl\":\"https:\/\/i0.wp.com\/vincentians.com\/es\/wp-content\/uploads\/sites\/11\/2016\/07\/escritos-vicente-de-paul.jpg?fit=1200%2C630&ssl=1\",\"datePublished\":\"2010-01-23T08:08:34+00:00\",\"dateModified\":\"2016-07-26T17:51:12+00:00\",\"breadcrumb\":{\"@id\":\"https:\/\/vincentians.com\/es\/vicente-de-paul-documento-046-testimonio-de-san-vicente-sobre-el-abad-de-saint-cyran\/#breadcrumb\"},\"inLanguage\":\"es\",\"potentialAction\":[{\"@type\":\"ReadAction\",\"target\":[\"https:\/\/vincentians.com\/es\/vicente-de-paul-documento-046-testimonio-de-san-vicente-sobre-el-abad-de-saint-cyran\/\"]}]},{\"@type\":\"ImageObject\",\"inLanguage\":\"es\",\"@id\":\"https:\/\/vincentians.com\/es\/vicente-de-paul-documento-046-testimonio-de-san-vicente-sobre-el-abad-de-saint-cyran\/#primaryimage\",\"url\":\"https:\/\/i0.wp.com\/vincentians.com\/es\/wp-content\/uploads\/sites\/11\/2016\/07\/escritos-vicente-de-paul.jpg?fit=1200%2C630&ssl=1\",\"contentUrl\":\"https:\/\/i0.wp.com\/vincentians.com\/es\/wp-content\/uploads\/sites\/11\/2016\/07\/escritos-vicente-de-paul.jpg?fit=1200%2C630&ssl=1\",\"width\":1200,\"height\":630},{\"@type\":\"BreadcrumbList\",\"@id\":\"https:\/\/vincentians.com\/es\/vicente-de-paul-documento-046-testimonio-de-san-vicente-sobre-el-abad-de-saint-cyran\/#breadcrumb\",\"itemListElement\":[{\"@type\":\"ListItem\",\"position\":1,\"name\":\"Portada\",\"item\":\"http:\/\/vincentians.com\/es\/\"},{\"@type\":\"ListItem\",\"position\":2,\"name\":\"Vicente de Pa\u00fal, Documento 046: Testimonio De San Vicente Sobre El Abad De Saint-Cyran\"}]},{\"@type\":\"WebSite\",\"@id\":\"http:\/\/vincentians.com\/es\/#website\",\"url\":\"http:\/\/vincentians.com\/es\/\",\"name\":\"Somos Vicencianos\",\"description\":\"Know more to serve more\",\"publisher\":{\"@id\":\"http:\/\/vincentians.com\/es\/#organization\"},\"potentialAction\":[{\"@type\":\"SearchAction\",\"target\":{\"@type\":\"EntryPoint\",\"urlTemplate\":\"http:\/\/vincentians.com\/es\/?s={search_term_string}\"},\"query-input\":{\"@type\":\"PropertyValueSpecification\",\"valueRequired\":true,\"valueName\":\"search_term_string\"}}],\"inLanguage\":\"es\"},{\"@type\":\"Organization\",\"@id\":\"http:\/\/vincentians.com\/es\/#organization\",\"name\":\"The Vincentian Network\",\"url\":\"http:\/\/vincentians.com\/es\/\",\"logo\":{\"@type\":\"ImageObject\",\"inLanguage\":\"es\",\"@id\":\"http:\/\/vincentians.com\/es\/#\/schema\/logo\/image\/\",\"url\":\"https:\/\/i1.wp.com\/vincentians.com\/es\/wp-content\/uploads\/sites\/11\/2016\/06\/Vincentian-Network-logo-big.png?fit=778%2C778\",\"contentUrl\":\"https:\/\/i1.wp.com\/vincentians.com\/es\/wp-content\/uploads\/sites\/11\/2016\/06\/Vincentian-Network-logo-big.png?fit=778%2C778\",\"width\":778,\"height\":778,\"caption\":\"The Vincentian Network\"},\"image\":{\"@id\":\"http:\/\/vincentians.com\/es\/#\/schema\/logo\/image\/\"},\"sameAs\":[\"https:\/\/www.facebook.com\/WeAreVincentians\/\",\"https:\/\/x.com\/WeVincentians\"]},{\"@type\":\"Person\",\"@id\":\"http:\/\/vincentians.com\/es\/#\/schema\/person\/9623ef4d9aa3b2dfb8c061f1499288f2\",\"name\":\"Francisco Javier Fern\u00e1ndez Chento\",\"image\":{\"@type\":\"ImageObject\",\"inLanguage\":\"es\",\"@id\":\"http:\/\/vincentians.com\/es\/#\/schema\/person\/image\/\",\"url\":\"https:\/\/secure.gravatar.com\/avatar\/497d5cde87b4c3d097d0315953521681ba2cd523ee66e5077c3711f7021e65de?s=96&d=mm&r=g\",\"contentUrl\":\"https:\/\/secure.gravatar.com\/avatar\/497d5cde87b4c3d097d0315953521681ba2cd523ee66e5077c3711f7021e65de?s=96&d=mm&r=g\",\"caption\":\"Francisco Javier Fern\u00e1ndez Chento\"},\"description\":\"Director General y cofundador de La Red de Formaci\u00f3n Vicenciana. Javier es laico vicenciano, afiliado a la Congregaci\u00f3n de la Misi\u00f3n y miembro del Equipo de Misiones Populares de la provincia can\u00f3nica de Zaragoza (Espa\u00f1a) de la Congregaci\u00f3n de la Misi\u00f3n. Graduado en la Universidad Oberta de Catalunya con cuatro grados (Asistente de direcci\u00f3n, Gesti\u00f3n Administrativa, Recursos Humanos y Contabilidad Avanzada). Bil\u00edng\u00fce Espa\u00f1ol\/Ingl\u00e9s. gestiona y mantiene varias p\u00e1ginas web cristianas y vicencianas, incluida including La Red de Formaci\u00f3n Vicenciana, de la que es cofundador. Actualmente es responsable del \u00e1rea de Espa\u00f1ol de .famvin, la Red de Noticias de la Familia Vicenciana. Tambi\u00e9n es m\u00fasico cat\u00f3lico y ha editado varios discos. Es Director General y cofundador de Trovador, una reconocida compa\u00f1\u00eda discogr\u00e1fica critiana de Espa\u00f1a. Trabaja en las Tecnolog\u00edas de la Informaci\u00f3n, ofreciendo servicios de alojamiento, dise\u00f1o y mantenimiento Web, as\u00ed como asesoramiento, formaci\u00f3n y soluciones inform\u00e1ticas, gesti\u00f3n documental y digitalizaci\u00f3n de textos, edici\u00f3n y maquetaci\u00f3n de libros, revistas, flyers, etc.\",\"sameAs\":[\"http:\/\/chento.org\",\"https:\/\/www.facebook.com\/JavierChento\",\"https:\/\/x.com\/https:\/\/twitter.com\/javierchento\"],\"url\":\"https:\/\/vincentians.com\/es\/author\/chento\/\"}]}<\/script>\n<!-- \/ Yoast SEO plugin. -->","yoast_head_json":{"title":"Vicente de Pa\u00fal, Documento 046: Testimonio De San Vicente Sobre El Abad De Saint-Cyran - Somos Vicencianos","robots":{"index":"index","follow":"follow","max-snippet":"max-snippet:-1","max-image-preview":"max-image-preview:large","max-video-preview":"max-video-preview:-1"},"canonical":"https:\/\/vincentians.com\/es\/vicente-de-paul-documento-046-testimonio-de-san-vicente-sobre-el-abad-de-saint-cyran\/","og_locale":"es_ES","og_type":"article","og_title":"Vicente de Pa\u00fal, Documento 046: Testimonio De San Vicente Sobre El Abad De Saint-Cyran - Somos Vicencianos","og_description":"31 marzo, 1 y 2 abril 1639 Yo, Vicente Depaul, superior de la congregaci\u00f3n de los sacerdotes de la Misi\u00f3n, de unos 59 a\u00f1os de edad, tras prestar juramento de decir la verdad en nombre ... Read More","og_url":"https:\/\/vincentians.com\/es\/vicente-de-paul-documento-046-testimonio-de-san-vicente-sobre-el-abad-de-saint-cyran\/","og_site_name":"Somos Vicencianos","article_publisher":"https:\/\/www.facebook.com\/WeAreVincentians\/","article_author":"https:\/\/www.facebook.com\/JavierChento","article_published_time":"2010-01-23T08:08:34+00:00","article_modified_time":"2016-07-26T17:51:12+00:00","og_image":[{"width":1200,"height":630,"url":"https:\/\/i0.wp.com\/vincentians.com\/es\/wp-content\/uploads\/sites\/11\/2016\/07\/escritos-vicente-de-paul.jpg?fit=1200%2C630&ssl=1","type":"image\/jpeg"}],"author":"Francisco Javier Fern\u00e1ndez Chento","twitter_card":"summary_large_image","twitter_creator":"@https:\/\/twitter.com\/javierchento","twitter_site":"@WeVincentians","twitter_misc":{"Escrito por":"Francisco Javier Fern\u00e1ndez Chento","Tiempo de lectura":"12 minutos"},"schema":{"@context":"https:\/\/schema.org","@graph":[{"@type":"Article","@id":"https:\/\/vincentians.com\/es\/vicente-de-paul-documento-046-testimonio-de-san-vicente-sobre-el-abad-de-saint-cyran\/#article","isPartOf":{"@id":"https:\/\/vincentians.com\/es\/vicente-de-paul-documento-046-testimonio-de-san-vicente-sobre-el-abad-de-saint-cyran\/"},"author":{"name":"Francisco Javier Fern\u00e1ndez Chento","@id":"http:\/\/vincentians.com\/es\/#\/schema\/person\/9623ef4d9aa3b2dfb8c061f1499288f2"},"headline":"Vicente de Pa\u00fal, Documento 046: Testimonio De San Vicente Sobre El Abad De Saint-Cyran","datePublished":"2010-01-23T08:08:34+00:00","dateModified":"2016-07-26T17:51:12+00:00","mainEntityOfPage":{"@id":"https:\/\/vincentians.com\/es\/vicente-de-paul-documento-046-testimonio-de-san-vicente-sobre-el-abad-de-saint-cyran\/"},"wordCount":2355,"commentCount":0,"publisher":{"@id":"http:\/\/vincentians.com\/es\/#organization"},"image":{"@id":"https:\/\/vincentians.com\/es\/vicente-de-paul-documento-046-testimonio-de-san-vicente-sobre-el-abad-de-saint-cyran\/#primaryimage"},"thumbnailUrl":"https:\/\/i0.wp.com\/vincentians.com\/es\/wp-content\/uploads\/sites\/11\/2016\/07\/escritos-vicente-de-paul.jpg?fit=1200%2C630&ssl=1","keywords":["Duquesa de Aiguillon","Gondi"],"articleSection":["Escritos de Vicente de Pa\u00fal"],"inLanguage":"es","potentialAction":[{"@type":"CommentAction","name":"Comment","target":["https:\/\/vincentians.com\/es\/vicente-de-paul-documento-046-testimonio-de-san-vicente-sobre-el-abad-de-saint-cyran\/#respond"]}]},{"@type":"WebPage","@id":"https:\/\/vincentians.com\/es\/vicente-de-paul-documento-046-testimonio-de-san-vicente-sobre-el-abad-de-saint-cyran\/","url":"https:\/\/vincentians.com\/es\/vicente-de-paul-documento-046-testimonio-de-san-vicente-sobre-el-abad-de-saint-cyran\/","name":"Vicente de Pa\u00fal, Documento 046: Testimonio De San Vicente Sobre El Abad De Saint-Cyran - Somos Vicencianos","isPartOf":{"@id":"http:\/\/vincentians.com\/es\/#website"},"primaryImageOfPage":{"@id":"https:\/\/vincentians.com\/es\/vicente-de-paul-documento-046-testimonio-de-san-vicente-sobre-el-abad-de-saint-cyran\/#primaryimage"},"image":{"@id":"https:\/\/vincentians.com\/es\/vicente-de-paul-documento-046-testimonio-de-san-vicente-sobre-el-abad-de-saint-cyran\/#primaryimage"},"thumbnailUrl":"https:\/\/i0.wp.com\/vincentians.com\/es\/wp-content\/uploads\/sites\/11\/2016\/07\/escritos-vicente-de-paul.jpg?fit=1200%2C630&ssl=1","datePublished":"2010-01-23T08:08:34+00:00","dateModified":"2016-07-26T17:51:12+00:00","breadcrumb":{"@id":"https:\/\/vincentians.com\/es\/vicente-de-paul-documento-046-testimonio-de-san-vicente-sobre-el-abad-de-saint-cyran\/#breadcrumb"},"inLanguage":"es","potentialAction":[{"@type":"ReadAction","target":["https:\/\/vincentians.com\/es\/vicente-de-paul-documento-046-testimonio-de-san-vicente-sobre-el-abad-de-saint-cyran\/"]}]},{"@type":"ImageObject","inLanguage":"es","@id":"https:\/\/vincentians.com\/es\/vicente-de-paul-documento-046-testimonio-de-san-vicente-sobre-el-abad-de-saint-cyran\/#primaryimage","url":"https:\/\/i0.wp.com\/vincentians.com\/es\/wp-content\/uploads\/sites\/11\/2016\/07\/escritos-vicente-de-paul.jpg?fit=1200%2C630&ssl=1","contentUrl":"https:\/\/i0.wp.com\/vincentians.com\/es\/wp-content\/uploads\/sites\/11\/2016\/07\/escritos-vicente-de-paul.jpg?fit=1200%2C630&ssl=1","width":1200,"height":630},{"@type":"BreadcrumbList","@id":"https:\/\/vincentians.com\/es\/vicente-de-paul-documento-046-testimonio-de-san-vicente-sobre-el-abad-de-saint-cyran\/#breadcrumb","itemListElement":[{"@type":"ListItem","position":1,"name":"Portada","item":"http:\/\/vincentians.com\/es\/"},{"@type":"ListItem","position":2,"name":"Vicente de Pa\u00fal, Documento 046: Testimonio De San Vicente Sobre El Abad De Saint-Cyran"}]},{"@type":"WebSite","@id":"http:\/\/vincentians.com\/es\/#website","url":"http:\/\/vincentians.com\/es\/","name":"Somos Vicencianos","description":"Know more to serve more","publisher":{"@id":"http:\/\/vincentians.com\/es\/#organization"},"potentialAction":[{"@type":"SearchAction","target":{"@type":"EntryPoint","urlTemplate":"http:\/\/vincentians.com\/es\/?s={search_term_string}"},"query-input":{"@type":"PropertyValueSpecification","valueRequired":true,"valueName":"search_term_string"}}],"inLanguage":"es"},{"@type":"Organization","@id":"http:\/\/vincentians.com\/es\/#organization","name":"The Vincentian Network","url":"http:\/\/vincentians.com\/es\/","logo":{"@type":"ImageObject","inLanguage":"es","@id":"http:\/\/vincentians.com\/es\/#\/schema\/logo\/image\/","url":"https:\/\/i1.wp.com\/vincentians.com\/es\/wp-content\/uploads\/sites\/11\/2016\/06\/Vincentian-Network-logo-big.png?fit=778%2C778","contentUrl":"https:\/\/i1.wp.com\/vincentians.com\/es\/wp-content\/uploads\/sites\/11\/2016\/06\/Vincentian-Network-logo-big.png?fit=778%2C778","width":778,"height":778,"caption":"The Vincentian Network"},"image":{"@id":"http:\/\/vincentians.com\/es\/#\/schema\/logo\/image\/"},"sameAs":["https:\/\/www.facebook.com\/WeAreVincentians\/","https:\/\/x.com\/WeVincentians"]},{"@type":"Person","@id":"http:\/\/vincentians.com\/es\/#\/schema\/person\/9623ef4d9aa3b2dfb8c061f1499288f2","name":"Francisco Javier Fern\u00e1ndez Chento","image":{"@type":"ImageObject","inLanguage":"es","@id":"http:\/\/vincentians.com\/es\/#\/schema\/person\/image\/","url":"https:\/\/secure.gravatar.com\/avatar\/497d5cde87b4c3d097d0315953521681ba2cd523ee66e5077c3711f7021e65de?s=96&d=mm&r=g","contentUrl":"https:\/\/secure.gravatar.com\/avatar\/497d5cde87b4c3d097d0315953521681ba2cd523ee66e5077c3711f7021e65de?s=96&d=mm&r=g","caption":"Francisco Javier Fern\u00e1ndez Chento"},"description":"Director General y cofundador de La Red de Formaci\u00f3n Vicenciana. Javier es laico vicenciano, afiliado a la Congregaci\u00f3n de la Misi\u00f3n y miembro del Equipo de Misiones Populares de la provincia can\u00f3nica de Zaragoza (Espa\u00f1a) de la Congregaci\u00f3n de la Misi\u00f3n. Graduado en la Universidad Oberta de Catalunya con cuatro grados (Asistente de direcci\u00f3n, Gesti\u00f3n Administrativa, Recursos Humanos y Contabilidad Avanzada). Bil\u00edng\u00fce Espa\u00f1ol\/Ingl\u00e9s. gestiona y mantiene varias p\u00e1ginas web cristianas y vicencianas, incluida including La Red de Formaci\u00f3n Vicenciana, de la que es cofundador. Actualmente es responsable del \u00e1rea de Espa\u00f1ol de .famvin, la Red de Noticias de la Familia Vicenciana. Tambi\u00e9n es m\u00fasico cat\u00f3lico y ha editado varios discos. Es Director General y cofundador de Trovador, una reconocida compa\u00f1\u00eda discogr\u00e1fica critiana de Espa\u00f1a. Trabaja en las Tecnolog\u00edas de la Informaci\u00f3n, ofreciendo servicios de alojamiento, dise\u00f1o y mantenimiento Web, as\u00ed como asesoramiento, formaci\u00f3n y soluciones inform\u00e1ticas, gesti\u00f3n documental y digitalizaci\u00f3n de textos, edici\u00f3n y maquetaci\u00f3n de libros, revistas, flyers, etc.","sameAs":["http:\/\/chento.org","https:\/\/www.facebook.com\/JavierChento","https:\/\/x.com\/https:\/\/twitter.com\/javierchento"],"url":"https:\/\/vincentians.com\/es\/author\/chento\/"}]}},"jetpack_publicize_connections":[],"jetpack_featured_media_url":"https:\/\/i0.wp.com\/vincentians.com\/es\/wp-content\/uploads\/sites\/11\/2016\/07\/escritos-vicente-de-paul.jpg?fit=1200%2C630&ssl=1","jetpack_sharing_enabled":true,"jetpack_shortlink":"https:\/\/wp.me\/p7ETMF-XT","jetpack-related-posts":[{"id":107912,"url":"https:\/\/vincentians.com\/es\/san-vicente-de-paul-su-vida-su-tiempo-sus-obras-su-influencia-libro-5-capitulo-2\/","url_meta":{"origin":3713,"position":0},"title":"San Vicente de Pa\u00fal. Su vida, su tiempo; sus obras, su influencia. Libro 5, cap\u00edtulo 2","author":"Francisco Javier Fern\u00e1ndez Chento","date":"15\/01\/2015","format":false,"excerpt":"Cap\u00edtulo II: San Vicente de Pa\u00fal y Saint-Cyran. I. Comienzos de sus relaciones. \u00bfD\u00f3nde, cu\u00e1ndo y c\u00f3mo se formaron estas relaciones? No se sabe bien. En el Oratorio, hacia 1625, y por intermedio de B\u00e9rulle, han dicho los jesuitas; es posible y no importa gran cosa, se sabe la diligencia\u2026","rel":"","context":"En \u00abVicente de Pa\u00fal\u00bb","block_context":{"text":"Vicente de Pa\u00fal","link":"https:\/\/vincentians.com\/es\/category\/la-familia-vicenciana\/fundadores\/vicente-de-paul\/"},"img":{"alt_text":"","src":"","width":0,"height":0},"classes":[]},{"id":121668,"url":"https:\/\/vincentians.com\/es\/san-vicente-de-paul-y-los-gondi-capitulo-11\/","url_meta":{"origin":3713,"position":1},"title":"San Vicente de Pa\u00fal y los Gondi: Cap\u00edtulo 11","author":"Francisco Javier Fern\u00e1ndez Chento","date":"21\/07\/2024","format":false,"excerpt":"Cap\u00edtulo XI El P. de Gondi en el Oratorio. - Carta in\u00e9dita del cardenal Spada. - Fundaciones hechas en el Oratorio por el P. de Gondi y la Sra. de Maignelais. - El P. de Gondi y los Carmelitas. - El P. de Gondi, Vicente de Pa\u00fal y los Jansenistas.\u2026","rel":"","context":"En \u00abVicente de Pa\u00fal\u00bb","block_context":{"text":"Vicente de Pa\u00fal","link":"https:\/\/vincentians.com\/es\/category\/la-familia-vicenciana\/fundadores\/vicente-de-paul\/"},"img":{"alt_text":"","src":"https:\/\/i0.wp.com\/vincentians.com\/es\/wp-content\/uploads\/sites\/11\/2023\/08\/aaaf.jpg?fit=1200%2C827&ssl=1&resize=350%2C200","width":350,"height":200,"srcset":"https:\/\/i0.wp.com\/vincentians.com\/es\/wp-content\/uploads\/sites\/11\/2023\/08\/aaaf.jpg?fit=1200%2C827&ssl=1&resize=350%2C200 1x, https:\/\/i0.wp.com\/vincentians.com\/es\/wp-content\/uploads\/sites\/11\/2023\/08\/aaaf.jpg?fit=1200%2C827&ssl=1&resize=525%2C300 1.5x, https:\/\/i0.wp.com\/vincentians.com\/es\/wp-content\/uploads\/sites\/11\/2023\/08\/aaaf.jpg?fit=1200%2C827&ssl=1&resize=700%2C400 2x, https:\/\/i0.wp.com\/vincentians.com\/es\/wp-content\/uploads\/sites\/11\/2023\/08\/aaaf.jpg?fit=1200%2C827&ssl=1&resize=1050%2C600 3x"},"classes":[]},{"id":115682,"url":"https:\/\/vincentians.com\/es\/vicente-de-paul-carta-1025-a-juan-francisco-de-gondi-arzobispo-de-paris\/","url_meta":{"origin":3713,"position":2},"title":"Vicente de Pa\u00fal, Carta 1025: A Juan Francisco De Gondi, Arzobispo De Paris","author":"Francisco Javier Fern\u00e1ndez Chento","date":"09\/12\/2012","format":false,"excerpt":"3 septiembre 1647. Monse\u00f1or: Le renuevo una vez m\u00e1s mi obediencia, con todo el afecto y toda la humildad que me es posible. Le suplico humildemente, monse\u00f1or, que as\u00ed lo acepte, as\u00ed como tambi\u00e9n la s\u00faplica que le dirigir\u00e1 el se\u00f1or Ribier, portador de la presente, sobre la uni\u00f3n de\u2026","rel":"","context":"En \u00abEscritos de Vicente de Pa\u00fal\u00bb","block_context":{"text":"Escritos de Vicente de Pa\u00fal","link":"https:\/\/vincentians.com\/es\/category\/escritos\/escritos-de-vicente-de-paul\/"},"img":{"alt_text":"","src":"https:\/\/i0.wp.com\/vincentians.com\/es\/wp-content\/uploads\/sites\/11\/2016\/07\/escritos-vicente-de-paul.jpg?fit=1200%2C630&ssl=1&resize=350%2C200","width":350,"height":200,"srcset":"https:\/\/i0.wp.com\/vincentians.com\/es\/wp-content\/uploads\/sites\/11\/2016\/07\/escritos-vicente-de-paul.jpg?fit=1200%2C630&ssl=1&resize=350%2C200 1x, https:\/\/i0.wp.com\/vincentians.com\/es\/wp-content\/uploads\/sites\/11\/2016\/07\/escritos-vicente-de-paul.jpg?fit=1200%2C630&ssl=1&resize=525%2C300 1.5x, https:\/\/i0.wp.com\/vincentians.com\/es\/wp-content\/uploads\/sites\/11\/2016\/07\/escritos-vicente-de-paul.jpg?fit=1200%2C630&ssl=1&resize=700%2C400 2x, https:\/\/i0.wp.com\/vincentians.com\/es\/wp-content\/uploads\/sites\/11\/2016\/07\/escritos-vicente-de-paul.jpg?fit=1200%2C630&ssl=1&resize=1050%2C600 3x"},"classes":[]},{"id":121641,"url":"https:\/\/vincentians.com\/es\/san-vicente-de-paul-y-los-gondi-capitulo-03\/","url_meta":{"origin":3713,"position":3},"title":"San Vicente de Pa\u00fal y los Gondi: Cap\u00edtulo 03","author":"Francisco Javier Fern\u00e1ndez Chento","date":"03\/07\/2024","format":false,"excerpt":"Cap\u00edtulo III Jean-Fran\u00e7ois de Gondi, primer arzobispo de Par\u00eds. Retrato de este prelado por su sobrino el cardenal de Retz y por el Padre Rapin. - Administraci\u00f3n de Fran\u00e7ois de Gondi. - Sus diferendos con su sobrino, el coadjutor de Par\u00eds. - Jugada que le hace \u00e9ste a su t\u00edo\u2026","rel":"","context":"En \u00abVicente de Pa\u00fal\u00bb","block_context":{"text":"Vicente de Pa\u00fal","link":"https:\/\/vincentians.com\/es\/category\/la-familia-vicenciana\/fundadores\/vicente-de-paul\/"},"img":{"alt_text":"","src":"https:\/\/i0.wp.com\/vincentians.com\/es\/wp-content\/uploads\/sites\/11\/2023\/08\/aaaf.jpg?fit=1200%2C827&ssl=1&resize=350%2C200","width":350,"height":200,"srcset":"https:\/\/i0.wp.com\/vincentians.com\/es\/wp-content\/uploads\/sites\/11\/2023\/08\/aaaf.jpg?fit=1200%2C827&ssl=1&resize=350%2C200 1x, https:\/\/i0.wp.com\/vincentians.com\/es\/wp-content\/uploads\/sites\/11\/2023\/08\/aaaf.jpg?fit=1200%2C827&ssl=1&resize=525%2C300 1.5x, https:\/\/i0.wp.com\/vincentians.com\/es\/wp-content\/uploads\/sites\/11\/2023\/08\/aaaf.jpg?fit=1200%2C827&ssl=1&resize=700%2C400 2x, https:\/\/i0.wp.com\/vincentians.com\/es\/wp-content\/uploads\/sites\/11\/2023\/08\/aaaf.jpg?fit=1200%2C827&ssl=1&resize=1050%2C600 3x"},"classes":[]},{"id":155871,"url":"https:\/\/vincentians.com\/es\/vicente-de-paul-carta-1317-al-cardenal-mazarino\/","url_meta":{"origin":3713,"position":4},"title":"Vicente de Pa\u00fal, Carta 1317: Al Cardenal Mazarino","author":"Francisco Javier Fern\u00e1ndez Chento","date":"30\/05\/2015","format":false,"excerpt":"14 septiembre 1650 Monse\u00f1or: El se\u00f1or obispo de Macon es un prelado muy bueno . Se encuentra actualmente enfermo de un flujo hep\u00e1tico. Ha resignado su obispado en favor del se\u00f1or abad de Chandenier, con el benepl\u00e1cito del rey. Este buen abad es de los mejores que pudieran elegirse en\u2026","rel":"","context":"En \u00abEscritos de Vicente de Pa\u00fal\u00bb","block_context":{"text":"Escritos de Vicente de Pa\u00fal","link":"https:\/\/vincentians.com\/es\/category\/escritos\/escritos-de-vicente-de-paul\/"},"img":{"alt_text":"","src":"https:\/\/i0.wp.com\/vincentians.com\/es\/wp-content\/uploads\/sites\/11\/2016\/07\/escritos-vicente-de-paul.jpg?fit=1200%2C630&ssl=1&resize=350%2C200","width":350,"height":200,"srcset":"https:\/\/i0.wp.com\/vincentians.com\/es\/wp-content\/uploads\/sites\/11\/2016\/07\/escritos-vicente-de-paul.jpg?fit=1200%2C630&ssl=1&resize=350%2C200 1x, https:\/\/i0.wp.com\/vincentians.com\/es\/wp-content\/uploads\/sites\/11\/2016\/07\/escritos-vicente-de-paul.jpg?fit=1200%2C630&ssl=1&resize=525%2C300 1.5x, https:\/\/i0.wp.com\/vincentians.com\/es\/wp-content\/uploads\/sites\/11\/2016\/07\/escritos-vicente-de-paul.jpg?fit=1200%2C630&ssl=1&resize=700%2C400 2x, https:\/\/i0.wp.com\/vincentians.com\/es\/wp-content\/uploads\/sites\/11\/2016\/07\/escritos-vicente-de-paul.jpg?fit=1200%2C630&ssl=1&resize=1050%2C600 3x"},"classes":[]},{"id":121665,"url":"https:\/\/vincentians.com\/es\/san-vicente-de-paul-y-los-gondi-capitulo-16\/","url_meta":{"origin":3713,"position":5},"title":"San Vicente de Pa\u00fal y los Gondi: Cap\u00edtulo 16","author":"Francisco Javier Fern\u00e1ndez Chento","date":"29\/07\/2024","format":false,"excerpt":"Cap\u00edtulo XVI \u00daltimas obras de Vicente de Pa\u00fal. - Sus cartas de adi\u00f3s al cardenal de Retz y al Padre de Gondi. - Sus \u00faltimos momentos, su muerte y sus funerales. El maravilloso impulso que Vicente de Pa\u00fal hab\u00eda impreso a la caridad p\u00fablica se hab\u00eda aminorado singularmente durante los\u2026","rel":"","context":"En \u00abVicente de Pa\u00fal\u00bb","block_context":{"text":"Vicente de Pa\u00fal","link":"https:\/\/vincentians.com\/es\/category\/la-familia-vicenciana\/fundadores\/vicente-de-paul\/"},"img":{"alt_text":"","src":"https:\/\/i0.wp.com\/vincentians.com\/es\/wp-content\/uploads\/sites\/11\/2023\/08\/aaaf.jpg?fit=1200%2C827&ssl=1&resize=350%2C200","width":350,"height":200,"srcset":"https:\/\/i0.wp.com\/vincentians.com\/es\/wp-content\/uploads\/sites\/11\/2023\/08\/aaaf.jpg?fit=1200%2C827&ssl=1&resize=350%2C200 1x, https:\/\/i0.wp.com\/vincentians.com\/es\/wp-content\/uploads\/sites\/11\/2023\/08\/aaaf.jpg?fit=1200%2C827&ssl=1&resize=525%2C300 1.5x, https:\/\/i0.wp.com\/vincentians.com\/es\/wp-content\/uploads\/sites\/11\/2023\/08\/aaaf.jpg?fit=1200%2C827&ssl=1&resize=700%2C400 2x, https:\/\/i0.wp.com\/vincentians.com\/es\/wp-content\/uploads\/sites\/11\/2023\/08\/aaaf.jpg?fit=1200%2C827&ssl=1&resize=1050%2C600 3x"},"classes":[]}],"_links":{"self":[{"href":"https:\/\/vincentians.com\/es\/wp-json\/wp\/v2\/posts\/3713","targetHints":{"allow":["GET"]}}],"collection":[{"href":"https:\/\/vincentians.com\/es\/wp-json\/wp\/v2\/posts"}],"about":[{"href":"https:\/\/vincentians.com\/es\/wp-json\/wp\/v2\/types\/post"}],"author":[{"embeddable":true,"href":"https:\/\/vincentians.com\/es\/wp-json\/wp\/v2\/users\/4"}],"replies":[{"embeddable":true,"href":"https:\/\/vincentians.com\/es\/wp-json\/wp\/v2\/comments?post=3713"}],"version-history":[{"count":0,"href":"https:\/\/vincentians.com\/es\/wp-json\/wp\/v2\/posts\/3713\/revisions"}],"wp:featuredmedia":[{"embeddable":true,"href":"https:\/\/vincentians.com\/es\/wp-json\/wp\/v2\/media\/393753"}],"wp:attachment":[{"href":"https:\/\/vincentians.com\/es\/wp-json\/wp\/v2\/media?parent=3713"}],"wp:term":[{"taxonomy":"category","embeddable":true,"href":"https:\/\/vincentians.com\/es\/wp-json\/wp\/v2\/categories?post=3713"},{"taxonomy":"post_tag","embeddable":true,"href":"https:\/\/vincentians.com\/es\/wp-json\/wp\/v2\/tags?post=3713"}],"curies":[{"name":"wp","href":"https:\/\/api.w.org\/{rel}","templated":true}]}}