{"id":3708,"date":"2010-01-18T00:08:25","date_gmt":"2010-01-17T23:08:25","guid":{"rendered":"http:\/\/www.vicencianos.org\/web\/2010\/01\/18\/vicente-de-paul-documento-041-testamento-de-san-vicente\/"},"modified":"2016-07-26T19:51:13","modified_gmt":"2016-07-26T17:51:13","slug":"vicente-de-paul-documento-041-testamento-de-san-vicente","status":"publish","type":"post","link":"https:\/\/vincentians.com\/es\/vicente-de-paul-documento-041-testamento-de-san-vicente\/","title":{"rendered":"Vicente de Pa\u00fal, Documento 041: Testamento De San Vicente"},"content":{"rendered":"<p>7 septiembre 1630<\/p>\n<p>Para legalizar la declaraci\u00f3n que sigue, ha acudido al despacho de Charles, uno de los notarios firmantes, el se\u00f1or Vicente de Pa\u00fal, sacerdote, licenciado en derecho can\u00f3nico, rector del colegio de Bons-Enfants, fundaci\u00f3n de la universidad de Par\u00eds, calle pr\u00f3xima a la Puerta de san V\u00edctor, quien goza de buena salud, gracias a Dios, y va y viene \u00e9l mismo por la ciudad en la prosecuci\u00f3n de sus asuntos.<\/p>\n<p>Tiene para s\u00ed que nada hay m\u00e1s seguro que la muerte, ni nada m\u00e1s inseguro que el d\u00eda y la hora de ella, y no desea salir de este mundo sin haber testado. Y as\u00ed, mientras todav\u00eda los sentidos y la raz\u00f3n rigen y gobiernan sus pensamientos, memoria e inteligencia, como es manifiesto a su notario, a juzgar por sus gestos y conducta, ha querido disponer, para la salvaci\u00f3n de su alma, de los pocos bienes que plugo a Dios, por su divina providencia, concederle en esta baja y mortal tierra. Por estas causas y otras que a ello le mueven, hizo y hace testamento y provee a su \u00faltima voluntad, en el nombre del Padre, del Hijo y del Esp\u00edritu Santo, de la forma y modo que siguen.<\/p>\n<p>Primeramente, como fiel cat\u00f3lico, recomend\u00f3 y recomienda su alma a Dios y a la Bienaventurada Virgen Mar\u00eda, a san Vicente, su patr\u00f3n, y a todos los santos y santas de la celeste corte del Para\u00edso, para que por sus ruegos e intercesi\u00f3n, y por los m\u00e9ritos de la muerte y pasi\u00f3n de nuestro Salvador y Redentor Jesucristo, plega a Dios perdonar sus faltas y ofensas. Item, quiere sean pagadas sus deudas y reparados sus agravios, si los hubiere, por el ejecutor testamentario aqu\u00ed nombrado.<\/p>\n<p>Item, en cuanto a la conducci\u00f3n de su cad\u00e1ver, su entierro, luminarias, servicios, oraciones, funerales, limosnas y lugar de sepultura, se remite a la voluntad y discreci\u00f3n de los sacerdotes de la Misi\u00f3n de Par\u00eds. Item, dona, deja y lega a sus hermanos Bernard y Menion de Pa\u00fal, con residencia en la parroquia de Pouy, cerca de Dax, todos y cada uno de sus bienes paternos y maternos. Las sumas que el testador ya antes dio y pag\u00f3 a cada uno, sin que ninguno de los dos pueda pretender cosa alguna sobre lo que el testador dio y pag\u00f3, quiere, con todo el testador que esas sumas se reconozcan como propiedad de los hijos de sus hermanos y sobrinos de \u00e9l, y que con este fin sean hipotecados los bienes inmuebles pertenecientes a sus hermanos, para que, en beneficio de los hijos de \u00e9stos, se aseguren las sumas que \u00e9l reembols\u00f3 y reembolsa a sus hermanos y donatarios.<\/p>\n<p>Item, dona, deja y lega a Marie de Pa\u00fal, hermana del testador, la casa, bosque y tierra de Missergent, sitas en la parroquia de san Pablo, igualmente pr\u00f3xima a la ciudad de Dax, que el marido de ella, Gr\u00e9goire Delartigue, hab\u00eda vendido al difunto Jean de la Cour y Charlotte Dupin, su mujer, residentes en dicha ciudad de Dax, y que el testador readquiri\u00f3 de sus herederos, como se demuestra por el contrato hecho ante Blois, real notario de esa ciudad, con fecha de 21 de enero de 1627, y por el acta de curatela por la que \u00e9l fue constituido en tutor de los hijos menores de los Depaul y Dupin, levantada por el se\u00f1or senescal de Landes o el sustituto de \u00e9ste en la sede de Dax, nombrado en el contrato. Quiere y entiende el testador que Marie de Paul abone y deje en beneficio de Bernard y Menion de Paul, arriba mencionados, y a su sobrino Thomas Daigrand y los herederos de \u00e9ste y con miras al porvenir, la mitad de las tierras pertenecientes y dependientes de dicha granja y alquer\u00eda de Missergent. Tres cuartos de dicha mitad pertenecer\u00e1n a Bernard y a Menion de Paul, y el cuarto restante a Thomas, de no ser que ella prefiera pagarles por la adquisici\u00f3n de la mitad de esas tierras una \u00fanica suma de 250 libras, que se distribuir\u00e1n en una proporci\u00f3n id\u00e9ntica a las tierras aqu\u00ed legadas.<\/p>\n<p>Y como ejecutor de este testamento eligi\u00f3 y elige al se\u00f1or Louis de Saint-Martin, escudero, se\u00f1or Dages, primer consejero real en la audiencia y senescal\u00eda de Landes y sede presidial de la ciudad de Dax o, en su lugar, caso de que falleciese, al se\u00f1or Cesar de Saint-Martin, hijo del anterior, el cual y cada uno de ellos en particular y para todo, dio y da poder y potestad de ejecutarlo y cumplirlo punto por punto, seg\u00fan su forma y tenor, aumentando y no disminuyendo, y, para hacerlo, se ha desprendido de todos sus bienes en manos de dichos ejecutores, o uno de ellos a falta del otro, queriendo que permanezcan comprometidos hasta su total cumplimiento sometiendo el examen y rendimiento de cuentas de dicha ejecuci\u00f3n testamentaria a la justicia, jurisdicci\u00f3n y compulsi\u00f3n de la senescal\u00eda de Landes. Revocando el testador por s\u00ed mismo todo otro testamento y codicilo que haya podido hacer antes de \u00e9ste, al cual se atiene como a su \u00faltima voluntad. Esto se hizo, dijo y nombr\u00f3 por el testador ante los notarios. Y le fue le\u00eddo y rele\u00eddo por uno de ellos en presencia del otro y de Anthoine Chapineau, cl\u00e9rigo, Pierre Neruet, Nicolas Baudelot, Estienne Porchos, Louis Poullain, cl\u00e9rigos, Estienne Benier, comerciante, maestro zapatero en Par\u00eds y Gr\u00e9goire Espinette, maestro pastelero obrero burgu\u00e9s de Par\u00eds, todos ellos con residencia en Place Maubert. S\u00e1bado 7 de septiembre de 1630 por la tarde. Firmado:<\/p>\n<p>VINCENS DEPAUL, CHAMPIGNAN BAUDELOT<\/p>\n<p>NERUET POULAIN<\/p>\n<p>PORCHON, ESTIENNE BENYER<\/p>\n<p>ESPINETTE, CAPITAIN CHARLES<\/p>\n","protected":false},"excerpt":{"rendered":"<p>7 septiembre 1630 Para legalizar la declaraci\u00f3n que sigue, ha acudido al despacho de Charles, uno de los notarios firmantes, el se\u00f1or Vicente de Pa\u00fal, sacerdote, licenciado en derecho can\u00f3nico, rector del colegio de Bons-Enfants, &#8230; <a href=\"https:\/\/vincentians.com\/es\/vicente-de-paul-documento-041-testamento-de-san-vicente\/\" class=\"more-link\">Read More<\/a><\/p>\n","protected":false},"author":4,"featured_media":393753,"comment_status":"open","ping_status":"open","sticky":false,"template":"","format":"standard","meta":{"jetpack_post_was_ever_published":false,"_jetpack_newsletter_access":"","_jetpack_dont_email_post_to_subs":false,"_jetpack_newsletter_tier_id":0,"_jetpack_memberships_contains_paywalled_content":false,"_jetpack_memberships_contains_paid_content":false,"footnotes":"","jetpack_publicize_message":"","jetpack_publicize_feature_enabled":true,"jetpack_social_post_already_shared":true,"jetpack_social_options":{"image_generator_settings":{"template":"highway","default_image_id":0,"font":"","enabled":false},"version":2}},"categories":[65],"tags":[117],"class_list":["post-3708","post","type-post","status-publish","format-standard","has-post-thumbnail","hentry","category-escritos-de-vicente-de-paul","tag-pouy"],"yoast_head":"<!-- This site is optimized with the Yoast SEO plugin v26.3 - https:\/\/yoast.com\/wordpress\/plugins\/seo\/ -->\n<title>Vicente de Pa\u00fal, Documento 041: Testamento De San Vicente - Somos Vicencianos<\/title>\n<meta name=\"robots\" content=\"index, follow, max-snippet:-1, max-image-preview:large, max-video-preview:-1\" \/>\n<link rel=\"canonical\" href=\"https:\/\/vincentians.com\/es\/vicente-de-paul-documento-041-testamento-de-san-vicente\/\" \/>\n<meta property=\"og:locale\" content=\"es_ES\" \/>\n<meta property=\"og:type\" content=\"article\" \/>\n<meta property=\"og:title\" content=\"Vicente de Pa\u00fal, Documento 041: Testamento De San Vicente - Somos Vicencianos\" \/>\n<meta property=\"og:description\" content=\"7 septiembre 1630 Para legalizar la declaraci\u00f3n que sigue, ha acudido al despacho de Charles, uno de los notarios firmantes, el se\u00f1or Vicente de Pa\u00fal, sacerdote, licenciado en derecho can\u00f3nico, rector del colegio de Bons-Enfants, ... Read More\" \/>\n<meta property=\"og:url\" content=\"https:\/\/vincentians.com\/es\/vicente-de-paul-documento-041-testamento-de-san-vicente\/\" \/>\n<meta property=\"og:site_name\" content=\"Somos Vicencianos\" \/>\n<meta property=\"article:publisher\" content=\"https:\/\/www.facebook.com\/WeAreVincentians\/\" \/>\n<meta property=\"article:author\" content=\"https:\/\/www.facebook.com\/JavierChento\" \/>\n<meta property=\"article:published_time\" content=\"2010-01-17T23:08:25+00:00\" \/>\n<meta property=\"article:modified_time\" content=\"2016-07-26T17:51:13+00:00\" \/>\n<meta property=\"og:image\" content=\"https:\/\/i0.wp.com\/vincentians.com\/es\/wp-content\/uploads\/sites\/11\/2016\/07\/escritos-vicente-de-paul.jpg?fit=1200%2C630&ssl=1\" \/>\n\t<meta property=\"og:image:width\" content=\"1200\" \/>\n\t<meta property=\"og:image:height\" content=\"630\" \/>\n\t<meta property=\"og:image:type\" content=\"image\/jpeg\" \/>\n<meta name=\"author\" content=\"Francisco Javier Fern\u00e1ndez Chento\" \/>\n<meta name=\"twitter:card\" content=\"summary_large_image\" \/>\n<meta name=\"twitter:creator\" content=\"@https:\/\/twitter.com\/javierchento\" \/>\n<meta name=\"twitter:site\" content=\"@WeVincentians\" \/>\n<meta name=\"twitter:label1\" content=\"Escrito por\" \/>\n\t<meta name=\"twitter:data1\" content=\"Francisco Javier Fern\u00e1ndez Chento\" \/>\n\t<meta name=\"twitter:label2\" content=\"Tiempo de lectura\" \/>\n\t<meta name=\"twitter:data2\" content=\"5 minutos\" \/>\n<script type=\"application\/ld+json\" class=\"yoast-schema-graph\">{\"@context\":\"https:\/\/schema.org\",\"@graph\":[{\"@type\":\"Article\",\"@id\":\"https:\/\/vincentians.com\/es\/vicente-de-paul-documento-041-testamento-de-san-vicente\/#article\",\"isPartOf\":{\"@id\":\"https:\/\/vincentians.com\/es\/vicente-de-paul-documento-041-testamento-de-san-vicente\/\"},\"author\":{\"name\":\"Francisco Javier Fern\u00e1ndez Chento\",\"@id\":\"http:\/\/vincentians.com\/es\/#\/schema\/person\/9623ef4d9aa3b2dfb8c061f1499288f2\"},\"headline\":\"Vicente de Pa\u00fal, Documento 041: Testamento De San Vicente\",\"datePublished\":\"2010-01-17T23:08:25+00:00\",\"dateModified\":\"2016-07-26T17:51:13+00:00\",\"mainEntityOfPage\":{\"@id\":\"https:\/\/vincentians.com\/es\/vicente-de-paul-documento-041-testamento-de-san-vicente\/\"},\"wordCount\":992,\"commentCount\":0,\"publisher\":{\"@id\":\"http:\/\/vincentians.com\/es\/#organization\"},\"image\":{\"@id\":\"https:\/\/vincentians.com\/es\/vicente-de-paul-documento-041-testamento-de-san-vicente\/#primaryimage\"},\"thumbnailUrl\":\"https:\/\/i0.wp.com\/vincentians.com\/es\/wp-content\/uploads\/sites\/11\/2016\/07\/escritos-vicente-de-paul.jpg?fit=1200%2C630&ssl=1\",\"keywords\":[\"Pouy\"],\"articleSection\":[\"Escritos de Vicente de Pa\u00fal\"],\"inLanguage\":\"es\",\"potentialAction\":[{\"@type\":\"CommentAction\",\"name\":\"Comment\",\"target\":[\"https:\/\/vincentians.com\/es\/vicente-de-paul-documento-041-testamento-de-san-vicente\/#respond\"]}]},{\"@type\":\"WebPage\",\"@id\":\"https:\/\/vincentians.com\/es\/vicente-de-paul-documento-041-testamento-de-san-vicente\/\",\"url\":\"https:\/\/vincentians.com\/es\/vicente-de-paul-documento-041-testamento-de-san-vicente\/\",\"name\":\"Vicente de Pa\u00fal, Documento 041: Testamento De San Vicente - Somos Vicencianos\",\"isPartOf\":{\"@id\":\"http:\/\/vincentians.com\/es\/#website\"},\"primaryImageOfPage\":{\"@id\":\"https:\/\/vincentians.com\/es\/vicente-de-paul-documento-041-testamento-de-san-vicente\/#primaryimage\"},\"image\":{\"@id\":\"https:\/\/vincentians.com\/es\/vicente-de-paul-documento-041-testamento-de-san-vicente\/#primaryimage\"},\"thumbnailUrl\":\"https:\/\/i0.wp.com\/vincentians.com\/es\/wp-content\/uploads\/sites\/11\/2016\/07\/escritos-vicente-de-paul.jpg?fit=1200%2C630&ssl=1\",\"datePublished\":\"2010-01-17T23:08:25+00:00\",\"dateModified\":\"2016-07-26T17:51:13+00:00\",\"breadcrumb\":{\"@id\":\"https:\/\/vincentians.com\/es\/vicente-de-paul-documento-041-testamento-de-san-vicente\/#breadcrumb\"},\"inLanguage\":\"es\",\"potentialAction\":[{\"@type\":\"ReadAction\",\"target\":[\"https:\/\/vincentians.com\/es\/vicente-de-paul-documento-041-testamento-de-san-vicente\/\"]}]},{\"@type\":\"ImageObject\",\"inLanguage\":\"es\",\"@id\":\"https:\/\/vincentians.com\/es\/vicente-de-paul-documento-041-testamento-de-san-vicente\/#primaryimage\",\"url\":\"https:\/\/i0.wp.com\/vincentians.com\/es\/wp-content\/uploads\/sites\/11\/2016\/07\/escritos-vicente-de-paul.jpg?fit=1200%2C630&ssl=1\",\"contentUrl\":\"https:\/\/i0.wp.com\/vincentians.com\/es\/wp-content\/uploads\/sites\/11\/2016\/07\/escritos-vicente-de-paul.jpg?fit=1200%2C630&ssl=1\",\"width\":1200,\"height\":630},{\"@type\":\"BreadcrumbList\",\"@id\":\"https:\/\/vincentians.com\/es\/vicente-de-paul-documento-041-testamento-de-san-vicente\/#breadcrumb\",\"itemListElement\":[{\"@type\":\"ListItem\",\"position\":1,\"name\":\"Portada\",\"item\":\"http:\/\/vincentians.com\/es\/\"},{\"@type\":\"ListItem\",\"position\":2,\"name\":\"Vicente de Pa\u00fal, Documento 041: Testamento De San Vicente\"}]},{\"@type\":\"WebSite\",\"@id\":\"http:\/\/vincentians.com\/es\/#website\",\"url\":\"http:\/\/vincentians.com\/es\/\",\"name\":\"Somos Vicencianos\",\"description\":\"Know more to serve more\",\"publisher\":{\"@id\":\"http:\/\/vincentians.com\/es\/#organization\"},\"potentialAction\":[{\"@type\":\"SearchAction\",\"target\":{\"@type\":\"EntryPoint\",\"urlTemplate\":\"http:\/\/vincentians.com\/es\/?s={search_term_string}\"},\"query-input\":{\"@type\":\"PropertyValueSpecification\",\"valueRequired\":true,\"valueName\":\"search_term_string\"}}],\"inLanguage\":\"es\"},{\"@type\":\"Organization\",\"@id\":\"http:\/\/vincentians.com\/es\/#organization\",\"name\":\"The Vincentian Network\",\"url\":\"http:\/\/vincentians.com\/es\/\",\"logo\":{\"@type\":\"ImageObject\",\"inLanguage\":\"es\",\"@id\":\"http:\/\/vincentians.com\/es\/#\/schema\/logo\/image\/\",\"url\":\"https:\/\/i1.wp.com\/vincentians.com\/es\/wp-content\/uploads\/sites\/11\/2016\/06\/Vincentian-Network-logo-big.png?fit=778%2C778\",\"contentUrl\":\"https:\/\/i1.wp.com\/vincentians.com\/es\/wp-content\/uploads\/sites\/11\/2016\/06\/Vincentian-Network-logo-big.png?fit=778%2C778\",\"width\":778,\"height\":778,\"caption\":\"The Vincentian Network\"},\"image\":{\"@id\":\"http:\/\/vincentians.com\/es\/#\/schema\/logo\/image\/\"},\"sameAs\":[\"https:\/\/www.facebook.com\/WeAreVincentians\/\",\"https:\/\/x.com\/WeVincentians\"]},{\"@type\":\"Person\",\"@id\":\"http:\/\/vincentians.com\/es\/#\/schema\/person\/9623ef4d9aa3b2dfb8c061f1499288f2\",\"name\":\"Francisco Javier Fern\u00e1ndez Chento\",\"image\":{\"@type\":\"ImageObject\",\"inLanguage\":\"es\",\"@id\":\"http:\/\/vincentians.com\/es\/#\/schema\/person\/image\/\",\"url\":\"https:\/\/secure.gravatar.com\/avatar\/497d5cde87b4c3d097d0315953521681ba2cd523ee66e5077c3711f7021e65de?s=96&d=mm&r=g\",\"contentUrl\":\"https:\/\/secure.gravatar.com\/avatar\/497d5cde87b4c3d097d0315953521681ba2cd523ee66e5077c3711f7021e65de?s=96&d=mm&r=g\",\"caption\":\"Francisco Javier Fern\u00e1ndez Chento\"},\"description\":\"Director General y cofundador de La Red de Formaci\u00f3n Vicenciana. Javier es laico vicenciano, afiliado a la Congregaci\u00f3n de la Misi\u00f3n y miembro del Equipo de Misiones Populares de la provincia can\u00f3nica de Zaragoza (Espa\u00f1a) de la Congregaci\u00f3n de la Misi\u00f3n. Graduado en la Universidad Oberta de Catalunya con cuatro grados (Asistente de direcci\u00f3n, Gesti\u00f3n Administrativa, Recursos Humanos y Contabilidad Avanzada). Bil\u00edng\u00fce Espa\u00f1ol\/Ingl\u00e9s. gestiona y mantiene varias p\u00e1ginas web cristianas y vicencianas, incluida including La Red de Formaci\u00f3n Vicenciana, de la que es cofundador. Actualmente es responsable del \u00e1rea de Espa\u00f1ol de .famvin, la Red de Noticias de la Familia Vicenciana. Tambi\u00e9n es m\u00fasico cat\u00f3lico y ha editado varios discos. Es Director General y cofundador de Trovador, una reconocida compa\u00f1\u00eda discogr\u00e1fica critiana de Espa\u00f1a. Trabaja en las Tecnolog\u00edas de la Informaci\u00f3n, ofreciendo servicios de alojamiento, dise\u00f1o y mantenimiento Web, as\u00ed como asesoramiento, formaci\u00f3n y soluciones inform\u00e1ticas, gesti\u00f3n documental y digitalizaci\u00f3n de textos, edici\u00f3n y maquetaci\u00f3n de libros, revistas, flyers, etc.\",\"sameAs\":[\"http:\/\/chento.org\",\"https:\/\/www.facebook.com\/JavierChento\",\"https:\/\/x.com\/https:\/\/twitter.com\/javierchento\"],\"url\":\"https:\/\/vincentians.com\/es\/author\/chento\/\"}]}<\/script>\n<!-- \/ Yoast SEO plugin. -->","yoast_head_json":{"title":"Vicente de Pa\u00fal, Documento 041: Testamento De San Vicente - Somos Vicencianos","robots":{"index":"index","follow":"follow","max-snippet":"max-snippet:-1","max-image-preview":"max-image-preview:large","max-video-preview":"max-video-preview:-1"},"canonical":"https:\/\/vincentians.com\/es\/vicente-de-paul-documento-041-testamento-de-san-vicente\/","og_locale":"es_ES","og_type":"article","og_title":"Vicente de Pa\u00fal, Documento 041: Testamento De San Vicente - Somos Vicencianos","og_description":"7 septiembre 1630 Para legalizar la declaraci\u00f3n que sigue, ha acudido al despacho de Charles, uno de los notarios firmantes, el se\u00f1or Vicente de Pa\u00fal, sacerdote, licenciado en derecho can\u00f3nico, rector del colegio de Bons-Enfants, ... Read More","og_url":"https:\/\/vincentians.com\/es\/vicente-de-paul-documento-041-testamento-de-san-vicente\/","og_site_name":"Somos Vicencianos","article_publisher":"https:\/\/www.facebook.com\/WeAreVincentians\/","article_author":"https:\/\/www.facebook.com\/JavierChento","article_published_time":"2010-01-17T23:08:25+00:00","article_modified_time":"2016-07-26T17:51:13+00:00","og_image":[{"width":1200,"height":630,"url":"https:\/\/i0.wp.com\/vincentians.com\/es\/wp-content\/uploads\/sites\/11\/2016\/07\/escritos-vicente-de-paul.jpg?fit=1200%2C630&ssl=1","type":"image\/jpeg"}],"author":"Francisco Javier Fern\u00e1ndez Chento","twitter_card":"summary_large_image","twitter_creator":"@https:\/\/twitter.com\/javierchento","twitter_site":"@WeVincentians","twitter_misc":{"Escrito por":"Francisco Javier Fern\u00e1ndez Chento","Tiempo de lectura":"5 minutos"},"schema":{"@context":"https:\/\/schema.org","@graph":[{"@type":"Article","@id":"https:\/\/vincentians.com\/es\/vicente-de-paul-documento-041-testamento-de-san-vicente\/#article","isPartOf":{"@id":"https:\/\/vincentians.com\/es\/vicente-de-paul-documento-041-testamento-de-san-vicente\/"},"author":{"name":"Francisco Javier Fern\u00e1ndez Chento","@id":"http:\/\/vincentians.com\/es\/#\/schema\/person\/9623ef4d9aa3b2dfb8c061f1499288f2"},"headline":"Vicente de Pa\u00fal, Documento 041: Testamento De San Vicente","datePublished":"2010-01-17T23:08:25+00:00","dateModified":"2016-07-26T17:51:13+00:00","mainEntityOfPage":{"@id":"https:\/\/vincentians.com\/es\/vicente-de-paul-documento-041-testamento-de-san-vicente\/"},"wordCount":992,"commentCount":0,"publisher":{"@id":"http:\/\/vincentians.com\/es\/#organization"},"image":{"@id":"https:\/\/vincentians.com\/es\/vicente-de-paul-documento-041-testamento-de-san-vicente\/#primaryimage"},"thumbnailUrl":"https:\/\/i0.wp.com\/vincentians.com\/es\/wp-content\/uploads\/sites\/11\/2016\/07\/escritos-vicente-de-paul.jpg?fit=1200%2C630&ssl=1","keywords":["Pouy"],"articleSection":["Escritos de Vicente de Pa\u00fal"],"inLanguage":"es","potentialAction":[{"@type":"CommentAction","name":"Comment","target":["https:\/\/vincentians.com\/es\/vicente-de-paul-documento-041-testamento-de-san-vicente\/#respond"]}]},{"@type":"WebPage","@id":"https:\/\/vincentians.com\/es\/vicente-de-paul-documento-041-testamento-de-san-vicente\/","url":"https:\/\/vincentians.com\/es\/vicente-de-paul-documento-041-testamento-de-san-vicente\/","name":"Vicente de Pa\u00fal, Documento 041: Testamento De San Vicente - Somos Vicencianos","isPartOf":{"@id":"http:\/\/vincentians.com\/es\/#website"},"primaryImageOfPage":{"@id":"https:\/\/vincentians.com\/es\/vicente-de-paul-documento-041-testamento-de-san-vicente\/#primaryimage"},"image":{"@id":"https:\/\/vincentians.com\/es\/vicente-de-paul-documento-041-testamento-de-san-vicente\/#primaryimage"},"thumbnailUrl":"https:\/\/i0.wp.com\/vincentians.com\/es\/wp-content\/uploads\/sites\/11\/2016\/07\/escritos-vicente-de-paul.jpg?fit=1200%2C630&ssl=1","datePublished":"2010-01-17T23:08:25+00:00","dateModified":"2016-07-26T17:51:13+00:00","breadcrumb":{"@id":"https:\/\/vincentians.com\/es\/vicente-de-paul-documento-041-testamento-de-san-vicente\/#breadcrumb"},"inLanguage":"es","potentialAction":[{"@type":"ReadAction","target":["https:\/\/vincentians.com\/es\/vicente-de-paul-documento-041-testamento-de-san-vicente\/"]}]},{"@type":"ImageObject","inLanguage":"es","@id":"https:\/\/vincentians.com\/es\/vicente-de-paul-documento-041-testamento-de-san-vicente\/#primaryimage","url":"https:\/\/i0.wp.com\/vincentians.com\/es\/wp-content\/uploads\/sites\/11\/2016\/07\/escritos-vicente-de-paul.jpg?fit=1200%2C630&ssl=1","contentUrl":"https:\/\/i0.wp.com\/vincentians.com\/es\/wp-content\/uploads\/sites\/11\/2016\/07\/escritos-vicente-de-paul.jpg?fit=1200%2C630&ssl=1","width":1200,"height":630},{"@type":"BreadcrumbList","@id":"https:\/\/vincentians.com\/es\/vicente-de-paul-documento-041-testamento-de-san-vicente\/#breadcrumb","itemListElement":[{"@type":"ListItem","position":1,"name":"Portada","item":"http:\/\/vincentians.com\/es\/"},{"@type":"ListItem","position":2,"name":"Vicente de Pa\u00fal, Documento 041: Testamento De San Vicente"}]},{"@type":"WebSite","@id":"http:\/\/vincentians.com\/es\/#website","url":"http:\/\/vincentians.com\/es\/","name":"Somos Vicencianos","description":"Know more to serve more","publisher":{"@id":"http:\/\/vincentians.com\/es\/#organization"},"potentialAction":[{"@type":"SearchAction","target":{"@type":"EntryPoint","urlTemplate":"http:\/\/vincentians.com\/es\/?s={search_term_string}"},"query-input":{"@type":"PropertyValueSpecification","valueRequired":true,"valueName":"search_term_string"}}],"inLanguage":"es"},{"@type":"Organization","@id":"http:\/\/vincentians.com\/es\/#organization","name":"The Vincentian Network","url":"http:\/\/vincentians.com\/es\/","logo":{"@type":"ImageObject","inLanguage":"es","@id":"http:\/\/vincentians.com\/es\/#\/schema\/logo\/image\/","url":"https:\/\/i1.wp.com\/vincentians.com\/es\/wp-content\/uploads\/sites\/11\/2016\/06\/Vincentian-Network-logo-big.png?fit=778%2C778","contentUrl":"https:\/\/i1.wp.com\/vincentians.com\/es\/wp-content\/uploads\/sites\/11\/2016\/06\/Vincentian-Network-logo-big.png?fit=778%2C778","width":778,"height":778,"caption":"The Vincentian Network"},"image":{"@id":"http:\/\/vincentians.com\/es\/#\/schema\/logo\/image\/"},"sameAs":["https:\/\/www.facebook.com\/WeAreVincentians\/","https:\/\/x.com\/WeVincentians"]},{"@type":"Person","@id":"http:\/\/vincentians.com\/es\/#\/schema\/person\/9623ef4d9aa3b2dfb8c061f1499288f2","name":"Francisco Javier Fern\u00e1ndez Chento","image":{"@type":"ImageObject","inLanguage":"es","@id":"http:\/\/vincentians.com\/es\/#\/schema\/person\/image\/","url":"https:\/\/secure.gravatar.com\/avatar\/497d5cde87b4c3d097d0315953521681ba2cd523ee66e5077c3711f7021e65de?s=96&d=mm&r=g","contentUrl":"https:\/\/secure.gravatar.com\/avatar\/497d5cde87b4c3d097d0315953521681ba2cd523ee66e5077c3711f7021e65de?s=96&d=mm&r=g","caption":"Francisco Javier Fern\u00e1ndez Chento"},"description":"Director General y cofundador de La Red de Formaci\u00f3n Vicenciana. Javier es laico vicenciano, afiliado a la Congregaci\u00f3n de la Misi\u00f3n y miembro del Equipo de Misiones Populares de la provincia can\u00f3nica de Zaragoza (Espa\u00f1a) de la Congregaci\u00f3n de la Misi\u00f3n. Graduado en la Universidad Oberta de Catalunya con cuatro grados (Asistente de direcci\u00f3n, Gesti\u00f3n Administrativa, Recursos Humanos y Contabilidad Avanzada). Bil\u00edng\u00fce Espa\u00f1ol\/Ingl\u00e9s. gestiona y mantiene varias p\u00e1ginas web cristianas y vicencianas, incluida including La Red de Formaci\u00f3n Vicenciana, de la que es cofundador. Actualmente es responsable del \u00e1rea de Espa\u00f1ol de .famvin, la Red de Noticias de la Familia Vicenciana. Tambi\u00e9n es m\u00fasico cat\u00f3lico y ha editado varios discos. Es Director General y cofundador de Trovador, una reconocida compa\u00f1\u00eda discogr\u00e1fica critiana de Espa\u00f1a. Trabaja en las Tecnolog\u00edas de la Informaci\u00f3n, ofreciendo servicios de alojamiento, dise\u00f1o y mantenimiento Web, as\u00ed como asesoramiento, formaci\u00f3n y soluciones inform\u00e1ticas, gesti\u00f3n documental y digitalizaci\u00f3n de textos, edici\u00f3n y maquetaci\u00f3n de libros, revistas, flyers, etc.","sameAs":["http:\/\/chento.org","https:\/\/www.facebook.com\/JavierChento","https:\/\/x.com\/https:\/\/twitter.com\/javierchento"],"url":"https:\/\/vincentians.com\/es\/author\/chento\/"}]}},"jetpack_publicize_connections":[],"jetpack_featured_media_url":"https:\/\/i0.wp.com\/vincentians.com\/es\/wp-content\/uploads\/sites\/11\/2016\/07\/escritos-vicente-de-paul.jpg?fit=1200%2C630&ssl=1","jetpack_sharing_enabled":true,"jetpack_shortlink":"https:\/\/wp.me\/p7ETMF-XO","jetpack-related-posts":[{"id":3666,"url":"https:\/\/vincentians.com\/es\/vicente-de-paul-documento-028-poderes-para-la-toma-de-posesion-del-priorato-de-san-nicolas-de-grosse-sauve\/","url_meta":{"origin":3708,"position":0},"title":"Vicente de Pa\u00fal, Documento 028: Poderes Para La Toma De Posesi\u00f3n Del Priorato De San Nicolas De Grosse-Sauve","author":"Francisco Javier Fern\u00e1ndez Chento","date":"05\/01\/2010","format":false,"excerpt":"Febrero 1624 Ante los notarios y archiveros del rey nuestro se\u00f1or del Ch\u00e2telet de Par\u00eds abajo firmantes, se presenta personalmente Vicente de Pa\u00fal, sacerdote, p\u00e1rroco de Clichy-la-Garenne y provisto por Su Santidad del priorato de san Nicol\u00e1s, de la orden de san Agust\u00edn, di\u00f3cesis de Langres, para hacer y constituir\u2026","rel":"","context":"En \u00abEscritos de Vicente de Pa\u00fal\u00bb","block_context":{"text":"Escritos de Vicente de Pa\u00fal","link":"https:\/\/vincentians.com\/es\/category\/escritos\/escritos-de-vicente-de-paul\/"},"img":{"alt_text":"","src":"https:\/\/i0.wp.com\/vincentians.com\/es\/wp-content\/uploads\/sites\/11\/2016\/07\/escritos-vicente-de-paul.jpg?fit=1200%2C630&ssl=1&resize=350%2C200","width":350,"height":200,"srcset":"https:\/\/i0.wp.com\/vincentians.com\/es\/wp-content\/uploads\/sites\/11\/2016\/07\/escritos-vicente-de-paul.jpg?fit=1200%2C630&ssl=1&resize=350%2C200 1x, https:\/\/i0.wp.com\/vincentians.com\/es\/wp-content\/uploads\/sites\/11\/2016\/07\/escritos-vicente-de-paul.jpg?fit=1200%2C630&ssl=1&resize=525%2C300 1.5x, https:\/\/i0.wp.com\/vincentians.com\/es\/wp-content\/uploads\/sites\/11\/2016\/07\/escritos-vicente-de-paul.jpg?fit=1200%2C630&ssl=1&resize=700%2C400 2x, https:\/\/i0.wp.com\/vincentians.com\/es\/wp-content\/uploads\/sites\/11\/2016\/07\/escritos-vicente-de-paul.jpg?fit=1200%2C630&ssl=1&resize=1050%2C600 3x"},"classes":[]},{"id":398969,"url":"https:\/\/vincentians.com\/es\/vicente-paul-carta-1353-juan-dehorgny-san-vicente\/","url_meta":{"origin":3708,"position":1},"title":"Vicente de Pa\u00fal, Carta 1353: Juan Dehorgny a San Vicente","author":"Francisco Javier Fern\u00e1ndez Chento","date":"17\/11\/2016","format":false,"excerpt":"Castiglione (1), diciembre de 1650 He visto todos los ejercicios de la misi\u00f3n que se celebra en esta parroquia y al mismo tiempo a otras siete u ocho de alrededor. Los pueblos se muestran muy asiduos a la asistencia a los sermones y al catecismo y dan un continuo trabajo\u2026","rel":"","context":"En \u00abEscritos de Vicente de Pa\u00fal\u00bb","block_context":{"text":"Escritos de Vicente de Pa\u00fal","link":"https:\/\/vincentians.com\/es\/category\/escritos\/escritos-de-vicente-de-paul\/"},"img":{"alt_text":"","src":"https:\/\/i0.wp.com\/vincentians.com\/es\/wp-content\/uploads\/sites\/11\/2016\/07\/escritos-vicente-de-paul.jpg?fit=1200%2C630&ssl=1&resize=350%2C200","width":350,"height":200,"srcset":"https:\/\/i0.wp.com\/vincentians.com\/es\/wp-content\/uploads\/sites\/11\/2016\/07\/escritos-vicente-de-paul.jpg?fit=1200%2C630&ssl=1&resize=350%2C200 1x, https:\/\/i0.wp.com\/vincentians.com\/es\/wp-content\/uploads\/sites\/11\/2016\/07\/escritos-vicente-de-paul.jpg?fit=1200%2C630&ssl=1&resize=525%2C300 1.5x, https:\/\/i0.wp.com\/vincentians.com\/es\/wp-content\/uploads\/sites\/11\/2016\/07\/escritos-vicente-de-paul.jpg?fit=1200%2C630&ssl=1&resize=700%2C400 2x, https:\/\/i0.wp.com\/vincentians.com\/es\/wp-content\/uploads\/sites\/11\/2016\/07\/escritos-vicente-de-paul.jpg?fit=1200%2C630&ssl=1&resize=1050%2C600 3x"},"classes":[]},{"id":3685,"url":"https:\/\/vincentians.com\/es\/vicente-de-paul-documento-034-recibo-de-una-cantidad-de-dinero\/","url_meta":{"origin":3708,"position":2},"title":"Vicente de Pa\u00fal, Documento 034: Recibo De Una Cantidad De Dinero","author":"Francisco Javier Fern\u00e1ndez Chento","date":"11\/01\/2010","format":false,"excerpt":"20 octubre 1625 En presencia de los abajo firmantes, notarios del rey nuestro se\u00f1or en el Ch\u00e2telet de Par\u00eds, el se\u00f1or Vicente de Pa\u00fal, sacerdote, licenciado en derecho can\u00f3nico, residente en Par\u00eds, calle Pav\u00e9e, parroquia de san Salvador, confiesa haber recibido del distinguido se\u00f1or... 3, consejero del rey, recaudador general\u2026","rel":"","context":"En \u00abEscritos de Vicente de Pa\u00fal\u00bb","block_context":{"text":"Escritos de Vicente de Pa\u00fal","link":"https:\/\/vincentians.com\/es\/category\/escritos\/escritos-de-vicente-de-paul\/"},"img":{"alt_text":"","src":"https:\/\/i0.wp.com\/vincentians.com\/es\/wp-content\/uploads\/sites\/11\/2016\/07\/escritos-vicente-de-paul.jpg?fit=1200%2C630&ssl=1&resize=350%2C200","width":350,"height":200,"srcset":"https:\/\/i0.wp.com\/vincentians.com\/es\/wp-content\/uploads\/sites\/11\/2016\/07\/escritos-vicente-de-paul.jpg?fit=1200%2C630&ssl=1&resize=350%2C200 1x, https:\/\/i0.wp.com\/vincentians.com\/es\/wp-content\/uploads\/sites\/11\/2016\/07\/escritos-vicente-de-paul.jpg?fit=1200%2C630&ssl=1&resize=525%2C300 1.5x, https:\/\/i0.wp.com\/vincentians.com\/es\/wp-content\/uploads\/sites\/11\/2016\/07\/escritos-vicente-de-paul.jpg?fit=1200%2C630&ssl=1&resize=700%2C400 2x, https:\/\/i0.wp.com\/vincentians.com\/es\/wp-content\/uploads\/sites\/11\/2016\/07\/escritos-vicente-de-paul.jpg?fit=1200%2C630&ssl=1&resize=1050%2C600 3x"},"classes":[]},{"id":3663,"url":"https:\/\/vincentians.com\/es\/vicente-de-paul-documento-025-toma-de-posesion-de-la-parroquia-de-chatillon-por-luis-girard\/","url_meta":{"origin":3708,"position":3},"title":"Vicente de Pa\u00fal, Documento 025: Toma De Posesi\u00f3n De La Parroquia De Chatillon Por Luis Girard","author":"Francisco Javier Fern\u00e1ndez Chento","date":"02\/01\/2010","format":false,"excerpt":"18 julio 1618 Sea p\u00fablico para todos que el dieciocho de julio por la ma\u00f1ana del a\u00f1o 1618, ante mi el abajo firmante, notario real, y en presencia de los testigos que abajo firman, se present\u00f3 ante la puerta mayor de la iglesia parroquial de Buenens, fundada bajo la advocaci\u00f3n\u2026","rel":"","context":"En \u00abEscritos de Vicente de Pa\u00fal\u00bb","block_context":{"text":"Escritos de Vicente de Pa\u00fal","link":"https:\/\/vincentians.com\/es\/category\/escritos\/escritos-de-vicente-de-paul\/"},"img":{"alt_text":"","src":"https:\/\/i0.wp.com\/vincentians.com\/es\/wp-content\/uploads\/sites\/11\/2016\/07\/escritos-vicente-de-paul.jpg?fit=1200%2C630&ssl=1&resize=350%2C200","width":350,"height":200,"srcset":"https:\/\/i0.wp.com\/vincentians.com\/es\/wp-content\/uploads\/sites\/11\/2016\/07\/escritos-vicente-de-paul.jpg?fit=1200%2C630&ssl=1&resize=350%2C200 1x, https:\/\/i0.wp.com\/vincentians.com\/es\/wp-content\/uploads\/sites\/11\/2016\/07\/escritos-vicente-de-paul.jpg?fit=1200%2C630&ssl=1&resize=525%2C300 1.5x, https:\/\/i0.wp.com\/vincentians.com\/es\/wp-content\/uploads\/sites\/11\/2016\/07\/escritos-vicente-de-paul.jpg?fit=1200%2C630&ssl=1&resize=700%2C400 2x, https:\/\/i0.wp.com\/vincentians.com\/es\/wp-content\/uploads\/sites\/11\/2016\/07\/escritos-vicente-de-paul.jpg?fit=1200%2C630&ssl=1&resize=1050%2C600 3x"},"classes":[]},{"id":3668,"url":"https:\/\/vincentians.com\/es\/vicente-de-paul-documento-030-poderes-para-la-toma-de-posesion-del-priorato-de-san-nicolas-de-grosse-sauve\/","url_meta":{"origin":3708,"position":4},"title":"Vicente de Pa\u00fal, Documento 030: Poderes Para La Toma De Posesion Del Priorato De San Nicolas De Grosse-Sauve","author":"Francisco Javier Fern\u00e1ndez Chento","date":"07\/01\/2010","format":false,"excerpt":"7 febrero 1624 Ante los notarios y secretarios del rey nuestro se\u00f1or en el parlamento de Par\u00eds abajo firmantes se presenta personalmente el se\u00f1or Vicente de Pa\u00fal, sacerdote, p\u00e1rroco de Clichy-la-Garaine y por deseo de Su Santidad del priorato de San Nicol\u00e1s de Grossauve, de la orden de San Agust\u00edn,\u2026","rel":"","context":"En \u00abEscritos de Vicente de Pa\u00fal\u00bb","block_context":{"text":"Escritos de Vicente de Pa\u00fal","link":"https:\/\/vincentians.com\/es\/category\/escritos\/escritos-de-vicente-de-paul\/"},"img":{"alt_text":"","src":"https:\/\/i0.wp.com\/vincentians.com\/es\/wp-content\/uploads\/sites\/11\/2016\/07\/escritos-vicente-de-paul.jpg?fit=1200%2C630&ssl=1&resize=350%2C200","width":350,"height":200,"srcset":"https:\/\/i0.wp.com\/vincentians.com\/es\/wp-content\/uploads\/sites\/11\/2016\/07\/escritos-vicente-de-paul.jpg?fit=1200%2C630&ssl=1&resize=350%2C200 1x, https:\/\/i0.wp.com\/vincentians.com\/es\/wp-content\/uploads\/sites\/11\/2016\/07\/escritos-vicente-de-paul.jpg?fit=1200%2C630&ssl=1&resize=525%2C300 1.5x, https:\/\/i0.wp.com\/vincentians.com\/es\/wp-content\/uploads\/sites\/11\/2016\/07\/escritos-vicente-de-paul.jpg?fit=1200%2C630&ssl=1&resize=700%2C400 2x, https:\/\/i0.wp.com\/vincentians.com\/es\/wp-content\/uploads\/sites\/11\/2016\/07\/escritos-vicente-de-paul.jpg?fit=1200%2C630&ssl=1&resize=1050%2C600 3x"},"classes":[]},{"id":3632,"url":"https:\/\/vincentians.com\/es\/vicente-de-paul-documento-011-monsenor-paul-hurault-de-lhospital-y-el-senor-vicente-de-paul\/","url_meta":{"origin":3708,"position":5},"title":"Vicente de Pa\u00fal, Documento 011: Monse\u00f1or Paul Hurault De L&#8217;hospital Y El Se\u00f1or Vicente De Paul","author":"Francisco Javier Fern\u00e1ndez Chento","date":"18\/12\/2009","format":false,"excerpt":"28 mayo 1611 Asisti\u00f3 en persona el Reverendo Padre en Dios Se\u00f1or Paul Hurault de l'Hospital, arzobispo de Aix, miembro del Consejo de Estado del Rey, residente en Par\u00eds, place de Gr\u00c8ve, parroquia de San Juan, quien en ejecuci\u00f3n de la donaci\u00f3n y trasferencia anteriormente hecha por \u00e9l al Se\u00f1or\u2026","rel":"","context":"En \u00abEscritos de Vicente de Pa\u00fal\u00bb","block_context":{"text":"Escritos de Vicente de Pa\u00fal","link":"https:\/\/vincentians.com\/es\/category\/escritos\/escritos-de-vicente-de-paul\/"},"img":{"alt_text":"","src":"https:\/\/i0.wp.com\/vincentians.com\/es\/wp-content\/uploads\/sites\/11\/2016\/07\/escritos-vicente-de-paul.jpg?fit=1200%2C630&ssl=1&resize=350%2C200","width":350,"height":200,"srcset":"https:\/\/i0.wp.com\/vincentians.com\/es\/wp-content\/uploads\/sites\/11\/2016\/07\/escritos-vicente-de-paul.jpg?fit=1200%2C630&ssl=1&resize=350%2C200 1x, https:\/\/i0.wp.com\/vincentians.com\/es\/wp-content\/uploads\/sites\/11\/2016\/07\/escritos-vicente-de-paul.jpg?fit=1200%2C630&ssl=1&resize=525%2C300 1.5x, https:\/\/i0.wp.com\/vincentians.com\/es\/wp-content\/uploads\/sites\/11\/2016\/07\/escritos-vicente-de-paul.jpg?fit=1200%2C630&ssl=1&resize=700%2C400 2x, https:\/\/i0.wp.com\/vincentians.com\/es\/wp-content\/uploads\/sites\/11\/2016\/07\/escritos-vicente-de-paul.jpg?fit=1200%2C630&ssl=1&resize=1050%2C600 3x"},"classes":[]}],"_links":{"self":[{"href":"https:\/\/vincentians.com\/es\/wp-json\/wp\/v2\/posts\/3708","targetHints":{"allow":["GET"]}}],"collection":[{"href":"https:\/\/vincentians.com\/es\/wp-json\/wp\/v2\/posts"}],"about":[{"href":"https:\/\/vincentians.com\/es\/wp-json\/wp\/v2\/types\/post"}],"author":[{"embeddable":true,"href":"https:\/\/vincentians.com\/es\/wp-json\/wp\/v2\/users\/4"}],"replies":[{"embeddable":true,"href":"https:\/\/vincentians.com\/es\/wp-json\/wp\/v2\/comments?post=3708"}],"version-history":[{"count":0,"href":"https:\/\/vincentians.com\/es\/wp-json\/wp\/v2\/posts\/3708\/revisions"}],"wp:featuredmedia":[{"embeddable":true,"href":"https:\/\/vincentians.com\/es\/wp-json\/wp\/v2\/media\/393753"}],"wp:attachment":[{"href":"https:\/\/vincentians.com\/es\/wp-json\/wp\/v2\/media?parent=3708"}],"wp:term":[{"taxonomy":"category","embeddable":true,"href":"https:\/\/vincentians.com\/es\/wp-json\/wp\/v2\/categories?post=3708"},{"taxonomy":"post_tag","embeddable":true,"href":"https:\/\/vincentians.com\/es\/wp-json\/wp\/v2\/tags?post=3708"}],"curies":[{"name":"wp","href":"https:\/\/api.w.org\/{rel}","templated":true}]}}