{"id":37053,"date":"2020-08-08T08:06:25","date_gmt":"2020-08-08T06:06:25","guid":{"rendered":"http:\/\/somos.vicencianos.org\/?p=37053"},"modified":"2020-08-01T09:45:23","modified_gmt":"2020-08-01T07:45:23","slug":"arraigados-en-cristo-sembradores-de-esperanza-en-africa","status":"publish","type":"post","link":"https:\/\/vincentians.com\/es\/arraigados-en-cristo-sembradores-de-esperanza-en-africa\/","title":{"rendered":"\u00a1Arraigados en Cristo, sembradores de esperanza en \u00c1frica!"},"content":{"rendered":"<p><strong>\u00abSi tu quieres\u2026\u00bb <\/strong>(Mt 19,21)<\/p>\n<p>Nadie podr\u00e1 remplazar a los j\u00f3venes en \u00c1frica a enfrentarse a s\u00ed mismos y responder con valent\u00eda el desaf\u00edo a su fe que le env\u00eda el mundo de hoy en su propio Continente. Estamos viviendo un momento hist\u00f3rico importante en todos los campos de la vida humana, cient\u00edfica y espiritual. \u00bfQu\u00e9 haremos y cu\u00e1l es la misi\u00f3n de los j\u00f3venes de JMV hoy en \u00c1frica y Madagascar?<\/p>\n<p>Es tiempo de comenzar a buscar una respuesta a esta pregunta capital para los j\u00f3venes africanos de hoy. Los educadores en la fe podr\u00e1n ayudarnos, estar a nuestro lado, pero nunca nadie podr\u00e1 remplazarnos en nuestro compromiso, que es siempre personal y sobre todo, la decisi\u00f3n totalmente libre va tener que ser tomada por ustedes los j\u00f3venes!<\/p>\n<p>\u00bfC\u00f3mo podemos vivir arraigados en Cristo hoy en nuestros barrios, pa\u00edses y Continente? \u00bfQu\u00e9 significa para el joven de hoy arraigar su vida y su futuro en Cristo? \u00bfQui\u00e9n es este Cristo para arraigar la vida en El? \u00bfQu\u00e9 significa para m\u00ed la persona de Cristo, su vida, sus palabras, sus gestos, su sufrimiento y su resurrecci\u00f3n? \u00bfQu\u00e9 valor tiene su persona para mi vida de joven en \u00c1frica? \u00a1Tantas preguntas que podemos hacernos para poder tomar une direcci\u00f3n y saber para donde caminamos y que orientaci\u00f3n estamos tomando en nuestras vidas!<\/p>\n<p>\u00bfC\u00f3mo comenzar\u00edas t\u00fa, joven de \u00c1frica, arraigando tu vida en Cristo? \u00bfQu\u00e9 esfuerzo har\u00edas t\u00fa en particular para arraigarte en Cristo? Quiz\u00e1s comenzar\u00edas escuchando a Jes\u00fas! El mismo, te invita a seguirlo en tu vida diaria en medio de tu familia, tus amigos y tu trabajo! Alguien hab\u00eda dicho que Jes\u00fas, el gran amigo, te regala un cheque muy importante. T\u00fa tienes entre tus manos la posibilidad de llevar ese cheque a tu cuenta bancaria e inscribirlo y luego utilizar el dinero para lo que t\u00fa quieras. Pero mientras ese cheque lo tengas bien cuidado en tu bolsillo, \u00a1t\u00fa no puedes utilizar la riqueza y la posibilidad que te da ese cheque para que tu trabajo rinda mejores frutos! \u00a1Esa riqueza est\u00e1 durmiendo en tu bolsillo o en un lugar de tu alma y de tu conciencia! Querr\u00eda decirte que por si acaso, el amor y la gracia de Cristo est\u00e1n durmiendo en tu coraz\u00f3n.<\/p>\n<p>Muchas veces no comprendemos y ni nos damos cuenta del poder de amor y de la resurrecci\u00f3n de Cristo. \u00a1Hemos recibido tantos sacramentos y gracias y todo sigue como antes, como si nada fuera! As\u00ed muchas veces nos reconfortamos diciendo palabras y frases que tienen l\u00f3gica pero no tienen vida, sin fuerza que contagie, tan solo recitamos oraciones sin sentirlas, sin vivirlas y sin aplicarlas en nuestra vida diaria!<\/p>\n<p>\u00bfPor qu\u00e9 somos tan fr\u00e1giles y miedosos para combatir por el Reino de Dios, por su justicia, por la solidaridad y por la paz? El Reino de Dios es un regalo y es al mismo tiempo nuestro deber evang\u00e9lico de hacerlo llegar a los j\u00f3venes de \u00c1frica, \u00a1Dios har\u00e1 el resto! T\u00fa, joven de hoy en \u00c1frica, t\u00fa puedes decir una palabra sobre Cristo personalmente, no solo algo que hayas aprendido de memoria en tu ni\u00f1ez. Muchos j\u00f3venes de \u00c1frica buscan algo nuevo en sus vidas, \u00bfseremos capaces de presentarles ese algo nuevo a partir de la vida y los gestos de Cristo?<\/p>\n<p><strong>\u00abYo estoy en medio de vosotros como el que sirve\u2026\u00bb <\/strong>(Lc. 22, 25-27)<\/p>\n<p>Muchas cosas y problemas de la vida nos impiden arraigarnos en Cristo, por ejemplo la opulencia, la vida f\u00e1cil y la vida sin problemas, la indiferencia o la extrema pobreza.<\/p>\n<p>\u00a1Deber\u00edamos deshacernos y renunciar a tantos imperativos materiales que la vida moderna nos impone como oblig\u00e1ndonos a tener tal cosa si queremos ser j\u00f3venes de hoy y admirados por los dem\u00e1s! Sin embargo es urgente de consagrar nuestras fuerzas a lo esencial, a la riqueza espiritual, a llevar y vivir la esperanza donde nos toca trabajar. \u00a1Es una necesidad para cada joven bautizado avanzar mar adentro con Cristo!<\/p>\n<p>Es cierto que hay tantas cosas que nos impiden vivir maravillosamente una vida m\u00e1s aut\u00e9ntica con Cristo. Por eso arraig\u00e1ndome en Cristo me ayudar\u00eda en todo sentido a crecer como persona responsable y comprometida en la vida. \u00a1Cristo me ayudar\u00e1 a vivir sin complejos, sin temores, ni ideas hechas o preestablecidas que me imponen del exterior!<\/p>\n<p><strong>\u00abHe venido a poner fuego&#8230;\u00bb <\/strong>(Lc 12,49)<\/p>\n<p>Como Joven, Cristo te dice que tienes necesidad de ser amado y de amar. Jes\u00fas te invita a que seas audaz. \u00a1Porque el Amor transforma al hombre como a la mujer! \u00a1Porque Cristo nos ama por lo que somos y no por otra cosa! En ese momento ya no tenemos miedo a las miradas y criticas de nuestros amigos o personas que no nos quieren. Recibir la plenitud del amor de Cristo que nos libera totalmente es la mejor manera de testimoniar que estamos arraigados en El! Cristo vino a poner fuego de amor y de justicia y nosotros, \u00bfqu\u00e9 haremos?<\/p>\n<p><strong>\u00bb Anda por los caminos y los jardines e invita a la gente a entrar. Es necesario que mi casa est\u00e9 llena\u2026\u00bb <\/strong>(Lc 14,15-25)<\/p>\n<p>Los j\u00f3venes de hoy, sois los sembradores de la buena noticia de Jes\u00fas en vuestros pa\u00edses y vuestro Continente que tanto tiene necesidad del Evangelio, de liberaci\u00f3n, de dignidad y de felicidad. \u00a1Un sembrador no se desalienta cuando sus semillas no fructifican inmediatamente! Vuelve a sembrar y lo hace tantas veces sea necesario para que finalmente crezca y fructifique la semilla sembrada. \u00a1Tenemos que sembrar en tierra f\u00e9rtil y no en cualquier lugar donde haya cardos o piedras, donde la gente camina y pisotea la semilla!<\/p>\n<p><strong>\u00abJes\u00fas que no ten\u00eda donde reposar su cabeza\u2026\u00bb <\/strong>(Lc 9, 58)<\/p>\n<p>Sembrar la esperanza, es buscar y construir El Reino de Dios y su justicia. Dios quiere que nos desarrollemos en nuestra vida y seamos llenos de alegr\u00eda y bienaventuranzas. \u00a1Dios quiere que tengamos una vida digna! \u00bfEs acaso lo que viven millones de nuestros hermanos y hermanas en \u00c1frica y Madagascar?<\/p>\n<p>\u00a1Y porque no podemos realizarlo y vivirlo afectiva y efectivamente! \u00bfCu\u00e1les son los obst\u00e1culos que me impiden realizar este sue\u00f1o de Jes\u00fas en mi vida? Los j\u00f3venes que buscan solo el \u00e9xito material y de su carrera no llegaran lejos y muchas veces no encuentran la verdadera felicidad que solo Dios nos puede dar. La extrema pobreza tambi\u00e9n puede alejarme de Cristo\u2026 y \u00bfqu\u00e9 hago para combatirla?<\/p>\n<p>Cuando vivimos con Cristo es que debemos amar sin cesar, \u00a1amar continuamente y amar incluso a aquellos que nos detestan y critican! No es f\u00e1cil, \u00a1pero tampoco imposible! Los que viven del Evangelio de Cristo terminan asemej\u00e1ndose a \u00c9l y manifiestan claramente su presencia y su amor.<\/p>\n<p><strong>\u00abFelices los que sin haber visto han cre\u00eddo\u2026\u00bb <\/strong>(Jn 20,29)<\/p>\n<p>\u00a1T\u00fa, joven, sembrador de esperanza, tienes que liberar tus fuerzas para ayudar a tu hermano que vive en la extrema pobreza o en la oscuridad del ego\u00edsmo! T\u00fa tienes el deber de despertarlo e invitarlo a una vida m\u00e1s iluminada del amor del pr\u00f3jimo y de Dios, fuente de todo amor.<\/p>\n<p>Con la esperanza que siembro alrededor m\u00edo, debo transformar mi manera de vivir, de ver las cosas, debo participar a cambiar la mentalidad y las costumbres que han provocado esta pobreza. \u00a1Este esfuerzo es urgente y necesario para poder progresar hacia una sociedad m\u00e1s justa y solidaria!<\/p>\n<p>Debo cambiar mi mirada y de aquellos que viven alrededor m\u00edo, en una mirada m\u00e1s comprometida, positiva, m\u00e1s sincera y m\u00e1s aut\u00e9ntica que despierta alegr\u00eda y compromiso comunitario. Creer en esta esperanza nos invita a transf\u00f3rmanos a nosotros mismos, nuestra manera de pensar, de vivir y de ayudar a los dem\u00e1s. Morir a s\u00ed mismo en cierta manera y sentirse renacer con m\u00e1s fuerza todav\u00eda para poder ayudar a transformar el mundo. Sembrar la esperanza es tambi\u00e9n despertar y hacer ver en los j\u00f3venes de hoy, lo mejor que tienen y hacer resucitar toda esa riqueza del fondo de su vida interior.<\/p>\n<p><strong>\u00abEl Esp\u00edritu del Se\u00f1or esta sobre m\u00ed y me ha ungido para anunciar la Buena Nueva a los pob<\/strong><strong>r<\/strong><strong>e<\/strong><strong>s \u2026.\u00bb <\/strong>(Lc 4,18-22)<\/p>\n<p>\u00a1Somos j\u00f3venes que venimos de \u00c1frica y Madagascar! Continente sufrido y explotado desde hace siglos. La fe en Jes\u00fas y su evangelio nos invitan a llevar a nuestros pa\u00edses la luz de Cristo. \u00bfC\u00f3mo hacerlo dir\u00e1n muchos entre nosotros aqu\u00ed presentes, viendo tanta miseria y pobreza alrededor suyo y por todas partes? \u00a1Nada es imposible al que cree en Jes\u00fas! San Vicente dijo: \u00abque ser cristiano y ver al hermano afligido sin llorar con \u00e9l, sin estar enfermo con \u00e9l !Es no tener caridad , es ser cristiano en pintura, es no tener ninguna humanidad, es ser peor que las bestias \u00bb ! (30 de mayo 1959).<\/p>\n<p>Un trabajo de evangelizaci\u00f3n al cual fuimos enviados como j\u00f3venes en medio de los j\u00f3venes, debemos sumergirnos e impregnarnos de la pobreza de los pobres, de sus sufrimientos, sus desilusiones y hay que tener m\u00e1s humildad, simplicidad, perseverancia y una visi\u00f3n a corto y largo plazo. San Vicente dijo: \u00abla simplicidad, yo la llamo mi evangelio\u00bb (24 de febrero 1653).<\/p>\n<p>No vengo, queridos j\u00f3venes a ense\u00f1ar, s\u00f3lo a compartir como hermano mayor a mis amigos los j\u00f3venes una experiencia de de vida entre los pobres, que ha cambiado el destino de miles de personas y sobre todo j\u00f3venes que han descubierto el sentido de sus vidas , la responsabilidad y vocaci\u00f3n misionera entre los j\u00f3venes. Nosotros no exponemos teor\u00edas sino hablamos de la vida a tantos j\u00f3venes en \u00c1frica que quieren vivir y tener un futuro digno y poder construir un futuro digno para sus propias familias. En \u00c1frica, vemos como los valores y la sabidur\u00eda de los antepasados est\u00e1 cayendo al olvido sin que alguien tome con coraje su defensa. \u00a1No se trata de imitar el Occidente y su manera de vivir! Se trata de vivir con dignidad guardando su identidad africana y cristiana.<\/p>\n<p><strong>\u00abUn Dios de gracia, de un amor sin l\u00edmites que ama a los malos como a los buenos\u2026\u00bb <\/strong>(Mt. 5, 45)<\/p>\n<p>Es el mensaje que debemos transmitir, j\u00f3venes de JMV a los j\u00f3venes a de \u00c1frica. Pienso que hay urgencia para despertarse a la realidad. Los j\u00f3venes, siempre se ha dicho, que son por naturaleza idealistas y din\u00e1micos. Los j\u00f3venes de \u00c1frica tienen que comprender que atac\u00e1ndose a las causas de la pobreza que desfigura la imagen divina del hermano tir\u00e1ndolo en la extrema pobreza, est\u00e1n creando una nueva sociedad de solidaridad y de fraternidad. Les quiero decir, j\u00f3venes del \u00c1frica, que \u00a1nada es imposible para los que tienen fe y amor por el hermano pobre en nombre de Jes\u00fas! La lucha contra la pobreza y la dignidad es un combate continuo, no es asistencialismo, no es pasar un rato agradable con los pobres y hacerse agradecer por la visita y los dones tra\u00eddos. \u00a1Es obligaci\u00f3n humana y evang\u00e9lica extender nuestra mano a los pobres!<\/p>\n<p><strong>\u00abQue ser\u00e1 dif\u00edcil a los que tienen riqueza entrar en el reino de Dios\u2026\u00bb <\/strong>(Mc. 10,24)<\/p>\n<p>Este compromiso es de por vida, por la verdad, la justicia y la dignidad del hermano que ha sido desfigurado por la pobreza, fruto del ego\u00edsmo de la sociedad a la cual pertenecemos. Fruto de la indiferencia frente al mal, fruto del miedo que nos paraliza y que nos atrevemos entrar mar adentro\u00bb para salvar a tantos seres humanaos y j\u00f3venes que piden ayuda y se est\u00e1n hundiendo en el mar de la pobreza.<\/p>\n<p><strong>\u00abSe\u00f1or, ens\u00e9\u00f1anos a rezar\u2026\u00bb <\/strong>(Lc. 11,1)<\/p>\n<p>\u00a1Los j\u00f3venes tienen que darse mutuamente fuerzas para resistir a las sirenas de la felicidad barata y f\u00e1cil! Resistir a todo lo que quiere encerrar el esp\u00edritu del ser humano en una cajita m\u00e1gica y dorada, alej\u00e1ndolos de sus responsabilidades y compromisos personales y comunitarios en la sociedad en que forman parte.<\/p>\n<p><a href=\"https:\/\/i0.wp.com\/vicencianos.org\/wp-content\/2011\/05\/jmv_africa_01.jpg\"><img data-recalc-dims=\"1\" loading=\"lazy\" decoding=\"async\" class=\"alignright size-medium wp-image-37060\" title=\"jmv_africa_01\" src=\"https:\/\/i0.wp.com\/vicencianos.org\/wp-content\/2011\/05\/jmv_africa_01-300x224.jpg?resize=300%2C224\" alt=\"\" width=\"300\" height=\"224\" \/><\/a>Los j\u00f3venes pueden ser valientes en denunciar las injusticias y las estructuras que finalizan excluyendo de la sociedad un gran n\u00famero de hermanos y compatriotas. Hay necesidad y urgencia de mensajeros para construir una comunidad m\u00e1s justa, fraterna y m\u00e1s compartida. Los j\u00f3venes tienen que levantarse, caminar y realizar sus sue\u00f1os siendo portadores de la esperanza de una comunidad donde haya m\u00e1s justicia para todos, m\u00e1s responsabilidad, m\u00e1s esp\u00edritu, porque solo la sincera b\u00fasqueda de la verdad y la justicia nos pueden traer una verdadera paz social.<\/p>\n<p>\u00a1Nada es perenne, ni felicidad ni pobreza! \u00a1Todo es fr\u00e1gil! Todo pasa y se transforma. En este trabajo de cambio social, nada es definitivo estamos como sobre un terreno movedizo. Por eso solo la b\u00fasqueda de la verdad con coraz\u00f3n sincero, con amor hacia el excluido, es digna de confianza y trae cambios de mentalidad y de estructuras que puedan traer frutos y durar en el tiempo.<\/p>\n<p>El compromiso en el combate por la justicia es de por vida. \u00a1No se puede comprometer por algunos momentos por el hermano pobre! \u00a1Este combate dura toda una vida! Por eso tenemos necesidad de rezar y orar. Este empe\u00f1o por el hermano excluido da un sentido a mi vida y a la sociedad toda entera. Siendo el ser humano individualista, esta lucha por el bien com\u00fan no cesara nunca en la historia de la Humanidad. Cada generaci\u00f3n tendr\u00e1 que asumir su propio combate por la justicia, la solidaridad y la dignidad.<\/p>\n<p>Estas luchas a lo largo de la historia humana tendr\u00e1n otras formas, otras caras y otra manera de expresarse, vivir y actuar. Pero lo esencial, el n\u00facleo del compromiso ser\u00e1 siempre el mismo, vivir y luchar por la justicia, la dignidad, la solidaridad y el amor como lo ha hecho Cristo nuestro hermano mayor.<\/p>\n<p>Los j\u00f3venes tienen esa capacidad de leer los signos de los tiempos y de comprender el compromiso urgente para cambiar nuestras vidas haci\u00e9ndolas m\u00e1s positivas ayudando a los olvidados. Mientras existan j\u00f3venes con audacia y decididos en \u00c1frica y sobre nuestra Tierra, la esperanza estar\u00e1 siempre viva en nuestra Humanidad y el fuego del amor de Cristo contagiara a muchos j\u00f3venes a vivir este compromiso renunciado a los privilegios para vivir en la libertad construyendo una civilizaci\u00f3n de respeto, de justicia de tolerancia y de amor como El, Creador del Universo, lo ha pensado desde el comienzo.<\/p>\n<p>\u00a1Estas ideas no son teor\u00edas son vida y acci\u00f3n que estamos viviendo en Akamasoa desde hace 20 anos d\u00eda a d\u00eda!<\/p>\n<p>Queridos j\u00f3venes, \u00a1el Esp\u00edritu Santo nos dar\u00e1 imaginaci\u00f3n para poder abrir nuevos caminos para que haya m\u00e1s sembradores de esperanza en cada pueblo, en cada pa\u00eds, en cada Continente! En \u00c1frica, podemos aceptar este desaf\u00edo y nuestro ideal es Cristo resucitado que nos ayudar\u00e1 a amar y liberar a todos los j\u00f3venes de \u00c1frica y Madagascar. En la Familia Vicentina, con el carisma de San Vicente de Pa\u00fal, \u00a1luchamos por la dignidad de cada persona, de cada ni\u00f1o, de cada familia para que sea reconocida y se sienta defendida contra vientos y mareas a la manera de Jes\u00fas! \u00a1El dinamismo y la levadura del evangelio nunca mueren!<\/p>\n<p>\u00a1Levant\u00e9monos y seamos en todos los pa\u00edses aqu\u00ed presentes sembradores de la esperanza y arraigados en Cristo que todo lo puede!<\/p>\n<p>\u00a1La esperanza de Cristo es m\u00e1s fuerte que la pobreza, la exclusi\u00f3n y la fatalidad!<\/p>\n<p><strong>Preguntas para el trabajo de grupo<\/strong><\/p>\n<ol>\n<li>Comparte en el grupo las frases que te impactaron. \u00bfPor qu\u00e9?<\/li>\n<li>\u00bfQu\u00e9 significa para el joven de hoy arraigar su vida y su futuro en Cristo?<\/li>\n<li>\u00bfPor qu\u00e9 somos tan fr\u00e1giles y miedosos para combatir por el Reino de Dios, por su justicia, por la solidaridad y por la paz?<\/li>\n<li>Establezcan un compromiso personal y un compromiso para nuestros grupos de JMV en \u00c1frica y Madagascar.<\/li>\n<\/ol>\n","protected":false},"excerpt":{"rendered":"<p>\u00abSi tu quieres\u2026\u00bb (Mt 19,21) Nadie podr\u00e1 remplazar a los j\u00f3venes en \u00c1frica a enfrentarse a s\u00ed mismos y responder con valent\u00eda el desaf\u00edo a su fe que le env\u00eda el mundo de hoy en &#8230; <a href=\"https:\/\/vincentians.com\/es\/arraigados-en-cristo-sembradores-de-esperanza-en-africa\/\" class=\"more-link\">Read More<\/a><\/p>\n","protected":false},"author":4,"featured_media":399998,"comment_status":"open","ping_status":"open","sticky":false,"template":"","format":"standard","meta":{"jetpack_post_was_ever_published":false,"_jetpack_newsletter_access":"","_jetpack_dont_email_post_to_subs":false,"_jetpack_newsletter_tier_id":0,"_jetpack_memberships_contains_paywalled_content":false,"_jetpack_memberships_contains_paid_content":false,"footnotes":"","jetpack_publicize_message":"","jetpack_publicize_feature_enabled":true,"jetpack_social_post_already_shared":true,"jetpack_social_options":{"image_generator_settings":{"template":"highway","default_image_id":0,"font":"","enabled":false},"version":2}},"categories":[202],"tags":[],"class_list":["post-37053","post","type-post","status-publish","format-standard","has-post-thumbnail","hentry","category-juventudes-marianas-vicencianas"],"yoast_head":"<!-- This site is optimized with the Yoast SEO plugin v26.3 - https:\/\/yoast.com\/wordpress\/plugins\/seo\/ -->\n<title>\u00a1Arraigados en Cristo, sembradores de esperanza en \u00c1frica! - Somos Vicencianos<\/title>\n<meta name=\"robots\" content=\"index, follow, max-snippet:-1, max-image-preview:large, max-video-preview:-1\" \/>\n<link rel=\"canonical\" href=\"https:\/\/vincentians.com\/es\/arraigados-en-cristo-sembradores-de-esperanza-en-africa\/\" \/>\n<meta property=\"og:locale\" content=\"es_ES\" \/>\n<meta property=\"og:type\" content=\"article\" \/>\n<meta property=\"og:title\" content=\"\u00a1Arraigados en Cristo, sembradores de esperanza en \u00c1frica! - Somos Vicencianos\" \/>\n<meta property=\"og:description\" content=\"\u00abSi tu quieres\u2026\u00bb (Mt 19,21) Nadie podr\u00e1 remplazar a los j\u00f3venes en \u00c1frica a enfrentarse a s\u00ed mismos y responder con valent\u00eda el desaf\u00edo a su fe que le env\u00eda el mundo de hoy en ... Read More\" \/>\n<meta property=\"og:url\" content=\"https:\/\/vincentians.com\/es\/arraigados-en-cristo-sembradores-de-esperanza-en-africa\/\" \/>\n<meta property=\"og:site_name\" content=\"Somos Vicencianos\" \/>\n<meta property=\"article:publisher\" content=\"https:\/\/www.facebook.com\/WeAreVincentians\/\" \/>\n<meta property=\"article:author\" content=\"https:\/\/www.facebook.com\/JavierChento\" \/>\n<meta property=\"article:published_time\" content=\"2020-08-08T06:06:25+00:00\" \/>\n<meta property=\"og:image\" content=\"https:\/\/i0.wp.com\/vincentians.com\/es\/wp-content\/uploads\/sites\/11\/2016\/09\/enviados-evangelizar-pobres.jpg?fit=1200%2C630&ssl=1\" \/>\n\t<meta property=\"og:image:width\" content=\"1200\" \/>\n\t<meta property=\"og:image:height\" content=\"630\" \/>\n\t<meta property=\"og:image:type\" content=\"image\/jpeg\" \/>\n<meta name=\"author\" content=\"Francisco Javier Fern\u00e1ndez Chento\" \/>\n<meta name=\"twitter:card\" content=\"summary_large_image\" \/>\n<meta name=\"twitter:creator\" content=\"@https:\/\/twitter.com\/javierchento\" \/>\n<meta name=\"twitter:site\" content=\"@WeVincentians\" \/>\n<meta name=\"twitter:label1\" content=\"Escrito por\" \/>\n\t<meta name=\"twitter:data1\" content=\"Francisco Javier Fern\u00e1ndez Chento\" \/>\n\t<meta name=\"twitter:label2\" content=\"Tiempo de lectura\" \/>\n\t<meta name=\"twitter:data2\" content=\"14 minutos\" \/>\n<script type=\"application\/ld+json\" class=\"yoast-schema-graph\">{\"@context\":\"https:\/\/schema.org\",\"@graph\":[{\"@type\":\"Article\",\"@id\":\"https:\/\/vincentians.com\/es\/arraigados-en-cristo-sembradores-de-esperanza-en-africa\/#article\",\"isPartOf\":{\"@id\":\"https:\/\/vincentians.com\/es\/arraigados-en-cristo-sembradores-de-esperanza-en-africa\/\"},\"author\":{\"name\":\"Francisco Javier Fern\u00e1ndez Chento\",\"@id\":\"https:\/\/vincentians.com\/es\/#\/schema\/person\/9623ef4d9aa3b2dfb8c061f1499288f2\"},\"headline\":\"\u00a1Arraigados en Cristo, sembradores de esperanza en \u00c1frica!\",\"datePublished\":\"2020-08-08T06:06:25+00:00\",\"mainEntityOfPage\":{\"@id\":\"https:\/\/vincentians.com\/es\/arraigados-en-cristo-sembradores-de-esperanza-en-africa\/\"},\"wordCount\":2751,\"commentCount\":0,\"publisher\":{\"@id\":\"https:\/\/vincentians.com\/es\/#organization\"},\"image\":{\"@id\":\"https:\/\/vincentians.com\/es\/arraigados-en-cristo-sembradores-de-esperanza-en-africa\/#primaryimage\"},\"thumbnailUrl\":\"https:\/\/i0.wp.com\/vincentians.com\/es\/wp-content\/uploads\/sites\/11\/2016\/09\/enviados-evangelizar-pobres.jpg?fit=1200%2C630&ssl=1\",\"articleSection\":[\"Juventudes Marianas Vicencianas\"],\"inLanguage\":\"es\",\"potentialAction\":[{\"@type\":\"CommentAction\",\"name\":\"Comment\",\"target\":[\"https:\/\/vincentians.com\/es\/arraigados-en-cristo-sembradores-de-esperanza-en-africa\/#respond\"]}]},{\"@type\":\"WebPage\",\"@id\":\"https:\/\/vincentians.com\/es\/arraigados-en-cristo-sembradores-de-esperanza-en-africa\/\",\"url\":\"https:\/\/vincentians.com\/es\/arraigados-en-cristo-sembradores-de-esperanza-en-africa\/\",\"name\":\"\u00a1Arraigados en Cristo, sembradores de esperanza en \u00c1frica! - Somos Vicencianos\",\"isPartOf\":{\"@id\":\"https:\/\/vincentians.com\/es\/#website\"},\"primaryImageOfPage\":{\"@id\":\"https:\/\/vincentians.com\/es\/arraigados-en-cristo-sembradores-de-esperanza-en-africa\/#primaryimage\"},\"image\":{\"@id\":\"https:\/\/vincentians.com\/es\/arraigados-en-cristo-sembradores-de-esperanza-en-africa\/#primaryimage\"},\"thumbnailUrl\":\"https:\/\/i0.wp.com\/vincentians.com\/es\/wp-content\/uploads\/sites\/11\/2016\/09\/enviados-evangelizar-pobres.jpg?fit=1200%2C630&ssl=1\",\"datePublished\":\"2020-08-08T06:06:25+00:00\",\"breadcrumb\":{\"@id\":\"https:\/\/vincentians.com\/es\/arraigados-en-cristo-sembradores-de-esperanza-en-africa\/#breadcrumb\"},\"inLanguage\":\"es\",\"potentialAction\":[{\"@type\":\"ReadAction\",\"target\":[\"https:\/\/vincentians.com\/es\/arraigados-en-cristo-sembradores-de-esperanza-en-africa\/\"]}]},{\"@type\":\"ImageObject\",\"inLanguage\":\"es\",\"@id\":\"https:\/\/vincentians.com\/es\/arraigados-en-cristo-sembradores-de-esperanza-en-africa\/#primaryimage\",\"url\":\"https:\/\/i0.wp.com\/vincentians.com\/es\/wp-content\/uploads\/sites\/11\/2016\/09\/enviados-evangelizar-pobres.jpg?fit=1200%2C630&ssl=1\",\"contentUrl\":\"https:\/\/i0.wp.com\/vincentians.com\/es\/wp-content\/uploads\/sites\/11\/2016\/09\/enviados-evangelizar-pobres.jpg?fit=1200%2C630&ssl=1\",\"width\":1200,\"height\":630},{\"@type\":\"BreadcrumbList\",\"@id\":\"https:\/\/vincentians.com\/es\/arraigados-en-cristo-sembradores-de-esperanza-en-africa\/#breadcrumb\",\"itemListElement\":[{\"@type\":\"ListItem\",\"position\":1,\"name\":\"Portada\",\"item\":\"https:\/\/vincentians.com\/es\/\"},{\"@type\":\"ListItem\",\"position\":2,\"name\":\"\u00a1Arraigados en Cristo, sembradores de esperanza en \u00c1frica!\"}]},{\"@type\":\"WebSite\",\"@id\":\"https:\/\/vincentians.com\/es\/#website\",\"url\":\"https:\/\/vincentians.com\/es\/\",\"name\":\"Somos Vicencianos\",\"description\":\"Know more to serve more\",\"publisher\":{\"@id\":\"https:\/\/vincentians.com\/es\/#organization\"},\"potentialAction\":[{\"@type\":\"SearchAction\",\"target\":{\"@type\":\"EntryPoint\",\"urlTemplate\":\"https:\/\/vincentians.com\/es\/?s={search_term_string}\"},\"query-input\":{\"@type\":\"PropertyValueSpecification\",\"valueRequired\":true,\"valueName\":\"search_term_string\"}}],\"inLanguage\":\"es\"},{\"@type\":\"Organization\",\"@id\":\"https:\/\/vincentians.com\/es\/#organization\",\"name\":\"The Vincentian Network\",\"url\":\"https:\/\/vincentians.com\/es\/\",\"logo\":{\"@type\":\"ImageObject\",\"inLanguage\":\"es\",\"@id\":\"https:\/\/vincentians.com\/es\/#\/schema\/logo\/image\/\",\"url\":\"https:\/\/i1.wp.com\/vincentians.com\/es\/wp-content\/uploads\/sites\/11\/2016\/06\/Vincentian-Network-logo-big.png?fit=778%2C778\",\"contentUrl\":\"https:\/\/i1.wp.com\/vincentians.com\/es\/wp-content\/uploads\/sites\/11\/2016\/06\/Vincentian-Network-logo-big.png?fit=778%2C778\",\"width\":778,\"height\":778,\"caption\":\"The Vincentian Network\"},\"image\":{\"@id\":\"https:\/\/vincentians.com\/es\/#\/schema\/logo\/image\/\"},\"sameAs\":[\"https:\/\/www.facebook.com\/WeAreVincentians\/\",\"https:\/\/x.com\/WeVincentians\"]},{\"@type\":\"Person\",\"@id\":\"https:\/\/vincentians.com\/es\/#\/schema\/person\/9623ef4d9aa3b2dfb8c061f1499288f2\",\"name\":\"Francisco Javier Fern\u00e1ndez Chento\",\"image\":{\"@type\":\"ImageObject\",\"inLanguage\":\"es\",\"@id\":\"https:\/\/vincentians.com\/es\/#\/schema\/person\/image\/\",\"url\":\"https:\/\/secure.gravatar.com\/avatar\/497d5cde87b4c3d097d0315953521681ba2cd523ee66e5077c3711f7021e65de?s=96&d=mm&r=g\",\"contentUrl\":\"https:\/\/secure.gravatar.com\/avatar\/497d5cde87b4c3d097d0315953521681ba2cd523ee66e5077c3711f7021e65de?s=96&d=mm&r=g\",\"caption\":\"Francisco Javier Fern\u00e1ndez Chento\"},\"description\":\"Director General y cofundador de La Red de Formaci\u00f3n Vicenciana. Javier es laico vicenciano, afiliado a la Congregaci\u00f3n de la Misi\u00f3n y miembro del Equipo de Misiones Populares de la provincia can\u00f3nica de Zaragoza (Espa\u00f1a) de la Congregaci\u00f3n de la Misi\u00f3n. Graduado en la Universidad Oberta de Catalunya con cuatro grados (Asistente de direcci\u00f3n, Gesti\u00f3n Administrativa, Recursos Humanos y Contabilidad Avanzada). Bil\u00edng\u00fce Espa\u00f1ol\/Ingl\u00e9s. gestiona y mantiene varias p\u00e1ginas web cristianas y vicencianas, incluida including La Red de Formaci\u00f3n Vicenciana, de la que es cofundador. Actualmente es responsable del \u00e1rea de Espa\u00f1ol de .famvin, la Red de Noticias de la Familia Vicenciana. Tambi\u00e9n es m\u00fasico cat\u00f3lico y ha editado varios discos. Es Director General y cofundador de Trovador, una reconocida compa\u00f1\u00eda discogr\u00e1fica critiana de Espa\u00f1a. Trabaja en las Tecnolog\u00edas de la Informaci\u00f3n, ofreciendo servicios de alojamiento, dise\u00f1o y mantenimiento Web, as\u00ed como asesoramiento, formaci\u00f3n y soluciones inform\u00e1ticas, gesti\u00f3n documental y digitalizaci\u00f3n de textos, edici\u00f3n y maquetaci\u00f3n de libros, revistas, flyers, etc.\",\"sameAs\":[\"http:\/\/chento.org\",\"https:\/\/www.facebook.com\/JavierChento\",\"https:\/\/x.com\/https:\/\/twitter.com\/javierchento\"],\"url\":\"https:\/\/vincentians.com\/es\/author\/chento\/\"}]}<\/script>\n<!-- \/ Yoast SEO plugin. -->","yoast_head_json":{"title":"\u00a1Arraigados en Cristo, sembradores de esperanza en \u00c1frica! - Somos Vicencianos","robots":{"index":"index","follow":"follow","max-snippet":"max-snippet:-1","max-image-preview":"max-image-preview:large","max-video-preview":"max-video-preview:-1"},"canonical":"https:\/\/vincentians.com\/es\/arraigados-en-cristo-sembradores-de-esperanza-en-africa\/","og_locale":"es_ES","og_type":"article","og_title":"\u00a1Arraigados en Cristo, sembradores de esperanza en \u00c1frica! - Somos Vicencianos","og_description":"\u00abSi tu quieres\u2026\u00bb (Mt 19,21) Nadie podr\u00e1 remplazar a los j\u00f3venes en \u00c1frica a enfrentarse a s\u00ed mismos y responder con valent\u00eda el desaf\u00edo a su fe que le env\u00eda el mundo de hoy en ... Read More","og_url":"https:\/\/vincentians.com\/es\/arraigados-en-cristo-sembradores-de-esperanza-en-africa\/","og_site_name":"Somos Vicencianos","article_publisher":"https:\/\/www.facebook.com\/WeAreVincentians\/","article_author":"https:\/\/www.facebook.com\/JavierChento","article_published_time":"2020-08-08T06:06:25+00:00","og_image":[{"width":1200,"height":630,"url":"https:\/\/i0.wp.com\/vincentians.com\/es\/wp-content\/uploads\/sites\/11\/2016\/09\/enviados-evangelizar-pobres.jpg?fit=1200%2C630&ssl=1","type":"image\/jpeg"}],"author":"Francisco Javier Fern\u00e1ndez Chento","twitter_card":"summary_large_image","twitter_creator":"@https:\/\/twitter.com\/javierchento","twitter_site":"@WeVincentians","twitter_misc":{"Escrito por":"Francisco Javier Fern\u00e1ndez Chento","Tiempo de lectura":"14 minutos"},"schema":{"@context":"https:\/\/schema.org","@graph":[{"@type":"Article","@id":"https:\/\/vincentians.com\/es\/arraigados-en-cristo-sembradores-de-esperanza-en-africa\/#article","isPartOf":{"@id":"https:\/\/vincentians.com\/es\/arraigados-en-cristo-sembradores-de-esperanza-en-africa\/"},"author":{"name":"Francisco Javier Fern\u00e1ndez Chento","@id":"https:\/\/vincentians.com\/es\/#\/schema\/person\/9623ef4d9aa3b2dfb8c061f1499288f2"},"headline":"\u00a1Arraigados en Cristo, sembradores de esperanza en \u00c1frica!","datePublished":"2020-08-08T06:06:25+00:00","mainEntityOfPage":{"@id":"https:\/\/vincentians.com\/es\/arraigados-en-cristo-sembradores-de-esperanza-en-africa\/"},"wordCount":2751,"commentCount":0,"publisher":{"@id":"https:\/\/vincentians.com\/es\/#organization"},"image":{"@id":"https:\/\/vincentians.com\/es\/arraigados-en-cristo-sembradores-de-esperanza-en-africa\/#primaryimage"},"thumbnailUrl":"https:\/\/i0.wp.com\/vincentians.com\/es\/wp-content\/uploads\/sites\/11\/2016\/09\/enviados-evangelizar-pobres.jpg?fit=1200%2C630&ssl=1","articleSection":["Juventudes Marianas Vicencianas"],"inLanguage":"es","potentialAction":[{"@type":"CommentAction","name":"Comment","target":["https:\/\/vincentians.com\/es\/arraigados-en-cristo-sembradores-de-esperanza-en-africa\/#respond"]}]},{"@type":"WebPage","@id":"https:\/\/vincentians.com\/es\/arraigados-en-cristo-sembradores-de-esperanza-en-africa\/","url":"https:\/\/vincentians.com\/es\/arraigados-en-cristo-sembradores-de-esperanza-en-africa\/","name":"\u00a1Arraigados en Cristo, sembradores de esperanza en \u00c1frica! - Somos Vicencianos","isPartOf":{"@id":"https:\/\/vincentians.com\/es\/#website"},"primaryImageOfPage":{"@id":"https:\/\/vincentians.com\/es\/arraigados-en-cristo-sembradores-de-esperanza-en-africa\/#primaryimage"},"image":{"@id":"https:\/\/vincentians.com\/es\/arraigados-en-cristo-sembradores-de-esperanza-en-africa\/#primaryimage"},"thumbnailUrl":"https:\/\/i0.wp.com\/vincentians.com\/es\/wp-content\/uploads\/sites\/11\/2016\/09\/enviados-evangelizar-pobres.jpg?fit=1200%2C630&ssl=1","datePublished":"2020-08-08T06:06:25+00:00","breadcrumb":{"@id":"https:\/\/vincentians.com\/es\/arraigados-en-cristo-sembradores-de-esperanza-en-africa\/#breadcrumb"},"inLanguage":"es","potentialAction":[{"@type":"ReadAction","target":["https:\/\/vincentians.com\/es\/arraigados-en-cristo-sembradores-de-esperanza-en-africa\/"]}]},{"@type":"ImageObject","inLanguage":"es","@id":"https:\/\/vincentians.com\/es\/arraigados-en-cristo-sembradores-de-esperanza-en-africa\/#primaryimage","url":"https:\/\/i0.wp.com\/vincentians.com\/es\/wp-content\/uploads\/sites\/11\/2016\/09\/enviados-evangelizar-pobres.jpg?fit=1200%2C630&ssl=1","contentUrl":"https:\/\/i0.wp.com\/vincentians.com\/es\/wp-content\/uploads\/sites\/11\/2016\/09\/enviados-evangelizar-pobres.jpg?fit=1200%2C630&ssl=1","width":1200,"height":630},{"@type":"BreadcrumbList","@id":"https:\/\/vincentians.com\/es\/arraigados-en-cristo-sembradores-de-esperanza-en-africa\/#breadcrumb","itemListElement":[{"@type":"ListItem","position":1,"name":"Portada","item":"https:\/\/vincentians.com\/es\/"},{"@type":"ListItem","position":2,"name":"\u00a1Arraigados en Cristo, sembradores de esperanza en \u00c1frica!"}]},{"@type":"WebSite","@id":"https:\/\/vincentians.com\/es\/#website","url":"https:\/\/vincentians.com\/es\/","name":"Somos Vicencianos","description":"Know more to serve more","publisher":{"@id":"https:\/\/vincentians.com\/es\/#organization"},"potentialAction":[{"@type":"SearchAction","target":{"@type":"EntryPoint","urlTemplate":"https:\/\/vincentians.com\/es\/?s={search_term_string}"},"query-input":{"@type":"PropertyValueSpecification","valueRequired":true,"valueName":"search_term_string"}}],"inLanguage":"es"},{"@type":"Organization","@id":"https:\/\/vincentians.com\/es\/#organization","name":"The Vincentian Network","url":"https:\/\/vincentians.com\/es\/","logo":{"@type":"ImageObject","inLanguage":"es","@id":"https:\/\/vincentians.com\/es\/#\/schema\/logo\/image\/","url":"https:\/\/i1.wp.com\/vincentians.com\/es\/wp-content\/uploads\/sites\/11\/2016\/06\/Vincentian-Network-logo-big.png?fit=778%2C778","contentUrl":"https:\/\/i1.wp.com\/vincentians.com\/es\/wp-content\/uploads\/sites\/11\/2016\/06\/Vincentian-Network-logo-big.png?fit=778%2C778","width":778,"height":778,"caption":"The Vincentian Network"},"image":{"@id":"https:\/\/vincentians.com\/es\/#\/schema\/logo\/image\/"},"sameAs":["https:\/\/www.facebook.com\/WeAreVincentians\/","https:\/\/x.com\/WeVincentians"]},{"@type":"Person","@id":"https:\/\/vincentians.com\/es\/#\/schema\/person\/9623ef4d9aa3b2dfb8c061f1499288f2","name":"Francisco Javier Fern\u00e1ndez Chento","image":{"@type":"ImageObject","inLanguage":"es","@id":"https:\/\/vincentians.com\/es\/#\/schema\/person\/image\/","url":"https:\/\/secure.gravatar.com\/avatar\/497d5cde87b4c3d097d0315953521681ba2cd523ee66e5077c3711f7021e65de?s=96&d=mm&r=g","contentUrl":"https:\/\/secure.gravatar.com\/avatar\/497d5cde87b4c3d097d0315953521681ba2cd523ee66e5077c3711f7021e65de?s=96&d=mm&r=g","caption":"Francisco Javier Fern\u00e1ndez Chento"},"description":"Director General y cofundador de La Red de Formaci\u00f3n Vicenciana. Javier es laico vicenciano, afiliado a la Congregaci\u00f3n de la Misi\u00f3n y miembro del Equipo de Misiones Populares de la provincia can\u00f3nica de Zaragoza (Espa\u00f1a) de la Congregaci\u00f3n de la Misi\u00f3n. Graduado en la Universidad Oberta de Catalunya con cuatro grados (Asistente de direcci\u00f3n, Gesti\u00f3n Administrativa, Recursos Humanos y Contabilidad Avanzada). Bil\u00edng\u00fce Espa\u00f1ol\/Ingl\u00e9s. gestiona y mantiene varias p\u00e1ginas web cristianas y vicencianas, incluida including La Red de Formaci\u00f3n Vicenciana, de la que es cofundador. Actualmente es responsable del \u00e1rea de Espa\u00f1ol de .famvin, la Red de Noticias de la Familia Vicenciana. Tambi\u00e9n es m\u00fasico cat\u00f3lico y ha editado varios discos. Es Director General y cofundador de Trovador, una reconocida compa\u00f1\u00eda discogr\u00e1fica critiana de Espa\u00f1a. Trabaja en las Tecnolog\u00edas de la Informaci\u00f3n, ofreciendo servicios de alojamiento, dise\u00f1o y mantenimiento Web, as\u00ed como asesoramiento, formaci\u00f3n y soluciones inform\u00e1ticas, gesti\u00f3n documental y digitalizaci\u00f3n de textos, edici\u00f3n y maquetaci\u00f3n de libros, revistas, flyers, etc.","sameAs":["http:\/\/chento.org","https:\/\/www.facebook.com\/JavierChento","https:\/\/x.com\/https:\/\/twitter.com\/javierchento"],"url":"https:\/\/vincentians.com\/es\/author\/chento\/"}]}},"jetpack_publicize_connections":[],"jetpack_featured_media_url":"https:\/\/i0.wp.com\/vincentians.com\/es\/wp-content\/uploads\/sites\/11\/2016\/09\/enviados-evangelizar-pobres.jpg?fit=1200%2C630&ssl=1","jetpack_sharing_enabled":true,"jetpack_shortlink":"https:\/\/wp.me\/p7ETMF-9DD","jetpack-related-posts":[{"id":15736,"url":"https:\/\/vincentians.com\/es\/mision-y-consagracion-en-el-contexto-actual-de-africa-y-de-madagascar\/","url_meta":{"origin":37053,"position":0},"title":"Misi\u00f3n y consagraci\u00f3n en el contexto actual de \u00c1frica y de Madagascar","author":"Francisco Javier Fern\u00e1ndez Chento","date":"29\/03\/2015","format":false,"excerpt":"\u00bfQu\u00e9 se espera de un consagrado en el contexto socio-econ\u00f3mi\u00adco-pol\u00edtico-cultural actual de \u00c1frica y Madagascar? \u00bfDe qu\u00e9 medios disponemos para vivir esta vocaci\u00f3n? \u00bfQu\u00e9 obst\u00e1culos encontramos? I) El fen\u00f3meno de la pertenencia A modo de introducci\u00f3n a este sencillo art\u00edculo, me gustar\u00eda, en primer lugar, hablar muy brevemente de un\u2026","rel":"","context":"En \u00abFormaci\u00f3n Cristiana\u00bb","block_context":{"text":"Formaci\u00f3n Cristiana","link":"https:\/\/vincentians.com\/es\/category\/formacion-cristiana\/"},"img":{"alt_text":"","src":"https:\/\/i0.wp.com\/vicencianos.org\/wp-content\/2012\/02\/asistentes-a-la-asamblea-provincial-en-fianarantsoa-madagascar-300x225.jpg?resize=350%2C200","width":350,"height":200},"classes":[]},{"id":39207,"url":"https:\/\/vincentians.com\/es\/lucia-roge-jornadas-internacionales-de-hermanas-jovenes\/","url_meta":{"origin":37053,"position":1},"title":"Luc\u00eda Rog\u00e9: Jornadas internacionales de hermanas j\u00f3venes","author":"Francisco Javier Fern\u00e1ndez Chento","date":"22\/05\/2011","format":false,"excerpt":"9-21 de abril de 1979 \"Deber\u00edan mantenerse ustedes siempre fieles al lugar de su nacimiento, all\u00e1 donde est\u00e1 la Casa Madre en que, por primera vez, brot\u00f3 la luz de la nueva vocaci\u00f3n, de la nueva misi\u00f3n en la Iglesia\" (Juan Pablo II). Efectivamente, estas Jornadas Internacionales de Hermanas J\u00f3ve\u00adnes\u2026","rel":"","context":"En \u00abEscritos de Luc\u00eda Rog\u00e9\u00bb","block_context":{"text":"Escritos de Luc\u00eda Rog\u00e9","link":"https:\/\/vincentians.com\/es\/category\/escritos\/escritos-de-lucia-roge\/"},"img":{"alt_text":"","src":"https:\/\/i0.wp.com\/vincentians.com\/es\/wp-content\/uploads\/sites\/11\/2016\/07\/escritos-lucia-roge.jpg?fit=1200%2C630&ssl=1&resize=350%2C200","width":350,"height":200,"srcset":"https:\/\/i0.wp.com\/vincentians.com\/es\/wp-content\/uploads\/sites\/11\/2016\/07\/escritos-lucia-roge.jpg?fit=1200%2C630&ssl=1&resize=350%2C200 1x, https:\/\/i0.wp.com\/vincentians.com\/es\/wp-content\/uploads\/sites\/11\/2016\/07\/escritos-lucia-roge.jpg?fit=1200%2C630&ssl=1&resize=525%2C300 1.5x, https:\/\/i0.wp.com\/vincentians.com\/es\/wp-content\/uploads\/sites\/11\/2016\/07\/escritos-lucia-roge.jpg?fit=1200%2C630&ssl=1&resize=700%2C400 2x, https:\/\/i0.wp.com\/vincentians.com\/es\/wp-content\/uploads\/sites\/11\/2016\/07\/escritos-lucia-roge.jpg?fit=1200%2C630&ssl=1&resize=1050%2C600 3x"},"classes":[]},{"id":68537,"url":"https:\/\/vincentians.com\/es\/las-hijas-de-la-carida-en-africa-y-madagascar-y-vi\/","url_meta":{"origin":37053,"position":2},"title":"Las Hijas de la Caridad en Africa y Madagascar (y VI)","author":"Mitxel Olabu\u00e9naga","date":"02\/07\/2017","format":false,"excerpt":"Sierra Leona Misi\u00f3n de las Provincias de Gran Breta\u00f1a, Irlanda y de Los Altos Hills (U.S.A.) Este pa\u00eds es uno de los m\u00e1s pobres del mundo. A pesar de su riqueza en diamantes, son Compa\u00f1\u00edas extranjeras las que ob\u00adtienen los beneficios, y la mayor\u00eda de los habitantes de Sierra Leona\u2026","rel":"","context":"En \u00abHistoria de las Hijas de la Caridad\u00bb","block_context":{"text":"Historia de las Hijas de la Caridad","link":"https:\/\/vincentians.com\/es\/category\/historia-de-la-familia-vicenciana\/historia-de-las-hijas-de-la-caridad\/"},"img":{"alt_text":"","src":"https:\/\/i0.wp.com\/vincentians.com\/es\/wp-content\/uploads\/sites\/11\/2016\/08\/hijas-caridad.jpg?fit=1200%2C630&ssl=1&resize=350%2C200","width":350,"height":200,"srcset":"https:\/\/i0.wp.com\/vincentians.com\/es\/wp-content\/uploads\/sites\/11\/2016\/08\/hijas-caridad.jpg?fit=1200%2C630&ssl=1&resize=350%2C200 1x, https:\/\/i0.wp.com\/vincentians.com\/es\/wp-content\/uploads\/sites\/11\/2016\/08\/hijas-caridad.jpg?fit=1200%2C630&ssl=1&resize=525%2C300 1.5x, https:\/\/i0.wp.com\/vincentians.com\/es\/wp-content\/uploads\/sites\/11\/2016\/08\/hijas-caridad.jpg?fit=1200%2C630&ssl=1&resize=700%2C400 2x, https:\/\/i0.wp.com\/vincentians.com\/es\/wp-content\/uploads\/sites\/11\/2016\/08\/hijas-caridad.jpg?fit=1200%2C630&ssl=1&resize=1050%2C600 3x"},"classes":[]},{"id":34808,"url":"https:\/\/vincentians.com\/es\/lucia-roge-circular-de-ano-nuevo-1977\/","url_meta":{"origin":37053,"position":3},"title":"Luc\u00eda Rog\u00e9: Circular de A\u00f1o nuevo, 1977","author":"Francisco Javier Fern\u00e1ndez Chento","date":"05\/06\/2020","format":false,"excerpt":"TESTIMONIO DE LA FE Par\u00eds, 1 de enero de 1977 Queridas Hermanas: Sus cartas, expresi\u00f3n fiel de la uni\u00f3n de esp\u00edritus y corazones, van llegando de cada Provincia. Ellas me traen la seguridad que espero de sus oraciones y tambi\u00e9n de sus mejores deseos para la Compa\u00f1\u00eda. Les agradezco que\u2026","rel":"","context":"En \u00abEscritos de Luc\u00eda Rog\u00e9\u00bb","block_context":{"text":"Escritos de Luc\u00eda Rog\u00e9","link":"https:\/\/vincentians.com\/es\/category\/escritos\/escritos-de-lucia-roge\/"},"img":{"alt_text":"","src":"https:\/\/i0.wp.com\/vincentians.com\/es\/wp-content\/uploads\/sites\/11\/2016\/07\/escritos-lucia-roge.jpg?fit=1200%2C630&ssl=1&resize=350%2C200","width":350,"height":200,"srcset":"https:\/\/i0.wp.com\/vincentians.com\/es\/wp-content\/uploads\/sites\/11\/2016\/07\/escritos-lucia-roge.jpg?fit=1200%2C630&ssl=1&resize=350%2C200 1x, https:\/\/i0.wp.com\/vincentians.com\/es\/wp-content\/uploads\/sites\/11\/2016\/07\/escritos-lucia-roge.jpg?fit=1200%2C630&ssl=1&resize=525%2C300 1.5x, https:\/\/i0.wp.com\/vincentians.com\/es\/wp-content\/uploads\/sites\/11\/2016\/07\/escritos-lucia-roge.jpg?fit=1200%2C630&ssl=1&resize=700%2C400 2x, https:\/\/i0.wp.com\/vincentians.com\/es\/wp-content\/uploads\/sites\/11\/2016\/07\/escritos-lucia-roge.jpg?fit=1200%2C630&ssl=1&resize=1050%2C600 3x"},"classes":[]},{"id":18033,"url":"https:\/\/vincentians.com\/es\/la-jmv-en-el-tercer-milenio-una-aventura-de-jovenes-y-para-jovenes\/","url_meta":{"origin":37053,"position":4},"title":"La JMV en el Tercer Milenio: una aventura de j\u00f3venes y para j\u00f3venes","author":"Francisco Javier Fern\u00e1ndez Chento","date":"07\/03\/2023","format":false,"excerpt":"La JMV, un deseo divino transformado en realidad cotidiana\u2026 Una aventura de j\u00f3venes\u2026. Una evoluci\u00f3n\u2026 Fue en 1830, en la Rue du Bac, donde toda una historia, un camino comenz\u00f3... (las apariciones de la Virgen) Una mirada del cielo... (Jes\u00fas y Mar\u00eda) Una escucha en la tierra... (Catalina) Una meditaci\u00f3n\u2026","rel":"","context":"En \u00abJuventudes Marianas Vicencianas\u00bb","block_context":{"text":"Juventudes Marianas Vicencianas","link":"https:\/\/vincentians.com\/es\/category\/la-familia-vicenciana\/ramas\/juventudes-marianas-vicencianas\/"},"img":{"alt_text":"","src":"https:\/\/i0.wp.com\/vincentians.com\/es\/wp-content\/uploads\/sites\/11\/2013\/04\/msoF811D.jpg?fit=612%2C490&ssl=1&resize=350%2C200","width":350,"height":200,"srcset":"https:\/\/i0.wp.com\/vincentians.com\/es\/wp-content\/uploads\/sites\/11\/2013\/04\/msoF811D.jpg?fit=612%2C490&ssl=1&resize=350%2C200 1x, https:\/\/i0.wp.com\/vincentians.com\/es\/wp-content\/uploads\/sites\/11\/2013\/04\/msoF811D.jpg?fit=612%2C490&ssl=1&resize=525%2C300 1.5x"},"classes":[]},{"id":45310,"url":"https:\/\/vincentians.com\/es\/la-carta-enciclica-de-benedicto-xvi-deus-caritas-est-y-su-recepcion-en-africa\/","url_meta":{"origin":37053,"position":5},"title":"La carta Enc\u00edclica de Benedicto XVI \u201cDeus Caritas Est\u201d y su recepci\u00f3n en \u00c1frica","author":"Francisco Javier Fern\u00e1ndez Chento","date":"05\/07\/2011","format":false,"excerpt":"Premisa Todos sabemos qui\u00e9n era Juan Pablo II y conocemos su impacto e influencia sobre el camino de la fe de mucha gente: laicos y religio\u00adsos, creyentes y no creyentes. \u00c9l era una figura sorprendente, un padre atractivo y amable. Un padre para todos los hombres y muje\u00adres, y especialmente,\u2026","rel":"","context":"En \u00abFormaci\u00f3n Cristiana\u00bb","block_context":{"text":"Formaci\u00f3n Cristiana","link":"https:\/\/vincentians.com\/es\/category\/formacion-cristiana\/"},"img":{"alt_text":"","src":"https:\/\/i0.wp.com\/vicencianos.org\/wp-content\/2011\/07\/Africa-273x300.jpg?resize=350%2C200","width":350,"height":200},"classes":[]}],"_links":{"self":[{"href":"https:\/\/vincentians.com\/es\/wp-json\/wp\/v2\/posts\/37053","targetHints":{"allow":["GET"]}}],"collection":[{"href":"https:\/\/vincentians.com\/es\/wp-json\/wp\/v2\/posts"}],"about":[{"href":"https:\/\/vincentians.com\/es\/wp-json\/wp\/v2\/types\/post"}],"author":[{"embeddable":true,"href":"https:\/\/vincentians.com\/es\/wp-json\/wp\/v2\/users\/4"}],"replies":[{"embeddable":true,"href":"https:\/\/vincentians.com\/es\/wp-json\/wp\/v2\/comments?post=37053"}],"version-history":[{"count":1,"href":"https:\/\/vincentians.com\/es\/wp-json\/wp\/v2\/posts\/37053\/revisions"}],"predecessor-version":[{"id":402989,"href":"https:\/\/vincentians.com\/es\/wp-json\/wp\/v2\/posts\/37053\/revisions\/402989"}],"wp:featuredmedia":[{"embeddable":true,"href":"https:\/\/vincentians.com\/es\/wp-json\/wp\/v2\/media\/399998"}],"wp:attachment":[{"href":"https:\/\/vincentians.com\/es\/wp-json\/wp\/v2\/media?parent=37053"}],"wp:term":[{"taxonomy":"category","embeddable":true,"href":"https:\/\/vincentians.com\/es\/wp-json\/wp\/v2\/categories?post=37053"},{"taxonomy":"post_tag","embeddable":true,"href":"https:\/\/vincentians.com\/es\/wp-json\/wp\/v2\/tags?post=37053"}],"curies":[{"name":"wp","href":"https:\/\/api.w.org\/{rel}","templated":true}]}}