{"id":36994,"date":"2015-06-17T02:40:07","date_gmt":"2015-06-17T00:40:07","guid":{"rendered":"http:\/\/somos.vicencianos.org\/?p=36994"},"modified":"2016-07-26T19:17:43","modified_gmt":"2016-07-26T17:17:43","slug":"la-formacion-un-proceso-de-vida","status":"publish","type":"post","link":"https:\/\/vincentians.com\/es\/la-formacion-un-proceso-de-vida\/","title":{"rendered":"La formaci\u00f3n, un proceso de vida"},"content":{"rendered":"<h2><strong>I. Avanzando hacia lo fundamental<\/strong><\/h2>\n<p><a href=\"https:\/\/i0.wp.com\/vicencianos.org\/wp-content\/2015\/06\/formacion_continua.jpg\"><img data-recalc-dims=\"1\" loading=\"lazy\" decoding=\"async\" class=\"alignright size-medium wp-image-177289\" src=\"https:\/\/i0.wp.com\/vicencianos.org\/wp-content\/2015\/06\/formacion_continua-300x200.jpg?resize=300%2C200\" alt=\"formacion_continua\" width=\"300\" height=\"200\" \/><\/a>Gracias por su invitaci\u00f3n para hablar sobre la educaci\u00f3n a lo largo de la vida y la formaci\u00f3n permanente en la Congregaci\u00f3n de la Misi\u00f3n. Lo considero como una invitaci\u00f3n a reflexionar sobre nuestra vocaci\u00f3n personal y com\u00fan para crecer en nuestras propias vidas como seres humanos, disc\u00edpulos de Jes\u00fas, seguidores de Vicente, misioneros, hermanos unos de otros, amigos de los pobres y amigos de los sacerdotes. No pretendo ninguna especialidad en este campo, aunque la formaci\u00f3n ha ocupado una parte muy importante de mi vida en comunidad. Me imagino que he sido invitado por mi responsabilidad actual como Director del programa del CIF. Conocer misioneros de toda la Congregaci\u00f3n ha sido una bendici\u00f3n grande para m\u00ed y espero que lo que tengo que decir de alguna manera exprese lo que yo he aprendido de ellos, de sus aspiraciones y esperanzas, sin olvidar su satisfacci\u00f3n por la oportunidad de venir al CIF. No hablo hoy concretamente sobre el CIF, sino m\u00e1s bien sobre la llamada que recibimos a crecer hasta el final de nuestra vida. Dado que no estoy aqu\u00ed como experto, he elegido hablar de mi experiencia y compartir con vosotros mis convicciones. Espero ser concreto y espec\u00edfico, no para que est\u00e9is de acuerdo en todo, sino para que teng\u00e1is algo espec\u00edfico que estimule vuestra propia reflexi\u00f3n y evoque vuestra experiencia propia y vuestras convicciones.<\/p>\n<p><strong>Una nueva generaci\u00f3n de l\u00edderes para el siglo XXI. <\/strong>Vosotros sois una generaci\u00f3n nueva de l\u00edderes para el siglo XXI. Yo estuve presente en la \u00faltima Asamblea General de 2004, no como delegado sino para informar a la Asamblea sobre el CIF. Recib\u00ed una sorpresa grande al llegar a la Asamblea. Habiendo asistido a las cinco Asambleas Generales anteriores, esperaba conocer a muchos o a la mayor\u00eda de los delegados de la Asamblea del 2004. Pero descubr\u00ed al llegar que muchos de los provinciales y la mayor\u00eda de los delegados participaban en su primera asamblea. Para m\u00ed fue una Asamblea de nombres y caras nuevas. Despu\u00e9s de superar la sorpresa, me di cuenta de que el liderazgo de la Congregaci\u00f3n hab\u00eda pasado a manos nuevas m\u00e1s j\u00f3venes, lo que me hiso feliz. La Asamblea de 2004 siendo la primera Asamblea General del siglo XXI me hizo comprender que ten\u00edamos una generaci\u00f3n nueva de l\u00edderes \u2014 vosotros mismos \u2014 para un nuevo siglo en la vida de la Compa\u00f1\u00eda.<\/p>\n<p>La oportunidad de participar en cinco Asambleas Generales me ha dado una perspectiva sobre la evoluci\u00f3n de la comunidad en los \u00faltimos cuarenta a\u00f1os, que quisiera compartir con vosotros, porque pienso que da un contexto para el trabajo de este encuentro. La trayectoria de la Compa\u00f1\u00eda desde el Concilio Vaticano Segundo ha sido una gracia. Conocer de donde venimos y \u00abhacia donde vamos\u00bb ayudar\u00e1 a centrar el tema del Aprendizaje de toda la Vida y la Formaci\u00f3n Permanente en perspectiva, y puede ayudar a contextualizar el camino hacia adelante.<\/p>\n<p><strong>Una trayectoria agraciada. <\/strong>Las dos primeras Asambleas Generales despu\u00e9s del Concilio, 1968-1969 y 1974, fueron tiempos de esfuerzos, conflictos, choques de visiones c\u00f3smicas y esperanzas para el futuro. Fue un tiempo en que los misioneros se esforzaban por conocerse mutuamente y conocer sus situaciones, los modos de pensar de unos y otros, saber qu\u00e9 palabras valoradas por un grupo ten\u00edan un significado distinto y a veces negativo para otro grupo. Finalmente, fue un tiempo de superar falsas impresiones, estereotipos, prejuicios y proyecciones. Tambi\u00e9n hubo un cambio en los centros de influencia. El predominio de la lengua inglesa en 1968-1969 dio paso a las convicciones espa\u00f1olas, francesas e italianas sobre Jes\u00fas el evangelizador (y liberador) de los pobres \u2014 la agenda preparada por las provincias para la Asamblea de 1974 se rechaz\u00f3 y la Asamblea se dedic\u00f3 ella misma a exhortaciones pastorales para los misioneros. Fue mi primera Asamblea y para m\u00ed estuvo marcada por mutuos malentendidos as\u00ed como por serios esfuerzos en superar dichos malentendidos. Retrospectivamente, creo que fue la primera fase para llegar a ser una comunidad internacional y global, no s\u00f3lo geogr\u00e1ficamente, que ya \u00e9ramos, sino relacionados, corporativamente y como misioneros.<\/p>\n<p>La fase siguiente en nuestra evoluci\u00f3n como comunidad internacional, con una misi\u00f3n global, ocurri\u00f3 en las Asambleas de 1980 y 1986. Durante nueve semanas en el verano de 1980 la Asamblea General trabaj\u00f3 para escribir las Nuevas Constituciones y los Estatutos. Parec\u00eda existir un nuevo nivel de entendimiento y di\u00e1logo, nuevos esfuerzos para comunicarse y comprenderse unos a otros. La Asamblea estuvo estancada durante semanas sobre si la Congregaci\u00f3n ten\u00eda uno o tres fines, pero finalmente resolvimos el problema de forma aceptable para toda la Asamblea. La imagen de Cristo el Evangelizador de los Pobres fue asumida como la expresi\u00f3n propia del fin de la Comunidad con la comprensi\u00f3n clara de que se realizaba en una triple forma. El documento final pertenec\u00eda a una Asamblea unida y a una Congregaci\u00f3n unida. Seis a\u00f1os m\u00e1s tarde, la Asamblea General de 1986 profundiz\u00f3 este v\u00ednculo a trav\u00e9s del tema, \u00abUn Cuerpo, Un Esp\u00edritu en Cristo\u00bb.<\/p>\n<p>La tercera fase en nuestra evoluci\u00f3n post-conciliar nos empuj\u00f3 desde la unidad interna a la misi\u00f3n global y el servicio especial vicenciano. La Asamblea de 1992, en la que el P. Maloney fue elegido Superior general, orden\u00f3 la colaboraci\u00f3n inter-provincial y una nueva iniciativa misionera. La Asamblea de 1998 encamin\u00f3 a la Congregaci\u00f3n a extenderse tambi\u00e9n, esta vez en colaboraci\u00f3n activa con los miembros incre\u00edblemente numerosos e incesantemente activos de la Familia Vicenciana.<\/p>\n<p>Este viaje desde el conflicto y la incomprensi\u00f3n mutuos (1968-1969 y 1974) a la unidad y el entendimiento a trav\u00e9s del esfuerzo y el di\u00e1logo (1980 y 1986) y desde entonces al servicio misionero expansivo de las misiones internacionales y compromisos con la Familia Vicenciana (1992 y 1998), fue algo que nadie program\u00f3. Se contempla s\u00f3lo en retrospectiva y de este modo, yo creo, debe ser atribuido al Esp\u00edritu Santo. Naturalmente, nos lleva a la pregunta: \u00bfad\u00f3nde vamos desde aqu\u00ed? Cualquiera que sea el tema elegido para la pr\u00f3xima Asamblea General, no lo s\u00e9, pero presumo que el Aprendizaje a lo largo de la Vida y la Formaci\u00f3n Permanente ser\u00e1 un componente clave de cualquier direcci\u00f3n estrat\u00e9gica que elijan.<\/p>\n<h3><strong>\u00bfQu\u00e9 es la formaci\u00f3n a lo largo de toda la vida?<\/strong><\/h3>\n<p>He aqu\u00ed algunos factores que deben entrar en consideraci\u00f3n sobre la Formaci\u00f3n Permanente. Pueden a\u00f1adir otros.<\/p>\n<p><strong>Crecimiento<\/strong><strong>. <\/strong>La formaci\u00f3n permanente tiene que ver con un marco mental y un compromiso para crecer durante toda nuestra vida. La formaci\u00f3n inicial es s\u00f3lo una introducci\u00f3n a nuestro estilo de vida y un fundamento para lo que va a venir. Hace a\u00f1os, la formaci\u00f3n inicial era s\u00f3lo formaci\u00f3n final, excepto para algunos que continuaban para especializarse en alguna \u00e1rea acad\u00e9mica. Pero, hoy, la formaci\u00f3n permanente es parte integral de nuestro viaje de toda la vida.<\/p>\n<p><strong>Transformaci\u00f3n. <\/strong>La formaci\u00f3n aspira a la transformaci\u00f3n. Esta es la idea de Rosemary Haughton hace mucho tiempo. La meta real es la transformaci\u00f3n, que compromete la libertad de la persona individual para responder al Esp\u00edritu Santo. La formaci\u00f3n proporciona el contexto y el material para la transformaci\u00f3n. Podemos formar a las personas en el sentido limitado de socializarlas en las pr\u00e1cticas, costumbres y estilo de vida de la comunidad. Pero el proceso de una aut\u00e9ntica formaci\u00f3n apunta m\u00e1s all\u00e1 de ella misma, donde de hecho no puede ir, es decir, dentro del mundo de la libertad del individuo y la acci\u00f3n del Esp\u00edritu Santo. Me parece que la grandeza y las limitaciones de la formaci\u00f3n se encuentran en ubicar la formaci\u00f3n como algo significativamente m\u00e1s que socializaci\u00f3n y significativamente menos que transformaci\u00f3n.<\/p>\n<p><strong>Viaje. <\/strong>La formaci\u00f3n permanente realiza una contribuci\u00f3n grande al viaje desde el falso yo al verdadero yo, desde la generosidad para amar, desde conocer quien nos ha dado la vida para los hermanos, desde la pobreza en tercera persona plural (otros son pobres) a la pobreza en primera persona de singular (yo soy el pobre, como Vicente). Fomenta el viaje de la oraci\u00f3n a la contemplaci\u00f3n, de la conformidad social a la auto-autoridad, y del discurso indirecto (repitiendo lo que otros han dicho) al discurso directo (hablando la Palabra de Dios que ha llegado a ser m\u00eda propia).<\/p>\n<p>Algunos, comparando los disc\u00edpulos de los rabinos con los disc\u00edpulos de Jes\u00fas, han notado ciertas diferencias claves, entre las cuales est\u00e1 que los disc\u00edpulos de los rabinos esperan eventualmente ser ellos mismos rabinos, mientras que los disc\u00edpulos de Jes\u00fas nunca se diploman. Nosotros somos disc\u00edpulos toda la vida, aprendices. Nuestro viaje est\u00e1 dentro del inefable misterio del amor de Dios mediatizado por los <em>anawim <\/em>que Dios ha constituido en lote nuestro.<\/p>\n<p><strong>Santidad. <\/strong>Ha llegado a hacerse habitual hablar de conversi\u00f3n, no como un acontecimiento aislado que cambia la vida sino como una realidad permanente, una conversi\u00f3n permanente. No nos convertimos s\u00f3lo una vez, cuando respondemos afirmativamente con todo nuestro coraz\u00f3n y nuestra alma a la invitaci\u00f3n de Jes\u00fas para venir y seguirle. Despu\u00e9s de nuestra respuesta inicial a la proclamaci\u00f3n del Evangelio y la invitaci\u00f3n de seguir a Cristo evangelizando a los <em>anawim, <\/em>est\u00e1 la invitaci\u00f3n diaria a la conversi\u00f3n y a la transformaci\u00f3n en Cristo. Si hablamos de conversi\u00f3n o <em>metanoia <\/em>en el mundo cristiano, el Este habla de Iluminaci\u00f3n como meta de este viaje.<\/p>\n<p><strong>Competencia. <\/strong>La formaci\u00f3n inicial nos introduce en la vida y misi\u00f3n de la comunidad y nos coloca o nos hace avanzar en el camino a la santidad. Los Votos confirman nuestro compromiso de evangelizar a los pobres durante toda nuestra vida, y el sacerdocio o la hermandad concreta nuestro papel en la evangelizaci\u00f3n. Pero esto es un punto de partida. Tendremos ciertamente que crecer en competencia ministerial y quiz\u00e1s tambi\u00e9n desarrollar competencias y t\u00e9cnicas profesionales. La imagen nueva de sacerdote que esta emergiendo gradualmente desde el Concilio Vaticano Segundo requiere una multitud de nuevas competencias, especialmente competencias para proclamar la Palabra de Dios y evangelizar a los <em>anawim. <\/em>La primac\u00eda del bautismo, la emergencia del laicado y el desarrollo de todos los ministerios laicales exigen t\u00e9cnicas para construir la comunidad, escucha, colaboraci\u00f3n y liderazgo din\u00e1mico. Los l\u00edderes, dicen, se hacen no nacen, incluyendo los l\u00edderes clericales y religiosos.<\/p>\n<p><strong>En l\u00ednea con los tiempos. <\/strong>El Papa Juan XXIII dijo que el Concilio Vaticano Segundo era sobre el <em>aggiornamento, <\/em>porque percib\u00eda que la Iglesia no caminaba con los tiempos actuales. No se si nosotros nos hemos puesto al d\u00eda o no, pero nos corresponde relacionarnos con nuestros contempor\u00e1neos y estar en contacto con lo que ocurre hoy. No tiene valor estar por detr\u00e1s de los tiempos. San Vicente estuvo al corriente de su tiempo. Volver\u00e9 a esto m\u00e1s tarde.<\/p>\n<p><strong>Una Meta con Visi\u00f3n Orientadora. <\/strong>Cuando Juan XXIII abri\u00f3 el Concilio Vaticano Segundo en 1962, dijo, \u00abLa Divina Providencia nos dirige hacia un nuevo orden de relaciones humanas&#8230;\u00bb. El explic\u00f3 m\u00e1s tarde que se trata de un orden en el que la gente resolver\u00e1 sus dificultades y diferencias sin violencia. Pablo VI y Juan Pablo II han hablado ambos de crear una civilizaci\u00f3n del amor. Aqu\u00ed tenemos un Evangelio y una visi\u00f3n eclesial que anima nuestra formaci\u00f3n permanente. Cuando este orden nuevo de relaciones humanas y esta civilizaci\u00f3n del amor se centran en el m\u00e1s peque\u00f1o de nuestra sociedad y sobre los servidores sacerdotales tiene un rostro Vicenciano.<\/p>\n<p>Creo que la meta de la formaci\u00f3n permanente merece atenci\u00f3n especial. Thomas Merton ha dicho que vivimos en un mundo de medios perfectos y fines confusos. Podemos saber mucho sobre procesos, s\u00f3lo si sabemos a donde vamos.<\/p>\n<h3><strong>\u00bfCu\u00e1les son los dinamismos b\u00e1sicos de la Formaci\u00f3n Permanente?<\/strong><\/h3>\n<p>1. El dinamismo b\u00e1sico de la formaci\u00f3n permanente es el mismo del desaf\u00edo din\u00e1mico del Concilio Vaticano Segundo, es decir, 1) <em>\u00abRecursos\u00bb <\/em>y 2) responder a \u00ablos signos de los tiempos\u00bb. Estamos llamados a volver a las fuentes, al carisma del Fundador, y proyectarlo en el marco contempor\u00e1neo a trav\u00e9s del discernimiento de los signos de los tiempos.<\/p>\n<p>2. <em>\u00abRecursos\u00bb. <\/em>Creo que la comunidad puede felicitarse sobre nuestra vuelta a las fuentes desde el Concilio Vaticano Segundo. Coste est\u00e1 disponible en italiano, espa\u00f1ol, ingl\u00e9s y polaco. Estudios, revistas, semanas de estudio, talleres, seminarios, p\u00e1ginas web, SIEV y CIF, todos han contribuido a nuestro conocimiento de San Vicente. Las dimensiones hist\u00f3ricas y humanas de la vocaci\u00f3n de Vicente y el viaje hacia la santidad ha remplazado a un Vicente hist\u00f3ricamente distante. Todos estamos contentos con los resultados. Vicente ha llegado vivo para nosotros dentro de la comunidad y la gran Familia Vicenciana por caminos no so\u00f1ados. Por supuesto, hay mucho por hacer, y parece ser que estamos preparados para hacerlo. Entre par\u00e9ntesis, SIEV busca fomentar una nueva generaci\u00f3n de especialistas Vicencianos.<\/p>\n<p>3. \u00abLos signos de los tiempos\u00bb. Las Constituciones y los Estatutos de 1980 fueron nuestro mejor esfuerzo para expresar el significado y el camino de Vicente para nuestros tiempos a la luz del Vaticano II y lo que est\u00e1bamos aprendiendo de Vicente. Pero, \u00e9ramos conscientes inmediatamente de que era el comienzo y no el final del re-descubrimiento de nuestras ra\u00edces. El segundo p\u00e1rrafo de las Constituciones, que fue sombreado por toda la atenci\u00f3n dada al primer p\u00e1rrafo sobre \u00abel seguimiento de Cristo Evangelizador de los Pobres\u00bb, apunta a los desaf\u00edos futuros y la din\u00e1mica de la conversi\u00f3n y el discernimiento permanentes. Dice as\u00ed:<\/p>\n<p style=\"padding-left: 30px\"><em>2. Supuesto este fin, la Congregaci\u00f3n de la Misi\u00f3n, atendiendo siempre al Evangelio, a los signos de los tiempos y a las peticiones m\u00e1s urgentes de la Iglesia, procurar\u00e1 abrir nuevos caminos y aplicar medios adaptados a las circunstancias de tiempo y lugar, se esforzar\u00e1 adem\u00e1s por enjuiciar y ordenar las obras y ministerios, permaneciendo as\u00ed en estado de renovaci\u00f3n continua.<\/em><\/p>\n<p>M\u00e1s que ning\u00fan otro p\u00e1rrafo de las Constituciones, \u00e9ste es nuestro mandato para un discernimiento de toda la vida y una renovaci\u00f3n permanente. Los dos primeros p\u00e1rrafos establecen la din\u00e1mica fundamental de nuestra vocaci\u00f3n: seguimiento de Cristo evangelizando a los pobres en las circunstancias actuales. Est\u00e1 en el coraz\u00f3n de nuestra vocaci\u00f3n que estemos en contacto con nuestros tiempos, en contacto con lo que esta ocurriendo, lo que sigue adelante. Pero esto no es meramente sobre informaci\u00f3n y noticias, hay que hacerlo desde la fe. Discernir los signos de los tiempos significa verlos con la mente y el coraz\u00f3n de Cristo. \u00abTanto am\u00f3 Dios al mundo&#8230;\u00bb. Solamente el amor de Dios que est\u00e1 en el coraz\u00f3n de nuestra vocaci\u00f3n nos guardar\u00e1 de retirarnos a entornos seguros del mundo contempor\u00e1neo y nos dar\u00e1 la simpat\u00eda para apreciar el bien que est\u00e1 ocurriendo y el desaf\u00edo que tenemos delante.<\/p>\n<h3><strong>Adelante hacia lo fundamental<\/strong><\/h3>\n<p>Hace m\u00e1s de veinte a\u00f1os, uno de vosotros fue invitado por la provincia Central para darnos una jornada de oraci\u00f3n y reflexi\u00f3n como preparaci\u00f3n para una asamblea provincial. Todav\u00eda recuerdo la charla. Nuestra provincia estaba dividida entre misioneros que insist\u00edan en volver a lo b\u00e1sico y misioneros que quer\u00edan ir adelante con nuevas obras. El conferenciante dijo que cada grupo ten\u00eda raz\u00f3n, pero no del todo, quiz\u00e1s cada grupo ten\u00eda media verdad. Eso tuvo un efecto unificador en nosotros. Despu\u00e9s, pens\u00e9 que el t\u00edtulo de esta charla pod\u00eda haber sido: \u00abAdelante hacia lo b\u00e1sico\u00bb. Lo b\u00e1sico de la fe, la oraci\u00f3n, el amor, la comuni\u00f3n y el sacrificio son absolutamente necesarios, pero no queramos encontrarlo volviendo a los a\u00f1os cincuenta o a un mundo que ya ha pasado. Solamente lo encontraremos si avanzamos comprometidos con los desaf\u00edos de hoy y de ma\u00f1ana y el mundo nuevo que est\u00e1 naciendo.<\/p>\n<p>Estos comentarios han sido una orientaci\u00f3n general sobre formaci\u00f3n permanente. Esta tarde me gustar\u00eda reflexionar sobre la formaci\u00f3n permanente de cada misionero individual, y ma\u00f1ana sobre la formaci\u00f3n permanente de la comunidad.<\/p>\n<h2><strong>II. El viaje de Vicente y el nuestro<\/strong><\/h2>\n<p>Volviendo a las fuentes se revela el lado humano de la santidad de Vicente, nos muestra la riqueza y el calor de sus relaciones, poni\u00e9ndole en relaci\u00f3n con su sociedad y los acontecimientos de su tiempo, y en general, sensibiliza nuestro coraz\u00f3n dej\u00e1ndonos con una valoraci\u00f3n profunda de la persona real que fue Vicente. Me gustar\u00eda resaltar tres dimensiones de la vida de Vicente que son significativas para nuestra formaci\u00f3n permanente.<\/p>\n<h3><strong>El camino de Vicente<\/strong><\/h3>\n<p>El viaje de Vicente a la santidad fue gradual. Una de las cosas que los participantes en el CIF m\u00e1s aprecian es el hecho de descubrir el lado humano de Vicente. Se experimenta mucha alegr\u00eda al conocer el camino de Vicente, esto es, conocer las dimensiones humanas e hist\u00f3ricas de su viaje desde las ambiciones financieras hasta llegar a ser el Ap\u00f3stol de la Caridad. Vicente descubri\u00f3 la bondad de la gente en Clichy, su propia pobreza en su prueba de fe, la pobreza espiritual de las personas en las propiedades de Gondi, en Folleville, las necesidades de los pobres enfermos en Chatillon, la bondad humana de Francisco de Sales, el peso de su misi\u00f3n fallida a su familia y su liberaci\u00f3n de ella, la sinergia de trabajar con compa\u00f1eros en misi\u00f3n (Luisa, etc.). El viaje de Vicente hacia los pobres fue al mismo tiempo un viaje hacia la libertad, hacia la verdadera libertad evang\u00e9lica.<\/p>\n<p>Vicente encontr\u00f3 a Dios en la historia, en los acontecimientos, en las circunstancias y en las personas. Creo que esto es lo que le separ\u00f3 definitivamente de Berulle. Berulle se concentraba en la liturgia celeste y ve\u00eda al sacerdote como un reflejo de esa santidad perteneciente a otro mundo. Vicente, por otra parte, encontr\u00f3 a Dios presente en este mundo: en los acontecimientos, en las circunstancias, en las experiencias, en las gentes, en el pobre. El Jes\u00fas de Berulle era el Se\u00f1or Resucitado; el Jes\u00fas de Vicente era el Jes\u00fas terreno de Nazaret conocido en los misterios de su existencia hist\u00f3rica. Para Vicente \u00abDios est\u00e1 aqu\u00ed\u00bb.<\/p>\n<p>Andr\u00e9 Dodin sol\u00eda decir que Vicente no ten\u00eda una espiritualidad, sino m\u00e1s bien un Camino, un Camino que estaba basado en la experiencia. El encontr\u00f3 a Dios en la experiencia y en los acontecimientos; por ejemplo, en su encuentro con Francisco de Sales, o la entrega de Margarita Naseau para ayudar a las Se\u00f1oras, o el reto del hugonote en Montmirail sobre el abandono de los pobres campesinos, o la p\u00e9rdida de la granja de Orsigny. Dodin defini\u00f3 el Camino de Vicente en tres pasos: primero, experiencia; segundo, reflexi\u00f3n a la luz del evangelio, y, tercero, la acci\u00f3n dirigida por la fe y criterios claros. Vicente no fue un ide\u00f3logo, no comenz\u00f3 \u00e9l por las ideas, conceptos, sue\u00f1os y planes. El trat\u00f3 con los acontecimientos y discerni\u00f3 la presencia de Dios en ellos. Esto nos lleva a saber que nuestro mundo es hoy diferente del mundo de Vicente, de tal modo que los acontecimientos a los que \u00e9l respondi\u00f3 no son los acontecimientos que nosotros experimentamos. Dios nos habla en los acontecimientos de hoy. Estamos llamados a responder con su carisma. Esto hace que el carisma de Vicente sea permanentemente actual.<\/p>\n<p>Vicente fue un hombre de su tiempo. Nos gusta citar las palabras de Vicente sobre ser infinitamente creativos. Pero la primera cosa que tenemos que imitar en Vicente es permanecer en contacto con nuestro tiempo. Vicente estuvo en contacto son su tiempo. Pocas cosas ocurr\u00edan en Francia que Vicente no tuviese conocimiento de ellas (o respondiese a ellas).<\/p>\n<p>Porque Vicente fue un hombre de su tiempo, estamos invitados a ser hombres de nuestro tiempo. Porque Vicente encontr\u00f3 a Dios en la historia, en los acontecimientos, en las personas (m\u00e1s que en las ideolog\u00edas y en las teor\u00edas) el Camino de Vicente es siempre relevante. Su tiempo no es nuestro tiempo, pero la fidelidad a sus caminos significa para nosotros pertenencia a nuestro tiempo \u2014 ser hombres de nuestro tiempo. Y esto es lo que experimentamos al escribir las Constituciones y los Estatutos en 1980.<\/p>\n<p>Sabemos que Juan XXIII cre\u00eda que la Iglesia caminaba desfasada de su tiempo y necesitaba actualizarse. Ese es el significado del \u00abaggiornamento\u00bb. Algunos dicen que la etapa del \u00abaggiornamento\u00bb ha concluido y que estamos en una etapa nueva, llamada \u00abre-fundaci\u00f3n\u00bb o \u00abre-invenci\u00f3n\u00bb. Quiz\u00e1s sin saberlo eso es lo que hicimos al escribir las Constituciones en 1980. Nos auto-redefinimos y lo que significa ser vicenciano actualmente y en el futuro.<\/p>\n<p>Las Constituciones suponen un empuje para el futuro. Ayer cit\u00e9 el segundo p\u00e1rrafo importante de las Constituciones. Este es el estatuto para la formaci\u00f3n permanente con relaci\u00f3n a las realidades de nuestra sociedad y cultura, y los acontecimientos de nuestro tiempo. Es uno de los dos pilares de las Constituciones. Ello exige:<\/p>\n<ul>\n<li>Atenci\u00f3n a los signos de los tiempos<\/li>\n<li>Atenci\u00f3n a las llamadas m\u00e1s urgentes de la Iglesia<\/li>\n<li>Abrir nuevos caminos<\/li>\n<li>Utilizar nuevos medios<\/li>\n<li>Adaptarse a las circunstancias de tiempo y lugar<\/li>\n<li>Evaluar y planificar trabajos y ministerios<\/li>\n<li>Permanecer de esta forma en estado de renovaci\u00f3n permanente<\/li>\n<\/ul>\n<p>Este p\u00e1rrafo nos vincula a lo que va avanzando y establece un marco de crecimiento, desarrollo y conversi\u00f3n para la comunidad y para el individuo. Est\u00e1 en continuidad con el p\u00e1rrafo 77 que dice:<\/p>\n<p style=\"padding-left: 30px\"><em>1. Nuestra formaci\u00f3n en un proceso permanente, tendr\u00e1 como finalidad que los miembros, animados por el esp\u00edritu de san Vicente, lleguen a ser capaces de llevar a cabo la misi\u00f3n de la Congregaci\u00f3n.<\/em><\/p>\n<p style=\"padding-left: 30px\"><em>2<\/em><em>. Por consiguiente deben crecer diariamente en el conocimiento de que Jesucristo es el centro de nuestra vida y la regla de la Congregaci\u00f3n.<\/em><\/p>\n<p>En el mismo p\u00e1rrafo 81 se afirma:<\/p>\n<p style=\"padding-left: 30px\"><em>La formaci\u00f3n de nuestros miembros debe continuar y renovarse a lo largo de toda la vida.<\/em><\/p>\n<p>Esta insistencia en la formaci\u00f3n de toda la vida y el crecimiento permanente con relaci\u00f3n a las necesidades y acontecimientos actuales es nueva.<\/p>\n<p>En 1980, nosotros nos re-inventamos. Pas\u00f3 mucho tiempo antes de que yo entendiera las Constituciones y los Estatutos como un reinvento de nosotros mismos, pero eso es lo que son. La diferencia entre los 326 a\u00f1os (1658-1984) cuando segu\u00edamos las Reglas Comunes y las Constituciones actuales es que san Vicente escribi\u00f3 las Reglas Comunes y nosotros hemos escrito las Constituciones y los Estatutos. Hay tambi\u00e9n una segunda diferencia. Las Reglas Comunes se basaban en la experiencia y reflejaban la vida actual de la Congregaci\u00f3n. Las Constituciones y los estatutos expresan nuestras aspiraciones para el futuro que creemos estamos llamados a ser. La consecuencia de esto, que es la tercera diferencia, es que no estamos llamados solamente a la fidelidad de lo que ya es, sino a la fidelidad en el futuro, que algunos han llamado \u00abfidelidad creativa\u00bb.<\/p>\n<p>Nosotros hemos redactado las Constituciones y los Estatutos. Esto implica responsabilidad. Impl\u00edcitamente aceptamos la responsabilidad para definir el perfil y empuje de la vida vicenciana en esta nueva era. El Concilio Vaticano II nos condujo a hacerlo y la Santa Sede aprob\u00f3 y confirm\u00f3 nuestras Constituciones, es verdad. Sin embargo, la responsabilidad para vivir el carisma de Vicente en nuestros tiempos es nuestra. Y, en la medida que lo hacemos, descubrimos una riqueza y profundidad en las Constituciones m\u00e1s all\u00e1 de lo que pensamos poner ah\u00ed. \u00c9sta es ciertamente la experiencia de misioneros que vienen al CIF as\u00ed como las expectativas.<\/p>\n<p>Ellas se relacionan con el presente y el futuro. Aunque Vicente dijo que las Reglas Comunes no conten\u00edan nada que la comunidad no estuviese ya viviendo, no podemos decir nosotros lo mismo con relaci\u00f3n a las Constituciones y Estatutos. Expresan, no necesariamente nuestro estilo de vida hoy, sino valores, metas y normas que creemos encarnan el carisma de Vicente y que buscamos est\u00e9n a la altura de las nuevas circunstancias.<\/p>\n<p>Requieren \u00abfidelidad creativa\u00bb. Nuestra fidelidad no es s\u00f3lo algo que ya se ha dado en el pasado, sino que es tambi\u00e9n para el futuro, es decir, para abrir nuevos caminos y nuevos medios adaptados a las circunstancias de tiempo y lugar\u00bb (C. 2) Nuestro desaf\u00edo es la \u00abfidelidad creativa\u00bb.<\/p>\n<p>Es muy frecuente citar las palabras de Vicente, \u00abDios es creativo hasta el infinito\u00bb. Las Constituciones y los Estatutos son nuestros medios para imitar la faceta creativa del carisma de Vicente.<\/p>\n<h2><strong>III. Optando por la vida: recursos para avanzar<\/strong><\/h2>\n<h3><strong>A. Aprecio de donde hemos estado y del bien que est\u00e1 aconteciendo<\/strong><\/h3>\n<ol>\n<li>Aceptaci\u00f3n de nuestra misi\u00f3n \u00abseguimiento de Cristo Evangelizador de los pobres\u00bb<\/li>\n<li>El sentimiento y la experiencia de pertenecer a una comunidad internacional<\/li>\n<li>Un sentido palpable de la unidad de la Congregaci\u00f3n en todo el mundo<\/li>\n<li>La buena voluntad y bondad de los misioneros<\/li>\n<li>La inculturaci\u00f3n del evangelio en todos los continentes<\/li>\n<li>Liderazgo propio en toda la Congregaci\u00f3n<\/li>\n<\/ol>\n<h3><strong>B. El reconocimiento de que los misioneros son el gran bien de la Congregaci\u00f3n<\/strong><\/h3>\n<ol>\n<li>Jes\u00fas dice de sus disc\u00edpulos, \u00abTe doy gracias por los que me has dado&#8230; Son un regalo para mi\u00bb<\/li>\n<li>Cada misionero, as\u00ed como cada pobre, es un regalo de Dios<\/li>\n<\/ol>\n<h3><strong>C. Aprecio del bien potencial de la formaci\u00f3n permanente<\/strong><\/h3>\n<ol>\n<li>La confianza de que estamos en contacto con nuestro tiempo<\/li>\n<li>El sentido de ser relevantes para nuestra sociedad y nuestro pueblo<\/li>\n<li>La alegr\u00eda de ser aprendices toda la vida \u2014 \u00abpermaneced en mi verdad\u00bb<\/li>\n<li>Una profundizaci\u00f3n en la identidad vicenciana y el deseo de compartirla<\/li>\n<li>La realidad de ser hombres de oraci\u00f3n que est\u00e1n en la casa con interioridad<\/li>\n<li>Confianza en que el Se\u00f1or nos dirige en las circunstancias actuales<\/li>\n<li>Producir \u2014 gastar energ\u00eda personal y corporativa en el servicio de los pobres y del clero<\/li>\n<\/ol>\n<h3><strong>D<\/strong><strong>. Una actitud positiva hacia el cambio y la conversi\u00f3n (humildad)<\/strong><\/h3>\n<ol>\n<li>Llamadas a una conversi\u00f3n permanente, aut\u00e9ntica<\/li>\n<li>La conversi\u00f3n es espiritual, moral, intelectual, afectiva, social y pol\u00edtica<\/li>\n<li>La conversi\u00f3n va del falso yo, al verdadero yo, del propio inter\u00e9s, al sacrificio, del ego a la aut\u00e9ntica libertad<\/li>\n<\/ol>\n<h3><strong>E. La cooperaci\u00f3n y la buena voluntad de los misioneros<\/strong><\/h3>\n<ol>\n<li>Reconocimiento de los misioneros y sus capacidades<\/li>\n<li>Un programa positivo de crecimiento y desarrollo<\/li>\n<li>Cultura comunitaria de afirmaci\u00f3n y animaci\u00f3n<\/li>\n<li>En definitiva, el propio don de los misioneros<\/li>\n<\/ol>\n<h3><strong>F. El gran n\u00famero de personas de buena voluntad con los que podemos colaborar<\/strong><\/h3>\n<ol>\n<li>En la Familia Vicenciana y en nuestros trabajos vicencianos<\/li>\n<li>En el mundo \u2014 red de trabajo y colaboraci\u00f3n<\/li>\n<\/ol>\n<h2><strong>IV. Claves para el futuro<\/strong><\/h2>\n<h3><strong>A. Avanzando hacia lo fundamental<\/strong><\/h3>\n<ol>\n<li>Continuar estudiando a Vicente y apropiarse de su carisma<\/li>\n<li>Ser hombres de oraci\u00f3n y de interioridad<br \/>\n\u2022 Relaci\u00f3n entre oraci\u00f3n y pobreza<br \/>\n\u2022 Giuseppe Toscani, La M\u00edstica de los Pobres, El camino de Caridad (San Pablo, 1998). Tambi\u00e9n traducido por Myles Rearden<\/li>\n<li>Auto sacrificio y compromiso incondicional<br \/>\n\u2022 Escuchar con un coraz\u00f3n abierto<br \/>\n\u2022 Pobreza de tiempo<\/li>\n<li>Comuni\u00f3n fraterna en las condiciones actuales<\/li>\n<li>Alegrarse de ser \u00abla Peque\u00f1a Compa\u00f1\u00eda\u00bb (Abandonar la mentalidad del acopio)<\/li>\n<\/ol>\n<h3><strong>B. Opciones b\u00e1sicas<\/strong><\/h3>\n<ol>\n<li>Comenzar desde la propia experiencia<\/li>\n<li>Valorar la buena voluntad y la experiencia de los misioneros<\/li>\n<li>Elegir, dirigir (establecer una agenda y expectativas reales)<\/li>\n<li>Desafiar a los misioneros, comunidades y provincias para que crezcan<\/li>\n<li>Educar para los desaf\u00edos de nuestro tiempo<\/li>\n<li>Utilizar recursos disponibles dentro y fuera de la comunidad<\/li>\n<li>Crear experiencias de aprendizaje que lleven al cambio de conducta<\/li>\n<li>Evangelizar la cultura de la Congregaci\u00f3n \u2014 comenzando con la formaci\u00f3n permanente<br \/>\n\u2022 la formaci\u00f3n permanente es un medio para evangelizar a la comunidad y a nosotros<br \/>\n\u2022 Individualmente y como comunidad<\/li>\n<\/ol>\n<h3><strong>C. Identificar estrategias, reta a la comunidad en el mundo<\/strong><\/h3>\n<ol>\n<li>Las pobres gentes en las escaleras de nuestra casa; la sima creciente entre ricos y pobres<\/li>\n<li>La persistencia de guerras y violencia y el anhelo por la paz y la reconciliaci\u00f3n, san Vicente un hombre de paz en tiempos de guerra<\/li>\n<li>El hambre de significaci\u00f3n, valores, fe y oraci\u00f3n<\/li>\n<li>La necesidad de sacerdotes para apoyar, acoger y servir (Imaginar nuevas formas de ser hermanos y sacerdotes \u2014 \u00bfcasas de acogida?)<\/li>\n<li>El anhelo del laico para ofrecerse voluntariamente a servir<a href=\"https:\/\/i0.wp.com\/vicencianos.org\/wp-content\/2015\/06\/formacion_continua.jpg\"><img data-recalc-dims=\"1\" loading=\"lazy\" decoding=\"async\" class=\"alignright size-medium wp-image-177289\" src=\"https:\/\/i0.wp.com\/vicencianos.org\/wp-content\/2015\/06\/formacion_continua-300x200.jpg?resize=300%2C200\" alt=\"formacion_continua\" width=\"300\" height=\"200\" \/><\/a><\/li>\n<\/ol>\n","protected":false},"excerpt":{"rendered":"<p>I. Avanzando hacia lo fundamental Gracias por su invitaci\u00f3n para hablar sobre la educaci\u00f3n a lo largo de la vida y la formaci\u00f3n permanente en la Congregaci\u00f3n de la Misi\u00f3n. Lo considero como una invitaci\u00f3n &#8230; <a href=\"https:\/\/vincentians.com\/es\/la-formacion-un-proceso-de-vida\/\" class=\"more-link\">Read More<\/a><\/p>\n","protected":false},"author":4,"featured_media":177289,"comment_status":"open","ping_status":"open","sticky":false,"template":"","format":"standard","meta":{"jetpack_post_was_ever_published":false,"_jetpack_newsletter_access":"","_jetpack_dont_email_post_to_subs":false,"_jetpack_newsletter_tier_id":0,"_jetpack_memberships_contains_paywalled_content":false,"_jetpack_memberships_contains_paid_content":false,"footnotes":"","jetpack_publicize_message":"","jetpack_publicize_feature_enabled":true,"jetpack_social_post_already_shared":true,"jetpack_social_options":{"image_generator_settings":{"template":"highway","default_image_id":0,"font":"","enabled":false},"version":2}},"categories":[28],"tags":[224,173,148,175,119,131,172],"class_list":["post-36994","post","type-post","status-publish","format-standard","has-post-thumbnail","hentry","category-formacion-vicenciana","tag-berulle","tag-chatillon-les-dombes","tag-clichy","tag-folleville","tag-gondi","tag-montmirail","tag-pobreza"],"yoast_head":"<!-- This site is optimized with the Yoast SEO plugin v26.3 - https:\/\/yoast.com\/wordpress\/plugins\/seo\/ -->\n<title>La formaci\u00f3n, un proceso de vida - Somos Vicencianos<\/title>\n<meta name=\"robots\" content=\"index, follow, max-snippet:-1, max-image-preview:large, max-video-preview:-1\" \/>\n<link rel=\"canonical\" href=\"https:\/\/vincentians.com\/es\/la-formacion-un-proceso-de-vida\/\" \/>\n<meta property=\"og:locale\" content=\"es_ES\" \/>\n<meta property=\"og:type\" content=\"article\" \/>\n<meta property=\"og:title\" content=\"La formaci\u00f3n, un proceso de vida - Somos Vicencianos\" \/>\n<meta property=\"og:description\" content=\"I. Avanzando hacia lo fundamental Gracias por su invitaci\u00f3n para hablar sobre la educaci\u00f3n a lo largo de la vida y la formaci\u00f3n permanente en la Congregaci\u00f3n de la Misi\u00f3n. Lo considero como una invitaci\u00f3n ... Read More\" \/>\n<meta property=\"og:url\" content=\"https:\/\/vincentians.com\/es\/la-formacion-un-proceso-de-vida\/\" \/>\n<meta property=\"og:site_name\" content=\"Somos Vicencianos\" \/>\n<meta property=\"article:publisher\" content=\"https:\/\/www.facebook.com\/WeAreVincentians\/\" \/>\n<meta property=\"article:author\" content=\"https:\/\/www.facebook.com\/JavierChento\" \/>\n<meta property=\"article:published_time\" content=\"2015-06-17T00:40:07+00:00\" \/>\n<meta property=\"article:modified_time\" content=\"2016-07-26T17:17:43+00:00\" \/>\n<meta name=\"author\" content=\"Francisco Javier Fern\u00e1ndez Chento\" \/>\n<meta name=\"twitter:card\" content=\"summary_large_image\" \/>\n<meta name=\"twitter:creator\" content=\"@https:\/\/twitter.com\/javierchento\" \/>\n<meta name=\"twitter:site\" content=\"@WeVincentians\" \/>\n<meta name=\"twitter:label1\" content=\"Escrito por\" \/>\n\t<meta name=\"twitter:data1\" content=\"Francisco Javier Fern\u00e1ndez Chento\" \/>\n\t<meta name=\"twitter:label2\" content=\"Tiempo de lectura\" \/>\n\t<meta name=\"twitter:data2\" content=\"24 minutos\" \/>\n<script type=\"application\/ld+json\" class=\"yoast-schema-graph\">{\"@context\":\"https:\/\/schema.org\",\"@graph\":[{\"@type\":\"Article\",\"@id\":\"https:\/\/vincentians.com\/es\/la-formacion-un-proceso-de-vida\/#article\",\"isPartOf\":{\"@id\":\"https:\/\/vincentians.com\/es\/la-formacion-un-proceso-de-vida\/\"},\"author\":{\"name\":\"Francisco Javier Fern\u00e1ndez Chento\",\"@id\":\"http:\/\/vincentians.com\/es\/#\/schema\/person\/9623ef4d9aa3b2dfb8c061f1499288f2\"},\"headline\":\"La formaci\u00f3n, un proceso de vida\",\"datePublished\":\"2015-06-17T00:40:07+00:00\",\"dateModified\":\"2016-07-26T17:17:43+00:00\",\"mainEntityOfPage\":{\"@id\":\"https:\/\/vincentians.com\/es\/la-formacion-un-proceso-de-vida\/\"},\"wordCount\":4877,\"commentCount\":0,\"publisher\":{\"@id\":\"http:\/\/vincentians.com\/es\/#organization\"},\"image\":{\"@id\":\"https:\/\/vincentians.com\/es\/la-formacion-un-proceso-de-vida\/#primaryimage\"},\"thumbnailUrl\":\"\",\"keywords\":[\"Berulle\",\"Chatillon\",\"Clichy\",\"Folleville\",\"Gondi\",\"Montmirail\",\"Pobreza\"],\"articleSection\":[\"Formaci\u00f3n Vicenciana\"],\"inLanguage\":\"es\",\"potentialAction\":[{\"@type\":\"CommentAction\",\"name\":\"Comment\",\"target\":[\"https:\/\/vincentians.com\/es\/la-formacion-un-proceso-de-vida\/#respond\"]}]},{\"@type\":\"WebPage\",\"@id\":\"https:\/\/vincentians.com\/es\/la-formacion-un-proceso-de-vida\/\",\"url\":\"https:\/\/vincentians.com\/es\/la-formacion-un-proceso-de-vida\/\",\"name\":\"La formaci\u00f3n, un proceso de vida - Somos Vicencianos\",\"isPartOf\":{\"@id\":\"http:\/\/vincentians.com\/es\/#website\"},\"primaryImageOfPage\":{\"@id\":\"https:\/\/vincentians.com\/es\/la-formacion-un-proceso-de-vida\/#primaryimage\"},\"image\":{\"@id\":\"https:\/\/vincentians.com\/es\/la-formacion-un-proceso-de-vida\/#primaryimage\"},\"thumbnailUrl\":\"\",\"datePublished\":\"2015-06-17T00:40:07+00:00\",\"dateModified\":\"2016-07-26T17:17:43+00:00\",\"breadcrumb\":{\"@id\":\"https:\/\/vincentians.com\/es\/la-formacion-un-proceso-de-vida\/#breadcrumb\"},\"inLanguage\":\"es\",\"potentialAction\":[{\"@type\":\"ReadAction\",\"target\":[\"https:\/\/vincentians.com\/es\/la-formacion-un-proceso-de-vida\/\"]}]},{\"@type\":\"ImageObject\",\"inLanguage\":\"es\",\"@id\":\"https:\/\/vincentians.com\/es\/la-formacion-un-proceso-de-vida\/#primaryimage\",\"url\":\"\",\"contentUrl\":\"\"},{\"@type\":\"BreadcrumbList\",\"@id\":\"https:\/\/vincentians.com\/es\/la-formacion-un-proceso-de-vida\/#breadcrumb\",\"itemListElement\":[{\"@type\":\"ListItem\",\"position\":1,\"name\":\"Portada\",\"item\":\"http:\/\/vincentians.com\/es\/\"},{\"@type\":\"ListItem\",\"position\":2,\"name\":\"La formaci\u00f3n, un proceso de vida\"}]},{\"@type\":\"WebSite\",\"@id\":\"http:\/\/vincentians.com\/es\/#website\",\"url\":\"http:\/\/vincentians.com\/es\/\",\"name\":\"Somos Vicencianos\",\"description\":\"Know more to serve more\",\"publisher\":{\"@id\":\"http:\/\/vincentians.com\/es\/#organization\"},\"potentialAction\":[{\"@type\":\"SearchAction\",\"target\":{\"@type\":\"EntryPoint\",\"urlTemplate\":\"http:\/\/vincentians.com\/es\/?s={search_term_string}\"},\"query-input\":{\"@type\":\"PropertyValueSpecification\",\"valueRequired\":true,\"valueName\":\"search_term_string\"}}],\"inLanguage\":\"es\"},{\"@type\":\"Organization\",\"@id\":\"http:\/\/vincentians.com\/es\/#organization\",\"name\":\"The Vincentian Network\",\"url\":\"http:\/\/vincentians.com\/es\/\",\"logo\":{\"@type\":\"ImageObject\",\"inLanguage\":\"es\",\"@id\":\"http:\/\/vincentians.com\/es\/#\/schema\/logo\/image\/\",\"url\":\"https:\/\/i1.wp.com\/vincentians.com\/es\/wp-content\/uploads\/sites\/11\/2016\/06\/Vincentian-Network-logo-big.png?fit=778%2C778\",\"contentUrl\":\"https:\/\/i1.wp.com\/vincentians.com\/es\/wp-content\/uploads\/sites\/11\/2016\/06\/Vincentian-Network-logo-big.png?fit=778%2C778\",\"width\":778,\"height\":778,\"caption\":\"The Vincentian Network\"},\"image\":{\"@id\":\"http:\/\/vincentians.com\/es\/#\/schema\/logo\/image\/\"},\"sameAs\":[\"https:\/\/www.facebook.com\/WeAreVincentians\/\",\"https:\/\/x.com\/WeVincentians\"]},{\"@type\":\"Person\",\"@id\":\"http:\/\/vincentians.com\/es\/#\/schema\/person\/9623ef4d9aa3b2dfb8c061f1499288f2\",\"name\":\"Francisco Javier Fern\u00e1ndez Chento\",\"image\":{\"@type\":\"ImageObject\",\"inLanguage\":\"es\",\"@id\":\"http:\/\/vincentians.com\/es\/#\/schema\/person\/image\/\",\"url\":\"https:\/\/secure.gravatar.com\/avatar\/497d5cde87b4c3d097d0315953521681ba2cd523ee66e5077c3711f7021e65de?s=96&d=mm&r=g\",\"contentUrl\":\"https:\/\/secure.gravatar.com\/avatar\/497d5cde87b4c3d097d0315953521681ba2cd523ee66e5077c3711f7021e65de?s=96&d=mm&r=g\",\"caption\":\"Francisco Javier Fern\u00e1ndez Chento\"},\"description\":\"Director General y cofundador de La Red de Formaci\u00f3n Vicenciana. Javier es laico vicenciano, afiliado a la Congregaci\u00f3n de la Misi\u00f3n y miembro del Equipo de Misiones Populares de la provincia can\u00f3nica de Zaragoza (Espa\u00f1a) de la Congregaci\u00f3n de la Misi\u00f3n. Graduado en la Universidad Oberta de Catalunya con cuatro grados (Asistente de direcci\u00f3n, Gesti\u00f3n Administrativa, Recursos Humanos y Contabilidad Avanzada). Bil\u00edng\u00fce Espa\u00f1ol\/Ingl\u00e9s. gestiona y mantiene varias p\u00e1ginas web cristianas y vicencianas, incluida including La Red de Formaci\u00f3n Vicenciana, de la que es cofundador. Actualmente es responsable del \u00e1rea de Espa\u00f1ol de .famvin, la Red de Noticias de la Familia Vicenciana. Tambi\u00e9n es m\u00fasico cat\u00f3lico y ha editado varios discos. Es Director General y cofundador de Trovador, una reconocida compa\u00f1\u00eda discogr\u00e1fica critiana de Espa\u00f1a. Trabaja en las Tecnolog\u00edas de la Informaci\u00f3n, ofreciendo servicios de alojamiento, dise\u00f1o y mantenimiento Web, as\u00ed como asesoramiento, formaci\u00f3n y soluciones inform\u00e1ticas, gesti\u00f3n documental y digitalizaci\u00f3n de textos, edici\u00f3n y maquetaci\u00f3n de libros, revistas, flyers, etc.\",\"sameAs\":[\"http:\/\/chento.org\",\"https:\/\/www.facebook.com\/JavierChento\",\"https:\/\/x.com\/https:\/\/twitter.com\/javierchento\"],\"url\":\"https:\/\/vincentians.com\/es\/author\/chento\/\"}]}<\/script>\n<!-- \/ Yoast SEO plugin. -->","yoast_head_json":{"title":"La formaci\u00f3n, un proceso de vida - Somos Vicencianos","robots":{"index":"index","follow":"follow","max-snippet":"max-snippet:-1","max-image-preview":"max-image-preview:large","max-video-preview":"max-video-preview:-1"},"canonical":"https:\/\/vincentians.com\/es\/la-formacion-un-proceso-de-vida\/","og_locale":"es_ES","og_type":"article","og_title":"La formaci\u00f3n, un proceso de vida - Somos Vicencianos","og_description":"I. Avanzando hacia lo fundamental Gracias por su invitaci\u00f3n para hablar sobre la educaci\u00f3n a lo largo de la vida y la formaci\u00f3n permanente en la Congregaci\u00f3n de la Misi\u00f3n. Lo considero como una invitaci\u00f3n ... Read More","og_url":"https:\/\/vincentians.com\/es\/la-formacion-un-proceso-de-vida\/","og_site_name":"Somos Vicencianos","article_publisher":"https:\/\/www.facebook.com\/WeAreVincentians\/","article_author":"https:\/\/www.facebook.com\/JavierChento","article_published_time":"2015-06-17T00:40:07+00:00","article_modified_time":"2016-07-26T17:17:43+00:00","author":"Francisco Javier Fern\u00e1ndez Chento","twitter_card":"summary_large_image","twitter_creator":"@https:\/\/twitter.com\/javierchento","twitter_site":"@WeVincentians","twitter_misc":{"Escrito por":"Francisco Javier Fern\u00e1ndez Chento","Tiempo de lectura":"24 minutos"},"schema":{"@context":"https:\/\/schema.org","@graph":[{"@type":"Article","@id":"https:\/\/vincentians.com\/es\/la-formacion-un-proceso-de-vida\/#article","isPartOf":{"@id":"https:\/\/vincentians.com\/es\/la-formacion-un-proceso-de-vida\/"},"author":{"name":"Francisco Javier Fern\u00e1ndez Chento","@id":"http:\/\/vincentians.com\/es\/#\/schema\/person\/9623ef4d9aa3b2dfb8c061f1499288f2"},"headline":"La formaci\u00f3n, un proceso de vida","datePublished":"2015-06-17T00:40:07+00:00","dateModified":"2016-07-26T17:17:43+00:00","mainEntityOfPage":{"@id":"https:\/\/vincentians.com\/es\/la-formacion-un-proceso-de-vida\/"},"wordCount":4877,"commentCount":0,"publisher":{"@id":"http:\/\/vincentians.com\/es\/#organization"},"image":{"@id":"https:\/\/vincentians.com\/es\/la-formacion-un-proceso-de-vida\/#primaryimage"},"thumbnailUrl":"","keywords":["Berulle","Chatillon","Clichy","Folleville","Gondi","Montmirail","Pobreza"],"articleSection":["Formaci\u00f3n Vicenciana"],"inLanguage":"es","potentialAction":[{"@type":"CommentAction","name":"Comment","target":["https:\/\/vincentians.com\/es\/la-formacion-un-proceso-de-vida\/#respond"]}]},{"@type":"WebPage","@id":"https:\/\/vincentians.com\/es\/la-formacion-un-proceso-de-vida\/","url":"https:\/\/vincentians.com\/es\/la-formacion-un-proceso-de-vida\/","name":"La formaci\u00f3n, un proceso de vida - Somos Vicencianos","isPartOf":{"@id":"http:\/\/vincentians.com\/es\/#website"},"primaryImageOfPage":{"@id":"https:\/\/vincentians.com\/es\/la-formacion-un-proceso-de-vida\/#primaryimage"},"image":{"@id":"https:\/\/vincentians.com\/es\/la-formacion-un-proceso-de-vida\/#primaryimage"},"thumbnailUrl":"","datePublished":"2015-06-17T00:40:07+00:00","dateModified":"2016-07-26T17:17:43+00:00","breadcrumb":{"@id":"https:\/\/vincentians.com\/es\/la-formacion-un-proceso-de-vida\/#breadcrumb"},"inLanguage":"es","potentialAction":[{"@type":"ReadAction","target":["https:\/\/vincentians.com\/es\/la-formacion-un-proceso-de-vida\/"]}]},{"@type":"ImageObject","inLanguage":"es","@id":"https:\/\/vincentians.com\/es\/la-formacion-un-proceso-de-vida\/#primaryimage","url":"","contentUrl":""},{"@type":"BreadcrumbList","@id":"https:\/\/vincentians.com\/es\/la-formacion-un-proceso-de-vida\/#breadcrumb","itemListElement":[{"@type":"ListItem","position":1,"name":"Portada","item":"http:\/\/vincentians.com\/es\/"},{"@type":"ListItem","position":2,"name":"La formaci\u00f3n, un proceso de vida"}]},{"@type":"WebSite","@id":"http:\/\/vincentians.com\/es\/#website","url":"http:\/\/vincentians.com\/es\/","name":"Somos Vicencianos","description":"Know more to serve more","publisher":{"@id":"http:\/\/vincentians.com\/es\/#organization"},"potentialAction":[{"@type":"SearchAction","target":{"@type":"EntryPoint","urlTemplate":"http:\/\/vincentians.com\/es\/?s={search_term_string}"},"query-input":{"@type":"PropertyValueSpecification","valueRequired":true,"valueName":"search_term_string"}}],"inLanguage":"es"},{"@type":"Organization","@id":"http:\/\/vincentians.com\/es\/#organization","name":"The Vincentian Network","url":"http:\/\/vincentians.com\/es\/","logo":{"@type":"ImageObject","inLanguage":"es","@id":"http:\/\/vincentians.com\/es\/#\/schema\/logo\/image\/","url":"https:\/\/i1.wp.com\/vincentians.com\/es\/wp-content\/uploads\/sites\/11\/2016\/06\/Vincentian-Network-logo-big.png?fit=778%2C778","contentUrl":"https:\/\/i1.wp.com\/vincentians.com\/es\/wp-content\/uploads\/sites\/11\/2016\/06\/Vincentian-Network-logo-big.png?fit=778%2C778","width":778,"height":778,"caption":"The Vincentian Network"},"image":{"@id":"http:\/\/vincentians.com\/es\/#\/schema\/logo\/image\/"},"sameAs":["https:\/\/www.facebook.com\/WeAreVincentians\/","https:\/\/x.com\/WeVincentians"]},{"@type":"Person","@id":"http:\/\/vincentians.com\/es\/#\/schema\/person\/9623ef4d9aa3b2dfb8c061f1499288f2","name":"Francisco Javier Fern\u00e1ndez Chento","image":{"@type":"ImageObject","inLanguage":"es","@id":"http:\/\/vincentians.com\/es\/#\/schema\/person\/image\/","url":"https:\/\/secure.gravatar.com\/avatar\/497d5cde87b4c3d097d0315953521681ba2cd523ee66e5077c3711f7021e65de?s=96&d=mm&r=g","contentUrl":"https:\/\/secure.gravatar.com\/avatar\/497d5cde87b4c3d097d0315953521681ba2cd523ee66e5077c3711f7021e65de?s=96&d=mm&r=g","caption":"Francisco Javier Fern\u00e1ndez Chento"},"description":"Director General y cofundador de La Red de Formaci\u00f3n Vicenciana. Javier es laico vicenciano, afiliado a la Congregaci\u00f3n de la Misi\u00f3n y miembro del Equipo de Misiones Populares de la provincia can\u00f3nica de Zaragoza (Espa\u00f1a) de la Congregaci\u00f3n de la Misi\u00f3n. Graduado en la Universidad Oberta de Catalunya con cuatro grados (Asistente de direcci\u00f3n, Gesti\u00f3n Administrativa, Recursos Humanos y Contabilidad Avanzada). Bil\u00edng\u00fce Espa\u00f1ol\/Ingl\u00e9s. gestiona y mantiene varias p\u00e1ginas web cristianas y vicencianas, incluida including La Red de Formaci\u00f3n Vicenciana, de la que es cofundador. Actualmente es responsable del \u00e1rea de Espa\u00f1ol de .famvin, la Red de Noticias de la Familia Vicenciana. Tambi\u00e9n es m\u00fasico cat\u00f3lico y ha editado varios discos. Es Director General y cofundador de Trovador, una reconocida compa\u00f1\u00eda discogr\u00e1fica critiana de Espa\u00f1a. Trabaja en las Tecnolog\u00edas de la Informaci\u00f3n, ofreciendo servicios de alojamiento, dise\u00f1o y mantenimiento Web, as\u00ed como asesoramiento, formaci\u00f3n y soluciones inform\u00e1ticas, gesti\u00f3n documental y digitalizaci\u00f3n de textos, edici\u00f3n y maquetaci\u00f3n de libros, revistas, flyers, etc.","sameAs":["http:\/\/chento.org","https:\/\/www.facebook.com\/JavierChento","https:\/\/x.com\/https:\/\/twitter.com\/javierchento"],"url":"https:\/\/vincentians.com\/es\/author\/chento\/"}]}},"jetpack_publicize_connections":[],"jetpack_featured_media_url":"","jetpack_sharing_enabled":true,"jetpack_shortlink":"https:\/\/wp.me\/p7ETMF-9CG","jetpack-related-posts":[{"id":139666,"url":"https:\/\/vincentians.com\/es\/pastores-de-comunidades-cristianas\/","url_meta":{"origin":36994,"position":0},"title":"Pastores de Comunidades Cristianas","author":"Francisco Javier Fern\u00e1ndez Chento","date":"23\/02\/2015","format":false,"excerpt":"\u00abTened cuidado de vosotros y de todo el reba\u00f1o en que \u00adel Esp\u00edritu os ha puesto como guardianes, siendo as\u00ed pastores de la Iglesia de \u00adDios, que \u00e9l adquiri\u00f3 con la sangre de su Hijo\u00bb. (Hch 20,28). \u00ab1. Entre las actividades apost\u00f3licas de la Congregaci\u00f3n se cuentan las parroquias, con\u2026","rel":"","context":"En \u00abEspiritualidad vicenciana\u00bb","block_context":{"text":"Espiritualidad vicenciana","link":"https:\/\/vincentians.com\/es\/category\/espiritualidad\/espiritualidad-vicenciana\/"},"img":{"alt_text":"comunidad joven","src":"https:\/\/i0.wp.com\/vicencianos.org\/wp-content\/2015\/02\/comunidad-joven-300x223.jpg?resize=350%2C200","width":350,"height":200},"classes":[]},{"id":136769,"url":"https:\/\/vincentians.com\/es\/formadores-de-sacerdotes\/","url_meta":{"origin":36994,"position":1},"title":"Formadores de sacerdotes","author":"Francisco Javier Fern\u00e1ndez Chento","date":"27\/01\/2015","format":false,"excerpt":"\u00abYo te he revelado a ellos \u00ady seguir\u00e9 revel\u00e1ndote, para \u00adque el amor que t\u00fa me has \u00adtenido est\u00e9 con ellos y tambi\u00e9n yo est\u00e9 con ellos\u00bb.\u00ad (Jn 17,26). \u00abRenu\u00e9vese oportuna y eficazmente la obra de la formaci\u00f3n del clero en los seminarios, que ya desde los or\u00edgenes se cuenta\u2026","rel":"","context":"En \u00abEspiritualidad vicenciana\u00bb","block_context":{"text":"Espiritualidad vicenciana","link":"https:\/\/vincentians.com\/es\/category\/espiritualidad\/espiritualidad-vicenciana\/"},"img":{"alt_text":"formadores","src":"https:\/\/i0.wp.com\/vicencianos.org\/wp-content\/2015\/01\/formadores-300x154.jpg?resize=350%2C200","width":350,"height":200},"classes":[]},{"id":109290,"url":"https:\/\/vincentians.com\/es\/los-votos-de-la-congregacion-de-la-mision\/","url_meta":{"origin":36994,"position":2},"title":"Los votos de la Congregaci\u00f3n de la Misi\u00f3n","author":"Francisco Javier Fern\u00e1ndez Chento","date":"01\/05\/2016","format":false,"excerpt":"Introducci\u00f3n. En este tema, ligeramente vidrioso, es bueno insistir en la ra\u00adz\u00f3n de nuestro intento de reestudio. Somos miembros de un gru\u00adpo que tiene por finalidad promover estudios acerca de los m\u00e1s importantes problemas de la comunidad (Const 54, decreto 2). Cada uno de nosotros trae la representaci\u00f3n de una\u2026","rel":"","context":"En \u00abFormaci\u00f3n Vicenciana\u00bb","block_context":{"text":"Formaci\u00f3n Vicenciana","link":"https:\/\/vincentians.com\/es\/category\/formacion-vicenciana\/"},"img":{"alt_text":"LOGO CM","src":"https:\/\/i0.wp.com\/vicencianos.org\/wp-content\/uploads\/2012\/06\/LOGO-CM-237x300.jpg?resize=350%2C200","width":350,"height":200},"classes":[]},{"id":16387,"url":"https:\/\/vincentians.com\/es\/la-formacion-permanente-del-misionero\/","url_meta":{"origin":36994,"position":3},"title":"La formaci\u00f3n permanente del misionero","author":"Francisco Javier Fern\u00e1ndez Chento","date":"19\/01\/2018","format":false,"excerpt":"La Formaci\u00f3n Permanente, exigencia de fidelidad al don de la vocaci\u00f3n Las L\u00edneas Operativas de la provincia de Zaragoza nos recuerdan: En respuesta a la llamada de Dios, que se inici\u00f3 en el bautismo, nos esforzamos por seguir a Cristo evangelizador de los pobres, dando forma en nosotros a las\u2026","rel":"","context":"En \u00abFormaci\u00f3n Vicenciana\u00bb","block_context":{"text":"Formaci\u00f3n Vicenciana","link":"https:\/\/vincentians.com\/es\/category\/formacion-vicenciana\/"},"img":{"alt_text":"","src":"","width":0,"height":0},"classes":[]},{"id":132875,"url":"https:\/\/vincentians.com\/es\/estatutos-de-misevi-en-colombia\/","url_meta":{"origin":36994,"position":4},"title":"Estatutos de MISEVI en Colombia","author":"Francisco Javier Fern\u00e1ndez Chento","date":"17\/12\/2014","format":false,"excerpt":"CONREGAZIONE DELLA MISSIONE Cuna Generaiizia Roma 27 de abril 2005 Padre Gabriel NARANJO SALAZAR, CM Visitador Bogot\u00e1 Querido Gabriel: \u00a1Que la gracia y la paz del Se\u00f1or Jesucristo llenen tu coraz\u00f3n ahora y siempre! Por medio de la presente quiero felicitarte a Ti y en tu nombre, a los miembros\u2026","rel":"","context":"En \u00abDocumentos de Misioneros Seglares Vicencianos\u00bb","block_context":{"text":"Documentos de Misioneros Seglares Vicencianos","link":"https:\/\/vincentians.com\/es\/category\/formacion-vicenciana\/documentos-oficiales-de-la-familia-vicenciana\/documentos-de-misioneros-seglares-vicencianos\/"},"img":{"alt_text":"misevi_colombia","src":"https:\/\/i0.wp.com\/vicencianos.org\/wp-content\/2014\/12\/misevi_colombia-175x300.jpg?resize=350%2C200","width":350,"height":200},"classes":[]},{"id":128755,"url":"https:\/\/vincentians.com\/es\/los-sacerdotes-de-la-congregacion-de-la-mision-recoder-1\/","url_meta":{"origin":36994,"position":5},"title":"Los sacerdotes de la Congregaci\u00f3n de la Misi\u00f3n (Recoder) (1)","author":"Mitxel Olabu\u00e9naga","date":"07\/04\/2025","format":false,"excerpt":"Bases que presentan los Sacerdotes Espa\u00f1oles, individuos de la Congregaci\u00f3n de la Misi\u00f3n, para el definitivo ar\u00adreglo de las diferencias suscitadas por el Superior General de la misma, residente en Par\u00eds. Que el Visitador de Espa\u00f1a, sea nombrado por el Superior general, de uno de los tres que le presente\u2026","rel":"","context":"En \u00abHistoria de la Congregaci\u00f3n de la Misi\u00f3n en Espa\u00f1a\u00bb","block_context":{"text":"Historia de la Congregaci\u00f3n de la Misi\u00f3n en Espa\u00f1a","link":"https:\/\/vincentians.com\/es\/category\/historia-de-la-familia-vicenciana\/historia-de-la-congregacion-de-la-mision-en-espana\/"},"img":{"alt_text":"","src":"https:\/\/i0.wp.com\/vincentians.com\/es\/wp-content\/uploads\/sites\/11\/2013\/04\/f-8-scaled.jpg?fit=1200%2C570&ssl=1&resize=350%2C200","width":350,"height":200,"srcset":"https:\/\/i0.wp.com\/vincentians.com\/es\/wp-content\/uploads\/sites\/11\/2013\/04\/f-8-scaled.jpg?fit=1200%2C570&ssl=1&resize=350%2C200 1x, https:\/\/i0.wp.com\/vincentians.com\/es\/wp-content\/uploads\/sites\/11\/2013\/04\/f-8-scaled.jpg?fit=1200%2C570&ssl=1&resize=525%2C300 1.5x, https:\/\/i0.wp.com\/vincentians.com\/es\/wp-content\/uploads\/sites\/11\/2013\/04\/f-8-scaled.jpg?fit=1200%2C570&ssl=1&resize=700%2C400 2x, https:\/\/i0.wp.com\/vincentians.com\/es\/wp-content\/uploads\/sites\/11\/2013\/04\/f-8-scaled.jpg?fit=1200%2C570&ssl=1&resize=1050%2C600 3x"},"classes":[]}],"_links":{"self":[{"href":"https:\/\/vincentians.com\/es\/wp-json\/wp\/v2\/posts\/36994","targetHints":{"allow":["GET"]}}],"collection":[{"href":"https:\/\/vincentians.com\/es\/wp-json\/wp\/v2\/posts"}],"about":[{"href":"https:\/\/vincentians.com\/es\/wp-json\/wp\/v2\/types\/post"}],"author":[{"embeddable":true,"href":"https:\/\/vincentians.com\/es\/wp-json\/wp\/v2\/users\/4"}],"replies":[{"embeddable":true,"href":"https:\/\/vincentians.com\/es\/wp-json\/wp\/v2\/comments?post=36994"}],"version-history":[{"count":0,"href":"https:\/\/vincentians.com\/es\/wp-json\/wp\/v2\/posts\/36994\/revisions"}],"wp:featuredmedia":[{"embeddable":true,"href":"https:\/\/vincentians.com\/es\/wp-json\/"}],"wp:attachment":[{"href":"https:\/\/vincentians.com\/es\/wp-json\/wp\/v2\/media?parent=36994"}],"wp:term":[{"taxonomy":"category","embeddable":true,"href":"https:\/\/vincentians.com\/es\/wp-json\/wp\/v2\/categories?post=36994"},{"taxonomy":"post_tag","embeddable":true,"href":"https:\/\/vincentians.com\/es\/wp-json\/wp\/v2\/tags?post=36994"}],"curies":[{"name":"wp","href":"https:\/\/api.w.org\/{rel}","templated":true}]}}