{"id":3683,"date":"2010-01-08T00:01:46","date_gmt":"2010-01-07T23:01:46","guid":{"rendered":"http:\/\/www.vicencianos.org\/web\/2009\/01\/08\/vicente-de-paul-documento-011-poderes-dados-por-san-vicente-a-los-pp-portail-y-feron-para-tomar-posesion-del-colegio-de-bons-enfants\/"},"modified":"2016-07-26T19:51:14","modified_gmt":"2016-07-26T17:51:14","slug":"vicente-de-paul-documento-031-poderes-dados-por-san-vicente-a-los-pp-portail-y-feron-para-tomar-posesion-del-colegio-de-bons-enfants","status":"publish","type":"post","link":"https:\/\/vincentians.com\/es\/vicente-de-paul-documento-031-poderes-dados-por-san-vicente-a-los-pp-portail-y-feron-para-tomar-posesion-del-colegio-de-bons-enfants\/","title":{"rendered":"Vicente de Pa\u00fal, Documento 031: Poderes Dados Por San Vicente A Los PP. Portail Y Feron Para Tomar Posesi\u00f3n Del Colegio De Bons-Enfants"},"content":{"rendered":"<p>2 marzo 1624<\/p>\n<p>En nombre del Se\u00f1or. Am\u00e9n. Sea conocido de todos, por el tenor de este p\u00fablico instrumento, que en el a\u00f1o 1624, s\u00e1bado d\u00eda 2 del mes de marzo por la tarde ante m\u00ed, Tom\u00e1s Gallot cl\u00e9rigo de Par\u00eds, licenciado en ambos derechos civil y can\u00f3nico, por autoridad apost\u00f3lica y de la venerable curia arzobispal de Par\u00eds notario jurado en los registros del arzobispado y de la prefectura de Par\u00eds para ejecutar los edictos reales, residente en la ciudad de Par\u00eds, en el barrio nuevo de la Virgen Mar\u00eda, compareci\u00f3 personalmente el venerable y distinguido Vicente de Pa\u00fal, sacerdote de la di\u00f3cesis de Dax, licenciado en derecho can\u00f3nico, capell\u00e1n y director del colegio de Bons Enfants en la universidad de Par\u00eds, alojado en el barrio y parroquia de San Salvador, para nombrar, hacer y constituir libre y espont\u00e1neamente procuradores generales y especiales suyos, de forma que la especialidad no derogue a la generalidad ni al contrario, a los se\u00f1ores maestros Antonio Portail presb\u00edtero y Blas F\u00e9ron, tambi\u00e9n presb\u00edtero y bachiller en teolog\u00eda, para que queden inscritos en el presente documento y puedan mostrarlo ausentes y presentes, como representantes en nombre de dicho se\u00f1or Vicente de Pa\u00fal, para que entren, alcancen y consigan la leg\u00edtima, actual y real posesi\u00f3n de la mencionada capellan\u00eda y direcci\u00f3n de dicho colegio con todos sus derechos anejos y sus pertenencias y posesiones en favor del mismo, observando las debidas solemnidades que se suelen observar en estas ocasiones. Igualmente para que se preocupen de que se publique y notifique el hecho de esta posesi\u00f3n seg\u00fan los edictos reales. Igualmente para que se cuiden de que se sirva y atienda debidamente al culto divino en dicha iglesia y se cumpla todo lo requerido para dicha capellan\u00eda. Y se preocupen de pedir y de obtener todas las actas particulares y generales de ejecuci\u00f3n de esta posesi\u00f3n, diciendo, ejerciendo, procurando y haciendo lo que dicho se\u00f1or dir\u00eda, ejercer\u00eda, procurar\u00eda y har\u00eda si estuviera personalmente presente y todo cuanto pudiera exigir el mandato que se le conf\u00eda. Prometiendo&#8230;, de lo cual&#8230;<\/p>\n<p>Fue levantada acta de todo esto en casa del mencionado notario en la forma mencionada, en presencia de los maestros Maturino Guyonneau y Gil Flamen, cl\u00e9rigos respectivamente de las di\u00f3cesis Le Mans y de Amiens, en Par\u00eds, en el barrio nuevo de la Virgen Mar\u00eda, llamados e invitados como testigos para ello, que firman ante m\u00ed, el mencionado notario, en el lugar, mes, d\u00eda y a\u00f1o mencionados.<\/p>\n","protected":false},"excerpt":{"rendered":"<p>2 marzo 1624 En nombre del Se\u00f1or. Am\u00e9n. Sea conocido de todos, por el tenor de este p\u00fablico instrumento, que en el a\u00f1o 1624, s\u00e1bado d\u00eda 2 del mes de marzo por la tarde ante &#8230; <a href=\"https:\/\/vincentians.com\/es\/vicente-de-paul-documento-031-poderes-dados-por-san-vicente-a-los-pp-portail-y-feron-para-tomar-posesion-del-colegio-de-bons-enfants\/\" class=\"more-link\">Read More<\/a><\/p>\n","protected":false},"author":4,"featured_media":393753,"comment_status":"open","ping_status":"open","sticky":false,"template":"","format":"standard","meta":{"jetpack_post_was_ever_published":false,"_jetpack_newsletter_access":"","_jetpack_dont_email_post_to_subs":false,"_jetpack_newsletter_tier_id":0,"_jetpack_memberships_contains_paywalled_content":false,"_jetpack_memberships_contains_paid_content":false,"footnotes":"","jetpack_publicize_message":"","jetpack_publicize_feature_enabled":true,"jetpack_social_post_already_shared":true,"jetpack_social_options":{"image_generator_settings":{"template":"highway","default_image_id":0,"font":"","enabled":false},"version":2}},"categories":[65],"tags":[163,191,127],"class_list":["post-3683","post","type-post","status-publish","format-standard","has-post-thumbnail","hentry","category-escritos-de-vicente-de-paul","tag-bons-enfants","tag-gallot","tag-portail"],"yoast_head":"<!-- This site is optimized with the Yoast SEO plugin v26.3 - https:\/\/yoast.com\/wordpress\/plugins\/seo\/ -->\n<title>Vicente de Pa\u00fal, Documento 031: Poderes Dados Por San Vicente A Los PP. Portail Y Feron Para Tomar Posesi\u00f3n Del Colegio De Bons-Enfants - Somos Vicencianos<\/title>\n<meta name=\"robots\" content=\"index, follow, max-snippet:-1, max-image-preview:large, max-video-preview:-1\" \/>\n<link rel=\"canonical\" href=\"https:\/\/vincentians.com\/es\/vicente-de-paul-documento-031-poderes-dados-por-san-vicente-a-los-pp-portail-y-feron-para-tomar-posesion-del-colegio-de-bons-enfants\/\" \/>\n<meta property=\"og:locale\" content=\"es_ES\" \/>\n<meta property=\"og:type\" content=\"article\" \/>\n<meta property=\"og:title\" content=\"Vicente de Pa\u00fal, Documento 031: Poderes Dados Por San Vicente A Los PP. Portail Y Feron Para Tomar Posesi\u00f3n Del Colegio De Bons-Enfants - Somos Vicencianos\" \/>\n<meta property=\"og:description\" content=\"2 marzo 1624 En nombre del Se\u00f1or. Am\u00e9n. Sea conocido de todos, por el tenor de este p\u00fablico instrumento, que en el a\u00f1o 1624, s\u00e1bado d\u00eda 2 del mes de marzo por la tarde ante ... Read More\" \/>\n<meta property=\"og:url\" content=\"https:\/\/vincentians.com\/es\/vicente-de-paul-documento-031-poderes-dados-por-san-vicente-a-los-pp-portail-y-feron-para-tomar-posesion-del-colegio-de-bons-enfants\/\" \/>\n<meta property=\"og:site_name\" content=\"Somos Vicencianos\" \/>\n<meta property=\"article:publisher\" content=\"https:\/\/www.facebook.com\/WeAreVincentians\/\" \/>\n<meta property=\"article:author\" content=\"https:\/\/www.facebook.com\/JavierChento\" \/>\n<meta property=\"article:published_time\" content=\"2010-01-07T23:01:46+00:00\" \/>\n<meta property=\"article:modified_time\" content=\"2016-07-26T17:51:14+00:00\" \/>\n<meta property=\"og:image\" content=\"https:\/\/i0.wp.com\/vincentians.com\/es\/wp-content\/uploads\/sites\/11\/2016\/07\/escritos-vicente-de-paul.jpg?fit=1200%2C630&ssl=1\" \/>\n\t<meta property=\"og:image:width\" content=\"1200\" \/>\n\t<meta property=\"og:image:height\" content=\"630\" \/>\n\t<meta property=\"og:image:type\" content=\"image\/jpeg\" \/>\n<meta name=\"author\" content=\"Francisco Javier Fern\u00e1ndez Chento\" \/>\n<meta name=\"twitter:card\" content=\"summary_large_image\" \/>\n<meta name=\"twitter:creator\" content=\"@https:\/\/twitter.com\/javierchento\" \/>\n<meta name=\"twitter:site\" content=\"@WeVincentians\" \/>\n<meta name=\"twitter:label1\" content=\"Escrito por\" \/>\n\t<meta name=\"twitter:data1\" content=\"Francisco Javier Fern\u00e1ndez Chento\" \/>\n\t<meta name=\"twitter:label2\" content=\"Tiempo de lectura\" \/>\n\t<meta name=\"twitter:data2\" content=\"2 minutos\" \/>\n<script type=\"application\/ld+json\" class=\"yoast-schema-graph\">{\"@context\":\"https:\/\/schema.org\",\"@graph\":[{\"@type\":\"Article\",\"@id\":\"https:\/\/vincentians.com\/es\/vicente-de-paul-documento-031-poderes-dados-por-san-vicente-a-los-pp-portail-y-feron-para-tomar-posesion-del-colegio-de-bons-enfants\/#article\",\"isPartOf\":{\"@id\":\"https:\/\/vincentians.com\/es\/vicente-de-paul-documento-031-poderes-dados-por-san-vicente-a-los-pp-portail-y-feron-para-tomar-posesion-del-colegio-de-bons-enfants\/\"},\"author\":{\"name\":\"Francisco Javier Fern\u00e1ndez Chento\",\"@id\":\"http:\/\/vincentians.com\/es\/#\/schema\/person\/9623ef4d9aa3b2dfb8c061f1499288f2\"},\"headline\":\"Vicente de Pa\u00fal, Documento 031: Poderes Dados Por San Vicente A Los PP. Portail Y Feron Para Tomar Posesi\u00f3n Del Colegio De Bons-Enfants\",\"datePublished\":\"2010-01-07T23:01:46+00:00\",\"dateModified\":\"2016-07-26T17:51:14+00:00\",\"mainEntityOfPage\":{\"@id\":\"https:\/\/vincentians.com\/es\/vicente-de-paul-documento-031-poderes-dados-por-san-vicente-a-los-pp-portail-y-feron-para-tomar-posesion-del-colegio-de-bons-enfants\/\"},\"wordCount\":480,\"commentCount\":0,\"publisher\":{\"@id\":\"http:\/\/vincentians.com\/es\/#organization\"},\"image\":{\"@id\":\"https:\/\/vincentians.com\/es\/vicente-de-paul-documento-031-poderes-dados-por-san-vicente-a-los-pp-portail-y-feron-para-tomar-posesion-del-colegio-de-bons-enfants\/#primaryimage\"},\"thumbnailUrl\":\"https:\/\/i0.wp.com\/vincentians.com\/es\/wp-content\/uploads\/sites\/11\/2016\/07\/escritos-vicente-de-paul.jpg?fit=1200%2C630&ssl=1\",\"keywords\":[\"Bons Enfants\",\"Gallot\",\"Portail\"],\"articleSection\":[\"Escritos de Vicente de Pa\u00fal\"],\"inLanguage\":\"es\",\"potentialAction\":[{\"@type\":\"CommentAction\",\"name\":\"Comment\",\"target\":[\"https:\/\/vincentians.com\/es\/vicente-de-paul-documento-031-poderes-dados-por-san-vicente-a-los-pp-portail-y-feron-para-tomar-posesion-del-colegio-de-bons-enfants\/#respond\"]}]},{\"@type\":\"WebPage\",\"@id\":\"https:\/\/vincentians.com\/es\/vicente-de-paul-documento-031-poderes-dados-por-san-vicente-a-los-pp-portail-y-feron-para-tomar-posesion-del-colegio-de-bons-enfants\/\",\"url\":\"https:\/\/vincentians.com\/es\/vicente-de-paul-documento-031-poderes-dados-por-san-vicente-a-los-pp-portail-y-feron-para-tomar-posesion-del-colegio-de-bons-enfants\/\",\"name\":\"Vicente de Pa\u00fal, Documento 031: Poderes Dados Por San Vicente A Los PP. Portail Y Feron Para Tomar Posesi\u00f3n Del Colegio De Bons-Enfants - Somos Vicencianos\",\"isPartOf\":{\"@id\":\"http:\/\/vincentians.com\/es\/#website\"},\"primaryImageOfPage\":{\"@id\":\"https:\/\/vincentians.com\/es\/vicente-de-paul-documento-031-poderes-dados-por-san-vicente-a-los-pp-portail-y-feron-para-tomar-posesion-del-colegio-de-bons-enfants\/#primaryimage\"},\"image\":{\"@id\":\"https:\/\/vincentians.com\/es\/vicente-de-paul-documento-031-poderes-dados-por-san-vicente-a-los-pp-portail-y-feron-para-tomar-posesion-del-colegio-de-bons-enfants\/#primaryimage\"},\"thumbnailUrl\":\"https:\/\/i0.wp.com\/vincentians.com\/es\/wp-content\/uploads\/sites\/11\/2016\/07\/escritos-vicente-de-paul.jpg?fit=1200%2C630&ssl=1\",\"datePublished\":\"2010-01-07T23:01:46+00:00\",\"dateModified\":\"2016-07-26T17:51:14+00:00\",\"breadcrumb\":{\"@id\":\"https:\/\/vincentians.com\/es\/vicente-de-paul-documento-031-poderes-dados-por-san-vicente-a-los-pp-portail-y-feron-para-tomar-posesion-del-colegio-de-bons-enfants\/#breadcrumb\"},\"inLanguage\":\"es\",\"potentialAction\":[{\"@type\":\"ReadAction\",\"target\":[\"https:\/\/vincentians.com\/es\/vicente-de-paul-documento-031-poderes-dados-por-san-vicente-a-los-pp-portail-y-feron-para-tomar-posesion-del-colegio-de-bons-enfants\/\"]}]},{\"@type\":\"ImageObject\",\"inLanguage\":\"es\",\"@id\":\"https:\/\/vincentians.com\/es\/vicente-de-paul-documento-031-poderes-dados-por-san-vicente-a-los-pp-portail-y-feron-para-tomar-posesion-del-colegio-de-bons-enfants\/#primaryimage\",\"url\":\"https:\/\/i0.wp.com\/vincentians.com\/es\/wp-content\/uploads\/sites\/11\/2016\/07\/escritos-vicente-de-paul.jpg?fit=1200%2C630&ssl=1\",\"contentUrl\":\"https:\/\/i0.wp.com\/vincentians.com\/es\/wp-content\/uploads\/sites\/11\/2016\/07\/escritos-vicente-de-paul.jpg?fit=1200%2C630&ssl=1\",\"width\":1200,\"height\":630},{\"@type\":\"BreadcrumbList\",\"@id\":\"https:\/\/vincentians.com\/es\/vicente-de-paul-documento-031-poderes-dados-por-san-vicente-a-los-pp-portail-y-feron-para-tomar-posesion-del-colegio-de-bons-enfants\/#breadcrumb\",\"itemListElement\":[{\"@type\":\"ListItem\",\"position\":1,\"name\":\"Portada\",\"item\":\"http:\/\/vincentians.com\/es\/\"},{\"@type\":\"ListItem\",\"position\":2,\"name\":\"Vicente de Pa\u00fal, Documento 031: Poderes Dados Por San Vicente A Los PP. Portail Y Feron Para Tomar Posesi\u00f3n Del Colegio De Bons-Enfants\"}]},{\"@type\":\"WebSite\",\"@id\":\"http:\/\/vincentians.com\/es\/#website\",\"url\":\"http:\/\/vincentians.com\/es\/\",\"name\":\"Somos Vicencianos\",\"description\":\"Know more to serve more\",\"publisher\":{\"@id\":\"http:\/\/vincentians.com\/es\/#organization\"},\"potentialAction\":[{\"@type\":\"SearchAction\",\"target\":{\"@type\":\"EntryPoint\",\"urlTemplate\":\"http:\/\/vincentians.com\/es\/?s={search_term_string}\"},\"query-input\":{\"@type\":\"PropertyValueSpecification\",\"valueRequired\":true,\"valueName\":\"search_term_string\"}}],\"inLanguage\":\"es\"},{\"@type\":\"Organization\",\"@id\":\"http:\/\/vincentians.com\/es\/#organization\",\"name\":\"The Vincentian Network\",\"url\":\"http:\/\/vincentians.com\/es\/\",\"logo\":{\"@type\":\"ImageObject\",\"inLanguage\":\"es\",\"@id\":\"http:\/\/vincentians.com\/es\/#\/schema\/logo\/image\/\",\"url\":\"https:\/\/i1.wp.com\/vincentians.com\/es\/wp-content\/uploads\/sites\/11\/2016\/06\/Vincentian-Network-logo-big.png?fit=778%2C778\",\"contentUrl\":\"https:\/\/i1.wp.com\/vincentians.com\/es\/wp-content\/uploads\/sites\/11\/2016\/06\/Vincentian-Network-logo-big.png?fit=778%2C778\",\"width\":778,\"height\":778,\"caption\":\"The Vincentian Network\"},\"image\":{\"@id\":\"http:\/\/vincentians.com\/es\/#\/schema\/logo\/image\/\"},\"sameAs\":[\"https:\/\/www.facebook.com\/WeAreVincentians\/\",\"https:\/\/x.com\/WeVincentians\"]},{\"@type\":\"Person\",\"@id\":\"http:\/\/vincentians.com\/es\/#\/schema\/person\/9623ef4d9aa3b2dfb8c061f1499288f2\",\"name\":\"Francisco Javier Fern\u00e1ndez Chento\",\"image\":{\"@type\":\"ImageObject\",\"inLanguage\":\"es\",\"@id\":\"http:\/\/vincentians.com\/es\/#\/schema\/person\/image\/\",\"url\":\"https:\/\/secure.gravatar.com\/avatar\/497d5cde87b4c3d097d0315953521681ba2cd523ee66e5077c3711f7021e65de?s=96&d=mm&r=g\",\"contentUrl\":\"https:\/\/secure.gravatar.com\/avatar\/497d5cde87b4c3d097d0315953521681ba2cd523ee66e5077c3711f7021e65de?s=96&d=mm&r=g\",\"caption\":\"Francisco Javier Fern\u00e1ndez Chento\"},\"description\":\"Director General y cofundador de La Red de Formaci\u00f3n Vicenciana. Javier es laico vicenciano, afiliado a la Congregaci\u00f3n de la Misi\u00f3n y miembro del Equipo de Misiones Populares de la provincia can\u00f3nica de Zaragoza (Espa\u00f1a) de la Congregaci\u00f3n de la Misi\u00f3n. Graduado en la Universidad Oberta de Catalunya con cuatro grados (Asistente de direcci\u00f3n, Gesti\u00f3n Administrativa, Recursos Humanos y Contabilidad Avanzada). Bil\u00edng\u00fce Espa\u00f1ol\/Ingl\u00e9s. gestiona y mantiene varias p\u00e1ginas web cristianas y vicencianas, incluida including La Red de Formaci\u00f3n Vicenciana, de la que es cofundador. Actualmente es responsable del \u00e1rea de Espa\u00f1ol de .famvin, la Red de Noticias de la Familia Vicenciana. Tambi\u00e9n es m\u00fasico cat\u00f3lico y ha editado varios discos. Es Director General y cofundador de Trovador, una reconocida compa\u00f1\u00eda discogr\u00e1fica critiana de Espa\u00f1a. Trabaja en las Tecnolog\u00edas de la Informaci\u00f3n, ofreciendo servicios de alojamiento, dise\u00f1o y mantenimiento Web, as\u00ed como asesoramiento, formaci\u00f3n y soluciones inform\u00e1ticas, gesti\u00f3n documental y digitalizaci\u00f3n de textos, edici\u00f3n y maquetaci\u00f3n de libros, revistas, flyers, etc.\",\"sameAs\":[\"http:\/\/chento.org\",\"https:\/\/www.facebook.com\/JavierChento\",\"https:\/\/x.com\/https:\/\/twitter.com\/javierchento\"],\"url\":\"https:\/\/vincentians.com\/es\/author\/chento\/\"}]}<\/script>\n<!-- \/ Yoast SEO plugin. -->","yoast_head_json":{"title":"Vicente de Pa\u00fal, Documento 031: Poderes Dados Por San Vicente A Los PP. Portail Y Feron Para Tomar Posesi\u00f3n Del Colegio De Bons-Enfants - Somos Vicencianos","robots":{"index":"index","follow":"follow","max-snippet":"max-snippet:-1","max-image-preview":"max-image-preview:large","max-video-preview":"max-video-preview:-1"},"canonical":"https:\/\/vincentians.com\/es\/vicente-de-paul-documento-031-poderes-dados-por-san-vicente-a-los-pp-portail-y-feron-para-tomar-posesion-del-colegio-de-bons-enfants\/","og_locale":"es_ES","og_type":"article","og_title":"Vicente de Pa\u00fal, Documento 031: Poderes Dados Por San Vicente A Los PP. Portail Y Feron Para Tomar Posesi\u00f3n Del Colegio De Bons-Enfants - Somos Vicencianos","og_description":"2 marzo 1624 En nombre del Se\u00f1or. Am\u00e9n. Sea conocido de todos, por el tenor de este p\u00fablico instrumento, que en el a\u00f1o 1624, s\u00e1bado d\u00eda 2 del mes de marzo por la tarde ante ... Read More","og_url":"https:\/\/vincentians.com\/es\/vicente-de-paul-documento-031-poderes-dados-por-san-vicente-a-los-pp-portail-y-feron-para-tomar-posesion-del-colegio-de-bons-enfants\/","og_site_name":"Somos Vicencianos","article_publisher":"https:\/\/www.facebook.com\/WeAreVincentians\/","article_author":"https:\/\/www.facebook.com\/JavierChento","article_published_time":"2010-01-07T23:01:46+00:00","article_modified_time":"2016-07-26T17:51:14+00:00","og_image":[{"width":1200,"height":630,"url":"https:\/\/i0.wp.com\/vincentians.com\/es\/wp-content\/uploads\/sites\/11\/2016\/07\/escritos-vicente-de-paul.jpg?fit=1200%2C630&ssl=1","type":"image\/jpeg"}],"author":"Francisco Javier Fern\u00e1ndez Chento","twitter_card":"summary_large_image","twitter_creator":"@https:\/\/twitter.com\/javierchento","twitter_site":"@WeVincentians","twitter_misc":{"Escrito por":"Francisco Javier Fern\u00e1ndez Chento","Tiempo de lectura":"2 minutos"},"schema":{"@context":"https:\/\/schema.org","@graph":[{"@type":"Article","@id":"https:\/\/vincentians.com\/es\/vicente-de-paul-documento-031-poderes-dados-por-san-vicente-a-los-pp-portail-y-feron-para-tomar-posesion-del-colegio-de-bons-enfants\/#article","isPartOf":{"@id":"https:\/\/vincentians.com\/es\/vicente-de-paul-documento-031-poderes-dados-por-san-vicente-a-los-pp-portail-y-feron-para-tomar-posesion-del-colegio-de-bons-enfants\/"},"author":{"name":"Francisco Javier Fern\u00e1ndez Chento","@id":"http:\/\/vincentians.com\/es\/#\/schema\/person\/9623ef4d9aa3b2dfb8c061f1499288f2"},"headline":"Vicente de Pa\u00fal, Documento 031: Poderes Dados Por San Vicente A Los PP. Portail Y Feron Para Tomar Posesi\u00f3n Del Colegio De Bons-Enfants","datePublished":"2010-01-07T23:01:46+00:00","dateModified":"2016-07-26T17:51:14+00:00","mainEntityOfPage":{"@id":"https:\/\/vincentians.com\/es\/vicente-de-paul-documento-031-poderes-dados-por-san-vicente-a-los-pp-portail-y-feron-para-tomar-posesion-del-colegio-de-bons-enfants\/"},"wordCount":480,"commentCount":0,"publisher":{"@id":"http:\/\/vincentians.com\/es\/#organization"},"image":{"@id":"https:\/\/vincentians.com\/es\/vicente-de-paul-documento-031-poderes-dados-por-san-vicente-a-los-pp-portail-y-feron-para-tomar-posesion-del-colegio-de-bons-enfants\/#primaryimage"},"thumbnailUrl":"https:\/\/i0.wp.com\/vincentians.com\/es\/wp-content\/uploads\/sites\/11\/2016\/07\/escritos-vicente-de-paul.jpg?fit=1200%2C630&ssl=1","keywords":["Bons Enfants","Gallot","Portail"],"articleSection":["Escritos de Vicente de Pa\u00fal"],"inLanguage":"es","potentialAction":[{"@type":"CommentAction","name":"Comment","target":["https:\/\/vincentians.com\/es\/vicente-de-paul-documento-031-poderes-dados-por-san-vicente-a-los-pp-portail-y-feron-para-tomar-posesion-del-colegio-de-bons-enfants\/#respond"]}]},{"@type":"WebPage","@id":"https:\/\/vincentians.com\/es\/vicente-de-paul-documento-031-poderes-dados-por-san-vicente-a-los-pp-portail-y-feron-para-tomar-posesion-del-colegio-de-bons-enfants\/","url":"https:\/\/vincentians.com\/es\/vicente-de-paul-documento-031-poderes-dados-por-san-vicente-a-los-pp-portail-y-feron-para-tomar-posesion-del-colegio-de-bons-enfants\/","name":"Vicente de Pa\u00fal, Documento 031: Poderes Dados Por San Vicente A Los PP. Portail Y Feron Para Tomar Posesi\u00f3n Del Colegio De Bons-Enfants - Somos Vicencianos","isPartOf":{"@id":"http:\/\/vincentians.com\/es\/#website"},"primaryImageOfPage":{"@id":"https:\/\/vincentians.com\/es\/vicente-de-paul-documento-031-poderes-dados-por-san-vicente-a-los-pp-portail-y-feron-para-tomar-posesion-del-colegio-de-bons-enfants\/#primaryimage"},"image":{"@id":"https:\/\/vincentians.com\/es\/vicente-de-paul-documento-031-poderes-dados-por-san-vicente-a-los-pp-portail-y-feron-para-tomar-posesion-del-colegio-de-bons-enfants\/#primaryimage"},"thumbnailUrl":"https:\/\/i0.wp.com\/vincentians.com\/es\/wp-content\/uploads\/sites\/11\/2016\/07\/escritos-vicente-de-paul.jpg?fit=1200%2C630&ssl=1","datePublished":"2010-01-07T23:01:46+00:00","dateModified":"2016-07-26T17:51:14+00:00","breadcrumb":{"@id":"https:\/\/vincentians.com\/es\/vicente-de-paul-documento-031-poderes-dados-por-san-vicente-a-los-pp-portail-y-feron-para-tomar-posesion-del-colegio-de-bons-enfants\/#breadcrumb"},"inLanguage":"es","potentialAction":[{"@type":"ReadAction","target":["https:\/\/vincentians.com\/es\/vicente-de-paul-documento-031-poderes-dados-por-san-vicente-a-los-pp-portail-y-feron-para-tomar-posesion-del-colegio-de-bons-enfants\/"]}]},{"@type":"ImageObject","inLanguage":"es","@id":"https:\/\/vincentians.com\/es\/vicente-de-paul-documento-031-poderes-dados-por-san-vicente-a-los-pp-portail-y-feron-para-tomar-posesion-del-colegio-de-bons-enfants\/#primaryimage","url":"https:\/\/i0.wp.com\/vincentians.com\/es\/wp-content\/uploads\/sites\/11\/2016\/07\/escritos-vicente-de-paul.jpg?fit=1200%2C630&ssl=1","contentUrl":"https:\/\/i0.wp.com\/vincentians.com\/es\/wp-content\/uploads\/sites\/11\/2016\/07\/escritos-vicente-de-paul.jpg?fit=1200%2C630&ssl=1","width":1200,"height":630},{"@type":"BreadcrumbList","@id":"https:\/\/vincentians.com\/es\/vicente-de-paul-documento-031-poderes-dados-por-san-vicente-a-los-pp-portail-y-feron-para-tomar-posesion-del-colegio-de-bons-enfants\/#breadcrumb","itemListElement":[{"@type":"ListItem","position":1,"name":"Portada","item":"http:\/\/vincentians.com\/es\/"},{"@type":"ListItem","position":2,"name":"Vicente de Pa\u00fal, Documento 031: Poderes Dados Por San Vicente A Los PP. Portail Y Feron Para Tomar Posesi\u00f3n Del Colegio De Bons-Enfants"}]},{"@type":"WebSite","@id":"http:\/\/vincentians.com\/es\/#website","url":"http:\/\/vincentians.com\/es\/","name":"Somos Vicencianos","description":"Know more to serve more","publisher":{"@id":"http:\/\/vincentians.com\/es\/#organization"},"potentialAction":[{"@type":"SearchAction","target":{"@type":"EntryPoint","urlTemplate":"http:\/\/vincentians.com\/es\/?s={search_term_string}"},"query-input":{"@type":"PropertyValueSpecification","valueRequired":true,"valueName":"search_term_string"}}],"inLanguage":"es"},{"@type":"Organization","@id":"http:\/\/vincentians.com\/es\/#organization","name":"The Vincentian Network","url":"http:\/\/vincentians.com\/es\/","logo":{"@type":"ImageObject","inLanguage":"es","@id":"http:\/\/vincentians.com\/es\/#\/schema\/logo\/image\/","url":"https:\/\/i1.wp.com\/vincentians.com\/es\/wp-content\/uploads\/sites\/11\/2016\/06\/Vincentian-Network-logo-big.png?fit=778%2C778","contentUrl":"https:\/\/i1.wp.com\/vincentians.com\/es\/wp-content\/uploads\/sites\/11\/2016\/06\/Vincentian-Network-logo-big.png?fit=778%2C778","width":778,"height":778,"caption":"The Vincentian Network"},"image":{"@id":"http:\/\/vincentians.com\/es\/#\/schema\/logo\/image\/"},"sameAs":["https:\/\/www.facebook.com\/WeAreVincentians\/","https:\/\/x.com\/WeVincentians"]},{"@type":"Person","@id":"http:\/\/vincentians.com\/es\/#\/schema\/person\/9623ef4d9aa3b2dfb8c061f1499288f2","name":"Francisco Javier Fern\u00e1ndez Chento","image":{"@type":"ImageObject","inLanguage":"es","@id":"http:\/\/vincentians.com\/es\/#\/schema\/person\/image\/","url":"https:\/\/secure.gravatar.com\/avatar\/497d5cde87b4c3d097d0315953521681ba2cd523ee66e5077c3711f7021e65de?s=96&d=mm&r=g","contentUrl":"https:\/\/secure.gravatar.com\/avatar\/497d5cde87b4c3d097d0315953521681ba2cd523ee66e5077c3711f7021e65de?s=96&d=mm&r=g","caption":"Francisco Javier Fern\u00e1ndez Chento"},"description":"Director General y cofundador de La Red de Formaci\u00f3n Vicenciana. Javier es laico vicenciano, afiliado a la Congregaci\u00f3n de la Misi\u00f3n y miembro del Equipo de Misiones Populares de la provincia can\u00f3nica de Zaragoza (Espa\u00f1a) de la Congregaci\u00f3n de la Misi\u00f3n. Graduado en la Universidad Oberta de Catalunya con cuatro grados (Asistente de direcci\u00f3n, Gesti\u00f3n Administrativa, Recursos Humanos y Contabilidad Avanzada). Bil\u00edng\u00fce Espa\u00f1ol\/Ingl\u00e9s. gestiona y mantiene varias p\u00e1ginas web cristianas y vicencianas, incluida including La Red de Formaci\u00f3n Vicenciana, de la que es cofundador. Actualmente es responsable del \u00e1rea de Espa\u00f1ol de .famvin, la Red de Noticias de la Familia Vicenciana. Tambi\u00e9n es m\u00fasico cat\u00f3lico y ha editado varios discos. Es Director General y cofundador de Trovador, una reconocida compa\u00f1\u00eda discogr\u00e1fica critiana de Espa\u00f1a. Trabaja en las Tecnolog\u00edas de la Informaci\u00f3n, ofreciendo servicios de alojamiento, dise\u00f1o y mantenimiento Web, as\u00ed como asesoramiento, formaci\u00f3n y soluciones inform\u00e1ticas, gesti\u00f3n documental y digitalizaci\u00f3n de textos, edici\u00f3n y maquetaci\u00f3n de libros, revistas, flyers, etc.","sameAs":["http:\/\/chento.org","https:\/\/www.facebook.com\/JavierChento","https:\/\/x.com\/https:\/\/twitter.com\/javierchento"],"url":"https:\/\/vincentians.com\/es\/author\/chento\/"}]}},"jetpack_publicize_connections":[],"jetpack_featured_media_url":"https:\/\/i0.wp.com\/vincentians.com\/es\/wp-content\/uploads\/sites\/11\/2016\/07\/escritos-vicente-de-paul.jpg?fit=1200%2C630&ssl=1","jetpack_sharing_enabled":true,"jetpack_shortlink":"https:\/\/wp.me\/p7ETMF-Xp","jetpack-related-posts":[{"id":3684,"url":"https:\/\/vincentians.com\/es\/vicente-de-paul-documento-032-toma-de-posesion-de-la-direccion-y-capellania-del-colegio-de-bons-enfants\/","url_meta":{"origin":3683,"position":0},"title":"Vicente de Pa\u00fal, Documento 032: Toma De Posesi\u00f3n De La Direcci\u00f3n Y Capellan\u00eda Del Colegio De Bons-Enfants","author":"Francisco Javier Fern\u00e1ndez Chento","date":"09\/01\/2010","format":false,"excerpt":"6 marzo 1624 El a\u00f1o 1624, mi\u00e9rcoles, 6 de marzo antes del mediod\u00eda, yo Tom\u00e1s Gallot cl\u00e9rigo de Par\u00eds, licenciado en ambos derechos civil y can\u00f3nico, por autoridad apost\u00f3lica y de la venerable curia arzobispal de Par\u00eds notario jurado en los registros del arzobispado y de la prefectura de Par\u00eds,\u2026","rel":"","context":"En \u00abEscritos de Vicente de Pa\u00fal\u00bb","block_context":{"text":"Escritos de Vicente de Pa\u00fal","link":"https:\/\/vincentians.com\/es\/category\/escritos\/escritos-de-vicente-de-paul\/"},"img":{"alt_text":"","src":"https:\/\/i0.wp.com\/vincentians.com\/es\/wp-content\/uploads\/sites\/11\/2016\/07\/escritos-vicente-de-paul.jpg?fit=1200%2C630&ssl=1&resize=350%2C200","width":350,"height":200,"srcset":"https:\/\/i0.wp.com\/vincentians.com\/es\/wp-content\/uploads\/sites\/11\/2016\/07\/escritos-vicente-de-paul.jpg?fit=1200%2C630&ssl=1&resize=350%2C200 1x, https:\/\/i0.wp.com\/vincentians.com\/es\/wp-content\/uploads\/sites\/11\/2016\/07\/escritos-vicente-de-paul.jpg?fit=1200%2C630&ssl=1&resize=525%2C300 1.5x, https:\/\/i0.wp.com\/vincentians.com\/es\/wp-content\/uploads\/sites\/11\/2016\/07\/escritos-vicente-de-paul.jpg?fit=1200%2C630&ssl=1&resize=700%2C400 2x, https:\/\/i0.wp.com\/vincentians.com\/es\/wp-content\/uploads\/sites\/11\/2016\/07\/escritos-vicente-de-paul.jpg?fit=1200%2C630&ssl=1&resize=1050%2C600 3x"},"classes":[]},{"id":115258,"url":"https:\/\/vincentians.com\/es\/casas-de-la-congregacion-de-la-mision-en-paris-en-tiempos-de-san-vicente-i\/","url_meta":{"origin":3683,"position":1},"title":"Casas de la Congregaci\u00f3n de la Misi\u00f3n en Par\u00eds en tiempos de San Vicente (I)","author":"Francisco Javier Fern\u00e1ndez Chento","date":"04\/10\/2018","format":false,"excerpt":"Bons-Enfants (En la calle des Ecoles n2 2-4) Hacia 1250 ya exist\u00eda la casa con el nombre de Colegio de Bons-Enfants. Era un Colegio Menor fundado por el Rey San Luis que le dej\u00f3 unas \u00f3n0 libras de renta. La finca ten\u00eda unos 4.000 m 2 y los edificios ocupaban\u2026","rel":"","context":"En \u00abEn tiempos de Vicente de Pa\u00fal\u00bb","block_context":{"text":"En tiempos de Vicente de Pa\u00fal","link":"https:\/\/vincentians.com\/es\/category\/historia-de-la-familia-vicenciana\/en-tiempos-de-vicente-de-paul\/"},"img":{"alt_text":"","src":"https:\/\/i0.wp.com\/vincentians.com\/es\/wp-content\/uploads\/sites\/11\/2015\/04\/tres-descubrimientos-de-Vicente-de-Paul.jpg?fit=1200%2C630&ssl=1&resize=350%2C200","width":350,"height":200,"srcset":"https:\/\/i0.wp.com\/vincentians.com\/es\/wp-content\/uploads\/sites\/11\/2015\/04\/tres-descubrimientos-de-Vicente-de-Paul.jpg?fit=1200%2C630&ssl=1&resize=350%2C200 1x, https:\/\/i0.wp.com\/vincentians.com\/es\/wp-content\/uploads\/sites\/11\/2015\/04\/tres-descubrimientos-de-Vicente-de-Paul.jpg?fit=1200%2C630&ssl=1&resize=525%2C300 1.5x, https:\/\/i0.wp.com\/vincentians.com\/es\/wp-content\/uploads\/sites\/11\/2015\/04\/tres-descubrimientos-de-Vicente-de-Paul.jpg?fit=1200%2C630&ssl=1&resize=700%2C400 2x, https:\/\/i0.wp.com\/vincentians.com\/es\/wp-content\/uploads\/sites\/11\/2015\/04\/tres-descubrimientos-de-Vicente-de-Paul.jpg?fit=1200%2C630&ssl=1&resize=1050%2C600 3x"},"classes":[]},{"id":12896,"url":"https:\/\/vincentians.com\/es\/vicente-de-paul-documento-102-union-del-colegio-de-bons-enfants-a-la-mision-por-el-senor-arzobispo-de-paris\/","url_meta":{"origin":3683,"position":2},"title":"Vicente de Pa\u00fal, Documento 102: Union Del Colegio De Bons-Enfants A La Mision Por El Se\u00f1or Arzobispo De Paris","author":"Francisco Javier Fern\u00e1ndez Chento","date":"20\/03\/2010","format":false,"excerpt":"20 julio 1626 Juan Francisco de Gondy, arzobispo de Par\u00eds por la gracia de Dios y de la Santa Sede Apost\u00f3lica, consejero de nuestro se\u00f1or cristian\u00edsimo el rey en su consejo de estado y de conciencia y gran maestre de la capilla real, a todos cuantos vean estas cartas, salud.\u2026","rel":"","context":"En \u00abEscritos de Vicente de Pa\u00fal\u00bb","block_context":{"text":"Escritos de Vicente de Pa\u00fal","link":"https:\/\/vincentians.com\/es\/category\/escritos\/escritos-de-vicente-de-paul\/"},"img":{"alt_text":"","src":"https:\/\/i0.wp.com\/vincentians.com\/es\/wp-content\/uploads\/sites\/11\/2016\/07\/escritos-vicente-de-paul.jpg?fit=1200%2C630&ssl=1&resize=350%2C200","width":350,"height":200,"srcset":"https:\/\/i0.wp.com\/vincentians.com\/es\/wp-content\/uploads\/sites\/11\/2016\/07\/escritos-vicente-de-paul.jpg?fit=1200%2C630&ssl=1&resize=350%2C200 1x, https:\/\/i0.wp.com\/vincentians.com\/es\/wp-content\/uploads\/sites\/11\/2016\/07\/escritos-vicente-de-paul.jpg?fit=1200%2C630&ssl=1&resize=525%2C300 1.5x, https:\/\/i0.wp.com\/vincentians.com\/es\/wp-content\/uploads\/sites\/11\/2016\/07\/escritos-vicente-de-paul.jpg?fit=1200%2C630&ssl=1&resize=700%2C400 2x, https:\/\/i0.wp.com\/vincentians.com\/es\/wp-content\/uploads\/sites\/11\/2016\/07\/escritos-vicente-de-paul.jpg?fit=1200%2C630&ssl=1&resize=1050%2C600 3x"},"classes":[]},{"id":69,"url":"https:\/\/vincentians.com\/es\/antonio-portail-primera-parte\/","url_meta":{"origin":3683,"position":3},"title":"Antonio Portail (Primera parte)","author":"Mitxel Olabu\u00e9naga","date":"03\/09\/2023","format":false,"excerpt":"I. 1590-1626. Nacimiento del Sr. Portail.-Primeras relaciones con san Vicente \u2013Juicio de Collet sobre el Sr. Portail \u2013Sus primeras ocupaciones \u2013Reemplaza a san Vicente entre los galeotes \u2013donaci\u00f3n del colegio de los Bons Enfants \u2013NI. Portail toma posesi\u00f3n\u00a0 en nombre de san Vicente \u2013Muerte de la Sra. de Gondi \u2013primeras\u2026","rel":"","context":"En \u00abBiograf\u00edas de Misioneros Pa\u00fales\u00bb","block_context":{"text":"Biograf\u00edas de Misioneros Pa\u00fales","link":"https:\/\/vincentians.com\/es\/category\/la-familia-vicenciana\/biografias-vicencianas\/biografias-de-misioneros-paules\/"},"img":{"alt_text":"","src":"https:\/\/i0.wp.com\/vincentians.com\/es\/wp-content\/uploads\/sites\/11\/2016\/07\/bio-cm.jpg?fit=1200%2C630&ssl=1&resize=350%2C200","width":350,"height":200,"srcset":"https:\/\/i0.wp.com\/vincentians.com\/es\/wp-content\/uploads\/sites\/11\/2016\/07\/bio-cm.jpg?fit=1200%2C630&ssl=1&resize=350%2C200 1x, https:\/\/i0.wp.com\/vincentians.com\/es\/wp-content\/uploads\/sites\/11\/2016\/07\/bio-cm.jpg?fit=1200%2C630&ssl=1&resize=525%2C300 1.5x, https:\/\/i0.wp.com\/vincentians.com\/es\/wp-content\/uploads\/sites\/11\/2016\/07\/bio-cm.jpg?fit=1200%2C630&ssl=1&resize=700%2C400 2x, https:\/\/i0.wp.com\/vincentians.com\/es\/wp-content\/uploads\/sites\/11\/2016\/07\/bio-cm.jpg?fit=1200%2C630&ssl=1&resize=1050%2C600 3x"},"classes":[]},{"id":12902,"url":"https:\/\/vincentians.com\/es\/vicente-de-paul-documento-108-toma-de-posesion-del-colegio-de-bons-enfants-en-nombre-de-la-congregacion-de-la-mision\/","url_meta":{"origin":3683,"position":4},"title":"Vicente de Pa\u00fal, Documento 108: Toma De Posesion Del Colegio De Bons-Enfants En Nombre De La Congregacion De La Mision","author":"Francisco Javier Fern\u00e1ndez Chento","date":"26\/03\/2010","format":false,"excerpt":"15 julio 1627 El d\u00eda 15 de julio de 1627, yo el infrascrito Pedro Legay, notario jurado p\u00fablico de la curia arzobispal de Par\u00eds por autoridad apost\u00f3lica, debidamente matriculado, domiciliado en Paris, en el barrio nuevo de la Virgen Mar\u00eda, en virtud y fuerza de las cartas de colaci\u00f3n, provisi\u00f3n\u2026","rel":"","context":"En \u00abEscritos de Vicente de Pa\u00fal\u00bb","block_context":{"text":"Escritos de Vicente de Pa\u00fal","link":"https:\/\/vincentians.com\/es\/category\/escritos\/escritos-de-vicente-de-paul\/"},"img":{"alt_text":"","src":"https:\/\/i0.wp.com\/vincentians.com\/es\/wp-content\/uploads\/sites\/11\/2016\/07\/escritos-vicente-de-paul.jpg?fit=1200%2C630&ssl=1&resize=350%2C200","width":350,"height":200,"srcset":"https:\/\/i0.wp.com\/vincentians.com\/es\/wp-content\/uploads\/sites\/11\/2016\/07\/escritos-vicente-de-paul.jpg?fit=1200%2C630&ssl=1&resize=350%2C200 1x, https:\/\/i0.wp.com\/vincentians.com\/es\/wp-content\/uploads\/sites\/11\/2016\/07\/escritos-vicente-de-paul.jpg?fit=1200%2C630&ssl=1&resize=525%2C300 1.5x, https:\/\/i0.wp.com\/vincentians.com\/es\/wp-content\/uploads\/sites\/11\/2016\/07\/escritos-vicente-de-paul.jpg?fit=1200%2C630&ssl=1&resize=700%2C400 2x, https:\/\/i0.wp.com\/vincentians.com\/es\/wp-content\/uploads\/sites\/11\/2016\/07\/escritos-vicente-de-paul.jpg?fit=1200%2C630&ssl=1&resize=1050%2C600 3x"},"classes":[]},{"id":12903,"url":"https:\/\/vincentians.com\/es\/vicente-de-paul-documento-109-cartas-patentes-del-rey-para-la-union-del-colegio-de-bons-enfants-a-la-mision\/","url_meta":{"origin":3683,"position":5},"title":"Vicente de Pa\u00fal, Documento 109: Cartas Patentes Del Rey Para La Union Del Colegio De Bons-Enfants A La Mision","author":"Francisco Javier Fern\u00e1ndez Chento","date":"27\/03\/2010","format":false,"excerpt":"15 septiembre 1627 Luis, por la gracia de Dios rey de Francia y de Navarra, a nuestros amados y fieles consejeros y personas de nuestra corte y parlamento de Par\u00eds, al preboste de dicho lugar, a su lugarteniente y dem\u00e1s oficiales y encargados de la justicia a quienes pertenezca, salud..\u2026","rel":"","context":"En \u00abEscritos de Vicente de Pa\u00fal\u00bb","block_context":{"text":"Escritos de Vicente de Pa\u00fal","link":"https:\/\/vincentians.com\/es\/category\/escritos\/escritos-de-vicente-de-paul\/"},"img":{"alt_text":"","src":"https:\/\/i0.wp.com\/vincentians.com\/es\/wp-content\/uploads\/sites\/11\/2016\/07\/escritos-vicente-de-paul.jpg?fit=1200%2C630&ssl=1&resize=350%2C200","width":350,"height":200,"srcset":"https:\/\/i0.wp.com\/vincentians.com\/es\/wp-content\/uploads\/sites\/11\/2016\/07\/escritos-vicente-de-paul.jpg?fit=1200%2C630&ssl=1&resize=350%2C200 1x, https:\/\/i0.wp.com\/vincentians.com\/es\/wp-content\/uploads\/sites\/11\/2016\/07\/escritos-vicente-de-paul.jpg?fit=1200%2C630&ssl=1&resize=525%2C300 1.5x, https:\/\/i0.wp.com\/vincentians.com\/es\/wp-content\/uploads\/sites\/11\/2016\/07\/escritos-vicente-de-paul.jpg?fit=1200%2C630&ssl=1&resize=700%2C400 2x, https:\/\/i0.wp.com\/vincentians.com\/es\/wp-content\/uploads\/sites\/11\/2016\/07\/escritos-vicente-de-paul.jpg?fit=1200%2C630&ssl=1&resize=1050%2C600 3x"},"classes":[]}],"_links":{"self":[{"href":"https:\/\/vincentians.com\/es\/wp-json\/wp\/v2\/posts\/3683","targetHints":{"allow":["GET"]}}],"collection":[{"href":"https:\/\/vincentians.com\/es\/wp-json\/wp\/v2\/posts"}],"about":[{"href":"https:\/\/vincentians.com\/es\/wp-json\/wp\/v2\/types\/post"}],"author":[{"embeddable":true,"href":"https:\/\/vincentians.com\/es\/wp-json\/wp\/v2\/users\/4"}],"replies":[{"embeddable":true,"href":"https:\/\/vincentians.com\/es\/wp-json\/wp\/v2\/comments?post=3683"}],"version-history":[{"count":0,"href":"https:\/\/vincentians.com\/es\/wp-json\/wp\/v2\/posts\/3683\/revisions"}],"wp:featuredmedia":[{"embeddable":true,"href":"https:\/\/vincentians.com\/es\/wp-json\/wp\/v2\/media\/393753"}],"wp:attachment":[{"href":"https:\/\/vincentians.com\/es\/wp-json\/wp\/v2\/media?parent=3683"}],"wp:term":[{"taxonomy":"category","embeddable":true,"href":"https:\/\/vincentians.com\/es\/wp-json\/wp\/v2\/categories?post=3683"},{"taxonomy":"post_tag","embeddable":true,"href":"https:\/\/vincentians.com\/es\/wp-json\/wp\/v2\/tags?post=3683"}],"curies":[{"name":"wp","href":"https:\/\/api.w.org\/{rel}","templated":true}]}}