{"id":3665,"date":"2010-01-04T00:10:55","date_gmt":"2010-01-03T23:10:55","guid":{"rendered":"http:\/\/www.vicencianos.org\/web\/2010\/01\/04\/vicente-de-paul-documento-027-testamento-de-la-senora-de-gondi\/"},"modified":"2016-07-26T19:51:15","modified_gmt":"2016-07-26T17:51:15","slug":"vicente-de-paul-documento-027-testamento-de-la-senora-de-gondi","status":"publish","type":"post","link":"https:\/\/vincentians.com\/es\/vicente-de-paul-documento-027-testamento-de-la-senora-de-gondi\/","title":{"rendered":"Vicente de Pa\u00fal, Documento 027: Testamento De La Se\u00f1ora De Gondi"},"content":{"rendered":"<p>25 febrero 1619<\/p>\n<p>Jes\u00fas, Mar\u00eda.<\/p>\n<p>En el nombre del Padre y del Hijo y del Esp\u00edritu santo redacto aqu\u00ed mi testamento, que deseo y entiendo sea llevado a cabo como si fuera mi \u00faltima y expresa voluntad.<\/p>\n<p>En primer lugar encomiendo mi alma a Dios, mi Creador y Salvador Jesucristo, d\u00e1ndole gracias por haberme querido dar el ser y haberme llamado a la participaci\u00f3n de su gracia y de su gloria. Y le pido muy humildemente perd\u00f3n por el mal uso que he hecho de esta vida y de los dones que he recibido de \u00e9l y por las ofensas que he cometido desde el primer instante de mi uso de raz\u00f3n hasta el \u00faltimo suspiro de mi vida. Imploro la asistencia de la gloriosa Virgen Mar\u00eda, Madre de mi Dios y Salvador Jesucristo, de todos los \u00e1ngeles y esp\u00edritus bienaventurados y en particular de san Miguel, mi \u00e1ngel de la guarda, y de todos los santos y santas del para\u00edso y sobre todo de los santos y santas cuyo nombre llevo, y de san Pedro y san Pablo, san Jos\u00e9, san Joaqu\u00edn, santa Ana, santa Mar\u00eda Magdalena, santa B\u00e1rbara y de la bienaventurada madre Teresa y de santa Catalina de G\u00e9nova, para que ofrezcan sus oraciones a Dios por m\u00ed en la hora de mi muerte.<\/p>\n<p>Profeso que quiero morir en la confesi\u00f3n y comuni\u00f3n de la santa iglesia cat\u00f3lica, apost\u00f3lica y romana.<\/p>\n<p>Deseo que mi cuerpo sea enterrado sin pompa ni ceremonia, sino que se vista a trece pobres y que se ponga mi cuerpo (un trozo en blanco).<\/p>\n<p>Ordeno que lo antes que se pueda despu\u00e9s de mi muerte se haga celebrar a cada uno de los religiosos que abajo se nombran una misa rezada por mi alma, si es posible en un mismo d\u00eda y si no en diversos d\u00edas, y que en los citados monasterios en donde haya altares privilegiados para las almas del purgatorio se celebren all\u00ed esas misas, si es posible, con la intenci\u00f3n de aplicar esa indulgencia a mi alma; y donde no haya altares privilegiados, ruego a los religiosos que tengan alg\u00fan otro privilegio por celebrar su misa con alguna medalla para aplicar la indulgencia plenaria por las almas del purgatorio, que la apliquen por la m\u00eda. Estas misas podr\u00e1n ser de difuntos o del d\u00eda, como se\u00f1ale la concesi\u00f3n de la indulgencia. Deseo tambi\u00e9n que en todos esos sacrificios se haga memoria de rezar a Dios por la salvaci\u00f3n de mi marido, de mis hijos y de mi hermana, y que se haga en ellos conmemoraci\u00f3n de la bienaventurada Madre de Dios, tanto por ellos como por mi alma.<\/p>\n<p>Los lugares en donde pido se celebren esas misas son: los capuchinos de Par\u00eds, tanto los de san Honorato como los de Santiago, y tambi\u00e9n los de Meudon, los recoletos, cistercienses, cartujos, carmelitas reformados, agustinos reformados, jesuitas tanto de san Luis como del noviciado y del colegio, los padres de la congregaci\u00f3n del Oratorio y los padres de la Merced, deseando que cada sacerdote de los monasterios y lugares mencionados celebren cada uno una misa por m\u00ed de la manera indicada, y suplic\u00e1ndoles a todos por el amor de nuestro Se\u00f1or Jesucristo y de su santa Madre que no me nieguen esta caridad.<\/p>\n<p>Ordeno estas misas solamente a los monasterios y lugares antes mencionados que est\u00e9n situados en Par\u00eds o en sus barrios, y a los de fuera solamente en Nigeon y en el bosque de Vincennes. Deseo adem\u00e1s que se ordene hacer lo mismo a los capuchinos de Joigny y a los cartujos de Val-Profonde, y que se pida tambi\u00e9n en nombre de Dios a las Hijas de la Pasi\u00f3n, las carmelitas de la calle Chapon y del barrio de Santiago y a las Hijas del Avemar\u00eda de Par\u00eds que comulguen todas una vez por mi alma, encomend\u00e1ndola a Dios, y tambi\u00e9n por la salvaci\u00f3n de mi marido, de mis hijos, de mi hermana y de mi familia.<\/p>\n<p>Quiero tambi\u00e9n que se haga celebrar durante todo un a\u00f1o una misa todos los d\u00edas en Nuestra Se\u00f1ora de Loreto, si es posible en la santa c\u00e1mara de la Madre de Dios, a fin de que interceda por mi alma, por la de mi difunto padre y parientes fallecidos y por la salvaci\u00f3n de mi marido, de mis hijos, de mi hermana y de mi familia, suplicando a la sant\u00edsima Virgen que los acepte a todos ellos bajo su especial protecci\u00f3n y les obtenga el Para\u00edso.<\/p>\n<p>Tambi\u00e9n ordeno que en todos los lugares y aldeas que me pertenecen a m\u00ed o a mi marido se celebre en cada iglesia una misa por mi alma y se tengan vigilia los d\u00edas anteriores, que se pida a todos mis s\u00fabditos que asistan a ella y que rece cada uno un Padrenuestro y un Avemar\u00eda por m\u00ed. Y que los p\u00e1rrocos y dem\u00e1s sacerdotes les pidan a todos de mi parte que confiesen y comulguen todos ellos una vez para que tenga Dios compasi\u00f3n de mi alma. Les pido este favor por el amor de Dios.<\/p>\n<p>(Lo anterior est\u00e1 escrito por la misma se\u00f1ora de Gondi aqu\u00ed comienza la parte del texto escrita por el notario).<\/p>\n<p>En el d\u00eda de hoy, fecha mencionada, la distinguida y poderosa dama Francisca Margarita de Silly, mujer y esposa del se\u00f1or Manuel de Gondi, conde de Joigny, general de las galeras de Francia, con residencia en Par\u00eds, calle de Petits-Champs, parroquia de san Eustaquio, que yace en cama enferma de cuerpo pero sana de esp\u00edritu, memoria y entendimiento, tal como les parece a los notarios que abajo firman, indic\u00f3 a dichos notarios que hab\u00eda escrito de su pu\u00f1o y letra los tres folios de papel de lo que est\u00e1 escrito en la presente p\u00e1gina, lo cual dijo que era su testamento y la expresi\u00f3n de su \u00faltima voluntad, que desea se cumpla efectivamente, para que todo se haga seg\u00fan sus deseos e intenci\u00f3n, de todo lo cual dio lectura palabra a palabra uno de los notarios mencionados, estando el otro presente y confirmando lo que el primero le\u00eda, dado que la indisposici\u00f3n de su persona no pudo permitir que se redactara por escrito enteramente lo que falta a\u00fan de su voluntad y de su intenci\u00f3n, que ha querido fuera redactado en estas presentes por dichos notarios, lo cual se hizo como sigue:<\/p>\n<p>A saber, que le pide a su se\u00f1or marido y a todos sus dom\u00e9sticos que comulguen por su intenci\u00f3n el d\u00eda de su muerte o el d\u00eda que se celebren las exequias, y que pidan a Dios por ella; y para que los s\u00fabditos de dicha se\u00f1ora est\u00e9n mejor dispuestos a confesarse y a comulgar por su intenci\u00f3n, les pedir\u00e1n a los padres jesuitas o a los padres del Oratorio que se trasladen para ello a los lugares de sus tierras, con indulgencias si es posible.<\/p>\n<p>Item, hace entrega, lega y deja por donaci\u00f3n y disposici\u00f3n testamentaria y en la mejor forma que pueda hacerse a su se\u00f1or marido todos y cada uno de sus bienes muebles: adquisiciones, conquistas, inmuebles y propias, feudales y censuales, que sean y puedan pertenecer a dicha se\u00f1ora, seg\u00fan puedan permitirlo las costumbres de los lugares en donde est\u00e1n situadas dichas tierras y bienes, tanto en lo que se refiere a la propiedad como al usufructo de dichos bienes, todo ello en el caso de que la mencionada se\u00f1ora testante muera sin hijos, o sus hijos mueran antes que su se\u00f1or marido.<\/p>\n<p>Y a fin de evitar los procesos que pudieran derivarse entre su se\u00f1or marido y los herederos de dicha dama para la valoraci\u00f3n de las propiedades, feudales y censuales, que ella dona a su marido, ordena dicha se\u00f1ora que sus herederos tengan la opci\u00f3n y puedan redimir sus propiedades, feudales y censuales, pagando a su se\u00f1or marido el valor de las mencionadas propiedades, feudales y censuales, a raz\u00f3n de treinta dineros.<\/p>\n<p>Item, dicha dama desea y ordena que se vendan los \u00e1rboles de sus tierras de Picard\u00eda para comprar lo que falta por pagar de las deudas de los difuntos se\u00f1ores de la Rochepot, su padre y su madre, y los de Montmirail, utiliz\u00e1ndose lo dem\u00e1s en el rescate de las rentas constituidas por ella y su se\u00f1or marido.<\/p>\n<p>Item, dicha dama hace donaci\u00f3n, legado y entrega de 1.000 libras turnesas de renta, deducibles de los frutos y rentas de sus tierras de Picard\u00eda, Montmirail y Champagne, para que se empleen en parte para lo pobres enfermos de la Asociaci\u00f3n de la Caridad que se haya establecido o se establezca en sus tierras, y tambi\u00e9n para que vayan una vez al a\u00f1o a misionarlas los padres jesuitas o los padres del Oratorio, llevando indulgencias plenarias a dichas tierras y catequizando e instruyendo al pueblo durante su estancia en dichos lugares, todo ello seg\u00fan el orden y concierto que hagan los ejecutores del presente testamento aqu\u00ed nombrados; y las tierras de Picard\u00eda, Montmirail y Champagne podr\u00e1n verse descargadas de estas 1.000 libras turnesas de renta, una o varias veces, dedicando al pago de las mismas otras tierras o comprando una o varias tierras en los lugares de renta de dichas 1.000 libras, dedic\u00e1ndose a lo que se ha dicho.<\/p>\n<p>Item, hace donaci\u00f3n, legado y entrega de la cantidad de 800 libras turnesas a pagar de una sola vez a los pobres de la citada Asociaci\u00f3n de la Caridad de Montmirail Item, hace donaci\u00f3n, legado y entrega de 200 libras turnesas para se utilicen en la compra de ornamentos para la iglesia de san Mart\u00edn de Montmirail.<\/p>\n<p>Item, quiere y ordena que a todos sus servidores dom\u00e9sticos se les paguen completamente todos los jornales que se les deba hasta el d\u00eda de su defunci\u00f3n, y para recompensarles y reconocer sus servicios les entrega lo siguiente: a su secretario Dufresne la cantidad de 1.500 libras, a su tambi\u00e9n secretario Toutblanc 2.400 libras, a la se\u00f1orita Caron 900 libras turnesas aparte de lo que le dio anteriormente, a la se\u00f1orita de Saint Aubin 2.500 libras turnesas a tomar de los quintos y requintos de las tierras de Palletan que le hab\u00eda entregado anteriormente y de sus dem\u00e1s bienes, a la se\u00f1orita de Champetin 1.500 libras turnesas, a su sirviente de c\u00e1mara Margarita la cantidad de 600 libras, a la sirviente de sus hijos Francisca la cantidad de 300 libras, al platero de su casa Simon y a su esposa la cantidad de 300 libras, a la cocinera Jacqueline 30 libras turnesas, al maestresala Dumont 300 libras turnesas, al ayuda de c\u00e1mara La Barre 300 libras, a Descluseaux otras 300 libras, al cocinero Carlos 150 libras; y respecto a los llamados Laulnay y Gui Posts, la citada dama ruega a su se\u00f1or marido que les d\u00e9 lo que les ha prometido, a saber, 1.000 libras a Laulnay y lo que desee su marido a Gui Posts; a Antonio Portail, por la preocupaci\u00f3n que se ha tomado con sus hijos, 300 libras; al cochero 100 libras, a cada uno de los Bretos 50 libras, a Bertrand 26 libras para que le ense\u00f1en un oficio, al palafrenero Toussaing 30 libras, y a cada uno de los otros palafreneros doce libras; y al marmit\u00f3n, otras doce libras turnesas.<\/p>\n<p>Item, hace donaci\u00f3n y entrega al se\u00f1or Vicente de Pa\u00fal, su confesor y preceptor de sus hijos, la cantidad de 1.500 libras turnesas, que anteriormente le hab\u00edan prestado ella y su marido, de lo que \u00e9l les entreg\u00f3 recibo, que ella quiere adem\u00e1s que se le devuelva como nulo. Adem\u00e1s, le entrega y lega la cantidad de 900 libras turnesas, a pagar de una sola vez, a fin de que se acuerde de rezar por dicha dama testadora y le suplica que quiera seguir viviendo con su se\u00f1or marido y con sus hijos, sin apartarse de su servicio; as\u00ed como tambi\u00e9n suplica a su se\u00f1or marido que retenga al se\u00f1or Pa\u00fal a su servicio y a la se\u00f1orita Caron, mientras ella desee continuar en su casa, y mantenerla tal como est\u00e1 ahora, por los buenos y antiguos servicios que ha hecho a la casa. Suplica tambi\u00e9n a su se\u00f1or marido que retenga en su servicio a los citados secretarios Toutblanc y Dufresne, que tienen bien probada su fidelidad. Y respecto a los gentileshombres, servidores y dom\u00e9sticos de su se\u00f1or marido, ella no les ha dado nada por la esperanza que tiene de que su marido les reconocer\u00e1 sus servicios.<\/p>\n<p>Item, declara que tiene algunos documentos y memoriales referentes a algunos casos de conciencia, que desea queden decididos y satisfechos con el consejo del mencionado se\u00f1or de Pa\u00fal, su confesor, a quien se los entrega desde ahora con esta finalidad.<\/p>\n<p>Y para que su casa no se vea cargada con los legados que ha hecho a sus servidores por el presente testamento, suplica a su se\u00f1or marido que haga vender sus perlas y piedras preciosas que ella le ha dado para cumplir con parte de estas deudas, y la otra parte se podr\u00e1 sacar de la venta de madera de Montmirail, la cual venta podr\u00e1 hacerse este mismo a\u00f1o.<\/p>\n<p>Item, entrega a la se\u00f1ora de Fargis, su hermana, su peque\u00f1o broche de diamantes, que desea se le entregue inmediatamente despu\u00e9s del fallecimiento de la testadora; adem\u00e1s, entrega y lega a dicha se\u00f1ora de Fargis, su hermana, la cantidad de 2.000 libras turnesas, a deducir de lo que ella puede deberle por promesa, y en caso de que no existiera promesa para esas 2.000 libras, lo que sobre se deducir\u00e1 de la parte que ha pagado ya a su se\u00f1ora hermana.<\/p>\n<p>Item, entrega a la se\u00f1ora Fourche la cantidad de 100 libras; a la hija del preboste de Villepreux, 50 libras; y ordena que todos los meses se entregue el grano necesario para el mantenimiento de la nodriza de su se\u00f1or marido, la llamada Courtresse, y esto durante toda su vida; y adem\u00e1s de grano, que se le entreguen 30 sueldos turneses tambi\u00e9n durante toda su vida.<\/p>\n<p>Item, entrega a los pobres del Hotel-Dieu de Par\u00eds 50 libras turnesas a pagar una sola vez.<\/p>\n<p>Y puesto que en el mencionado testamento que ella hab\u00eda empezado a escribir de su mano se hab\u00eda dejado en blanco el lugar de su sepultura, quiere y ordena que su cad\u00e1ver sea enterrado e inhumado en la iglesia de carmelitas del barrio de Santiago, cerca de la puerta de dicha iglesia, y que se entregue al convento de dicha iglesia la cantidad de 300 libras turnesas a pagar de una sola vez.<\/p>\n<p>Item, da a los carmelitas de la calle Chapon de Par\u00eds la misma cantidad de 300 libras turnesas, tambi\u00e9n a pagar de una vez.<\/p>\n<p>Item, entrega y lega a la casa y hospital de la Caridad del barrio de Saint-Germain la cantidad de 50 libras. Y si en adelante resultase que dicha dama est\u00e1 obligada a la restituci\u00f3n de algo que ella no puede recordar al presente, suplica a su se\u00f1or marido y a cada uno de sus herederos que lo satisfaga inmediatamente despu\u00e9s de que llegue a su conocimiento.<\/p>\n<p>Item, para la ejecuci\u00f3n de este testamento comenzado de su mano y de todo lo dem\u00e1s, dicha se\u00f1ora nombra y elige como ejecutores del mismo a dicho se\u00f1or general de las galeras, su marido, y al se\u00f1or Berger, consejero en el tribunal del parlamento, a los cuales y a cada uno de ellos, uno en presencia del otro, entrega y da los debidos poderes sobre el presente testamento y el escrito por su mano para que cumplan y ejecuten todo puntualmente, seg\u00fan su forma y tenor, revocando por \u00e9ste todos los dem\u00e1s testamentos y codicilos que haya podido hacer anteriormente queriendo que sea este testamento el que tenga lugar y surta efecto. Y en manos de estos ejecutores ella se desprende de todos sus bienes durante el a\u00f1o introducido por la costumbre, hasta la ejecuci\u00f3n total de dichos testamentos.<\/p>\n<p>As\u00ed se hizo, se test\u00f3, se dict\u00f3 y se nombr\u00f3 por dicha se\u00f1ora testadora, palabra a palabra, a dichos notarios; y uno de ellos, en presencia del otro, lo ley\u00f3 y volvi\u00f3 a leer, junto con el que estaba escrito por su mano, diciendo ella que lo hab\u00eda o\u00eddo todo, en la residencia de dicho se\u00f1or general de la calle de Petits-Champs, parroquia de san Eustaquio, el 25 de febrero de 1619, por la tarde.<\/p>\n<p>FRANCISCA MARGARITA DE SILLY, MOREL, TURGIS<\/p>\n","protected":false},"excerpt":{"rendered":"<p>25 febrero 1619 Jes\u00fas, Mar\u00eda. En el nombre del Padre y del Hijo y del Esp\u00edritu santo redacto aqu\u00ed mi testamento, que deseo y entiendo sea llevado a cabo como si fuera mi \u00faltima y &#8230; <a href=\"https:\/\/vincentians.com\/es\/vicente-de-paul-documento-027-testamento-de-la-senora-de-gondi\/\" class=\"more-link\">Read More<\/a><\/p>\n","protected":false},"author":4,"featured_media":393753,"comment_status":"open","ping_status":"open","sticky":false,"template":"","format":"standard","meta":{"jetpack_post_was_ever_published":false,"_jetpack_newsletter_access":"","_jetpack_dont_email_post_to_subs":false,"_jetpack_newsletter_tier_id":0,"_jetpack_memberships_contains_paywalled_content":false,"_jetpack_memberships_contains_paid_content":false,"footnotes":"","jetpack_publicize_message":"","jetpack_publicize_feature_enabled":true,"jetpack_social_post_already_shared":true,"jetpack_social_options":{"image_generator_settings":{"template":"highway","default_image_id":0,"font":"","enabled":false},"version":2}},"categories":[65],"tags":[119,125,131,127,120,128,135],"class_list":["post-3665","post","type-post","status-publish","format-standard","has-post-thumbnail","hentry","category-escritos-de-vicente-de-paul","tag-gondi","tag-joigny","tag-montmirail","tag-portail","tag-senora-de-gondi","tag-silly","tag-villepreux"],"yoast_head":"<!-- This site is optimized with the Yoast SEO plugin v26.3 - https:\/\/yoast.com\/wordpress\/plugins\/seo\/ -->\n<title>Vicente de Pa\u00fal, Documento 027: Testamento De La Se\u00f1ora De Gondi - Somos Vicencianos<\/title>\n<meta name=\"robots\" content=\"index, follow, max-snippet:-1, max-image-preview:large, max-video-preview:-1\" \/>\n<link rel=\"canonical\" href=\"https:\/\/vincentians.com\/es\/vicente-de-paul-documento-027-testamento-de-la-senora-de-gondi\/\" \/>\n<meta property=\"og:locale\" content=\"es_ES\" \/>\n<meta property=\"og:type\" content=\"article\" \/>\n<meta property=\"og:title\" content=\"Vicente de Pa\u00fal, Documento 027: Testamento De La Se\u00f1ora De Gondi - Somos Vicencianos\" \/>\n<meta property=\"og:description\" content=\"25 febrero 1619 Jes\u00fas, Mar\u00eda. En el nombre del Padre y del Hijo y del Esp\u00edritu santo redacto aqu\u00ed mi testamento, que deseo y entiendo sea llevado a cabo como si fuera mi \u00faltima y ... Read More\" \/>\n<meta property=\"og:url\" content=\"https:\/\/vincentians.com\/es\/vicente-de-paul-documento-027-testamento-de-la-senora-de-gondi\/\" \/>\n<meta property=\"og:site_name\" content=\"Somos Vicencianos\" \/>\n<meta property=\"article:publisher\" content=\"https:\/\/www.facebook.com\/WeAreVincentians\/\" \/>\n<meta property=\"article:author\" content=\"https:\/\/www.facebook.com\/JavierChento\" \/>\n<meta property=\"article:published_time\" content=\"2010-01-03T23:10:55+00:00\" \/>\n<meta property=\"article:modified_time\" content=\"2016-07-26T17:51:15+00:00\" \/>\n<meta property=\"og:image\" content=\"https:\/\/i0.wp.com\/vincentians.com\/es\/wp-content\/uploads\/sites\/11\/2016\/07\/escritos-vicente-de-paul.jpg?fit=1200%2C630&ssl=1\" \/>\n\t<meta property=\"og:image:width\" content=\"1200\" \/>\n\t<meta property=\"og:image:height\" content=\"630\" \/>\n\t<meta property=\"og:image:type\" content=\"image\/jpeg\" \/>\n<meta name=\"author\" content=\"Francisco Javier Fern\u00e1ndez Chento\" \/>\n<meta name=\"twitter:card\" content=\"summary_large_image\" \/>\n<meta name=\"twitter:creator\" content=\"@https:\/\/twitter.com\/javierchento\" \/>\n<meta name=\"twitter:site\" content=\"@WeVincentians\" \/>\n<meta name=\"twitter:label1\" content=\"Escrito por\" \/>\n\t<meta name=\"twitter:data1\" content=\"Francisco Javier Fern\u00e1ndez Chento\" \/>\n\t<meta name=\"twitter:label2\" content=\"Tiempo de lectura\" \/>\n\t<meta name=\"twitter:data2\" content=\"14 minutos\" \/>\n<script type=\"application\/ld+json\" class=\"yoast-schema-graph\">{\"@context\":\"https:\/\/schema.org\",\"@graph\":[{\"@type\":\"Article\",\"@id\":\"https:\/\/vincentians.com\/es\/vicente-de-paul-documento-027-testamento-de-la-senora-de-gondi\/#article\",\"isPartOf\":{\"@id\":\"https:\/\/vincentians.com\/es\/vicente-de-paul-documento-027-testamento-de-la-senora-de-gondi\/\"},\"author\":{\"name\":\"Francisco Javier Fern\u00e1ndez Chento\",\"@id\":\"http:\/\/vincentians.com\/es\/#\/schema\/person\/9623ef4d9aa3b2dfb8c061f1499288f2\"},\"headline\":\"Vicente de Pa\u00fal, Documento 027: Testamento De La Se\u00f1ora De Gondi\",\"datePublished\":\"2010-01-03T23:10:55+00:00\",\"dateModified\":\"2016-07-26T17:51:15+00:00\",\"mainEntityOfPage\":{\"@id\":\"https:\/\/vincentians.com\/es\/vicente-de-paul-documento-027-testamento-de-la-senora-de-gondi\/\"},\"wordCount\":2874,\"commentCount\":0,\"publisher\":{\"@id\":\"http:\/\/vincentians.com\/es\/#organization\"},\"image\":{\"@id\":\"https:\/\/vincentians.com\/es\/vicente-de-paul-documento-027-testamento-de-la-senora-de-gondi\/#primaryimage\"},\"thumbnailUrl\":\"https:\/\/i0.wp.com\/vincentians.com\/es\/wp-content\/uploads\/sites\/11\/2016\/07\/escritos-vicente-de-paul.jpg?fit=1200%2C630&ssl=1\",\"keywords\":[\"Gondi\",\"Joigny\",\"Montmirail\",\"Portail\",\"Se\u00f1ora de Gondi\",\"Silly\",\"Villepreux\"],\"articleSection\":[\"Escritos de Vicente de Pa\u00fal\"],\"inLanguage\":\"es\",\"potentialAction\":[{\"@type\":\"CommentAction\",\"name\":\"Comment\",\"target\":[\"https:\/\/vincentians.com\/es\/vicente-de-paul-documento-027-testamento-de-la-senora-de-gondi\/#respond\"]}]},{\"@type\":\"WebPage\",\"@id\":\"https:\/\/vincentians.com\/es\/vicente-de-paul-documento-027-testamento-de-la-senora-de-gondi\/\",\"url\":\"https:\/\/vincentians.com\/es\/vicente-de-paul-documento-027-testamento-de-la-senora-de-gondi\/\",\"name\":\"Vicente de Pa\u00fal, Documento 027: Testamento De La Se\u00f1ora De Gondi - Somos Vicencianos\",\"isPartOf\":{\"@id\":\"http:\/\/vincentians.com\/es\/#website\"},\"primaryImageOfPage\":{\"@id\":\"https:\/\/vincentians.com\/es\/vicente-de-paul-documento-027-testamento-de-la-senora-de-gondi\/#primaryimage\"},\"image\":{\"@id\":\"https:\/\/vincentians.com\/es\/vicente-de-paul-documento-027-testamento-de-la-senora-de-gondi\/#primaryimage\"},\"thumbnailUrl\":\"https:\/\/i0.wp.com\/vincentians.com\/es\/wp-content\/uploads\/sites\/11\/2016\/07\/escritos-vicente-de-paul.jpg?fit=1200%2C630&ssl=1\",\"datePublished\":\"2010-01-03T23:10:55+00:00\",\"dateModified\":\"2016-07-26T17:51:15+00:00\",\"breadcrumb\":{\"@id\":\"https:\/\/vincentians.com\/es\/vicente-de-paul-documento-027-testamento-de-la-senora-de-gondi\/#breadcrumb\"},\"inLanguage\":\"es\",\"potentialAction\":[{\"@type\":\"ReadAction\",\"target\":[\"https:\/\/vincentians.com\/es\/vicente-de-paul-documento-027-testamento-de-la-senora-de-gondi\/\"]}]},{\"@type\":\"ImageObject\",\"inLanguage\":\"es\",\"@id\":\"https:\/\/vincentians.com\/es\/vicente-de-paul-documento-027-testamento-de-la-senora-de-gondi\/#primaryimage\",\"url\":\"https:\/\/i0.wp.com\/vincentians.com\/es\/wp-content\/uploads\/sites\/11\/2016\/07\/escritos-vicente-de-paul.jpg?fit=1200%2C630&ssl=1\",\"contentUrl\":\"https:\/\/i0.wp.com\/vincentians.com\/es\/wp-content\/uploads\/sites\/11\/2016\/07\/escritos-vicente-de-paul.jpg?fit=1200%2C630&ssl=1\",\"width\":1200,\"height\":630},{\"@type\":\"BreadcrumbList\",\"@id\":\"https:\/\/vincentians.com\/es\/vicente-de-paul-documento-027-testamento-de-la-senora-de-gondi\/#breadcrumb\",\"itemListElement\":[{\"@type\":\"ListItem\",\"position\":1,\"name\":\"Portada\",\"item\":\"http:\/\/vincentians.com\/es\/\"},{\"@type\":\"ListItem\",\"position\":2,\"name\":\"Vicente de Pa\u00fal, Documento 027: Testamento De La Se\u00f1ora De Gondi\"}]},{\"@type\":\"WebSite\",\"@id\":\"http:\/\/vincentians.com\/es\/#website\",\"url\":\"http:\/\/vincentians.com\/es\/\",\"name\":\"Somos Vicencianos\",\"description\":\"Know more to serve more\",\"publisher\":{\"@id\":\"http:\/\/vincentians.com\/es\/#organization\"},\"potentialAction\":[{\"@type\":\"SearchAction\",\"target\":{\"@type\":\"EntryPoint\",\"urlTemplate\":\"http:\/\/vincentians.com\/es\/?s={search_term_string}\"},\"query-input\":{\"@type\":\"PropertyValueSpecification\",\"valueRequired\":true,\"valueName\":\"search_term_string\"}}],\"inLanguage\":\"es\"},{\"@type\":\"Organization\",\"@id\":\"http:\/\/vincentians.com\/es\/#organization\",\"name\":\"The Vincentian Network\",\"url\":\"http:\/\/vincentians.com\/es\/\",\"logo\":{\"@type\":\"ImageObject\",\"inLanguage\":\"es\",\"@id\":\"http:\/\/vincentians.com\/es\/#\/schema\/logo\/image\/\",\"url\":\"https:\/\/i1.wp.com\/vincentians.com\/es\/wp-content\/uploads\/sites\/11\/2016\/06\/Vincentian-Network-logo-big.png?fit=778%2C778\",\"contentUrl\":\"https:\/\/i1.wp.com\/vincentians.com\/es\/wp-content\/uploads\/sites\/11\/2016\/06\/Vincentian-Network-logo-big.png?fit=778%2C778\",\"width\":778,\"height\":778,\"caption\":\"The Vincentian Network\"},\"image\":{\"@id\":\"http:\/\/vincentians.com\/es\/#\/schema\/logo\/image\/\"},\"sameAs\":[\"https:\/\/www.facebook.com\/WeAreVincentians\/\",\"https:\/\/x.com\/WeVincentians\"]},{\"@type\":\"Person\",\"@id\":\"http:\/\/vincentians.com\/es\/#\/schema\/person\/9623ef4d9aa3b2dfb8c061f1499288f2\",\"name\":\"Francisco Javier Fern\u00e1ndez Chento\",\"image\":{\"@type\":\"ImageObject\",\"inLanguage\":\"es\",\"@id\":\"http:\/\/vincentians.com\/es\/#\/schema\/person\/image\/\",\"url\":\"https:\/\/secure.gravatar.com\/avatar\/497d5cde87b4c3d097d0315953521681ba2cd523ee66e5077c3711f7021e65de?s=96&d=mm&r=g\",\"contentUrl\":\"https:\/\/secure.gravatar.com\/avatar\/497d5cde87b4c3d097d0315953521681ba2cd523ee66e5077c3711f7021e65de?s=96&d=mm&r=g\",\"caption\":\"Francisco Javier Fern\u00e1ndez Chento\"},\"description\":\"Director General y cofundador de La Red de Formaci\u00f3n Vicenciana. Javier es laico vicenciano, afiliado a la Congregaci\u00f3n de la Misi\u00f3n y miembro del Equipo de Misiones Populares de la provincia can\u00f3nica de Zaragoza (Espa\u00f1a) de la Congregaci\u00f3n de la Misi\u00f3n. Graduado en la Universidad Oberta de Catalunya con cuatro grados (Asistente de direcci\u00f3n, Gesti\u00f3n Administrativa, Recursos Humanos y Contabilidad Avanzada). Bil\u00edng\u00fce Espa\u00f1ol\/Ingl\u00e9s. gestiona y mantiene varias p\u00e1ginas web cristianas y vicencianas, incluida including La Red de Formaci\u00f3n Vicenciana, de la que es cofundador. Actualmente es responsable del \u00e1rea de Espa\u00f1ol de .famvin, la Red de Noticias de la Familia Vicenciana. Tambi\u00e9n es m\u00fasico cat\u00f3lico y ha editado varios discos. Es Director General y cofundador de Trovador, una reconocida compa\u00f1\u00eda discogr\u00e1fica critiana de Espa\u00f1a. Trabaja en las Tecnolog\u00edas de la Informaci\u00f3n, ofreciendo servicios de alojamiento, dise\u00f1o y mantenimiento Web, as\u00ed como asesoramiento, formaci\u00f3n y soluciones inform\u00e1ticas, gesti\u00f3n documental y digitalizaci\u00f3n de textos, edici\u00f3n y maquetaci\u00f3n de libros, revistas, flyers, etc.\",\"sameAs\":[\"http:\/\/chento.org\",\"https:\/\/www.facebook.com\/JavierChento\",\"https:\/\/x.com\/https:\/\/twitter.com\/javierchento\"],\"url\":\"https:\/\/vincentians.com\/es\/author\/chento\/\"}]}<\/script>\n<!-- \/ Yoast SEO plugin. -->","yoast_head_json":{"title":"Vicente de Pa\u00fal, Documento 027: Testamento De La Se\u00f1ora De Gondi - Somos Vicencianos","robots":{"index":"index","follow":"follow","max-snippet":"max-snippet:-1","max-image-preview":"max-image-preview:large","max-video-preview":"max-video-preview:-1"},"canonical":"https:\/\/vincentians.com\/es\/vicente-de-paul-documento-027-testamento-de-la-senora-de-gondi\/","og_locale":"es_ES","og_type":"article","og_title":"Vicente de Pa\u00fal, Documento 027: Testamento De La Se\u00f1ora De Gondi - Somos Vicencianos","og_description":"25 febrero 1619 Jes\u00fas, Mar\u00eda. En el nombre del Padre y del Hijo y del Esp\u00edritu santo redacto aqu\u00ed mi testamento, que deseo y entiendo sea llevado a cabo como si fuera mi \u00faltima y ... Read More","og_url":"https:\/\/vincentians.com\/es\/vicente-de-paul-documento-027-testamento-de-la-senora-de-gondi\/","og_site_name":"Somos Vicencianos","article_publisher":"https:\/\/www.facebook.com\/WeAreVincentians\/","article_author":"https:\/\/www.facebook.com\/JavierChento","article_published_time":"2010-01-03T23:10:55+00:00","article_modified_time":"2016-07-26T17:51:15+00:00","og_image":[{"width":1200,"height":630,"url":"https:\/\/i0.wp.com\/vincentians.com\/es\/wp-content\/uploads\/sites\/11\/2016\/07\/escritos-vicente-de-paul.jpg?fit=1200%2C630&ssl=1","type":"image\/jpeg"}],"author":"Francisco Javier Fern\u00e1ndez Chento","twitter_card":"summary_large_image","twitter_creator":"@https:\/\/twitter.com\/javierchento","twitter_site":"@WeVincentians","twitter_misc":{"Escrito por":"Francisco Javier Fern\u00e1ndez Chento","Tiempo de lectura":"14 minutos"},"schema":{"@context":"https:\/\/schema.org","@graph":[{"@type":"Article","@id":"https:\/\/vincentians.com\/es\/vicente-de-paul-documento-027-testamento-de-la-senora-de-gondi\/#article","isPartOf":{"@id":"https:\/\/vincentians.com\/es\/vicente-de-paul-documento-027-testamento-de-la-senora-de-gondi\/"},"author":{"name":"Francisco Javier Fern\u00e1ndez Chento","@id":"http:\/\/vincentians.com\/es\/#\/schema\/person\/9623ef4d9aa3b2dfb8c061f1499288f2"},"headline":"Vicente de Pa\u00fal, Documento 027: Testamento De La Se\u00f1ora De Gondi","datePublished":"2010-01-03T23:10:55+00:00","dateModified":"2016-07-26T17:51:15+00:00","mainEntityOfPage":{"@id":"https:\/\/vincentians.com\/es\/vicente-de-paul-documento-027-testamento-de-la-senora-de-gondi\/"},"wordCount":2874,"commentCount":0,"publisher":{"@id":"http:\/\/vincentians.com\/es\/#organization"},"image":{"@id":"https:\/\/vincentians.com\/es\/vicente-de-paul-documento-027-testamento-de-la-senora-de-gondi\/#primaryimage"},"thumbnailUrl":"https:\/\/i0.wp.com\/vincentians.com\/es\/wp-content\/uploads\/sites\/11\/2016\/07\/escritos-vicente-de-paul.jpg?fit=1200%2C630&ssl=1","keywords":["Gondi","Joigny","Montmirail","Portail","Se\u00f1ora de Gondi","Silly","Villepreux"],"articleSection":["Escritos de Vicente de Pa\u00fal"],"inLanguage":"es","potentialAction":[{"@type":"CommentAction","name":"Comment","target":["https:\/\/vincentians.com\/es\/vicente-de-paul-documento-027-testamento-de-la-senora-de-gondi\/#respond"]}]},{"@type":"WebPage","@id":"https:\/\/vincentians.com\/es\/vicente-de-paul-documento-027-testamento-de-la-senora-de-gondi\/","url":"https:\/\/vincentians.com\/es\/vicente-de-paul-documento-027-testamento-de-la-senora-de-gondi\/","name":"Vicente de Pa\u00fal, Documento 027: Testamento De La Se\u00f1ora De Gondi - Somos Vicencianos","isPartOf":{"@id":"http:\/\/vincentians.com\/es\/#website"},"primaryImageOfPage":{"@id":"https:\/\/vincentians.com\/es\/vicente-de-paul-documento-027-testamento-de-la-senora-de-gondi\/#primaryimage"},"image":{"@id":"https:\/\/vincentians.com\/es\/vicente-de-paul-documento-027-testamento-de-la-senora-de-gondi\/#primaryimage"},"thumbnailUrl":"https:\/\/i0.wp.com\/vincentians.com\/es\/wp-content\/uploads\/sites\/11\/2016\/07\/escritos-vicente-de-paul.jpg?fit=1200%2C630&ssl=1","datePublished":"2010-01-03T23:10:55+00:00","dateModified":"2016-07-26T17:51:15+00:00","breadcrumb":{"@id":"https:\/\/vincentians.com\/es\/vicente-de-paul-documento-027-testamento-de-la-senora-de-gondi\/#breadcrumb"},"inLanguage":"es","potentialAction":[{"@type":"ReadAction","target":["https:\/\/vincentians.com\/es\/vicente-de-paul-documento-027-testamento-de-la-senora-de-gondi\/"]}]},{"@type":"ImageObject","inLanguage":"es","@id":"https:\/\/vincentians.com\/es\/vicente-de-paul-documento-027-testamento-de-la-senora-de-gondi\/#primaryimage","url":"https:\/\/i0.wp.com\/vincentians.com\/es\/wp-content\/uploads\/sites\/11\/2016\/07\/escritos-vicente-de-paul.jpg?fit=1200%2C630&ssl=1","contentUrl":"https:\/\/i0.wp.com\/vincentians.com\/es\/wp-content\/uploads\/sites\/11\/2016\/07\/escritos-vicente-de-paul.jpg?fit=1200%2C630&ssl=1","width":1200,"height":630},{"@type":"BreadcrumbList","@id":"https:\/\/vincentians.com\/es\/vicente-de-paul-documento-027-testamento-de-la-senora-de-gondi\/#breadcrumb","itemListElement":[{"@type":"ListItem","position":1,"name":"Portada","item":"http:\/\/vincentians.com\/es\/"},{"@type":"ListItem","position":2,"name":"Vicente de Pa\u00fal, Documento 027: Testamento De La Se\u00f1ora De Gondi"}]},{"@type":"WebSite","@id":"http:\/\/vincentians.com\/es\/#website","url":"http:\/\/vincentians.com\/es\/","name":"Somos Vicencianos","description":"Know more to serve more","publisher":{"@id":"http:\/\/vincentians.com\/es\/#organization"},"potentialAction":[{"@type":"SearchAction","target":{"@type":"EntryPoint","urlTemplate":"http:\/\/vincentians.com\/es\/?s={search_term_string}"},"query-input":{"@type":"PropertyValueSpecification","valueRequired":true,"valueName":"search_term_string"}}],"inLanguage":"es"},{"@type":"Organization","@id":"http:\/\/vincentians.com\/es\/#organization","name":"The Vincentian Network","url":"http:\/\/vincentians.com\/es\/","logo":{"@type":"ImageObject","inLanguage":"es","@id":"http:\/\/vincentians.com\/es\/#\/schema\/logo\/image\/","url":"https:\/\/i1.wp.com\/vincentians.com\/es\/wp-content\/uploads\/sites\/11\/2016\/06\/Vincentian-Network-logo-big.png?fit=778%2C778","contentUrl":"https:\/\/i1.wp.com\/vincentians.com\/es\/wp-content\/uploads\/sites\/11\/2016\/06\/Vincentian-Network-logo-big.png?fit=778%2C778","width":778,"height":778,"caption":"The Vincentian Network"},"image":{"@id":"http:\/\/vincentians.com\/es\/#\/schema\/logo\/image\/"},"sameAs":["https:\/\/www.facebook.com\/WeAreVincentians\/","https:\/\/x.com\/WeVincentians"]},{"@type":"Person","@id":"http:\/\/vincentians.com\/es\/#\/schema\/person\/9623ef4d9aa3b2dfb8c061f1499288f2","name":"Francisco Javier Fern\u00e1ndez Chento","image":{"@type":"ImageObject","inLanguage":"es","@id":"http:\/\/vincentians.com\/es\/#\/schema\/person\/image\/","url":"https:\/\/secure.gravatar.com\/avatar\/497d5cde87b4c3d097d0315953521681ba2cd523ee66e5077c3711f7021e65de?s=96&d=mm&r=g","contentUrl":"https:\/\/secure.gravatar.com\/avatar\/497d5cde87b4c3d097d0315953521681ba2cd523ee66e5077c3711f7021e65de?s=96&d=mm&r=g","caption":"Francisco Javier Fern\u00e1ndez Chento"},"description":"Director General y cofundador de La Red de Formaci\u00f3n Vicenciana. Javier es laico vicenciano, afiliado a la Congregaci\u00f3n de la Misi\u00f3n y miembro del Equipo de Misiones Populares de la provincia can\u00f3nica de Zaragoza (Espa\u00f1a) de la Congregaci\u00f3n de la Misi\u00f3n. Graduado en la Universidad Oberta de Catalunya con cuatro grados (Asistente de direcci\u00f3n, Gesti\u00f3n Administrativa, Recursos Humanos y Contabilidad Avanzada). Bil\u00edng\u00fce Espa\u00f1ol\/Ingl\u00e9s. gestiona y mantiene varias p\u00e1ginas web cristianas y vicencianas, incluida including La Red de Formaci\u00f3n Vicenciana, de la que es cofundador. Actualmente es responsable del \u00e1rea de Espa\u00f1ol de .famvin, la Red de Noticias de la Familia Vicenciana. Tambi\u00e9n es m\u00fasico cat\u00f3lico y ha editado varios discos. Es Director General y cofundador de Trovador, una reconocida compa\u00f1\u00eda discogr\u00e1fica critiana de Espa\u00f1a. Trabaja en las Tecnolog\u00edas de la Informaci\u00f3n, ofreciendo servicios de alojamiento, dise\u00f1o y mantenimiento Web, as\u00ed como asesoramiento, formaci\u00f3n y soluciones inform\u00e1ticas, gesti\u00f3n documental y digitalizaci\u00f3n de textos, edici\u00f3n y maquetaci\u00f3n de libros, revistas, flyers, etc.","sameAs":["http:\/\/chento.org","https:\/\/www.facebook.com\/JavierChento","https:\/\/x.com\/https:\/\/twitter.com\/javierchento"],"url":"https:\/\/vincentians.com\/es\/author\/chento\/"}]}},"jetpack_publicize_connections":[],"jetpack_featured_media_url":"https:\/\/i0.wp.com\/vincentians.com\/es\/wp-content\/uploads\/sites\/11\/2016\/07\/escritos-vicente-de-paul.jpg?fit=1200%2C630&ssl=1","jetpack_sharing_enabled":true,"jetpack_shortlink":"https:\/\/wp.me\/p7ETMF-X7","jetpack-related-posts":[{"id":121670,"url":"https:\/\/vincentians.com\/es\/san-vicente-de-paul-y-los-gondi-capitulo-09\/","url_meta":{"origin":3665,"position":0},"title":"San Vicente de Pa\u00fal y los Gondi: Cap\u00edtulo 09","author":"Francisco Javier Fern\u00e1ndez Chento","date":"15\/07\/2024","format":false,"excerpt":"Cap\u00edtulo IX Altercado del general de las galeras con el gobernador de Toulon. - Singular predicci\u00f3n de la hermana Margarita del Sant\u00edsimo Sacramento, confirmada por el cardenal de Retz. - Muerte e la se\u00f1ora de Gondi. - Vicente de Pa\u00fal. - Dolor del general de las galeras. - Su entrada\u2026","rel":"","context":"En \u00abVicente de Pa\u00fal\u00bb","block_context":{"text":"Vicente de Pa\u00fal","link":"https:\/\/vincentians.com\/es\/category\/la-familia-vicenciana\/fundadores\/vicente-de-paul\/"},"img":{"alt_text":"","src":"https:\/\/i0.wp.com\/vincentians.com\/es\/wp-content\/uploads\/sites\/11\/2023\/08\/aaaf.jpg?fit=1200%2C827&ssl=1&resize=350%2C200","width":350,"height":200,"srcset":"https:\/\/i0.wp.com\/vincentians.com\/es\/wp-content\/uploads\/sites\/11\/2023\/08\/aaaf.jpg?fit=1200%2C827&ssl=1&resize=350%2C200 1x, https:\/\/i0.wp.com\/vincentians.com\/es\/wp-content\/uploads\/sites\/11\/2023\/08\/aaaf.jpg?fit=1200%2C827&ssl=1&resize=525%2C300 1.5x, https:\/\/i0.wp.com\/vincentians.com\/es\/wp-content\/uploads\/sites\/11\/2023\/08\/aaaf.jpg?fit=1200%2C827&ssl=1&resize=700%2C400 2x, https:\/\/i0.wp.com\/vincentians.com\/es\/wp-content\/uploads\/sites\/11\/2023\/08\/aaaf.jpg?fit=1200%2C827&ssl=1&resize=1050%2C600 3x"},"classes":[]},{"id":121668,"url":"https:\/\/vincentians.com\/es\/san-vicente-de-paul-y-los-gondi-capitulo-11\/","url_meta":{"origin":3665,"position":1},"title":"San Vicente de Pa\u00fal y los Gondi: Cap\u00edtulo 11","author":"Francisco Javier Fern\u00e1ndez Chento","date":"21\/07\/2024","format":false,"excerpt":"Cap\u00edtulo XI El P. de Gondi en el Oratorio. - Carta in\u00e9dita del cardenal Spada. - Fundaciones hechas en el Oratorio por el P. de Gondi y la Sra. de Maignelais. - El P. de Gondi y los Carmelitas. - El P. de Gondi, Vicente de Pa\u00fal y los Jansenistas.\u2026","rel":"","context":"En \u00abVicente de Pa\u00fal\u00bb","block_context":{"text":"Vicente de Pa\u00fal","link":"https:\/\/vincentians.com\/es\/category\/la-familia-vicenciana\/fundadores\/vicente-de-paul\/"},"img":{"alt_text":"","src":"https:\/\/i0.wp.com\/vincentians.com\/es\/wp-content\/uploads\/sites\/11\/2023\/08\/aaaf.jpg?fit=1200%2C827&ssl=1&resize=350%2C200","width":350,"height":200,"srcset":"https:\/\/i0.wp.com\/vincentians.com\/es\/wp-content\/uploads\/sites\/11\/2023\/08\/aaaf.jpg?fit=1200%2C827&ssl=1&resize=350%2C200 1x, https:\/\/i0.wp.com\/vincentians.com\/es\/wp-content\/uploads\/sites\/11\/2023\/08\/aaaf.jpg?fit=1200%2C827&ssl=1&resize=525%2C300 1.5x, https:\/\/i0.wp.com\/vincentians.com\/es\/wp-content\/uploads\/sites\/11\/2023\/08\/aaaf.jpg?fit=1200%2C827&ssl=1&resize=700%2C400 2x, https:\/\/i0.wp.com\/vincentians.com\/es\/wp-content\/uploads\/sites\/11\/2023\/08\/aaaf.jpg?fit=1200%2C827&ssl=1&resize=1050%2C600 3x"},"classes":[]},{"id":136500,"url":"https:\/\/vincentians.com\/es\/oracion-vocacional-en-el-dia-de-la-fundacion-de-la-congregacion-de-la-mision\/","url_meta":{"origin":3665,"position":2},"title":"Oraci\u00f3n vocacional en el d\u00eda de la fundaci\u00f3n de la Congregaci\u00f3n de la Misi\u00f3n","author":"Francisco Javier Fern\u00e1ndez Chento","date":"25\/01\/2016","format":false,"excerpt":"Ambientaci\u00f3n (Preside la oraci\u00f3n el libro de las Constituciones de la CM) Hoy es un d\u00eda muy especial para nosotros. Un momento para considerar dos elementos esenciales a la luz de esta celebraci\u00f3n: el proyecto de vida de Jes\u00fas y el proyecto de vida de Vicente de Pa\u00fal. Son los\u2026","rel":"","context":"En \u00abOraci\u00f3n\u00bb","block_context":{"text":"Oraci\u00f3n","link":"https:\/\/vincentians.com\/es\/category\/espiritualidad\/oracion\/"},"img":{"alt_text":"","src":"https:\/\/i0.wp.com\/vicencianos.org\/wp-content\/uploads\/2015\/01\/sapling-growth-human-offering-1024x611.jpg?resize=350%2C200","width":350,"height":200,"srcset":"https:\/\/i0.wp.com\/vicencianos.org\/wp-content\/uploads\/2015\/01\/sapling-growth-human-offering-1024x611.jpg?resize=350%2C200 1x, https:\/\/i0.wp.com\/vicencianos.org\/wp-content\/uploads\/2015\/01\/sapling-growth-human-offering-1024x611.jpg?resize=525%2C300 1.5x, https:\/\/i0.wp.com\/vicencianos.org\/wp-content\/uploads\/2015\/01\/sapling-growth-human-offering-1024x611.jpg?resize=700%2C400 2x"},"classes":[]},{"id":116232,"url":"https:\/\/vincentians.com\/es\/la-fe-de-san-vicente\/","url_meta":{"origin":3665,"position":3},"title":"La Fe de san Vicente","author":"Francisco Javier Fern\u00e1ndez Chento","date":"14\/10\/2018","format":false,"excerpt":"I. San Vicente: un creyente Para abordar cualquier tema referente a San Vicente, el m\u00e9todo m\u00e1s seguro siempre es el de volver a la experiencia y al recorrido del Fundador. Por temperamento y por formaci\u00f3n, Vicente de Pa\u00fal fue siem\u00adpre un hombre que concedi\u00f3 gran importancia a la vida, al\u2026","rel":"","context":"En \u00abFormaci\u00f3n Vicenciana\u00bb","block_context":{"text":"Formaci\u00f3n Vicenciana","link":"https:\/\/vincentians.com\/es\/category\/formacion-vicenciana\/"},"img":{"alt_text":"","src":"","width":0,"height":0},"classes":[]},{"id":121642,"url":"https:\/\/vincentians.com\/es\/san-vicente-de-paul-y-los-gondi-capitulo-04\/","url_meta":{"origin":3665,"position":4},"title":"San Vicente de Pa\u00fal y los Gondi: Cap\u00edtulo 04","author":"Francisco Javier Fern\u00e1ndez Chento","date":"05\/07\/2024","format":false,"excerpt":"Cap\u00edtulo IV Vicente de Pa\u00fal en la casa del general de las galeras. - Retratos de familia: Felipe Manuel de Gondi, su mujer Margarita de Silly y sus hijos. - Vicente de Pa\u00fal, fundador. Volvamos sobre nuestros pasos y entremos en el castillo de Montmirail donde, hacia el fin del\u2026","rel":"","context":"En \u00abVicente de Pa\u00fal\u00bb","block_context":{"text":"Vicente de Pa\u00fal","link":"https:\/\/vincentians.com\/es\/category\/la-familia-vicenciana\/fundadores\/vicente-de-paul\/"},"img":{"alt_text":"","src":"https:\/\/i0.wp.com\/vincentians.com\/es\/wp-content\/uploads\/sites\/11\/2023\/08\/aaaf.jpg?fit=1200%2C827&ssl=1&resize=350%2C200","width":350,"height":200,"srcset":"https:\/\/i0.wp.com\/vincentians.com\/es\/wp-content\/uploads\/sites\/11\/2023\/08\/aaaf.jpg?fit=1200%2C827&ssl=1&resize=350%2C200 1x, https:\/\/i0.wp.com\/vincentians.com\/es\/wp-content\/uploads\/sites\/11\/2023\/08\/aaaf.jpg?fit=1200%2C827&ssl=1&resize=525%2C300 1.5x, https:\/\/i0.wp.com\/vincentians.com\/es\/wp-content\/uploads\/sites\/11\/2023\/08\/aaaf.jpg?fit=1200%2C827&ssl=1&resize=700%2C400 2x, https:\/\/i0.wp.com\/vincentians.com\/es\/wp-content\/uploads\/sites\/11\/2023\/08\/aaaf.jpg?fit=1200%2C827&ssl=1&resize=1050%2C600 3x"},"classes":[]},{"id":119708,"url":"https:\/\/vincentians.com\/es\/el-senor-vicente-relee-su-vida-todo-entregado-a-dios\/","url_meta":{"origin":3665,"position":5},"title":"El Se\u00f1or Vicente relee su vida: \u201cTodo entregado a Dios\u201d","author":"Francisco Javier Fern\u00e1ndez Chento","date":"29\/03\/2022","format":false,"excerpt":"1618: se pasa una p\u00e1gina grande\u2026 Despu\u00e9s de una larga preparaci\u00f3n, hab\u00eda encontrado confirmaci\u00f3n de mi camino: \"entregado a Dios tras los pasos de Jesucristo, para el servicio de los pobres\". Este movimiento de entrega, prometido en 1615 o 1616, hab\u00eda coincidido con la desaparici\u00f3n de las tentaciones contra la\u2026","rel":"","context":"En \u00abVicente de Pa\u00fal\u00bb","block_context":{"text":"Vicente de Pa\u00fal","link":"https:\/\/vincentians.com\/es\/category\/la-familia-vicenciana\/fundadores\/vicente-de-paul\/"},"img":{"alt_text":"","src":"https:\/\/i0.wp.com\/vincentians.com\/es\/wp-content\/uploads\/sites\/11\/2013\/04\/f-7-scaled.jpg?fit=1200%2C570&ssl=1&resize=350%2C200","width":350,"height":200,"srcset":"https:\/\/i0.wp.com\/vincentians.com\/es\/wp-content\/uploads\/sites\/11\/2013\/04\/f-7-scaled.jpg?fit=1200%2C570&ssl=1&resize=350%2C200 1x, https:\/\/i0.wp.com\/vincentians.com\/es\/wp-content\/uploads\/sites\/11\/2013\/04\/f-7-scaled.jpg?fit=1200%2C570&ssl=1&resize=525%2C300 1.5x, https:\/\/i0.wp.com\/vincentians.com\/es\/wp-content\/uploads\/sites\/11\/2013\/04\/f-7-scaled.jpg?fit=1200%2C570&ssl=1&resize=700%2C400 2x, https:\/\/i0.wp.com\/vincentians.com\/es\/wp-content\/uploads\/sites\/11\/2013\/04\/f-7-scaled.jpg?fit=1200%2C570&ssl=1&resize=1050%2C600 3x"},"classes":[]}],"_links":{"self":[{"href":"https:\/\/vincentians.com\/es\/wp-json\/wp\/v2\/posts\/3665","targetHints":{"allow":["GET"]}}],"collection":[{"href":"https:\/\/vincentians.com\/es\/wp-json\/wp\/v2\/posts"}],"about":[{"href":"https:\/\/vincentians.com\/es\/wp-json\/wp\/v2\/types\/post"}],"author":[{"embeddable":true,"href":"https:\/\/vincentians.com\/es\/wp-json\/wp\/v2\/users\/4"}],"replies":[{"embeddable":true,"href":"https:\/\/vincentians.com\/es\/wp-json\/wp\/v2\/comments?post=3665"}],"version-history":[{"count":0,"href":"https:\/\/vincentians.com\/es\/wp-json\/wp\/v2\/posts\/3665\/revisions"}],"wp:featuredmedia":[{"embeddable":true,"href":"https:\/\/vincentians.com\/es\/wp-json\/wp\/v2\/media\/393753"}],"wp:attachment":[{"href":"https:\/\/vincentians.com\/es\/wp-json\/wp\/v2\/media?parent=3665"}],"wp:term":[{"taxonomy":"category","embeddable":true,"href":"https:\/\/vincentians.com\/es\/wp-json\/wp\/v2\/categories?post=3665"},{"taxonomy":"post_tag","embeddable":true,"href":"https:\/\/vincentians.com\/es\/wp-json\/wp\/v2\/tags?post=3665"}],"curies":[{"name":"wp","href":"https:\/\/api.w.org\/{rel}","templated":true}]}}