{"id":3663,"date":"2010-01-02T10:29:53","date_gmt":"2010-01-02T09:29:53","guid":{"rendered":"http:\/\/www.vicencianos.org\/web\/2010\/01\/02\/vicente-de-paul-documento-025-toma-de-posesion-de-la-parroquia-de-chatillon-por-luis-girard\/"},"modified":"2016-07-26T19:51:15","modified_gmt":"2016-07-26T17:51:15","slug":"vicente-de-paul-documento-025-toma-de-posesion-de-la-parroquia-de-chatillon-por-luis-girard","status":"publish","type":"post","link":"https:\/\/vincentians.com\/es\/vicente-de-paul-documento-025-toma-de-posesion-de-la-parroquia-de-chatillon-por-luis-girard\/","title":{"rendered":"Vicente de Pa\u00fal, Documento 025: Toma De Posesi\u00f3n De La Parroquia De Chatillon Por Luis Girard"},"content":{"rendered":"<p>18 julio 1618<\/p>\n<p>Sea p\u00fablico para todos que el dieciocho de julio por la ma\u00f1ana del a\u00f1o 1618, ante mi el abajo firmante, notario real, y en presencia de los testigos que abajo firman, se present\u00f3 ante la puerta mayor de la iglesia parroquial de Buenens, fundada bajo la advocaci\u00f3n de san Mart\u00edn, el distinguido se\u00f1or Luis Girard, doctor en sagrada teolog\u00eda, de la di\u00f3cesis de Li\u00f3n, que dijo y demostr\u00f3 que, seg\u00fan la resignaci\u00f3n hecha por el distinguido sacerdote Vicente de Pa\u00fal, p\u00e1rroco de dicha iglesia y de la iglesia de san Andr\u00e9s de Ch\u00e2tillon, dedicada a san Andr\u00e9s y aneja suya, ante el se\u00f1or Combret, para resignar dicha parroquia en manos de Su Santidad o de cualquier otro con poderes para ello, recibida por el se\u00f1or Tom\u00e1s Gallot, notario episcopal de Par\u00eds, el d\u00eda \u00faltimo de enero del presente a\u00f1o, ha sido provisto de dicha parroquia de san Mart\u00edn de Buenens&#8230;, tal como demuestra por sus cartas&#8230;, que ha exhibido al se\u00f1or Pedro Genoud, sacerdote agregado a dicha iglesia de san Andr\u00e9s de Ch\u00e2tillon&#8230;<\/p>\n","protected":false},"excerpt":{"rendered":"<p>18 julio 1618 Sea p\u00fablico para todos que el dieciocho de julio por la ma\u00f1ana del a\u00f1o 1618, ante mi el abajo firmante, notario real, y en presencia de los testigos que abajo firman, se &#8230; <a href=\"https:\/\/vincentians.com\/es\/vicente-de-paul-documento-025-toma-de-posesion-de-la-parroquia-de-chatillon-por-luis-girard\/\" class=\"more-link\">Read More<\/a><\/p>\n","protected":false},"author":4,"featured_media":393753,"comment_status":"open","ping_status":"open","sticky":false,"template":"","format":"standard","meta":{"jetpack_post_was_ever_published":false,"_jetpack_newsletter_access":"","_jetpack_dont_email_post_to_subs":false,"_jetpack_newsletter_tier_id":0,"_jetpack_memberships_contains_paywalled_content":false,"_jetpack_memberships_contains_paid_content":false,"footnotes":"","jetpack_publicize_message":"","jetpack_publicize_feature_enabled":true,"jetpack_social_post_already_shared":true,"jetpack_social_options":{"image_generator_settings":{"template":"highway","default_image_id":0,"font":"","enabled":false},"version":2}},"categories":[65],"tags":[173,191],"class_list":["post-3663","post","type-post","status-publish","format-standard","has-post-thumbnail","hentry","category-escritos-de-vicente-de-paul","tag-chatillon-les-dombes","tag-gallot"],"yoast_head":"<!-- This site is optimized with the Yoast SEO plugin v26.3 - https:\/\/yoast.com\/wordpress\/plugins\/seo\/ -->\n<title>Vicente de Pa\u00fal, Documento 025: Toma De Posesi\u00f3n De La Parroquia De Chatillon Por Luis Girard - Somos Vicencianos<\/title>\n<meta name=\"robots\" content=\"index, follow, max-snippet:-1, max-image-preview:large, max-video-preview:-1\" \/>\n<link rel=\"canonical\" href=\"https:\/\/vincentians.com\/es\/vicente-de-paul-documento-025-toma-de-posesion-de-la-parroquia-de-chatillon-por-luis-girard\/\" \/>\n<meta property=\"og:locale\" content=\"es_ES\" \/>\n<meta property=\"og:type\" content=\"article\" \/>\n<meta property=\"og:title\" content=\"Vicente de Pa\u00fal, Documento 025: Toma De Posesi\u00f3n De La Parroquia De Chatillon Por Luis Girard - Somos Vicencianos\" \/>\n<meta property=\"og:description\" content=\"18 julio 1618 Sea p\u00fablico para todos que el dieciocho de julio por la ma\u00f1ana del a\u00f1o 1618, ante mi el abajo firmante, notario real, y en presencia de los testigos que abajo firman, se ... Read More\" \/>\n<meta property=\"og:url\" content=\"https:\/\/vincentians.com\/es\/vicente-de-paul-documento-025-toma-de-posesion-de-la-parroquia-de-chatillon-por-luis-girard\/\" \/>\n<meta property=\"og:site_name\" content=\"Somos Vicencianos\" \/>\n<meta property=\"article:publisher\" content=\"https:\/\/www.facebook.com\/WeAreVincentians\/\" \/>\n<meta property=\"article:author\" content=\"https:\/\/www.facebook.com\/JavierChento\" \/>\n<meta property=\"article:published_time\" content=\"2010-01-02T09:29:53+00:00\" \/>\n<meta property=\"article:modified_time\" content=\"2016-07-26T17:51:15+00:00\" \/>\n<meta property=\"og:image\" content=\"https:\/\/i0.wp.com\/vincentians.com\/es\/wp-content\/uploads\/sites\/11\/2016\/07\/escritos-vicente-de-paul.jpg?fit=1200%2C630&ssl=1\" \/>\n\t<meta property=\"og:image:width\" content=\"1200\" \/>\n\t<meta property=\"og:image:height\" content=\"630\" \/>\n\t<meta property=\"og:image:type\" content=\"image\/jpeg\" \/>\n<meta name=\"author\" content=\"Francisco Javier Fern\u00e1ndez Chento\" \/>\n<meta name=\"twitter:card\" content=\"summary_large_image\" \/>\n<meta name=\"twitter:creator\" content=\"@https:\/\/twitter.com\/javierchento\" \/>\n<meta name=\"twitter:site\" content=\"@WeVincentians\" \/>\n<meta name=\"twitter:label1\" content=\"Escrito por\" \/>\n\t<meta name=\"twitter:data1\" content=\"Francisco Javier Fern\u00e1ndez Chento\" \/>\n\t<meta name=\"twitter:label2\" content=\"Tiempo de lectura\" \/>\n\t<meta name=\"twitter:data2\" content=\"1 minuto\" \/>\n<script type=\"application\/ld+json\" class=\"yoast-schema-graph\">{\"@context\":\"https:\/\/schema.org\",\"@graph\":[{\"@type\":\"Article\",\"@id\":\"https:\/\/vincentians.com\/es\/vicente-de-paul-documento-025-toma-de-posesion-de-la-parroquia-de-chatillon-por-luis-girard\/#article\",\"isPartOf\":{\"@id\":\"https:\/\/vincentians.com\/es\/vicente-de-paul-documento-025-toma-de-posesion-de-la-parroquia-de-chatillon-por-luis-girard\/\"},\"author\":{\"name\":\"Francisco Javier Fern\u00e1ndez Chento\",\"@id\":\"http:\/\/vincentians.com\/es\/#\/schema\/person\/9623ef4d9aa3b2dfb8c061f1499288f2\"},\"headline\":\"Vicente de Pa\u00fal, Documento 025: Toma De Posesi\u00f3n De La Parroquia De Chatillon Por Luis Girard\",\"datePublished\":\"2010-01-02T09:29:53+00:00\",\"dateModified\":\"2016-07-26T17:51:15+00:00\",\"mainEntityOfPage\":{\"@id\":\"https:\/\/vincentians.com\/es\/vicente-de-paul-documento-025-toma-de-posesion-de-la-parroquia-de-chatillon-por-luis-girard\/\"},\"wordCount\":216,\"commentCount\":0,\"publisher\":{\"@id\":\"http:\/\/vincentians.com\/es\/#organization\"},\"image\":{\"@id\":\"https:\/\/vincentians.com\/es\/vicente-de-paul-documento-025-toma-de-posesion-de-la-parroquia-de-chatillon-por-luis-girard\/#primaryimage\"},\"thumbnailUrl\":\"https:\/\/i0.wp.com\/vincentians.com\/es\/wp-content\/uploads\/sites\/11\/2016\/07\/escritos-vicente-de-paul.jpg?fit=1200%2C630&ssl=1\",\"keywords\":[\"Chatillon\",\"Gallot\"],\"articleSection\":[\"Escritos de Vicente de Pa\u00fal\"],\"inLanguage\":\"es\",\"potentialAction\":[{\"@type\":\"CommentAction\",\"name\":\"Comment\",\"target\":[\"https:\/\/vincentians.com\/es\/vicente-de-paul-documento-025-toma-de-posesion-de-la-parroquia-de-chatillon-por-luis-girard\/#respond\"]}]},{\"@type\":\"WebPage\",\"@id\":\"https:\/\/vincentians.com\/es\/vicente-de-paul-documento-025-toma-de-posesion-de-la-parroquia-de-chatillon-por-luis-girard\/\",\"url\":\"https:\/\/vincentians.com\/es\/vicente-de-paul-documento-025-toma-de-posesion-de-la-parroquia-de-chatillon-por-luis-girard\/\",\"name\":\"Vicente de Pa\u00fal, Documento 025: Toma De Posesi\u00f3n De La Parroquia De Chatillon Por Luis Girard - Somos Vicencianos\",\"isPartOf\":{\"@id\":\"http:\/\/vincentians.com\/es\/#website\"},\"primaryImageOfPage\":{\"@id\":\"https:\/\/vincentians.com\/es\/vicente-de-paul-documento-025-toma-de-posesion-de-la-parroquia-de-chatillon-por-luis-girard\/#primaryimage\"},\"image\":{\"@id\":\"https:\/\/vincentians.com\/es\/vicente-de-paul-documento-025-toma-de-posesion-de-la-parroquia-de-chatillon-por-luis-girard\/#primaryimage\"},\"thumbnailUrl\":\"https:\/\/i0.wp.com\/vincentians.com\/es\/wp-content\/uploads\/sites\/11\/2016\/07\/escritos-vicente-de-paul.jpg?fit=1200%2C630&ssl=1\",\"datePublished\":\"2010-01-02T09:29:53+00:00\",\"dateModified\":\"2016-07-26T17:51:15+00:00\",\"breadcrumb\":{\"@id\":\"https:\/\/vincentians.com\/es\/vicente-de-paul-documento-025-toma-de-posesion-de-la-parroquia-de-chatillon-por-luis-girard\/#breadcrumb\"},\"inLanguage\":\"es\",\"potentialAction\":[{\"@type\":\"ReadAction\",\"target\":[\"https:\/\/vincentians.com\/es\/vicente-de-paul-documento-025-toma-de-posesion-de-la-parroquia-de-chatillon-por-luis-girard\/\"]}]},{\"@type\":\"ImageObject\",\"inLanguage\":\"es\",\"@id\":\"https:\/\/vincentians.com\/es\/vicente-de-paul-documento-025-toma-de-posesion-de-la-parroquia-de-chatillon-por-luis-girard\/#primaryimage\",\"url\":\"https:\/\/i0.wp.com\/vincentians.com\/es\/wp-content\/uploads\/sites\/11\/2016\/07\/escritos-vicente-de-paul.jpg?fit=1200%2C630&ssl=1\",\"contentUrl\":\"https:\/\/i0.wp.com\/vincentians.com\/es\/wp-content\/uploads\/sites\/11\/2016\/07\/escritos-vicente-de-paul.jpg?fit=1200%2C630&ssl=1\",\"width\":1200,\"height\":630},{\"@type\":\"BreadcrumbList\",\"@id\":\"https:\/\/vincentians.com\/es\/vicente-de-paul-documento-025-toma-de-posesion-de-la-parroquia-de-chatillon-por-luis-girard\/#breadcrumb\",\"itemListElement\":[{\"@type\":\"ListItem\",\"position\":1,\"name\":\"Portada\",\"item\":\"http:\/\/vincentians.com\/es\/\"},{\"@type\":\"ListItem\",\"position\":2,\"name\":\"Vicente de Pa\u00fal, Documento 025: Toma De Posesi\u00f3n De La Parroquia De Chatillon Por Luis Girard\"}]},{\"@type\":\"WebSite\",\"@id\":\"http:\/\/vincentians.com\/es\/#website\",\"url\":\"http:\/\/vincentians.com\/es\/\",\"name\":\"Somos Vicencianos\",\"description\":\"Know more to serve more\",\"publisher\":{\"@id\":\"http:\/\/vincentians.com\/es\/#organization\"},\"potentialAction\":[{\"@type\":\"SearchAction\",\"target\":{\"@type\":\"EntryPoint\",\"urlTemplate\":\"http:\/\/vincentians.com\/es\/?s={search_term_string}\"},\"query-input\":{\"@type\":\"PropertyValueSpecification\",\"valueRequired\":true,\"valueName\":\"search_term_string\"}}],\"inLanguage\":\"es\"},{\"@type\":\"Organization\",\"@id\":\"http:\/\/vincentians.com\/es\/#organization\",\"name\":\"The Vincentian Network\",\"url\":\"http:\/\/vincentians.com\/es\/\",\"logo\":{\"@type\":\"ImageObject\",\"inLanguage\":\"es\",\"@id\":\"http:\/\/vincentians.com\/es\/#\/schema\/logo\/image\/\",\"url\":\"https:\/\/i1.wp.com\/vincentians.com\/es\/wp-content\/uploads\/sites\/11\/2016\/06\/Vincentian-Network-logo-big.png?fit=778%2C778\",\"contentUrl\":\"https:\/\/i1.wp.com\/vincentians.com\/es\/wp-content\/uploads\/sites\/11\/2016\/06\/Vincentian-Network-logo-big.png?fit=778%2C778\",\"width\":778,\"height\":778,\"caption\":\"The Vincentian Network\"},\"image\":{\"@id\":\"http:\/\/vincentians.com\/es\/#\/schema\/logo\/image\/\"},\"sameAs\":[\"https:\/\/www.facebook.com\/WeAreVincentians\/\",\"https:\/\/x.com\/WeVincentians\"]},{\"@type\":\"Person\",\"@id\":\"http:\/\/vincentians.com\/es\/#\/schema\/person\/9623ef4d9aa3b2dfb8c061f1499288f2\",\"name\":\"Francisco Javier Fern\u00e1ndez Chento\",\"image\":{\"@type\":\"ImageObject\",\"inLanguage\":\"es\",\"@id\":\"http:\/\/vincentians.com\/es\/#\/schema\/person\/image\/\",\"url\":\"https:\/\/secure.gravatar.com\/avatar\/497d5cde87b4c3d097d0315953521681ba2cd523ee66e5077c3711f7021e65de?s=96&d=mm&r=g\",\"contentUrl\":\"https:\/\/secure.gravatar.com\/avatar\/497d5cde87b4c3d097d0315953521681ba2cd523ee66e5077c3711f7021e65de?s=96&d=mm&r=g\",\"caption\":\"Francisco Javier Fern\u00e1ndez Chento\"},\"description\":\"Director General y cofundador de La Red de Formaci\u00f3n Vicenciana. Javier es laico vicenciano, afiliado a la Congregaci\u00f3n de la Misi\u00f3n y miembro del Equipo de Misiones Populares de la provincia can\u00f3nica de Zaragoza (Espa\u00f1a) de la Congregaci\u00f3n de la Misi\u00f3n. Graduado en la Universidad Oberta de Catalunya con cuatro grados (Asistente de direcci\u00f3n, Gesti\u00f3n Administrativa, Recursos Humanos y Contabilidad Avanzada). Bil\u00edng\u00fce Espa\u00f1ol\/Ingl\u00e9s. gestiona y mantiene varias p\u00e1ginas web cristianas y vicencianas, incluida including La Red de Formaci\u00f3n Vicenciana, de la que es cofundador. Actualmente es responsable del \u00e1rea de Espa\u00f1ol de .famvin, la Red de Noticias de la Familia Vicenciana. Tambi\u00e9n es m\u00fasico cat\u00f3lico y ha editado varios discos. Es Director General y cofundador de Trovador, una reconocida compa\u00f1\u00eda discogr\u00e1fica critiana de Espa\u00f1a. Trabaja en las Tecnolog\u00edas de la Informaci\u00f3n, ofreciendo servicios de alojamiento, dise\u00f1o y mantenimiento Web, as\u00ed como asesoramiento, formaci\u00f3n y soluciones inform\u00e1ticas, gesti\u00f3n documental y digitalizaci\u00f3n de textos, edici\u00f3n y maquetaci\u00f3n de libros, revistas, flyers, etc.\",\"sameAs\":[\"http:\/\/chento.org\",\"https:\/\/www.facebook.com\/JavierChento\",\"https:\/\/x.com\/https:\/\/twitter.com\/javierchento\"],\"url\":\"https:\/\/vincentians.com\/es\/author\/chento\/\"}]}<\/script>\n<!-- \/ Yoast SEO plugin. -->","yoast_head_json":{"title":"Vicente de Pa\u00fal, Documento 025: Toma De Posesi\u00f3n De La Parroquia De Chatillon Por Luis Girard - Somos Vicencianos","robots":{"index":"index","follow":"follow","max-snippet":"max-snippet:-1","max-image-preview":"max-image-preview:large","max-video-preview":"max-video-preview:-1"},"canonical":"https:\/\/vincentians.com\/es\/vicente-de-paul-documento-025-toma-de-posesion-de-la-parroquia-de-chatillon-por-luis-girard\/","og_locale":"es_ES","og_type":"article","og_title":"Vicente de Pa\u00fal, Documento 025: Toma De Posesi\u00f3n De La Parroquia De Chatillon Por Luis Girard - Somos Vicencianos","og_description":"18 julio 1618 Sea p\u00fablico para todos que el dieciocho de julio por la ma\u00f1ana del a\u00f1o 1618, ante mi el abajo firmante, notario real, y en presencia de los testigos que abajo firman, se ... Read More","og_url":"https:\/\/vincentians.com\/es\/vicente-de-paul-documento-025-toma-de-posesion-de-la-parroquia-de-chatillon-por-luis-girard\/","og_site_name":"Somos Vicencianos","article_publisher":"https:\/\/www.facebook.com\/WeAreVincentians\/","article_author":"https:\/\/www.facebook.com\/JavierChento","article_published_time":"2010-01-02T09:29:53+00:00","article_modified_time":"2016-07-26T17:51:15+00:00","og_image":[{"width":1200,"height":630,"url":"https:\/\/i0.wp.com\/vincentians.com\/es\/wp-content\/uploads\/sites\/11\/2016\/07\/escritos-vicente-de-paul.jpg?fit=1200%2C630&ssl=1","type":"image\/jpeg"}],"author":"Francisco Javier Fern\u00e1ndez Chento","twitter_card":"summary_large_image","twitter_creator":"@https:\/\/twitter.com\/javierchento","twitter_site":"@WeVincentians","twitter_misc":{"Escrito por":"Francisco Javier Fern\u00e1ndez Chento","Tiempo de lectura":"1 minuto"},"schema":{"@context":"https:\/\/schema.org","@graph":[{"@type":"Article","@id":"https:\/\/vincentians.com\/es\/vicente-de-paul-documento-025-toma-de-posesion-de-la-parroquia-de-chatillon-por-luis-girard\/#article","isPartOf":{"@id":"https:\/\/vincentians.com\/es\/vicente-de-paul-documento-025-toma-de-posesion-de-la-parroquia-de-chatillon-por-luis-girard\/"},"author":{"name":"Francisco Javier Fern\u00e1ndez Chento","@id":"http:\/\/vincentians.com\/es\/#\/schema\/person\/9623ef4d9aa3b2dfb8c061f1499288f2"},"headline":"Vicente de Pa\u00fal, Documento 025: Toma De Posesi\u00f3n De La Parroquia De Chatillon Por Luis Girard","datePublished":"2010-01-02T09:29:53+00:00","dateModified":"2016-07-26T17:51:15+00:00","mainEntityOfPage":{"@id":"https:\/\/vincentians.com\/es\/vicente-de-paul-documento-025-toma-de-posesion-de-la-parroquia-de-chatillon-por-luis-girard\/"},"wordCount":216,"commentCount":0,"publisher":{"@id":"http:\/\/vincentians.com\/es\/#organization"},"image":{"@id":"https:\/\/vincentians.com\/es\/vicente-de-paul-documento-025-toma-de-posesion-de-la-parroquia-de-chatillon-por-luis-girard\/#primaryimage"},"thumbnailUrl":"https:\/\/i0.wp.com\/vincentians.com\/es\/wp-content\/uploads\/sites\/11\/2016\/07\/escritos-vicente-de-paul.jpg?fit=1200%2C630&ssl=1","keywords":["Chatillon","Gallot"],"articleSection":["Escritos de Vicente de Pa\u00fal"],"inLanguage":"es","potentialAction":[{"@type":"CommentAction","name":"Comment","target":["https:\/\/vincentians.com\/es\/vicente-de-paul-documento-025-toma-de-posesion-de-la-parroquia-de-chatillon-por-luis-girard\/#respond"]}]},{"@type":"WebPage","@id":"https:\/\/vincentians.com\/es\/vicente-de-paul-documento-025-toma-de-posesion-de-la-parroquia-de-chatillon-por-luis-girard\/","url":"https:\/\/vincentians.com\/es\/vicente-de-paul-documento-025-toma-de-posesion-de-la-parroquia-de-chatillon-por-luis-girard\/","name":"Vicente de Pa\u00fal, Documento 025: Toma De Posesi\u00f3n De La Parroquia De Chatillon Por Luis Girard - Somos Vicencianos","isPartOf":{"@id":"http:\/\/vincentians.com\/es\/#website"},"primaryImageOfPage":{"@id":"https:\/\/vincentians.com\/es\/vicente-de-paul-documento-025-toma-de-posesion-de-la-parroquia-de-chatillon-por-luis-girard\/#primaryimage"},"image":{"@id":"https:\/\/vincentians.com\/es\/vicente-de-paul-documento-025-toma-de-posesion-de-la-parroquia-de-chatillon-por-luis-girard\/#primaryimage"},"thumbnailUrl":"https:\/\/i0.wp.com\/vincentians.com\/es\/wp-content\/uploads\/sites\/11\/2016\/07\/escritos-vicente-de-paul.jpg?fit=1200%2C630&ssl=1","datePublished":"2010-01-02T09:29:53+00:00","dateModified":"2016-07-26T17:51:15+00:00","breadcrumb":{"@id":"https:\/\/vincentians.com\/es\/vicente-de-paul-documento-025-toma-de-posesion-de-la-parroquia-de-chatillon-por-luis-girard\/#breadcrumb"},"inLanguage":"es","potentialAction":[{"@type":"ReadAction","target":["https:\/\/vincentians.com\/es\/vicente-de-paul-documento-025-toma-de-posesion-de-la-parroquia-de-chatillon-por-luis-girard\/"]}]},{"@type":"ImageObject","inLanguage":"es","@id":"https:\/\/vincentians.com\/es\/vicente-de-paul-documento-025-toma-de-posesion-de-la-parroquia-de-chatillon-por-luis-girard\/#primaryimage","url":"https:\/\/i0.wp.com\/vincentians.com\/es\/wp-content\/uploads\/sites\/11\/2016\/07\/escritos-vicente-de-paul.jpg?fit=1200%2C630&ssl=1","contentUrl":"https:\/\/i0.wp.com\/vincentians.com\/es\/wp-content\/uploads\/sites\/11\/2016\/07\/escritos-vicente-de-paul.jpg?fit=1200%2C630&ssl=1","width":1200,"height":630},{"@type":"BreadcrumbList","@id":"https:\/\/vincentians.com\/es\/vicente-de-paul-documento-025-toma-de-posesion-de-la-parroquia-de-chatillon-por-luis-girard\/#breadcrumb","itemListElement":[{"@type":"ListItem","position":1,"name":"Portada","item":"http:\/\/vincentians.com\/es\/"},{"@type":"ListItem","position":2,"name":"Vicente de Pa\u00fal, Documento 025: Toma De Posesi\u00f3n De La Parroquia De Chatillon Por Luis Girard"}]},{"@type":"WebSite","@id":"http:\/\/vincentians.com\/es\/#website","url":"http:\/\/vincentians.com\/es\/","name":"Somos Vicencianos","description":"Know more to serve more","publisher":{"@id":"http:\/\/vincentians.com\/es\/#organization"},"potentialAction":[{"@type":"SearchAction","target":{"@type":"EntryPoint","urlTemplate":"http:\/\/vincentians.com\/es\/?s={search_term_string}"},"query-input":{"@type":"PropertyValueSpecification","valueRequired":true,"valueName":"search_term_string"}}],"inLanguage":"es"},{"@type":"Organization","@id":"http:\/\/vincentians.com\/es\/#organization","name":"The Vincentian Network","url":"http:\/\/vincentians.com\/es\/","logo":{"@type":"ImageObject","inLanguage":"es","@id":"http:\/\/vincentians.com\/es\/#\/schema\/logo\/image\/","url":"https:\/\/i1.wp.com\/vincentians.com\/es\/wp-content\/uploads\/sites\/11\/2016\/06\/Vincentian-Network-logo-big.png?fit=778%2C778","contentUrl":"https:\/\/i1.wp.com\/vincentians.com\/es\/wp-content\/uploads\/sites\/11\/2016\/06\/Vincentian-Network-logo-big.png?fit=778%2C778","width":778,"height":778,"caption":"The Vincentian Network"},"image":{"@id":"http:\/\/vincentians.com\/es\/#\/schema\/logo\/image\/"},"sameAs":["https:\/\/www.facebook.com\/WeAreVincentians\/","https:\/\/x.com\/WeVincentians"]},{"@type":"Person","@id":"http:\/\/vincentians.com\/es\/#\/schema\/person\/9623ef4d9aa3b2dfb8c061f1499288f2","name":"Francisco Javier Fern\u00e1ndez Chento","image":{"@type":"ImageObject","inLanguage":"es","@id":"http:\/\/vincentians.com\/es\/#\/schema\/person\/image\/","url":"https:\/\/secure.gravatar.com\/avatar\/497d5cde87b4c3d097d0315953521681ba2cd523ee66e5077c3711f7021e65de?s=96&d=mm&r=g","contentUrl":"https:\/\/secure.gravatar.com\/avatar\/497d5cde87b4c3d097d0315953521681ba2cd523ee66e5077c3711f7021e65de?s=96&d=mm&r=g","caption":"Francisco Javier Fern\u00e1ndez Chento"},"description":"Director General y cofundador de La Red de Formaci\u00f3n Vicenciana. Javier es laico vicenciano, afiliado a la Congregaci\u00f3n de la Misi\u00f3n y miembro del Equipo de Misiones Populares de la provincia can\u00f3nica de Zaragoza (Espa\u00f1a) de la Congregaci\u00f3n de la Misi\u00f3n. Graduado en la Universidad Oberta de Catalunya con cuatro grados (Asistente de direcci\u00f3n, Gesti\u00f3n Administrativa, Recursos Humanos y Contabilidad Avanzada). Bil\u00edng\u00fce Espa\u00f1ol\/Ingl\u00e9s. gestiona y mantiene varias p\u00e1ginas web cristianas y vicencianas, incluida including La Red de Formaci\u00f3n Vicenciana, de la que es cofundador. Actualmente es responsable del \u00e1rea de Espa\u00f1ol de .famvin, la Red de Noticias de la Familia Vicenciana. Tambi\u00e9n es m\u00fasico cat\u00f3lico y ha editado varios discos. Es Director General y cofundador de Trovador, una reconocida compa\u00f1\u00eda discogr\u00e1fica critiana de Espa\u00f1a. Trabaja en las Tecnolog\u00edas de la Informaci\u00f3n, ofreciendo servicios de alojamiento, dise\u00f1o y mantenimiento Web, as\u00ed como asesoramiento, formaci\u00f3n y soluciones inform\u00e1ticas, gesti\u00f3n documental y digitalizaci\u00f3n de textos, edici\u00f3n y maquetaci\u00f3n de libros, revistas, flyers, etc.","sameAs":["http:\/\/chento.org","https:\/\/www.facebook.com\/JavierChento","https:\/\/x.com\/https:\/\/twitter.com\/javierchento"],"url":"https:\/\/vincentians.com\/es\/author\/chento\/"}]}},"jetpack_publicize_connections":[],"jetpack_featured_media_url":"https:\/\/i0.wp.com\/vincentians.com\/es\/wp-content\/uploads\/sites\/11\/2016\/07\/escritos-vicente-de-paul.jpg?fit=1200%2C630&ssl=1","jetpack_sharing_enabled":true,"jetpack_shortlink":"https:\/\/wp.me\/p7ETMF-X5","jetpack-related-posts":[{"id":119707,"url":"https:\/\/vincentians.com\/es\/el-senor-vicente-relee-su-vida-chatillon\/","url_meta":{"origin":3663,"position":0},"title":"El Se\u00f1or Vicente relee su vida: Ch\u00e2tillon","author":"Francisco Javier Fern\u00e1ndez Chento","date":"25\/03\/2022","format":false,"excerpt":"En los mismos inicios de 1617, yo quer\u00eda darme plenamente a la evangelizaci\u00f3n, ahora bien era dif\u00edcil de llevar al mismo tiempo el cargo de preceptor, de capell\u00e1n personal de la Se\u00f1ora de Gondi y el de pastor. El Padre de B\u00e9rulle me propon\u00eda este curato de Buenens y Ch\u00e2tillon.\u2026","rel":"","context":"En \u00abVicente de Pa\u00fal\u00bb","block_context":{"text":"Vicente de Pa\u00fal","link":"https:\/\/vincentians.com\/es\/category\/la-familia-vicenciana\/fundadores\/vicente-de-paul\/"},"img":{"alt_text":"","src":"https:\/\/i0.wp.com\/vincentians.com\/es\/wp-content\/uploads\/sites\/11\/2013\/04\/e-4.jpg?fit=976%2C570&ssl=1&resize=350%2C200","width":350,"height":200,"srcset":"https:\/\/i0.wp.com\/vincentians.com\/es\/wp-content\/uploads\/sites\/11\/2013\/04\/e-4.jpg?fit=976%2C570&ssl=1&resize=350%2C200 1x, https:\/\/i0.wp.com\/vincentians.com\/es\/wp-content\/uploads\/sites\/11\/2013\/04\/e-4.jpg?fit=976%2C570&ssl=1&resize=525%2C300 1.5x, https:\/\/i0.wp.com\/vincentians.com\/es\/wp-content\/uploads\/sites\/11\/2013\/04\/e-4.jpg?fit=976%2C570&ssl=1&resize=700%2C400 2x"},"classes":[]},{"id":3661,"url":"https:\/\/vincentians.com\/es\/vicente-de-paul-documento-023-acta-de-toma-de-posesion-de-la-parroquia-de-chatillon-les-dombes\/","url_meta":{"origin":3663,"position":1},"title":"Vicente de Pa\u00fal, Documento 023: Acta De Toma De Posesi\u00f3n De La Parroquia De Chatillon-Les-Dombes","author":"Francisco Javier Fern\u00e1ndez Chento","date":"31\/12\/2009","format":false,"excerpt":"1 agosto 1617 Sea universalmente notorio que el d\u00eda primero de agosto de 1617, por la tarde, ante m\u00ed el abajo firmante, notario real, y en presencia de los testigos que abajo firman, se present\u00f3 ante la puerta mayor de la iglesia parroquial de Buenens, dedicada a san Mart\u00edn, el\u2026","rel":"","context":"En \u00abEscritos de Vicente de Pa\u00fal\u00bb","block_context":{"text":"Escritos de Vicente de Pa\u00fal","link":"https:\/\/vincentians.com\/es\/category\/escritos\/escritos-de-vicente-de-paul\/"},"img":{"alt_text":"","src":"https:\/\/i0.wp.com\/vincentians.com\/es\/wp-content\/uploads\/sites\/11\/2016\/07\/escritos-vicente-de-paul.jpg?fit=1200%2C630&ssl=1&resize=350%2C200","width":350,"height":200,"srcset":"https:\/\/i0.wp.com\/vincentians.com\/es\/wp-content\/uploads\/sites\/11\/2016\/07\/escritos-vicente-de-paul.jpg?fit=1200%2C630&ssl=1&resize=350%2C200 1x, https:\/\/i0.wp.com\/vincentians.com\/es\/wp-content\/uploads\/sites\/11\/2016\/07\/escritos-vicente-de-paul.jpg?fit=1200%2C630&ssl=1&resize=525%2C300 1.5x, https:\/\/i0.wp.com\/vincentians.com\/es\/wp-content\/uploads\/sites\/11\/2016\/07\/escritos-vicente-de-paul.jpg?fit=1200%2C630&ssl=1&resize=700%2C400 2x, https:\/\/i0.wp.com\/vincentians.com\/es\/wp-content\/uploads\/sites\/11\/2016\/07\/escritos-vicente-de-paul.jpg?fit=1200%2C630&ssl=1&resize=1050%2C600 3x"},"classes":[]},{"id":387857,"url":"https:\/\/vincentians.com\/es\/san-vicente-amigo-de-los-pobres-anos-de-prueba-y-ensayo-1617-1625\/","url_meta":{"origin":3663,"position":2},"title":"San Vicente: Amigo de los pobres: a\u00f1os de prueba y ensayo (1617-1625)","author":"Mitxel Olabu\u00e9naga","date":"13\/10\/2016","format":false,"excerpt":"Por segunda vez, en casa de los Gondi En el palacio, suced\u00edan cosas extra\u00f1as. \u00abLa princesa estaba triste.\u00bb Muy triste. Margarita no conciliaba el sue\u00f1o por las noches. Todo era un continuo insomnio. Cuando se levantaba, cada ma\u00f1ana, abrigaba una leve esperanza: \u00bfSer\u00e1 hoy? Pero, se desvanec\u00eda seg\u00fan iba avanzando\u2026","rel":"","context":"En \u00abFormaci\u00f3n Vicenciana\u00bb","block_context":{"text":"Formaci\u00f3n Vicenciana","link":"https:\/\/vincentians.com\/es\/category\/formacion-vicenciana\/"},"img":{"alt_text":"","src":"https:\/\/i0.wp.com\/vincentians.com\/es\/wp-content\/uploads\/sites\/11\/2016\/07\/st-vincent-de-paul.jpg?fit=1200%2C630&ssl=1&resize=350%2C200","width":350,"height":200,"srcset":"https:\/\/i0.wp.com\/vincentians.com\/es\/wp-content\/uploads\/sites\/11\/2016\/07\/st-vincent-de-paul.jpg?fit=1200%2C630&ssl=1&resize=350%2C200 1x, https:\/\/i0.wp.com\/vincentians.com\/es\/wp-content\/uploads\/sites\/11\/2016\/07\/st-vincent-de-paul.jpg?fit=1200%2C630&ssl=1&resize=525%2C300 1.5x, https:\/\/i0.wp.com\/vincentians.com\/es\/wp-content\/uploads\/sites\/11\/2016\/07\/st-vincent-de-paul.jpg?fit=1200%2C630&ssl=1&resize=700%2C400 2x, https:\/\/i0.wp.com\/vincentians.com\/es\/wp-content\/uploads\/sites\/11\/2016\/07\/st-vincent-de-paul.jpg?fit=1200%2C630&ssl=1&resize=1050%2C600 3x"},"classes":[]},{"id":121663,"url":"https:\/\/vincentians.com\/es\/san-vicente-de-paul-y-los-gondi-capitulo-06\/","url_meta":{"origin":3663,"position":3},"title":"San Vicente de Pa\u00fal y los Gondi: Cap\u00edtulo 06","author":"Francisco Javier Fern\u00e1ndez Chento","date":"09\/07\/2024","format":false,"excerpt":"Cap\u00edtulo VI Vicente de Pa\u00fal en Ch\u00e2tillon-lez-Dombes. - Primera fundaci\u00f3n de una asociaci\u00f3n de sirvientas para los pobres. - Vuelta de Vicente a la casa de los Gondi. - Misiones en sus dominios. - Vicente de Pa\u00fal capell\u00e1n real de las galeras. Al llegar a Ch\u00e2tillon-lez-Dombes, Vicente de Pa\u00fal encontr\u00f3\u2026","rel":"","context":"En \u00abVicente de Pa\u00fal\u00bb","block_context":{"text":"Vicente de Pa\u00fal","link":"https:\/\/vincentians.com\/es\/category\/la-familia-vicenciana\/fundadores\/vicente-de-paul\/"},"img":{"alt_text":"","src":"https:\/\/i0.wp.com\/vincentians.com\/es\/wp-content\/uploads\/sites\/11\/2023\/08\/aaaf.jpg?fit=1200%2C827&ssl=1&resize=350%2C200","width":350,"height":200,"srcset":"https:\/\/i0.wp.com\/vincentians.com\/es\/wp-content\/uploads\/sites\/11\/2023\/08\/aaaf.jpg?fit=1200%2C827&ssl=1&resize=350%2C200 1x, https:\/\/i0.wp.com\/vincentians.com\/es\/wp-content\/uploads\/sites\/11\/2023\/08\/aaaf.jpg?fit=1200%2C827&ssl=1&resize=525%2C300 1.5x, https:\/\/i0.wp.com\/vincentians.com\/es\/wp-content\/uploads\/sites\/11\/2023\/08\/aaaf.jpg?fit=1200%2C827&ssl=1&resize=700%2C400 2x, https:\/\/i0.wp.com\/vincentians.com\/es\/wp-content\/uploads\/sites\/11\/2023\/08\/aaaf.jpg?fit=1200%2C827&ssl=1&resize=1050%2C600 3x"},"classes":[]},{"id":119688,"url":"https:\/\/vincentians.com\/es\/el-senor-vicente-relee-su-vida-en-paris\/","url_meta":{"origin":3663,"position":4},"title":"El Se\u00f1or Vicente relee su vida: En Par\u00eds","author":"Francisco Javier Fern\u00e1ndez Chento","date":"16\/04\/2013","format":false,"excerpt":"Al cabo de un a\u00f1o, a finales del 1608, yo llego a Par\u00eds, portador de un correo oficial, pero no muy seguro en cuanto a mi porvenir. Las hermosas promesas de los Romanos, me acuerdo de ellas todav\u00eda, como se lo dije a mis cohermanos: \"Desconf\u00edan sobre todo de las\u2026","rel":"","context":"En \u00abVicente de Pa\u00fal\u00bb","block_context":{"text":"Vicente de Pa\u00fal","link":"https:\/\/vincentians.com\/es\/category\/la-familia-vicenciana\/fundadores\/vicente-de-paul\/"},"img":{"alt_text":"","src":"","width":0,"height":0},"classes":[]},{"id":3634,"url":"https:\/\/vincentians.com\/es\/vicente-de-paul-documento-013-acta-de-la-toma-de-posesion-de-la-parroquia-de-clichy\/","url_meta":{"origin":3663,"position":5},"title":"Vicente de Pa\u00fal, Documento 013: Acta De La Toma De Posesi\u00f3n De La Parroquia De Clichy","author":"Francisco Javier Fern\u00e1ndez Chento","date":"20\/12\/2009","format":false,"excerpt":"2 mayo 1612 El mi\u00e9rcoles, d\u00eda dos de mayo de 1612, por la tarde, el infrascrito Tom\u00e1s Gallot, cl\u00e9rigo de Par\u00eds, licenciado en ambos derechos por la autoridad pontificia y notario jurado de la venerable curia episcopal de Par\u00eds en los registros del obispado y de la prefectura de Par\u00eds,\u2026","rel":"","context":"En \u00abEscritos de Vicente de Pa\u00fal\u00bb","block_context":{"text":"Escritos de Vicente de Pa\u00fal","link":"https:\/\/vincentians.com\/es\/category\/escritos\/escritos-de-vicente-de-paul\/"},"img":{"alt_text":"","src":"https:\/\/i0.wp.com\/vincentians.com\/es\/wp-content\/uploads\/sites\/11\/2016\/07\/escritos-vicente-de-paul.jpg?fit=1200%2C630&ssl=1&resize=350%2C200","width":350,"height":200,"srcset":"https:\/\/i0.wp.com\/vincentians.com\/es\/wp-content\/uploads\/sites\/11\/2016\/07\/escritos-vicente-de-paul.jpg?fit=1200%2C630&ssl=1&resize=350%2C200 1x, https:\/\/i0.wp.com\/vincentians.com\/es\/wp-content\/uploads\/sites\/11\/2016\/07\/escritos-vicente-de-paul.jpg?fit=1200%2C630&ssl=1&resize=525%2C300 1.5x, https:\/\/i0.wp.com\/vincentians.com\/es\/wp-content\/uploads\/sites\/11\/2016\/07\/escritos-vicente-de-paul.jpg?fit=1200%2C630&ssl=1&resize=700%2C400 2x, https:\/\/i0.wp.com\/vincentians.com\/es\/wp-content\/uploads\/sites\/11\/2016\/07\/escritos-vicente-de-paul.jpg?fit=1200%2C630&ssl=1&resize=1050%2C600 3x"},"classes":[]}],"_links":{"self":[{"href":"https:\/\/vincentians.com\/es\/wp-json\/wp\/v2\/posts\/3663","targetHints":{"allow":["GET"]}}],"collection":[{"href":"https:\/\/vincentians.com\/es\/wp-json\/wp\/v2\/posts"}],"about":[{"href":"https:\/\/vincentians.com\/es\/wp-json\/wp\/v2\/types\/post"}],"author":[{"embeddable":true,"href":"https:\/\/vincentians.com\/es\/wp-json\/wp\/v2\/users\/4"}],"replies":[{"embeddable":true,"href":"https:\/\/vincentians.com\/es\/wp-json\/wp\/v2\/comments?post=3663"}],"version-history":[{"count":0,"href":"https:\/\/vincentians.com\/es\/wp-json\/wp\/v2\/posts\/3663\/revisions"}],"wp:featuredmedia":[{"embeddable":true,"href":"https:\/\/vincentians.com\/es\/wp-json\/wp\/v2\/media\/393753"}],"wp:attachment":[{"href":"https:\/\/vincentians.com\/es\/wp-json\/wp\/v2\/media?parent=3663"}],"wp:term":[{"taxonomy":"category","embeddable":true,"href":"https:\/\/vincentians.com\/es\/wp-json\/wp\/v2\/categories?post=3663"},{"taxonomy":"post_tag","embeddable":true,"href":"https:\/\/vincentians.com\/es\/wp-json\/wp\/v2\/tags?post=3663"}],"curies":[{"name":"wp","href":"https:\/\/api.w.org\/{rel}","templated":true}]}}