{"id":3605,"date":"2009-12-08T13:40:31","date_gmt":"2009-12-08T12:40:31","guid":{"rendered":"http:\/\/www.vicencianos.org\/web\/2009\/12\/08\/vicente-de-paul-documento-001-testimoniales-de-tonsura\/"},"modified":"2016-07-26T19:51:17","modified_gmt":"2016-07-26T17:51:17","slug":"vicente-de-paul-documento-001-testimoniales-de-tonsura","status":"publish","type":"post","link":"https:\/\/vincentians.com\/es\/vicente-de-paul-documento-001-testimoniales-de-tonsura\/","title":{"rendered":"Vicente de Pa\u00fal, Documento 001: Testimoniales De Tonsura"},"content":{"rendered":"<p>20 diciembre 1596<\/p>\n<p>Salvado Diharse, obispo de Tarbes por la gracia de Dios y de la Santa Sede Apost\u00f3lica, damos testimonio de que en el d\u00eda de la fecha, en las t\u00e9mporas despu\u00e9s de la fiesta de santa Luc\u00eda, en la ordenaci\u00f3n general celebrada en la iglesia colegiata de Bidachen, de la di\u00f3cesis de Dax *, por licencia de los se\u00f1ores can\u00f3nigos y del cabildo de la iglesia catedral de Dax *, vacante la sede episcopal, conferimos la tonsura clerical en el Se\u00f1or y ascribimos a la milicia del clero, previa carta dimisoria, a nuestro querido hermano Vicente de Pa\u00fal, hijo leg\u00edtimo de R&#8230; de Pa\u00fal y de Beltrana de Moras, de la parroquia de Pouy, di\u00f3cesis de Dax *, con los debidos requisitos de edad e instrucci\u00f3n literaria. En fe de lo cual ordenamos expedir las presentes testimoniales, firmadas con nuestro sello y legitimadas por el canciller de dicho cabildo, en la mencionada iglesia, el d\u00eda veinte de diciembre del a\u00f1o mil quinientos noventa y seis.<\/p>\n<p>S. DIHARSE obispo de Tarbes<\/p>\n<p>Por orden de dicho se\u00f1or obispo de Tarbes,<\/p>\n<p>DEPAGADOY, canciller secretario<\/p>\n","protected":false},"excerpt":{"rendered":"<p>20 diciembre 1596 Salvado Diharse, obispo de Tarbes por la gracia de Dios y de la Santa Sede Apost\u00f3lica, damos testimonio de que en el d\u00eda de la fecha, en las t\u00e9mporas despu\u00e9s de la &#8230; <a href=\"https:\/\/vincentians.com\/es\/vicente-de-paul-documento-001-testimoniales-de-tonsura\/\" class=\"more-link\">Read More<\/a><\/p>\n","protected":false},"author":4,"featured_media":393753,"comment_status":"open","ping_status":"open","sticky":false,"template":"","format":"standard","meta":{"jetpack_post_was_ever_published":false,"_jetpack_newsletter_access":"","_jetpack_dont_email_post_to_subs":false,"_jetpack_newsletter_tier_id":0,"_jetpack_memberships_contains_paywalled_content":false,"_jetpack_memberships_contains_paid_content":false,"footnotes":"","jetpack_publicize_message":"","jetpack_publicize_feature_enabled":true,"jetpack_social_post_already_shared":true,"jetpack_social_options":{"image_generator_settings":{"template":"highway","default_image_id":0,"font":"","enabled":false},"version":2}},"categories":[65],"tags":[117,185],"class_list":["post-3605","post","type-post","status-publish","format-standard","has-post-thumbnail","hentry","category-escritos-de-vicente-de-paul","tag-pouy","tag-tarbes"],"yoast_head":"<!-- This site is optimized with the Yoast SEO plugin v26.3 - https:\/\/yoast.com\/wordpress\/plugins\/seo\/ -->\n<title>Vicente de Pa\u00fal, Documento 001: Testimoniales De Tonsura - Somos Vicencianos<\/title>\n<meta name=\"robots\" content=\"index, follow, max-snippet:-1, max-image-preview:large, max-video-preview:-1\" \/>\n<link rel=\"canonical\" href=\"https:\/\/vincentians.com\/es\/vicente-de-paul-documento-001-testimoniales-de-tonsura\/\" \/>\n<meta property=\"og:locale\" content=\"es_ES\" \/>\n<meta property=\"og:type\" content=\"article\" \/>\n<meta property=\"og:title\" content=\"Vicente de Pa\u00fal, Documento 001: Testimoniales De Tonsura - Somos Vicencianos\" \/>\n<meta property=\"og:description\" content=\"20 diciembre 1596 Salvado Diharse, obispo de Tarbes por la gracia de Dios y de la Santa Sede Apost\u00f3lica, damos testimonio de que en el d\u00eda de la fecha, en las t\u00e9mporas despu\u00e9s de la ... Read More\" \/>\n<meta property=\"og:url\" content=\"https:\/\/vincentians.com\/es\/vicente-de-paul-documento-001-testimoniales-de-tonsura\/\" \/>\n<meta property=\"og:site_name\" content=\"Somos Vicencianos\" \/>\n<meta property=\"article:publisher\" content=\"https:\/\/www.facebook.com\/WeAreVincentians\/\" \/>\n<meta property=\"article:author\" content=\"https:\/\/www.facebook.com\/JavierChento\" \/>\n<meta property=\"article:published_time\" content=\"2009-12-08T12:40:31+00:00\" \/>\n<meta property=\"article:modified_time\" content=\"2016-07-26T17:51:17+00:00\" \/>\n<meta property=\"og:image\" content=\"https:\/\/i0.wp.com\/vincentians.com\/es\/wp-content\/uploads\/sites\/11\/2016\/07\/escritos-vicente-de-paul.jpg?fit=1200%2C630&ssl=1\" \/>\n\t<meta property=\"og:image:width\" content=\"1200\" \/>\n\t<meta property=\"og:image:height\" content=\"630\" \/>\n\t<meta property=\"og:image:type\" content=\"image\/jpeg\" \/>\n<meta name=\"author\" content=\"Francisco Javier Fern\u00e1ndez Chento\" \/>\n<meta name=\"twitter:card\" content=\"summary_large_image\" \/>\n<meta name=\"twitter:creator\" content=\"@https:\/\/twitter.com\/javierchento\" \/>\n<meta name=\"twitter:site\" content=\"@WeVincentians\" \/>\n<meta name=\"twitter:label1\" content=\"Escrito por\" \/>\n\t<meta name=\"twitter:data1\" content=\"Francisco Javier Fern\u00e1ndez Chento\" \/>\n\t<meta name=\"twitter:label2\" content=\"Tiempo de lectura\" \/>\n\t<meta name=\"twitter:data2\" content=\"1 minuto\" \/>\n<script type=\"application\/ld+json\" class=\"yoast-schema-graph\">{\"@context\":\"https:\/\/schema.org\",\"@graph\":[{\"@type\":\"Article\",\"@id\":\"https:\/\/vincentians.com\/es\/vicente-de-paul-documento-001-testimoniales-de-tonsura\/#article\",\"isPartOf\":{\"@id\":\"https:\/\/vincentians.com\/es\/vicente-de-paul-documento-001-testimoniales-de-tonsura\/\"},\"author\":{\"name\":\"Francisco Javier Fern\u00e1ndez Chento\",\"@id\":\"http:\/\/vincentians.com\/es\/#\/schema\/person\/9623ef4d9aa3b2dfb8c061f1499288f2\"},\"headline\":\"Vicente de Pa\u00fal, Documento 001: Testimoniales De Tonsura\",\"datePublished\":\"2009-12-08T12:40:31+00:00\",\"dateModified\":\"2016-07-26T17:51:17+00:00\",\"mainEntityOfPage\":{\"@id\":\"https:\/\/vincentians.com\/es\/vicente-de-paul-documento-001-testimoniales-de-tonsura\/\"},\"wordCount\":204,\"commentCount\":0,\"publisher\":{\"@id\":\"http:\/\/vincentians.com\/es\/#organization\"},\"image\":{\"@id\":\"https:\/\/vincentians.com\/es\/vicente-de-paul-documento-001-testimoniales-de-tonsura\/#primaryimage\"},\"thumbnailUrl\":\"https:\/\/i0.wp.com\/vincentians.com\/es\/wp-content\/uploads\/sites\/11\/2016\/07\/escritos-vicente-de-paul.jpg?fit=1200%2C630&ssl=1\",\"keywords\":[\"Pouy\",\"Tarbes\"],\"articleSection\":[\"Escritos de Vicente de Pa\u00fal\"],\"inLanguage\":\"es\",\"potentialAction\":[{\"@type\":\"CommentAction\",\"name\":\"Comment\",\"target\":[\"https:\/\/vincentians.com\/es\/vicente-de-paul-documento-001-testimoniales-de-tonsura\/#respond\"]}]},{\"@type\":\"WebPage\",\"@id\":\"https:\/\/vincentians.com\/es\/vicente-de-paul-documento-001-testimoniales-de-tonsura\/\",\"url\":\"https:\/\/vincentians.com\/es\/vicente-de-paul-documento-001-testimoniales-de-tonsura\/\",\"name\":\"Vicente de Pa\u00fal, Documento 001: Testimoniales De Tonsura - Somos Vicencianos\",\"isPartOf\":{\"@id\":\"http:\/\/vincentians.com\/es\/#website\"},\"primaryImageOfPage\":{\"@id\":\"https:\/\/vincentians.com\/es\/vicente-de-paul-documento-001-testimoniales-de-tonsura\/#primaryimage\"},\"image\":{\"@id\":\"https:\/\/vincentians.com\/es\/vicente-de-paul-documento-001-testimoniales-de-tonsura\/#primaryimage\"},\"thumbnailUrl\":\"https:\/\/i0.wp.com\/vincentians.com\/es\/wp-content\/uploads\/sites\/11\/2016\/07\/escritos-vicente-de-paul.jpg?fit=1200%2C630&ssl=1\",\"datePublished\":\"2009-12-08T12:40:31+00:00\",\"dateModified\":\"2016-07-26T17:51:17+00:00\",\"breadcrumb\":{\"@id\":\"https:\/\/vincentians.com\/es\/vicente-de-paul-documento-001-testimoniales-de-tonsura\/#breadcrumb\"},\"inLanguage\":\"es\",\"potentialAction\":[{\"@type\":\"ReadAction\",\"target\":[\"https:\/\/vincentians.com\/es\/vicente-de-paul-documento-001-testimoniales-de-tonsura\/\"]}]},{\"@type\":\"ImageObject\",\"inLanguage\":\"es\",\"@id\":\"https:\/\/vincentians.com\/es\/vicente-de-paul-documento-001-testimoniales-de-tonsura\/#primaryimage\",\"url\":\"https:\/\/i0.wp.com\/vincentians.com\/es\/wp-content\/uploads\/sites\/11\/2016\/07\/escritos-vicente-de-paul.jpg?fit=1200%2C630&ssl=1\",\"contentUrl\":\"https:\/\/i0.wp.com\/vincentians.com\/es\/wp-content\/uploads\/sites\/11\/2016\/07\/escritos-vicente-de-paul.jpg?fit=1200%2C630&ssl=1\",\"width\":1200,\"height\":630},{\"@type\":\"BreadcrumbList\",\"@id\":\"https:\/\/vincentians.com\/es\/vicente-de-paul-documento-001-testimoniales-de-tonsura\/#breadcrumb\",\"itemListElement\":[{\"@type\":\"ListItem\",\"position\":1,\"name\":\"Portada\",\"item\":\"http:\/\/vincentians.com\/es\/\"},{\"@type\":\"ListItem\",\"position\":2,\"name\":\"Vicente de Pa\u00fal, Documento 001: Testimoniales De Tonsura\"}]},{\"@type\":\"WebSite\",\"@id\":\"http:\/\/vincentians.com\/es\/#website\",\"url\":\"http:\/\/vincentians.com\/es\/\",\"name\":\"Somos Vicencianos\",\"description\":\"Know more to serve more\",\"publisher\":{\"@id\":\"http:\/\/vincentians.com\/es\/#organization\"},\"potentialAction\":[{\"@type\":\"SearchAction\",\"target\":{\"@type\":\"EntryPoint\",\"urlTemplate\":\"http:\/\/vincentians.com\/es\/?s={search_term_string}\"},\"query-input\":{\"@type\":\"PropertyValueSpecification\",\"valueRequired\":true,\"valueName\":\"search_term_string\"}}],\"inLanguage\":\"es\"},{\"@type\":\"Organization\",\"@id\":\"http:\/\/vincentians.com\/es\/#organization\",\"name\":\"The Vincentian Network\",\"url\":\"http:\/\/vincentians.com\/es\/\",\"logo\":{\"@type\":\"ImageObject\",\"inLanguage\":\"es\",\"@id\":\"http:\/\/vincentians.com\/es\/#\/schema\/logo\/image\/\",\"url\":\"https:\/\/i1.wp.com\/vincentians.com\/es\/wp-content\/uploads\/sites\/11\/2016\/06\/Vincentian-Network-logo-big.png?fit=778%2C778\",\"contentUrl\":\"https:\/\/i1.wp.com\/vincentians.com\/es\/wp-content\/uploads\/sites\/11\/2016\/06\/Vincentian-Network-logo-big.png?fit=778%2C778\",\"width\":778,\"height\":778,\"caption\":\"The Vincentian Network\"},\"image\":{\"@id\":\"http:\/\/vincentians.com\/es\/#\/schema\/logo\/image\/\"},\"sameAs\":[\"https:\/\/www.facebook.com\/WeAreVincentians\/\",\"https:\/\/x.com\/WeVincentians\"]},{\"@type\":\"Person\",\"@id\":\"http:\/\/vincentians.com\/es\/#\/schema\/person\/9623ef4d9aa3b2dfb8c061f1499288f2\",\"name\":\"Francisco Javier Fern\u00e1ndez Chento\",\"image\":{\"@type\":\"ImageObject\",\"inLanguage\":\"es\",\"@id\":\"http:\/\/vincentians.com\/es\/#\/schema\/person\/image\/\",\"url\":\"https:\/\/secure.gravatar.com\/avatar\/497d5cde87b4c3d097d0315953521681ba2cd523ee66e5077c3711f7021e65de?s=96&d=mm&r=g\",\"contentUrl\":\"https:\/\/secure.gravatar.com\/avatar\/497d5cde87b4c3d097d0315953521681ba2cd523ee66e5077c3711f7021e65de?s=96&d=mm&r=g\",\"caption\":\"Francisco Javier Fern\u00e1ndez Chento\"},\"description\":\"Director General y cofundador de La Red de Formaci\u00f3n Vicenciana. Javier es laico vicenciano, afiliado a la Congregaci\u00f3n de la Misi\u00f3n y miembro del Equipo de Misiones Populares de la provincia can\u00f3nica de Zaragoza (Espa\u00f1a) de la Congregaci\u00f3n de la Misi\u00f3n. Graduado en la Universidad Oberta de Catalunya con cuatro grados (Asistente de direcci\u00f3n, Gesti\u00f3n Administrativa, Recursos Humanos y Contabilidad Avanzada). Bil\u00edng\u00fce Espa\u00f1ol\/Ingl\u00e9s. gestiona y mantiene varias p\u00e1ginas web cristianas y vicencianas, incluida including La Red de Formaci\u00f3n Vicenciana, de la que es cofundador. Actualmente es responsable del \u00e1rea de Espa\u00f1ol de .famvin, la Red de Noticias de la Familia Vicenciana. Tambi\u00e9n es m\u00fasico cat\u00f3lico y ha editado varios discos. Es Director General y cofundador de Trovador, una reconocida compa\u00f1\u00eda discogr\u00e1fica critiana de Espa\u00f1a. Trabaja en las Tecnolog\u00edas de la Informaci\u00f3n, ofreciendo servicios de alojamiento, dise\u00f1o y mantenimiento Web, as\u00ed como asesoramiento, formaci\u00f3n y soluciones inform\u00e1ticas, gesti\u00f3n documental y digitalizaci\u00f3n de textos, edici\u00f3n y maquetaci\u00f3n de libros, revistas, flyers, etc.\",\"sameAs\":[\"http:\/\/chento.org\",\"https:\/\/www.facebook.com\/JavierChento\",\"https:\/\/x.com\/https:\/\/twitter.com\/javierchento\"],\"url\":\"https:\/\/vincentians.com\/es\/author\/chento\/\"}]}<\/script>\n<!-- \/ Yoast SEO plugin. -->","yoast_head_json":{"title":"Vicente de Pa\u00fal, Documento 001: Testimoniales De Tonsura - Somos Vicencianos","robots":{"index":"index","follow":"follow","max-snippet":"max-snippet:-1","max-image-preview":"max-image-preview:large","max-video-preview":"max-video-preview:-1"},"canonical":"https:\/\/vincentians.com\/es\/vicente-de-paul-documento-001-testimoniales-de-tonsura\/","og_locale":"es_ES","og_type":"article","og_title":"Vicente de Pa\u00fal, Documento 001: Testimoniales De Tonsura - Somos Vicencianos","og_description":"20 diciembre 1596 Salvado Diharse, obispo de Tarbes por la gracia de Dios y de la Santa Sede Apost\u00f3lica, damos testimonio de que en el d\u00eda de la fecha, en las t\u00e9mporas despu\u00e9s de la ... Read More","og_url":"https:\/\/vincentians.com\/es\/vicente-de-paul-documento-001-testimoniales-de-tonsura\/","og_site_name":"Somos Vicencianos","article_publisher":"https:\/\/www.facebook.com\/WeAreVincentians\/","article_author":"https:\/\/www.facebook.com\/JavierChento","article_published_time":"2009-12-08T12:40:31+00:00","article_modified_time":"2016-07-26T17:51:17+00:00","og_image":[{"width":1200,"height":630,"url":"https:\/\/i0.wp.com\/vincentians.com\/es\/wp-content\/uploads\/sites\/11\/2016\/07\/escritos-vicente-de-paul.jpg?fit=1200%2C630&ssl=1","type":"image\/jpeg"}],"author":"Francisco Javier Fern\u00e1ndez Chento","twitter_card":"summary_large_image","twitter_creator":"@https:\/\/twitter.com\/javierchento","twitter_site":"@WeVincentians","twitter_misc":{"Escrito por":"Francisco Javier Fern\u00e1ndez Chento","Tiempo de lectura":"1 minuto"},"schema":{"@context":"https:\/\/schema.org","@graph":[{"@type":"Article","@id":"https:\/\/vincentians.com\/es\/vicente-de-paul-documento-001-testimoniales-de-tonsura\/#article","isPartOf":{"@id":"https:\/\/vincentians.com\/es\/vicente-de-paul-documento-001-testimoniales-de-tonsura\/"},"author":{"name":"Francisco Javier Fern\u00e1ndez Chento","@id":"http:\/\/vincentians.com\/es\/#\/schema\/person\/9623ef4d9aa3b2dfb8c061f1499288f2"},"headline":"Vicente de Pa\u00fal, Documento 001: Testimoniales De Tonsura","datePublished":"2009-12-08T12:40:31+00:00","dateModified":"2016-07-26T17:51:17+00:00","mainEntityOfPage":{"@id":"https:\/\/vincentians.com\/es\/vicente-de-paul-documento-001-testimoniales-de-tonsura\/"},"wordCount":204,"commentCount":0,"publisher":{"@id":"http:\/\/vincentians.com\/es\/#organization"},"image":{"@id":"https:\/\/vincentians.com\/es\/vicente-de-paul-documento-001-testimoniales-de-tonsura\/#primaryimage"},"thumbnailUrl":"https:\/\/i0.wp.com\/vincentians.com\/es\/wp-content\/uploads\/sites\/11\/2016\/07\/escritos-vicente-de-paul.jpg?fit=1200%2C630&ssl=1","keywords":["Pouy","Tarbes"],"articleSection":["Escritos de Vicente de Pa\u00fal"],"inLanguage":"es","potentialAction":[{"@type":"CommentAction","name":"Comment","target":["https:\/\/vincentians.com\/es\/vicente-de-paul-documento-001-testimoniales-de-tonsura\/#respond"]}]},{"@type":"WebPage","@id":"https:\/\/vincentians.com\/es\/vicente-de-paul-documento-001-testimoniales-de-tonsura\/","url":"https:\/\/vincentians.com\/es\/vicente-de-paul-documento-001-testimoniales-de-tonsura\/","name":"Vicente de Pa\u00fal, Documento 001: Testimoniales De Tonsura - Somos Vicencianos","isPartOf":{"@id":"http:\/\/vincentians.com\/es\/#website"},"primaryImageOfPage":{"@id":"https:\/\/vincentians.com\/es\/vicente-de-paul-documento-001-testimoniales-de-tonsura\/#primaryimage"},"image":{"@id":"https:\/\/vincentians.com\/es\/vicente-de-paul-documento-001-testimoniales-de-tonsura\/#primaryimage"},"thumbnailUrl":"https:\/\/i0.wp.com\/vincentians.com\/es\/wp-content\/uploads\/sites\/11\/2016\/07\/escritos-vicente-de-paul.jpg?fit=1200%2C630&ssl=1","datePublished":"2009-12-08T12:40:31+00:00","dateModified":"2016-07-26T17:51:17+00:00","breadcrumb":{"@id":"https:\/\/vincentians.com\/es\/vicente-de-paul-documento-001-testimoniales-de-tonsura\/#breadcrumb"},"inLanguage":"es","potentialAction":[{"@type":"ReadAction","target":["https:\/\/vincentians.com\/es\/vicente-de-paul-documento-001-testimoniales-de-tonsura\/"]}]},{"@type":"ImageObject","inLanguage":"es","@id":"https:\/\/vincentians.com\/es\/vicente-de-paul-documento-001-testimoniales-de-tonsura\/#primaryimage","url":"https:\/\/i0.wp.com\/vincentians.com\/es\/wp-content\/uploads\/sites\/11\/2016\/07\/escritos-vicente-de-paul.jpg?fit=1200%2C630&ssl=1","contentUrl":"https:\/\/i0.wp.com\/vincentians.com\/es\/wp-content\/uploads\/sites\/11\/2016\/07\/escritos-vicente-de-paul.jpg?fit=1200%2C630&ssl=1","width":1200,"height":630},{"@type":"BreadcrumbList","@id":"https:\/\/vincentians.com\/es\/vicente-de-paul-documento-001-testimoniales-de-tonsura\/#breadcrumb","itemListElement":[{"@type":"ListItem","position":1,"name":"Portada","item":"http:\/\/vincentians.com\/es\/"},{"@type":"ListItem","position":2,"name":"Vicente de Pa\u00fal, Documento 001: Testimoniales De Tonsura"}]},{"@type":"WebSite","@id":"http:\/\/vincentians.com\/es\/#website","url":"http:\/\/vincentians.com\/es\/","name":"Somos Vicencianos","description":"Know more to serve more","publisher":{"@id":"http:\/\/vincentians.com\/es\/#organization"},"potentialAction":[{"@type":"SearchAction","target":{"@type":"EntryPoint","urlTemplate":"http:\/\/vincentians.com\/es\/?s={search_term_string}"},"query-input":{"@type":"PropertyValueSpecification","valueRequired":true,"valueName":"search_term_string"}}],"inLanguage":"es"},{"@type":"Organization","@id":"http:\/\/vincentians.com\/es\/#organization","name":"The Vincentian Network","url":"http:\/\/vincentians.com\/es\/","logo":{"@type":"ImageObject","inLanguage":"es","@id":"http:\/\/vincentians.com\/es\/#\/schema\/logo\/image\/","url":"https:\/\/i1.wp.com\/vincentians.com\/es\/wp-content\/uploads\/sites\/11\/2016\/06\/Vincentian-Network-logo-big.png?fit=778%2C778","contentUrl":"https:\/\/i1.wp.com\/vincentians.com\/es\/wp-content\/uploads\/sites\/11\/2016\/06\/Vincentian-Network-logo-big.png?fit=778%2C778","width":778,"height":778,"caption":"The Vincentian Network"},"image":{"@id":"http:\/\/vincentians.com\/es\/#\/schema\/logo\/image\/"},"sameAs":["https:\/\/www.facebook.com\/WeAreVincentians\/","https:\/\/x.com\/WeVincentians"]},{"@type":"Person","@id":"http:\/\/vincentians.com\/es\/#\/schema\/person\/9623ef4d9aa3b2dfb8c061f1499288f2","name":"Francisco Javier Fern\u00e1ndez Chento","image":{"@type":"ImageObject","inLanguage":"es","@id":"http:\/\/vincentians.com\/es\/#\/schema\/person\/image\/","url":"https:\/\/secure.gravatar.com\/avatar\/497d5cde87b4c3d097d0315953521681ba2cd523ee66e5077c3711f7021e65de?s=96&d=mm&r=g","contentUrl":"https:\/\/secure.gravatar.com\/avatar\/497d5cde87b4c3d097d0315953521681ba2cd523ee66e5077c3711f7021e65de?s=96&d=mm&r=g","caption":"Francisco Javier Fern\u00e1ndez Chento"},"description":"Director General y cofundador de La Red de Formaci\u00f3n Vicenciana. Javier es laico vicenciano, afiliado a la Congregaci\u00f3n de la Misi\u00f3n y miembro del Equipo de Misiones Populares de la provincia can\u00f3nica de Zaragoza (Espa\u00f1a) de la Congregaci\u00f3n de la Misi\u00f3n. Graduado en la Universidad Oberta de Catalunya con cuatro grados (Asistente de direcci\u00f3n, Gesti\u00f3n Administrativa, Recursos Humanos y Contabilidad Avanzada). Bil\u00edng\u00fce Espa\u00f1ol\/Ingl\u00e9s. gestiona y mantiene varias p\u00e1ginas web cristianas y vicencianas, incluida including La Red de Formaci\u00f3n Vicenciana, de la que es cofundador. Actualmente es responsable del \u00e1rea de Espa\u00f1ol de .famvin, la Red de Noticias de la Familia Vicenciana. Tambi\u00e9n es m\u00fasico cat\u00f3lico y ha editado varios discos. Es Director General y cofundador de Trovador, una reconocida compa\u00f1\u00eda discogr\u00e1fica critiana de Espa\u00f1a. Trabaja en las Tecnolog\u00edas de la Informaci\u00f3n, ofreciendo servicios de alojamiento, dise\u00f1o y mantenimiento Web, as\u00ed como asesoramiento, formaci\u00f3n y soluciones inform\u00e1ticas, gesti\u00f3n documental y digitalizaci\u00f3n de textos, edici\u00f3n y maquetaci\u00f3n de libros, revistas, flyers, etc.","sameAs":["http:\/\/chento.org","https:\/\/www.facebook.com\/JavierChento","https:\/\/x.com\/https:\/\/twitter.com\/javierchento"],"url":"https:\/\/vincentians.com\/es\/author\/chento\/"}]}},"jetpack_publicize_connections":[],"jetpack_featured_media_url":"https:\/\/i0.wp.com\/vincentians.com\/es\/wp-content\/uploads\/sites\/11\/2016\/07\/escritos-vicente-de-paul.jpg?fit=1200%2C630&ssl=1","jetpack_sharing_enabled":true,"jetpack_shortlink":"https:\/\/wp.me\/p7ETMF-W9","jetpack-related-posts":[{"id":121252,"url":"https:\/\/vincentians.com\/es\/san-vicente-de-paul-nacio-en-francia-i-nacimiento\/","url_meta":{"origin":3605,"position":0},"title":"San Vicente de Pa\u00fal naci\u00f3 en Francia. I. Nacimiento","author":"Francisco Javier Fern\u00e1ndez Chento","date":"26\/04\/2015","format":false,"excerpt":"Vincentius a Pa\u00falo, natione Gallus, Podii non procul ab Aquis Tarbellis in Aquitania natus. (Breviario romano, 19 julio.) Primera parte Se public\u00f3 en Barcelona (Espa\u00f1a), como ap\u00e9ndice a la traducci\u00f3n de la obra del Sr. Arturo Loth: San Vicente de Pa\u00fal y su misi\u00f3n social, una tesis hist\u00f3rica en extremo\u2026","rel":"","context":"En \u00abVicente de Pa\u00fal\u00bb","block_context":{"text":"Vicente de Pa\u00fal","link":"https:\/\/vincentians.com\/es\/category\/la-familia-vicenciana\/fundadores\/vicente-de-paul\/"},"img":{"alt_text":"pemartin","src":"https:\/\/i0.wp.com\/vicencianos.org\/wp-content\/2013\/04\/pemartin-189x300.jpg?resize=350%2C200","width":350,"height":200},"classes":[]},{"id":121437,"url":"https:\/\/vincentians.com\/es\/san-vicente-de-paul-nacio-en-francia-ix-la-prensa-periodica\/","url_meta":{"origin":3605,"position":1},"title":"San Vicente de Pa\u00fal naci\u00f3 en Francia. IX. La prensa peri\u00f3dica","author":"Francisco Javier Fern\u00e1ndez Chento","date":"04\/05\/2015","format":false,"excerpt":"La prensa peri\u00f3dica El traductor de Arturo Loth, nos ha dicho contar con el concurso de la prensa peri\u00f3dica, y nosotros hemos ofrecido examinar el apoyo que prestan al Sr Feli\u00fa, los peri\u00f3dicos El Correo Catal\u00e1n de Barcelona, La Controversia de Ma\u00addrid, y El Pilar de Zaragoza. Tenemos tres n\u00fameros\u2026","rel":"","context":"En \u00abVicente de Pa\u00fal\u00bb","block_context":{"text":"Vicente de Pa\u00fal","link":"https:\/\/vincentians.com\/es\/category\/la-familia-vicenciana\/fundadores\/vicente-de-paul\/"},"img":{"alt_text":"","src":"","width":0,"height":0},"classes":[]},{"id":119541,"url":"https:\/\/vincentians.com\/es\/san-vicente-de-paul-y-su-entronque-hispanico-i\/","url_meta":{"origin":3605,"position":2},"title":"San Vicente de Pa\u00fal y su entronque hisp\u00e1nico (I)","author":"Francisco Javier Fern\u00e1ndez Chento","date":"05\/05\/2013","format":false,"excerpt":"P\u00f3rtico En este a\u00f1o tricentenario todo el orbe cat\u00f3lico ha registrado con j\u00fabilo y exaltaci\u00f3n gozosa las gestas del -eximio h\u00e9roe de la caridad que fue San Vicente de Pa\u00fal. Pero hay naciones que durante su vida mantuvieron con \u00e9l \u00edntimos y fecundos contactos. Tal en primer lugar Francia, en\u2026","rel":"","context":"En \u00abVicente de Pa\u00fal\u00bb","block_context":{"text":"Vicente de Pa\u00fal","link":"https:\/\/vincentians.com\/es\/category\/la-familia-vicenciana\/fundadores\/vicente-de-paul\/"},"img":{"alt_text":"SANV","src":"https:\/\/i0.wp.com\/vicencianos.org\/wp-content\/2013\/04\/SANV.jpg?resize=350%2C200","width":350,"height":200},"classes":[]},{"id":123942,"url":"https:\/\/vincentians.com\/es\/san-vicente-de-paul-y-su-entronque-hispanico-i-2\/","url_meta":{"origin":3605,"position":3},"title":"San Vicente de Pa\u00fal y su entronque hisp\u00e1nico (I)","author":"Francisco Javier Fern\u00e1ndez Chento","date":"05\/05\/2013","format":false,"excerpt":"P\u00f3rtico En este a\u00f1o tricentenario todo el orbe cat\u00f3lico ha registrado con j\u00fabilo y exaltaci\u00f3n gozosa las gestas del -eximio h\u00e9roe de la caridad que fue San Vicente de Pa\u00fal. Pero hay naciones que durante su vida mantuvieron con \u00e9l \u00edntimos y fecundos contactos. Tal en primer lugar Francia, en\u2026","rel":"","context":"En \u00abVicente de Pa\u00fal\u00bb","block_context":{"text":"Vicente de Pa\u00fal","link":"https:\/\/vincentians.com\/es\/category\/la-familia-vicenciana\/fundadores\/vicente-de-paul\/"},"img":{"alt_text":"SANV","src":"https:\/\/i0.wp.com\/vicencianos.org\/wp-content\/2013\/04\/SANV.jpg?resize=350%2C200","width":350,"height":200},"classes":[]},{"id":119546,"url":"https:\/\/vincentians.com\/es\/san-vicente-de-paul-y-su-entronque-hispanico-iii\/","url_meta":{"origin":3605,"position":4},"title":"San Vicente de Pa\u00fal y su entronque hisp\u00e1nico (III)","author":"Francisco Javier Fern\u00e1ndez Chento","date":"07\/05\/2013","format":false,"excerpt":"Art\u00edculo tercer0: La fecha del nacimiento Si el Santo naci\u00f3 el 24 de abril de 1576 o de 1581 es cosa que todav\u00eda no est\u00e1 absolutamente averiguada. La primera fecha tiene m\u00e1s de tres siglos y medio de absoluta y total vigenciala sin ninguna competencia. La segunda apenas si tiene\u2026","rel":"","context":"En \u00abVicente de Pa\u00fal\u00bb","block_context":{"text":"Vicente de Pa\u00fal","link":"https:\/\/vincentians.com\/es\/category\/la-familia-vicenciana\/fundadores\/vicente-de-paul\/"},"img":{"alt_text":"SANV","src":"https:\/\/i0.wp.com\/vicencianos.org\/wp-content\/2013\/04\/SANV.jpg?resize=350%2C200","width":350,"height":200},"classes":[]},{"id":121304,"url":"https:\/\/vincentians.com\/es\/san-vicente-de-paul-nacio-en-francia-iii-ordenacion\/","url_meta":{"origin":3605,"position":5},"title":"San Vicente de Pa\u00fal naci\u00f3 en Francia. III. Ordenaci\u00f3n","author":"Francisco Javier Fern\u00e1ndez Chento","date":"28\/04\/2015","format":false,"excerpt":"III. Ordenaci\u00f3n En el transcurso de los a\u00f1os de estudios en Toulouse, Vicente de Pa\u00fal recibi\u00f3 las \u00f3rdenes sagradas previa la presentaci\u00f3n de las dimisorias otorgadas por el obispo de Dax. a continuaci\u00f3n damos estos documentos, como as\u00ed mismo las cartillas de ordenaci\u00f3n. Cartas dimisorias para la orden sagrada del\u2026","rel":"","context":"En \u00abVicente de Pa\u00fal\u00bb","block_context":{"text":"Vicente de Pa\u00fal","link":"https:\/\/vincentians.com\/es\/category\/la-familia-vicenciana\/fundadores\/vicente-de-paul\/"},"img":{"alt_text":"","src":"","width":0,"height":0},"classes":[]}],"_links":{"self":[{"href":"https:\/\/vincentians.com\/es\/wp-json\/wp\/v2\/posts\/3605","targetHints":{"allow":["GET"]}}],"collection":[{"href":"https:\/\/vincentians.com\/es\/wp-json\/wp\/v2\/posts"}],"about":[{"href":"https:\/\/vincentians.com\/es\/wp-json\/wp\/v2\/types\/post"}],"author":[{"embeddable":true,"href":"https:\/\/vincentians.com\/es\/wp-json\/wp\/v2\/users\/4"}],"replies":[{"embeddable":true,"href":"https:\/\/vincentians.com\/es\/wp-json\/wp\/v2\/comments?post=3605"}],"version-history":[{"count":0,"href":"https:\/\/vincentians.com\/es\/wp-json\/wp\/v2\/posts\/3605\/revisions"}],"wp:featuredmedia":[{"embeddable":true,"href":"https:\/\/vincentians.com\/es\/wp-json\/wp\/v2\/media\/393753"}],"wp:attachment":[{"href":"https:\/\/vincentians.com\/es\/wp-json\/wp\/v2\/media?parent=3605"}],"wp:term":[{"taxonomy":"category","embeddable":true,"href":"https:\/\/vincentians.com\/es\/wp-json\/wp\/v2\/categories?post=3605"},{"taxonomy":"post_tag","embeddable":true,"href":"https:\/\/vincentians.com\/es\/wp-json\/wp\/v2\/tags?post=3605"}],"curies":[{"name":"wp","href":"https:\/\/api.w.org\/{rel}","templated":true}]}}