{"id":35363,"date":"2011-09-22T04:27:23","date_gmt":"2011-09-22T02:27:23","guid":{"rendered":"http:\/\/somos.vicencianos.org\/blog\/2011\/09\/novena-a-san-vicente-de-paul-dia-cuarto\/"},"modified":"2016-07-26T17:24:39","modified_gmt":"2016-07-26T15:24:39","slug":"novena-a-san-vicente-de-paul-dia-cuarto","status":"publish","type":"post","link":"https:\/\/vincentians.com\/es\/novena-a-san-vicente-de-paul-dia-cuarto\/","title":{"rendered":"Novena a san Vicente de Pa\u00fal: D\u00eda Cuarto"},"content":{"rendered":"<h3><strong><a href=\"https:\/\/i0.wp.com\/vicencianos.org\/wp-content\/2011\/03\/San-Vicente-8.jpg\"><img data-recalc-dims=\"1\" loading=\"lazy\" decoding=\"async\" class=\"alignright size-medium wp-image-32314\" title=\"San Vicente (8)\" src=\"https:\/\/i0.wp.com\/vicencianos.org\/wp-content\/2011\/03\/San-Vicente-8-202x300.jpg?resize=202%2C300\" alt=\"\" width=\"202\" height=\"300\" \/><\/a><\/strong><\/h3>\n<h2>La sencillez, una m\u00e1xima evang\u00e9lica<\/h2>\n<h3><strong>Oraci\u00f3n preparatoria.<\/strong><\/h3>\n<p><strong> <\/strong>Dios todopoderoso y eterno, que llenaste de caridad el coraz\u00f3n de san Vicente de Pa\u00fal, escucha nuestra oraci\u00f3n y danos tu amor. A ejemplo suyo, haznos descubrir y servir a Jesucristo, tu Hijo, en nuestros hermanos pobres y desdichados. Que en su escuela aprendamos a amarte a Ti con el sudor de nuestro rostro y la fuerza de nuestros brazos. Por sus oraciones, libra nuestras almas del odio y del ego\u00edsmo; haz que todos recordemos que un d\u00eda seremos juzgados sobre el amor. Oh Dios, que quieres la salvaci\u00f3n de todos, danos los sacerdotes, las religiosas y los ap\u00f3stoles seglares que tanto necesitamos. Que sean entre nosotros los primeros testigos de tu amor. Virgen de los pobres y Reina de la Paz, obt\u00e9n para nuestro mundo dividido y angustiado, el amor y la paz. AS\u00cd SEA.<\/p>\n<h3>Reflexi\u00f3n del d\u00eda 4\u00ba.<\/h3>\n<p>\u00a1Qu\u00e9 agradable a Dios es la sencillez! La Escritura dice que se deleita tratando con los m\u00e1s sencillos, con los sencillos de coraz\u00f3n, que proceden con toda sencillez y bondad (Pr 3, 32). \u00bfQuer\u00e9is encontrar a Dios? Est\u00e1 con los sencillos.<\/p>\n<p>Otra cosa que nos anima maravillosamente a la sencillez son aquellas palabras de nuestro Se\u00f1or: \u00abTe doy las gracias, Padre m\u00edo, porque la doctrina que yo he aprendido de tu divina majestad y que he esparcido entre los hombres, s\u00f3lo es conocida por los sencillos y permites que no la entiendan los prudentes de este mundo; t\u00fa les has ocultado, si no las palabras, al menos su esp\u00edritu\u00bb.<\/p>\n<p>La sencillez en general equivale a la verdad, o a la pureza de intenci\u00f3n: a la verdad, en cuanto que hace que nuestro pensamiento sea conforme con las palabras y con los otros signos que nos sirven de expresi\u00f3n; a la pureza de intenci\u00f3n, en cuanto que hace que todos nuestros actos de virtud tiendan rectamente hacia Dios.<\/p>\n<p>Pero cuando se toma la sencillez por una virtud especial y propiamente dicha, comprende no s\u00f3lo la pureza y la verdad, sino tambi\u00e9n esa propiedad que tiene de apartar de nuestras palabras y acciones toda fals\u00eda, doblez y astucia.<\/p>\n<p>La sencillez que se refiere a las palabras consiste en decir las cosas como las sentimos en el coraz\u00f3n, como las pensamos. Todo lo que no es esto, es doblez, apariencia, fals\u00eda, que son contrarias a la virtud de que estamos hablando, la cual quiere que se digan las cosas como son, sin dar muchas vueltas, hablando ingenuamente y sin malicia, y adem\u00e1s con la pura intenci\u00f3n de agradar a Dios.<\/p>\n<p>En cuanto a la otra parte de la sencillez que se refiere a las acciones, consiste en obrar normalmente, con rectitud y siempre teniendo a Dios ante los ojos, en los negocios, en los cargos y en los ejercicios de piedad, excluyendo toda clase de hipocres\u00eda, de artificios y de vanas pretensiones.<\/p>\n<p>Esta sencillez en las acciones no existe en aquellas personas que, por respeto humano, desean aparentar lo que no son; lo mismo que tampoco son simples o sencillos sus trajes. Tambi\u00e9n va contra esta virtud tener unas habitaciones bien amuebladas, adornadas de im\u00e1genes, de cuadros, de muebles superfluos, tener un mont\u00f3n de libros para presumir, complacerse en cosas vanas e in\u00fatiles, en la abundancia de las necesarias cuando una basta, predicar con elegancia, con un estilo hinchado, y finalmente buscar en nuestros ejercicios otra finalidad distinta de Dios; todo esto va contra la sencillez cristiana en las acciones. (cf. Op. cit., nn. 769, 770, 774, 775, 778, 779).<\/p>\n<h3>Oraci\u00f3n final.<\/h3>\n<p>Oh benign\u00edsimo Jes\u00fas, t\u00fa viniste al mundo a ense\u00f1arnos la sencillez, para destruir el vicio contrario y educarnos con prudencia divina, para destruir la del mundo. Conc\u00e9denos, Se\u00f1or, una parte de esas virtudes que t\u00fa tuviste en un grado eminente. Ll\u00e9nanos a cada uno de nosotros de ese deseo de ser sencillos y hacernos prudentes con la prudencia cristiana. Am\u00e9n.<\/p>\n<p><strong>Gozos.<br \/>\n<\/strong> <strong><\/strong><\/p>\n<p style=\"text-align: center\"><strong> HIMNO A SAN VICENTE<\/strong><\/p>\n<p style=\"text-align: center\">(Melod\u00eda del \u00abQuis novus caelis\u00bb)<\/p>\n<p style=\"text-align: center\">\u00bfQu\u00e9 nuevo triunfo cantan hoy, los cielos?<br \/>\n\u00bfQu\u00e9 nuevo aplauso los santos tributan?<br \/>\n\u00a1La luz del Clero, el Padre de los Pobres<br \/>\nbrilla en la Gloria!<\/p>\n<p style=\"text-align: center\"><em>Ay\u00fadanos, San Vicente,<\/em><br \/>\n<em> a renovarnos en el Evangelio.<\/em><\/p>\n<p style=\"text-align: center\">Obras ingentes loan tus proezas<br \/>\ny el Amor ci\u00f1e de laurel tu frente;<br \/>\ncuanto le diste al Pobre con largueza<br \/>\nte vuelve el Cielo.<\/p>\n<p style=\"text-align: center\"><em>Ay\u00fadanos, San Vicente,<\/em><br \/>\n<em> a renovarnos en el Evangelio.<\/em><\/p>\n<p style=\"text-align: center\">Los sacerdotes, siendo t\u00fa su Gu\u00eda,<br \/>\nllevan al Pobre la verdad de Cristo:<br \/>\nla madre Iglesia vive y canoniza<br \/>\ntu Magisterio.<\/p>\n<p style=\"text-align: center\"><em>Ay\u00fadanos, San Vicente,<\/em><br \/>\n<em> a renovarnos en el Evangelio.<\/em><\/p>\n<p style=\"text-align: center\">Pero te honran de manera insigne<br \/>\nv\u00edrgenes castas que, a la vez, son Madres:<br \/>\nlos Pobres gozan, bajo tu mirada,<br \/>\nde su ternura.<\/p>\n<p style=\"text-align: center\"><em>Ay\u00fadanos, San Vicente,<\/em><br \/>\n<em> a renovarnos en el Evangelio.<\/em><\/p>\n<p style=\"text-align: center\">Como aliviaste el dolor del m\u00edsero,<br \/>\noye hoy, benigno, el clamor del Pueblo:<br \/>\ntodos los pobres, juntos te proclaman<br \/>\nPadre y Amigo.<\/p>\n<p style=\"text-align: center\"><em>Ay\u00fadanos, San Vicente,<\/em><br \/>\n<em> a renovarnos en el Evangelio.<\/em><\/p>\n<p style=\"text-align: center\">Demos hoy, todos, gloria al Padre Eterno<br \/>\ny al Hijo Ungido Salvador del hombre<br \/>\ny al Amor mismo, Llama de Dios vivo<br \/>\nque arde en Vicente. Am\u00e9n.<\/p>\n","protected":false},"excerpt":{"rendered":"<p>La sencillez, una m\u00e1xima evang\u00e9lica Oraci\u00f3n preparatoria. Dios todopoderoso y eterno, que llenaste de caridad el coraz\u00f3n de san Vicente de Pa\u00fal, escucha nuestra oraci\u00f3n y danos tu amor. A ejemplo suyo, haznos descubrir y &#8230; <a href=\"https:\/\/vincentians.com\/es\/novena-a-san-vicente-de-paul-dia-cuarto\/\" class=\"more-link\">Read More<\/a><\/p>\n","protected":false},"author":4,"featured_media":32314,"comment_status":"open","ping_status":"open","sticky":false,"template":"","format":"standard","meta":{"jetpack_post_was_ever_published":false,"_jetpack_newsletter_access":"","_jetpack_dont_email_post_to_subs":false,"_jetpack_newsletter_tier_id":0,"_jetpack_memberships_contains_paywalled_content":false,"_jetpack_memberships_contains_paid_content":false,"footnotes":"","jetpack_publicize_message":"","jetpack_publicize_feature_enabled":true,"jetpack_social_post_already_shared":true,"jetpack_social_options":{"image_generator_settings":{"template":"highway","default_image_id":0,"font":"","enabled":false},"version":2}},"categories":[205,5],"tags":[],"class_list":["post-35363","post","type-post","status-publish","format-standard","has-post-thumbnail","hentry","category-oracion","category-vicente-de-paul"],"yoast_head":"<!-- This site is optimized with the Yoast SEO plugin v26.3 - https:\/\/yoast.com\/wordpress\/plugins\/seo\/ -->\n<title>Novena a san Vicente de Pa\u00fal: D\u00eda Cuarto - Somos Vicencianos<\/title>\n<meta name=\"robots\" content=\"index, follow, max-snippet:-1, max-image-preview:large, max-video-preview:-1\" \/>\n<link rel=\"canonical\" href=\"https:\/\/vincentians.com\/es\/novena-a-san-vicente-de-paul-dia-cuarto\/\" \/>\n<meta property=\"og:locale\" content=\"es_ES\" \/>\n<meta property=\"og:type\" content=\"article\" \/>\n<meta property=\"og:title\" content=\"Novena a san Vicente de Pa\u00fal: D\u00eda Cuarto - Somos Vicencianos\" \/>\n<meta property=\"og:description\" content=\"La sencillez, una m\u00e1xima evang\u00e9lica Oraci\u00f3n preparatoria. Dios todopoderoso y eterno, que llenaste de caridad el coraz\u00f3n de san Vicente de Pa\u00fal, escucha nuestra oraci\u00f3n y danos tu amor. A ejemplo suyo, haznos descubrir y ... Read More\" \/>\n<meta property=\"og:url\" content=\"https:\/\/vincentians.com\/es\/novena-a-san-vicente-de-paul-dia-cuarto\/\" \/>\n<meta property=\"og:site_name\" content=\"Somos Vicencianos\" \/>\n<meta property=\"article:publisher\" content=\"https:\/\/www.facebook.com\/WeAreVincentians\/\" \/>\n<meta property=\"article:author\" content=\"https:\/\/www.facebook.com\/JavierChento\" \/>\n<meta property=\"article:published_time\" content=\"2011-09-22T02:27:23+00:00\" \/>\n<meta property=\"article:modified_time\" content=\"2016-07-26T15:24:39+00:00\" \/>\n<meta name=\"author\" content=\"Francisco Javier Fern\u00e1ndez Chento\" \/>\n<meta name=\"twitter:card\" content=\"summary_large_image\" \/>\n<meta name=\"twitter:creator\" content=\"@https:\/\/twitter.com\/javierchento\" \/>\n<meta name=\"twitter:site\" content=\"@WeVincentians\" \/>\n<meta name=\"twitter:label1\" content=\"Escrito por\" \/>\n\t<meta name=\"twitter:data1\" content=\"Francisco Javier Fern\u00e1ndez Chento\" \/>\n\t<meta name=\"twitter:label2\" content=\"Tiempo de lectura\" \/>\n\t<meta name=\"twitter:data2\" content=\"4 minutos\" \/>\n<script type=\"application\/ld+json\" class=\"yoast-schema-graph\">{\"@context\":\"https:\/\/schema.org\",\"@graph\":[{\"@type\":\"Article\",\"@id\":\"https:\/\/vincentians.com\/es\/novena-a-san-vicente-de-paul-dia-cuarto\/#article\",\"isPartOf\":{\"@id\":\"https:\/\/vincentians.com\/es\/novena-a-san-vicente-de-paul-dia-cuarto\/\"},\"author\":{\"name\":\"Francisco Javier Fern\u00e1ndez Chento\",\"@id\":\"http:\/\/vincentians.com\/es\/#\/schema\/person\/9623ef4d9aa3b2dfb8c061f1499288f2\"},\"headline\":\"Novena a san Vicente de Pa\u00fal: D\u00eda Cuarto\",\"datePublished\":\"2011-09-22T02:27:23+00:00\",\"dateModified\":\"2016-07-26T15:24:39+00:00\",\"mainEntityOfPage\":{\"@id\":\"https:\/\/vincentians.com\/es\/novena-a-san-vicente-de-paul-dia-cuarto\/\"},\"wordCount\":894,\"commentCount\":0,\"publisher\":{\"@id\":\"http:\/\/vincentians.com\/es\/#organization\"},\"image\":{\"@id\":\"https:\/\/vincentians.com\/es\/novena-a-san-vicente-de-paul-dia-cuarto\/#primaryimage\"},\"thumbnailUrl\":\"\",\"articleSection\":[\"Oraci\u00f3n\",\"Vicente de Pa\u00fal\"],\"inLanguage\":\"es\",\"potentialAction\":[{\"@type\":\"CommentAction\",\"name\":\"Comment\",\"target\":[\"https:\/\/vincentians.com\/es\/novena-a-san-vicente-de-paul-dia-cuarto\/#respond\"]}]},{\"@type\":\"WebPage\",\"@id\":\"https:\/\/vincentians.com\/es\/novena-a-san-vicente-de-paul-dia-cuarto\/\",\"url\":\"https:\/\/vincentians.com\/es\/novena-a-san-vicente-de-paul-dia-cuarto\/\",\"name\":\"Novena a san Vicente de Pa\u00fal: D\u00eda Cuarto - Somos Vicencianos\",\"isPartOf\":{\"@id\":\"http:\/\/vincentians.com\/es\/#website\"},\"primaryImageOfPage\":{\"@id\":\"https:\/\/vincentians.com\/es\/novena-a-san-vicente-de-paul-dia-cuarto\/#primaryimage\"},\"image\":{\"@id\":\"https:\/\/vincentians.com\/es\/novena-a-san-vicente-de-paul-dia-cuarto\/#primaryimage\"},\"thumbnailUrl\":\"\",\"datePublished\":\"2011-09-22T02:27:23+00:00\",\"dateModified\":\"2016-07-26T15:24:39+00:00\",\"breadcrumb\":{\"@id\":\"https:\/\/vincentians.com\/es\/novena-a-san-vicente-de-paul-dia-cuarto\/#breadcrumb\"},\"inLanguage\":\"es\",\"potentialAction\":[{\"@type\":\"ReadAction\",\"target\":[\"https:\/\/vincentians.com\/es\/novena-a-san-vicente-de-paul-dia-cuarto\/\"]}]},{\"@type\":\"ImageObject\",\"inLanguage\":\"es\",\"@id\":\"https:\/\/vincentians.com\/es\/novena-a-san-vicente-de-paul-dia-cuarto\/#primaryimage\",\"url\":\"\",\"contentUrl\":\"\"},{\"@type\":\"BreadcrumbList\",\"@id\":\"https:\/\/vincentians.com\/es\/novena-a-san-vicente-de-paul-dia-cuarto\/#breadcrumb\",\"itemListElement\":[{\"@type\":\"ListItem\",\"position\":1,\"name\":\"Portada\",\"item\":\"http:\/\/vincentians.com\/es\/\"},{\"@type\":\"ListItem\",\"position\":2,\"name\":\"Novena a san Vicente de Pa\u00fal: D\u00eda Cuarto\"}]},{\"@type\":\"WebSite\",\"@id\":\"http:\/\/vincentians.com\/es\/#website\",\"url\":\"http:\/\/vincentians.com\/es\/\",\"name\":\"Somos Vicencianos\",\"description\":\"Know more to serve more\",\"publisher\":{\"@id\":\"http:\/\/vincentians.com\/es\/#organization\"},\"potentialAction\":[{\"@type\":\"SearchAction\",\"target\":{\"@type\":\"EntryPoint\",\"urlTemplate\":\"http:\/\/vincentians.com\/es\/?s={search_term_string}\"},\"query-input\":{\"@type\":\"PropertyValueSpecification\",\"valueRequired\":true,\"valueName\":\"search_term_string\"}}],\"inLanguage\":\"es\"},{\"@type\":\"Organization\",\"@id\":\"http:\/\/vincentians.com\/es\/#organization\",\"name\":\"The Vincentian Network\",\"url\":\"http:\/\/vincentians.com\/es\/\",\"logo\":{\"@type\":\"ImageObject\",\"inLanguage\":\"es\",\"@id\":\"http:\/\/vincentians.com\/es\/#\/schema\/logo\/image\/\",\"url\":\"https:\/\/i1.wp.com\/vincentians.com\/es\/wp-content\/uploads\/sites\/11\/2016\/06\/Vincentian-Network-logo-big.png?fit=778%2C778\",\"contentUrl\":\"https:\/\/i1.wp.com\/vincentians.com\/es\/wp-content\/uploads\/sites\/11\/2016\/06\/Vincentian-Network-logo-big.png?fit=778%2C778\",\"width\":778,\"height\":778,\"caption\":\"The Vincentian Network\"},\"image\":{\"@id\":\"http:\/\/vincentians.com\/es\/#\/schema\/logo\/image\/\"},\"sameAs\":[\"https:\/\/www.facebook.com\/WeAreVincentians\/\",\"https:\/\/x.com\/WeVincentians\"]},{\"@type\":\"Person\",\"@id\":\"http:\/\/vincentians.com\/es\/#\/schema\/person\/9623ef4d9aa3b2dfb8c061f1499288f2\",\"name\":\"Francisco Javier Fern\u00e1ndez Chento\",\"image\":{\"@type\":\"ImageObject\",\"inLanguage\":\"es\",\"@id\":\"http:\/\/vincentians.com\/es\/#\/schema\/person\/image\/\",\"url\":\"https:\/\/secure.gravatar.com\/avatar\/497d5cde87b4c3d097d0315953521681ba2cd523ee66e5077c3711f7021e65de?s=96&d=mm&r=g\",\"contentUrl\":\"https:\/\/secure.gravatar.com\/avatar\/497d5cde87b4c3d097d0315953521681ba2cd523ee66e5077c3711f7021e65de?s=96&d=mm&r=g\",\"caption\":\"Francisco Javier Fern\u00e1ndez Chento\"},\"description\":\"Director General y cofundador de La Red de Formaci\u00f3n Vicenciana. Javier es laico vicenciano, afiliado a la Congregaci\u00f3n de la Misi\u00f3n y miembro del Equipo de Misiones Populares de la provincia can\u00f3nica de Zaragoza (Espa\u00f1a) de la Congregaci\u00f3n de la Misi\u00f3n. Graduado en la Universidad Oberta de Catalunya con cuatro grados (Asistente de direcci\u00f3n, Gesti\u00f3n Administrativa, Recursos Humanos y Contabilidad Avanzada). Bil\u00edng\u00fce Espa\u00f1ol\/Ingl\u00e9s. gestiona y mantiene varias p\u00e1ginas web cristianas y vicencianas, incluida including La Red de Formaci\u00f3n Vicenciana, de la que es cofundador. Actualmente es responsable del \u00e1rea de Espa\u00f1ol de .famvin, la Red de Noticias de la Familia Vicenciana. Tambi\u00e9n es m\u00fasico cat\u00f3lico y ha editado varios discos. Es Director General y cofundador de Trovador, una reconocida compa\u00f1\u00eda discogr\u00e1fica critiana de Espa\u00f1a. Trabaja en las Tecnolog\u00edas de la Informaci\u00f3n, ofreciendo servicios de alojamiento, dise\u00f1o y mantenimiento Web, as\u00ed como asesoramiento, formaci\u00f3n y soluciones inform\u00e1ticas, gesti\u00f3n documental y digitalizaci\u00f3n de textos, edici\u00f3n y maquetaci\u00f3n de libros, revistas, flyers, etc.\",\"sameAs\":[\"http:\/\/chento.org\",\"https:\/\/www.facebook.com\/JavierChento\",\"https:\/\/x.com\/https:\/\/twitter.com\/javierchento\"],\"url\":\"https:\/\/vincentians.com\/es\/author\/chento\/\"}]}<\/script>\n<!-- \/ Yoast SEO plugin. -->","yoast_head_json":{"title":"Novena a san Vicente de Pa\u00fal: D\u00eda Cuarto - Somos Vicencianos","robots":{"index":"index","follow":"follow","max-snippet":"max-snippet:-1","max-image-preview":"max-image-preview:large","max-video-preview":"max-video-preview:-1"},"canonical":"https:\/\/vincentians.com\/es\/novena-a-san-vicente-de-paul-dia-cuarto\/","og_locale":"es_ES","og_type":"article","og_title":"Novena a san Vicente de Pa\u00fal: D\u00eda Cuarto - Somos Vicencianos","og_description":"La sencillez, una m\u00e1xima evang\u00e9lica Oraci\u00f3n preparatoria. Dios todopoderoso y eterno, que llenaste de caridad el coraz\u00f3n de san Vicente de Pa\u00fal, escucha nuestra oraci\u00f3n y danos tu amor. A ejemplo suyo, haznos descubrir y ... Read More","og_url":"https:\/\/vincentians.com\/es\/novena-a-san-vicente-de-paul-dia-cuarto\/","og_site_name":"Somos Vicencianos","article_publisher":"https:\/\/www.facebook.com\/WeAreVincentians\/","article_author":"https:\/\/www.facebook.com\/JavierChento","article_published_time":"2011-09-22T02:27:23+00:00","article_modified_time":"2016-07-26T15:24:39+00:00","author":"Francisco Javier Fern\u00e1ndez Chento","twitter_card":"summary_large_image","twitter_creator":"@https:\/\/twitter.com\/javierchento","twitter_site":"@WeVincentians","twitter_misc":{"Escrito por":"Francisco Javier Fern\u00e1ndez Chento","Tiempo de lectura":"4 minutos"},"schema":{"@context":"https:\/\/schema.org","@graph":[{"@type":"Article","@id":"https:\/\/vincentians.com\/es\/novena-a-san-vicente-de-paul-dia-cuarto\/#article","isPartOf":{"@id":"https:\/\/vincentians.com\/es\/novena-a-san-vicente-de-paul-dia-cuarto\/"},"author":{"name":"Francisco Javier Fern\u00e1ndez Chento","@id":"http:\/\/vincentians.com\/es\/#\/schema\/person\/9623ef4d9aa3b2dfb8c061f1499288f2"},"headline":"Novena a san Vicente de Pa\u00fal: D\u00eda Cuarto","datePublished":"2011-09-22T02:27:23+00:00","dateModified":"2016-07-26T15:24:39+00:00","mainEntityOfPage":{"@id":"https:\/\/vincentians.com\/es\/novena-a-san-vicente-de-paul-dia-cuarto\/"},"wordCount":894,"commentCount":0,"publisher":{"@id":"http:\/\/vincentians.com\/es\/#organization"},"image":{"@id":"https:\/\/vincentians.com\/es\/novena-a-san-vicente-de-paul-dia-cuarto\/#primaryimage"},"thumbnailUrl":"","articleSection":["Oraci\u00f3n","Vicente de Pa\u00fal"],"inLanguage":"es","potentialAction":[{"@type":"CommentAction","name":"Comment","target":["https:\/\/vincentians.com\/es\/novena-a-san-vicente-de-paul-dia-cuarto\/#respond"]}]},{"@type":"WebPage","@id":"https:\/\/vincentians.com\/es\/novena-a-san-vicente-de-paul-dia-cuarto\/","url":"https:\/\/vincentians.com\/es\/novena-a-san-vicente-de-paul-dia-cuarto\/","name":"Novena a san Vicente de Pa\u00fal: D\u00eda Cuarto - Somos Vicencianos","isPartOf":{"@id":"http:\/\/vincentians.com\/es\/#website"},"primaryImageOfPage":{"@id":"https:\/\/vincentians.com\/es\/novena-a-san-vicente-de-paul-dia-cuarto\/#primaryimage"},"image":{"@id":"https:\/\/vincentians.com\/es\/novena-a-san-vicente-de-paul-dia-cuarto\/#primaryimage"},"thumbnailUrl":"","datePublished":"2011-09-22T02:27:23+00:00","dateModified":"2016-07-26T15:24:39+00:00","breadcrumb":{"@id":"https:\/\/vincentians.com\/es\/novena-a-san-vicente-de-paul-dia-cuarto\/#breadcrumb"},"inLanguage":"es","potentialAction":[{"@type":"ReadAction","target":["https:\/\/vincentians.com\/es\/novena-a-san-vicente-de-paul-dia-cuarto\/"]}]},{"@type":"ImageObject","inLanguage":"es","@id":"https:\/\/vincentians.com\/es\/novena-a-san-vicente-de-paul-dia-cuarto\/#primaryimage","url":"","contentUrl":""},{"@type":"BreadcrumbList","@id":"https:\/\/vincentians.com\/es\/novena-a-san-vicente-de-paul-dia-cuarto\/#breadcrumb","itemListElement":[{"@type":"ListItem","position":1,"name":"Portada","item":"http:\/\/vincentians.com\/es\/"},{"@type":"ListItem","position":2,"name":"Novena a san Vicente de Pa\u00fal: D\u00eda Cuarto"}]},{"@type":"WebSite","@id":"http:\/\/vincentians.com\/es\/#website","url":"http:\/\/vincentians.com\/es\/","name":"Somos Vicencianos","description":"Know more to serve more","publisher":{"@id":"http:\/\/vincentians.com\/es\/#organization"},"potentialAction":[{"@type":"SearchAction","target":{"@type":"EntryPoint","urlTemplate":"http:\/\/vincentians.com\/es\/?s={search_term_string}"},"query-input":{"@type":"PropertyValueSpecification","valueRequired":true,"valueName":"search_term_string"}}],"inLanguage":"es"},{"@type":"Organization","@id":"http:\/\/vincentians.com\/es\/#organization","name":"The Vincentian Network","url":"http:\/\/vincentians.com\/es\/","logo":{"@type":"ImageObject","inLanguage":"es","@id":"http:\/\/vincentians.com\/es\/#\/schema\/logo\/image\/","url":"https:\/\/i1.wp.com\/vincentians.com\/es\/wp-content\/uploads\/sites\/11\/2016\/06\/Vincentian-Network-logo-big.png?fit=778%2C778","contentUrl":"https:\/\/i1.wp.com\/vincentians.com\/es\/wp-content\/uploads\/sites\/11\/2016\/06\/Vincentian-Network-logo-big.png?fit=778%2C778","width":778,"height":778,"caption":"The Vincentian Network"},"image":{"@id":"http:\/\/vincentians.com\/es\/#\/schema\/logo\/image\/"},"sameAs":["https:\/\/www.facebook.com\/WeAreVincentians\/","https:\/\/x.com\/WeVincentians"]},{"@type":"Person","@id":"http:\/\/vincentians.com\/es\/#\/schema\/person\/9623ef4d9aa3b2dfb8c061f1499288f2","name":"Francisco Javier Fern\u00e1ndez Chento","image":{"@type":"ImageObject","inLanguage":"es","@id":"http:\/\/vincentians.com\/es\/#\/schema\/person\/image\/","url":"https:\/\/secure.gravatar.com\/avatar\/497d5cde87b4c3d097d0315953521681ba2cd523ee66e5077c3711f7021e65de?s=96&d=mm&r=g","contentUrl":"https:\/\/secure.gravatar.com\/avatar\/497d5cde87b4c3d097d0315953521681ba2cd523ee66e5077c3711f7021e65de?s=96&d=mm&r=g","caption":"Francisco Javier Fern\u00e1ndez Chento"},"description":"Director General y cofundador de La Red de Formaci\u00f3n Vicenciana. Javier es laico vicenciano, afiliado a la Congregaci\u00f3n de la Misi\u00f3n y miembro del Equipo de Misiones Populares de la provincia can\u00f3nica de Zaragoza (Espa\u00f1a) de la Congregaci\u00f3n de la Misi\u00f3n. Graduado en la Universidad Oberta de Catalunya con cuatro grados (Asistente de direcci\u00f3n, Gesti\u00f3n Administrativa, Recursos Humanos y Contabilidad Avanzada). Bil\u00edng\u00fce Espa\u00f1ol\/Ingl\u00e9s. gestiona y mantiene varias p\u00e1ginas web cristianas y vicencianas, incluida including La Red de Formaci\u00f3n Vicenciana, de la que es cofundador. Actualmente es responsable del \u00e1rea de Espa\u00f1ol de .famvin, la Red de Noticias de la Familia Vicenciana. Tambi\u00e9n es m\u00fasico cat\u00f3lico y ha editado varios discos. Es Director General y cofundador de Trovador, una reconocida compa\u00f1\u00eda discogr\u00e1fica critiana de Espa\u00f1a. Trabaja en las Tecnolog\u00edas de la Informaci\u00f3n, ofreciendo servicios de alojamiento, dise\u00f1o y mantenimiento Web, as\u00ed como asesoramiento, formaci\u00f3n y soluciones inform\u00e1ticas, gesti\u00f3n documental y digitalizaci\u00f3n de textos, edici\u00f3n y maquetaci\u00f3n de libros, revistas, flyers, etc.","sameAs":["http:\/\/chento.org","https:\/\/www.facebook.com\/JavierChento","https:\/\/x.com\/https:\/\/twitter.com\/javierchento"],"url":"https:\/\/vincentians.com\/es\/author\/chento\/"}]}},"jetpack_publicize_connections":[],"jetpack_featured_media_url":"","jetpack_sharing_enabled":true,"jetpack_shortlink":"https:\/\/wp.me\/p7ETMF-9cn","jetpack-related-posts":[{"id":129151,"url":"https:\/\/vincentians.com\/es\/vida-contemplativa\/","url_meta":{"origin":35363,"position":0},"title":"Vida contemplativa","author":"Francisco Javier Fern\u00e1ndez Chento","date":"02\/03\/2014","format":false,"excerpt":"Aunque parezca extra\u00f1o, la exorbitante actividad de Luisa no destruy\u00f3 su experiencia de Dios, al contrario, la complet\u00f3. Luisa aparece en la historia de la espiritualidad como una de las mujeres m\u00e1s contemplativas; tan contemplativa como San Pablo, Santa Teresa o San Vicente de Pa\u00fal y tan activa como ellos.\u2026","rel":"","context":"En \u00abFormaci\u00f3n Vicenciana\u00bb","block_context":{"text":"Formaci\u00f3n Vicenciana","link":"https:\/\/vincentians.com\/es\/category\/formacion-vicenciana\/"},"img":{"alt_text":"cartel","src":"https:\/\/i0.wp.com\/vicencianos.org\/wp-content\/2014\/01\/cartel.jpg?resize=350%2C200","width":350,"height":200},"classes":[]},{"id":120300,"url":"https:\/\/vincentians.com\/es\/vicente-de-paul-la-fe-que-dio-sentido-a-su-vida-iv-amemos-a-dios-hermanos-mios-amemos-a-dios\/","url_meta":{"origin":35363,"position":1},"title":"Vicente de Pa\u00fal: la fe que dio sentido a su vida. IV. \u00a1Amemos a Dios, hermanos m\u00edos, amemos a Dios!","author":"Francisco Javier Fern\u00e1ndez Chento","date":"03\/01\/2015","format":false,"excerpt":"IV. \u00a1Amemos a Dios, hermanos m\u00edos, amemos a Dios! El descubrimiento de la bondad de Dios no deja a Vi\u00adcente maravillado e inactivo; est\u00e1 en el origen de un dina\u00admismo asombroso que da impulso a toda su vida. Vi\u00e9ndole recomendar la disponibilidad para con la divina Providen\u00adcia, podr\u00edan imaginarse algunos\u2026","rel":"","context":"En \u00abEspiritualidad vicenciana\u00bb","block_context":{"text":"Espiritualidad vicenciana","link":"https:\/\/vincentians.com\/es\/category\/espiritualidad\/espiritualidad-vicenciana\/"},"img":{"alt_text":"Vincent-de-Paul-and-bible-alternate","src":"https:\/\/i0.wp.com\/vicencianos.org\/wp-content\/2013\/04\/Vincent-de-Paul-and-bible-alternate-216x300.jpg?resize=350%2C200","width":350,"height":200},"classes":[]},{"id":398646,"url":"https:\/\/vincentians.com\/es\/aportacion-del-carisma-vicenciano-la-mision-la-iglesia-10-fin\/","url_meta":{"origin":35363,"position":2},"title":"Aportaci\u00f3n del carisma vicenciano a la Misi\u00f3n de la Iglesia (10 &#8211; Fin)","author":"Francisco Javier Fern\u00e1ndez Chento","date":"13\/08\/2016","format":false,"excerpt":"10.- La circularidad vicenciana: de Cristo a los pobres, de los pobres a Cristo. Para concluir esta reflexi\u00f3n sobre la aportaci\u00f3n del carisma vicenciano a la Misi\u00f3n de la Iglesia, me parece oportuno referirme a la \u201ccircularidad\u201d vicenciana: de Cristo a los pobres, de los pobres a Cristo. \u201cAmemos al\u2026","rel":"","context":"En \u00abFormaci\u00f3n Vicenciana\u00bb","block_context":{"text":"Formaci\u00f3n Vicenciana","link":"https:\/\/vincentians.com\/es\/category\/formacion-vicenciana\/"},"img":{"alt_text":"","src":"https:\/\/i0.wp.com\/vincentians.com\/es\/wp-content\/uploads\/sites\/11\/2016\/06\/contributions-charism.jpg?fit=1200%2C630&ssl=1&resize=350%2C200","width":350,"height":200,"srcset":"https:\/\/i0.wp.com\/vincentians.com\/es\/wp-content\/uploads\/sites\/11\/2016\/06\/contributions-charism.jpg?fit=1200%2C630&ssl=1&resize=350%2C200 1x, https:\/\/i0.wp.com\/vincentians.com\/es\/wp-content\/uploads\/sites\/11\/2016\/06\/contributions-charism.jpg?fit=1200%2C630&ssl=1&resize=525%2C300 1.5x, https:\/\/i0.wp.com\/vincentians.com\/es\/wp-content\/uploads\/sites\/11\/2016\/06\/contributions-charism.jpg?fit=1200%2C630&ssl=1&resize=700%2C400 2x, https:\/\/i0.wp.com\/vincentians.com\/es\/wp-content\/uploads\/sites\/11\/2016\/06\/contributions-charism.jpg?fit=1200%2C630&ssl=1&resize=1050%2C600 3x"},"classes":[]},{"id":117335,"url":"https:\/\/vincentians.com\/es\/evangelizar-siguiendo-a-san-vicente\/","url_meta":{"origin":35363,"position":3},"title":"Evangelizar siguiendo a san Vicente","author":"Francisco Javier Fern\u00e1ndez Chento","date":"14\/11\/2018","format":false,"excerpt":"Una de las opciones en Misiones Populares, tal y como lo hacemos los vicencianos, es el trabajo en equipo, que se compone de Consagrados (Pa\u00fales, Hijas de la Caridad, sacerdotes diocesanos\u2026) y Seglares Vicencianos. No lo hacemos as\u00ed por \"moda\", sino que es una de las urgencias en nuestra sociedad\u2026","rel":"","context":"En \u00abFormaci\u00f3n Vicenciana\u00bb","block_context":{"text":"Formaci\u00f3n Vicenciana","link":"https:\/\/vincentians.com\/es\/category\/formacion-vicenciana\/"},"img":{"alt_text":"","src":"https:\/\/i0.wp.com\/vincentians.com\/es\/wp-content\/uploads\/sites\/11\/2016\/09\/sencillos-como-palomas.jpg?fit=1200%2C630&ssl=1&resize=350%2C200","width":350,"height":200,"srcset":"https:\/\/i0.wp.com\/vincentians.com\/es\/wp-content\/uploads\/sites\/11\/2016\/09\/sencillos-como-palomas.jpg?fit=1200%2C630&ssl=1&resize=350%2C200 1x, https:\/\/i0.wp.com\/vincentians.com\/es\/wp-content\/uploads\/sites\/11\/2016\/09\/sencillos-como-palomas.jpg?fit=1200%2C630&ssl=1&resize=525%2C300 1.5x, https:\/\/i0.wp.com\/vincentians.com\/es\/wp-content\/uploads\/sites\/11\/2016\/09\/sencillos-como-palomas.jpg?fit=1200%2C630&ssl=1&resize=700%2C400 2x, https:\/\/i0.wp.com\/vincentians.com\/es\/wp-content\/uploads\/sites\/11\/2016\/09\/sencillos-como-palomas.jpg?fit=1200%2C630&ssl=1&resize=1050%2C600 3x"},"classes":[]},{"id":387803,"url":"https:\/\/vincentians.com\/es\/jesus-ora-al-padre-movido-por-el-espiritu\/","url_meta":{"origin":35363,"position":4},"title":"Jes\u00fas ora al Padre, movido por el Esp\u00edritu","author":"Mitxel Olabu\u00e9naga","date":"08\/09\/2016","format":false,"excerpt":"Jes\u00fas de Nazaret es un trabajador fiel que hace de su vida oraci\u00f3n, y de la oraci\u00f3n compromiso de salvaci\u00f3n para los hombres. Trabajo y oraci\u00f3n se funden indisolublemente en su persona. Es inconcebible un Jes\u00fas que no ora expresamente al Padre y que no ense\u00f1a a sus disc\u00edpulos a\u2026","rel":"","context":"En \u00abOraci\u00f3n\u00bb","block_context":{"text":"Oraci\u00f3n","link":"https:\/\/vincentians.com\/es\/category\/espiritualidad\/oracion\/"},"img":{"alt_text":"","src":"https:\/\/i0.wp.com\/vincentians.com\/es\/wp-content\/uploads\/sites\/11\/2016\/09\/jesus-ora-al-padre.jpg?fit=1200%2C630&ssl=1&resize=350%2C200","width":350,"height":200,"srcset":"https:\/\/i0.wp.com\/vincentians.com\/es\/wp-content\/uploads\/sites\/11\/2016\/09\/jesus-ora-al-padre.jpg?fit=1200%2C630&ssl=1&resize=350%2C200 1x, https:\/\/i0.wp.com\/vincentians.com\/es\/wp-content\/uploads\/sites\/11\/2016\/09\/jesus-ora-al-padre.jpg?fit=1200%2C630&ssl=1&resize=525%2C300 1.5x, https:\/\/i0.wp.com\/vincentians.com\/es\/wp-content\/uploads\/sites\/11\/2016\/09\/jesus-ora-al-padre.jpg?fit=1200%2C630&ssl=1&resize=700%2C400 2x, https:\/\/i0.wp.com\/vincentians.com\/es\/wp-content\/uploads\/sites\/11\/2016\/09\/jesus-ora-al-padre.jpg?fit=1200%2C630&ssl=1&resize=1050%2C600 3x"},"classes":[]},{"id":387138,"url":"https:\/\/vincentians.com\/es\/oremos-como-los-pobres\/","url_meta":{"origin":35363,"position":5},"title":"Oremos como los pobres","author":"Mitxel Olabu\u00e9naga","date":"28\/02\/2016","format":false,"excerpt":"\u00abPrecisamente el Esp\u00edritu acude en auxilio de nuestra debilidad; nosotros no sabe\u00admos a ciencia cierta lo que debemos pedir, pero el Es\u00adp\u00edritu en persona intercede por nosotros con gemidos, sin palabras; y aquel que escruta el coraz\u00f3n conoce la intenci\u00f3n del Esp\u00edritu, por\u00adque \u00e9ste intercede por los consagrados como Dios\u2026","rel":"","context":"En \u00abEspiritualidad\u00bb","block_context":{"text":"Espiritualidad","link":"https:\/\/vincentians.com\/es\/category\/espiritualidad\/"},"img":{"alt_text":"La pobreza de muchas familias campesinas de San Lucas, les impide gozar de una mejor vivienda. LA PRENSA\/William Arag\u00dbn","src":"https:\/\/i0.wp.com\/vicencianos.org\/wp-content\/uploads\/2016\/02\/asd-4-300x225.jpg?resize=350%2C200","width":350,"height":200},"classes":[]}],"_links":{"self":[{"href":"https:\/\/vincentians.com\/es\/wp-json\/wp\/v2\/posts\/35363","targetHints":{"allow":["GET"]}}],"collection":[{"href":"https:\/\/vincentians.com\/es\/wp-json\/wp\/v2\/posts"}],"about":[{"href":"https:\/\/vincentians.com\/es\/wp-json\/wp\/v2\/types\/post"}],"author":[{"embeddable":true,"href":"https:\/\/vincentians.com\/es\/wp-json\/wp\/v2\/users\/4"}],"replies":[{"embeddable":true,"href":"https:\/\/vincentians.com\/es\/wp-json\/wp\/v2\/comments?post=35363"}],"version-history":[{"count":0,"href":"https:\/\/vincentians.com\/es\/wp-json\/wp\/v2\/posts\/35363\/revisions"}],"wp:featuredmedia":[{"embeddable":true,"href":"https:\/\/vincentians.com\/es\/wp-json\/"}],"wp:attachment":[{"href":"https:\/\/vincentians.com\/es\/wp-json\/wp\/v2\/media?parent=35363"}],"wp:term":[{"taxonomy":"category","embeddable":true,"href":"https:\/\/vincentians.com\/es\/wp-json\/wp\/v2\/categories?post=35363"},{"taxonomy":"post_tag","embeddable":true,"href":"https:\/\/vincentians.com\/es\/wp-json\/wp\/v2\/tags?post=35363"}],"curies":[{"name":"wp","href":"https:\/\/api.w.org\/{rel}","templated":true}]}}