{"id":35311,"date":"2020-07-11T08:26:51","date_gmt":"2020-07-11T06:26:51","guid":{"rendered":"http:\/\/somos.vicencianos.org\/blog\/2011\/04\/lucia-roge-circular-de-renovacion-1983\/"},"modified":"2020-07-07T17:58:14","modified_gmt":"2020-07-07T15:58:14","slug":"lucia-roge-circular-de-renovacion-1983","status":"publish","type":"post","link":"https:\/\/vincentians.com\/es\/lucia-roge-circular-de-renovacion-1983\/","title":{"rendered":"Luc\u00eda Rog\u00e9: Circular de Renovaci\u00f3n, 1983"},"content":{"rendered":"<p>MARGARITA NASEAU<\/p>\n<p>Par\u00eds, 2 de febrero de 1983<\/p>\n<p>Queridas Hermanas:<\/p>\n<p>En este a\u00f1o jubilar del 350 aniversario de la fundaci\u00f3n de la Com\u00adpa\u00f1\u00eda, pensando en todas las que me acompa\u00f1an con su oraci\u00f3n en este acto de fe, he presentado nuestras peticiones de Renovaci\u00f3n a nuestro Superior General. La gracia de renovar nuestros votos se nos concede para el 25 de marzo pr\u00f3ximo, en la fiesta de la Anunciaci\u00f3n a la Virgen Mar\u00eda.<\/p>\n<p>A ella, conf\u00edo esta meditaci\u00f3n que vamos a hacer, juntas, para enca\u00adminarnos hacia una entrega m\u00e1s total al servicio de Cristo en los pobres.<\/p>\n<p>El designio de Dios que coloca ante nuestra memoria los aconteci\u00admientos de 1633, me invita a considerar con ustedes el testimonio de Margarita Naseau. Tengo la convicci\u00f3n \u00edntima de que el Se\u00f1or quiere hacernos comprender cu\u00e1l es su voluntad en el d\u00eda de hoy, a partir de nuestra historia. Y a ello, nos incita con esta serie de aniversarios: 1980, 1981, 1983. De la misma manera que tratamos de encontrar luz y orien\u00adtaci\u00f3n partiendo de la historia sagrada del Pueblo de Dios, as\u00ed tambi\u00e9n, tratemos de descifrar lo que el Se\u00f1or quiere decirnos hoy, como Com\u00adpa\u00f1\u00eda de las Hijas de la Caridad, a trav\u00e9s de esa historia que \u00c9l escribe con nosotras.<\/p>\n<p>SIGUIENDO LOS PASOS DE MARGARITA NASEAU HACIA LA ENTREGA TOTAL<\/p>\n<p>Este mes de febrero se\u00f1ala el 350<sup>2<\/sup> aniversario de la muerte de Mar\u00adgarita Naseau. Ella es nuestro Mois\u00e9s, puesto que Dios la llam\u00f3 antes del 29 de noviembre. Es nuestro precursor, \u00abla que mostr\u00f3 el camino a las dem\u00e1s\u00bb, como gustaba recordar san Vicente. Su testimonio de vida es un signo patente para nosotras, signo que san Vicente y santa Luisa autentificaron.<\/p>\n<p>Es cierto que no est\u00e1 canonizada, pero su vida, como la de los Ap\u00f3stoles, fue una vida totalmente entregada al Se\u00f1or. Nunca volvi\u00f3 la vista atr\u00e1s para recuperar lo entregado. Y en esa entrega, lleg\u00f3 hasta el extremo.<\/p>\n<p>Contemplarla es casi un deber de justicia en este a\u00f1o jubilar. A ella, debemos el que nuestro carisma quedara plasmado de una manera con\u00adcreta. San Vicente cit\u00f3 siempre su ejemplo, el de una pobre muchacha de aldea, de humilde condici\u00f3n. Margarita es un modelo propuesto por Dios a la Compa\u00f1\u00eda, a esa Compa\u00f1\u00eda que \u00c9l mismo suscit\u00f3. En sus conferen\u00adcias, san Vicente recurre al nombre de Margarita para ilustrar el tema esco\u00adgido: julio de 1642, 13 de febrero de 1646, Navidad de 1648, y a\u00fan veinte a\u00f1os despu\u00e9s de su muerte, el 24 de febrero de 1653. Los temas de las conferencias en que su recuerdo se ofrece al pensamiento de san Vicente son muy significativos: \u00abAmor a la vocaci\u00f3n\u00bb, \u00abEsp\u00edritu de la Compa\u00f1\u00eda\u00bb.<\/p>\n<p>Considerar su recorrido espiritual ser\u00e1 para nosotras una luz que nos permita descubrir el carisma vivido en los or\u00edgenes de la Compa\u00f1\u00eda y comprender por qu\u00e9 Margarita Naseau impresion\u00f3 tanto a los Funda\u00addores, hasta el punto de que la consideraron como co-fundadora.<\/p>\n<p>Empecemos por situarla como hija de un campesino de Suresnes, la mayor de seis hermanos.<span id='easy-footnote-1-35311' class='easy-footnote-margin-adjust'><\/span><span class='easy-footnote'><a href='https:\/\/vincentians.com\/es\/lucia-roge-circular-de-renovacion-1983\/#easy-footnote-bottom-1-35311' title='Margarita Naseau 1594, Micaela 1604, Magdalena 1598, Francisco 1601, Dionisia 1607, Pedro 1610.'><sup>1<\/sup><\/a><\/span> Naci\u00f3 en 1594. Ten\u00eda, pues, treinta y seis a\u00f1os cuando entr\u00f3 en contacto con san Vicente durante una misi\u00f3n. Muchos detalles que han quedado en la sombra encuadran este per\u00edodo que va desde su infancia hasta los treinta y seis a\u00f1os. Por ejemplo, \u00bfcu\u00e1nto tiempo hac\u00eda que sab\u00eda leer y se dedicaba a ense\u00f1arlo a los dem\u00e1s, cuando se fue a pedir consejo a san Vicente? Esta falta de pormenores nos lleva a detenernos en lo esencial.<\/p>\n<p>Una joven campesina del siglo XVII \u00abse ense\u00f1a\u00bb a leer ella misma&#8230;, se convierte en maestra de otros, en el terreno de la ense\u00f1anza y en el de la evangelizaci\u00f3n de la juventud que la rodea&#8230; El hecho es lo bas\u00adtante extraordinario como para provocar nuestro interrogante. Margarita tiene diecis\u00e9is a\u00f1os cuando nace el \u00faltimo de sus hermanitos. Se puede pensar que hasta ese momento ha tenido bastantes ocupaciones en su casa. En la Iglesia, centro de la vida del pueblo, ha descubierto la his\u00adtoria de nuestra Salvaci\u00f3n. Y entonces, germina en ella el deseo de saber m\u00e1s, de conocer mejor esa historia para poder comunic\u00e1rsela a otros. \u00bfCu\u00e1ntas horas, cu\u00e1ntos d\u00edas de meditaci\u00f3n, mientras guardaba las vacas, ha dedicado a concretar ese deseo interior? \u00bfC\u00f3mo ha llega\u00addo a concentrarse suficientemente en s\u00ed misma hasta poder elaborar un proyecto bien definido? Nos es relativamente f\u00e1cil el imagin\u00e1rnosla sumi\u00adda en su meditaci\u00f3n, favorecida por el silencio de la pradera, orando&#8230;<\/p>\n<p>As\u00ed es como ha podido hacer madurar su proyecto hasta dar el primer paso del compromiso previsto: comprarse una cartilla. En aquella \u00e9poca, toda cartilla iba seguida de un compendio de doctrina.<\/p>\n<p>As\u00ed vemos, pues, c\u00f3mo esta primera etapa de su vida nos remite a unos valores de interioridad, a un tiempo consagrado a la reflexi\u00f3n medi\u00adtativa, al silencio y a la concentraci\u00f3n espiritual, a la oraci\u00f3n sencilla y humilde, dentro de una completa docilidad al Esp\u00edritu.<\/p>\n<p>Margarita Naseau se presenta a cada una de nosotras como el tes\u00adtigo de lo que debe ser la vida de la Hija de la Caridad. Intuimos que estaba animada por una actividad espiritual aut\u00e9ntica, orientada por la caridad hacia el servicio a los dem\u00e1s&#8230;, sin dejar por ello, su trabajo de campesina. En plena naturaleza, ambiente habitual de su vida, nada viene a apartarla de su camino interior. Su \u00fanico interlocutor, en tal ambiente de silencio, es Dios. Margarita escucha su voz dentro de ella y llega a discernir lo esencial. As\u00ed es como se establece en el estado de oraci\u00f3n permanente que san Vicente deseaba para nosotras. Su interio\u00adridad es fuente de germinaci\u00f3n, y m\u00e1s adelante lo ser\u00e1 de fecundidad. Ah\u00ed la tenemos, con su abecedario en la mano, en la primera etapa de su misi\u00f3n. Deja toda la iniciativa al Esp\u00edritu&#8230; De hecho, est\u00e1 entrando en el momento decisivo de su vida.<\/p>\n<p>Mir\u00e9mosla ahora, absorta en su libro, tratando de penetrar el signifi\u00adcado y la \u00abaplicaci\u00f3n\u00bb de las letras&#8230; Si logra encontrar una ayuda oca\u00adsional, no por eso disminuye la aridez de la tarea, agravada por la falta de continuidad pedag\u00f3gica. Pero Margarita es perseverante, humilde\u00admente perseverante. El amor y la humildad sostienen su asiduidad inve\u00adros\u00edmil. El amor va m\u00e1s lejos que el cansancio, el amor consigue vencer el cansancio, transform\u00e1ndolo en perseverancia. La humildad, apoyada en el amor, es capaz de todas las \u00abvuelta a empezar\u00bb. Lo mismo ocurre con la constancia de Dios para amarnos en Jesucristo: \u00abJerusal\u00e9n, Jeru\u00adsal\u00e9n, \u00a1Cu\u00e1ntas veces quise reunir a tus hijos!\u00bb.<span id='easy-footnote-2-35311' class='easy-footnote-margin-adjust'><\/span><span class='easy-footnote'><a href='https:\/\/vincentians.com\/es\/lucia-roge-circular-de-renovacion-1983\/#easy-footnote-bottom-2-35311' title='Mt 23,37.'><sup>2<\/sup><\/a><\/span>\n<p>Margarita Naseau lleva en s\u00ed la huella y la influencia del amor evan\u00adg\u00e9lico. De otro modo, \u00bfc\u00f3mo hubiera podido resistir al desaliento ante las dificultades, las burlas, las calumnias, tambi\u00e9n sin duda, ante cierta soledad y quiz\u00e1 ante el desprecio? Su humildad lleva un sello de auten\u00adticidad porque busca la sumisi\u00f3n a una obediencia. A nivel de la lectu\u00adra, se da cuenta de que es una condici\u00f3n de progreso, y pasa por enci\u00adma de todos los obst\u00e1culos para llegar a poseer ese apoyo. A otro nivel m\u00e1s profundo, busca en la direcci\u00f3n de san Vicente la supervisi\u00f3n que la ayude a reconocer la voluntad de Dios: \u00abSe confes\u00f3 conmigo y me expuso sus ideas\u00bb.<span id='easy-footnote-3-35311' class='easy-footnote-margin-adjust'><\/span><span class='easy-footnote'><a href='https:\/\/vincentians.com\/es\/lucia-roge-circular-de-renovacion-1983\/#easy-footnote-bottom-3-35311' title='IX, 542.'><sup>3<\/sup><\/a><\/span> En este aspecto, tambi\u00e9n su actitud es un reto para nosotras. \u00a1Soportamos con tanta dificultad, a veces con tanto sufrimien\u00adto, toda apariencia de autoridad, de control, tanto en el plano material como en el espiritual!&#8230; La primera Hija de la Caridad se someti\u00f3 volun\u00adtariamente a una autoridad que la dirigiese e hizo de ella el trampol\u00edn de su carrera misionera, una garant\u00eda de eficacia apost\u00f3lica, un acto de sumisi\u00f3n amorosa a Dios.<\/p>\n<p>San Vicente refiere que march\u00f3 a Villepreux. Se separ\u00f3, pues, de su familia, de Suresnes, y emprendi\u00f3 el camino inexplorado de maestra rural. Lleg\u00f3 hasta ser coordinadora de un peque\u00f1o equipo: \u00abSe resolvi\u00f3 a ir de aldea en aldea, para ense\u00f1ar a la juventud, con otras dos o tres j\u00f3venes que hab\u00eda formado\u00bb.<span id='easy-footnote-4-35311' class='easy-footnote-margin-adjust'><\/span><span class='easy-footnote'><a href='https:\/\/vincentians.com\/es\/lucia-roge-circular-de-renovacion-1983\/#easy-footnote-bottom-4-35311' title='IX, 89.'><sup>4<\/sup><\/a><\/span> Es cierto que tiene treinta y seis a\u00f1os y cierta madurez de esp\u00edritu, pero, \u00bfqui\u00e9n le ha inspirado tal iniciativa? \u00bfDe d\u00f3nde ha sacado valor para tomar sobre s\u00ed esta responsabilidad, fuerza de persuasi\u00f3n para arrastrar a otras compa\u00f1eras? El Esp\u00edritu de Dios act\u00faa en ella y a trav\u00e9s de ella, sin que le oponga obst\u00e1culos ni dilaciones.<\/p>\n<p>Su pobreza es total: \u00abCosa admirable, emprendi\u00f3 todo esto sin dine\u00adro y sin otra provisi\u00f3n que la divina Providencia\u00bb.<span id='easy-footnote-5-35311' class='easy-footnote-margin-adjust'><\/span><span class='easy-footnote'><a href='https:\/\/vincentians.com\/es\/lucia-roge-circular-de-renovacion-1983\/#easy-footnote-bottom-5-35311' title='Ib\u00eddem.'><sup>5<\/sup><\/a><\/span> La misma santa Luisa subraya hechos como el de haberse visto privada de pan y haber teni\u00addo que ayunar varios d\u00edas. Pero lo que m\u00e1s nos sorprende es su pobre\u00adza interior. Le permite soportar un clima de burlas y calumnias sin amar\u00adgura y sin menoscabo de su impulso misionero: \u00abSu celo iba siendo cada vez m\u00e1s ardiente\u00bb.<span id='easy-footnote-6-35311' class='easy-footnote-margin-adjust'><\/span><span class='easy-footnote'><a href='https:\/\/vincentians.com\/es\/lucia-roge-circular-de-renovacion-1983\/#easy-footnote-bottom-6-35311' title='Ib\u00eddem.'><sup>6<\/sup><\/a><\/span> Pobre tambi\u00e9n de voluntad propia: renuncia serenamente a la ense\u00f1anza para hacerse sierva de los enfermos. Y de la misma forma, va a ir diciendo \u00abs\u00ed\u00bb espont\u00e1neamente a cualquier lla\u00admada que le venga de parte de Dios: cambi\u00f3 de lugares seg\u00fan las necesidades de la Misi\u00f3n; se form\u00f3 para nuevas actividades. \u00abLe ense\u00ad\u00f1aron a utilizar remedios y a hacer todos los servicios necesarios, y lo aprendi\u00f3 todo muy bien\u00bb.<span id='easy-footnote-7-35311' class='easy-footnote-margin-adjust'><\/span><span class='easy-footnote'><a href='https:\/\/vincentians.com\/es\/lucia-roge-circular-de-renovacion-1983\/#easy-footnote-bottom-7-35311' title='IX, 542.'><sup>7<\/sup><\/a><\/span> Entr\u00f3 en un estado de disponibilidad perma\u00adnente. Cuando san Vicente dedica cinco conferencias \u00aba la indiferen\u00adcia\u00bb, piensa, sin duda, en el testimonio vivo de Margarita Naseau, a quien el amor y la humildad hicieron posible lo que, humanamente, es y seguir\u00e1 siendo doloroso. Margarita es la ilustraci\u00f3n viva de ese amor efectivo, que se nos muestra como la l\u00f3gica de toda conducta. Su vida entera se hace entrega: \u00abNo pod\u00eda rehusar nada, y le hubiera gustado tener a todo el mundo en su casa. Hay que advertir que entonces toda\u00adv\u00eda no exist\u00edan las comunidades formadas ni regla alguna que le impi\u00addiese obrar de esta manera\u00bb.<span id='easy-footnote-8-35311' class='easy-footnote-margin-adjust'><\/span><span class='easy-footnote'><a href='https:\/\/vincentians.com\/es\/lucia-roge-circular-de-renovacion-1983\/#easy-footnote-bottom-8-35311' title='IX, 90.'><sup>8<\/sup><\/a><\/span>\n<p>Esa incapacidad de resistir a los pobres revela con claridad cu\u00e1les eran sus pensamientos habituales: \u00abA trav\u00e9s del depositario, has dado a Dios; entonces, eres t\u00fa quien tiene que postrarse, puesto que \u00c9l se ha dignado recibir tu don\u00bb.<span id='easy-footnote-9-35311' class='easy-footnote-margin-adjust'><\/span><span class='easy-footnote'><a href='https:\/\/vincentians.com\/es\/lucia-roge-circular-de-renovacion-1983\/#easy-footnote-bottom-9-35311' title='Saint-Exup\u00e9ry, &lt;em&gt;Citadelle&lt;\/em&gt;.'><sup>9<\/sup><\/a><\/span>\n<p>As\u00ed, como ya no se pertenece a ella misma, tampoco se considera due\u00f1a de nada: todo es de Dios y de los pobres. Ha conseguido una libertad interior total y est\u00e1 llena de un gozo \u00edntimo admirable. \u00abConta\u00adgiada de aquel mal (la peste), dijo adi\u00f3s a la hermana que estaba con ella como si hubiese previsto su muerte, y se march\u00f3 a San Luis con el coraz\u00f3n lleno de alegr\u00eda y de conformidad con la voluntad de Dios\u00bb.<span id='easy-footnote-10-35311' class='easy-footnote-margin-adjust'><\/span><span class='easy-footnote'><a href='https:\/\/vincentians.com\/es\/lucia-roge-circular-de-renovacion-1983\/#easy-footnote-bottom-10-35311' title='&lt;em&gt;IX, &lt;\/em&gt;90.'><sup>10<\/sup><\/a><\/span>\n<p>\u00abCon el coraz\u00f3n lleno de alegr\u00eda\u00bb, es la revelaci\u00f3n de una vida total\u00admente entregada al Amor. Su \u00faltimo mensaje de gozo justifica el t\u00edtulo de primera hija espiritual de los Fundadores.<\/p>\n<p>Hecha esta breve evocaci\u00f3n de nuestra Hermana mayor, pregunt\u00e9\u00admonos ahora c\u00f3mo puede la personalidad de Margarita Naseau inspirar nuestra vida, en la realidad de la Iglesia y del mundo de hoy. C\u00f3mo puede su testimonio sostener el compromiso personal, que nos dispo\u00adnemos a adquirir, de una nueva entrega de nosotras mismas a Dios.<\/p>\n<p>INTERIORIDAD FECUNDA<\/p>\n<p>Es asombroso descubrir en la vida de nuestra Hermana, aquella larga preparaci\u00f3n silenciosa a la realizaci\u00f3n del designio de Dios sobre ella, maduraci\u00f3n progresiva de un carisma. No es arriesgado suponer que esa maduraci\u00f3n se fue produciendo a trav\u00e9s de un camino de som\u00adbras y luces, en medio de una b\u00fasqueda sincera en uni\u00f3n con Dios. El ejemplo de Margarita Naseau nos invita a establecer en nuestra vida, espacios de silencio, de contemplaci\u00f3n, de oraci\u00f3n&#8230; Proposici\u00f3n que parece parad\u00f3jica en medio de la dispersi\u00f3n de nuestras actividades, de la multiplicidad de nuestras reuniones, dentro de una vida que ya no conoce el silencio, en la que, a veces, se ve una tentada a liberarse de la fatiga y del vac\u00edo, mediante diversiones m\u00e1s o menos superficiales. Para ponernos al paso de la marcha espiritual de Margarita Naseau, tenemos que consentir en desembarazarnos de todos esos par\u00e1sitos de la vida misionera que son, por ejemplo, la afici\u00f3n desmedida a la televi\u00adsi\u00f3n y el uso indiscriminado de una profusi\u00f3n de medios de comunica\u00adci\u00f3n social&#8230; Es en la soledad y teniendo a Dios como interlocutor, donde se encuentra luz y fortaleza para cualquier compromiso; s\u00f3lo as\u00ed, llega a desvanecerse lo superficial, dejando de ser un peligro para la vida \u00edntima. Cuando permitimos al Esp\u00edritu de Amor invadir nuestra alma, \u00c9l nos aporta la posibilidad de discernir lo esencial.<\/p>\n<p>Necesitamos esos tiempos de desierto, de silencio, de distancia\u00admiento, de recolecci\u00f3n, que son condici\u00f3n indispensable de toda ora\u00adci\u00f3n verdadera. No se trata, por supuesto, ni de dimisi\u00f3n ni de evasi\u00f3n, pero es indispensable reaccionar contra la artificialidad inconsciente de nuestra manera de ser. Solamente el silencio con Dios y la oraci\u00f3n nos ayudan a captar el sentido de la Palabra, y hacen de nosotras misione\u00adras. Es imposible que exista acci\u00f3n misionera real si no va ligada a la escucha y a la contemplaci\u00f3n. Porque s\u00f3lo as\u00ed, es como Dios interviene y act\u00faa en nosotras, como ocurri\u00f3 en la vida de Margarita Naseau. La oraci\u00f3n diaria, los tiempos mensuales de profundizaci\u00f3n interior, los Ejercicios Espirituales anuales mantienen la plenitud de nuestro servicio a los pobres y \u00abla plenitud de la presencia de Dios en nosotras\u00bb. De esos tiempos de interioridad con el Se\u00f1or, depende nuestra creatividad en el servicio. Sin esos \u00abaltos\u00bb con el Esp\u00edritu, estamos condenadas o bien a la costumbre y la rutina, o bien a la par\u00e1lisis. Por el contrario, gracias a ellos, Dios renueva todos los d\u00edas la energ\u00eda de nuestra juventud, da nueva vida a nuestro compromiso, comunica a nuestro servicio, sentido y fecundidad.<\/p>\n<p>HUMILDAD PERSEVERANTE<\/p>\n<p>El segundo reto que nos lanza la vida de Margarita Naseau, a noso\u00adtras, sus hermanas espirituales, para que revisemos nuestro proceder, es el de su humildad.<\/p>\n<ul>\n<li>fue humildad, su decisi\u00f3n de aprender a leer, verdadera aventura con riesgo de fracasar;<\/li>\n<li>fue humildad, su saber \u00abvolver a empezar\u00bb y su perseverancia en vencer las dificultades sin caer en el desaliento;<\/li>\n<li>fue humildad, esperar hasta tener treinta y seis a\u00f1os para llegar a un resultado;<\/li>\n<li>fue humildad, el recurrir a una direcci\u00f3n para su itinerario espiritual;<\/li>\n<li>fue humildad, el aceptar la proposici\u00f3n que se le hizo de un servi\u00adcio diferente de su primera opci\u00f3n;<\/li>\n<li>fue humildad, su sobriedad de vida, en solidaridad con los pobres; &#8211; fue humildad, su dependencia total de la Providencia de Dios;<\/li>\n<\/ul>\n<p>La humildad, hoy, nos parece algo ins\u00f3lito, casi incompatible con la eficacia misionera. La misma palabra suena mal a nuestros o\u00eddos. Y, sin embargo, es una expresi\u00f3n evang\u00e9lica unida a la Persona de Cristo, ligada a la espiritualidad de encarnaci\u00f3n y espec\u00edfica de nuestra voca\u00adci\u00f3n. Es verdad que recibimos de continuo el impacto de una civilizaci\u00f3n de la publicidad, de las estad\u00edsticas, de las evaluaciones y sondeos de orientaci\u00f3n. Tenemos tendencia a tranquilizarnos o desalentarnos a par\u00adtir de resultados cuantitativos. La vida de Margarita Naseau nos invita a recurrir humildemente al poder de los medios espirituales, en una rela\u00adci\u00f3n invisible con Dios; nos recuerda, lo mismo que la vida de Jesucris\u00adto, que la humildad es inseparable del amor, siendo ella la que lo torna efectivo&#8230; Porque es Dios el que act\u00faa.<\/p>\n<p>Nos ocurre, a veces, tener el reflejo del sic\u00f3moro: subir para ver y, probablemente, para ser vistos. Ahora bien, la condici\u00f3n de un verdade\u00adro encuentro con Cristo nos la revela \u00c9l mismo: \u00abZaqueo, \u00a1baja pronto!\u00bb.<span id='easy-footnote-11-35311' class='easy-footnote-margin-adjust'><\/span><span class='easy-footnote'><a href='https:\/\/vincentians.com\/es\/lucia-roge-circular-de-renovacion-1983\/#easy-footnote-bottom-11-35311' title='Lc 19, 5.'><sup>11<\/sup><\/a><\/span> Y Zaqueo comprendi\u00f3 perfectamente: se propone reparar sus injusti\u00adcias, busca la forma de compartir sus bienes con los pobres. Renuncia a su riqueza, a su poder\u00edo. Pero, a cambio, encuentra la alegr\u00eda: \u00abbaj\u00f3 a toda prisa y le recibi\u00f3 con alegr\u00eda\u00bb.<span id='easy-footnote-12-35311' class='easy-footnote-margin-adjust'><\/span><span class='easy-footnote'><a href='https:\/\/vincentians.com\/es\/lucia-roge-circular-de-renovacion-1983\/#easy-footnote-bottom-12-35311' title='Lc 19, 6.'><sup>12<\/sup><\/a><\/span> Es as\u00ed, como Jes\u00fas, Servidor del Padre, nos llama a que lo sigamos por amor y a que lo encontremos por el camino de la humildad.<\/p>\n<p>Pero, hay un abismo \u00abentre la humildad en ejercicio (o las pr\u00e1cticas de humildad, por reiteradas que sean \u00e9stas), y una humillaci\u00f3n que se recibe sin estar preparado, un gesto de la cara, algo que no nos espe\u00adr\u00e1bamos en ese momento o de esa forma&#8230;\u00bb;<\/p>\n<ul>\n<li>\u00abentre una humildad <em>de pr\u00e1cticas <\/em>y una humildad de vida, de la misma vida&#8230;\u00bb;<\/li>\n<li>\u00abentre una humildad preparada por uno mismo y una humillaci\u00f3n que Dios nos ha preparado por su cuenta&#8230;\u00bb.<span id='easy-footnote-13-35311' class='easy-footnote-margin-adjust'><\/span><span class='easy-footnote'><a href='https:\/\/vincentians.com\/es\/lucia-roge-circular-de-renovacion-1983\/#easy-footnote-bottom-13-35311' title='Charles PEGUY, &lt;em&gt;Mist\u00e9re de la Chant\u00e9 de Jeanne d&amp;#8217;Arc&lt;\/em&gt;.'><sup>13<\/sup><\/a><\/span><\/li>\n<\/ul>\n<p>Esta humildad de vida, de la misma vida, confiere autenticidad a la vocaci\u00f3n de Hija de la Caridad, en la comunidad fraterna y en el servi\u00adcio a los pobres.<\/p>\n<p>Reaccionemos en contra de esos esp\u00edritus \u00abest\u00e1ndar\u00bb que la socie\u00addad contribuye a crear en nosotras. Tenemos que vivir nuestra vocaci\u00f3n de siervas, hoy, con referencia expl\u00edcita a Jesucristo Servidor, manso y humilde de coraz\u00f3n. Tenemos que poner en tela de juicio nuestras ten\u00addencias espont\u00e1neas al orgullo, confront\u00e1ndolas con las Bienaventu\u00adranzas: \u00abBienaventurados los pobres de esp\u00edritu&#8230; Bienaventurados los mansos&#8230; Bienaventurados los pac\u00edficos&#8230;\u00bb Demos fe a la Palabra de Dios y tengamos la valent\u00eda de hacer actos que nos permitan experi\u00admentar las Bienaventuranzas&#8230;, \u00a1que nos permitan experimentar la ale\u00adgr\u00eda! Si queremos que penetren en nosotros las Bienaventuranzas, hemos de renovarnos en el Esp\u00edritu. Ambas cosas son inseparables.<\/p>\n<p>GOZO ESPIRITUAL<\/p>\n<p>Margarita Naseau nos ense\u00f1a a percibir los acontecimientos de la vida corno un lenguaje de Dios, y a iluminarlos con la claridad del Evan\u00adgelio. Parece, en efecto, que las Bienaventuranzas hayan sido la luz de su vida diaria, sin apartarse de su rigor desconcertante: \u00abBienaventura\u00addos los que tienen hambre y sed de justicia&#8230; Bienaventurados ser\u00e9is cuando os insulten&#8230; por M\u00ed. Alegraos y regocijaos\u00bb.<span id='easy-footnote-14-35311' class='easy-footnote-margin-adjust'><\/span><span class='easy-footnote'><a href='https:\/\/vincentians.com\/es\/lucia-roge-circular-de-renovacion-1983\/#easy-footnote-bottom-14-35311' title='Mt 5, 3-11.'><sup>14<\/sup><\/a><\/span>\n<p>\u00bfPoseemos esa alegr\u00eda espiritual e \u00edntima? \u00bfSabemos irradiarla? \u00bfSabemos transmitirla?<\/p>\n<p>Cristo desea que estemos colmadas de esa alegr\u00eda: \u00abAhora&#8230;, hablo de estas cosas en el mundo, para que tengan mi gozo cumplido en s\u00ed mismos\u00bb.<span id='easy-footnote-15-35311' class='easy-footnote-margin-adjust'><\/span><span class='easy-footnote'><a href='https:\/\/vincentians.com\/es\/lucia-roge-circular-de-renovacion-1983\/#easy-footnote-bottom-15-35311' title='Jn 17, 13.'><sup>15<\/sup><\/a><\/span>Es la misma promesa de las Bienaventuranzas, con sus afirmaciones parad\u00f3jicas, dif\u00edciles de comprender. Gozo de la fe, con la certidumbre de que somos amados por Dios, de que nos une con \u00c9l el lazo tan fuerte de nuestra vida cristiana, de nuestra vida con\u00adsagrada, de nuestra vida de Hijas de la Caridad. Alegr\u00eda de la presen\u00adcia de Cristo Resucitado, esa alegr\u00eda pascual que se da en nuestra vida cada vez que nos encontramos con la Cruz: \u00abVosotros, pues, ahora ten\u00e9is tristeza, pero de nuevo os ver\u00e9, y se alegrar\u00e1 vuestro coraz\u00f3n, y nadie ser\u00e1 capaz de quitaros vuestra alegr\u00eda\u00bb.<span id='easy-footnote-16-35311' class='easy-footnote-margin-adjust'><\/span><span class='easy-footnote'><a href='https:\/\/vincentians.com\/es\/lucia-roge-circular-de-renovacion-1983\/#easy-footnote-bottom-16-35311' title='Jn 16, 22.'><sup>16<\/sup><\/a><\/span> Alegr\u00eda \u00edntima, gozo espiritual que es fruto del Esp\u00edritu Santo, que solo \u00c9l nos puede dar y que nadie nos puede arrebatar.<\/p>\n<p>Irradiar la alegr\u00eda. Esta expresi\u00f3n, tomada en sentido superficial, puede parecer hasta insolente frente a la violencia, a las injusticias, al hambre que campea en nuestro mundo. Pero es que si, a despecho del mal, persiste el Amor, entonces y s\u00f3lo entonces, puede nacer la alegr\u00eda. San Vicente se la recomendaba de continuo a la se\u00f1orita Le Gras, ase\u00adgur\u00e1ndole que el benepl\u00e1cito divino es \u00abque nos conservemos siempre en la santa alegr\u00eda de su amor\u00bb.<span id='easy-footnote-17-35311' class='easy-footnote-margin-adjust'><\/span><span class='easy-footnote'><a href='https:\/\/vincentians.com\/es\/lucia-roge-circular-de-renovacion-1983\/#easy-footnote-bottom-17-35311' title='I, 108.'><sup>17<\/sup><\/a><\/span> Le instaba a que liberara su esp\u00edritu de todo lo que pudiera apenarla: \u00abDios se ocupar\u00e1 de ello\u00bb. El secreto consiste en dejar que, en medio de la tempestad, resuene siempre en nosotras la Palabra evang\u00e9lica: \u00abNo temas&#8230;\u00bb.<span id='easy-footnote-18-35311' class='easy-footnote-margin-adjust'><\/span><span class='easy-footnote'><a href='https:\/\/vincentians.com\/es\/lucia-roge-circular-de-renovacion-1983\/#easy-footnote-bottom-18-35311' title='Mt 10, 31.'><sup>18<\/sup><\/a><\/span> 0 tambi\u00e9n: \u00bf\u00bbpor qu\u00e9 sois tan cobardes? \u00bftodav\u00eda no ten\u00e9is fe?\u00bb.<span id='easy-footnote-19-35311' class='easy-footnote-margin-adjust'><\/span><span class='easy-footnote'><a href='https:\/\/vincentians.com\/es\/lucia-roge-circular-de-renovacion-1983\/#easy-footnote-bottom-19-35311' title='Mc 4, 40.'><sup>19<\/sup><\/a><\/span>\n<p>El servicio misionero, realizado en fe, llena de confianza, se convier\u00adte en fuente de alegr\u00eda para toda la Comunidad. Santa Luisa recomen\u00addaba a las Hermanas que, en medio de las dificultades de la tolerancia mutua y del servicio, \u00abpidieran al Esp\u00edritu Santo la alegr\u00eda\u00bb.<span id='easy-footnote-20-35311' class='easy-footnote-margin-adjust'><\/span><span class='easy-footnote'><a href='https:\/\/vincentians.com\/es\/lucia-roge-circular-de-renovacion-1983\/#easy-footnote-bottom-20-35311' title='Cfr. SLM, p. 81.'><sup>20<\/sup><\/a><\/span> Porque de esta manera, la uni\u00f3n entre las Hermanas proporciona \u00abun solo cora\u00adz\u00f3n\u00bb, lo que hac\u00eda escribir a santa Luisa: \u00ab\u00a1Qu\u00e9 felices son ustedes, mis queridas hermanas!\u00bb.<span id='easy-footnote-21-35311' class='easy-footnote-margin-adjust'><\/span><span class='easy-footnote'><a href='https:\/\/vincentians.com\/es\/lucia-roge-circular-de-renovacion-1983\/#easy-footnote-bottom-21-35311' title='SLM, p. 207.'><sup>21<\/sup><\/a><\/span> El cansancio, las contrariedades, el tropezarse con el mal o, tambi\u00e9n, la monoton\u00eda del servicio no consiguen destruir esta alegr\u00eda espiritual. La alegr\u00eda humana y natural de una amistad sen\u00adcilla entre los \u00abAmos\u00bb y su sirvienta, la precede a veces y acompa\u00f1a. Lo que no va en perjuicio de la fe, sobre todo, si son momentos privilegia\u00addos de encuentro con el Se\u00f1or que se muestra tan cercano: \u00abDiez veces al d\u00eda encontrar\u00e9is a Dios\u00bb.<span id='easy-footnote-22-35311' class='easy-footnote-margin-adjust'><\/span><span class='easy-footnote'><a href='https:\/\/vincentians.com\/es\/lucia-roge-circular-de-renovacion-1983\/#easy-footnote-bottom-22-35311' title='IX, 240.'><sup>22<\/sup><\/a><\/span>\n<p>El clima de nuestras comunidades tiene que permitir que los que nos rodean perciban esa alegr\u00eda del servicio sencillo y humilde, que emana de cada una de nosotras. Una serenidad que \u00abtodos comprue\u00adben\u00bb es inexplicable dentro de la pobreza, de la castidad y de la obe\u00addiencia. Tiene que plantear interrogantes a las gentes que nos ven.<\/p>\n<p>\u00bfC\u00f3mo es posible ser feliz, verse \u00absatisfecha\u00bb, content\u00e1ndose con poco y viviendo las renuncias de la castidad y de la obediencia? Es cier\u00adto que hay \u00aboleadas\u00bb que afrontar. Es cierto que somos vulnerables. Pero si perseverantemente reactivamos esta alegr\u00eda interior, en especial, des\u00adpu\u00e9s de cualquier asalto penoso y duro para nuestra sensibilidad, la robusteceremos cada vez m\u00e1s. En esos momentos dif\u00edciles, tenemos que pensar en poner a salvo nuestra alegr\u00eda, trayendo a nuestra memo\u00adria la primera llamada, la fidelidad inicial y repiti\u00e9ndonos: \u00abS\u00e9 de Qui\u00e9n me he fiado\u00bb.<span id='easy-footnote-23-35311' class='easy-footnote-margin-adjust'><\/span><span class='easy-footnote'><a href='https:\/\/vincentians.com\/es\/lucia-roge-circular-de-renovacion-1983\/#easy-footnote-bottom-23-35311' title='2Tim 1, 12.'><sup>23<\/sup><\/a><\/span>\n<p>Si conservamos nuestra alegr\u00eda cuando se nos ve renunciar a nuestra voluntad propia, se har\u00e1 m\u00e1s patente que se trata de una opci\u00f3n de aut\u00e9n\u00adtica libertad, y se ver\u00e1 la castidad como un amor preferencial y absoluto a Dios, \u00aba Dios en los pobres y a los pobres en Dios\u00bb. Cuando al final de una jornada \u00absombr\u00eda\u00bb, volvamos a \u00ableer\u00bb en fe su contenido, entonces, sin la menor posibilidad de duda, veremos brillar la chispa del amor de Dios a trav\u00e9s de cualquiera de los detalles vividos. Verdad es que la experiencia nos muestra que esa \u00ablectura\u00bb debe ser atenta, porque a veces ser\u00e1 min\u00fasculo el punto luminoso&#8230;, como esas luci\u00e9rnagas al borde del cami\u00adno, pero lo suficientemente perceptible, sin embargo, para que, tambi\u00e9n nosotras, \u00abconservemos todas esas cosas en nuestro coraz\u00f3n\u00bb.<\/p>\n<p>Transmitir la alegr\u00eda, se hace as\u00ed posible; por lo dem\u00e1s, es una de las dimensiones de nuestro servicio espiritual: \u00abAnunciar la buena noticia a los pobres\u00bb,<span id='easy-footnote-24-35311' class='easy-footnote-margin-adjust'><\/span><span class='easy-footnote'><a href='https:\/\/vincentians.com\/es\/lucia-roge-circular-de-renovacion-1983\/#easy-footnote-bottom-24-35311' title='Mt 11, 5.'><sup>24<\/sup><\/a><\/span> a los afligidos, el consuelo. Transmitir alegr\u00eda es armonizar el Evangelio y nuestra vida; es, dicho de otro modo, amar con todas nuestras fuerzas a Dios y al pr\u00f3jimo. Porque el amor es portador de ale\u00adgr\u00eda. En las grandes aflicciones y en las peores injusticias, el \u00fanico rayo de alegr\u00eda que puede penetrar en el coraz\u00f3n es el de una amistad desin\u00adteresada, el de un afecto gratuito, reflejo de la ternura de Dios. Los pobres tienen derecho a ello. As\u00ed lo hizo la primera Hija de la Caridad, Margarita Naseau.<\/p>\n<p>\u00abLa primera Hermana que tuvo la dicha de mostrar el camino a las dem\u00e1s\u00bb.<span id='easy-footnote-25-35311' class='easy-footnote-margin-adjust'><\/span><span class='easy-footnote'><a href='https:\/\/vincentians.com\/es\/lucia-roge-circular-de-renovacion-1983\/#easy-footnote-bottom-25-35311' title='IX, 89.'><sup>25<\/sup><\/a><\/span> \u00bfCu\u00e1l es el camino que nos muestra? La respuesta es clara, porque la trayectoria de su vida es una l\u00ednea recta.<\/p>\n<p>Nos indica las exigencias de interiorizaci\u00f3n. En soledad ante Dios pero no en aislamiento, porque se hac\u00eda presente a todas las dem\u00e1s j\u00f3venes, recibi\u00f3 la luz&#8230;, \u00abMovida por una fuerte inspiraci\u00f3n del cielo\u00bb.<span id='easy-footnote-26-35311' class='easy-footnote-margin-adjust'><\/span><span class='easy-footnote'><a href='https:\/\/vincentians.com\/es\/lucia-roge-circular-de-renovacion-1983\/#easy-footnote-bottom-26-35311' title='Ib\u00eddem.'><sup>26<\/sup><\/a><\/span> Supo permanecer fiel en la pobreza, \u00abhabit\u00f3 en lugares en los que no exist\u00edan m\u00e1s que las paredes\u00bb&#8230; Toda su vida demuestra que experiment\u00f3 una gran libertad espiritual. De fidelidad en fidelidad, se encami\u00adn\u00f3 hacia la entrega total a Dios y a los pobres. Al final de su vida, todo est\u00e1 consumado. De esta forma, nos invita a la implicaci\u00f3n de todo nuestro ser en un vivir en Dios y para \u00c9l.<\/p>\n<p>Como enviada de Dios para \u00abmostrarnos el camino\u00bb, nos lleva lejos de las sendas sin salida de lo f\u00e1cil. Su ser de sierva, seg\u00fan la vocaci\u00f3n, se expresa por la humildad, la pobreza real y la entrega por amor. En su presencia y su servicio, Cristo se transparenta a trav\u00e9s de ella, y ella desaparece ante \u00c9l.<\/p>\n<p>Tenemos que echar a andar por el camino que ella recorri\u00f3. El tra\u00adzado lo tenemos ante nuestros ojos: itinerario Margarita Naseau. Los medios para seguirlo nos los concreta santa Luisa en sus meditaciones sobre los votos: \u00abTienen ustedes la cualidad, la condici\u00f3n de siervas de los pobres, y no ser\u00eda justo que se dedicaran a acaparar bienes, des\u00adpu\u00e9s de haberlo dejado todo, y que las siervas llegaran a ser m\u00e1s ricas que sus amos. Esa cualidad que les da su vocaci\u00f3n, les hace conocer que deben ejercer las funciones propias de la misma\u00bb.<\/p>\n<p>\u00abTener el interior ocupado en Dios, el entendimiento y la memoria aplicados a pensar en \u00c9l, y la voluntad esforz\u00e1ndose en amarlo y en agradarlo en todo\u00bb.<\/p>\n<p>Por \u00faltimo: \u00abLa obediencia, no s\u00f3lo de coraz\u00f3n sino de esp\u00edritu&#8230;, es una disposici\u00f3n que las mantiene necesariamente adheridas al designio que tuvo Dios al establecer su Compa\u00f1\u00eda, y sin la cual no podr\u00edan ni tri\u00adbutar a Dios la gloria, que su bondad quiere sacar, ni prestar el servicio que deben a los pobres\u00bb.<span id='easy-footnote-27-35311' class='easy-footnote-margin-adjust'><\/span><span class='easy-footnote'><a href='https:\/\/vincentians.com\/es\/lucia-roge-circular-de-renovacion-1983\/#easy-footnote-bottom-27-35311' title='SLM, &lt;em&gt;Ses Ecrits, &lt;\/em&gt;Paris, 1961, pp.850-851.'><sup>27<\/sup><\/a><\/span>\n<p>Este a\u00f1o, en que se cumple el 350\u00b0 aniversario, nos invita a un reju\u00advenecimiento deliberado de nuestro coraz\u00f3n y de nuestra mente. La Renovaci\u00f3n nos ofrece la ocasi\u00f3n de vivificarnos en la esperanza y el amor, para \u00abser ejemplo de verdadera Hija de la Caridad que es de Dios para el servicio de los pobres&#8230;; que tiene unas reglas que observar&#8230;; y tiene que gustar de la compa\u00f1\u00eda de su Hermana&#8230;\u00bb.<span id='easy-footnote-28-35311' class='easy-footnote-margin-adjust'><\/span><span class='easy-footnote'><a href='https:\/\/vincentians.com\/es\/lucia-roge-circular-de-renovacion-1983\/#easy-footnote-bottom-28-35311' title='SLM, p.622.'><sup>28<\/sup><\/a><\/span>\n<p>Pido encarecidamente a todas nuestras Hermanas enfermas y a nuestras Hermanas mayores que rueguen para conseguir un nuevo impulso de fervor en la Compa\u00f1\u00eda. Que siguiendo los pasos de los Fun\u00addadores y de Margarita Naseau, encontremos las fuentes vivas de nues\u00adtra espiritualidad y nos hagamos nuevamente, capaces de valorar y vivir el silencio y la generosidad, la pobreza y la soledad, la comuni\u00f3n que sabe compartir, y el servicio desinteresado. Entonces, podremos expe\u00adrimentar la alegr\u00eda secreta de Margarita Naseau&#8230; Esa alegr\u00eda de vivir la cercan\u00eda de Dios, de servirle, de pertenecerle.<\/p>\n<p>Unidas a la Iglesia, que nos ofrece un a\u00f1o de conversi\u00f3n, pidamos a la sant\u00edsima Virgen, nuestra \u00fanica Madre, el apoyo de su intercesi\u00f3n:<\/p>\n<ul>\n<li>\u00a1Oh Mar\u00eda, Madre del Silencio! Introd\u00facenos en la verdadera vida interior.<\/li>\n<li>\u00a1Oh Mar\u00eda! que buscaste a Jes\u00fas en Jerusal\u00e9n y no comprendiste plenamente sus palabras, conc\u00e9denos la humildad.<\/li>\n<li>\u00a1Oh Mar\u00eda, Sierva del Se\u00f1or! haz que sepamos trasmitir la alegr\u00eda a los afligidos, a trav\u00e9s de nuestro servicio sencillo, humilde y amo\u00adroso.<\/li>\n<\/ul>\n<p>Hagamos presente nuestra gratitud mediante las oraciones frecuen\u00adtes por las intenciones del P. McCullen, nuestro Superior General, y por las del P. Lloret, Director General, que dirigen nuestros esfuerzos de renovaci\u00f3n espiritual. Seamos asiduas tambi\u00e9n en pedir por el P. Richardson, el P. Jamet, nuestra Madre Chiron, y por los sacerdotes de la Misi\u00f3n que nos sostienen en nuestra vida de Hijas de la Caridad.<\/p>\n<p>Con santa Luisa, \u00ables aseguro que soy, con todo mi coraz\u00f3n lleno de afecto, como nuestro Se\u00f1or sabe\u00bb,<span id='easy-footnote-29-35311' class='easy-footnote-margin-adjust'><\/span><span class='easy-footnote'><a href='https:\/\/vincentians.com\/es\/lucia-roge-circular-de-renovacion-1983\/#easy-footnote-bottom-29-35311' title='SLM, p.647.'><sup>29<\/sup><\/a><\/span> en una cercan\u00eda fraternal, su s. s.<\/p>\n<p style=\"text-align: right\">SOR LUC\u00cdA ROG\u00c9<br \/>\n<em>Hija de la Caridad<\/em><\/p>\n","protected":false},"excerpt":{"rendered":"<p>MARGARITA NASEAU Par\u00eds, 2 de febrero de 1983 Queridas Hermanas: En este a\u00f1o jubilar del 350 aniversario de la fundaci\u00f3n de la Com\u00adpa\u00f1\u00eda, pensando en todas las que me acompa\u00f1an con su oraci\u00f3n en este &#8230; <a href=\"https:\/\/vincentians.com\/es\/lucia-roge-circular-de-renovacion-1983\/\" class=\"more-link\">Read More<\/a><\/p>\n","protected":false},"author":4,"featured_media":398623,"comment_status":"open","ping_status":"open","sticky":false,"template":"","format":"standard","meta":{"jetpack_post_was_ever_published":false,"_jetpack_newsletter_access":"","_jetpack_dont_email_post_to_subs":false,"_jetpack_newsletter_tier_id":0,"_jetpack_memberships_contains_paywalled_content":false,"_jetpack_memberships_contains_paid_content":false,"footnotes":"","jetpack_publicize_message":"","jetpack_publicize_feature_enabled":true,"jetpack_social_post_already_shared":true,"jetpack_social_options":{"image_generator_settings":{"template":"highway","default_image_id":0,"font":"","enabled":false},"version":2}},"categories":[276],"tags":[135],"class_list":["post-35311","post","type-post","status-publish","format-standard","has-post-thumbnail","hentry","category-escritos-de-lucia-roge","tag-villepreux"],"yoast_head":"<!-- This site is optimized with the Yoast SEO plugin v26.3 - https:\/\/yoast.com\/wordpress\/plugins\/seo\/ -->\n<title>Luc\u00eda Rog\u00e9: Circular de Renovaci\u00f3n, 1983 - Somos Vicencianos<\/title>\n<meta name=\"robots\" content=\"index, follow, max-snippet:-1, max-image-preview:large, max-video-preview:-1\" \/>\n<link rel=\"canonical\" href=\"https:\/\/vincentians.com\/es\/lucia-roge-circular-de-renovacion-1983\/\" \/>\n<meta property=\"og:locale\" content=\"es_ES\" \/>\n<meta property=\"og:type\" content=\"article\" \/>\n<meta property=\"og:title\" content=\"Luc\u00eda Rog\u00e9: Circular de Renovaci\u00f3n, 1983 - Somos Vicencianos\" \/>\n<meta property=\"og:description\" content=\"MARGARITA NASEAU Par\u00eds, 2 de febrero de 1983 Queridas Hermanas: En este a\u00f1o jubilar del 350 aniversario de la fundaci\u00f3n de la Com\u00adpa\u00f1\u00eda, pensando en todas las que me acompa\u00f1an con su oraci\u00f3n en este ... Read More\" \/>\n<meta property=\"og:url\" content=\"https:\/\/vincentians.com\/es\/lucia-roge-circular-de-renovacion-1983\/\" \/>\n<meta property=\"og:site_name\" content=\"Somos Vicencianos\" \/>\n<meta property=\"article:publisher\" content=\"https:\/\/www.facebook.com\/WeAreVincentians\/\" \/>\n<meta property=\"article:author\" content=\"https:\/\/www.facebook.com\/JavierChento\" \/>\n<meta property=\"article:published_time\" content=\"2020-07-11T06:26:51+00:00\" \/>\n<meta property=\"og:image\" content=\"https:\/\/i0.wp.com\/vincentians.com\/es\/wp-content\/uploads\/sites\/11\/2016\/07\/escritos-lucia-roge.jpg?fit=1200%2C630&ssl=1\" \/>\n\t<meta property=\"og:image:width\" content=\"1200\" \/>\n\t<meta property=\"og:image:height\" content=\"630\" \/>\n\t<meta property=\"og:image:type\" content=\"image\/jpeg\" \/>\n<meta name=\"author\" content=\"Francisco Javier Fern\u00e1ndez Chento\" \/>\n<meta name=\"twitter:card\" content=\"summary_large_image\" \/>\n<meta name=\"twitter:creator\" content=\"@https:\/\/twitter.com\/javierchento\" \/>\n<meta name=\"twitter:site\" content=\"@WeVincentians\" \/>\n<meta name=\"twitter:label1\" content=\"Escrito por\" \/>\n\t<meta name=\"twitter:data1\" content=\"Francisco Javier Fern\u00e1ndez Chento\" \/>\n\t<meta name=\"twitter:label2\" content=\"Tiempo de lectura\" \/>\n\t<meta name=\"twitter:data2\" content=\"25 minutos\" \/>\n<script type=\"application\/ld+json\" class=\"yoast-schema-graph\">{\"@context\":\"https:\/\/schema.org\",\"@graph\":[{\"@type\":\"Article\",\"@id\":\"https:\/\/vincentians.com\/es\/lucia-roge-circular-de-renovacion-1983\/#article\",\"isPartOf\":{\"@id\":\"https:\/\/vincentians.com\/es\/lucia-roge-circular-de-renovacion-1983\/\"},\"author\":{\"name\":\"Francisco Javier Fern\u00e1ndez Chento\",\"@id\":\"http:\/\/vincentians.com\/es\/#\/schema\/person\/9623ef4d9aa3b2dfb8c061f1499288f2\"},\"headline\":\"Luc\u00eda Rog\u00e9: Circular de Renovaci\u00f3n, 1983\",\"datePublished\":\"2020-07-11T06:26:51+00:00\",\"mainEntityOfPage\":{\"@id\":\"https:\/\/vincentians.com\/es\/lucia-roge-circular-de-renovacion-1983\/\"},\"wordCount\":4948,\"commentCount\":0,\"publisher\":{\"@id\":\"http:\/\/vincentians.com\/es\/#organization\"},\"image\":{\"@id\":\"https:\/\/vincentians.com\/es\/lucia-roge-circular-de-renovacion-1983\/#primaryimage\"},\"thumbnailUrl\":\"https:\/\/i0.wp.com\/vincentians.com\/es\/wp-content\/uploads\/sites\/11\/2016\/07\/escritos-lucia-roge.jpg?fit=1200%2C630&ssl=1\",\"keywords\":[\"Villepreux\"],\"articleSection\":[\"Escritos de Luc\u00eda Rog\u00e9\"],\"inLanguage\":\"es\",\"potentialAction\":[{\"@type\":\"CommentAction\",\"name\":\"Comment\",\"target\":[\"https:\/\/vincentians.com\/es\/lucia-roge-circular-de-renovacion-1983\/#respond\"]}]},{\"@type\":\"WebPage\",\"@id\":\"https:\/\/vincentians.com\/es\/lucia-roge-circular-de-renovacion-1983\/\",\"url\":\"https:\/\/vincentians.com\/es\/lucia-roge-circular-de-renovacion-1983\/\",\"name\":\"Luc\u00eda Rog\u00e9: Circular de Renovaci\u00f3n, 1983 - Somos Vicencianos\",\"isPartOf\":{\"@id\":\"http:\/\/vincentians.com\/es\/#website\"},\"primaryImageOfPage\":{\"@id\":\"https:\/\/vincentians.com\/es\/lucia-roge-circular-de-renovacion-1983\/#primaryimage\"},\"image\":{\"@id\":\"https:\/\/vincentians.com\/es\/lucia-roge-circular-de-renovacion-1983\/#primaryimage\"},\"thumbnailUrl\":\"https:\/\/i0.wp.com\/vincentians.com\/es\/wp-content\/uploads\/sites\/11\/2016\/07\/escritos-lucia-roge.jpg?fit=1200%2C630&ssl=1\",\"datePublished\":\"2020-07-11T06:26:51+00:00\",\"breadcrumb\":{\"@id\":\"https:\/\/vincentians.com\/es\/lucia-roge-circular-de-renovacion-1983\/#breadcrumb\"},\"inLanguage\":\"es\",\"potentialAction\":[{\"@type\":\"ReadAction\",\"target\":[\"https:\/\/vincentians.com\/es\/lucia-roge-circular-de-renovacion-1983\/\"]}]},{\"@type\":\"ImageObject\",\"inLanguage\":\"es\",\"@id\":\"https:\/\/vincentians.com\/es\/lucia-roge-circular-de-renovacion-1983\/#primaryimage\",\"url\":\"https:\/\/i0.wp.com\/vincentians.com\/es\/wp-content\/uploads\/sites\/11\/2016\/07\/escritos-lucia-roge.jpg?fit=1200%2C630&ssl=1\",\"contentUrl\":\"https:\/\/i0.wp.com\/vincentians.com\/es\/wp-content\/uploads\/sites\/11\/2016\/07\/escritos-lucia-roge.jpg?fit=1200%2C630&ssl=1\",\"width\":1200,\"height\":630},{\"@type\":\"BreadcrumbList\",\"@id\":\"https:\/\/vincentians.com\/es\/lucia-roge-circular-de-renovacion-1983\/#breadcrumb\",\"itemListElement\":[{\"@type\":\"ListItem\",\"position\":1,\"name\":\"Portada\",\"item\":\"http:\/\/vincentians.com\/es\/\"},{\"@type\":\"ListItem\",\"position\":2,\"name\":\"Luc\u00eda Rog\u00e9: Circular de Renovaci\u00f3n, 1983\"}]},{\"@type\":\"WebSite\",\"@id\":\"http:\/\/vincentians.com\/es\/#website\",\"url\":\"http:\/\/vincentians.com\/es\/\",\"name\":\"Somos Vicencianos\",\"description\":\"Know more to serve more\",\"publisher\":{\"@id\":\"http:\/\/vincentians.com\/es\/#organization\"},\"potentialAction\":[{\"@type\":\"SearchAction\",\"target\":{\"@type\":\"EntryPoint\",\"urlTemplate\":\"http:\/\/vincentians.com\/es\/?s={search_term_string}\"},\"query-input\":{\"@type\":\"PropertyValueSpecification\",\"valueRequired\":true,\"valueName\":\"search_term_string\"}}],\"inLanguage\":\"es\"},{\"@type\":\"Organization\",\"@id\":\"http:\/\/vincentians.com\/es\/#organization\",\"name\":\"The Vincentian Network\",\"url\":\"http:\/\/vincentians.com\/es\/\",\"logo\":{\"@type\":\"ImageObject\",\"inLanguage\":\"es\",\"@id\":\"http:\/\/vincentians.com\/es\/#\/schema\/logo\/image\/\",\"url\":\"https:\/\/i1.wp.com\/vincentians.com\/es\/wp-content\/uploads\/sites\/11\/2016\/06\/Vincentian-Network-logo-big.png?fit=778%2C778\",\"contentUrl\":\"https:\/\/i1.wp.com\/vincentians.com\/es\/wp-content\/uploads\/sites\/11\/2016\/06\/Vincentian-Network-logo-big.png?fit=778%2C778\",\"width\":778,\"height\":778,\"caption\":\"The Vincentian Network\"},\"image\":{\"@id\":\"http:\/\/vincentians.com\/es\/#\/schema\/logo\/image\/\"},\"sameAs\":[\"https:\/\/www.facebook.com\/WeAreVincentians\/\",\"https:\/\/x.com\/WeVincentians\"]},{\"@type\":\"Person\",\"@id\":\"http:\/\/vincentians.com\/es\/#\/schema\/person\/9623ef4d9aa3b2dfb8c061f1499288f2\",\"name\":\"Francisco Javier Fern\u00e1ndez Chento\",\"image\":{\"@type\":\"ImageObject\",\"inLanguage\":\"es\",\"@id\":\"http:\/\/vincentians.com\/es\/#\/schema\/person\/image\/\",\"url\":\"https:\/\/secure.gravatar.com\/avatar\/497d5cde87b4c3d097d0315953521681ba2cd523ee66e5077c3711f7021e65de?s=96&d=mm&r=g\",\"contentUrl\":\"https:\/\/secure.gravatar.com\/avatar\/497d5cde87b4c3d097d0315953521681ba2cd523ee66e5077c3711f7021e65de?s=96&d=mm&r=g\",\"caption\":\"Francisco Javier Fern\u00e1ndez Chento\"},\"description\":\"Director General y cofundador de La Red de Formaci\u00f3n Vicenciana. Javier es laico vicenciano, afiliado a la Congregaci\u00f3n de la Misi\u00f3n y miembro del Equipo de Misiones Populares de la provincia can\u00f3nica de Zaragoza (Espa\u00f1a) de la Congregaci\u00f3n de la Misi\u00f3n. Graduado en la Universidad Oberta de Catalunya con cuatro grados (Asistente de direcci\u00f3n, Gesti\u00f3n Administrativa, Recursos Humanos y Contabilidad Avanzada). Bil\u00edng\u00fce Espa\u00f1ol\/Ingl\u00e9s. gestiona y mantiene varias p\u00e1ginas web cristianas y vicencianas, incluida including La Red de Formaci\u00f3n Vicenciana, de la que es cofundador. Actualmente es responsable del \u00e1rea de Espa\u00f1ol de .famvin, la Red de Noticias de la Familia Vicenciana. Tambi\u00e9n es m\u00fasico cat\u00f3lico y ha editado varios discos. Es Director General y cofundador de Trovador, una reconocida compa\u00f1\u00eda discogr\u00e1fica critiana de Espa\u00f1a. Trabaja en las Tecnolog\u00edas de la Informaci\u00f3n, ofreciendo servicios de alojamiento, dise\u00f1o y mantenimiento Web, as\u00ed como asesoramiento, formaci\u00f3n y soluciones inform\u00e1ticas, gesti\u00f3n documental y digitalizaci\u00f3n de textos, edici\u00f3n y maquetaci\u00f3n de libros, revistas, flyers, etc.\",\"sameAs\":[\"http:\/\/chento.org\",\"https:\/\/www.facebook.com\/JavierChento\",\"https:\/\/x.com\/https:\/\/twitter.com\/javierchento\"],\"url\":\"https:\/\/vincentians.com\/es\/author\/chento\/\"}]}<\/script>\n<!-- \/ Yoast SEO plugin. -->","yoast_head_json":{"title":"Luc\u00eda Rog\u00e9: Circular de Renovaci\u00f3n, 1983 - Somos Vicencianos","robots":{"index":"index","follow":"follow","max-snippet":"max-snippet:-1","max-image-preview":"max-image-preview:large","max-video-preview":"max-video-preview:-1"},"canonical":"https:\/\/vincentians.com\/es\/lucia-roge-circular-de-renovacion-1983\/","og_locale":"es_ES","og_type":"article","og_title":"Luc\u00eda Rog\u00e9: Circular de Renovaci\u00f3n, 1983 - Somos Vicencianos","og_description":"MARGARITA NASEAU Par\u00eds, 2 de febrero de 1983 Queridas Hermanas: En este a\u00f1o jubilar del 350 aniversario de la fundaci\u00f3n de la Com\u00adpa\u00f1\u00eda, pensando en todas las que me acompa\u00f1an con su oraci\u00f3n en este ... Read More","og_url":"https:\/\/vincentians.com\/es\/lucia-roge-circular-de-renovacion-1983\/","og_site_name":"Somos Vicencianos","article_publisher":"https:\/\/www.facebook.com\/WeAreVincentians\/","article_author":"https:\/\/www.facebook.com\/JavierChento","article_published_time":"2020-07-11T06:26:51+00:00","og_image":[{"width":1200,"height":630,"url":"https:\/\/i0.wp.com\/vincentians.com\/es\/wp-content\/uploads\/sites\/11\/2016\/07\/escritos-lucia-roge.jpg?fit=1200%2C630&ssl=1","type":"image\/jpeg"}],"author":"Francisco Javier Fern\u00e1ndez Chento","twitter_card":"summary_large_image","twitter_creator":"@https:\/\/twitter.com\/javierchento","twitter_site":"@WeVincentians","twitter_misc":{"Escrito por":"Francisco Javier Fern\u00e1ndez Chento","Tiempo de lectura":"25 minutos"},"schema":{"@context":"https:\/\/schema.org","@graph":[{"@type":"Article","@id":"https:\/\/vincentians.com\/es\/lucia-roge-circular-de-renovacion-1983\/#article","isPartOf":{"@id":"https:\/\/vincentians.com\/es\/lucia-roge-circular-de-renovacion-1983\/"},"author":{"name":"Francisco Javier Fern\u00e1ndez Chento","@id":"http:\/\/vincentians.com\/es\/#\/schema\/person\/9623ef4d9aa3b2dfb8c061f1499288f2"},"headline":"Luc\u00eda Rog\u00e9: Circular de Renovaci\u00f3n, 1983","datePublished":"2020-07-11T06:26:51+00:00","mainEntityOfPage":{"@id":"https:\/\/vincentians.com\/es\/lucia-roge-circular-de-renovacion-1983\/"},"wordCount":4948,"commentCount":0,"publisher":{"@id":"http:\/\/vincentians.com\/es\/#organization"},"image":{"@id":"https:\/\/vincentians.com\/es\/lucia-roge-circular-de-renovacion-1983\/#primaryimage"},"thumbnailUrl":"https:\/\/i0.wp.com\/vincentians.com\/es\/wp-content\/uploads\/sites\/11\/2016\/07\/escritos-lucia-roge.jpg?fit=1200%2C630&ssl=1","keywords":["Villepreux"],"articleSection":["Escritos de Luc\u00eda Rog\u00e9"],"inLanguage":"es","potentialAction":[{"@type":"CommentAction","name":"Comment","target":["https:\/\/vincentians.com\/es\/lucia-roge-circular-de-renovacion-1983\/#respond"]}]},{"@type":"WebPage","@id":"https:\/\/vincentians.com\/es\/lucia-roge-circular-de-renovacion-1983\/","url":"https:\/\/vincentians.com\/es\/lucia-roge-circular-de-renovacion-1983\/","name":"Luc\u00eda Rog\u00e9: Circular de Renovaci\u00f3n, 1983 - Somos Vicencianos","isPartOf":{"@id":"http:\/\/vincentians.com\/es\/#website"},"primaryImageOfPage":{"@id":"https:\/\/vincentians.com\/es\/lucia-roge-circular-de-renovacion-1983\/#primaryimage"},"image":{"@id":"https:\/\/vincentians.com\/es\/lucia-roge-circular-de-renovacion-1983\/#primaryimage"},"thumbnailUrl":"https:\/\/i0.wp.com\/vincentians.com\/es\/wp-content\/uploads\/sites\/11\/2016\/07\/escritos-lucia-roge.jpg?fit=1200%2C630&ssl=1","datePublished":"2020-07-11T06:26:51+00:00","breadcrumb":{"@id":"https:\/\/vincentians.com\/es\/lucia-roge-circular-de-renovacion-1983\/#breadcrumb"},"inLanguage":"es","potentialAction":[{"@type":"ReadAction","target":["https:\/\/vincentians.com\/es\/lucia-roge-circular-de-renovacion-1983\/"]}]},{"@type":"ImageObject","inLanguage":"es","@id":"https:\/\/vincentians.com\/es\/lucia-roge-circular-de-renovacion-1983\/#primaryimage","url":"https:\/\/i0.wp.com\/vincentians.com\/es\/wp-content\/uploads\/sites\/11\/2016\/07\/escritos-lucia-roge.jpg?fit=1200%2C630&ssl=1","contentUrl":"https:\/\/i0.wp.com\/vincentians.com\/es\/wp-content\/uploads\/sites\/11\/2016\/07\/escritos-lucia-roge.jpg?fit=1200%2C630&ssl=1","width":1200,"height":630},{"@type":"BreadcrumbList","@id":"https:\/\/vincentians.com\/es\/lucia-roge-circular-de-renovacion-1983\/#breadcrumb","itemListElement":[{"@type":"ListItem","position":1,"name":"Portada","item":"http:\/\/vincentians.com\/es\/"},{"@type":"ListItem","position":2,"name":"Luc\u00eda Rog\u00e9: Circular de Renovaci\u00f3n, 1983"}]},{"@type":"WebSite","@id":"http:\/\/vincentians.com\/es\/#website","url":"http:\/\/vincentians.com\/es\/","name":"Somos Vicencianos","description":"Know more to serve more","publisher":{"@id":"http:\/\/vincentians.com\/es\/#organization"},"potentialAction":[{"@type":"SearchAction","target":{"@type":"EntryPoint","urlTemplate":"http:\/\/vincentians.com\/es\/?s={search_term_string}"},"query-input":{"@type":"PropertyValueSpecification","valueRequired":true,"valueName":"search_term_string"}}],"inLanguage":"es"},{"@type":"Organization","@id":"http:\/\/vincentians.com\/es\/#organization","name":"The Vincentian Network","url":"http:\/\/vincentians.com\/es\/","logo":{"@type":"ImageObject","inLanguage":"es","@id":"http:\/\/vincentians.com\/es\/#\/schema\/logo\/image\/","url":"https:\/\/i1.wp.com\/vincentians.com\/es\/wp-content\/uploads\/sites\/11\/2016\/06\/Vincentian-Network-logo-big.png?fit=778%2C778","contentUrl":"https:\/\/i1.wp.com\/vincentians.com\/es\/wp-content\/uploads\/sites\/11\/2016\/06\/Vincentian-Network-logo-big.png?fit=778%2C778","width":778,"height":778,"caption":"The Vincentian Network"},"image":{"@id":"http:\/\/vincentians.com\/es\/#\/schema\/logo\/image\/"},"sameAs":["https:\/\/www.facebook.com\/WeAreVincentians\/","https:\/\/x.com\/WeVincentians"]},{"@type":"Person","@id":"http:\/\/vincentians.com\/es\/#\/schema\/person\/9623ef4d9aa3b2dfb8c061f1499288f2","name":"Francisco Javier Fern\u00e1ndez Chento","image":{"@type":"ImageObject","inLanguage":"es","@id":"http:\/\/vincentians.com\/es\/#\/schema\/person\/image\/","url":"https:\/\/secure.gravatar.com\/avatar\/497d5cde87b4c3d097d0315953521681ba2cd523ee66e5077c3711f7021e65de?s=96&d=mm&r=g","contentUrl":"https:\/\/secure.gravatar.com\/avatar\/497d5cde87b4c3d097d0315953521681ba2cd523ee66e5077c3711f7021e65de?s=96&d=mm&r=g","caption":"Francisco Javier Fern\u00e1ndez Chento"},"description":"Director General y cofundador de La Red de Formaci\u00f3n Vicenciana. Javier es laico vicenciano, afiliado a la Congregaci\u00f3n de la Misi\u00f3n y miembro del Equipo de Misiones Populares de la provincia can\u00f3nica de Zaragoza (Espa\u00f1a) de la Congregaci\u00f3n de la Misi\u00f3n. Graduado en la Universidad Oberta de Catalunya con cuatro grados (Asistente de direcci\u00f3n, Gesti\u00f3n Administrativa, Recursos Humanos y Contabilidad Avanzada). Bil\u00edng\u00fce Espa\u00f1ol\/Ingl\u00e9s. gestiona y mantiene varias p\u00e1ginas web cristianas y vicencianas, incluida including La Red de Formaci\u00f3n Vicenciana, de la que es cofundador. Actualmente es responsable del \u00e1rea de Espa\u00f1ol de .famvin, la Red de Noticias de la Familia Vicenciana. Tambi\u00e9n es m\u00fasico cat\u00f3lico y ha editado varios discos. Es Director General y cofundador de Trovador, una reconocida compa\u00f1\u00eda discogr\u00e1fica critiana de Espa\u00f1a. Trabaja en las Tecnolog\u00edas de la Informaci\u00f3n, ofreciendo servicios de alojamiento, dise\u00f1o y mantenimiento Web, as\u00ed como asesoramiento, formaci\u00f3n y soluciones inform\u00e1ticas, gesti\u00f3n documental y digitalizaci\u00f3n de textos, edici\u00f3n y maquetaci\u00f3n de libros, revistas, flyers, etc.","sameAs":["http:\/\/chento.org","https:\/\/www.facebook.com\/JavierChento","https:\/\/x.com\/https:\/\/twitter.com\/javierchento"],"url":"https:\/\/vincentians.com\/es\/author\/chento\/"}]}},"jetpack_publicize_connections":[],"jetpack_featured_media_url":"https:\/\/i0.wp.com\/vincentians.com\/es\/wp-content\/uploads\/sites\/11\/2016\/07\/escritos-lucia-roge.jpg?fit=1200%2C630&ssl=1","jetpack_sharing_enabled":true,"jetpack_shortlink":"https:\/\/wp.me\/p7ETMF-9bx","jetpack-related-posts":[{"id":59370,"url":"https:\/\/vincentians.com\/es\/el-mensaje-de-sor-lucia-roge\/","url_meta":{"origin":35311,"position":0},"title":"El mensaje de Sor Luc\u00eda Rog\u00e9","author":"Francisco Javier Fern\u00e1ndez Chento","date":"15\/05\/2015","format":false,"excerpt":"\"Amar es darlo todo y darse uno mismo\". Este estribillo que acompa\u00f1\u00f3 a Sor Luc\u00eda ROG\u00c9 mientras deposit\u00e1bamos en la tumba sus despojos mortales resume muy bien lo que ella quiso ser y vivir. En su \"testamento espiritual\" pide que no se hable de ella, sobre todo en sus funerales:\u2026","rel":"","context":"En \u00abTestigos vicencianos\u00bb","block_context":{"text":"Testigos vicencianos","link":"https:\/\/vincentians.com\/es\/category\/la-familia-vicenciana\/testigos-vicencianos\/"},"img":{"alt_text":"Sor Luc\u00eda Rog\u00e9, H.C.","src":"https:\/\/i0.wp.com\/vicencianos.org\/wp-content\/2011\/04\/Lucia_Roge-249x300.jpg?resize=350%2C200","width":350,"height":200},"classes":[]},{"id":33078,"url":"https:\/\/vincentians.com\/es\/partida-de-bautismo-de-margarita-nazeau\/","url_meta":{"origin":35311,"position":1},"title":"Partida de bautismo de Margarita Nazeau","author":"Mitxel Olabu\u00e9naga","date":"26\/04\/2014","format":false,"excerpt":"Qu\u00e9 dicen los archivos de SURESNES S\u00f3lo conocemos a Margarita NAZEAU \u2013o mejor NEZOT\u2013 por la conferencia de san Vicente y algunas otras alusiones; mas he aqu\u00ed que podemos ahora situarla en la historia, gracias a su partida de bautismo, saber el nombre del padre y de la madre\u2026 Debemos\u2026","rel":"","context":"En \u00abBiograf\u00edas de Hijas de la Caridad\u00bb","block_context":{"text":"Biograf\u00edas de Hijas de la Caridad","link":"https:\/\/vincentians.com\/es\/category\/la-familia-vicenciana\/biografias-vicencianas\/biografias-de-hijas-de-la-caridad\/"},"img":{"alt_text":"","src":"https:\/\/i0.wp.com\/vincentians.com\/es\/wp-content\/uploads\/sites\/11\/2016\/07\/bio-hc.jpg?fit=1200%2C630&ssl=1&resize=350%2C200","width":350,"height":200,"srcset":"https:\/\/i0.wp.com\/vincentians.com\/es\/wp-content\/uploads\/sites\/11\/2016\/07\/bio-hc.jpg?fit=1200%2C630&ssl=1&resize=350%2C200 1x, https:\/\/i0.wp.com\/vincentians.com\/es\/wp-content\/uploads\/sites\/11\/2016\/07\/bio-hc.jpg?fit=1200%2C630&ssl=1&resize=525%2C300 1.5x, https:\/\/i0.wp.com\/vincentians.com\/es\/wp-content\/uploads\/sites\/11\/2016\/07\/bio-hc.jpg?fit=1200%2C630&ssl=1&resize=700%2C400 2x, https:\/\/i0.wp.com\/vincentians.com\/es\/wp-content\/uploads\/sites\/11\/2016\/07\/bio-hc.jpg?fit=1200%2C630&ssl=1&resize=1050%2C600 3x"},"classes":[]},{"id":41759,"url":"https:\/\/vincentians.com\/es\/lucia-roge-los-compromisos-que-hemos-firmado-el-dia-de-la-renovacion\/","url_meta":{"origin":35311,"position":2},"title":"Luc\u00eda Rog\u00e9: Los compromisos que hemos firmado el d\u00eda de la renovaci\u00f3n","author":"Francisco Javier Fern\u00e1ndez Chento","date":"10\/06\/2011","format":false,"excerpt":"Par\u00eds, marzo de 1984 Las ten\u00eda a todas en mi pensamiento, cuando presentaba a nuestro Superior General la petici\u00f3n de la Renovaci\u00f3n de nuestro compromiso de Hijas de la Caridad, \"entregadas a Dios para el servicio a los pobres\". De esta Renovaci\u00f3n, es de lo que precisamente quiero hablarles esta\u2026","rel":"","context":"En \u00abEscritos de Luc\u00eda Rog\u00e9\u00bb","block_context":{"text":"Escritos de Luc\u00eda Rog\u00e9","link":"https:\/\/vincentians.com\/es\/category\/escritos\/escritos-de-lucia-roge\/"},"img":{"alt_text":"","src":"https:\/\/i0.wp.com\/vincentians.com\/es\/wp-content\/uploads\/sites\/11\/2016\/07\/escritos-lucia-roge.jpg?fit=1200%2C630&ssl=1&resize=350%2C200","width":350,"height":200,"srcset":"https:\/\/i0.wp.com\/vincentians.com\/es\/wp-content\/uploads\/sites\/11\/2016\/07\/escritos-lucia-roge.jpg?fit=1200%2C630&ssl=1&resize=350%2C200 1x, https:\/\/i0.wp.com\/vincentians.com\/es\/wp-content\/uploads\/sites\/11\/2016\/07\/escritos-lucia-roge.jpg?fit=1200%2C630&ssl=1&resize=525%2C300 1.5x, https:\/\/i0.wp.com\/vincentians.com\/es\/wp-content\/uploads\/sites\/11\/2016\/07\/escritos-lucia-roge.jpg?fit=1200%2C630&ssl=1&resize=700%2C400 2x, https:\/\/i0.wp.com\/vincentians.com\/es\/wp-content\/uploads\/sites\/11\/2016\/07\/escritos-lucia-roge.jpg?fit=1200%2C630&ssl=1&resize=1050%2C600 3x"},"classes":[]},{"id":6759,"url":"https:\/\/vincentians.com\/es\/vicente-de-paul-conferencia-012-sobre-las-virtudes-de-margarita-naseau\/","url_meta":{"origin":35311,"position":3},"title":"Vicente de Pa\u00fal, Conferencia 012: Sobre las virtudes de Margarita Naseau","author":"Francisco Javier Fern\u00e1ndez Chento","date":"12\/02\/2009","format":false,"excerpt":"(xx.07.42) Memoria de lo que se dijo en la conferencia que tuvo el padre Vicente con las Hijas de la Caridad sobre el tema de las ocho primeras hermanas fallecidas, cuyo primer punto se encuentra escrito en el original. Segundo punto, que consiste en considerar las virtudes que cada una\u2026","rel":"","context":"En \u00abEscritos de Vicente de Pa\u00fal\u00bb","block_context":{"text":"Escritos de Vicente de Pa\u00fal","link":"https:\/\/vincentians.com\/es\/category\/escritos\/escritos-de-vicente-de-paul\/"},"img":{"alt_text":"","src":"https:\/\/i0.wp.com\/vincentians.com\/es\/wp-content\/uploads\/sites\/11\/2016\/07\/escritos-vicente-de-paul.jpg?fit=1200%2C630&ssl=1&resize=350%2C200","width":350,"height":200,"srcset":"https:\/\/i0.wp.com\/vincentians.com\/es\/wp-content\/uploads\/sites\/11\/2016\/07\/escritos-vicente-de-paul.jpg?fit=1200%2C630&ssl=1&resize=350%2C200 1x, https:\/\/i0.wp.com\/vincentians.com\/es\/wp-content\/uploads\/sites\/11\/2016\/07\/escritos-vicente-de-paul.jpg?fit=1200%2C630&ssl=1&resize=525%2C300 1.5x, https:\/\/i0.wp.com\/vincentians.com\/es\/wp-content\/uploads\/sites\/11\/2016\/07\/escritos-vicente-de-paul.jpg?fit=1200%2C630&ssl=1&resize=700%2C400 2x, https:\/\/i0.wp.com\/vincentians.com\/es\/wp-content\/uploads\/sites\/11\/2016\/07\/escritos-vicente-de-paul.jpg?fit=1200%2C630&ssl=1&resize=1050%2C600 3x"},"classes":[]},{"id":34767,"url":"https:\/\/vincentians.com\/es\/sor-lucia-roge-un-mensaje-para-nuestro-tiempo\/","url_meta":{"origin":35311,"position":4},"title":"Sor Luc\u00eda Rog\u00e9: Un mensaje para nuestro tiempo&#8230;","author":"Francisco Javier Fern\u00e1ndez Chento","date":"16\/05\/2020","format":false,"excerpt":"Sor Luc\u00eda en sus escritos Su contacto durante catorce a\u00f1os con la Madre Susana Guillemin, en una \u00e9poca de plena actualizaci\u00f3n de la Iglesia y de la Compa\u00f1\u00eda, como fruto del entonces reci\u00e9n celebrado Concilio, y su posici\u00f3n de animadora de las Asambleas Generales llamadas a elaborar las nuevas Constitucio\u00adnes,\u2026","rel":"","context":"En \u00abHijas de la Caridad\u00bb","block_context":{"text":"Hijas de la Caridad","link":"https:\/\/vincentians.com\/es\/category\/la-familia-vicenciana\/ramas\/hijas-de-la-caridad\/"},"img":{"alt_text":"","src":"","width":0,"height":0},"classes":[]},{"id":34829,"url":"https:\/\/vincentians.com\/es\/lucia-roge-circular-de-renovacion-1982\/","url_meta":{"origin":35311,"position":5},"title":"Luc\u00eda Rog\u00e9: Circular de Renovaci\u00f3n, 1982","author":"Francisco Javier Fern\u00e1ndez Chento","date":"16\/06\/2020","format":false,"excerpt":"ENTREGA TOTAL DE LA HIJA DE LA CARIDAD Par\u00eds, 2 de febrero de 1982 Queridas Hermanas: \u00cdntimamente unida a santa Luisa, y con un sentimiento de profun\u00adda gratitud por su visi\u00f3n prof\u00e9tica del futuro de la Compa\u00f1\u00eda, he hecho a nuestro Superior General la petici\u00f3n de la Renovaci\u00f3n de nuestros\u2026","rel":"","context":"En \u00abEscritos de Luc\u00eda Rog\u00e9\u00bb","block_context":{"text":"Escritos de Luc\u00eda Rog\u00e9","link":"https:\/\/vincentians.com\/es\/category\/escritos\/escritos-de-lucia-roge\/"},"img":{"alt_text":"","src":"https:\/\/i0.wp.com\/vincentians.com\/es\/wp-content\/uploads\/sites\/11\/2016\/07\/escritos-lucia-roge.jpg?fit=1200%2C630&ssl=1&resize=350%2C200","width":350,"height":200,"srcset":"https:\/\/i0.wp.com\/vincentians.com\/es\/wp-content\/uploads\/sites\/11\/2016\/07\/escritos-lucia-roge.jpg?fit=1200%2C630&ssl=1&resize=350%2C200 1x, https:\/\/i0.wp.com\/vincentians.com\/es\/wp-content\/uploads\/sites\/11\/2016\/07\/escritos-lucia-roge.jpg?fit=1200%2C630&ssl=1&resize=525%2C300 1.5x, https:\/\/i0.wp.com\/vincentians.com\/es\/wp-content\/uploads\/sites\/11\/2016\/07\/escritos-lucia-roge.jpg?fit=1200%2C630&ssl=1&resize=700%2C400 2x, https:\/\/i0.wp.com\/vincentians.com\/es\/wp-content\/uploads\/sites\/11\/2016\/07\/escritos-lucia-roge.jpg?fit=1200%2C630&ssl=1&resize=1050%2C600 3x"},"classes":[]}],"_links":{"self":[{"href":"https:\/\/vincentians.com\/es\/wp-json\/wp\/v2\/posts\/35311","targetHints":{"allow":["GET"]}}],"collection":[{"href":"https:\/\/vincentians.com\/es\/wp-json\/wp\/v2\/posts"}],"about":[{"href":"https:\/\/vincentians.com\/es\/wp-json\/wp\/v2\/types\/post"}],"author":[{"embeddable":true,"href":"https:\/\/vincentians.com\/es\/wp-json\/wp\/v2\/users\/4"}],"replies":[{"embeddable":true,"href":"https:\/\/vincentians.com\/es\/wp-json\/wp\/v2\/comments?post=35311"}],"version-history":[{"count":1,"href":"https:\/\/vincentians.com\/es\/wp-json\/wp\/v2\/posts\/35311\/revisions"}],"predecessor-version":[{"id":402945,"href":"https:\/\/vincentians.com\/es\/wp-json\/wp\/v2\/posts\/35311\/revisions\/402945"}],"wp:featuredmedia":[{"embeddable":true,"href":"https:\/\/vincentians.com\/es\/wp-json\/wp\/v2\/media\/398623"}],"wp:attachment":[{"href":"https:\/\/vincentians.com\/es\/wp-json\/wp\/v2\/media?parent=35311"}],"wp:term":[{"taxonomy":"category","embeddable":true,"href":"https:\/\/vincentians.com\/es\/wp-json\/wp\/v2\/categories?post=35311"},{"taxonomy":"post_tag","embeddable":true,"href":"https:\/\/vincentians.com\/es\/wp-json\/wp\/v2\/tags?post=35311"}],"curies":[{"name":"wp","href":"https:\/\/api.w.org\/{rel}","templated":true}]}}