{"id":34984,"date":"2021-04-24T08:35:13","date_gmt":"2021-04-24T06:35:13","guid":{"rendered":"http:\/\/somos.vicencianos.org\/blog\/2011\/06\/introduccion-a-la-vida-devota-tercera-parte-capitulo-36\/"},"modified":"2020-12-15T19:57:41","modified_gmt":"2020-12-15T18:57:41","slug":"introduccion-a-la-vida-devota-tercera-parte-capitulo-36","status":"publish","type":"post","link":"https:\/\/vincentians.com\/es\/introduccion-a-la-vida-devota-tercera-parte-capitulo-36\/","title":{"rendered":"Introducci\u00f3n a la vida devota. Tercera parte, cap\u00edtulo 36"},"content":{"rendered":"<p><strong>CAP\u00cdTULO XXXVI<\/strong><\/p>\n<p><strong>QUE ES MENESTER TENER EL CRITERIO JUSTO Y RAZONABLE<\/strong><\/p>\n<p>Si nosotros somos hombres, es debido a la raz\u00f3n, y, a pesar de ello, es cosa rara encontrar hombres verdaderamente razonables, pues el amor propio nos aparta ordinariamente de la raz\u00f3n y nos conduce, de una manera insensible, a mil clases de peque\u00f1as, pero perversas injusticias e iniquidades, las cuales, como las raposillas de que nos habla el Cantar de los Cantares, devastan las villas; porque, por lo mismo que son peque\u00f1as, nadie las vigila, y porque son muchas, causan mucho da\u00f1o. \u00bfAcaso las que te voy a enumerar no son iniquidades y sinrazones?<\/p>\n<p>Acusamos por una nonada al pr\u00f3jimo, y nos excusamos de cosas muy graves; queremos vender muy caro y comprar muy barato; queremos para nuestra casa misericordia y tolerancia; queremos que se echen a buena parte nuestras palabras, y somos susceptibles y nos dolemos de lo que dicen los dem\u00e1s. Quisi\u00e9ramos que el pr\u00f3jimo nos dejara tomar lo que es suyo, mediante indemnizaci\u00f3n; pero, \u00bfno es m\u00e1s justo que \u00e9l conserve sus bienes y que nos deje a nosotros con nuestro dinero? Nos enojamos cuando no quiere acomodarse a nosotros, pero \u00bfno tiene \u00e9l mayor motivo de queja de que queramos nosotros incomodarle? Si tenemos afici\u00f3n a un ejercicio, despreciamos todos los dem\u00e1s y miramos, con desd\u00e9n, todo lo que no es conforme a nuestro gusto. Si alguno de nuestros inferiores nos es antip\u00e1tico o le tenemos entre dientes, todo lo suyo nos parece mal, haga lo que haga; no cesamos de contristarle, y siempre tenemos el ojo puesto sobre \u00e9l; al contrario, si alguno nos es simp\u00e1tico con simpat\u00eda sensual, excusamos todo cuanto hace. Hay hijos virtuosos, a quienes los padres o las madres aborrecen por alg\u00fan defecto corporal; y los hay viciosos, que son sus favoritos, \u00fanicamente por alguna gracia externa.<\/p>\n<p>En todo, preferimos los ricos a los pobres, aunque no sean de mejor condici\u00f3n ni m\u00e1s virtuosos; m\u00e1s a\u00fan preferimos a los que andan mejor vestidos. Exigimos nuestros derechos con todo rigor, y queremos que los dem\u00e1s se queden cortos en la exigencia de los suyos; nos mantenemos inflexiblemente altivos, y queremos que los dem\u00e1s se humillen y se rebajen; f\u00e1cilmente nos quejamos del pr\u00f3jimo, y no queremos que nadie se queje de nosotros; siempre nos parece mucho lo que hacemos por los dem\u00e1s, y nos parece que es nada lo que ellos hacen por nosotros. En una palabra, somos como las perdices de Pafiagonia, que tienen dos corazones, porque tenemos un coraz\u00f3n dulce, ben\u00e9volo y delicado para con nosotros, y un coraz\u00f3n duro, severo y riguroso para con el pr\u00f3jimo. Tenemos dos pesas: una para pesar nuestras comodidades, con las mayores ventajas, y otra para pesar las del pr\u00f3jimo, con las mayores desventajas; ahora bien, como dice la Escritura: \u00abpor sus labios enga\u00f1osos habla un coraz\u00f3n doblado\u00bb, es decir, tienen dos corazones; y el tener dos pesas: una maciza, para recibir y otra ligera, para dar, es una cosa abominable delante de Dios.<\/p>\n<p>Filotea, seas equitativa y justa en tus acciones: ponte siempre en el lugar del pr\u00f3jimo y pon al pr\u00f3jimo en el tuyo, y as\u00ed juzgar\u00e1s bien; hazte vendedora cuando compres, y compradora cuando vendas, y vender\u00e1s y comprar\u00e1s seg\u00fan justicia. Es verdad que todas estas injusticias son leves, pues no obligan a la restituci\u00f3n, y s\u00f3lo consisten en que procedernos con todo el rigor de la justicia \u00fanicamente en lo que nos favorece; pero no por ello dejan de obligarnos a que procuremos la enmienda, ya que son graves defectos contrarios a la raz\u00f3n y a la caridad; y, al fin, no son m\u00e1s que enga\u00f1os, pues nada perdemos en vivir con generosidad, nobleza y cortes\u00eda y con un coraz\u00f3n regio, igual y razonable. Acu\u00e9rdate, pues, amada Filotea, de examinar con frecuencia tu coraz\u00f3n, para ver si, con respecto al pr\u00f3jimo, es tal como t\u00fa quisieras que el suyo fuese para contigo, si te encontrases en su lugar, pues este es el verdadero punto de vista de la raz\u00f3n. Trajano, al ser censurado por sus confidentes, porque, seg\u00fan su parecer, hac\u00eda demasiado accesible la majestad imperial, replic\u00f3: \u00abBien, \u00bfno he de ser con respecto a los particulares el emperador que yo quisiera encontrar, si fuese yo un particular?\u00bb<\/p>\n","protected":false},"excerpt":{"rendered":"<p>CAP\u00cdTULO XXXVI QUE ES MENESTER TENER EL CRITERIO JUSTO Y RAZONABLE Si nosotros somos hombres, es debido a la raz\u00f3n, y, a pesar de ello, es cosa rara encontrar hombres verdaderamente razonables, pues el amor &#8230; <a href=\"https:\/\/vincentians.com\/es\/introduccion-a-la-vida-devota-tercera-parte-capitulo-36\/\" class=\"more-link\">Read More<\/a><\/p>\n","protected":false},"author":4,"featured_media":398698,"comment_status":"open","ping_status":"open","sticky":false,"template":"","format":"standard","meta":{"jetpack_post_was_ever_published":false,"_jetpack_newsletter_access":"","_jetpack_dont_email_post_to_subs":false,"_jetpack_newsletter_tier_id":0,"_jetpack_memberships_contains_paywalled_content":false,"_jetpack_memberships_contains_paid_content":false,"footnotes":"","jetpack_publicize_message":"","jetpack_publicize_feature_enabled":true,"jetpack_social_post_already_shared":true,"jetpack_social_options":{"image_generator_settings":{"template":"highway","default_image_id":0,"font":"","enabled":false},"version":2}},"categories":[272],"tags":[],"class_list":["post-34984","post","type-post","status-publish","format-standard","has-post-thumbnail","hentry","category-escritos-de-francisco-de-sales"],"yoast_head":"<!-- This site is optimized with the Yoast SEO plugin v26.3 - https:\/\/yoast.com\/wordpress\/plugins\/seo\/ -->\n<title>Introducci\u00f3n a la vida devota. Tercera parte, cap\u00edtulo 36 - Somos Vicencianos<\/title>\n<meta name=\"robots\" content=\"index, follow, max-snippet:-1, max-image-preview:large, max-video-preview:-1\" \/>\n<link rel=\"canonical\" href=\"https:\/\/vincentians.com\/es\/introduccion-a-la-vida-devota-tercera-parte-capitulo-36\/\" \/>\n<meta property=\"og:locale\" content=\"es_ES\" \/>\n<meta property=\"og:type\" content=\"article\" \/>\n<meta property=\"og:title\" content=\"Introducci\u00f3n a la vida devota. Tercera parte, cap\u00edtulo 36 - Somos Vicencianos\" \/>\n<meta property=\"og:description\" content=\"CAP\u00cdTULO XXXVI QUE ES MENESTER TENER EL CRITERIO JUSTO Y RAZONABLE Si nosotros somos hombres, es debido a la raz\u00f3n, y, a pesar de ello, es cosa rara encontrar hombres verdaderamente razonables, pues el amor ... Read More\" \/>\n<meta property=\"og:url\" content=\"https:\/\/vincentians.com\/es\/introduccion-a-la-vida-devota-tercera-parte-capitulo-36\/\" \/>\n<meta property=\"og:site_name\" content=\"Somos Vicencianos\" \/>\n<meta property=\"article:publisher\" content=\"https:\/\/www.facebook.com\/WeAreVincentians\/\" \/>\n<meta property=\"article:author\" content=\"https:\/\/www.facebook.com\/JavierChento\" \/>\n<meta property=\"article:published_time\" content=\"2021-04-24T06:35:13+00:00\" \/>\n<meta property=\"og:image\" content=\"https:\/\/i0.wp.com\/vincentians.com\/es\/wp-content\/uploads\/sites\/11\/2016\/08\/escritos-francisco-de-sales.jpg?fit=1200%2C630&ssl=1\" \/>\n\t<meta property=\"og:image:width\" content=\"1200\" \/>\n\t<meta property=\"og:image:height\" content=\"630\" \/>\n\t<meta property=\"og:image:type\" content=\"image\/jpeg\" \/>\n<meta name=\"author\" content=\"Francisco Javier Fern\u00e1ndez Chento\" \/>\n<meta name=\"twitter:card\" content=\"summary_large_image\" \/>\n<meta name=\"twitter:creator\" content=\"@https:\/\/twitter.com\/javierchento\" \/>\n<meta name=\"twitter:site\" content=\"@WeVincentians\" \/>\n<meta name=\"twitter:label1\" content=\"Escrito por\" \/>\n\t<meta name=\"twitter:data1\" content=\"Francisco Javier Fern\u00e1ndez Chento\" \/>\n\t<meta name=\"twitter:label2\" content=\"Tiempo de lectura\" \/>\n\t<meta name=\"twitter:data2\" content=\"4 minutos\" \/>\n<script type=\"application\/ld+json\" class=\"yoast-schema-graph\">{\"@context\":\"https:\/\/schema.org\",\"@graph\":[{\"@type\":\"Article\",\"@id\":\"https:\/\/vincentians.com\/es\/introduccion-a-la-vida-devota-tercera-parte-capitulo-36\/#article\",\"isPartOf\":{\"@id\":\"https:\/\/vincentians.com\/es\/introduccion-a-la-vida-devota-tercera-parte-capitulo-36\/\"},\"author\":{\"name\":\"Francisco Javier Fern\u00e1ndez Chento\",\"@id\":\"https:\/\/vincentians.com\/es\/#\/schema\/person\/9623ef4d9aa3b2dfb8c061f1499288f2\"},\"headline\":\"Introducci\u00f3n a la vida devota. Tercera parte, cap\u00edtulo 36\",\"datePublished\":\"2021-04-24T06:35:13+00:00\",\"mainEntityOfPage\":{\"@id\":\"https:\/\/vincentians.com\/es\/introduccion-a-la-vida-devota-tercera-parte-capitulo-36\/\"},\"wordCount\":773,\"commentCount\":0,\"publisher\":{\"@id\":\"https:\/\/vincentians.com\/es\/#organization\"},\"image\":{\"@id\":\"https:\/\/vincentians.com\/es\/introduccion-a-la-vida-devota-tercera-parte-capitulo-36\/#primaryimage\"},\"thumbnailUrl\":\"https:\/\/i0.wp.com\/vincentians.com\/es\/wp-content\/uploads\/sites\/11\/2016\/08\/escritos-francisco-de-sales.jpg?fit=1200%2C630&ssl=1\",\"articleSection\":[\"Escritos de Francisco de Sales\"],\"inLanguage\":\"es\",\"potentialAction\":[{\"@type\":\"CommentAction\",\"name\":\"Comment\",\"target\":[\"https:\/\/vincentians.com\/es\/introduccion-a-la-vida-devota-tercera-parte-capitulo-36\/#respond\"]}]},{\"@type\":\"WebPage\",\"@id\":\"https:\/\/vincentians.com\/es\/introduccion-a-la-vida-devota-tercera-parte-capitulo-36\/\",\"url\":\"https:\/\/vincentians.com\/es\/introduccion-a-la-vida-devota-tercera-parte-capitulo-36\/\",\"name\":\"Introducci\u00f3n a la vida devota. Tercera parte, cap\u00edtulo 36 - Somos Vicencianos\",\"isPartOf\":{\"@id\":\"https:\/\/vincentians.com\/es\/#website\"},\"primaryImageOfPage\":{\"@id\":\"https:\/\/vincentians.com\/es\/introduccion-a-la-vida-devota-tercera-parte-capitulo-36\/#primaryimage\"},\"image\":{\"@id\":\"https:\/\/vincentians.com\/es\/introduccion-a-la-vida-devota-tercera-parte-capitulo-36\/#primaryimage\"},\"thumbnailUrl\":\"https:\/\/i0.wp.com\/vincentians.com\/es\/wp-content\/uploads\/sites\/11\/2016\/08\/escritos-francisco-de-sales.jpg?fit=1200%2C630&ssl=1\",\"datePublished\":\"2021-04-24T06:35:13+00:00\",\"breadcrumb\":{\"@id\":\"https:\/\/vincentians.com\/es\/introduccion-a-la-vida-devota-tercera-parte-capitulo-36\/#breadcrumb\"},\"inLanguage\":\"es\",\"potentialAction\":[{\"@type\":\"ReadAction\",\"target\":[\"https:\/\/vincentians.com\/es\/introduccion-a-la-vida-devota-tercera-parte-capitulo-36\/\"]}]},{\"@type\":\"ImageObject\",\"inLanguage\":\"es\",\"@id\":\"https:\/\/vincentians.com\/es\/introduccion-a-la-vida-devota-tercera-parte-capitulo-36\/#primaryimage\",\"url\":\"https:\/\/i0.wp.com\/vincentians.com\/es\/wp-content\/uploads\/sites\/11\/2016\/08\/escritos-francisco-de-sales.jpg?fit=1200%2C630&ssl=1\",\"contentUrl\":\"https:\/\/i0.wp.com\/vincentians.com\/es\/wp-content\/uploads\/sites\/11\/2016\/08\/escritos-francisco-de-sales.jpg?fit=1200%2C630&ssl=1\",\"width\":1200,\"height\":630},{\"@type\":\"BreadcrumbList\",\"@id\":\"https:\/\/vincentians.com\/es\/introduccion-a-la-vida-devota-tercera-parte-capitulo-36\/#breadcrumb\",\"itemListElement\":[{\"@type\":\"ListItem\",\"position\":1,\"name\":\"Portada\",\"item\":\"https:\/\/vincentians.com\/es\/\"},{\"@type\":\"ListItem\",\"position\":2,\"name\":\"Introducci\u00f3n a la vida devota. Tercera parte, cap\u00edtulo 36\"}]},{\"@type\":\"WebSite\",\"@id\":\"https:\/\/vincentians.com\/es\/#website\",\"url\":\"https:\/\/vincentians.com\/es\/\",\"name\":\"Somos Vicencianos\",\"description\":\"Know more to serve more\",\"publisher\":{\"@id\":\"https:\/\/vincentians.com\/es\/#organization\"},\"potentialAction\":[{\"@type\":\"SearchAction\",\"target\":{\"@type\":\"EntryPoint\",\"urlTemplate\":\"https:\/\/vincentians.com\/es\/?s={search_term_string}\"},\"query-input\":{\"@type\":\"PropertyValueSpecification\",\"valueRequired\":true,\"valueName\":\"search_term_string\"}}],\"inLanguage\":\"es\"},{\"@type\":\"Organization\",\"@id\":\"https:\/\/vincentians.com\/es\/#organization\",\"name\":\"The Vincentian Network\",\"url\":\"https:\/\/vincentians.com\/es\/\",\"logo\":{\"@type\":\"ImageObject\",\"inLanguage\":\"es\",\"@id\":\"https:\/\/vincentians.com\/es\/#\/schema\/logo\/image\/\",\"url\":\"https:\/\/i1.wp.com\/vincentians.com\/es\/wp-content\/uploads\/sites\/11\/2016\/06\/Vincentian-Network-logo-big.png?fit=778%2C778\",\"contentUrl\":\"https:\/\/i1.wp.com\/vincentians.com\/es\/wp-content\/uploads\/sites\/11\/2016\/06\/Vincentian-Network-logo-big.png?fit=778%2C778\",\"width\":778,\"height\":778,\"caption\":\"The Vincentian Network\"},\"image\":{\"@id\":\"https:\/\/vincentians.com\/es\/#\/schema\/logo\/image\/\"},\"sameAs\":[\"https:\/\/www.facebook.com\/WeAreVincentians\/\",\"https:\/\/x.com\/WeVincentians\"]},{\"@type\":\"Person\",\"@id\":\"https:\/\/vincentians.com\/es\/#\/schema\/person\/9623ef4d9aa3b2dfb8c061f1499288f2\",\"name\":\"Francisco Javier Fern\u00e1ndez Chento\",\"image\":{\"@type\":\"ImageObject\",\"inLanguage\":\"es\",\"@id\":\"https:\/\/vincentians.com\/es\/#\/schema\/person\/image\/\",\"url\":\"https:\/\/secure.gravatar.com\/avatar\/497d5cde87b4c3d097d0315953521681ba2cd523ee66e5077c3711f7021e65de?s=96&d=mm&r=g\",\"contentUrl\":\"https:\/\/secure.gravatar.com\/avatar\/497d5cde87b4c3d097d0315953521681ba2cd523ee66e5077c3711f7021e65de?s=96&d=mm&r=g\",\"caption\":\"Francisco Javier Fern\u00e1ndez Chento\"},\"description\":\"Director General y cofundador de La Red de Formaci\u00f3n Vicenciana. Javier es laico vicenciano, afiliado a la Congregaci\u00f3n de la Misi\u00f3n y miembro del Equipo de Misiones Populares de la provincia can\u00f3nica de Zaragoza (Espa\u00f1a) de la Congregaci\u00f3n de la Misi\u00f3n. Graduado en la Universidad Oberta de Catalunya con cuatro grados (Asistente de direcci\u00f3n, Gesti\u00f3n Administrativa, Recursos Humanos y Contabilidad Avanzada). Bil\u00edng\u00fce Espa\u00f1ol\/Ingl\u00e9s. gestiona y mantiene varias p\u00e1ginas web cristianas y vicencianas, incluida including La Red de Formaci\u00f3n Vicenciana, de la que es cofundador. Actualmente es responsable del \u00e1rea de Espa\u00f1ol de .famvin, la Red de Noticias de la Familia Vicenciana. Tambi\u00e9n es m\u00fasico cat\u00f3lico y ha editado varios discos. Es Director General y cofundador de Trovador, una reconocida compa\u00f1\u00eda discogr\u00e1fica critiana de Espa\u00f1a. Trabaja en las Tecnolog\u00edas de la Informaci\u00f3n, ofreciendo servicios de alojamiento, dise\u00f1o y mantenimiento Web, as\u00ed como asesoramiento, formaci\u00f3n y soluciones inform\u00e1ticas, gesti\u00f3n documental y digitalizaci\u00f3n de textos, edici\u00f3n y maquetaci\u00f3n de libros, revistas, flyers, etc.\",\"sameAs\":[\"http:\/\/chento.org\",\"https:\/\/www.facebook.com\/JavierChento\",\"https:\/\/x.com\/https:\/\/twitter.com\/javierchento\"],\"url\":\"https:\/\/vincentians.com\/es\/author\/chento\/\"}]}<\/script>\n<!-- \/ Yoast SEO plugin. -->","yoast_head_json":{"title":"Introducci\u00f3n a la vida devota. Tercera parte, cap\u00edtulo 36 - Somos Vicencianos","robots":{"index":"index","follow":"follow","max-snippet":"max-snippet:-1","max-image-preview":"max-image-preview:large","max-video-preview":"max-video-preview:-1"},"canonical":"https:\/\/vincentians.com\/es\/introduccion-a-la-vida-devota-tercera-parte-capitulo-36\/","og_locale":"es_ES","og_type":"article","og_title":"Introducci\u00f3n a la vida devota. Tercera parte, cap\u00edtulo 36 - Somos Vicencianos","og_description":"CAP\u00cdTULO XXXVI QUE ES MENESTER TENER EL CRITERIO JUSTO Y RAZONABLE Si nosotros somos hombres, es debido a la raz\u00f3n, y, a pesar de ello, es cosa rara encontrar hombres verdaderamente razonables, pues el amor ... Read More","og_url":"https:\/\/vincentians.com\/es\/introduccion-a-la-vida-devota-tercera-parte-capitulo-36\/","og_site_name":"Somos Vicencianos","article_publisher":"https:\/\/www.facebook.com\/WeAreVincentians\/","article_author":"https:\/\/www.facebook.com\/JavierChento","article_published_time":"2021-04-24T06:35:13+00:00","og_image":[{"width":1200,"height":630,"url":"https:\/\/i0.wp.com\/vincentians.com\/es\/wp-content\/uploads\/sites\/11\/2016\/08\/escritos-francisco-de-sales.jpg?fit=1200%2C630&ssl=1","type":"image\/jpeg"}],"author":"Francisco Javier Fern\u00e1ndez Chento","twitter_card":"summary_large_image","twitter_creator":"@https:\/\/twitter.com\/javierchento","twitter_site":"@WeVincentians","twitter_misc":{"Escrito por":"Francisco Javier Fern\u00e1ndez Chento","Tiempo de lectura":"4 minutos"},"schema":{"@context":"https:\/\/schema.org","@graph":[{"@type":"Article","@id":"https:\/\/vincentians.com\/es\/introduccion-a-la-vida-devota-tercera-parte-capitulo-36\/#article","isPartOf":{"@id":"https:\/\/vincentians.com\/es\/introduccion-a-la-vida-devota-tercera-parte-capitulo-36\/"},"author":{"name":"Francisco Javier Fern\u00e1ndez Chento","@id":"https:\/\/vincentians.com\/es\/#\/schema\/person\/9623ef4d9aa3b2dfb8c061f1499288f2"},"headline":"Introducci\u00f3n a la vida devota. Tercera parte, cap\u00edtulo 36","datePublished":"2021-04-24T06:35:13+00:00","mainEntityOfPage":{"@id":"https:\/\/vincentians.com\/es\/introduccion-a-la-vida-devota-tercera-parte-capitulo-36\/"},"wordCount":773,"commentCount":0,"publisher":{"@id":"https:\/\/vincentians.com\/es\/#organization"},"image":{"@id":"https:\/\/vincentians.com\/es\/introduccion-a-la-vida-devota-tercera-parte-capitulo-36\/#primaryimage"},"thumbnailUrl":"https:\/\/i0.wp.com\/vincentians.com\/es\/wp-content\/uploads\/sites\/11\/2016\/08\/escritos-francisco-de-sales.jpg?fit=1200%2C630&ssl=1","articleSection":["Escritos de Francisco de Sales"],"inLanguage":"es","potentialAction":[{"@type":"CommentAction","name":"Comment","target":["https:\/\/vincentians.com\/es\/introduccion-a-la-vida-devota-tercera-parte-capitulo-36\/#respond"]}]},{"@type":"WebPage","@id":"https:\/\/vincentians.com\/es\/introduccion-a-la-vida-devota-tercera-parte-capitulo-36\/","url":"https:\/\/vincentians.com\/es\/introduccion-a-la-vida-devota-tercera-parte-capitulo-36\/","name":"Introducci\u00f3n a la vida devota. Tercera parte, cap\u00edtulo 36 - Somos Vicencianos","isPartOf":{"@id":"https:\/\/vincentians.com\/es\/#website"},"primaryImageOfPage":{"@id":"https:\/\/vincentians.com\/es\/introduccion-a-la-vida-devota-tercera-parte-capitulo-36\/#primaryimage"},"image":{"@id":"https:\/\/vincentians.com\/es\/introduccion-a-la-vida-devota-tercera-parte-capitulo-36\/#primaryimage"},"thumbnailUrl":"https:\/\/i0.wp.com\/vincentians.com\/es\/wp-content\/uploads\/sites\/11\/2016\/08\/escritos-francisco-de-sales.jpg?fit=1200%2C630&ssl=1","datePublished":"2021-04-24T06:35:13+00:00","breadcrumb":{"@id":"https:\/\/vincentians.com\/es\/introduccion-a-la-vida-devota-tercera-parte-capitulo-36\/#breadcrumb"},"inLanguage":"es","potentialAction":[{"@type":"ReadAction","target":["https:\/\/vincentians.com\/es\/introduccion-a-la-vida-devota-tercera-parte-capitulo-36\/"]}]},{"@type":"ImageObject","inLanguage":"es","@id":"https:\/\/vincentians.com\/es\/introduccion-a-la-vida-devota-tercera-parte-capitulo-36\/#primaryimage","url":"https:\/\/i0.wp.com\/vincentians.com\/es\/wp-content\/uploads\/sites\/11\/2016\/08\/escritos-francisco-de-sales.jpg?fit=1200%2C630&ssl=1","contentUrl":"https:\/\/i0.wp.com\/vincentians.com\/es\/wp-content\/uploads\/sites\/11\/2016\/08\/escritos-francisco-de-sales.jpg?fit=1200%2C630&ssl=1","width":1200,"height":630},{"@type":"BreadcrumbList","@id":"https:\/\/vincentians.com\/es\/introduccion-a-la-vida-devota-tercera-parte-capitulo-36\/#breadcrumb","itemListElement":[{"@type":"ListItem","position":1,"name":"Portada","item":"https:\/\/vincentians.com\/es\/"},{"@type":"ListItem","position":2,"name":"Introducci\u00f3n a la vida devota. Tercera parte, cap\u00edtulo 36"}]},{"@type":"WebSite","@id":"https:\/\/vincentians.com\/es\/#website","url":"https:\/\/vincentians.com\/es\/","name":"Somos Vicencianos","description":"Know more to serve more","publisher":{"@id":"https:\/\/vincentians.com\/es\/#organization"},"potentialAction":[{"@type":"SearchAction","target":{"@type":"EntryPoint","urlTemplate":"https:\/\/vincentians.com\/es\/?s={search_term_string}"},"query-input":{"@type":"PropertyValueSpecification","valueRequired":true,"valueName":"search_term_string"}}],"inLanguage":"es"},{"@type":"Organization","@id":"https:\/\/vincentians.com\/es\/#organization","name":"The Vincentian Network","url":"https:\/\/vincentians.com\/es\/","logo":{"@type":"ImageObject","inLanguage":"es","@id":"https:\/\/vincentians.com\/es\/#\/schema\/logo\/image\/","url":"https:\/\/i1.wp.com\/vincentians.com\/es\/wp-content\/uploads\/sites\/11\/2016\/06\/Vincentian-Network-logo-big.png?fit=778%2C778","contentUrl":"https:\/\/i1.wp.com\/vincentians.com\/es\/wp-content\/uploads\/sites\/11\/2016\/06\/Vincentian-Network-logo-big.png?fit=778%2C778","width":778,"height":778,"caption":"The Vincentian Network"},"image":{"@id":"https:\/\/vincentians.com\/es\/#\/schema\/logo\/image\/"},"sameAs":["https:\/\/www.facebook.com\/WeAreVincentians\/","https:\/\/x.com\/WeVincentians"]},{"@type":"Person","@id":"https:\/\/vincentians.com\/es\/#\/schema\/person\/9623ef4d9aa3b2dfb8c061f1499288f2","name":"Francisco Javier Fern\u00e1ndez Chento","image":{"@type":"ImageObject","inLanguage":"es","@id":"https:\/\/vincentians.com\/es\/#\/schema\/person\/image\/","url":"https:\/\/secure.gravatar.com\/avatar\/497d5cde87b4c3d097d0315953521681ba2cd523ee66e5077c3711f7021e65de?s=96&d=mm&r=g","contentUrl":"https:\/\/secure.gravatar.com\/avatar\/497d5cde87b4c3d097d0315953521681ba2cd523ee66e5077c3711f7021e65de?s=96&d=mm&r=g","caption":"Francisco Javier Fern\u00e1ndez Chento"},"description":"Director General y cofundador de La Red de Formaci\u00f3n Vicenciana. Javier es laico vicenciano, afiliado a la Congregaci\u00f3n de la Misi\u00f3n y miembro del Equipo de Misiones Populares de la provincia can\u00f3nica de Zaragoza (Espa\u00f1a) de la Congregaci\u00f3n de la Misi\u00f3n. Graduado en la Universidad Oberta de Catalunya con cuatro grados (Asistente de direcci\u00f3n, Gesti\u00f3n Administrativa, Recursos Humanos y Contabilidad Avanzada). Bil\u00edng\u00fce Espa\u00f1ol\/Ingl\u00e9s. gestiona y mantiene varias p\u00e1ginas web cristianas y vicencianas, incluida including La Red de Formaci\u00f3n Vicenciana, de la que es cofundador. Actualmente es responsable del \u00e1rea de Espa\u00f1ol de .famvin, la Red de Noticias de la Familia Vicenciana. Tambi\u00e9n es m\u00fasico cat\u00f3lico y ha editado varios discos. Es Director General y cofundador de Trovador, una reconocida compa\u00f1\u00eda discogr\u00e1fica critiana de Espa\u00f1a. Trabaja en las Tecnolog\u00edas de la Informaci\u00f3n, ofreciendo servicios de alojamiento, dise\u00f1o y mantenimiento Web, as\u00ed como asesoramiento, formaci\u00f3n y soluciones inform\u00e1ticas, gesti\u00f3n documental y digitalizaci\u00f3n de textos, edici\u00f3n y maquetaci\u00f3n de libros, revistas, flyers, etc.","sameAs":["http:\/\/chento.org","https:\/\/www.facebook.com\/JavierChento","https:\/\/x.com\/https:\/\/twitter.com\/javierchento"],"url":"https:\/\/vincentians.com\/es\/author\/chento\/"}]}},"jetpack_publicize_connections":[],"jetpack_featured_media_url":"https:\/\/i0.wp.com\/vincentians.com\/es\/wp-content\/uploads\/sites\/11\/2016\/08\/escritos-francisco-de-sales.jpg?fit=1200%2C630&ssl=1","jetpack_sharing_enabled":true,"jetpack_shortlink":"https:\/\/wp.me\/p7ETMF-96g","jetpack-related-posts":[{"id":128645,"url":"https:\/\/vincentians.com\/es\/federico-ozanam-por-mons-baunard-capitulo-26\/","url_meta":{"origin":34984,"position":0},"title":"Federico Ozanam (por Mons. Baunard): Cap\u00edtulo 26","author":"Francisco Javier Fern\u00e1ndez Chento","date":"17\/09\/2016","format":false,"excerpt":"Cap\u00edtulo XXVI: La intimidad Familia.\u2014Religi\u00f3n.\u2014Caridad.\u2014Amistad. Desde Sceaux, el 22 de octubre de 1851, Ozanam describ\u00eda as\u00ed a Amp\u00e8re su felicidad dom\u00e9stica, obscurecida, es cierto, por una nub\u00e9, mas detr\u00e1s de la cual ve y bendice el sol de la voluntad de Dios: \"Me encuentro en un estado de cansancio que\u2026","rel":"","context":"En \u00abFederico Ozanam\u00bb","block_context":{"text":"Federico Ozanam","link":"https:\/\/vincentians.com\/es\/category\/la-familia-vicenciana\/fundadores\/federico-ozanam\/"},"img":{"alt_text":"","src":"https:\/\/i0.wp.com\/vincentians.com\/es\/wp-content\/uploads\/sites\/11\/2016\/07\/frederic-ozanam-layman-for-now.jpg?fit=1200%2C630&ssl=1&resize=350%2C200","width":350,"height":200,"srcset":"https:\/\/i0.wp.com\/vincentians.com\/es\/wp-content\/uploads\/sites\/11\/2016\/07\/frederic-ozanam-layman-for-now.jpg?fit=1200%2C630&ssl=1&resize=350%2C200 1x, https:\/\/i0.wp.com\/vincentians.com\/es\/wp-content\/uploads\/sites\/11\/2016\/07\/frederic-ozanam-layman-for-now.jpg?fit=1200%2C630&ssl=1&resize=525%2C300 1.5x, https:\/\/i0.wp.com\/vincentians.com\/es\/wp-content\/uploads\/sites\/11\/2016\/07\/frederic-ozanam-layman-for-now.jpg?fit=1200%2C630&ssl=1&resize=700%2C400 2x, https:\/\/i0.wp.com\/vincentians.com\/es\/wp-content\/uploads\/sites\/11\/2016\/07\/frederic-ozanam-layman-for-now.jpg?fit=1200%2C630&ssl=1&resize=1050%2C600 3x"},"classes":[]},{"id":126404,"url":"https:\/\/vincentians.com\/es\/del-orden-moral-cristiano-vi\/","url_meta":{"origin":34984,"position":1},"title":"Del orden moral cristiano (VI)","author":"Francisco Javier Fern\u00e1ndez Chento","date":"13\/12\/2013","format":false,"excerpt":"Cap\u00edtulo 6: DE LA CASTIDAD Y DECENCIA CRISTIANA \u00a0\u00a0\u00a0 29. [Origen y naturaleza del sexo). El mismo Dios \"hizo al hombre en el principio var\u00f3n y hembra\" ( Mt. 19,4)\u00a0 y seg\u00fan el Eclesi\u00e1stico (Si), todas las obras del Se\u00f1or son muy buenas (Cf. 39,21). Por donde a\u00fan lo que\u2026","rel":"","context":"En \u00abFormaci\u00f3n Cristiana\u00bb","block_context":{"text":"Formaci\u00f3n Cristiana","link":"https:\/\/vincentians.com\/es\/category\/formacion-cristiana\/"},"img":{"alt_text":"orden moral1","src":"https:\/\/i0.wp.com\/vicencianos.org\/wp-content\/2013\/12\/orden-moral1.jpg?resize=350%2C200","width":350,"height":200},"classes":[]},{"id":108317,"url":"https:\/\/vincentians.com\/es\/san-vicente-de-paul-su-vida-su-tiempo-sus-obras-su-influencia-libro-6-capitulo-1\/","url_meta":{"origin":34984,"position":2},"title":"San Vicente de Pa\u00fal. Su vida, su tiempo; sus obras, su influencia. Libro 6, cap\u00edtulo 1","author":"Francisco Javier Fern\u00e1ndez Chento","date":"18\/01\/2015","format":false,"excerpt":"Libro VI. Las Misiones Cap\u00edtulo Primero: Teor\u00eda de las Misiones I. Misiones en general. \u2013Misiones populares de san Vicente de Pa\u00fal. La acci\u00f3n de la Iglesia entre los pueblos no es m\u00e1s que una prolongaci\u00f3n del apostolado. Entonces, el apostolado es la palabra. Ense\u00f1ad, hablad, ha dicho el Maestro, y\u2026","rel":"","context":"En \u00abVicente de Pa\u00fal\u00bb","block_context":{"text":"Vicente de Pa\u00fal","link":"https:\/\/vincentians.com\/es\/category\/la-familia-vicenciana\/fundadores\/vicente-de-paul\/"},"img":{"alt_text":"","src":"","width":0,"height":0},"classes":[]},{"id":109327,"url":"https:\/\/vincentians.com\/es\/respuesta-del-p-jose-herrera-al-p-carballo\/","url_meta":{"origin":34984,"position":3},"title":"Respuesta del P. Jos\u00e9 Herrera al P. Carballo","author":"Mitxel Olabu\u00e9naga","date":"04\/06\/2021","format":false,"excerpt":"NOTA previa: obedece el escrito a las afirmaciones (posteriormente publicadas) que hizo sobre \"historiograf\u00eda\" vicenciana el P. Francisco Carballo. Puede verse el art\u00edculo en \"Vicencianos\" con el t\u00edtulo de \"Rectificaciones a la interpretaci\u00f3n historiogr\u00e1fica\". Mi estimado P. Ircio: Espero que ser\u00e1 usted tan amable que me permita publicar en ANA\u00adLES\u2026","rel":"","context":"En \u00abHistoria de la Congregaci\u00f3n de la Misi\u00f3n\u00bb","block_context":{"text":"Historia de la Congregaci\u00f3n de la Misi\u00f3n","link":"https:\/\/vincentians.com\/es\/category\/historia-de-la-familia-vicenciana\/historia-de-la-congregacion-de-la-mision\/"},"img":{"alt_text":"","src":"https:\/\/i0.wp.com\/vincentians.com\/es\/wp-content\/uploads\/sites\/11\/2015\/02\/St_Vincent_De_Paul_-bible-1.jpg?fit=1200%2C630&ssl=1&resize=350%2C200","width":350,"height":200,"srcset":"https:\/\/i0.wp.com\/vincentians.com\/es\/wp-content\/uploads\/sites\/11\/2015\/02\/St_Vincent_De_Paul_-bible-1.jpg?fit=1200%2C630&ssl=1&resize=350%2C200 1x, https:\/\/i0.wp.com\/vincentians.com\/es\/wp-content\/uploads\/sites\/11\/2015\/02\/St_Vincent_De_Paul_-bible-1.jpg?fit=1200%2C630&ssl=1&resize=525%2C300 1.5x, https:\/\/i0.wp.com\/vincentians.com\/es\/wp-content\/uploads\/sites\/11\/2015\/02\/St_Vincent_De_Paul_-bible-1.jpg?fit=1200%2C630&ssl=1&resize=700%2C400 2x, https:\/\/i0.wp.com\/vincentians.com\/es\/wp-content\/uploads\/sites\/11\/2015\/02\/St_Vincent_De_Paul_-bible-1.jpg?fit=1200%2C630&ssl=1&resize=1050%2C600 3x"},"classes":[]},{"id":399077,"url":"https:\/\/vincentians.com\/es\/federico-ozanam-carta-023-ernest-falconnet\/","url_meta":{"origin":34984,"position":4},"title":"Federico Ozanam, Carta 023: A Ernest Falconnet","author":"Francisco Javier Fern\u00e1ndez Chento","date":"30\/09\/2016","format":false,"excerpt":"Consejos a Falconnet para su salud, sus estudios y sus investigaciones hist\u00f3ricas comunes. Lyon, 28 de julio de 1830. Mi querido Falconnet: He recibido tu carta, que me ha agradado mucho. Lo \u00fanico que no me ha gustado es que tu salud no haya mejorado de una manera decisiva. Me\u2026","rel":"","context":"En \u00abEscritos de Federico Ozanam\u00bb","block_context":{"text":"Escritos de Federico Ozanam","link":"https:\/\/vincentians.com\/es\/category\/escritos\/escritos-de-federico-ozanam\/"},"img":{"alt_text":"","src":"https:\/\/i0.wp.com\/vincentians.com\/es\/wp-content\/uploads\/sites\/11\/2016\/07\/escritos-federico-ozanam.jpg?fit=1200%2C630&ssl=1&resize=350%2C200","width":350,"height":200,"srcset":"https:\/\/i0.wp.com\/vincentians.com\/es\/wp-content\/uploads\/sites\/11\/2016\/07\/escritos-federico-ozanam.jpg?fit=1200%2C630&ssl=1&resize=350%2C200 1x, https:\/\/i0.wp.com\/vincentians.com\/es\/wp-content\/uploads\/sites\/11\/2016\/07\/escritos-federico-ozanam.jpg?fit=1200%2C630&ssl=1&resize=525%2C300 1.5x, https:\/\/i0.wp.com\/vincentians.com\/es\/wp-content\/uploads\/sites\/11\/2016\/07\/escritos-federico-ozanam.jpg?fit=1200%2C630&ssl=1&resize=700%2C400 2x, https:\/\/i0.wp.com\/vincentians.com\/es\/wp-content\/uploads\/sites\/11\/2016\/07\/escritos-federico-ozanam.jpg?fit=1200%2C630&ssl=1&resize=1050%2C600 3x"},"classes":[]},{"id":34268,"url":"https:\/\/vincentians.com\/es\/introduccion-a-la-vida-devota-segunda-parte-capitulo-19\/","url_meta":{"origin":34984,"position":5},"title":"Introducci\u00f3n a la vida devota. Segunda parte, cap\u00edtulo 19","author":"Francisco Javier Fern\u00e1ndez Chento","date":"17\/09\/2020","format":false,"excerpt":"CAP\u00cdTULO XIX DE LA SANTA CONFESI\u00d3N Nuestro Salvador ha dejado a su Iglesia el sacramento de la Penitencia y la confesi\u00f3n para que en \u00e9l nos purifiquemos de nuestras iniquidades, siempre que por ellas seamos mancillados. No permitas, pues, Filotea, que tu coraz\u00f3n permanezca mucho tiempo manchado por el pecado,\u2026","rel":"","context":"En \u00abEscritos de Francisco de Sales\u00bb","block_context":{"text":"Escritos de Francisco de Sales","link":"https:\/\/vincentians.com\/es\/category\/escritos\/escritos-de-francisco-de-sales\/"},"img":{"alt_text":"","src":"https:\/\/i0.wp.com\/vincentians.com\/es\/wp-content\/uploads\/sites\/11\/2016\/08\/escritos-francisco-de-sales.jpg?fit=1200%2C630&ssl=1&resize=350%2C200","width":350,"height":200,"srcset":"https:\/\/i0.wp.com\/vincentians.com\/es\/wp-content\/uploads\/sites\/11\/2016\/08\/escritos-francisco-de-sales.jpg?fit=1200%2C630&ssl=1&resize=350%2C200 1x, https:\/\/i0.wp.com\/vincentians.com\/es\/wp-content\/uploads\/sites\/11\/2016\/08\/escritos-francisco-de-sales.jpg?fit=1200%2C630&ssl=1&resize=525%2C300 1.5x, https:\/\/i0.wp.com\/vincentians.com\/es\/wp-content\/uploads\/sites\/11\/2016\/08\/escritos-francisco-de-sales.jpg?fit=1200%2C630&ssl=1&resize=700%2C400 2x, https:\/\/i0.wp.com\/vincentians.com\/es\/wp-content\/uploads\/sites\/11\/2016\/08\/escritos-francisco-de-sales.jpg?fit=1200%2C630&ssl=1&resize=1050%2C600 3x"},"classes":[]}],"_links":{"self":[{"href":"https:\/\/vincentians.com\/es\/wp-json\/wp\/v2\/posts\/34984","targetHints":{"allow":["GET"]}}],"collection":[{"href":"https:\/\/vincentians.com\/es\/wp-json\/wp\/v2\/posts"}],"about":[{"href":"https:\/\/vincentians.com\/es\/wp-json\/wp\/v2\/types\/post"}],"author":[{"embeddable":true,"href":"https:\/\/vincentians.com\/es\/wp-json\/wp\/v2\/users\/4"}],"replies":[{"embeddable":true,"href":"https:\/\/vincentians.com\/es\/wp-json\/wp\/v2\/comments?post=34984"}],"version-history":[{"count":1,"href":"https:\/\/vincentians.com\/es\/wp-json\/wp\/v2\/posts\/34984\/revisions"}],"predecessor-version":[{"id":403451,"href":"https:\/\/vincentians.com\/es\/wp-json\/wp\/v2\/posts\/34984\/revisions\/403451"}],"wp:featuredmedia":[{"embeddable":true,"href":"https:\/\/vincentians.com\/es\/wp-json\/wp\/v2\/media\/398698"}],"wp:attachment":[{"href":"https:\/\/vincentians.com\/es\/wp-json\/wp\/v2\/media?parent=34984"}],"wp:term":[{"taxonomy":"category","embeddable":true,"href":"https:\/\/vincentians.com\/es\/wp-json\/wp\/v2\/categories?post=34984"},{"taxonomy":"post_tag","embeddable":true,"href":"https:\/\/vincentians.com\/es\/wp-json\/wp\/v2\/tags?post=34984"}],"curies":[{"name":"wp","href":"https:\/\/api.w.org\/{rel}","templated":true}]}}