{"id":34983,"date":"2021-04-14T08:35:13","date_gmt":"2021-04-14T06:35:13","guid":{"rendered":"http:\/\/somos.vicencianos.org\/blog\/2011\/06\/introduccion-a-la-vida-devota-tercera-parte-capitulo-35\/"},"modified":"2020-12-15T19:53:53","modified_gmt":"2020-12-15T18:53:53","slug":"introduccion-a-la-vida-devota-tercera-parte-capitulo-35","status":"publish","type":"post","link":"https:\/\/vincentians.com\/es\/introduccion-a-la-vida-devota-tercera-parte-capitulo-35\/","title":{"rendered":"Introducci\u00f3n a la vida devota. Tercera parte, cap\u00edtulo 35"},"content":{"rendered":"<p><strong>CAP\u00cdTULO XXXV<\/strong><\/p>\n<p><strong>QUE ES NECESARIO SER FIEL EN LAS OCASIONES GRANDES Y EN LAS PEQUE\u00d1AS<\/strong><\/p>\n<p>El sagrado Esposo del Cantar de los Cantares dice que la Esposa le ha robado el coraz\u00f3n con uno de sus ojos y con uno de sus cabellos. Ahora bien, de todas las partes exteriores del cuerpo humano no hay ninguna tan noble como el ojo, tanto por su estructura como por su actividad, ni ninguna tan vil como el cabello, por lo que no s\u00f3lo le son agradables las grandes obras de las personas devotas, sino tambi\u00e9n las m\u00e1s peque\u00f1as y las m\u00e1s insignificantes, y que, para servirle seg\u00fan su agrado, hay que tener cuidado en servirle, as\u00ed en las cosas grandes y elevadas como en las peque\u00f1as y bajas, pues lo mismo con las unas que con las otras, podemos robarle el coraz\u00f3n por el amor.<\/p>\n<p>Prep\u00e1rate, pues, Filotea, a sufrir muy grandes aflicciones por Nuestro Se\u00f1or, y aun el martirio; resu\u00e9lvete a darle lo- que para ti es m\u00e1s preciado, si a \u00c9l le place tomarlo: el padre, la madre, el hermano, el esposo, los hijos, tu misma vida, porque para todo esto has de tener dispuesto tu coraz\u00f3n, Pero, mientras la divina Providencia no te env\u00ede aflicciones tan sentidas y tan grandes, mientras no te pida tus ojos, dale a lo menos tus cabellos, es decir, soporta con dulzura las peque\u00f1as injurias, las peque\u00f1as incomodidades, las peque\u00f1as p\u00e9rdidas cotidianas, porque, con estas peque\u00f1as ocasiones, aceptadas con amor y afecto, ganar\u00e1s enteramente su coraz\u00f3n y lo har\u00e1s tuyo. Aquellas peque\u00f1as limosnas cotidianas, aquel dolor de cabeza, aquel dolor de muelas, aquel romper un vaso, aquel desprecio o aquella burla, el perder los guantes, el anillo o el pa\u00f1uelo, o la peque\u00f1a incomodidad de acostarse pronto y levantarse temprano para ir a comulgar y a rezar, aquel poco de verg\u00fcenza que se siente al hacer p\u00fablicamente ciertos actos de devoci\u00f3n: en una palabra, todos los peque\u00f1os sufrimientos, aceptados y abrazados con amor, complacen en gran manera a la Bondad divina, la cual por un solo vaso de agua ha prometido a sus fieles un mar de felicidad, y, como sea que estas ocasiones se ofrecen a cada momento, el aprovecharlas es un gran medio para atesorar muchas riquezas espirituales.<\/p>\n<p>Cuando, en la vida de Santa Catalina de Sena, veo tantos raptos y elevaciones de esp\u00edritu, tantas palabras llenas de sabidur\u00eda, y aun predicciones hechas por ella, no dudo de que todas estas contemplaciones cautivaron el coraz\u00f3n de su celestial Esposo; pero el mismo consuelo siento cuando la veo en la cocina de su padre, dando vueltas a la parrilla, avivando el fuego, preparando la comida, amasando el pan y desempe\u00f1ando todos los quehaceres m\u00e1s humildes de la casa, con esfuerzo lleno de amor y de ternura para con Dios. Y no aprecio menos la insignificante y sencilla meditaci\u00f3n que ella hac\u00eda, en medio de estas ocasiones viles y abyectas, que los \u00e9xtasis y arrobamientos que con tanta frecuencia ten\u00eda, en recompensa, tal vez, de aquella humildad y abyecci\u00f3n. Su meditaci\u00f3n era \u00e9sta: Se imaginaba que, cuando serv\u00eda a su padre, serv\u00eda a Nuestro Se\u00f1or, como otra santa Marta; que su madre ocupaba el lugar de la Madre de Dios y sus hermanos el lugar de los ap\u00f3stoles, y, de esta manera, se excitaba a servir en esp\u00edritu a toda la corte celestial, y se empleaba en aquellos oficios humildes con gran suavidad, porque sab\u00eda que era aquella la voluntad de Dios. Te he propuesto este ejemplo, Filotea, para que sepas lo mucho que importa el dirigir todos nuestros actos, por sencillos que sean, al servicio de su divina Majestad.<\/p>\n<p>Por esto te consejo, cuanto me es posible, que imites a aquella mujer fuerte tan alabada de Salom\u00f3n, la cual, como \u00e9l dice, emprend\u00eda cosas fuertes, generosas y elevadas, y, a pesar de ello, no dejaba de hilar ni de hacer rodar el huso. \u00abHa puesto la mano en cosas atrevidas y sus dedos han cogido el huso\u00bb. Pon la mano en cosas de vuelo, ejercit\u00e1ndote en la oraci\u00f3n y meditaci\u00f3n, en recibir los sacramentos, en comunicar el amor de Dios a las almas, en derramar buenas inspiraciones sobre los corazones, y, finalmente, en hacer obras grandes y de envergadura, seg\u00fan tu vocaci\u00f3n; pero no olvides tu huso ni el c\u00e1\u00f1amo, es decir, practica las virtudes peque\u00f1as y humildes, que son como flores que crecen al pie de la cruz: servir a los pobres, visitar a los enfermos, sostener a la familia, con los trabajos que esto acarrea, y una actividad \u00fatil, que no te deje estar ociosa; y, en medio de estas ocupaciones, haz consideraciones parecidas a las de Santa Catalina de Sena, que acabo de mencionar.<\/p>\n<p>Las ocasiones de servir a Dios en cosas grandes, raras veces se ofrecen, pero las peque\u00f1as ocurren a diario; ahora bien, \u00abel que es fiel en lo poco -dice el mismo Salvador-, le constituir\u00e9 sobre lo mucho\u00bb. Haz, pues, todas las cosas en nombre de Dios, y todas ser\u00e1n bien hechas. Ya comas, ya bebas, ya duermas, ya te recrees, ya des vueltas al asador, mientras sepas enderezar bien tus quehaceres, aprovechar\u00e1s mucho en la presencia de Dios, s\u00ed haces todas las cosas porque Dios quiere que las hagas.<\/p>\n","protected":false},"excerpt":{"rendered":"<p>CAP\u00cdTULO XXXV QUE ES NECESARIO SER FIEL EN LAS OCASIONES GRANDES Y EN LAS PEQUE\u00d1AS El sagrado Esposo del Cantar de los Cantares dice que la Esposa le ha robado el coraz\u00f3n con uno de &#8230; <a href=\"https:\/\/vincentians.com\/es\/introduccion-a-la-vida-devota-tercera-parte-capitulo-35\/\" class=\"more-link\">Read More<\/a><\/p>\n","protected":false},"author":4,"featured_media":398698,"comment_status":"open","ping_status":"open","sticky":false,"template":"","format":"standard","meta":{"jetpack_post_was_ever_published":false,"_jetpack_newsletter_access":"","_jetpack_dont_email_post_to_subs":false,"_jetpack_newsletter_tier_id":0,"_jetpack_memberships_contains_paywalled_content":false,"_jetpack_memberships_contains_paid_content":false,"footnotes":"","jetpack_publicize_message":"","jetpack_publicize_feature_enabled":true,"jetpack_social_post_already_shared":true,"jetpack_social_options":{"image_generator_settings":{"template":"highway","default_image_id":0,"font":"","enabled":false},"version":2}},"categories":[272],"tags":[],"class_list":["post-34983","post","type-post","status-publish","format-standard","has-post-thumbnail","hentry","category-escritos-de-francisco-de-sales"],"yoast_head":"<!-- This site is optimized with the Yoast SEO plugin v26.3 - https:\/\/yoast.com\/wordpress\/plugins\/seo\/ -->\n<title>Introducci\u00f3n a la vida devota. Tercera parte, cap\u00edtulo 35 - Somos Vicencianos<\/title>\n<meta name=\"robots\" content=\"index, follow, max-snippet:-1, max-image-preview:large, max-video-preview:-1\" \/>\n<link rel=\"canonical\" href=\"https:\/\/vincentians.com\/es\/introduccion-a-la-vida-devota-tercera-parte-capitulo-35\/\" \/>\n<meta property=\"og:locale\" content=\"es_ES\" \/>\n<meta property=\"og:type\" content=\"article\" \/>\n<meta property=\"og:title\" content=\"Introducci\u00f3n a la vida devota. Tercera parte, cap\u00edtulo 35 - Somos Vicencianos\" \/>\n<meta property=\"og:description\" content=\"CAP\u00cdTULO XXXV QUE ES NECESARIO SER FIEL EN LAS OCASIONES GRANDES Y EN LAS PEQUE\u00d1AS El sagrado Esposo del Cantar de los Cantares dice que la Esposa le ha robado el coraz\u00f3n con uno de ... Read More\" \/>\n<meta property=\"og:url\" content=\"https:\/\/vincentians.com\/es\/introduccion-a-la-vida-devota-tercera-parte-capitulo-35\/\" \/>\n<meta property=\"og:site_name\" content=\"Somos Vicencianos\" \/>\n<meta property=\"article:publisher\" content=\"https:\/\/www.facebook.com\/WeAreVincentians\/\" \/>\n<meta property=\"article:author\" content=\"https:\/\/www.facebook.com\/JavierChento\" \/>\n<meta property=\"article:published_time\" content=\"2021-04-14T06:35:13+00:00\" \/>\n<meta property=\"og:image\" content=\"https:\/\/i0.wp.com\/vincentians.com\/es\/wp-content\/uploads\/sites\/11\/2016\/08\/escritos-francisco-de-sales.jpg?fit=1200%2C630&ssl=1\" \/>\n\t<meta property=\"og:image:width\" content=\"1200\" \/>\n\t<meta property=\"og:image:height\" content=\"630\" \/>\n\t<meta property=\"og:image:type\" content=\"image\/jpeg\" \/>\n<meta name=\"author\" content=\"Francisco Javier Fern\u00e1ndez Chento\" \/>\n<meta name=\"twitter:card\" content=\"summary_large_image\" \/>\n<meta name=\"twitter:creator\" content=\"@https:\/\/twitter.com\/javierchento\" \/>\n<meta name=\"twitter:site\" content=\"@WeVincentians\" \/>\n<meta name=\"twitter:label1\" content=\"Escrito por\" \/>\n\t<meta name=\"twitter:data1\" content=\"Francisco Javier Fern\u00e1ndez Chento\" \/>\n\t<meta name=\"twitter:label2\" content=\"Tiempo de lectura\" \/>\n\t<meta name=\"twitter:data2\" content=\"5 minutos\" \/>\n<script type=\"application\/ld+json\" class=\"yoast-schema-graph\">{\"@context\":\"https:\/\/schema.org\",\"@graph\":[{\"@type\":\"Article\",\"@id\":\"https:\/\/vincentians.com\/es\/introduccion-a-la-vida-devota-tercera-parte-capitulo-35\/#article\",\"isPartOf\":{\"@id\":\"https:\/\/vincentians.com\/es\/introduccion-a-la-vida-devota-tercera-parte-capitulo-35\/\"},\"author\":{\"name\":\"Francisco Javier Fern\u00e1ndez Chento\",\"@id\":\"https:\/\/vincentians.com\/es\/#\/schema\/person\/9623ef4d9aa3b2dfb8c061f1499288f2\"},\"headline\":\"Introducci\u00f3n a la vida devota. Tercera parte, cap\u00edtulo 35\",\"datePublished\":\"2021-04-14T06:35:13+00:00\",\"mainEntityOfPage\":{\"@id\":\"https:\/\/vincentians.com\/es\/introduccion-a-la-vida-devota-tercera-parte-capitulo-35\/\"},\"wordCount\":943,\"commentCount\":0,\"publisher\":{\"@id\":\"https:\/\/vincentians.com\/es\/#organization\"},\"image\":{\"@id\":\"https:\/\/vincentians.com\/es\/introduccion-a-la-vida-devota-tercera-parte-capitulo-35\/#primaryimage\"},\"thumbnailUrl\":\"https:\/\/i0.wp.com\/vincentians.com\/es\/wp-content\/uploads\/sites\/11\/2016\/08\/escritos-francisco-de-sales.jpg?fit=1200%2C630&ssl=1\",\"articleSection\":[\"Escritos de Francisco de Sales\"],\"inLanguage\":\"es\",\"potentialAction\":[{\"@type\":\"CommentAction\",\"name\":\"Comment\",\"target\":[\"https:\/\/vincentians.com\/es\/introduccion-a-la-vida-devota-tercera-parte-capitulo-35\/#respond\"]}]},{\"@type\":\"WebPage\",\"@id\":\"https:\/\/vincentians.com\/es\/introduccion-a-la-vida-devota-tercera-parte-capitulo-35\/\",\"url\":\"https:\/\/vincentians.com\/es\/introduccion-a-la-vida-devota-tercera-parte-capitulo-35\/\",\"name\":\"Introducci\u00f3n a la vida devota. Tercera parte, cap\u00edtulo 35 - Somos Vicencianos\",\"isPartOf\":{\"@id\":\"https:\/\/vincentians.com\/es\/#website\"},\"primaryImageOfPage\":{\"@id\":\"https:\/\/vincentians.com\/es\/introduccion-a-la-vida-devota-tercera-parte-capitulo-35\/#primaryimage\"},\"image\":{\"@id\":\"https:\/\/vincentians.com\/es\/introduccion-a-la-vida-devota-tercera-parte-capitulo-35\/#primaryimage\"},\"thumbnailUrl\":\"https:\/\/i0.wp.com\/vincentians.com\/es\/wp-content\/uploads\/sites\/11\/2016\/08\/escritos-francisco-de-sales.jpg?fit=1200%2C630&ssl=1\",\"datePublished\":\"2021-04-14T06:35:13+00:00\",\"breadcrumb\":{\"@id\":\"https:\/\/vincentians.com\/es\/introduccion-a-la-vida-devota-tercera-parte-capitulo-35\/#breadcrumb\"},\"inLanguage\":\"es\",\"potentialAction\":[{\"@type\":\"ReadAction\",\"target\":[\"https:\/\/vincentians.com\/es\/introduccion-a-la-vida-devota-tercera-parte-capitulo-35\/\"]}]},{\"@type\":\"ImageObject\",\"inLanguage\":\"es\",\"@id\":\"https:\/\/vincentians.com\/es\/introduccion-a-la-vida-devota-tercera-parte-capitulo-35\/#primaryimage\",\"url\":\"https:\/\/i0.wp.com\/vincentians.com\/es\/wp-content\/uploads\/sites\/11\/2016\/08\/escritos-francisco-de-sales.jpg?fit=1200%2C630&ssl=1\",\"contentUrl\":\"https:\/\/i0.wp.com\/vincentians.com\/es\/wp-content\/uploads\/sites\/11\/2016\/08\/escritos-francisco-de-sales.jpg?fit=1200%2C630&ssl=1\",\"width\":1200,\"height\":630},{\"@type\":\"BreadcrumbList\",\"@id\":\"https:\/\/vincentians.com\/es\/introduccion-a-la-vida-devota-tercera-parte-capitulo-35\/#breadcrumb\",\"itemListElement\":[{\"@type\":\"ListItem\",\"position\":1,\"name\":\"Portada\",\"item\":\"https:\/\/vincentians.com\/es\/\"},{\"@type\":\"ListItem\",\"position\":2,\"name\":\"Introducci\u00f3n a la vida devota. Tercera parte, cap\u00edtulo 35\"}]},{\"@type\":\"WebSite\",\"@id\":\"https:\/\/vincentians.com\/es\/#website\",\"url\":\"https:\/\/vincentians.com\/es\/\",\"name\":\"Somos Vicencianos\",\"description\":\"Know more to serve more\",\"publisher\":{\"@id\":\"https:\/\/vincentians.com\/es\/#organization\"},\"potentialAction\":[{\"@type\":\"SearchAction\",\"target\":{\"@type\":\"EntryPoint\",\"urlTemplate\":\"https:\/\/vincentians.com\/es\/?s={search_term_string}\"},\"query-input\":{\"@type\":\"PropertyValueSpecification\",\"valueRequired\":true,\"valueName\":\"search_term_string\"}}],\"inLanguage\":\"es\"},{\"@type\":\"Organization\",\"@id\":\"https:\/\/vincentians.com\/es\/#organization\",\"name\":\"The Vincentian Network\",\"url\":\"https:\/\/vincentians.com\/es\/\",\"logo\":{\"@type\":\"ImageObject\",\"inLanguage\":\"es\",\"@id\":\"https:\/\/vincentians.com\/es\/#\/schema\/logo\/image\/\",\"url\":\"https:\/\/i1.wp.com\/vincentians.com\/es\/wp-content\/uploads\/sites\/11\/2016\/06\/Vincentian-Network-logo-big.png?fit=778%2C778\",\"contentUrl\":\"https:\/\/i1.wp.com\/vincentians.com\/es\/wp-content\/uploads\/sites\/11\/2016\/06\/Vincentian-Network-logo-big.png?fit=778%2C778\",\"width\":778,\"height\":778,\"caption\":\"The Vincentian Network\"},\"image\":{\"@id\":\"https:\/\/vincentians.com\/es\/#\/schema\/logo\/image\/\"},\"sameAs\":[\"https:\/\/www.facebook.com\/WeAreVincentians\/\",\"https:\/\/x.com\/WeVincentians\"]},{\"@type\":\"Person\",\"@id\":\"https:\/\/vincentians.com\/es\/#\/schema\/person\/9623ef4d9aa3b2dfb8c061f1499288f2\",\"name\":\"Francisco Javier Fern\u00e1ndez Chento\",\"image\":{\"@type\":\"ImageObject\",\"inLanguage\":\"es\",\"@id\":\"https:\/\/vincentians.com\/es\/#\/schema\/person\/image\/\",\"url\":\"https:\/\/secure.gravatar.com\/avatar\/497d5cde87b4c3d097d0315953521681ba2cd523ee66e5077c3711f7021e65de?s=96&d=mm&r=g\",\"contentUrl\":\"https:\/\/secure.gravatar.com\/avatar\/497d5cde87b4c3d097d0315953521681ba2cd523ee66e5077c3711f7021e65de?s=96&d=mm&r=g\",\"caption\":\"Francisco Javier Fern\u00e1ndez Chento\"},\"description\":\"Director General y cofundador de La Red de Formaci\u00f3n Vicenciana. Javier es laico vicenciano, afiliado a la Congregaci\u00f3n de la Misi\u00f3n y miembro del Equipo de Misiones Populares de la provincia can\u00f3nica de Zaragoza (Espa\u00f1a) de la Congregaci\u00f3n de la Misi\u00f3n. Graduado en la Universidad Oberta de Catalunya con cuatro grados (Asistente de direcci\u00f3n, Gesti\u00f3n Administrativa, Recursos Humanos y Contabilidad Avanzada). Bil\u00edng\u00fce Espa\u00f1ol\/Ingl\u00e9s. gestiona y mantiene varias p\u00e1ginas web cristianas y vicencianas, incluida including La Red de Formaci\u00f3n Vicenciana, de la que es cofundador. Actualmente es responsable del \u00e1rea de Espa\u00f1ol de .famvin, la Red de Noticias de la Familia Vicenciana. Tambi\u00e9n es m\u00fasico cat\u00f3lico y ha editado varios discos. Es Director General y cofundador de Trovador, una reconocida compa\u00f1\u00eda discogr\u00e1fica critiana de Espa\u00f1a. Trabaja en las Tecnolog\u00edas de la Informaci\u00f3n, ofreciendo servicios de alojamiento, dise\u00f1o y mantenimiento Web, as\u00ed como asesoramiento, formaci\u00f3n y soluciones inform\u00e1ticas, gesti\u00f3n documental y digitalizaci\u00f3n de textos, edici\u00f3n y maquetaci\u00f3n de libros, revistas, flyers, etc.\",\"sameAs\":[\"http:\/\/chento.org\",\"https:\/\/www.facebook.com\/JavierChento\",\"https:\/\/x.com\/https:\/\/twitter.com\/javierchento\"],\"url\":\"https:\/\/vincentians.com\/es\/author\/chento\/\"}]}<\/script>\n<!-- \/ Yoast SEO plugin. -->","yoast_head_json":{"title":"Introducci\u00f3n a la vida devota. Tercera parte, cap\u00edtulo 35 - Somos Vicencianos","robots":{"index":"index","follow":"follow","max-snippet":"max-snippet:-1","max-image-preview":"max-image-preview:large","max-video-preview":"max-video-preview:-1"},"canonical":"https:\/\/vincentians.com\/es\/introduccion-a-la-vida-devota-tercera-parte-capitulo-35\/","og_locale":"es_ES","og_type":"article","og_title":"Introducci\u00f3n a la vida devota. Tercera parte, cap\u00edtulo 35 - Somos Vicencianos","og_description":"CAP\u00cdTULO XXXV QUE ES NECESARIO SER FIEL EN LAS OCASIONES GRANDES Y EN LAS PEQUE\u00d1AS El sagrado Esposo del Cantar de los Cantares dice que la Esposa le ha robado el coraz\u00f3n con uno de ... Read More","og_url":"https:\/\/vincentians.com\/es\/introduccion-a-la-vida-devota-tercera-parte-capitulo-35\/","og_site_name":"Somos Vicencianos","article_publisher":"https:\/\/www.facebook.com\/WeAreVincentians\/","article_author":"https:\/\/www.facebook.com\/JavierChento","article_published_time":"2021-04-14T06:35:13+00:00","og_image":[{"width":1200,"height":630,"url":"https:\/\/i0.wp.com\/vincentians.com\/es\/wp-content\/uploads\/sites\/11\/2016\/08\/escritos-francisco-de-sales.jpg?fit=1200%2C630&ssl=1","type":"image\/jpeg"}],"author":"Francisco Javier Fern\u00e1ndez Chento","twitter_card":"summary_large_image","twitter_creator":"@https:\/\/twitter.com\/javierchento","twitter_site":"@WeVincentians","twitter_misc":{"Escrito por":"Francisco Javier Fern\u00e1ndez Chento","Tiempo de lectura":"5 minutos"},"schema":{"@context":"https:\/\/schema.org","@graph":[{"@type":"Article","@id":"https:\/\/vincentians.com\/es\/introduccion-a-la-vida-devota-tercera-parte-capitulo-35\/#article","isPartOf":{"@id":"https:\/\/vincentians.com\/es\/introduccion-a-la-vida-devota-tercera-parte-capitulo-35\/"},"author":{"name":"Francisco Javier Fern\u00e1ndez Chento","@id":"https:\/\/vincentians.com\/es\/#\/schema\/person\/9623ef4d9aa3b2dfb8c061f1499288f2"},"headline":"Introducci\u00f3n a la vida devota. Tercera parte, cap\u00edtulo 35","datePublished":"2021-04-14T06:35:13+00:00","mainEntityOfPage":{"@id":"https:\/\/vincentians.com\/es\/introduccion-a-la-vida-devota-tercera-parte-capitulo-35\/"},"wordCount":943,"commentCount":0,"publisher":{"@id":"https:\/\/vincentians.com\/es\/#organization"},"image":{"@id":"https:\/\/vincentians.com\/es\/introduccion-a-la-vida-devota-tercera-parte-capitulo-35\/#primaryimage"},"thumbnailUrl":"https:\/\/i0.wp.com\/vincentians.com\/es\/wp-content\/uploads\/sites\/11\/2016\/08\/escritos-francisco-de-sales.jpg?fit=1200%2C630&ssl=1","articleSection":["Escritos de Francisco de Sales"],"inLanguage":"es","potentialAction":[{"@type":"CommentAction","name":"Comment","target":["https:\/\/vincentians.com\/es\/introduccion-a-la-vida-devota-tercera-parte-capitulo-35\/#respond"]}]},{"@type":"WebPage","@id":"https:\/\/vincentians.com\/es\/introduccion-a-la-vida-devota-tercera-parte-capitulo-35\/","url":"https:\/\/vincentians.com\/es\/introduccion-a-la-vida-devota-tercera-parte-capitulo-35\/","name":"Introducci\u00f3n a la vida devota. Tercera parte, cap\u00edtulo 35 - Somos Vicencianos","isPartOf":{"@id":"https:\/\/vincentians.com\/es\/#website"},"primaryImageOfPage":{"@id":"https:\/\/vincentians.com\/es\/introduccion-a-la-vida-devota-tercera-parte-capitulo-35\/#primaryimage"},"image":{"@id":"https:\/\/vincentians.com\/es\/introduccion-a-la-vida-devota-tercera-parte-capitulo-35\/#primaryimage"},"thumbnailUrl":"https:\/\/i0.wp.com\/vincentians.com\/es\/wp-content\/uploads\/sites\/11\/2016\/08\/escritos-francisco-de-sales.jpg?fit=1200%2C630&ssl=1","datePublished":"2021-04-14T06:35:13+00:00","breadcrumb":{"@id":"https:\/\/vincentians.com\/es\/introduccion-a-la-vida-devota-tercera-parte-capitulo-35\/#breadcrumb"},"inLanguage":"es","potentialAction":[{"@type":"ReadAction","target":["https:\/\/vincentians.com\/es\/introduccion-a-la-vida-devota-tercera-parte-capitulo-35\/"]}]},{"@type":"ImageObject","inLanguage":"es","@id":"https:\/\/vincentians.com\/es\/introduccion-a-la-vida-devota-tercera-parte-capitulo-35\/#primaryimage","url":"https:\/\/i0.wp.com\/vincentians.com\/es\/wp-content\/uploads\/sites\/11\/2016\/08\/escritos-francisco-de-sales.jpg?fit=1200%2C630&ssl=1","contentUrl":"https:\/\/i0.wp.com\/vincentians.com\/es\/wp-content\/uploads\/sites\/11\/2016\/08\/escritos-francisco-de-sales.jpg?fit=1200%2C630&ssl=1","width":1200,"height":630},{"@type":"BreadcrumbList","@id":"https:\/\/vincentians.com\/es\/introduccion-a-la-vida-devota-tercera-parte-capitulo-35\/#breadcrumb","itemListElement":[{"@type":"ListItem","position":1,"name":"Portada","item":"https:\/\/vincentians.com\/es\/"},{"@type":"ListItem","position":2,"name":"Introducci\u00f3n a la vida devota. Tercera parte, cap\u00edtulo 35"}]},{"@type":"WebSite","@id":"https:\/\/vincentians.com\/es\/#website","url":"https:\/\/vincentians.com\/es\/","name":"Somos Vicencianos","description":"Know more to serve more","publisher":{"@id":"https:\/\/vincentians.com\/es\/#organization"},"potentialAction":[{"@type":"SearchAction","target":{"@type":"EntryPoint","urlTemplate":"https:\/\/vincentians.com\/es\/?s={search_term_string}"},"query-input":{"@type":"PropertyValueSpecification","valueRequired":true,"valueName":"search_term_string"}}],"inLanguage":"es"},{"@type":"Organization","@id":"https:\/\/vincentians.com\/es\/#organization","name":"The Vincentian Network","url":"https:\/\/vincentians.com\/es\/","logo":{"@type":"ImageObject","inLanguage":"es","@id":"https:\/\/vincentians.com\/es\/#\/schema\/logo\/image\/","url":"https:\/\/i1.wp.com\/vincentians.com\/es\/wp-content\/uploads\/sites\/11\/2016\/06\/Vincentian-Network-logo-big.png?fit=778%2C778","contentUrl":"https:\/\/i1.wp.com\/vincentians.com\/es\/wp-content\/uploads\/sites\/11\/2016\/06\/Vincentian-Network-logo-big.png?fit=778%2C778","width":778,"height":778,"caption":"The Vincentian Network"},"image":{"@id":"https:\/\/vincentians.com\/es\/#\/schema\/logo\/image\/"},"sameAs":["https:\/\/www.facebook.com\/WeAreVincentians\/","https:\/\/x.com\/WeVincentians"]},{"@type":"Person","@id":"https:\/\/vincentians.com\/es\/#\/schema\/person\/9623ef4d9aa3b2dfb8c061f1499288f2","name":"Francisco Javier Fern\u00e1ndez Chento","image":{"@type":"ImageObject","inLanguage":"es","@id":"https:\/\/vincentians.com\/es\/#\/schema\/person\/image\/","url":"https:\/\/secure.gravatar.com\/avatar\/497d5cde87b4c3d097d0315953521681ba2cd523ee66e5077c3711f7021e65de?s=96&d=mm&r=g","contentUrl":"https:\/\/secure.gravatar.com\/avatar\/497d5cde87b4c3d097d0315953521681ba2cd523ee66e5077c3711f7021e65de?s=96&d=mm&r=g","caption":"Francisco Javier Fern\u00e1ndez Chento"},"description":"Director General y cofundador de La Red de Formaci\u00f3n Vicenciana. Javier es laico vicenciano, afiliado a la Congregaci\u00f3n de la Misi\u00f3n y miembro del Equipo de Misiones Populares de la provincia can\u00f3nica de Zaragoza (Espa\u00f1a) de la Congregaci\u00f3n de la Misi\u00f3n. Graduado en la Universidad Oberta de Catalunya con cuatro grados (Asistente de direcci\u00f3n, Gesti\u00f3n Administrativa, Recursos Humanos y Contabilidad Avanzada). Bil\u00edng\u00fce Espa\u00f1ol\/Ingl\u00e9s. gestiona y mantiene varias p\u00e1ginas web cristianas y vicencianas, incluida including La Red de Formaci\u00f3n Vicenciana, de la que es cofundador. Actualmente es responsable del \u00e1rea de Espa\u00f1ol de .famvin, la Red de Noticias de la Familia Vicenciana. Tambi\u00e9n es m\u00fasico cat\u00f3lico y ha editado varios discos. Es Director General y cofundador de Trovador, una reconocida compa\u00f1\u00eda discogr\u00e1fica critiana de Espa\u00f1a. Trabaja en las Tecnolog\u00edas de la Informaci\u00f3n, ofreciendo servicios de alojamiento, dise\u00f1o y mantenimiento Web, as\u00ed como asesoramiento, formaci\u00f3n y soluciones inform\u00e1ticas, gesti\u00f3n documental y digitalizaci\u00f3n de textos, edici\u00f3n y maquetaci\u00f3n de libros, revistas, flyers, etc.","sameAs":["http:\/\/chento.org","https:\/\/www.facebook.com\/JavierChento","https:\/\/x.com\/https:\/\/twitter.com\/javierchento"],"url":"https:\/\/vincentians.com\/es\/author\/chento\/"}]}},"jetpack_publicize_connections":[],"jetpack_featured_media_url":"https:\/\/i0.wp.com\/vincentians.com\/es\/wp-content\/uploads\/sites\/11\/2016\/08\/escritos-francisco-de-sales.jpg?fit=1200%2C630&ssl=1","jetpack_sharing_enabled":true,"jetpack_shortlink":"https:\/\/wp.me\/p7ETMF-96f","jetpack-related-posts":[{"id":35026,"url":"https:\/\/vincentians.com\/es\/introduccion-a-la-vida-devota-cuarta-parte-capitulo-03\/","url_meta":{"origin":34983,"position":0},"title":"Introducci\u00f3n a la vida devota. Cuarta parte, cap\u00edtulo 03","author":"Francisco Javier Fern\u00e1ndez Chento","date":"30\/06\/2011","format":false,"excerpt":"CAP\u00cdTULO III DE LA NATURALEZA DE LAS TENTACIONES Y DE LA DIFERENCIA QUE HAY ENTRE EL SENTIR LA TENTACI\u00d3N Y EL CONSENTIR EN ELLA Imag\u00ednate, Filotea, una joven princesa muy querida de su esposo. Un malvado, para seducirla y mancillar su t\u00e1lamo nupcial, le env\u00eda un infame mensajero de amor,\u2026","rel":"","context":"En \u00abEscritos de Francisco de Sales\u00bb","block_context":{"text":"Escritos de Francisco de Sales","link":"https:\/\/vincentians.com\/es\/category\/escritos\/escritos-de-francisco-de-sales\/"},"img":{"alt_text":"","src":"https:\/\/i0.wp.com\/vincentians.com\/es\/wp-content\/uploads\/sites\/11\/2016\/08\/escritos-francisco-de-sales.jpg?fit=1200%2C630&ssl=1&resize=350%2C200","width":350,"height":200,"srcset":"https:\/\/i0.wp.com\/vincentians.com\/es\/wp-content\/uploads\/sites\/11\/2016\/08\/escritos-francisco-de-sales.jpg?fit=1200%2C630&ssl=1&resize=350%2C200 1x, https:\/\/i0.wp.com\/vincentians.com\/es\/wp-content\/uploads\/sites\/11\/2016\/08\/escritos-francisco-de-sales.jpg?fit=1200%2C630&ssl=1&resize=525%2C300 1.5x, https:\/\/i0.wp.com\/vincentians.com\/es\/wp-content\/uploads\/sites\/11\/2016\/08\/escritos-francisco-de-sales.jpg?fit=1200%2C630&ssl=1&resize=700%2C400 2x, https:\/\/i0.wp.com\/vincentians.com\/es\/wp-content\/uploads\/sites\/11\/2016\/08\/escritos-francisco-de-sales.jpg?fit=1200%2C630&ssl=1&resize=1050%2C600 3x"},"classes":[]},{"id":35041,"url":"https:\/\/vincentians.com\/es\/introduccion-a-la-vida-devota-cuarta-parte-capitulo-15\/","url_meta":{"origin":34983,"position":1},"title":"Introducci\u00f3n a la vida devota. Cuarta parte, cap\u00edtulo 15","author":"Francisco Javier Fern\u00e1ndez Chento","date":"12\/07\/2011","format":false,"excerpt":"CAP\u00cdTULO XV CONFIRMACI\u00d3N Y ACLARACI\u00d3N DE LO QUE HEMOS DICHO, CON UN EJEMPLO NOTABLE Mas, para hacer m\u00e1s evidente esta instrucci\u00f3n, quiero poner aqu\u00ed un caso de la historia de San Bernardo, tal como lo he encontrado en un docto y prudente escritor. Dice as\u00ed: A casi todos los que\u2026","rel":"","context":"En \u00abEscritos de Francisco de Sales\u00bb","block_context":{"text":"Escritos de Francisco de Sales","link":"https:\/\/vincentians.com\/es\/category\/escritos\/escritos-de-francisco-de-sales\/"},"img":{"alt_text":"","src":"https:\/\/i0.wp.com\/vincentians.com\/es\/wp-content\/uploads\/sites\/11\/2016\/08\/escritos-francisco-de-sales.jpg?fit=1200%2C630&ssl=1&resize=350%2C200","width":350,"height":200,"srcset":"https:\/\/i0.wp.com\/vincentians.com\/es\/wp-content\/uploads\/sites\/11\/2016\/08\/escritos-francisco-de-sales.jpg?fit=1200%2C630&ssl=1&resize=350%2C200 1x, https:\/\/i0.wp.com\/vincentians.com\/es\/wp-content\/uploads\/sites\/11\/2016\/08\/escritos-francisco-de-sales.jpg?fit=1200%2C630&ssl=1&resize=525%2C300 1.5x, https:\/\/i0.wp.com\/vincentians.com\/es\/wp-content\/uploads\/sites\/11\/2016\/08\/escritos-francisco-de-sales.jpg?fit=1200%2C630&ssl=1&resize=700%2C400 2x, https:\/\/i0.wp.com\/vincentians.com\/es\/wp-content\/uploads\/sites\/11\/2016\/08\/escritos-francisco-de-sales.jpg?fit=1200%2C630&ssl=1&resize=1050%2C600 3x"},"classes":[]},{"id":34964,"url":"https:\/\/vincentians.com\/es\/introduccion-a-la-vida-devota-tercera-parte-capitulo-18\/","url_meta":{"origin":34983,"position":2},"title":"Introducci\u00f3n a la vida devota. Tercera parte, cap\u00edtulo 18","author":"Francisco Javier Fern\u00e1ndez Chento","date":"04\/06\/2011","format":false,"excerpt":"CAP\u00cdTULO XVIII LOS AMOR\u00cdOS Cuando estas amistades fr\u00edvolas se entablan entre personas de diferente sexo y sin mirar al matrimonio, se llaman amor\u00edos, porque, no siendo abortos, o mejor dicho, fantasmas de la amistad, no pueden llevar el nombre de amistad ni de amor, a causa de su incomparable vanidad\u2026","rel":"","context":"En \u00abEscritos de Francisco de Sales\u00bb","block_context":{"text":"Escritos de Francisco de Sales","link":"https:\/\/vincentians.com\/es\/category\/escritos\/escritos-de-francisco-de-sales\/"},"img":{"alt_text":"","src":"https:\/\/i0.wp.com\/vincentians.com\/es\/wp-content\/uploads\/sites\/11\/2016\/08\/escritos-francisco-de-sales.jpg?fit=1200%2C630&ssl=1&resize=350%2C200","width":350,"height":200,"srcset":"https:\/\/i0.wp.com\/vincentians.com\/es\/wp-content\/uploads\/sites\/11\/2016\/08\/escritos-francisco-de-sales.jpg?fit=1200%2C630&ssl=1&resize=350%2C200 1x, https:\/\/i0.wp.com\/vincentians.com\/es\/wp-content\/uploads\/sites\/11\/2016\/08\/escritos-francisco-de-sales.jpg?fit=1200%2C630&ssl=1&resize=525%2C300 1.5x, https:\/\/i0.wp.com\/vincentians.com\/es\/wp-content\/uploads\/sites\/11\/2016\/08\/escritos-francisco-de-sales.jpg?fit=1200%2C630&ssl=1&resize=700%2C400 2x, https:\/\/i0.wp.com\/vincentians.com\/es\/wp-content\/uploads\/sites\/11\/2016\/08\/escritos-francisco-de-sales.jpg?fit=1200%2C630&ssl=1&resize=1050%2C600 3x"},"classes":[]},{"id":32934,"url":"https:\/\/vincentians.com\/es\/introduccion-a-la-vida-devota-primera-parte-capitulo-12\/","url_meta":{"origin":34983,"position":3},"title":"Introducci\u00f3n a la vida devota. Primera parte, cap\u00edtulo 12","author":"Francisco Javier Fern\u00e1ndez Chento","date":"14\/05\/2020","format":false,"excerpt":"CAP\u00cdTULO XII: Meditaci\u00f3n 4\u00aa: DE LOS PECADOS PREPARACI\u00d3N. 1. Ponte en la presencia de Dios. 2. P\u00eddele que te ilumine. CONSIDERACIONES. 1. Piensa en el tiempo que hace comenzaste a pecar y mira como, desde entonces, has ido multiplicando los pecados en tu coraz\u00f3n, y como, todos los d\u00edas, has\u2026","rel":"","context":"En \u00abEscritos de Francisco de Sales\u00bb","block_context":{"text":"Escritos de Francisco de Sales","link":"https:\/\/vincentians.com\/es\/category\/escritos\/escritos-de-francisco-de-sales\/"},"img":{"alt_text":"","src":"https:\/\/i0.wp.com\/vincentians.com\/es\/wp-content\/uploads\/sites\/11\/2016\/08\/escritos-francisco-de-sales.jpg?fit=1200%2C630&ssl=1&resize=350%2C200","width":350,"height":200,"srcset":"https:\/\/i0.wp.com\/vincentians.com\/es\/wp-content\/uploads\/sites\/11\/2016\/08\/escritos-francisco-de-sales.jpg?fit=1200%2C630&ssl=1&resize=350%2C200 1x, https:\/\/i0.wp.com\/vincentians.com\/es\/wp-content\/uploads\/sites\/11\/2016\/08\/escritos-francisco-de-sales.jpg?fit=1200%2C630&ssl=1&resize=525%2C300 1.5x, https:\/\/i0.wp.com\/vincentians.com\/es\/wp-content\/uploads\/sites\/11\/2016\/08\/escritos-francisco-de-sales.jpg?fit=1200%2C630&ssl=1&resize=700%2C400 2x, https:\/\/i0.wp.com\/vincentians.com\/es\/wp-content\/uploads\/sites\/11\/2016\/08\/escritos-francisco-de-sales.jpg?fit=1200%2C630&ssl=1&resize=1050%2C600 3x"},"classes":[]},{"id":35025,"url":"https:\/\/vincentians.com\/es\/introduccion-a-la-vida-devota-cuarta-parte-capitulo-02\/","url_meta":{"origin":34983,"position":4},"title":"Introducci\u00f3n a la vida devota. Cuarta parte, cap\u00edtulo 02","author":"Francisco Javier Fern\u00e1ndez Chento","date":"29\/06\/2011","format":false,"excerpt":"CAP\u00cdTULO II QUE ES MENESTER TENER BUEN \u00c1NIMO La luz, aunque deseable y hermosa a nuestros ojos, los deslumbra sin embargo cuando han permanecido mucho tiempo en las tinieblas, y antes de que una persona se acostumbre al trato de los habitantes de una regi\u00f3n, por corteses y amables que\u2026","rel":"","context":"En \u00abEscritos de Francisco de Sales\u00bb","block_context":{"text":"Escritos de Francisco de Sales","link":"https:\/\/vincentians.com\/es\/category\/escritos\/escritos-de-francisco-de-sales\/"},"img":{"alt_text":"","src":"https:\/\/i0.wp.com\/vincentians.com\/es\/wp-content\/uploads\/sites\/11\/2016\/08\/escritos-francisco-de-sales.jpg?fit=1200%2C630&ssl=1&resize=350%2C200","width":350,"height":200,"srcset":"https:\/\/i0.wp.com\/vincentians.com\/es\/wp-content\/uploads\/sites\/11\/2016\/08\/escritos-francisco-de-sales.jpg?fit=1200%2C630&ssl=1&resize=350%2C200 1x, https:\/\/i0.wp.com\/vincentians.com\/es\/wp-content\/uploads\/sites\/11\/2016\/08\/escritos-francisco-de-sales.jpg?fit=1200%2C630&ssl=1&resize=525%2C300 1.5x, https:\/\/i0.wp.com\/vincentians.com\/es\/wp-content\/uploads\/sites\/11\/2016\/08\/escritos-francisco-de-sales.jpg?fit=1200%2C630&ssl=1&resize=700%2C400 2x, https:\/\/i0.wp.com\/vincentians.com\/es\/wp-content\/uploads\/sites\/11\/2016\/08\/escritos-francisco-de-sales.jpg?fit=1200%2C630&ssl=1&resize=1050%2C600 3x"},"classes":[]},{"id":35040,"url":"https:\/\/vincentians.com\/es\/introduccion-a-la-vida-devota-cuarta-parte-capitulo-14\/","url_meta":{"origin":34983,"position":5},"title":"Introducci\u00f3n a la vida devota. Cuarta parte, cap\u00edtulo 14","author":"Francisco Javier Fern\u00e1ndez Chento","date":"11\/07\/2011","format":false,"excerpt":"CAP\u00cdTULO XIV DE LAS SEQUEDADES Y ESTERILIDADES ESPIRITUALES Muy amada Filotea, cuando sientas consolaciones te conducir\u00e1s de la manera que acabo de decirte; pero este tiempo tan agradable no durar\u00e1 siempre, sino que m\u00e1s bien te ocurrir\u00e1 que, alguna vez, de tal manera te ver\u00e1s privada y despose\u00edda del sentimiento\u2026","rel":"","context":"En \u00abEscritos de Francisco de Sales\u00bb","block_context":{"text":"Escritos de Francisco de Sales","link":"https:\/\/vincentians.com\/es\/category\/escritos\/escritos-de-francisco-de-sales\/"},"img":{"alt_text":"","src":"https:\/\/i0.wp.com\/vincentians.com\/es\/wp-content\/uploads\/sites\/11\/2016\/08\/escritos-francisco-de-sales.jpg?fit=1200%2C630&ssl=1&resize=350%2C200","width":350,"height":200,"srcset":"https:\/\/i0.wp.com\/vincentians.com\/es\/wp-content\/uploads\/sites\/11\/2016\/08\/escritos-francisco-de-sales.jpg?fit=1200%2C630&ssl=1&resize=350%2C200 1x, https:\/\/i0.wp.com\/vincentians.com\/es\/wp-content\/uploads\/sites\/11\/2016\/08\/escritos-francisco-de-sales.jpg?fit=1200%2C630&ssl=1&resize=525%2C300 1.5x, https:\/\/i0.wp.com\/vincentians.com\/es\/wp-content\/uploads\/sites\/11\/2016\/08\/escritos-francisco-de-sales.jpg?fit=1200%2C630&ssl=1&resize=700%2C400 2x, https:\/\/i0.wp.com\/vincentians.com\/es\/wp-content\/uploads\/sites\/11\/2016\/08\/escritos-francisco-de-sales.jpg?fit=1200%2C630&ssl=1&resize=1050%2C600 3x"},"classes":[]}],"_links":{"self":[{"href":"https:\/\/vincentians.com\/es\/wp-json\/wp\/v2\/posts\/34983","targetHints":{"allow":["GET"]}}],"collection":[{"href":"https:\/\/vincentians.com\/es\/wp-json\/wp\/v2\/posts"}],"about":[{"href":"https:\/\/vincentians.com\/es\/wp-json\/wp\/v2\/types\/post"}],"author":[{"embeddable":true,"href":"https:\/\/vincentians.com\/es\/wp-json\/wp\/v2\/users\/4"}],"replies":[{"embeddable":true,"href":"https:\/\/vincentians.com\/es\/wp-json\/wp\/v2\/comments?post=34983"}],"version-history":[{"count":1,"href":"https:\/\/vincentians.com\/es\/wp-json\/wp\/v2\/posts\/34983\/revisions"}],"predecessor-version":[{"id":403446,"href":"https:\/\/vincentians.com\/es\/wp-json\/wp\/v2\/posts\/34983\/revisions\/403446"}],"wp:featuredmedia":[{"embeddable":true,"href":"https:\/\/vincentians.com\/es\/wp-json\/wp\/v2\/media\/398698"}],"wp:attachment":[{"href":"https:\/\/vincentians.com\/es\/wp-json\/wp\/v2\/media?parent=34983"}],"wp:term":[{"taxonomy":"category","embeddable":true,"href":"https:\/\/vincentians.com\/es\/wp-json\/wp\/v2\/categories?post=34983"},{"taxonomy":"post_tag","embeddable":true,"href":"https:\/\/vincentians.com\/es\/wp-json\/wp\/v2\/tags?post=34983"}],"curies":[{"name":"wp","href":"https:\/\/api.w.org\/{rel}","templated":true}]}}