{"id":34975,"date":"2021-02-18T08:35:13","date_gmt":"2021-02-18T07:35:13","guid":{"rendered":"http:\/\/somos.vicencianos.org\/blog\/2011\/06\/introduccion-a-la-vida-devota-tercera-parte-capitulo-28\/"},"modified":"2020-12-13T11:48:38","modified_gmt":"2020-12-13T10:48:38","slug":"introduccion-a-la-vida-devota-tercera-parte-capitulo-28","status":"publish","type":"post","link":"https:\/\/vincentians.com\/es\/introduccion-a-la-vida-devota-tercera-parte-capitulo-28\/","title":{"rendered":"Introducci\u00f3n a la vida devota. Tercera parte, cap\u00edtulo 28"},"content":{"rendered":"<p><strong>CAP\u00cdTULO XXVIII<\/strong><\/p>\n<p><strong>DE LOS JUICIOS TEMERARIOS<\/strong><\/p>\n<p>\u00abNo juzgu\u00e9is y no ser\u00e9is juzgados -dice el Salvador de nuestras almas-; no conden\u00e9is y no ser\u00e9is condenados\u00bb. No, dice el santo Ap\u00f3stol, \u00abno juzgu\u00e9is antes de tiempo, hasta que el Se\u00f1or venga, el cual revelar\u00e1 el secreto de las tinieblas y manifestar\u00e1 los consejos de los corazones\u00bb. \u00a1Oh! \u00a1Cu\u00e1nto desagradan a Dios los juicios temerarios! Los juicios de los hijos de los hombres son temerarios, porque ellos no son jueces los unos de los otros, y, al juzgar, usurpan el oficio de Dios nuestro Se\u00f1or; son temerarios, porque la principal malicia del pecado depende de la intenci\u00f3n y del designio del coraz\u00f3n, que, para nosotros, es el secreto de las tinieblas; son temerarios, porque cada uno tiene harto trabajo en juzgarse a s\u00ed mismo, sin que necesite ocuparse en juzgar al pr\u00f3jimo. Para no ser juzgados, es menester tambi\u00e9n no juzgar a los dem\u00e1s, y que nos juzguemos a nosotros mismos; porque, si Nuestro Se\u00f1or nos proh\u00edbe una de estas cosas, el Ap\u00f3stol afirma la otra, diciendo: \u00abSi nos juzg\u00e1semos a nosotros mismos, no ser\u00edamos juzgados\u00bb. Mas, \u00a1ay!, que hacemos todo lo contrario; porque no cesamos de hacer lo que nos est\u00e1 prohibido, juzgando al pr\u00f3jimo a diestro y siniestro, y nunca hacemos lo que nos est\u00e1 mandado, que es juzgarnos a nosotros mismos.<\/p>\n<p>Seg\u00fan sean las causas de los juicios temerarios, han de ser los remedios. Hay corazones agrios, amargos y \u00e1speros de natural, que agr\u00edan y amargan todo lo que reciben, y, como dice el profeta, \u00abconvierten el juicio en ajenjos\u00bb, no juzgando jam\u00e1s al pr\u00f3jimo si no es con todo rigor y dureza; \u00e9stos tienen mucha necesidad de caer en las manos de un buen m\u00e9dico espiritual, pues esta amargura de coraz\u00f3n es muy dif\u00edcil de vencer, por lo mismo que es algo contranatural; y, aunque esta amargura no sea pecado, sino solamente una imperfecci\u00f3n; es, no obstante, peligrosa, porque hace que entre y reine en el alma el juicio temerario y la maledicencia. Algunos hay que juzgan temerariamente, no por amargura sino por orgullo, y les parece que, a medida que rebajan el honor de los dem\u00e1s, encumbran el propio; esp\u00edritus arrogantes y presuntuosos, se admiran a s\u00ed mismos y suben tan alto en su propia estima, que todo lo dem\u00e1s les parece peque\u00f1o y bajo: \u00abYo no soy como los dem\u00e1s hombres\u00bb, dec\u00eda aquel necio fariseo.<\/p>\n<p>Algunos no tienen este orgullo manifiesto, sino solamente sienten como una complacencia en considerar el mal del pr\u00f3jimo, para saborear y hacer saborear m\u00e1s dulcemente el bien contrario del cual se creen dotados; y esta complacencia es tan secreta e imperceptible, que si no se tiene muy buena la vista, no se descubre, y los mismos que la sienten no la conocen, si no se la muestran. Otros, queriendo adularse y excusarse consigo mismos y atenuar los remordimientos de su conciencia, se apresuran a pensar que los dem\u00e1s padecen del vicio al cual ellos se han entregado, o de otro mayor, y les parece que la multitud de criminales hacen su pecado menos censurable. Otros se entregan al juicio temerario por el solo placer que hallan en adivinar y filosofar acerca de las costumbres y humor de las dem\u00e1s personas, a manera de ejercicio ingenioso, y, si por desgracia aciertan alguna vez en sus juicios, la audacia y el prurito de continuar crece tanto, que harto trabajo hay en corregirles. Otros juzgan por pasi\u00f3n, y siempre piensan bien del que aman, y mal del que aborrecen, fuera del caso sorprendente y, no obstante, verdadero, en que el exceso de amor induce a juzgar mal al que amamos: efecto monstruoso, procedente de un amor impuro, imperfecto, desequilibrado y enfermo, que son los celos, los cuales, como todo el mundo sabe, por una sencilla mirada, por la sonrisa m\u00e1s insignificante del mundo, condenan a las personas de perfidia y de adulterio. Finalmente, el temor, la ambici\u00f3n y otras parecidas flaquezas de esp\u00edritu contribuyen, con frecuencia, al nacimiento de la sospecha y del juicio temerario.<\/p>\n<p>Mas, \u00bfqu\u00e9 remedios hay? Los que beben el jugo de la hierba ofiusa de Etiop\u00eda, por todas partes ven serpientes y cosas espantosas; los que han bebido orgullo, envidia, ambici\u00f3n, odio, nada ven que no les parezca malo o digno de condenaci\u00f3n; aquellos, para curarse, han de beber vino de palmera, y yo digo lo mismo de \u00e9stos: bebed cuanto pod\u00e1is el vino sagrado de la caridad; \u00e9l os liberar\u00e1 de estos malos humores, que os hacen hacer estos juicios torcidos. Tan lejos est\u00e1 la caridad de ir en busca del mal, que teme encontrarlo, y cuando lo encuentra, vuelve el rostro hacia otra parte y lo disimula, y cierra los ojos para no verlo, al primer rumor que percibe, y despu\u00e9s, con una santa simplicidad, cree que no era el mal, sino alguna sombra o fantasma del mal; porque, si, por fuerza, se ve obligada a reconocer que es el mismo mal se aleja al instante, y procura olvidarse aun de su figura.<\/p>\n<p>La caridad es la mejor medicina contra las enfermedades, y de un modo especial contra \u00e9sta. Todas las cosas parecen amarillas a los ojos de los que padecen ictericia, y dicen que, para curarse de este mal, hay que llevar la celidonia debajo de la planta de los pies. El vicio del juicio temerario es una especie de ictericia espiritual, que hace que todas las cosas parezcan malas a los ojos de los que est\u00e1n atacados de ella; pero el que quiera curar de esta dolencia ha de aplicar este remedio, no a los ojos ni al entendimiento; sino a los afectos, que son los pies del alma: si tus afectos son dulces, tu juicio ser\u00e1 dulce; y si tus afectos son caritativos, tu juicio ser\u00e1 caritativo.<\/p>\n<p>He aqu\u00ed tres ejemplos admirables. Isaac hab\u00eda dicho que Rebeca era su hermana. Abimelec vio que jugaba con ella y que la acariciaba tiernamente, y juzg\u00f3 enseguida que era su mujer: un ojo maligno hubiera cre\u00eddo que era su concubina, o que, si era su hermana, se trataba de un incesto; pero Abimelec tom\u00f3 el partido m\u00e1s conforme con la caridad que pod\u00eda tomar en aquellas circunstancias. Es necesario, Filotea, que siempre obres de esta manera, en cuanto te sea posible, y, si una acci\u00f3n tiene mil aspectos, es menester mirarla bajo el punto de vista mejor. Nuestra Se\u00f1ora estaba encinta, y San Jos\u00e9 lo ve\u00eda claramente; mas, como quiera que, por otra parte, sab\u00eda que era toda pura, toda santa, toda angelical, no pudo creer que hubiese concebido contra sus deberes, y se decidi\u00f3 a alejarse de ella y a dejar el juicio a Dios. Aunque los indicios fueron muy poderosos para hacerle formar un mal concepto acerca de aquella virgen, jam\u00e1s quiso juzgarla. \u00bfPor qu\u00e9? Porque, como dice el Esp\u00edritu de Dios, era justo: el hombre justo, cuando no puede juzgar ni el acto ni la intenci\u00f3n de aquel a quien, por otra parte, conoce como hombre de bien, no quiere en ning\u00fan caso juzgarle, sino que lo aparta de su mente y se remite al juicio de Dios. El Salvador crucificado, como no pudiese excusar el pecado de los que le crucificaban, atenu\u00f3, a lo menos, su malicia, alegando su ignorancia. Cuando nosotros no podamos excusar el pecado, hag\u00e1moslo, a lo menos, digno de compasi\u00f3n, atribuy\u00e9ndolo a la causa m\u00e1s excusable que pueda tener, tal como la ignorancia o la flaqueza.<\/p>\n<p>Pero, \u00bfnunca podemos juzgar mal al pr\u00f3jimo? No, ciertamente; jam\u00e1s. Es Dios, Filotea, quien juzga a los criminales con justicia. Es verdad que, para hacerse o\u00edr de ellos, se sirve de la voz de los magistrados: \u00e9stos son sus ministros y sus int\u00e9rpretes, y, como or\u00e1culos suyos, no pueden decir sino lo que \u00c9l les ense\u00f1a, y, si por seguir sus propias pasiones, lo hacen de otra manera, entonces son ellos los que de verdad juzgan y, por consiguiente, ser\u00e1n juzgados, porque est\u00e1 prohibido a los hombres, en calidad de tales, juzgar a los dem\u00e1s.<\/p>\n<p>Ver o conocer una cosa no es juzgarla, porque el juicio, a lo menos seg\u00fan la frase de la Escritura, supone alguna dificultad grande o peque\u00f1a, verdadera o aparente, que es necesario vencer; por esto nos dice que \u00abl os que no creen est\u00e1n ya juzgados\u00bb, porque ya no cabe duda acerca de su condenaci\u00f3n. No es malo, pues, dudar del pr\u00f3jimo, porque no est\u00e1 prohibido dudar sino juzgar; no est\u00e1, empero, permitido dudar ni sospechar, sino en la medida en que obliguen a ello los argumentos o las razones; de lo contrario, las sospechas son temerarias. Si alg\u00fan ojo malicioso hubiese visto a Jacob cuando besaba a Raquel junto al pozo, o hubiese visto a Rebeca cuando aceptaba los brazaletes y los pendientes de Eliezer, hombre desconocido en aquella regi\u00f3n, hubiera pensado mal de aquellos dos modelos de castidad, pero sin raz\u00f3n ni fundamento; porque, cuando una acci\u00f3n es de suyo indiferente en s\u00ed misma, es una sospecha temeraria sacar de ella malas consecuencias, a no ser que sean muchas las circunstancias que den fuerza al argumento. Tambi\u00e9n es un juicio temerario sacar consecuencias de un solo acto para desacreditar a una persona; mas esto lo explicar\u00e9 despu\u00e9s con m\u00e1s claridad.<\/p>\n<p>Finalmente, los que andan con mucho tiento en las cosas que ata\u00f1en a la conciencia no suelen ser esclavos del juicio temerario; porque, as\u00ed como las abejas, al ver la niebla o el cielo cubierto, se retiran a sus colmenas para fabricar la miel, de la misma manera los pensamientos de las almas buenas no se paran en los objetos embrollados ni en las acciones nebulosas de los pr\u00f3jimos, sino que, para evitar el dar con ellas, se recogen dentro de su coraz\u00f3n, para formar en \u00e9l los buenos prop\u00f3sitos de su propia enmienda. Es propio de las almas in\u00fatiles el ocuparse en el examen de las vidas ajenas.<\/p>\n<p>Except\u00fao a los que tienen cargo de los dem\u00e1s, as\u00ed en la familia como en el Estado; porque una buena parte de los deberes de su conciencia consiste en mirar y en velar por los dem\u00e1s. Cumplan, pues, con su cometido amorosamente, y, hecho esto, velen por s\u00ed mismos en esta materia.<\/p>\n","protected":false},"excerpt":{"rendered":"<p>CAP\u00cdTULO XXVIII DE LOS JUICIOS TEMERARIOS \u00abNo juzgu\u00e9is y no ser\u00e9is juzgados -dice el Salvador de nuestras almas-; no conden\u00e9is y no ser\u00e9is condenados\u00bb. No, dice el santo Ap\u00f3stol, \u00abno juzgu\u00e9is antes de tiempo, hasta &#8230; <a href=\"https:\/\/vincentians.com\/es\/introduccion-a-la-vida-devota-tercera-parte-capitulo-28\/\" class=\"more-link\">Read More<\/a><\/p>\n","protected":false},"author":4,"featured_media":398698,"comment_status":"open","ping_status":"open","sticky":false,"template":"","format":"standard","meta":{"jetpack_post_was_ever_published":false,"_jetpack_newsletter_access":"","_jetpack_dont_email_post_to_subs":false,"_jetpack_newsletter_tier_id":0,"_jetpack_memberships_contains_paywalled_content":false,"_jetpack_memberships_contains_paid_content":false,"footnotes":"","jetpack_publicize_message":"","jetpack_publicize_feature_enabled":true,"jetpack_social_post_already_shared":true,"jetpack_social_options":{"image_generator_settings":{"template":"highway","default_image_id":0,"font":"","enabled":false},"version":2}},"categories":[272],"tags":[],"class_list":["post-34975","post","type-post","status-publish","format-standard","has-post-thumbnail","hentry","category-escritos-de-francisco-de-sales"],"yoast_head":"<!-- This site is optimized with the Yoast SEO plugin v26.3 - https:\/\/yoast.com\/wordpress\/plugins\/seo\/ -->\n<title>Introducci\u00f3n a la vida devota. Tercera parte, cap\u00edtulo 28 - Somos Vicencianos<\/title>\n<meta name=\"robots\" content=\"index, follow, max-snippet:-1, max-image-preview:large, max-video-preview:-1\" \/>\n<link rel=\"canonical\" href=\"https:\/\/vincentians.com\/es\/introduccion-a-la-vida-devota-tercera-parte-capitulo-28\/\" \/>\n<meta property=\"og:locale\" content=\"es_ES\" \/>\n<meta property=\"og:type\" content=\"article\" \/>\n<meta property=\"og:title\" content=\"Introducci\u00f3n a la vida devota. Tercera parte, cap\u00edtulo 28 - Somos Vicencianos\" \/>\n<meta property=\"og:description\" content=\"CAP\u00cdTULO XXVIII DE LOS JUICIOS TEMERARIOS \u00abNo juzgu\u00e9is y no ser\u00e9is juzgados -dice el Salvador de nuestras almas-; no conden\u00e9is y no ser\u00e9is condenados\u00bb. No, dice el santo Ap\u00f3stol, \u00abno juzgu\u00e9is antes de tiempo, hasta ... Read More\" \/>\n<meta property=\"og:url\" content=\"https:\/\/vincentians.com\/es\/introduccion-a-la-vida-devota-tercera-parte-capitulo-28\/\" \/>\n<meta property=\"og:site_name\" content=\"Somos Vicencianos\" \/>\n<meta property=\"article:publisher\" content=\"https:\/\/www.facebook.com\/WeAreVincentians\/\" \/>\n<meta property=\"article:author\" content=\"https:\/\/www.facebook.com\/JavierChento\" \/>\n<meta property=\"article:published_time\" content=\"2021-02-18T07:35:13+00:00\" \/>\n<meta property=\"og:image\" content=\"https:\/\/i0.wp.com\/vincentians.com\/es\/wp-content\/uploads\/sites\/11\/2016\/08\/escritos-francisco-de-sales.jpg?fit=1200%2C630&ssl=1\" \/>\n\t<meta property=\"og:image:width\" content=\"1200\" \/>\n\t<meta property=\"og:image:height\" content=\"630\" \/>\n\t<meta property=\"og:image:type\" content=\"image\/jpeg\" \/>\n<meta name=\"author\" content=\"Francisco Javier Fern\u00e1ndez Chento\" \/>\n<meta name=\"twitter:card\" content=\"summary_large_image\" \/>\n<meta name=\"twitter:creator\" content=\"@https:\/\/twitter.com\/javierchento\" \/>\n<meta name=\"twitter:site\" content=\"@WeVincentians\" \/>\n<meta name=\"twitter:label1\" content=\"Escrito por\" \/>\n\t<meta name=\"twitter:data1\" content=\"Francisco Javier Fern\u00e1ndez Chento\" \/>\n\t<meta name=\"twitter:label2\" content=\"Tiempo de lectura\" \/>\n\t<meta name=\"twitter:data2\" content=\"9 minutos\" \/>\n<script type=\"application\/ld+json\" class=\"yoast-schema-graph\">{\"@context\":\"https:\/\/schema.org\",\"@graph\":[{\"@type\":\"Article\",\"@id\":\"https:\/\/vincentians.com\/es\/introduccion-a-la-vida-devota-tercera-parte-capitulo-28\/#article\",\"isPartOf\":{\"@id\":\"https:\/\/vincentians.com\/es\/introduccion-a-la-vida-devota-tercera-parte-capitulo-28\/\"},\"author\":{\"name\":\"Francisco Javier Fern\u00e1ndez Chento\",\"@id\":\"https:\/\/vincentians.com\/es\/#\/schema\/person\/9623ef4d9aa3b2dfb8c061f1499288f2\"},\"headline\":\"Introducci\u00f3n a la vida devota. Tercera parte, cap\u00edtulo 28\",\"datePublished\":\"2021-02-18T07:35:13+00:00\",\"mainEntityOfPage\":{\"@id\":\"https:\/\/vincentians.com\/es\/introduccion-a-la-vida-devota-tercera-parte-capitulo-28\/\"},\"wordCount\":1796,\"commentCount\":0,\"publisher\":{\"@id\":\"https:\/\/vincentians.com\/es\/#organization\"},\"image\":{\"@id\":\"https:\/\/vincentians.com\/es\/introduccion-a-la-vida-devota-tercera-parte-capitulo-28\/#primaryimage\"},\"thumbnailUrl\":\"https:\/\/i0.wp.com\/vincentians.com\/es\/wp-content\/uploads\/sites\/11\/2016\/08\/escritos-francisco-de-sales.jpg?fit=1200%2C630&ssl=1\",\"articleSection\":[\"Escritos de Francisco de Sales\"],\"inLanguage\":\"es\",\"potentialAction\":[{\"@type\":\"CommentAction\",\"name\":\"Comment\",\"target\":[\"https:\/\/vincentians.com\/es\/introduccion-a-la-vida-devota-tercera-parte-capitulo-28\/#respond\"]}]},{\"@type\":\"WebPage\",\"@id\":\"https:\/\/vincentians.com\/es\/introduccion-a-la-vida-devota-tercera-parte-capitulo-28\/\",\"url\":\"https:\/\/vincentians.com\/es\/introduccion-a-la-vida-devota-tercera-parte-capitulo-28\/\",\"name\":\"Introducci\u00f3n a la vida devota. Tercera parte, cap\u00edtulo 28 - Somos Vicencianos\",\"isPartOf\":{\"@id\":\"https:\/\/vincentians.com\/es\/#website\"},\"primaryImageOfPage\":{\"@id\":\"https:\/\/vincentians.com\/es\/introduccion-a-la-vida-devota-tercera-parte-capitulo-28\/#primaryimage\"},\"image\":{\"@id\":\"https:\/\/vincentians.com\/es\/introduccion-a-la-vida-devota-tercera-parte-capitulo-28\/#primaryimage\"},\"thumbnailUrl\":\"https:\/\/i0.wp.com\/vincentians.com\/es\/wp-content\/uploads\/sites\/11\/2016\/08\/escritos-francisco-de-sales.jpg?fit=1200%2C630&ssl=1\",\"datePublished\":\"2021-02-18T07:35:13+00:00\",\"breadcrumb\":{\"@id\":\"https:\/\/vincentians.com\/es\/introduccion-a-la-vida-devota-tercera-parte-capitulo-28\/#breadcrumb\"},\"inLanguage\":\"es\",\"potentialAction\":[{\"@type\":\"ReadAction\",\"target\":[\"https:\/\/vincentians.com\/es\/introduccion-a-la-vida-devota-tercera-parte-capitulo-28\/\"]}]},{\"@type\":\"ImageObject\",\"inLanguage\":\"es\",\"@id\":\"https:\/\/vincentians.com\/es\/introduccion-a-la-vida-devota-tercera-parte-capitulo-28\/#primaryimage\",\"url\":\"https:\/\/i0.wp.com\/vincentians.com\/es\/wp-content\/uploads\/sites\/11\/2016\/08\/escritos-francisco-de-sales.jpg?fit=1200%2C630&ssl=1\",\"contentUrl\":\"https:\/\/i0.wp.com\/vincentians.com\/es\/wp-content\/uploads\/sites\/11\/2016\/08\/escritos-francisco-de-sales.jpg?fit=1200%2C630&ssl=1\",\"width\":1200,\"height\":630},{\"@type\":\"BreadcrumbList\",\"@id\":\"https:\/\/vincentians.com\/es\/introduccion-a-la-vida-devota-tercera-parte-capitulo-28\/#breadcrumb\",\"itemListElement\":[{\"@type\":\"ListItem\",\"position\":1,\"name\":\"Portada\",\"item\":\"https:\/\/vincentians.com\/es\/\"},{\"@type\":\"ListItem\",\"position\":2,\"name\":\"Introducci\u00f3n a la vida devota. Tercera parte, cap\u00edtulo 28\"}]},{\"@type\":\"WebSite\",\"@id\":\"https:\/\/vincentians.com\/es\/#website\",\"url\":\"https:\/\/vincentians.com\/es\/\",\"name\":\"Somos Vicencianos\",\"description\":\"Know more to serve more\",\"publisher\":{\"@id\":\"https:\/\/vincentians.com\/es\/#organization\"},\"potentialAction\":[{\"@type\":\"SearchAction\",\"target\":{\"@type\":\"EntryPoint\",\"urlTemplate\":\"https:\/\/vincentians.com\/es\/?s={search_term_string}\"},\"query-input\":{\"@type\":\"PropertyValueSpecification\",\"valueRequired\":true,\"valueName\":\"search_term_string\"}}],\"inLanguage\":\"es\"},{\"@type\":\"Organization\",\"@id\":\"https:\/\/vincentians.com\/es\/#organization\",\"name\":\"The Vincentian Network\",\"url\":\"https:\/\/vincentians.com\/es\/\",\"logo\":{\"@type\":\"ImageObject\",\"inLanguage\":\"es\",\"@id\":\"https:\/\/vincentians.com\/es\/#\/schema\/logo\/image\/\",\"url\":\"https:\/\/i1.wp.com\/vincentians.com\/es\/wp-content\/uploads\/sites\/11\/2016\/06\/Vincentian-Network-logo-big.png?fit=778%2C778\",\"contentUrl\":\"https:\/\/i1.wp.com\/vincentians.com\/es\/wp-content\/uploads\/sites\/11\/2016\/06\/Vincentian-Network-logo-big.png?fit=778%2C778\",\"width\":778,\"height\":778,\"caption\":\"The Vincentian Network\"},\"image\":{\"@id\":\"https:\/\/vincentians.com\/es\/#\/schema\/logo\/image\/\"},\"sameAs\":[\"https:\/\/www.facebook.com\/WeAreVincentians\/\",\"https:\/\/x.com\/WeVincentians\"]},{\"@type\":\"Person\",\"@id\":\"https:\/\/vincentians.com\/es\/#\/schema\/person\/9623ef4d9aa3b2dfb8c061f1499288f2\",\"name\":\"Francisco Javier Fern\u00e1ndez Chento\",\"image\":{\"@type\":\"ImageObject\",\"inLanguage\":\"es\",\"@id\":\"https:\/\/vincentians.com\/es\/#\/schema\/person\/image\/\",\"url\":\"https:\/\/secure.gravatar.com\/avatar\/497d5cde87b4c3d097d0315953521681ba2cd523ee66e5077c3711f7021e65de?s=96&d=mm&r=g\",\"contentUrl\":\"https:\/\/secure.gravatar.com\/avatar\/497d5cde87b4c3d097d0315953521681ba2cd523ee66e5077c3711f7021e65de?s=96&d=mm&r=g\",\"caption\":\"Francisco Javier Fern\u00e1ndez Chento\"},\"description\":\"Director General y cofundador de La Red de Formaci\u00f3n Vicenciana. Javier es laico vicenciano, afiliado a la Congregaci\u00f3n de la Misi\u00f3n y miembro del Equipo de Misiones Populares de la provincia can\u00f3nica de Zaragoza (Espa\u00f1a) de la Congregaci\u00f3n de la Misi\u00f3n. Graduado en la Universidad Oberta de Catalunya con cuatro grados (Asistente de direcci\u00f3n, Gesti\u00f3n Administrativa, Recursos Humanos y Contabilidad Avanzada). Bil\u00edng\u00fce Espa\u00f1ol\/Ingl\u00e9s. gestiona y mantiene varias p\u00e1ginas web cristianas y vicencianas, incluida including La Red de Formaci\u00f3n Vicenciana, de la que es cofundador. Actualmente es responsable del \u00e1rea de Espa\u00f1ol de .famvin, la Red de Noticias de la Familia Vicenciana. Tambi\u00e9n es m\u00fasico cat\u00f3lico y ha editado varios discos. Es Director General y cofundador de Trovador, una reconocida compa\u00f1\u00eda discogr\u00e1fica critiana de Espa\u00f1a. Trabaja en las Tecnolog\u00edas de la Informaci\u00f3n, ofreciendo servicios de alojamiento, dise\u00f1o y mantenimiento Web, as\u00ed como asesoramiento, formaci\u00f3n y soluciones inform\u00e1ticas, gesti\u00f3n documental y digitalizaci\u00f3n de textos, edici\u00f3n y maquetaci\u00f3n de libros, revistas, flyers, etc.\",\"sameAs\":[\"http:\/\/chento.org\",\"https:\/\/www.facebook.com\/JavierChento\",\"https:\/\/x.com\/https:\/\/twitter.com\/javierchento\"],\"url\":\"https:\/\/vincentians.com\/es\/author\/chento\/\"}]}<\/script>\n<!-- \/ Yoast SEO plugin. -->","yoast_head_json":{"title":"Introducci\u00f3n a la vida devota. Tercera parte, cap\u00edtulo 28 - Somos Vicencianos","robots":{"index":"index","follow":"follow","max-snippet":"max-snippet:-1","max-image-preview":"max-image-preview:large","max-video-preview":"max-video-preview:-1"},"canonical":"https:\/\/vincentians.com\/es\/introduccion-a-la-vida-devota-tercera-parte-capitulo-28\/","og_locale":"es_ES","og_type":"article","og_title":"Introducci\u00f3n a la vida devota. Tercera parte, cap\u00edtulo 28 - Somos Vicencianos","og_description":"CAP\u00cdTULO XXVIII DE LOS JUICIOS TEMERARIOS \u00abNo juzgu\u00e9is y no ser\u00e9is juzgados -dice el Salvador de nuestras almas-; no conden\u00e9is y no ser\u00e9is condenados\u00bb. No, dice el santo Ap\u00f3stol, \u00abno juzgu\u00e9is antes de tiempo, hasta ... Read More","og_url":"https:\/\/vincentians.com\/es\/introduccion-a-la-vida-devota-tercera-parte-capitulo-28\/","og_site_name":"Somos Vicencianos","article_publisher":"https:\/\/www.facebook.com\/WeAreVincentians\/","article_author":"https:\/\/www.facebook.com\/JavierChento","article_published_time":"2021-02-18T07:35:13+00:00","og_image":[{"width":1200,"height":630,"url":"https:\/\/i0.wp.com\/vincentians.com\/es\/wp-content\/uploads\/sites\/11\/2016\/08\/escritos-francisco-de-sales.jpg?fit=1200%2C630&ssl=1","type":"image\/jpeg"}],"author":"Francisco Javier Fern\u00e1ndez Chento","twitter_card":"summary_large_image","twitter_creator":"@https:\/\/twitter.com\/javierchento","twitter_site":"@WeVincentians","twitter_misc":{"Escrito por":"Francisco Javier Fern\u00e1ndez Chento","Tiempo de lectura":"9 minutos"},"schema":{"@context":"https:\/\/schema.org","@graph":[{"@type":"Article","@id":"https:\/\/vincentians.com\/es\/introduccion-a-la-vida-devota-tercera-parte-capitulo-28\/#article","isPartOf":{"@id":"https:\/\/vincentians.com\/es\/introduccion-a-la-vida-devota-tercera-parte-capitulo-28\/"},"author":{"name":"Francisco Javier Fern\u00e1ndez Chento","@id":"https:\/\/vincentians.com\/es\/#\/schema\/person\/9623ef4d9aa3b2dfb8c061f1499288f2"},"headline":"Introducci\u00f3n a la vida devota. Tercera parte, cap\u00edtulo 28","datePublished":"2021-02-18T07:35:13+00:00","mainEntityOfPage":{"@id":"https:\/\/vincentians.com\/es\/introduccion-a-la-vida-devota-tercera-parte-capitulo-28\/"},"wordCount":1796,"commentCount":0,"publisher":{"@id":"https:\/\/vincentians.com\/es\/#organization"},"image":{"@id":"https:\/\/vincentians.com\/es\/introduccion-a-la-vida-devota-tercera-parte-capitulo-28\/#primaryimage"},"thumbnailUrl":"https:\/\/i0.wp.com\/vincentians.com\/es\/wp-content\/uploads\/sites\/11\/2016\/08\/escritos-francisco-de-sales.jpg?fit=1200%2C630&ssl=1","articleSection":["Escritos de Francisco de Sales"],"inLanguage":"es","potentialAction":[{"@type":"CommentAction","name":"Comment","target":["https:\/\/vincentians.com\/es\/introduccion-a-la-vida-devota-tercera-parte-capitulo-28\/#respond"]}]},{"@type":"WebPage","@id":"https:\/\/vincentians.com\/es\/introduccion-a-la-vida-devota-tercera-parte-capitulo-28\/","url":"https:\/\/vincentians.com\/es\/introduccion-a-la-vida-devota-tercera-parte-capitulo-28\/","name":"Introducci\u00f3n a la vida devota. Tercera parte, cap\u00edtulo 28 - Somos Vicencianos","isPartOf":{"@id":"https:\/\/vincentians.com\/es\/#website"},"primaryImageOfPage":{"@id":"https:\/\/vincentians.com\/es\/introduccion-a-la-vida-devota-tercera-parte-capitulo-28\/#primaryimage"},"image":{"@id":"https:\/\/vincentians.com\/es\/introduccion-a-la-vida-devota-tercera-parte-capitulo-28\/#primaryimage"},"thumbnailUrl":"https:\/\/i0.wp.com\/vincentians.com\/es\/wp-content\/uploads\/sites\/11\/2016\/08\/escritos-francisco-de-sales.jpg?fit=1200%2C630&ssl=1","datePublished":"2021-02-18T07:35:13+00:00","breadcrumb":{"@id":"https:\/\/vincentians.com\/es\/introduccion-a-la-vida-devota-tercera-parte-capitulo-28\/#breadcrumb"},"inLanguage":"es","potentialAction":[{"@type":"ReadAction","target":["https:\/\/vincentians.com\/es\/introduccion-a-la-vida-devota-tercera-parte-capitulo-28\/"]}]},{"@type":"ImageObject","inLanguage":"es","@id":"https:\/\/vincentians.com\/es\/introduccion-a-la-vida-devota-tercera-parte-capitulo-28\/#primaryimage","url":"https:\/\/i0.wp.com\/vincentians.com\/es\/wp-content\/uploads\/sites\/11\/2016\/08\/escritos-francisco-de-sales.jpg?fit=1200%2C630&ssl=1","contentUrl":"https:\/\/i0.wp.com\/vincentians.com\/es\/wp-content\/uploads\/sites\/11\/2016\/08\/escritos-francisco-de-sales.jpg?fit=1200%2C630&ssl=1","width":1200,"height":630},{"@type":"BreadcrumbList","@id":"https:\/\/vincentians.com\/es\/introduccion-a-la-vida-devota-tercera-parte-capitulo-28\/#breadcrumb","itemListElement":[{"@type":"ListItem","position":1,"name":"Portada","item":"https:\/\/vincentians.com\/es\/"},{"@type":"ListItem","position":2,"name":"Introducci\u00f3n a la vida devota. Tercera parte, cap\u00edtulo 28"}]},{"@type":"WebSite","@id":"https:\/\/vincentians.com\/es\/#website","url":"https:\/\/vincentians.com\/es\/","name":"Somos Vicencianos","description":"Know more to serve more","publisher":{"@id":"https:\/\/vincentians.com\/es\/#organization"},"potentialAction":[{"@type":"SearchAction","target":{"@type":"EntryPoint","urlTemplate":"https:\/\/vincentians.com\/es\/?s={search_term_string}"},"query-input":{"@type":"PropertyValueSpecification","valueRequired":true,"valueName":"search_term_string"}}],"inLanguage":"es"},{"@type":"Organization","@id":"https:\/\/vincentians.com\/es\/#organization","name":"The Vincentian Network","url":"https:\/\/vincentians.com\/es\/","logo":{"@type":"ImageObject","inLanguage":"es","@id":"https:\/\/vincentians.com\/es\/#\/schema\/logo\/image\/","url":"https:\/\/i1.wp.com\/vincentians.com\/es\/wp-content\/uploads\/sites\/11\/2016\/06\/Vincentian-Network-logo-big.png?fit=778%2C778","contentUrl":"https:\/\/i1.wp.com\/vincentians.com\/es\/wp-content\/uploads\/sites\/11\/2016\/06\/Vincentian-Network-logo-big.png?fit=778%2C778","width":778,"height":778,"caption":"The Vincentian Network"},"image":{"@id":"https:\/\/vincentians.com\/es\/#\/schema\/logo\/image\/"},"sameAs":["https:\/\/www.facebook.com\/WeAreVincentians\/","https:\/\/x.com\/WeVincentians"]},{"@type":"Person","@id":"https:\/\/vincentians.com\/es\/#\/schema\/person\/9623ef4d9aa3b2dfb8c061f1499288f2","name":"Francisco Javier Fern\u00e1ndez Chento","image":{"@type":"ImageObject","inLanguage":"es","@id":"https:\/\/vincentians.com\/es\/#\/schema\/person\/image\/","url":"https:\/\/secure.gravatar.com\/avatar\/497d5cde87b4c3d097d0315953521681ba2cd523ee66e5077c3711f7021e65de?s=96&d=mm&r=g","contentUrl":"https:\/\/secure.gravatar.com\/avatar\/497d5cde87b4c3d097d0315953521681ba2cd523ee66e5077c3711f7021e65de?s=96&d=mm&r=g","caption":"Francisco Javier Fern\u00e1ndez Chento"},"description":"Director General y cofundador de La Red de Formaci\u00f3n Vicenciana. Javier es laico vicenciano, afiliado a la Congregaci\u00f3n de la Misi\u00f3n y miembro del Equipo de Misiones Populares de la provincia can\u00f3nica de Zaragoza (Espa\u00f1a) de la Congregaci\u00f3n de la Misi\u00f3n. Graduado en la Universidad Oberta de Catalunya con cuatro grados (Asistente de direcci\u00f3n, Gesti\u00f3n Administrativa, Recursos Humanos y Contabilidad Avanzada). Bil\u00edng\u00fce Espa\u00f1ol\/Ingl\u00e9s. gestiona y mantiene varias p\u00e1ginas web cristianas y vicencianas, incluida including La Red de Formaci\u00f3n Vicenciana, de la que es cofundador. Actualmente es responsable del \u00e1rea de Espa\u00f1ol de .famvin, la Red de Noticias de la Familia Vicenciana. Tambi\u00e9n es m\u00fasico cat\u00f3lico y ha editado varios discos. Es Director General y cofundador de Trovador, una reconocida compa\u00f1\u00eda discogr\u00e1fica critiana de Espa\u00f1a. Trabaja en las Tecnolog\u00edas de la Informaci\u00f3n, ofreciendo servicios de alojamiento, dise\u00f1o y mantenimiento Web, as\u00ed como asesoramiento, formaci\u00f3n y soluciones inform\u00e1ticas, gesti\u00f3n documental y digitalizaci\u00f3n de textos, edici\u00f3n y maquetaci\u00f3n de libros, revistas, flyers, etc.","sameAs":["http:\/\/chento.org","https:\/\/www.facebook.com\/JavierChento","https:\/\/x.com\/https:\/\/twitter.com\/javierchento"],"url":"https:\/\/vincentians.com\/es\/author\/chento\/"}]}},"jetpack_publicize_connections":[],"jetpack_featured_media_url":"https:\/\/i0.wp.com\/vincentians.com\/es\/wp-content\/uploads\/sites\/11\/2016\/08\/escritos-francisco-de-sales.jpg?fit=1200%2C630&ssl=1","jetpack_sharing_enabled":true,"jetpack_shortlink":"https:\/\/wp.me\/p7ETMF-967","jetpack-related-posts":[{"id":28305,"url":"https:\/\/vincentians.com\/es\/vicente-de-paul-carta-0518-a-pedro-escart\/","url_meta":{"origin":34975,"position":0},"title":"Vicente de Pa\u00fal, Carta 0518: A Pedro Escart","author":"Francisco Javier Fern\u00e1ndez Chento","date":"23\/02\/2011","format":false,"excerpt":"Par\u00eds, 14 de noviembre de 1640. Padre: \u00a1La gracia de nuestro Se\u00f1or sea siempre con nosotros! Recib\u00ed la suya con un consuelo especial\u00edsimo, al ver la forma como ha recibido usted lo que le escrib\u00ed sobre la preocupaci\u00f3n que siente usted por lo del padre C[odoing]. \u00a1Ay, padre! \u00a1Cu\u00e1ntas gracias\u2026","rel":"","context":"En \u00abEscritos de Vicente de Pa\u00fal\u00bb","block_context":{"text":"Escritos de Vicente de Pa\u00fal","link":"https:\/\/vincentians.com\/es\/category\/escritos\/escritos-de-vicente-de-paul\/"},"img":{"alt_text":"","src":"https:\/\/i0.wp.com\/vincentians.com\/es\/wp-content\/uploads\/sites\/11\/2016\/07\/escritos-vicente-de-paul.jpg?fit=1200%2C630&ssl=1&resize=350%2C200","width":350,"height":200,"srcset":"https:\/\/i0.wp.com\/vincentians.com\/es\/wp-content\/uploads\/sites\/11\/2016\/07\/escritos-vicente-de-paul.jpg?fit=1200%2C630&ssl=1&resize=350%2C200 1x, https:\/\/i0.wp.com\/vincentians.com\/es\/wp-content\/uploads\/sites\/11\/2016\/07\/escritos-vicente-de-paul.jpg?fit=1200%2C630&ssl=1&resize=525%2C300 1.5x, https:\/\/i0.wp.com\/vincentians.com\/es\/wp-content\/uploads\/sites\/11\/2016\/07\/escritos-vicente-de-paul.jpg?fit=1200%2C630&ssl=1&resize=700%2C400 2x, https:\/\/i0.wp.com\/vincentians.com\/es\/wp-content\/uploads\/sites\/11\/2016\/07\/escritos-vicente-de-paul.jpg?fit=1200%2C630&ssl=1&resize=1050%2C600 3x"},"classes":[]},{"id":118206,"url":"https:\/\/vincentians.com\/es\/vicente-de-paul-carta-1081-a-luisa-de-marillac\/","url_meta":{"origin":34975,"position":1},"title":"Vicente de Pa\u00fal, Carta 1081: A Luisa De Marillac","author":"Francisco Javier Fern\u00e1ndez Chento","date":"04\/03\/2013","format":false,"excerpt":"[Mayo, entre 1646 y 1648] Estuve ayer en la Magdalena. La madre se me neg\u00f3 por completo a recibir a esa criatura. Me falta escribir a la se\u00f1ora Traversay para pedirle que se encargue de meterla en la Piedad. Yo no puedo ir all\u00e1; tendremos aqu\u00ed esta ma\u00f1ana la procesi\u00f3n\u2026","rel":"","context":"En \u00abEscritos de Vicente de Pa\u00fal\u00bb","block_context":{"text":"Escritos de Vicente de Pa\u00fal","link":"https:\/\/vincentians.com\/es\/category\/escritos\/escritos-de-vicente-de-paul\/"},"img":{"alt_text":"","src":"https:\/\/i0.wp.com\/vincentians.com\/es\/wp-content\/uploads\/sites\/11\/2016\/07\/escritos-vicente-de-paul.jpg?fit=1200%2C630&ssl=1&resize=350%2C200","width":350,"height":200,"srcset":"https:\/\/i0.wp.com\/vincentians.com\/es\/wp-content\/uploads\/sites\/11\/2016\/07\/escritos-vicente-de-paul.jpg?fit=1200%2C630&ssl=1&resize=350%2C200 1x, https:\/\/i0.wp.com\/vincentians.com\/es\/wp-content\/uploads\/sites\/11\/2016\/07\/escritos-vicente-de-paul.jpg?fit=1200%2C630&ssl=1&resize=525%2C300 1.5x, https:\/\/i0.wp.com\/vincentians.com\/es\/wp-content\/uploads\/sites\/11\/2016\/07\/escritos-vicente-de-paul.jpg?fit=1200%2C630&ssl=1&resize=700%2C400 2x, https:\/\/i0.wp.com\/vincentians.com\/es\/wp-content\/uploads\/sites\/11\/2016\/07\/escritos-vicente-de-paul.jpg?fit=1200%2C630&ssl=1&resize=1050%2C600 3x"},"classes":[]},{"id":399402,"url":"https:\/\/vincentians.com\/es\/21o-domingo-t-jose-antonio-pagola-no-vale\/","url_meta":{"origin":34975,"position":2},"title":"21\u00ba Domingo de T.O. (Jos\u00e9 Antonio Pagola): No todo vale","author":"Ross Reyes Dizon","date":"17\/08\/2016","format":false,"excerpt":"Jes\u00fas va caminando hacia Jerusal\u00e9n. Su marcha no es la de un peregrino que sube al templo para cumplir sus deberes religiosos. Seg\u00fan Lucas, Jes\u00fas recorre ciudades y aldeas \u00abense\u00f1ando\u00bb. Hay algo que necesita comunicar a aquellas gentes: Dios es un Padre bueno que ofrece a todos su salvaci\u00f3n. Todos\u2026","rel":"","context":"En \u00abHomil\u00edas y reflexiones, A\u00f1o C\u00bb","block_context":{"text":"Homil\u00edas y reflexiones, A\u00f1o C","link":"https:\/\/vincentians.com\/es\/category\/homilias-y-reflexiones-a-la-palabra-de-dios\/homilias-y-reflexiones-ano-c\/"},"img":{"alt_text":"","src":"https:\/\/i0.wp.com\/vincentians.com\/es\/wp-content\/uploads\/sites\/11\/2016\/07\/reflexiones-pagola.jpg?fit=1200%2C630&ssl=1&resize=350%2C200","width":350,"height":200,"srcset":"https:\/\/i0.wp.com\/vincentians.com\/es\/wp-content\/uploads\/sites\/11\/2016\/07\/reflexiones-pagola.jpg?fit=1200%2C630&ssl=1&resize=350%2C200 1x, https:\/\/i0.wp.com\/vincentians.com\/es\/wp-content\/uploads\/sites\/11\/2016\/07\/reflexiones-pagola.jpg?fit=1200%2C630&ssl=1&resize=525%2C300 1.5x, https:\/\/i0.wp.com\/vincentians.com\/es\/wp-content\/uploads\/sites\/11\/2016\/07\/reflexiones-pagola.jpg?fit=1200%2C630&ssl=1&resize=700%2C400 2x, https:\/\/i0.wp.com\/vincentians.com\/es\/wp-content\/uploads\/sites\/11\/2016\/07\/reflexiones-pagola.jpg?fit=1200%2C630&ssl=1&resize=1050%2C600 3x"},"classes":[]},{"id":27494,"url":"https:\/\/vincentians.com\/es\/luisa-de-marillac-carta-0194-a-mi-querida-hermana-sor-magdalena\/","url_meta":{"origin":34975,"position":3},"title":"Luisa de Marillac, Carta 0194: A mi querida Hermana Sor Magdalena","author":"Francisco Javier Fern\u00e1ndez Chento","date":"24\/01\/2011","format":false,"excerpt":"Hija de la Caridad, Sierva de los Pobres enfermos del Hospital San Juan Angers Hoy, 5 de junio (1647) Muy querida Hermana: El se\u00f1or Vicente me ha encargado le pregunte si han sido los se\u00f1ores Padres de los pobres los que le han mandado a usted escribirle con relaci\u00f3n a\u2026","rel":"","context":"En \u00abEscritos de Luisa de Marillac\u00bb","block_context":{"text":"Escritos de Luisa de Marillac","link":"https:\/\/vincentians.com\/es\/category\/escritos\/escritos-de-luisa-de-marillac\/"},"img":{"alt_text":"","src":"https:\/\/i0.wp.com\/vincentians.com\/es\/wp-content\/uploads\/sites\/11\/2016\/07\/escritos-luisa-de-marillac.jpg?fit=1200%2C630&ssl=1&resize=350%2C200","width":350,"height":200,"srcset":"https:\/\/i0.wp.com\/vincentians.com\/es\/wp-content\/uploads\/sites\/11\/2016\/07\/escritos-luisa-de-marillac.jpg?fit=1200%2C630&ssl=1&resize=350%2C200 1x, https:\/\/i0.wp.com\/vincentians.com\/es\/wp-content\/uploads\/sites\/11\/2016\/07\/escritos-luisa-de-marillac.jpg?fit=1200%2C630&ssl=1&resize=525%2C300 1.5x, https:\/\/i0.wp.com\/vincentians.com\/es\/wp-content\/uploads\/sites\/11\/2016\/07\/escritos-luisa-de-marillac.jpg?fit=1200%2C630&ssl=1&resize=700%2C400 2x, https:\/\/i0.wp.com\/vincentians.com\/es\/wp-content\/uploads\/sites\/11\/2016\/07\/escritos-luisa-de-marillac.jpg?fit=1200%2C630&ssl=1&resize=1050%2C600 3x"},"classes":[]},{"id":143372,"url":"https:\/\/vincentians.com\/es\/bula-misericordiae-vultus\/","url_meta":{"origin":34975,"position":4},"title":"Bula \u00abMisericordiae Vultus\u00bb","author":"Francisco Javier Fern\u00e1ndez Chento","date":"17\/04\/2015","format":false,"excerpt":"BULA DE CONVOCACI\u00d3N DEL JUBILEO EXTRAORDINARIO DE LA MISERICORDIA FRANCISCO OBISPO DE ROMA SIERVO DE LOS SIERVOS DE DIOS A CUANTOS LEAN ESTA CARTA GRACIA, MISERICORDIA Y PAZ 1. Jesucristo es el rostro de la misericordia del Padre. El misterio de la fe cristiana parece encontrar su s\u00edntesis en esta\u2026","rel":"","context":"En \u00abDocumentos Pontificios\u00bb","block_context":{"text":"Documentos Pontificios","link":"https:\/\/vincentians.com\/es\/category\/formacion-cristiana\/documentos-pontificios\/"},"img":{"alt_text":"jubileo","src":"https:\/\/i0.wp.com\/vicencianos.org\/wp-content\/2015\/04\/jubileo.jpg?resize=350%2C200","width":350,"height":200,"srcset":"https:\/\/i0.wp.com\/vicencianos.org\/wp-content\/2015\/04\/jubileo.jpg?resize=350%2C200 1x, https:\/\/i0.wp.com\/vicencianos.org\/wp-content\/2015\/04\/jubileo.jpg?resize=525%2C300 1.5x"},"classes":[]},{"id":132137,"url":"https:\/\/vincentians.com\/es\/sor-mari-luz-ibarz-bazan\/","url_meta":{"origin":34975,"position":5},"title":"Sor Mari Luz Ibarz Baz\u00e1n","author":"Francisco Javier Fern\u00e1ndez Chento","date":"07\/12\/2014","format":false,"excerpt":"Ha muerto Sor Mari Luz Ibarz Baz\u00e1n, Hija de la Caridad, m\u00e1s conocida como Sor Tripi entre los presos que pueblan las c\u00e1rceles de Espa\u00f1a. Dec\u00edan que\u00a0sus palabras les pon\u00edan m\u00e1s euf\u00f3ricos que cualquier droga. Llevaba m\u00e1s de\u00a030 a\u00f1os dedic\u00e1ndose a la pastoral penitenciaria y no ten\u00eda\u00a0ninguna intenci\u00f3n de abandonar\u2026","rel":"","context":"En \u00abTestigos vicencianos\u00bb","block_context":{"text":"Testigos vicencianos","link":"https:\/\/vincentians.com\/es\/category\/la-familia-vicenciana\/testigos-vicencianos\/"},"img":{"alt_text":"la_hermana_mari_luz","src":"https:\/\/i0.wp.com\/vicencianos.org\/wp-content\/2014\/12\/la_hermana_mari_luz.jpg?resize=350%2C200","width":350,"height":200},"classes":[]}],"_links":{"self":[{"href":"https:\/\/vincentians.com\/es\/wp-json\/wp\/v2\/posts\/34975","targetHints":{"allow":["GET"]}}],"collection":[{"href":"https:\/\/vincentians.com\/es\/wp-json\/wp\/v2\/posts"}],"about":[{"href":"https:\/\/vincentians.com\/es\/wp-json\/wp\/v2\/types\/post"}],"author":[{"embeddable":true,"href":"https:\/\/vincentians.com\/es\/wp-json\/wp\/v2\/users\/4"}],"replies":[{"embeddable":true,"href":"https:\/\/vincentians.com\/es\/wp-json\/wp\/v2\/comments?post=34975"}],"version-history":[{"count":1,"href":"https:\/\/vincentians.com\/es\/wp-json\/wp\/v2\/posts\/34975\/revisions"}],"predecessor-version":[{"id":403359,"href":"https:\/\/vincentians.com\/es\/wp-json\/wp\/v2\/posts\/34975\/revisions\/403359"}],"wp:featuredmedia":[{"embeddable":true,"href":"https:\/\/vincentians.com\/es\/wp-json\/wp\/v2\/media\/398698"}],"wp:attachment":[{"href":"https:\/\/vincentians.com\/es\/wp-json\/wp\/v2\/media?parent=34975"}],"wp:term":[{"taxonomy":"category","embeddable":true,"href":"https:\/\/vincentians.com\/es\/wp-json\/wp\/v2\/categories?post=34975"},{"taxonomy":"post_tag","embeddable":true,"href":"https:\/\/vincentians.com\/es\/wp-json\/wp\/v2\/tags?post=34975"}],"curies":[{"name":"wp","href":"https:\/\/api.w.org\/{rel}","templated":true}]}}