{"id":34818,"date":"2020-06-01T07:30:51","date_gmt":"2020-06-01T05:30:51","guid":{"rendered":"http:\/\/somos.vicencianos.org\/blog\/2011\/04\/lucia-roge-circular-de-renovacion-1977\/"},"modified":"2020-04-04T11:27:18","modified_gmt":"2020-04-04T09:27:18","slug":"lucia-roge-circular-de-renovacion-1977","status":"publish","type":"post","link":"https:\/\/vincentians.com\/es\/lucia-roge-circular-de-renovacion-1977\/","title":{"rendered":"Luc\u00eda Rog\u00e9: Circular de Renovaci\u00f3n, 1977"},"content":{"rendered":"<div>\n<p><strong>CASTIDAD Y SERVICIO<\/strong><\/p>\n<p>Par\u00eds, 2 de febrero de 1977<\/p>\n<p>Mis queridas Hermanas:<\/p>\n<p>Despu\u00e9s de haber presentado, en nombre de todas ustedes, a nues\u00adtro Superior General, la petici\u00f3n de renovar los votos, nos concede esta gracia para el pr\u00f3ximo 25 de marzo. As\u00ed que, dentro de algunas semanas, vamos a decir al Se\u00f1or, una vez m\u00e1s, que en respuesta a su llamada, hacemos voto de servirlo en la persona de los pobres, en la Compa\u00f1\u00eda de las Hijas de la Caridad y, por lo mismo, de vivir en castidad, en pobre\u00adza y en obediencia.<\/p>\n<p>Como preparaci\u00f3n a este nuevo compromiso personal les propongo reflexionar, juntas, sobre este vivir en castidad para ser testigos de la caridad de Cristo en medio de los pobres.<\/p>\n<p>Otras circulares han especificado el v\u00ednculo entre castidad y \u00abvida teologal aut\u00e9ntica\u00bb. Hoy, trataremos de profundizar m\u00e1s particularmente en este \u00abvivir en castidad\u00bb dentro del realismo de nuestra vida de servicio.<\/p>\n<p>Reflexionaremos<\/p>\n<ul>\n<li>sobre algunos pensamientos de san Vicente;<\/li>\n<li>sobre ciertos puntos a los que hoy debemos prestar atenci\u00f3n especial;<\/li>\n<li>y, finalmente, sobre nuestra fidelidad.<\/li>\n<\/ul>\n<p>Cualquiera que sea el vocabulario utilizado en nuestros d\u00edas: \u00abceliba\u00adto consagrado\u00bb, \u00abcelibato por el Se\u00f1or\u00bb, \u00abcastidad consagrada a Dios\u00bb, coincide perfectamente con el pensamiento de san Vicente, para quien la castidad es una respuesta al amor de Dios:<\/p>\n<p>\u00abDios hace, sin embargo, tanto caso de nuestro amor, que quiere tener\u00adlo por entero solamente \u00c9l: \u00abAmar\u00e1s, dice, al Se\u00f1or tu Dios con toda tu alma, con todas tus fuerzas, con todo tu entendimiento, con toda tu volun\u00adtad\u00bb. Fijaos, hijas m\u00edas: se lo reserva todo. Hay que observar que este man\u00addamiento no es un apremio, ni una violencia, sino dulzura y amor\u00bb.<span id='easy-footnote-1-34818' class='easy-footnote-margin-adjust'><\/span><span class='easy-footnote'><a href='https:\/\/vincentians.com\/es\/lucia-roge-circular-de-renovacion-1977\/#easy-footnote-bottom-1-34818' title='IX, 431.'><sup>1<\/sup><\/a><\/span>\n<p>Este amor a Dios \u00absin reserva alguna\u00bb, supone una uni\u00f3n total con el Se\u00f1or, vivida con todo nuestro ser: espiritual, afectivo, f\u00edsico. La castidad se vive en un amor supremo a Dios, para contribuir a la realizaci\u00f3n de su Reino.<\/p>\n<\/div>\n<div>\n<p>Pero el amor a Dios y el amor al pr\u00f3jimo constituyen una sola cosa. San Vicente estableci\u00f3 su vida y su espiritualidad sobre este fundamen\u00adto evang\u00e9lico. Nos pide, ante todo, que marchemos en pos de Cristo, viviendo en castidad, por amor al Padre que nos concede este don especial, pero nos dice tambi\u00e9n:<\/p>\n<p>\u00abLo primero que Nuestro Se\u00f1or pide de ellas (Hijas de la Caridad) es que le amen soberanamente y que hagan todas sus acciones por amor a \u00c9l. En segundo lugar, que se quieran entre s\u00ed como Hermanas a las que \u00e9l ha unido con el v\u00ednculo de su amor y a los pobres enfermos, como se\u00f1ores suyos, ya que Nuestro Se\u00f1or est\u00e1 en ellos y ellos en Nuestro Se\u00f1or\u00bb.<span id='easy-footnote-2-34818' class='easy-footnote-margin-adjust'><\/span><span class='easy-footnote'><a href='https:\/\/vincentians.com\/es\/lucia-roge-circular-de-renovacion-1977\/#easy-footnote-bottom-2-34818' title='X, 680.'><sup>2<\/sup><\/a><\/span>\n<p>Por tanto, la Hija de la Caridad vive la castidad en el amor, amor absoluto a Cristo y a los pobres en una visi\u00f3n de fe. La castidad no puede explicarse sin referencia a Dios, sin su amor, en el que se funda. La cas\u00adtidad es signo del Reino si manifiesta claramente lo que el amor a Dios y a los pobres operan en nuestra vida cuando la invaden por completo. En el Reino, el dinero no tendr\u00e1 ya sentido, no ser\u00e1 norma, no ejercer\u00e1 ninguna influencia, no dar\u00e1 poder alguno&#8230; por eso, nosotras tratamos de vivir como pobres. En el Reino, no habr\u00e1 ya injusticias, los \u00faltimos ser\u00e1n los primeros; nosotras queremos servir a esos \u00ab\u00faltimos\u00bb. En el Reino, \u00abya no habr\u00e1 ni var\u00f3n ni hembra\u00bb,<span id='easy-footnote-3-34818' class='easy-footnote-margin-adjust'><\/span><span class='easy-footnote'><a href='https:\/\/vincentians.com\/es\/lucia-roge-circular-de-renovacion-1977\/#easy-footnote-bottom-3-34818' title='Gal 3,28.'><sup>3<\/sup><\/a><\/span> viviremos seg\u00fan el Esp\u00edritu; nosotras que\u00adremos vivir el celibato por el Se\u00f1or como signo del comienzo de ese mundo nuevo. Siguiendo a Jesucristo, elegimos la castidad por el Reino, para ser con \u00c9l misioneras del Padre entre los pobres. Contempl\u00e1ndolo, tenemos que descubrir \u00abc\u00f3mo\u00bb amarlos. Que, a ejemplo suyo, nuestro amor a los pobres se traduzca en un profundo respeto (la mujer adul\u00adtera),<span id='easy-footnote-4-34818' class='easy-footnote-margin-adjust'><\/span><span class='easy-footnote'><a href='https:\/\/vincentians.com\/es\/lucia-roge-circular-de-renovacion-1977\/#easy-footnote-bottom-4-34818' title='Jn 8,1-11.'><sup>4<\/sup><\/a><\/span> se manifieste con sinceridad y confianza (la Samaritana),<span id='easy-footnote-5-34818' class='easy-footnote-margin-adjust'><\/span><span class='easy-footnote'><a href='https:\/\/vincentians.com\/es\/lucia-roge-circular-de-renovacion-1977\/#easy-footnote-bottom-5-34818' title='Jn 4, 1-43.'><sup>5<\/sup><\/a><\/span> vaya envuelto en atenci\u00f3n (el joven rico),<span id='easy-footnote-6-34818' class='easy-footnote-margin-adjust'><\/span><span class='easy-footnote'><a href='https:\/\/vincentians.com\/es\/lucia-roge-circular-de-renovacion-1977\/#easy-footnote-bottom-6-34818' title='Mt 19, 16-22.'><sup>6<\/sup><\/a><\/span>\u00a0 se manifieste en los servicios que se prestan a los amigos \u00edntimos (el lavatorio de los pies)&#8230;<span id='easy-footnote-7-34818' class='easy-footnote-margin-adjust'><\/span><span class='easy-footnote'><a href='https:\/\/vincentians.com\/es\/lucia-roge-circular-de-renovacion-1977\/#easy-footnote-bottom-7-34818' title='Jn 13, 1-11.'><sup>7<\/sup><\/a><\/span> Amor que, en momentos de sufrimiento, consuela, cura, alivia (la viuda de Na\u00edn&#8230; los leprosos&#8230;, los enfermos&#8230;, la multitud hambrienta)&#8230;<span id='easy-footnote-8-34818' class='easy-footnote-margin-adjust'><\/span><span class='easy-footnote'><a href='https:\/\/vincentians.com\/es\/lucia-roge-circular-de-renovacion-1977\/#easy-footnote-bottom-8-34818' title='Lc 7, 11-17; Lc 5, 12-16; Lc 17, 12-19; Mt 8, 1-17; Lc 9, 10-17.'><sup>8<\/sup><\/a><\/span> Amor que hace surgir en los dem\u00e1s lo mejor de s\u00ed mismo (Zaqueo).<span id='easy-footnote-9-34818' class='easy-footnote-margin-adjust'><\/span><span class='easy-footnote'><a href='https:\/\/vincentians.com\/es\/lucia-roge-circular-de-renovacion-1977\/#easy-footnote-bottom-9-34818' title='Lc 19, 1-10.'><sup>9<\/sup><\/a><\/span> Amor que perdona y que rehabilita (Mar\u00eda Magdalena).<span id='easy-footnote-10-34818' class='easy-footnote-margin-adjust'><\/span><span class='easy-footnote'><a href='https:\/\/vincentians.com\/es\/lucia-roge-circular-de-renovacion-1977\/#easy-footnote-bottom-10-34818' title='Lc 7, 37-50.'><sup>10<\/sup><\/a><\/span> \u00abLa Regla de las Hijas de la Caridad es Cristo&#8230; Para seguirlo m\u00e1s de cerca y prolongar su misi\u00f3n, las Hijas de la Caridad eligen vivir total y radicalmente los con\u00adsejos evang\u00e9licos\u00bb.<span id='easy-footnote-11-34818' class='easy-footnote-margin-adjust'><\/span><span class='easy-footnote'><a href='https:\/\/vincentians.com\/es\/lucia-roge-circular-de-renovacion-1977\/#easy-footnote-bottom-11-34818' title='C. I, 1. Ed. de 1975.'><sup>11<\/sup><\/a><\/span>\n<\/div>\n<div>\n<p>Nuestro Se\u00f1or nos invita a amar al pr\u00f3jimo con un amor \u00abafectivo\u00bb, del que habla san Vicente, y que procede del coraz\u00f3n.<\/p>\n<p>\u00abLa persona que ama est\u00e1 llena de gusto y de ternura, ve continua\u00admente presente a Dios, encuentra su satisfacci\u00f3n en pensar en \u00c9l y pasa insensiblemente su vida en esta contemplaci\u00f3n\u00bb.<span id='easy-footnote-12-34818' class='easy-footnote-margin-adjust'><\/span><span class='easy-footnote'><a href='https:\/\/vincentians.com\/es\/lucia-roge-circular-de-renovacion-1977\/#easy-footnote-bottom-12-34818' title='IX, 432.'><sup>12<\/sup><\/a><\/span>\n<p>\u00abLos pobres son, sobre todo, para ellas, la presencia misma de Cristo\u00bb.<span id='easy-footnote-13-34818' class='easy-footnote-margin-adjust'><\/span><span class='easy-footnote'><a href='https:\/\/vincentians.com\/es\/lucia-roge-circular-de-renovacion-1977\/#easy-footnote-bottom-13-34818' title='C.15. Ed. de 1975.'><sup>13<\/sup><\/a><\/span>\n<p>As\u00ed, la Hija de la Caridad que ve constantemente a Dios presente en ellos, a \u00ablos que debe amar con ternura y respetar profundamente\u00bb,<span id='easy-footnote-14-34818' class='easy-footnote-margin-adjust'><\/span><span class='easy-footnote'><a href='https:\/\/vincentians.com\/es\/lucia-roge-circular-de-renovacion-1977\/#easy-footnote-bottom-14-34818' title='SLM, p. 316.'><sup>14<\/sup><\/a><\/span> a la manera de Cristo.<\/p>\n<p>Al meditar lo que dice san Vicente a nuestra primeras Hermanas a prop\u00f3sito de la castidad, impresionan sus continuas invitaciones a la vigilancia. Mas, sin embargo, es inevitable asociar esas recomendacio\u00adnes de san Vicente con la audacia de sus decisiones cuando env\u00eda a las Hermanas a misi\u00f3n.<\/p>\n<p>Pide a sus Hijas que mortifiquen \u00absus cinco sentidos exteriores y los tres interiores\u00bb.<span id='easy-footnote-15-34818' class='easy-footnote-margin-adjust'><\/span><span class='easy-footnote'><a href='https:\/\/vincentians.com\/es\/lucia-roge-circular-de-renovacion-1977\/#easy-footnote-bottom-15-34818' title='IX, 40.'><sup>15<\/sup><\/a><\/span>\n<p>El \u00ababsteneos de esas miradas fijas mirando a un hombre o una mujer\u00bb<span id='easy-footnote-16-34818' class='easy-footnote-margin-adjust'><\/span><span class='easy-footnote'><a href='https:\/\/vincentians.com\/es\/lucia-roge-circular-de-renovacion-1977\/#easy-footnote-bottom-16-34818' title='IX, 41.'><sup>16<\/sup><\/a><\/span> puede hacernos sonre\u00edr tal vez; ser\u00eda bueno preguntarnos, algunas veces, si esta sonrisa no proviene de una cierta suficiencia o de un poco de ingenuidad.<\/p>\n<p>\u00abNo hay nadie que se mueva entre el mundo como las Hijas de la Caridad y que encuentre tantas ocasiones como vosotras, hijas m\u00edas. Por eso, es muy importante que se\u00e1is m\u00e1s virtuosas que las reli\u00adgiosas\u00bb.<span id='easy-footnote-17-34818' class='easy-footnote-margin-adjust'><\/span><span class='easy-footnote'><a href='https:\/\/vincentians.com\/es\/lucia-roge-circular-de-renovacion-1977\/#easy-footnote-bottom-17-34818' title='IX, 1176.'><sup>17<\/sup><\/a><\/span>\n<p>Escuchemos de todo coraz\u00f3n las s\u00faplicas de san Vicente en nom\u00adbre de los pobres: \u00absed, pues, modestas, por favor&#8230; haci\u00e9ndoos dignas siervas de los pobres\u00bb.<span id='easy-footnote-18-34818' class='easy-footnote-margin-adjust'><\/span><span class='easy-footnote'><a href='https:\/\/vincentians.com\/es\/lucia-roge-circular-de-renovacion-1977\/#easy-footnote-bottom-18-34818' title='IX, 42.'><sup>18<\/sup><\/a><\/span>\n<p>El celibato consagrado nos libera para amar a los pobres y para ser\u00advirlos. Al renunciar a compromisos que nacen de v\u00ednculos familiares, quedamos disponibles para una familia mucho m\u00e1s amplia: la de los pobres. San Vicente quiere salvaguardar, para ellos, nuestra disponibili\u00addad. Establece una relaci\u00f3n entre las normas de la \u00abmodestia\u00bb y el ser\u00advicio de los pobres. Como concretar\u00e1 con mucha frecuencia, todo en nosotras pertenece a Dios, y a los pobres les consagramos&#8230;\u00bb un amor que no se reserva nada\u00bb.<\/p>\n<\/div>\n<div>\n<p>Pobreza en el amor&#8230; La castidad es la pobreza del coraz\u00f3n. Hay que ir a los pobres con un coraz\u00f3n pobre, que \u00abha purificado\u00bb todas sus motivaciones y se \u00abha desprendido de sus aficiones particulares\u00bb, si no, ya no estar\u00eda verdadera y plenamente al servicio de los pobres. Desde los comienzos de la Compa\u00f1\u00eda, recuerda ya san Vicente lo que exige este desprendimiento de todo, esta \u00abindiferencia\u00bb. Quiere que sus hijas est\u00e9n all\u00ed donde sirvan a Dios \u00abpor \u00c9l mismo, sin ning\u00fan compromiso ni apego para con nadie\u00bb.<span id='easy-footnote-19-34818' class='easy-footnote-margin-adjust'><\/span><span class='easy-footnote'><a href='https:\/\/vincentians.com\/es\/lucia-roge-circular-de-renovacion-1977\/#easy-footnote-bottom-19-34818' title='IX, 239.'><sup>19<\/sup><\/a><\/span>\n<p>En una Conferencia en que habla de servir a Dios, en realidad se est\u00e1 refiriendo a \u00abasistir a los pobres\u00bb. Emplea indistintamente ambas expresiones porque para \u00e9l ambas cosas son manifestaciones de un mismo amor. A menudo, resume su pensamiento en esta frase: \u00abEs menester que no est\u00e9is unidas m\u00e1s que a Dios\u00bb.<span id='easy-footnote-20-34818' class='easy-footnote-margin-adjust'><\/span><span class='easy-footnote'><a href='https:\/\/vincentians.com\/es\/lucia-roge-circular-de-renovacion-1977\/#easy-footnote-bottom-20-34818' title='IX, 1180.'><sup>20<\/sup><\/a><\/span>\n<p>El celibato consagrado nos libera para servir a los pobres&#8230; mas, paralelamente, el servicio de los pobres, cuando es aut\u00e9ntico, cuando no busca compensaciones, hace m\u00e1s perfecta la castidad que consa\u00adgramos a Dios.<\/p>\n<p>\u00abRespuesta de amor a una llamada del amor, implica la participaci\u00f3n en el misterio pascual, misterio de muerte y vida, que exige la supera\u00adci\u00f3n de cierta soledad del coraz\u00f3n\u00bb.<span id='easy-footnote-21-34818' class='easy-footnote-margin-adjust'><\/span><span class='easy-footnote'><a href='https:\/\/vincentians.com\/es\/lucia-roge-circular-de-renovacion-1977\/#easy-footnote-bottom-21-34818' title='C.16. Ed. de 1975.'><sup>21<\/sup><\/a><\/span>\n<p>La castidad es tambi\u00e9n el cargar cada d\u00eda con una cruz caracteri\u00adzada por una pobreza radical: la soledad del coraz\u00f3n, acentuada por la renuncia que lleva consigo. Puede ir a veces acompa\u00f1ada de una noche oscura en la que el trato con Jesucristo no ofrece ning\u00fan atracti\u00advo. En ese caso, se vive el celibato consagrado con el peso de una situaci\u00f3n humana vulnerable a todas las tentaciones; porque la renuncia se hace con frecuencia por etapas, seg\u00fan las necesidades del coraz\u00f3n que se revelan progresivamente. Y se vuelve a hacer la elecci\u00f3n de Dios con una luz nueva proyectada sobre la consagraci\u00f3n. Es \u00e9sta la hora del amor \u00abefectivo\u00bb, en el que, seg\u00fan san Vicente, \u00abse obra por Dios sin sen\u00adtir sus dulzuras\u00bb: pero a\u00f1ade: \u00abAunque no goc\u00e9is del consuelo de sentir la dulzura de ese amor, no dej\u00e1is de tenerlo, ya que todo lo que hac\u00e9is, lo hac\u00e9is por este amor\u00bb.<span id='easy-footnote-22-34818' class='easy-footnote-margin-adjust'><\/span><span class='easy-footnote'><a href='https:\/\/vincentians.com\/es\/lucia-roge-circular-de-renovacion-1977\/#easy-footnote-bottom-22-34818' title='IX, 432, 435.'><sup>22<\/sup><\/a><\/span>\n<\/div>\n<div>\n<p>El amor que el Se\u00f1or espera de nosotras, que nos hemos consa\u00adgrado por el voto de castidad, no es un amor sin luchas ni sin debilida\u00addes, es un amor consciente que va creciendo a trav\u00e9s de pruebas que lo purifican. \u00abPurificar\u00bb nuestro coraz\u00f3n para Dios que es \u00abinfinitamente puro y santo\u00bb, nos dice san Vicente,<span id='easy-footnote-23-34818' class='easy-footnote-margin-adjust'><\/span><span class='easy-footnote'><a href='https:\/\/vincentians.com\/es\/lucia-roge-circular-de-renovacion-1977\/#easy-footnote-bottom-23-34818' title='IX, 435.'><sup>23<\/sup><\/a><\/span> pensando que nuestro coraz\u00f3n le pertenece.<\/p>\n<p>Esta adhesi\u00f3n al misterio de la Cruz a trav\u00e9s del celibato consagra\u00addo, pone su sello en toda nuestra vida. Nuestra \u00e9poca en que el erotis\u00admo comercializado lo invade todo, en que la satisfacci\u00f3n personal todo lo justifica, me mueve a invitarlas a reflexionar en torno a algunos puntos especiales:<\/p>\n<p>En primer lugar, sobre la ascesis en general a lo largo de cada una de nuestras jornadas. Ya les he hablado de ello, sin embargo insisto, siguiendo a san Vicente que tan significativa la encontraba. Ceder con\u00adtinuamente en detalles concretos de comodidad, alimentaci\u00f3n, expan\u00adsiones, conduce a ver disminuir la propia resistencia interior ante solici\u00adtaciones m\u00e1s sutiles. \u00bfC\u00f3mo renunciar entonces a las exigencias tan poderosas de la posesi\u00f3n afectiva?<\/p>\n<p>En la revisi\u00f3n de nuestro proyecto comunitario local, en nuestros necesarios ex\u00e1menes, pregunt\u00e9monos:<\/p>\n<ul>\n<li>\u00bfnuestros ratos de expansi\u00f3n personal y comunitaria son momentos de recuperaci\u00f3n no solamente f\u00edsica sino tambi\u00e9n espiritual?<\/li>\n<li>\u00bfla oraci\u00f3n y la consagraci\u00f3n ocupan en ellos el lugar que les corresponde?<\/li>\n<\/ul>\n<p>Adem\u00e1s de esta observaci\u00f3n general hay otros dos puntos sobre los que nos debemos vigilar:<\/p>\n<ul>\n<li>el uso de los medios de comunicaci\u00f3n social, especialmente de la televisi\u00f3n.<\/li>\n<\/ul>\n<p>Algunas preguntas, a las que cada una procurar\u00e1 responder leal\u00admente delante de Dios, en la oraci\u00f3n y en los intercambios comunitarios, servir\u00e1n de base a nuestra reflexi\u00f3n:<\/p>\n<ul>\n<li>\u00bfQu\u00e9 motivaciones intervienen en la selecci\u00f3n de programas?<\/li>\n<li>\u00bfSomos capaces de confesar que no hemos querido ver un deter\u00adminado programa m\u00e1s o menos er\u00f3tico; o leer un libro o revista del mismo tipo, o tal vez, ver una pel\u00edcula de ese g\u00e9nero?<\/li>\n<li>\u00bfSomos conscientes de la destrucci\u00f3n que producen en nuestro interior por su influencia en nuestro subconsciente?<\/li>\n<li>\u00bfIntentamos reaccionar o, por el contrario, dejamos que se des\u00admoronen nuestras convicciones personales al no aceptar ninguna cortapisa?<\/li>\n<\/ul>\n<\/div>\n<div>\n<p>San Vicente dice: \u00abEl que tiene pureza de cuerpo no por eso tiene castidad; es la pureza de esp\u00edritu la que constituye esta virtud y le da la perfecci\u00f3n, e incluso la esencia; ella es la que echa del pensamiento, del esp\u00edritu, de la memoria, de la fantas\u00eda, todos los malos pensamientos\u00bb.<span id='easy-footnote-24-34818' class='easy-footnote-margin-adjust'><\/span><span class='easy-footnote'><a href='https:\/\/vincentians.com\/es\/lucia-roge-circular-de-renovacion-1977\/#easy-footnote-bottom-24-34818' title='XI, 682.'><sup>24<\/sup><\/a><\/span>\n<p>El servicio a los pobres, con los contactos profesionales y eclesia\u00adles que comporta, nos obliga a mantener habitualmente relaciones sociales con personas del otro sexo. Por todas partes, nos encontramos con reuniones mixtas: trabajo, comisiones de estudio, cursillos&#8230; Tanto hombres como mujeres aprecian la ampliaci\u00f3n de la visi\u00f3n misionera y el enriquecimiento que producen las aportaciones al trabajo en com\u00fan. A trav\u00e9s de los intercambios y de las responsabilidades compartidas, se anudan lazos de amistad. Hoy, el estilo de tales relaciones, ya se trate de seglares o de sacerdotes, se caracteriza por la sencillez, por la familiaridad incluso, lo que modifica sensiblemente las actitudes de prudencia y de reserva. Han ca\u00eddo en desuso muchas medidas que podr\u00edamos llamar de protecci\u00f3n; se queda uno solo con su sensibilidad y su fragilidad.<\/p>\n<p>El conocimiento que tiene Vicente de Pa\u00fal de la sensibilidad feme\u00adnina lo impulsa a hablar frecuentemente a las Hermanas de su compor\u00adtamiento con el otro sexo:<span id='easy-footnote-25-34818' class='easy-footnote-margin-adjust'><\/span><span class='easy-footnote'><a href='https:\/\/vincentians.com\/es\/lucia-roge-circular-de-renovacion-1977\/#easy-footnote-bottom-25-34818' title='IX, 96ss y 240ss.'><sup>25<\/sup><\/a><\/span> \u00ab\u00a1Hijas m\u00edas, la castidad!&#8230; Estar\u00e9is todas de acuerdo conmigo en que el deseo de parecer agradable es totalmente contrario a esta virtud&#8230; \u00a1Pero todav\u00eda es m\u00e1s desgraciada la que inten\u00adta agradar a los hombres&#8230;!\u00bb.<span id='easy-footnote-26-34818' class='easy-footnote-margin-adjust'><\/span><span class='easy-footnote'><a href='https:\/\/vincentians.com\/es\/lucia-roge-circular-de-renovacion-1977\/#easy-footnote-bottom-26-34818' title='IX, 951.'><sup>26<\/sup><\/a><\/span>\n<p>Pasa despu\u00e9s del deseo de agradar al af\u00e1n de exhibirse y la adver\u00adtencia se torna grave: \u00ab&#8230; tiene un orgullo que es incompatible con la castidad\u00bb.<span id='easy-footnote-27-34818' class='easy-footnote-margin-adjust'><\/span><span class='easy-footnote'><a href='https:\/\/vincentians.com\/es\/lucia-roge-circular-de-renovacion-1977\/#easy-footnote-bottom-27-34818' title='IX, 951.'><sup>27<\/sup><\/a><\/span>\n<p>Situarse de una manera sencilla y normal ante las personas del otro sexo, supone conocer bien la propia identidad y poseer una vida interior suficientemente fuerte para no sucumbir a la menor ocasi\u00f3n. Hemos contra\u00eddo una alianza y pertenecemos a Alguien. En este punto, no puede haber lugar para la menor ambig\u00fcedad y menos a\u00fan para con\u00adtemporizaciones o concesiones.<\/p>\n<\/div>\n<div>\n<p>La entrega de todo nuestro ser a Jesucristo debe ser motivaci\u00f3n suficiente para hacernos trabajar incesantemente en el dominio de nosotras mismas y de modo muy particular en aquello que podr\u00eda con\u00adducirnos a la infidelidad. La castidad consagrada es el signo de lo abso\u00adluto de Dios en nuestra vida, del poder de su amor y de que rechaza\u00admos \u00abcualquier clase de \u00eddolos\u00bb (P. Santaner).<\/p>\n<p>Procuremos ser sinceras con nosotras mismas en lo que se refiere a nuestros compromisos de darnos totalmente a Dios.<\/p>\n<p>Plante\u00e9monos algunas preguntas:<\/p>\n<ul>\n<li>Tal amistad, dentro o fuera de la Comunidad, \u00bfme ayuda a vivir en intimidad con Jesucristo en la oraci\u00f3n? \u00bfMe permite conservar la libertad de coraz\u00f3n y de esp\u00edritu? \u00bfTengo siempre presentes en la oraci\u00f3n la Misi\u00f3n, la injusticia, el sufrimiento, la opresi\u00f3n de los pobres?<\/li>\n<li>Tal amistad, dentro o fuera de la Comunidad \u00bfme a\u00edsla de los dem\u00e1s, de la vida comunitaria? \u00bfMe arrastra a la tristeza, al tedio? \u00bfMe produce una impresi\u00f3n de vac\u00edo y de desinter\u00e9s por la Misi\u00f3n?<\/li>\n<\/ul>\n<p>Cuando me siento inquieta, angustiada, con dudas, \u00bfestoy dispuesta a acudir lealmente a un consejero espiritual y resuelta a seguir sus indi\u00adcaciones?<\/p>\n<p>Se trata de lograr una presencia activa junto a los dem\u00e1s, a la vez que sigo siendo yo misma, es decir, \u00abdiferente\u00bb. Se trata de saber expre\u00adsar y exteriorizar mi verdadera identidad de mujer consagrada a Dios en respuesta a su llamada.<\/p>\n<p>\u00abVivir en castidad no quiere decir llevar una vida asexuada. Es tratar de llegar a ser verdaderas mujeres a trav\u00e9s de todo lo que se vive, seg\u00fan la l\u00f3gica de los compromisos ya contra\u00eddos\u00bb (P. Santaner).<\/p>\n<p>Esta observaci\u00f3n ilustra bien una obligaci\u00f3n a la que necesaria\u00admente hemos de atender: desarrollar \u00ablos talentos\u00bb de la feminidad que el Se\u00f1or nos ha otorgado.<\/p>\n<p>Dejemos que crezca en nosotras el dinamismo natural de la entrega de nosotras mismas, que a menudo va acompa\u00f1ado por una calidad de presencia y atenci\u00f3n a los detalles, con que el amor matiza el servicio. Orientemos nuestra sensibilidad hacia todos los que sufren en todos los aspectos de la vida; no la dejemos debilitarse con la rutina.<\/p>\n<\/div>\n<div>\n<p>El Se\u00f1or desea que estemos, como Mar\u00eda, abiertas a su Esp\u00edritu. Que esta disposici\u00f3n caracterice nuestra actitud siempre que alguien nos aborde a lo largo de nuestra jornada y cualquiera que sea nuestro interlocutor.<\/p>\n<p>Pero vivir en castidad supone tambi\u00e9n tener siempre muy presente, en la mente y en el coraz\u00f3n, que pertenecemos a Jesucristo. Es atre\u00adverse a decir con Isa\u00edas: \u00abComo la esposa hace las delicias del esposo, as\u00ed har\u00e1s las delicias de tu Dios\u00bb.<span id='easy-footnote-28-34818' class='easy-footnote-margin-adjust'><\/span><span class='easy-footnote'><a href='https:\/\/vincentians.com\/es\/lucia-roge-circular-de-renovacion-1977\/#easy-footnote-bottom-28-34818' title='Is 62, 5.'><sup>28<\/sup><\/a><\/span>\n<p>Tambi\u00e9n san Vicente proclama, haci\u00e9ndose eco de la sagrada Escri\u00adtura: \u00abAl entrar en la Compa\u00f1\u00eda, escogisteis a nuestro Se\u00f1or por esposo y \u00c9l os recibi\u00f3 como esposas&#8230; Y como el matrimonio no es sino una donaci\u00f3n que la mujer hace de s\u00ed misma a su marido, tambi\u00e9n el matri\u00admonio espiritual que hab\u00e9is contra\u00eddo con nuestro Se\u00f1or no es m\u00e1s que la entrega que le hab\u00e9is hecho de vosotras mismas; igualmente, \u00c9l se ha entregado a vosotras\u00bb.<span id='easy-footnote-29-34818' class='easy-footnote-margin-adjust'><\/span><span class='easy-footnote'><a href='https:\/\/vincentians.com\/es\/lucia-roge-circular-de-renovacion-1977\/#easy-footnote-bottom-29-34818' title='IX, 784-785.'><sup>29<\/sup><\/a><\/span>\n<p>Se nos invita, pues, a tomar el camino de la verdad respecto a nues\u00adtro compromiso, porque, \u00abla fidelidad no es facultativa\u00bb.<\/p>\n<p>Hemos de enfrentarnos con las exigencias de esta fidelidad y enca\u00adrarnos con una virtud b\u00e1sica: la humildad.<\/p>\n<p>\u00abLa humildad es un medio muy excelente para adquirir y conservar la castidad\u00bb.<span id='easy-footnote-30-34818' class='easy-footnote-margin-adjust'><\/span><span class='easy-footnote'><a href='https:\/\/vincentians.com\/es\/lucia-roge-circular-de-renovacion-1977\/#easy-footnote-bottom-30-34818' title='XI, 94.'><sup>30<\/sup><\/a><\/span>\n<p>Aceptar la necesaria mortificaci\u00f3n de los sentidos y la renuncia voluntaria a ciertas satisfacciones, forma parte de la actitud b\u00e1sica de la castidad consagrada a Dios. Se impone que reconozcamos humilde\u00admente la necesidad que tenemos de equilibrio personal, de buena salud en lo f\u00edsico y en lo mental, de un clima de relaciones fraternas abiertas y sencillas. Y parece humanamente indispensable el apoyo de amistades que se viven a la luz del d\u00eda, sin complicaciones sentimentales, libres de antipat\u00edas y celos. Esas amistades traducen una madurez afectiva real y se convierten en apoyo de la castidad consagrada a Dios.<\/p>\n<p>Pero no hay que olvidar que \u00abla fidelidad al amor sin reservas\u00bb ha de alimentarse continuamente con una mirada de Fe y de contemplaci\u00f3n fija en Jesucristo:<\/p>\n<p>\u00abContemplad al Hijo de Dios&#8230;\u00bb<\/p>\n<p>Jesucristo nos habla en la oraci\u00f3n mental y vocal, y en el Evangelio. La atenci\u00f3n puesta en Dios, a trav\u00e9s de su Palabra, y no fija en nosotras mismas, nos establece en una relaci\u00f3n de intimidad con \u00c9l. Sin esta relaci\u00f3n personal de intimidad, la fidelidad en el Amor se relaja. Dios, por su parte, permanece siempre fiel. Su presencia real en la Eucaris\u00adt\u00eda viene diariamente a sostener nuestra fragilidad humana. De ella obtenemos el deseo de vencernos por amor, el valor para pasar por personas extra\u00f1as por fidelidad al compromiso que hemos adquirido. La Eucarist\u00eda nos comunica la Vida y nos arrastra a darnos a los dem\u00e1s, como lo hizo Cristo.<\/p>\n<\/div>\n<div>\n<p>\u00abLa Misi\u00f3n exige una presencia en medio del mundo, cierto, pero ha de ser para revelar lo absoluto de Dios en la historia de los hombres. Estar presentes, pero no de cualquier manera, sino arriesg\u00e1ndose a seguir a Cristo, especialmente, en los momentos decisivos en los que hay que elegir y tomar partido por \u00c9l. La vocaci\u00f3n sacerdotal o religiosa es un signo privilegiado de que, por ese absoluto, se llega hasta aban\u00addonarlo todo\u00bb.<span id='easy-footnote-31-34818' class='easy-footnote-margin-adjust'><\/span><span class='easy-footnote'><a href='https:\/\/vincentians.com\/es\/lucia-roge-circular-de-renovacion-1977\/#easy-footnote-bottom-31-34818' title='Obispos de Francia, 25 de octubre de 1976.'><sup>31<\/sup><\/a><\/span>\n<p>Este a\u00f1o, con el centenario de santa Catalina, propone a nuestra consideraci\u00f3n un ejemplo de fidelidad excepcional: cuarenta y seis a\u00f1os de don total a Dios y a los pobres.<\/p>\n<p>\u00abLa santa era consciente de que su amor no era verdadero sino cuando estaba compartido con los dem\u00e1s, empezando por los humil\u00addes, los pobres, los abandonados\u00bb.<span id='easy-footnote-32-34818' class='easy-footnote-margin-adjust'><\/span><span class='easy-footnote'><a href='https:\/\/vincentians.com\/es\/lucia-roge-circular-de-renovacion-1977\/#easy-footnote-bottom-32-34818' title='Cardenal MARTY, Homil\u00eda en la casa Madre, 28 de octubre de 1976.'><sup>32<\/sup><\/a><\/span>\n<p>En esta l\u00ednea espec\u00edfica de la espiritualidad vicenciana, hay que situar la fidelidad de cada Hija de la Caridad.<\/p>\n<p>Santa Catalina bebi\u00f3 la perseverancia en la contemplaci\u00f3n de la san\u00adt\u00edsima Virgen a lo largo de su diario recomenzar en su vida de sierva total\u00admente entregada a Dios. \u00abSiguiendo a Mar\u00eda, santa Catalina Labour\u00e9, con su testimonio y sus actos, revel\u00f3 el amor que llenaba su coraz\u00f3n\u00bb.<span id='easy-footnote-33-34818' class='easy-footnote-margin-adjust'><\/span><span class='easy-footnote'><a href='https:\/\/vincentians.com\/es\/lucia-roge-circular-de-renovacion-1977\/#easy-footnote-bottom-33-34818' title='Ib\u00eddem.'><sup>33<\/sup><\/a><\/span>\n<p>Mar\u00eda nos va guiando en el camino de la castidad ofrecida a Dios por voto. Su vida entera es plenitud del don a Dios, en la virginidad con\u00adsagrada. A trav\u00e9s de la meditaci\u00f3n y la contemplaci\u00f3n de los misterios de su vida, especialmente, por el rezo del rosario, descubrimos la mara\u00advillosa realizaci\u00f3n del poder de Dios en ella, y c\u00f3mo la pureza hace capaz de acoger a Dios y de darlo. Mir\u00e1ndola, comprendemos que el ser, transido de amor a Dios y entregado a este amor, se mantiene en el camino de la fidelidad; lleva en s\u00ed una capacidad de amar sin cesar, renovada y un proyecto cada vez m\u00e1s vasto. La contemplaci\u00f3n de Mar\u00eda nos va descubriendo progresivamente c\u00f3mo nuestra intimidad con Cris\u00adto y nuestra vida de servicio est\u00e1n \u00edntimamente unidas, y c\u00f3mo nuestra castidad consagrada a Dios, hace a Dios presente a los pobres.<\/p>\n<\/div>\n<p>Dejemos percibir nuestra serenidad a trav\u00e9s de la aridez del camino: \u00abDios es nuestro todo\u00bb.<span id='easy-footnote-34-34818' class='easy-footnote-margin-adjust'><\/span><span class='easy-footnote'><a href='https:\/\/vincentians.com\/es\/lucia-roge-circular-de-renovacion-1977\/#easy-footnote-bottom-34-34818' title='IX, 100.'><sup>34<\/sup><\/a><\/span> Le hemos entregado \u00abtodo cuanto somos por la gracia de nuestra vocaci\u00f3n\u00bb,<span id='easy-footnote-35-34818' class='easy-footnote-margin-adjust'><\/span><span class='easy-footnote'><a href='https:\/\/vincentians.com\/es\/lucia-roge-circular-de-renovacion-1977\/#easy-footnote-bottom-35-34818' title='IX, 171.'><sup>35<\/sup><\/a><\/span> porque: \u00abSolamente pertenece a Dios hacernos abandonar todo\u00bb.<span id='easy-footnote-36-34818' class='easy-footnote-margin-adjust'><\/span><span class='easy-footnote'><a href='https:\/\/vincentians.com\/es\/lucia-roge-circular-de-renovacion-1977\/#easy-footnote-bottom-36-34818' title='IX, 174.'><sup>36<\/sup><\/a><\/span>\n<p>Demos testimonio en la fe de este \u00abmanantial de fecundidad espiri\u00adtual en el mundo\u00bb<span id='easy-footnote-37-34818' class='easy-footnote-margin-adjust'><\/span><span class='easy-footnote'><a href='https:\/\/vincentians.com\/es\/lucia-roge-circular-de-renovacion-1977\/#easy-footnote-bottom-37-34818' title='Lumen Gentium, 42.'><sup>37<\/sup><\/a><\/span> y pidamos con confianza a la Virgen Mar\u00eda que nos obtenga la gracia de \u00abuna gran pureza de coraz\u00f3n, cuerpo y esp\u00edritu\u00bb.<\/p>\n<p>Que nuestro agradecimiento a todos aqu\u00e9llos y aqu\u00e9llas que nos sostienen en nuestra vida de Hijas de la Caridad, \u00abentregadas por com\u00adpleto a Dios para el servicio de los pobres\u00bb, se exprese en la oraci\u00f3n. Hag\u00e1moslo muy especialmente por nuestro Superior General y por el P. Jamet.<\/p>\n<p>Unidas en mente y coraz\u00f3n, saben que siempre soy hermana suya,<\/p>\n<p style=\"text-align: right\">SOR LUC\u00cdA ROG\u00c9<br \/>\n<em>Hija de la Caridad<\/em><\/p>\n<p>&nbsp;<\/p>\n","protected":false},"excerpt":{"rendered":"<p>CASTIDAD Y SERVICIO Par\u00eds, 2 de febrero de 1977 Mis queridas Hermanas: Despu\u00e9s de haber presentado, en nombre de todas ustedes, a nues\u00adtro Superior General, la petici\u00f3n de renovar los votos, nos concede esta gracia &#8230; <a href=\"https:\/\/vincentians.com\/es\/lucia-roge-circular-de-renovacion-1977\/\" class=\"more-link\">Read More<\/a><\/p>\n","protected":false},"author":4,"featured_media":398623,"comment_status":"open","ping_status":"open","sticky":false,"template":"","format":"standard","meta":{"jetpack_post_was_ever_published":false,"_jetpack_newsletter_access":"","_jetpack_dont_email_post_to_subs":false,"_jetpack_newsletter_tier_id":0,"_jetpack_memberships_contains_paywalled_content":false,"_jetpack_memberships_contains_paid_content":false,"footnotes":"","jetpack_publicize_message":"","jetpack_publicize_feature_enabled":true,"jetpack_social_post_already_shared":true,"jetpack_social_options":{"image_generator_settings":{"template":"highway","default_image_id":0,"font":"","enabled":false},"version":2}},"categories":[276],"tags":[],"class_list":["post-34818","post","type-post","status-publish","format-standard","has-post-thumbnail","hentry","category-escritos-de-lucia-roge"],"yoast_head":"<!-- This site is optimized with the Yoast SEO plugin v26.3 - https:\/\/yoast.com\/wordpress\/plugins\/seo\/ -->\n<title>Luc\u00eda Rog\u00e9: Circular de Renovaci\u00f3n, 1977 - Somos Vicencianos<\/title>\n<meta name=\"robots\" content=\"index, follow, max-snippet:-1, max-image-preview:large, max-video-preview:-1\" \/>\n<link rel=\"canonical\" href=\"https:\/\/vincentians.com\/es\/lucia-roge-circular-de-renovacion-1977\/\" \/>\n<meta property=\"og:locale\" content=\"es_ES\" \/>\n<meta property=\"og:type\" content=\"article\" \/>\n<meta property=\"og:title\" content=\"Luc\u00eda Rog\u00e9: Circular de Renovaci\u00f3n, 1977 - Somos Vicencianos\" \/>\n<meta property=\"og:description\" content=\"CASTIDAD Y SERVICIO Par\u00eds, 2 de febrero de 1977 Mis queridas Hermanas: Despu\u00e9s de haber presentado, en nombre de todas ustedes, a nues\u00adtro Superior General, la petici\u00f3n de renovar los votos, nos concede esta gracia ... Read More\" \/>\n<meta property=\"og:url\" content=\"https:\/\/vincentians.com\/es\/lucia-roge-circular-de-renovacion-1977\/\" \/>\n<meta property=\"og:site_name\" content=\"Somos Vicencianos\" \/>\n<meta property=\"article:publisher\" content=\"https:\/\/www.facebook.com\/WeAreVincentians\/\" \/>\n<meta property=\"article:author\" content=\"https:\/\/www.facebook.com\/JavierChento\" \/>\n<meta property=\"article:published_time\" content=\"2020-06-01T05:30:51+00:00\" \/>\n<meta property=\"og:image\" content=\"https:\/\/i0.wp.com\/vincentians.com\/es\/wp-content\/uploads\/sites\/11\/2016\/07\/escritos-lucia-roge.jpg?fit=1200%2C630&ssl=1\" \/>\n\t<meta property=\"og:image:width\" content=\"1200\" \/>\n\t<meta property=\"og:image:height\" content=\"630\" \/>\n\t<meta property=\"og:image:type\" content=\"image\/jpeg\" \/>\n<meta name=\"author\" content=\"Francisco Javier Fern\u00e1ndez Chento\" \/>\n<meta name=\"twitter:card\" content=\"summary_large_image\" \/>\n<meta name=\"twitter:creator\" content=\"@https:\/\/twitter.com\/javierchento\" \/>\n<meta name=\"twitter:site\" content=\"@WeVincentians\" \/>\n<meta name=\"twitter:label1\" content=\"Escrito por\" \/>\n\t<meta name=\"twitter:data1\" content=\"Francisco Javier Fern\u00e1ndez Chento\" \/>\n\t<meta name=\"twitter:label2\" content=\"Tiempo de lectura\" \/>\n\t<meta name=\"twitter:data2\" content=\"19 minutos\" \/>\n<script type=\"application\/ld+json\" class=\"yoast-schema-graph\">{\"@context\":\"https:\/\/schema.org\",\"@graph\":[{\"@type\":\"Article\",\"@id\":\"https:\/\/vincentians.com\/es\/lucia-roge-circular-de-renovacion-1977\/#article\",\"isPartOf\":{\"@id\":\"https:\/\/vincentians.com\/es\/lucia-roge-circular-de-renovacion-1977\/\"},\"author\":{\"name\":\"Francisco Javier Fern\u00e1ndez Chento\",\"@id\":\"http:\/\/vincentians.com\/es\/#\/schema\/person\/9623ef4d9aa3b2dfb8c061f1499288f2\"},\"headline\":\"Luc\u00eda Rog\u00e9: Circular de Renovaci\u00f3n, 1977\",\"datePublished\":\"2020-06-01T05:30:51+00:00\",\"mainEntityOfPage\":{\"@id\":\"https:\/\/vincentians.com\/es\/lucia-roge-circular-de-renovacion-1977\/\"},\"wordCount\":3840,\"commentCount\":0,\"publisher\":{\"@id\":\"http:\/\/vincentians.com\/es\/#organization\"},\"image\":{\"@id\":\"https:\/\/vincentians.com\/es\/lucia-roge-circular-de-renovacion-1977\/#primaryimage\"},\"thumbnailUrl\":\"https:\/\/i0.wp.com\/vincentians.com\/es\/wp-content\/uploads\/sites\/11\/2016\/07\/escritos-lucia-roge.jpg?fit=1200%2C630&ssl=1\",\"articleSection\":[\"Escritos de Luc\u00eda Rog\u00e9\"],\"inLanguage\":\"es\",\"potentialAction\":[{\"@type\":\"CommentAction\",\"name\":\"Comment\",\"target\":[\"https:\/\/vincentians.com\/es\/lucia-roge-circular-de-renovacion-1977\/#respond\"]}]},{\"@type\":\"WebPage\",\"@id\":\"https:\/\/vincentians.com\/es\/lucia-roge-circular-de-renovacion-1977\/\",\"url\":\"https:\/\/vincentians.com\/es\/lucia-roge-circular-de-renovacion-1977\/\",\"name\":\"Luc\u00eda Rog\u00e9: Circular de Renovaci\u00f3n, 1977 - Somos Vicencianos\",\"isPartOf\":{\"@id\":\"http:\/\/vincentians.com\/es\/#website\"},\"primaryImageOfPage\":{\"@id\":\"https:\/\/vincentians.com\/es\/lucia-roge-circular-de-renovacion-1977\/#primaryimage\"},\"image\":{\"@id\":\"https:\/\/vincentians.com\/es\/lucia-roge-circular-de-renovacion-1977\/#primaryimage\"},\"thumbnailUrl\":\"https:\/\/i0.wp.com\/vincentians.com\/es\/wp-content\/uploads\/sites\/11\/2016\/07\/escritos-lucia-roge.jpg?fit=1200%2C630&ssl=1\",\"datePublished\":\"2020-06-01T05:30:51+00:00\",\"breadcrumb\":{\"@id\":\"https:\/\/vincentians.com\/es\/lucia-roge-circular-de-renovacion-1977\/#breadcrumb\"},\"inLanguage\":\"es\",\"potentialAction\":[{\"@type\":\"ReadAction\",\"target\":[\"https:\/\/vincentians.com\/es\/lucia-roge-circular-de-renovacion-1977\/\"]}]},{\"@type\":\"ImageObject\",\"inLanguage\":\"es\",\"@id\":\"https:\/\/vincentians.com\/es\/lucia-roge-circular-de-renovacion-1977\/#primaryimage\",\"url\":\"https:\/\/i0.wp.com\/vincentians.com\/es\/wp-content\/uploads\/sites\/11\/2016\/07\/escritos-lucia-roge.jpg?fit=1200%2C630&ssl=1\",\"contentUrl\":\"https:\/\/i0.wp.com\/vincentians.com\/es\/wp-content\/uploads\/sites\/11\/2016\/07\/escritos-lucia-roge.jpg?fit=1200%2C630&ssl=1\",\"width\":1200,\"height\":630},{\"@type\":\"BreadcrumbList\",\"@id\":\"https:\/\/vincentians.com\/es\/lucia-roge-circular-de-renovacion-1977\/#breadcrumb\",\"itemListElement\":[{\"@type\":\"ListItem\",\"position\":1,\"name\":\"Portada\",\"item\":\"http:\/\/vincentians.com\/es\/\"},{\"@type\":\"ListItem\",\"position\":2,\"name\":\"Luc\u00eda Rog\u00e9: Circular de Renovaci\u00f3n, 1977\"}]},{\"@type\":\"WebSite\",\"@id\":\"http:\/\/vincentians.com\/es\/#website\",\"url\":\"http:\/\/vincentians.com\/es\/\",\"name\":\"Somos Vicencianos\",\"description\":\"Know more to serve more\",\"publisher\":{\"@id\":\"http:\/\/vincentians.com\/es\/#organization\"},\"potentialAction\":[{\"@type\":\"SearchAction\",\"target\":{\"@type\":\"EntryPoint\",\"urlTemplate\":\"http:\/\/vincentians.com\/es\/?s={search_term_string}\"},\"query-input\":{\"@type\":\"PropertyValueSpecification\",\"valueRequired\":true,\"valueName\":\"search_term_string\"}}],\"inLanguage\":\"es\"},{\"@type\":\"Organization\",\"@id\":\"http:\/\/vincentians.com\/es\/#organization\",\"name\":\"The Vincentian Network\",\"url\":\"http:\/\/vincentians.com\/es\/\",\"logo\":{\"@type\":\"ImageObject\",\"inLanguage\":\"es\",\"@id\":\"http:\/\/vincentians.com\/es\/#\/schema\/logo\/image\/\",\"url\":\"https:\/\/i1.wp.com\/vincentians.com\/es\/wp-content\/uploads\/sites\/11\/2016\/06\/Vincentian-Network-logo-big.png?fit=778%2C778\",\"contentUrl\":\"https:\/\/i1.wp.com\/vincentians.com\/es\/wp-content\/uploads\/sites\/11\/2016\/06\/Vincentian-Network-logo-big.png?fit=778%2C778\",\"width\":778,\"height\":778,\"caption\":\"The Vincentian Network\"},\"image\":{\"@id\":\"http:\/\/vincentians.com\/es\/#\/schema\/logo\/image\/\"},\"sameAs\":[\"https:\/\/www.facebook.com\/WeAreVincentians\/\",\"https:\/\/x.com\/WeVincentians\"]},{\"@type\":\"Person\",\"@id\":\"http:\/\/vincentians.com\/es\/#\/schema\/person\/9623ef4d9aa3b2dfb8c061f1499288f2\",\"name\":\"Francisco Javier Fern\u00e1ndez Chento\",\"image\":{\"@type\":\"ImageObject\",\"inLanguage\":\"es\",\"@id\":\"http:\/\/vincentians.com\/es\/#\/schema\/person\/image\/\",\"url\":\"https:\/\/secure.gravatar.com\/avatar\/497d5cde87b4c3d097d0315953521681ba2cd523ee66e5077c3711f7021e65de?s=96&d=mm&r=g\",\"contentUrl\":\"https:\/\/secure.gravatar.com\/avatar\/497d5cde87b4c3d097d0315953521681ba2cd523ee66e5077c3711f7021e65de?s=96&d=mm&r=g\",\"caption\":\"Francisco Javier Fern\u00e1ndez Chento\"},\"description\":\"Director General y cofundador de La Red de Formaci\u00f3n Vicenciana. Javier es laico vicenciano, afiliado a la Congregaci\u00f3n de la Misi\u00f3n y miembro del Equipo de Misiones Populares de la provincia can\u00f3nica de Zaragoza (Espa\u00f1a) de la Congregaci\u00f3n de la Misi\u00f3n. Graduado en la Universidad Oberta de Catalunya con cuatro grados (Asistente de direcci\u00f3n, Gesti\u00f3n Administrativa, Recursos Humanos y Contabilidad Avanzada). Bil\u00edng\u00fce Espa\u00f1ol\/Ingl\u00e9s. gestiona y mantiene varias p\u00e1ginas web cristianas y vicencianas, incluida including La Red de Formaci\u00f3n Vicenciana, de la que es cofundador. Actualmente es responsable del \u00e1rea de Espa\u00f1ol de .famvin, la Red de Noticias de la Familia Vicenciana. Tambi\u00e9n es m\u00fasico cat\u00f3lico y ha editado varios discos. Es Director General y cofundador de Trovador, una reconocida compa\u00f1\u00eda discogr\u00e1fica critiana de Espa\u00f1a. Trabaja en las Tecnolog\u00edas de la Informaci\u00f3n, ofreciendo servicios de alojamiento, dise\u00f1o y mantenimiento Web, as\u00ed como asesoramiento, formaci\u00f3n y soluciones inform\u00e1ticas, gesti\u00f3n documental y digitalizaci\u00f3n de textos, edici\u00f3n y maquetaci\u00f3n de libros, revistas, flyers, etc.\",\"sameAs\":[\"http:\/\/chento.org\",\"https:\/\/www.facebook.com\/JavierChento\",\"https:\/\/x.com\/https:\/\/twitter.com\/javierchento\"],\"url\":\"https:\/\/vincentians.com\/es\/author\/chento\/\"}]}<\/script>\n<!-- \/ Yoast SEO plugin. -->","yoast_head_json":{"title":"Luc\u00eda Rog\u00e9: Circular de Renovaci\u00f3n, 1977 - Somos Vicencianos","robots":{"index":"index","follow":"follow","max-snippet":"max-snippet:-1","max-image-preview":"max-image-preview:large","max-video-preview":"max-video-preview:-1"},"canonical":"https:\/\/vincentians.com\/es\/lucia-roge-circular-de-renovacion-1977\/","og_locale":"es_ES","og_type":"article","og_title":"Luc\u00eda Rog\u00e9: Circular de Renovaci\u00f3n, 1977 - Somos Vicencianos","og_description":"CASTIDAD Y SERVICIO Par\u00eds, 2 de febrero de 1977 Mis queridas Hermanas: Despu\u00e9s de haber presentado, en nombre de todas ustedes, a nues\u00adtro Superior General, la petici\u00f3n de renovar los votos, nos concede esta gracia ... Read More","og_url":"https:\/\/vincentians.com\/es\/lucia-roge-circular-de-renovacion-1977\/","og_site_name":"Somos Vicencianos","article_publisher":"https:\/\/www.facebook.com\/WeAreVincentians\/","article_author":"https:\/\/www.facebook.com\/JavierChento","article_published_time":"2020-06-01T05:30:51+00:00","og_image":[{"width":1200,"height":630,"url":"https:\/\/i0.wp.com\/vincentians.com\/es\/wp-content\/uploads\/sites\/11\/2016\/07\/escritos-lucia-roge.jpg?fit=1200%2C630&ssl=1","type":"image\/jpeg"}],"author":"Francisco Javier Fern\u00e1ndez Chento","twitter_card":"summary_large_image","twitter_creator":"@https:\/\/twitter.com\/javierchento","twitter_site":"@WeVincentians","twitter_misc":{"Escrito por":"Francisco Javier Fern\u00e1ndez Chento","Tiempo de lectura":"19 minutos"},"schema":{"@context":"https:\/\/schema.org","@graph":[{"@type":"Article","@id":"https:\/\/vincentians.com\/es\/lucia-roge-circular-de-renovacion-1977\/#article","isPartOf":{"@id":"https:\/\/vincentians.com\/es\/lucia-roge-circular-de-renovacion-1977\/"},"author":{"name":"Francisco Javier Fern\u00e1ndez Chento","@id":"http:\/\/vincentians.com\/es\/#\/schema\/person\/9623ef4d9aa3b2dfb8c061f1499288f2"},"headline":"Luc\u00eda Rog\u00e9: Circular de Renovaci\u00f3n, 1977","datePublished":"2020-06-01T05:30:51+00:00","mainEntityOfPage":{"@id":"https:\/\/vincentians.com\/es\/lucia-roge-circular-de-renovacion-1977\/"},"wordCount":3840,"commentCount":0,"publisher":{"@id":"http:\/\/vincentians.com\/es\/#organization"},"image":{"@id":"https:\/\/vincentians.com\/es\/lucia-roge-circular-de-renovacion-1977\/#primaryimage"},"thumbnailUrl":"https:\/\/i0.wp.com\/vincentians.com\/es\/wp-content\/uploads\/sites\/11\/2016\/07\/escritos-lucia-roge.jpg?fit=1200%2C630&ssl=1","articleSection":["Escritos de Luc\u00eda Rog\u00e9"],"inLanguage":"es","potentialAction":[{"@type":"CommentAction","name":"Comment","target":["https:\/\/vincentians.com\/es\/lucia-roge-circular-de-renovacion-1977\/#respond"]}]},{"@type":"WebPage","@id":"https:\/\/vincentians.com\/es\/lucia-roge-circular-de-renovacion-1977\/","url":"https:\/\/vincentians.com\/es\/lucia-roge-circular-de-renovacion-1977\/","name":"Luc\u00eda Rog\u00e9: Circular de Renovaci\u00f3n, 1977 - Somos Vicencianos","isPartOf":{"@id":"http:\/\/vincentians.com\/es\/#website"},"primaryImageOfPage":{"@id":"https:\/\/vincentians.com\/es\/lucia-roge-circular-de-renovacion-1977\/#primaryimage"},"image":{"@id":"https:\/\/vincentians.com\/es\/lucia-roge-circular-de-renovacion-1977\/#primaryimage"},"thumbnailUrl":"https:\/\/i0.wp.com\/vincentians.com\/es\/wp-content\/uploads\/sites\/11\/2016\/07\/escritos-lucia-roge.jpg?fit=1200%2C630&ssl=1","datePublished":"2020-06-01T05:30:51+00:00","breadcrumb":{"@id":"https:\/\/vincentians.com\/es\/lucia-roge-circular-de-renovacion-1977\/#breadcrumb"},"inLanguage":"es","potentialAction":[{"@type":"ReadAction","target":["https:\/\/vincentians.com\/es\/lucia-roge-circular-de-renovacion-1977\/"]}]},{"@type":"ImageObject","inLanguage":"es","@id":"https:\/\/vincentians.com\/es\/lucia-roge-circular-de-renovacion-1977\/#primaryimage","url":"https:\/\/i0.wp.com\/vincentians.com\/es\/wp-content\/uploads\/sites\/11\/2016\/07\/escritos-lucia-roge.jpg?fit=1200%2C630&ssl=1","contentUrl":"https:\/\/i0.wp.com\/vincentians.com\/es\/wp-content\/uploads\/sites\/11\/2016\/07\/escritos-lucia-roge.jpg?fit=1200%2C630&ssl=1","width":1200,"height":630},{"@type":"BreadcrumbList","@id":"https:\/\/vincentians.com\/es\/lucia-roge-circular-de-renovacion-1977\/#breadcrumb","itemListElement":[{"@type":"ListItem","position":1,"name":"Portada","item":"http:\/\/vincentians.com\/es\/"},{"@type":"ListItem","position":2,"name":"Luc\u00eda Rog\u00e9: Circular de Renovaci\u00f3n, 1977"}]},{"@type":"WebSite","@id":"http:\/\/vincentians.com\/es\/#website","url":"http:\/\/vincentians.com\/es\/","name":"Somos Vicencianos","description":"Know more to serve more","publisher":{"@id":"http:\/\/vincentians.com\/es\/#organization"},"potentialAction":[{"@type":"SearchAction","target":{"@type":"EntryPoint","urlTemplate":"http:\/\/vincentians.com\/es\/?s={search_term_string}"},"query-input":{"@type":"PropertyValueSpecification","valueRequired":true,"valueName":"search_term_string"}}],"inLanguage":"es"},{"@type":"Organization","@id":"http:\/\/vincentians.com\/es\/#organization","name":"The Vincentian Network","url":"http:\/\/vincentians.com\/es\/","logo":{"@type":"ImageObject","inLanguage":"es","@id":"http:\/\/vincentians.com\/es\/#\/schema\/logo\/image\/","url":"https:\/\/i1.wp.com\/vincentians.com\/es\/wp-content\/uploads\/sites\/11\/2016\/06\/Vincentian-Network-logo-big.png?fit=778%2C778","contentUrl":"https:\/\/i1.wp.com\/vincentians.com\/es\/wp-content\/uploads\/sites\/11\/2016\/06\/Vincentian-Network-logo-big.png?fit=778%2C778","width":778,"height":778,"caption":"The Vincentian Network"},"image":{"@id":"http:\/\/vincentians.com\/es\/#\/schema\/logo\/image\/"},"sameAs":["https:\/\/www.facebook.com\/WeAreVincentians\/","https:\/\/x.com\/WeVincentians"]},{"@type":"Person","@id":"http:\/\/vincentians.com\/es\/#\/schema\/person\/9623ef4d9aa3b2dfb8c061f1499288f2","name":"Francisco Javier Fern\u00e1ndez Chento","image":{"@type":"ImageObject","inLanguage":"es","@id":"http:\/\/vincentians.com\/es\/#\/schema\/person\/image\/","url":"https:\/\/secure.gravatar.com\/avatar\/497d5cde87b4c3d097d0315953521681ba2cd523ee66e5077c3711f7021e65de?s=96&d=mm&r=g","contentUrl":"https:\/\/secure.gravatar.com\/avatar\/497d5cde87b4c3d097d0315953521681ba2cd523ee66e5077c3711f7021e65de?s=96&d=mm&r=g","caption":"Francisco Javier Fern\u00e1ndez Chento"},"description":"Director General y cofundador de La Red de Formaci\u00f3n Vicenciana. Javier es laico vicenciano, afiliado a la Congregaci\u00f3n de la Misi\u00f3n y miembro del Equipo de Misiones Populares de la provincia can\u00f3nica de Zaragoza (Espa\u00f1a) de la Congregaci\u00f3n de la Misi\u00f3n. Graduado en la Universidad Oberta de Catalunya con cuatro grados (Asistente de direcci\u00f3n, Gesti\u00f3n Administrativa, Recursos Humanos y Contabilidad Avanzada). Bil\u00edng\u00fce Espa\u00f1ol\/Ingl\u00e9s. gestiona y mantiene varias p\u00e1ginas web cristianas y vicencianas, incluida including La Red de Formaci\u00f3n Vicenciana, de la que es cofundador. Actualmente es responsable del \u00e1rea de Espa\u00f1ol de .famvin, la Red de Noticias de la Familia Vicenciana. Tambi\u00e9n es m\u00fasico cat\u00f3lico y ha editado varios discos. Es Director General y cofundador de Trovador, una reconocida compa\u00f1\u00eda discogr\u00e1fica critiana de Espa\u00f1a. Trabaja en las Tecnolog\u00edas de la Informaci\u00f3n, ofreciendo servicios de alojamiento, dise\u00f1o y mantenimiento Web, as\u00ed como asesoramiento, formaci\u00f3n y soluciones inform\u00e1ticas, gesti\u00f3n documental y digitalizaci\u00f3n de textos, edici\u00f3n y maquetaci\u00f3n de libros, revistas, flyers, etc.","sameAs":["http:\/\/chento.org","https:\/\/www.facebook.com\/JavierChento","https:\/\/x.com\/https:\/\/twitter.com\/javierchento"],"url":"https:\/\/vincentians.com\/es\/author\/chento\/"}]}},"jetpack_publicize_connections":[],"jetpack_featured_media_url":"https:\/\/i0.wp.com\/vincentians.com\/es\/wp-content\/uploads\/sites\/11\/2016\/07\/escritos-lucia-roge.jpg?fit=1200%2C630&ssl=1","jetpack_sharing_enabled":true,"jetpack_shortlink":"https:\/\/wp.me\/p7ETMF-93A","jetpack-related-posts":[{"id":387225,"url":"https:\/\/vincentians.com\/es\/no-resistir-al-espiritu-santo-para-las-hijas-de-la-caridad-que-van-a-renovar-los-votos\/","url_meta":{"origin":34818,"position":0},"title":"No resistir al Esp\u00edritu Santo: para las Hijas de la Caridad que van a renovar los votos","author":"Francisco Javier Fern\u00e1ndez Chento","date":"25\/03\/2016","format":false,"excerpt":"El hombre al que nada le falta El hombre moderno vive pendiente de la comodidad, de que no le falte nada, y su ideal es tener de todo sin sacrificarse en nada de lo que apetece, si no da\u00f1a a los dem\u00e1s. Esta caracter\u00edstica influye en las Hijas de la\u2026","rel":"","context":"En \u00abHijas de la Caridad\u00bb","block_context":{"text":"Hijas de la Caridad","link":"https:\/\/vincentians.com\/es\/category\/la-familia-vicenciana\/ramas\/hijas-de-la-caridad\/"},"img":{"alt_text":"renovacion","src":"https:\/\/i0.wp.com\/vicencianos.org\/wp-content\/uploads\/2016\/03\/renovacion.jpg?resize=350%2C200","width":350,"height":200,"srcset":"https:\/\/i0.wp.com\/vicencianos.org\/wp-content\/uploads\/2016\/03\/renovacion.jpg?resize=350%2C200 1x, https:\/\/i0.wp.com\/vicencianos.org\/wp-content\/uploads\/2016\/03\/renovacion.jpg?resize=525%2C300 1.5x, https:\/\/i0.wp.com\/vicencianos.org\/wp-content\/uploads\/2016\/03\/renovacion.jpg?resize=700%2C400 2x, https:\/\/i0.wp.com\/vicencianos.org\/wp-content\/uploads\/2016\/03\/renovacion.jpg?resize=1050%2C600 3x"},"classes":[]},{"id":109359,"url":"https:\/\/vincentians.com\/es\/los-consejos-evangelicos\/","url_meta":{"origin":34818,"position":1},"title":"Los consejos evang\u00e9licos","author":"Francisco Javier Fern\u00e1ndez Chento","date":"09\/06\/2015","format":false,"excerpt":"En todas las lenguas existe hoy una literatura amplia acerca de los CONSEJOS EVANGELICOS, en su relaci\u00f3n con la vida religiosa. Su vivencia es lo que da a la vida religiosa el car\u00e1cter de signo ante el mundo. Es nuestro deber estar al d\u00eda de lo que se va publicando\u2026","rel":"","context":"En \u00abEspiritualidad vicenciana\u00bb","block_context":{"text":"Espiritualidad vicenciana","link":"https:\/\/vincentians.com\/es\/category\/espiritualidad\/espiritualidad-vicenciana\/"},"img":{"alt_text":"fano_consejos","src":"https:\/\/i0.wp.com\/vicencianos.org\/wp-content\/2015\/06\/fano_consejos-300x205.jpg?resize=350%2C200","width":350,"height":200},"classes":[]},{"id":87688,"url":"https:\/\/vincentians.com\/es\/los-votos-en-la-compania\/","url_meta":{"origin":34818,"position":2},"title":"Los Votos en la Compa\u00f1\u00eda","author":"Francisco Javier Fern\u00e1ndez Chento","date":"27\/12\/2017","format":false,"excerpt":"Introducci\u00f3n Las Hijas de la Caridad ratifican su entrega total a Dios (consagraci\u00f3n) por medio de la renovaci\u00f3n anual de sus votos. Si la conferencia de ayer tuvo como tema la consagraci\u00f3n, parece l\u00f3gico que tratemos hoy sobre los votos. Quiz\u00e1 a algunas Hermanas les resulte un tema reiterativo y\u2026","rel":"","context":"En \u00abFormaci\u00f3n Vicenciana\u00bb","block_context":{"text":"Formaci\u00f3n Vicenciana","link":"https:\/\/vincentians.com\/es\/category\/formacion-vicenciana\/"},"img":{"alt_text":"","src":"https:\/\/i0.wp.com\/vincentians.com\/es\/wp-content\/uploads\/sites\/11\/2011\/11\/HIjas-Caridad.jpg?fit=1200%2C600&ssl=1&resize=350%2C200","width":350,"height":200,"srcset":"https:\/\/i0.wp.com\/vincentians.com\/es\/wp-content\/uploads\/sites\/11\/2011\/11\/HIjas-Caridad.jpg?fit=1200%2C600&ssl=1&resize=350%2C200 1x, https:\/\/i0.wp.com\/vincentians.com\/es\/wp-content\/uploads\/sites\/11\/2011\/11\/HIjas-Caridad.jpg?fit=1200%2C600&ssl=1&resize=525%2C300 1.5x, https:\/\/i0.wp.com\/vincentians.com\/es\/wp-content\/uploads\/sites\/11\/2011\/11\/HIjas-Caridad.jpg?fit=1200%2C600&ssl=1&resize=700%2C400 2x, https:\/\/i0.wp.com\/vincentians.com\/es\/wp-content\/uploads\/sites\/11\/2011\/11\/HIjas-Caridad.jpg?fit=1200%2C600&ssl=1&resize=1050%2C600 3x"},"classes":[]},{"id":45058,"url":"https:\/\/vincentians.com\/es\/lucia-roge-la-mision-ad-gentes\/","url_meta":{"origin":34818,"position":3},"title":"Luc\u00eda Rog\u00e9: La Misi\u00f3n Ad Gentes","author":"Francisco Javier Fern\u00e1ndez Chento","date":"06\/07\/2011","format":false,"excerpt":"Sor Luc\u00eda Rog\u00e9, H.C. Par\u00eds, octubre de 1975 Una vez m\u00e1s, la Compa\u00f1\u00eda de las Hijas de la Caridad, a trav\u00e9s de cada una de ustedes, responde al llamamiento \"Ad Gentes\" que durante la \u00faltima Asamblea General reafirmamos. \"La Misi\u00f3n ad Gentes est\u00e1 enraizada en la vocaci\u00f3n misma de la\u2026","rel":"","context":"En \u00abEscritos de Luc\u00eda Rog\u00e9\u00bb","block_context":{"text":"Escritos de Luc\u00eda Rog\u00e9","link":"https:\/\/vincentians.com\/es\/category\/escritos\/escritos-de-lucia-roge\/"},"img":{"alt_text":"","src":"https:\/\/i0.wp.com\/vincentians.com\/es\/wp-content\/uploads\/sites\/11\/2016\/07\/escritos-lucia-roge.jpg?fit=1200%2C630&ssl=1&resize=350%2C200","width":350,"height":200,"srcset":"https:\/\/i0.wp.com\/vincentians.com\/es\/wp-content\/uploads\/sites\/11\/2016\/07\/escritos-lucia-roge.jpg?fit=1200%2C630&ssl=1&resize=350%2C200 1x, https:\/\/i0.wp.com\/vincentians.com\/es\/wp-content\/uploads\/sites\/11\/2016\/07\/escritos-lucia-roge.jpg?fit=1200%2C630&ssl=1&resize=525%2C300 1.5x, https:\/\/i0.wp.com\/vincentians.com\/es\/wp-content\/uploads\/sites\/11\/2016\/07\/escritos-lucia-roge.jpg?fit=1200%2C630&ssl=1&resize=700%2C400 2x, https:\/\/i0.wp.com\/vincentians.com\/es\/wp-content\/uploads\/sites\/11\/2016\/07\/escritos-lucia-roge.jpg?fit=1200%2C630&ssl=1&resize=1050%2C600 3x"},"classes":[]},{"id":31685,"url":"https:\/\/vincentians.com\/es\/los-votos-de-las-hijas-de-la-caridad\/","url_meta":{"origin":34818,"position":4},"title":"Los Votos de las Hijas de la Caridad","author":"Francisco Javier Fern\u00e1ndez Chento","date":"27\/10\/2021","format":false,"excerpt":"Introducci\u00f3n San Vicente y Santa Luisa, cofundadores de la Compa\u00f1\u00eda de las Hijas de la Caridad, eran conscientes tanto de la novedad que supon\u00eda en la Iglesia ese nuevo modo de seguir a Cristo como de ser Dios su autor. Durante esta primera semana del mes vicenciano para los Directores\u2026","rel":"","context":"En \u00abHijas de la Caridad\u00bb","block_context":{"text":"Hijas de la Caridad","link":"https:\/\/vincentians.com\/es\/category\/la-familia-vicenciana\/ramas\/hijas-de-la-caridad\/"},"img":{"alt_text":"","src":"https:\/\/i0.wp.com\/vincentians.com\/es\/wp-content\/uploads\/sites\/11\/2011\/11\/HIjas-Caridad.jpg?fit=1200%2C600&ssl=1&resize=350%2C200","width":350,"height":200,"srcset":"https:\/\/i0.wp.com\/vincentians.com\/es\/wp-content\/uploads\/sites\/11\/2011\/11\/HIjas-Caridad.jpg?fit=1200%2C600&ssl=1&resize=350%2C200 1x, https:\/\/i0.wp.com\/vincentians.com\/es\/wp-content\/uploads\/sites\/11\/2011\/11\/HIjas-Caridad.jpg?fit=1200%2C600&ssl=1&resize=525%2C300 1.5x, https:\/\/i0.wp.com\/vincentians.com\/es\/wp-content\/uploads\/sites\/11\/2011\/11\/HIjas-Caridad.jpg?fit=1200%2C600&ssl=1&resize=700%2C400 2x, https:\/\/i0.wp.com\/vincentians.com\/es\/wp-content\/uploads\/sites\/11\/2011\/11\/HIjas-Caridad.jpg?fit=1200%2C600&ssl=1&resize=1050%2C600 3x"},"classes":[]},{"id":141957,"url":"https:\/\/vincentians.com\/es\/armarse-con-las-mismas-armas\/","url_meta":{"origin":34818,"position":5},"title":"\u00abArmarse con las mismas armas\u00bb","author":"Francisco Javier Fern\u00e1ndez Chento","date":"27\/04\/2015","format":false,"excerpt":"\u00abPor eso os digo que coj\u00e1is las armas que Dios da, para poder hacerlas frente (a las fuerzas del mal) en el mo\u00admento dif\u00edcil y acabar el combate sin perder terreno. Con que en pie: abrochaos el cintur\u00f3n de la verdad, por coraza poneos la honradez; bien calzados, dispuestos a\u2026","rel":"","context":"En \u00abEspiritualidad vicenciana\u00bb","block_context":{"text":"Espiritualidad vicenciana","link":"https:\/\/vincentians.com\/es\/category\/espiritualidad\/espiritualidad-vicenciana\/"},"img":{"alt_text":"dios escudo","src":"https:\/\/i0.wp.com\/vicencianos.org\/wp-content\/2015\/08\/dios-escudo-300x251.jpg?resize=350%2C200","width":350,"height":200},"classes":[]}],"_links":{"self":[{"href":"https:\/\/vincentians.com\/es\/wp-json\/wp\/v2\/posts\/34818","targetHints":{"allow":["GET"]}}],"collection":[{"href":"https:\/\/vincentians.com\/es\/wp-json\/wp\/v2\/posts"}],"about":[{"href":"https:\/\/vincentians.com\/es\/wp-json\/wp\/v2\/types\/post"}],"author":[{"embeddable":true,"href":"https:\/\/vincentians.com\/es\/wp-json\/wp\/v2\/users\/4"}],"replies":[{"embeddable":true,"href":"https:\/\/vincentians.com\/es\/wp-json\/wp\/v2\/comments?post=34818"}],"version-history":[{"count":1,"href":"https:\/\/vincentians.com\/es\/wp-json\/wp\/v2\/posts\/34818\/revisions"}],"predecessor-version":[{"id":402904,"href":"https:\/\/vincentians.com\/es\/wp-json\/wp\/v2\/posts\/34818\/revisions\/402904"}],"wp:featuredmedia":[{"embeddable":true,"href":"https:\/\/vincentians.com\/es\/wp-json\/wp\/v2\/media\/398623"}],"wp:attachment":[{"href":"https:\/\/vincentians.com\/es\/wp-json\/wp\/v2\/media?parent=34818"}],"wp:term":[{"taxonomy":"category","embeddable":true,"href":"https:\/\/vincentians.com\/es\/wp-json\/wp\/v2\/categories?post=34818"},{"taxonomy":"post_tag","embeddable":true,"href":"https:\/\/vincentians.com\/es\/wp-json\/wp\/v2\/tags?post=34818"}],"curies":[{"name":"wp","href":"https:\/\/api.w.org\/{rel}","templated":true}]}}