{"id":34576,"date":"2025-05-27T08:37:37","date_gmt":"2025-05-27T06:37:37","guid":{"rendered":"http:\/\/somos.vicencianos.org\/blog\/2011\/04\/el-senor-vicente-visto-por-su-secretario-luis-robineau-articulos-131-al-135\/"},"modified":"2024-08-22T20:41:22","modified_gmt":"2024-08-22T18:41:22","slug":"el-senor-vicente-visto-por-su-secretario-luis-robineau-articulos-131-al-135","status":"publish","type":"post","link":"https:\/\/vincentians.com\/es\/el-senor-vicente-visto-por-su-secretario-luis-robineau-articulos-131-al-135\/","title":{"rendered":"El se\u00f1or Vicente visto por su secretario, Luis Robineau. Art\u00edculos 131 al 135"},"content":{"rendered":"<h2><em>131. <\/em><em>Levantarse por la ma\u00f1ana a pesar de la inclemencia del tiempo y de sus enfermedades.<\/em><\/h2>\n<p>La puntualidad, al levantarse todas las ma\u00f1anas, a las cuatro, mien\u00adtras fue capaz de hacerlo sin miramientos a los rigores del invierno y a los insomnios de su cuerpo, hasta a veces con fiebre, todo eso, digo, s\u00f3lo da a entender una cosa: la gran devoci\u00f3n del Se\u00f1or Vicente.<span id='easy-footnote-1-34576' class='easy-footnote-margin-adjust'><\/span><span class='easy-footnote'><a href='https:\/\/vincentians.com\/es\/el-senor-vicente-visto-por-su-secretario-luis-robineau-articulos-131-al-135\/#easy-footnote-bottom-1-34576' title='Levantarse a las 4 de la ma\u00f1ana. Dificultades.&lt;\/p&gt;\n&lt;p&gt;\u20142 de agosto de 1640 (IX.28\/45).&lt;\/p&gt;\n&lt;p&gt;\u00abLes dir\u00e9 sencillamente qu\u00e9 es lo que hago yo. Me sucede muchas veces que no duermo por la noche, pero, a no ser que la fiebre me obligue a sudar, me levanto siempre a las cuatro, que es la hora de la Comunidad, pues tengo la experiencia de que me acostumbrar\u00eda f\u00e1cilmente a levantarme m\u00e1s tarde\u00bb (Abelly I.91).&lt;\/p&gt;\n&lt;p&gt;Y a pesar de todas sus ocupaciones y dem\u00e1s asuntos extraordina\u00adrios, que le sobreven\u00edan, \u00abno dejaba de levantarse todos los d\u00edas regu\u00adlarmente a las cuatro\u00bb.&lt;\/p&gt;\n&lt;p&gt;\u2014\u00bbSe levantaba regularmente a las cuatro \u2014como ya lo hemos di\u00adcho\u2014, aunque se acostara siempre muy tarde y pasara muchas no\u00adches sin poder descansar m\u00e1s de dos horas, tal como lo ha confesado algunas veces \u00e9l mismo\u00bb. (Abelly III.70-71)-&lt;\/p&gt;\n&lt;p&gt;\u2014(Abelly III.299): Se ha hecho notar que nunca ha acortado sus noches de vela en su ancianidad, levant\u00e1ndose siempre a la hora acos\u00adtumbrada de la Comunidad, aunque fuera el \u00faltimo en acostarse\u00bb.&lt;\/p&gt;\n&lt;p&gt;\u00abEste prudente y celoso Superior era tan exacto en los actos de su comunidad y, en particular, en la oraci\u00f3n de la ma\u00f1ana, que se levan\u00adtaba como los dem\u00e1s a las cuatro, aunque hubiera descansado poqu\u00ed\u00adsimo durante la noche por la incomodidad producida por la fiebre o por alg\u00fan otro impedimento; y hasta los d\u00edas en que deb\u00eda ser sangra\u00addo o tomar alguna medicina; y la ma\u00f1ana de esos d\u00edas hasta en su ancianidad no se relaj\u00f3 nada\u00bb (Abelly III.351).'><sup>1<\/sup><\/a><\/span>\n<h2><em><strong>132. <\/strong><\/em><em>Devoci\u00f3n a la Sant\u00edsima Virgen. Peregrinaci\u00f3n a Chartres.<\/em><\/h2>\n<p>Otro tanto hay que decir de los Sagrados Oficios, de las Misas Solemnes, que celebraba a menudo, especialmente en las grandes fiestas del a\u00f1o y de la Sant\u00edsima Virgen, de la cual parec\u00eda muy devo\u00adto. Esto se ve\u00eda en la celebraci\u00f3n de sus fiestas y en los consejos que daba a todos, de que le tuvieran una devoci\u00f3n muy especial. Un d\u00eda march\u00f3 en peregrinaci\u00f3n a Nuestra Se\u00f1ora de Chartres para obtener, por mediaci\u00f3n de la Sant\u00edsima Virgen, un cambio en Monse\u00f1or Alet, que no quer\u00eda en absoluto aceptar el obispado que el Se\u00f1or Vicente deseaba que se le diera.<span id='easy-footnote-2-34576' class='easy-footnote-margin-adjust'><\/span><span class='easy-footnote'><a href='https:\/\/vincentians.com\/es\/el-senor-vicente-visto-por-su-secretario-luis-robineau-articulos-131-al-135\/#easy-footnote-bottom-2-34576' title='Peregrinaci\u00f3n a Chartres, para que Nicol\u00e1s Pavillon acepte el obis\u00adpado.&lt;\/p&gt;\n&lt;p&gt;Nicol\u00e1s Pavillon, nacido en Par\u00eds, nombrado para Alet el 2 de junio de 1637; aceptado el 16 de mayo de 1639; consagrado, despu\u00e9s de un Retiro en San L\u00e1zaro bajo la direcci\u00f3n de Vicente de Pa\u00fal, el 21 de agosto de 1639 por Juan Francisco de Gondi, asistido por Felipe Cosp\u00e9an (Lisieux) y Enrique Litolfi (Bazas); falleci\u00f3 el 8 de diciem\u00adbre de 1677 en Alet (1.157\/214, nota 3).&lt;\/p&gt;\n&lt;p&gt;Antes de esa fecha, \u00abfue tambi\u00e9n (el Sr. Vicente) expresamente en peregrinaci\u00f3n a la iglesia de Chartres, a fin de obtener, por interce\u00adsi\u00f3n de aquella poderosa Abogada las luces necesarias para un ecle\u00adsi\u00e1stico nombrado para un obispado, y as\u00ed conocer la vocaci\u00f3n de Dios sobre \u00e9l para aquel sublime estado, pensando que aquel virtuoso eclesi\u00e1stico podr\u00eda prestar muy grandes servicios a la Iglesia, aunque le costara mucho decidirse por unos sentimientos de una humildad rar\u00edsima. (Abelly, III.92-93).'><sup>2<\/sup><\/a><\/span>\n<h2><em>133. <\/em><strong><em>Devoci\u00f3n a Nuestro Se\u00f1or \u2014La Misa\u2014. La abstinencia de los viernes por la noche.<\/em><\/strong><\/h2>\n<p>Su devoci\u00f3n todav\u00eda ha parecido mayor, me parece, a la santa hu\u00admanidad de Jesucristo; eso se notaba principalmente en el Santo Sa\u00adcrificio de la Misa, entonces, algunas veces, se le o\u00eda que suspiraba en voz baja y que se dejaba llevar por los impulsos; como tambi\u00e9n en la abstinencia, que impuso en la Compa\u00f1\u00eda el viernes por la noche de todas las semanas en honor de la pasi\u00f3n del mismo Salvador.<span id='easy-footnote-3-34576' class='easy-footnote-margin-adjust'><\/span><span class='easy-footnote'><a href='https:\/\/vincentians.com\/es\/el-senor-vicente-visto-por-su-secretario-luis-robineau-articulos-131-al-135\/#easy-footnote-bottom-3-34576' title='La Misa. Honor a la Pasi\u00f3n.&lt;\/p&gt;\n&lt;p&gt;Abelly (III.72-73) refiere las observaciones de los testigos. L. Robineau de unas indicaciones concretas: \u00abA veces se le o\u00eda suspirar en voz baja y dejarse llevar de los impulsos\u00bb. &amp;#8211; Las &lt;strong&gt;Reglas comunes &lt;\/strong&gt;distribu\u00eddas el 17 de mayo de 1658 prescriben esta pr\u00e1ctica: \u00abPara honrar en cierta manera la Pasi\u00f3n de Jesucristo, todos se contentar\u00e1n el viernes de cada semana en la cena con un solo plato, que ser\u00e1 de verdura o legumbres, salvo se est\u00e9 de misiones o de viaje\u00bb (R.C. X. 16).'><sup>3<\/sup><\/a><\/span>\n<h2><em>134. <\/em><em>Modo de celebrar la Misa.<\/em><\/h2>\n<p>A prop\u00f3sito de la Santa Misa, la dec\u00eda con tanta devoci\u00f3n y la pro\u00adnunciaba con tanta claridad, realizaba las dem\u00e1s ceremonias tan bien y tan respetuosamente, que causaba devoci\u00f3n a la gente, sin ser ni demasiado largo, ni demasiado breve, m\u00e1s bien largo que breve; le bastaba una media hora.<\/p>\n<h2><em>135. <\/em><em>Recitaci\u00f3n del Oficio arrodillado.<\/em><\/h2>\n<p>Le he visto con frecuencia decir el Oficio arrodillado, mientras las posibilidades y los males de las rodillas se lo han permitido.<\/p>\n","protected":false},"excerpt":{"rendered":"<p>131. Levantarse por la ma\u00f1ana a pesar de la inclemencia del tiempo y de sus enfermedades. La puntualidad, al levantarse todas las ma\u00f1anas, a las cuatro, mien\u00adtras fue capaz de hacerlo sin miramientos a los &#8230; <a href=\"https:\/\/vincentians.com\/es\/el-senor-vicente-visto-por-su-secretario-luis-robineau-articulos-131-al-135\/\" class=\"more-link\">Read More<\/a><\/p>\n","protected":false},"author":4,"featured_media":404925,"comment_status":"open","ping_status":"open","sticky":false,"template":"","format":"standard","meta":{"jetpack_post_was_ever_published":false,"_jetpack_newsletter_access":"","_jetpack_dont_email_post_to_subs":false,"_jetpack_newsletter_tier_id":0,"_jetpack_memberships_contains_paywalled_content":false,"_jetpack_memberships_contains_paid_content":false,"footnotes":"","jetpack_publicize_message":"","jetpack_publicize_feature_enabled":true,"jetpack_social_post_already_shared":true,"jetpack_social_options":{"image_generator_settings":{"template":"highway","default_image_id":0,"font":"","enabled":false},"version":2}},"categories":[311],"tags":[218,119,166,143],"class_list":["post-34576","post","type-post","status-publish","format-standard","has-post-thumbnail","hentry","category-escritos-de-luis-robineau","tag-abelly","tag-gondi","tag-robineau","tag-san-lazaro"],"yoast_head":"<!-- This site is optimized with the Yoast SEO plugin v26.3 - https:\/\/yoast.com\/wordpress\/plugins\/seo\/ -->\n<title>El se\u00f1or Vicente visto por su secretario, Luis Robineau. Art\u00edculos 131 al 135 - Somos Vicencianos<\/title>\n<meta name=\"robots\" content=\"index, follow, max-snippet:-1, max-image-preview:large, max-video-preview:-1\" \/>\n<link rel=\"canonical\" href=\"https:\/\/vincentians.com\/es\/el-senor-vicente-visto-por-su-secretario-luis-robineau-articulos-131-al-135\/\" \/>\n<meta property=\"og:locale\" content=\"es_ES\" \/>\n<meta property=\"og:type\" content=\"article\" \/>\n<meta property=\"og:title\" content=\"El se\u00f1or Vicente visto por su secretario, Luis Robineau. Art\u00edculos 131 al 135 - Somos Vicencianos\" \/>\n<meta property=\"og:description\" content=\"131. Levantarse por la ma\u00f1ana a pesar de la inclemencia del tiempo y de sus enfermedades. La puntualidad, al levantarse todas las ma\u00f1anas, a las cuatro, mien\u00adtras fue capaz de hacerlo sin miramientos a los ... Read More\" \/>\n<meta property=\"og:url\" content=\"https:\/\/vincentians.com\/es\/el-senor-vicente-visto-por-su-secretario-luis-robineau-articulos-131-al-135\/\" \/>\n<meta property=\"og:site_name\" content=\"Somos Vicencianos\" \/>\n<meta property=\"article:publisher\" content=\"https:\/\/www.facebook.com\/WeAreVincentians\/\" \/>\n<meta property=\"article:author\" content=\"https:\/\/www.facebook.com\/JavierChento\" \/>\n<meta property=\"article:published_time\" content=\"2025-05-27T06:37:37+00:00\" \/>\n<meta property=\"og:image\" content=\"https:\/\/i0.wp.com\/vincentians.com\/es\/wp-content\/uploads\/sites\/11\/2023\/08\/aaaf.jpg?fit=1875%2C1292&ssl=1\" \/>\n\t<meta property=\"og:image:width\" content=\"1875\" \/>\n\t<meta property=\"og:image:height\" content=\"1292\" \/>\n\t<meta property=\"og:image:type\" content=\"image\/jpeg\" \/>\n<meta name=\"author\" content=\"Francisco Javier Fern\u00e1ndez Chento\" \/>\n<meta name=\"twitter:card\" content=\"summary_large_image\" \/>\n<meta name=\"twitter:creator\" content=\"@https:\/\/twitter.com\/javierchento\" \/>\n<meta name=\"twitter:site\" content=\"@WeVincentians\" \/>\n<meta name=\"twitter:label1\" content=\"Escrito por\" \/>\n\t<meta name=\"twitter:data1\" content=\"Francisco Javier Fern\u00e1ndez Chento\" \/>\n\t<meta name=\"twitter:label2\" content=\"Tiempo de lectura\" \/>\n\t<meta name=\"twitter:data2\" content=\"5 minutos\" \/>\n<script type=\"application\/ld+json\" class=\"yoast-schema-graph\">{\"@context\":\"https:\/\/schema.org\",\"@graph\":[{\"@type\":\"Article\",\"@id\":\"https:\/\/vincentians.com\/es\/el-senor-vicente-visto-por-su-secretario-luis-robineau-articulos-131-al-135\/#article\",\"isPartOf\":{\"@id\":\"https:\/\/vincentians.com\/es\/el-senor-vicente-visto-por-su-secretario-luis-robineau-articulos-131-al-135\/\"},\"author\":{\"name\":\"Francisco Javier Fern\u00e1ndez Chento\",\"@id\":\"https:\/\/vincentians.com\/es\/#\/schema\/person\/9623ef4d9aa3b2dfb8c061f1499288f2\"},\"headline\":\"El se\u00f1or Vicente visto por su secretario, Luis Robineau. Art\u00edculos 131 al 135\",\"datePublished\":\"2025-05-27T06:37:37+00:00\",\"mainEntityOfPage\":{\"@id\":\"https:\/\/vincentians.com\/es\/el-senor-vicente-visto-por-su-secretario-luis-robineau-articulos-131-al-135\/\"},\"wordCount\":933,\"commentCount\":0,\"publisher\":{\"@id\":\"https:\/\/vincentians.com\/es\/#organization\"},\"image\":{\"@id\":\"https:\/\/vincentians.com\/es\/el-senor-vicente-visto-por-su-secretario-luis-robineau-articulos-131-al-135\/#primaryimage\"},\"thumbnailUrl\":\"https:\/\/i0.wp.com\/vincentians.com\/es\/wp-content\/uploads\/sites\/11\/2023\/08\/aaaf.jpg?fit=1875%2C1292&ssl=1\",\"keywords\":[\"Abelly\",\"Gondi\",\"Robineau\",\"San L\u00e1zaro\"],\"articleSection\":[\"Escritos de Luis Robineau\"],\"inLanguage\":\"es\",\"potentialAction\":[{\"@type\":\"CommentAction\",\"name\":\"Comment\",\"target\":[\"https:\/\/vincentians.com\/es\/el-senor-vicente-visto-por-su-secretario-luis-robineau-articulos-131-al-135\/#respond\"]}]},{\"@type\":\"WebPage\",\"@id\":\"https:\/\/vincentians.com\/es\/el-senor-vicente-visto-por-su-secretario-luis-robineau-articulos-131-al-135\/\",\"url\":\"https:\/\/vincentians.com\/es\/el-senor-vicente-visto-por-su-secretario-luis-robineau-articulos-131-al-135\/\",\"name\":\"El se\u00f1or Vicente visto por su secretario, Luis Robineau. Art\u00edculos 131 al 135 - Somos Vicencianos\",\"isPartOf\":{\"@id\":\"https:\/\/vincentians.com\/es\/#website\"},\"primaryImageOfPage\":{\"@id\":\"https:\/\/vincentians.com\/es\/el-senor-vicente-visto-por-su-secretario-luis-robineau-articulos-131-al-135\/#primaryimage\"},\"image\":{\"@id\":\"https:\/\/vincentians.com\/es\/el-senor-vicente-visto-por-su-secretario-luis-robineau-articulos-131-al-135\/#primaryimage\"},\"thumbnailUrl\":\"https:\/\/i0.wp.com\/vincentians.com\/es\/wp-content\/uploads\/sites\/11\/2023\/08\/aaaf.jpg?fit=1875%2C1292&ssl=1\",\"datePublished\":\"2025-05-27T06:37:37+00:00\",\"breadcrumb\":{\"@id\":\"https:\/\/vincentians.com\/es\/el-senor-vicente-visto-por-su-secretario-luis-robineau-articulos-131-al-135\/#breadcrumb\"},\"inLanguage\":\"es\",\"potentialAction\":[{\"@type\":\"ReadAction\",\"target\":[\"https:\/\/vincentians.com\/es\/el-senor-vicente-visto-por-su-secretario-luis-robineau-articulos-131-al-135\/\"]}]},{\"@type\":\"ImageObject\",\"inLanguage\":\"es\",\"@id\":\"https:\/\/vincentians.com\/es\/el-senor-vicente-visto-por-su-secretario-luis-robineau-articulos-131-al-135\/#primaryimage\",\"url\":\"https:\/\/i0.wp.com\/vincentians.com\/es\/wp-content\/uploads\/sites\/11\/2023\/08\/aaaf.jpg?fit=1875%2C1292&ssl=1\",\"contentUrl\":\"https:\/\/i0.wp.com\/vincentians.com\/es\/wp-content\/uploads\/sites\/11\/2023\/08\/aaaf.jpg?fit=1875%2C1292&ssl=1\",\"width\":1875,\"height\":1292},{\"@type\":\"BreadcrumbList\",\"@id\":\"https:\/\/vincentians.com\/es\/el-senor-vicente-visto-por-su-secretario-luis-robineau-articulos-131-al-135\/#breadcrumb\",\"itemListElement\":[{\"@type\":\"ListItem\",\"position\":1,\"name\":\"Portada\",\"item\":\"https:\/\/vincentians.com\/es\/\"},{\"@type\":\"ListItem\",\"position\":2,\"name\":\"El se\u00f1or Vicente visto por su secretario, Luis Robineau. Art\u00edculos 131 al 135\"}]},{\"@type\":\"WebSite\",\"@id\":\"https:\/\/vincentians.com\/es\/#website\",\"url\":\"https:\/\/vincentians.com\/es\/\",\"name\":\"Somos Vicencianos\",\"description\":\"Know more to serve more\",\"publisher\":{\"@id\":\"https:\/\/vincentians.com\/es\/#organization\"},\"potentialAction\":[{\"@type\":\"SearchAction\",\"target\":{\"@type\":\"EntryPoint\",\"urlTemplate\":\"https:\/\/vincentians.com\/es\/?s={search_term_string}\"},\"query-input\":{\"@type\":\"PropertyValueSpecification\",\"valueRequired\":true,\"valueName\":\"search_term_string\"}}],\"inLanguage\":\"es\"},{\"@type\":\"Organization\",\"@id\":\"https:\/\/vincentians.com\/es\/#organization\",\"name\":\"The Vincentian Network\",\"url\":\"https:\/\/vincentians.com\/es\/\",\"logo\":{\"@type\":\"ImageObject\",\"inLanguage\":\"es\",\"@id\":\"https:\/\/vincentians.com\/es\/#\/schema\/logo\/image\/\",\"url\":\"https:\/\/i1.wp.com\/vincentians.com\/es\/wp-content\/uploads\/sites\/11\/2016\/06\/Vincentian-Network-logo-big.png?fit=778%2C778\",\"contentUrl\":\"https:\/\/i1.wp.com\/vincentians.com\/es\/wp-content\/uploads\/sites\/11\/2016\/06\/Vincentian-Network-logo-big.png?fit=778%2C778\",\"width\":778,\"height\":778,\"caption\":\"The Vincentian Network\"},\"image\":{\"@id\":\"https:\/\/vincentians.com\/es\/#\/schema\/logo\/image\/\"},\"sameAs\":[\"https:\/\/www.facebook.com\/WeAreVincentians\/\",\"https:\/\/x.com\/WeVincentians\"]},{\"@type\":\"Person\",\"@id\":\"https:\/\/vincentians.com\/es\/#\/schema\/person\/9623ef4d9aa3b2dfb8c061f1499288f2\",\"name\":\"Francisco Javier Fern\u00e1ndez Chento\",\"image\":{\"@type\":\"ImageObject\",\"inLanguage\":\"es\",\"@id\":\"https:\/\/vincentians.com\/es\/#\/schema\/person\/image\/\",\"url\":\"https:\/\/secure.gravatar.com\/avatar\/497d5cde87b4c3d097d0315953521681ba2cd523ee66e5077c3711f7021e65de?s=96&d=mm&r=g\",\"contentUrl\":\"https:\/\/secure.gravatar.com\/avatar\/497d5cde87b4c3d097d0315953521681ba2cd523ee66e5077c3711f7021e65de?s=96&d=mm&r=g\",\"caption\":\"Francisco Javier Fern\u00e1ndez Chento\"},\"description\":\"Director General y cofundador de La Red de Formaci\u00f3n Vicenciana. Javier es laico vicenciano, afiliado a la Congregaci\u00f3n de la Misi\u00f3n y miembro del Equipo de Misiones Populares de la provincia can\u00f3nica de Zaragoza (Espa\u00f1a) de la Congregaci\u00f3n de la Misi\u00f3n. Graduado en la Universidad Oberta de Catalunya con cuatro grados (Asistente de direcci\u00f3n, Gesti\u00f3n Administrativa, Recursos Humanos y Contabilidad Avanzada). Bil\u00edng\u00fce Espa\u00f1ol\/Ingl\u00e9s. gestiona y mantiene varias p\u00e1ginas web cristianas y vicencianas, incluida including La Red de Formaci\u00f3n Vicenciana, de la que es cofundador. Actualmente es responsable del \u00e1rea de Espa\u00f1ol de .famvin, la Red de Noticias de la Familia Vicenciana. Tambi\u00e9n es m\u00fasico cat\u00f3lico y ha editado varios discos. Es Director General y cofundador de Trovador, una reconocida compa\u00f1\u00eda discogr\u00e1fica critiana de Espa\u00f1a. Trabaja en las Tecnolog\u00edas de la Informaci\u00f3n, ofreciendo servicios de alojamiento, dise\u00f1o y mantenimiento Web, as\u00ed como asesoramiento, formaci\u00f3n y soluciones inform\u00e1ticas, gesti\u00f3n documental y digitalizaci\u00f3n de textos, edici\u00f3n y maquetaci\u00f3n de libros, revistas, flyers, etc.\",\"sameAs\":[\"http:\/\/chento.org\",\"https:\/\/www.facebook.com\/JavierChento\",\"https:\/\/x.com\/https:\/\/twitter.com\/javierchento\"],\"url\":\"https:\/\/vincentians.com\/es\/author\/chento\/\"}]}<\/script>\n<!-- \/ Yoast SEO plugin. -->","yoast_head_json":{"title":"El se\u00f1or Vicente visto por su secretario, Luis Robineau. Art\u00edculos 131 al 135 - Somos Vicencianos","robots":{"index":"index","follow":"follow","max-snippet":"max-snippet:-1","max-image-preview":"max-image-preview:large","max-video-preview":"max-video-preview:-1"},"canonical":"https:\/\/vincentians.com\/es\/el-senor-vicente-visto-por-su-secretario-luis-robineau-articulos-131-al-135\/","og_locale":"es_ES","og_type":"article","og_title":"El se\u00f1or Vicente visto por su secretario, Luis Robineau. Art\u00edculos 131 al 135 - Somos Vicencianos","og_description":"131. Levantarse por la ma\u00f1ana a pesar de la inclemencia del tiempo y de sus enfermedades. La puntualidad, al levantarse todas las ma\u00f1anas, a las cuatro, mien\u00adtras fue capaz de hacerlo sin miramientos a los ... Read More","og_url":"https:\/\/vincentians.com\/es\/el-senor-vicente-visto-por-su-secretario-luis-robineau-articulos-131-al-135\/","og_site_name":"Somos Vicencianos","article_publisher":"https:\/\/www.facebook.com\/WeAreVincentians\/","article_author":"https:\/\/www.facebook.com\/JavierChento","article_published_time":"2025-05-27T06:37:37+00:00","og_image":[{"width":1875,"height":1292,"url":"https:\/\/i0.wp.com\/vincentians.com\/es\/wp-content\/uploads\/sites\/11\/2023\/08\/aaaf.jpg?fit=1875%2C1292&ssl=1","type":"image\/jpeg"}],"author":"Francisco Javier Fern\u00e1ndez Chento","twitter_card":"summary_large_image","twitter_creator":"@https:\/\/twitter.com\/javierchento","twitter_site":"@WeVincentians","twitter_misc":{"Escrito por":"Francisco Javier Fern\u00e1ndez Chento","Tiempo de lectura":"5 minutos"},"schema":{"@context":"https:\/\/schema.org","@graph":[{"@type":"Article","@id":"https:\/\/vincentians.com\/es\/el-senor-vicente-visto-por-su-secretario-luis-robineau-articulos-131-al-135\/#article","isPartOf":{"@id":"https:\/\/vincentians.com\/es\/el-senor-vicente-visto-por-su-secretario-luis-robineau-articulos-131-al-135\/"},"author":{"name":"Francisco Javier Fern\u00e1ndez Chento","@id":"https:\/\/vincentians.com\/es\/#\/schema\/person\/9623ef4d9aa3b2dfb8c061f1499288f2"},"headline":"El se\u00f1or Vicente visto por su secretario, Luis Robineau. Art\u00edculos 131 al 135","datePublished":"2025-05-27T06:37:37+00:00","mainEntityOfPage":{"@id":"https:\/\/vincentians.com\/es\/el-senor-vicente-visto-por-su-secretario-luis-robineau-articulos-131-al-135\/"},"wordCount":933,"commentCount":0,"publisher":{"@id":"https:\/\/vincentians.com\/es\/#organization"},"image":{"@id":"https:\/\/vincentians.com\/es\/el-senor-vicente-visto-por-su-secretario-luis-robineau-articulos-131-al-135\/#primaryimage"},"thumbnailUrl":"https:\/\/i0.wp.com\/vincentians.com\/es\/wp-content\/uploads\/sites\/11\/2023\/08\/aaaf.jpg?fit=1875%2C1292&ssl=1","keywords":["Abelly","Gondi","Robineau","San L\u00e1zaro"],"articleSection":["Escritos de Luis Robineau"],"inLanguage":"es","potentialAction":[{"@type":"CommentAction","name":"Comment","target":["https:\/\/vincentians.com\/es\/el-senor-vicente-visto-por-su-secretario-luis-robineau-articulos-131-al-135\/#respond"]}]},{"@type":"WebPage","@id":"https:\/\/vincentians.com\/es\/el-senor-vicente-visto-por-su-secretario-luis-robineau-articulos-131-al-135\/","url":"https:\/\/vincentians.com\/es\/el-senor-vicente-visto-por-su-secretario-luis-robineau-articulos-131-al-135\/","name":"El se\u00f1or Vicente visto por su secretario, Luis Robineau. Art\u00edculos 131 al 135 - Somos Vicencianos","isPartOf":{"@id":"https:\/\/vincentians.com\/es\/#website"},"primaryImageOfPage":{"@id":"https:\/\/vincentians.com\/es\/el-senor-vicente-visto-por-su-secretario-luis-robineau-articulos-131-al-135\/#primaryimage"},"image":{"@id":"https:\/\/vincentians.com\/es\/el-senor-vicente-visto-por-su-secretario-luis-robineau-articulos-131-al-135\/#primaryimage"},"thumbnailUrl":"https:\/\/i0.wp.com\/vincentians.com\/es\/wp-content\/uploads\/sites\/11\/2023\/08\/aaaf.jpg?fit=1875%2C1292&ssl=1","datePublished":"2025-05-27T06:37:37+00:00","breadcrumb":{"@id":"https:\/\/vincentians.com\/es\/el-senor-vicente-visto-por-su-secretario-luis-robineau-articulos-131-al-135\/#breadcrumb"},"inLanguage":"es","potentialAction":[{"@type":"ReadAction","target":["https:\/\/vincentians.com\/es\/el-senor-vicente-visto-por-su-secretario-luis-robineau-articulos-131-al-135\/"]}]},{"@type":"ImageObject","inLanguage":"es","@id":"https:\/\/vincentians.com\/es\/el-senor-vicente-visto-por-su-secretario-luis-robineau-articulos-131-al-135\/#primaryimage","url":"https:\/\/i0.wp.com\/vincentians.com\/es\/wp-content\/uploads\/sites\/11\/2023\/08\/aaaf.jpg?fit=1875%2C1292&ssl=1","contentUrl":"https:\/\/i0.wp.com\/vincentians.com\/es\/wp-content\/uploads\/sites\/11\/2023\/08\/aaaf.jpg?fit=1875%2C1292&ssl=1","width":1875,"height":1292},{"@type":"BreadcrumbList","@id":"https:\/\/vincentians.com\/es\/el-senor-vicente-visto-por-su-secretario-luis-robineau-articulos-131-al-135\/#breadcrumb","itemListElement":[{"@type":"ListItem","position":1,"name":"Portada","item":"https:\/\/vincentians.com\/es\/"},{"@type":"ListItem","position":2,"name":"El se\u00f1or Vicente visto por su secretario, Luis Robineau. Art\u00edculos 131 al 135"}]},{"@type":"WebSite","@id":"https:\/\/vincentians.com\/es\/#website","url":"https:\/\/vincentians.com\/es\/","name":"Somos Vicencianos","description":"Know more to serve more","publisher":{"@id":"https:\/\/vincentians.com\/es\/#organization"},"potentialAction":[{"@type":"SearchAction","target":{"@type":"EntryPoint","urlTemplate":"https:\/\/vincentians.com\/es\/?s={search_term_string}"},"query-input":{"@type":"PropertyValueSpecification","valueRequired":true,"valueName":"search_term_string"}}],"inLanguage":"es"},{"@type":"Organization","@id":"https:\/\/vincentians.com\/es\/#organization","name":"The Vincentian Network","url":"https:\/\/vincentians.com\/es\/","logo":{"@type":"ImageObject","inLanguage":"es","@id":"https:\/\/vincentians.com\/es\/#\/schema\/logo\/image\/","url":"https:\/\/i1.wp.com\/vincentians.com\/es\/wp-content\/uploads\/sites\/11\/2016\/06\/Vincentian-Network-logo-big.png?fit=778%2C778","contentUrl":"https:\/\/i1.wp.com\/vincentians.com\/es\/wp-content\/uploads\/sites\/11\/2016\/06\/Vincentian-Network-logo-big.png?fit=778%2C778","width":778,"height":778,"caption":"The Vincentian Network"},"image":{"@id":"https:\/\/vincentians.com\/es\/#\/schema\/logo\/image\/"},"sameAs":["https:\/\/www.facebook.com\/WeAreVincentians\/","https:\/\/x.com\/WeVincentians"]},{"@type":"Person","@id":"https:\/\/vincentians.com\/es\/#\/schema\/person\/9623ef4d9aa3b2dfb8c061f1499288f2","name":"Francisco Javier Fern\u00e1ndez Chento","image":{"@type":"ImageObject","inLanguage":"es","@id":"https:\/\/vincentians.com\/es\/#\/schema\/person\/image\/","url":"https:\/\/secure.gravatar.com\/avatar\/497d5cde87b4c3d097d0315953521681ba2cd523ee66e5077c3711f7021e65de?s=96&d=mm&r=g","contentUrl":"https:\/\/secure.gravatar.com\/avatar\/497d5cde87b4c3d097d0315953521681ba2cd523ee66e5077c3711f7021e65de?s=96&d=mm&r=g","caption":"Francisco Javier Fern\u00e1ndez Chento"},"description":"Director General y cofundador de La Red de Formaci\u00f3n Vicenciana. Javier es laico vicenciano, afiliado a la Congregaci\u00f3n de la Misi\u00f3n y miembro del Equipo de Misiones Populares de la provincia can\u00f3nica de Zaragoza (Espa\u00f1a) de la Congregaci\u00f3n de la Misi\u00f3n. Graduado en la Universidad Oberta de Catalunya con cuatro grados (Asistente de direcci\u00f3n, Gesti\u00f3n Administrativa, Recursos Humanos y Contabilidad Avanzada). Bil\u00edng\u00fce Espa\u00f1ol\/Ingl\u00e9s. gestiona y mantiene varias p\u00e1ginas web cristianas y vicencianas, incluida including La Red de Formaci\u00f3n Vicenciana, de la que es cofundador. Actualmente es responsable del \u00e1rea de Espa\u00f1ol de .famvin, la Red de Noticias de la Familia Vicenciana. Tambi\u00e9n es m\u00fasico cat\u00f3lico y ha editado varios discos. Es Director General y cofundador de Trovador, una reconocida compa\u00f1\u00eda discogr\u00e1fica critiana de Espa\u00f1a. Trabaja en las Tecnolog\u00edas de la Informaci\u00f3n, ofreciendo servicios de alojamiento, dise\u00f1o y mantenimiento Web, as\u00ed como asesoramiento, formaci\u00f3n y soluciones inform\u00e1ticas, gesti\u00f3n documental y digitalizaci\u00f3n de textos, edici\u00f3n y maquetaci\u00f3n de libros, revistas, flyers, etc.","sameAs":["http:\/\/chento.org","https:\/\/www.facebook.com\/JavierChento","https:\/\/x.com\/https:\/\/twitter.com\/javierchento"],"url":"https:\/\/vincentians.com\/es\/author\/chento\/"}]}},"jetpack_publicize_connections":[],"jetpack_featured_media_url":"https:\/\/i0.wp.com\/vincentians.com\/es\/wp-content\/uploads\/sites\/11\/2023\/08\/aaaf.jpg?fit=1875%2C1292&ssl=1","jetpack_sharing_enabled":true,"jetpack_shortlink":"https:\/\/wp.me\/p7ETMF-8ZG","jetpack-related-posts":[{"id":38062,"url":"https:\/\/vincentians.com\/es\/el-senor-vicente-visto-por-su-secretario-luis-robineau-articulos-166-al-170\/","url_meta":{"origin":34576,"position":0},"title":"El se\u00f1or Vicente visto por su secretario, Luis Robineau. Art\u00edculos 166 al 170","author":"Francisco Javier Fern\u00e1ndez Chento","date":"04\/03\/2014","format":false,"excerpt":"166. Aguanta unos insultos en un pleito. Un d\u00eda sufri\u00f3 con tanta humildad y paciencia los insultos, palabras injuriosas y ofensivas, que le dijo la parte contraria en presencia, ade\u00adm\u00e1s, de algunos externos, que uno de dichos abogados me ha dicho, que era admirable ver con qu\u00e9 paciencia toleraba el\u2026","rel":"","context":"En \u00abEscritos de Luis Robineau\u00bb","block_context":{"text":"Escritos de Luis Robineau","link":"https:\/\/vincentians.com\/es\/category\/escritos\/escritos-de-luis-robineau\/"},"img":{"alt_text":"","src":"","width":0,"height":0},"classes":[]},{"id":41987,"url":"https:\/\/vincentians.com\/es\/el-senor-vicente-visto-por-su-secretario-luis-robineau-articulos-246-al-250\/","url_meta":{"origin":34576,"position":1},"title":"El se\u00f1or Vicente visto por su secretario, Luis Robineau. Art\u00edculos 246 al 250","author":"Francisco Javier Fern\u00e1ndez Chento","date":"20\/03\/2014","format":false,"excerpt":"246. El verdadero misionero debe arriesgarse. Eso es tambi\u00e9n lo que le hac\u00eda decir que no seremos verdaderos cristianos hasta que no estemos dispuestos a perder todo por el amor de Dios, y a dar nuestras vidas por Jesucristo. Notas del P. Dodin: Sentencia omitida por L. Abelly. 247. El\u2026","rel":"","context":"En \u00abEscritos de Luis Robineau\u00bb","block_context":{"text":"Escritos de Luis Robineau","link":"https:\/\/vincentians.com\/es\/category\/escritos\/escritos-de-luis-robineau\/"},"img":{"alt_text":"","src":"","width":0,"height":0},"classes":[]},{"id":39737,"url":"https:\/\/vincentians.com\/es\/el-senor-vicente-visto-por-su-secretario-luis-robineau-articulos-196-al-200\/","url_meta":{"origin":34576,"position":2},"title":"El se\u00f1or Vicente visto por su secretario, Luis Robineau. Art\u00edculos 196 al 200","author":"Francisco Javier Fern\u00e1ndez Chento","date":"10\/03\/2014","format":false,"excerpt":"196.Es opuesto a usar guantes. Nos dijo un d\u00eda que la costumbre de la Compa\u00f1\u00eda siempre hab\u00eda sido la de no llevar guantes, incluso en invierno, excepto algunas ve\u00adces, cuando se va al campo para defenderse del fr\u00edo. \u00a0 Notas del P. Dodin: No hay ninguna prohibici\u00f3n escrita sobre llevar\u2026","rel":"","context":"En \u00abEscritos de Luis Robineau\u00bb","block_context":{"text":"Escritos de Luis Robineau","link":"https:\/\/vincentians.com\/es\/category\/escritos\/escritos-de-luis-robineau\/"},"img":{"alt_text":"","src":"","width":0,"height":0},"classes":[]},{"id":41341,"url":"https:\/\/vincentians.com\/es\/el-senor-vicente-visto-por-su-secretario-luis-robineau-articulos-216-al-220\/","url_meta":{"origin":34576,"position":3},"title":"El se\u00f1or Vicente visto por su secretario, Luis Robineau. Art\u00edculos 216 al 220","author":"Francisco Javier Fern\u00e1ndez Chento","date":"14\/03\/2014","format":false,"excerpt":"216. Los impulsos y suspiros del Se\u00f1or Vicente. Los impulsos y los suspiros, que se le o\u00edan a menudo tanto al cele\u00adbrar, como en la oraci\u00f3n, o durante el d\u00eda, dejaban traslucir su gran celo y amor de Dios. Notas del P. Dodin: L. Abelly, III.67-74. 217. Asiduidad a la\u2026","rel":"","context":"En \u00abEscritos de Luis Robineau\u00bb","block_context":{"text":"Escritos de Luis Robineau","link":"https:\/\/vincentians.com\/es\/category\/escritos\/escritos-de-luis-robineau\/"},"img":{"alt_text":"","src":"","width":0,"height":0},"classes":[]},{"id":34575,"url":"https:\/\/vincentians.com\/es\/el-senor-vicente-visto-por-su-secretario-luis-robineau-articulos-126-al-130\/","url_meta":{"origin":34576,"position":4},"title":"El se\u00f1or Vicente visto por su secretario, Luis Robineau. Art\u00edculos 126 al 130","author":"Francisco Javier Fern\u00e1ndez Chento","date":"15\/05\/2025","format":false,"excerpt":"126. Pronto pago de los pr\u00e9stamos y de las letras de cambio. Se preocupaba mucho porque se pagara pronto lo que deb\u00edan, so\u00adbre todo, cuando se trataba de dinero o de letras de cambio, y le dol\u00eda que los acreedores vinieran dos o tres veces a pedirlo. Si por casua\u00adlidad\u2026","rel":"","context":"En \u00abEscritos de Luis Robineau\u00bb","block_context":{"text":"Escritos de Luis Robineau","link":"https:\/\/vincentians.com\/es\/category\/escritos\/escritos-de-luis-robineau\/"},"img":{"alt_text":"","src":"https:\/\/i0.wp.com\/vincentians.com\/es\/wp-content\/uploads\/sites\/11\/2023\/08\/aaaf.jpg?fit=1200%2C827&ssl=1&resize=350%2C200","width":350,"height":200,"srcset":"https:\/\/i0.wp.com\/vincentians.com\/es\/wp-content\/uploads\/sites\/11\/2023\/08\/aaaf.jpg?fit=1200%2C827&ssl=1&resize=350%2C200 1x, https:\/\/i0.wp.com\/vincentians.com\/es\/wp-content\/uploads\/sites\/11\/2023\/08\/aaaf.jpg?fit=1200%2C827&ssl=1&resize=525%2C300 1.5x, https:\/\/i0.wp.com\/vincentians.com\/es\/wp-content\/uploads\/sites\/11\/2023\/08\/aaaf.jpg?fit=1200%2C827&ssl=1&resize=700%2C400 2x, https:\/\/i0.wp.com\/vincentians.com\/es\/wp-content\/uploads\/sites\/11\/2023\/08\/aaaf.jpg?fit=1200%2C827&ssl=1&resize=1050%2C600 3x"},"classes":[]},{"id":30765,"url":"https:\/\/vincentians.com\/es\/el-senor-vicente-visto-por-su-secretario-luis-robineau-articulos-041-al-045\/","url_meta":{"origin":34576,"position":5},"title":"El se\u00f1or Vicente visto por su secretario, Luis Robineau. Art\u00edculos 041 al 045","author":"Francisco Javier Fern\u00e1ndez Chento","date":"23\/12\/2024","format":false,"excerpt":"041. Rechaza una colgadura para su cama. En otra ocasi\u00f3n, le pusieron una peque\u00f1a colgadura en su peque\u00f1a habitaci\u00f3n alrededor del jerg\u00f3n a causa del fr\u00edo y de la incomodidad que sufr\u00eda en su cuerpo. La quit\u00f3 de encima \"porque \u2014me dijo\u2014 aque\u00adllo le daba verg\u00fcenza\". Al margen: Ver lo\u2026","rel":"","context":"En \u00abEscritos de Luis Robineau\u00bb","block_context":{"text":"Escritos de Luis Robineau","link":"https:\/\/vincentians.com\/es\/category\/escritos\/escritos-de-luis-robineau\/"},"img":{"alt_text":"","src":"https:\/\/i0.wp.com\/vincentians.com\/es\/wp-content\/uploads\/sites\/11\/2013\/04\/Cuba4.png?fit=1200%2C715&ssl=1&resize=350%2C200","width":350,"height":200,"srcset":"https:\/\/i0.wp.com\/vincentians.com\/es\/wp-content\/uploads\/sites\/11\/2013\/04\/Cuba4.png?fit=1200%2C715&ssl=1&resize=350%2C200 1x, https:\/\/i0.wp.com\/vincentians.com\/es\/wp-content\/uploads\/sites\/11\/2013\/04\/Cuba4.png?fit=1200%2C715&ssl=1&resize=525%2C300 1.5x, https:\/\/i0.wp.com\/vincentians.com\/es\/wp-content\/uploads\/sites\/11\/2013\/04\/Cuba4.png?fit=1200%2C715&ssl=1&resize=700%2C400 2x, https:\/\/i0.wp.com\/vincentians.com\/es\/wp-content\/uploads\/sites\/11\/2013\/04\/Cuba4.png?fit=1200%2C715&ssl=1&resize=1050%2C600 3x"},"classes":[]}],"_links":{"self":[{"href":"https:\/\/vincentians.com\/es\/wp-json\/wp\/v2\/posts\/34576","targetHints":{"allow":["GET"]}}],"collection":[{"href":"https:\/\/vincentians.com\/es\/wp-json\/wp\/v2\/posts"}],"about":[{"href":"https:\/\/vincentians.com\/es\/wp-json\/wp\/v2\/types\/post"}],"author":[{"embeddable":true,"href":"https:\/\/vincentians.com\/es\/wp-json\/wp\/v2\/users\/4"}],"replies":[{"embeddable":true,"href":"https:\/\/vincentians.com\/es\/wp-json\/wp\/v2\/comments?post=34576"}],"version-history":[{"count":1,"href":"https:\/\/vincentians.com\/es\/wp-json\/wp\/v2\/posts\/34576\/revisions"}],"predecessor-version":[{"id":405954,"href":"https:\/\/vincentians.com\/es\/wp-json\/wp\/v2\/posts\/34576\/revisions\/405954"}],"wp:featuredmedia":[{"embeddable":true,"href":"https:\/\/vincentians.com\/es\/wp-json\/wp\/v2\/media\/404925"}],"wp:attachment":[{"href":"https:\/\/vincentians.com\/es\/wp-json\/wp\/v2\/media?parent=34576"}],"wp:term":[{"taxonomy":"category","embeddable":true,"href":"https:\/\/vincentians.com\/es\/wp-json\/wp\/v2\/categories?post=34576"},{"taxonomy":"post_tag","embeddable":true,"href":"https:\/\/vincentians.com\/es\/wp-json\/wp\/v2\/tags?post=34576"}],"curies":[{"name":"wp","href":"https:\/\/api.w.org\/{rel}","templated":true}]}}