{"id":34575,"date":"2025-05-15T08:13:37","date_gmt":"2025-05-15T06:13:37","guid":{"rendered":"http:\/\/somos.vicencianos.org\/blog\/2011\/04\/el-senor-vicente-visto-por-su-secretario-luis-robineau-articulos-126-al-130\/"},"modified":"2024-08-22T20:14:34","modified_gmt":"2024-08-22T18:14:34","slug":"el-senor-vicente-visto-por-su-secretario-luis-robineau-articulos-126-al-130","status":"publish","type":"post","link":"https:\/\/vincentians.com\/es\/el-senor-vicente-visto-por-su-secretario-luis-robineau-articulos-126-al-130\/","title":{"rendered":"El se\u00f1or Vicente visto por su secretario, Luis Robineau. Art\u00edculos 126 al 130"},"content":{"rendered":"<h2><em>126. <\/em><em>Pronto pago de los pr\u00e9stamos y de las letras de cambio.<\/em><\/h2>\n<p>Se preocupaba mucho porque se pagara pronto lo que deb\u00edan, so\u00adbre todo, cuando se trataba de dinero o de letras de cambio, y le dol\u00eda que los acreedores vinieran dos o tres veces a pedirlo. Si por casua\u00adlidad dichas personas se dirig\u00edan donde \u00e9l, les dec\u00eda que no se moles\u00adtaran en volver de nuevo, que \u00e9l les mandar\u00eda el dinero, y si no sab\u00eda d\u00f3nde viv\u00edan, lo que suced\u00eda bastante a menudo, particularmente cuan\u00addo se trataba de banqueros, que dispon\u00edan las letras de cambio pen\u00addientes de \u00e9l, mandaba que les tomaran la direcci\u00f3n y enviaba expresamente a la casa de ellos a alguno de la comunidad para llevar el dinero. Y en una ocasi\u00f3n le habl\u00e9 y le dije que no hac\u00eda falta m\u00e1s que dejarles venir en busca de su dinero, sin molestarse en remit\u00edrselo. Me manifest\u00f3 que no le agradaba aquel modo de hablar, pues cre\u00eda que no era justo molestar a unas personas haci\u00e9ndoles venir hasta tres y cuatro veces para hacerse con una cosa que les era leg\u00edtima\u00admente debida, y en cuanto al salario o al sueldo de los servidores o criados, quer\u00eda que les pagaran escrupulosamente.<span id='easy-footnote-1-34575' class='easy-footnote-margin-adjust'><\/span><span class='easy-footnote'><a href='https:\/\/vincentians.com\/es\/el-senor-vicente-visto-por-su-secretario-luis-robineau-articulos-126-al-130\/#easy-footnote-bottom-1-34575' title='Episodio omitido por L. Abelly 1664.'><sup>1<\/sup><\/a><\/span>\n<h2><em><strong>127. <\/strong><\/em><strong><em>El Se\u00f1or Vicente hace corregir una carta de las Salesas dirigida al Papa Alejandro VII.<\/em><\/strong><\/h2>\n<p>Cuando Nuestro Santo Padre el Papa Alejandro VII, actualmente en la c\u00e1tedra de San Pedro, fue elegido Papa, las religiosas de la Visitaci\u00f3n de Santa Mar\u00eda de Par\u00eds quisieron escribir a Su Santidad para felicitarle, entre otras cosas, porque se hab\u00edan enterado de que Su Santidad ten\u00eda una devoci\u00f3n particular al bienaventurado Francis\u00adco de Sales, obispo de Ginebra, su Padre y Fundador, cuya estampa llevaba consigo Su Santidad; y una vez escrita la carta, las buenas religiosas la enviaron, por medio del Se\u00f1or Chevalier, sacerdote, al Se\u00f1or Vicente, como a su Padre espiritual, con el fin de que tuviera a bien verla antes de remitirla a Roma. Pues bien, cuando la ley\u00f3 el Se\u00f1or Vicente, vio que un pasaje de dicha carta pon\u00eda que se cre\u00eda que Su Santidad hab\u00eda sido elevado al soberano pontificado gracias al bienaventurado Francisco de Sales, quien le hab\u00eda procurado dicha dignidad en la tierra. El Se\u00f1or Vicente exclam\u00f3 ante aquello diciendo: \u00ab\u00a1Oh Jes\u00fas! \u00a1No hay que poner esto!, sino que ha sido elevado al soberano pontificado por su m\u00e9rito y santidad de vida\u00bb.<span id='easy-footnote-2-34575' class='easy-footnote-margin-adjust'><\/span><span class='easy-footnote'><a href='https:\/\/vincentians.com\/es\/el-senor-vicente-visto-por-su-secretario-luis-robineau-articulos-126-al-130\/#easy-footnote-bottom-2-34575' title='Episodio omitido por L. Abelly 1664. Alejandro VII hab\u00eda sido ele\u00adgido el 7 de abril de 1655.'><sup>2<\/sup><\/a><\/span>\n<h2><em>128. <\/em><strong><em>Sencillez en las cartas.<\/em><\/strong><\/h2>\n<p>Asiste a Luis XIII en sus \u00faltimos momentos.<\/p>\n<p>La virtud de la prudencia del Se\u00f1or Vicente era considerable, hasta el punto de que lo honraban y serv\u00edan los m\u00e1s grandes del Reino, y el Alt\u00edsimo y Cristian\u00edsimo Rey de Francia y de Navarra, Luis XIII, llamado el Justo, lo quiso tener junto a s\u00ed durante los \u00faltimos d\u00edas de su enfermedad, y que le asistiera junto al lecho de muerte, y si es que se puede hablar de este modo, este gran Rey quiso morir en los brazos del Se\u00f1or Vicente.<\/p>\n<p>Poco antes de morir, sacando el brazo de la cama, en la que estaba acostado, dijo al Se\u00f1or Vicente: \u00ab\u00bfEs esto el brazo de un Rey? Mire, los reyes son como los dem\u00e1s hombres\u00bb.<\/p>\n<p>Y la ventana de la habitaci\u00f3n del castillo de Saint-Germain en don\u00adde estaba el Rey, se la abrieron a la luz del d\u00eda; y como el aire era entonces tan transparente y tan limpio, que f\u00e1cilmente se ve\u00eda la pun\u00adta del campanario de Saint-Denis, aquel bueno y piados\u00edsimo Rey dijo m\u00e1s o menos estas otras palabras: \u00abMire all\u00ed el claustro de la iglesia adonde llevar\u00e1n pronto mi cuerpo\u00bb. Eso es lo que yo le he o\u00eddo decir en diversas ocasiones al difunto Se\u00f1or Vicente, y si no son sus mis\u00admas palabras, al menos es casi lo sustancial.<\/p>\n<p><em>Nota. Llamaron al Se\u00f1or Vicente a la cabecera de Luis XIII, en Saint-Germain-en-Laye, a petici\u00f3n de Ana de Austria y en ausencia del P. Dinet, confesor del Rey.<\/em><\/p>\n<p><em>El Se\u00f1or Vicente lleg\u00f3 el 23 de abril. Se produjo una mejo\u00adr\u00eda despu\u00e9s del mediod\u00eda del 24. Con el acompa\u00f1amiento de cuatro Se\u00f1ores, el Rey, acompa\u00f1\u00e1ndose con el la\u00fad, cant\u00f3 salmos con melod\u00edas compuestas por \u00e9l.<\/em><\/p>\n<p><em>El 5 de mayo, el Rey experiment\u00f3 copiosos sudores. El 9, echa en cara a los m\u00e9dicos su estado.<\/em><\/p>\n<p>El 12, se confiesa y comulga.<\/p>\n<p>Vicente vuelve el 12 de mayo (11.393\/327; Abelly, 111.88. Rob.73).<\/p>\n<p>Luis XIII muere el 14 de mayo (jueves), entre las 14 y 15 horas.<\/p>\n<p>El obispo de Lisieux (Felipe Cosp\u00e9an) y el de Meaux le cie\u00adrran los ojos.<\/p>\n<p>Ana de Austria y sus dos hijos entran de nuevo en Par\u00eds ese mismo d\u00eda.<\/p>\n<p>Viernes 15, a las 6, autopsia y embalsamamiento.<\/p>\n<p>Lunes 18, el Rey y la Reina en la Santa Capilla y en el Par\u00adlamento. El Rey inaugura las sesiones del Parlamento.<\/p>\n<p>19 de mayo, el cuerpo es llevado a Saint-Denis. Victoria de Rocroi.<\/p>\n<p>20 de mayo, exequias. Limosna a 10.000 pobres.<\/p>\n<p><em>22 de mayo, misa funeral celebrada por el Cardenal de Lyon. <\/em><em>Asisten los Obispos de Bazas, Amiens, Saint-Brieuc, Marse\u00adlla.<\/em><span id='easy-footnote-3-34575' class='easy-footnote-margin-adjust'><\/span><span class='easy-footnote'><a href='https:\/\/vincentians.com\/es\/el-senor-vicente-visto-por-su-secretario-luis-robineau-articulos-126-al-130\/#easy-footnote-bottom-3-34575' title='Episodio omitido por L. Abelly 1664.'><sup>3<\/sup><\/a><\/span>\n<h2><em>129. <\/em><em>Sencillez y ciencia.<\/em><\/h2>\n<p><strong><em>Forma de invitar a los religiosos a llevar los cabellos cortos.<\/em><\/strong><\/p>\n<p>Cuando, alguna vez, ten\u00eda que avisar a alguno de la Compa\u00f1\u00eda, que llevaba los cabellos demasiado largos, si por casualidad lo hallaba en alguna sala o en el lugar que fuere, se le acercaba con la cara son\u00adriente, y muy suavemente con su mano le tiraba de la punta del pelo, para darle a entender con aquel gesto que deb\u00eda cort\u00e1rselo.<\/p>\n<p>Por lo que se refiere a los externos, no usaba el mismo recurso: les daba a entender h\u00e1bilmente lo mismo, manteniendo con ellos alguna conversaci\u00f3n alusiva al caso y, a veces, les llegaba a decir que los c\u00e1nones mandan que los sacerdotes deben llevar el cabello de mane\u00adra que las orejas queden descubiertas.<span id='easy-footnote-4-34575' class='easy-footnote-margin-adjust'><\/span><span class='easy-footnote'><a href='https:\/\/vincentians.com\/es\/el-senor-vicente-visto-por-su-secretario-luis-robineau-articulos-126-al-130\/#easy-footnote-bottom-4-34575' title='\u00abHe observado \u2014dec\u00eda en otra ocasi\u00f3n\u2014 en la mayor parte de los que han fracasado en la vocaci\u00f3n el relajamiento en dos cosas: la primera es al levantarse por la ma\u00f1ana: no han sido exactos en eso; y la segunda, en la inmodestia en el cabello, dej\u00e1ndolo crecer demasia\u00addo y dej\u00e1ndose llevar insensiblemente en otras vanidades\u00bb. A este prop\u00f3sito, quer\u00eda que todos los eclesi\u00e1sticos de la Congregaci\u00f3n lle\u00advaran el pelo muy corto, y cuando le ve\u00eda a alguno que le cubr\u00eda, aunque fuera un poco, el alzacuello, extend\u00eda su mano y le tiraba de \u00e9l un poco sonri\u00e9ndose, d\u00e1ndole a entender con aquella se\u00f1al, que se acordara de cortarlo, o bien, se lo dec\u00eda expresamente en presencia de otros, porque ese defecto era visible a todos. (Abelly,III.342).'><sup>4<\/sup><\/a><\/span>\n<h2><em>130. <\/em><em>Su actitud religiosa ante el Sant\u00edsimo Sacramento.<\/em><\/h2>\n<p>Varias veces he observado, al verlo orar ante el Sant\u00edsimo Sacra\u00admento, que su devoci\u00f3n era s\u00f3lida, humilde y respetuosa, porque us\u00adted lo ve\u00eda postrado en tierra de una forma tal, que denotaba que se habr\u00eda puesto de buena gana en el centro de la tierra, si hubiera halla\u00addo un pasadizo hasta descender hasta all\u00ed. Y su actitud era tan respe\u00adtuosa, que no se pod\u00eda dudar que Jesucristo, Dios y Hombre, no esta\u00adba presente all\u00ed en la Eucarist\u00eda, \u00a1tanto lo daba a entender su recogi\u00admiento!; y confieso delante de Dios, que frecuentemente me he sen\u00adtido conmovido y edificado.<span id='easy-footnote-5-34575' class='easy-footnote-margin-adjust'><\/span><span class='easy-footnote'><a href='https:\/\/vincentians.com\/es\/el-senor-vicente-visto-por-su-secretario-luis-robineau-articulos-126-al-130\/#easy-footnote-bottom-5-34575' title='Abelly (III.74) presenta el testimonio de un testigo muy virtuoso.&lt;\/p&gt;\n&lt;p&gt;\u00abHe notado muchas veces \u2014dice\u2014 cuando el Sr. Vicente estaba orando ante el Sant\u00edsimo Sacramento, que se pod\u00eda f\u00e1cilmente cono\u00adcer por su exterior la verdadera y sincera devoci\u00f3n de su interior. Se manten\u00eda siempre prosternado, arrodillado con un recogimiento hu\u00admilde, que parec\u00eda que se hab\u00eda rebajado hasta el centro de la tierra para manifestar m\u00e1s tiempo su respeto ante la Majestad ante la que se consideraba presente\u00bb.'><sup>5<\/sup><\/a><\/span>\n","protected":false},"excerpt":{"rendered":"<p>126. Pronto pago de los pr\u00e9stamos y de las letras de cambio. Se preocupaba mucho porque se pagara pronto lo que deb\u00edan, so\u00adbre todo, cuando se trataba de dinero o de letras de cambio, y &#8230; <a href=\"https:\/\/vincentians.com\/es\/el-senor-vicente-visto-por-su-secretario-luis-robineau-articulos-126-al-130\/\" class=\"more-link\">Read More<\/a><\/p>\n","protected":false},"author":4,"featured_media":404925,"comment_status":"open","ping_status":"open","sticky":false,"template":"","format":"standard","meta":{"jetpack_post_was_ever_published":false,"_jetpack_newsletter_access":"","_jetpack_dont_email_post_to_subs":false,"_jetpack_newsletter_tier_id":0,"_jetpack_memberships_contains_paywalled_content":false,"_jetpack_memberships_contains_paid_content":false,"footnotes":"","jetpack_publicize_message":"","jetpack_publicize_feature_enabled":true,"jetpack_social_post_already_shared":true,"jetpack_social_options":{"image_generator_settings":{"template":"highway","default_image_id":0,"font":"","enabled":false},"version":2}},"categories":[311],"tags":[218,166],"class_list":["post-34575","post","type-post","status-publish","format-standard","has-post-thumbnail","hentry","category-escritos-de-luis-robineau","tag-abelly","tag-robineau"],"yoast_head":"<!-- This site is optimized with the Yoast SEO plugin v26.3 - https:\/\/yoast.com\/wordpress\/plugins\/seo\/ -->\n<title>El se\u00f1or Vicente visto por su secretario, Luis Robineau. Art\u00edculos 126 al 130 - Somos Vicencianos<\/title>\n<meta name=\"robots\" content=\"index, follow, max-snippet:-1, max-image-preview:large, max-video-preview:-1\" \/>\n<link rel=\"canonical\" href=\"https:\/\/vincentians.com\/es\/el-senor-vicente-visto-por-su-secretario-luis-robineau-articulos-126-al-130\/\" \/>\n<meta property=\"og:locale\" content=\"es_ES\" \/>\n<meta property=\"og:type\" content=\"article\" \/>\n<meta property=\"og:title\" content=\"El se\u00f1or Vicente visto por su secretario, Luis Robineau. Art\u00edculos 126 al 130 - Somos Vicencianos\" \/>\n<meta property=\"og:description\" content=\"126. Pronto pago de los pr\u00e9stamos y de las letras de cambio. Se preocupaba mucho porque se pagara pronto lo que deb\u00edan, so\u00adbre todo, cuando se trataba de dinero o de letras de cambio, y ... Read More\" \/>\n<meta property=\"og:url\" content=\"https:\/\/vincentians.com\/es\/el-senor-vicente-visto-por-su-secretario-luis-robineau-articulos-126-al-130\/\" \/>\n<meta property=\"og:site_name\" content=\"Somos Vicencianos\" \/>\n<meta property=\"article:publisher\" content=\"https:\/\/www.facebook.com\/WeAreVincentians\/\" \/>\n<meta property=\"article:author\" content=\"https:\/\/www.facebook.com\/JavierChento\" \/>\n<meta property=\"article:published_time\" content=\"2025-05-15T06:13:37+00:00\" \/>\n<meta property=\"og:image\" content=\"https:\/\/i0.wp.com\/vincentians.com\/es\/wp-content\/uploads\/sites\/11\/2023\/08\/aaaf.jpg?fit=1875%2C1292&ssl=1\" \/>\n\t<meta property=\"og:image:width\" content=\"1875\" \/>\n\t<meta property=\"og:image:height\" content=\"1292\" \/>\n\t<meta property=\"og:image:type\" content=\"image\/jpeg\" \/>\n<meta name=\"author\" content=\"Francisco Javier Fern\u00e1ndez Chento\" \/>\n<meta name=\"twitter:card\" content=\"summary_large_image\" \/>\n<meta name=\"twitter:creator\" content=\"@https:\/\/twitter.com\/javierchento\" \/>\n<meta name=\"twitter:site\" content=\"@WeVincentians\" \/>\n<meta name=\"twitter:label1\" content=\"Escrito por\" \/>\n\t<meta name=\"twitter:data1\" content=\"Francisco Javier Fern\u00e1ndez Chento\" \/>\n\t<meta name=\"twitter:label2\" content=\"Tiempo de lectura\" \/>\n\t<meta name=\"twitter:data2\" content=\"7 minutos\" \/>\n<script type=\"application\/ld+json\" class=\"yoast-schema-graph\">{\"@context\":\"https:\/\/schema.org\",\"@graph\":[{\"@type\":\"Article\",\"@id\":\"https:\/\/vincentians.com\/es\/el-senor-vicente-visto-por-su-secretario-luis-robineau-articulos-126-al-130\/#article\",\"isPartOf\":{\"@id\":\"https:\/\/vincentians.com\/es\/el-senor-vicente-visto-por-su-secretario-luis-robineau-articulos-126-al-130\/\"},\"author\":{\"name\":\"Francisco Javier Fern\u00e1ndez Chento\",\"@id\":\"https:\/\/vincentians.com\/es\/#\/schema\/person\/9623ef4d9aa3b2dfb8c061f1499288f2\"},\"headline\":\"El se\u00f1or Vicente visto por su secretario, Luis Robineau. Art\u00edculos 126 al 130\",\"datePublished\":\"2025-05-15T06:13:37+00:00\",\"mainEntityOfPage\":{\"@id\":\"https:\/\/vincentians.com\/es\/el-senor-vicente-visto-por-su-secretario-luis-robineau-articulos-126-al-130\/\"},\"wordCount\":1439,\"commentCount\":0,\"publisher\":{\"@id\":\"https:\/\/vincentians.com\/es\/#organization\"},\"image\":{\"@id\":\"https:\/\/vincentians.com\/es\/el-senor-vicente-visto-por-su-secretario-luis-robineau-articulos-126-al-130\/#primaryimage\"},\"thumbnailUrl\":\"https:\/\/i0.wp.com\/vincentians.com\/es\/wp-content\/uploads\/sites\/11\/2023\/08\/aaaf.jpg?fit=1875%2C1292&ssl=1\",\"keywords\":[\"Abelly\",\"Robineau\"],\"articleSection\":[\"Escritos de Luis Robineau\"],\"inLanguage\":\"es\",\"potentialAction\":[{\"@type\":\"CommentAction\",\"name\":\"Comment\",\"target\":[\"https:\/\/vincentians.com\/es\/el-senor-vicente-visto-por-su-secretario-luis-robineau-articulos-126-al-130\/#respond\"]}]},{\"@type\":\"WebPage\",\"@id\":\"https:\/\/vincentians.com\/es\/el-senor-vicente-visto-por-su-secretario-luis-robineau-articulos-126-al-130\/\",\"url\":\"https:\/\/vincentians.com\/es\/el-senor-vicente-visto-por-su-secretario-luis-robineau-articulos-126-al-130\/\",\"name\":\"El se\u00f1or Vicente visto por su secretario, Luis Robineau. Art\u00edculos 126 al 130 - Somos Vicencianos\",\"isPartOf\":{\"@id\":\"https:\/\/vincentians.com\/es\/#website\"},\"primaryImageOfPage\":{\"@id\":\"https:\/\/vincentians.com\/es\/el-senor-vicente-visto-por-su-secretario-luis-robineau-articulos-126-al-130\/#primaryimage\"},\"image\":{\"@id\":\"https:\/\/vincentians.com\/es\/el-senor-vicente-visto-por-su-secretario-luis-robineau-articulos-126-al-130\/#primaryimage\"},\"thumbnailUrl\":\"https:\/\/i0.wp.com\/vincentians.com\/es\/wp-content\/uploads\/sites\/11\/2023\/08\/aaaf.jpg?fit=1875%2C1292&ssl=1\",\"datePublished\":\"2025-05-15T06:13:37+00:00\",\"breadcrumb\":{\"@id\":\"https:\/\/vincentians.com\/es\/el-senor-vicente-visto-por-su-secretario-luis-robineau-articulos-126-al-130\/#breadcrumb\"},\"inLanguage\":\"es\",\"potentialAction\":[{\"@type\":\"ReadAction\",\"target\":[\"https:\/\/vincentians.com\/es\/el-senor-vicente-visto-por-su-secretario-luis-robineau-articulos-126-al-130\/\"]}]},{\"@type\":\"ImageObject\",\"inLanguage\":\"es\",\"@id\":\"https:\/\/vincentians.com\/es\/el-senor-vicente-visto-por-su-secretario-luis-robineau-articulos-126-al-130\/#primaryimage\",\"url\":\"https:\/\/i0.wp.com\/vincentians.com\/es\/wp-content\/uploads\/sites\/11\/2023\/08\/aaaf.jpg?fit=1875%2C1292&ssl=1\",\"contentUrl\":\"https:\/\/i0.wp.com\/vincentians.com\/es\/wp-content\/uploads\/sites\/11\/2023\/08\/aaaf.jpg?fit=1875%2C1292&ssl=1\",\"width\":1875,\"height\":1292},{\"@type\":\"BreadcrumbList\",\"@id\":\"https:\/\/vincentians.com\/es\/el-senor-vicente-visto-por-su-secretario-luis-robineau-articulos-126-al-130\/#breadcrumb\",\"itemListElement\":[{\"@type\":\"ListItem\",\"position\":1,\"name\":\"Portada\",\"item\":\"https:\/\/vincentians.com\/es\/\"},{\"@type\":\"ListItem\",\"position\":2,\"name\":\"El se\u00f1or Vicente visto por su secretario, Luis Robineau. Art\u00edculos 126 al 130\"}]},{\"@type\":\"WebSite\",\"@id\":\"https:\/\/vincentians.com\/es\/#website\",\"url\":\"https:\/\/vincentians.com\/es\/\",\"name\":\"Somos Vicencianos\",\"description\":\"Know more to serve more\",\"publisher\":{\"@id\":\"https:\/\/vincentians.com\/es\/#organization\"},\"potentialAction\":[{\"@type\":\"SearchAction\",\"target\":{\"@type\":\"EntryPoint\",\"urlTemplate\":\"https:\/\/vincentians.com\/es\/?s={search_term_string}\"},\"query-input\":{\"@type\":\"PropertyValueSpecification\",\"valueRequired\":true,\"valueName\":\"search_term_string\"}}],\"inLanguage\":\"es\"},{\"@type\":\"Organization\",\"@id\":\"https:\/\/vincentians.com\/es\/#organization\",\"name\":\"The Vincentian Network\",\"url\":\"https:\/\/vincentians.com\/es\/\",\"logo\":{\"@type\":\"ImageObject\",\"inLanguage\":\"es\",\"@id\":\"https:\/\/vincentians.com\/es\/#\/schema\/logo\/image\/\",\"url\":\"https:\/\/i1.wp.com\/vincentians.com\/es\/wp-content\/uploads\/sites\/11\/2016\/06\/Vincentian-Network-logo-big.png?fit=778%2C778\",\"contentUrl\":\"https:\/\/i1.wp.com\/vincentians.com\/es\/wp-content\/uploads\/sites\/11\/2016\/06\/Vincentian-Network-logo-big.png?fit=778%2C778\",\"width\":778,\"height\":778,\"caption\":\"The Vincentian Network\"},\"image\":{\"@id\":\"https:\/\/vincentians.com\/es\/#\/schema\/logo\/image\/\"},\"sameAs\":[\"https:\/\/www.facebook.com\/WeAreVincentians\/\",\"https:\/\/x.com\/WeVincentians\"]},{\"@type\":\"Person\",\"@id\":\"https:\/\/vincentians.com\/es\/#\/schema\/person\/9623ef4d9aa3b2dfb8c061f1499288f2\",\"name\":\"Francisco Javier Fern\u00e1ndez Chento\",\"image\":{\"@type\":\"ImageObject\",\"inLanguage\":\"es\",\"@id\":\"https:\/\/vincentians.com\/es\/#\/schema\/person\/image\/\",\"url\":\"https:\/\/secure.gravatar.com\/avatar\/497d5cde87b4c3d097d0315953521681ba2cd523ee66e5077c3711f7021e65de?s=96&d=mm&r=g\",\"contentUrl\":\"https:\/\/secure.gravatar.com\/avatar\/497d5cde87b4c3d097d0315953521681ba2cd523ee66e5077c3711f7021e65de?s=96&d=mm&r=g\",\"caption\":\"Francisco Javier Fern\u00e1ndez Chento\"},\"description\":\"Director General y cofundador de La Red de Formaci\u00f3n Vicenciana. Javier es laico vicenciano, afiliado a la Congregaci\u00f3n de la Misi\u00f3n y miembro del Equipo de Misiones Populares de la provincia can\u00f3nica de Zaragoza (Espa\u00f1a) de la Congregaci\u00f3n de la Misi\u00f3n. Graduado en la Universidad Oberta de Catalunya con cuatro grados (Asistente de direcci\u00f3n, Gesti\u00f3n Administrativa, Recursos Humanos y Contabilidad Avanzada). Bil\u00edng\u00fce Espa\u00f1ol\/Ingl\u00e9s. gestiona y mantiene varias p\u00e1ginas web cristianas y vicencianas, incluida including La Red de Formaci\u00f3n Vicenciana, de la que es cofundador. Actualmente es responsable del \u00e1rea de Espa\u00f1ol de .famvin, la Red de Noticias de la Familia Vicenciana. Tambi\u00e9n es m\u00fasico cat\u00f3lico y ha editado varios discos. Es Director General y cofundador de Trovador, una reconocida compa\u00f1\u00eda discogr\u00e1fica critiana de Espa\u00f1a. Trabaja en las Tecnolog\u00edas de la Informaci\u00f3n, ofreciendo servicios de alojamiento, dise\u00f1o y mantenimiento Web, as\u00ed como asesoramiento, formaci\u00f3n y soluciones inform\u00e1ticas, gesti\u00f3n documental y digitalizaci\u00f3n de textos, edici\u00f3n y maquetaci\u00f3n de libros, revistas, flyers, etc.\",\"sameAs\":[\"http:\/\/chento.org\",\"https:\/\/www.facebook.com\/JavierChento\",\"https:\/\/x.com\/https:\/\/twitter.com\/javierchento\"],\"url\":\"https:\/\/vincentians.com\/es\/author\/chento\/\"}]}<\/script>\n<!-- \/ Yoast SEO plugin. -->","yoast_head_json":{"title":"El se\u00f1or Vicente visto por su secretario, Luis Robineau. Art\u00edculos 126 al 130 - Somos Vicencianos","robots":{"index":"index","follow":"follow","max-snippet":"max-snippet:-1","max-image-preview":"max-image-preview:large","max-video-preview":"max-video-preview:-1"},"canonical":"https:\/\/vincentians.com\/es\/el-senor-vicente-visto-por-su-secretario-luis-robineau-articulos-126-al-130\/","og_locale":"es_ES","og_type":"article","og_title":"El se\u00f1or Vicente visto por su secretario, Luis Robineau. Art\u00edculos 126 al 130 - Somos Vicencianos","og_description":"126. Pronto pago de los pr\u00e9stamos y de las letras de cambio. Se preocupaba mucho porque se pagara pronto lo que deb\u00edan, so\u00adbre todo, cuando se trataba de dinero o de letras de cambio, y ... Read More","og_url":"https:\/\/vincentians.com\/es\/el-senor-vicente-visto-por-su-secretario-luis-robineau-articulos-126-al-130\/","og_site_name":"Somos Vicencianos","article_publisher":"https:\/\/www.facebook.com\/WeAreVincentians\/","article_author":"https:\/\/www.facebook.com\/JavierChento","article_published_time":"2025-05-15T06:13:37+00:00","og_image":[{"width":1875,"height":1292,"url":"https:\/\/i0.wp.com\/vincentians.com\/es\/wp-content\/uploads\/sites\/11\/2023\/08\/aaaf.jpg?fit=1875%2C1292&ssl=1","type":"image\/jpeg"}],"author":"Francisco Javier Fern\u00e1ndez Chento","twitter_card":"summary_large_image","twitter_creator":"@https:\/\/twitter.com\/javierchento","twitter_site":"@WeVincentians","twitter_misc":{"Escrito por":"Francisco Javier Fern\u00e1ndez Chento","Tiempo de lectura":"7 minutos"},"schema":{"@context":"https:\/\/schema.org","@graph":[{"@type":"Article","@id":"https:\/\/vincentians.com\/es\/el-senor-vicente-visto-por-su-secretario-luis-robineau-articulos-126-al-130\/#article","isPartOf":{"@id":"https:\/\/vincentians.com\/es\/el-senor-vicente-visto-por-su-secretario-luis-robineau-articulos-126-al-130\/"},"author":{"name":"Francisco Javier Fern\u00e1ndez Chento","@id":"https:\/\/vincentians.com\/es\/#\/schema\/person\/9623ef4d9aa3b2dfb8c061f1499288f2"},"headline":"El se\u00f1or Vicente visto por su secretario, Luis Robineau. Art\u00edculos 126 al 130","datePublished":"2025-05-15T06:13:37+00:00","mainEntityOfPage":{"@id":"https:\/\/vincentians.com\/es\/el-senor-vicente-visto-por-su-secretario-luis-robineau-articulos-126-al-130\/"},"wordCount":1439,"commentCount":0,"publisher":{"@id":"https:\/\/vincentians.com\/es\/#organization"},"image":{"@id":"https:\/\/vincentians.com\/es\/el-senor-vicente-visto-por-su-secretario-luis-robineau-articulos-126-al-130\/#primaryimage"},"thumbnailUrl":"https:\/\/i0.wp.com\/vincentians.com\/es\/wp-content\/uploads\/sites\/11\/2023\/08\/aaaf.jpg?fit=1875%2C1292&ssl=1","keywords":["Abelly","Robineau"],"articleSection":["Escritos de Luis Robineau"],"inLanguage":"es","potentialAction":[{"@type":"CommentAction","name":"Comment","target":["https:\/\/vincentians.com\/es\/el-senor-vicente-visto-por-su-secretario-luis-robineau-articulos-126-al-130\/#respond"]}]},{"@type":"WebPage","@id":"https:\/\/vincentians.com\/es\/el-senor-vicente-visto-por-su-secretario-luis-robineau-articulos-126-al-130\/","url":"https:\/\/vincentians.com\/es\/el-senor-vicente-visto-por-su-secretario-luis-robineau-articulos-126-al-130\/","name":"El se\u00f1or Vicente visto por su secretario, Luis Robineau. Art\u00edculos 126 al 130 - Somos Vicencianos","isPartOf":{"@id":"https:\/\/vincentians.com\/es\/#website"},"primaryImageOfPage":{"@id":"https:\/\/vincentians.com\/es\/el-senor-vicente-visto-por-su-secretario-luis-robineau-articulos-126-al-130\/#primaryimage"},"image":{"@id":"https:\/\/vincentians.com\/es\/el-senor-vicente-visto-por-su-secretario-luis-robineau-articulos-126-al-130\/#primaryimage"},"thumbnailUrl":"https:\/\/i0.wp.com\/vincentians.com\/es\/wp-content\/uploads\/sites\/11\/2023\/08\/aaaf.jpg?fit=1875%2C1292&ssl=1","datePublished":"2025-05-15T06:13:37+00:00","breadcrumb":{"@id":"https:\/\/vincentians.com\/es\/el-senor-vicente-visto-por-su-secretario-luis-robineau-articulos-126-al-130\/#breadcrumb"},"inLanguage":"es","potentialAction":[{"@type":"ReadAction","target":["https:\/\/vincentians.com\/es\/el-senor-vicente-visto-por-su-secretario-luis-robineau-articulos-126-al-130\/"]}]},{"@type":"ImageObject","inLanguage":"es","@id":"https:\/\/vincentians.com\/es\/el-senor-vicente-visto-por-su-secretario-luis-robineau-articulos-126-al-130\/#primaryimage","url":"https:\/\/i0.wp.com\/vincentians.com\/es\/wp-content\/uploads\/sites\/11\/2023\/08\/aaaf.jpg?fit=1875%2C1292&ssl=1","contentUrl":"https:\/\/i0.wp.com\/vincentians.com\/es\/wp-content\/uploads\/sites\/11\/2023\/08\/aaaf.jpg?fit=1875%2C1292&ssl=1","width":1875,"height":1292},{"@type":"BreadcrumbList","@id":"https:\/\/vincentians.com\/es\/el-senor-vicente-visto-por-su-secretario-luis-robineau-articulos-126-al-130\/#breadcrumb","itemListElement":[{"@type":"ListItem","position":1,"name":"Portada","item":"https:\/\/vincentians.com\/es\/"},{"@type":"ListItem","position":2,"name":"El se\u00f1or Vicente visto por su secretario, Luis Robineau. Art\u00edculos 126 al 130"}]},{"@type":"WebSite","@id":"https:\/\/vincentians.com\/es\/#website","url":"https:\/\/vincentians.com\/es\/","name":"Somos Vicencianos","description":"Know more to serve more","publisher":{"@id":"https:\/\/vincentians.com\/es\/#organization"},"potentialAction":[{"@type":"SearchAction","target":{"@type":"EntryPoint","urlTemplate":"https:\/\/vincentians.com\/es\/?s={search_term_string}"},"query-input":{"@type":"PropertyValueSpecification","valueRequired":true,"valueName":"search_term_string"}}],"inLanguage":"es"},{"@type":"Organization","@id":"https:\/\/vincentians.com\/es\/#organization","name":"The Vincentian Network","url":"https:\/\/vincentians.com\/es\/","logo":{"@type":"ImageObject","inLanguage":"es","@id":"https:\/\/vincentians.com\/es\/#\/schema\/logo\/image\/","url":"https:\/\/i1.wp.com\/vincentians.com\/es\/wp-content\/uploads\/sites\/11\/2016\/06\/Vincentian-Network-logo-big.png?fit=778%2C778","contentUrl":"https:\/\/i1.wp.com\/vincentians.com\/es\/wp-content\/uploads\/sites\/11\/2016\/06\/Vincentian-Network-logo-big.png?fit=778%2C778","width":778,"height":778,"caption":"The Vincentian Network"},"image":{"@id":"https:\/\/vincentians.com\/es\/#\/schema\/logo\/image\/"},"sameAs":["https:\/\/www.facebook.com\/WeAreVincentians\/","https:\/\/x.com\/WeVincentians"]},{"@type":"Person","@id":"https:\/\/vincentians.com\/es\/#\/schema\/person\/9623ef4d9aa3b2dfb8c061f1499288f2","name":"Francisco Javier Fern\u00e1ndez Chento","image":{"@type":"ImageObject","inLanguage":"es","@id":"https:\/\/vincentians.com\/es\/#\/schema\/person\/image\/","url":"https:\/\/secure.gravatar.com\/avatar\/497d5cde87b4c3d097d0315953521681ba2cd523ee66e5077c3711f7021e65de?s=96&d=mm&r=g","contentUrl":"https:\/\/secure.gravatar.com\/avatar\/497d5cde87b4c3d097d0315953521681ba2cd523ee66e5077c3711f7021e65de?s=96&d=mm&r=g","caption":"Francisco Javier Fern\u00e1ndez Chento"},"description":"Director General y cofundador de La Red de Formaci\u00f3n Vicenciana. Javier es laico vicenciano, afiliado a la Congregaci\u00f3n de la Misi\u00f3n y miembro del Equipo de Misiones Populares de la provincia can\u00f3nica de Zaragoza (Espa\u00f1a) de la Congregaci\u00f3n de la Misi\u00f3n. Graduado en la Universidad Oberta de Catalunya con cuatro grados (Asistente de direcci\u00f3n, Gesti\u00f3n Administrativa, Recursos Humanos y Contabilidad Avanzada). Bil\u00edng\u00fce Espa\u00f1ol\/Ingl\u00e9s. gestiona y mantiene varias p\u00e1ginas web cristianas y vicencianas, incluida including La Red de Formaci\u00f3n Vicenciana, de la que es cofundador. Actualmente es responsable del \u00e1rea de Espa\u00f1ol de .famvin, la Red de Noticias de la Familia Vicenciana. Tambi\u00e9n es m\u00fasico cat\u00f3lico y ha editado varios discos. Es Director General y cofundador de Trovador, una reconocida compa\u00f1\u00eda discogr\u00e1fica critiana de Espa\u00f1a. Trabaja en las Tecnolog\u00edas de la Informaci\u00f3n, ofreciendo servicios de alojamiento, dise\u00f1o y mantenimiento Web, as\u00ed como asesoramiento, formaci\u00f3n y soluciones inform\u00e1ticas, gesti\u00f3n documental y digitalizaci\u00f3n de textos, edici\u00f3n y maquetaci\u00f3n de libros, revistas, flyers, etc.","sameAs":["http:\/\/chento.org","https:\/\/www.facebook.com\/JavierChento","https:\/\/x.com\/https:\/\/twitter.com\/javierchento"],"url":"https:\/\/vincentians.com\/es\/author\/chento\/"}]}},"jetpack_publicize_connections":[],"jetpack_featured_media_url":"https:\/\/i0.wp.com\/vincentians.com\/es\/wp-content\/uploads\/sites\/11\/2023\/08\/aaaf.jpg?fit=1875%2C1292&ssl=1","jetpack_sharing_enabled":true,"jetpack_shortlink":"https:\/\/wp.me\/p7ETMF-8ZF","jetpack-related-posts":[{"id":42244,"url":"https:\/\/vincentians.com\/es\/el-senor-vicente-visto-por-su-secretario-luis-robineau-articulos-271-al-275\/","url_meta":{"origin":34575,"position":0},"title":"El se\u00f1or Vicente visto por su secretario, Luis Robineau. Art\u00edculos 271 al 275","author":"Francisco Javier Fern\u00e1ndez Chento","date":"25\/03\/2014","format":false,"excerpt":"271. La Fundaci\u00f3n del Asilo del Nombre de Jes\u00fas. El aprecio que se ten\u00eda de su virtud y, sobre todo, de su gran caridad hac\u00eda que hubiera personas que le pon\u00edan en sus manos cantidades considerables de dinero, como entre otras cierta persona burguesa de Par\u00eds, cuyo nombre desconozco: le\u2026","rel":"","context":"En \u00abEscritos de Luis Robineau\u00bb","block_context":{"text":"Escritos de Luis Robineau","link":"https:\/\/vincentians.com\/es\/category\/escritos\/escritos-de-luis-robineau\/"},"img":{"alt_text":"","src":"","width":0,"height":0},"classes":[]},{"id":34574,"url":"https:\/\/vincentians.com\/es\/el-senor-vicente-visto-por-su-secretario-luis-robineau-articulos-121-al-125\/","url_meta":{"origin":34575,"position":1},"title":"El se\u00f1or Vicente visto por su secretario, Luis Robineau. Art\u00edculos 121 al 125","author":"Francisco Javier Fern\u00e1ndez Chento","date":"07\/05\/2025","format":false,"excerpt":"121. Conducta prudente, como la de la serpiente. Finalmente, podemos decir que el Se\u00f1or Vicente ha tenido la pru\u00addencia de la serpiente, porque, como la serpiente expone su cuerpo para salvar la cabeza, el Se\u00f1or Vicente ha expuesto su salud y tam\u00adbi\u00e9n su vida en el trabajo de las misiones\u2026","rel":"","context":"En \u00abEscritos de Luis Robineau\u00bb","block_context":{"text":"Escritos de Luis Robineau","link":"https:\/\/vincentians.com\/es\/category\/escritos\/escritos-de-luis-robineau\/"},"img":{"alt_text":"","src":"https:\/\/i0.wp.com\/vincentians.com\/es\/wp-content\/uploads\/sites\/11\/2013\/04\/g-5.jpg?fit=1170%2C692&ssl=1&resize=350%2C200","width":350,"height":200,"srcset":"https:\/\/i0.wp.com\/vincentians.com\/es\/wp-content\/uploads\/sites\/11\/2013\/04\/g-5.jpg?fit=1170%2C692&ssl=1&resize=350%2C200 1x, https:\/\/i0.wp.com\/vincentians.com\/es\/wp-content\/uploads\/sites\/11\/2013\/04\/g-5.jpg?fit=1170%2C692&ssl=1&resize=525%2C300 1.5x, https:\/\/i0.wp.com\/vincentians.com\/es\/wp-content\/uploads\/sites\/11\/2013\/04\/g-5.jpg?fit=1170%2C692&ssl=1&resize=700%2C400 2x, https:\/\/i0.wp.com\/vincentians.com\/es\/wp-content\/uploads\/sites\/11\/2013\/04\/g-5.jpg?fit=1170%2C692&ssl=1&resize=1050%2C600 3x"},"classes":[]},{"id":41483,"url":"https:\/\/vincentians.com\/es\/el-senor-vicente-visto-por-su-secretario-luis-robineau-articulos-231-al-235\/","url_meta":{"origin":34575,"position":2},"title":"El se\u00f1or Vicente visto por su secretario, Luis Robineau. Art\u00edculos 231 al 235","author":"Francisco Javier Fern\u00e1ndez Chento","date":"17\/03\/2014","format":false,"excerpt":"231. Ofrecimiento a un obispo irland\u00e9s. Ofreci\u00f3 nuestra Casa a un obispo, que estaba en Flandes, adonde hab\u00eda llegado desde Irlanda, porque ven\u00eda de trabajar en la salvaci\u00f3n del pr\u00f3jimo. Y a prop\u00f3sito de esto, refiri\u00f3 un d\u00eda a la Compa\u00f1\u00eda el pasaje del Cap\u00edtulo X de San Mateo, que\u2026","rel":"","context":"En \u00abEscritos de Luis Robineau\u00bb","block_context":{"text":"Escritos de Luis Robineau","link":"https:\/\/vincentians.com\/es\/category\/escritos\/escritos-de-luis-robineau\/"},"img":{"alt_text":"","src":"","width":0,"height":0},"classes":[]},{"id":32765,"url":"https:\/\/vincentians.com\/es\/el-senor-vicente-visto-por-su-secretario-luis-robineau-articulos-061-al-065\/","url_meta":{"origin":34575,"position":3},"title":"El se\u00f1or Vicente visto por su secretario, Luis Robineau. Art\u00edculos 061 al 065","author":"Francisco Javier Fern\u00e1ndez Chento","date":"01\/02\/2025","format":false,"excerpt":"061. El Se\u00f1or Vicente, Vicario General del Abad de Richelleu. He aqu\u00ed otro acto de su humildad. El a\u00f1o de 1659, el mes de Julio, el Rey Cristian\u00edsimo lo nombr\u00f3 por medio de unas Letras patentes, para que se hiciera cargo de la provi\u00adsi\u00f3n de los beneficios del se\u00f1or Abad\u2026","rel":"","context":"En \u00abEscritos de Luis Robineau\u00bb","block_context":{"text":"Escritos de Luis Robineau","link":"https:\/\/vincentians.com\/es\/category\/escritos\/escritos-de-luis-robineau\/"},"img":{"alt_text":"","src":"https:\/\/i0.wp.com\/vincentians.com\/es\/wp-content\/uploads\/sites\/11\/2023\/08\/aaaf.jpg?fit=1200%2C827&ssl=1&resize=350%2C200","width":350,"height":200,"srcset":"https:\/\/i0.wp.com\/vincentians.com\/es\/wp-content\/uploads\/sites\/11\/2023\/08\/aaaf.jpg?fit=1200%2C827&ssl=1&resize=350%2C200 1x, https:\/\/i0.wp.com\/vincentians.com\/es\/wp-content\/uploads\/sites\/11\/2023\/08\/aaaf.jpg?fit=1200%2C827&ssl=1&resize=525%2C300 1.5x, https:\/\/i0.wp.com\/vincentians.com\/es\/wp-content\/uploads\/sites\/11\/2023\/08\/aaaf.jpg?fit=1200%2C827&ssl=1&resize=700%2C400 2x, https:\/\/i0.wp.com\/vincentians.com\/es\/wp-content\/uploads\/sites\/11\/2023\/08\/aaaf.jpg?fit=1200%2C827&ssl=1&resize=1050%2C600 3x"},"classes":[]},{"id":42247,"url":"https:\/\/vincentians.com\/es\/el-senor-vicente-visto-por-su-secretario-luis-robineau-articulos-286-al-290\/","url_meta":{"origin":34575,"position":4},"title":"El se\u00f1or Vicente visto por su secretario, Luis Robineau. Art\u00edculos 286 al 290","author":"Francisco Javier Fern\u00e1ndez Chento","date":"28\/03\/2014","format":false,"excerpt":"286. Preocupaci\u00f3n por los enfermos y los difuntos. Tambi\u00e9n sol\u00eda hacer aparecer su Caridad al visitar los enfermos, que iba a verlos con frecuencia, y ten\u00eda un cuidado maravilloso en encomendarles a las oraciones de la Compa\u00f1\u00eda. Caridad, que era muy delicado en practicar con los fundadores y bienhechores de\u2026","rel":"","context":"En \u00abEscritos de Luis Robineau\u00bb","block_context":{"text":"Escritos de Luis Robineau","link":"https:\/\/vincentians.com\/es\/category\/escritos\/escritos-de-luis-robineau\/"},"img":{"alt_text":"","src":"","width":0,"height":0},"classes":[]},{"id":42246,"url":"https:\/\/vincentians.com\/es\/el-senor-vicente-visto-por-su-secretario-luis-robineau-articulos-281-al-285\/","url_meta":{"origin":34575,"position":5},"title":"El se\u00f1or Vicente visto por su secretario, Luis Robineau. Art\u00edculos 281 al 285","author":"Francisco Javier Fern\u00e1ndez Chento","date":"27\/03\/2014","format":false,"excerpt":"281. El Se\u00f1or Vicente persuade a un sacerdote que se haga capell\u00e1n del H\u00f3tel-Dieu (20 de mayo de 1655). Un d\u00eda un sacerdote le fue a ver a San L\u00e1zaro, y como estaba a punto de salir a la ciudad (el Se\u00f1or Vicente), le rog\u00f3 al buen sacerdo\u00adte que subiera\u2026","rel":"","context":"En \u00abEscritos de Luis Robineau\u00bb","block_context":{"text":"Escritos de Luis Robineau","link":"https:\/\/vincentians.com\/es\/category\/escritos\/escritos-de-luis-robineau\/"},"img":{"alt_text":"","src":"","width":0,"height":0},"classes":[]}],"_links":{"self":[{"href":"https:\/\/vincentians.com\/es\/wp-json\/wp\/v2\/posts\/34575","targetHints":{"allow":["GET"]}}],"collection":[{"href":"https:\/\/vincentians.com\/es\/wp-json\/wp\/v2\/posts"}],"about":[{"href":"https:\/\/vincentians.com\/es\/wp-json\/wp\/v2\/types\/post"}],"author":[{"embeddable":true,"href":"https:\/\/vincentians.com\/es\/wp-json\/wp\/v2\/users\/4"}],"replies":[{"embeddable":true,"href":"https:\/\/vincentians.com\/es\/wp-json\/wp\/v2\/comments?post=34575"}],"version-history":[{"count":1,"href":"https:\/\/vincentians.com\/es\/wp-json\/wp\/v2\/posts\/34575\/revisions"}],"predecessor-version":[{"id":405948,"href":"https:\/\/vincentians.com\/es\/wp-json\/wp\/v2\/posts\/34575\/revisions\/405948"}],"wp:featuredmedia":[{"embeddable":true,"href":"https:\/\/vincentians.com\/es\/wp-json\/wp\/v2\/media\/404925"}],"wp:attachment":[{"href":"https:\/\/vincentians.com\/es\/wp-json\/wp\/v2\/media?parent=34575"}],"wp:term":[{"taxonomy":"category","embeddable":true,"href":"https:\/\/vincentians.com\/es\/wp-json\/wp\/v2\/categories?post=34575"},{"taxonomy":"post_tag","embeddable":true,"href":"https:\/\/vincentians.com\/es\/wp-json\/wp\/v2\/tags?post=34575"}],"curies":[{"name":"wp","href":"https:\/\/api.w.org\/{rel}","templated":true}]}}