{"id":34574,"date":"2025-05-07T08:59:37","date_gmt":"2025-05-07T06:59:37","guid":{"rendered":"http:\/\/somos.vicencianos.org\/blog\/2011\/04\/el-senor-vicente-visto-por-su-secretario-luis-robineau-articulos-121-al-125\/"},"modified":"2024-08-22T20:10:59","modified_gmt":"2024-08-22T18:10:59","slug":"el-senor-vicente-visto-por-su-secretario-luis-robineau-articulos-121-al-125","status":"publish","type":"post","link":"https:\/\/vincentians.com\/es\/el-senor-vicente-visto-por-su-secretario-luis-robineau-articulos-121-al-125\/","title":{"rendered":"El se\u00f1or Vicente visto por su secretario, Luis Robineau. Art\u00edculos 121 al 125"},"content":{"rendered":"<h2><em>121. <\/em><em>Conducta prudente, como la de la serpiente.<\/em><\/h2>\n<p>Finalmente, podemos decir que el Se\u00f1or Vicente ha tenido la pru\u00addencia de la serpiente, porque, como la serpiente expone su cuerpo para salvar la cabeza, el Se\u00f1or Vicente ha expuesto su salud y tam\u00adbi\u00e9n su vida en el trabajo de las misiones y en otras actividades de su Compa\u00f1\u00eda, y pospuesto sus intereses y comodidades a los de Nuestro Se\u00f1or, y no ha escatimado tampoco lo temporal de la Casa para agran\u00addar la gloria de Dios y procurar la asistencia del pr\u00f3jimo.<\/p>\n<p>Como la serpiente va siempre arrastr\u00e1ndose sobre el suelo y ocul\u00adt\u00e1ndose bajo las piedras, tambi\u00e9n el Se\u00f1or Vicente andaba siempre por el camino de la humildad rebaj\u00e1ndose hasta la tierra, y caminando con ese esp\u00edritu bajo y de poco aprecio de s\u00ed mismo, abati\u00e9ndose incluso hasta los pies de los inferiores, a quienes ped\u00eda perd\u00f3n, si cre\u00eda que los hab\u00eda contristado en alguna cosa.<\/p>\n<p>Y como la serpiente se hace todos los a\u00f1os con piel nueva, y lo hace, seg\u00fan los naturalistas, desliz\u00e1ndose por un agujero entre dos piedras en el que s\u00f3lo hay una abertura por donde puede pasar muy dificultosamente su cuerpo, y en \u00e9l, seg\u00fan va pasando, deja su piel vieja, igualmente, el Se\u00f1or Vicente ha determinado prudentemente que la Compa\u00f1\u00eda cambiara, si podemos hablar as\u00ed, de piel todos los a\u00f1os, pasando por ello ocho d\u00edas en nuestras peque\u00f1as habitaciones o moradas; y dichos ejercicios el Se\u00f1or Vicente los ha institu\u00eddo cada a\u00f1o en la Compa\u00f1\u00eda, y en ellos nos cambiamos como a una vida nue\u00adva, aunque es tanto m\u00e1s digno de consideraci\u00f3n y de apreciar, puesto que produce frutos muy grandes, y que no se da en todas las Comu\u00adnidades y Religiones.<span id='easy-footnote-1-34574' class='easy-footnote-margin-adjust'><\/span><span class='easy-footnote'><a href='https:\/\/vincentians.com\/es\/el-senor-vicente-visto-por-su-secretario-luis-robineau-articulos-121-al-125\/#easy-footnote-bottom-1-34574' title='&lt;strong&gt;El Se\u00f1or Vicente y la serpiente.&lt;\/strong&gt;&lt;\/p&gt;\n&lt;p&gt;El Hermano Robineau traza un peque\u00f1o retrato \u00abt\u00edpico\u00bb del Sr. Vi\u00adcente partiendo de la forma de proceder de la serpiente, que vive bajo las piedras y en el polvo \u2014figura de la humildad de Vicente\u2014 y que cambia de piel cada a\u00f1o, como el Sr. Vicente se renueva anualmente por el Retiro anual.&lt;\/p&gt;\n&lt;p&gt;El Sr. Vicente utiliza la comparaci\u00f3n de la serpiente al observar la nocividad de su VENENO (IV.205\/201, junio de 1651; III.353\/325; X.10\/IX658, 24 de agosto de 1654; X.378\/IX.952, 18 de diciembre de 1957; XI.347\/239; E.310,1656; XI.37\/350; E.902; XII.56\/X1.745; E.470, septiembre de 1658; XII.303\/XI.587; E.723, 22 de agosto de 1659).&lt;\/p&gt;\n&lt;p&gt;Curiosamente Vicente de Pa\u00fal habla de la existencia de una ser\u00adpiente en el cuerpo (VI.2\/8, 7 de julio de 1656; IX.712\/637, 25 de junio de 1654); de la serpiente que rompe las entra\u00f1as (XI.244\/154, 24 de agosto de 1655).&lt;\/p&gt;\n&lt;p&gt;La significaci\u00f3n evang\u00e9lica es utilizada una vez (XII,169\/XI.461; E.586, 14 de marzo de 1659).'><sup>1<\/sup><\/a><\/span>\n<h2><em><strong>122. <\/strong><\/em><em>No da dinero al secretario del Se\u00f1or Fouquet.<\/em><\/h2>\n<p>Un d\u00eda no quiso dar dinero al secretario del se\u00f1or Procurador Ge\u00adneral Fouquet por ciertas conclusiones de unas Letras patentes, que hab\u00edan sido expedidas. La raz\u00f3n, ciertamente, no la conozco, si era para no ofender a la Se\u00f1ora Fouquet que hab\u00eda intervenido para darnos a conocer las conclusiones, o porque pensaba que no se le deb\u00eda nada a aquel secretario; como quiera que fuese, la cosa sucedi\u00f3 as\u00ed.<span id='easy-footnote-2-34574' class='easy-footnote-margin-adjust'><\/span><span class='easy-footnote'><a href='https:\/\/vincentians.com\/es\/el-senor-vicente-visto-por-su-secretario-luis-robineau-articulos-121-al-125\/#easy-footnote-bottom-2-34574' title='Detalle que no ha sido mantenido por L. Abelly, 1664.'><sup>2<\/sup><\/a><\/span>\n<h2><em>123. <\/em><strong><em>Discreci\u00f3n en dar permisos para entrar en la Visitaci\u00f3n.<\/em><\/strong><\/h2>\n<p>Era muy estricto en dar permisos para entrar en Santa Mar\u00eda. Se los neg\u00f3 a unas princesas, tanta era su entereza y constancia, obran\u00addo as\u00ed con mucha prudencia, porque las personas de inferior condi\u00adci\u00f3n no se hubieran atrevido a importunarle para permisos semejan\u00adtes, al ver que los hab\u00eda negado hasta a las mismas princesas. Algu\u00adnas veces le he o\u00eddo que respond\u00eda a personas que le ped\u00edan permisos de ese estilo, y decirles que no pod\u00eda en conciencia conced\u00e9rselos y que, adem\u00e1s, el Concilio de Trento lo prohib\u00eda.<span id='easy-footnote-3-34574' class='easy-footnote-margin-adjust'><\/span><span class='easy-footnote'><a href='https:\/\/vincentians.com\/es\/el-senor-vicente-visto-por-su-secretario-luis-robineau-articulos-121-al-125\/#easy-footnote-bottom-3-34574' title='&lt;strong&gt;Niega el permiso de entrar en los monasterios de la Visitaci\u00f3n.&lt;\/strong&gt;&lt;\/p&gt;\n&lt;p&gt;Tres casos que aparecen en la correspondencia del Sr. Vicente.&lt;\/p&gt;\n&lt;p&gt;1\u00ba 31 de marzo de 1657 (V1.265\/257). &amp;#8211; Niega la entrada en el convento de Par\u00eds a la Srta. Bouillon, Luisa de la Tour, hija de Fede\u00adrico Mauricio de la Tour, duque de Bouillon.&lt;\/p&gt;\n&lt;p&gt;2\u00ba 18 de diciembre de 1658 &amp;#8211; (VII. \/344). Negativa a un gran Se\u00f1or.&lt;\/p&gt;\n&lt;p&gt;3\u00ba 24 de septiembre &amp;#8211; (VIII.133\/122)&amp;#8230; \u00abmuchas Se\u00f1oras con diversos pretextos nos han pedido con frecuencia esto mismo, y he tenido que darles esta misma respuesta, incluso a algunas princesas, entre las que hay una de sangre\u00bb.'><sup>3<\/sup><\/a><\/span>\n<h2><em>124. <\/em> <em>Padre espiritual de la Visitaci\u00f3n durante m\u00e1s de treinta y dos a\u00f1os.<\/em><\/h2>\n<p>Tenemos aqu\u00ed una copia del acta del difunto Se\u00f1or Arzobispo de Par\u00eds; por ella lo nombr\u00f3 y eligi\u00f3 para Padre espiritual de las Hijas de Santa Mar\u00eda en Par\u00eds; y en esa acta tambi\u00e9n el Se\u00f1or Vicente es calificado \u00abBachiller en teolog\u00eda\u00bb. Esa acta est\u00e1 fechada el 9 de mayo de 1628, lo cual nos da a conocer que fue treinta y dos a\u00f1os y cuatro meses Padre espiritual de dichas religiosas bajo la autoridad de Mon\u00adse\u00f1or Juan Francisco de Gondi, arzobispo de Par\u00eds, sin hablar del tiempo que lo hab\u00eda sido con anterioridad.<\/p>\n<p><em>Al margen: Por ser, como era, el hombre de prudencia y sabidur\u00eda, que conven\u00eda. (XIII.841X.96).<\/em><span id='easy-footnote-4-34574' class='easy-footnote-margin-adjust'><\/span><span class='easy-footnote'><a href='https:\/\/vincentians.com\/es\/el-senor-vicente-visto-por-su-secretario-luis-robineau-articulos-121-al-125\/#easy-footnote-bottom-4-34574' title='El 9 de mayo de 1628 (XIII.84\/X.96). El Arzobispo de Par\u00eds le renueva el nombramiento de Superior de la Visitaci\u00f3n (A.N.L.L. 1716 f\u00ba 17 v.).'><sup>4<\/sup><\/a><\/span>\n<h2><em>125. <\/em><em>Discreci\u00f3n al pedir dinero.<\/em><\/h2>\n<p>En el mes de enero de 1659, la Se\u00f1ora Fouquet hab\u00eda remitido a San L\u00e1zaro dos mil libras para el hospital de las Galeras de Marsella: se trataba del dinero que se deb\u00eda a dicho hospital; y como en uno de los sacos hab\u00eda catorce libras de menos, un Hermano de la Compa\u00f1\u00eda quiso devolver dichos sacos: y como viniera una persona para llevar\u00adse los sacos, el Se\u00f1or Vicente le dijo al Hermano estas palabras: \u00ab\u00a1Deje usted! Usted nos toma el pelo al querer devolver este saco; usted no sabe d\u00f3nde va eso; m\u00e1rchese; le ruego que le diga inmedia\u00adtamente a ese empleado, que me ha parecido mal el que usted haya actuado as\u00ed por tan poca cosa, y que enviaremos el dinero a Marsella; que le ruego se lo diga a la Se\u00f1ora Fouquet y al Se\u00f1or, su hijo\u00bb.<\/p>\n<p>Y como el Hermano le replicara que se trataba de un dinero, que se deb\u00eda, y que, por eso, cre\u00eda que pod\u00eda pedirlo y que aquello pod\u00eda causar el menosprecio del empleado, el Se\u00f1or Vicente le contest\u00f3 que una cosa tan peque\u00f1a no ser\u00eda muy importante, para que el em\u00adpleado se preocupara de devolver el dinero, y que eso no estaba bien, y que fuera a presentarle sus excusas, y que si aqu\u00e9l ven\u00eda a devolver las catorce libras, \u00a1magn\u00edfico!, con tal de que no hablara m\u00e1s de ello.<span id='easy-footnote-5-34574' class='easy-footnote-margin-adjust'><\/span><span class='easy-footnote'><a href='https:\/\/vincentians.com\/es\/el-senor-vicente-visto-por-su-secretario-luis-robineau-articulos-121-al-125\/#easy-footnote-bottom-5-34574' title='Episodio omitido por L. Abelly 1664.'><sup>5<\/sup><\/a><\/span>\n","protected":false},"excerpt":{"rendered":"<p>121. Conducta prudente, como la de la serpiente. Finalmente, podemos decir que el Se\u00f1or Vicente ha tenido la pru\u00addencia de la serpiente, porque, como la serpiente expone su cuerpo para salvar la cabeza, el Se\u00f1or &#8230; <a href=\"https:\/\/vincentians.com\/es\/el-senor-vicente-visto-por-su-secretario-luis-robineau-articulos-121-al-125\/\" class=\"more-link\">Read More<\/a><\/p>\n","protected":false},"author":4,"featured_media":404124,"comment_status":"open","ping_status":"open","sticky":false,"template":"","format":"standard","meta":{"jetpack_post_was_ever_published":false,"_jetpack_newsletter_access":"","_jetpack_dont_email_post_to_subs":false,"_jetpack_newsletter_tier_id":0,"_jetpack_memberships_contains_paywalled_content":false,"_jetpack_memberships_contains_paid_content":false,"footnotes":"","jetpack_publicize_message":"","jetpack_publicize_feature_enabled":true,"jetpack_social_post_already_shared":true,"jetpack_social_options":{"image_generator_settings":{"template":"highway","default_image_id":0,"font":"","enabled":false},"version":2}},"categories":[311],"tags":[218,119,166,143],"class_list":["post-34574","post","type-post","status-publish","format-standard","has-post-thumbnail","hentry","category-escritos-de-luis-robineau","tag-abelly","tag-gondi","tag-robineau","tag-san-lazaro"],"yoast_head":"<!-- This site is optimized with the Yoast SEO plugin v26.3 - https:\/\/yoast.com\/wordpress\/plugins\/seo\/ -->\n<title>El se\u00f1or Vicente visto por su secretario, Luis Robineau. Art\u00edculos 121 al 125 - Somos Vicencianos<\/title>\n<meta name=\"robots\" content=\"index, follow, max-snippet:-1, max-image-preview:large, max-video-preview:-1\" \/>\n<link rel=\"canonical\" href=\"https:\/\/vincentians.com\/es\/el-senor-vicente-visto-por-su-secretario-luis-robineau-articulos-121-al-125\/\" \/>\n<meta property=\"og:locale\" content=\"es_ES\" \/>\n<meta property=\"og:type\" content=\"article\" \/>\n<meta property=\"og:title\" content=\"El se\u00f1or Vicente visto por su secretario, Luis Robineau. Art\u00edculos 121 al 125 - Somos Vicencianos\" \/>\n<meta property=\"og:description\" content=\"121. Conducta prudente, como la de la serpiente. Finalmente, podemos decir que el Se\u00f1or Vicente ha tenido la pru\u00addencia de la serpiente, porque, como la serpiente expone su cuerpo para salvar la cabeza, el Se\u00f1or ... Read More\" \/>\n<meta property=\"og:url\" content=\"https:\/\/vincentians.com\/es\/el-senor-vicente-visto-por-su-secretario-luis-robineau-articulos-121-al-125\/\" \/>\n<meta property=\"og:site_name\" content=\"Somos Vicencianos\" \/>\n<meta property=\"article:publisher\" content=\"https:\/\/www.facebook.com\/WeAreVincentians\/\" \/>\n<meta property=\"article:author\" content=\"https:\/\/www.facebook.com\/JavierChento\" \/>\n<meta property=\"article:published_time\" content=\"2025-05-07T06:59:37+00:00\" \/>\n<meta property=\"og:image\" content=\"https:\/\/i0.wp.com\/vincentians.com\/es\/wp-content\/uploads\/sites\/11\/2013\/04\/g-5.jpg?fit=1170%2C692&ssl=1\" \/>\n\t<meta property=\"og:image:width\" content=\"1170\" \/>\n\t<meta property=\"og:image:height\" content=\"692\" \/>\n\t<meta property=\"og:image:type\" content=\"image\/jpeg\" \/>\n<meta name=\"author\" content=\"Francisco Javier Fern\u00e1ndez Chento\" \/>\n<meta name=\"twitter:card\" content=\"summary_large_image\" \/>\n<meta name=\"twitter:creator\" content=\"@https:\/\/twitter.com\/javierchento\" \/>\n<meta name=\"twitter:site\" content=\"@WeVincentians\" \/>\n<meta name=\"twitter:label1\" content=\"Escrito por\" \/>\n\t<meta name=\"twitter:data1\" content=\"Francisco Javier Fern\u00e1ndez Chento\" \/>\n\t<meta name=\"twitter:label2\" content=\"Tiempo de lectura\" \/>\n\t<meta name=\"twitter:data2\" content=\"6 minutos\" \/>\n<script type=\"application\/ld+json\" class=\"yoast-schema-graph\">{\"@context\":\"https:\/\/schema.org\",\"@graph\":[{\"@type\":\"Article\",\"@id\":\"https:\/\/vincentians.com\/es\/el-senor-vicente-visto-por-su-secretario-luis-robineau-articulos-121-al-125\/#article\",\"isPartOf\":{\"@id\":\"https:\/\/vincentians.com\/es\/el-senor-vicente-visto-por-su-secretario-luis-robineau-articulos-121-al-125\/\"},\"author\":{\"name\":\"Francisco Javier Fern\u00e1ndez Chento\",\"@id\":\"https:\/\/vincentians.com\/es\/#\/schema\/person\/9623ef4d9aa3b2dfb8c061f1499288f2\"},\"headline\":\"El se\u00f1or Vicente visto por su secretario, Luis Robineau. Art\u00edculos 121 al 125\",\"datePublished\":\"2025-05-07T06:59:37+00:00\",\"mainEntityOfPage\":{\"@id\":\"https:\/\/vincentians.com\/es\/el-senor-vicente-visto-por-su-secretario-luis-robineau-articulos-121-al-125\/\"},\"wordCount\":1243,\"commentCount\":0,\"publisher\":{\"@id\":\"https:\/\/vincentians.com\/es\/#organization\"},\"image\":{\"@id\":\"https:\/\/vincentians.com\/es\/el-senor-vicente-visto-por-su-secretario-luis-robineau-articulos-121-al-125\/#primaryimage\"},\"thumbnailUrl\":\"https:\/\/i0.wp.com\/vincentians.com\/es\/wp-content\/uploads\/sites\/11\/2013\/04\/g-5.jpg?fit=1170%2C692&ssl=1\",\"keywords\":[\"Abelly\",\"Gondi\",\"Robineau\",\"San L\u00e1zaro\"],\"articleSection\":[\"Escritos de Luis Robineau\"],\"inLanguage\":\"es\",\"potentialAction\":[{\"@type\":\"CommentAction\",\"name\":\"Comment\",\"target\":[\"https:\/\/vincentians.com\/es\/el-senor-vicente-visto-por-su-secretario-luis-robineau-articulos-121-al-125\/#respond\"]}]},{\"@type\":\"WebPage\",\"@id\":\"https:\/\/vincentians.com\/es\/el-senor-vicente-visto-por-su-secretario-luis-robineau-articulos-121-al-125\/\",\"url\":\"https:\/\/vincentians.com\/es\/el-senor-vicente-visto-por-su-secretario-luis-robineau-articulos-121-al-125\/\",\"name\":\"El se\u00f1or Vicente visto por su secretario, Luis Robineau. Art\u00edculos 121 al 125 - Somos Vicencianos\",\"isPartOf\":{\"@id\":\"https:\/\/vincentians.com\/es\/#website\"},\"primaryImageOfPage\":{\"@id\":\"https:\/\/vincentians.com\/es\/el-senor-vicente-visto-por-su-secretario-luis-robineau-articulos-121-al-125\/#primaryimage\"},\"image\":{\"@id\":\"https:\/\/vincentians.com\/es\/el-senor-vicente-visto-por-su-secretario-luis-robineau-articulos-121-al-125\/#primaryimage\"},\"thumbnailUrl\":\"https:\/\/i0.wp.com\/vincentians.com\/es\/wp-content\/uploads\/sites\/11\/2013\/04\/g-5.jpg?fit=1170%2C692&ssl=1\",\"datePublished\":\"2025-05-07T06:59:37+00:00\",\"breadcrumb\":{\"@id\":\"https:\/\/vincentians.com\/es\/el-senor-vicente-visto-por-su-secretario-luis-robineau-articulos-121-al-125\/#breadcrumb\"},\"inLanguage\":\"es\",\"potentialAction\":[{\"@type\":\"ReadAction\",\"target\":[\"https:\/\/vincentians.com\/es\/el-senor-vicente-visto-por-su-secretario-luis-robineau-articulos-121-al-125\/\"]}]},{\"@type\":\"ImageObject\",\"inLanguage\":\"es\",\"@id\":\"https:\/\/vincentians.com\/es\/el-senor-vicente-visto-por-su-secretario-luis-robineau-articulos-121-al-125\/#primaryimage\",\"url\":\"https:\/\/i0.wp.com\/vincentians.com\/es\/wp-content\/uploads\/sites\/11\/2013\/04\/g-5.jpg?fit=1170%2C692&ssl=1\",\"contentUrl\":\"https:\/\/i0.wp.com\/vincentians.com\/es\/wp-content\/uploads\/sites\/11\/2013\/04\/g-5.jpg?fit=1170%2C692&ssl=1\",\"width\":1170,\"height\":692},{\"@type\":\"BreadcrumbList\",\"@id\":\"https:\/\/vincentians.com\/es\/el-senor-vicente-visto-por-su-secretario-luis-robineau-articulos-121-al-125\/#breadcrumb\",\"itemListElement\":[{\"@type\":\"ListItem\",\"position\":1,\"name\":\"Portada\",\"item\":\"https:\/\/vincentians.com\/es\/\"},{\"@type\":\"ListItem\",\"position\":2,\"name\":\"El se\u00f1or Vicente visto por su secretario, Luis Robineau. Art\u00edculos 121 al 125\"}]},{\"@type\":\"WebSite\",\"@id\":\"https:\/\/vincentians.com\/es\/#website\",\"url\":\"https:\/\/vincentians.com\/es\/\",\"name\":\"Somos Vicencianos\",\"description\":\"Know more to serve more\",\"publisher\":{\"@id\":\"https:\/\/vincentians.com\/es\/#organization\"},\"potentialAction\":[{\"@type\":\"SearchAction\",\"target\":{\"@type\":\"EntryPoint\",\"urlTemplate\":\"https:\/\/vincentians.com\/es\/?s={search_term_string}\"},\"query-input\":{\"@type\":\"PropertyValueSpecification\",\"valueRequired\":true,\"valueName\":\"search_term_string\"}}],\"inLanguage\":\"es\"},{\"@type\":\"Organization\",\"@id\":\"https:\/\/vincentians.com\/es\/#organization\",\"name\":\"The Vincentian Network\",\"url\":\"https:\/\/vincentians.com\/es\/\",\"logo\":{\"@type\":\"ImageObject\",\"inLanguage\":\"es\",\"@id\":\"https:\/\/vincentians.com\/es\/#\/schema\/logo\/image\/\",\"url\":\"https:\/\/i1.wp.com\/vincentians.com\/es\/wp-content\/uploads\/sites\/11\/2016\/06\/Vincentian-Network-logo-big.png?fit=778%2C778\",\"contentUrl\":\"https:\/\/i1.wp.com\/vincentians.com\/es\/wp-content\/uploads\/sites\/11\/2016\/06\/Vincentian-Network-logo-big.png?fit=778%2C778\",\"width\":778,\"height\":778,\"caption\":\"The Vincentian Network\"},\"image\":{\"@id\":\"https:\/\/vincentians.com\/es\/#\/schema\/logo\/image\/\"},\"sameAs\":[\"https:\/\/www.facebook.com\/WeAreVincentians\/\",\"https:\/\/x.com\/WeVincentians\"]},{\"@type\":\"Person\",\"@id\":\"https:\/\/vincentians.com\/es\/#\/schema\/person\/9623ef4d9aa3b2dfb8c061f1499288f2\",\"name\":\"Francisco Javier Fern\u00e1ndez Chento\",\"image\":{\"@type\":\"ImageObject\",\"inLanguage\":\"es\",\"@id\":\"https:\/\/vincentians.com\/es\/#\/schema\/person\/image\/\",\"url\":\"https:\/\/secure.gravatar.com\/avatar\/497d5cde87b4c3d097d0315953521681ba2cd523ee66e5077c3711f7021e65de?s=96&d=mm&r=g\",\"contentUrl\":\"https:\/\/secure.gravatar.com\/avatar\/497d5cde87b4c3d097d0315953521681ba2cd523ee66e5077c3711f7021e65de?s=96&d=mm&r=g\",\"caption\":\"Francisco Javier Fern\u00e1ndez Chento\"},\"description\":\"Director General y cofundador de La Red de Formaci\u00f3n Vicenciana. Javier es laico vicenciano, afiliado a la Congregaci\u00f3n de la Misi\u00f3n y miembro del Equipo de Misiones Populares de la provincia can\u00f3nica de Zaragoza (Espa\u00f1a) de la Congregaci\u00f3n de la Misi\u00f3n. Graduado en la Universidad Oberta de Catalunya con cuatro grados (Asistente de direcci\u00f3n, Gesti\u00f3n Administrativa, Recursos Humanos y Contabilidad Avanzada). Bil\u00edng\u00fce Espa\u00f1ol\/Ingl\u00e9s. gestiona y mantiene varias p\u00e1ginas web cristianas y vicencianas, incluida including La Red de Formaci\u00f3n Vicenciana, de la que es cofundador. Actualmente es responsable del \u00e1rea de Espa\u00f1ol de .famvin, la Red de Noticias de la Familia Vicenciana. Tambi\u00e9n es m\u00fasico cat\u00f3lico y ha editado varios discos. Es Director General y cofundador de Trovador, una reconocida compa\u00f1\u00eda discogr\u00e1fica critiana de Espa\u00f1a. Trabaja en las Tecnolog\u00edas de la Informaci\u00f3n, ofreciendo servicios de alojamiento, dise\u00f1o y mantenimiento Web, as\u00ed como asesoramiento, formaci\u00f3n y soluciones inform\u00e1ticas, gesti\u00f3n documental y digitalizaci\u00f3n de textos, edici\u00f3n y maquetaci\u00f3n de libros, revistas, flyers, etc.\",\"sameAs\":[\"http:\/\/chento.org\",\"https:\/\/www.facebook.com\/JavierChento\",\"https:\/\/x.com\/https:\/\/twitter.com\/javierchento\"],\"url\":\"https:\/\/vincentians.com\/es\/author\/chento\/\"}]}<\/script>\n<!-- \/ Yoast SEO plugin. -->","yoast_head_json":{"title":"El se\u00f1or Vicente visto por su secretario, Luis Robineau. Art\u00edculos 121 al 125 - Somos Vicencianos","robots":{"index":"index","follow":"follow","max-snippet":"max-snippet:-1","max-image-preview":"max-image-preview:large","max-video-preview":"max-video-preview:-1"},"canonical":"https:\/\/vincentians.com\/es\/el-senor-vicente-visto-por-su-secretario-luis-robineau-articulos-121-al-125\/","og_locale":"es_ES","og_type":"article","og_title":"El se\u00f1or Vicente visto por su secretario, Luis Robineau. Art\u00edculos 121 al 125 - Somos Vicencianos","og_description":"121. Conducta prudente, como la de la serpiente. Finalmente, podemos decir que el Se\u00f1or Vicente ha tenido la pru\u00addencia de la serpiente, porque, como la serpiente expone su cuerpo para salvar la cabeza, el Se\u00f1or ... Read More","og_url":"https:\/\/vincentians.com\/es\/el-senor-vicente-visto-por-su-secretario-luis-robineau-articulos-121-al-125\/","og_site_name":"Somos Vicencianos","article_publisher":"https:\/\/www.facebook.com\/WeAreVincentians\/","article_author":"https:\/\/www.facebook.com\/JavierChento","article_published_time":"2025-05-07T06:59:37+00:00","og_image":[{"width":1170,"height":692,"url":"https:\/\/i0.wp.com\/vincentians.com\/es\/wp-content\/uploads\/sites\/11\/2013\/04\/g-5.jpg?fit=1170%2C692&ssl=1","type":"image\/jpeg"}],"author":"Francisco Javier Fern\u00e1ndez Chento","twitter_card":"summary_large_image","twitter_creator":"@https:\/\/twitter.com\/javierchento","twitter_site":"@WeVincentians","twitter_misc":{"Escrito por":"Francisco Javier Fern\u00e1ndez Chento","Tiempo de lectura":"6 minutos"},"schema":{"@context":"https:\/\/schema.org","@graph":[{"@type":"Article","@id":"https:\/\/vincentians.com\/es\/el-senor-vicente-visto-por-su-secretario-luis-robineau-articulos-121-al-125\/#article","isPartOf":{"@id":"https:\/\/vincentians.com\/es\/el-senor-vicente-visto-por-su-secretario-luis-robineau-articulos-121-al-125\/"},"author":{"name":"Francisco Javier Fern\u00e1ndez Chento","@id":"https:\/\/vincentians.com\/es\/#\/schema\/person\/9623ef4d9aa3b2dfb8c061f1499288f2"},"headline":"El se\u00f1or Vicente visto por su secretario, Luis Robineau. Art\u00edculos 121 al 125","datePublished":"2025-05-07T06:59:37+00:00","mainEntityOfPage":{"@id":"https:\/\/vincentians.com\/es\/el-senor-vicente-visto-por-su-secretario-luis-robineau-articulos-121-al-125\/"},"wordCount":1243,"commentCount":0,"publisher":{"@id":"https:\/\/vincentians.com\/es\/#organization"},"image":{"@id":"https:\/\/vincentians.com\/es\/el-senor-vicente-visto-por-su-secretario-luis-robineau-articulos-121-al-125\/#primaryimage"},"thumbnailUrl":"https:\/\/i0.wp.com\/vincentians.com\/es\/wp-content\/uploads\/sites\/11\/2013\/04\/g-5.jpg?fit=1170%2C692&ssl=1","keywords":["Abelly","Gondi","Robineau","San L\u00e1zaro"],"articleSection":["Escritos de Luis Robineau"],"inLanguage":"es","potentialAction":[{"@type":"CommentAction","name":"Comment","target":["https:\/\/vincentians.com\/es\/el-senor-vicente-visto-por-su-secretario-luis-robineau-articulos-121-al-125\/#respond"]}]},{"@type":"WebPage","@id":"https:\/\/vincentians.com\/es\/el-senor-vicente-visto-por-su-secretario-luis-robineau-articulos-121-al-125\/","url":"https:\/\/vincentians.com\/es\/el-senor-vicente-visto-por-su-secretario-luis-robineau-articulos-121-al-125\/","name":"El se\u00f1or Vicente visto por su secretario, Luis Robineau. Art\u00edculos 121 al 125 - Somos Vicencianos","isPartOf":{"@id":"https:\/\/vincentians.com\/es\/#website"},"primaryImageOfPage":{"@id":"https:\/\/vincentians.com\/es\/el-senor-vicente-visto-por-su-secretario-luis-robineau-articulos-121-al-125\/#primaryimage"},"image":{"@id":"https:\/\/vincentians.com\/es\/el-senor-vicente-visto-por-su-secretario-luis-robineau-articulos-121-al-125\/#primaryimage"},"thumbnailUrl":"https:\/\/i0.wp.com\/vincentians.com\/es\/wp-content\/uploads\/sites\/11\/2013\/04\/g-5.jpg?fit=1170%2C692&ssl=1","datePublished":"2025-05-07T06:59:37+00:00","breadcrumb":{"@id":"https:\/\/vincentians.com\/es\/el-senor-vicente-visto-por-su-secretario-luis-robineau-articulos-121-al-125\/#breadcrumb"},"inLanguage":"es","potentialAction":[{"@type":"ReadAction","target":["https:\/\/vincentians.com\/es\/el-senor-vicente-visto-por-su-secretario-luis-robineau-articulos-121-al-125\/"]}]},{"@type":"ImageObject","inLanguage":"es","@id":"https:\/\/vincentians.com\/es\/el-senor-vicente-visto-por-su-secretario-luis-robineau-articulos-121-al-125\/#primaryimage","url":"https:\/\/i0.wp.com\/vincentians.com\/es\/wp-content\/uploads\/sites\/11\/2013\/04\/g-5.jpg?fit=1170%2C692&ssl=1","contentUrl":"https:\/\/i0.wp.com\/vincentians.com\/es\/wp-content\/uploads\/sites\/11\/2013\/04\/g-5.jpg?fit=1170%2C692&ssl=1","width":1170,"height":692},{"@type":"BreadcrumbList","@id":"https:\/\/vincentians.com\/es\/el-senor-vicente-visto-por-su-secretario-luis-robineau-articulos-121-al-125\/#breadcrumb","itemListElement":[{"@type":"ListItem","position":1,"name":"Portada","item":"https:\/\/vincentians.com\/es\/"},{"@type":"ListItem","position":2,"name":"El se\u00f1or Vicente visto por su secretario, Luis Robineau. Art\u00edculos 121 al 125"}]},{"@type":"WebSite","@id":"https:\/\/vincentians.com\/es\/#website","url":"https:\/\/vincentians.com\/es\/","name":"Somos Vicencianos","description":"Know more to serve more","publisher":{"@id":"https:\/\/vincentians.com\/es\/#organization"},"potentialAction":[{"@type":"SearchAction","target":{"@type":"EntryPoint","urlTemplate":"https:\/\/vincentians.com\/es\/?s={search_term_string}"},"query-input":{"@type":"PropertyValueSpecification","valueRequired":true,"valueName":"search_term_string"}}],"inLanguage":"es"},{"@type":"Organization","@id":"https:\/\/vincentians.com\/es\/#organization","name":"The Vincentian Network","url":"https:\/\/vincentians.com\/es\/","logo":{"@type":"ImageObject","inLanguage":"es","@id":"https:\/\/vincentians.com\/es\/#\/schema\/logo\/image\/","url":"https:\/\/i1.wp.com\/vincentians.com\/es\/wp-content\/uploads\/sites\/11\/2016\/06\/Vincentian-Network-logo-big.png?fit=778%2C778","contentUrl":"https:\/\/i1.wp.com\/vincentians.com\/es\/wp-content\/uploads\/sites\/11\/2016\/06\/Vincentian-Network-logo-big.png?fit=778%2C778","width":778,"height":778,"caption":"The Vincentian Network"},"image":{"@id":"https:\/\/vincentians.com\/es\/#\/schema\/logo\/image\/"},"sameAs":["https:\/\/www.facebook.com\/WeAreVincentians\/","https:\/\/x.com\/WeVincentians"]},{"@type":"Person","@id":"https:\/\/vincentians.com\/es\/#\/schema\/person\/9623ef4d9aa3b2dfb8c061f1499288f2","name":"Francisco Javier Fern\u00e1ndez Chento","image":{"@type":"ImageObject","inLanguage":"es","@id":"https:\/\/vincentians.com\/es\/#\/schema\/person\/image\/","url":"https:\/\/secure.gravatar.com\/avatar\/497d5cde87b4c3d097d0315953521681ba2cd523ee66e5077c3711f7021e65de?s=96&d=mm&r=g","contentUrl":"https:\/\/secure.gravatar.com\/avatar\/497d5cde87b4c3d097d0315953521681ba2cd523ee66e5077c3711f7021e65de?s=96&d=mm&r=g","caption":"Francisco Javier Fern\u00e1ndez Chento"},"description":"Director General y cofundador de La Red de Formaci\u00f3n Vicenciana. Javier es laico vicenciano, afiliado a la Congregaci\u00f3n de la Misi\u00f3n y miembro del Equipo de Misiones Populares de la provincia can\u00f3nica de Zaragoza (Espa\u00f1a) de la Congregaci\u00f3n de la Misi\u00f3n. Graduado en la Universidad Oberta de Catalunya con cuatro grados (Asistente de direcci\u00f3n, Gesti\u00f3n Administrativa, Recursos Humanos y Contabilidad Avanzada). Bil\u00edng\u00fce Espa\u00f1ol\/Ingl\u00e9s. gestiona y mantiene varias p\u00e1ginas web cristianas y vicencianas, incluida including La Red de Formaci\u00f3n Vicenciana, de la que es cofundador. Actualmente es responsable del \u00e1rea de Espa\u00f1ol de .famvin, la Red de Noticias de la Familia Vicenciana. Tambi\u00e9n es m\u00fasico cat\u00f3lico y ha editado varios discos. Es Director General y cofundador de Trovador, una reconocida compa\u00f1\u00eda discogr\u00e1fica critiana de Espa\u00f1a. Trabaja en las Tecnolog\u00edas de la Informaci\u00f3n, ofreciendo servicios de alojamiento, dise\u00f1o y mantenimiento Web, as\u00ed como asesoramiento, formaci\u00f3n y soluciones inform\u00e1ticas, gesti\u00f3n documental y digitalizaci\u00f3n de textos, edici\u00f3n y maquetaci\u00f3n de libros, revistas, flyers, etc.","sameAs":["http:\/\/chento.org","https:\/\/www.facebook.com\/JavierChento","https:\/\/x.com\/https:\/\/twitter.com\/javierchento"],"url":"https:\/\/vincentians.com\/es\/author\/chento\/"}]}},"jetpack_publicize_connections":[],"jetpack_featured_media_url":"https:\/\/i0.wp.com\/vincentians.com\/es\/wp-content\/uploads\/sites\/11\/2013\/04\/g-5.jpg?fit=1170%2C692&ssl=1","jetpack_sharing_enabled":true,"jetpack_shortlink":"https:\/\/wp.me\/p7ETMF-8ZE","jetpack-related-posts":[{"id":42249,"url":"https:\/\/vincentians.com\/es\/el-senor-vicente-visto-por-su-secretario-luis-robineau-articulos-296-al-300\/","url_meta":{"origin":34574,"position":0},"title":"El se\u00f1or Vicente visto por su secretario, Luis Robineau. Art\u00edculos 296 al 300","author":"Francisco Javier Fern\u00e1ndez Chento","date":"30\/03\/2014","format":false,"excerpt":"296. El Se\u00f1or Vicente: \"los que aman a los pobres no temer\u00e1n la muerte\". Una vez que volv\u00edamos de la ciudad con el difunto Se\u00f1or Abad de Chandenier y el Se\u00f1or Blampignon llegaron a hablar de la muerte de los hombres. El Se\u00f1or Vicente les dijo en esa ocasi\u00f3n lo\u2026","rel":"","context":"En \u00abEscritos de Luis Robineau\u00bb","block_context":{"text":"Escritos de Luis Robineau","link":"https:\/\/vincentians.com\/es\/category\/escritos\/escritos-de-luis-robineau\/"},"img":{"alt_text":"","src":"","width":0,"height":0},"classes":[]},{"id":130883,"url":"https:\/\/vincentians.com\/es\/el-camino-de-san-vicente-sencillez\/","url_meta":{"origin":34574,"position":1},"title":"El camino de San Vicente: Sencillez","author":"Francisco Javier Fern\u00e1ndez Chento","date":"17\/02\/2015","format":false,"excerpt":"Esta es la virtud que m\u00e1s amaba san Vicente. \"Es mi evangelio\", sol\u00eda decir. Escucha, hermano m\u00edo, c\u00f3mo san Vicente describe la sencillez: Nuestro Se\u00f1or Jesucristo nos pide la sencillez de la paloma, que consiste en decir las cosas llanamente como est\u00e1n en nuestro coraz\u00f3n, sin elucubraciones in\u00fatiles, y en\u2026","rel":"","context":"En \u00abFormaci\u00f3n Vicenciana\u00bb","block_context":{"text":"Formaci\u00f3n Vicenciana","link":"https:\/\/vincentians.com\/es\/category\/formacion-vicenciana\/"},"img":{"alt_text":"la-sencillez","src":"https:\/\/i0.wp.com\/vicencianos.org\/wp-content\/2014\/07\/la-sencillez-300x216.jpg?resize=350%2C200","width":350,"height":200},"classes":[]},{"id":131681,"url":"https:\/\/vincentians.com\/es\/sencillos-como-las-palomas-y-prudentes-como-las-serpientes\/","url_meta":{"origin":34574,"position":2},"title":"\u00abSencillos como las palomas y prudentes como las serpientes\u00bb","author":"Francisco Javier Fern\u00e1ndez Chento","date":"16\/11\/2014","format":false,"excerpt":"Que vuestro s\u00ed sea un s\u00ed y vuestro no un no; lo que pasa de ah\u00ed es cosa del Malo. (Mt 5,37). \"La Congregaci\u00f3n intenta expresar su esp\u00edritu tambi\u00e9n con las cinco virtudes sacadas de su peculiar visi\u00f3n de Cristo, a saber: la sencillez, la humildad, la mansedumbre, la mortificaci\u00f3n\u2026","rel":"","context":"En \u00abEspiritualidad vicenciana\u00bb","block_context":{"text":"Espiritualidad vicenciana","link":"https:\/\/vincentians.com\/es\/category\/espiritualidad\/espiritualidad-vicenciana\/"},"img":{"alt_text":"mateo_10_16","src":"https:\/\/i0.wp.com\/vicencianos.org\/wp-content\/2014\/11\/mateo_10_16-300x300.jpg?resize=350%2C200","width":350,"height":200},"classes":[]},{"id":45207,"url":"https:\/\/vincentians.com\/es\/el-senor-vicente-visto-por-su-secretario-luis-robineau-articulos-326-al-330\/","url_meta":{"origin":34574,"position":3},"title":"El se\u00f1or Vicente visto por su secretario, Luis Robineau. Art\u00edculos 326 al 330","author":"Francisco Javier Fern\u00e1ndez Chento","date":"05\/04\/2014","format":false,"excerpt":"326. El Se\u00f1or Vicente se acusa de haber carecido de aguante. Un d\u00eda, un sacerdote de la Compa\u00f1\u00eda, que posteriormente se sali\u00f3 de ella (de esto hace ya muchos a\u00f1os), como el Se\u00f1or Vicente le dijera que fuera al Oficio con los dem\u00e1s a la iglesia, \u00e9l le respondi\u00f3 que\u2026","rel":"","context":"En \u00abEscritos de Luis Robineau\u00bb","block_context":{"text":"Escritos de Luis Robineau","link":"https:\/\/vincentians.com\/es\/category\/escritos\/escritos-de-luis-robineau\/"},"img":{"alt_text":"","src":"","width":0,"height":0},"classes":[]},{"id":42239,"url":"https:\/\/vincentians.com\/es\/el-senor-vicente-visto-por-su-secretario-luis-robineau-articulos-251-al-255\/","url_meta":{"origin":34574,"position":4},"title":"El se\u00f1or Vicente visto por su secretario, Luis Robineau. Art\u00edculos 251 al 255","author":"Francisco Javier Fern\u00e1ndez Chento","date":"21\/03\/2014","format":false,"excerpt":"251. Dos contrariedades del Se\u00f1or Vicente: las faltas de la Compa\u00f1\u00eda, la insuficiencia de socorros. Dos cosas, nos dec\u00eda, le causaban pena a causa del cargo, que ten\u00eda en la Compa\u00f1\u00eda y del que deb\u00eda dar cuenta a Dios, a saber: las faltas, primero, que se han deslizado dentro de\u2026","rel":"","context":"En \u00abEscritos de Luis Robineau\u00bb","block_context":{"text":"Escritos de Luis Robineau","link":"https:\/\/vincentians.com\/es\/category\/escritos\/escritos-de-luis-robineau\/"},"img":{"alt_text":"","src":"","width":0,"height":0},"classes":[]},{"id":32765,"url":"https:\/\/vincentians.com\/es\/el-senor-vicente-visto-por-su-secretario-luis-robineau-articulos-061-al-065\/","url_meta":{"origin":34574,"position":5},"title":"El se\u00f1or Vicente visto por su secretario, Luis Robineau. Art\u00edculos 061 al 065","author":"Francisco Javier Fern\u00e1ndez Chento","date":"01\/02\/2025","format":false,"excerpt":"061. El Se\u00f1or Vicente, Vicario General del Abad de Richelleu. He aqu\u00ed otro acto de su humildad. El a\u00f1o de 1659, el mes de Julio, el Rey Cristian\u00edsimo lo nombr\u00f3 por medio de unas Letras patentes, para que se hiciera cargo de la provi\u00adsi\u00f3n de los beneficios del se\u00f1or Abad\u2026","rel":"","context":"En \u00abEscritos de Luis Robineau\u00bb","block_context":{"text":"Escritos de Luis Robineau","link":"https:\/\/vincentians.com\/es\/category\/escritos\/escritos-de-luis-robineau\/"},"img":{"alt_text":"","src":"https:\/\/i0.wp.com\/vincentians.com\/es\/wp-content\/uploads\/sites\/11\/2023\/08\/aaaf.jpg?fit=1200%2C827&ssl=1&resize=350%2C200","width":350,"height":200,"srcset":"https:\/\/i0.wp.com\/vincentians.com\/es\/wp-content\/uploads\/sites\/11\/2023\/08\/aaaf.jpg?fit=1200%2C827&ssl=1&resize=350%2C200 1x, https:\/\/i0.wp.com\/vincentians.com\/es\/wp-content\/uploads\/sites\/11\/2023\/08\/aaaf.jpg?fit=1200%2C827&ssl=1&resize=525%2C300 1.5x, https:\/\/i0.wp.com\/vincentians.com\/es\/wp-content\/uploads\/sites\/11\/2023\/08\/aaaf.jpg?fit=1200%2C827&ssl=1&resize=700%2C400 2x, https:\/\/i0.wp.com\/vincentians.com\/es\/wp-content\/uploads\/sites\/11\/2023\/08\/aaaf.jpg?fit=1200%2C827&ssl=1&resize=1050%2C600 3x"},"classes":[]}],"_links":{"self":[{"href":"https:\/\/vincentians.com\/es\/wp-json\/wp\/v2\/posts\/34574","targetHints":{"allow":["GET"]}}],"collection":[{"href":"https:\/\/vincentians.com\/es\/wp-json\/wp\/v2\/posts"}],"about":[{"href":"https:\/\/vincentians.com\/es\/wp-json\/wp\/v2\/types\/post"}],"author":[{"embeddable":true,"href":"https:\/\/vincentians.com\/es\/wp-json\/wp\/v2\/users\/4"}],"replies":[{"embeddable":true,"href":"https:\/\/vincentians.com\/es\/wp-json\/wp\/v2\/comments?post=34574"}],"version-history":[{"count":1,"href":"https:\/\/vincentians.com\/es\/wp-json\/wp\/v2\/posts\/34574\/revisions"}],"predecessor-version":[{"id":405944,"href":"https:\/\/vincentians.com\/es\/wp-json\/wp\/v2\/posts\/34574\/revisions\/405944"}],"wp:featuredmedia":[{"embeddable":true,"href":"https:\/\/vincentians.com\/es\/wp-json\/wp\/v2\/media\/404124"}],"wp:attachment":[{"href":"https:\/\/vincentians.com\/es\/wp-json\/wp\/v2\/media?parent=34574"}],"wp:term":[{"taxonomy":"category","embeddable":true,"href":"https:\/\/vincentians.com\/es\/wp-json\/wp\/v2\/categories?post=34574"},{"taxonomy":"post_tag","embeddable":true,"href":"https:\/\/vincentians.com\/es\/wp-json\/wp\/v2\/tags?post=34574"}],"curies":[{"name":"wp","href":"https:\/\/api.w.org\/{rel}","templated":true}]}}