{"id":34572,"date":"2025-04-23T08:25:37","date_gmt":"2025-04-23T06:25:37","guid":{"rendered":"http:\/\/somos.vicencianos.org\/blog\/2011\/04\/el-senor-vicente-visto-por-su-secretario-luis-robineau-articulos-111-al-115\/"},"modified":"2024-08-22T19:40:16","modified_gmt":"2024-08-22T17:40:16","slug":"el-senor-vicente-visto-por-su-secretario-luis-robineau-articulos-111-al-115","status":"publish","type":"post","link":"https:\/\/vincentians.com\/es\/el-senor-vicente-visto-por-su-secretario-luis-robineau-articulos-111-al-115\/","title":{"rendered":"El se\u00f1or Vicente visto por su secretario, Luis Robineau. Art\u00edculos 111 al 115"},"content":{"rendered":"<h2><em>111. <\/em><strong><em>Retrasa las correcciones.<\/em><\/strong><\/h2>\n<p>Es tambi\u00e9n propio de la prudencia y discreci\u00f3n de un superior no corregir a los inferiores inmediatamente, salvo que la falta sea tal, que la advertencia y la correcci\u00f3n no puedan diferirse m\u00e1s tiempo por alguna raz\u00f3n. Pues bien, as\u00ed es como se portaba el Se\u00f1or Vicente.<span id='easy-footnote-1-34572' class='easy-footnote-margin-adjust'><\/span><span class='easy-footnote'><a href='https:\/\/vincentians.com\/es\/el-senor-vicente-visto-por-su-secretario-luis-robineau-articulos-111-al-115\/#easy-footnote-bottom-1-34572' title='&lt;strong&gt;Retrasar los avisos.&lt;\/strong&gt;&lt;\/p&gt;\n&lt;p&gt;El Sr. Vicente sugiere a las Hijas de la Caridad el 22 de octubre de 1650, \u00abno hay que estar avisando a todas horas, porque, a veces, lo que creemos que es una falta, no lo es; antes hay que hacer oraci\u00f3n y pensar: \u00abLo que ha hecho mi Hermana, \u00bfes una falta de importan\u00adcia?\u00bb (IX.534\/499).'><sup>1<\/sup><\/a><\/span>\n<h2><em><strong>112. <\/strong><\/em><em>Respeto al pr\u00f3jimo.<\/em><\/h2>\n<p>Nunca refer\u00eda los defectos del pr\u00f3jimo, ni hablaba mal de \u00e9l, sino siempre en su favor, apreciando y practicando la norma del bienaven\u00adturado obispo de Ginebra, que dice que un acto, que tiene cien caras, hay que mirarlo e interpretarlo seg\u00fan la m\u00e1s favorable. Y un d\u00eda que se descuid\u00f3 \u2014esto es\u2014 que le pareci\u00f3 que me hab\u00eda dicho alguna pa\u00adlabra, que dejara entender que ten\u00eda mala opini\u00f3n de cierta persona, vino a pedirme perd\u00f3n.<\/p>\n<p>Las cartas que escrib\u00eda, as\u00ed como las palabras que dec\u00eda, estaban siempre sazonadas con una gran prudencia y discreci\u00f3n.<span id='easy-footnote-2-34572' class='easy-footnote-margin-adjust'><\/span><span class='easy-footnote'><a href='https:\/\/vincentians.com\/es\/el-senor-vicente-visto-por-su-secretario-luis-robineau-articulos-111-al-115\/#easy-footnote-bottom-2-34572' title='\u00abSiga usted, Se\u00f1or, viendo las cosas y los actos del pr\u00f3jimo con esp\u00edritu de caridad; y aunque sus actos tuvieran cien caras, practi\u00adquemos el consejo de nuestro bienaventurado Padre, y mir\u00e9moslas por la cara mejor\u00bb. A Pedro Escart, 11 de febrero de 1643 (II.365\/301).'><sup>2<\/sup><\/a><\/span>\n<h2><em>113. <\/em><em>Sus disposiciones, cuando estaba en casa de los Gondi.<\/em><\/h2>\n<p>Me parece que tambi\u00e9n es haber obrado tan prudente como Cristianamente haberse portado durante su estancia en casa del Se\u00ad\u00f1or General de las Galeras, del modo como nos lo ha hecho ver. El Se\u00f1or Husson, abogado de la Corte del Parlamento (ya hemos habla\u00addo antes), que el a\u00f1o 1650 hab\u00eda entrado en la casa del Se\u00f1or duque de Retz, suplic\u00f3 al Se\u00f1or Vicente, que le dijera c\u00f3mo hab\u00eda que hacer para conservar el esp\u00edritu de devoci\u00f3n en medio del ajetreo del que nunca est\u00e1n carentes las casas de los grandes. El Se\u00f1or Vicente le respondi\u00f3 que, cuando estaba donde el Se\u00f1or General de las Galeras, su padre, hab\u00eda actuado de tal manera, que hab\u00eda considerado al Se\u00ad\u00f1or General como si fuera Nuestro Se\u00f1or; a la Se\u00f1ora Generala, como la Sant\u00edsima Virgen; a los Oficiales, dom\u00e9sticos y a las dem\u00e1s perso\u00adnas, que acud\u00edan por diferentes asuntos a aquella casa, como los ap\u00f3s\u00adtoles y la gente, que acud\u00eda, a Nuestro Se\u00f1or. Y que de este modo en medio del gran mundo, nunca se hab\u00eda separado de Jesucristo.<\/p>\n<h2><em>114. <\/em><em><strong>Actitud prudente por lo que toca al Cardenal de Retz.<\/strong><\/em><\/h2>\n<p>A prop\u00f3sito de esto, se condujo con prudencia, cuando detuvieron al Se\u00f1or Cardenal de Retz, desde el comienzo hasta el d\u00eda en que muri\u00f3; y si Dios quiere restablecerlo en su sede, o que la paz y el acuerdo se haga con el Rey, como lo esperamos de la bondad de Nuestro Se\u00f1or Jesucristo, indudablemente se dir\u00e1n muy buenas co\u00adsas en alabanza del Se\u00f1or Vicente y de la familia de los Gondi, que no se pueden decir por el momento.<span id='easy-footnote-3-34572' class='easy-footnote-margin-adjust'><\/span><span class='easy-footnote'><a href='https:\/\/vincentians.com\/es\/el-senor-vicente-visto-por-su-secretario-luis-robineau-articulos-111-al-115\/#easy-footnote-bottom-3-34572' title='&lt;strong&gt;Actuaci\u00f3n prudente en su relaci\u00f3n con el Cardenal de Retz.&lt;\/strong&gt;&lt;\/p&gt;\n&lt;p&gt;Hasta el fin de su vida Vicente de Pa\u00fal permaneci\u00f3 muy unido a la familia de los Gondi. Propuesto por Pedro de B\u00e9rulle como preceptor de los hijos de Felipe Manuel de Gondi, hab\u00eda entrado en dicha casa en el momento en que acababa de nacer el tercer hijo, Juan Francis\u00adco Pablo, bautizado en Montmirail el 20 de septiembre de 1613 (Bi\u00adblioteca del Institut 1328 fe 2). Despu\u00e9s de una breve interrupci\u00f3n de sus servicios (julio de 1617 &amp;#8211; 24 de diciembre de 1617) para encargar\u00adse de la parroquia de Ch\u00e1tillon-les-Dombes (XIII.43-45\/X.50), hab\u00eda vivido hasta terminar junio de 1625, teniendo domicilio fijo, en la calle Tiquetone, entre la calle Montorgueil y la calle Dussoubs. Gracias al General de las Galeras, hab\u00eda sido nombrado por el rey capell\u00e1n ge\u00adneral de las Galeras, el 8 de febrero de 1618 (XIII.55\/X.59). Despu\u00e9s de haber prestado juramento el 12 de febrero, se hab\u00eda ocupado de los galeotes presos en Par\u00eds en la c\u00e1rcel de San Roque, donde, en expresi\u00f3n del conde Voyer d&amp;#8217;Argenson, se podr\u00edan vivos.&lt;\/p&gt;\n&lt;p&gt;Despu\u00e9s de haber asistido a la Se\u00f1ora de Gondi hasta su muerte (23 de junio de 1625), hab\u00eda ido a Marsella para manifestar a Felipe Manuel de Gondi su fidelidad en la prueba (Abelly, I.71; IX.613\/552- 553).&lt;\/p&gt;\n&lt;p&gt;El 20 de octubre se instalaba en el Colegio de Bons-Enfants que le hab\u00eda sido otorgado el 1 de marzo de 1624 y cuya posesi\u00f3n por procu\u00adrador la tom\u00f3 Antonio Portail el d\u00eda siguiente (X.72-73 s\u00f3lo en espa\u00ad\u00f1ol; A.N.H.5-3 288. Cf. Annales 1940, p. 458).&lt;\/p&gt;\n&lt;p&gt;M\u00e1s a\u00fan, estaba en la casa de los Gondi al morir Juan Francisco, segundo hijo de los Gondi. En ese mismo momento Juan Francisco Pablo, el tercer hijo, fue destinado a ser de la Iglesia, y recibi\u00f3 los beneficios de su hermano: las abad\u00edas de Quimperl\u00e9 (8.000 libras de renta) y la de Machecoul (15.000 libras de renta).&lt;\/p&gt;\n&lt;p&gt;El 31 de dicembre de 1627, Juan Francisco Pablo llegaba a ser can\u00f3nigo de la catedral de Par\u00eds y prosegu\u00eda sus estudios con los Jesu\u00edtas del Colegio de Clermont, donde aprendi\u00f3 seis lenguas (lat\u00edn, griego, hebreo, alem\u00e1n, espa\u00f1ol e italiano). Tom\u00f3 sus grados en la Sorbona despu\u00e9s de haber seguido los cursos de &lt;strong&gt;J. &lt;\/strong&gt;Lescot y de Isambert (29 de enero de 1638).&lt;\/p&gt;\n&lt;p&gt;Pero este alumno superdotado era tambi\u00e9n inquieto y un enamora\u00addizo belicoso. A los 17 a\u00f1os ten\u00eda sobre su conciencia tres duelos. A los 18 a\u00f1os, inspir\u00e1ndose en la obra de Agust\u00edn Nascardi, escribe la &lt;strong&gt;Conspiration de Fiesque. &lt;\/strong&gt;Juan Duplessis, Cardenal de Richelieu, que no sent\u00eda ninguna simpat\u00eda por los Gondi y hab\u00eda obligado al her\u00admano mayor a dimitir del cargo de General de las Galeras, declar\u00f3 inmediatamente: \u00abEs un esp\u00edritu peligroso\u00bb. M\u00e1s tarde tratar\u00e1 a Juan Francisco de \u00abpeque\u00f1o arrogante\u00bb, de \u00abcara patibularia\u00bb&amp;#8230;&lt;\/p&gt;\n&lt;p&gt;Depu\u00e9s de un viaje a Italia, donde pasa por Florencia, Venecia y Roma, vuelve a Par\u00eds. \u00abHac\u00eda yo un poco el devoto, \u2014escribir\u00e1 m\u00e1s tarde en sus Memorias\u2014 y acud\u00eda a las Conferencias de San L\u00e1zaro &lt;strong&gt;(M\u00e9mo\u00edres &lt;\/strong&gt;1.167). Me hice m\u00e1s ordenado, al menos en aparien\u00adcia&amp;#8230; No hac\u00eda el devoto, porque no pod\u00eda estar seguro de que pudie\u00adra durar mucho tiempo en mi fingimiento; adem\u00e1s, apreciaba mucho a los devotos&amp;#8230;; en fin, mi forma de actuar me result\u00f3 bien hasta el punto de que ciertamente estuve de moda entre las personas de mi profesi\u00f3n, y hasta los devotos dec\u00edan con el Sr. Vicente, que me hab\u00eda aplicado aquellas palabras del Evangelio: que no ten\u00eda bastante pie\u00addad, pero que no estaba demasiado lejos del reino de Dios\u00bb &lt;strong&gt;(M\u00e9mo\u00edres &lt;\/strong&gt;1,177-180).&lt;\/p&gt;\n&lt;p&gt;Para caracterizar y comprender la pol\u00edtica de Vicente de Pa\u00fal para con los Gondi es necesario recordar el sentido agudo del agradeci\u00admiento, de que ten\u00eda conciencia. \u00abHay dos cosas en m\u00ed \u2014declaraba\u00ad: el agradecimiento y el no poder dejar de alabar el bien\u00bb (Abelly 111.268). Fue gracias a la familia de los Gondi, que hab\u00eda donado 45.000 libaras, que la Congregaci\u00f3n de la Misi\u00f3n vi\u00f3 la luz el 17 de abril de 1625 (XIII.197-202\/X.237; A.N.D.209).&lt;\/p&gt;\n&lt;p&gt;Tan pronto como muere Luis &lt;strong&gt;XIII. &lt;\/strong&gt;Vicente de Pa\u00fal acompa\u00f1a a Felipe Manuel de Gondi y a la Marquesa de Maignelay para pedir a Ana de Austria el nombramiento de J.F.Pablo como coadjutor del arzobispo de Par\u00eds. La presentaci\u00f3n tuvo lugar el 12 de junio de 1643, y la Bula pontifical fue expedida el 5 de octubre del mismo a\u00f1o. Juan Francisco Pablo hizo su retiro en San L\u00e1zaro. Recibi\u00f3 la consagra\u00adci\u00f3n episcopal el 31 de enero de 1644 en Notre Dame de Par\u00eds. Su t\u00edo, el Cardenal Juan Francisco de Gondi, ofici\u00f3 asistido por Nicol\u00e1s de Nets (Orl\u00e9ans) y Domingo S\u00e9guier (Meaux). Ser\u00e1 nombrado car\u00addenal el 19 de septiembre de 1652, y ser\u00e1 arzobispo de Par\u00eds el 21 de marzo de 1654..&lt;\/p&gt;\n&lt;p&gt;Lo volveremos a encontrar en San L\u00e1zaro el 11 de junio de 1645 consagrando a Mons. Francisco Perrochel nombrado para el obispa\u00addo de Boulogne. Estuvo asistido por F. Fouquet y por E. Vialart, obis\u00adpo de Ch\u00e1lons.&lt;\/p&gt;\n&lt;p&gt;La pol\u00edtica sediciosa de J.F.Pablo, obispo de Corinto, hizo que Mazarino le hiciera arrestar en el Louvre el 19 de diciembre de 1652. Lo encerraron en la torre del homenaje de Vincennes. El Padre del Coadjutor, Felipe Manuel, que despu\u00e9s de la muerte de su esposa hab\u00eda ingresado en el Oratorio, protest\u00f3 en\u00e9rgicamente. Pero en vano. La Corte le mand\u00f3 que guardara silencio y que se retirara a su casti\u00adllo de Villepreux. Vicente de Pa\u00fal fue inmediatamente a animarlo y consolarlo (IV.535\/496, 26 de diciembre de 1652; Collet 11.475). A pesar de las protestas del Cabildo de Notre Dame, de la Sorbona y del Parlamento, el Coadjutor de Par\u00eds estuvo detenido 19 meses y 21 d\u00edas.&lt;\/p&gt;\n&lt;p&gt;Sin embargo, en el arzobispado el anciano Cardenal iba decayendo y el \u00abrecluso\u00bb, as\u00ed lo llamaba Vicente de Pa\u00fal, estaba tan bien infor\u00admado sobre el estado de su t\u00edo, que hab\u00eda firmado la delegaci\u00f3n que le hab\u00eda presentado Roger, notario apost\u00f3lico, concediendo todos sus poderes a Pedro Labeur.&lt;\/p&gt;\n&lt;p&gt;El Arzobispo de Par\u00eds muri\u00f3 el 21 de marzo de 1654 a las 4 de la ma\u00f1ana. El capell\u00e1n que celebraba la misa ante el Coadjutor del cas\u00adtillo de Vincennes pronunci\u00f3 con voz muy fuerte la frase del Canon de la misa \u00abPro Antistite nostro Joanne Francisco Paulo\u00bb. El prisio\u00adnero fue advertido de esa forma del papel que iba a desempe\u00f1ar. En Par\u00eds desde las 5 de la ma\u00f1ana Pedro Labeur, provisto de sus pode\u00adres, pidi\u00f3 ser recibido por el Cabildo. Present\u00f3 su delegaci\u00f3n, prest\u00f3 el juramento, y en la catedral el can\u00f3nigo S\u00e9guier proclam\u00f3 solemne\u00admente la toma de posesi\u00f3n de la sede arzobispal en nombre de Juan Francisco Pablo de Gondi. Cuando Le Tellier se present\u00f3 a las 10 de la ma\u00f1ana para declarar vacante la sede arzobispal, pudo constatar la inutilidad de su gesti\u00f3n.&lt;\/p&gt;\n&lt;p&gt;En San L\u00e1zaro, Vicente de Pa\u00fal est\u00e1 al corriente de los actos. Escribiendo el 27 de marzo a Carlos Ozenne, superior de Varsovia, co\u00admentaba as\u00ed el acontecimiento: \u00abDios dispuso el s\u00e1bado pasado del Sr. Arzobispo de Par\u00eds, y al mismo tiempo el Sr. Cardenal de Retz ha tomado posesi\u00f3n de esta iglesia por procurador y ha sido recibido por el Cabildo, aunque \u00e9l sigue permanentemente en el bosque de Vincennes. La Providencia le hab\u00eda hecho nombrar antes de que lo detuvieran, ya que estaba pensando por entonces en hacer un viaje a Roma y quiso hacer esos nombramientos para el caso en que Dios dispusiera de su t\u00edo durante su viaje, de forma que los dos Vicarios Generales, que son can\u00f3nigos de Notre Dame, est\u00e1n ya desempe\u00ad\u00f1ando sus funciones, y hemos recibido a los ordenandos por orden suya. Todo el mundo admira esta previsi\u00f3n, que ha tenido un efecto tan oportuno, o, mejor dicho, los planes de Dios que no ha querido dejar ni un s\u00f3lo d\u00eda a esta di\u00f3cesis sin Pastor, cuando quer\u00edan nombrar a otro distinto del que \u00e9l quer\u00eda\u00bb (V.109\/102)..&lt;\/p&gt;\n&lt;p&gt;El 21 de marzo de 1654, el Cabildo ped\u00eda la liberaci\u00f3n de J.F. Pablo de Gondi, y los dos Vicarios Generales, Sres. Chevalier y Lavocat ordenaban que el Sant\u00edsimo Sacramento fuera expuesto en todas las parroquias de las di\u00f3cesis.&lt;\/p&gt;\n&lt;p&gt;Para tratar de resolver la crisis, el Presidente Beli\u00e9vre fue a Vincennes el 28 de marzo y trat\u00f3 de arrancar la dimisi\u00f3n de Juan Francisco Pablo de Gondi. El Padre Felipe Manuel de Gondi, al ente\u00adrarse de la noticia, llor\u00f3.&lt;\/p&gt;\n&lt;p&gt;Preocupado por mantener el orden, el gobierno hizo trasladar al Arzobispo al castillo de Nantes (30 de marzo). Pero, meses m\u00e1s tar\u00adde, el 8 de agosto de 1654, el Arzobispo, descolg\u00e1ndose por una cuer\u00adda, se fugaba del castillo, ca\u00eda del caballo y se fracturaba el hombro; se sobrepon\u00eda al dolor y singlaba hacia Le Croisic. Desde all\u00ed lleg\u00f3 a San Sebasti\u00e1n, atravesaba Espa\u00f1a, ganaba Italia por mar. Despu\u00e9s de atracar el 3 de noviembre en Piombino (Toscana), atraviesa Florencia, Siena, y entra en Roma el 28 de noviembre y se alberga primeramente en casa del abad Charrier. Al enterarse de la evasi\u00f3n y de la estancia en Roma, Mazarino, al volver a Francia, ordena a todas las Comunidades religiosas que nieguen la hospitalidad al Arzobispo (Affaires \u00e9trang\u00e9res. Roma 126 f&lt;sup&gt;2&lt;\/sup&gt; 457). Mons. Scotti, mayordomo del Palacio Apost\u00f3lico, convoca entonces al superior de la casa de la Misi\u00f3n de Roma, Sr. Tom\u00e1s Berthe, y le pide que reciba a J.F.Pablo en la casa de la Misi\u00f3n. Como conoc\u00eda las \u00f3rdenes de la Corte parisina, T.Berthe, aunque con reticencias, recibe al fujitivo. Furor de la Corte de Luis XIV, que, despu\u00e9s de haber prohibido a los Sacerdotes de la Misi\u00f3n que recibieran a J.F. Pablo, intima la orden al Sr. Tom\u00e1s Berthe y a sus cohermanos que cierren la casa y que vuelvan a Par\u00eds (B.N. Ms.20. 66 P171 y 20.66 P219).&lt;\/p&gt;\n&lt;p&gt;El Sr. Tom\u00e1s Berthe escribi\u00f3 sobre todo esto al Sr. Vicente (2 car\u00adtas, ambas fechadas el 5 de febrero de 1655 (V.269\/244 y 273\/247).&lt;\/p&gt;\n&lt;p&gt;Dos meses m\u00e1s tarde, Tom\u00e1s Berthe estaba en Par\u00eds y el 4 de abril de 1655, el Sr. Vicente, dirigi\u00e9ndose a los misioneros, se mostraba muy satisfecho por haber practicado \u00abel agradecimiento con nuestro fundador y nuestro prelado\u00bb, y tambi\u00e9n por haber \u00abprestado al Papa un acto de obediencia, que orden\u00f3 al superior de la Misi\u00f3n,que reci\u00adbiese en la Misi\u00f3n a dicho Sr. Cardenal\u00bb, y \u00aben tercer lugar, por haber hecho a\u00fan otro buen acto de obediencia, acatando las \u00f3rdenes del Rey, el cual, al no estar satisfecho de la conducta del Sr. Cardenal de Retz, ha visto mal que lo hayamos acogido en Roma&amp;#8230; Ved c\u00f3mo se han ido entrelazando todas las virtudes y c\u00f3mo una engendra a la otra, y \u00e9sta a otra. \u00a1Oh! \u00a1Cu\u00e1nto estimo el que la Compa\u00f1\u00eda haya cumplido con este deber de obediencia al Soberano Pont\u00edfice! \u00a1Cu\u00e1n\u00adto deseo que la Compa\u00f1\u00eda adopte los sentimientos de inmensa grati\u00adtud y que haga especial profesi\u00f3n de obedecer al Soberano Pont\u00edfice, de obedecer al Rey, su pr\u00edncipe&amp;#8230; \u00ab(XI.172.97).&lt;\/p&gt;\n&lt;p&gt;El 8 de febrero, De Lione daba cuenta a Brienne de la ejecuci\u00f3n de su misi\u00f3n (Affaires \u00e9trang\u00e9res. Roma 117, P275). Inocencio X se mostr\u00f3 desde el principio muy favorable a J.F. Pablo de Gondi y le envi\u00f3 el capelo de cardenal el 2 de diciembre de 1654. Su muerte, el 7 de enero de 1655, puso otra vez la cuesti\u00f3n sobre el tapete.&lt;\/p&gt;\n&lt;p&gt;El c\u00f3nclave convocado el 15 de enero de 1655 dur\u00f3 3 meses. Los Cardenales franceses quer\u00edan hacer elegir al Cardenal Rapacioli. El Cardenal de Retz se uni\u00f3 a los que obtuvieron la elecci\u00f3n del Carde\u00adnal Chigi, el cual, el 7 de abril de 1655, tom\u00f3 el nombre de Alejandro VII.&lt;\/p&gt;\n&lt;p&gt;Mazarino hab\u00eda pedido que votaran contra Chigi: \u00abEs un sujeto m\u00e1s peligroso que otros\u00bb, declaraba, pero por prudencia escrib\u00eda el 4 de marzo: \u00abLo considero como un sujeto de los m\u00e1s dignos para el pon\u00adtificado\u00bb (Carta a De Lionne).&lt;\/p&gt;\n&lt;p&gt;El Cardenal de Retz trat\u00f3 de hacer creer que Chigi hab\u00eda sido ele\u00adgido por raz\u00f3n de sus manejos. El informe de Gueffier a Brienne no menciona el nombre de Retz entre los votantes (Carta de Gueffier a Brienne, 12 de abril. 1655. B.N. Cinq Cents, Colbert. 363, f&lt;sup&gt;2&lt;\/sup&gt; 1479).&lt;\/p&gt;\n&lt;p&gt;El 6 de abril, v\u00edsperas de su elecci\u00f3n, el Cardenal hab\u00eda abrazado al Cardenal de Retz y \u00e9ste \u00faltimo le debi\u00f3 decir en la ceremonia de San Pedro al abrazarlo; \u00abEcce opus manuum tuarum\u00bb. El abad Charrier escribi\u00f3 esas palabras a Francia (Retz, &lt;strong&gt;M\u00e9mo\u00edres, &lt;\/strong&gt;IV.54). Cuales\u00adquiera que fueran los sentimientos del nuevo Papa, Retz, habiendo solicitado el palio el 13 de mayo, Alejandro VII se lo concedi\u00f3 la ma\u00f1ana del 14 de mayo.&lt;\/p&gt;\n&lt;p&gt;En Par\u00eds, Vicente de Pa\u00fal, al dirigirse a los misioneros el mes de abril de 1655, se manifestaba satisfecho de la elecci\u00f3n. \u00abNuestro Se\u00f1or ha querido darnos un Papa. Me han dado la noticia cuando iba a la reuni\u00f3n \u2014de las Damas de la Caridad\u2014. La hermana del Sr. Car\u00addenal Mazarino se lo ha dicho a las Religiosas de Santa Mar\u00eda del arrabal de Saint-Jacques, que me lo han comunicado. Es un buen Papa, el que m\u00e1s ha profundizado en las materias de estos tiempos y que ha sido de la opini\u00f3n contraria a las ya condenadas\u00bb (XI.179\/103; E.134\/135).&lt;\/p&gt;\n&lt;p&gt;Pero J.F.Pablo, como se di\u00f3 cuenta de las dificultades que le crea\u00adba al nuevo Papa, sali\u00f3 de Roma el mes de mayo de 1656, y despu\u00e9s de Italia. Durante 6 a\u00f1os anduvo vagando por Francia, por Alemania, por los Pa\u00edses Bajos. Finalmente, en 1662, firm\u00f3 su dimisi\u00f3n como Arzobispo de Par\u00eds y se retir\u00f3 a su Se\u00f1or\u00edo de Commercy. Particip\u00f3 en los c\u00f3nclaves que eligieron a Clemente IX (1667), Clemente X (1660) e Inocencio XI (1676). Deb\u00eda fallecer cuando estaba de paso en Par\u00eds, el 24 de agosto de 1679.&lt;\/p&gt;\n&lt;p&gt;Curiosamente fue durante ese per\u00edodo de vagabundeo, y cuando Mazarino desconoc\u00eda d\u00f3nde se albergaba, cuando Vicente de Pa\u00fal, utilizando los servicios del abad Charrier le envi\u00f3 una carta fechada el 9 de enero de 1659 (VII.436\/373). Sintiendo su fin ya pr\u00f3ximo, ped\u00eda perd\u00f3n a su Eminencia \u00absi he podido disgustarle en alguna cosa&amp;#8230; Me tomo tambi\u00e9n la confianza, Monse\u00f1or, de recomendar a Su Eminencia su peque\u00f1a Compa\u00f1\u00eda de la Misi\u00f3n, que usted mismo ha fun\u00addado, mantenido y llenado de favores y que, por ser obra de sus ma\u00adnos, se siente tan sumisa y tan agradecida como a su padre y a su prelado\u00bb (VII.436\/373).&lt;\/p&gt;\n&lt;p&gt;Pero a\u00fan le escribi\u00f3 siete meses m\u00e1s tarde para pedirle que apro\u00adbara algunas modificaciones, que hab\u00edan sido introducidas en las &lt;strong&gt;Re\u00adglas o Constituciones comunes de la Congregaci\u00f3n de la Mi\u00adsi\u00f3n.&lt;\/strong&gt;&lt;\/p&gt;\n&lt;p&gt;El 7 de septiembre de 1657, Vicente de Pa\u00fal escrib\u00eda a Edmundo Jolly, superior de Roma: \u00abDios nos ha ofrecido la ocasi\u00f3n, para que podamos recurrir al que manda y procuraremos servirnos de ella\u00bb (VI.449\/410). (Las &lt;strong&gt;Reglas) &lt;\/strong&gt;hab\u00edan sido impresas y luego distribu\u00eddas el 15 de mayo de 1658 (XII.1-14\/X1.321-331; E.413-426).'><sup>3<\/sup><\/a><\/span>\n<h2><em>115. <\/em><em>Su salida prudente de la casa de los Gondi en 1617.<\/em><\/h2>\n<p>Cuando viv\u00eda en casa del Se\u00f1or General, hizo un acto maravilloso de prudencia, as\u00ed como de desapego de las riquezas y de las personas del mundo, porque, como no pudiera remediar alguna cosa que ve\u00eda, que no iba seg\u00fan fuera de desear por causa de los escr\u00fapulos cierta\u00admente grandes de la difunta Se\u00f1ora Generala, determin\u00f3 salir de la casa e ir a otro sitio, el que fuera, y march\u00f3 a Bresse, donde, dicen, se hizo enseguida con un curato. Pero su ausencia, como le causara a la buena Se\u00f1ora grandes penas y lamentos, porque se hab\u00eda marchado el Se\u00f1or Vicente, ella hizo lo imposible para que volviera. Para ello, con el fin de conseguirlo, intervino el Se\u00f1or Arzobispo de Par\u00eds, y enviaron a Bresse, para hacerle volver, al Se\u00f1or Dufresne, se\u00f1or de Villeneuve. Sin embargo, el Se\u00f1or Vicente siempre se mantuvo en su determinaci\u00f3n. Finalmente, se decidi\u00f3 a volver, ya que el Padre, que por aquellos d\u00edas estaba en Lyon para tal efecto, fue de ese parecer. Habiendo ido pues a Lyon con ese fin, y presentando sus razones a aquel buen Padre, \u00e9ste inspirado por Dios, como es muy cre\u00edble, no obstante todo lo que le hab\u00eda dicho, le indic\u00f3 que deb\u00eda volver a residir donde dicha Se\u00f1ora, y encargase de la direcci\u00f3n de su alma.<\/p>\n<p><em>Nota: Tenga en cuenta que el difunto Se\u00f1or Portail me dijo un d\u00eda alguna cosa sobre esto; eso creo; pero s\u00f3lo me explic\u00f3 en general la raz\u00f3n por la que el Se\u00f1or Vicente cedi\u00f3. Hay que ver las Memorias aportadas por el Se\u00f1or Dufresne.<\/em><span id='easy-footnote-4-34572' class='easy-footnote-margin-adjust'><\/span><span class='easy-footnote'><a href='https:\/\/vincentians.com\/es\/el-senor-vicente-visto-por-su-secretario-luis-robineau-articulos-111-al-115\/#easy-footnote-bottom-4-34572' title='&lt;strong&gt;Salida de la casa de los Gondi.&lt;\/strong&gt;&lt;\/p&gt;\n&lt;p&gt;Las indicaciones de L.Robineau son sustancialmente exactas, sal\u00advo el nombramiento de Enrique de Gondi como arzobispo de Par\u00eds.&lt;\/p&gt;\n&lt;p&gt;Naci\u00f3 en Par\u00eds en 1572; Enrique de Gondi fue designado para la sede episcopal de la capital el 2 de noviembre de 1596. Fue aceptado el 10 de junio; consagrado el 1 de marzo de 1698 por Pedro de Gondi, antiguo obispo de Par\u00eds, asistido por Arnaldo Sorbin (Nevers) y Renato Potier (Beauvais). Fue creado cardenal el 28 de marzo de 1618 y muri\u00f3 el 12 de agosto en B\u00e9ziers.&lt;\/p&gt;\n&lt;p&gt;L. Abelly enumera todo un abanico de correspondencia que indu\u00addablemente est\u00e1 poco ampliada. A la carta de Vicente de Pa\u00fal dirigi\u00adda a Felipe Manuel de Gondi donde le explica los motivos de su mar\u00adcha: ineptitud para dirigir los ni\u00f1os, le respondieron unas cartas: Feli\u00adpe Manuel, los ni\u00f1os (Pedro ten\u00eda 15 a\u00f1os , Enrique 7 a\u00f1os, J.F.Pablo , 4 a\u00f1os), el obispo de Par\u00eds Enrique de Gondi, los parientes cercanos, los oficiales, unos doctores, personas de condici\u00f3n. La carta de Pe\u00addro de B\u00e9rulle, \u00abpero lo hizo con un estilo digno de su gran prudencia y de su eminente piedad, porque se content\u00f3 con exponerle la grand\u00ed\u00adsima pena, que sufr\u00eda la virtuosa Se\u00f1ora y la enfermedad, que le ame\u00adnazaba y el gran deseo que el Se\u00f1or General sent\u00eda por su vuelta\u00bb (Abelly, 1.43-44).&lt;\/p&gt;\n&lt;p&gt;Las cartas de los ni\u00f1os debieron de ser bastante breves: Pedro ten\u00eda 15 a\u00f1os, Enrique 7 a\u00f1os y Juan Francisco Pablo, 4 a\u00f1os. Por ese mismo tiempo escrib\u00edan Enrique de Gondi, obispo de Par\u00eds, los parien\u00adtes pr\u00f3ximos, los oficiales, varios doctores y personas de condici\u00f3n\u00bb (Abelly, 1.43).&lt;\/p&gt;\n&lt;p&gt;Pedro de B\u00e9rulle se content\u00f3 con describir la situaci\u00f3n sin proponer nada. Cuando el Se\u00f1or Dufresne, se\u00f1or de Villeneuve, lleg\u00f3 a Ch\u00e1tillon, convenci\u00f3 a Vicente de Pa\u00fal para que fuera a pedir consejo al Padre Bence, superior del Oratorio de Lyon; \u00e9l fue quien hab\u00eda fundado la casa de Lyon en diciembre de 1616 y quien hab\u00eda indicado al Padre de B\u00e9rulle la situaci\u00f3n de Ch\u00e1tillon-les-Dombes.&lt;\/p&gt;\n&lt;p&gt;Juan Bence (Rouen 1568 \u2014Par\u00eds, 24 de abril de 1642); cf. E. Bonnardet, &lt;strong&gt;Dictionnaire de Bographie, &lt;\/strong&gt;t.V, co1.1403 (1951).'><sup>4<\/sup><\/a><\/span>\n","protected":false},"excerpt":{"rendered":"<p>111. Retrasa las correcciones. Es tambi\u00e9n propio de la prudencia y discreci\u00f3n de un superior no corregir a los inferiores inmediatamente, salvo que la falta sea tal, que la advertencia y la correcci\u00f3n no puedan &#8230; <a href=\"https:\/\/vincentians.com\/es\/el-senor-vicente-visto-por-su-secretario-luis-robineau-articulos-111-al-115\/\" class=\"more-link\">Read More<\/a><\/p>\n","protected":false},"author":4,"featured_media":404925,"comment_status":"open","ping_status":"open","sticky":false,"template":"","format":"standard","meta":{"jetpack_post_was_ever_published":false,"_jetpack_newsletter_access":"","_jetpack_dont_email_post_to_subs":false,"_jetpack_newsletter_tier_id":0,"_jetpack_memberships_contains_paywalled_content":false,"_jetpack_memberships_contains_paid_content":false,"footnotes":"","jetpack_publicize_message":"","jetpack_publicize_feature_enabled":true,"jetpack_social_post_already_shared":true,"jetpack_social_options":{"image_generator_settings":{"template":"highway","default_image_id":0,"font":"","enabled":false},"version":2}},"categories":[311],"tags":[218,130,142,119,177,131,127,166,143,120,135],"class_list":["post-34572","post","type-post","status-publish","format-standard","has-post-thumbnail","hentry","category-escritos-de-luis-robineau","tag-abelly","tag-beauvais","tag-collet","tag-gondi","tag-jolly","tag-montmirail","tag-portail","tag-robineau","tag-san-lazaro","tag-senora-de-gondi","tag-villepreux"],"yoast_head":"<!-- This site is optimized with the Yoast SEO plugin v26.3 - https:\/\/yoast.com\/wordpress\/plugins\/seo\/ -->\n<title>El se\u00f1or Vicente visto por su secretario, Luis Robineau. Art\u00edculos 111 al 115 - Somos Vicencianos<\/title>\n<meta name=\"robots\" content=\"index, follow, max-snippet:-1, max-image-preview:large, max-video-preview:-1\" \/>\n<link rel=\"canonical\" href=\"https:\/\/vincentians.com\/es\/el-senor-vicente-visto-por-su-secretario-luis-robineau-articulos-111-al-115\/\" \/>\n<meta property=\"og:locale\" content=\"es_ES\" \/>\n<meta property=\"og:type\" content=\"article\" \/>\n<meta property=\"og:title\" content=\"El se\u00f1or Vicente visto por su secretario, Luis Robineau. Art\u00edculos 111 al 115 - Somos Vicencianos\" \/>\n<meta property=\"og:description\" content=\"111. Retrasa las correcciones. Es tambi\u00e9n propio de la prudencia y discreci\u00f3n de un superior no corregir a los inferiores inmediatamente, salvo que la falta sea tal, que la advertencia y la correcci\u00f3n no puedan ... Read More\" \/>\n<meta property=\"og:url\" content=\"https:\/\/vincentians.com\/es\/el-senor-vicente-visto-por-su-secretario-luis-robineau-articulos-111-al-115\/\" \/>\n<meta property=\"og:site_name\" content=\"Somos Vicencianos\" \/>\n<meta property=\"article:publisher\" content=\"https:\/\/www.facebook.com\/WeAreVincentians\/\" \/>\n<meta property=\"article:author\" content=\"https:\/\/www.facebook.com\/JavierChento\" \/>\n<meta property=\"article:published_time\" content=\"2025-04-23T06:25:37+00:00\" \/>\n<meta property=\"og:image\" content=\"https:\/\/i0.wp.com\/vincentians.com\/es\/wp-content\/uploads\/sites\/11\/2023\/08\/aaaf.jpg?fit=1875%2C1292&ssl=1\" \/>\n\t<meta property=\"og:image:width\" content=\"1875\" \/>\n\t<meta property=\"og:image:height\" content=\"1292\" \/>\n\t<meta property=\"og:image:type\" content=\"image\/jpeg\" \/>\n<meta name=\"author\" content=\"Francisco Javier Fern\u00e1ndez Chento\" \/>\n<meta name=\"twitter:card\" content=\"summary_large_image\" \/>\n<meta name=\"twitter:creator\" content=\"@https:\/\/twitter.com\/javierchento\" \/>\n<meta name=\"twitter:site\" content=\"@WeVincentians\" \/>\n<meta name=\"twitter:label1\" content=\"Escrito por\" \/>\n\t<meta name=\"twitter:data1\" content=\"Francisco Javier Fern\u00e1ndez Chento\" \/>\n\t<meta name=\"twitter:label2\" content=\"Tiempo de lectura\" \/>\n\t<meta name=\"twitter:data2\" content=\"17 minutos\" \/>\n<script type=\"application\/ld+json\" class=\"yoast-schema-graph\">{\"@context\":\"https:\/\/schema.org\",\"@graph\":[{\"@type\":\"Article\",\"@id\":\"https:\/\/vincentians.com\/es\/el-senor-vicente-visto-por-su-secretario-luis-robineau-articulos-111-al-115\/#article\",\"isPartOf\":{\"@id\":\"https:\/\/vincentians.com\/es\/el-senor-vicente-visto-por-su-secretario-luis-robineau-articulos-111-al-115\/\"},\"author\":{\"name\":\"Francisco Javier Fern\u00e1ndez Chento\",\"@id\":\"https:\/\/vincentians.com\/es\/#\/schema\/person\/9623ef4d9aa3b2dfb8c061f1499288f2\"},\"headline\":\"El se\u00f1or Vicente visto por su secretario, Luis Robineau. Art\u00edculos 111 al 115\",\"datePublished\":\"2025-04-23T06:25:37+00:00\",\"mainEntityOfPage\":{\"@id\":\"https:\/\/vincentians.com\/es\/el-senor-vicente-visto-por-su-secretario-luis-robineau-articulos-111-al-115\/\"},\"wordCount\":3948,\"commentCount\":0,\"publisher\":{\"@id\":\"https:\/\/vincentians.com\/es\/#organization\"},\"image\":{\"@id\":\"https:\/\/vincentians.com\/es\/el-senor-vicente-visto-por-su-secretario-luis-robineau-articulos-111-al-115\/#primaryimage\"},\"thumbnailUrl\":\"https:\/\/i0.wp.com\/vincentians.com\/es\/wp-content\/uploads\/sites\/11\/2023\/08\/aaaf.jpg?fit=1875%2C1292&ssl=1\",\"keywords\":[\"Abelly\",\"Beauvais\",\"Collet\",\"Gondi\",\"Jolly\",\"Montmirail\",\"Portail\",\"Robineau\",\"San L\u00e1zaro\",\"Se\u00f1ora de Gondi\",\"Villepreux\"],\"articleSection\":[\"Escritos de Luis Robineau\"],\"inLanguage\":\"es\",\"potentialAction\":[{\"@type\":\"CommentAction\",\"name\":\"Comment\",\"target\":[\"https:\/\/vincentians.com\/es\/el-senor-vicente-visto-por-su-secretario-luis-robineau-articulos-111-al-115\/#respond\"]}]},{\"@type\":\"WebPage\",\"@id\":\"https:\/\/vincentians.com\/es\/el-senor-vicente-visto-por-su-secretario-luis-robineau-articulos-111-al-115\/\",\"url\":\"https:\/\/vincentians.com\/es\/el-senor-vicente-visto-por-su-secretario-luis-robineau-articulos-111-al-115\/\",\"name\":\"El se\u00f1or Vicente visto por su secretario, Luis Robineau. Art\u00edculos 111 al 115 - Somos Vicencianos\",\"isPartOf\":{\"@id\":\"https:\/\/vincentians.com\/es\/#website\"},\"primaryImageOfPage\":{\"@id\":\"https:\/\/vincentians.com\/es\/el-senor-vicente-visto-por-su-secretario-luis-robineau-articulos-111-al-115\/#primaryimage\"},\"image\":{\"@id\":\"https:\/\/vincentians.com\/es\/el-senor-vicente-visto-por-su-secretario-luis-robineau-articulos-111-al-115\/#primaryimage\"},\"thumbnailUrl\":\"https:\/\/i0.wp.com\/vincentians.com\/es\/wp-content\/uploads\/sites\/11\/2023\/08\/aaaf.jpg?fit=1875%2C1292&ssl=1\",\"datePublished\":\"2025-04-23T06:25:37+00:00\",\"breadcrumb\":{\"@id\":\"https:\/\/vincentians.com\/es\/el-senor-vicente-visto-por-su-secretario-luis-robineau-articulos-111-al-115\/#breadcrumb\"},\"inLanguage\":\"es\",\"potentialAction\":[{\"@type\":\"ReadAction\",\"target\":[\"https:\/\/vincentians.com\/es\/el-senor-vicente-visto-por-su-secretario-luis-robineau-articulos-111-al-115\/\"]}]},{\"@type\":\"ImageObject\",\"inLanguage\":\"es\",\"@id\":\"https:\/\/vincentians.com\/es\/el-senor-vicente-visto-por-su-secretario-luis-robineau-articulos-111-al-115\/#primaryimage\",\"url\":\"https:\/\/i0.wp.com\/vincentians.com\/es\/wp-content\/uploads\/sites\/11\/2023\/08\/aaaf.jpg?fit=1875%2C1292&ssl=1\",\"contentUrl\":\"https:\/\/i0.wp.com\/vincentians.com\/es\/wp-content\/uploads\/sites\/11\/2023\/08\/aaaf.jpg?fit=1875%2C1292&ssl=1\",\"width\":1875,\"height\":1292},{\"@type\":\"BreadcrumbList\",\"@id\":\"https:\/\/vincentians.com\/es\/el-senor-vicente-visto-por-su-secretario-luis-robineau-articulos-111-al-115\/#breadcrumb\",\"itemListElement\":[{\"@type\":\"ListItem\",\"position\":1,\"name\":\"Portada\",\"item\":\"https:\/\/vincentians.com\/es\/\"},{\"@type\":\"ListItem\",\"position\":2,\"name\":\"El se\u00f1or Vicente visto por su secretario, Luis Robineau. Art\u00edculos 111 al 115\"}]},{\"@type\":\"WebSite\",\"@id\":\"https:\/\/vincentians.com\/es\/#website\",\"url\":\"https:\/\/vincentians.com\/es\/\",\"name\":\"Somos Vicencianos\",\"description\":\"Know more to serve more\",\"publisher\":{\"@id\":\"https:\/\/vincentians.com\/es\/#organization\"},\"potentialAction\":[{\"@type\":\"SearchAction\",\"target\":{\"@type\":\"EntryPoint\",\"urlTemplate\":\"https:\/\/vincentians.com\/es\/?s={search_term_string}\"},\"query-input\":{\"@type\":\"PropertyValueSpecification\",\"valueRequired\":true,\"valueName\":\"search_term_string\"}}],\"inLanguage\":\"es\"},{\"@type\":\"Organization\",\"@id\":\"https:\/\/vincentians.com\/es\/#organization\",\"name\":\"The Vincentian Network\",\"url\":\"https:\/\/vincentians.com\/es\/\",\"logo\":{\"@type\":\"ImageObject\",\"inLanguage\":\"es\",\"@id\":\"https:\/\/vincentians.com\/es\/#\/schema\/logo\/image\/\",\"url\":\"https:\/\/i1.wp.com\/vincentians.com\/es\/wp-content\/uploads\/sites\/11\/2016\/06\/Vincentian-Network-logo-big.png?fit=778%2C778\",\"contentUrl\":\"https:\/\/i1.wp.com\/vincentians.com\/es\/wp-content\/uploads\/sites\/11\/2016\/06\/Vincentian-Network-logo-big.png?fit=778%2C778\",\"width\":778,\"height\":778,\"caption\":\"The Vincentian Network\"},\"image\":{\"@id\":\"https:\/\/vincentians.com\/es\/#\/schema\/logo\/image\/\"},\"sameAs\":[\"https:\/\/www.facebook.com\/WeAreVincentians\/\",\"https:\/\/x.com\/WeVincentians\"]},{\"@type\":\"Person\",\"@id\":\"https:\/\/vincentians.com\/es\/#\/schema\/person\/9623ef4d9aa3b2dfb8c061f1499288f2\",\"name\":\"Francisco Javier Fern\u00e1ndez Chento\",\"image\":{\"@type\":\"ImageObject\",\"inLanguage\":\"es\",\"@id\":\"https:\/\/vincentians.com\/es\/#\/schema\/person\/image\/\",\"url\":\"https:\/\/secure.gravatar.com\/avatar\/497d5cde87b4c3d097d0315953521681ba2cd523ee66e5077c3711f7021e65de?s=96&d=mm&r=g\",\"contentUrl\":\"https:\/\/secure.gravatar.com\/avatar\/497d5cde87b4c3d097d0315953521681ba2cd523ee66e5077c3711f7021e65de?s=96&d=mm&r=g\",\"caption\":\"Francisco Javier Fern\u00e1ndez Chento\"},\"description\":\"Director General y cofundador de La Red de Formaci\u00f3n Vicenciana. Javier es laico vicenciano, afiliado a la Congregaci\u00f3n de la Misi\u00f3n y miembro del Equipo de Misiones Populares de la provincia can\u00f3nica de Zaragoza (Espa\u00f1a) de la Congregaci\u00f3n de la Misi\u00f3n. Graduado en la Universidad Oberta de Catalunya con cuatro grados (Asistente de direcci\u00f3n, Gesti\u00f3n Administrativa, Recursos Humanos y Contabilidad Avanzada). Bil\u00edng\u00fce Espa\u00f1ol\/Ingl\u00e9s. gestiona y mantiene varias p\u00e1ginas web cristianas y vicencianas, incluida including La Red de Formaci\u00f3n Vicenciana, de la que es cofundador. Actualmente es responsable del \u00e1rea de Espa\u00f1ol de .famvin, la Red de Noticias de la Familia Vicenciana. Tambi\u00e9n es m\u00fasico cat\u00f3lico y ha editado varios discos. Es Director General y cofundador de Trovador, una reconocida compa\u00f1\u00eda discogr\u00e1fica critiana de Espa\u00f1a. Trabaja en las Tecnolog\u00edas de la Informaci\u00f3n, ofreciendo servicios de alojamiento, dise\u00f1o y mantenimiento Web, as\u00ed como asesoramiento, formaci\u00f3n y soluciones inform\u00e1ticas, gesti\u00f3n documental y digitalizaci\u00f3n de textos, edici\u00f3n y maquetaci\u00f3n de libros, revistas, flyers, etc.\",\"sameAs\":[\"http:\/\/chento.org\",\"https:\/\/www.facebook.com\/JavierChento\",\"https:\/\/x.com\/https:\/\/twitter.com\/javierchento\"],\"url\":\"https:\/\/vincentians.com\/es\/author\/chento\/\"}]}<\/script>\n<!-- \/ Yoast SEO plugin. -->","yoast_head_json":{"title":"El se\u00f1or Vicente visto por su secretario, Luis Robineau. Art\u00edculos 111 al 115 - Somos Vicencianos","robots":{"index":"index","follow":"follow","max-snippet":"max-snippet:-1","max-image-preview":"max-image-preview:large","max-video-preview":"max-video-preview:-1"},"canonical":"https:\/\/vincentians.com\/es\/el-senor-vicente-visto-por-su-secretario-luis-robineau-articulos-111-al-115\/","og_locale":"es_ES","og_type":"article","og_title":"El se\u00f1or Vicente visto por su secretario, Luis Robineau. Art\u00edculos 111 al 115 - Somos Vicencianos","og_description":"111. Retrasa las correcciones. Es tambi\u00e9n propio de la prudencia y discreci\u00f3n de un superior no corregir a los inferiores inmediatamente, salvo que la falta sea tal, que la advertencia y la correcci\u00f3n no puedan ... Read More","og_url":"https:\/\/vincentians.com\/es\/el-senor-vicente-visto-por-su-secretario-luis-robineau-articulos-111-al-115\/","og_site_name":"Somos Vicencianos","article_publisher":"https:\/\/www.facebook.com\/WeAreVincentians\/","article_author":"https:\/\/www.facebook.com\/JavierChento","article_published_time":"2025-04-23T06:25:37+00:00","og_image":[{"width":1875,"height":1292,"url":"https:\/\/i0.wp.com\/vincentians.com\/es\/wp-content\/uploads\/sites\/11\/2023\/08\/aaaf.jpg?fit=1875%2C1292&ssl=1","type":"image\/jpeg"}],"author":"Francisco Javier Fern\u00e1ndez Chento","twitter_card":"summary_large_image","twitter_creator":"@https:\/\/twitter.com\/javierchento","twitter_site":"@WeVincentians","twitter_misc":{"Escrito por":"Francisco Javier Fern\u00e1ndez Chento","Tiempo de lectura":"17 minutos"},"schema":{"@context":"https:\/\/schema.org","@graph":[{"@type":"Article","@id":"https:\/\/vincentians.com\/es\/el-senor-vicente-visto-por-su-secretario-luis-robineau-articulos-111-al-115\/#article","isPartOf":{"@id":"https:\/\/vincentians.com\/es\/el-senor-vicente-visto-por-su-secretario-luis-robineau-articulos-111-al-115\/"},"author":{"name":"Francisco Javier Fern\u00e1ndez Chento","@id":"https:\/\/vincentians.com\/es\/#\/schema\/person\/9623ef4d9aa3b2dfb8c061f1499288f2"},"headline":"El se\u00f1or Vicente visto por su secretario, Luis Robineau. Art\u00edculos 111 al 115","datePublished":"2025-04-23T06:25:37+00:00","mainEntityOfPage":{"@id":"https:\/\/vincentians.com\/es\/el-senor-vicente-visto-por-su-secretario-luis-robineau-articulos-111-al-115\/"},"wordCount":3948,"commentCount":0,"publisher":{"@id":"https:\/\/vincentians.com\/es\/#organization"},"image":{"@id":"https:\/\/vincentians.com\/es\/el-senor-vicente-visto-por-su-secretario-luis-robineau-articulos-111-al-115\/#primaryimage"},"thumbnailUrl":"https:\/\/i0.wp.com\/vincentians.com\/es\/wp-content\/uploads\/sites\/11\/2023\/08\/aaaf.jpg?fit=1875%2C1292&ssl=1","keywords":["Abelly","Beauvais","Collet","Gondi","Jolly","Montmirail","Portail","Robineau","San L\u00e1zaro","Se\u00f1ora de Gondi","Villepreux"],"articleSection":["Escritos de Luis Robineau"],"inLanguage":"es","potentialAction":[{"@type":"CommentAction","name":"Comment","target":["https:\/\/vincentians.com\/es\/el-senor-vicente-visto-por-su-secretario-luis-robineau-articulos-111-al-115\/#respond"]}]},{"@type":"WebPage","@id":"https:\/\/vincentians.com\/es\/el-senor-vicente-visto-por-su-secretario-luis-robineau-articulos-111-al-115\/","url":"https:\/\/vincentians.com\/es\/el-senor-vicente-visto-por-su-secretario-luis-robineau-articulos-111-al-115\/","name":"El se\u00f1or Vicente visto por su secretario, Luis Robineau. Art\u00edculos 111 al 115 - Somos Vicencianos","isPartOf":{"@id":"https:\/\/vincentians.com\/es\/#website"},"primaryImageOfPage":{"@id":"https:\/\/vincentians.com\/es\/el-senor-vicente-visto-por-su-secretario-luis-robineau-articulos-111-al-115\/#primaryimage"},"image":{"@id":"https:\/\/vincentians.com\/es\/el-senor-vicente-visto-por-su-secretario-luis-robineau-articulos-111-al-115\/#primaryimage"},"thumbnailUrl":"https:\/\/i0.wp.com\/vincentians.com\/es\/wp-content\/uploads\/sites\/11\/2023\/08\/aaaf.jpg?fit=1875%2C1292&ssl=1","datePublished":"2025-04-23T06:25:37+00:00","breadcrumb":{"@id":"https:\/\/vincentians.com\/es\/el-senor-vicente-visto-por-su-secretario-luis-robineau-articulos-111-al-115\/#breadcrumb"},"inLanguage":"es","potentialAction":[{"@type":"ReadAction","target":["https:\/\/vincentians.com\/es\/el-senor-vicente-visto-por-su-secretario-luis-robineau-articulos-111-al-115\/"]}]},{"@type":"ImageObject","inLanguage":"es","@id":"https:\/\/vincentians.com\/es\/el-senor-vicente-visto-por-su-secretario-luis-robineau-articulos-111-al-115\/#primaryimage","url":"https:\/\/i0.wp.com\/vincentians.com\/es\/wp-content\/uploads\/sites\/11\/2023\/08\/aaaf.jpg?fit=1875%2C1292&ssl=1","contentUrl":"https:\/\/i0.wp.com\/vincentians.com\/es\/wp-content\/uploads\/sites\/11\/2023\/08\/aaaf.jpg?fit=1875%2C1292&ssl=1","width":1875,"height":1292},{"@type":"BreadcrumbList","@id":"https:\/\/vincentians.com\/es\/el-senor-vicente-visto-por-su-secretario-luis-robineau-articulos-111-al-115\/#breadcrumb","itemListElement":[{"@type":"ListItem","position":1,"name":"Portada","item":"https:\/\/vincentians.com\/es\/"},{"@type":"ListItem","position":2,"name":"El se\u00f1or Vicente visto por su secretario, Luis Robineau. Art\u00edculos 111 al 115"}]},{"@type":"WebSite","@id":"https:\/\/vincentians.com\/es\/#website","url":"https:\/\/vincentians.com\/es\/","name":"Somos Vicencianos","description":"Know more to serve more","publisher":{"@id":"https:\/\/vincentians.com\/es\/#organization"},"potentialAction":[{"@type":"SearchAction","target":{"@type":"EntryPoint","urlTemplate":"https:\/\/vincentians.com\/es\/?s={search_term_string}"},"query-input":{"@type":"PropertyValueSpecification","valueRequired":true,"valueName":"search_term_string"}}],"inLanguage":"es"},{"@type":"Organization","@id":"https:\/\/vincentians.com\/es\/#organization","name":"The Vincentian Network","url":"https:\/\/vincentians.com\/es\/","logo":{"@type":"ImageObject","inLanguage":"es","@id":"https:\/\/vincentians.com\/es\/#\/schema\/logo\/image\/","url":"https:\/\/i1.wp.com\/vincentians.com\/es\/wp-content\/uploads\/sites\/11\/2016\/06\/Vincentian-Network-logo-big.png?fit=778%2C778","contentUrl":"https:\/\/i1.wp.com\/vincentians.com\/es\/wp-content\/uploads\/sites\/11\/2016\/06\/Vincentian-Network-logo-big.png?fit=778%2C778","width":778,"height":778,"caption":"The Vincentian Network"},"image":{"@id":"https:\/\/vincentians.com\/es\/#\/schema\/logo\/image\/"},"sameAs":["https:\/\/www.facebook.com\/WeAreVincentians\/","https:\/\/x.com\/WeVincentians"]},{"@type":"Person","@id":"https:\/\/vincentians.com\/es\/#\/schema\/person\/9623ef4d9aa3b2dfb8c061f1499288f2","name":"Francisco Javier Fern\u00e1ndez Chento","image":{"@type":"ImageObject","inLanguage":"es","@id":"https:\/\/vincentians.com\/es\/#\/schema\/person\/image\/","url":"https:\/\/secure.gravatar.com\/avatar\/497d5cde87b4c3d097d0315953521681ba2cd523ee66e5077c3711f7021e65de?s=96&d=mm&r=g","contentUrl":"https:\/\/secure.gravatar.com\/avatar\/497d5cde87b4c3d097d0315953521681ba2cd523ee66e5077c3711f7021e65de?s=96&d=mm&r=g","caption":"Francisco Javier Fern\u00e1ndez Chento"},"description":"Director General y cofundador de La Red de Formaci\u00f3n Vicenciana. Javier es laico vicenciano, afiliado a la Congregaci\u00f3n de la Misi\u00f3n y miembro del Equipo de Misiones Populares de la provincia can\u00f3nica de Zaragoza (Espa\u00f1a) de la Congregaci\u00f3n de la Misi\u00f3n. Graduado en la Universidad Oberta de Catalunya con cuatro grados (Asistente de direcci\u00f3n, Gesti\u00f3n Administrativa, Recursos Humanos y Contabilidad Avanzada). Bil\u00edng\u00fce Espa\u00f1ol\/Ingl\u00e9s. gestiona y mantiene varias p\u00e1ginas web cristianas y vicencianas, incluida including La Red de Formaci\u00f3n Vicenciana, de la que es cofundador. Actualmente es responsable del \u00e1rea de Espa\u00f1ol de .famvin, la Red de Noticias de la Familia Vicenciana. Tambi\u00e9n es m\u00fasico cat\u00f3lico y ha editado varios discos. Es Director General y cofundador de Trovador, una reconocida compa\u00f1\u00eda discogr\u00e1fica critiana de Espa\u00f1a. Trabaja en las Tecnolog\u00edas de la Informaci\u00f3n, ofreciendo servicios de alojamiento, dise\u00f1o y mantenimiento Web, as\u00ed como asesoramiento, formaci\u00f3n y soluciones inform\u00e1ticas, gesti\u00f3n documental y digitalizaci\u00f3n de textos, edici\u00f3n y maquetaci\u00f3n de libros, revistas, flyers, etc.","sameAs":["http:\/\/chento.org","https:\/\/www.facebook.com\/JavierChento","https:\/\/x.com\/https:\/\/twitter.com\/javierchento"],"url":"https:\/\/vincentians.com\/es\/author\/chento\/"}]}},"jetpack_publicize_connections":[],"jetpack_featured_media_url":"https:\/\/i0.wp.com\/vincentians.com\/es\/wp-content\/uploads\/sites\/11\/2023\/08\/aaaf.jpg?fit=1875%2C1292&ssl=1","jetpack_sharing_enabled":true,"jetpack_shortlink":"https:\/\/wp.me\/p7ETMF-8ZC","jetpack-related-posts":[{"id":40527,"url":"https:\/\/vincentians.com\/es\/el-senor-vicente-visto-por-su-secretario-luis-robineau-articulos-206-al-210\/","url_meta":{"origin":34572,"position":0},"title":"El se\u00f1or Vicente visto por su secretario, Luis Robineau. Art\u00edculos 206 al 210","author":"Francisco Javier Fern\u00e1ndez Chento","date":"12\/03\/2014","format":false,"excerpt":"206. P\u00e9rdida de la hacienda de Orsigny. Tambi\u00e9n es una gran se\u00f1al de su esp\u00edritu de conformidad lo que ocurri\u00f3, cuando se enter\u00f3 de la p\u00e9rdida de la hacienda de Orsigny. V\u00e9ase lo que est\u00e1 ampliamente descrito en 1'210-11-12 del Cuaderno de la Caridad, y en el r 3 y\u2026","rel":"","context":"En \u00abEscritos de Luis Robineau\u00bb","block_context":{"text":"Escritos de Luis Robineau","link":"https:\/\/vincentians.com\/es\/category\/escritos\/escritos-de-luis-robineau\/"},"img":{"alt_text":"","src":"","width":0,"height":0},"classes":[]},{"id":38063,"url":"https:\/\/vincentians.com\/es\/el-senor-vicente-visto-por-su-secretario-luis-robineau-articulos-176-al-180\/","url_meta":{"origin":34572,"position":1},"title":"El se\u00f1or Vicente visto por su secretario, Luis Robineau. Art\u00edculos 176 al 180","author":"Francisco Javier Fern\u00e1ndez Chento","date":"06\/03\/2014","format":false,"excerpt":"176. C\u00f3mo soport\u00f3 las injurias del Se\u00f1or de Billebat Lo que tambi\u00e9n demuestra la paciencia admirable del Se\u00f1or Vicen\u00adte es la manera con la que alguno de nuesros Hermanos ha contado en las conferencias, que se han tenido, lo que tuvo que sufrir un d\u00eda, a este prop\u00f3sito, del Se\u00f1or\u2026","rel":"","context":"En \u00abEscritos de Luis Robineau\u00bb","block_context":{"text":"Escritos de Luis Robineau","link":"https:\/\/vincentians.com\/es\/category\/escritos\/escritos-de-luis-robineau\/"},"img":{"alt_text":"","src":"","width":0,"height":0},"classes":[]},{"id":121638,"url":"https:\/\/vincentians.com\/es\/san-vicente-de-paul-y-los-gondi-capitulo-05\/","url_meta":{"origin":34572,"position":2},"title":"San Vicente de Pa\u00fal y los Gondi: Cap\u00edtulo 05","author":"Francisco Javier Fern\u00e1ndez Chento","date":"07\/07\/2024","format":false,"excerpt":"Cap\u00edtulo V Vicente de Pa\u00fal y la Sra. de Gondi en el castillo de Folleville. - Nacimiento de la obra de las Misiones. - Salida de Vicente de la casa de Gondi. - Vicente, p\u00e1rroco de Chatillon-lez-Dombes. A comienzos del a\u00f1o de 1617, la familia de Gondi se hallaba reunida\u2026","rel":"","context":"En \u00abVicente de Pa\u00fal\u00bb","block_context":{"text":"Vicente de Pa\u00fal","link":"https:\/\/vincentians.com\/es\/category\/la-familia-vicenciana\/fundadores\/vicente-de-paul\/"},"img":{"alt_text":"","src":"https:\/\/i0.wp.com\/vincentians.com\/es\/wp-content\/uploads\/sites\/11\/2023\/08\/aaaf.jpg?fit=1200%2C827&ssl=1&resize=350%2C200","width":350,"height":200,"srcset":"https:\/\/i0.wp.com\/vincentians.com\/es\/wp-content\/uploads\/sites\/11\/2023\/08\/aaaf.jpg?fit=1200%2C827&ssl=1&resize=350%2C200 1x, https:\/\/i0.wp.com\/vincentians.com\/es\/wp-content\/uploads\/sites\/11\/2023\/08\/aaaf.jpg?fit=1200%2C827&ssl=1&resize=525%2C300 1.5x, https:\/\/i0.wp.com\/vincentians.com\/es\/wp-content\/uploads\/sites\/11\/2023\/08\/aaaf.jpg?fit=1200%2C827&ssl=1&resize=700%2C400 2x, https:\/\/i0.wp.com\/vincentians.com\/es\/wp-content\/uploads\/sites\/11\/2023\/08\/aaaf.jpg?fit=1200%2C827&ssl=1&resize=1050%2C600 3x"},"classes":[]},{"id":34571,"url":"https:\/\/vincentians.com\/es\/el-senor-vicente-visto-por-su-secretario-luis-robineau-articulos-106-al-110\/","url_meta":{"origin":34572,"position":3},"title":"El se\u00f1or Vicente visto por su secretario, Luis Robineau. Art\u00edculos 106 al 110","author":"Francisco Javier Fern\u00e1ndez Chento","date":"15\/04\/2025","format":false,"excerpt":"106. Prudencia en la forma de corregir. Una vez, teniendo que darme un aviso, me prepar\u00f3, para que me aprovechara bien, pregunt\u00e1ndome, si me agradar\u00eda que me diera un aviso, y como le dije que s\u00ed, me lo di\u00f3. Y puedo asegurar que tal modo de corregir se me qued\u00f3\u2026","rel":"","context":"En \u00abEscritos de Luis Robineau\u00bb","block_context":{"text":"Escritos de Luis Robineau","link":"https:\/\/vincentians.com\/es\/category\/escritos\/escritos-de-luis-robineau\/"},"img":{"alt_text":"","src":"https:\/\/i0.wp.com\/vincentians.com\/es\/wp-content\/uploads\/sites\/11\/2023\/08\/aaaf.jpg?fit=1200%2C827&ssl=1&resize=350%2C200","width":350,"height":200,"srcset":"https:\/\/i0.wp.com\/vincentians.com\/es\/wp-content\/uploads\/sites\/11\/2023\/08\/aaaf.jpg?fit=1200%2C827&ssl=1&resize=350%2C200 1x, https:\/\/i0.wp.com\/vincentians.com\/es\/wp-content\/uploads\/sites\/11\/2023\/08\/aaaf.jpg?fit=1200%2C827&ssl=1&resize=525%2C300 1.5x, https:\/\/i0.wp.com\/vincentians.com\/es\/wp-content\/uploads\/sites\/11\/2023\/08\/aaaf.jpg?fit=1200%2C827&ssl=1&resize=700%2C400 2x, https:\/\/i0.wp.com\/vincentians.com\/es\/wp-content\/uploads\/sites\/11\/2023\/08\/aaaf.jpg?fit=1200%2C827&ssl=1&resize=1050%2C600 3x"},"classes":[]},{"id":17945,"url":"https:\/\/vincentians.com\/es\/el-senor-vicente-visto-por-su-secretario-luis-robineau-articulo-021\/","url_meta":{"origin":34572,"position":4},"title":"El se\u00f1or Vicente visto por su secretario, Luis Robineau. Art\u00edculos 021 al 025","author":"Francisco Javier Fern\u00e1ndez Chento","date":"21\/11\/2024","format":false,"excerpt":"021. Pide permiso para hacerme una advertencia. En cierta ocasi\u00f3n, como tuviera que darme un aviso, me hizo el honor de preguntarme previamente, \"si es que yo lo ten\u00eda a bien\", forma de hablar que demuestra una vez m\u00e1s su humildad, \"tanto m\u00e1s cuanto que soy para mi mayor confusi\u00f3n\u2026","rel":"","context":"En \u00abEscritos de Luis Robineau\u00bb","block_context":{"text":"Escritos de Luis Robineau","link":"https:\/\/vincentians.com\/es\/category\/escritos\/escritos-de-luis-robineau\/"},"img":{"alt_text":"","src":"https:\/\/i0.wp.com\/vincentians.com\/es\/wp-content\/uploads\/sites\/11\/2013\/04\/f-8-scaled.jpg?fit=1200%2C570&ssl=1&resize=350%2C200","width":350,"height":200,"srcset":"https:\/\/i0.wp.com\/vincentians.com\/es\/wp-content\/uploads\/sites\/11\/2013\/04\/f-8-scaled.jpg?fit=1200%2C570&ssl=1&resize=350%2C200 1x, https:\/\/i0.wp.com\/vincentians.com\/es\/wp-content\/uploads\/sites\/11\/2013\/04\/f-8-scaled.jpg?fit=1200%2C570&ssl=1&resize=525%2C300 1.5x, https:\/\/i0.wp.com\/vincentians.com\/es\/wp-content\/uploads\/sites\/11\/2013\/04\/f-8-scaled.jpg?fit=1200%2C570&ssl=1&resize=700%2C400 2x, https:\/\/i0.wp.com\/vincentians.com\/es\/wp-content\/uploads\/sites\/11\/2013\/04\/f-8-scaled.jpg?fit=1200%2C570&ssl=1&resize=1050%2C600 3x"},"classes":[]},{"id":41754,"url":"https:\/\/vincentians.com\/es\/el-senor-vicente-visto-por-su-secretario-luis-robineau-articulos-241-al-245\/","url_meta":{"origin":34572,"position":5},"title":"El se\u00f1or Vicente visto por su secretario, Luis Robineau. Art\u00edculos 241 al 245","author":"Francisco Javier Fern\u00e1ndez Chento","date":"19\/03\/2014","format":false,"excerpt":"241. Conversi\u00f3n de su amo; confesi\u00f3n del campesino de Gannes. El acto tan memorable, que realiz\u00f3 en Berber\u00eda, al haber trabajado tan fructuosamente en la conversi\u00f3n de su amo (de eso hemos habla\u00addo ya varias veces), parece que no debe omitirse en este lugar, ya que fue en efecto de\u2026","rel":"","context":"En \u00abEscritos de Luis Robineau\u00bb","block_context":{"text":"Escritos de Luis Robineau","link":"https:\/\/vincentians.com\/es\/category\/escritos\/escritos-de-luis-robineau\/"},"img":{"alt_text":"","src":"","width":0,"height":0},"classes":[]}],"_links":{"self":[{"href":"https:\/\/vincentians.com\/es\/wp-json\/wp\/v2\/posts\/34572","targetHints":{"allow":["GET"]}}],"collection":[{"href":"https:\/\/vincentians.com\/es\/wp-json\/wp\/v2\/posts"}],"about":[{"href":"https:\/\/vincentians.com\/es\/wp-json\/wp\/v2\/types\/post"}],"author":[{"embeddable":true,"href":"https:\/\/vincentians.com\/es\/wp-json\/wp\/v2\/users\/4"}],"replies":[{"embeddable":true,"href":"https:\/\/vincentians.com\/es\/wp-json\/wp\/v2\/comments?post=34572"}],"version-history":[{"count":1,"href":"https:\/\/vincentians.com\/es\/wp-json\/wp\/v2\/posts\/34572\/revisions"}],"predecessor-version":[{"id":405937,"href":"https:\/\/vincentians.com\/es\/wp-json\/wp\/v2\/posts\/34572\/revisions\/405937"}],"wp:featuredmedia":[{"embeddable":true,"href":"https:\/\/vincentians.com\/es\/wp-json\/wp\/v2\/media\/404925"}],"wp:attachment":[{"href":"https:\/\/vincentians.com\/es\/wp-json\/wp\/v2\/media?parent=34572"}],"wp:term":[{"taxonomy":"category","embeddable":true,"href":"https:\/\/vincentians.com\/es\/wp-json\/wp\/v2\/categories?post=34572"},{"taxonomy":"post_tag","embeddable":true,"href":"https:\/\/vincentians.com\/es\/wp-json\/wp\/v2\/tags?post=34572"}],"curies":[{"name":"wp","href":"https:\/\/api.w.org\/{rel}","templated":true}]}}