{"id":34217,"date":"2020-07-24T08:48:13","date_gmt":"2020-07-24T06:48:13","guid":{"rendered":"http:\/\/somos.vicencianos.org\/blog\/2011\/04\/introduccion-a-la-vida-devota-segunda-parte-capitulo-02\/"},"modified":"2020-07-07T18:22:52","modified_gmt":"2020-07-07T16:22:52","slug":"introduccion-a-la-vida-devota-segunda-parte-capitulo-02","status":"publish","type":"post","link":"https:\/\/vincentians.com\/es\/introduccion-a-la-vida-devota-segunda-parte-capitulo-02\/","title":{"rendered":"Introducci\u00f3n a la vida devota. Segunda parte, cap\u00edtulo 02"},"content":{"rendered":"<p><strong>CAP\u00cdTULO II<\/strong><\/p>\n<p><strong>BREVE M\u00c9TODO PARA MEDITAR, Y PRIMERAMENTE DE LA PRESENCIA DE DIOS, PRIMER PUNTO DE LA PREPARACI\u00d3N<\/strong><\/p>\n<p>Tal vez no sabes, Filotea, c\u00f3mo se ha de hacer la oraci\u00f3n mental, porque es una cosa que, en nuestros tiempos, son, por desgracia, muy pocos los que la saben. Por esta raz\u00f3n, te presento un m\u00e9todo sencillo y breve, confiando en que, con la lectura de muchos y muy buenos libros que se han escrito acerca de esta materia, y, sobre todo, por la pr\u00e1ctica, ser\u00e1s m\u00e1s ampliamente instruida. Te indico, en primer lugar, la preparaci\u00f3n, que consiste en dos puntos, el primero de los cuales es ponerte en la presencia de Dios, y el segundo, invocar su auxilio. Ahora bien, para ponerte en la presencia de Dios, te propongo cuatro importantes medios, de los cuales podr\u00e1s servirte en los comienzos.<\/p>\n<p>El primero consiste en formarse una idea viva y completa de la presencia de Dios, es decir, pensar que Dios est\u00e1 en todas partes, y que no hay lugar ni cosa en este mundo donde no est\u00e9 con su real presencia; de manera que, as\u00ed como los p\u00e1jaros, por dondequiera que vuelan, siempre encuentran aire, as\u00ed tambi\u00e9n nosotros, dondequiera que estemos o vayamos, siempre encontramos a Dios. Todos conocemos esta verdad, pero no todos la consideramos con atenci\u00f3n. Los ciegos, que no ven al rey, cuando est\u00e1 delante de ellos no dejan de tomar una actitud respetuosa si alguien les advierte su presencia; pero, a pesar de ello, es cierto que, no vi\u00e9ndole, f\u00e1cilmente se olvidan de que est\u00e1 presente y aflojan en el respeto y reverencia. \u00a1Ay, FiIotea! Nosotros no vemos a Dios presente, y, aunque la fe nos lo dice, no vi\u00e9ndole con los ojos, nos olvidamos con frecuencia de \u00c9l y nos portamos como si estuviese muy lejos de nosotros; pues, aunque sabemos que est\u00e1 presente en todas las cosas, como quiera que no pensamos en \u00c9l, equivale a no saberlo. Por esta causa, es menester que, antes de la oraci\u00f3n, procuremos que en nuestra alma se act\u00fae, reflexionando y considerando esta presencia de Dios. Este fue el pensamiento de David, cuando exclam\u00f3: \u00abSi subo al cielo, \u00a1oh Dios m\u00edo!, all\u00ed est\u00e1s T\u00fa; si desciendo a los infiernos, all\u00ed te encuentro\u00bb; y, en este sentido, hemos de tomar las palabras de Jacob, el cual, al ver la sagrada escalera, dijo: \u00ab\u00a1Oh! \u00a1Qu\u00e9 terrible es este lugar! Verdaderamente, Dios est\u00e1 aqu\u00ed y yo no lo sab\u00eda\u00bb. Al querer, pues, hacer oraci\u00f3n, has de decir de todo coraz\u00f3n a tu coraz\u00f3n: \u00ab\u00a1Oh coraz\u00f3n m\u00edo, oh coraz\u00f3n m\u00edo! Realmente, Dios est\u00e1 aqu\u00ed\u00bb.<\/p>\n<p>El segundo medio para ponerse en esta sagrada presencia, es pensar que no solamente Dios est\u00e1 presente en el lugar donde te encuentras, sino que est\u00e1 muy particularmente en tu coraz\u00f3n y en el fondo de tu esp\u00edritu, al cual vivifica y anima con su presencia, y es all\u00ed el coraz\u00f3n de tu coraz\u00f3n y el alma de tu alma; porque, as\u00ed como el alma, infundida en el cuerpo, se encuentra presente en todas las partes del mismo, pero reside en el coraz\u00f3n con una especial permanencia, as\u00ed tambi\u00e9n Dios, que est\u00e1 presente en todas las cosas, mora, de una manera especial, en nuestro esp\u00edritu, por lo cual dec\u00eda David: \u00abDios de mi coraz\u00f3n\u00bb, y San Pablo escrib\u00eda que \u00abnosotros vivimos, nos movemos y estamos en Dios\u00bb. Al considerar, pues, esta verdad, excitar\u00e1s en tu coraz\u00f3n una gran reverencia para con Dios, que est\u00e1 en \u00e9l \u00edntimamente presente.<\/p>\n<p>El tercer medio es considerar que nuestro Salvador, en su humanidad, mira desde el cielo todas las personas del mundo, especialmente los cristianos que son sus hijos, y todav\u00eda de un modo m\u00e1s particular, a los que est\u00e1n en oraci\u00f3n, cuyas acciones y movimientos contempla. Y esto no es una simple imaginaci\u00f3n, sino una verdadera realidad, pues aunque no le veamos, es cierto que \u00c9l nos mira, desde arriba. As\u00ed le vio San Esteban, durante su martirio. Podemos, pues, decir muy bien con la Esposa de los Cantares: \u00abVedle detr\u00e1s de la pared, mirando por las ventanas, a trav\u00e9s de las celos\u00edas\u00bb.<\/p>\n<p>El cuarto medio consiste en servirse de la simple imaginaci\u00f3n, represent\u00e1ndonos al Salvador, en su humanidad sagrada, como si estuviese junto a nosotros, tal como solemos representarnos nuestros amigos, cuando decimos: me parece que estoy viendo a tal persona, que hace esto y aquello; dir\u00eda que la veo, y as\u00ed por el estilo. Pero si el Sant\u00edsimo Sacramento estuviese presente en el altar, entonces esta presencia ser\u00e1 real y no puramente imaginaria, porque las especies y las apariencias del pan ser\u00edan tan s\u00f3lo como un velo, detr\u00e1s del cual Nuestro Se\u00f1or realmente presente, nos ver\u00eda y contemplar\u00eda, aunque nosotros no le vi\u00e9semos en su propia forma.<\/p>\n<p>Emplear\u00e1s, pues, uno de estos cuatro medios para poner tu alma en la presencia de Dios antes de la oraci\u00f3n, y no es menester que uses a la vez de todos ellos, sino ora uno, ora otro, y aun sencilla y libremente.<\/p>\n<p>&nbsp;<\/p>\n","protected":false},"excerpt":{"rendered":"<p>CAP\u00cdTULO II BREVE M\u00c9TODO PARA MEDITAR, Y PRIMERAMENTE DE LA PRESENCIA DE DIOS, PRIMER PUNTO DE LA PREPARACI\u00d3N Tal vez no sabes, Filotea, c\u00f3mo se ha de hacer la oraci\u00f3n mental, porque es una cosa &#8230; <a href=\"https:\/\/vincentians.com\/es\/introduccion-a-la-vida-devota-segunda-parte-capitulo-02\/\" class=\"more-link\">Read More<\/a><\/p>\n","protected":false},"author":4,"featured_media":398698,"comment_status":"open","ping_status":"open","sticky":false,"template":"","format":"standard","meta":{"jetpack_post_was_ever_published":false,"_jetpack_newsletter_access":"","_jetpack_dont_email_post_to_subs":false,"_jetpack_newsletter_tier_id":0,"_jetpack_memberships_contains_paywalled_content":false,"_jetpack_memberships_contains_paid_content":false,"footnotes":"","jetpack_publicize_message":"","jetpack_publicize_feature_enabled":true,"jetpack_social_post_already_shared":true,"jetpack_social_options":{"image_generator_settings":{"template":"highway","default_image_id":0,"font":"","enabled":false},"version":2}},"categories":[272],"tags":[137],"class_list":["post-34217","post","type-post","status-publish","format-standard","has-post-thumbnail","hentry","category-escritos-de-francisco-de-sales","tag-san-esteban"],"yoast_head":"<!-- This site is optimized with the Yoast SEO plugin v26.3 - https:\/\/yoast.com\/wordpress\/plugins\/seo\/ -->\n<title>Introducci\u00f3n a la vida devota. Segunda parte, cap\u00edtulo 02 - Somos Vicencianos<\/title>\n<meta name=\"robots\" content=\"index, follow, max-snippet:-1, max-image-preview:large, max-video-preview:-1\" \/>\n<link rel=\"canonical\" href=\"https:\/\/vincentians.com\/es\/introduccion-a-la-vida-devota-segunda-parte-capitulo-02\/\" \/>\n<meta property=\"og:locale\" content=\"es_ES\" \/>\n<meta property=\"og:type\" content=\"article\" \/>\n<meta property=\"og:title\" content=\"Introducci\u00f3n a la vida devota. Segunda parte, cap\u00edtulo 02 - Somos Vicencianos\" \/>\n<meta property=\"og:description\" content=\"CAP\u00cdTULO II BREVE M\u00c9TODO PARA MEDITAR, Y PRIMERAMENTE DE LA PRESENCIA DE DIOS, PRIMER PUNTO DE LA PREPARACI\u00d3N Tal vez no sabes, Filotea, c\u00f3mo se ha de hacer la oraci\u00f3n mental, porque es una cosa ... Read More\" \/>\n<meta property=\"og:url\" content=\"https:\/\/vincentians.com\/es\/introduccion-a-la-vida-devota-segunda-parte-capitulo-02\/\" \/>\n<meta property=\"og:site_name\" content=\"Somos Vicencianos\" \/>\n<meta property=\"article:publisher\" content=\"https:\/\/www.facebook.com\/WeAreVincentians\/\" \/>\n<meta property=\"article:author\" content=\"https:\/\/www.facebook.com\/JavierChento\" \/>\n<meta property=\"article:published_time\" content=\"2020-07-24T06:48:13+00:00\" \/>\n<meta property=\"og:image\" content=\"https:\/\/i0.wp.com\/vincentians.com\/es\/wp-content\/uploads\/sites\/11\/2016\/08\/escritos-francisco-de-sales.jpg?fit=1200%2C630&ssl=1\" \/>\n\t<meta property=\"og:image:width\" content=\"1200\" \/>\n\t<meta property=\"og:image:height\" content=\"630\" \/>\n\t<meta property=\"og:image:type\" content=\"image\/jpeg\" \/>\n<meta name=\"author\" content=\"Francisco Javier Fern\u00e1ndez Chento\" \/>\n<meta name=\"twitter:card\" content=\"summary_large_image\" \/>\n<meta name=\"twitter:creator\" content=\"@https:\/\/twitter.com\/javierchento\" \/>\n<meta name=\"twitter:site\" content=\"@WeVincentians\" \/>\n<meta name=\"twitter:label1\" content=\"Escrito por\" \/>\n\t<meta name=\"twitter:data1\" content=\"Francisco Javier Fern\u00e1ndez Chento\" \/>\n\t<meta name=\"twitter:label2\" content=\"Tiempo de lectura\" \/>\n\t<meta name=\"twitter:data2\" content=\"4 minutos\" \/>\n<script type=\"application\/ld+json\" class=\"yoast-schema-graph\">{\"@context\":\"https:\/\/schema.org\",\"@graph\":[{\"@type\":\"Article\",\"@id\":\"https:\/\/vincentians.com\/es\/introduccion-a-la-vida-devota-segunda-parte-capitulo-02\/#article\",\"isPartOf\":{\"@id\":\"https:\/\/vincentians.com\/es\/introduccion-a-la-vida-devota-segunda-parte-capitulo-02\/\"},\"author\":{\"name\":\"Francisco Javier Fern\u00e1ndez Chento\",\"@id\":\"http:\/\/vincentians.com\/es\/#\/schema\/person\/9623ef4d9aa3b2dfb8c061f1499288f2\"},\"headline\":\"Introducci\u00f3n a la vida devota. Segunda parte, cap\u00edtulo 02\",\"datePublished\":\"2020-07-24T06:48:13+00:00\",\"mainEntityOfPage\":{\"@id\":\"https:\/\/vincentians.com\/es\/introduccion-a-la-vida-devota-segunda-parte-capitulo-02\/\"},\"wordCount\":904,\"commentCount\":0,\"publisher\":{\"@id\":\"http:\/\/vincentians.com\/es\/#organization\"},\"image\":{\"@id\":\"https:\/\/vincentians.com\/es\/introduccion-a-la-vida-devota-segunda-parte-capitulo-02\/#primaryimage\"},\"thumbnailUrl\":\"https:\/\/i0.wp.com\/vincentians.com\/es\/wp-content\/uploads\/sites\/11\/2016\/08\/escritos-francisco-de-sales.jpg?fit=1200%2C630&ssl=1\",\"keywords\":[\"San Esteban\"],\"articleSection\":[\"Escritos de Francisco de Sales\"],\"inLanguage\":\"es\",\"potentialAction\":[{\"@type\":\"CommentAction\",\"name\":\"Comment\",\"target\":[\"https:\/\/vincentians.com\/es\/introduccion-a-la-vida-devota-segunda-parte-capitulo-02\/#respond\"]}]},{\"@type\":\"WebPage\",\"@id\":\"https:\/\/vincentians.com\/es\/introduccion-a-la-vida-devota-segunda-parte-capitulo-02\/\",\"url\":\"https:\/\/vincentians.com\/es\/introduccion-a-la-vida-devota-segunda-parte-capitulo-02\/\",\"name\":\"Introducci\u00f3n a la vida devota. Segunda parte, cap\u00edtulo 02 - Somos Vicencianos\",\"isPartOf\":{\"@id\":\"http:\/\/vincentians.com\/es\/#website\"},\"primaryImageOfPage\":{\"@id\":\"https:\/\/vincentians.com\/es\/introduccion-a-la-vida-devota-segunda-parte-capitulo-02\/#primaryimage\"},\"image\":{\"@id\":\"https:\/\/vincentians.com\/es\/introduccion-a-la-vida-devota-segunda-parte-capitulo-02\/#primaryimage\"},\"thumbnailUrl\":\"https:\/\/i0.wp.com\/vincentians.com\/es\/wp-content\/uploads\/sites\/11\/2016\/08\/escritos-francisco-de-sales.jpg?fit=1200%2C630&ssl=1\",\"datePublished\":\"2020-07-24T06:48:13+00:00\",\"breadcrumb\":{\"@id\":\"https:\/\/vincentians.com\/es\/introduccion-a-la-vida-devota-segunda-parte-capitulo-02\/#breadcrumb\"},\"inLanguage\":\"es\",\"potentialAction\":[{\"@type\":\"ReadAction\",\"target\":[\"https:\/\/vincentians.com\/es\/introduccion-a-la-vida-devota-segunda-parte-capitulo-02\/\"]}]},{\"@type\":\"ImageObject\",\"inLanguage\":\"es\",\"@id\":\"https:\/\/vincentians.com\/es\/introduccion-a-la-vida-devota-segunda-parte-capitulo-02\/#primaryimage\",\"url\":\"https:\/\/i0.wp.com\/vincentians.com\/es\/wp-content\/uploads\/sites\/11\/2016\/08\/escritos-francisco-de-sales.jpg?fit=1200%2C630&ssl=1\",\"contentUrl\":\"https:\/\/i0.wp.com\/vincentians.com\/es\/wp-content\/uploads\/sites\/11\/2016\/08\/escritos-francisco-de-sales.jpg?fit=1200%2C630&ssl=1\",\"width\":1200,\"height\":630},{\"@type\":\"BreadcrumbList\",\"@id\":\"https:\/\/vincentians.com\/es\/introduccion-a-la-vida-devota-segunda-parte-capitulo-02\/#breadcrumb\",\"itemListElement\":[{\"@type\":\"ListItem\",\"position\":1,\"name\":\"Portada\",\"item\":\"http:\/\/vincentians.com\/es\/\"},{\"@type\":\"ListItem\",\"position\":2,\"name\":\"Introducci\u00f3n a la vida devota. Segunda parte, cap\u00edtulo 02\"}]},{\"@type\":\"WebSite\",\"@id\":\"http:\/\/vincentians.com\/es\/#website\",\"url\":\"http:\/\/vincentians.com\/es\/\",\"name\":\"Somos Vicencianos\",\"description\":\"Know more to serve more\",\"publisher\":{\"@id\":\"http:\/\/vincentians.com\/es\/#organization\"},\"potentialAction\":[{\"@type\":\"SearchAction\",\"target\":{\"@type\":\"EntryPoint\",\"urlTemplate\":\"http:\/\/vincentians.com\/es\/?s={search_term_string}\"},\"query-input\":{\"@type\":\"PropertyValueSpecification\",\"valueRequired\":true,\"valueName\":\"search_term_string\"}}],\"inLanguage\":\"es\"},{\"@type\":\"Organization\",\"@id\":\"http:\/\/vincentians.com\/es\/#organization\",\"name\":\"The Vincentian Network\",\"url\":\"http:\/\/vincentians.com\/es\/\",\"logo\":{\"@type\":\"ImageObject\",\"inLanguage\":\"es\",\"@id\":\"http:\/\/vincentians.com\/es\/#\/schema\/logo\/image\/\",\"url\":\"https:\/\/i1.wp.com\/vincentians.com\/es\/wp-content\/uploads\/sites\/11\/2016\/06\/Vincentian-Network-logo-big.png?fit=778%2C778\",\"contentUrl\":\"https:\/\/i1.wp.com\/vincentians.com\/es\/wp-content\/uploads\/sites\/11\/2016\/06\/Vincentian-Network-logo-big.png?fit=778%2C778\",\"width\":778,\"height\":778,\"caption\":\"The Vincentian Network\"},\"image\":{\"@id\":\"http:\/\/vincentians.com\/es\/#\/schema\/logo\/image\/\"},\"sameAs\":[\"https:\/\/www.facebook.com\/WeAreVincentians\/\",\"https:\/\/x.com\/WeVincentians\"]},{\"@type\":\"Person\",\"@id\":\"http:\/\/vincentians.com\/es\/#\/schema\/person\/9623ef4d9aa3b2dfb8c061f1499288f2\",\"name\":\"Francisco Javier Fern\u00e1ndez Chento\",\"image\":{\"@type\":\"ImageObject\",\"inLanguage\":\"es\",\"@id\":\"http:\/\/vincentians.com\/es\/#\/schema\/person\/image\/\",\"url\":\"https:\/\/secure.gravatar.com\/avatar\/497d5cde87b4c3d097d0315953521681ba2cd523ee66e5077c3711f7021e65de?s=96&d=mm&r=g\",\"contentUrl\":\"https:\/\/secure.gravatar.com\/avatar\/497d5cde87b4c3d097d0315953521681ba2cd523ee66e5077c3711f7021e65de?s=96&d=mm&r=g\",\"caption\":\"Francisco Javier Fern\u00e1ndez Chento\"},\"description\":\"Director General y cofundador de La Red de Formaci\u00f3n Vicenciana. Javier es laico vicenciano, afiliado a la Congregaci\u00f3n de la Misi\u00f3n y miembro del Equipo de Misiones Populares de la provincia can\u00f3nica de Zaragoza (Espa\u00f1a) de la Congregaci\u00f3n de la Misi\u00f3n. Graduado en la Universidad Oberta de Catalunya con cuatro grados (Asistente de direcci\u00f3n, Gesti\u00f3n Administrativa, Recursos Humanos y Contabilidad Avanzada). Bil\u00edng\u00fce Espa\u00f1ol\/Ingl\u00e9s. gestiona y mantiene varias p\u00e1ginas web cristianas y vicencianas, incluida including La Red de Formaci\u00f3n Vicenciana, de la que es cofundador. Actualmente es responsable del \u00e1rea de Espa\u00f1ol de .famvin, la Red de Noticias de la Familia Vicenciana. Tambi\u00e9n es m\u00fasico cat\u00f3lico y ha editado varios discos. Es Director General y cofundador de Trovador, una reconocida compa\u00f1\u00eda discogr\u00e1fica critiana de Espa\u00f1a. Trabaja en las Tecnolog\u00edas de la Informaci\u00f3n, ofreciendo servicios de alojamiento, dise\u00f1o y mantenimiento Web, as\u00ed como asesoramiento, formaci\u00f3n y soluciones inform\u00e1ticas, gesti\u00f3n documental y digitalizaci\u00f3n de textos, edici\u00f3n y maquetaci\u00f3n de libros, revistas, flyers, etc.\",\"sameAs\":[\"http:\/\/chento.org\",\"https:\/\/www.facebook.com\/JavierChento\",\"https:\/\/x.com\/https:\/\/twitter.com\/javierchento\"],\"url\":\"https:\/\/vincentians.com\/es\/author\/chento\/\"}]}<\/script>\n<!-- \/ Yoast SEO plugin. -->","yoast_head_json":{"title":"Introducci\u00f3n a la vida devota. Segunda parte, cap\u00edtulo 02 - Somos Vicencianos","robots":{"index":"index","follow":"follow","max-snippet":"max-snippet:-1","max-image-preview":"max-image-preview:large","max-video-preview":"max-video-preview:-1"},"canonical":"https:\/\/vincentians.com\/es\/introduccion-a-la-vida-devota-segunda-parte-capitulo-02\/","og_locale":"es_ES","og_type":"article","og_title":"Introducci\u00f3n a la vida devota. Segunda parte, cap\u00edtulo 02 - Somos Vicencianos","og_description":"CAP\u00cdTULO II BREVE M\u00c9TODO PARA MEDITAR, Y PRIMERAMENTE DE LA PRESENCIA DE DIOS, PRIMER PUNTO DE LA PREPARACI\u00d3N Tal vez no sabes, Filotea, c\u00f3mo se ha de hacer la oraci\u00f3n mental, porque es una cosa ... Read More","og_url":"https:\/\/vincentians.com\/es\/introduccion-a-la-vida-devota-segunda-parte-capitulo-02\/","og_site_name":"Somos Vicencianos","article_publisher":"https:\/\/www.facebook.com\/WeAreVincentians\/","article_author":"https:\/\/www.facebook.com\/JavierChento","article_published_time":"2020-07-24T06:48:13+00:00","og_image":[{"width":1200,"height":630,"url":"https:\/\/i0.wp.com\/vincentians.com\/es\/wp-content\/uploads\/sites\/11\/2016\/08\/escritos-francisco-de-sales.jpg?fit=1200%2C630&ssl=1","type":"image\/jpeg"}],"author":"Francisco Javier Fern\u00e1ndez Chento","twitter_card":"summary_large_image","twitter_creator":"@https:\/\/twitter.com\/javierchento","twitter_site":"@WeVincentians","twitter_misc":{"Escrito por":"Francisco Javier Fern\u00e1ndez Chento","Tiempo de lectura":"4 minutos"},"schema":{"@context":"https:\/\/schema.org","@graph":[{"@type":"Article","@id":"https:\/\/vincentians.com\/es\/introduccion-a-la-vida-devota-segunda-parte-capitulo-02\/#article","isPartOf":{"@id":"https:\/\/vincentians.com\/es\/introduccion-a-la-vida-devota-segunda-parte-capitulo-02\/"},"author":{"name":"Francisco Javier Fern\u00e1ndez Chento","@id":"http:\/\/vincentians.com\/es\/#\/schema\/person\/9623ef4d9aa3b2dfb8c061f1499288f2"},"headline":"Introducci\u00f3n a la vida devota. Segunda parte, cap\u00edtulo 02","datePublished":"2020-07-24T06:48:13+00:00","mainEntityOfPage":{"@id":"https:\/\/vincentians.com\/es\/introduccion-a-la-vida-devota-segunda-parte-capitulo-02\/"},"wordCount":904,"commentCount":0,"publisher":{"@id":"http:\/\/vincentians.com\/es\/#organization"},"image":{"@id":"https:\/\/vincentians.com\/es\/introduccion-a-la-vida-devota-segunda-parte-capitulo-02\/#primaryimage"},"thumbnailUrl":"https:\/\/i0.wp.com\/vincentians.com\/es\/wp-content\/uploads\/sites\/11\/2016\/08\/escritos-francisco-de-sales.jpg?fit=1200%2C630&ssl=1","keywords":["San Esteban"],"articleSection":["Escritos de Francisco de Sales"],"inLanguage":"es","potentialAction":[{"@type":"CommentAction","name":"Comment","target":["https:\/\/vincentians.com\/es\/introduccion-a-la-vida-devota-segunda-parte-capitulo-02\/#respond"]}]},{"@type":"WebPage","@id":"https:\/\/vincentians.com\/es\/introduccion-a-la-vida-devota-segunda-parte-capitulo-02\/","url":"https:\/\/vincentians.com\/es\/introduccion-a-la-vida-devota-segunda-parte-capitulo-02\/","name":"Introducci\u00f3n a la vida devota. Segunda parte, cap\u00edtulo 02 - Somos Vicencianos","isPartOf":{"@id":"http:\/\/vincentians.com\/es\/#website"},"primaryImageOfPage":{"@id":"https:\/\/vincentians.com\/es\/introduccion-a-la-vida-devota-segunda-parte-capitulo-02\/#primaryimage"},"image":{"@id":"https:\/\/vincentians.com\/es\/introduccion-a-la-vida-devota-segunda-parte-capitulo-02\/#primaryimage"},"thumbnailUrl":"https:\/\/i0.wp.com\/vincentians.com\/es\/wp-content\/uploads\/sites\/11\/2016\/08\/escritos-francisco-de-sales.jpg?fit=1200%2C630&ssl=1","datePublished":"2020-07-24T06:48:13+00:00","breadcrumb":{"@id":"https:\/\/vincentians.com\/es\/introduccion-a-la-vida-devota-segunda-parte-capitulo-02\/#breadcrumb"},"inLanguage":"es","potentialAction":[{"@type":"ReadAction","target":["https:\/\/vincentians.com\/es\/introduccion-a-la-vida-devota-segunda-parte-capitulo-02\/"]}]},{"@type":"ImageObject","inLanguage":"es","@id":"https:\/\/vincentians.com\/es\/introduccion-a-la-vida-devota-segunda-parte-capitulo-02\/#primaryimage","url":"https:\/\/i0.wp.com\/vincentians.com\/es\/wp-content\/uploads\/sites\/11\/2016\/08\/escritos-francisco-de-sales.jpg?fit=1200%2C630&ssl=1","contentUrl":"https:\/\/i0.wp.com\/vincentians.com\/es\/wp-content\/uploads\/sites\/11\/2016\/08\/escritos-francisco-de-sales.jpg?fit=1200%2C630&ssl=1","width":1200,"height":630},{"@type":"BreadcrumbList","@id":"https:\/\/vincentians.com\/es\/introduccion-a-la-vida-devota-segunda-parte-capitulo-02\/#breadcrumb","itemListElement":[{"@type":"ListItem","position":1,"name":"Portada","item":"http:\/\/vincentians.com\/es\/"},{"@type":"ListItem","position":2,"name":"Introducci\u00f3n a la vida devota. Segunda parte, cap\u00edtulo 02"}]},{"@type":"WebSite","@id":"http:\/\/vincentians.com\/es\/#website","url":"http:\/\/vincentians.com\/es\/","name":"Somos Vicencianos","description":"Know more to serve more","publisher":{"@id":"http:\/\/vincentians.com\/es\/#organization"},"potentialAction":[{"@type":"SearchAction","target":{"@type":"EntryPoint","urlTemplate":"http:\/\/vincentians.com\/es\/?s={search_term_string}"},"query-input":{"@type":"PropertyValueSpecification","valueRequired":true,"valueName":"search_term_string"}}],"inLanguage":"es"},{"@type":"Organization","@id":"http:\/\/vincentians.com\/es\/#organization","name":"The Vincentian Network","url":"http:\/\/vincentians.com\/es\/","logo":{"@type":"ImageObject","inLanguage":"es","@id":"http:\/\/vincentians.com\/es\/#\/schema\/logo\/image\/","url":"https:\/\/i1.wp.com\/vincentians.com\/es\/wp-content\/uploads\/sites\/11\/2016\/06\/Vincentian-Network-logo-big.png?fit=778%2C778","contentUrl":"https:\/\/i1.wp.com\/vincentians.com\/es\/wp-content\/uploads\/sites\/11\/2016\/06\/Vincentian-Network-logo-big.png?fit=778%2C778","width":778,"height":778,"caption":"The Vincentian Network"},"image":{"@id":"http:\/\/vincentians.com\/es\/#\/schema\/logo\/image\/"},"sameAs":["https:\/\/www.facebook.com\/WeAreVincentians\/","https:\/\/x.com\/WeVincentians"]},{"@type":"Person","@id":"http:\/\/vincentians.com\/es\/#\/schema\/person\/9623ef4d9aa3b2dfb8c061f1499288f2","name":"Francisco Javier Fern\u00e1ndez Chento","image":{"@type":"ImageObject","inLanguage":"es","@id":"http:\/\/vincentians.com\/es\/#\/schema\/person\/image\/","url":"https:\/\/secure.gravatar.com\/avatar\/497d5cde87b4c3d097d0315953521681ba2cd523ee66e5077c3711f7021e65de?s=96&d=mm&r=g","contentUrl":"https:\/\/secure.gravatar.com\/avatar\/497d5cde87b4c3d097d0315953521681ba2cd523ee66e5077c3711f7021e65de?s=96&d=mm&r=g","caption":"Francisco Javier Fern\u00e1ndez Chento"},"description":"Director General y cofundador de La Red de Formaci\u00f3n Vicenciana. Javier es laico vicenciano, afiliado a la Congregaci\u00f3n de la Misi\u00f3n y miembro del Equipo de Misiones Populares de la provincia can\u00f3nica de Zaragoza (Espa\u00f1a) de la Congregaci\u00f3n de la Misi\u00f3n. Graduado en la Universidad Oberta de Catalunya con cuatro grados (Asistente de direcci\u00f3n, Gesti\u00f3n Administrativa, Recursos Humanos y Contabilidad Avanzada). Bil\u00edng\u00fce Espa\u00f1ol\/Ingl\u00e9s. gestiona y mantiene varias p\u00e1ginas web cristianas y vicencianas, incluida including La Red de Formaci\u00f3n Vicenciana, de la que es cofundador. Actualmente es responsable del \u00e1rea de Espa\u00f1ol de .famvin, la Red de Noticias de la Familia Vicenciana. Tambi\u00e9n es m\u00fasico cat\u00f3lico y ha editado varios discos. Es Director General y cofundador de Trovador, una reconocida compa\u00f1\u00eda discogr\u00e1fica critiana de Espa\u00f1a. Trabaja en las Tecnolog\u00edas de la Informaci\u00f3n, ofreciendo servicios de alojamiento, dise\u00f1o y mantenimiento Web, as\u00ed como asesoramiento, formaci\u00f3n y soluciones inform\u00e1ticas, gesti\u00f3n documental y digitalizaci\u00f3n de textos, edici\u00f3n y maquetaci\u00f3n de libros, revistas, flyers, etc.","sameAs":["http:\/\/chento.org","https:\/\/www.facebook.com\/JavierChento","https:\/\/x.com\/https:\/\/twitter.com\/javierchento"],"url":"https:\/\/vincentians.com\/es\/author\/chento\/"}]}},"jetpack_publicize_connections":[],"jetpack_featured_media_url":"https:\/\/i0.wp.com\/vincentians.com\/es\/wp-content\/uploads\/sites\/11\/2016\/08\/escritos-francisco-de-sales.jpg?fit=1200%2C630&ssl=1","jetpack_sharing_enabled":true,"jetpack_shortlink":"https:\/\/wp.me\/p7ETMF-8TT","jetpack-related-posts":[{"id":135013,"url":"https:\/\/vincentians.com\/es\/el-genesis\/","url_meta":{"origin":34217,"position":0},"title":"El G\u00e9nesis","author":"Francisco Javier Fern\u00e1ndez Chento","date":"17\/01\/2015","format":false,"excerpt":"Introducci\u00f3n \"Como sabemos, las Sagradas Escrituras son el testimonio escrito de la Palabra de Dios, el memorial can\u00f3nico que certifica el acontecimiento de la Revelaci\u00f3n. La Palabra de Dios, por lo tanto, precede y excede la Biblia. Es por esta raz\u00f3n que nuestra fe no tiene en el centro s\u00f3lo\u2026","rel":"","context":"En \u00abFormaci\u00f3n Cristiana\u00bb","block_context":{"text":"Formaci\u00f3n Cristiana","link":"https:\/\/vincentians.com\/es\/category\/formacion-cristiana\/"},"img":{"alt_text":"creacion1","src":"https:\/\/i0.wp.com\/vicencianos.org\/wp-content\/2015\/01\/creacion1.jpg?resize=350%2C200","width":350,"height":200},"classes":[]},{"id":34220,"url":"https:\/\/vincentians.com\/es\/introduccion-a-la-vida-devota-segunda-parte-capitulo-03\/","url_meta":{"origin":34217,"position":1},"title":"Introducci\u00f3n a la vida devota. Segunda parte, cap\u00edtulo 03","author":"Francisco Javier Fern\u00e1ndez Chento","date":"30\/07\/2020","format":false,"excerpt":"CAPITULO III DE LA INVOCACION, SEGUNDO PUNTO DE LA PREPARACION La invocaci\u00f3n se hace de esta manera: al sentirse tu alma en la presencia de Dios, se postra con extremada reverencia, reconoci\u00e9ndose indign\u00edsima de estar delante de una tan soberana Majestad, y reconociendo, no obstante, que esta misma bondad as\u00ed\u2026","rel":"","context":"En \u00abEscritos de Francisco de Sales\u00bb","block_context":{"text":"Escritos de Francisco de Sales","link":"https:\/\/vincentians.com\/es\/category\/escritos\/escritos-de-francisco-de-sales\/"},"img":{"alt_text":"","src":"https:\/\/i0.wp.com\/vincentians.com\/es\/wp-content\/uploads\/sites\/11\/2016\/08\/escritos-francisco-de-sales.jpg?fit=1200%2C630&ssl=1&resize=350%2C200","width":350,"height":200,"srcset":"https:\/\/i0.wp.com\/vincentians.com\/es\/wp-content\/uploads\/sites\/11\/2016\/08\/escritos-francisco-de-sales.jpg?fit=1200%2C630&ssl=1&resize=350%2C200 1x, https:\/\/i0.wp.com\/vincentians.com\/es\/wp-content\/uploads\/sites\/11\/2016\/08\/escritos-francisco-de-sales.jpg?fit=1200%2C630&ssl=1&resize=525%2C300 1.5x, https:\/\/i0.wp.com\/vincentians.com\/es\/wp-content\/uploads\/sites\/11\/2016\/08\/escritos-francisco-de-sales.jpg?fit=1200%2C630&ssl=1&resize=700%2C400 2x, https:\/\/i0.wp.com\/vincentians.com\/es\/wp-content\/uploads\/sites\/11\/2016\/08\/escritos-francisco-de-sales.jpg?fit=1200%2C630&ssl=1&resize=1050%2C600 3x"},"classes":[]},{"id":109594,"url":"https:\/\/vincentians.com\/es\/san-vicente-de-paul-su-vida-su-tiempo-sus-obras-su-influencia-libro-7-capitulo-2\/","url_meta":{"origin":34217,"position":2},"title":"San Vicente de Pa\u00fal. Su vida, su tiempo; sus obras, su influencia. Libro 7, cap\u00edtulo 2","author":"Francisco Javier Fern\u00e1ndez Chento","date":"26\/01\/2015","format":false,"excerpt":"Cap\u00edtulo II: Las Damas de la Caridad I. Origen e instituci\u00f3n de las Damas de la Caridad. A las siervas, a los ec\u00f3nomos de los pobres, es hac\u00eda falta un fondo para surtir a tantos gastos; si este fondo, las santas hermanas, tan pobres ellas mismas, no pod\u00edan ni formarlo\u2026","rel":"","context":"En \u00abVicente de Pa\u00fal\u00bb","block_context":{"text":"Vicente de Pa\u00fal","link":"https:\/\/vincentians.com\/es\/category\/la-familia-vicenciana\/fundadores\/vicente-de-paul\/"},"img":{"alt_text":"","src":"","width":0,"height":0},"classes":[]},{"id":35064,"url":"https:\/\/vincentians.com\/es\/introduccion-a-la-vida-devota-quinta-parte-capitulo-09\/","url_meta":{"origin":34217,"position":3},"title":"Introducci\u00f3n a la vida devota. Quinta parte, cap\u00edtulo 09","author":"Francisco Javier Fern\u00e1ndez Chento","date":"21\/07\/2011","format":false,"excerpt":"CAP\u00cdTULO IX CONSIDERACIONES OPORTUNAS PARA RENOVAR NUESTROS BUENOS PROP\u00d3SITOS Despu\u00e9s de haber hecho bien el examen y de haber consultado con alg\u00fan director digno sobre las faltas y sus remedios, har\u00e1s las siguientes consideraciones, una cada d\u00eda, a manera de meditaci\u00f3n, dedicando a ello el tiempo de tu oraci\u00f3n y\u2026","rel":"","context":"En \u00abEscritos de Francisco de Sales\u00bb","block_context":{"text":"Escritos de Francisco de Sales","link":"https:\/\/vincentians.com\/es\/category\/escritos\/escritos-de-francisco-de-sales\/"},"img":{"alt_text":"","src":"https:\/\/i0.wp.com\/vincentians.com\/es\/wp-content\/uploads\/sites\/11\/2016\/08\/escritos-francisco-de-sales.jpg?fit=1200%2C630&ssl=1&resize=350%2C200","width":350,"height":200,"srcset":"https:\/\/i0.wp.com\/vincentians.com\/es\/wp-content\/uploads\/sites\/11\/2016\/08\/escritos-francisco-de-sales.jpg?fit=1200%2C630&ssl=1&resize=350%2C200 1x, https:\/\/i0.wp.com\/vincentians.com\/es\/wp-content\/uploads\/sites\/11\/2016\/08\/escritos-francisco-de-sales.jpg?fit=1200%2C630&ssl=1&resize=525%2C300 1.5x, https:\/\/i0.wp.com\/vincentians.com\/es\/wp-content\/uploads\/sites\/11\/2016\/08\/escritos-francisco-de-sales.jpg?fit=1200%2C630&ssl=1&resize=700%2C400 2x, https:\/\/i0.wp.com\/vincentians.com\/es\/wp-content\/uploads\/sites\/11\/2016\/08\/escritos-francisco-de-sales.jpg?fit=1200%2C630&ssl=1&resize=1050%2C600 3x"},"classes":[]},{"id":136990,"url":"https:\/\/vincentians.com\/es\/3o-domingo-de-pascua-reflexion-de-jose-cervantes-gabarron-2\/","url_meta":{"origin":34217,"position":4},"title":"3\u00ba Domingo de Pascua (reflexi\u00f3n de Jos\u00e9 Cervantes Gabarr\u00f3n)","author":"Francisco Javier Fern\u00e1ndez Chento","date":"04\/05\/2014","format":false,"excerpt":"El Resucitado nos libera y nos convierte en testigos Jos\u00e9 Cervantes Gabarr\u00f3n, sacerdote misionero y profesor de Sagrada Escritura.Las lecturas b\u00edblicas del segundo domingo de Pascua nos permiten profundizar en el encuentro con Jesucristo Resucitado, contemplar las diversas formas de su nueva presencia entre nosotros y tomar conciencia de la\u2026","rel":"","context":"En \u00abHomil\u00edas y reflexiones, A\u00f1o A\u00bb","block_context":{"text":"Homil\u00edas y reflexiones, A\u00f1o A","link":"https:\/\/vincentians.com\/es\/category\/homilias-y-reflexiones-a-la-palabra-de-dios\/homilias-y-reflexiones-ano-a\/"},"img":{"alt_text":"","src":"https:\/\/i0.wp.com\/vincentians.com\/es\/wp-content\/uploads\/sites\/11\/2016\/07\/reflexiones-palabra-de-dios.jpg?fit=1200%2C630&ssl=1&resize=350%2C200","width":350,"height":200,"srcset":"https:\/\/i0.wp.com\/vincentians.com\/es\/wp-content\/uploads\/sites\/11\/2016\/07\/reflexiones-palabra-de-dios.jpg?fit=1200%2C630&ssl=1&resize=350%2C200 1x, https:\/\/i0.wp.com\/vincentians.com\/es\/wp-content\/uploads\/sites\/11\/2016\/07\/reflexiones-palabra-de-dios.jpg?fit=1200%2C630&ssl=1&resize=525%2C300 1.5x, https:\/\/i0.wp.com\/vincentians.com\/es\/wp-content\/uploads\/sites\/11\/2016\/07\/reflexiones-palabra-de-dios.jpg?fit=1200%2C630&ssl=1&resize=700%2C400 2x, https:\/\/i0.wp.com\/vincentians.com\/es\/wp-content\/uploads\/sites\/11\/2016\/07\/reflexiones-palabra-de-dios.jpg?fit=1200%2C630&ssl=1&resize=1050%2C600 3x"},"classes":[]},{"id":125378,"url":"https:\/\/vincentians.com\/es\/lumen-fidei-capitulo-4-y-final\/","url_meta":{"origin":34217,"position":5},"title":"Lumen Fidei (Cap\u00edtulo 4 y final)","author":"Francisco Javier Fern\u00e1ndez Chento","date":"19\/11\/2013","format":false,"excerpt":"\u00a0 Cap\u00edtulo cuarto: Dios prepara una ciudad para ellos (cf. Hb 11,16) Fe y bien com\u00fan 50. Al presentar la historia de los patriarcas y de los justos del Antiguo Testamento, la Carta a los Hebreos pone de relieve un aspecto esencial de su fe. La fe no s\u00f3lo se\u2026","rel":"","context":"En \u00abDocumentos Pontificios\u00bb","block_context":{"text":"Documentos Pontificios","link":"https:\/\/vincentians.com\/es\/category\/formacion-cristiana\/documentos-pontificios\/"},"img":{"alt_text":"Lumen-fidei","src":"https:\/\/i0.wp.com\/vicencianos.org\/wp-content\/2013\/11\/Lumen-fidei-300x300.jpg?resize=350%2C200","width":350,"height":200},"classes":[]}],"_links":{"self":[{"href":"https:\/\/vincentians.com\/es\/wp-json\/wp\/v2\/posts\/34217","targetHints":{"allow":["GET"]}}],"collection":[{"href":"https:\/\/vincentians.com\/es\/wp-json\/wp\/v2\/posts"}],"about":[{"href":"https:\/\/vincentians.com\/es\/wp-json\/wp\/v2\/types\/post"}],"author":[{"embeddable":true,"href":"https:\/\/vincentians.com\/es\/wp-json\/wp\/v2\/users\/4"}],"replies":[{"embeddable":true,"href":"https:\/\/vincentians.com\/es\/wp-json\/wp\/v2\/comments?post=34217"}],"version-history":[{"count":1,"href":"https:\/\/vincentians.com\/es\/wp-json\/wp\/v2\/posts\/34217\/revisions"}],"predecessor-version":[{"id":402959,"href":"https:\/\/vincentians.com\/es\/wp-json\/wp\/v2\/posts\/34217\/revisions\/402959"}],"wp:featuredmedia":[{"embeddable":true,"href":"https:\/\/vincentians.com\/es\/wp-json\/wp\/v2\/media\/398698"}],"wp:attachment":[{"href":"https:\/\/vincentians.com\/es\/wp-json\/wp\/v2\/media?parent=34217"}],"wp:term":[{"taxonomy":"category","embeddable":true,"href":"https:\/\/vincentians.com\/es\/wp-json\/wp\/v2\/categories?post=34217"},{"taxonomy":"post_tag","embeddable":true,"href":"https:\/\/vincentians.com\/es\/wp-json\/wp\/v2\/tags?post=34217"}],"curies":[{"name":"wp","href":"https:\/\/api.w.org\/{rel}","templated":true}]}}