{"id":33740,"date":"2013-12-10T07:14:49","date_gmt":"2013-12-10T06:14:49","guid":{"rendered":"http:\/\/somos.vicencianos.org\/?p=33740"},"modified":"2013-12-10T07:14:49","modified_gmt":"2013-12-10T06:14:49","slug":"humilde-y-apasionado-testigo-del-evangelio","status":"publish","type":"post","link":"https:\/\/vincentians.com\/es\/humilde-y-apasionado-testigo-del-evangelio\/","title":{"rendered":"Humilde y apasionado testigo del Evangelio"},"content":{"rendered":"<div id=\"attachment_33741\" style=\"width: 252px\" class=\"wp-caption alignright\"><a href=\"https:\/\/i0.wp.com\/vicencianos.org\/wp-content\/2011\/04\/marco_antonio_durando.jpg\"><img data-recalc-dims=\"1\" loading=\"lazy\" decoding=\"async\" aria-describedby=\"caption-attachment-33741\" class=\"size-medium wp-image-33741\" title=\"Marco Antonio Durando\" alt=\"Marco Antonio Durando\" src=\"https:\/\/i0.wp.com\/vicencianos.org\/wp-content\/2011\/04\/marco_antonio_durando-242x300.jpg?resize=242%2C300\" width=\"242\" height=\"300\" \/><\/a><p id=\"caption-attachment-33741\" class=\"wp-caption-text\">Marco Antonio Durando<\/p><\/div>\n<p>Un sacerdote piamont\u00e9s del siglo XIX sol\u00eda decir, &#8211; \u00abEn Tur\u00edn hay cuatro santos: Don Bosco, Cottolengo, Don Cafasso, y el Padre Durando\u00bb -. Este \u00faltimo es el menos conocido, y s\u00f3lo ahora ha alcanzado la honra de los altares. El menos conocido, pero que en el Tur\u00edn resurgimentista gozaba de aprecio, estima, a quien se consideraba var\u00f3n de Dios y consejero espiritual rico en virtudes, prudente y de perspicaz discernimiento, formador de muchos sacerdotes, de religiosos y religiosas.<\/p>\n<p>Esta conciencia de la santidad del P. Durando se evidenciaba en el interior de la comunidad vicenciana: cuando, a su muerte, le sucede a la cabeza de la Provincia de Tur\u00edn el P. Giovanni Torre, \u00e9ste escribe a los Misioneros las siguientes palabras:<\/p>\n<p style=\"padding-left: 30px\"><em>Hemos perdido a un padre, pero alimentamos la confianza de haber ganado un protector en el cielo.<\/em> Y luego da instrucciones de que se recojan <em>lo antes<\/em> <em>posible, para que no se pierdan, el m\u00e1ximo de particulares sobre su vida y los singulares ejemplos de virtud que nos ha dejado.<\/em><\/p>\n<p>Podemos decir, pues, que su fama de santidad estaba viva, dentro al igual que fuera de la Familia vicenciana.<\/p>\n<p>Sacerdote de intensa vida espiritual, fue sobre todo hombre de gobierno, exigente en cuanto a pedir observancia de las Reglas, pero comedido y equilibrado, con un sentido de la realidad que se un\u00eda a una caridad exquisita, atenta ante todo a los m\u00e1s d\u00e9biles, caridad que aument\u00f3 seg\u00fan pasaba el tiempo. En \u00e9l, durante m\u00e1s de 40 a\u00f1os Provincial, Director de las Hijas de la Caridad, fundador de las Hermanas Nazarenas, hallamos \u2013 como disc\u00edpulo que fue de San Vicente \u2013 a alguien que recorri\u00f3 sendas ordinarias, sencillas, no ostentosas, pero que resultaron tenaces y valientes; al hombre que venci\u00f3 su timidez cong\u00e9nita. Este estilo de vida brotaba de una convicci\u00f3n profunda, por \u00e9l delatada tanto en su modo de actuar cuanto en sus palabras:<\/p>\n<p style=\"padding-left: 30px\"><em>Lo extraordinario se me hace siempre sospechoso. Yo gusto de lo ordinario, de lo com\u00fan, de las virtudes evang\u00e9licas, verdadera humildad, mortificaci\u00f3n, observancia, s\u00f3lo que todo ello bien, de modo perfecto, \u00fanicamente sencillo y sin ruido.<\/em><\/p>\n<p>Era consciente de que todo eso requer\u00eda el sustento de las divinas gracias, y un trabajo continuo sobre s\u00ed mismo. Escrib\u00eda:<\/p>\n<p style=\"padding-left: 30px\"><em>Poco a poco, con la gracia de Dios, formar corazones verdaderamente humildes, sencillos, mortificados, pacientes, desprendidos de todo y que no piensen, no suspiren m\u00e1s que por Jes\u00fas.<\/em><\/p>\n<p>Lo que ense\u00f1aba, era efectivamente vivido por \u00e9l: nada de espectacular en los casi 80 a\u00f1os de su vida. Quiso vivir en Cristo, revestirse de las virtudes del sacerdote y de las que distinguen al misionero vicenciano. Recomendaba ser ejemplares en estas virtudes, y dec\u00eda con aplomo: <em>No podemos dar a otros aquello de lo que nosotros carecemos.<\/em> El P. Marco Antonio Durando, enjuto por su constituci\u00f3n, ten\u00eda un car\u00e1cter reservado y esquivo, mas resultaba cordial, de una sensibilidad rica, mucho m\u00e1s de cuanto aparec\u00eda al exterior, con no afectadas dotes de solicitud paternal, y aun maternal, llegado el caso.<\/p>\n<p>En el centro de su espiritualidad estaba Cristo el Se\u00f1or, y de manera particular el Cristo sufriente de la Pasi\u00f3n y de la Cruz. Fue sobre el estupor en el rostro dolido del \u00abEcce Homo\u00bb donde recay\u00f3 la mirada conmovida y admirada de nuestro Beato. La Pasi\u00f3n de Cristo era <em>su refugio y el tema predilecto de sus meditaciones<\/em>. La recomendaba a las almas por \u00e9l espiritualmente dirigidas: <em>Hacedlo todo para tener esta devoci\u00f3n e inspirarla a otros<\/em>. Escrib\u00eda en otra circunstancia: <em>Que el sujeto ordinario de meditaci\u00f3n sea la vida, pasi\u00f3n y muerte de Jesucristo<\/em>. La Pasi\u00f3n de Cristo era para el P. Durando una escuela de alta espiritualidad, la \u00abschola amoris\u00bb m\u00e1s sublime. Dec\u00eda en efecto:<\/p>\n<p style=\"padding-left: 30px\"><em>En la Pasi\u00f3n de Cristo hallar\u00e9is la humildad, la obediencia, la mansedumbre y todas las virtudes.<\/em> Y ense\u00f1aba a sus hijas: <em>Encontrar\u00e9is la humildad y la caridad a los pies del crucifijo.<\/em><\/p>\n<p>He aqu\u00ed c\u00f3mo se expresa en otro pasaje intenso y significativo:<\/p>\n<p style=\"padding-left: 30px\"><em>\u2026el Calvario es el monte de los amadores, y las llagas abiertas de Jes\u00fas crucificado son el asilo y la morada de las palomas del Se\u00f1or. Quien no gusta de estar en el Calvario ni recogerse en esas llagas, jam\u00e1s ser\u00e1 un verdadero amante de Jes\u00fas. Si fue el amor quien le hizo abrazarse a la cruz y el que lo clav\u00f3 al duro le\u00f1o, en fin, si sufri\u00f3 y muri\u00f3 por el gran amor que a cada uno nos ten\u00eda, \u00bfser\u00edamos nosotros indiferentes a tanta caridad suya? \u00bfPodr\u00edamos no amar un bien infinito, a un Dios que de amor se deshace por nosotros? El Calvario fue donde se formaron en el amor las santas y santos que pueblan el cielo.<\/em><\/p>\n<p>La devoci\u00f3n a la Pasi\u00f3n del Se\u00f1or se un\u00eda a la celebraci\u00f3n de la Eucarist\u00eda y era prolongaci\u00f3n de este manantial inagotable de amor, cuya fuerza y gloria palpaba a diario. Dec\u00eda: <em>La Eucarist\u00eda es la se\u00f1al incomparable de la grande y tierna caridad de Cristo y de su honda humildad.<\/em> Sent\u00eda la Pasi\u00f3n de Cristo como un espoleo para consumir totalmente su existencia por el Se\u00f1or, y urg\u00eda a ser diligentes y generosos en el servicio de Dios y de los hermanos. <em>\u00c9l se sacrific\u00f3 por vosotros; vosotros sacrificaos enteramente por \u00c9l,<\/em> dec\u00eda.<\/p>\n<p>En la vida diaria le guiaba la contemplaci\u00f3n del Cristo sufriente, mas no hac\u00eda de ello algo ruin y triste, sino que comunicaba serenidad y paz a cuantos trataba. Ten\u00eda la divisa \u2013 as\u00ed lo pone en una carta \u2013,<em> de actuar siempre en la caridad que todo lo espera.<\/em> Declaraba:<\/p>\n<p style=\"padding-left: 30px\"><em>La perfecci\u00f3n del amor de Jesucristo se manifiesta cuando, se sufren las contrariedades y humillaciones, mas no s\u00f3lo con paciencia, sino adem\u00e1s con gozo y acci\u00f3n de gracias.<\/em> Otra vez exhortaba: <em>Hay que tener siempre presentes los ejemplos de la vida de Jesucristo\u2026 La contemplaci\u00f3n de Jes\u00fas humillado, de Jes\u00fas pobre, de Jes\u00fas azotado, de Jes\u00fas coronado de espinas, de Jes\u00fas crucificado, cambia el sufrimiento en gozo.<\/em><\/p>\n<p>Ense\u00f1aba que debemos aprender de Jes\u00fas, abandonado en las manos del Padre, a hacer la voluntad de Dios y vivir en la obediencia. En una carta aconsejaba:<\/p>\n<p style=\"padding-left: 30px\"><em>Aband\u00f3nese en las manos de Dios; no tenga otro pensamiento m\u00e1s que hacer la voluntad de Dios, no se adelante a los designios de Dios con pensamientos y deseos en cuanto al porvenir. Es la voluntad de Dios que haga usted de coraz\u00f3n, con empe\u00f1o, con celo, las cosas, los oficios que se le conf\u00eden\u2026 Medite bien esta gran verdad, convi\u00e9rtala en norma suya, su regla, su vida, su bien. En esto consiste toda nuestra santidad y perfecci\u00f3n.<\/em><\/p>\n<p>La certeza de poder recorrer el camino de la santidad ven\u00edale de la fuerza a \u00e9l comunicada por la oraci\u00f3n. Afirmaba:<\/p>\n<p style=\"padding-left: 30px\"><em>La oraci\u00f3n es fuente de todo bien y madre de todas las virtudes;<\/em> y <em>que<\/em> <em>el esp\u00edritu de oraci\u00f3n, de recogimiento interior y exterior, el esp\u00edritu de silencio reine en toda la casa y en todas las religiosas, <\/em>a\u00f1ad\u00eda.<\/p>\n<p>La plegaria ser\u00eda adem\u00e1s fuente de serenidad y de paz interior, y as\u00ed ense\u00f1aba:<\/p>\n<p style=\"padding-left: 30px\"><em>Silencio riguroso, gran recogimiento interior, esp\u00edritu de oraci\u00f3n, amor al trabajo y esp\u00edritu de penitencia; pero al mismo tiempo, nada de melancol\u00eda, nada de aire triste ni cabeza baja. Comprende usted, cuando el esp\u00edritu de oraci\u00f3n y penitencia es fruto del Esp\u00edritu Santo, hay siempre gozo y alegr\u00eda espiritual.<\/em><\/p>\n<p>De esto hab\u00eda hecho \u00e9l para s\u00ed un estilo de vida. \u00c9l busc\u00f3 la perfecci\u00f3n evang\u00e9lica viviendo con celo apasionado el ministerio sacerdotal ordinario: la celebraci\u00f3n de la Eucarist\u00eda, el sacramento de la Reconciliaci\u00f3n, la predicaci\u00f3n de las misiones parroquiales, las pl\u00e1ticas de los santos ejercicios y retiros, las conferencias al clero, la direcci\u00f3n espiritual de gente de todos los estratos sociales, a la que recib\u00eda de grado y bien dispuesto.<\/p>\n<p>Marco Antonio Durando, fiel disc\u00edpulo de Vicente de Pa\u00fal, nos invita a una santidad humilde y confiada, sencilla pero prudente, mansa pero fuerte, vivida en el ejercicio de la caridad, sobre todo en la fidelidad a las cosas peque\u00f1as de la vida diaria, aceptando las contrariedades, las pruebas, los sufrimientos que puedan sobrevenirnos, cuando con tenacidad queremos ser fieles a Cristo y consecuentes con su evangelio. En un escrito de 1876 recomendaba a los Misioneros:<\/p>\n<p>Que la caridad reine siempre entre nosotros, que gobierne nuestras acciones, nuestras palabras y nuestros pensamientos para que, un\u00e1nimes, honremos siempre a Jesucristo, y est\u00e9 siempre entre nosotros y en nuestros corazones la paz del Se\u00f1or.<\/p>\n","protected":false},"excerpt":{"rendered":"<p>Un sacerdote piamont\u00e9s del siglo XIX sol\u00eda decir, &#8211; \u00abEn Tur\u00edn hay cuatro santos: Don Bosco, Cottolengo, Don Cafasso, y el Padre Durando\u00bb -. Este \u00faltimo es el menos conocido, y s\u00f3lo ahora ha alcanzado &#8230; <a href=\"https:\/\/vincentians.com\/es\/humilde-y-apasionado-testigo-del-evangelio\/\" class=\"more-link\">Read More<\/a><\/p>\n","protected":false},"author":4,"featured_media":33741,"comment_status":"open","ping_status":"open","sticky":false,"template":"","format":"standard","meta":{"jetpack_post_was_ever_published":false,"_jetpack_newsletter_access":"","_jetpack_dont_email_post_to_subs":false,"_jetpack_newsletter_tier_id":0,"_jetpack_memberships_contains_paywalled_content":false,"_jetpack_memberships_contains_paid_content":false,"footnotes":"","jetpack_publicize_message":"","jetpack_publicize_feature_enabled":true,"jetpack_social_post_already_shared":true,"jetpack_social_options":{"image_generator_settings":{"template":"highway","default_image_id":0,"font":"","enabled":false},"version":2}},"categories":[22],"tags":[174,160],"class_list":["post-33740","post","type-post","status-publish","format-standard","has-post-thumbnail","hentry","category-marco-antonio-durando","tag-durando","tag-nimes"],"yoast_head":"<!-- This site is optimized with the Yoast SEO plugin v26.3 - https:\/\/yoast.com\/wordpress\/plugins\/seo\/ -->\n<title>Humilde y apasionado testigo del Evangelio - Somos Vicencianos<\/title>\n<meta name=\"robots\" content=\"index, follow, max-snippet:-1, max-image-preview:large, max-video-preview:-1\" \/>\n<link rel=\"canonical\" href=\"https:\/\/vincentians.com\/es\/humilde-y-apasionado-testigo-del-evangelio\/\" \/>\n<meta property=\"og:locale\" content=\"es_ES\" \/>\n<meta property=\"og:type\" content=\"article\" \/>\n<meta property=\"og:title\" content=\"Humilde y apasionado testigo del Evangelio - Somos Vicencianos\" \/>\n<meta property=\"og:description\" content=\"Un sacerdote piamont\u00e9s del siglo XIX sol\u00eda decir, &#8211; \u00abEn Tur\u00edn hay cuatro santos: Don Bosco, Cottolengo, Don Cafasso, y el Padre Durando\u00bb -. Este \u00faltimo es el menos conocido, y s\u00f3lo ahora ha alcanzado ... Read More\" \/>\n<meta property=\"og:url\" content=\"https:\/\/vincentians.com\/es\/humilde-y-apasionado-testigo-del-evangelio\/\" \/>\n<meta property=\"og:site_name\" content=\"Somos Vicencianos\" \/>\n<meta property=\"article:publisher\" content=\"https:\/\/www.facebook.com\/WeAreVincentians\/\" \/>\n<meta property=\"article:author\" content=\"https:\/\/www.facebook.com\/JavierChento\" \/>\n<meta property=\"article:published_time\" content=\"2013-12-10T06:14:49+00:00\" \/>\n<meta name=\"author\" content=\"Francisco Javier Fern\u00e1ndez Chento\" \/>\n<meta name=\"twitter:card\" content=\"summary_large_image\" \/>\n<meta name=\"twitter:creator\" content=\"@https:\/\/twitter.com\/javierchento\" \/>\n<meta name=\"twitter:site\" content=\"@WeVincentians\" \/>\n<meta name=\"twitter:label1\" content=\"Escrito por\" \/>\n\t<meta name=\"twitter:data1\" content=\"Francisco Javier Fern\u00e1ndez Chento\" \/>\n\t<meta name=\"twitter:label2\" content=\"Tiempo de lectura\" \/>\n\t<meta name=\"twitter:data2\" content=\"8 minutos\" \/>\n<script type=\"application\/ld+json\" class=\"yoast-schema-graph\">{\"@context\":\"https:\/\/schema.org\",\"@graph\":[{\"@type\":\"Article\",\"@id\":\"https:\/\/vincentians.com\/es\/humilde-y-apasionado-testigo-del-evangelio\/#article\",\"isPartOf\":{\"@id\":\"https:\/\/vincentians.com\/es\/humilde-y-apasionado-testigo-del-evangelio\/\"},\"author\":{\"name\":\"Francisco Javier Fern\u00e1ndez Chento\",\"@id\":\"http:\/\/vincentians.com\/es\/#\/schema\/person\/9623ef4d9aa3b2dfb8c061f1499288f2\"},\"headline\":\"Humilde y apasionado testigo del Evangelio\",\"datePublished\":\"2013-12-10T06:14:49+00:00\",\"mainEntityOfPage\":{\"@id\":\"https:\/\/vincentians.com\/es\/humilde-y-apasionado-testigo-del-evangelio\/\"},\"wordCount\":1541,\"commentCount\":0,\"publisher\":{\"@id\":\"http:\/\/vincentians.com\/es\/#organization\"},\"image\":{\"@id\":\"https:\/\/vincentians.com\/es\/humilde-y-apasionado-testigo-del-evangelio\/#primaryimage\"},\"thumbnailUrl\":\"\",\"keywords\":[\"Durando\",\"Nimes\"],\"articleSection\":[\"Marco Antonio Durando\"],\"inLanguage\":\"es\",\"potentialAction\":[{\"@type\":\"CommentAction\",\"name\":\"Comment\",\"target\":[\"https:\/\/vincentians.com\/es\/humilde-y-apasionado-testigo-del-evangelio\/#respond\"]}]},{\"@type\":\"WebPage\",\"@id\":\"https:\/\/vincentians.com\/es\/humilde-y-apasionado-testigo-del-evangelio\/\",\"url\":\"https:\/\/vincentians.com\/es\/humilde-y-apasionado-testigo-del-evangelio\/\",\"name\":\"Humilde y apasionado testigo del Evangelio - Somos Vicencianos\",\"isPartOf\":{\"@id\":\"http:\/\/vincentians.com\/es\/#website\"},\"primaryImageOfPage\":{\"@id\":\"https:\/\/vincentians.com\/es\/humilde-y-apasionado-testigo-del-evangelio\/#primaryimage\"},\"image\":{\"@id\":\"https:\/\/vincentians.com\/es\/humilde-y-apasionado-testigo-del-evangelio\/#primaryimage\"},\"thumbnailUrl\":\"\",\"datePublished\":\"2013-12-10T06:14:49+00:00\",\"breadcrumb\":{\"@id\":\"https:\/\/vincentians.com\/es\/humilde-y-apasionado-testigo-del-evangelio\/#breadcrumb\"},\"inLanguage\":\"es\",\"potentialAction\":[{\"@type\":\"ReadAction\",\"target\":[\"https:\/\/vincentians.com\/es\/humilde-y-apasionado-testigo-del-evangelio\/\"]}]},{\"@type\":\"ImageObject\",\"inLanguage\":\"es\",\"@id\":\"https:\/\/vincentians.com\/es\/humilde-y-apasionado-testigo-del-evangelio\/#primaryimage\",\"url\":\"\",\"contentUrl\":\"\"},{\"@type\":\"BreadcrumbList\",\"@id\":\"https:\/\/vincentians.com\/es\/humilde-y-apasionado-testigo-del-evangelio\/#breadcrumb\",\"itemListElement\":[{\"@type\":\"ListItem\",\"position\":1,\"name\":\"Portada\",\"item\":\"http:\/\/vincentians.com\/es\/\"},{\"@type\":\"ListItem\",\"position\":2,\"name\":\"Humilde y apasionado testigo del Evangelio\"}]},{\"@type\":\"WebSite\",\"@id\":\"http:\/\/vincentians.com\/es\/#website\",\"url\":\"http:\/\/vincentians.com\/es\/\",\"name\":\"Somos Vicencianos\",\"description\":\"Know more to serve more\",\"publisher\":{\"@id\":\"http:\/\/vincentians.com\/es\/#organization\"},\"potentialAction\":[{\"@type\":\"SearchAction\",\"target\":{\"@type\":\"EntryPoint\",\"urlTemplate\":\"http:\/\/vincentians.com\/es\/?s={search_term_string}\"},\"query-input\":{\"@type\":\"PropertyValueSpecification\",\"valueRequired\":true,\"valueName\":\"search_term_string\"}}],\"inLanguage\":\"es\"},{\"@type\":\"Organization\",\"@id\":\"http:\/\/vincentians.com\/es\/#organization\",\"name\":\"The Vincentian Network\",\"url\":\"http:\/\/vincentians.com\/es\/\",\"logo\":{\"@type\":\"ImageObject\",\"inLanguage\":\"es\",\"@id\":\"http:\/\/vincentians.com\/es\/#\/schema\/logo\/image\/\",\"url\":\"https:\/\/i1.wp.com\/vincentians.com\/es\/wp-content\/uploads\/sites\/11\/2016\/06\/Vincentian-Network-logo-big.png?fit=778%2C778\",\"contentUrl\":\"https:\/\/i1.wp.com\/vincentians.com\/es\/wp-content\/uploads\/sites\/11\/2016\/06\/Vincentian-Network-logo-big.png?fit=778%2C778\",\"width\":778,\"height\":778,\"caption\":\"The Vincentian Network\"},\"image\":{\"@id\":\"http:\/\/vincentians.com\/es\/#\/schema\/logo\/image\/\"},\"sameAs\":[\"https:\/\/www.facebook.com\/WeAreVincentians\/\",\"https:\/\/x.com\/WeVincentians\"]},{\"@type\":\"Person\",\"@id\":\"http:\/\/vincentians.com\/es\/#\/schema\/person\/9623ef4d9aa3b2dfb8c061f1499288f2\",\"name\":\"Francisco Javier Fern\u00e1ndez Chento\",\"image\":{\"@type\":\"ImageObject\",\"inLanguage\":\"es\",\"@id\":\"http:\/\/vincentians.com\/es\/#\/schema\/person\/image\/\",\"url\":\"https:\/\/secure.gravatar.com\/avatar\/497d5cde87b4c3d097d0315953521681ba2cd523ee66e5077c3711f7021e65de?s=96&d=mm&r=g\",\"contentUrl\":\"https:\/\/secure.gravatar.com\/avatar\/497d5cde87b4c3d097d0315953521681ba2cd523ee66e5077c3711f7021e65de?s=96&d=mm&r=g\",\"caption\":\"Francisco Javier Fern\u00e1ndez Chento\"},\"description\":\"Director General y cofundador de La Red de Formaci\u00f3n Vicenciana. Javier es laico vicenciano, afiliado a la Congregaci\u00f3n de la Misi\u00f3n y miembro del Equipo de Misiones Populares de la provincia can\u00f3nica de Zaragoza (Espa\u00f1a) de la Congregaci\u00f3n de la Misi\u00f3n. Graduado en la Universidad Oberta de Catalunya con cuatro grados (Asistente de direcci\u00f3n, Gesti\u00f3n Administrativa, Recursos Humanos y Contabilidad Avanzada). Bil\u00edng\u00fce Espa\u00f1ol\/Ingl\u00e9s. gestiona y mantiene varias p\u00e1ginas web cristianas y vicencianas, incluida including La Red de Formaci\u00f3n Vicenciana, de la que es cofundador. Actualmente es responsable del \u00e1rea de Espa\u00f1ol de .famvin, la Red de Noticias de la Familia Vicenciana. Tambi\u00e9n es m\u00fasico cat\u00f3lico y ha editado varios discos. Es Director General y cofundador de Trovador, una reconocida compa\u00f1\u00eda discogr\u00e1fica critiana de Espa\u00f1a. Trabaja en las Tecnolog\u00edas de la Informaci\u00f3n, ofreciendo servicios de alojamiento, dise\u00f1o y mantenimiento Web, as\u00ed como asesoramiento, formaci\u00f3n y soluciones inform\u00e1ticas, gesti\u00f3n documental y digitalizaci\u00f3n de textos, edici\u00f3n y maquetaci\u00f3n de libros, revistas, flyers, etc.\",\"sameAs\":[\"http:\/\/chento.org\",\"https:\/\/www.facebook.com\/JavierChento\",\"https:\/\/x.com\/https:\/\/twitter.com\/javierchento\"],\"url\":\"https:\/\/vincentians.com\/es\/author\/chento\/\"}]}<\/script>\n<!-- \/ Yoast SEO plugin. -->","yoast_head_json":{"title":"Humilde y apasionado testigo del Evangelio - Somos Vicencianos","robots":{"index":"index","follow":"follow","max-snippet":"max-snippet:-1","max-image-preview":"max-image-preview:large","max-video-preview":"max-video-preview:-1"},"canonical":"https:\/\/vincentians.com\/es\/humilde-y-apasionado-testigo-del-evangelio\/","og_locale":"es_ES","og_type":"article","og_title":"Humilde y apasionado testigo del Evangelio - Somos Vicencianos","og_description":"Un sacerdote piamont\u00e9s del siglo XIX sol\u00eda decir, &#8211; \u00abEn Tur\u00edn hay cuatro santos: Don Bosco, Cottolengo, Don Cafasso, y el Padre Durando\u00bb -. Este \u00faltimo es el menos conocido, y s\u00f3lo ahora ha alcanzado ... Read More","og_url":"https:\/\/vincentians.com\/es\/humilde-y-apasionado-testigo-del-evangelio\/","og_site_name":"Somos Vicencianos","article_publisher":"https:\/\/www.facebook.com\/WeAreVincentians\/","article_author":"https:\/\/www.facebook.com\/JavierChento","article_published_time":"2013-12-10T06:14:49+00:00","author":"Francisco Javier Fern\u00e1ndez Chento","twitter_card":"summary_large_image","twitter_creator":"@https:\/\/twitter.com\/javierchento","twitter_site":"@WeVincentians","twitter_misc":{"Escrito por":"Francisco Javier Fern\u00e1ndez Chento","Tiempo de lectura":"8 minutos"},"schema":{"@context":"https:\/\/schema.org","@graph":[{"@type":"Article","@id":"https:\/\/vincentians.com\/es\/humilde-y-apasionado-testigo-del-evangelio\/#article","isPartOf":{"@id":"https:\/\/vincentians.com\/es\/humilde-y-apasionado-testigo-del-evangelio\/"},"author":{"name":"Francisco Javier Fern\u00e1ndez Chento","@id":"http:\/\/vincentians.com\/es\/#\/schema\/person\/9623ef4d9aa3b2dfb8c061f1499288f2"},"headline":"Humilde y apasionado testigo del Evangelio","datePublished":"2013-12-10T06:14:49+00:00","mainEntityOfPage":{"@id":"https:\/\/vincentians.com\/es\/humilde-y-apasionado-testigo-del-evangelio\/"},"wordCount":1541,"commentCount":0,"publisher":{"@id":"http:\/\/vincentians.com\/es\/#organization"},"image":{"@id":"https:\/\/vincentians.com\/es\/humilde-y-apasionado-testigo-del-evangelio\/#primaryimage"},"thumbnailUrl":"","keywords":["Durando","Nimes"],"articleSection":["Marco Antonio Durando"],"inLanguage":"es","potentialAction":[{"@type":"CommentAction","name":"Comment","target":["https:\/\/vincentians.com\/es\/humilde-y-apasionado-testigo-del-evangelio\/#respond"]}]},{"@type":"WebPage","@id":"https:\/\/vincentians.com\/es\/humilde-y-apasionado-testigo-del-evangelio\/","url":"https:\/\/vincentians.com\/es\/humilde-y-apasionado-testigo-del-evangelio\/","name":"Humilde y apasionado testigo del Evangelio - Somos Vicencianos","isPartOf":{"@id":"http:\/\/vincentians.com\/es\/#website"},"primaryImageOfPage":{"@id":"https:\/\/vincentians.com\/es\/humilde-y-apasionado-testigo-del-evangelio\/#primaryimage"},"image":{"@id":"https:\/\/vincentians.com\/es\/humilde-y-apasionado-testigo-del-evangelio\/#primaryimage"},"thumbnailUrl":"","datePublished":"2013-12-10T06:14:49+00:00","breadcrumb":{"@id":"https:\/\/vincentians.com\/es\/humilde-y-apasionado-testigo-del-evangelio\/#breadcrumb"},"inLanguage":"es","potentialAction":[{"@type":"ReadAction","target":["https:\/\/vincentians.com\/es\/humilde-y-apasionado-testigo-del-evangelio\/"]}]},{"@type":"ImageObject","inLanguage":"es","@id":"https:\/\/vincentians.com\/es\/humilde-y-apasionado-testigo-del-evangelio\/#primaryimage","url":"","contentUrl":""},{"@type":"BreadcrumbList","@id":"https:\/\/vincentians.com\/es\/humilde-y-apasionado-testigo-del-evangelio\/#breadcrumb","itemListElement":[{"@type":"ListItem","position":1,"name":"Portada","item":"http:\/\/vincentians.com\/es\/"},{"@type":"ListItem","position":2,"name":"Humilde y apasionado testigo del Evangelio"}]},{"@type":"WebSite","@id":"http:\/\/vincentians.com\/es\/#website","url":"http:\/\/vincentians.com\/es\/","name":"Somos Vicencianos","description":"Know more to serve more","publisher":{"@id":"http:\/\/vincentians.com\/es\/#organization"},"potentialAction":[{"@type":"SearchAction","target":{"@type":"EntryPoint","urlTemplate":"http:\/\/vincentians.com\/es\/?s={search_term_string}"},"query-input":{"@type":"PropertyValueSpecification","valueRequired":true,"valueName":"search_term_string"}}],"inLanguage":"es"},{"@type":"Organization","@id":"http:\/\/vincentians.com\/es\/#organization","name":"The Vincentian Network","url":"http:\/\/vincentians.com\/es\/","logo":{"@type":"ImageObject","inLanguage":"es","@id":"http:\/\/vincentians.com\/es\/#\/schema\/logo\/image\/","url":"https:\/\/i1.wp.com\/vincentians.com\/es\/wp-content\/uploads\/sites\/11\/2016\/06\/Vincentian-Network-logo-big.png?fit=778%2C778","contentUrl":"https:\/\/i1.wp.com\/vincentians.com\/es\/wp-content\/uploads\/sites\/11\/2016\/06\/Vincentian-Network-logo-big.png?fit=778%2C778","width":778,"height":778,"caption":"The Vincentian Network"},"image":{"@id":"http:\/\/vincentians.com\/es\/#\/schema\/logo\/image\/"},"sameAs":["https:\/\/www.facebook.com\/WeAreVincentians\/","https:\/\/x.com\/WeVincentians"]},{"@type":"Person","@id":"http:\/\/vincentians.com\/es\/#\/schema\/person\/9623ef4d9aa3b2dfb8c061f1499288f2","name":"Francisco Javier Fern\u00e1ndez Chento","image":{"@type":"ImageObject","inLanguage":"es","@id":"http:\/\/vincentians.com\/es\/#\/schema\/person\/image\/","url":"https:\/\/secure.gravatar.com\/avatar\/497d5cde87b4c3d097d0315953521681ba2cd523ee66e5077c3711f7021e65de?s=96&d=mm&r=g","contentUrl":"https:\/\/secure.gravatar.com\/avatar\/497d5cde87b4c3d097d0315953521681ba2cd523ee66e5077c3711f7021e65de?s=96&d=mm&r=g","caption":"Francisco Javier Fern\u00e1ndez Chento"},"description":"Director General y cofundador de La Red de Formaci\u00f3n Vicenciana. Javier es laico vicenciano, afiliado a la Congregaci\u00f3n de la Misi\u00f3n y miembro del Equipo de Misiones Populares de la provincia can\u00f3nica de Zaragoza (Espa\u00f1a) de la Congregaci\u00f3n de la Misi\u00f3n. Graduado en la Universidad Oberta de Catalunya con cuatro grados (Asistente de direcci\u00f3n, Gesti\u00f3n Administrativa, Recursos Humanos y Contabilidad Avanzada). Bil\u00edng\u00fce Espa\u00f1ol\/Ingl\u00e9s. gestiona y mantiene varias p\u00e1ginas web cristianas y vicencianas, incluida including La Red de Formaci\u00f3n Vicenciana, de la que es cofundador. Actualmente es responsable del \u00e1rea de Espa\u00f1ol de .famvin, la Red de Noticias de la Familia Vicenciana. Tambi\u00e9n es m\u00fasico cat\u00f3lico y ha editado varios discos. Es Director General y cofundador de Trovador, una reconocida compa\u00f1\u00eda discogr\u00e1fica critiana de Espa\u00f1a. Trabaja en las Tecnolog\u00edas de la Informaci\u00f3n, ofreciendo servicios de alojamiento, dise\u00f1o y mantenimiento Web, as\u00ed como asesoramiento, formaci\u00f3n y soluciones inform\u00e1ticas, gesti\u00f3n documental y digitalizaci\u00f3n de textos, edici\u00f3n y maquetaci\u00f3n de libros, revistas, flyers, etc.","sameAs":["http:\/\/chento.org","https:\/\/www.facebook.com\/JavierChento","https:\/\/x.com\/https:\/\/twitter.com\/javierchento"],"url":"https:\/\/vincentians.com\/es\/author\/chento\/"}]}},"jetpack_publicize_connections":[],"jetpack_featured_media_url":"","jetpack_sharing_enabled":true,"jetpack_shortlink":"https:\/\/wp.me\/p7ETMF-8Mc","jetpack-related-posts":[{"id":49726,"url":"https:\/\/vincentians.com\/es\/cronica-de-la-beatificacion-de-marco-antonio-durando-1800-1880\/","url_meta":{"origin":33740,"position":0},"title":"Cr\u00f3nica de la beatificaci\u00f3n de Marco Antonio Durando (1800-1880)","author":"Francisco Javier Fern\u00e1ndez Chento","date":"10\/12\/2023","format":false,"excerpt":"I. Las celebraciones en Roma El rito de la beatificaci\u00f3n del Venerable Padre Marco Antonio Durando tuvo lugar en el atrio de la bas\u00edlica de San Pedro el d\u00eda 20 de octubre del a\u00f1o 2002. En aquella misma celebraci\u00f3n fueron beatificados tambi\u00e9n los Siervos de Dios Daudi Okelo y Jildo\u2026","rel":"","context":"En \u00abMarco Antonio Durando\u00bb","block_context":{"text":"Marco Antonio Durando","link":"https:\/\/vincentians.com\/es\/category\/la-familia-vicenciana\/la-familia-vicenciana-en-los-altares\/beatos\/marco-antonio-durando\/"},"img":{"alt_text":"","src":"https:\/\/i0.wp.com\/vincentians.com\/es\/wp-content\/uploads\/sites\/11\/2016\/08\/cofradias-de-caridad.jpg?fit=1200%2C630&ssl=1&resize=350%2C200","width":350,"height":200,"srcset":"https:\/\/i0.wp.com\/vincentians.com\/es\/wp-content\/uploads\/sites\/11\/2016\/08\/cofradias-de-caridad.jpg?fit=1200%2C630&ssl=1&resize=350%2C200 1x, https:\/\/i0.wp.com\/vincentians.com\/es\/wp-content\/uploads\/sites\/11\/2016\/08\/cofradias-de-caridad.jpg?fit=1200%2C630&ssl=1&resize=525%2C300 1.5x, https:\/\/i0.wp.com\/vincentians.com\/es\/wp-content\/uploads\/sites\/11\/2016\/08\/cofradias-de-caridad.jpg?fit=1200%2C630&ssl=1&resize=700%2C400 2x, https:\/\/i0.wp.com\/vincentians.com\/es\/wp-content\/uploads\/sites\/11\/2016\/08\/cofradias-de-caridad.jpg?fit=1200%2C630&ssl=1&resize=1050%2C600 3x"},"classes":[]},{"id":49312,"url":"https:\/\/vincentians.com\/es\/triple-invitacion-del-beato-marco-antonio-durando-a-la-provincia-de-turin-y-a-la-familia-vicenciana\/","url_meta":{"origin":33740,"position":1},"title":"Triple invitaci\u00f3n del Beato Marco Antonio Durando a la Provincia de Tur\u00edn y a la Familia Vicenciana","author":"Francisco Javier Fern\u00e1ndez Chento","date":"06\/09\/2011","format":false,"excerpt":"1. A reavivar la espiritualidad de San Vicente de Pa\u00fal Si, gracias a la presencia de los \"Se\u00f1ores de la Misi\u00f3n\" en la peque\u00f1a poblaci\u00f3n de Mondov\u00ec, donde naci\u00f3 el P. Marco Antonio Durando, \u00e9ste decidi\u00f3 entrar en la Congregaci\u00f3n, para realizar su deseo de ir como misionero a China,\u2026","rel":"","context":"En \u00abMarco Antonio Durando\u00bb","block_context":{"text":"Marco Antonio Durando","link":"https:\/\/vincentians.com\/es\/category\/la-familia-vicenciana\/la-familia-vicenciana-en-los-altares\/beatos\/marco-antonio-durando\/"},"img":{"alt_text":"Marco Antonio Durando","src":"https:\/\/i0.wp.com\/vicencianos.org\/wp-content\/2011\/04\/marco_antonio_durando-242x300.jpg?resize=350%2C200","width":350,"height":200},"classes":[]},{"id":2326,"url":"https:\/\/vincentians.com\/es\/beato-marco-antonio-durando\/","url_meta":{"origin":33740,"position":2},"title":"Beato Marco Antonio Durando","author":"Francisco Javier Fern\u00e1ndez Chento","date":"10\/12\/2024","format":false,"excerpt":"Hoy la Familia Vicenciana y la Iglesia celebra la memoria del Beato Marco Antonio Durando. Que sus virtudes animen a todos los Padres Pa\u00fales (y a todos los misioneros en general) a vivir entusiasmadamente su vocaci\u00f3n. Marco Antonio naci\u00f3 el 22 de mayo de 1801, en Mondov\u00ed, en la ilustre\u2026","rel":"","context":"En \u00abMarco Antonio Durando\u00bb","block_context":{"text":"Marco Antonio Durando","link":"https:\/\/vincentians.com\/es\/category\/la-familia-vicenciana\/la-familia-vicenciana-en-los-altares\/beatos\/marco-antonio-durando\/"},"img":{"alt_text":"","src":"","width":0,"height":0},"classes":[]},{"id":39407,"url":"https:\/\/vincentians.com\/es\/breve-biografia-del-beato-marco-antonio-durando\/","url_meta":{"origin":33740,"position":3},"title":"Breve biograf\u00eda del Beato Marco Antonio Durando","author":"Francisco Javier Fern\u00e1ndez Chento","date":"10\/12\/2024","format":false,"excerpt":"1. La familia: infancia y juventud Los Durando eran una familia honorable y holgada de Mondov\u00ec, en la que, de diez hijos tra\u00eddos al mundo, ocho llegaron a la madurez. Marco Antonio naci\u00f3 el 22 de mayo de 1801. En el ambiente familiar se respiraban los aires de un liberalismo\u2026","rel":"","context":"En \u00abMarco Antonio Durando\u00bb","block_context":{"text":"Marco Antonio Durando","link":"https:\/\/vincentians.com\/es\/category\/la-familia-vicenciana\/la-familia-vicenciana-en-los-altares\/beatos\/marco-antonio-durando\/"},"img":{"alt_text":"","src":"https:\/\/i0.wp.com\/vincentians.com\/es\/wp-content\/uploads\/sites\/11\/2016\/09\/ojos-jesucristo.jpg?fit=1200%2C630&ssl=1&resize=350%2C200","width":350,"height":200,"srcset":"https:\/\/i0.wp.com\/vincentians.com\/es\/wp-content\/uploads\/sites\/11\/2016\/09\/ojos-jesucristo.jpg?fit=1200%2C630&ssl=1&resize=350%2C200 1x, https:\/\/i0.wp.com\/vincentians.com\/es\/wp-content\/uploads\/sites\/11\/2016\/09\/ojos-jesucristo.jpg?fit=1200%2C630&ssl=1&resize=525%2C300 1.5x, https:\/\/i0.wp.com\/vincentians.com\/es\/wp-content\/uploads\/sites\/11\/2016\/09\/ojos-jesucristo.jpg?fit=1200%2C630&ssl=1&resize=700%2C400 2x, https:\/\/i0.wp.com\/vincentians.com\/es\/wp-content\/uploads\/sites\/11\/2016\/09\/ojos-jesucristo.jpg?fit=1200%2C630&ssl=1&resize=1050%2C600 3x"},"classes":[]},{"id":53837,"url":"https:\/\/vincentians.com\/es\/decreto-sobre-las-virtudes-de-marco-antonio-durando\/","url_meta":{"origin":33740,"position":4},"title":"Decreto sobre las virtudes de Marco Antonio Durando","author":"Francisco Javier Fern\u00e1ndez Chento","date":"20\/10\/2011","format":false,"excerpt":"Marco Antonio Durando : Decreto sobre las virtudes CONGREGACI\u00d3N PARA LAS CAUSAS DE LOS SANTOS Tur\u00edn Beatificaci\u00f3n y canonizaci\u00f3n del Siervo de Dios MARCO ANTONIO DURANDO Sacerdote de la Congregaci\u00f3n de la Misi\u00f3n de San Vicente de Pa\u00fal, fundador del instituto de Hermanas de Jes\u00fas Nazareno (1801-1880) DECRETO SOBRE LAS\u2026","rel":"","context":"En \u00abMarco Antonio Durando\u00bb","block_context":{"text":"Marco Antonio Durando","link":"https:\/\/vincentians.com\/es\/category\/la-familia-vicenciana\/la-familia-vicenciana-en-los-altares\/beatos\/marco-antonio-durando\/"},"img":{"alt_text":"","src":"https:\/\/i0.wp.com\/vicencianos.org\/wp-content\/2009\/12\/MarcoAntonioDurando.jpg?resize=350%2C200","width":350,"height":200},"classes":[]},{"id":22788,"url":"https:\/\/vincentians.com\/es\/tal-dia-como-hoy-10-de-diciembre\/","url_meta":{"origin":33740,"position":5},"title":"Tal d\u00eda como hoy: 10 de diciembre","author":"Francisco Javier Fern\u00e1ndez Chento","date":"10\/12\/2016","format":false,"excerpt":"1656. Carta de Vicente de Pa\u00fal a un hermano coadjutor que dice haber recibido de Dios gracias que comunicar a los dem\u00e1s y que pretende dedicarse a la predicaci\u00f3n. Vicente le responde que se trata de una sugesti\u00f3n del esp\u00edritu maligno y le dice que, si desea tener una vida\u2026","rel":"","context":"En \u00abEfem\u00e9rides Vicencianas\u00bb","block_context":{"text":"Efem\u00e9rides Vicencianas","link":"https:\/\/vincentians.com\/es\/category\/historia-de-la-familia-vicenciana\/efemerides-vicencianas\/"},"img":{"alt_text":"","src":"https:\/\/i0.wp.com\/vincentians.com\/es\/wp-content\/uploads\/sites\/11\/2016\/07\/ephemerides-fb.jpg?fit=1200%2C630&ssl=1&resize=350%2C200","width":350,"height":200,"srcset":"https:\/\/i0.wp.com\/vincentians.com\/es\/wp-content\/uploads\/sites\/11\/2016\/07\/ephemerides-fb.jpg?fit=1200%2C630&ssl=1&resize=350%2C200 1x, https:\/\/i0.wp.com\/vincentians.com\/es\/wp-content\/uploads\/sites\/11\/2016\/07\/ephemerides-fb.jpg?fit=1200%2C630&ssl=1&resize=525%2C300 1.5x, https:\/\/i0.wp.com\/vincentians.com\/es\/wp-content\/uploads\/sites\/11\/2016\/07\/ephemerides-fb.jpg?fit=1200%2C630&ssl=1&resize=700%2C400 2x, https:\/\/i0.wp.com\/vincentians.com\/es\/wp-content\/uploads\/sites\/11\/2016\/07\/ephemerides-fb.jpg?fit=1200%2C630&ssl=1&resize=1050%2C600 3x"},"classes":[]}],"_links":{"self":[{"href":"https:\/\/vincentians.com\/es\/wp-json\/wp\/v2\/posts\/33740","targetHints":{"allow":["GET"]}}],"collection":[{"href":"https:\/\/vincentians.com\/es\/wp-json\/wp\/v2\/posts"}],"about":[{"href":"https:\/\/vincentians.com\/es\/wp-json\/wp\/v2\/types\/post"}],"author":[{"embeddable":true,"href":"https:\/\/vincentians.com\/es\/wp-json\/wp\/v2\/users\/4"}],"replies":[{"embeddable":true,"href":"https:\/\/vincentians.com\/es\/wp-json\/wp\/v2\/comments?post=33740"}],"version-history":[{"count":0,"href":"https:\/\/vincentians.com\/es\/wp-json\/wp\/v2\/posts\/33740\/revisions"}],"wp:featuredmedia":[{"embeddable":true,"href":"https:\/\/vincentians.com\/es\/wp-json\/"}],"wp:attachment":[{"href":"https:\/\/vincentians.com\/es\/wp-json\/wp\/v2\/media?parent=33740"}],"wp:term":[{"taxonomy":"category","embeddable":true,"href":"https:\/\/vincentians.com\/es\/wp-json\/wp\/v2\/categories?post=33740"},{"taxonomy":"post_tag","embeddable":true,"href":"https:\/\/vincentians.com\/es\/wp-json\/wp\/v2\/tags?post=33740"}],"curies":[{"name":"wp","href":"https:\/\/api.w.org\/{rel}","templated":true}]}}