{"id":32871,"date":"2022-11-17T08:51:07","date_gmt":"2022-11-17T07:51:07","guid":{"rendered":"http:\/\/somos.vicencianos.org\/blog\/2011\/04\/espiritualidad-vicenciana-bienes\/"},"modified":"2022-08-09T21:58:48","modified_gmt":"2022-08-09T19:58:48","slug":"espiritualidad-vicenciana-bienes","status":"publish","type":"post","link":"https:\/\/vincentians.com\/es\/espiritualidad-vicenciana-bienes\/","title":{"rendered":"Espiritualidad vicenciana: Bienes"},"content":{"rendered":"<h2>1. Estructura econ\u00f3mica de la Francia del s. XVII<\/h2>\n<p>El se\u00f1or Vicente lo dec\u00eda a sus misioneros pa\u00adra animarles a dedicarse con intensidad a los tra\u00adbajos propios de su vocaci\u00f3n, pero de paso describ\u00eda sin pretenderlo la realidad de la estructura econ\u00f3mica de la Francia de su tiempo: <em>\u00abVivimos del sudor de los pobres\u2026 Los pobres nos ali\u00admentan; pobres vi\u00f1adores que nos dan su traba\u00adjo, que se fatigan para alimentarnos\u00bb <\/em>(XI, 120- 121). Los pobres de que habla aqu\u00ed san Vicen\u00adte no son los muy numerosos mendigos de Pa\u00adr\u00eds, sino los pobres \u00abcampesinos\u00bb. De un total de unos 19 millones de habitantes, alrededor de 15 millones viv\u00edan en el campo y trabajaban la tierra. Toda la estructura econ\u00f3mica y social de la \u00abbue\u00adna\u00bb sociedad francesa, burgues\u00eda, nobleza, igle\u00adsia, monarqu\u00eda, encontraban su base y su sus\u00adtento en el trabajo de los campesinos; y de los artesanos, de los que hab\u00eda de uno a dos millo\u00adnes. Aunque se daban ya en aquellos tiempos al\u00adgunos comienzos de producci\u00f3n industrial, sobre todo textil, y una actividad financiera y comercial de cierta importancia, la econom\u00eda nacional ten\u00eda fundamentalmente una base agr\u00edcola. De mane\u00adra que las fluctuaciones en el rendimiento anual de las cosechas influ\u00edan poderosamente en el bie\u00adnestar de todos los estratos de la escala social, y aun en las posibilidades de la pol\u00edtica nacional e internacional de Francia.<\/p>\n<p>En su conjunto, el campesinado pose\u00eda en propiedad menos de la mitad de la tierra. El res\u00adto pertenec\u00eda a los grandes poderes sociales, mo\u00adnarqu\u00eda, nobleza, iglesia y, ya en tiempos de san Vicente, a la burgues\u00eda emergente. A trav\u00e9s de diversos sistemas de recaudaci\u00f3n, mayormente todav\u00eda feudales en aquel tiempo, los grandes poderes sociales extra\u00edan del trabajo de los cam\u00adpesinos hasta un treinta por ciento de su pro\u00adducci\u00f3n, e incluso m\u00e1s. El campesino que con\u00adsegu\u00eda guardar para s\u00ed y para su familia algo m\u00e1s de la mitad de su producci\u00f3n pod\u00eda darse por sa\u00adtisfecho. Del trabajo de los campesinos extra\u00edan beneficios su comunidad local, su iglesia parro\u00adquial, el \u00abse\u00f1or\u00bb, si lo hab\u00eda (lo hab\u00eda en casi to\u00addos los rincones de Francia) y, por fin, el rey a tra\u00adv\u00e9s de diversos impuestos y contribuciones. La sociedad francesa, y tambi\u00e9n la congregaci\u00f3n del se\u00f1or Vicente, viv\u00edan ciertamente <em>\u00abdel sudor de los pobres\u00bb. <\/em><\/p>\n<p>Siempre hab\u00eda sido as\u00ed en la sociedad feudal, y lo segu\u00eda siendo en tiempo de san Vicente. S\u00f3\u00adlo que en este tiempo empeoraron las cosas pa\u00adra la poblaci\u00f3n campesina. Empeoraron en ge\u00adneral los rendimientos anuales de las cosechas por las condiciones climatol\u00f3gicas adversas, una sucesi\u00f3n de inviernos muy fr\u00edos y veranos h\u00fa\u00admedos, hasta el punto de que los historiadores pueden hablar de una \u00abpeque\u00f1a edad glacial\u00bb. Empeor\u00f3 el poder adquisitivo de la poblaci\u00f3n ru\u00adral por el alza sostenida de los precios a lo largo de la primera mitad del siglo. S\u00f3lo el campesino pudiente que ten\u00eda para vender en el mercado excedente de producci\u00f3n se beneficiaba de ello, pero no el campesino modesto que justamente reten\u00eda de su cosecha lo necesario para sobrevi\u00advir. Las deudas en que incurr\u00eda con facilidad se sal\u00addaban con frecuencia con la venta o la expropia\u00adci\u00f3n de sus escasas posesiones, con los efectos consiguientes de pauperizaci\u00f3n y emigraci\u00f3n a las ciudades. Empeoraron tambi\u00e9n, porque au\u00admentaron vertiginosamente, los impuestos de origen real: 31 millones de libras en 1620; 85 en 1639; 118 en 1641, un aumento de casi un 40091) en s\u00f3lo veinte a\u00f1os. Buena parte de la subida de impuestos se debi\u00f3 a la necesidad de financiar las guerras internacionales en que Richelieu y Ma\u00adzarino embarcaron a Francia bajo los reinados de Luis XIII y Luis XIV.<\/p>\n<div>\n<h2>2. Estructura econ\u00f3mica de las obras vicencianas<\/h2>\n<\/div>\n<p>De las tres grandes instituciones de san Vi\u00adcente s\u00f3lo la Congregaci\u00f3n de la Misi\u00f3n bas\u00f3 su infraestructura econ\u00f3mica en los modos caracte\u00adr\u00edsticos de su tiempo. Las actividades de las otras dos, Cofrad\u00edas parroquiales de Caridad e Hijas de la Caridad, se financiaban con otros medios: apor\u00adtaciones voluntarias, las Cofrad\u00edas; aportaciones voluntarias y salarios de organismos p\u00fablicos, so\u00adbre todo \u00e9stos, las Hijas de la Caridad. Desde que san Vicente se traslad\u00f3 a San L\u00e1zaro a prin\u00adcipios de 1632 su congregaci\u00f3n se incrust\u00f3 de lle\u00adno en la estructura econ\u00f3mica predominante en su tiempo; semi-feudal a\u00fan, por un lado, por la po\u00adsesi\u00f3n de tierras y percepci\u00f3n de rentas agr\u00edco\u00adlas; por otro, participaci\u00f3n en una econom\u00eda inci\u00adpiente de comercio y servicios (tal las rentas de l\u00edneas de transporte de viajeros), y en la percep\u00adci\u00f3n de impuestos. Estos dos \u00faltimos fueron sis\u00adtemas de importancia menor en la financiaci\u00f3n de las actividades de la congregaci\u00f3n del se\u00f1or Vicente. Como suced\u00eda en el conjunto de la econom\u00eda de Francia, tambi\u00e9n la econom\u00eda de la Congregaci\u00f3n de la Misi\u00f3n se basaba funda\u00admentalmente en la producci\u00f3n agr\u00edcola.<\/p>\n<p>As\u00ed fue desde el origen mismo de la Congre\u00adgaci\u00f3n de la Misi\u00f3n. El capital de 45. 000 libras que los Gondi pon\u00edan en manos de san Vicente podr\u00eda ser invertido, seg\u00fan los t\u00e9rminos del contrato, bien en \u00abfondos de tierra\u00bb, bien en \u00abrentas cons\u00adtituidas\u00bb (X, 239). San Vicente prefer\u00eda lo primero, pues ten\u00eda observado que <em>\u00abel precio de las cosas se dobla al menos cada cincuenta a\u00f1os\u00bb <\/em>(I, 409), lo que implicaba de hecho una fuerte depreciaci\u00f3n de las rentas en met\u00e1lico. S\u00f3lo unos diez a\u00f1os des\u00adpu\u00e9s de su muerte en 1660 cambiaron las cosas a favor de las rentas monetarias como conse\u00adcuencia de una deflaci\u00f3n sostenida. No se sabe en qu\u00e9 invirti\u00f3 san Vicente las 45.000 libras de la fundaci\u00f3n, pero s\u00f3lo siete a\u00f1os despu\u00e9s la do\u00adnaci\u00f3n del priorato de San L\u00e1zaro y sus vastas po\u00adsesiones convirti\u00f3 de golpe a la congregaci\u00f3n del se\u00f1or Vicente en una instituci\u00f3n con estructura econ\u00f3mica b\u00e1sicamente feudal.<\/p>\n<p>No del todo, sin embargo, pues la existencia en su congregaci\u00f3n de hermanos legos hac\u00eda po\u00adsible el cultivo directo por su propia gente de las tierras de la comunidad. Esto se aplic\u00f3 en parti\u00adcular a las treinta hect\u00e1reas incluidas dentro de los muros del priorato. En cuanto al resto de sus posesiones, varios cientos de hect\u00e1reas en di\u00adversos lugares, san Vicente pareci\u00f3 fluctuar a lo largo de los a\u00f1os sobre la mejor manera de ase\u00adgurar un rendimiento \u00f3ptimo. Aunque hubiera preferido sin duda el sistema de cultivo directo, si ello hubiera sido posible (IV, 311), para la ma\u00adyor parte de sus posesiones se tuvo que atener al sistema com\u00fan de los propietarios absentis\u00adtas, muy numerosos en aquel tiempo sobre todo entre la burgues\u00eda de Par\u00eds: el arrendamiento a tiempo determinado y a renta fija. A veces mos\u00adtr\u00f3 su preferencia por este sistema que, aunque no tan productivo, distra\u00eda menos a los misione\u00adros de los trabajos propios de su vocaci\u00f3n (VI, 558- 559; VI 11, 291).<\/p>\n<div>\n<h2>3. Comportamiento vicenciano<\/h2>\n<\/div>\n<p>San Vicente se mostr\u00f3 siempre propietario cuidadoso. Tal vez la palabra \u00abpropietario\u00bb no sea la m\u00e1s adecuada en este caso, pues ten\u00eda una con\u00adciencia muy aguda de que los bienes de su con\u00adgregaci\u00f3n eran <em>\u00abpatrimonio de Jesucristo hecho con el sudor de los pobres\u00bb, <\/em>conciencia que ha\u00adc\u00eda, de \u00e9l y de su congregaci\u00f3n, meros adminis\u00adtradores de unos bienes de cuyo buen uso y ma\u00adnejo ten\u00edan que responder ante Dios (XI, 723). Exig\u00eda de sus misioneros una cuidadosa admi\u00adnistraci\u00f3n; repetidas veces mostr\u00f3 su desagrado cuando tomaban decisiones econ\u00f3micas de cier\u00adta importancia sin contar con \u00e9l (IV, 311). Propie\u00adtario cuidadoso y por ello mismo preocupado por el buen rendimiento de sus propiedades; pero en ning\u00fan caso exigente hasta el punto de conver\u00adtirse en explotador de sus arrendatarios. Tal vez el sistema de arrendamiento fuera explotador en s\u00ed mismo, y lo fue sin duda y cruelmente en ma\u00adnos de parte de la nobleza y de la burgues\u00eda te\u00adrrateniente de aquel tiempo. Pero en cuanto a san Vicente mismo, en su correspondencia apa\u00adrecen testimonios de su sentido de la equidad, y aun de su generosidad, con los campesinos que trabajaban sus tierras. Aunque el comportamien\u00adto real de san Vicente con sus \u00abcolonos\u00bb y arren\u00addatarios deber\u00eda ser algo m\u00e1s matizado sobre la base de numerosos testimonios de su corres\u00adpondencia (ver, por ej., VI, 281 junto con VIII, 9-10), no exagera Abelly ni se deja llevar del entusias\u00admo hagiogr\u00e1fico cuando resume de la siguiente manera el comportamiento de san Vicente en re\u00adlaci\u00f3n a los arrendatarios deudores: san Vicente prefer\u00eda, dice Abelly, \u00ab<em>darles nuevos anticipos y ponerse en peligro de perder todo antes que usar con ellos el rigor de la justicia<\/em>\u00bb (libro III, cap. XI, sec I).<\/p>\n<div>\n<h2>4. Fuentes de financiaci\u00f3n<\/h2>\n<\/div>\n<p>Aunque las rentas de la tierra y el cultivo di\u00adrecto constituyeron, como se observ\u00f3 arriba, la base fundamental del sostenimiento de los mi\u00adsioneros del se\u00f1or Vicente y de sus obras, tuvo su congregaci\u00f3n tambi\u00e9n otras fuentes variadas de financiaci\u00f3n, entre las que destacamos: ren\u00adtas de beneficios eclesi\u00e1sticos, rentas de capital en dinero, rentas de casas de alquiler, beneficios y rentas de algunos negocios (por ejemplo, de l\u00ed\u00adneas de coches), impuestos (sobre la sal, el vi\u00adno\u2026), ganancias derivadas de oficios civiles, en particular de dos consulados franceses en T\u00fanez y Argel. Esta enumeraci\u00f3n no deber\u00eda producir la impresi\u00f3n de que la congregaci\u00f3n del se\u00f1or Vi\u00adcente nadaba en la abundancia. El caso era m\u00e1s bien el contrario.<\/p>\n<div>\n<h2>5. Cargas y gastos<\/h2>\n<\/div>\n<p>Las cargas y gastos a los que ten\u00eda que res\u00adponder superaban con frecuencia a los ingresos, sobre todo en los a\u00f1os de cosechas pobres. Al d\u00e9ficit resultante respond\u00eda el se\u00f1or Vicente con frecuencia con una reducci\u00f3n, a veces dr\u00e1stica, en los gastos de alimentaci\u00f3n de su numerosa co\u00admunidad (XI 574). La propiedad misma de San L\u00e1zaro, la propiedad r\u00fastica m\u00e1s apetecible que quedaba al borde mismo de la ciudad de Par\u00eds, te\u00adn\u00eda que soportar, por ejemplo, la pesada carga de alojar y alimentar gratis a las numerosas tandas de ordenandos de la di\u00f3cesis de Par\u00eds. En 1657 \u2013llevaba ya en posesi\u00f3n del priorato 25 a\u00f1os\u2013 es\u00adcrib\u00eda lo siguiente: <em>\u00abEsta casa est\u00e1 casi aplasta\u00adda por sus propias necesidades; nos encontra\u00admos con frecuencia tan escasos que no tenemos con qu\u00e9 pagar en el mercado, y no sabemos d\u00f3n\u00adde pedir para pagar lo que debemos\u00bb <\/em>(VI, 559). Esto escrib\u00eda para excusarse de ayudar al padre necesitado de un miembro de su congregaci\u00f3n, ayuda que san Vicente ense\u00f1\u00f3 a sus misioneros ser obligatoria (XI, 653). Pero a\u00fan le debi\u00f3 de re\u00adsultar m\u00e1s dolorosa su incapacidad para pagar una fuerte suma de rescate por un miembro de su propia congregaci\u00f3n, c\u00f3nsul en Argel y en\u00adcarcelado por las autoridades locales. Su con\u00adgregaci\u00f3n no pod\u00eda ni so\u00f1ar en pedir en Par\u00eds esa suma en pr\u00e9stamo, <em>\u00abporque todo el mundo sa\u00adbe que est\u00e1 cargada de deudas por todas partes, y adem\u00e1s no puede endeudarse a\u00fan m\u00e1s sin pe\u00adligro de sucumbir\u00bb <\/em>(VI, 559).<\/p>\n<div>\n<h2>6. Posesi\u00f3n de bienes y pervivencia<\/h2>\n<\/div>\n<p>No s\u00f3lo las deudas pod\u00edan poner a su con\u00adgregaci\u00f3n en peligro de sucumbir. La misma po\u00adsesi\u00f3n de tantas propiedades era en s\u00ed misma m\u00e1s peligrosa que las deudas. Por de pronto san Vicente admite paladinamente, en las Reglas que escribi\u00f3 para sus misioneros, que la propie\u00addad de bienes imped\u00eda a su congregaci\u00f3n, fundada para imitar a Jesucristo, practicar la pobreza tal como la practic\u00f3 y ense\u00f1\u00f3 Cristo mismo (X, 480; VII, 334; RC CM III, 2). Ahora bien, la misma mi\u00adsi\u00f3n que le hab\u00eda se\u00f1alado Jesucristo forzaba a la congregaci\u00f3n del se\u00f1or Vicente a tener pro\u00adpiedades de que vivir, pues todos los trabajos de la congregaci\u00f3n, por estar dirigidos a los pobres, deb\u00edan hacerse gratis (IV, 446). De algo, sin em\u00adbargo, ten\u00edan que vivir los misioneros. Excluido en principio el cobro por sus ministerios, no les que\u00addaba m\u00e1s remedio que vivir de las rentas de sus propiedades. San Vicente ve\u00eda con toda lucidez los peligros pr\u00e1cticos de tal situaci\u00f3n (ver, por ej. V1, 475-476); luch\u00f3 con fuerza por evitar que sus hombres cayeran en ellos. Pero nada pudo hacer, dadas las realidades de su tiempo, por basar el sustento y los trabajos de sus hombres en otro tipo de estructura econ\u00f3mica que la que ten\u00eda a mano. Sin duda le hubiera gustado m\u00e1s a este hombre evang\u00e9lico una congregaci\u00f3n sin propie\u00addad (VII, 334), que viviera, por ejemplo, de la per\u00adcepci\u00f3n de salarios de instituciones p\u00fablicas o privadas, cual fue el caso de su otra gran funda\u00adci\u00f3n, las Hijas de la Caridad, <em>\u00abpero a nosotros, que no recibimos nada del pueblo, nos hacen falta rentas\u00bb <\/em>(IV, 446).<\/p>\n<div>\n<h2>7. Posesi\u00f3n de bienes y esp\u00edritu de pobreza<\/h2>\n<\/div>\n<p>Muchas veces habl\u00f3 san Vicente a sus hom\u00adbres de estos temas. Ve\u00eda agudamente y le pre\u00adocupaban los peligros que la propiedad plantea\u00adba al esp\u00edritu evang\u00e9lico que deb\u00eda ser el propio de su congregaci\u00f3n. El mismo hab\u00eda conocido en su juventud la tentaci\u00f3n del deseo de tener y de poseer, y se hab\u00eda dejado arrastrar por \u00e9l. No que\u00adr\u00eda en manera alguna que la necesidad, necesidad forzada por las circunstancias hist\u00f3ricas, llevara a sus hombres a caer en la misma trampa. S\u00f3lo dos a\u00f1os escasos antes de morir, pero no por \u00fal\u00adtima vez, les advert\u00eda en tonos pat\u00e9ticos: <em>\u00abOh, Dios m\u00edo, la necesidad nos obliga a tener bienes perecederos, pero debemos dedicarnos a ellos co\u00admo D\u00edas mismo se dedica a producir y a conser\u00advar las cosas temporales y el alimento de sus criaturas, de manera que se cuida hasta de los in\u00adsectos. Pero eso no le impide sus operaciones in\u00adteriores, por las que engendra al Hijo y produce al Esp\u00edritu Santo; hace \u00e9stas y no omite las otras. As\u00ed como Dios provee de alimento a plantas, ani\u00admales y hombres, los que tienen la responsabili\u00addad en la congregaci\u00f3n deben tambi\u00e9n proveer a las necesidades de sus miembros. Hay que ha\u00adcerlo, Dios m\u00edo, pues si no, todo lo que tu provi\u00addencia nos ha dado para nuestro mantenimiento se perder\u00eda, cesar\u00eda tu servicio, y nosotros no po\u00addr\u00edamos ir a evangelizar a los pobres gratuita\u00admente. Perm\u00edtenos, Dios m\u00edo, que para que tra\u00adbajemos por tu servicio, nos dediquemos a la conservaci\u00f3n de los bienes, pero que hagamos eso sin que se contamine nuestro esp\u00edritu, ni se hiera la justicia, ni se extrav\u00eden nuestros corazo\u00adnes. Oh, Se\u00f1or, quita de la congregaci\u00f3n el de\u00adseo de acaparar\u00bb <\/em>(XI, 413).<\/p>\n<h2><strong>BIBLIOGRAF\u00cdA:<\/strong><\/h2>\n<p>Sobre la estructura econ\u00f3mica de la Francia del siglo XVII la bibliograf\u00eda es inmensa. Cualquier historia o estudio sobre la Francia cl\u00e1sica tra\u00adta el tema con detalle.<\/p>\n<p>Sobre el tema de este art\u00edculo no existen, que se\u00adpamos, m\u00e1s que los dos trabajos siguientes: J. JACQUART, La politique fonci\u00e9re de Monsieur Vincent, en Vincent de Paul, Actes du colloque international d&#8217;etudes vincentiennes. Par\u00eds 1981, Edizioni Vincenziane, Roma, pp. 129-143.- J. CORERA, Las bases econ\u00f3micas de la comunidad vicenciana, en Diez estudios vicen\u00adcianos, Ceme, Salamanca, 1983, pp. 129-157.<\/p>\n","protected":false},"excerpt":{"rendered":"<p>1. Estructura econ\u00f3mica de la Francia del s. XVII El se\u00f1or Vicente lo dec\u00eda a sus misioneros pa\u00adra animarles a dedicarse con intensidad a los tra\u00adbajos propios de su vocaci\u00f3n, pero de paso describ\u00eda sin &#8230; <a href=\"https:\/\/vincentians.com\/es\/espiritualidad-vicenciana-bienes\/\" class=\"more-link\">Read More<\/a><\/p>\n","protected":false},"author":4,"featured_media":388395,"comment_status":"open","ping_status":"open","sticky":false,"template":"","format":"standard","meta":{"jetpack_post_was_ever_published":false,"_jetpack_newsletter_access":"","_jetpack_dont_email_post_to_subs":false,"_jetpack_newsletter_tier_id":0,"_jetpack_memberships_contains_paywalled_content":false,"_jetpack_memberships_contains_paid_content":false,"footnotes":"","jetpack_publicize_message":"","jetpack_publicize_feature_enabled":true,"jetpack_social_post_already_shared":true,"jetpack_social_options":{"image_generator_settings":{"template":"highway","default_image_id":0,"font":"","enabled":false},"version":2}},"categories":[226],"tags":[218,168,119,172,143,116],"class_list":["post-32871","post","type-post","status-publish","format-standard","has-post-thumbnail","hentry","category-espiritualidad-vicenciana","tag-abelly","tag-argel","tag-gondi","tag-pobreza","tag-san-lazaro","tag-tunez"],"yoast_head":"<!-- This site is optimized with the Yoast SEO plugin v26.3 - https:\/\/yoast.com\/wordpress\/plugins\/seo\/ -->\n<title>Espiritualidad vicenciana: Bienes - Somos Vicencianos<\/title>\n<meta name=\"robots\" content=\"index, follow, max-snippet:-1, max-image-preview:large, max-video-preview:-1\" \/>\n<link rel=\"canonical\" href=\"https:\/\/vincentians.com\/es\/espiritualidad-vicenciana-bienes\/\" \/>\n<meta property=\"og:locale\" content=\"es_ES\" \/>\n<meta property=\"og:type\" content=\"article\" \/>\n<meta property=\"og:title\" content=\"Espiritualidad vicenciana: Bienes - Somos Vicencianos\" \/>\n<meta property=\"og:description\" content=\"1. Estructura econ\u00f3mica de la Francia del s. XVII El se\u00f1or Vicente lo dec\u00eda a sus misioneros pa\u00adra animarles a dedicarse con intensidad a los tra\u00adbajos propios de su vocaci\u00f3n, pero de paso describ\u00eda sin ... Read More\" \/>\n<meta property=\"og:url\" content=\"https:\/\/vincentians.com\/es\/espiritualidad-vicenciana-bienes\/\" \/>\n<meta property=\"og:site_name\" content=\"Somos Vicencianos\" \/>\n<meta property=\"article:publisher\" content=\"https:\/\/www.facebook.com\/WeAreVincentians\/\" \/>\n<meta property=\"article:author\" content=\"https:\/\/www.facebook.com\/JavierChento\" \/>\n<meta property=\"article:published_time\" content=\"2022-11-17T07:51:07+00:00\" \/>\n<meta property=\"og:image\" content=\"https:\/\/i0.wp.com\/vincentians.com\/es\/wp-content\/uploads\/sites\/11\/2016\/07\/espiritualidad-vicenciana.jpg?fit=1200%2C630&ssl=1\" \/>\n\t<meta property=\"og:image:width\" content=\"1200\" \/>\n\t<meta property=\"og:image:height\" content=\"630\" \/>\n\t<meta property=\"og:image:type\" content=\"image\/jpeg\" \/>\n<meta name=\"author\" content=\"Francisco Javier Fern\u00e1ndez Chento\" \/>\n<meta name=\"twitter:card\" content=\"summary_large_image\" \/>\n<meta name=\"twitter:creator\" content=\"@https:\/\/twitter.com\/javierchento\" \/>\n<meta name=\"twitter:site\" content=\"@WeVincentians\" \/>\n<meta name=\"twitter:label1\" content=\"Escrito por\" \/>\n\t<meta name=\"twitter:data1\" content=\"Francisco Javier Fern\u00e1ndez Chento\" \/>\n\t<meta name=\"twitter:label2\" content=\"Tiempo de lectura\" \/>\n\t<meta name=\"twitter:data2\" content=\"14 minutos\" \/>\n<script type=\"application\/ld+json\" class=\"yoast-schema-graph\">{\"@context\":\"https:\/\/schema.org\",\"@graph\":[{\"@type\":\"Article\",\"@id\":\"https:\/\/vincentians.com\/es\/espiritualidad-vicenciana-bienes\/#article\",\"isPartOf\":{\"@id\":\"https:\/\/vincentians.com\/es\/espiritualidad-vicenciana-bienes\/\"},\"author\":{\"name\":\"Francisco Javier Fern\u00e1ndez Chento\",\"@id\":\"https:\/\/vincentians.com\/es\/#\/schema\/person\/9623ef4d9aa3b2dfb8c061f1499288f2\"},\"headline\":\"Espiritualidad vicenciana: Bienes\",\"datePublished\":\"2022-11-17T07:51:07+00:00\",\"mainEntityOfPage\":{\"@id\":\"https:\/\/vincentians.com\/es\/espiritualidad-vicenciana-bienes\/\"},\"wordCount\":2738,\"commentCount\":0,\"publisher\":{\"@id\":\"https:\/\/vincentians.com\/es\/#organization\"},\"image\":{\"@id\":\"https:\/\/vincentians.com\/es\/espiritualidad-vicenciana-bienes\/#primaryimage\"},\"thumbnailUrl\":\"https:\/\/i0.wp.com\/vincentians.com\/es\/wp-content\/uploads\/sites\/11\/2016\/07\/espiritualidad-vicenciana.jpg?fit=1200%2C630&ssl=1\",\"keywords\":[\"Abelly\",\"Argel\",\"Gondi\",\"Pobreza\",\"San L\u00e1zaro\",\"T\u00fanez\"],\"articleSection\":[\"Espiritualidad vicenciana\"],\"inLanguage\":\"es\",\"potentialAction\":[{\"@type\":\"CommentAction\",\"name\":\"Comment\",\"target\":[\"https:\/\/vincentians.com\/es\/espiritualidad-vicenciana-bienes\/#respond\"]}]},{\"@type\":\"WebPage\",\"@id\":\"https:\/\/vincentians.com\/es\/espiritualidad-vicenciana-bienes\/\",\"url\":\"https:\/\/vincentians.com\/es\/espiritualidad-vicenciana-bienes\/\",\"name\":\"Espiritualidad vicenciana: Bienes - Somos Vicencianos\",\"isPartOf\":{\"@id\":\"https:\/\/vincentians.com\/es\/#website\"},\"primaryImageOfPage\":{\"@id\":\"https:\/\/vincentians.com\/es\/espiritualidad-vicenciana-bienes\/#primaryimage\"},\"image\":{\"@id\":\"https:\/\/vincentians.com\/es\/espiritualidad-vicenciana-bienes\/#primaryimage\"},\"thumbnailUrl\":\"https:\/\/i0.wp.com\/vincentians.com\/es\/wp-content\/uploads\/sites\/11\/2016\/07\/espiritualidad-vicenciana.jpg?fit=1200%2C630&ssl=1\",\"datePublished\":\"2022-11-17T07:51:07+00:00\",\"breadcrumb\":{\"@id\":\"https:\/\/vincentians.com\/es\/espiritualidad-vicenciana-bienes\/#breadcrumb\"},\"inLanguage\":\"es\",\"potentialAction\":[{\"@type\":\"ReadAction\",\"target\":[\"https:\/\/vincentians.com\/es\/espiritualidad-vicenciana-bienes\/\"]}]},{\"@type\":\"ImageObject\",\"inLanguage\":\"es\",\"@id\":\"https:\/\/vincentians.com\/es\/espiritualidad-vicenciana-bienes\/#primaryimage\",\"url\":\"https:\/\/i0.wp.com\/vincentians.com\/es\/wp-content\/uploads\/sites\/11\/2016\/07\/espiritualidad-vicenciana.jpg?fit=1200%2C630&ssl=1\",\"contentUrl\":\"https:\/\/i0.wp.com\/vincentians.com\/es\/wp-content\/uploads\/sites\/11\/2016\/07\/espiritualidad-vicenciana.jpg?fit=1200%2C630&ssl=1\",\"width\":1200,\"height\":630},{\"@type\":\"BreadcrumbList\",\"@id\":\"https:\/\/vincentians.com\/es\/espiritualidad-vicenciana-bienes\/#breadcrumb\",\"itemListElement\":[{\"@type\":\"ListItem\",\"position\":1,\"name\":\"Portada\",\"item\":\"https:\/\/vincentians.com\/es\/\"},{\"@type\":\"ListItem\",\"position\":2,\"name\":\"Espiritualidad vicenciana: Bienes\"}]},{\"@type\":\"WebSite\",\"@id\":\"https:\/\/vincentians.com\/es\/#website\",\"url\":\"https:\/\/vincentians.com\/es\/\",\"name\":\"Somos Vicencianos\",\"description\":\"Know more to serve more\",\"publisher\":{\"@id\":\"https:\/\/vincentians.com\/es\/#organization\"},\"potentialAction\":[{\"@type\":\"SearchAction\",\"target\":{\"@type\":\"EntryPoint\",\"urlTemplate\":\"https:\/\/vincentians.com\/es\/?s={search_term_string}\"},\"query-input\":{\"@type\":\"PropertyValueSpecification\",\"valueRequired\":true,\"valueName\":\"search_term_string\"}}],\"inLanguage\":\"es\"},{\"@type\":\"Organization\",\"@id\":\"https:\/\/vincentians.com\/es\/#organization\",\"name\":\"The Vincentian Network\",\"url\":\"https:\/\/vincentians.com\/es\/\",\"logo\":{\"@type\":\"ImageObject\",\"inLanguage\":\"es\",\"@id\":\"https:\/\/vincentians.com\/es\/#\/schema\/logo\/image\/\",\"url\":\"https:\/\/i1.wp.com\/vincentians.com\/es\/wp-content\/uploads\/sites\/11\/2016\/06\/Vincentian-Network-logo-big.png?fit=778%2C778\",\"contentUrl\":\"https:\/\/i1.wp.com\/vincentians.com\/es\/wp-content\/uploads\/sites\/11\/2016\/06\/Vincentian-Network-logo-big.png?fit=778%2C778\",\"width\":778,\"height\":778,\"caption\":\"The Vincentian Network\"},\"image\":{\"@id\":\"https:\/\/vincentians.com\/es\/#\/schema\/logo\/image\/\"},\"sameAs\":[\"https:\/\/www.facebook.com\/WeAreVincentians\/\",\"https:\/\/x.com\/WeVincentians\"]},{\"@type\":\"Person\",\"@id\":\"https:\/\/vincentians.com\/es\/#\/schema\/person\/9623ef4d9aa3b2dfb8c061f1499288f2\",\"name\":\"Francisco Javier Fern\u00e1ndez Chento\",\"image\":{\"@type\":\"ImageObject\",\"inLanguage\":\"es\",\"@id\":\"https:\/\/vincentians.com\/es\/#\/schema\/person\/image\/\",\"url\":\"https:\/\/secure.gravatar.com\/avatar\/497d5cde87b4c3d097d0315953521681ba2cd523ee66e5077c3711f7021e65de?s=96&d=mm&r=g\",\"contentUrl\":\"https:\/\/secure.gravatar.com\/avatar\/497d5cde87b4c3d097d0315953521681ba2cd523ee66e5077c3711f7021e65de?s=96&d=mm&r=g\",\"caption\":\"Francisco Javier Fern\u00e1ndez Chento\"},\"description\":\"Director General y cofundador de La Red de Formaci\u00f3n Vicenciana. Javier es laico vicenciano, afiliado a la Congregaci\u00f3n de la Misi\u00f3n y miembro del Equipo de Misiones Populares de la provincia can\u00f3nica de Zaragoza (Espa\u00f1a) de la Congregaci\u00f3n de la Misi\u00f3n. Graduado en la Universidad Oberta de Catalunya con cuatro grados (Asistente de direcci\u00f3n, Gesti\u00f3n Administrativa, Recursos Humanos y Contabilidad Avanzada). Bil\u00edng\u00fce Espa\u00f1ol\/Ingl\u00e9s. gestiona y mantiene varias p\u00e1ginas web cristianas y vicencianas, incluida including La Red de Formaci\u00f3n Vicenciana, de la que es cofundador. Actualmente es responsable del \u00e1rea de Espa\u00f1ol de .famvin, la Red de Noticias de la Familia Vicenciana. Tambi\u00e9n es m\u00fasico cat\u00f3lico y ha editado varios discos. Es Director General y cofundador de Trovador, una reconocida compa\u00f1\u00eda discogr\u00e1fica critiana de Espa\u00f1a. Trabaja en las Tecnolog\u00edas de la Informaci\u00f3n, ofreciendo servicios de alojamiento, dise\u00f1o y mantenimiento Web, as\u00ed como asesoramiento, formaci\u00f3n y soluciones inform\u00e1ticas, gesti\u00f3n documental y digitalizaci\u00f3n de textos, edici\u00f3n y maquetaci\u00f3n de libros, revistas, flyers, etc.\",\"sameAs\":[\"http:\/\/chento.org\",\"https:\/\/www.facebook.com\/JavierChento\",\"https:\/\/x.com\/https:\/\/twitter.com\/javierchento\"],\"url\":\"https:\/\/vincentians.com\/es\/author\/chento\/\"}]}<\/script>\n<!-- \/ Yoast SEO plugin. -->","yoast_head_json":{"title":"Espiritualidad vicenciana: Bienes - Somos Vicencianos","robots":{"index":"index","follow":"follow","max-snippet":"max-snippet:-1","max-image-preview":"max-image-preview:large","max-video-preview":"max-video-preview:-1"},"canonical":"https:\/\/vincentians.com\/es\/espiritualidad-vicenciana-bienes\/","og_locale":"es_ES","og_type":"article","og_title":"Espiritualidad vicenciana: Bienes - Somos Vicencianos","og_description":"1. Estructura econ\u00f3mica de la Francia del s. XVII El se\u00f1or Vicente lo dec\u00eda a sus misioneros pa\u00adra animarles a dedicarse con intensidad a los tra\u00adbajos propios de su vocaci\u00f3n, pero de paso describ\u00eda sin ... Read More","og_url":"https:\/\/vincentians.com\/es\/espiritualidad-vicenciana-bienes\/","og_site_name":"Somos Vicencianos","article_publisher":"https:\/\/www.facebook.com\/WeAreVincentians\/","article_author":"https:\/\/www.facebook.com\/JavierChento","article_published_time":"2022-11-17T07:51:07+00:00","og_image":[{"width":1200,"height":630,"url":"https:\/\/i0.wp.com\/vincentians.com\/es\/wp-content\/uploads\/sites\/11\/2016\/07\/espiritualidad-vicenciana.jpg?fit=1200%2C630&ssl=1","type":"image\/jpeg"}],"author":"Francisco Javier Fern\u00e1ndez Chento","twitter_card":"summary_large_image","twitter_creator":"@https:\/\/twitter.com\/javierchento","twitter_site":"@WeVincentians","twitter_misc":{"Escrito por":"Francisco Javier Fern\u00e1ndez Chento","Tiempo de lectura":"14 minutos"},"schema":{"@context":"https:\/\/schema.org","@graph":[{"@type":"Article","@id":"https:\/\/vincentians.com\/es\/espiritualidad-vicenciana-bienes\/#article","isPartOf":{"@id":"https:\/\/vincentians.com\/es\/espiritualidad-vicenciana-bienes\/"},"author":{"name":"Francisco Javier Fern\u00e1ndez Chento","@id":"https:\/\/vincentians.com\/es\/#\/schema\/person\/9623ef4d9aa3b2dfb8c061f1499288f2"},"headline":"Espiritualidad vicenciana: Bienes","datePublished":"2022-11-17T07:51:07+00:00","mainEntityOfPage":{"@id":"https:\/\/vincentians.com\/es\/espiritualidad-vicenciana-bienes\/"},"wordCount":2738,"commentCount":0,"publisher":{"@id":"https:\/\/vincentians.com\/es\/#organization"},"image":{"@id":"https:\/\/vincentians.com\/es\/espiritualidad-vicenciana-bienes\/#primaryimage"},"thumbnailUrl":"https:\/\/i0.wp.com\/vincentians.com\/es\/wp-content\/uploads\/sites\/11\/2016\/07\/espiritualidad-vicenciana.jpg?fit=1200%2C630&ssl=1","keywords":["Abelly","Argel","Gondi","Pobreza","San L\u00e1zaro","T\u00fanez"],"articleSection":["Espiritualidad vicenciana"],"inLanguage":"es","potentialAction":[{"@type":"CommentAction","name":"Comment","target":["https:\/\/vincentians.com\/es\/espiritualidad-vicenciana-bienes\/#respond"]}]},{"@type":"WebPage","@id":"https:\/\/vincentians.com\/es\/espiritualidad-vicenciana-bienes\/","url":"https:\/\/vincentians.com\/es\/espiritualidad-vicenciana-bienes\/","name":"Espiritualidad vicenciana: Bienes - Somos Vicencianos","isPartOf":{"@id":"https:\/\/vincentians.com\/es\/#website"},"primaryImageOfPage":{"@id":"https:\/\/vincentians.com\/es\/espiritualidad-vicenciana-bienes\/#primaryimage"},"image":{"@id":"https:\/\/vincentians.com\/es\/espiritualidad-vicenciana-bienes\/#primaryimage"},"thumbnailUrl":"https:\/\/i0.wp.com\/vincentians.com\/es\/wp-content\/uploads\/sites\/11\/2016\/07\/espiritualidad-vicenciana.jpg?fit=1200%2C630&ssl=1","datePublished":"2022-11-17T07:51:07+00:00","breadcrumb":{"@id":"https:\/\/vincentians.com\/es\/espiritualidad-vicenciana-bienes\/#breadcrumb"},"inLanguage":"es","potentialAction":[{"@type":"ReadAction","target":["https:\/\/vincentians.com\/es\/espiritualidad-vicenciana-bienes\/"]}]},{"@type":"ImageObject","inLanguage":"es","@id":"https:\/\/vincentians.com\/es\/espiritualidad-vicenciana-bienes\/#primaryimage","url":"https:\/\/i0.wp.com\/vincentians.com\/es\/wp-content\/uploads\/sites\/11\/2016\/07\/espiritualidad-vicenciana.jpg?fit=1200%2C630&ssl=1","contentUrl":"https:\/\/i0.wp.com\/vincentians.com\/es\/wp-content\/uploads\/sites\/11\/2016\/07\/espiritualidad-vicenciana.jpg?fit=1200%2C630&ssl=1","width":1200,"height":630},{"@type":"BreadcrumbList","@id":"https:\/\/vincentians.com\/es\/espiritualidad-vicenciana-bienes\/#breadcrumb","itemListElement":[{"@type":"ListItem","position":1,"name":"Portada","item":"https:\/\/vincentians.com\/es\/"},{"@type":"ListItem","position":2,"name":"Espiritualidad vicenciana: Bienes"}]},{"@type":"WebSite","@id":"https:\/\/vincentians.com\/es\/#website","url":"https:\/\/vincentians.com\/es\/","name":"Somos Vicencianos","description":"Know more to serve more","publisher":{"@id":"https:\/\/vincentians.com\/es\/#organization"},"potentialAction":[{"@type":"SearchAction","target":{"@type":"EntryPoint","urlTemplate":"https:\/\/vincentians.com\/es\/?s={search_term_string}"},"query-input":{"@type":"PropertyValueSpecification","valueRequired":true,"valueName":"search_term_string"}}],"inLanguage":"es"},{"@type":"Organization","@id":"https:\/\/vincentians.com\/es\/#organization","name":"The Vincentian Network","url":"https:\/\/vincentians.com\/es\/","logo":{"@type":"ImageObject","inLanguage":"es","@id":"https:\/\/vincentians.com\/es\/#\/schema\/logo\/image\/","url":"https:\/\/i1.wp.com\/vincentians.com\/es\/wp-content\/uploads\/sites\/11\/2016\/06\/Vincentian-Network-logo-big.png?fit=778%2C778","contentUrl":"https:\/\/i1.wp.com\/vincentians.com\/es\/wp-content\/uploads\/sites\/11\/2016\/06\/Vincentian-Network-logo-big.png?fit=778%2C778","width":778,"height":778,"caption":"The Vincentian Network"},"image":{"@id":"https:\/\/vincentians.com\/es\/#\/schema\/logo\/image\/"},"sameAs":["https:\/\/www.facebook.com\/WeAreVincentians\/","https:\/\/x.com\/WeVincentians"]},{"@type":"Person","@id":"https:\/\/vincentians.com\/es\/#\/schema\/person\/9623ef4d9aa3b2dfb8c061f1499288f2","name":"Francisco Javier Fern\u00e1ndez Chento","image":{"@type":"ImageObject","inLanguage":"es","@id":"https:\/\/vincentians.com\/es\/#\/schema\/person\/image\/","url":"https:\/\/secure.gravatar.com\/avatar\/497d5cde87b4c3d097d0315953521681ba2cd523ee66e5077c3711f7021e65de?s=96&d=mm&r=g","contentUrl":"https:\/\/secure.gravatar.com\/avatar\/497d5cde87b4c3d097d0315953521681ba2cd523ee66e5077c3711f7021e65de?s=96&d=mm&r=g","caption":"Francisco Javier Fern\u00e1ndez Chento"},"description":"Director General y cofundador de La Red de Formaci\u00f3n Vicenciana. Javier es laico vicenciano, afiliado a la Congregaci\u00f3n de la Misi\u00f3n y miembro del Equipo de Misiones Populares de la provincia can\u00f3nica de Zaragoza (Espa\u00f1a) de la Congregaci\u00f3n de la Misi\u00f3n. Graduado en la Universidad Oberta de Catalunya con cuatro grados (Asistente de direcci\u00f3n, Gesti\u00f3n Administrativa, Recursos Humanos y Contabilidad Avanzada). Bil\u00edng\u00fce Espa\u00f1ol\/Ingl\u00e9s. gestiona y mantiene varias p\u00e1ginas web cristianas y vicencianas, incluida including La Red de Formaci\u00f3n Vicenciana, de la que es cofundador. Actualmente es responsable del \u00e1rea de Espa\u00f1ol de .famvin, la Red de Noticias de la Familia Vicenciana. Tambi\u00e9n es m\u00fasico cat\u00f3lico y ha editado varios discos. Es Director General y cofundador de Trovador, una reconocida compa\u00f1\u00eda discogr\u00e1fica critiana de Espa\u00f1a. Trabaja en las Tecnolog\u00edas de la Informaci\u00f3n, ofreciendo servicios de alojamiento, dise\u00f1o y mantenimiento Web, as\u00ed como asesoramiento, formaci\u00f3n y soluciones inform\u00e1ticas, gesti\u00f3n documental y digitalizaci\u00f3n de textos, edici\u00f3n y maquetaci\u00f3n de libros, revistas, flyers, etc.","sameAs":["http:\/\/chento.org","https:\/\/www.facebook.com\/JavierChento","https:\/\/x.com\/https:\/\/twitter.com\/javierchento"],"url":"https:\/\/vincentians.com\/es\/author\/chento\/"}]}},"jetpack_publicize_connections":[],"jetpack_featured_media_url":"https:\/\/i0.wp.com\/vincentians.com\/es\/wp-content\/uploads\/sites\/11\/2016\/07\/espiritualidad-vicenciana.jpg?fit=1200%2C630&ssl=1","jetpack_sharing_enabled":true,"jetpack_shortlink":"https:\/\/wp.me\/p7ETMF-8yb","jetpack-related-posts":[{"id":398646,"url":"https:\/\/vincentians.com\/es\/aportacion-del-carisma-vicenciano-la-mision-la-iglesia-10-fin\/","url_meta":{"origin":32871,"position":0},"title":"Aportaci\u00f3n del carisma vicenciano a la Misi\u00f3n de la Iglesia (10 &#8211; Fin)","author":"Francisco Javier Fern\u00e1ndez Chento","date":"13\/08\/2016","format":false,"excerpt":"10.- La circularidad vicenciana: de Cristo a los pobres, de los pobres a Cristo. Para concluir esta reflexi\u00f3n sobre la aportaci\u00f3n del carisma vicenciano a la Misi\u00f3n de la Iglesia, me parece oportuno referirme a la \u201ccircularidad\u201d vicenciana: de Cristo a los pobres, de los pobres a Cristo. \u201cAmemos al\u2026","rel":"","context":"En \u00abFormaci\u00f3n Vicenciana\u00bb","block_context":{"text":"Formaci\u00f3n Vicenciana","link":"https:\/\/vincentians.com\/es\/category\/formacion-vicenciana\/"},"img":{"alt_text":"","src":"https:\/\/i0.wp.com\/vincentians.com\/es\/wp-content\/uploads\/sites\/11\/2016\/06\/contributions-charism.jpg?fit=1200%2C630&ssl=1&resize=350%2C200","width":350,"height":200,"srcset":"https:\/\/i0.wp.com\/vincentians.com\/es\/wp-content\/uploads\/sites\/11\/2016\/06\/contributions-charism.jpg?fit=1200%2C630&ssl=1&resize=350%2C200 1x, https:\/\/i0.wp.com\/vincentians.com\/es\/wp-content\/uploads\/sites\/11\/2016\/06\/contributions-charism.jpg?fit=1200%2C630&ssl=1&resize=525%2C300 1.5x, https:\/\/i0.wp.com\/vincentians.com\/es\/wp-content\/uploads\/sites\/11\/2016\/06\/contributions-charism.jpg?fit=1200%2C630&ssl=1&resize=700%2C400 2x, https:\/\/i0.wp.com\/vincentians.com\/es\/wp-content\/uploads\/sites\/11\/2016\/06\/contributions-charism.jpg?fit=1200%2C630&ssl=1&resize=1050%2C600 3x"},"classes":[]},{"id":140029,"url":"https:\/\/vincentians.com\/es\/aportes-vicencianos-a-la-nueva-evangelizacion-2\/","url_meta":{"origin":32871,"position":1},"title":"Aportes vicencianos a la Nueva Evangelizaci\u00f3n","author":"Francisco Javier Fern\u00e1ndez Chento","date":"19\/02\/2015","format":false,"excerpt":"Convocados por el Superior General, P. Gregory G. Gay, los misioneros de la Congregaci\u00f3n de la Misi\u00f3n celebrar\u00e1n su 42\u00aa Asamblea General, del 27 de junio al 15 de julio de 2016. El lema de la Asamblea se centra en la entra\u00f1a evangelizadora de nuestro ser y quehacer: \u201cDej\u00e9monos renovar\u2026","rel":"","context":"En \u00abEspiritualidad vicenciana\u00bb","block_context":{"text":"Espiritualidad vicenciana","link":"https:\/\/vincentians.com\/es\/category\/espiritualidad\/espiritualidad-vicenciana\/"},"img":{"alt_text":"OLYMPUS DIGITAL CAMERA","src":"https:\/\/i0.wp.com\/vicencianos.org\/wp-content\/2015\/02\/nueva-evangelizacion1-300x225.jpg?resize=350%2C200","width":350,"height":200},"classes":[]},{"id":140312,"url":"https:\/\/vincentians.com\/es\/espiritualidad-y-cambio-sistemico\/","url_meta":{"origin":32871,"position":2},"title":"Espiritualidad y cambio sist\u00e9mico","author":"Francisco Javier Fern\u00e1ndez Chento","date":"21\/02\/2015","format":false,"excerpt":"1.- M\u00e1s que una relaci\u00f3n, quisiera proponerles una breve meditaci\u00f3n... El objetivo de esta meditaci\u00f3n es redescubrir la dimensi\u00f3n espiritual contenida en la metodolog\u00eda del cambio sist\u00e9mico, que no es una estrategia de trabajo, sino una dimen\u00adsi\u00f3n espiritual, un acto de fe, que est\u00e1 en la base, si queremos vivirla\u2026","rel":"","context":"En \u00abCambio sist\u00e9mico\u00bb","block_context":{"text":"Cambio sist\u00e9mico","link":"https:\/\/vincentians.com\/es\/category\/formacion-vicenciana\/cambio-sistemico\/"},"img":{"alt_text":"manzanas_union","src":"https:\/\/i0.wp.com\/vicencianos.org\/wp-content\/2015\/02\/manzanas_union-244x300.jpg?resize=350%2C200","width":350,"height":200},"classes":[]},{"id":128402,"url":"https:\/\/vincentians.com\/es\/aportes-vicencianos-a-la-nueva-evangelizacion\/","url_meta":{"origin":32871,"position":3},"title":"Aportes vicencianos a la nueva evangelizaci\u00f3n","author":"Francisco Javier Fern\u00e1ndez Chento","date":"15\/06\/2024","format":false,"excerpt":"Introducci\u00f3n Desde hace bastante tiempo, estamos oyendo, en la Congregaci\u00f3n de la Misi\u00f3n y en muchos c\u00edrculos de la Familia Vicenciana, dos cuestiones referentes al \"ser\" y al \"quehacer\" vicencianos. Por un lado, todos estamos plenamente de acuerdo en que el carisma, el \"ser\", la identidad, el sello caracter\u00edstico de\u2026","rel":"","context":"En \u00abFormaci\u00f3n Vicenciana\u00bb","block_context":{"text":"Formaci\u00f3n Vicenciana","link":"https:\/\/vincentians.com\/es\/category\/formacion-vicenciana\/"},"img":{"alt_text":"","src":"https:\/\/i0.wp.com\/vincentians.com\/es\/wp-content\/uploads\/sites\/11\/2016\/09\/enviados-evangelizar-pobres.jpg?fit=1200%2C630&ssl=1&resize=350%2C200","width":350,"height":200,"srcset":"https:\/\/i0.wp.com\/vincentians.com\/es\/wp-content\/uploads\/sites\/11\/2016\/09\/enviados-evangelizar-pobres.jpg?fit=1200%2C630&ssl=1&resize=350%2C200 1x, https:\/\/i0.wp.com\/vincentians.com\/es\/wp-content\/uploads\/sites\/11\/2016\/09\/enviados-evangelizar-pobres.jpg?fit=1200%2C630&ssl=1&resize=525%2C300 1.5x, https:\/\/i0.wp.com\/vincentians.com\/es\/wp-content\/uploads\/sites\/11\/2016\/09\/enviados-evangelizar-pobres.jpg?fit=1200%2C630&ssl=1&resize=700%2C400 2x, https:\/\/i0.wp.com\/vincentians.com\/es\/wp-content\/uploads\/sites\/11\/2016\/09\/enviados-evangelizar-pobres.jpg?fit=1200%2C630&ssl=1&resize=1050%2C600 3x"},"classes":[]},{"id":399992,"url":"https:\/\/vincentians.com\/es\/carisma-vicenciano-la-nueva-evangelizacion-algunas-claves-vicencianas-la-evangelizacion-actual\/","url_meta":{"origin":32871,"position":4},"title":"El Carisma Vicenciano y la Nueva Evangelizaci\u00f3n: algunas claves vicencianas para la evangelizaci\u00f3n actual","author":"Francisco Javier Fern\u00e1ndez Chento","date":"16\/09\/2016","format":false,"excerpt":"Punto de partida: Confrontaci\u00f3n entre el Ser y el Quehacer Con frecuencia, en nuestros encuentros, convivencias, reuniones, asambleas... nos planteamos dos cuestiones relativas al ser y al quehacer vicencianos. Partimos de dos percepciones: por un lado, todos estamos de acuerdo en que el carisma, el ser, la identidad, el sello\u2026","rel":"","context":"En \u00abFormaci\u00f3n Vicenciana\u00bb","block_context":{"text":"Formaci\u00f3n Vicenciana","link":"https:\/\/vincentians.com\/es\/category\/formacion-vicenciana\/"},"img":{"alt_text":"","src":"https:\/\/i0.wp.com\/vincentians.com\/es\/wp-content\/uploads\/sites\/11\/2016\/09\/enviados-evangelizar-pobres.jpg?fit=1200%2C630&ssl=1&resize=350%2C200","width":350,"height":200,"srcset":"https:\/\/i0.wp.com\/vincentians.com\/es\/wp-content\/uploads\/sites\/11\/2016\/09\/enviados-evangelizar-pobres.jpg?fit=1200%2C630&ssl=1&resize=350%2C200 1x, https:\/\/i0.wp.com\/vincentians.com\/es\/wp-content\/uploads\/sites\/11\/2016\/09\/enviados-evangelizar-pobres.jpg?fit=1200%2C630&ssl=1&resize=525%2C300 1.5x, https:\/\/i0.wp.com\/vincentians.com\/es\/wp-content\/uploads\/sites\/11\/2016\/09\/enviados-evangelizar-pobres.jpg?fit=1200%2C630&ssl=1&resize=700%2C400 2x, https:\/\/i0.wp.com\/vincentians.com\/es\/wp-content\/uploads\/sites\/11\/2016\/09\/enviados-evangelizar-pobres.jpg?fit=1200%2C630&ssl=1&resize=1050%2C600 3x"},"classes":[]},{"id":118011,"url":"https:\/\/vincentians.com\/es\/la-iglesia-de-los-pobres-y-la-familia-vicenciana\/","url_meta":{"origin":32871,"position":5},"title":"La Iglesia de los pobres y la familia vicenciana","author":"Francisco Javier Fern\u00e1ndez Chento","date":"27\/04\/2014","format":false,"excerpt":"El problema de los pobres y de la pobreza ocupa el primer plano en las preocupaciones de la Iglesia en nuestro tiempo, es\u00adpecialmente desde que Juan XXIII anunci\u00f3 al mundo, al abrir el Concilio Vaticano II (11 septiembre 1962) que la Iglesia era \"preferentemente de los pobres y para los\u2026","rel":"","context":"En \u00abFormaci\u00f3n Vicenciana\u00bb","block_context":{"text":"Formaci\u00f3n Vicenciana","link":"https:\/\/vincentians.com\/es\/category\/formacion-vicenciana\/"},"img":{"alt_text":"san-vicente-de-paul","src":"https:\/\/i0.wp.com\/vicencianos.org\/wp-content\/2013\/01\/san-vicente-de-paul.jpg?resize=350%2C200","width":350,"height":200},"classes":[]}],"_links":{"self":[{"href":"https:\/\/vincentians.com\/es\/wp-json\/wp\/v2\/posts\/32871","targetHints":{"allow":["GET"]}}],"collection":[{"href":"https:\/\/vincentians.com\/es\/wp-json\/wp\/v2\/posts"}],"about":[{"href":"https:\/\/vincentians.com\/es\/wp-json\/wp\/v2\/types\/post"}],"author":[{"embeddable":true,"href":"https:\/\/vincentians.com\/es\/wp-json\/wp\/v2\/users\/4"}],"replies":[{"embeddable":true,"href":"https:\/\/vincentians.com\/es\/wp-json\/wp\/v2\/comments?post=32871"}],"version-history":[{"count":1,"href":"https:\/\/vincentians.com\/es\/wp-json\/wp\/v2\/posts\/32871\/revisions"}],"predecessor-version":[{"id":404417,"href":"https:\/\/vincentians.com\/es\/wp-json\/wp\/v2\/posts\/32871\/revisions\/404417"}],"wp:featuredmedia":[{"embeddable":true,"href":"https:\/\/vincentians.com\/es\/wp-json\/wp\/v2\/media\/388395"}],"wp:attachment":[{"href":"https:\/\/vincentians.com\/es\/wp-json\/wp\/v2\/media?parent=32871"}],"wp:term":[{"taxonomy":"category","embeddable":true,"href":"https:\/\/vincentians.com\/es\/wp-json\/wp\/v2\/categories?post=32871"},{"taxonomy":"post_tag","embeddable":true,"href":"https:\/\/vincentians.com\/es\/wp-json\/wp\/v2\/tags?post=32871"}],"curies":[{"name":"wp","href":"https:\/\/api.w.org\/{rel}","templated":true}]}}